{"id":888,"date":"2021-01-19T12:38:57","date_gmt":"2021-01-19T12:38:57","guid":{"rendered":"http:\/\/galeriamiejska.pl\/?p=888"},"modified":"2021-09-23T10:57:55","modified_gmt":"2021-09-23T10:57:55","slug":"","status":"publish","type":"post","link":"https:\/\/galeriamiejska.pl\/en\/mity-symbole-abstrakcje-tryptyk-glogowski\/","title":{"rendered":"","raw":""},"content":{"rendered":"","protected":false,"raw":""},"excerpt":{"rendered":"","protected":false,"raw":""},"author":1,"featured_media":890,"comment_status":"open","ping_status":"open","sticky":false,"template":"","format":"standard","meta":{"_pl_post_content":"<!-- wp:paragraph -->\n<p><strong>Wydawca:<\/strong> Galeria Miejska we Wroc\u0142awiu<br><strong>Teksty<\/strong>: Roger Piaskowski<br><strong>Zdj\u0119cia:<\/strong> archiwum Autor\u00f3w<br><strong>Opracowanie graficzne:<\/strong> PontonStudio<br><strong>T\u0142umaczenia i&nbsp;korekta:<\/strong> Joanna Hardukiewicz-Chojnowska, Marta Kaczmarek<br><strong>ISBN:<\/strong> 978-83-956304-2-2<br><br>Cena publikacji: 30 z\u0142<br>84 strony, 27x20,5 cm, oprawa mi\u0119kka<br><br><br>Katalog do nabycia w&nbsp;Galerii Miejskiej we Wroc\u0142awiu ul. Kie\u0142ba\u015bnicza 28<br>Przyjmujemy r\u00f3wnie\u017c zam\u00f3wienia pod adresem biuro@galeriamiejska.pl<\/p>\n<!-- \/wp:paragraph -->\n\n<!-- wp:gallery {\"ids\":[3559,3560,3561,3562,3563],\"columns\":5,\"linkTo\":\"file\"} -->\n<figure class=\"wp-block-gallery columns-5 is-cropped\"><ul class=\"blocks-gallery-grid\"><li class=\"blocks-gallery-item\"><figure><a href=\"https:\/\/galeriamiejska.pl\/wp-content\/uploads\/2021\/09\/845_katalog-wystawy-mity-symbole-abstrakcje-tryptyk-glogowski-okladka-przod.jpg\"><img src=\"https:\/\/galeriamiejska.pl\/wp-content\/uploads\/2021\/09\/845_katalog-wystawy-mity-symbole-abstrakcje-tryptyk-glogowski-okladka-przod.jpg\" alt=\"\" data-id=\"3559\" data-full-url=\"https:\/\/galeriamiejska.pl\/wp-content\/uploads\/2021\/09\/845_katalog-wystawy-mity-symbole-abstrakcje-tryptyk-glogowski-okladka-przod.jpg\" data-link=\"https:\/\/galeriamiejska.pl\/mity-symbole-abstrakcje-tryptyk-glogowski\/845_katalog-wystawy-mity-symbole-abstrakcje-tryptyk-glogowski-okladka-przod-2\/\" class=\"wp-image-3559\"\/><\/a><figcaption class=\"blocks-gallery-item__caption\">Katalog wystawy Mity, symbole, abstrakcje\/ tryptyk g\u0142ogowski - ok\u0142adka prz\u00f3d<\/figcaption><\/figure><\/li><li class=\"blocks-gallery-item\"><figure><a href=\"https:\/\/galeriamiejska.pl\/wp-content\/uploads\/2021\/09\/845_katalog-wystawy-mity-symbole-abstrakcje-tryptyk-glogowski-okladka-tyl.jpg\"><img src=\"https:\/\/galeriamiejska.pl\/wp-content\/uploads\/2021\/09\/845_katalog-wystawy-mity-symbole-abstrakcje-tryptyk-glogowski-okladka-tyl.jpg\" alt=\"\" data-id=\"3560\" data-full-url=\"https:\/\/galeriamiejska.pl\/wp-content\/uploads\/2021\/09\/845_katalog-wystawy-mity-symbole-abstrakcje-tryptyk-glogowski-okladka-tyl.jpg\" data-link=\"https:\/\/galeriamiejska.pl\/mity-symbole-abstrakcje-tryptyk-glogowski\/845_katalog-wystawy-mity-symbole-abstrakcje-tryptyk-glogowski-okladka-tyl-2\/\" class=\"wp-image-3560\"\/><\/a><figcaption class=\"blocks-gallery-item__caption\">Katalog wystawy Mity, symbole, abstrakcje\/ tryptyk g\u0142ogowski - ok\u0142adka ty\u0142<\/figcaption><\/figure><\/li><li class=\"blocks-gallery-item\"><figure><a href=\"https:\/\/galeriamiejska.pl\/wp-content\/uploads\/2021\/09\/845_katalog-wystawy-mity-symbole-abstrakcje-tryptyk-glogowski-wnetrze.jpg\"><img src=\"https:\/\/galeriamiejska.pl\/wp-content\/uploads\/2021\/09\/845_katalog-wystawy-mity-symbole-abstrakcje-tryptyk-glogowski-wnetrze.jpg\" alt=\"\" data-id=\"3561\" data-full-url=\"https:\/\/galeriamiejska.pl\/wp-content\/uploads\/2021\/09\/845_katalog-wystawy-mity-symbole-abstrakcje-tryptyk-glogowski-wnetrze.jpg\" data-link=\"https:\/\/galeriamiejska.pl\/mity-symbole-abstrakcje-tryptyk-glogowski\/845_katalog-wystawy-mity-symbole-abstrakcje-tryptyk-glogowski-wnetrze-2\/\" class=\"wp-image-3561\"\/><\/a><figcaption class=\"blocks-gallery-item__caption\">Katalog wystawy Mity, symbole, abstrakcje\/ tryptyk g\u0142ogowski - wn\u0119trze<\/figcaption><\/figure><\/li><li class=\"blocks-gallery-item\"><figure><a href=\"https:\/\/galeriamiejska.pl\/wp-content\/uploads\/2021\/09\/845_1_katalog-wystawy-mity-symbole-abstrakcje-tryptyk-glogowski-wnetrze.jpg\"><img src=\"https:\/\/galeriamiejska.pl\/wp-content\/uploads\/2021\/09\/845_1_katalog-wystawy-mity-symbole-abstrakcje-tryptyk-glogowski-wnetrze.jpg\" alt=\"\" data-id=\"3562\" data-full-url=\"https:\/\/galeriamiejska.pl\/wp-content\/uploads\/2021\/09\/845_1_katalog-wystawy-mity-symbole-abstrakcje-tryptyk-glogowski-wnetrze.jpg\" data-link=\"https:\/\/galeriamiejska.pl\/mity-symbole-abstrakcje-tryptyk-glogowski\/845_1_katalog-wystawy-mity-symbole-abstrakcje-tryptyk-glogowski-wnetrze-2\/\" class=\"wp-image-3562\"\/><\/a><figcaption class=\"blocks-gallery-item__caption\">Katalog wystawy Mity, symbole, abstrakcje\/ tryptyk g\u0142ogowski - wn\u0119trze<\/figcaption><\/figure><\/li><li class=\"blocks-gallery-item\"><figure><a href=\"https:\/\/galeriamiejska.pl\/wp-content\/uploads\/2021\/09\/845_2_katalog-wystawy-mity-symbole-abstrakcje-tryptyk-glogowski-wnetrze.jpg\"><img src=\"https:\/\/galeriamiejska.pl\/wp-content\/uploads\/2021\/09\/845_2_katalog-wystawy-mity-symbole-abstrakcje-tryptyk-glogowski-wnetrze.jpg\" alt=\"\" data-id=\"3563\" data-full-url=\"https:\/\/galeriamiejska.pl\/wp-content\/uploads\/2021\/09\/845_2_katalog-wystawy-mity-symbole-abstrakcje-tryptyk-glogowski-wnetrze.jpg\" data-link=\"https:\/\/galeriamiejska.pl\/mity-symbole-abstrakcje-tryptyk-glogowski\/845_2_katalog-wystawy-mity-symbole-abstrakcje-tryptyk-glogowski-wnetrze-2\/\" class=\"wp-image-3563\"\/><\/a><figcaption class=\"blocks-gallery-item__caption\">Katalog wystawy Mity, symbole, abstrakcje\/ tryptyk g\u0142ogowski - wn\u0119trze<\/figcaption><\/figure><\/li><\/ul><\/figure>\n<!-- \/wp:gallery -->\n\n<!-- wp:paragraph -->\n<p><br><br><br><br><br><br><br><br><\/p>\n<!-- \/wp:paragraph -->","_pl_post_name":"mity-symbole-abstrakcje-tryptyk-glogowski","_pl_post_excerpt":"katalog wystawy malarstwa trojga artyst\u00f3w z G\u0142ogowa","_pl_post_title":"Mity, symbole, abstrakcje\/ tryptyk g\u0142ogowski","_en_post_content":"","_en_post_name":"","_en_post_excerpt":"","_en_post_title":"","edit_language":"en","footnotes":""},"categories":[15,16],"tags":[],"class_list":["post-888","post","type-post","status-publish","format-standard","has-post-thumbnail","hentry","category-sklep","category-wydawnictwa"],"yoast_head":"<!-- This site is optimized with the Yoast SEO plugin v16.8 - https:\/\/yoast.com\/wordpress\/plugins\/seo\/ -->\n<title>Mity, symbole, abstrakcje\/ tryptyk g\u0142ogowski - Galeria Miejska we Wroc\u0142awiu<\/title>\n<meta name=\"robots\" content=\"index, follow, max-snippet:-1, max-image-preview:large, max-video-preview:-1\" \/>\n<link rel=\"canonical\" href=\"https:\/\/galeriamiejska.pl\/en\/mity-symbole-abstrakcje-tryptyk-glogowski\/\" \/>\n<meta property=\"og:locale\" content=\"en_US\" \/>\n<meta property=\"og:type\" content=\"article\" \/>\n<meta property=\"og:title\" content=\"Mity, symbole, abstrakcje\/ tryptyk g\u0142ogowski - Galeria Miejska we Wroc\u0142awiu\" \/>\n<meta property=\"og:description\" content=\"katalog wystawy malarstwa trojga artyst\u00f3w z G\u0142ogowa\" \/>\n<meta property=\"og:url\" content=\"https:\/\/galeriamiejska.pl\/en\/mity-symbole-abstrakcje-tryptyk-glogowski\/\" \/>\n<meta property=\"og:site_name\" content=\"Galeria Miejska we Wroc\u0142awiu\" \/>\n<meta property=\"article:published_time\" content=\"2021-01-19T12:38:57+00:00\" \/>\n<meta property=\"article:modified_time\" content=\"2021-09-23T10:57:55+00:00\" \/>\n<meta property=\"og:image\" content=\"https:\/\/galeriamiejska.pl\/wp-content\/uploads\/2021\/01\/845_katalog-wystawy-mity-symbole-abstrakcje-tryptyk-glogowski-okladka-przod.jpg\" \/>\n\t<meta property=\"og:image:width\" content=\"640\" \/>\n\t<meta property=\"og:image:height\" content=\"340\" \/>\n<meta name=\"twitter:card\" content=\"summary_large_image\" \/>\n<meta name=\"twitter:label1\" content=\"Written by\" \/>\n\t<meta name=\"twitter:data1\" content=\"admin\" \/>\n\t<meta name=\"twitter:label2\" content=\"Est. reading time\" \/>\n\t<meta name=\"twitter:data2\" content=\"2 minutes\" \/>\n<script type=\"application\/ld+json\" class=\"yoast-schema-graph\">{\"@context\":\"https:\/\/schema.org\",\"@graph\":[{\"@type\":\"WebSite\",\"@id\":\"https:\/\/galeriamiejska.pl\/en\/#website\",\"url\":\"https:\/\/galeriamiejska.pl\/en\/\",\"name\":\"Galeria Miejska we Wroc\\u0142awiu\",\"description\":\"\",\"potentialAction\":[{\"@type\":\"SearchAction\",\"target\":{\"@type\":\"EntryPoint\",\"urlTemplate\":\"https:\/\/galeriamiejska.pl\/en\/?s={search_term_string}\"},\"query-input\":\"required name=search_term_string\"}],\"inLanguage\":\"\"},{\"@type\":\"ImageObject\",\"@id\":\"https:\/\/galeriamiejska.pl\/en\/mity-symbole-abstrakcje-tryptyk-glogowski\/#primaryimage\",\"inLanguage\":\"\",\"url\":\"https:\/\/galeriamiejska.pl\/wp-content\/uploads\/2021\/01\/845_katalog-wystawy-mity-symbole-abstrakcje-tryptyk-glogowski-okladka-przod.jpg\",\"contentUrl\":\"https:\/\/galeriamiejska.pl\/wp-content\/uploads\/2021\/01\/845_katalog-wystawy-mity-symbole-abstrakcje-tryptyk-glogowski-okladka-przod.jpg\",\"width\":640,\"height\":340},{\"@type\":\"WebPage\",\"@id\":\"https:\/\/galeriamiejska.pl\/en\/mity-symbole-abstrakcje-tryptyk-glogowski\/#webpage\",\"url\":\"https:\/\/galeriamiejska.pl\/en\/mity-symbole-abstrakcje-tryptyk-glogowski\/\",\"name\":\"Mity, symbole, abstrakcje\/ tryptyk g\\u0142ogowski - Galeria Miejska we Wroc\\u0142awiu\",\"isPartOf\":{\"@id\":\"https:\/\/galeriamiejska.pl\/en\/#website\"},\"primaryImageOfPage\":{\"@id\":\"https:\/\/galeriamiejska.pl\/en\/mity-symbole-abstrakcje-tryptyk-glogowski\/#primaryimage\"},\"datePublished\":\"2021-01-19T12:38:57+00:00\",\"dateModified\":\"2021-09-23T10:57:55+00:00\",\"author\":{\"@id\":\"https:\/\/galeriamiejska.pl\/en\/#\/schema\/person\/cd4f04b0a13c9114f95e23b489b6f9cb\"},\"breadcrumb\":{\"@id\":\"https:\/\/galeriamiejska.pl\/en\/mity-symbole-abstrakcje-tryptyk-glogowski\/#breadcrumb\"},\"inLanguage\":\"\",\"potentialAction\":[{\"@type\":\"ReadAction\",\"target\":[\"https:\/\/galeriamiejska.pl\/en\/mity-symbole-abstrakcje-tryptyk-glogowski\/\"]}]},{\"@type\":\"BreadcrumbList\",\"@id\":\"https:\/\/galeriamiejska.pl\/en\/mity-symbole-abstrakcje-tryptyk-glogowski\/#breadcrumb\",\"itemListElement\":[{\"@type\":\"ListItem\",\"position\":1,\"name\":\"Strona g\\u0142\\u00f3wna\",\"item\":\"https:\/\/galeriamiejska.pl\/en\/\"},{\"@type\":\"ListItem\",\"position\":2,\"name\":\"Mity, symbole, abstrakcje\/ tryptyk g\\u0142ogowski\"}]},{\"@type\":\"Person\",\"@id\":\"https:\/\/galeriamiejska.pl\/en\/#\/schema\/person\/cd4f04b0a13c9114f95e23b489b6f9cb\",\"name\":\"admin\",\"image\":{\"@type\":\"ImageObject\",\"@id\":\"https:\/\/galeriamiejska.pl\/en\/#personlogo\",\"inLanguage\":\"\",\"url\":\"https:\/\/secure.gravatar.com\/avatar\/3ded5a36984f92b80e2d99cc96780fe89cd37f7fd652108d182620efbb1566fd?s=96&d=mm&r=g\",\"contentUrl\":\"https:\/\/secure.gravatar.com\/avatar\/3ded5a36984f92b80e2d99cc96780fe89cd37f7fd652108d182620efbb1566fd?s=96&d=mm&r=g\",\"caption\":\"admin\"},\"sameAs\":[\"http:\/\/galeriamiejska.pl\"],\"url\":\"https:\/\/galeriamiejska.pl\/en\/author\/admin\/\"}]}<\/script>\n<!-- \/ Yoast SEO plugin. -->","yoast_head_json":{"title":"Mity, symbole, abstrakcje\/ tryptyk g\u0142ogowski - Galeria Miejska we Wroc\u0142awiu","robots":{"index":"index","follow":"follow","max-snippet":"max-snippet:-1","max-image-preview":"max-image-preview:large","max-video-preview":"max-video-preview:-1"},"canonical":"https:\/\/galeriamiejska.pl\/en\/mity-symbole-abstrakcje-tryptyk-glogowski\/","og_locale":"en_US","og_type":"article","og_title":"Mity, symbole, abstrakcje\/ tryptyk g\u0142ogowski - Galeria Miejska we Wroc\u0142awiu","og_description":"katalog wystawy malarstwa trojga artyst\u00f3w z G\u0142ogowa","og_url":"https:\/\/galeriamiejska.pl\/en\/mity-symbole-abstrakcje-tryptyk-glogowski\/","og_site_name":"Galeria Miejska we Wroc\u0142awiu","article_published_time":"2021-01-19T12:38:57+00:00","article_modified_time":"2021-09-23T10:57:55+00:00","og_image":[{"width":640,"height":340,"url":"https:\/\/galeriamiejska.pl\/wp-content\/uploads\/2021\/01\/845_katalog-wystawy-mity-symbole-abstrakcje-tryptyk-glogowski-okladka-przod.jpg","path":"\/autoinstalator\/wordpress\/wp-content\/uploads\/2021\/01\/845_katalog-wystawy-mity-symbole-abstrakcje-tryptyk-glogowski-okladka-przod.jpg","size":"full","id":890,"alt":"","pixels":217600,"type":"image\/jpeg"}],"twitter_card":"summary_large_image","twitter_misc":{"Written by":"admin","Est. reading time":"2 minutes"},"schema":{"@context":"https:\/\/schema.org","@graph":[{"@type":"WebSite","@id":"https:\/\/galeriamiejska.pl\/en\/#website","url":"https:\/\/galeriamiejska.pl\/en\/","name":"Galeria Miejska we Wroc\u0142awiu","description":"","potentialAction":[{"@type":"SearchAction","target":{"@type":"EntryPoint","urlTemplate":"https:\/\/galeriamiejska.pl\/en\/?s={search_term_string}"},"query-input":"required name=search_term_string"}],"inLanguage":""},{"@type":"ImageObject","@id":"https:\/\/galeriamiejska.pl\/en\/mity-symbole-abstrakcje-tryptyk-glogowski\/#primaryimage","inLanguage":"","url":"https:\/\/galeriamiejska.pl\/wp-content\/uploads\/2021\/01\/845_katalog-wystawy-mity-symbole-abstrakcje-tryptyk-glogowski-okladka-przod.jpg","contentUrl":"https:\/\/galeriamiejska.pl\/wp-content\/uploads\/2021\/01\/845_katalog-wystawy-mity-symbole-abstrakcje-tryptyk-glogowski-okladka-przod.jpg","width":640,"height":340},{"@type":"WebPage","@id":"https:\/\/galeriamiejska.pl\/en\/mity-symbole-abstrakcje-tryptyk-glogowski\/#webpage","url":"https:\/\/galeriamiejska.pl\/en\/mity-symbole-abstrakcje-tryptyk-glogowski\/","name":"Mity, symbole, abstrakcje\/ tryptyk g\u0142ogowski - Galeria Miejska we Wroc\u0142awiu","isPartOf":{"@id":"https:\/\/galeriamiejska.pl\/en\/#website"},"primaryImageOfPage":{"@id":"https:\/\/galeriamiejska.pl\/en\/mity-symbole-abstrakcje-tryptyk-glogowski\/#primaryimage"},"datePublished":"2021-01-19T12:38:57+00:00","dateModified":"2021-09-23T10:57:55+00:00","author":{"@id":"https:\/\/galeriamiejska.pl\/en\/#\/schema\/person\/cd4f04b0a13c9114f95e23b489b6f9cb"},"breadcrumb":{"@id":"https:\/\/galeriamiejska.pl\/en\/mity-symbole-abstrakcje-tryptyk-glogowski\/#breadcrumb"},"inLanguage":"","potentialAction":[{"@type":"ReadAction","target":["https:\/\/galeriamiejska.pl\/en\/mity-symbole-abstrakcje-tryptyk-glogowski\/"]}]},{"@type":"BreadcrumbList","@id":"https:\/\/galeriamiejska.pl\/en\/mity-symbole-abstrakcje-tryptyk-glogowski\/#breadcrumb","itemListElement":[{"@type":"ListItem","position":1,"name":"Strona g\u0142\u00f3wna","item":"https:\/\/galeriamiejska.pl\/en\/"},{"@type":"ListItem","position":2,"name":"Mity, symbole, abstrakcje\/ tryptyk g\u0142ogowski"}]},{"@type":"Person","@id":"https:\/\/galeriamiejska.pl\/en\/#\/schema\/person\/cd4f04b0a13c9114f95e23b489b6f9cb","name":"admin","image":{"@type":"ImageObject","@id":"https:\/\/galeriamiejska.pl\/en\/#personlogo","inLanguage":"","url":"https:\/\/secure.gravatar.com\/avatar\/3ded5a36984f92b80e2d99cc96780fe89cd37f7fd652108d182620efbb1566fd?s=96&d=mm&r=g","contentUrl":"https:\/\/secure.gravatar.com\/avatar\/3ded5a36984f92b80e2d99cc96780fe89cd37f7fd652108d182620efbb1566fd?s=96&d=mm&r=g","caption":"admin"},"sameAs":["http:\/\/galeriamiejska.pl"],"url":"https:\/\/galeriamiejska.pl\/en\/author\/admin\/"}]}},"_links":{"self":[{"href":"https:\/\/galeriamiejska.pl\/en\/wp-json\/wp\/v2\/posts\/888","targetHints":{"allow":["GET"]}}],"collection":[{"href":"https:\/\/galeriamiejska.pl\/en\/wp-json\/wp\/v2\/posts"}],"about":[{"href":"https:\/\/galeriamiejska.pl\/en\/wp-json\/wp\/v2\/types\/post"}],"author":[{"embeddable":true,"href":"https:\/\/galeriamiejska.pl\/en\/wp-json\/wp\/v2\/users\/1"}],"replies":[{"embeddable":true,"href":"https:\/\/galeriamiejska.pl\/en\/wp-json\/wp\/v2\/comments?post=888"}],"version-history":[{"count":2,"href":"https:\/\/galeriamiejska.pl\/en\/wp-json\/wp\/v2\/posts\/888\/revisions"}],"predecessor-version":[{"id":3564,"href":"https:\/\/galeriamiejska.pl\/en\/wp-json\/wp\/v2\/posts\/888\/revisions\/3564"}],"wp:featuredmedia":[{"embeddable":true,"href":"https:\/\/galeriamiejska.pl\/en\/wp-json\/wp\/v2\/media\/890"}],"wp:attachment":[{"href":"https:\/\/galeriamiejska.pl\/en\/wp-json\/wp\/v2\/media?parent=888"}],"wp:term":[{"taxonomy":"category","embeddable":true,"href":"https:\/\/galeriamiejska.pl\/en\/wp-json\/wp\/v2\/categories?post=888"},{"taxonomy":"post_tag","embeddable":true,"href":"https:\/\/galeriamiejska.pl\/en\/wp-json\/wp\/v2\/tags?post=888"}],"curies":[{"name":"wp","href":"https:\/\/api.w.org\/{rel}","templated":true}]}}