{"id":88,"date":"2021-01-19T09:05:00","date_gmt":"2021-01-19T09:05:00","guid":{"rendered":"http:\/\/galeriamiejska.pl\/?p=88"},"modified":"2021-11-09T11:29:30","modified_gmt":"2021-11-09T11:29:30","slug":"","status":"publish","type":"post","link":"https:\/\/galeriamiejska.pl\/en\/julia-curylo\/","title":{"rendered":" Julia Cury\u0142o ","raw":" Julia Cury\u0142o "},"content":{"rendered":"<div id=\"gutenslider-pjdkm6imi\" class=\"wp-block-eedee-block-gutenslider content-fixed alignnone arrow-style-1 arrow-position-sides arrow-mb-none arrows-lg arrows-md arrows-sm dot-style-1 dots-lg dots-md dots-sm dot-position-bottom is-position-center-center mb-none\" style=\"--gutenslider-min-height: 50vh;--gutenslider-arrow-size: 30px;--gutenslider-dot-size: 25px;--gutenslider-arrow-color: #ffffff;--gutenslider-dot-color: #ffffff;--gutenslider-padding-y-mobile: 40px;--gutenslider-padding-x-mobile: 40px;--gutenslider-padding-y-tablet: 40px;--gutenslider-padding-x-tablet: 40px;--gutenslider-padding-y-desktop: 40px;--gutenslider-padding-x-desktop: 40px;--gutenslider-bg-image: url();--gutenslider-min-height-md: 50vh;--gutenslider-min-height-sm: 50vh;--gutenslider-padding-x: 40px;--gutenslider-padding-x-md: 40px;--gutenslider-padding-x-sm: 20px;--gutenslider-padding-y: 40px;--gutenslider-padding-y-md: 40px;--gutenslider-padding-y-sm: 20px;--gutenslider-arrow-size-md: 30px;--gutenslider-arrow-size-sm: 30px;--gutenslider-dot-size-md: 25px;--gutenslider-dot-size-sm: 25px;--gutenslider-arrow-bg-color: transparent;--gutenslider-arrow-hover-color: #eeeeee;--gutenslider-arrow-bg-hover-color: transparent;--gutenslider-arrow-x-offset: 10px;--gutenslider-arrow-x-offset-md: 10px;--gutenslider-arrow-x-offset-sm: 10px;--gutenslider-arrow-y-offset: 0px;--gutenslider-arrow-y-offset-md: 0px;--gutenslider-arrow-y-offset-sm: 0px;--gutenslider-arrow-x-spacing: 0px;--gutenslider-dot-y-offset: 10px;--gutenslider-dot-y-offset-md: 10px;--gutenslider-dot-y-offset-sm: 10px;--gutenslider-margin-x: 0px;--gutenslider-margin-x-md: 0px;--gutenslider-margin-x-sm: 0px;--gutenslider-margin-y: 0px;--gutenslider-margin-y-md: 0px;--gutenslider-margin-y-sm: 0px;--gutenslider-divider-top: 60px;--gutenslider-divider-bottom: 60px;\" data-parallax-direction=\"down\" data-parallax-amount=\"1.3\"><div class=\"eedee-swiper-outer\"><div class=\"gutenslider-divider-top\" style=\"color:#fff; height:60px;\"><\/div><div class=\"swiper-container\" data-settings='{\"autoplay\":false,\"speed\":700,\"direction\":\"horizontal\",\"autoHeight\":false,\"loop\":true,\"centeredSlides\":true,\"spaceBetween\":0,\"slidesPerView\":1,\"slidesPerGroup\":1,\"effect\":\"slide\",\"coverflowEffect\":{\"rotate\":30,\"slideShadows\":false,\"depth\":100,\"stretch\":50,\"modifier\":1},\"fadeEffect\":{\"crossFade\":true},\"zoom\":false,\"navigation\":{\"nextEl\":\"#gutenslider-pjdkm6imi .eedee-gutenslider-next\",\"prevEl\":\"#gutenslider-pjdkm6imi .eedee-gutenslider-prev\"},\"pagination\":{\"type\":\"bullets\",\"clickable\":true,\"dynamicBullets\":false,\"el\":\"#gutenslider-pjdkm6imi .eedee-gutenslider-pagination\"},\"pauseOnHover\":true,\"watchSlidesProgress\":true,\"watchSlidesVisibility\":true,\"settingsMd\":{\"autoHeight\":false,\"slidesPerView\":1,\"slidesPerGroup\":1,\"spaceBetween\":0},\"settingsLg\":{\"autoHeight\":true,\"slidesPerView\":1,\"slidesPerGroup\":1,\"spaceBetween\":0}}'><div class=\"swiper-wrapper\">\n<div class=\"swiper-slide wp-block-eedee-block-gutenslide is-position-center-center\" style=\"\"><div class=\"eedee-background-div\"><img loading=\"lazy\" decoding=\"async\" width=\"660\" height=\"473\" class=\"swiper-lazy wp-image-3073\" src=\"https:\/\/galeriamiejska.pl\/wp-content\/uploads\/2021\/01\/179_julia-curylo-lhc-genesis-2011-olej-na-plotnie-156-x-224-1.jpg\" alt=\"Przemys\u0142aw Tyszkiewicz, Chabrowy Ksi\u0119\u017cyc P\u00f3l Mrozowych, 2011, akwaforta akwatinta 67 x 94\" style=\"object-fit: cover; object-position: 50% 50%;\" srcset=\"https:\/\/galeriamiejska.pl\/wp-content\/uploads\/2021\/01\/179_julia-curylo-lhc-genesis-2011-olej-na-plotnie-156-x-224-1.jpg 660w, https:\/\/galeriamiejska.pl\/wp-content\/uploads\/2021\/01\/179_julia-curylo-lhc-genesis-2011-olej-na-plotnie-156-x-224-1-300x215.jpg 300w\" sizes=\"auto, (max-width: 660px) 100vw, 660px\" \/><div style=\"text-align:left;font-size:14px;color:#999;margin-top:5px;\"> Julia Cury\u0142o, LHC, Genesis, 2011, olej na p\u0142\u00f3tnie, 156 x 224  <\/div><div class=\"eedee-background-div__overlay\" style=\"opacity:1;\"><\/div><\/div><div class=\"slide-content\">\n\n<p class=\"has-text-align-center gutenslider-content-initial has-larger-font-size\"><\/p>\n\n<\/div><\/div>\n\n<div class=\"swiper-slide wp-block-eedee-block-gutenslide is-position-center-center\" style=\"\"><div class=\"eedee-background-div\"><img loading=\"lazy\" decoding=\"async\" width=\"660\" height=\"443\" class=\"swiper-lazy wp-image-3072\" src=\"https:\/\/galeriamiejska.pl\/wp-content\/uploads\/2021\/01\/179_julia-curylo-lhc-apokalipsa-olej-na-plotnie-240-x-150-1.jpg\" alt=\"Przemys\u0142aw Tyszkiewicz, Chabrowy Ksi\u0119\u017cyc P\u00f3l Mrozowych, 2011, akwaforta akwatinta 67 x 94\" style=\"object-fit: cover; object-position: 50% 50%;\" srcset=\"https:\/\/galeriamiejska.pl\/wp-content\/uploads\/2021\/01\/179_julia-curylo-lhc-apokalipsa-olej-na-plotnie-240-x-150-1.jpg 660w, https:\/\/galeriamiejska.pl\/wp-content\/uploads\/2021\/01\/179_julia-curylo-lhc-apokalipsa-olej-na-plotnie-240-x-150-1-300x201.jpg 300w\" sizes=\"auto, (max-width: 660px) 100vw, 660px\" \/><div style=\"text-align:left;font-size:14px;color:#999;margin-top:5px;\"> Julia Cury\u0142o, LHC, Apokalipsa, olej na p\u0142\u00f3tnie, 240 x 150  <\/div><div class=\"eedee-background-div__overlay\" style=\"opacity:1;\"><\/div><\/div><div class=\"slide-content\">\n\n<p class=\"has-text-align-center gutenslider-content-initial has-larger-font-size\"><\/p>\n\n<\/div><\/div>\n\n<div class=\"swiper-slide wp-block-eedee-block-gutenslide is-position-center-center\" style=\"\"><div class=\"eedee-background-div\"><img loading=\"lazy\" decoding=\"async\" width=\"660\" height=\"395\" class=\"swiper-lazy wp-image-3071\" src=\"https:\/\/galeriamiejska.pl\/wp-content\/uploads\/2021\/01\/179_julia-curylo-euroarabia-2013-olej-na-plotnie-200-x-120-1.jpg\" alt=\"Przemys\u0142aw Tyszkiewicz, Chabrowy Ksi\u0119\u017cyc P\u00f3l Mrozowych, 2011, akwaforta akwatinta 67 x 94\" style=\"object-fit: cover; object-position: 50% 50%;\" srcset=\"https:\/\/galeriamiejska.pl\/wp-content\/uploads\/2021\/01\/179_julia-curylo-euroarabia-2013-olej-na-plotnie-200-x-120-1.jpg 660w, https:\/\/galeriamiejska.pl\/wp-content\/uploads\/2021\/01\/179_julia-curylo-euroarabia-2013-olej-na-plotnie-200-x-120-1-300x180.jpg 300w\" sizes=\"auto, (max-width: 660px) 100vw, 660px\" \/><div style=\"text-align:left;font-size:14px;color:#999;margin-top:5px;\"> Julia Cury\u0142o, Euroarabia, 2013, olej na p\u0142\u00f3tnie, 200 x 120  <\/div><div class=\"eedee-background-div__overlay\" style=\"opacity:1;\"><\/div><\/div><div class=\"slide-content\">\n\n<p class=\"has-text-align-center gutenslider-content-initial has-larger-font-size\"><\/p>\n\n<\/div><\/div>\n\n<div class=\"swiper-slide wp-block-eedee-block-gutenslide is-position-center-center\" style=\"\"><div class=\"eedee-background-div\"><img loading=\"lazy\" decoding=\"async\" width=\"660\" height=\"436\" class=\"swiper-lazy wp-image-3070\" src=\"https:\/\/galeriamiejska.pl\/wp-content\/uploads\/2021\/01\/179_julia-curylo-dance-macabre-2013-technika-mieszana-210-x-140-1.jpg\" alt=\"Przemys\u0142aw Tyszkiewicz, Chabrowy Ksi\u0119\u017cyc P\u00f3l Mrozowych, 2011, akwaforta akwatinta 67 x 94\" style=\"object-fit: cover; object-position: 50% 50%;\" srcset=\"https:\/\/galeriamiejska.pl\/wp-content\/uploads\/2021\/01\/179_julia-curylo-dance-macabre-2013-technika-mieszana-210-x-140-1.jpg 660w, https:\/\/galeriamiejska.pl\/wp-content\/uploads\/2021\/01\/179_julia-curylo-dance-macabre-2013-technika-mieszana-210-x-140-1-300x198.jpg 300w\" sizes=\"auto, (max-width: 660px) 100vw, 660px\" \/><div style=\"text-align:left;font-size:14px;color:#999;margin-top:5px;\"> Julia Cury\u0142o, Dance macabre, 2013, technika mieszana, 210 x 140  <\/div><div class=\"eedee-background-div__overlay\" style=\"opacity:1;\"><\/div><\/div><div class=\"slide-content\">\n\n<p class=\"has-text-align-center gutenslider-content-initial has-larger-font-size\"><\/p>\n\n<\/div><\/div>\n\n<div class=\"swiper-slide wp-block-eedee-block-gutenslide is-position-center-center\" style=\"\"><div class=\"eedee-background-div\"><img loading=\"lazy\" decoding=\"async\" width=\"660\" height=\"499\" class=\"swiper-lazy wp-image-3069\" src=\"https:\/\/galeriamiejska.pl\/wp-content\/uploads\/2021\/01\/179_julia-curylo-boska-czastka-mandala6-2013technika-mieszana-160-x-120-1.jpg\" alt=\"Przemys\u0142aw Tyszkiewicz, Chabrowy Ksi\u0119\u017cyc P\u00f3l Mrozowych, 2011, akwaforta akwatinta 67 x 94\" style=\"object-fit: cover; object-position: 50% 50%;\" srcset=\"https:\/\/galeriamiejska.pl\/wp-content\/uploads\/2021\/01\/179_julia-curylo-boska-czastka-mandala6-2013technika-mieszana-160-x-120-1.jpg 660w, https:\/\/galeriamiejska.pl\/wp-content\/uploads\/2021\/01\/179_julia-curylo-boska-czastka-mandala6-2013technika-mieszana-160-x-120-1-300x227.jpg 300w\" sizes=\"auto, (max-width: 660px) 100vw, 660px\" \/><div style=\"text-align:left;font-size:14px;color:#999;margin-top:5px;\"> Julia Cury\u0142o, Boska cz\u0105stka (mandala6), 2013,technika mieszana, 160 x 120  <\/div><div class=\"eedee-background-div__overlay\" style=\"opacity:1;\"><\/div><\/div><div class=\"slide-content\">\n\n<p class=\"has-text-align-center gutenslider-content-initial has-larger-font-size\"><\/p>\n\n<\/div><\/div>\n\n<div class=\"swiper-slide wp-block-eedee-block-gutenslide is-position-center-center\" style=\"\"><div class=\"eedee-background-div\"><img loading=\"lazy\" decoding=\"async\" width=\"660\" height=\"491\" class=\"swiper-lazy wp-image-3068\" src=\"https:\/\/galeriamiejska.pl\/wp-content\/uploads\/2021\/01\/179_julia-curylo-boska-czastka-mandala2-2013-technika-mieszana-80-x-60-1.jpg\" alt=\"Przemys\u0142aw Tyszkiewicz, Chabrowy Ksi\u0119\u017cyc P\u00f3l Mrozowych, 2011, akwaforta akwatinta 67 x 94\" style=\"object-fit: cover; object-position: 50% 50%;\" srcset=\"https:\/\/galeriamiejska.pl\/wp-content\/uploads\/2021\/01\/179_julia-curylo-boska-czastka-mandala2-2013-technika-mieszana-80-x-60-1.jpg 660w, https:\/\/galeriamiejska.pl\/wp-content\/uploads\/2021\/01\/179_julia-curylo-boska-czastka-mandala2-2013-technika-mieszana-80-x-60-1-300x223.jpg 300w\" sizes=\"auto, (max-width: 660px) 100vw, 660px\" \/><div style=\"text-align:left;font-size:14px;color:#999;margin-top:5px;\"> Julia Cury\u0142o, Boska cz\u0105stka (mandala2), 2013, technika mieszana, 80 x 60  <\/div><div class=\"eedee-background-div__overlay\" style=\"opacity:1;\"><\/div><\/div><div class=\"slide-content\">\n\n<p class=\"has-text-align-center gutenslider-content-initial has-larger-font-size\"><\/p>\n\n<\/div><\/div>\n\n<div class=\"swiper-slide wp-block-eedee-block-gutenslide is-position-center-center\" style=\"\"><div class=\"eedee-background-div\"><img loading=\"lazy\" decoding=\"async\" width=\"660\" height=\"449\" class=\"swiper-lazy wp-image-3067\" src=\"https:\/\/galeriamiejska.pl\/wp-content\/uploads\/2021\/01\/179_julia-curylo-2012-matka-olej-na-plotnie-150-x-220-1.jpg\" alt=\"Przemys\u0142aw Tyszkiewicz, Chabrowy Ksi\u0119\u017cyc P\u00f3l Mrozowych, 2011, akwaforta akwatinta 67 x 94\" style=\"object-fit: cover; object-position: 50% 50%;\" srcset=\"https:\/\/galeriamiejska.pl\/wp-content\/uploads\/2021\/01\/179_julia-curylo-2012-matka-olej-na-plotnie-150-x-220-1.jpg 660w, https:\/\/galeriamiejska.pl\/wp-content\/uploads\/2021\/01\/179_julia-curylo-2012-matka-olej-na-plotnie-150-x-220-1-300x204.jpg 300w\" sizes=\"auto, (max-width: 660px) 100vw, 660px\" \/><div style=\"text-align:left;font-size:14px;color:#999;margin-top:5px;\"> Julia Cury\u0142o, 2012, Matka, olej na p\u0142\u00f3tnie, 150 x 220  <\/div><div class=\"eedee-background-div__overlay\" style=\"opacity:1;\"><\/div><\/div><div class=\"slide-content\">\n\n<p class=\"has-text-align-center gutenslider-content-initial has-larger-font-size\"><\/p>\n\n<\/div><\/div>\n\n<div class=\"swiper-slide wp-block-eedee-block-gutenslide is-position-center-center\" style=\"\"><div class=\"eedee-background-div\"><img loading=\"lazy\" decoding=\"async\" width=\"660\" height=\"495\" class=\"swiper-lazy wp-image-3066\" src=\"https:\/\/galeriamiejska.pl\/wp-content\/uploads\/2021\/01\/179_julia-curylo-zderzenie-6-2011-olej-na-plotnie-18-x-24.jpg\" alt=\"Przemys\u0142aw Tyszkiewicz, Chabrowy Ksi\u0119\u017cyc P\u00f3l Mrozowych, 2011, akwaforta akwatinta 67 x 94\" style=\"object-fit: cover; object-position: 50% 50%;\" srcset=\"https:\/\/galeriamiejska.pl\/wp-content\/uploads\/2021\/01\/179_julia-curylo-zderzenie-6-2011-olej-na-plotnie-18-x-24.jpg 660w, https:\/\/galeriamiejska.pl\/wp-content\/uploads\/2021\/01\/179_julia-curylo-zderzenie-6-2011-olej-na-plotnie-18-x-24-300x225.jpg 300w\" sizes=\"auto, (max-width: 660px) 100vw, 660px\" \/><div style=\"text-align:left;font-size:14px;color:#999;margin-top:5px;\"> Julia Cury\u0142o, Zderzenie 6, 2011, olej na p\u0142\u00f3tnie, 18 x 24  <\/div><div class=\"eedee-background-div__overlay\" style=\"opacity:1;\"><\/div><\/div><div class=\"slide-content\">\n\n<p class=\"has-text-align-center gutenslider-content-initial has-larger-font-size\"><\/p>\n\n<\/div><\/div>\n\n<div class=\"swiper-slide wp-block-eedee-block-gutenslide is-position-center-center\" style=\"\"><div class=\"eedee-background-div\"><img loading=\"lazy\" decoding=\"async\" width=\"660\" height=\"490\" class=\"swiper-lazy wp-image-3065\" src=\"https:\/\/galeriamiejska.pl\/wp-content\/uploads\/2021\/01\/179_julia-curylo-zderzenie-5-2011-olej-na-plotnie-18-x-24.jpg\" alt=\"Przemys\u0142aw Tyszkiewicz, Chabrowy Ksi\u0119\u017cyc P\u00f3l Mrozowych, 2011, akwaforta akwatinta 67 x 94\" style=\"object-fit: cover; object-position: 50% 50%;\" srcset=\"https:\/\/galeriamiejska.pl\/wp-content\/uploads\/2021\/01\/179_julia-curylo-zderzenie-5-2011-olej-na-plotnie-18-x-24.jpg 660w, https:\/\/galeriamiejska.pl\/wp-content\/uploads\/2021\/01\/179_julia-curylo-zderzenie-5-2011-olej-na-plotnie-18-x-24-300x223.jpg 300w\" sizes=\"auto, (max-width: 660px) 100vw, 660px\" \/><div style=\"text-align:left;font-size:14px;color:#999;margin-top:5px;\"> Julia Cury\u0142o, Zderzenie 5, 2011, olej na p\u0142\u00f3tnie, 18 x 24  <\/div><div class=\"eedee-background-div__overlay\" style=\"opacity:1;\"><\/div><\/div><div class=\"slide-content\">\n\n<p class=\"has-text-align-center gutenslider-content-initial has-larger-font-size\"><\/p>\n\n<\/div><\/div>\n\n<div class=\"swiper-slide wp-block-eedee-block-gutenslide is-position-center-center\" style=\"\"><div class=\"eedee-background-div\"><img loading=\"lazy\" decoding=\"async\" width=\"660\" height=\"435\" class=\"swiper-lazy wp-image-3064\" src=\"https:\/\/galeriamiejska.pl\/wp-content\/uploads\/2021\/01\/179_julia-curylo-pisklak-nadzieja-malarstwa-2010-olej-na-plotnie-233x1575-1.jpg\" alt=\"Przemys\u0142aw Tyszkiewicz, Chabrowy Ksi\u0119\u017cyc P\u00f3l Mrozowych, 2011, akwaforta akwatinta 67 x 94\" style=\"object-fit: cover; object-position: 50% 50%;\" srcset=\"https:\/\/galeriamiejska.pl\/wp-content\/uploads\/2021\/01\/179_julia-curylo-pisklak-nadzieja-malarstwa-2010-olej-na-plotnie-233x1575-1.jpg 660w, https:\/\/galeriamiejska.pl\/wp-content\/uploads\/2021\/01\/179_julia-curylo-pisklak-nadzieja-malarstwa-2010-olej-na-plotnie-233x1575-1-300x198.jpg 300w\" sizes=\"auto, (max-width: 660px) 100vw, 660px\" \/><div style=\"text-align:left;font-size:14px;color:#999;margin-top:5px;\"> Julia Cury\u0142o, Pisklak, nadzieja malarstwa, 2010, olej na p\u0142\u00f3tnie, 233&#215;157,5  <\/div><div class=\"eedee-background-div__overlay\" style=\"opacity:1;\"><\/div><\/div><div class=\"slide-content\">\n\n<p class=\"has-text-align-center gutenslider-content-initial has-larger-font-size\"><\/p>\n\n<\/div><\/div>\n\n<div class=\"swiper-slide wp-block-eedee-block-gutenslide is-position-center-center\" style=\"\"><div class=\"eedee-background-div\"><img loading=\"lazy\" decoding=\"async\" width=\"660\" height=\"471\" class=\"swiper-lazy wp-image-3063\" src=\"https:\/\/galeriamiejska.pl\/wp-content\/uploads\/2021\/01\/179_julia-curylo-motyle-olej-na-plotnie-203x146-2.jpg\" alt=\"Przemys\u0142aw Tyszkiewicz, Chabrowy Ksi\u0119\u017cyc P\u00f3l Mrozowych, 2011, akwaforta akwatinta 67 x 94\" style=\"object-fit: cover; object-position: 50% 50%;\" srcset=\"https:\/\/galeriamiejska.pl\/wp-content\/uploads\/2021\/01\/179_julia-curylo-motyle-olej-na-plotnie-203x146-2.jpg 660w, https:\/\/galeriamiejska.pl\/wp-content\/uploads\/2021\/01\/179_julia-curylo-motyle-olej-na-plotnie-203x146-2-300x214.jpg 300w\" sizes=\"auto, (max-width: 660px) 100vw, 660px\" \/><div style=\"text-align:left;font-size:14px;color:#999;margin-top:5px;\"> Julia Cury\u0142o, Motyle, olej na p\u0142\u00f3tnie, 203&#215;146  <\/div><div class=\"eedee-background-div__overlay\" style=\"opacity:1;\"><\/div><\/div><div class=\"slide-content\">\n\n<p class=\"has-text-align-center gutenslider-content-initial has-larger-font-size\"><\/p>\n\n<\/div><\/div>\n\n<div class=\"swiper-slide wp-block-eedee-block-gutenslide is-position-center-center\" style=\"\"><div class=\"eedee-background-div\"><img loading=\"lazy\" decoding=\"async\" width=\"660\" height=\"476\" class=\"swiper-lazy wp-image-3062\" src=\"https:\/\/galeriamiejska.pl\/wp-content\/uploads\/2021\/01\/179_julia-curylo-lhc-wojna-2011-olej-na-plotnie-158-x-225-1.jpg\" alt=\"Przemys\u0142aw Tyszkiewicz, Chabrowy Ksi\u0119\u017cyc P\u00f3l Mrozowych, 2011, akwaforta akwatinta 67 x 94\" style=\"object-fit: cover; object-position: 50% 50%;\" srcset=\"https:\/\/galeriamiejska.pl\/wp-content\/uploads\/2021\/01\/179_julia-curylo-lhc-wojna-2011-olej-na-plotnie-158-x-225-1.jpg 660w, https:\/\/galeriamiejska.pl\/wp-content\/uploads\/2021\/01\/179_julia-curylo-lhc-wojna-2011-olej-na-plotnie-158-x-225-1-300x216.jpg 300w\" sizes=\"auto, (max-width: 660px) 100vw, 660px\" \/><div style=\"text-align:left;font-size:14px;color:#999;margin-top:5px;\"> Julia Cury\u0142o, LHC, Wojna, 2011, olej na p\u0142\u00f3tnie, 158 x 225  <\/div><div class=\"eedee-background-div__overlay\" style=\"opacity:1;\"><\/div><\/div><div class=\"slide-content\">\n\n<p class=\"has-text-align-center gutenslider-content-initial has-larger-font-size\"><\/p>\n\n<\/div><\/div>\n<\/div><\/div><div class=\"wp-block-eedee-gutenslider__content co-1\">\n<div class=\"swiper-slide wp-block-eedee-block-gutenslide is-position-center-center\" style=\"\"><div class=\"eedee-background-div\"><img loading=\"lazy\" decoding=\"async\" width=\"660\" height=\"473\" class=\"swiper-lazy wp-image-3073\" src=\"https:\/\/galeriamiejska.pl\/wp-content\/uploads\/2021\/01\/179_julia-curylo-lhc-genesis-2011-olej-na-plotnie-156-x-224-1.jpg\" alt=\"Przemys\u0142aw Tyszkiewicz, Chabrowy Ksi\u0119\u017cyc P\u00f3l Mrozowych, 2011, akwaforta akwatinta 67 x 94\" style=\"object-fit: cover; object-position: 50% 50%;\" srcset=\"https:\/\/galeriamiejska.pl\/wp-content\/uploads\/2021\/01\/179_julia-curylo-lhc-genesis-2011-olej-na-plotnie-156-x-224-1.jpg 660w, https:\/\/galeriamiejska.pl\/wp-content\/uploads\/2021\/01\/179_julia-curylo-lhc-genesis-2011-olej-na-plotnie-156-x-224-1-300x215.jpg 300w\" sizes=\"auto, (max-width: 660px) 100vw, 660px\" \/><div style=\"text-align:left;font-size:14px;color:#999;margin-top:5px;\"> Julia Cury\u0142o, LHC, Genesis, 2011, olej na p\u0142\u00f3tnie, 156 x 224  <\/div><div class=\"eedee-background-div__overlay\" style=\"opacity:1;\"><\/div><\/div><div class=\"slide-content\">\n\n<p class=\"has-text-align-center gutenslider-content-initial has-larger-font-size\"><\/p>\n\n<\/div><\/div>\n\n<div class=\"swiper-slide wp-block-eedee-block-gutenslide is-position-center-center\" style=\"\"><div class=\"eedee-background-div\"><img loading=\"lazy\" decoding=\"async\" width=\"660\" height=\"443\" class=\"swiper-lazy wp-image-3072\" src=\"https:\/\/galeriamiejska.pl\/wp-content\/uploads\/2021\/01\/179_julia-curylo-lhc-apokalipsa-olej-na-plotnie-240-x-150-1.jpg\" alt=\"Przemys\u0142aw Tyszkiewicz, Chabrowy Ksi\u0119\u017cyc P\u00f3l Mrozowych, 2011, akwaforta akwatinta 67 x 94\" style=\"object-fit: cover; object-position: 50% 50%;\" srcset=\"https:\/\/galeriamiejska.pl\/wp-content\/uploads\/2021\/01\/179_julia-curylo-lhc-apokalipsa-olej-na-plotnie-240-x-150-1.jpg 660w, https:\/\/galeriamiejska.pl\/wp-content\/uploads\/2021\/01\/179_julia-curylo-lhc-apokalipsa-olej-na-plotnie-240-x-150-1-300x201.jpg 300w\" sizes=\"auto, (max-width: 660px) 100vw, 660px\" \/><div style=\"text-align:left;font-size:14px;color:#999;margin-top:5px;\"> Julia Cury\u0142o, LHC, Apokalipsa, olej na p\u0142\u00f3tnie, 240 x 150  <\/div><div class=\"eedee-background-div__overlay\" style=\"opacity:1;\"><\/div><\/div><div class=\"slide-content\">\n\n<p class=\"has-text-align-center gutenslider-content-initial has-larger-font-size\"><\/p>\n\n<\/div><\/div>\n\n<div class=\"swiper-slide wp-block-eedee-block-gutenslide is-position-center-center\" style=\"\"><div class=\"eedee-background-div\"><img loading=\"lazy\" decoding=\"async\" width=\"660\" height=\"395\" class=\"swiper-lazy wp-image-3071\" src=\"https:\/\/galeriamiejska.pl\/wp-content\/uploads\/2021\/01\/179_julia-curylo-euroarabia-2013-olej-na-plotnie-200-x-120-1.jpg\" alt=\"Przemys\u0142aw Tyszkiewicz, Chabrowy Ksi\u0119\u017cyc P\u00f3l Mrozowych, 2011, akwaforta akwatinta 67 x 94\" style=\"object-fit: cover; object-position: 50% 50%;\" srcset=\"https:\/\/galeriamiejska.pl\/wp-content\/uploads\/2021\/01\/179_julia-curylo-euroarabia-2013-olej-na-plotnie-200-x-120-1.jpg 660w, https:\/\/galeriamiejska.pl\/wp-content\/uploads\/2021\/01\/179_julia-curylo-euroarabia-2013-olej-na-plotnie-200-x-120-1-300x180.jpg 300w\" sizes=\"auto, (max-width: 660px) 100vw, 660px\" \/><div style=\"text-align:left;font-size:14px;color:#999;margin-top:5px;\"> Julia Cury\u0142o, Euroarabia, 2013, olej na p\u0142\u00f3tnie, 200 x 120  <\/div><div class=\"eedee-background-div__overlay\" style=\"opacity:1;\"><\/div><\/div><div class=\"slide-content\">\n\n<p class=\"has-text-align-center gutenslider-content-initial has-larger-font-size\"><\/p>\n\n<\/div><\/div>\n\n<div class=\"swiper-slide wp-block-eedee-block-gutenslide is-position-center-center\" style=\"\"><div class=\"eedee-background-div\"><img loading=\"lazy\" decoding=\"async\" width=\"660\" height=\"436\" class=\"swiper-lazy wp-image-3070\" src=\"https:\/\/galeriamiejska.pl\/wp-content\/uploads\/2021\/01\/179_julia-curylo-dance-macabre-2013-technika-mieszana-210-x-140-1.jpg\" alt=\"Przemys\u0142aw Tyszkiewicz, Chabrowy Ksi\u0119\u017cyc P\u00f3l Mrozowych, 2011, akwaforta akwatinta 67 x 94\" style=\"object-fit: cover; object-position: 50% 50%;\" srcset=\"https:\/\/galeriamiejska.pl\/wp-content\/uploads\/2021\/01\/179_julia-curylo-dance-macabre-2013-technika-mieszana-210-x-140-1.jpg 660w, https:\/\/galeriamiejska.pl\/wp-content\/uploads\/2021\/01\/179_julia-curylo-dance-macabre-2013-technika-mieszana-210-x-140-1-300x198.jpg 300w\" sizes=\"auto, (max-width: 660px) 100vw, 660px\" \/><div style=\"text-align:left;font-size:14px;color:#999;margin-top:5px;\"> Julia Cury\u0142o, Dance macabre, 2013, technika mieszana, 210 x 140  <\/div><div class=\"eedee-background-div__overlay\" style=\"opacity:1;\"><\/div><\/div><div class=\"slide-content\">\n\n<p class=\"has-text-align-center gutenslider-content-initial has-larger-font-size\"><\/p>\n\n<\/div><\/div>\n\n<div class=\"swiper-slide wp-block-eedee-block-gutenslide is-position-center-center\" style=\"\"><div class=\"eedee-background-div\"><img loading=\"lazy\" decoding=\"async\" width=\"660\" height=\"499\" class=\"swiper-lazy wp-image-3069\" src=\"https:\/\/galeriamiejska.pl\/wp-content\/uploads\/2021\/01\/179_julia-curylo-boska-czastka-mandala6-2013technika-mieszana-160-x-120-1.jpg\" alt=\"Przemys\u0142aw Tyszkiewicz, Chabrowy Ksi\u0119\u017cyc P\u00f3l Mrozowych, 2011, akwaforta akwatinta 67 x 94\" style=\"object-fit: cover; object-position: 50% 50%;\" srcset=\"https:\/\/galeriamiejska.pl\/wp-content\/uploads\/2021\/01\/179_julia-curylo-boska-czastka-mandala6-2013technika-mieszana-160-x-120-1.jpg 660w, https:\/\/galeriamiejska.pl\/wp-content\/uploads\/2021\/01\/179_julia-curylo-boska-czastka-mandala6-2013technika-mieszana-160-x-120-1-300x227.jpg 300w\" sizes=\"auto, (max-width: 660px) 100vw, 660px\" \/><div style=\"text-align:left;font-size:14px;color:#999;margin-top:5px;\"> Julia Cury\u0142o, Boska cz\u0105stka (mandala6), 2013,technika mieszana, 160 x 120  <\/div><div class=\"eedee-background-div__overlay\" style=\"opacity:1;\"><\/div><\/div><div class=\"slide-content\">\n\n<p class=\"has-text-align-center gutenslider-content-initial has-larger-font-size\"><\/p>\n\n<\/div><\/div>\n\n<div class=\"swiper-slide wp-block-eedee-block-gutenslide is-position-center-center\" style=\"\"><div class=\"eedee-background-div\"><img loading=\"lazy\" decoding=\"async\" width=\"660\" height=\"491\" class=\"swiper-lazy wp-image-3068\" src=\"https:\/\/galeriamiejska.pl\/wp-content\/uploads\/2021\/01\/179_julia-curylo-boska-czastka-mandala2-2013-technika-mieszana-80-x-60-1.jpg\" alt=\"Przemys\u0142aw Tyszkiewicz, Chabrowy Ksi\u0119\u017cyc P\u00f3l Mrozowych, 2011, akwaforta akwatinta 67 x 94\" style=\"object-fit: cover; object-position: 50% 50%;\" srcset=\"https:\/\/galeriamiejska.pl\/wp-content\/uploads\/2021\/01\/179_julia-curylo-boska-czastka-mandala2-2013-technika-mieszana-80-x-60-1.jpg 660w, https:\/\/galeriamiejska.pl\/wp-content\/uploads\/2021\/01\/179_julia-curylo-boska-czastka-mandala2-2013-technika-mieszana-80-x-60-1-300x223.jpg 300w\" sizes=\"auto, (max-width: 660px) 100vw, 660px\" \/><div style=\"text-align:left;font-size:14px;color:#999;margin-top:5px;\"> Julia Cury\u0142o, Boska cz\u0105stka (mandala2), 2013, technika mieszana, 80 x 60  <\/div><div class=\"eedee-background-div__overlay\" style=\"opacity:1;\"><\/div><\/div><div class=\"slide-content\">\n\n<p class=\"has-text-align-center gutenslider-content-initial has-larger-font-size\"><\/p>\n\n<\/div><\/div>\n\n<div class=\"swiper-slide wp-block-eedee-block-gutenslide is-position-center-center\" style=\"\"><div class=\"eedee-background-div\"><img loading=\"lazy\" decoding=\"async\" width=\"660\" height=\"449\" class=\"swiper-lazy wp-image-3067\" src=\"https:\/\/galeriamiejska.pl\/wp-content\/uploads\/2021\/01\/179_julia-curylo-2012-matka-olej-na-plotnie-150-x-220-1.jpg\" alt=\"Przemys\u0142aw Tyszkiewicz, Chabrowy Ksi\u0119\u017cyc P\u00f3l Mrozowych, 2011, akwaforta akwatinta 67 x 94\" style=\"object-fit: cover; object-position: 50% 50%;\" srcset=\"https:\/\/galeriamiejska.pl\/wp-content\/uploads\/2021\/01\/179_julia-curylo-2012-matka-olej-na-plotnie-150-x-220-1.jpg 660w, https:\/\/galeriamiejska.pl\/wp-content\/uploads\/2021\/01\/179_julia-curylo-2012-matka-olej-na-plotnie-150-x-220-1-300x204.jpg 300w\" sizes=\"auto, (max-width: 660px) 100vw, 660px\" \/><div style=\"text-align:left;font-size:14px;color:#999;margin-top:5px;\"> Julia Cury\u0142o, 2012, Matka, olej na p\u0142\u00f3tnie, 150 x 220  <\/div><div class=\"eedee-background-div__overlay\" style=\"opacity:1;\"><\/div><\/div><div class=\"slide-content\">\n\n<p class=\"has-text-align-center gutenslider-content-initial has-larger-font-size\"><\/p>\n\n<\/div><\/div>\n\n<div class=\"swiper-slide wp-block-eedee-block-gutenslide is-position-center-center\" style=\"\"><div class=\"eedee-background-div\"><img loading=\"lazy\" decoding=\"async\" width=\"660\" height=\"495\" class=\"swiper-lazy wp-image-3066\" src=\"https:\/\/galeriamiejska.pl\/wp-content\/uploads\/2021\/01\/179_julia-curylo-zderzenie-6-2011-olej-na-plotnie-18-x-24.jpg\" alt=\"Przemys\u0142aw Tyszkiewicz, Chabrowy Ksi\u0119\u017cyc P\u00f3l Mrozowych, 2011, akwaforta akwatinta 67 x 94\" style=\"object-fit: cover; object-position: 50% 50%;\" srcset=\"https:\/\/galeriamiejska.pl\/wp-content\/uploads\/2021\/01\/179_julia-curylo-zderzenie-6-2011-olej-na-plotnie-18-x-24.jpg 660w, https:\/\/galeriamiejska.pl\/wp-content\/uploads\/2021\/01\/179_julia-curylo-zderzenie-6-2011-olej-na-plotnie-18-x-24-300x225.jpg 300w\" sizes=\"auto, (max-width: 660px) 100vw, 660px\" \/><div style=\"text-align:left;font-size:14px;color:#999;margin-top:5px;\"> Julia Cury\u0142o, Zderzenie 6, 2011, olej na p\u0142\u00f3tnie, 18 x 24  <\/div><div class=\"eedee-background-div__overlay\" style=\"opacity:1;\"><\/div><\/div><div class=\"slide-content\">\n\n<p class=\"has-text-align-center gutenslider-content-initial has-larger-font-size\"><\/p>\n\n<\/div><\/div>\n\n<div class=\"swiper-slide wp-block-eedee-block-gutenslide is-position-center-center\" style=\"\"><div class=\"eedee-background-div\"><img loading=\"lazy\" decoding=\"async\" width=\"660\" height=\"490\" class=\"swiper-lazy wp-image-3065\" src=\"https:\/\/galeriamiejska.pl\/wp-content\/uploads\/2021\/01\/179_julia-curylo-zderzenie-5-2011-olej-na-plotnie-18-x-24.jpg\" alt=\"Przemys\u0142aw Tyszkiewicz, Chabrowy Ksi\u0119\u017cyc P\u00f3l Mrozowych, 2011, akwaforta akwatinta 67 x 94\" style=\"object-fit: cover; object-position: 50% 50%;\" srcset=\"https:\/\/galeriamiejska.pl\/wp-content\/uploads\/2021\/01\/179_julia-curylo-zderzenie-5-2011-olej-na-plotnie-18-x-24.jpg 660w, https:\/\/galeriamiejska.pl\/wp-content\/uploads\/2021\/01\/179_julia-curylo-zderzenie-5-2011-olej-na-plotnie-18-x-24-300x223.jpg 300w\" sizes=\"auto, (max-width: 660px) 100vw, 660px\" \/><div style=\"text-align:left;font-size:14px;color:#999;margin-top:5px;\"> Julia Cury\u0142o, Zderzenie 5, 2011, olej na p\u0142\u00f3tnie, 18 x 24  <\/div><div class=\"eedee-background-div__overlay\" style=\"opacity:1;\"><\/div><\/div><div class=\"slide-content\">\n\n<p class=\"has-text-align-center gutenslider-content-initial has-larger-font-size\"><\/p>\n\n<\/div><\/div>\n\n<div class=\"swiper-slide wp-block-eedee-block-gutenslide is-position-center-center\" style=\"\"><div class=\"eedee-background-div\"><img loading=\"lazy\" decoding=\"async\" width=\"660\" height=\"435\" class=\"swiper-lazy wp-image-3064\" src=\"https:\/\/galeriamiejska.pl\/wp-content\/uploads\/2021\/01\/179_julia-curylo-pisklak-nadzieja-malarstwa-2010-olej-na-plotnie-233x1575-1.jpg\" alt=\"Przemys\u0142aw Tyszkiewicz, Chabrowy Ksi\u0119\u017cyc P\u00f3l Mrozowych, 2011, akwaforta akwatinta 67 x 94\" style=\"object-fit: cover; object-position: 50% 50%;\" srcset=\"https:\/\/galeriamiejska.pl\/wp-content\/uploads\/2021\/01\/179_julia-curylo-pisklak-nadzieja-malarstwa-2010-olej-na-plotnie-233x1575-1.jpg 660w, https:\/\/galeriamiejska.pl\/wp-content\/uploads\/2021\/01\/179_julia-curylo-pisklak-nadzieja-malarstwa-2010-olej-na-plotnie-233x1575-1-300x198.jpg 300w\" sizes=\"auto, (max-width: 660px) 100vw, 660px\" \/><div style=\"text-align:left;font-size:14px;color:#999;margin-top:5px;\"> Julia Cury\u0142o, Pisklak, nadzieja malarstwa, 2010, olej na p\u0142\u00f3tnie, 233&#215;157,5  <\/div><div class=\"eedee-background-div__overlay\" style=\"opacity:1;\"><\/div><\/div><div class=\"slide-content\">\n\n<p class=\"has-text-align-center gutenslider-content-initial has-larger-font-size\"><\/p>\n\n<\/div><\/div>\n\n<div class=\"swiper-slide wp-block-eedee-block-gutenslide is-position-center-center\" style=\"\"><div class=\"eedee-background-div\"><img loading=\"lazy\" decoding=\"async\" width=\"660\" height=\"471\" class=\"swiper-lazy wp-image-3063\" src=\"https:\/\/galeriamiejska.pl\/wp-content\/uploads\/2021\/01\/179_julia-curylo-motyle-olej-na-plotnie-203x146-2.jpg\" alt=\"Przemys\u0142aw Tyszkiewicz, Chabrowy Ksi\u0119\u017cyc P\u00f3l Mrozowych, 2011, akwaforta akwatinta 67 x 94\" style=\"object-fit: cover; object-position: 50% 50%;\" srcset=\"https:\/\/galeriamiejska.pl\/wp-content\/uploads\/2021\/01\/179_julia-curylo-motyle-olej-na-plotnie-203x146-2.jpg 660w, https:\/\/galeriamiejska.pl\/wp-content\/uploads\/2021\/01\/179_julia-curylo-motyle-olej-na-plotnie-203x146-2-300x214.jpg 300w\" sizes=\"auto, (max-width: 660px) 100vw, 660px\" \/><div style=\"text-align:left;font-size:14px;color:#999;margin-top:5px;\"> Julia Cury\u0142o, Motyle, olej na p\u0142\u00f3tnie, 203&#215;146  <\/div><div class=\"eedee-background-div__overlay\" style=\"opacity:1;\"><\/div><\/div><div class=\"slide-content\">\n\n<p class=\"has-text-align-center gutenslider-content-initial has-larger-font-size\"><\/p>\n\n<\/div><\/div>\n\n<div class=\"swiper-slide wp-block-eedee-block-gutenslide is-position-center-center\" style=\"\"><div class=\"eedee-background-div\"><img loading=\"lazy\" decoding=\"async\" width=\"660\" height=\"476\" class=\"swiper-lazy wp-image-3062\" src=\"https:\/\/galeriamiejska.pl\/wp-content\/uploads\/2021\/01\/179_julia-curylo-lhc-wojna-2011-olej-na-plotnie-158-x-225-1.jpg\" alt=\"Przemys\u0142aw Tyszkiewicz, Chabrowy Ksi\u0119\u017cyc P\u00f3l Mrozowych, 2011, akwaforta akwatinta 67 x 94\" style=\"object-fit: cover; object-position: 50% 50%;\" srcset=\"https:\/\/galeriamiejska.pl\/wp-content\/uploads\/2021\/01\/179_julia-curylo-lhc-wojna-2011-olej-na-plotnie-158-x-225-1.jpg 660w, https:\/\/galeriamiejska.pl\/wp-content\/uploads\/2021\/01\/179_julia-curylo-lhc-wojna-2011-olej-na-plotnie-158-x-225-1-300x216.jpg 300w\" sizes=\"auto, (max-width: 660px) 100vw, 660px\" \/><div style=\"text-align:left;font-size:14px;color:#999;margin-top:5px;\"> Julia Cury\u0142o, LHC, Wojna, 2011, olej na p\u0142\u00f3tnie, 158 x 225  <\/div><div class=\"eedee-background-div__overlay\" style=\"opacity:1;\"><\/div><\/div><div class=\"slide-content\">\n\n<p class=\"has-text-align-center gutenslider-content-initial has-larger-font-size\"><\/p>\n\n<\/div><\/div>\n<\/div><button class=\"eedee-gutenslider-nav eedee-gutenslider-prev\"><svg xmlns=\"http:\/\/www.w3.org\/2000\/svg\" viewBox=\"0 0 24 24\" width=\"24\" height=\"24\"><circle class=\"bg\" cx=\"13\" cy=\"12\" r=\"11\" \/><path fill=\"none\" d=\"M0 0h24v24H0z\"\/><path class=\"arrow\" d=\"M10.828 12l4.95 4.95-1.414 1.414L8 12l6.364-6.364 1.414 1.414z\"\/><\/svg><\/button><button class=\"eedee-gutenslider-nav eedee-gutenslider-next\"><svg xmlns=\"http:\/\/www.w3.org\/2000\/svg\" viewBox=\"0 0 24 24\" width=\"24\" height=\"24\"><circle class=\"bg\" cx=\"11\" cy=\"12\" r=\"11\" \/><path fill=\"none\" d=\"M0 0h24v24H0z\"\/><path class=\"arrow\" d=\"M13.172 12l-4.95-4.95 1.414-1.414L16 12l-6.364 6.364-1.414-1.414z\"\/><\/svg><\/button><div class=\"eedee-gutenslider-pagination\"><\/div><\/div><div class=\"gutenslider-divider-bottom \" style=\"color:#fff; height:60px;\"><\/div><\/div><style><\/style>\n\n\n<p class=\"has-text-align-left\"><strong>Julia Cury\u0142o(1986) was born in Warsaw. She studied at the Academy of Fine Arts in Warsaw and got her MFA in 2009 (class of Leon Tarasewicz). She is an author of paintings and installations presented in public city space. In January of 2010 she won the competition organized by the Gallery A19 operating at the Marymont metro station in Warsaw. Her big-format mural Lambs of God that was presented there brought her publicity.<\/strong><br><br>In November of the same year Cury\u0142o received a&nbsp;Grand Prix from the Ministry of Culture and National Heritage as well as the award of BWA Municipal Gallery in Bydgoszcz during the PROMOTIONS 2010 in the Gallery of Art in Legnica. In May of 2011 she was nominated for a&nbsp;prestigious award of the 10th edition of Geppert Competition. The same year three individual exhibitions of her works took place: <em>Church Fairs and Miraculous Visions<\/em> in the Art Gallery in Toru\u0144, <em>Magical Reality<\/em> in Gallery of Art in Legnica and <em>Church Fairs and Miraculous Visions<\/em> in Strefa A&nbsp;Gallery and Szara Gallery in Cracow. Subsequent years brought many others exhibitions and presentations of Cury\u0142o\u2019s art, including her objects displayed in city space, including Warsaw, Pozna\u0144 (festival No Women No Art) and Bydgoszcz. In 2012 Julia Cury\u0142o was listed amongst the first fifteen in a&nbsp;ranking of the most important young artists \u2014 the Compass of Young Art. The same year she received a&nbsp;scholarship from the Ministry of Culture and National Heritage designated for a&nbsp;production of series of pneumatic sculptures <em>Feministic Hens.<\/em><br><strong>Individual exhibitions:<\/strong><br><br><strong>2013<\/strong><br>Hello Modernity,Galeria Miejska Wroc\u0142aw, Wroc\u0142aw<br>God particie, 8-14 TeV, BWA Gallery, Bydgoszcz<br>Temptations, Marvels and Delights,Biala Gallery Lublin<br><br><strong>2012<\/strong><br>Czastka H0 particle, aTAK Gallery, Warsaw<br>Church Fairs and Miraculous Visions,Szara Gallery, Cracow<br><br><strong>2011<\/strong><br>Church Fairs and Miraculous Visions,Strefa A&nbsp;Gallery, Cracow<br>Magical Reality, Gallery of Art in Legnica, Legnica<br>Church Fairs and Miraculous Visions, Wozownia Gallery, Torun<br><br><strong>2010<\/strong><br>Chick an installation, Leszek Bialy Square, Bydgoszcz<br>Tulips an installation, No Women no Art Festival, Poznan<br>Hens, Centrum Subway Station , Warsaw 2010<br>Lambs of God, Pociag do Sztuki Gallery, Warsaw<br><br><strong>Group exhibitions:<\/strong><br><strong>2013<\/strong><br>Derealizm, Galeria Miejska, Wroc\u0142aw<br>Animal- symbol, inspiration or pretext, Museum of Hunting and Horsemanship, Warsaw<br><strong><br>2012<\/strong><br>Compass of Art, 1 Gallery, Warsaw<br>Art versus Sacrum,Gardzielnice Gallery, Lublin<br>The Inherency of painting, Spokojna Gallery Warsaw<br>Art in public space studio Review, Galeria Dzia\u0142a\u0144 Gallery, Warsaw<br><br><strong>2011<\/strong><br>10th Geppert Competition exhibition, BWA Wroclaw Gallery, Wroclaw<br><br><strong>2010<\/strong><br>The 20th National Young Painting Review PROMOTIONS 2010, Gallery of Art in Legnica, Legnica<br><br><strong>2009<\/strong><br>Freies Museum, Berlin<br>1500 m do wynaj\u0119cia Gallery, Warsaw<br>&#8220;Salon Akademi i&#8221; Gallery, Warsaw<br>Hoover Square Gallery, Warsaw<\/p>\n\n\n\n<figure class=\"wp-block-gallery columns-4 is-cropped wp-block-gallery-2 is-layout-flex wp-block-gallery-is-layout-flex\"><ul class=\"blocks-gallery-grid\"><li class=\"blocks-gallery-item\"><figure><a href=\"https:\/\/galeriamiejska.pl\/wp-content\/uploads\/2021\/01\/179_julia-curylo-lhc-genesis-2011-olej-na-plotnie-156-x-224-1.jpg\"><img loading=\"lazy\" decoding=\"async\" width=\"660\" height=\"473\" src=\"https:\/\/galeriamiejska.pl\/wp-content\/uploads\/2021\/01\/179_julia-curylo-lhc-genesis-2011-olej-na-plotnie-156-x-224-1.jpg\" alt=\"\" data-id=\"3073\" data-full-url=\"https:\/\/galeriamiejska.pl\/wp-content\/uploads\/2021\/01\/179_julia-curylo-lhc-genesis-2011-olej-na-plotnie-156-x-224-1.jpg\" data-link=\"https:\/\/galeriamiejska.pl\/en\/julia-curylo\/179_julia-curylo-lhc-genesis-2011-olej-na-plotnie-156-x-224-2\/\" class=\"wp-image-3073\" srcset=\"https:\/\/galeriamiejska.pl\/wp-content\/uploads\/2021\/01\/179_julia-curylo-lhc-genesis-2011-olej-na-plotnie-156-x-224-1.jpg 660w, https:\/\/galeriamiejska.pl\/wp-content\/uploads\/2021\/01\/179_julia-curylo-lhc-genesis-2011-olej-na-plotnie-156-x-224-1-300x215.jpg 300w\" sizes=\"auto, (max-width: 660px) 100vw, 660px\" \/><\/a><figcaption class=\"blocks-gallery-item__caption\">Julia Cury\u0142o, LHC, Genesis, 2011, olej na p\u0142\u00f3tnie, 156 x 224 <\/figcaption><\/figure><\/li><li class=\"blocks-gallery-item\"><figure><a href=\"https:\/\/galeriamiejska.pl\/wp-content\/uploads\/2021\/01\/179_julia-curylo-lhc-apokalipsa-olej-na-plotnie-240-x-150-1.jpg\"><img loading=\"lazy\" decoding=\"async\" width=\"660\" height=\"443\" src=\"https:\/\/galeriamiejska.pl\/wp-content\/uploads\/2021\/01\/179_julia-curylo-lhc-apokalipsa-olej-na-plotnie-240-x-150-1.jpg\" alt=\"\" data-id=\"3072\" data-full-url=\"https:\/\/galeriamiejska.pl\/wp-content\/uploads\/2021\/01\/179_julia-curylo-lhc-apokalipsa-olej-na-plotnie-240-x-150-1.jpg\" data-link=\"https:\/\/galeriamiejska.pl\/en\/julia-curylo\/179_julia-curylo-lhc-apokalipsa-olej-na-plotnie-240-x-150-2\/\" class=\"wp-image-3072\" srcset=\"https:\/\/galeriamiejska.pl\/wp-content\/uploads\/2021\/01\/179_julia-curylo-lhc-apokalipsa-olej-na-plotnie-240-x-150-1.jpg 660w, https:\/\/galeriamiejska.pl\/wp-content\/uploads\/2021\/01\/179_julia-curylo-lhc-apokalipsa-olej-na-plotnie-240-x-150-1-300x201.jpg 300w\" sizes=\"auto, (max-width: 660px) 100vw, 660px\" \/><\/a><figcaption class=\"blocks-gallery-item__caption\">Julia Cury\u0142o, LHC, Apokalipsa, olej na p\u0142\u00f3tnie, 240 x 150 <\/figcaption><\/figure><\/li><li class=\"blocks-gallery-item\"><figure><a href=\"https:\/\/galeriamiejska.pl\/wp-content\/uploads\/2021\/01\/179_julia-curylo-euroarabia-2013-olej-na-plotnie-200-x-120-1.jpg\"><img loading=\"lazy\" decoding=\"async\" width=\"660\" height=\"395\" src=\"https:\/\/galeriamiejska.pl\/wp-content\/uploads\/2021\/01\/179_julia-curylo-euroarabia-2013-olej-na-plotnie-200-x-120-1.jpg\" alt=\"\" data-id=\"3071\" data-full-url=\"https:\/\/galeriamiejska.pl\/wp-content\/uploads\/2021\/01\/179_julia-curylo-euroarabia-2013-olej-na-plotnie-200-x-120-1.jpg\" data-link=\"https:\/\/galeriamiejska.pl\/en\/julia-curylo\/179_julia-curylo-euroarabia-2013-olej-na-plotnie-200-x-120-2\/\" class=\"wp-image-3071\" srcset=\"https:\/\/galeriamiejska.pl\/wp-content\/uploads\/2021\/01\/179_julia-curylo-euroarabia-2013-olej-na-plotnie-200-x-120-1.jpg 660w, https:\/\/galeriamiejska.pl\/wp-content\/uploads\/2021\/01\/179_julia-curylo-euroarabia-2013-olej-na-plotnie-200-x-120-1-300x180.jpg 300w\" sizes=\"auto, (max-width: 660px) 100vw, 660px\" \/><\/a><figcaption class=\"blocks-gallery-item__caption\">Julia Cury\u0142o, Euroarabia, 2013, olej na p\u0142\u00f3tnie, 200 x 120 <\/figcaption><\/figure><\/li><li class=\"blocks-gallery-item\"><figure><a href=\"https:\/\/galeriamiejska.pl\/wp-content\/uploads\/2021\/01\/179_julia-curylo-dance-macabre-2013-technika-mieszana-210-x-140-1.jpg\"><img loading=\"lazy\" decoding=\"async\" width=\"660\" height=\"436\" src=\"https:\/\/galeriamiejska.pl\/wp-content\/uploads\/2021\/01\/179_julia-curylo-dance-macabre-2013-technika-mieszana-210-x-140-1.jpg\" alt=\"\" data-id=\"3070\" data-full-url=\"https:\/\/galeriamiejska.pl\/wp-content\/uploads\/2021\/01\/179_julia-curylo-dance-macabre-2013-technika-mieszana-210-x-140-1.jpg\" data-link=\"https:\/\/galeriamiejska.pl\/en\/julia-curylo\/179_julia-curylo-dance-macabre-2013-technika-mieszana-210-x-140-2\/\" class=\"wp-image-3070\" srcset=\"https:\/\/galeriamiejska.pl\/wp-content\/uploads\/2021\/01\/179_julia-curylo-dance-macabre-2013-technika-mieszana-210-x-140-1.jpg 660w, https:\/\/galeriamiejska.pl\/wp-content\/uploads\/2021\/01\/179_julia-curylo-dance-macabre-2013-technika-mieszana-210-x-140-1-300x198.jpg 300w\" sizes=\"auto, (max-width: 660px) 100vw, 660px\" \/><\/a><figcaption class=\"blocks-gallery-item__caption\">Julia Cury\u0142o, Dance macabre, 2013, technika mieszana, 210 x 140 <\/figcaption><\/figure><\/li><li class=\"blocks-gallery-item\"><figure><a href=\"https:\/\/galeriamiejska.pl\/wp-content\/uploads\/2021\/01\/179_julia-curylo-boska-czastka-mandala6-2013technika-mieszana-160-x-120-1.jpg\"><img loading=\"lazy\" decoding=\"async\" width=\"660\" height=\"499\" src=\"https:\/\/galeriamiejska.pl\/wp-content\/uploads\/2021\/01\/179_julia-curylo-boska-czastka-mandala6-2013technika-mieszana-160-x-120-1.jpg\" alt=\"\" data-id=\"3069\" data-full-url=\"https:\/\/galeriamiejska.pl\/wp-content\/uploads\/2021\/01\/179_julia-curylo-boska-czastka-mandala6-2013technika-mieszana-160-x-120-1.jpg\" data-link=\"https:\/\/galeriamiejska.pl\/en\/julia-curylo\/179_julia-curylo-boska-czastka-mandala6-2013technika-mieszana-160-x-120-2\/\" class=\"wp-image-3069\" srcset=\"https:\/\/galeriamiejska.pl\/wp-content\/uploads\/2021\/01\/179_julia-curylo-boska-czastka-mandala6-2013technika-mieszana-160-x-120-1.jpg 660w, https:\/\/galeriamiejska.pl\/wp-content\/uploads\/2021\/01\/179_julia-curylo-boska-czastka-mandala6-2013technika-mieszana-160-x-120-1-300x227.jpg 300w\" sizes=\"auto, (max-width: 660px) 100vw, 660px\" \/><\/a><figcaption class=\"blocks-gallery-item__caption\">Julia Cury\u0142o, Boska cz\u0105stka (mandala6), 2013,technika mieszana, 160 x 120 <\/figcaption><\/figure><\/li><li class=\"blocks-gallery-item\"><figure><a href=\"https:\/\/galeriamiejska.pl\/wp-content\/uploads\/2021\/01\/179_julia-curylo-boska-czastka-mandala2-2013-technika-mieszana-80-x-60-1.jpg\"><img loading=\"lazy\" decoding=\"async\" width=\"660\" height=\"491\" src=\"https:\/\/galeriamiejska.pl\/wp-content\/uploads\/2021\/01\/179_julia-curylo-boska-czastka-mandala2-2013-technika-mieszana-80-x-60-1.jpg\" alt=\"\" data-id=\"3068\" data-full-url=\"https:\/\/galeriamiejska.pl\/wp-content\/uploads\/2021\/01\/179_julia-curylo-boska-czastka-mandala2-2013-technika-mieszana-80-x-60-1.jpg\" data-link=\"https:\/\/galeriamiejska.pl\/en\/julia-curylo\/179_julia-curylo-boska-czastka-mandala2-2013-technika-mieszana-80-x-60-2\/\" class=\"wp-image-3068\" srcset=\"https:\/\/galeriamiejska.pl\/wp-content\/uploads\/2021\/01\/179_julia-curylo-boska-czastka-mandala2-2013-technika-mieszana-80-x-60-1.jpg 660w, https:\/\/galeriamiejska.pl\/wp-content\/uploads\/2021\/01\/179_julia-curylo-boska-czastka-mandala2-2013-technika-mieszana-80-x-60-1-300x223.jpg 300w\" sizes=\"auto, (max-width: 660px) 100vw, 660px\" \/><\/a><figcaption class=\"blocks-gallery-item__caption\">Julia Cury\u0142o, Boska cz\u0105stka (mandala2), 2013, technika mieszana, 80 x 60 <\/figcaption><\/figure><\/li><li class=\"blocks-gallery-item\"><figure><a href=\"https:\/\/galeriamiejska.pl\/wp-content\/uploads\/2021\/01\/179_julia-curylo-2012-matka-olej-na-plotnie-150-x-220-1.jpg\"><img loading=\"lazy\" decoding=\"async\" width=\"660\" height=\"449\" src=\"https:\/\/galeriamiejska.pl\/wp-content\/uploads\/2021\/01\/179_julia-curylo-2012-matka-olej-na-plotnie-150-x-220-1.jpg\" alt=\"\" data-id=\"3067\" data-full-url=\"https:\/\/galeriamiejska.pl\/wp-content\/uploads\/2021\/01\/179_julia-curylo-2012-matka-olej-na-plotnie-150-x-220-1.jpg\" data-link=\"https:\/\/galeriamiejska.pl\/en\/julia-curylo\/179_julia-curylo-2012-matka-olej-na-plotnie-150-x-220-2\/\" class=\"wp-image-3067\" srcset=\"https:\/\/galeriamiejska.pl\/wp-content\/uploads\/2021\/01\/179_julia-curylo-2012-matka-olej-na-plotnie-150-x-220-1.jpg 660w, https:\/\/galeriamiejska.pl\/wp-content\/uploads\/2021\/01\/179_julia-curylo-2012-matka-olej-na-plotnie-150-x-220-1-300x204.jpg 300w\" sizes=\"auto, (max-width: 660px) 100vw, 660px\" \/><\/a><figcaption class=\"blocks-gallery-item__caption\">Julia Cury\u0142o, 2012, Matka, olej na p\u0142\u00f3tnie, 150 x 220 <\/figcaption><\/figure><\/li><li class=\"blocks-gallery-item\"><figure><a href=\"https:\/\/galeriamiejska.pl\/wp-content\/uploads\/2021\/01\/179_julia-curylo-zderzenie-6-2011-olej-na-plotnie-18-x-24.jpg\"><img loading=\"lazy\" decoding=\"async\" width=\"660\" height=\"495\" src=\"https:\/\/galeriamiejska.pl\/wp-content\/uploads\/2021\/01\/179_julia-curylo-zderzenie-6-2011-olej-na-plotnie-18-x-24.jpg\" alt=\"\" data-id=\"3066\" data-full-url=\"https:\/\/galeriamiejska.pl\/wp-content\/uploads\/2021\/01\/179_julia-curylo-zderzenie-6-2011-olej-na-plotnie-18-x-24.jpg\" data-link=\"https:\/\/galeriamiejska.pl\/en\/julia-curylo\/179_julia-curylo-zderzenie-6-2011-olej-na-plotnie-18-x-24\/\" class=\"wp-image-3066\" srcset=\"https:\/\/galeriamiejska.pl\/wp-content\/uploads\/2021\/01\/179_julia-curylo-zderzenie-6-2011-olej-na-plotnie-18-x-24.jpg 660w, https:\/\/galeriamiejska.pl\/wp-content\/uploads\/2021\/01\/179_julia-curylo-zderzenie-6-2011-olej-na-plotnie-18-x-24-300x225.jpg 300w\" sizes=\"auto, (max-width: 660px) 100vw, 660px\" \/><\/a><figcaption class=\"blocks-gallery-item__caption\">Julia Cury\u0142o, Zderzenie 6, 2011, olej na p\u0142\u00f3tnie, 18 x 24 <\/figcaption><\/figure><\/li><li class=\"blocks-gallery-item\"><figure><a href=\"https:\/\/galeriamiejska.pl\/wp-content\/uploads\/2021\/01\/179_julia-curylo-zderzenie-5-2011-olej-na-plotnie-18-x-24.jpg\"><img loading=\"lazy\" decoding=\"async\" width=\"660\" height=\"490\" src=\"https:\/\/galeriamiejska.pl\/wp-content\/uploads\/2021\/01\/179_julia-curylo-zderzenie-5-2011-olej-na-plotnie-18-x-24.jpg\" alt=\"\" data-id=\"3065\" data-full-url=\"https:\/\/galeriamiejska.pl\/wp-content\/uploads\/2021\/01\/179_julia-curylo-zderzenie-5-2011-olej-na-plotnie-18-x-24.jpg\" data-link=\"https:\/\/galeriamiejska.pl\/en\/julia-curylo\/179_julia-curylo-zderzenie-5-2011-olej-na-plotnie-18-x-24\/\" class=\"wp-image-3065\" srcset=\"https:\/\/galeriamiejska.pl\/wp-content\/uploads\/2021\/01\/179_julia-curylo-zderzenie-5-2011-olej-na-plotnie-18-x-24.jpg 660w, https:\/\/galeriamiejska.pl\/wp-content\/uploads\/2021\/01\/179_julia-curylo-zderzenie-5-2011-olej-na-plotnie-18-x-24-300x223.jpg 300w\" sizes=\"auto, (max-width: 660px) 100vw, 660px\" \/><\/a><figcaption class=\"blocks-gallery-item__caption\">Julia Cury\u0142o, Zderzenie 5, 2011, olej na p\u0142\u00f3tnie, 18 x 24 <\/figcaption><\/figure><\/li><li class=\"blocks-gallery-item\"><figure><a href=\"https:\/\/galeriamiejska.pl\/wp-content\/uploads\/2021\/01\/179_julia-curylo-pisklak-nadzieja-malarstwa-2010-olej-na-plotnie-233x1575-1.jpg\"><img loading=\"lazy\" decoding=\"async\" width=\"660\" height=\"435\" src=\"https:\/\/galeriamiejska.pl\/wp-content\/uploads\/2021\/01\/179_julia-curylo-pisklak-nadzieja-malarstwa-2010-olej-na-plotnie-233x1575-1.jpg\" alt=\"\" data-id=\"3064\" data-full-url=\"https:\/\/galeriamiejska.pl\/wp-content\/uploads\/2021\/01\/179_julia-curylo-pisklak-nadzieja-malarstwa-2010-olej-na-plotnie-233x1575-1.jpg\" data-link=\"https:\/\/galeriamiejska.pl\/en\/julia-curylo\/179_julia-curylo-pisklak-nadzieja-malarstwa-2010-olej-na-plotnie-233x1575\/\" class=\"wp-image-3064\" srcset=\"https:\/\/galeriamiejska.pl\/wp-content\/uploads\/2021\/01\/179_julia-curylo-pisklak-nadzieja-malarstwa-2010-olej-na-plotnie-233x1575-1.jpg 660w, https:\/\/galeriamiejska.pl\/wp-content\/uploads\/2021\/01\/179_julia-curylo-pisklak-nadzieja-malarstwa-2010-olej-na-plotnie-233x1575-1-300x198.jpg 300w\" sizes=\"auto, (max-width: 660px) 100vw, 660px\" \/><\/a><figcaption class=\"blocks-gallery-item__caption\">Julia Cury\u0142o, Pisklak, nadzieja malarstwa, 2010, olej na p\u0142\u00f3tnie, 233&#215;157,5 <\/figcaption><\/figure><\/li><li class=\"blocks-gallery-item\"><figure><a href=\"https:\/\/galeriamiejska.pl\/wp-content\/uploads\/2021\/01\/179_julia-curylo-motyle-olej-na-plotnie-203x146-2.jpg\"><img loading=\"lazy\" decoding=\"async\" width=\"660\" height=\"471\" src=\"https:\/\/galeriamiejska.pl\/wp-content\/uploads\/2021\/01\/179_julia-curylo-motyle-olej-na-plotnie-203x146-2.jpg\" alt=\"\" data-id=\"3063\" data-full-url=\"https:\/\/galeriamiejska.pl\/wp-content\/uploads\/2021\/01\/179_julia-curylo-motyle-olej-na-plotnie-203x146-2.jpg\" data-link=\"https:\/\/galeriamiejska.pl\/en\/julia-curylo\/179_julia-curylo-motyle-olej-na-plotnie-203x146-2\/\" class=\"wp-image-3063\" srcset=\"https:\/\/galeriamiejska.pl\/wp-content\/uploads\/2021\/01\/179_julia-curylo-motyle-olej-na-plotnie-203x146-2.jpg 660w, https:\/\/galeriamiejska.pl\/wp-content\/uploads\/2021\/01\/179_julia-curylo-motyle-olej-na-plotnie-203x146-2-300x214.jpg 300w\" sizes=\"auto, (max-width: 660px) 100vw, 660px\" \/><\/a><figcaption class=\"blocks-gallery-item__caption\">Julia Cury\u0142o, Motyle, olej na p\u0142\u00f3tnie, 203&#215;146 <\/figcaption><\/figure><\/li><li class=\"blocks-gallery-item\"><figure><a href=\"https:\/\/galeriamiejska.pl\/wp-content\/uploads\/2021\/01\/179_julia-curylo-lhc-wojna-2011-olej-na-plotnie-158-x-225-1.jpg\"><img loading=\"lazy\" decoding=\"async\" width=\"660\" height=\"476\" src=\"https:\/\/galeriamiejska.pl\/wp-content\/uploads\/2021\/01\/179_julia-curylo-lhc-wojna-2011-olej-na-plotnie-158-x-225-1.jpg\" alt=\"\" data-id=\"3062\" data-full-url=\"https:\/\/galeriamiejska.pl\/wp-content\/uploads\/2021\/01\/179_julia-curylo-lhc-wojna-2011-olej-na-plotnie-158-x-225-1.jpg\" data-link=\"https:\/\/galeriamiejska.pl\/en\/julia-curylo\/179_julia-curylo-lhc-wojna-2011-olej-na-plotnie-158-x-225-2\/\" class=\"wp-image-3062\" srcset=\"https:\/\/galeriamiejska.pl\/wp-content\/uploads\/2021\/01\/179_julia-curylo-lhc-wojna-2011-olej-na-plotnie-158-x-225-1.jpg 660w, https:\/\/galeriamiejska.pl\/wp-content\/uploads\/2021\/01\/179_julia-curylo-lhc-wojna-2011-olej-na-plotnie-158-x-225-1-300x216.jpg 300w\" sizes=\"auto, (max-width: 660px) 100vw, 660px\" \/><\/a><figcaption class=\"blocks-gallery-item__caption\">Julia Cury\u0142o, LHC, Wojna, 2011, olej na p\u0142\u00f3tnie, 158 x 225 <\/figcaption><\/figure><\/li><\/ul><\/figure>\n","protected":false,"raw":"<!-- wp:eedee\/block-gutenslider {\"gsBlockId\":\"pjdkm6imi\",\"media\":[{\"alt\":\"\",\"id\":\"3073\",\"link\":\"https:\/\/galeriamiejska.pl\/en\/julia-curylo\/179_julia-curylo-lhc-genesis-2011-olej-na-plotnie-156-x-224-2\/\",\"caption\":\"Julia Cury\u0142o, LHC, Genesis, 2011, olej na p\u0142\u00f3tnie, 156 x 224 \",\"type\":\"image\",\"url\":\"https:\/\/galeriamiejska.pl\/wp-content\/uploads\/2021\/01\/179_julia-curylo-lhc-genesis-2011-olej-na-plotnie-156-x-224-1.jpg\",\"fullUrl\":\"https:\/\/galeriamiejska.pl\/wp-content\/uploads\/2021\/01\/179_julia-curylo-lhc-genesis-2011-olej-na-plotnie-156-x-224-1.jpg\"},{\"alt\":\"\",\"id\":\"3072\",\"link\":\"https:\/\/galeriamiejska.pl\/en\/julia-curylo\/179_julia-curylo-lhc-apokalipsa-olej-na-plotnie-240-x-150-2\/\",\"caption\":\"Julia Cury\u0142o, LHC, Apokalipsa, olej na p\u0142\u00f3tnie, 240 x 150 \",\"type\":\"image\",\"url\":\"https:\/\/galeriamiejska.pl\/wp-content\/uploads\/2021\/01\/179_julia-curylo-lhc-apokalipsa-olej-na-plotnie-240-x-150-1.jpg\",\"fullUrl\":\"https:\/\/galeriamiejska.pl\/wp-content\/uploads\/2021\/01\/179_julia-curylo-lhc-apokalipsa-olej-na-plotnie-240-x-150-1.jpg\"},{\"alt\":\"\",\"id\":\"3071\",\"link\":\"https:\/\/galeriamiejska.pl\/en\/julia-curylo\/179_julia-curylo-euroarabia-2013-olej-na-plotnie-200-x-120-2\/\",\"caption\":\"Julia Cury\u0142o, Euroarabia, 2013, olej na p\u0142\u00f3tnie, 200 x 120 \",\"type\":\"image\",\"url\":\"https:\/\/galeriamiejska.pl\/wp-content\/uploads\/2021\/01\/179_julia-curylo-euroarabia-2013-olej-na-plotnie-200-x-120-1.jpg\",\"fullUrl\":\"https:\/\/galeriamiejska.pl\/wp-content\/uploads\/2021\/01\/179_julia-curylo-euroarabia-2013-olej-na-plotnie-200-x-120-1.jpg\"},{\"alt\":\"\",\"id\":\"3070\",\"link\":\"https:\/\/galeriamiejska.pl\/en\/julia-curylo\/179_julia-curylo-dance-macabre-2013-technika-mieszana-210-x-140-2\/\",\"caption\":\"Julia Cury\u0142o, Dance macabre, 2013, technika mieszana, 210 x 140 \",\"type\":\"image\",\"url\":\"https:\/\/galeriamiejska.pl\/wp-content\/uploads\/2021\/01\/179_julia-curylo-dance-macabre-2013-technika-mieszana-210-x-140-1.jpg\",\"fullUrl\":\"https:\/\/galeriamiejska.pl\/wp-content\/uploads\/2021\/01\/179_julia-curylo-dance-macabre-2013-technika-mieszana-210-x-140-1.jpg\"},{\"alt\":\"\",\"id\":\"3069\",\"link\":\"https:\/\/galeriamiejska.pl\/en\/julia-curylo\/179_julia-curylo-boska-czastka-mandala6-2013technika-mieszana-160-x-120-2\/\",\"caption\":\"Julia Cury\u0142o, Boska cz\u0105stka (mandala6), 2013,technika mieszana, 160 x 120 \",\"type\":\"image\",\"url\":\"https:\/\/galeriamiejska.pl\/wp-content\/uploads\/2021\/01\/179_julia-curylo-boska-czastka-mandala6-2013technika-mieszana-160-x-120-1.jpg\",\"fullUrl\":\"https:\/\/galeriamiejska.pl\/wp-content\/uploads\/2021\/01\/179_julia-curylo-boska-czastka-mandala6-2013technika-mieszana-160-x-120-1.jpg\"},{\"alt\":\"\",\"id\":\"3068\",\"link\":\"https:\/\/galeriamiejska.pl\/en\/julia-curylo\/179_julia-curylo-boska-czastka-mandala2-2013-technika-mieszana-80-x-60-2\/\",\"caption\":\"Julia Cury\u0142o, Boska cz\u0105stka (mandala2), 2013, technika mieszana, 80 x 60 \",\"type\":\"image\",\"url\":\"https:\/\/galeriamiejska.pl\/wp-content\/uploads\/2021\/01\/179_julia-curylo-boska-czastka-mandala2-2013-technika-mieszana-80-x-60-1.jpg\",\"fullUrl\":\"https:\/\/galeriamiejska.pl\/wp-content\/uploads\/2021\/01\/179_julia-curylo-boska-czastka-mandala2-2013-technika-mieszana-80-x-60-1.jpg\"},{\"alt\":\"\",\"id\":\"3067\",\"link\":\"https:\/\/galeriamiejska.pl\/en\/julia-curylo\/179_julia-curylo-2012-matka-olej-na-plotnie-150-x-220-2\/\",\"caption\":\"Julia Cury\u0142o, 2012, Matka, olej na p\u0142\u00f3tnie, 150 x 220 \",\"type\":\"image\",\"url\":\"https:\/\/galeriamiejska.pl\/wp-content\/uploads\/2021\/01\/179_julia-curylo-2012-matka-olej-na-plotnie-150-x-220-1.jpg\",\"fullUrl\":\"https:\/\/galeriamiejska.pl\/wp-content\/uploads\/2021\/01\/179_julia-curylo-2012-matka-olej-na-plotnie-150-x-220-1.jpg\"},{\"alt\":\"\",\"id\":\"3066\",\"link\":\"https:\/\/galeriamiejska.pl\/en\/julia-curylo\/179_julia-curylo-zderzenie-6-2011-olej-na-plotnie-18-x-24\/\",\"caption\":\"Julia Cury\u0142o, Zderzenie 6, 2011, olej na p\u0142\u00f3tnie, 18 x 24 \",\"type\":\"image\",\"url\":\"https:\/\/galeriamiejska.pl\/wp-content\/uploads\/2021\/01\/179_julia-curylo-zderzenie-6-2011-olej-na-plotnie-18-x-24.jpg\",\"fullUrl\":\"https:\/\/galeriamiejska.pl\/wp-content\/uploads\/2021\/01\/179_julia-curylo-zderzenie-6-2011-olej-na-plotnie-18-x-24.jpg\"},{\"alt\":\"\",\"id\":\"3065\",\"link\":\"https:\/\/galeriamiejska.pl\/en\/julia-curylo\/179_julia-curylo-zderzenie-5-2011-olej-na-plotnie-18-x-24\/\",\"caption\":\"Julia Cury\u0142o, Zderzenie 5, 2011, olej na p\u0142\u00f3tnie, 18 x 24 \",\"type\":\"image\",\"url\":\"https:\/\/galeriamiejska.pl\/wp-content\/uploads\/2021\/01\/179_julia-curylo-zderzenie-5-2011-olej-na-plotnie-18-x-24.jpg\",\"fullUrl\":\"https:\/\/galeriamiejska.pl\/wp-content\/uploads\/2021\/01\/179_julia-curylo-zderzenie-5-2011-olej-na-plotnie-18-x-24.jpg\"},{\"alt\":\"\",\"id\":\"3064\",\"link\":\"https:\/\/galeriamiejska.pl\/en\/julia-curylo\/179_julia-curylo-pisklak-nadzieja-malarstwa-2010-olej-na-plotnie-233x1575\/\",\"caption\":\"Julia Cury\u0142o, Pisklak, nadzieja malarstwa, 2010, olej na p\u0142\u00f3tnie, 233x157,5 \",\"type\":\"image\",\"url\":\"https:\/\/galeriamiejska.pl\/wp-content\/uploads\/2021\/01\/179_julia-curylo-pisklak-nadzieja-malarstwa-2010-olej-na-plotnie-233x1575-1.jpg\",\"fullUrl\":\"https:\/\/galeriamiejska.pl\/wp-content\/uploads\/2021\/01\/179_julia-curylo-pisklak-nadzieja-malarstwa-2010-olej-na-plotnie-233x1575-1.jpg\"},{\"alt\":\"\",\"id\":\"3063\",\"link\":\"https:\/\/galeriamiejska.pl\/en\/julia-curylo\/179_julia-curylo-motyle-olej-na-plotnie-203x146-2\/\",\"caption\":\"Julia Cury\u0142o, Motyle, olej na p\u0142\u00f3tnie, 203x146 \",\"type\":\"image\",\"url\":\"https:\/\/galeriamiejska.pl\/wp-content\/uploads\/2021\/01\/179_julia-curylo-motyle-olej-na-plotnie-203x146-2.jpg\",\"fullUrl\":\"https:\/\/galeriamiejska.pl\/wp-content\/uploads\/2021\/01\/179_julia-curylo-motyle-olej-na-plotnie-203x146-2.jpg\"},{\"alt\":\"\",\"id\":\"3062\",\"link\":\"https:\/\/galeriamiejska.pl\/en\/julia-curylo\/179_julia-curylo-lhc-wojna-2011-olej-na-plotnie-158-x-225-2\/\",\"caption\":\"Julia Cury\u0142o, LHC, Wojna, 2011, olej na p\u0142\u00f3tnie, 158 x 225 \",\"type\":\"image\",\"url\":\"https:\/\/galeriamiejska.pl\/wp-content\/uploads\/2021\/01\/179_julia-curylo-lhc-wojna-2011-olej-na-plotnie-158-x-225-1.jpg\",\"fullUrl\":\"https:\/\/galeriamiejska.pl\/wp-content\/uploads\/2021\/01\/179_julia-curylo-lhc-wojna-2011-olej-na-plotnie-158-x-225-1.jpg\"}],\"contentMode\":\"fixed\",\"autoplay\":false,\"adaptiveHeight\":true} -->\n<!-- wp:eedee\/block-gutenslide {\"gsBlockId\":\"4zzyv960c\",\"background\":{\"backgroundType\":\"image\",\"backgroundColor\":\"#eeeeee\",\"backgroundOverlayImage\":\"\",\"backgroundOverlayVideo\":\"\",\"backgroundOverlayOpacity\":50,\"backgroundGradient\":{},\"backgroundImage\":{\"alt\":\"\",\"id\":\"3073\",\"link\":\"https:\/\/galeriamiejska.pl\/en\/julia-curylo\/179_julia-curylo-lhc-genesis-2011-olej-na-plotnie-156-x-224-2\/\",\"caption\":\"Julia Cury\u0142o, LHC, Genesis, 2011, olej na p\u0142\u00f3tnie, 156 x 224 \",\"type\":\"image\",\"url\":\"https:\/\/galeriamiejska.pl\/wp-content\/uploads\/2021\/01\/179_julia-curylo-lhc-genesis-2011-olej-na-plotnie-156-x-224-1.jpg\",\"fullUrl\":\"https:\/\/galeriamiejska.pl\/wp-content\/uploads\/2021\/01\/179_julia-curylo-lhc-genesis-2011-olej-na-plotnie-156-x-224-1.jpg\"},\"backgroundPosition\":\"center center\",\"backgroundRepeat\":\"no-repeat\",\"backgroundImageSize\":\"cover\",\"backgroundVideoSize\":\"cover\",\"customBackgroundColor\":\"\",\"hasParallax\":false,\"backgroundFocalPoint\":{\"x\":0.5,\"y\":0.5},\"backgroundVideoFocalPoint\":{\"x\":0.5,\"y\":0.5},\"backgroundVideo\":{},\"backgroundVideoMuted\":true,\"backgroundVideoLoop\":true,\"backgroundVideoAutoplay\":true,\"openPopover\":true,\"mediaId\":\"3073\"}} -->\n<!-- wp:paragraph {\"align\":\"center\",\"placeholder\":\"Add slide content here\u2026\",\"className\":\"gutenslider-content-initial\",\"fontSize\":\"larger\"} -->\n<p class=\"has-text-align-center gutenslider-content-initial has-larger-font-size\"><\/p>\n<!-- \/wp:paragraph -->\n<!-- \/wp:eedee\/block-gutenslide -->\n\n<!-- wp:eedee\/block-gutenslide {\"gsBlockId\":\"6i00tdain\",\"background\":{\"backgroundType\":\"image\",\"backgroundColor\":\"#eeeeee\",\"backgroundOverlayImage\":\"\",\"backgroundOverlayVideo\":\"\",\"backgroundOverlayOpacity\":50,\"backgroundGradient\":{},\"backgroundImage\":{\"alt\":\"\",\"id\":\"3072\",\"link\":\"https:\/\/galeriamiejska.pl\/en\/julia-curylo\/179_julia-curylo-lhc-apokalipsa-olej-na-plotnie-240-x-150-2\/\",\"caption\":\"Julia Cury\u0142o, LHC, Apokalipsa, olej na p\u0142\u00f3tnie, 240 x 150 \",\"type\":\"image\",\"url\":\"https:\/\/galeriamiejska.pl\/wp-content\/uploads\/2021\/01\/179_julia-curylo-lhc-apokalipsa-olej-na-plotnie-240-x-150-1.jpg\",\"fullUrl\":\"https:\/\/galeriamiejska.pl\/wp-content\/uploads\/2021\/01\/179_julia-curylo-lhc-apokalipsa-olej-na-plotnie-240-x-150-1.jpg\"},\"backgroundPosition\":\"center center\",\"backgroundRepeat\":\"no-repeat\",\"backgroundImageSize\":\"cover\",\"backgroundVideoSize\":\"cover\",\"customBackgroundColor\":\"\",\"hasParallax\":false,\"backgroundFocalPoint\":{\"x\":0.5,\"y\":0.5},\"backgroundVideoFocalPoint\":{\"x\":0.5,\"y\":0.5},\"backgroundVideo\":{},\"backgroundVideoMuted\":true,\"backgroundVideoLoop\":true,\"backgroundVideoAutoplay\":true,\"openPopover\":true,\"mediaId\":\"3072\"}} -->\n<!-- wp:paragraph {\"align\":\"center\",\"placeholder\":\"Add slide content here\u2026\",\"className\":\"gutenslider-content-initial\",\"fontSize\":\"larger\"} -->\n<p class=\"has-text-align-center gutenslider-content-initial has-larger-font-size\"><\/p>\n<!-- \/wp:paragraph -->\n<!-- \/wp:eedee\/block-gutenslide -->\n\n<!-- wp:eedee\/block-gutenslide {\"gsBlockId\":\"tygq2fuxy\",\"background\":{\"backgroundType\":\"image\",\"backgroundColor\":\"#eeeeee\",\"backgroundOverlayImage\":\"\",\"backgroundOverlayVideo\":\"\",\"backgroundOverlayOpacity\":50,\"backgroundGradient\":{},\"backgroundImage\":{\"alt\":\"\",\"id\":\"3071\",\"link\":\"https:\/\/galeriamiejska.pl\/en\/julia-curylo\/179_julia-curylo-euroarabia-2013-olej-na-plotnie-200-x-120-2\/\",\"caption\":\"Julia Cury\u0142o, Euroarabia, 2013, olej na p\u0142\u00f3tnie, 200 x 120 \",\"type\":\"image\",\"url\":\"https:\/\/galeriamiejska.pl\/wp-content\/uploads\/2021\/01\/179_julia-curylo-euroarabia-2013-olej-na-plotnie-200-x-120-1.jpg\",\"fullUrl\":\"https:\/\/galeriamiejska.pl\/wp-content\/uploads\/2021\/01\/179_julia-curylo-euroarabia-2013-olej-na-plotnie-200-x-120-1.jpg\"},\"backgroundPosition\":\"center center\",\"backgroundRepeat\":\"no-repeat\",\"backgroundImageSize\":\"cover\",\"backgroundVideoSize\":\"cover\",\"customBackgroundColor\":\"\",\"hasParallax\":false,\"backgroundFocalPoint\":{\"x\":0.5,\"y\":0.5},\"backgroundVideoFocalPoint\":{\"x\":0.5,\"y\":0.5},\"backgroundVideo\":{},\"backgroundVideoMuted\":true,\"backgroundVideoLoop\":true,\"backgroundVideoAutoplay\":true,\"openPopover\":true,\"mediaId\":\"3071\"}} -->\n<!-- wp:paragraph {\"align\":\"center\",\"placeholder\":\"Add slide content here\u2026\",\"className\":\"gutenslider-content-initial\",\"fontSize\":\"larger\"} -->\n<p class=\"has-text-align-center gutenslider-content-initial has-larger-font-size\"><\/p>\n<!-- \/wp:paragraph -->\n<!-- \/wp:eedee\/block-gutenslide -->\n\n<!-- wp:eedee\/block-gutenslide {\"gsBlockId\":\"9o73lgvkq\",\"background\":{\"backgroundType\":\"image\",\"backgroundColor\":\"#eeeeee\",\"backgroundOverlayImage\":\"\",\"backgroundOverlayVideo\":\"\",\"backgroundOverlayOpacity\":50,\"backgroundGradient\":{},\"backgroundImage\":{\"alt\":\"\",\"id\":\"3070\",\"link\":\"https:\/\/galeriamiejska.pl\/en\/julia-curylo\/179_julia-curylo-dance-macabre-2013-technika-mieszana-210-x-140-2\/\",\"caption\":\"Julia Cury\u0142o, Dance macabre, 2013, technika mieszana, 210 x 140 \",\"type\":\"image\",\"url\":\"https:\/\/galeriamiejska.pl\/wp-content\/uploads\/2021\/01\/179_julia-curylo-dance-macabre-2013-technika-mieszana-210-x-140-1.jpg\",\"fullUrl\":\"https:\/\/galeriamiejska.pl\/wp-content\/uploads\/2021\/01\/179_julia-curylo-dance-macabre-2013-technika-mieszana-210-x-140-1.jpg\"},\"backgroundPosition\":\"center center\",\"backgroundRepeat\":\"no-repeat\",\"backgroundImageSize\":\"cover\",\"backgroundVideoSize\":\"cover\",\"customBackgroundColor\":\"\",\"hasParallax\":false,\"backgroundFocalPoint\":{\"x\":0.5,\"y\":0.5},\"backgroundVideoFocalPoint\":{\"x\":0.5,\"y\":0.5},\"backgroundVideo\":{},\"backgroundVideoMuted\":true,\"backgroundVideoLoop\":true,\"backgroundVideoAutoplay\":true,\"openPopover\":true,\"mediaId\":\"3070\"}} -->\n<!-- wp:paragraph {\"align\":\"center\",\"placeholder\":\"Add slide content here\u2026\",\"className\":\"gutenslider-content-initial\",\"fontSize\":\"larger\"} -->\n<p class=\"has-text-align-center gutenslider-content-initial has-larger-font-size\"><\/p>\n<!-- \/wp:paragraph -->\n<!-- \/wp:eedee\/block-gutenslide -->\n\n<!-- wp:eedee\/block-gutenslide {\"gsBlockId\":\"oes21a7ox\",\"background\":{\"backgroundType\":\"image\",\"backgroundColor\":\"#eeeeee\",\"backgroundOverlayImage\":\"\",\"backgroundOverlayVideo\":\"\",\"backgroundOverlayOpacity\":50,\"backgroundGradient\":{},\"backgroundImage\":{\"alt\":\"\",\"id\":\"3069\",\"link\":\"https:\/\/galeriamiejska.pl\/en\/julia-curylo\/179_julia-curylo-boska-czastka-mandala6-2013technika-mieszana-160-x-120-2\/\",\"caption\":\"Julia Cury\u0142o, Boska cz\u0105stka (mandala6), 2013,technika mieszana, 160 x 120 \",\"type\":\"image\",\"url\":\"https:\/\/galeriamiejska.pl\/wp-content\/uploads\/2021\/01\/179_julia-curylo-boska-czastka-mandala6-2013technika-mieszana-160-x-120-1.jpg\",\"fullUrl\":\"https:\/\/galeriamiejska.pl\/wp-content\/uploads\/2021\/01\/179_julia-curylo-boska-czastka-mandala6-2013technika-mieszana-160-x-120-1.jpg\"},\"backgroundPosition\":\"center center\",\"backgroundRepeat\":\"no-repeat\",\"backgroundImageSize\":\"cover\",\"backgroundVideoSize\":\"cover\",\"customBackgroundColor\":\"\",\"hasParallax\":false,\"backgroundFocalPoint\":{\"x\":0.5,\"y\":0.5},\"backgroundVideoFocalPoint\":{\"x\":0.5,\"y\":0.5},\"backgroundVideo\":{},\"backgroundVideoMuted\":true,\"backgroundVideoLoop\":true,\"backgroundVideoAutoplay\":true,\"openPopover\":true,\"mediaId\":\"3069\"}} -->\n<!-- wp:paragraph {\"align\":\"center\",\"placeholder\":\"Add slide content here\u2026\",\"className\":\"gutenslider-content-initial\",\"fontSize\":\"larger\"} -->\n<p class=\"has-text-align-center gutenslider-content-initial has-larger-font-size\"><\/p>\n<!-- \/wp:paragraph -->\n<!-- \/wp:eedee\/block-gutenslide -->\n\n<!-- wp:eedee\/block-gutenslide {\"gsBlockId\":\"uxzcoi7py\",\"background\":{\"backgroundType\":\"image\",\"backgroundColor\":\"#eeeeee\",\"backgroundOverlayImage\":\"\",\"backgroundOverlayVideo\":\"\",\"backgroundOverlayOpacity\":50,\"backgroundGradient\":{},\"backgroundImage\":{\"alt\":\"\",\"id\":\"3068\",\"link\":\"https:\/\/galeriamiejska.pl\/en\/julia-curylo\/179_julia-curylo-boska-czastka-mandala2-2013-technika-mieszana-80-x-60-2\/\",\"caption\":\"Julia Cury\u0142o, Boska cz\u0105stka (mandala2), 2013, technika mieszana, 80 x 60 \",\"type\":\"image\",\"url\":\"https:\/\/galeriamiejska.pl\/wp-content\/uploads\/2021\/01\/179_julia-curylo-boska-czastka-mandala2-2013-technika-mieszana-80-x-60-1.jpg\",\"fullUrl\":\"https:\/\/galeriamiejska.pl\/wp-content\/uploads\/2021\/01\/179_julia-curylo-boska-czastka-mandala2-2013-technika-mieszana-80-x-60-1.jpg\"},\"backgroundPosition\":\"center center\",\"backgroundRepeat\":\"no-repeat\",\"backgroundImageSize\":\"cover\",\"backgroundVideoSize\":\"cover\",\"customBackgroundColor\":\"\",\"hasParallax\":false,\"backgroundFocalPoint\":{\"x\":0.5,\"y\":0.5},\"backgroundVideoFocalPoint\":{\"x\":0.5,\"y\":0.5},\"backgroundVideo\":{},\"backgroundVideoMuted\":true,\"backgroundVideoLoop\":true,\"backgroundVideoAutoplay\":true,\"openPopover\":true,\"mediaId\":\"3068\"}} -->\n<!-- wp:paragraph {\"align\":\"center\",\"placeholder\":\"Add slide content here\u2026\",\"className\":\"gutenslider-content-initial\",\"fontSize\":\"larger\"} -->\n<p class=\"has-text-align-center gutenslider-content-initial has-larger-font-size\"><\/p>\n<!-- \/wp:paragraph -->\n<!-- \/wp:eedee\/block-gutenslide -->\n\n<!-- wp:eedee\/block-gutenslide {\"gsBlockId\":\"oo3wqaylo\",\"background\":{\"backgroundType\":\"image\",\"backgroundColor\":\"#eeeeee\",\"backgroundOverlayImage\":\"\",\"backgroundOverlayVideo\":\"\",\"backgroundOverlayOpacity\":50,\"backgroundGradient\":{},\"backgroundImage\":{\"alt\":\"\",\"id\":\"3067\",\"link\":\"https:\/\/galeriamiejska.pl\/en\/julia-curylo\/179_julia-curylo-2012-matka-olej-na-plotnie-150-x-220-2\/\",\"caption\":\"Julia Cury\u0142o, 2012, Matka, olej na p\u0142\u00f3tnie, 150 x 220 \",\"type\":\"image\",\"url\":\"https:\/\/galeriamiejska.pl\/wp-content\/uploads\/2021\/01\/179_julia-curylo-2012-matka-olej-na-plotnie-150-x-220-1.jpg\",\"fullUrl\":\"https:\/\/galeriamiejska.pl\/wp-content\/uploads\/2021\/01\/179_julia-curylo-2012-matka-olej-na-plotnie-150-x-220-1.jpg\"},\"backgroundPosition\":\"center center\",\"backgroundRepeat\":\"no-repeat\",\"backgroundImageSize\":\"cover\",\"backgroundVideoSize\":\"cover\",\"customBackgroundColor\":\"\",\"hasParallax\":false,\"backgroundFocalPoint\":{\"x\":0.5,\"y\":0.5},\"backgroundVideoFocalPoint\":{\"x\":0.5,\"y\":0.5},\"backgroundVideo\":{},\"backgroundVideoMuted\":true,\"backgroundVideoLoop\":true,\"backgroundVideoAutoplay\":true,\"openPopover\":true,\"mediaId\":\"3067\"}} -->\n<!-- wp:paragraph {\"align\":\"center\",\"placeholder\":\"Add slide content here\u2026\",\"className\":\"gutenslider-content-initial\",\"fontSize\":\"larger\"} -->\n<p class=\"has-text-align-center gutenslider-content-initial has-larger-font-size\"><\/p>\n<!-- \/wp:paragraph -->\n<!-- \/wp:eedee\/block-gutenslide -->\n\n<!-- wp:eedee\/block-gutenslide {\"gsBlockId\":\"01n9vmq5u\",\"background\":{\"backgroundType\":\"image\",\"backgroundColor\":\"#eeeeee\",\"backgroundOverlayImage\":\"\",\"backgroundOverlayVideo\":\"\",\"backgroundOverlayOpacity\":50,\"backgroundGradient\":{},\"backgroundImage\":{\"alt\":\"\",\"id\":\"3066\",\"link\":\"https:\/\/galeriamiejska.pl\/en\/julia-curylo\/179_julia-curylo-zderzenie-6-2011-olej-na-plotnie-18-x-24\/\",\"caption\":\"Julia Cury\u0142o, Zderzenie 6, 2011, olej na p\u0142\u00f3tnie, 18 x 24 \",\"type\":\"image\",\"url\":\"https:\/\/galeriamiejska.pl\/wp-content\/uploads\/2021\/01\/179_julia-curylo-zderzenie-6-2011-olej-na-plotnie-18-x-24.jpg\",\"fullUrl\":\"https:\/\/galeriamiejska.pl\/wp-content\/uploads\/2021\/01\/179_julia-curylo-zderzenie-6-2011-olej-na-plotnie-18-x-24.jpg\"},\"backgroundPosition\":\"center center\",\"backgroundRepeat\":\"no-repeat\",\"backgroundImageSize\":\"cover\",\"backgroundVideoSize\":\"cover\",\"customBackgroundColor\":\"\",\"hasParallax\":false,\"backgroundFocalPoint\":{\"x\":0.5,\"y\":0.5},\"backgroundVideoFocalPoint\":{\"x\":0.5,\"y\":0.5},\"backgroundVideo\":{},\"backgroundVideoMuted\":true,\"backgroundVideoLoop\":true,\"backgroundVideoAutoplay\":true,\"openPopover\":true,\"mediaId\":\"3066\"}} -->\n<!-- wp:paragraph {\"align\":\"center\",\"placeholder\":\"Add slide content here\u2026\",\"className\":\"gutenslider-content-initial\",\"fontSize\":\"larger\"} -->\n<p class=\"has-text-align-center gutenslider-content-initial has-larger-font-size\"><\/p>\n<!-- \/wp:paragraph -->\n<!-- \/wp:eedee\/block-gutenslide -->\n\n<!-- wp:eedee\/block-gutenslide {\"gsBlockId\":\"iwvh9865h\",\"background\":{\"backgroundType\":\"image\",\"backgroundColor\":\"#eeeeee\",\"backgroundOverlayImage\":\"\",\"backgroundOverlayVideo\":\"\",\"backgroundOverlayOpacity\":50,\"backgroundGradient\":{},\"backgroundImage\":{\"alt\":\"\",\"id\":\"3065\",\"link\":\"https:\/\/galeriamiejska.pl\/en\/julia-curylo\/179_julia-curylo-zderzenie-5-2011-olej-na-plotnie-18-x-24\/\",\"caption\":\"Julia Cury\u0142o, Zderzenie 5, 2011, olej na p\u0142\u00f3tnie, 18 x 24 \",\"type\":\"image\",\"url\":\"https:\/\/galeriamiejska.pl\/wp-content\/uploads\/2021\/01\/179_julia-curylo-zderzenie-5-2011-olej-na-plotnie-18-x-24.jpg\",\"fullUrl\":\"https:\/\/galeriamiejska.pl\/wp-content\/uploads\/2021\/01\/179_julia-curylo-zderzenie-5-2011-olej-na-plotnie-18-x-24.jpg\"},\"backgroundPosition\":\"center center\",\"backgroundRepeat\":\"no-repeat\",\"backgroundImageSize\":\"cover\",\"backgroundVideoSize\":\"cover\",\"customBackgroundColor\":\"\",\"hasParallax\":false,\"backgroundFocalPoint\":{\"x\":0.5,\"y\":0.5},\"backgroundVideoFocalPoint\":{\"x\":0.5,\"y\":0.5},\"backgroundVideo\":{},\"backgroundVideoMuted\":true,\"backgroundVideoLoop\":true,\"backgroundVideoAutoplay\":true,\"openPopover\":true,\"mediaId\":\"3065\"}} -->\n<!-- wp:paragraph {\"align\":\"center\",\"placeholder\":\"Add slide content here\u2026\",\"className\":\"gutenslider-content-initial\",\"fontSize\":\"larger\"} -->\n<p class=\"has-text-align-center gutenslider-content-initial has-larger-font-size\"><\/p>\n<!-- \/wp:paragraph -->\n<!-- \/wp:eedee\/block-gutenslide -->\n\n<!-- wp:eedee\/block-gutenslide {\"gsBlockId\":\"5srcg2nov\",\"background\":{\"backgroundType\":\"image\",\"backgroundColor\":\"#eeeeee\",\"backgroundOverlayImage\":\"\",\"backgroundOverlayVideo\":\"\",\"backgroundOverlayOpacity\":50,\"backgroundGradient\":{},\"backgroundImage\":{\"alt\":\"\",\"id\":\"3064\",\"link\":\"https:\/\/galeriamiejska.pl\/en\/julia-curylo\/179_julia-curylo-pisklak-nadzieja-malarstwa-2010-olej-na-plotnie-233x1575\/\",\"caption\":\"Julia Cury\u0142o, Pisklak, nadzieja malarstwa, 2010, olej na p\u0142\u00f3tnie, 233x157,5 \",\"type\":\"image\",\"url\":\"https:\/\/galeriamiejska.pl\/wp-content\/uploads\/2021\/01\/179_julia-curylo-pisklak-nadzieja-malarstwa-2010-olej-na-plotnie-233x1575-1.jpg\",\"fullUrl\":\"https:\/\/galeriamiejska.pl\/wp-content\/uploads\/2021\/01\/179_julia-curylo-pisklak-nadzieja-malarstwa-2010-olej-na-plotnie-233x1575-1.jpg\"},\"backgroundPosition\":\"center center\",\"backgroundRepeat\":\"no-repeat\",\"backgroundImageSize\":\"cover\",\"backgroundVideoSize\":\"cover\",\"customBackgroundColor\":\"\",\"hasParallax\":false,\"backgroundFocalPoint\":{\"x\":0.5,\"y\":0.5},\"backgroundVideoFocalPoint\":{\"x\":0.5,\"y\":0.5},\"backgroundVideo\":{},\"backgroundVideoMuted\":true,\"backgroundVideoLoop\":true,\"backgroundVideoAutoplay\":true,\"openPopover\":true,\"mediaId\":\"3064\"}} -->\n<!-- wp:paragraph {\"align\":\"center\",\"placeholder\":\"Add slide content here\u2026\",\"className\":\"gutenslider-content-initial\",\"fontSize\":\"larger\"} -->\n<p class=\"has-text-align-center gutenslider-content-initial has-larger-font-size\"><\/p>\n<!-- \/wp:paragraph -->\n<!-- \/wp:eedee\/block-gutenslide -->\n\n<!-- wp:eedee\/block-gutenslide {\"gsBlockId\":\"n7qer2y49\",\"background\":{\"backgroundType\":\"image\",\"backgroundColor\":\"#eeeeee\",\"backgroundOverlayImage\":\"\",\"backgroundOverlayVideo\":\"\",\"backgroundOverlayOpacity\":50,\"backgroundGradient\":{},\"backgroundImage\":{\"alt\":\"\",\"id\":\"3063\",\"link\":\"https:\/\/galeriamiejska.pl\/en\/julia-curylo\/179_julia-curylo-motyle-olej-na-plotnie-203x146-2\/\",\"caption\":\"Julia Cury\u0142o, Motyle, olej na p\u0142\u00f3tnie, 203x146 \",\"type\":\"image\",\"url\":\"https:\/\/galeriamiejska.pl\/wp-content\/uploads\/2021\/01\/179_julia-curylo-motyle-olej-na-plotnie-203x146-2.jpg\",\"fullUrl\":\"https:\/\/galeriamiejska.pl\/wp-content\/uploads\/2021\/01\/179_julia-curylo-motyle-olej-na-plotnie-203x146-2.jpg\"},\"backgroundPosition\":\"center center\",\"backgroundRepeat\":\"no-repeat\",\"backgroundImageSize\":\"cover\",\"backgroundVideoSize\":\"cover\",\"customBackgroundColor\":\"\",\"hasParallax\":false,\"backgroundFocalPoint\":{\"x\":0.5,\"y\":0.5},\"backgroundVideoFocalPoint\":{\"x\":0.5,\"y\":0.5},\"backgroundVideo\":{},\"backgroundVideoMuted\":true,\"backgroundVideoLoop\":true,\"backgroundVideoAutoplay\":true,\"openPopover\":true,\"mediaId\":\"3063\"}} -->\n<!-- wp:paragraph {\"align\":\"center\",\"placeholder\":\"Add slide content here\u2026\",\"className\":\"gutenslider-content-initial\",\"fontSize\":\"larger\"} -->\n<p class=\"has-text-align-center gutenslider-content-initial has-larger-font-size\"><\/p>\n<!-- \/wp:paragraph -->\n<!-- \/wp:eedee\/block-gutenslide -->\n\n<!-- wp:eedee\/block-gutenslide {\"gsBlockId\":\"zvim2f7cu\",\"background\":{\"backgroundType\":\"image\",\"backgroundColor\":\"#eeeeee\",\"backgroundOverlayImage\":\"\",\"backgroundOverlayVideo\":\"\",\"backgroundOverlayOpacity\":50,\"backgroundGradient\":{},\"backgroundImage\":{\"alt\":\"\",\"id\":\"3062\",\"link\":\"https:\/\/galeriamiejska.pl\/en\/julia-curylo\/179_julia-curylo-lhc-wojna-2011-olej-na-plotnie-158-x-225-2\/\",\"caption\":\"Julia Cury\u0142o, LHC, Wojna, 2011, olej na p\u0142\u00f3tnie, 158 x 225 \",\"type\":\"image\",\"url\":\"https:\/\/galeriamiejska.pl\/wp-content\/uploads\/2021\/01\/179_julia-curylo-lhc-wojna-2011-olej-na-plotnie-158-x-225-1.jpg\",\"fullUrl\":\"https:\/\/galeriamiejska.pl\/wp-content\/uploads\/2021\/01\/179_julia-curylo-lhc-wojna-2011-olej-na-plotnie-158-x-225-1.jpg\"},\"backgroundPosition\":\"center center\",\"backgroundRepeat\":\"no-repeat\",\"backgroundImageSize\":\"cover\",\"backgroundVideoSize\":\"cover\",\"customBackgroundColor\":\"\",\"hasParallax\":false,\"backgroundFocalPoint\":{\"x\":0.5,\"y\":0.5},\"backgroundVideoFocalPoint\":{\"x\":0.5,\"y\":0.5},\"backgroundVideo\":{},\"backgroundVideoMuted\":true,\"backgroundVideoLoop\":true,\"backgroundVideoAutoplay\":true,\"openPopover\":true,\"mediaId\":\"3062\"}} -->\n<!-- wp:paragraph {\"align\":\"center\",\"placeholder\":\"Add slide content here\u2026\",\"className\":\"gutenslider-content-initial\",\"fontSize\":\"larger\"} -->\n<p class=\"has-text-align-center gutenslider-content-initial has-larger-font-size\"><\/p>\n<!-- \/wp:paragraph -->\n<!-- \/wp:eedee\/block-gutenslide -->\n<!-- \/wp:eedee\/block-gutenslider -->\n\n<!-- wp:paragraph {\"align\":\"left\"} -->\n<p class=\"has-text-align-left\"><strong>Julia Cury\u0142o(1986) was born in Warsaw. She studied at the Academy of Fine Arts in Warsaw and got her MFA in 2009 (class of Leon Tarasewicz). She is an author of paintings and installations presented in public city space. In January of 2010 she won the competition organized by the Gallery A19 operating at the Marymont metro station in Warsaw. Her big-format mural Lambs of God that was presented there brought her publicity.<\/strong><br><br>In November of the same year Cury\u0142o received a&nbsp;Grand Prix from the Ministry of Culture and National Heritage as well as the award of BWA Municipal Gallery in Bydgoszcz during the PROMOTIONS 2010 in the Gallery of Art in Legnica. In May of 2011 she was nominated for a&nbsp;prestigious award of the 10th edition of Geppert Competition. The same year three individual exhibitions of her works took place: <em>Church Fairs and Miraculous Visions<\/em> in the Art Gallery in Toru\u0144, <em>Magical Reality<\/em> in Gallery of Art in Legnica and <em>Church Fairs and Miraculous Visions<\/em> in Strefa A&nbsp;Gallery and Szara Gallery in Cracow. Subsequent years brought many others exhibitions and presentations of Cury\u0142o\u2019s art, including her objects displayed in city space, including Warsaw, Pozna\u0144 (festival No Women No Art) and Bydgoszcz. In 2012 Julia Cury\u0142o was listed amongst the first fifteen in a&nbsp;ranking of the most important young artists \u2014 the Compass of Young Art. The same year she received a&nbsp;scholarship from the Ministry of Culture and National Heritage designated for a&nbsp;production of series of pneumatic sculptures <em>Feministic Hens.<\/em><br><strong>Individual exhibitions:<\/strong><br><br><strong>2013<\/strong><br>Hello Modernity,Galeria Miejska Wroc\u0142aw, Wroc\u0142aw<br>God particie, 8-14 TeV, BWA Gallery, Bydgoszcz<br>Temptations, Marvels and Delights,Biala Gallery Lublin<br><br><strong>2012<\/strong><br>Czastka H0 particle, aTAK Gallery, Warsaw<br>Church Fairs and Miraculous Visions,Szara Gallery, Cracow<br><br><strong>2011<\/strong><br>Church Fairs and Miraculous Visions,Strefa A&nbsp;Gallery, Cracow<br>Magical Reality, Gallery of Art in Legnica, Legnica<br>Church Fairs and Miraculous Visions, Wozownia Gallery, Torun<br><br><strong>2010<\/strong><br>Chick an installation, Leszek Bialy Square, Bydgoszcz<br>Tulips an installation, No Women no Art Festival, Poznan<br>Hens, Centrum Subway Station , Warsaw 2010<br>Lambs of God, Pociag do Sztuki Gallery, Warsaw<br><br><strong>Group exhibitions:<\/strong><br><strong>2013<\/strong><br>Derealizm, Galeria Miejska, Wroc\u0142aw<br>Animal- symbol, inspiration or pretext, Museum of Hunting and Horsemanship, Warsaw<br><strong><br>2012<\/strong><br>Compass of Art, 1 Gallery, Warsaw<br>Art versus Sacrum,Gardzielnice Gallery, Lublin<br>The Inherency of painting, Spokojna Gallery Warsaw<br>Art in public space studio Review, Galeria Dzia\u0142a\u0144 Gallery, Warsaw<br><br><strong>2011<\/strong><br>10th Geppert Competition exhibition, BWA Wroclaw Gallery, Wroclaw<br><br><strong>2010<\/strong><br>The 20th National Young Painting Review PROMOTIONS 2010, Gallery of Art in Legnica, Legnica<br><br><strong>2009<\/strong><br>Freies Museum, Berlin<br>1500 m do wynaj\u0119cia Gallery, Warsaw<br>\"Salon Akademi i\" Gallery, Warsaw<br>Hoover Square Gallery, Warsaw<\/p>\n<!-- \/wp:paragraph -->\n\n<!-- wp:gallery {\"ids\":[3073,3072,3071,3070,3069,3068,3067,3066,3065,3064,3063,3062],\"columns\":4,\"linkTo\":\"file\"} -->\n<figure class=\"wp-block-gallery columns-4 is-cropped\"><ul class=\"blocks-gallery-grid\"><li class=\"blocks-gallery-item\"><figure><a href=\"https:\/\/galeriamiejska.pl\/wp-content\/uploads\/2021\/01\/179_julia-curylo-lhc-genesis-2011-olej-na-plotnie-156-x-224-1.jpg\"><img src=\"https:\/\/galeriamiejska.pl\/wp-content\/uploads\/2021\/01\/179_julia-curylo-lhc-genesis-2011-olej-na-plotnie-156-x-224-1.jpg\" alt=\"\" data-id=\"3073\" data-full-url=\"https:\/\/galeriamiejska.pl\/wp-content\/uploads\/2021\/01\/179_julia-curylo-lhc-genesis-2011-olej-na-plotnie-156-x-224-1.jpg\" data-link=\"https:\/\/galeriamiejska.pl\/en\/julia-curylo\/179_julia-curylo-lhc-genesis-2011-olej-na-plotnie-156-x-224-2\/\" class=\"wp-image-3073\"\/><\/a><figcaption class=\"blocks-gallery-item__caption\">Julia Cury\u0142o, LHC, Genesis, 2011, olej na p\u0142\u00f3tnie, 156 x 224 <\/figcaption><\/figure><\/li><li class=\"blocks-gallery-item\"><figure><a href=\"https:\/\/galeriamiejska.pl\/wp-content\/uploads\/2021\/01\/179_julia-curylo-lhc-apokalipsa-olej-na-plotnie-240-x-150-1.jpg\"><img src=\"https:\/\/galeriamiejska.pl\/wp-content\/uploads\/2021\/01\/179_julia-curylo-lhc-apokalipsa-olej-na-plotnie-240-x-150-1.jpg\" alt=\"\" data-id=\"3072\" data-full-url=\"https:\/\/galeriamiejska.pl\/wp-content\/uploads\/2021\/01\/179_julia-curylo-lhc-apokalipsa-olej-na-plotnie-240-x-150-1.jpg\" data-link=\"https:\/\/galeriamiejska.pl\/en\/julia-curylo\/179_julia-curylo-lhc-apokalipsa-olej-na-plotnie-240-x-150-2\/\" class=\"wp-image-3072\"\/><\/a><figcaption class=\"blocks-gallery-item__caption\">Julia Cury\u0142o, LHC, Apokalipsa, olej na p\u0142\u00f3tnie, 240 x 150 <\/figcaption><\/figure><\/li><li class=\"blocks-gallery-item\"><figure><a href=\"https:\/\/galeriamiejska.pl\/wp-content\/uploads\/2021\/01\/179_julia-curylo-euroarabia-2013-olej-na-plotnie-200-x-120-1.jpg\"><img src=\"https:\/\/galeriamiejska.pl\/wp-content\/uploads\/2021\/01\/179_julia-curylo-euroarabia-2013-olej-na-plotnie-200-x-120-1.jpg\" alt=\"\" data-id=\"3071\" data-full-url=\"https:\/\/galeriamiejska.pl\/wp-content\/uploads\/2021\/01\/179_julia-curylo-euroarabia-2013-olej-na-plotnie-200-x-120-1.jpg\" data-link=\"https:\/\/galeriamiejska.pl\/en\/julia-curylo\/179_julia-curylo-euroarabia-2013-olej-na-plotnie-200-x-120-2\/\" class=\"wp-image-3071\"\/><\/a><figcaption class=\"blocks-gallery-item__caption\">Julia Cury\u0142o, Euroarabia, 2013, olej na p\u0142\u00f3tnie, 200 x 120 <\/figcaption><\/figure><\/li><li class=\"blocks-gallery-item\"><figure><a href=\"https:\/\/galeriamiejska.pl\/wp-content\/uploads\/2021\/01\/179_julia-curylo-dance-macabre-2013-technika-mieszana-210-x-140-1.jpg\"><img src=\"https:\/\/galeriamiejska.pl\/wp-content\/uploads\/2021\/01\/179_julia-curylo-dance-macabre-2013-technika-mieszana-210-x-140-1.jpg\" alt=\"\" data-id=\"3070\" data-full-url=\"https:\/\/galeriamiejska.pl\/wp-content\/uploads\/2021\/01\/179_julia-curylo-dance-macabre-2013-technika-mieszana-210-x-140-1.jpg\" data-link=\"https:\/\/galeriamiejska.pl\/en\/julia-curylo\/179_julia-curylo-dance-macabre-2013-technika-mieszana-210-x-140-2\/\" class=\"wp-image-3070\"\/><\/a><figcaption class=\"blocks-gallery-item__caption\">Julia Cury\u0142o, Dance macabre, 2013, technika mieszana, 210 x 140 <\/figcaption><\/figure><\/li><li class=\"blocks-gallery-item\"><figure><a href=\"https:\/\/galeriamiejska.pl\/wp-content\/uploads\/2021\/01\/179_julia-curylo-boska-czastka-mandala6-2013technika-mieszana-160-x-120-1.jpg\"><img src=\"https:\/\/galeriamiejska.pl\/wp-content\/uploads\/2021\/01\/179_julia-curylo-boska-czastka-mandala6-2013technika-mieszana-160-x-120-1.jpg\" alt=\"\" data-id=\"3069\" data-full-url=\"https:\/\/galeriamiejska.pl\/wp-content\/uploads\/2021\/01\/179_julia-curylo-boska-czastka-mandala6-2013technika-mieszana-160-x-120-1.jpg\" data-link=\"https:\/\/galeriamiejska.pl\/en\/julia-curylo\/179_julia-curylo-boska-czastka-mandala6-2013technika-mieszana-160-x-120-2\/\" class=\"wp-image-3069\"\/><\/a><figcaption class=\"blocks-gallery-item__caption\">Julia Cury\u0142o, Boska cz\u0105stka (mandala6), 2013,technika mieszana, 160 x 120 <\/figcaption><\/figure><\/li><li class=\"blocks-gallery-item\"><figure><a href=\"https:\/\/galeriamiejska.pl\/wp-content\/uploads\/2021\/01\/179_julia-curylo-boska-czastka-mandala2-2013-technika-mieszana-80-x-60-1.jpg\"><img src=\"https:\/\/galeriamiejska.pl\/wp-content\/uploads\/2021\/01\/179_julia-curylo-boska-czastka-mandala2-2013-technika-mieszana-80-x-60-1.jpg\" alt=\"\" data-id=\"3068\" data-full-url=\"https:\/\/galeriamiejska.pl\/wp-content\/uploads\/2021\/01\/179_julia-curylo-boska-czastka-mandala2-2013-technika-mieszana-80-x-60-1.jpg\" data-link=\"https:\/\/galeriamiejska.pl\/en\/julia-curylo\/179_julia-curylo-boska-czastka-mandala2-2013-technika-mieszana-80-x-60-2\/\" class=\"wp-image-3068\"\/><\/a><figcaption class=\"blocks-gallery-item__caption\">Julia Cury\u0142o, Boska cz\u0105stka (mandala2), 2013, technika mieszana, 80 x 60 <\/figcaption><\/figure><\/li><li class=\"blocks-gallery-item\"><figure><a href=\"https:\/\/galeriamiejska.pl\/wp-content\/uploads\/2021\/01\/179_julia-curylo-2012-matka-olej-na-plotnie-150-x-220-1.jpg\"><img src=\"https:\/\/galeriamiejska.pl\/wp-content\/uploads\/2021\/01\/179_julia-curylo-2012-matka-olej-na-plotnie-150-x-220-1.jpg\" alt=\"\" data-id=\"3067\" data-full-url=\"https:\/\/galeriamiejska.pl\/wp-content\/uploads\/2021\/01\/179_julia-curylo-2012-matka-olej-na-plotnie-150-x-220-1.jpg\" data-link=\"https:\/\/galeriamiejska.pl\/en\/julia-curylo\/179_julia-curylo-2012-matka-olej-na-plotnie-150-x-220-2\/\" class=\"wp-image-3067\"\/><\/a><figcaption class=\"blocks-gallery-item__caption\">Julia Cury\u0142o, 2012, Matka, olej na p\u0142\u00f3tnie, 150 x 220 <\/figcaption><\/figure><\/li><li class=\"blocks-gallery-item\"><figure><a href=\"https:\/\/galeriamiejska.pl\/wp-content\/uploads\/2021\/01\/179_julia-curylo-zderzenie-6-2011-olej-na-plotnie-18-x-24.jpg\"><img src=\"https:\/\/galeriamiejska.pl\/wp-content\/uploads\/2021\/01\/179_julia-curylo-zderzenie-6-2011-olej-na-plotnie-18-x-24.jpg\" alt=\"\" data-id=\"3066\" data-full-url=\"https:\/\/galeriamiejska.pl\/wp-content\/uploads\/2021\/01\/179_julia-curylo-zderzenie-6-2011-olej-na-plotnie-18-x-24.jpg\" data-link=\"https:\/\/galeriamiejska.pl\/en\/julia-curylo\/179_julia-curylo-zderzenie-6-2011-olej-na-plotnie-18-x-24\/\" class=\"wp-image-3066\"\/><\/a><figcaption class=\"blocks-gallery-item__caption\">Julia Cury\u0142o, Zderzenie 6, 2011, olej na p\u0142\u00f3tnie, 18 x 24 <\/figcaption><\/figure><\/li><li class=\"blocks-gallery-item\"><figure><a href=\"https:\/\/galeriamiejska.pl\/wp-content\/uploads\/2021\/01\/179_julia-curylo-zderzenie-5-2011-olej-na-plotnie-18-x-24.jpg\"><img src=\"https:\/\/galeriamiejska.pl\/wp-content\/uploads\/2021\/01\/179_julia-curylo-zderzenie-5-2011-olej-na-plotnie-18-x-24.jpg\" alt=\"\" data-id=\"3065\" data-full-url=\"https:\/\/galeriamiejska.pl\/wp-content\/uploads\/2021\/01\/179_julia-curylo-zderzenie-5-2011-olej-na-plotnie-18-x-24.jpg\" data-link=\"https:\/\/galeriamiejska.pl\/en\/julia-curylo\/179_julia-curylo-zderzenie-5-2011-olej-na-plotnie-18-x-24\/\" class=\"wp-image-3065\"\/><\/a><figcaption class=\"blocks-gallery-item__caption\">Julia Cury\u0142o, Zderzenie 5, 2011, olej na p\u0142\u00f3tnie, 18 x 24 <\/figcaption><\/figure><\/li><li class=\"blocks-gallery-item\"><figure><a href=\"https:\/\/galeriamiejska.pl\/wp-content\/uploads\/2021\/01\/179_julia-curylo-pisklak-nadzieja-malarstwa-2010-olej-na-plotnie-233x1575-1.jpg\"><img src=\"https:\/\/galeriamiejska.pl\/wp-content\/uploads\/2021\/01\/179_julia-curylo-pisklak-nadzieja-malarstwa-2010-olej-na-plotnie-233x1575-1.jpg\" alt=\"\" data-id=\"3064\" data-full-url=\"https:\/\/galeriamiejska.pl\/wp-content\/uploads\/2021\/01\/179_julia-curylo-pisklak-nadzieja-malarstwa-2010-olej-na-plotnie-233x1575-1.jpg\" data-link=\"https:\/\/galeriamiejska.pl\/en\/julia-curylo\/179_julia-curylo-pisklak-nadzieja-malarstwa-2010-olej-na-plotnie-233x1575\/\" class=\"wp-image-3064\"\/><\/a><figcaption class=\"blocks-gallery-item__caption\">Julia Cury\u0142o, Pisklak, nadzieja malarstwa, 2010, olej na p\u0142\u00f3tnie, 233x157,5 <\/figcaption><\/figure><\/li><li class=\"blocks-gallery-item\"><figure><a href=\"https:\/\/galeriamiejska.pl\/wp-content\/uploads\/2021\/01\/179_julia-curylo-motyle-olej-na-plotnie-203x146-2.jpg\"><img src=\"https:\/\/galeriamiejska.pl\/wp-content\/uploads\/2021\/01\/179_julia-curylo-motyle-olej-na-plotnie-203x146-2.jpg\" alt=\"\" data-id=\"3063\" data-full-url=\"https:\/\/galeriamiejska.pl\/wp-content\/uploads\/2021\/01\/179_julia-curylo-motyle-olej-na-plotnie-203x146-2.jpg\" data-link=\"https:\/\/galeriamiejska.pl\/en\/julia-curylo\/179_julia-curylo-motyle-olej-na-plotnie-203x146-2\/\" class=\"wp-image-3063\"\/><\/a><figcaption class=\"blocks-gallery-item__caption\">Julia Cury\u0142o, Motyle, olej na p\u0142\u00f3tnie, 203x146 <\/figcaption><\/figure><\/li><li class=\"blocks-gallery-item\"><figure><a href=\"https:\/\/galeriamiejska.pl\/wp-content\/uploads\/2021\/01\/179_julia-curylo-lhc-wojna-2011-olej-na-plotnie-158-x-225-1.jpg\"><img src=\"https:\/\/galeriamiejska.pl\/wp-content\/uploads\/2021\/01\/179_julia-curylo-lhc-wojna-2011-olej-na-plotnie-158-x-225-1.jpg\" alt=\"\" data-id=\"3062\" data-full-url=\"https:\/\/galeriamiejska.pl\/wp-content\/uploads\/2021\/01\/179_julia-curylo-lhc-wojna-2011-olej-na-plotnie-158-x-225-1.jpg\" data-link=\"https:\/\/galeriamiejska.pl\/en\/julia-curylo\/179_julia-curylo-lhc-wojna-2011-olej-na-plotnie-158-x-225-2\/\" class=\"wp-image-3062\"\/><\/a><figcaption class=\"blocks-gallery-item__caption\">Julia Cury\u0142o, LHC, Wojna, 2011, olej na p\u0142\u00f3tnie, 158 x 225 <\/figcaption><\/figure><\/li><\/ul><\/figure>\n<!-- \/wp:gallery -->"},"excerpt":{"rendered":"<p>She is an author of paintings and installations presented in public city space.<\/p>\n","protected":false,"raw":"She is an author of paintings and installations presented in public city space.\n"},"author":1,"featured_media":89,"comment_status":"open","ping_status":"open","sticky":false,"template":"","format":"standard","meta":{"_pl_post_content":"<!-- wp:eedee\/block-gutenslider {\"gsBlockId\":\"t5rrkdasn\",\"media\":[{\"alt\":\"\",\"id\":\"3073\",\"link\":\"https:\/\/galeriamiejska.pl\/julia-curylo\/179_julia-curylo-lhc-genesis-2011-olej-na-plotnie-156-x-224-2\/\",\"caption\":\"Julia Cury\u0142o, LHC, Genesis, 2011, olej na p\u0142\u00f3tnie, 156 x 224 \",\"type\":\"image\",\"url\":\"https:\/\/galeriamiejska.pl\/wp-content\/uploads\/2021\/01\/179_julia-curylo-lhc-genesis-2011-olej-na-plotnie-156-x-224-1.jpg\",\"fullUrl\":\"https:\/\/galeriamiejska.pl\/wp-content\/uploads\/2021\/01\/179_julia-curylo-lhc-genesis-2011-olej-na-plotnie-156-x-224-1.jpg\"},{\"alt\":\"\",\"id\":\"3072\",\"link\":\"https:\/\/galeriamiejska.pl\/julia-curylo\/179_julia-curylo-lhc-apokalipsa-olej-na-plotnie-240-x-150-2\/\",\"caption\":\"Julia Cury\u0142o, LHC, Apokalipsa, olej na p\u0142\u00f3tnie, 240 x 150 \",\"type\":\"image\",\"url\":\"https:\/\/galeriamiejska.pl\/wp-content\/uploads\/2021\/01\/179_julia-curylo-lhc-apokalipsa-olej-na-plotnie-240-x-150-1.jpg\",\"fullUrl\":\"https:\/\/galeriamiejska.pl\/wp-content\/uploads\/2021\/01\/179_julia-curylo-lhc-apokalipsa-olej-na-plotnie-240-x-150-1.jpg\"},{\"alt\":\"\",\"id\":\"3071\",\"link\":\"https:\/\/galeriamiejska.pl\/julia-curylo\/179_julia-curylo-euroarabia-2013-olej-na-plotnie-200-x-120-2\/\",\"caption\":\"Julia Cury\u0142o, Euroarabia, 2013, olej na p\u0142\u00f3tnie, 200 x 120 \",\"type\":\"image\",\"url\":\"https:\/\/galeriamiejska.pl\/wp-content\/uploads\/2021\/01\/179_julia-curylo-euroarabia-2013-olej-na-plotnie-200-x-120-1.jpg\",\"fullUrl\":\"https:\/\/galeriamiejska.pl\/wp-content\/uploads\/2021\/01\/179_julia-curylo-euroarabia-2013-olej-na-plotnie-200-x-120-1.jpg\"},{\"alt\":\"\",\"id\":\"3070\",\"link\":\"https:\/\/galeriamiejska.pl\/julia-curylo\/179_julia-curylo-dance-macabre-2013-technika-mieszana-210-x-140-2\/\",\"caption\":\"Julia Cury\u0142o, Dance macabre, 2013, technika mieszana, 210 x 140 \",\"type\":\"image\",\"url\":\"https:\/\/galeriamiejska.pl\/wp-content\/uploads\/2021\/01\/179_julia-curylo-dance-macabre-2013-technika-mieszana-210-x-140-1.jpg\",\"fullUrl\":\"https:\/\/galeriamiejska.pl\/wp-content\/uploads\/2021\/01\/179_julia-curylo-dance-macabre-2013-technika-mieszana-210-x-140-1.jpg\"},{\"alt\":\"\",\"id\":\"3069\",\"link\":\"https:\/\/galeriamiejska.pl\/julia-curylo\/179_julia-curylo-boska-czastka-mandala6-2013technika-mieszana-160-x-120-2\/\",\"caption\":\"Julia Cury\u0142o, Boska cz\u0105stka (mandala6), 2013,technika mieszana, 160 x 120 \",\"type\":\"image\",\"url\":\"https:\/\/galeriamiejska.pl\/wp-content\/uploads\/2021\/01\/179_julia-curylo-boska-czastka-mandala6-2013technika-mieszana-160-x-120-1.jpg\",\"fullUrl\":\"https:\/\/galeriamiejska.pl\/wp-content\/uploads\/2021\/01\/179_julia-curylo-boska-czastka-mandala6-2013technika-mieszana-160-x-120-1.jpg\"},{\"alt\":\"\",\"id\":\"3068\",\"link\":\"https:\/\/galeriamiejska.pl\/julia-curylo\/179_julia-curylo-boska-czastka-mandala2-2013-technika-mieszana-80-x-60-2\/\",\"caption\":\"Julia Cury\u0142o, Boska cz\u0105stka (mandala2), 2013, technika mieszana, 80 x 60 \",\"type\":\"image\",\"url\":\"https:\/\/galeriamiejska.pl\/wp-content\/uploads\/2021\/01\/179_julia-curylo-boska-czastka-mandala2-2013-technika-mieszana-80-x-60-1.jpg\",\"fullUrl\":\"https:\/\/galeriamiejska.pl\/wp-content\/uploads\/2021\/01\/179_julia-curylo-boska-czastka-mandala2-2013-technika-mieszana-80-x-60-1.jpg\"},{\"alt\":\"\",\"id\":\"3067\",\"link\":\"https:\/\/galeriamiejska.pl\/julia-curylo\/179_julia-curylo-2012-matka-olej-na-plotnie-150-x-220-2\/\",\"caption\":\"Julia Cury\u0142o, 2012, Matka, olej na p\u0142\u00f3tnie, 150 x 220 \",\"type\":\"image\",\"url\":\"https:\/\/galeriamiejska.pl\/wp-content\/uploads\/2021\/01\/179_julia-curylo-2012-matka-olej-na-plotnie-150-x-220-1.jpg\",\"fullUrl\":\"https:\/\/galeriamiejska.pl\/wp-content\/uploads\/2021\/01\/179_julia-curylo-2012-matka-olej-na-plotnie-150-x-220-1.jpg\"},{\"alt\":\"\",\"id\":\"3066\",\"link\":\"https:\/\/galeriamiejska.pl\/julia-curylo\/179_julia-curylo-zderzenie-6-2011-olej-na-plotnie-18-x-24\/\",\"caption\":\"Julia Cury\u0142o, Zderzenie 6, 2011, olej na p\u0142\u00f3tnie, 18 x 24 \",\"type\":\"image\",\"url\":\"https:\/\/galeriamiejska.pl\/wp-content\/uploads\/2021\/01\/179_julia-curylo-zderzenie-6-2011-olej-na-plotnie-18-x-24.jpg\",\"fullUrl\":\"https:\/\/galeriamiejska.pl\/wp-content\/uploads\/2021\/01\/179_julia-curylo-zderzenie-6-2011-olej-na-plotnie-18-x-24.jpg\"},{\"alt\":\"\",\"id\":\"3065\",\"link\":\"https:\/\/galeriamiejska.pl\/julia-curylo\/179_julia-curylo-zderzenie-5-2011-olej-na-plotnie-18-x-24\/\",\"caption\":\"Julia Cury\u0142o, Zderzenie 5, 2011, olej na p\u0142\u00f3tnie, 18 x 24 \",\"type\":\"image\",\"url\":\"https:\/\/galeriamiejska.pl\/wp-content\/uploads\/2021\/01\/179_julia-curylo-zderzenie-5-2011-olej-na-plotnie-18-x-24.jpg\",\"fullUrl\":\"https:\/\/galeriamiejska.pl\/wp-content\/uploads\/2021\/01\/179_julia-curylo-zderzenie-5-2011-olej-na-plotnie-18-x-24.jpg\"},{\"alt\":\"\",\"id\":\"3064\",\"link\":\"https:\/\/galeriamiejska.pl\/julia-curylo\/179_julia-curylo-pisklak-nadzieja-malarstwa-2010-olej-na-plotnie-233x1575\/\",\"caption\":\"Julia Cury\u0142o, Pisklak, nadzieja malarstwa, 2010, olej na p\u0142\u00f3tnie, 233x157,5 \",\"type\":\"image\",\"url\":\"https:\/\/galeriamiejska.pl\/wp-content\/uploads\/2021\/01\/179_julia-curylo-pisklak-nadzieja-malarstwa-2010-olej-na-plotnie-233x1575-1.jpg\",\"fullUrl\":\"https:\/\/galeriamiejska.pl\/wp-content\/uploads\/2021\/01\/179_julia-curylo-pisklak-nadzieja-malarstwa-2010-olej-na-plotnie-233x1575-1.jpg\"},{\"alt\":\"\",\"id\":\"3063\",\"link\":\"https:\/\/galeriamiejska.pl\/julia-curylo\/179_julia-curylo-motyle-olej-na-plotnie-203x146-2\/\",\"caption\":\"Julia Cury\u0142o, Motyle, olej na p\u0142\u00f3tnie, 203x146 \",\"type\":\"image\",\"url\":\"https:\/\/galeriamiejska.pl\/wp-content\/uploads\/2021\/01\/179_julia-curylo-motyle-olej-na-plotnie-203x146-2.jpg\",\"fullUrl\":\"https:\/\/galeriamiejska.pl\/wp-content\/uploads\/2021\/01\/179_julia-curylo-motyle-olej-na-plotnie-203x146-2.jpg\"},{\"alt\":\"\",\"id\":\"3062\",\"link\":\"https:\/\/galeriamiejska.pl\/julia-curylo\/179_julia-curylo-lhc-wojna-2011-olej-na-plotnie-158-x-225-2\/\",\"caption\":\"Julia Cury\u0142o, LHC, Wojna, 2011, olej na p\u0142\u00f3tnie, 158 x 225 \",\"type\":\"image\",\"url\":\"https:\/\/galeriamiejska.pl\/wp-content\/uploads\/2021\/01\/179_julia-curylo-lhc-wojna-2011-olej-na-plotnie-158-x-225-1.jpg\",\"fullUrl\":\"https:\/\/galeriamiejska.pl\/wp-content\/uploads\/2021\/01\/179_julia-curylo-lhc-wojna-2011-olej-na-plotnie-158-x-225-1.jpg\"}],\"contentMode\":\"fixed\",\"autoplay\":false,\"adaptiveHeight\":true} -->\n<!-- wp:eedee\/block-gutenslide {\"gsBlockId\":\"tebhapvvs\",\"background\":{\"backgroundType\":\"image\",\"backgroundColor\":\"#eeeeee\",\"backgroundOverlayImage\":\"\",\"backgroundOverlayVideo\":\"\",\"backgroundOverlayOpacity\":50,\"backgroundGradient\":{},\"backgroundImage\":{\"alt\":\"\",\"id\":\"3073\",\"link\":\"https:\/\/galeriamiejska.pl\/julia-curylo\/179_julia-curylo-lhc-genesis-2011-olej-na-plotnie-156-x-224-2\/\",\"caption\":\"Julia Cury\u0142o, LHC, Genesis, 2011, olej na p\u0142\u00f3tnie, 156 x 224 \",\"type\":\"image\",\"url\":\"https:\/\/galeriamiejska.pl\/wp-content\/uploads\/2021\/01\/179_julia-curylo-lhc-genesis-2011-olej-na-plotnie-156-x-224-1.jpg\",\"fullUrl\":\"https:\/\/galeriamiejska.pl\/wp-content\/uploads\/2021\/01\/179_julia-curylo-lhc-genesis-2011-olej-na-plotnie-156-x-224-1.jpg\"},\"backgroundPosition\":\"center center\",\"backgroundRepeat\":\"no-repeat\",\"backgroundImageSize\":\"cover\",\"backgroundVideoSize\":\"cover\",\"customBackgroundColor\":\"\",\"hasParallax\":false,\"backgroundFocalPoint\":{\"x\":0.5,\"y\":0.5},\"backgroundVideoFocalPoint\":{\"x\":0.5,\"y\":0.5},\"backgroundVideo\":{},\"backgroundVideoMuted\":true,\"backgroundVideoLoop\":true,\"backgroundVideoAutoplay\":true,\"openPopover\":true,\"mediaId\":\"3073\"}} -->\n<!-- wp:paragraph {\"align\":\"center\",\"placeholder\":\"Add slide content here\u2026\",\"className\":\"gutenslider-content-initial\",\"fontSize\":\"larger\"} -->\n<p class=\"has-text-align-center gutenslider-content-initial has-larger-font-size\"><\/p>\n<!-- \/wp:paragraph -->\n<!-- \/wp:eedee\/block-gutenslide -->\n\n<!-- wp:eedee\/block-gutenslide {\"gsBlockId\":\"xegi85jto\",\"background\":{\"backgroundType\":\"image\",\"backgroundColor\":\"#eeeeee\",\"backgroundOverlayImage\":\"\",\"backgroundOverlayVideo\":\"\",\"backgroundOverlayOpacity\":50,\"backgroundGradient\":{},\"backgroundImage\":{\"alt\":\"\",\"id\":\"3072\",\"link\":\"https:\/\/galeriamiejska.pl\/julia-curylo\/179_julia-curylo-lhc-apokalipsa-olej-na-plotnie-240-x-150-2\/\",\"caption\":\"Julia Cury\u0142o, LHC, Apokalipsa, olej na p\u0142\u00f3tnie, 240 x 150 \",\"type\":\"image\",\"url\":\"https:\/\/galeriamiejska.pl\/wp-content\/uploads\/2021\/01\/179_julia-curylo-lhc-apokalipsa-olej-na-plotnie-240-x-150-1.jpg\",\"fullUrl\":\"https:\/\/galeriamiejska.pl\/wp-content\/uploads\/2021\/01\/179_julia-curylo-lhc-apokalipsa-olej-na-plotnie-240-x-150-1.jpg\"},\"backgroundPosition\":\"center center\",\"backgroundRepeat\":\"no-repeat\",\"backgroundImageSize\":\"cover\",\"backgroundVideoSize\":\"cover\",\"customBackgroundColor\":\"\",\"hasParallax\":false,\"backgroundFocalPoint\":{\"x\":0.5,\"y\":0.5},\"backgroundVideoFocalPoint\":{\"x\":0.5,\"y\":0.5},\"backgroundVideo\":{},\"backgroundVideoMuted\":true,\"backgroundVideoLoop\":true,\"backgroundVideoAutoplay\":true,\"openPopover\":true,\"mediaId\":\"3072\"}} -->\n<!-- wp:paragraph {\"align\":\"center\",\"placeholder\":\"Add slide content here\u2026\",\"className\":\"gutenslider-content-initial\",\"fontSize\":\"larger\"} -->\n<p class=\"has-text-align-center gutenslider-content-initial has-larger-font-size\"><\/p>\n<!-- \/wp:paragraph -->\n<!-- \/wp:eedee\/block-gutenslide -->\n\n<!-- wp:eedee\/block-gutenslide {\"gsBlockId\":\"py64sjdd7\",\"background\":{\"backgroundType\":\"image\",\"backgroundColor\":\"#eeeeee\",\"backgroundOverlayImage\":\"\",\"backgroundOverlayVideo\":\"\",\"backgroundOverlayOpacity\":50,\"backgroundGradient\":{},\"backgroundImage\":{\"alt\":\"\",\"id\":\"3071\",\"link\":\"https:\/\/galeriamiejska.pl\/julia-curylo\/179_julia-curylo-euroarabia-2013-olej-na-plotnie-200-x-120-2\/\",\"caption\":\"Julia Cury\u0142o, Euroarabia, 2013, olej na p\u0142\u00f3tnie, 200 x 120 \",\"type\":\"image\",\"url\":\"https:\/\/galeriamiejska.pl\/wp-content\/uploads\/2021\/01\/179_julia-curylo-euroarabia-2013-olej-na-plotnie-200-x-120-1.jpg\",\"fullUrl\":\"https:\/\/galeriamiejska.pl\/wp-content\/uploads\/2021\/01\/179_julia-curylo-euroarabia-2013-olej-na-plotnie-200-x-120-1.jpg\"},\"backgroundPosition\":\"center center\",\"backgroundRepeat\":\"no-repeat\",\"backgroundImageSize\":\"cover\",\"backgroundVideoSize\":\"cover\",\"customBackgroundColor\":\"\",\"hasParallax\":false,\"backgroundFocalPoint\":{\"x\":0.5,\"y\":0.5},\"backgroundVideoFocalPoint\":{\"x\":0.5,\"y\":0.5},\"backgroundVideo\":{},\"backgroundVideoMuted\":true,\"backgroundVideoLoop\":true,\"backgroundVideoAutoplay\":true,\"openPopover\":true,\"mediaId\":\"3071\"}} -->\n<!-- wp:paragraph {\"align\":\"center\",\"placeholder\":\"Add slide content here\u2026\",\"className\":\"gutenslider-content-initial\",\"fontSize\":\"larger\"} -->\n<p class=\"has-text-align-center gutenslider-content-initial has-larger-font-size\"><\/p>\n<!-- \/wp:paragraph -->\n<!-- \/wp:eedee\/block-gutenslide -->\n\n<!-- wp:eedee\/block-gutenslide {\"gsBlockId\":\"mi7kg7yaf\",\"background\":{\"backgroundType\":\"image\",\"backgroundColor\":\"#eeeeee\",\"backgroundOverlayImage\":\"\",\"backgroundOverlayVideo\":\"\",\"backgroundOverlayOpacity\":50,\"backgroundGradient\":{},\"backgroundImage\":{\"alt\":\"\",\"id\":\"3070\",\"link\":\"https:\/\/galeriamiejska.pl\/julia-curylo\/179_julia-curylo-dance-macabre-2013-technika-mieszana-210-x-140-2\/\",\"caption\":\"Julia Cury\u0142o, Dance macabre, 2013, technika mieszana, 210 x 140 \",\"type\":\"image\",\"url\":\"https:\/\/galeriamiejska.pl\/wp-content\/uploads\/2021\/01\/179_julia-curylo-dance-macabre-2013-technika-mieszana-210-x-140-1.jpg\",\"fullUrl\":\"https:\/\/galeriamiejska.pl\/wp-content\/uploads\/2021\/01\/179_julia-curylo-dance-macabre-2013-technika-mieszana-210-x-140-1.jpg\"},\"backgroundPosition\":\"center center\",\"backgroundRepeat\":\"no-repeat\",\"backgroundImageSize\":\"cover\",\"backgroundVideoSize\":\"cover\",\"customBackgroundColor\":\"\",\"hasParallax\":false,\"backgroundFocalPoint\":{\"x\":0.5,\"y\":0.5},\"backgroundVideoFocalPoint\":{\"x\":0.5,\"y\":0.5},\"backgroundVideo\":{},\"backgroundVideoMuted\":true,\"backgroundVideoLoop\":true,\"backgroundVideoAutoplay\":true,\"openPopover\":true,\"mediaId\":\"3070\"}} -->\n<!-- wp:paragraph {\"align\":\"center\",\"placeholder\":\"Add slide content here\u2026\",\"className\":\"gutenslider-content-initial\",\"fontSize\":\"larger\"} -->\n<p class=\"has-text-align-center gutenslider-content-initial has-larger-font-size\"><\/p>\n<!-- \/wp:paragraph -->\n<!-- \/wp:eedee\/block-gutenslide -->\n\n<!-- wp:eedee\/block-gutenslide {\"gsBlockId\":\"gj3jatx71\",\"background\":{\"backgroundType\":\"image\",\"backgroundColor\":\"#eeeeee\",\"backgroundOverlayImage\":\"\",\"backgroundOverlayVideo\":\"\",\"backgroundOverlayOpacity\":50,\"backgroundGradient\":{},\"backgroundImage\":{\"alt\":\"\",\"id\":\"3069\",\"link\":\"https:\/\/galeriamiejska.pl\/julia-curylo\/179_julia-curylo-boska-czastka-mandala6-2013technika-mieszana-160-x-120-2\/\",\"caption\":\"Julia Cury\u0142o, Boska cz\u0105stka (mandala6), 2013,technika mieszana, 160 x 120 \",\"type\":\"image\",\"url\":\"https:\/\/galeriamiejska.pl\/wp-content\/uploads\/2021\/01\/179_julia-curylo-boska-czastka-mandala6-2013technika-mieszana-160-x-120-1.jpg\",\"fullUrl\":\"https:\/\/galeriamiejska.pl\/wp-content\/uploads\/2021\/01\/179_julia-curylo-boska-czastka-mandala6-2013technika-mieszana-160-x-120-1.jpg\"},\"backgroundPosition\":\"center center\",\"backgroundRepeat\":\"no-repeat\",\"backgroundImageSize\":\"cover\",\"backgroundVideoSize\":\"cover\",\"customBackgroundColor\":\"\",\"hasParallax\":false,\"backgroundFocalPoint\":{\"x\":0.5,\"y\":0.5},\"backgroundVideoFocalPoint\":{\"x\":0.5,\"y\":0.5},\"backgroundVideo\":{},\"backgroundVideoMuted\":true,\"backgroundVideoLoop\":true,\"backgroundVideoAutoplay\":true,\"openPopover\":true,\"mediaId\":\"3069\"}} -->\n<!-- wp:paragraph {\"align\":\"center\",\"placeholder\":\"Add slide content here\u2026\",\"className\":\"gutenslider-content-initial\",\"fontSize\":\"larger\"} -->\n<p class=\"has-text-align-center gutenslider-content-initial has-larger-font-size\"><\/p>\n<!-- \/wp:paragraph -->\n<!-- \/wp:eedee\/block-gutenslide -->\n\n<!-- wp:eedee\/block-gutenslide {\"gsBlockId\":\"4c9m0msff\",\"background\":{\"backgroundType\":\"image\",\"backgroundColor\":\"#eeeeee\",\"backgroundOverlayImage\":\"\",\"backgroundOverlayVideo\":\"\",\"backgroundOverlayOpacity\":50,\"backgroundGradient\":{},\"backgroundImage\":{\"alt\":\"\",\"id\":\"3068\",\"link\":\"https:\/\/galeriamiejska.pl\/julia-curylo\/179_julia-curylo-boska-czastka-mandala2-2013-technika-mieszana-80-x-60-2\/\",\"caption\":\"Julia Cury\u0142o, Boska cz\u0105stka (mandala2), 2013, technika mieszana, 80 x 60 \",\"type\":\"image\",\"url\":\"https:\/\/galeriamiejska.pl\/wp-content\/uploads\/2021\/01\/179_julia-curylo-boska-czastka-mandala2-2013-technika-mieszana-80-x-60-1.jpg\",\"fullUrl\":\"https:\/\/galeriamiejska.pl\/wp-content\/uploads\/2021\/01\/179_julia-curylo-boska-czastka-mandala2-2013-technika-mieszana-80-x-60-1.jpg\"},\"backgroundPosition\":\"center center\",\"backgroundRepeat\":\"no-repeat\",\"backgroundImageSize\":\"cover\",\"backgroundVideoSize\":\"cover\",\"customBackgroundColor\":\"\",\"hasParallax\":false,\"backgroundFocalPoint\":{\"x\":0.5,\"y\":0.5},\"backgroundVideoFocalPoint\":{\"x\":0.5,\"y\":0.5},\"backgroundVideo\":{},\"backgroundVideoMuted\":true,\"backgroundVideoLoop\":true,\"backgroundVideoAutoplay\":true,\"openPopover\":true,\"mediaId\":\"3068\"}} -->\n<!-- wp:paragraph {\"align\":\"center\",\"placeholder\":\"Add slide content here\u2026\",\"className\":\"gutenslider-content-initial\",\"fontSize\":\"larger\"} -->\n<p class=\"has-text-align-center gutenslider-content-initial has-larger-font-size\"><\/p>\n<!-- \/wp:paragraph -->\n<!-- \/wp:eedee\/block-gutenslide -->\n\n<!-- wp:eedee\/block-gutenslide {\"gsBlockId\":\"jwg7oyzg4\",\"background\":{\"backgroundType\":\"image\",\"backgroundColor\":\"#eeeeee\",\"backgroundOverlayImage\":\"\",\"backgroundOverlayVideo\":\"\",\"backgroundOverlayOpacity\":50,\"backgroundGradient\":{},\"backgroundImage\":{\"alt\":\"\",\"id\":\"3067\",\"link\":\"https:\/\/galeriamiejska.pl\/julia-curylo\/179_julia-curylo-2012-matka-olej-na-plotnie-150-x-220-2\/\",\"caption\":\"Julia Cury\u0142o, 2012, Matka, olej na p\u0142\u00f3tnie, 150 x 220 \",\"type\":\"image\",\"url\":\"https:\/\/galeriamiejska.pl\/wp-content\/uploads\/2021\/01\/179_julia-curylo-2012-matka-olej-na-plotnie-150-x-220-1.jpg\",\"fullUrl\":\"https:\/\/galeriamiejska.pl\/wp-content\/uploads\/2021\/01\/179_julia-curylo-2012-matka-olej-na-plotnie-150-x-220-1.jpg\"},\"backgroundPosition\":\"center center\",\"backgroundRepeat\":\"no-repeat\",\"backgroundImageSize\":\"cover\",\"backgroundVideoSize\":\"cover\",\"customBackgroundColor\":\"\",\"hasParallax\":false,\"backgroundFocalPoint\":{\"x\":0.5,\"y\":0.5},\"backgroundVideoFocalPoint\":{\"x\":0.5,\"y\":0.5},\"backgroundVideo\":{},\"backgroundVideoMuted\":true,\"backgroundVideoLoop\":true,\"backgroundVideoAutoplay\":true,\"openPopover\":true,\"mediaId\":\"3067\"}} -->\n<!-- wp:paragraph {\"align\":\"center\",\"placeholder\":\"Add slide content here\u2026\",\"className\":\"gutenslider-content-initial\",\"fontSize\":\"larger\"} -->\n<p class=\"has-text-align-center gutenslider-content-initial has-larger-font-size\"><\/p>\n<!-- \/wp:paragraph -->\n<!-- \/wp:eedee\/block-gutenslide -->\n\n<!-- wp:eedee\/block-gutenslide {\"gsBlockId\":\"jexknpfhf\",\"background\":{\"backgroundType\":\"image\",\"backgroundColor\":\"#eeeeee\",\"backgroundOverlayImage\":\"\",\"backgroundOverlayVideo\":\"\",\"backgroundOverlayOpacity\":50,\"backgroundGradient\":{},\"backgroundImage\":{\"alt\":\"\",\"id\":\"3066\",\"link\":\"https:\/\/galeriamiejska.pl\/julia-curylo\/179_julia-curylo-zderzenie-6-2011-olej-na-plotnie-18-x-24\/\",\"caption\":\"Julia Cury\u0142o, Zderzenie 6, 2011, olej na p\u0142\u00f3tnie, 18 x 24 \",\"type\":\"image\",\"url\":\"https:\/\/galeriamiejska.pl\/wp-content\/uploads\/2021\/01\/179_julia-curylo-zderzenie-6-2011-olej-na-plotnie-18-x-24.jpg\",\"fullUrl\":\"https:\/\/galeriamiejska.pl\/wp-content\/uploads\/2021\/01\/179_julia-curylo-zderzenie-6-2011-olej-na-plotnie-18-x-24.jpg\"},\"backgroundPosition\":\"center center\",\"backgroundRepeat\":\"no-repeat\",\"backgroundImageSize\":\"cover\",\"backgroundVideoSize\":\"cover\",\"customBackgroundColor\":\"\",\"hasParallax\":false,\"backgroundFocalPoint\":{\"x\":0.5,\"y\":0.5},\"backgroundVideoFocalPoint\":{\"x\":0.5,\"y\":0.5},\"backgroundVideo\":{},\"backgroundVideoMuted\":true,\"backgroundVideoLoop\":true,\"backgroundVideoAutoplay\":true,\"openPopover\":true,\"mediaId\":\"3066\"}} -->\n<!-- wp:paragraph {\"align\":\"center\",\"placeholder\":\"Add slide content here\u2026\",\"className\":\"gutenslider-content-initial\",\"fontSize\":\"larger\"} -->\n<p class=\"has-text-align-center gutenslider-content-initial has-larger-font-size\"><\/p>\n<!-- \/wp:paragraph -->\n<!-- \/wp:eedee\/block-gutenslide -->\n\n<!-- wp:eedee\/block-gutenslide {\"gsBlockId\":\"sx8unq1q2\",\"background\":{\"backgroundType\":\"image\",\"backgroundColor\":\"#eeeeee\",\"backgroundOverlayImage\":\"\",\"backgroundOverlayVideo\":\"\",\"backgroundOverlayOpacity\":50,\"backgroundGradient\":{},\"backgroundImage\":{\"alt\":\"\",\"id\":\"3065\",\"link\":\"https:\/\/galeriamiejska.pl\/julia-curylo\/179_julia-curylo-zderzenie-5-2011-olej-na-plotnie-18-x-24\/\",\"caption\":\"Julia Cury\u0142o, Zderzenie 5, 2011, olej na p\u0142\u00f3tnie, 18 x 24 \",\"type\":\"image\",\"url\":\"https:\/\/galeriamiejska.pl\/wp-content\/uploads\/2021\/01\/179_julia-curylo-zderzenie-5-2011-olej-na-plotnie-18-x-24.jpg\",\"fullUrl\":\"https:\/\/galeriamiejska.pl\/wp-content\/uploads\/2021\/01\/179_julia-curylo-zderzenie-5-2011-olej-na-plotnie-18-x-24.jpg\"},\"backgroundPosition\":\"center center\",\"backgroundRepeat\":\"no-repeat\",\"backgroundImageSize\":\"cover\",\"backgroundVideoSize\":\"cover\",\"customBackgroundColor\":\"\",\"hasParallax\":false,\"backgroundFocalPoint\":{\"x\":0.5,\"y\":0.5},\"backgroundVideoFocalPoint\":{\"x\":0.5,\"y\":0.5},\"backgroundVideo\":{},\"backgroundVideoMuted\":true,\"backgroundVideoLoop\":true,\"backgroundVideoAutoplay\":true,\"openPopover\":true,\"mediaId\":\"3065\"}} -->\n<!-- wp:paragraph {\"align\":\"center\",\"placeholder\":\"Add slide content here\u2026\",\"className\":\"gutenslider-content-initial\",\"fontSize\":\"larger\"} -->\n<p class=\"has-text-align-center gutenslider-content-initial has-larger-font-size\"><\/p>\n<!-- \/wp:paragraph -->\n<!-- \/wp:eedee\/block-gutenslide -->\n\n<!-- wp:eedee\/block-gutenslide {\"gsBlockId\":\"369jcvx5z\",\"background\":{\"backgroundType\":\"image\",\"backgroundColor\":\"#eeeeee\",\"backgroundOverlayImage\":\"\",\"backgroundOverlayVideo\":\"\",\"backgroundOverlayOpacity\":50,\"backgroundGradient\":{},\"backgroundImage\":{\"alt\":\"\",\"id\":\"3064\",\"link\":\"https:\/\/galeriamiejska.pl\/julia-curylo\/179_julia-curylo-pisklak-nadzieja-malarstwa-2010-olej-na-plotnie-233x1575\/\",\"caption\":\"Julia Cury\u0142o, Pisklak, nadzieja malarstwa, 2010, olej na p\u0142\u00f3tnie, 233x157,5 \",\"type\":\"image\",\"url\":\"https:\/\/galeriamiejska.pl\/wp-content\/uploads\/2021\/01\/179_julia-curylo-pisklak-nadzieja-malarstwa-2010-olej-na-plotnie-233x1575-1.jpg\",\"fullUrl\":\"https:\/\/galeriamiejska.pl\/wp-content\/uploads\/2021\/01\/179_julia-curylo-pisklak-nadzieja-malarstwa-2010-olej-na-plotnie-233x1575-1.jpg\"},\"backgroundPosition\":\"center center\",\"backgroundRepeat\":\"no-repeat\",\"backgroundImageSize\":\"cover\",\"backgroundVideoSize\":\"cover\",\"customBackgroundColor\":\"\",\"hasParallax\":false,\"backgroundFocalPoint\":{\"x\":0.5,\"y\":0.5},\"backgroundVideoFocalPoint\":{\"x\":0.5,\"y\":0.5},\"backgroundVideo\":{},\"backgroundVideoMuted\":true,\"backgroundVideoLoop\":true,\"backgroundVideoAutoplay\":true,\"openPopover\":true,\"mediaId\":\"3064\"}} -->\n<!-- wp:paragraph {\"align\":\"center\",\"placeholder\":\"Add slide content here\u2026\",\"className\":\"gutenslider-content-initial\",\"fontSize\":\"larger\"} -->\n<p class=\"has-text-align-center gutenslider-content-initial has-larger-font-size\"><\/p>\n<!-- \/wp:paragraph -->\n<!-- \/wp:eedee\/block-gutenslide -->\n\n<!-- wp:eedee\/block-gutenslide {\"gsBlockId\":\"mvzqvx2f3\",\"background\":{\"backgroundType\":\"image\",\"backgroundColor\":\"#eeeeee\",\"backgroundOverlayImage\":\"\",\"backgroundOverlayVideo\":\"\",\"backgroundOverlayOpacity\":50,\"backgroundGradient\":{},\"backgroundImage\":{\"alt\":\"\",\"id\":\"3063\",\"link\":\"https:\/\/galeriamiejska.pl\/julia-curylo\/179_julia-curylo-motyle-olej-na-plotnie-203x146-2\/\",\"caption\":\"Julia Cury\u0142o, Motyle, olej na p\u0142\u00f3tnie, 203x146 \",\"type\":\"image\",\"url\":\"https:\/\/galeriamiejska.pl\/wp-content\/uploads\/2021\/01\/179_julia-curylo-motyle-olej-na-plotnie-203x146-2.jpg\",\"fullUrl\":\"https:\/\/galeriamiejska.pl\/wp-content\/uploads\/2021\/01\/179_julia-curylo-motyle-olej-na-plotnie-203x146-2.jpg\"},\"backgroundPosition\":\"center center\",\"backgroundRepeat\":\"no-repeat\",\"backgroundImageSize\":\"cover\",\"backgroundVideoSize\":\"cover\",\"customBackgroundColor\":\"\",\"hasParallax\":false,\"backgroundFocalPoint\":{\"x\":0.5,\"y\":0.5},\"backgroundVideoFocalPoint\":{\"x\":0.5,\"y\":0.5},\"backgroundVideo\":{},\"backgroundVideoMuted\":true,\"backgroundVideoLoop\":true,\"backgroundVideoAutoplay\":true,\"openPopover\":true,\"mediaId\":\"3063\"}} -->\n<!-- wp:paragraph {\"align\":\"center\",\"placeholder\":\"Add slide content here\u2026\",\"className\":\"gutenslider-content-initial\",\"fontSize\":\"larger\"} -->\n<p class=\"has-text-align-center gutenslider-content-initial has-larger-font-size\"><\/p>\n<!-- \/wp:paragraph -->\n<!-- \/wp:eedee\/block-gutenslide -->\n\n<!-- wp:eedee\/block-gutenslide {\"gsBlockId\":\"cb89f1zdc\",\"background\":{\"backgroundType\":\"image\",\"backgroundColor\":\"#eeeeee\",\"backgroundOverlayImage\":\"\",\"backgroundOverlayVideo\":\"\",\"backgroundOverlayOpacity\":50,\"backgroundGradient\":{},\"backgroundImage\":{\"alt\":\"\",\"id\":\"3062\",\"link\":\"https:\/\/galeriamiejska.pl\/julia-curylo\/179_julia-curylo-lhc-wojna-2011-olej-na-plotnie-158-x-225-2\/\",\"caption\":\"Julia Cury\u0142o, LHC, Wojna, 2011, olej na p\u0142\u00f3tnie, 158 x 225 \",\"type\":\"image\",\"url\":\"https:\/\/galeriamiejska.pl\/wp-content\/uploads\/2021\/01\/179_julia-curylo-lhc-wojna-2011-olej-na-plotnie-158-x-225-1.jpg\",\"fullUrl\":\"https:\/\/galeriamiejska.pl\/wp-content\/uploads\/2021\/01\/179_julia-curylo-lhc-wojna-2011-olej-na-plotnie-158-x-225-1.jpg\"},\"backgroundPosition\":\"center center\",\"backgroundRepeat\":\"no-repeat\",\"backgroundImageSize\":\"cover\",\"backgroundVideoSize\":\"cover\",\"customBackgroundColor\":\"\",\"hasParallax\":false,\"backgroundFocalPoint\":{\"x\":0.5,\"y\":0.5},\"backgroundVideoFocalPoint\":{\"x\":0.5,\"y\":0.5},\"backgroundVideo\":{},\"backgroundVideoMuted\":true,\"backgroundVideoLoop\":true,\"backgroundVideoAutoplay\":true,\"openPopover\":true,\"mediaId\":\"3062\"}} -->\n<!-- wp:paragraph {\"align\":\"center\",\"placeholder\":\"Add slide content here\u2026\",\"className\":\"gutenslider-content-initial\",\"fontSize\":\"larger\"} -->\n<p class=\"has-text-align-center gutenslider-content-initial has-larger-font-size\"><\/p>\n<!-- \/wp:paragraph -->\n<!-- \/wp:eedee\/block-gutenslide -->\n<!-- \/wp:eedee\/block-gutenslider -->\n\n<!-- wp:paragraph {\"align\":\"left\"} -->\n<p class=\"has-text-align-left\"><strong>Julia Cury\u0142o<\/strong> urodzi\u0142a si\u0119 w&nbsp; Warszawie. Studiowa\u0142a w&nbsp; warszawskiej Akademii Sztuk Pi\u0119knych, gdzie obroni\u0142a dyplom w&nbsp;pracowni malarstwa prof. Leona Tarasewicza i&nbsp;pracowni sztuki w&nbsp;przestrzeni publicznej prof. Miros\u0142awa Duchowskiego w&nbsp;2009 roku. Jest autork\u0105 obraz\u00f3w oraz instalacji prezentowanych w&nbsp;przestrzeni publicznej miasta.<br><br>W styczniu 2010 roku wygra\u0142a konkurs zorganizowany przez Galeri\u0119 A19 dzia\u0142aj\u0105c\u0105 na stacji metra Marymont w&nbsp;Warszawie. Pokazany tam wielkoformatowy mural \u201eBaranki Bo\u017ce\u201d przyni\u00f3s\u0142 rozg\u0142os artystce.W listopadzie tego samego roku Cury\u0142o otrzyma\u0142a Grand Prix Ministra Kultury i&nbsp;Dziedzictwa Narodowego oraz nagrod\u0119 Galerii Miejskiej BWA w&nbsp;Bydgoszczy podczas PROMOCJI 2010 w&nbsp;Galerii Sztuki w&nbsp;Legnicy. W&nbsp;maju 2011 roku zosta\u0142a nominowana do presti\u017cowej nagrody 10.Konkursu im. Gepperta. W&nbsp;tym samym roku odby\u0142y si\u0119 trzy indywidualne wystawy artystki: \u201eOdpusty i&nbsp;cudowne widzenia\u201d w&nbsp;Galerii Sztuki Wozownia w&nbsp;Toruniu,\u201eRzeczywisto\u015b\u0107 magiczna\u201d, w&nbsp;Galerii Sztuki w&nbsp;Legnicy oraz \u201eOdpusty i&nbsp;cudowne widzenia\u201d w&nbsp;Galerii Szarej i&nbsp;Galerii Strefa A&nbsp;w&nbsp;Krakowie. Kolejne lata przynios\u0142y nast\u0119pne liczne wystawy i&nbsp;prezentacje sztuki Cury\u0142o, w&nbsp;tym jej obiekt\u00f3w wystawianych w&nbsp;przestrzeni miasta, mi\u0119dzy innymi w&nbsp;Warszawie, Poznaniu(festiwal No Women No Art) i&nbsp;Bydgoszczy.<br><br>W roku 2012 Julia Cury\u0142o znalaz\u0142a si\u0119 w&nbsp;pierwszej pi\u0119tnastce rankingu najbardziej znacz\u0105cych m\u0142odych artyst\u00f3w \u2013 Kompas M\u0142odej Sztuki. W&nbsp;tym samym roku otrzyma\u0142a stypendium Ministra Kultury i&nbsp;Dziedzictwa Narodowego przeznaczone na realizacj\u0119 serii rze\u017ab pneumatycznych \u201eKury\u201d.<br><br>Malarstwo Julii Cury\u0142o przepe\u0142nione symbolik\u0105,hiperrealistyczne i&nbsp;surrealistyczne zarazem, porusza zagadnienia szeroko rozumianej wsp\u00f3\u0142czesno\u015bci i&nbsp;nowoczesno\u015bci. Cury\u0142o interesuje dwuznaczno\u015b\u0107 \u015bwiata - dziecinno\u015b\u0107 zestawiona z&nbsp;dojrza\u0142o\u015bci\u0105, moralno\u015b\u0107 z&nbsp;rozwi\u0105z\u0142o\u015bci\u0105,prawda z&nbsp;fa\u0142szem czy pi\u0119kno z&nbsp;kiczem. Korzenie jej tw\u00f3rczo\u015bci odnajdziemy g\u0142\u00f3wnie w&nbsp;surrealizmie i&nbsp;neo-pop. Sztuka Julii Cury\u0142o nastawiona jest na odbi\u00f3r intelektualny - wykorzystywana przez artystk\u0119 symbolika nie daje si\u0119 rozszyfrowa\u0107 przy pierwszym zetkni\u0119ciu z&nbsp;dzie\u0142em, zach\u0119ca do rozmy\u015bla\u0144 i&nbsp;odszyfrowania zagadek i&nbsp;ukrytych znacze\u0144, cz\u0119sto pe\u0142nych ironii i&nbsp;w ostateczno\u015bci zach\u0119caj\u0105cych do u\u015bmiechu.<br><br><strong>Wystawy indywidualne<\/strong><br>-Galeria \u201eZamek\u201d, \u201eCudowne opowie\u015bci\u201d,Reszel 2015<br><strong>-<\/strong>Fass Gallery,\u201eEuroarabia\u201d Julia Cury\u0142o\/Liza Sherzai, Uniwersytet Sabanci, Istambu\u0142 2014<br>-Galeria Miejska Wroc\u0142aw, \u201cHello Modernity\u201d,Wroc\u0142aw 2013<br>- Galeria miejska bwa Bydgoszcz, \u201eBoska cz\u0105stka 8-14 TEV\u201d, Bydgoszcz 2013<br>- Galeria Bia\u0142a, \u201ePokusy, cuda i&nbsp;rozkosze\u201d, Lublin2013<br>- Galeria aTAK, \u201eCz\u0105stka H0\", Warszawa 2012<br>- Galeria Szara, \u201eOdpusty i&nbsp;cudowne widzenia\u201d, Krak\u00f3w 2011<br>- Galeria Strefa A, \u201eOdpusty i&nbsp;cudowne widzenia\u201d, Krak\u00f3w 2011<br>- Galeria Sztuki w&nbsp;Legnicy, \u201eRzeczywisto\u015b\u0107 magiczna\u201d, Legnica 2011<br>- Galeria Wozownia, \u201eOdpusty i&nbsp;cudowne widzenia\u201d, Toru\u0144 2011<br>- Skwer Leszka Bia\u0142ego, \u201ePisklak\u201d, instalacja, Bydgoszcz 2010<br>- Skwer Hoovera, Akademia Sztuk Pi\u0119knych, \u201eTulipany\u201d, instalacja, Warszawa 2009i 2010<br>- Festiwal \u201eNo Women No Art\u201d, \u201eTulipany\u201d, instalacja, Pozna\u0144 2010<br>- Metro Centrum, \u201eKury\u201d, instalacja, Warszawa 2010<br>- Metro Marymont, \u201eBaranki Bo\u017ce\u201d, Warszawa 2010<br>- Akademia Sztuk Pi\u0119knych , Julia Cury\u0142o - wystawa indywidualna, Warszawa 2009<br><br><br><strong>Wystawy grupowe<\/strong><br>-Santa Monica Art Studios, Los Angeles, USA , 2016<br><strong>-<\/strong>bwa Zielna G\u00f3ra, Wozownia,\u201cApollo 11-Orze\u0142 wyl\u0105dowa\u0142\u201d, Zielona G\u00f3ra, Toru\u0144,2016<br>- Galeria Bia\u0142a ,\u201eMalarki\u201d, Lublin 2015<br>-Galeria Dzia\u0142a\u0144, \u201cApollo11- Orze\u0142 wyl\u0105dowa\u0142\u201d, Galeria Dzia\u0142a\u0144, Warszawa 2015<br>-Galeria P\u0142ocka,\u201cZapisy Przemian\u201d, P\u0142ock 2015<br>-Ostrale Festival of Contemporary Art 2014<strong>,<\/strong> Drezno 2014<br>-Galeria Bia\u0142a, \u201cbiala.art.pl\u201d, Lublin 2014<br>-Art3 Gallery, Art 3 inaugural exhibition, 30 May-17 June , Nowy York, 2014<br>-Galeria Stalowa, \u201eStrange stories\u201d, Warszawa 2014<br>- Galeria Miejska we Wroc\u0142awiu, \u201eDerealizm\u201d,Wroc\u0142aw 2013<br>-Galeria Miejska Arsena\u0142, \u201eMum, I&nbsp;just really need to focus on my art right now\u201d, Pozna\u0144 2013<br>- ODA - O\u015brodek Dzia\u0142a\u0144 Artystycznych,\u201eHalucynacje pami\u0119ci\u201d, Piotrk\u00f3w Trybunalski 2013<br>- Muzeum \u0141owiectwa i&nbsp;Je\u017adziectwa, \u201eZwierz\u0119 \u2013inspiracja, symbol, pretekst\u201d, Warszawa 2013<br>- Galeria -1, \u201eKompas sztuki\u201d, Warszawa 2012<br>- Galeria Gardzielnice , \u201eSztuka wobec Sacrum\u201d, Lublin 2012<br>- Galeria Spokojna , \u201eObecno\u015b\u0107 malarstwa\u201d, Warszawa 2012<br>- Galeria Dzia\u0142a\u0144, \u201eWystawa pracowni w&nbsp;przestrzeni publicznej ASP Warszawa\u201d,Warszawa 2012<br>- Galeria BWA Wroc\u0142aw, \u201eWystawa pokonkursowa 10-tego konkursu malarstwa\u201d,Wroc\u0142aw 2011<br>- Galeria Sztuki w&nbsp;Legnicy. \u201e20-sty przegl\u0105d malarstwa m\u0142odych \u201ePROMOCJE2010\u201d\u201d, Legnica 2010<br>- Freies Museum, \u201eChristmas Palm\u201d, Berlin 2009<br>- 1500 m do wynaj\u0119cia, \u201eKury\u201d, instalacja, Warszawa 2009<br>- Galeria Salon Akademii, wystawa podyplomowa, Warszawa 2009<br>- Galeria Skwer Hoovera, wystawa dyplomowa, Warszawa 2009<br><br><strong>Nagrody<\/strong><br>- stypendium tw\u00f3rcze Ministra Kultury i&nbsp;Dziedzictwa Narodowego 2012<br>- nominacja do nagrody magazynu Arteon 2012<br>- nominacja do 10 konkursu Gepperta, pa\u017adziernik 2011<br>- Grand Prix Ministra Kultury i&nbsp;Dziedzictwa Narodowego oraz nagroda specjalna Galerii Miejskiej BWA w&nbsp;Bydgoszczy, Promocje 2010, Galeria Sztuki w&nbsp;Legnicy, listopad 2010<br>- Wygrana w&nbsp;konkursie A19 organizowanym przez Galeri\u0119 Poci\u0105g do Sztuki, Warszawa, stycze\u0144 2010<br><br><strong>Festiwale<\/strong><br>-\u201cOstrale 2014\u201d, 8 International Exhibition of Contemporary Arts, Dresden 2014<br>-\u201eNo women no art\u201d, instalacja \u201eTulipany\u201d,Pozna\u0144 2010<br>Targi:[\/b]<br>WarszawskieTargi Sztuki, Zamek Kr\u00f3lewski , Warszawa , 2015<br>Katalogi[\/b]<br>-\u201eCudowne opowie\u015bci\u201d, maj-czerwiec 2015,Galeria \u201eZamek\u201d Reszel, Reszel<br>-\u201eHello, Modernity!\u201d,pa\u017adziernik 2013, Galeria Miejska we Wroc\u0142awiu<br>-\u201eOdpusty i&nbsp;cudowne widzenia\u201d, lipiec 2011, Wozownia<br>-\u201eRzeczywisto\u015b\u0107 magiczna\u201d, wrzesie\u0144 2011,Galeria Sztuki w&nbsp;Legnicy<br>-\u201dCz\u0105stka<\/p>\n<!-- \/wp:paragraph -->\n\n<!-- wp:paragraph {\"align\":\"left\"} -->\n<p class=\"has-text-align-left\">particle\u201d, luty-kwiecie\u0144 2012, GaleriaTAK<br>-\u201eBoska cz\u0105stka 8-14 TeV\u201d, maj-czerwiec 2013,Galeria miejska bwa Bydgoszcz<br><br><br><strong>Kolekcje pa\u0144stwowe<\/strong><br><br>Muzeum Powstania Warszawskiego<strong> , <\/strong>\u201ePowstanie\u201944\u201d , 155*200 cm , olej na p\u0142\u00f3tnie, kola\u017c (z wydrukami zdj\u0119\u0107), airbrusch<br>Muzeum Sztuki w&nbsp;Legnicy , \u201ePisklak, nadzieja malarstwa\u201d , 157,5 * 233 cm, olej na p\u0142\u00f3tnie<\/p>\n<!-- \/wp:paragraph -->\n\n<!-- wp:gallery {\"ids\":[3062,3063,3064,3065,3066,3067,3068,3069,3070,3071,3072,3073],\"columns\":4,\"linkTo\":\"file\"} -->\n<figure class=\"wp-block-gallery columns-4 is-cropped\"><ul class=\"blocks-gallery-grid\"><li class=\"blocks-gallery-item\"><figure><a href=\"https:\/\/galeriamiejska.pl\/wp-content\/uploads\/2021\/01\/179_julia-curylo-lhc-wojna-2011-olej-na-plotnie-158-x-225-1.jpg\"><img src=\"https:\/\/galeriamiejska.pl\/wp-content\/uploads\/2021\/01\/179_julia-curylo-lhc-wojna-2011-olej-na-plotnie-158-x-225-1.jpg\" alt=\"\" data-id=\"3062\" data-full-url=\"https:\/\/galeriamiejska.pl\/wp-content\/uploads\/2021\/01\/179_julia-curylo-lhc-wojna-2011-olej-na-plotnie-158-x-225-1.jpg\" data-link=\"https:\/\/galeriamiejska.pl\/julia-curylo\/179_julia-curylo-lhc-wojna-2011-olej-na-plotnie-158-x-225-2\/\" class=\"wp-image-3062\"\/><\/a><figcaption class=\"blocks-gallery-item__caption\">Julia Cury\u0142o, LHC, Wojna, 2011, olej na p\u0142\u00f3tnie, 158 x 225 <\/figcaption><\/figure><\/li><li class=\"blocks-gallery-item\"><figure><a href=\"https:\/\/galeriamiejska.pl\/wp-content\/uploads\/2021\/01\/179_julia-curylo-motyle-olej-na-plotnie-203x146-2.jpg\"><img src=\"https:\/\/galeriamiejska.pl\/wp-content\/uploads\/2021\/01\/179_julia-curylo-motyle-olej-na-plotnie-203x146-2.jpg\" alt=\"\" data-id=\"3063\" data-full-url=\"https:\/\/galeriamiejska.pl\/wp-content\/uploads\/2021\/01\/179_julia-curylo-motyle-olej-na-plotnie-203x146-2.jpg\" data-link=\"https:\/\/galeriamiejska.pl\/julia-curylo\/179_julia-curylo-motyle-olej-na-plotnie-203x146-2\/\" class=\"wp-image-3063\"\/><\/a><figcaption class=\"blocks-gallery-item__caption\">Julia Cury\u0142o, Motyle, olej na p\u0142\u00f3tnie, 203x146 <\/figcaption><\/figure><\/li><li class=\"blocks-gallery-item\"><figure><a href=\"https:\/\/galeriamiejska.pl\/wp-content\/uploads\/2021\/01\/179_julia-curylo-pisklak-nadzieja-malarstwa-2010-olej-na-plotnie-233x1575-1.jpg\"><img src=\"https:\/\/galeriamiejska.pl\/wp-content\/uploads\/2021\/01\/179_julia-curylo-pisklak-nadzieja-malarstwa-2010-olej-na-plotnie-233x1575-1.jpg\" alt=\"\" data-id=\"3064\" data-full-url=\"https:\/\/galeriamiejska.pl\/wp-content\/uploads\/2021\/01\/179_julia-curylo-pisklak-nadzieja-malarstwa-2010-olej-na-plotnie-233x1575-1.jpg\" data-link=\"https:\/\/galeriamiejska.pl\/julia-curylo\/179_julia-curylo-pisklak-nadzieja-malarstwa-2010-olej-na-plotnie-233x1575\/\" class=\"wp-image-3064\"\/><\/a><figcaption class=\"blocks-gallery-item__caption\">Julia Cury\u0142o, Pisklak, nadzieja malarstwa, 2010, olej na p\u0142\u00f3tnie, 233x157,5 <\/figcaption><\/figure><\/li><li class=\"blocks-gallery-item\"><figure><a href=\"https:\/\/galeriamiejska.pl\/wp-content\/uploads\/2021\/01\/179_julia-curylo-zderzenie-5-2011-olej-na-plotnie-18-x-24.jpg\"><img src=\"https:\/\/galeriamiejska.pl\/wp-content\/uploads\/2021\/01\/179_julia-curylo-zderzenie-5-2011-olej-na-plotnie-18-x-24.jpg\" alt=\"\" data-id=\"3065\" data-full-url=\"https:\/\/galeriamiejska.pl\/wp-content\/uploads\/2021\/01\/179_julia-curylo-zderzenie-5-2011-olej-na-plotnie-18-x-24.jpg\" data-link=\"https:\/\/galeriamiejska.pl\/julia-curylo\/179_julia-curylo-zderzenie-5-2011-olej-na-plotnie-18-x-24\/\" class=\"wp-image-3065\"\/><\/a><figcaption class=\"blocks-gallery-item__caption\">Julia Cury\u0142o, Zderzenie 5, 2011, olej na p\u0142\u00f3tnie, 18 x 24 <\/figcaption><\/figure><\/li><li class=\"blocks-gallery-item\"><figure><a href=\"https:\/\/galeriamiejska.pl\/wp-content\/uploads\/2021\/01\/179_julia-curylo-zderzenie-6-2011-olej-na-plotnie-18-x-24.jpg\"><img src=\"https:\/\/galeriamiejska.pl\/wp-content\/uploads\/2021\/01\/179_julia-curylo-zderzenie-6-2011-olej-na-plotnie-18-x-24.jpg\" alt=\"\" data-id=\"3066\" data-full-url=\"https:\/\/galeriamiejska.pl\/wp-content\/uploads\/2021\/01\/179_julia-curylo-zderzenie-6-2011-olej-na-plotnie-18-x-24.jpg\" data-link=\"https:\/\/galeriamiejska.pl\/julia-curylo\/179_julia-curylo-zderzenie-6-2011-olej-na-plotnie-18-x-24\/\" class=\"wp-image-3066\"\/><\/a><figcaption class=\"blocks-gallery-item__caption\">Julia Cury\u0142o, Zderzenie 6, 2011, olej na p\u0142\u00f3tnie, 18 x 24 <\/figcaption><\/figure><\/li><li class=\"blocks-gallery-item\"><figure><a href=\"https:\/\/galeriamiejska.pl\/wp-content\/uploads\/2021\/01\/179_julia-curylo-2012-matka-olej-na-plotnie-150-x-220-1.jpg\"><img src=\"https:\/\/galeriamiejska.pl\/wp-content\/uploads\/2021\/01\/179_julia-curylo-2012-matka-olej-na-plotnie-150-x-220-1.jpg\" alt=\"\" data-id=\"3067\" data-full-url=\"https:\/\/galeriamiejska.pl\/wp-content\/uploads\/2021\/01\/179_julia-curylo-2012-matka-olej-na-plotnie-150-x-220-1.jpg\" data-link=\"https:\/\/galeriamiejska.pl\/julia-curylo\/179_julia-curylo-2012-matka-olej-na-plotnie-150-x-220-2\/\" class=\"wp-image-3067\"\/><\/a><figcaption class=\"blocks-gallery-item__caption\">Julia Cury\u0142o, 2012, Matka, olej na p\u0142\u00f3tnie, 150 x 220 <\/figcaption><\/figure><\/li><li class=\"blocks-gallery-item\"><figure><a href=\"https:\/\/galeriamiejska.pl\/wp-content\/uploads\/2021\/01\/179_julia-curylo-boska-czastka-mandala2-2013-technika-mieszana-80-x-60-1.jpg\"><img src=\"https:\/\/galeriamiejska.pl\/wp-content\/uploads\/2021\/01\/179_julia-curylo-boska-czastka-mandala2-2013-technika-mieszana-80-x-60-1.jpg\" alt=\"\" data-id=\"3068\" data-full-url=\"https:\/\/galeriamiejska.pl\/wp-content\/uploads\/2021\/01\/179_julia-curylo-boska-czastka-mandala2-2013-technika-mieszana-80-x-60-1.jpg\" data-link=\"https:\/\/galeriamiejska.pl\/julia-curylo\/179_julia-curylo-boska-czastka-mandala2-2013-technika-mieszana-80-x-60-2\/\" class=\"wp-image-3068\"\/><\/a><figcaption class=\"blocks-gallery-item__caption\">Julia Cury\u0142o, Boska cz\u0105stka (mandala2), 2013, technika mieszana, 80 x 60 <\/figcaption><\/figure><\/li><li class=\"blocks-gallery-item\"><figure><a href=\"https:\/\/galeriamiejska.pl\/wp-content\/uploads\/2021\/01\/179_julia-curylo-boska-czastka-mandala6-2013technika-mieszana-160-x-120-1.jpg\"><img src=\"https:\/\/galeriamiejska.pl\/wp-content\/uploads\/2021\/01\/179_julia-curylo-boska-czastka-mandala6-2013technika-mieszana-160-x-120-1.jpg\" alt=\"\" data-id=\"3069\" data-full-url=\"https:\/\/galeriamiejska.pl\/wp-content\/uploads\/2021\/01\/179_julia-curylo-boska-czastka-mandala6-2013technika-mieszana-160-x-120-1.jpg\" data-link=\"https:\/\/galeriamiejska.pl\/julia-curylo\/179_julia-curylo-boska-czastka-mandala6-2013technika-mieszana-160-x-120-2\/\" class=\"wp-image-3069\"\/><\/a><figcaption class=\"blocks-gallery-item__caption\">Julia Cury\u0142o, Boska cz\u0105stka (mandala6), 2013,technika mieszana, 160 x 120 <\/figcaption><\/figure><\/li><li class=\"blocks-gallery-item\"><figure><a href=\"https:\/\/galeriamiejska.pl\/wp-content\/uploads\/2021\/01\/179_julia-curylo-dance-macabre-2013-technika-mieszana-210-x-140-1.jpg\"><img src=\"https:\/\/galeriamiejska.pl\/wp-content\/uploads\/2021\/01\/179_julia-curylo-dance-macabre-2013-technika-mieszana-210-x-140-1.jpg\" alt=\"\" data-id=\"3070\" data-full-url=\"https:\/\/galeriamiejska.pl\/wp-content\/uploads\/2021\/01\/179_julia-curylo-dance-macabre-2013-technika-mieszana-210-x-140-1.jpg\" data-link=\"https:\/\/galeriamiejska.pl\/julia-curylo\/179_julia-curylo-dance-macabre-2013-technika-mieszana-210-x-140-2\/\" class=\"wp-image-3070\"\/><\/a><figcaption class=\"blocks-gallery-item__caption\">Julia Cury\u0142o, Dance macabre, 2013, technika mieszana, 210 x 140 <\/figcaption><\/figure><\/li><li class=\"blocks-gallery-item\"><figure><a href=\"https:\/\/galeriamiejska.pl\/wp-content\/uploads\/2021\/01\/179_julia-curylo-euroarabia-2013-olej-na-plotnie-200-x-120-1.jpg\"><img src=\"https:\/\/galeriamiejska.pl\/wp-content\/uploads\/2021\/01\/179_julia-curylo-euroarabia-2013-olej-na-plotnie-200-x-120-1.jpg\" alt=\"\" data-id=\"3071\" data-full-url=\"https:\/\/galeriamiejska.pl\/wp-content\/uploads\/2021\/01\/179_julia-curylo-euroarabia-2013-olej-na-plotnie-200-x-120-1.jpg\" data-link=\"https:\/\/galeriamiejska.pl\/julia-curylo\/179_julia-curylo-euroarabia-2013-olej-na-plotnie-200-x-120-2\/\" class=\"wp-image-3071\"\/><\/a><figcaption class=\"blocks-gallery-item__caption\">Julia Cury\u0142o, Euroarabia, 2013, olej na p\u0142\u00f3tnie, 200 x 120 <\/figcaption><\/figure><\/li><li class=\"blocks-gallery-item\"><figure><a href=\"https:\/\/galeriamiejska.pl\/wp-content\/uploads\/2021\/01\/179_julia-curylo-lhc-apokalipsa-olej-na-plotnie-240-x-150-1.jpg\"><img src=\"https:\/\/galeriamiejska.pl\/wp-content\/uploads\/2021\/01\/179_julia-curylo-lhc-apokalipsa-olej-na-plotnie-240-x-150-1.jpg\" alt=\"\" data-id=\"3072\" data-full-url=\"https:\/\/galeriamiejska.pl\/wp-content\/uploads\/2021\/01\/179_julia-curylo-lhc-apokalipsa-olej-na-plotnie-240-x-150-1.jpg\" data-link=\"https:\/\/galeriamiejska.pl\/julia-curylo\/179_julia-curylo-lhc-apokalipsa-olej-na-plotnie-240-x-150-2\/\" class=\"wp-image-3072\"\/><\/a><figcaption class=\"blocks-gallery-item__caption\">Julia Cury\u0142o, LHC, Apokalipsa, olej na p\u0142\u00f3tnie, 240 x 150 <\/figcaption><\/figure><\/li><li class=\"blocks-gallery-item\"><figure><a href=\"https:\/\/galeriamiejska.pl\/wp-content\/uploads\/2021\/01\/179_julia-curylo-lhc-genesis-2011-olej-na-plotnie-156-x-224-1.jpg\"><img src=\"https:\/\/galeriamiejska.pl\/wp-content\/uploads\/2021\/01\/179_julia-curylo-lhc-genesis-2011-olej-na-plotnie-156-x-224-1.jpg\" alt=\"\" data-id=\"3073\" data-full-url=\"https:\/\/galeriamiejska.pl\/wp-content\/uploads\/2021\/01\/179_julia-curylo-lhc-genesis-2011-olej-na-plotnie-156-x-224-1.jpg\" data-link=\"https:\/\/galeriamiejska.pl\/julia-curylo\/179_julia-curylo-lhc-genesis-2011-olej-na-plotnie-156-x-224-2\/\" class=\"wp-image-3073\"\/><\/a><figcaption class=\"blocks-gallery-item__caption\">Julia Cury\u0142o, LHC, Genesis, 2011, olej na p\u0142\u00f3tnie, 156 x 224 <\/figcaption><\/figure><\/li><\/ul><\/figure>\n<!-- \/wp:gallery -->","_pl_post_name":"julia-curylo","_pl_post_excerpt":"Autorka instalacji przestrzennych, malarka.","_pl_post_title":"Julia Cury\u0142o","_en_post_content":"<!-- wp:eedee\/block-gutenslider {\"gsBlockId\":\"pjdkm6imi\",\"media\":[{\"alt\":\"\",\"id\":\"3073\",\"link\":\"https:\/\/galeriamiejska.pl\/en\/julia-curylo\/179_julia-curylo-lhc-genesis-2011-olej-na-plotnie-156-x-224-2\/\",\"caption\":\"Julia Cury\u0142o, LHC, Genesis, 2011, olej na p\u0142\u00f3tnie, 156 x 224 \",\"type\":\"image\",\"url\":\"https:\/\/galeriamiejska.pl\/wp-content\/uploads\/2021\/01\/179_julia-curylo-lhc-genesis-2011-olej-na-plotnie-156-x-224-1.jpg\",\"fullUrl\":\"https:\/\/galeriamiejska.pl\/wp-content\/uploads\/2021\/01\/179_julia-curylo-lhc-genesis-2011-olej-na-plotnie-156-x-224-1.jpg\"},{\"alt\":\"\",\"id\":\"3072\",\"link\":\"https:\/\/galeriamiejska.pl\/en\/julia-curylo\/179_julia-curylo-lhc-apokalipsa-olej-na-plotnie-240-x-150-2\/\",\"caption\":\"Julia Cury\u0142o, LHC, Apokalipsa, olej na p\u0142\u00f3tnie, 240 x 150 \",\"type\":\"image\",\"url\":\"https:\/\/galeriamiejska.pl\/wp-content\/uploads\/2021\/01\/179_julia-curylo-lhc-apokalipsa-olej-na-plotnie-240-x-150-1.jpg\",\"fullUrl\":\"https:\/\/galeriamiejska.pl\/wp-content\/uploads\/2021\/01\/179_julia-curylo-lhc-apokalipsa-olej-na-plotnie-240-x-150-1.jpg\"},{\"alt\":\"\",\"id\":\"3071\",\"link\":\"https:\/\/galeriamiejska.pl\/en\/julia-curylo\/179_julia-curylo-euroarabia-2013-olej-na-plotnie-200-x-120-2\/\",\"caption\":\"Julia Cury\u0142o, Euroarabia, 2013, olej na p\u0142\u00f3tnie, 200 x 120 \",\"type\":\"image\",\"url\":\"https:\/\/galeriamiejska.pl\/wp-content\/uploads\/2021\/01\/179_julia-curylo-euroarabia-2013-olej-na-plotnie-200-x-120-1.jpg\",\"fullUrl\":\"https:\/\/galeriamiejska.pl\/wp-content\/uploads\/2021\/01\/179_julia-curylo-euroarabia-2013-olej-na-plotnie-200-x-120-1.jpg\"},{\"alt\":\"\",\"id\":\"3070\",\"link\":\"https:\/\/galeriamiejska.pl\/en\/julia-curylo\/179_julia-curylo-dance-macabre-2013-technika-mieszana-210-x-140-2\/\",\"caption\":\"Julia Cury\u0142o, Dance macabre, 2013, technika mieszana, 210 x 140 \",\"type\":\"image\",\"url\":\"https:\/\/galeriamiejska.pl\/wp-content\/uploads\/2021\/01\/179_julia-curylo-dance-macabre-2013-technika-mieszana-210-x-140-1.jpg\",\"fullUrl\":\"https:\/\/galeriamiejska.pl\/wp-content\/uploads\/2021\/01\/179_julia-curylo-dance-macabre-2013-technika-mieszana-210-x-140-1.jpg\"},{\"alt\":\"\",\"id\":\"3069\",\"link\":\"https:\/\/galeriamiejska.pl\/en\/julia-curylo\/179_julia-curylo-boska-czastka-mandala6-2013technika-mieszana-160-x-120-2\/\",\"caption\":\"Julia Cury\u0142o, Boska cz\u0105stka (mandala6), 2013,technika mieszana, 160 x 120 \",\"type\":\"image\",\"url\":\"https:\/\/galeriamiejska.pl\/wp-content\/uploads\/2021\/01\/179_julia-curylo-boska-czastka-mandala6-2013technika-mieszana-160-x-120-1.jpg\",\"fullUrl\":\"https:\/\/galeriamiejska.pl\/wp-content\/uploads\/2021\/01\/179_julia-curylo-boska-czastka-mandala6-2013technika-mieszana-160-x-120-1.jpg\"},{\"alt\":\"\",\"id\":\"3068\",\"link\":\"https:\/\/galeriamiejska.pl\/en\/julia-curylo\/179_julia-curylo-boska-czastka-mandala2-2013-technika-mieszana-80-x-60-2\/\",\"caption\":\"Julia Cury\u0142o, Boska cz\u0105stka (mandala2), 2013, technika mieszana, 80 x 60 \",\"type\":\"image\",\"url\":\"https:\/\/galeriamiejska.pl\/wp-content\/uploads\/2021\/01\/179_julia-curylo-boska-czastka-mandala2-2013-technika-mieszana-80-x-60-1.jpg\",\"fullUrl\":\"https:\/\/galeriamiejska.pl\/wp-content\/uploads\/2021\/01\/179_julia-curylo-boska-czastka-mandala2-2013-technika-mieszana-80-x-60-1.jpg\"},{\"alt\":\"\",\"id\":\"3067\",\"link\":\"https:\/\/galeriamiejska.pl\/en\/julia-curylo\/179_julia-curylo-2012-matka-olej-na-plotnie-150-x-220-2\/\",\"caption\":\"Julia Cury\u0142o, 2012, Matka, olej na p\u0142\u00f3tnie, 150 x 220 \",\"type\":\"image\",\"url\":\"https:\/\/galeriamiejska.pl\/wp-content\/uploads\/2021\/01\/179_julia-curylo-2012-matka-olej-na-plotnie-150-x-220-1.jpg\",\"fullUrl\":\"https:\/\/galeriamiejska.pl\/wp-content\/uploads\/2021\/01\/179_julia-curylo-2012-matka-olej-na-plotnie-150-x-220-1.jpg\"},{\"alt\":\"\",\"id\":\"3066\",\"link\":\"https:\/\/galeriamiejska.pl\/en\/julia-curylo\/179_julia-curylo-zderzenie-6-2011-olej-na-plotnie-18-x-24\/\",\"caption\":\"Julia Cury\u0142o, Zderzenie 6, 2011, olej na p\u0142\u00f3tnie, 18 x 24 \",\"type\":\"image\",\"url\":\"https:\/\/galeriamiejska.pl\/wp-content\/uploads\/2021\/01\/179_julia-curylo-zderzenie-6-2011-olej-na-plotnie-18-x-24.jpg\",\"fullUrl\":\"https:\/\/galeriamiejska.pl\/wp-content\/uploads\/2021\/01\/179_julia-curylo-zderzenie-6-2011-olej-na-plotnie-18-x-24.jpg\"},{\"alt\":\"\",\"id\":\"3065\",\"link\":\"https:\/\/galeriamiejska.pl\/en\/julia-curylo\/179_julia-curylo-zderzenie-5-2011-olej-na-plotnie-18-x-24\/\",\"caption\":\"Julia Cury\u0142o, Zderzenie 5, 2011, olej na p\u0142\u00f3tnie, 18 x 24 \",\"type\":\"image\",\"url\":\"https:\/\/galeriamiejska.pl\/wp-content\/uploads\/2021\/01\/179_julia-curylo-zderzenie-5-2011-olej-na-plotnie-18-x-24.jpg\",\"fullUrl\":\"https:\/\/galeriamiejska.pl\/wp-content\/uploads\/2021\/01\/179_julia-curylo-zderzenie-5-2011-olej-na-plotnie-18-x-24.jpg\"},{\"alt\":\"\",\"id\":\"3064\",\"link\":\"https:\/\/galeriamiejska.pl\/en\/julia-curylo\/179_julia-curylo-pisklak-nadzieja-malarstwa-2010-olej-na-plotnie-233x1575\/\",\"caption\":\"Julia Cury\u0142o, Pisklak, nadzieja malarstwa, 2010, olej na p\u0142\u00f3tnie, 233x157,5 \",\"type\":\"image\",\"url\":\"https:\/\/galeriamiejska.pl\/wp-content\/uploads\/2021\/01\/179_julia-curylo-pisklak-nadzieja-malarstwa-2010-olej-na-plotnie-233x1575-1.jpg\",\"fullUrl\":\"https:\/\/galeriamiejska.pl\/wp-content\/uploads\/2021\/01\/179_julia-curylo-pisklak-nadzieja-malarstwa-2010-olej-na-plotnie-233x1575-1.jpg\"},{\"alt\":\"\",\"id\":\"3063\",\"link\":\"https:\/\/galeriamiejska.pl\/en\/julia-curylo\/179_julia-curylo-motyle-olej-na-plotnie-203x146-2\/\",\"caption\":\"Julia Cury\u0142o, Motyle, olej na p\u0142\u00f3tnie, 203x146 \",\"type\":\"image\",\"url\":\"https:\/\/galeriamiejska.pl\/wp-content\/uploads\/2021\/01\/179_julia-curylo-motyle-olej-na-plotnie-203x146-2.jpg\",\"fullUrl\":\"https:\/\/galeriamiejska.pl\/wp-content\/uploads\/2021\/01\/179_julia-curylo-motyle-olej-na-plotnie-203x146-2.jpg\"},{\"alt\":\"\",\"id\":\"3062\",\"link\":\"https:\/\/galeriamiejska.pl\/en\/julia-curylo\/179_julia-curylo-lhc-wojna-2011-olej-na-plotnie-158-x-225-2\/\",\"caption\":\"Julia Cury\u0142o, LHC, Wojna, 2011, olej na p\u0142\u00f3tnie, 158 x 225 \",\"type\":\"image\",\"url\":\"https:\/\/galeriamiejska.pl\/wp-content\/uploads\/2021\/01\/179_julia-curylo-lhc-wojna-2011-olej-na-plotnie-158-x-225-1.jpg\",\"fullUrl\":\"https:\/\/galeriamiejska.pl\/wp-content\/uploads\/2021\/01\/179_julia-curylo-lhc-wojna-2011-olej-na-plotnie-158-x-225-1.jpg\"}],\"contentMode\":\"fixed\",\"autoplay\":false,\"adaptiveHeight\":true} -->\n<!-- wp:eedee\/block-gutenslide {\"gsBlockId\":\"4zzyv960c\",\"background\":{\"backgroundType\":\"image\",\"backgroundColor\":\"#eeeeee\",\"backgroundOverlayImage\":\"\",\"backgroundOverlayVideo\":\"\",\"backgroundOverlayOpacity\":50,\"backgroundGradient\":{},\"backgroundImage\":{\"alt\":\"\",\"id\":\"3073\",\"link\":\"https:\/\/galeriamiejska.pl\/en\/julia-curylo\/179_julia-curylo-lhc-genesis-2011-olej-na-plotnie-156-x-224-2\/\",\"caption\":\"Julia Cury\u0142o, LHC, Genesis, 2011, olej na p\u0142\u00f3tnie, 156 x 224 \",\"type\":\"image\",\"url\":\"https:\/\/galeriamiejska.pl\/wp-content\/uploads\/2021\/01\/179_julia-curylo-lhc-genesis-2011-olej-na-plotnie-156-x-224-1.jpg\",\"fullUrl\":\"https:\/\/galeriamiejska.pl\/wp-content\/uploads\/2021\/01\/179_julia-curylo-lhc-genesis-2011-olej-na-plotnie-156-x-224-1.jpg\"},\"backgroundPosition\":\"center center\",\"backgroundRepeat\":\"no-repeat\",\"backgroundImageSize\":\"cover\",\"backgroundVideoSize\":\"cover\",\"customBackgroundColor\":\"\",\"hasParallax\":false,\"backgroundFocalPoint\":{\"x\":0.5,\"y\":0.5},\"backgroundVideoFocalPoint\":{\"x\":0.5,\"y\":0.5},\"backgroundVideo\":{},\"backgroundVideoMuted\":true,\"backgroundVideoLoop\":true,\"backgroundVideoAutoplay\":true,\"openPopover\":true,\"mediaId\":\"3073\"}} -->\n<!-- wp:paragraph {\"align\":\"center\",\"placeholder\":\"Add slide content here\u2026\",\"className\":\"gutenslider-content-initial\",\"fontSize\":\"larger\"} -->\n<p class=\"has-text-align-center gutenslider-content-initial has-larger-font-size\"><\/p>\n<!-- \/wp:paragraph -->\n<!-- \/wp:eedee\/block-gutenslide -->\n\n<!-- wp:eedee\/block-gutenslide {\"gsBlockId\":\"6i00tdain\",\"background\":{\"backgroundType\":\"image\",\"backgroundColor\":\"#eeeeee\",\"backgroundOverlayImage\":\"\",\"backgroundOverlayVideo\":\"\",\"backgroundOverlayOpacity\":50,\"backgroundGradient\":{},\"backgroundImage\":{\"alt\":\"\",\"id\":\"3072\",\"link\":\"https:\/\/galeriamiejska.pl\/en\/julia-curylo\/179_julia-curylo-lhc-apokalipsa-olej-na-plotnie-240-x-150-2\/\",\"caption\":\"Julia Cury\u0142o, LHC, Apokalipsa, olej na p\u0142\u00f3tnie, 240 x 150 \",\"type\":\"image\",\"url\":\"https:\/\/galeriamiejska.pl\/wp-content\/uploads\/2021\/01\/179_julia-curylo-lhc-apokalipsa-olej-na-plotnie-240-x-150-1.jpg\",\"fullUrl\":\"https:\/\/galeriamiejska.pl\/wp-content\/uploads\/2021\/01\/179_julia-curylo-lhc-apokalipsa-olej-na-plotnie-240-x-150-1.jpg\"},\"backgroundPosition\":\"center center\",\"backgroundRepeat\":\"no-repeat\",\"backgroundImageSize\":\"cover\",\"backgroundVideoSize\":\"cover\",\"customBackgroundColor\":\"\",\"hasParallax\":false,\"backgroundFocalPoint\":{\"x\":0.5,\"y\":0.5},\"backgroundVideoFocalPoint\":{\"x\":0.5,\"y\":0.5},\"backgroundVideo\":{},\"backgroundVideoMuted\":true,\"backgroundVideoLoop\":true,\"backgroundVideoAutoplay\":true,\"openPopover\":true,\"mediaId\":\"3072\"}} -->\n<!-- wp:paragraph {\"align\":\"center\",\"placeholder\":\"Add slide content here\u2026\",\"className\":\"gutenslider-content-initial\",\"fontSize\":\"larger\"} -->\n<p class=\"has-text-align-center gutenslider-content-initial has-larger-font-size\"><\/p>\n<!-- \/wp:paragraph -->\n<!-- \/wp:eedee\/block-gutenslide -->\n\n<!-- wp:eedee\/block-gutenslide {\"gsBlockId\":\"tygq2fuxy\",\"background\":{\"backgroundType\":\"image\",\"backgroundColor\":\"#eeeeee\",\"backgroundOverlayImage\":\"\",\"backgroundOverlayVideo\":\"\",\"backgroundOverlayOpacity\":50,\"backgroundGradient\":{},\"backgroundImage\":{\"alt\":\"\",\"id\":\"3071\",\"link\":\"https:\/\/galeriamiejska.pl\/en\/julia-curylo\/179_julia-curylo-euroarabia-2013-olej-na-plotnie-200-x-120-2\/\",\"caption\":\"Julia Cury\u0142o, Euroarabia, 2013, olej na p\u0142\u00f3tnie, 200 x 120 \",\"type\":\"image\",\"url\":\"https:\/\/galeriamiejska.pl\/wp-content\/uploads\/2021\/01\/179_julia-curylo-euroarabia-2013-olej-na-plotnie-200-x-120-1.jpg\",\"fullUrl\":\"https:\/\/galeriamiejska.pl\/wp-content\/uploads\/2021\/01\/179_julia-curylo-euroarabia-2013-olej-na-plotnie-200-x-120-1.jpg\"},\"backgroundPosition\":\"center center\",\"backgroundRepeat\":\"no-repeat\",\"backgroundImageSize\":\"cover\",\"backgroundVideoSize\":\"cover\",\"customBackgroundColor\":\"\",\"hasParallax\":false,\"backgroundFocalPoint\":{\"x\":0.5,\"y\":0.5},\"backgroundVideoFocalPoint\":{\"x\":0.5,\"y\":0.5},\"backgroundVideo\":{},\"backgroundVideoMuted\":true,\"backgroundVideoLoop\":true,\"backgroundVideoAutoplay\":true,\"openPopover\":true,\"mediaId\":\"3071\"}} -->\n<!-- wp:paragraph {\"align\":\"center\",\"placeholder\":\"Add slide content here\u2026\",\"className\":\"gutenslider-content-initial\",\"fontSize\":\"larger\"} -->\n<p class=\"has-text-align-center gutenslider-content-initial has-larger-font-size\"><\/p>\n<!-- \/wp:paragraph -->\n<!-- \/wp:eedee\/block-gutenslide -->\n\n<!-- wp:eedee\/block-gutenslide {\"gsBlockId\":\"9o73lgvkq\",\"background\":{\"backgroundType\":\"image\",\"backgroundColor\":\"#eeeeee\",\"backgroundOverlayImage\":\"\",\"backgroundOverlayVideo\":\"\",\"backgroundOverlayOpacity\":50,\"backgroundGradient\":{},\"backgroundImage\":{\"alt\":\"\",\"id\":\"3070\",\"link\":\"https:\/\/galeriamiejska.pl\/en\/julia-curylo\/179_julia-curylo-dance-macabre-2013-technika-mieszana-210-x-140-2\/\",\"caption\":\"Julia Cury\u0142o, Dance macabre, 2013, technika mieszana, 210 x 140 \",\"type\":\"image\",\"url\":\"https:\/\/galeriamiejska.pl\/wp-content\/uploads\/2021\/01\/179_julia-curylo-dance-macabre-2013-technika-mieszana-210-x-140-1.jpg\",\"fullUrl\":\"https:\/\/galeriamiejska.pl\/wp-content\/uploads\/2021\/01\/179_julia-curylo-dance-macabre-2013-technika-mieszana-210-x-140-1.jpg\"},\"backgroundPosition\":\"center center\",\"backgroundRepeat\":\"no-repeat\",\"backgroundImageSize\":\"cover\",\"backgroundVideoSize\":\"cover\",\"customBackgroundColor\":\"\",\"hasParallax\":false,\"backgroundFocalPoint\":{\"x\":0.5,\"y\":0.5},\"backgroundVideoFocalPoint\":{\"x\":0.5,\"y\":0.5},\"backgroundVideo\":{},\"backgroundVideoMuted\":true,\"backgroundVideoLoop\":true,\"backgroundVideoAutoplay\":true,\"openPopover\":true,\"mediaId\":\"3070\"}} -->\n<!-- wp:paragraph {\"align\":\"center\",\"placeholder\":\"Add slide content here\u2026\",\"className\":\"gutenslider-content-initial\",\"fontSize\":\"larger\"} -->\n<p class=\"has-text-align-center gutenslider-content-initial has-larger-font-size\"><\/p>\n<!-- \/wp:paragraph -->\n<!-- \/wp:eedee\/block-gutenslide -->\n\n<!-- wp:eedee\/block-gutenslide {\"gsBlockId\":\"oes21a7ox\",\"background\":{\"backgroundType\":\"image\",\"backgroundColor\":\"#eeeeee\",\"backgroundOverlayImage\":\"\",\"backgroundOverlayVideo\":\"\",\"backgroundOverlayOpacity\":50,\"backgroundGradient\":{},\"backgroundImage\":{\"alt\":\"\",\"id\":\"3069\",\"link\":\"https:\/\/galeriamiejska.pl\/en\/julia-curylo\/179_julia-curylo-boska-czastka-mandala6-2013technika-mieszana-160-x-120-2\/\",\"caption\":\"Julia Cury\u0142o, Boska cz\u0105stka (mandala6), 2013,technika mieszana, 160 x 120 \",\"type\":\"image\",\"url\":\"https:\/\/galeriamiejska.pl\/wp-content\/uploads\/2021\/01\/179_julia-curylo-boska-czastka-mandala6-2013technika-mieszana-160-x-120-1.jpg\",\"fullUrl\":\"https:\/\/galeriamiejska.pl\/wp-content\/uploads\/2021\/01\/179_julia-curylo-boska-czastka-mandala6-2013technika-mieszana-160-x-120-1.jpg\"},\"backgroundPosition\":\"center center\",\"backgroundRepeat\":\"no-repeat\",\"backgroundImageSize\":\"cover\",\"backgroundVideoSize\":\"cover\",\"customBackgroundColor\":\"\",\"hasParallax\":false,\"backgroundFocalPoint\":{\"x\":0.5,\"y\":0.5},\"backgroundVideoFocalPoint\":{\"x\":0.5,\"y\":0.5},\"backgroundVideo\":{},\"backgroundVideoMuted\":true,\"backgroundVideoLoop\":true,\"backgroundVideoAutoplay\":true,\"openPopover\":true,\"mediaId\":\"3069\"}} -->\n<!-- wp:paragraph {\"align\":\"center\",\"placeholder\":\"Add slide content here\u2026\",\"className\":\"gutenslider-content-initial\",\"fontSize\":\"larger\"} -->\n<p class=\"has-text-align-center gutenslider-content-initial has-larger-font-size\"><\/p>\n<!-- \/wp:paragraph -->\n<!-- \/wp:eedee\/block-gutenslide -->\n\n<!-- wp:eedee\/block-gutenslide {\"gsBlockId\":\"uxzcoi7py\",\"background\":{\"backgroundType\":\"image\",\"backgroundColor\":\"#eeeeee\",\"backgroundOverlayImage\":\"\",\"backgroundOverlayVideo\":\"\",\"backgroundOverlayOpacity\":50,\"backgroundGradient\":{},\"backgroundImage\":{\"alt\":\"\",\"id\":\"3068\",\"link\":\"https:\/\/galeriamiejska.pl\/en\/julia-curylo\/179_julia-curylo-boska-czastka-mandala2-2013-technika-mieszana-80-x-60-2\/\",\"caption\":\"Julia Cury\u0142o, Boska cz\u0105stka (mandala2), 2013, technika mieszana, 80 x 60 \",\"type\":\"image\",\"url\":\"https:\/\/galeriamiejska.pl\/wp-content\/uploads\/2021\/01\/179_julia-curylo-boska-czastka-mandala2-2013-technika-mieszana-80-x-60-1.jpg\",\"fullUrl\":\"https:\/\/galeriamiejska.pl\/wp-content\/uploads\/2021\/01\/179_julia-curylo-boska-czastka-mandala2-2013-technika-mieszana-80-x-60-1.jpg\"},\"backgroundPosition\":\"center center\",\"backgroundRepeat\":\"no-repeat\",\"backgroundImageSize\":\"cover\",\"backgroundVideoSize\":\"cover\",\"customBackgroundColor\":\"\",\"hasParallax\":false,\"backgroundFocalPoint\":{\"x\":0.5,\"y\":0.5},\"backgroundVideoFocalPoint\":{\"x\":0.5,\"y\":0.5},\"backgroundVideo\":{},\"backgroundVideoMuted\":true,\"backgroundVideoLoop\":true,\"backgroundVideoAutoplay\":true,\"openPopover\":true,\"mediaId\":\"3068\"}} -->\n<!-- wp:paragraph {\"align\":\"center\",\"placeholder\":\"Add slide content here\u2026\",\"className\":\"gutenslider-content-initial\",\"fontSize\":\"larger\"} -->\n<p class=\"has-text-align-center gutenslider-content-initial has-larger-font-size\"><\/p>\n<!-- \/wp:paragraph -->\n<!-- \/wp:eedee\/block-gutenslide -->\n\n<!-- wp:eedee\/block-gutenslide {\"gsBlockId\":\"oo3wqaylo\",\"background\":{\"backgroundType\":\"image\",\"backgroundColor\":\"#eeeeee\",\"backgroundOverlayImage\":\"\",\"backgroundOverlayVideo\":\"\",\"backgroundOverlayOpacity\":50,\"backgroundGradient\":{},\"backgroundImage\":{\"alt\":\"\",\"id\":\"3067\",\"link\":\"https:\/\/galeriamiejska.pl\/en\/julia-curylo\/179_julia-curylo-2012-matka-olej-na-plotnie-150-x-220-2\/\",\"caption\":\"Julia Cury\u0142o, 2012, Matka, olej na p\u0142\u00f3tnie, 150 x 220 \",\"type\":\"image\",\"url\":\"https:\/\/galeriamiejska.pl\/wp-content\/uploads\/2021\/01\/179_julia-curylo-2012-matka-olej-na-plotnie-150-x-220-1.jpg\",\"fullUrl\":\"https:\/\/galeriamiejska.pl\/wp-content\/uploads\/2021\/01\/179_julia-curylo-2012-matka-olej-na-plotnie-150-x-220-1.jpg\"},\"backgroundPosition\":\"center center\",\"backgroundRepeat\":\"no-repeat\",\"backgroundImageSize\":\"cover\",\"backgroundVideoSize\":\"cover\",\"customBackgroundColor\":\"\",\"hasParallax\":false,\"backgroundFocalPoint\":{\"x\":0.5,\"y\":0.5},\"backgroundVideoFocalPoint\":{\"x\":0.5,\"y\":0.5},\"backgroundVideo\":{},\"backgroundVideoMuted\":true,\"backgroundVideoLoop\":true,\"backgroundVideoAutoplay\":true,\"openPopover\":true,\"mediaId\":\"3067\"}} -->\n<!-- wp:paragraph {\"align\":\"center\",\"placeholder\":\"Add slide content here\u2026\",\"className\":\"gutenslider-content-initial\",\"fontSize\":\"larger\"} -->\n<p class=\"has-text-align-center gutenslider-content-initial has-larger-font-size\"><\/p>\n<!-- \/wp:paragraph -->\n<!-- \/wp:eedee\/block-gutenslide -->\n\n<!-- wp:eedee\/block-gutenslide {\"gsBlockId\":\"01n9vmq5u\",\"background\":{\"backgroundType\":\"image\",\"backgroundColor\":\"#eeeeee\",\"backgroundOverlayImage\":\"\",\"backgroundOverlayVideo\":\"\",\"backgroundOverlayOpacity\":50,\"backgroundGradient\":{},\"backgroundImage\":{\"alt\":\"\",\"id\":\"3066\",\"link\":\"https:\/\/galeriamiejska.pl\/en\/julia-curylo\/179_julia-curylo-zderzenie-6-2011-olej-na-plotnie-18-x-24\/\",\"caption\":\"Julia Cury\u0142o, Zderzenie 6, 2011, olej na p\u0142\u00f3tnie, 18 x 24 \",\"type\":\"image\",\"url\":\"https:\/\/galeriamiejska.pl\/wp-content\/uploads\/2021\/01\/179_julia-curylo-zderzenie-6-2011-olej-na-plotnie-18-x-24.jpg\",\"fullUrl\":\"https:\/\/galeriamiejska.pl\/wp-content\/uploads\/2021\/01\/179_julia-curylo-zderzenie-6-2011-olej-na-plotnie-18-x-24.jpg\"},\"backgroundPosition\":\"center center\",\"backgroundRepeat\":\"no-repeat\",\"backgroundImageSize\":\"cover\",\"backgroundVideoSize\":\"cover\",\"customBackgroundColor\":\"\",\"hasParallax\":false,\"backgroundFocalPoint\":{\"x\":0.5,\"y\":0.5},\"backgroundVideoFocalPoint\":{\"x\":0.5,\"y\":0.5},\"backgroundVideo\":{},\"backgroundVideoMuted\":true,\"backgroundVideoLoop\":true,\"backgroundVideoAutoplay\":true,\"openPopover\":true,\"mediaId\":\"3066\"}} -->\n<!-- wp:paragraph {\"align\":\"center\",\"placeholder\":\"Add slide content here\u2026\",\"className\":\"gutenslider-content-initial\",\"fontSize\":\"larger\"} -->\n<p class=\"has-text-align-center gutenslider-content-initial has-larger-font-size\"><\/p>\n<!-- \/wp:paragraph -->\n<!-- \/wp:eedee\/block-gutenslide -->\n\n<!-- wp:eedee\/block-gutenslide {\"gsBlockId\":\"iwvh9865h\",\"background\":{\"backgroundType\":\"image\",\"backgroundColor\":\"#eeeeee\",\"backgroundOverlayImage\":\"\",\"backgroundOverlayVideo\":\"\",\"backgroundOverlayOpacity\":50,\"backgroundGradient\":{},\"backgroundImage\":{\"alt\":\"\",\"id\":\"3065\",\"link\":\"https:\/\/galeriamiejska.pl\/en\/julia-curylo\/179_julia-curylo-zderzenie-5-2011-olej-na-plotnie-18-x-24\/\",\"caption\":\"Julia Cury\u0142o, Zderzenie 5, 2011, olej na p\u0142\u00f3tnie, 18 x 24 \",\"type\":\"image\",\"url\":\"https:\/\/galeriamiejska.pl\/wp-content\/uploads\/2021\/01\/179_julia-curylo-zderzenie-5-2011-olej-na-plotnie-18-x-24.jpg\",\"fullUrl\":\"https:\/\/galeriamiejska.pl\/wp-content\/uploads\/2021\/01\/179_julia-curylo-zderzenie-5-2011-olej-na-plotnie-18-x-24.jpg\"},\"backgroundPosition\":\"center center\",\"backgroundRepeat\":\"no-repeat\",\"backgroundImageSize\":\"cover\",\"backgroundVideoSize\":\"cover\",\"customBackgroundColor\":\"\",\"hasParallax\":false,\"backgroundFocalPoint\":{\"x\":0.5,\"y\":0.5},\"backgroundVideoFocalPoint\":{\"x\":0.5,\"y\":0.5},\"backgroundVideo\":{},\"backgroundVideoMuted\":true,\"backgroundVideoLoop\":true,\"backgroundVideoAutoplay\":true,\"openPopover\":true,\"mediaId\":\"3065\"}} -->\n<!-- wp:paragraph {\"align\":\"center\",\"placeholder\":\"Add slide content here\u2026\",\"className\":\"gutenslider-content-initial\",\"fontSize\":\"larger\"} -->\n<p class=\"has-text-align-center gutenslider-content-initial has-larger-font-size\"><\/p>\n<!-- \/wp:paragraph -->\n<!-- \/wp:eedee\/block-gutenslide -->\n\n<!-- wp:eedee\/block-gutenslide {\"gsBlockId\":\"5srcg2nov\",\"background\":{\"backgroundType\":\"image\",\"backgroundColor\":\"#eeeeee\",\"backgroundOverlayImage\":\"\",\"backgroundOverlayVideo\":\"\",\"backgroundOverlayOpacity\":50,\"backgroundGradient\":{},\"backgroundImage\":{\"alt\":\"\",\"id\":\"3064\",\"link\":\"https:\/\/galeriamiejska.pl\/en\/julia-curylo\/179_julia-curylo-pisklak-nadzieja-malarstwa-2010-olej-na-plotnie-233x1575\/\",\"caption\":\"Julia Cury\u0142o, Pisklak, nadzieja malarstwa, 2010, olej na p\u0142\u00f3tnie, 233x157,5 \",\"type\":\"image\",\"url\":\"https:\/\/galeriamiejska.pl\/wp-content\/uploads\/2021\/01\/179_julia-curylo-pisklak-nadzieja-malarstwa-2010-olej-na-plotnie-233x1575-1.jpg\",\"fullUrl\":\"https:\/\/galeriamiejska.pl\/wp-content\/uploads\/2021\/01\/179_julia-curylo-pisklak-nadzieja-malarstwa-2010-olej-na-plotnie-233x1575-1.jpg\"},\"backgroundPosition\":\"center center\",\"backgroundRepeat\":\"no-repeat\",\"backgroundImageSize\":\"cover\",\"backgroundVideoSize\":\"cover\",\"customBackgroundColor\":\"\",\"hasParallax\":false,\"backgroundFocalPoint\":{\"x\":0.5,\"y\":0.5},\"backgroundVideoFocalPoint\":{\"x\":0.5,\"y\":0.5},\"backgroundVideo\":{},\"backgroundVideoMuted\":true,\"backgroundVideoLoop\":true,\"backgroundVideoAutoplay\":true,\"openPopover\":true,\"mediaId\":\"3064\"}} -->\n<!-- wp:paragraph {\"align\":\"center\",\"placeholder\":\"Add slide content here\u2026\",\"className\":\"gutenslider-content-initial\",\"fontSize\":\"larger\"} -->\n<p class=\"has-text-align-center gutenslider-content-initial has-larger-font-size\"><\/p>\n<!-- \/wp:paragraph -->\n<!-- \/wp:eedee\/block-gutenslide -->\n\n<!-- wp:eedee\/block-gutenslide {\"gsBlockId\":\"n7qer2y49\",\"background\":{\"backgroundType\":\"image\",\"backgroundColor\":\"#eeeeee\",\"backgroundOverlayImage\":\"\",\"backgroundOverlayVideo\":\"\",\"backgroundOverlayOpacity\":50,\"backgroundGradient\":{},\"backgroundImage\":{\"alt\":\"\",\"id\":\"3063\",\"link\":\"https:\/\/galeriamiejska.pl\/en\/julia-curylo\/179_julia-curylo-motyle-olej-na-plotnie-203x146-2\/\",\"caption\":\"Julia Cury\u0142o, Motyle, olej na p\u0142\u00f3tnie, 203x146 \",\"type\":\"image\",\"url\":\"https:\/\/galeriamiejska.pl\/wp-content\/uploads\/2021\/01\/179_julia-curylo-motyle-olej-na-plotnie-203x146-2.jpg\",\"fullUrl\":\"https:\/\/galeriamiejska.pl\/wp-content\/uploads\/2021\/01\/179_julia-curylo-motyle-olej-na-plotnie-203x146-2.jpg\"},\"backgroundPosition\":\"center center\",\"backgroundRepeat\":\"no-repeat\",\"backgroundImageSize\":\"cover\",\"backgroundVideoSize\":\"cover\",\"customBackgroundColor\":\"\",\"hasParallax\":false,\"backgroundFocalPoint\":{\"x\":0.5,\"y\":0.5},\"backgroundVideoFocalPoint\":{\"x\":0.5,\"y\":0.5},\"backgroundVideo\":{},\"backgroundVideoMuted\":true,\"backgroundVideoLoop\":true,\"backgroundVideoAutoplay\":true,\"openPopover\":true,\"mediaId\":\"3063\"}} -->\n<!-- wp:paragraph {\"align\":\"center\",\"placeholder\":\"Add slide content here\u2026\",\"className\":\"gutenslider-content-initial\",\"fontSize\":\"larger\"} -->\n<p class=\"has-text-align-center gutenslider-content-initial has-larger-font-size\"><\/p>\n<!-- \/wp:paragraph -->\n<!-- \/wp:eedee\/block-gutenslide -->\n\n<!-- wp:eedee\/block-gutenslide {\"gsBlockId\":\"zvim2f7cu\",\"background\":{\"backgroundType\":\"image\",\"backgroundColor\":\"#eeeeee\",\"backgroundOverlayImage\":\"\",\"backgroundOverlayVideo\":\"\",\"backgroundOverlayOpacity\":50,\"backgroundGradient\":{},\"backgroundImage\":{\"alt\":\"\",\"id\":\"3062\",\"link\":\"https:\/\/galeriamiejska.pl\/en\/julia-curylo\/179_julia-curylo-lhc-wojna-2011-olej-na-plotnie-158-x-225-2\/\",\"caption\":\"Julia Cury\u0142o, LHC, Wojna, 2011, olej na p\u0142\u00f3tnie, 158 x 225 \",\"type\":\"image\",\"url\":\"https:\/\/galeriamiejska.pl\/wp-content\/uploads\/2021\/01\/179_julia-curylo-lhc-wojna-2011-olej-na-plotnie-158-x-225-1.jpg\",\"fullUrl\":\"https:\/\/galeriamiejska.pl\/wp-content\/uploads\/2021\/01\/179_julia-curylo-lhc-wojna-2011-olej-na-plotnie-158-x-225-1.jpg\"},\"backgroundPosition\":\"center center\",\"backgroundRepeat\":\"no-repeat\",\"backgroundImageSize\":\"cover\",\"backgroundVideoSize\":\"cover\",\"customBackgroundColor\":\"\",\"hasParallax\":false,\"backgroundFocalPoint\":{\"x\":0.5,\"y\":0.5},\"backgroundVideoFocalPoint\":{\"x\":0.5,\"y\":0.5},\"backgroundVideo\":{},\"backgroundVideoMuted\":true,\"backgroundVideoLoop\":true,\"backgroundVideoAutoplay\":true,\"openPopover\":true,\"mediaId\":\"3062\"}} -->\n<!-- wp:paragraph {\"align\":\"center\",\"placeholder\":\"Add slide content here\u2026\",\"className\":\"gutenslider-content-initial\",\"fontSize\":\"larger\"} -->\n<p class=\"has-text-align-center gutenslider-content-initial has-larger-font-size\"><\/p>\n<!-- \/wp:paragraph -->\n<!-- \/wp:eedee\/block-gutenslide -->\n<!-- \/wp:eedee\/block-gutenslider -->\n\n<!-- wp:paragraph {\"align\":\"left\"} -->\n<p class=\"has-text-align-left\"><strong>Julia Cury\u0142o(1986) was born in Warsaw. She studied at the Academy of Fine Arts in Warsaw and got her MFA in 2009 (class of Leon Tarasewicz). She is an author of paintings and installations presented in public city space. In January of 2010 she won the competition organized by the Gallery A19 operating at the Marymont metro station in Warsaw. Her big-format mural Lambs of God that was presented there brought her publicity.<\/strong><br><br>In November of the same year Cury\u0142o received a&nbsp;Grand Prix from the Ministry of Culture and National Heritage as well as the award of BWA Municipal Gallery in Bydgoszcz during the PROMOTIONS 2010 in the Gallery of Art in Legnica. In May of 2011 she was nominated for a&nbsp;prestigious award of the 10th edition of Geppert Competition. The same year three individual exhibitions of her works took place: <em>Church Fairs and Miraculous Visions<\/em> in the Art Gallery in Toru\u0144, <em>Magical Reality<\/em> in Gallery of Art in Legnica and <em>Church Fairs and Miraculous Visions<\/em> in Strefa A&nbsp;Gallery and Szara Gallery in Cracow. Subsequent years brought many others exhibitions and presentations of Cury\u0142o\u2019s art, including her objects displayed in city space, including Warsaw, Pozna\u0144 (festival No Women No Art) and Bydgoszcz. In 2012 Julia Cury\u0142o was listed amongst the first fifteen in a&nbsp;ranking of the most important young artists \u2014 the Compass of Young Art. The same year she received a&nbsp;scholarship from the Ministry of Culture and National Heritage designated for a&nbsp;production of series of pneumatic sculptures <em>Feministic Hens.<\/em><br><strong>Individual exhibitions:<\/strong><br><br><strong>2013<\/strong><br>Hello Modernity,Galeria Miejska Wroc\u0142aw, Wroc\u0142aw<br>God particie, 8-14 TeV, BWA Gallery, Bydgoszcz<br>Temptations, Marvels and Delights,Biala Gallery Lublin<br><br><strong>2012<\/strong><br>Czastka H0 particle, aTAK Gallery, Warsaw<br>Church Fairs and Miraculous Visions,Szara Gallery, Cracow<br><br><strong>2011<\/strong><br>Church Fairs and Miraculous Visions,Strefa A&nbsp;Gallery, Cracow<br>Magical Reality, Gallery of Art in Legnica, Legnica<br>Church Fairs and Miraculous Visions, Wozownia Gallery, Torun<br><br><strong>2010<\/strong><br>Chick an installation, Leszek Bialy Square, Bydgoszcz<br>Tulips an installation, No Women no Art Festival, Poznan<br>Hens, Centrum Subway Station , Warsaw 2010<br>Lambs of God, Pociag do Sztuki Gallery, Warsaw<br><br><strong>Group exhibitions:<\/strong><br><strong>2013<\/strong><br>Derealizm, Galeria Miejska, Wroc\u0142aw<br>Animal- symbol, inspiration or pretext, Museum of Hunting and Horsemanship, Warsaw<br><strong><br>2012<\/strong><br>Compass of Art, 1 Gallery, Warsaw<br>Art versus Sacrum,Gardzielnice Gallery, Lublin<br>The Inherency of painting, Spokojna Gallery Warsaw<br>Art in public space studio Review, Galeria Dzia\u0142a\u0144 Gallery, Warsaw<br><br><strong>2011<\/strong><br>10th Geppert Competition exhibition, BWA Wroclaw Gallery, Wroclaw<br><br><strong>2010<\/strong><br>The 20th National Young Painting Review PROMOTIONS 2010, Gallery of Art in Legnica, Legnica<br><br><strong>2009<\/strong><br>Freies Museum, Berlin<br>1500 m do wynaj\u0119cia Gallery, Warsaw<br>\"Salon Akademi i\" Gallery, Warsaw<br>Hoover Square Gallery, Warsaw<\/p>\n<!-- \/wp:paragraph -->\n\n<!-- wp:gallery {\"ids\":[3073,3072,3071,3070,3069,3068,3067,3066,3065,3064,3063,3062],\"columns\":4,\"linkTo\":\"file\"} -->\n<figure class=\"wp-block-gallery columns-4 is-cropped\"><ul class=\"blocks-gallery-grid\"><li class=\"blocks-gallery-item\"><figure><a href=\"https:\/\/galeriamiejska.pl\/wp-content\/uploads\/2021\/01\/179_julia-curylo-lhc-genesis-2011-olej-na-plotnie-156-x-224-1.jpg\"><img src=\"https:\/\/galeriamiejska.pl\/wp-content\/uploads\/2021\/01\/179_julia-curylo-lhc-genesis-2011-olej-na-plotnie-156-x-224-1.jpg\" alt=\"\" data-id=\"3073\" data-full-url=\"https:\/\/galeriamiejska.pl\/wp-content\/uploads\/2021\/01\/179_julia-curylo-lhc-genesis-2011-olej-na-plotnie-156-x-224-1.jpg\" data-link=\"https:\/\/galeriamiejska.pl\/en\/julia-curylo\/179_julia-curylo-lhc-genesis-2011-olej-na-plotnie-156-x-224-2\/\" class=\"wp-image-3073\"\/><\/a><figcaption class=\"blocks-gallery-item__caption\">Julia Cury\u0142o, LHC, Genesis, 2011, olej na p\u0142\u00f3tnie, 156 x 224 <\/figcaption><\/figure><\/li><li class=\"blocks-gallery-item\"><figure><a href=\"https:\/\/galeriamiejska.pl\/wp-content\/uploads\/2021\/01\/179_julia-curylo-lhc-apokalipsa-olej-na-plotnie-240-x-150-1.jpg\"><img src=\"https:\/\/galeriamiejska.pl\/wp-content\/uploads\/2021\/01\/179_julia-curylo-lhc-apokalipsa-olej-na-plotnie-240-x-150-1.jpg\" alt=\"\" data-id=\"3072\" data-full-url=\"https:\/\/galeriamiejska.pl\/wp-content\/uploads\/2021\/01\/179_julia-curylo-lhc-apokalipsa-olej-na-plotnie-240-x-150-1.jpg\" data-link=\"https:\/\/galeriamiejska.pl\/en\/julia-curylo\/179_julia-curylo-lhc-apokalipsa-olej-na-plotnie-240-x-150-2\/\" class=\"wp-image-3072\"\/><\/a><figcaption class=\"blocks-gallery-item__caption\">Julia Cury\u0142o, LHC, Apokalipsa, olej na p\u0142\u00f3tnie, 240 x 150 <\/figcaption><\/figure><\/li><li class=\"blocks-gallery-item\"><figure><a href=\"https:\/\/galeriamiejska.pl\/wp-content\/uploads\/2021\/01\/179_julia-curylo-euroarabia-2013-olej-na-plotnie-200-x-120-1.jpg\"><img src=\"https:\/\/galeriamiejska.pl\/wp-content\/uploads\/2021\/01\/179_julia-curylo-euroarabia-2013-olej-na-plotnie-200-x-120-1.jpg\" alt=\"\" data-id=\"3071\" data-full-url=\"https:\/\/galeriamiejska.pl\/wp-content\/uploads\/2021\/01\/179_julia-curylo-euroarabia-2013-olej-na-plotnie-200-x-120-1.jpg\" data-link=\"https:\/\/galeriamiejska.pl\/en\/julia-curylo\/179_julia-curylo-euroarabia-2013-olej-na-plotnie-200-x-120-2\/\" class=\"wp-image-3071\"\/><\/a><figcaption class=\"blocks-gallery-item__caption\">Julia Cury\u0142o, Euroarabia, 2013, olej na p\u0142\u00f3tnie, 200 x 120 <\/figcaption><\/figure><\/li><li class=\"blocks-gallery-item\"><figure><a href=\"https:\/\/galeriamiejska.pl\/wp-content\/uploads\/2021\/01\/179_julia-curylo-dance-macabre-2013-technika-mieszana-210-x-140-1.jpg\"><img src=\"https:\/\/galeriamiejska.pl\/wp-content\/uploads\/2021\/01\/179_julia-curylo-dance-macabre-2013-technika-mieszana-210-x-140-1.jpg\" alt=\"\" data-id=\"3070\" data-full-url=\"https:\/\/galeriamiejska.pl\/wp-content\/uploads\/2021\/01\/179_julia-curylo-dance-macabre-2013-technika-mieszana-210-x-140-1.jpg\" data-link=\"https:\/\/galeriamiejska.pl\/en\/julia-curylo\/179_julia-curylo-dance-macabre-2013-technika-mieszana-210-x-140-2\/\" class=\"wp-image-3070\"\/><\/a><figcaption class=\"blocks-gallery-item__caption\">Julia Cury\u0142o, Dance macabre, 2013, technika mieszana, 210 x 140 <\/figcaption><\/figure><\/li><li class=\"blocks-gallery-item\"><figure><a href=\"https:\/\/galeriamiejska.pl\/wp-content\/uploads\/2021\/01\/179_julia-curylo-boska-czastka-mandala6-2013technika-mieszana-160-x-120-1.jpg\"><img src=\"https:\/\/galeriamiejska.pl\/wp-content\/uploads\/2021\/01\/179_julia-curylo-boska-czastka-mandala6-2013technika-mieszana-160-x-120-1.jpg\" alt=\"\" data-id=\"3069\" data-full-url=\"https:\/\/galeriamiejska.pl\/wp-content\/uploads\/2021\/01\/179_julia-curylo-boska-czastka-mandala6-2013technika-mieszana-160-x-120-1.jpg\" data-link=\"https:\/\/galeriamiejska.pl\/en\/julia-curylo\/179_julia-curylo-boska-czastka-mandala6-2013technika-mieszana-160-x-120-2\/\" class=\"wp-image-3069\"\/><\/a><figcaption class=\"blocks-gallery-item__caption\">Julia Cury\u0142o, Boska cz\u0105stka (mandala6), 2013,technika mieszana, 160 x 120 <\/figcaption><\/figure><\/li><li class=\"blocks-gallery-item\"><figure><a href=\"https:\/\/galeriamiejska.pl\/wp-content\/uploads\/2021\/01\/179_julia-curylo-boska-czastka-mandala2-2013-technika-mieszana-80-x-60-1.jpg\"><img src=\"https:\/\/galeriamiejska.pl\/wp-content\/uploads\/2021\/01\/179_julia-curylo-boska-czastka-mandala2-2013-technika-mieszana-80-x-60-1.jpg\" alt=\"\" data-id=\"3068\" data-full-url=\"https:\/\/galeriamiejska.pl\/wp-content\/uploads\/2021\/01\/179_julia-curylo-boska-czastka-mandala2-2013-technika-mieszana-80-x-60-1.jpg\" data-link=\"https:\/\/galeriamiejska.pl\/en\/julia-curylo\/179_julia-curylo-boska-czastka-mandala2-2013-technika-mieszana-80-x-60-2\/\" class=\"wp-image-3068\"\/><\/a><figcaption class=\"blocks-gallery-item__caption\">Julia Cury\u0142o, Boska cz\u0105stka (mandala2), 2013, technika mieszana, 80 x 60 <\/figcaption><\/figure><\/li><li class=\"blocks-gallery-item\"><figure><a href=\"https:\/\/galeriamiejska.pl\/wp-content\/uploads\/2021\/01\/179_julia-curylo-2012-matka-olej-na-plotnie-150-x-220-1.jpg\"><img src=\"https:\/\/galeriamiejska.pl\/wp-content\/uploads\/2021\/01\/179_julia-curylo-2012-matka-olej-na-plotnie-150-x-220-1.jpg\" alt=\"\" data-id=\"3067\" data-full-url=\"https:\/\/galeriamiejska.pl\/wp-content\/uploads\/2021\/01\/179_julia-curylo-2012-matka-olej-na-plotnie-150-x-220-1.jpg\" data-link=\"https:\/\/galeriamiejska.pl\/en\/julia-curylo\/179_julia-curylo-2012-matka-olej-na-plotnie-150-x-220-2\/\" class=\"wp-image-3067\"\/><\/a><figcaption class=\"blocks-gallery-item__caption\">Julia Cury\u0142o, 2012, Matka, olej na p\u0142\u00f3tnie, 150 x 220 <\/figcaption><\/figure><\/li><li class=\"blocks-gallery-item\"><figure><a href=\"https:\/\/galeriamiejska.pl\/wp-content\/uploads\/2021\/01\/179_julia-curylo-zderzenie-6-2011-olej-na-plotnie-18-x-24.jpg\"><img src=\"https:\/\/galeriamiejska.pl\/wp-content\/uploads\/2021\/01\/179_julia-curylo-zderzenie-6-2011-olej-na-plotnie-18-x-24.jpg\" alt=\"\" data-id=\"3066\" data-full-url=\"https:\/\/galeriamiejska.pl\/wp-content\/uploads\/2021\/01\/179_julia-curylo-zderzenie-6-2011-olej-na-plotnie-18-x-24.jpg\" data-link=\"https:\/\/galeriamiejska.pl\/en\/julia-curylo\/179_julia-curylo-zderzenie-6-2011-olej-na-plotnie-18-x-24\/\" class=\"wp-image-3066\"\/><\/a><figcaption class=\"blocks-gallery-item__caption\">Julia Cury\u0142o, Zderzenie 6, 2011, olej na p\u0142\u00f3tnie, 18 x 24 <\/figcaption><\/figure><\/li><li class=\"blocks-gallery-item\"><figure><a href=\"https:\/\/galeriamiejska.pl\/wp-content\/uploads\/2021\/01\/179_julia-curylo-zderzenie-5-2011-olej-na-plotnie-18-x-24.jpg\"><img src=\"https:\/\/galeriamiejska.pl\/wp-content\/uploads\/2021\/01\/179_julia-curylo-zderzenie-5-2011-olej-na-plotnie-18-x-24.jpg\" alt=\"\" data-id=\"3065\" data-full-url=\"https:\/\/galeriamiejska.pl\/wp-content\/uploads\/2021\/01\/179_julia-curylo-zderzenie-5-2011-olej-na-plotnie-18-x-24.jpg\" data-link=\"https:\/\/galeriamiejska.pl\/en\/julia-curylo\/179_julia-curylo-zderzenie-5-2011-olej-na-plotnie-18-x-24\/\" class=\"wp-image-3065\"\/><\/a><figcaption class=\"blocks-gallery-item__caption\">Julia Cury\u0142o, Zderzenie 5, 2011, olej na p\u0142\u00f3tnie, 18 x 24 <\/figcaption><\/figure><\/li><li class=\"blocks-gallery-item\"><figure><a href=\"https:\/\/galeriamiejska.pl\/wp-content\/uploads\/2021\/01\/179_julia-curylo-pisklak-nadzieja-malarstwa-2010-olej-na-plotnie-233x1575-1.jpg\"><img src=\"https:\/\/galeriamiejska.pl\/wp-content\/uploads\/2021\/01\/179_julia-curylo-pisklak-nadzieja-malarstwa-2010-olej-na-plotnie-233x1575-1.jpg\" alt=\"\" data-id=\"3064\" data-full-url=\"https:\/\/galeriamiejska.pl\/wp-content\/uploads\/2021\/01\/179_julia-curylo-pisklak-nadzieja-malarstwa-2010-olej-na-plotnie-233x1575-1.jpg\" data-link=\"https:\/\/galeriamiejska.pl\/en\/julia-curylo\/179_julia-curylo-pisklak-nadzieja-malarstwa-2010-olej-na-plotnie-233x1575\/\" class=\"wp-image-3064\"\/><\/a><figcaption class=\"blocks-gallery-item__caption\">Julia Cury\u0142o, Pisklak, nadzieja malarstwa, 2010, olej na p\u0142\u00f3tnie, 233x157,5 <\/figcaption><\/figure><\/li><li class=\"blocks-gallery-item\"><figure><a href=\"https:\/\/galeriamiejska.pl\/wp-content\/uploads\/2021\/01\/179_julia-curylo-motyle-olej-na-plotnie-203x146-2.jpg\"><img src=\"https:\/\/galeriamiejska.pl\/wp-content\/uploads\/2021\/01\/179_julia-curylo-motyle-olej-na-plotnie-203x146-2.jpg\" alt=\"\" data-id=\"3063\" data-full-url=\"https:\/\/galeriamiejska.pl\/wp-content\/uploads\/2021\/01\/179_julia-curylo-motyle-olej-na-plotnie-203x146-2.jpg\" data-link=\"https:\/\/galeriamiejska.pl\/en\/julia-curylo\/179_julia-curylo-motyle-olej-na-plotnie-203x146-2\/\" class=\"wp-image-3063\"\/><\/a><figcaption class=\"blocks-gallery-item__caption\">Julia Cury\u0142o, Motyle, olej na p\u0142\u00f3tnie, 203x146 <\/figcaption><\/figure><\/li><li class=\"blocks-gallery-item\"><figure><a href=\"https:\/\/galeriamiejska.pl\/wp-content\/uploads\/2021\/01\/179_julia-curylo-lhc-wojna-2011-olej-na-plotnie-158-x-225-1.jpg\"><img src=\"https:\/\/galeriamiejska.pl\/wp-content\/uploads\/2021\/01\/179_julia-curylo-lhc-wojna-2011-olej-na-plotnie-158-x-225-1.jpg\" alt=\"\" data-id=\"3062\" data-full-url=\"https:\/\/galeriamiejska.pl\/wp-content\/uploads\/2021\/01\/179_julia-curylo-lhc-wojna-2011-olej-na-plotnie-158-x-225-1.jpg\" data-link=\"https:\/\/galeriamiejska.pl\/en\/julia-curylo\/179_julia-curylo-lhc-wojna-2011-olej-na-plotnie-158-x-225-2\/\" class=\"wp-image-3062\"\/><\/a><figcaption class=\"blocks-gallery-item__caption\">Julia Cury\u0142o, LHC, Wojna, 2011, olej na p\u0142\u00f3tnie, 158 x 225 <\/figcaption><\/figure><\/li><\/ul><\/figure>\n<!-- \/wp:gallery -->","_en_post_name":"","_en_post_excerpt":"She is an author of paintings and installations presented in public city space.\n","_en_post_title":" Julia Cury\u0142o ","edit_language":"en","footnotes":""},"categories":[12,13],"tags":[],"class_list":["post-88","post","type-post","status-publish","format-standard","has-post-thumbnail","hentry","category-artysci","category-reprezentowani"],"yoast_head":"<!-- This site is optimized with the Yoast SEO plugin v16.8 - https:\/\/yoast.com\/wordpress\/plugins\/seo\/ -->\n<title>Julia Cury\u0142o - Galeria Miejska we Wroc\u0142awiu<\/title>\n<meta name=\"robots\" content=\"index, follow, max-snippet:-1, max-image-preview:large, max-video-preview:-1\" \/>\n<link rel=\"canonical\" href=\"https:\/\/galeriamiejska.pl\/en\/julia-curylo\/\" \/>\n<meta property=\"og:locale\" content=\"en_US\" \/>\n<meta property=\"og:type\" content=\"article\" \/>\n<meta property=\"og:title\" content=\"Julia Cury\u0142o - Galeria Miejska we Wroc\u0142awiu\" \/>\n<meta property=\"og:description\" content=\"Autorka instalacji przestrzennych, malarka.\" \/>\n<meta property=\"og:url\" content=\"https:\/\/galeriamiejska.pl\/en\/julia-curylo\/\" \/>\n<meta property=\"og:site_name\" content=\"Galeria Miejska we Wroc\u0142awiu\" \/>\n<meta property=\"article:published_time\" content=\"2021-01-19T09:05:00+00:00\" \/>\n<meta property=\"article:modified_time\" content=\"2021-11-09T11:29:30+00:00\" \/>\n<meta property=\"og:image\" content=\"https:\/\/galeriamiejska.pl\/wp-content\/uploads\/2021\/01\/179_noname.jpg\" \/>\n\t<meta property=\"og:image:width\" content=\"640\" \/>\n\t<meta property=\"og:image:height\" content=\"340\" \/>\n<meta name=\"twitter:card\" content=\"summary_large_image\" \/>\n<meta name=\"twitter:label1\" content=\"Written by\" \/>\n\t<meta name=\"twitter:data1\" content=\"admin\" \/>\n\t<meta name=\"twitter:label2\" content=\"Est. reading time\" \/>\n\t<meta name=\"twitter:data2\" content=\"7 minutes\" \/>\n<script type=\"application\/ld+json\" class=\"yoast-schema-graph\">{\"@context\":\"https:\/\/schema.org\",\"@graph\":[{\"@type\":\"WebSite\",\"@id\":\"https:\/\/galeriamiejska.pl\/en\/#website\",\"url\":\"https:\/\/galeriamiejska.pl\/en\/\",\"name\":\"Galeria Miejska we Wroc\\u0142awiu\",\"description\":\"\",\"potentialAction\":[{\"@type\":\"SearchAction\",\"target\":{\"@type\":\"EntryPoint\",\"urlTemplate\":\"https:\/\/galeriamiejska.pl\/en\/?s={search_term_string}\"},\"query-input\":\"required name=search_term_string\"}],\"inLanguage\":\"\"},{\"@type\":\"ImageObject\",\"@id\":\"https:\/\/galeriamiejska.pl\/en\/julia-curylo\/#primaryimage\",\"inLanguage\":\"\",\"url\":\"https:\/\/galeriamiejska.pl\/wp-content\/uploads\/2021\/01\/179_noname.jpg\",\"contentUrl\":\"https:\/\/galeriamiejska.pl\/wp-content\/uploads\/2021\/01\/179_noname.jpg\",\"width\":640,\"height\":340},{\"@type\":\"WebPage\",\"@id\":\"https:\/\/galeriamiejska.pl\/en\/julia-curylo\/#webpage\",\"url\":\"https:\/\/galeriamiejska.pl\/en\/julia-curylo\/\",\"name\":\"Julia Cury\\u0142o - Galeria Miejska we Wroc\\u0142awiu\",\"isPartOf\":{\"@id\":\"https:\/\/galeriamiejska.pl\/en\/#website\"},\"primaryImageOfPage\":{\"@id\":\"https:\/\/galeriamiejska.pl\/en\/julia-curylo\/#primaryimage\"},\"datePublished\":\"2021-01-19T09:05:00+00:00\",\"dateModified\":\"2021-11-09T11:29:30+00:00\",\"author\":{\"@id\":\"https:\/\/galeriamiejska.pl\/en\/#\/schema\/person\/cd4f04b0a13c9114f95e23b489b6f9cb\"},\"breadcrumb\":{\"@id\":\"https:\/\/galeriamiejska.pl\/en\/julia-curylo\/#breadcrumb\"},\"inLanguage\":\"\",\"potentialAction\":[{\"@type\":\"ReadAction\",\"target\":[\"https:\/\/galeriamiejska.pl\/en\/julia-curylo\/\"]}]},{\"@type\":\"BreadcrumbList\",\"@id\":\"https:\/\/galeriamiejska.pl\/en\/julia-curylo\/#breadcrumb\",\"itemListElement\":[{\"@type\":\"ListItem\",\"position\":1,\"name\":\"Strona g\\u0142\\u00f3wna\",\"item\":\"https:\/\/galeriamiejska.pl\/en\/\"},{\"@type\":\"ListItem\",\"position\":2,\"name\":\"Julia Cury\\u0142o\"}]},{\"@type\":\"Person\",\"@id\":\"https:\/\/galeriamiejska.pl\/en\/#\/schema\/person\/cd4f04b0a13c9114f95e23b489b6f9cb\",\"name\":\"admin\",\"image\":{\"@type\":\"ImageObject\",\"@id\":\"https:\/\/galeriamiejska.pl\/en\/#personlogo\",\"inLanguage\":\"\",\"url\":\"https:\/\/secure.gravatar.com\/avatar\/3ded5a36984f92b80e2d99cc96780fe89cd37f7fd652108d182620efbb1566fd?s=96&d=mm&r=g\",\"contentUrl\":\"https:\/\/secure.gravatar.com\/avatar\/3ded5a36984f92b80e2d99cc96780fe89cd37f7fd652108d182620efbb1566fd?s=96&d=mm&r=g\",\"caption\":\"admin\"},\"sameAs\":[\"http:\/\/galeriamiejska.pl\"],\"url\":\"https:\/\/galeriamiejska.pl\/en\/author\/admin\/\"}]}<\/script>\n<!-- \/ Yoast SEO plugin. -->","yoast_head_json":{"title":"Julia Cury\u0142o - Galeria Miejska we Wroc\u0142awiu","robots":{"index":"index","follow":"follow","max-snippet":"max-snippet:-1","max-image-preview":"max-image-preview:large","max-video-preview":"max-video-preview:-1"},"canonical":"https:\/\/galeriamiejska.pl\/en\/julia-curylo\/","og_locale":"en_US","og_type":"article","og_title":"Julia Cury\u0142o - Galeria Miejska we Wroc\u0142awiu","og_description":"Autorka instalacji przestrzennych, malarka.","og_url":"https:\/\/galeriamiejska.pl\/en\/julia-curylo\/","og_site_name":"Galeria Miejska we Wroc\u0142awiu","article_published_time":"2021-01-19T09:05:00+00:00","article_modified_time":"2021-11-09T11:29:30+00:00","og_image":[{"width":640,"height":340,"url":"https:\/\/galeriamiejska.pl\/wp-content\/uploads\/2021\/01\/179_noname.jpg","path":"\/autoinstalator\/wordpress\/wp-content\/uploads\/2021\/01\/179_noname.jpg","size":"full","id":89,"alt":"","pixels":217600,"type":"image\/jpeg"}],"twitter_card":"summary_large_image","twitter_misc":{"Written by":"admin","Est. reading time":"7 minutes"},"schema":{"@context":"https:\/\/schema.org","@graph":[{"@type":"WebSite","@id":"https:\/\/galeriamiejska.pl\/en\/#website","url":"https:\/\/galeriamiejska.pl\/en\/","name":"Galeria Miejska we Wroc\u0142awiu","description":"","potentialAction":[{"@type":"SearchAction","target":{"@type":"EntryPoint","urlTemplate":"https:\/\/galeriamiejska.pl\/en\/?s={search_term_string}"},"query-input":"required name=search_term_string"}],"inLanguage":""},{"@type":"ImageObject","@id":"https:\/\/galeriamiejska.pl\/en\/julia-curylo\/#primaryimage","inLanguage":"","url":"https:\/\/galeriamiejska.pl\/wp-content\/uploads\/2021\/01\/179_noname.jpg","contentUrl":"https:\/\/galeriamiejska.pl\/wp-content\/uploads\/2021\/01\/179_noname.jpg","width":640,"height":340},{"@type":"WebPage","@id":"https:\/\/galeriamiejska.pl\/en\/julia-curylo\/#webpage","url":"https:\/\/galeriamiejska.pl\/en\/julia-curylo\/","name":"Julia Cury\u0142o - Galeria Miejska we Wroc\u0142awiu","isPartOf":{"@id":"https:\/\/galeriamiejska.pl\/en\/#website"},"primaryImageOfPage":{"@id":"https:\/\/galeriamiejska.pl\/en\/julia-curylo\/#primaryimage"},"datePublished":"2021-01-19T09:05:00+00:00","dateModified":"2021-11-09T11:29:30+00:00","author":{"@id":"https:\/\/galeriamiejska.pl\/en\/#\/schema\/person\/cd4f04b0a13c9114f95e23b489b6f9cb"},"breadcrumb":{"@id":"https:\/\/galeriamiejska.pl\/en\/julia-curylo\/#breadcrumb"},"inLanguage":"","potentialAction":[{"@type":"ReadAction","target":["https:\/\/galeriamiejska.pl\/en\/julia-curylo\/"]}]},{"@type":"BreadcrumbList","@id":"https:\/\/galeriamiejska.pl\/en\/julia-curylo\/#breadcrumb","itemListElement":[{"@type":"ListItem","position":1,"name":"Strona g\u0142\u00f3wna","item":"https:\/\/galeriamiejska.pl\/en\/"},{"@type":"ListItem","position":2,"name":"Julia Cury\u0142o"}]},{"@type":"Person","@id":"https:\/\/galeriamiejska.pl\/en\/#\/schema\/person\/cd4f04b0a13c9114f95e23b489b6f9cb","name":"admin","image":{"@type":"ImageObject","@id":"https:\/\/galeriamiejska.pl\/en\/#personlogo","inLanguage":"","url":"https:\/\/secure.gravatar.com\/avatar\/3ded5a36984f92b80e2d99cc96780fe89cd37f7fd652108d182620efbb1566fd?s=96&d=mm&r=g","contentUrl":"https:\/\/secure.gravatar.com\/avatar\/3ded5a36984f92b80e2d99cc96780fe89cd37f7fd652108d182620efbb1566fd?s=96&d=mm&r=g","caption":"admin"},"sameAs":["http:\/\/galeriamiejska.pl"],"url":"https:\/\/galeriamiejska.pl\/en\/author\/admin\/"}]}},"_links":{"self":[{"href":"https:\/\/galeriamiejska.pl\/en\/wp-json\/wp\/v2\/posts\/88","targetHints":{"allow":["GET"]}}],"collection":[{"href":"https:\/\/galeriamiejska.pl\/en\/wp-json\/wp\/v2\/posts"}],"about":[{"href":"https:\/\/galeriamiejska.pl\/en\/wp-json\/wp\/v2\/types\/post"}],"author":[{"embeddable":true,"href":"https:\/\/galeriamiejska.pl\/en\/wp-json\/wp\/v2\/users\/1"}],"replies":[{"embeddable":true,"href":"https:\/\/galeriamiejska.pl\/en\/wp-json\/wp\/v2\/comments?post=88"}],"version-history":[{"count":12,"href":"https:\/\/galeriamiejska.pl\/en\/wp-json\/wp\/v2\/posts\/88\/revisions"}],"predecessor-version":[{"id":3093,"href":"https:\/\/galeriamiejska.pl\/en\/wp-json\/wp\/v2\/posts\/88\/revisions\/3093"}],"wp:featuredmedia":[{"embeddable":true,"href":"https:\/\/galeriamiejska.pl\/en\/wp-json\/wp\/v2\/media\/89"}],"wp:attachment":[{"href":"https:\/\/galeriamiejska.pl\/en\/wp-json\/wp\/v2\/media?parent=88"}],"wp:term":[{"taxonomy":"category","embeddable":true,"href":"https:\/\/galeriamiejska.pl\/en\/wp-json\/wp\/v2\/categories?post=88"},{"taxonomy":"post_tag","embeddable":true,"href":"https:\/\/galeriamiejska.pl\/en\/wp-json\/wp\/v2\/tags?post=88"}],"curies":[{"name":"wp","href":"https:\/\/api.w.org\/{rel}","templated":true}]}}