{"id":842,"date":"2021-01-19T12:31:27","date_gmt":"2021-01-19T12:31:27","guid":{"rendered":"http:\/\/galeriamiejska.pl\/?p=842"},"modified":"2021-09-23T10:35:24","modified_gmt":"2021-09-23T10:35:24","slug":"","status":"publish","type":"post","link":"https:\/\/galeriamiejska.pl\/en\/marek-sobczyk-2015-2019-dluzsze-zycie-kazdego-obrazu-android\/","title":{"rendered":"","raw":""},"content":{"rendered":"","protected":false,"raw":""},"excerpt":{"rendered":"","protected":false,"raw":""},"author":1,"featured_media":843,"comment_status":"open","ping_status":"open","sticky":false,"template":"","format":"standard","meta":{"_pl_post_content":"<!-- wp:paragraph -->\n<p><strong>Wydawca: <\/strong>Galeria Miejska we Wroc\u0142awiu<br><strong>Teksty: <\/strong>Marek Sobczyk, Miros\u0142aw Jasi\u0144ski, Agnieszka Pata\u0142a<br><strong>Zdj\u0119cia:<\/strong> archiwum Autora<br><strong>Opracowanie graficzne<\/strong>: Artur Skowro\u0144ski<br><strong>T\u0142umaczenia i&nbsp;korekta:<\/strong> Joanna Hardukiewicz-Chojnowska, Marta Kaczmarek<br><strong>ISBN:<\/strong> 978-83-951052-7-2<br><br>Cena publikacji: 35 z\u0142<br>100 stron, 27x20,5 cm, oprawa mi\u0119kka<br><br><br>Katalog do nabycia w&nbsp;Galerii Miejskiej we Wroc\u0142awiu ul. Kie\u0142ba\u015bnicza 28<br>Przyjmujemy r\u00f3wnie\u017c zam\u00f3wienia pod adresem biuro@galeriamiejska.pl<\/p>\n<!-- \/wp:paragraph -->\n\n<!-- wp:gallery {\"ids\":[3521,3518,3519,3520],\"columns\":4,\"linkTo\":\"file\"} -->\n<figure class=\"wp-block-gallery columns-4 is-cropped\"><ul class=\"blocks-gallery-grid\"><li class=\"blocks-gallery-item\"><figure><a href=\"https:\/\/galeriamiejska.pl\/wp-content\/uploads\/2021\/09\/763_katalog-wystawy-marka-sobczyka-okladka-przod.jpg\"><img src=\"https:\/\/galeriamiejska.pl\/wp-content\/uploads\/2021\/09\/763_katalog-wystawy-marka-sobczyka-okladka-przod.jpg\" alt=\"\" data-id=\"3521\" data-full-url=\"https:\/\/galeriamiejska.pl\/wp-content\/uploads\/2021\/09\/763_katalog-wystawy-marka-sobczyka-okladka-przod.jpg\" data-link=\"https:\/\/galeriamiejska.pl\/marek-sobczyk-2015-2019-dluzsze-zycie-kazdego-obrazu-android\/763_katalog-wystawy-marka-sobczyka-okladka-przod-2\/\" class=\"wp-image-3521\"\/><\/a><figcaption class=\"blocks-gallery-item__caption\">Katalog wystawy Marka Sobczyka - ok\u0142adka prz\u00f3d<\/figcaption><\/figure><\/li><li class=\"blocks-gallery-item\"><figure><a href=\"https:\/\/galeriamiejska.pl\/wp-content\/uploads\/2021\/09\/763_katalog-wystawy-marka-sobczyka-okladka-tyl.jpg\"><img src=\"https:\/\/galeriamiejska.pl\/wp-content\/uploads\/2021\/09\/763_katalog-wystawy-marka-sobczyka-okladka-tyl.jpg\" alt=\"\" data-id=\"3518\" data-full-url=\"https:\/\/galeriamiejska.pl\/wp-content\/uploads\/2021\/09\/763_katalog-wystawy-marka-sobczyka-okladka-tyl.jpg\" data-link=\"https:\/\/galeriamiejska.pl\/marek-sobczyk-2015-2019-dluzsze-zycie-kazdego-obrazu-android\/763_katalog-wystawy-marka-sobczyka-okladka-tyl-2\/\" class=\"wp-image-3518\"\/><\/a><figcaption class=\"blocks-gallery-item__caption\">Katalog wystawy Marka Sobczyka - ok\u0142adka ty\u0142<\/figcaption><\/figure><\/li><li class=\"blocks-gallery-item\"><figure><a href=\"https:\/\/galeriamiejska.pl\/wp-content\/uploads\/2021\/09\/763_katalog-wystawy-marka-sobczyka-wnetrze.jpg\"><img src=\"https:\/\/galeriamiejska.pl\/wp-content\/uploads\/2021\/09\/763_katalog-wystawy-marka-sobczyka-wnetrze.jpg\" alt=\"\" data-id=\"3519\" data-full-url=\"https:\/\/galeriamiejska.pl\/wp-content\/uploads\/2021\/09\/763_katalog-wystawy-marka-sobczyka-wnetrze.jpg\" data-link=\"https:\/\/galeriamiejska.pl\/marek-sobczyk-2015-2019-dluzsze-zycie-kazdego-obrazu-android\/763_katalog-wystawy-marka-sobczyka-wnetrze-2\/\" class=\"wp-image-3519\"\/><\/a><figcaption class=\"blocks-gallery-item__caption\">Katalog wystawy Marka Sobczyka - wn\u0119trze<\/figcaption><\/figure><\/li><li class=\"blocks-gallery-item\"><figure><a href=\"https:\/\/galeriamiejska.pl\/wp-content\/uploads\/2021\/09\/763_1_katalog-wystawy-marka-sobczyka-wnetrze.jpg\"><img src=\"https:\/\/galeriamiejska.pl\/wp-content\/uploads\/2021\/09\/763_1_katalog-wystawy-marka-sobczyka-wnetrze.jpg\" alt=\"\" data-id=\"3520\" data-full-url=\"https:\/\/galeriamiejska.pl\/wp-content\/uploads\/2021\/09\/763_1_katalog-wystawy-marka-sobczyka-wnetrze.jpg\" data-link=\"https:\/\/galeriamiejska.pl\/marek-sobczyk-2015-2019-dluzsze-zycie-kazdego-obrazu-android\/763_1_katalog-wystawy-marka-sobczyka-wnetrze-2\/\" class=\"wp-image-3520\"\/><\/a><figcaption class=\"blocks-gallery-item__caption\">Katalog wystawy Marka Sobczyka - wn\u0119trze<\/figcaption><\/figure><\/li><\/ul><\/figure>\n<!-- \/wp:gallery -->\n\n<!-- wp:paragraph -->\n<p><br><br><br><\/p>\n<!-- \/wp:paragraph -->","_pl_post_name":"marek-sobczyk-2015-2019-dluzsze-zycie-kazdego-obrazu-android","_pl_post_excerpt":"katalog wystawy indywidualnej malarstwa Marka Sobczyka","_pl_post_title":"Marek Sobczyk: 2015\u20132019 [D\u0142u\u017csze \u017cycie ka\u017cdego obrazu] [Android]","_en_post_content":"","_en_post_name":"","_en_post_excerpt":"","_en_post_title":"","edit_language":"en","footnotes":""},"categories":[15,16],"tags":[],"class_list":["post-842","post","type-post","status-publish","format-standard","has-post-thumbnail","hentry","category-sklep","category-wydawnictwa"],"yoast_head":"<!-- This site is optimized with the Yoast SEO plugin v16.8 - https:\/\/yoast.com\/wordpress\/plugins\/seo\/ -->\n<title>Marek Sobczyk: 2015\u20132019 [D\u0142u\u017csze \u017cycie ka\u017cdego obrazu] [Android] - Galeria Miejska we Wroc\u0142awiu<\/title>\n<meta name=\"robots\" content=\"index, follow, max-snippet:-1, max-image-preview:large, max-video-preview:-1\" \/>\n<link rel=\"canonical\" href=\"https:\/\/galeriamiejska.pl\/en\/marek-sobczyk-2015-2019-dluzsze-zycie-kazdego-obrazu-android\/\" \/>\n<meta property=\"og:locale\" content=\"en_US\" \/>\n<meta property=\"og:type\" content=\"article\" \/>\n<meta property=\"og:title\" content=\"Marek Sobczyk: 2015\u20132019 [D\u0142u\u017csze \u017cycie ka\u017cdego obrazu] [Android] - Galeria Miejska we Wroc\u0142awiu\" \/>\n<meta property=\"og:description\" content=\"katalog wystawy indywidualnej malarstwa Marka Sobczyka\" \/>\n<meta property=\"og:url\" content=\"https:\/\/galeriamiejska.pl\/en\/marek-sobczyk-2015-2019-dluzsze-zycie-kazdego-obrazu-android\/\" \/>\n<meta property=\"og:site_name\" content=\"Galeria Miejska we Wroc\u0142awiu\" \/>\n<meta property=\"article:published_time\" content=\"2021-01-19T12:31:27+00:00\" \/>\n<meta property=\"article:modified_time\" content=\"2021-09-23T10:35:24+00:00\" \/>\n<meta property=\"og:image\" content=\"https:\/\/galeriamiejska.pl\/wp-content\/uploads\/2021\/01\/763_katalog-wystawy-marka-sobczyka-okladka-przod.jpg\" \/>\n\t<meta property=\"og:image:width\" content=\"640\" \/>\n\t<meta property=\"og:image:height\" content=\"340\" \/>\n<meta name=\"twitter:card\" content=\"summary_large_image\" \/>\n<meta name=\"twitter:label1\" content=\"Written by\" \/>\n\t<meta name=\"twitter:data1\" content=\"admin\" \/>\n\t<meta name=\"twitter:label2\" content=\"Est. reading time\" \/>\n\t<meta name=\"twitter:data2\" content=\"2 minutes\" \/>\n<script type=\"application\/ld+json\" class=\"yoast-schema-graph\">{\"@context\":\"https:\/\/schema.org\",\"@graph\":[{\"@type\":\"WebSite\",\"@id\":\"https:\/\/galeriamiejska.pl\/en\/#website\",\"url\":\"https:\/\/galeriamiejska.pl\/en\/\",\"name\":\"Galeria Miejska we Wroc\\u0142awiu\",\"description\":\"\",\"potentialAction\":[{\"@type\":\"SearchAction\",\"target\":{\"@type\":\"EntryPoint\",\"urlTemplate\":\"https:\/\/galeriamiejska.pl\/en\/?s={search_term_string}\"},\"query-input\":\"required name=search_term_string\"}],\"inLanguage\":\"\"},{\"@type\":\"ImageObject\",\"@id\":\"https:\/\/galeriamiejska.pl\/en\/marek-sobczyk-2015-2019-dluzsze-zycie-kazdego-obrazu-android\/#primaryimage\",\"inLanguage\":\"\",\"url\":\"https:\/\/galeriamiejska.pl\/wp-content\/uploads\/2021\/01\/763_katalog-wystawy-marka-sobczyka-okladka-przod.jpg\",\"contentUrl\":\"https:\/\/galeriamiejska.pl\/wp-content\/uploads\/2021\/01\/763_katalog-wystawy-marka-sobczyka-okladka-przod.jpg\",\"width\":640,\"height\":340},{\"@type\":\"WebPage\",\"@id\":\"https:\/\/galeriamiejska.pl\/en\/marek-sobczyk-2015-2019-dluzsze-zycie-kazdego-obrazu-android\/#webpage\",\"url\":\"https:\/\/galeriamiejska.pl\/en\/marek-sobczyk-2015-2019-dluzsze-zycie-kazdego-obrazu-android\/\",\"name\":\"Marek Sobczyk: 2015\\u20132019 [D\\u0142u\\u017csze \\u017cycie ka\\u017cdego obrazu] [Android] - Galeria Miejska we Wroc\\u0142awiu\",\"isPartOf\":{\"@id\":\"https:\/\/galeriamiejska.pl\/en\/#website\"},\"primaryImageOfPage\":{\"@id\":\"https:\/\/galeriamiejska.pl\/en\/marek-sobczyk-2015-2019-dluzsze-zycie-kazdego-obrazu-android\/#primaryimage\"},\"datePublished\":\"2021-01-19T12:31:27+00:00\",\"dateModified\":\"2021-09-23T10:35:24+00:00\",\"author\":{\"@id\":\"https:\/\/galeriamiejska.pl\/en\/#\/schema\/person\/cd4f04b0a13c9114f95e23b489b6f9cb\"},\"breadcrumb\":{\"@id\":\"https:\/\/galeriamiejska.pl\/en\/marek-sobczyk-2015-2019-dluzsze-zycie-kazdego-obrazu-android\/#breadcrumb\"},\"inLanguage\":\"\",\"potentialAction\":[{\"@type\":\"ReadAction\",\"target\":[\"https:\/\/galeriamiejska.pl\/en\/marek-sobczyk-2015-2019-dluzsze-zycie-kazdego-obrazu-android\/\"]}]},{\"@type\":\"BreadcrumbList\",\"@id\":\"https:\/\/galeriamiejska.pl\/en\/marek-sobczyk-2015-2019-dluzsze-zycie-kazdego-obrazu-android\/#breadcrumb\",\"itemListElement\":[{\"@type\":\"ListItem\",\"position\":1,\"name\":\"Strona g\\u0142\\u00f3wna\",\"item\":\"https:\/\/galeriamiejska.pl\/en\/\"},{\"@type\":\"ListItem\",\"position\":2,\"name\":\"Marek Sobczyk: 2015\\u20132019 [D\\u0142u\\u017csze \\u017cycie ka\\u017cdego obrazu] [Android]\"}]},{\"@type\":\"Person\",\"@id\":\"https:\/\/galeriamiejska.pl\/en\/#\/schema\/person\/cd4f04b0a13c9114f95e23b489b6f9cb\",\"name\":\"admin\",\"image\":{\"@type\":\"ImageObject\",\"@id\":\"https:\/\/galeriamiejska.pl\/en\/#personlogo\",\"inLanguage\":\"\",\"url\":\"https:\/\/secure.gravatar.com\/avatar\/3ded5a36984f92b80e2d99cc96780fe89cd37f7fd652108d182620efbb1566fd?s=96&d=mm&r=g\",\"contentUrl\":\"https:\/\/secure.gravatar.com\/avatar\/3ded5a36984f92b80e2d99cc96780fe89cd37f7fd652108d182620efbb1566fd?s=96&d=mm&r=g\",\"caption\":\"admin\"},\"sameAs\":[\"http:\/\/galeriamiejska.pl\"],\"url\":\"https:\/\/galeriamiejska.pl\/en\/author\/admin\/\"}]}<\/script>\n<!-- \/ Yoast SEO plugin. -->","yoast_head_json":{"title":"Marek Sobczyk: 2015\u20132019 [D\u0142u\u017csze \u017cycie ka\u017cdego obrazu] [Android] - Galeria Miejska we Wroc\u0142awiu","robots":{"index":"index","follow":"follow","max-snippet":"max-snippet:-1","max-image-preview":"max-image-preview:large","max-video-preview":"max-video-preview:-1"},"canonical":"https:\/\/galeriamiejska.pl\/en\/marek-sobczyk-2015-2019-dluzsze-zycie-kazdego-obrazu-android\/","og_locale":"en_US","og_type":"article","og_title":"Marek Sobczyk: 2015\u20132019 [D\u0142u\u017csze \u017cycie ka\u017cdego obrazu] [Android] - Galeria Miejska we Wroc\u0142awiu","og_description":"katalog wystawy indywidualnej malarstwa Marka Sobczyka","og_url":"https:\/\/galeriamiejska.pl\/en\/marek-sobczyk-2015-2019-dluzsze-zycie-kazdego-obrazu-android\/","og_site_name":"Galeria Miejska we Wroc\u0142awiu","article_published_time":"2021-01-19T12:31:27+00:00","article_modified_time":"2021-09-23T10:35:24+00:00","og_image":[{"width":640,"height":340,"url":"https:\/\/galeriamiejska.pl\/wp-content\/uploads\/2021\/01\/763_katalog-wystawy-marka-sobczyka-okladka-przod.jpg","path":"\/autoinstalator\/wordpress\/wp-content\/uploads\/2021\/01\/763_katalog-wystawy-marka-sobczyka-okladka-przod.jpg","size":"full","id":843,"alt":"","pixels":217600,"type":"image\/jpeg"}],"twitter_card":"summary_large_image","twitter_misc":{"Written by":"admin","Est. reading time":"2 minutes"},"schema":{"@context":"https:\/\/schema.org","@graph":[{"@type":"WebSite","@id":"https:\/\/galeriamiejska.pl\/en\/#website","url":"https:\/\/galeriamiejska.pl\/en\/","name":"Galeria Miejska we Wroc\u0142awiu","description":"","potentialAction":[{"@type":"SearchAction","target":{"@type":"EntryPoint","urlTemplate":"https:\/\/galeriamiejska.pl\/en\/?s={search_term_string}"},"query-input":"required name=search_term_string"}],"inLanguage":""},{"@type":"ImageObject","@id":"https:\/\/galeriamiejska.pl\/en\/marek-sobczyk-2015-2019-dluzsze-zycie-kazdego-obrazu-android\/#primaryimage","inLanguage":"","url":"https:\/\/galeriamiejska.pl\/wp-content\/uploads\/2021\/01\/763_katalog-wystawy-marka-sobczyka-okladka-przod.jpg","contentUrl":"https:\/\/galeriamiejska.pl\/wp-content\/uploads\/2021\/01\/763_katalog-wystawy-marka-sobczyka-okladka-przod.jpg","width":640,"height":340},{"@type":"WebPage","@id":"https:\/\/galeriamiejska.pl\/en\/marek-sobczyk-2015-2019-dluzsze-zycie-kazdego-obrazu-android\/#webpage","url":"https:\/\/galeriamiejska.pl\/en\/marek-sobczyk-2015-2019-dluzsze-zycie-kazdego-obrazu-android\/","name":"Marek Sobczyk: 2015\u20132019 [D\u0142u\u017csze \u017cycie ka\u017cdego obrazu] [Android] - Galeria Miejska we Wroc\u0142awiu","isPartOf":{"@id":"https:\/\/galeriamiejska.pl\/en\/#website"},"primaryImageOfPage":{"@id":"https:\/\/galeriamiejska.pl\/en\/marek-sobczyk-2015-2019-dluzsze-zycie-kazdego-obrazu-android\/#primaryimage"},"datePublished":"2021-01-19T12:31:27+00:00","dateModified":"2021-09-23T10:35:24+00:00","author":{"@id":"https:\/\/galeriamiejska.pl\/en\/#\/schema\/person\/cd4f04b0a13c9114f95e23b489b6f9cb"},"breadcrumb":{"@id":"https:\/\/galeriamiejska.pl\/en\/marek-sobczyk-2015-2019-dluzsze-zycie-kazdego-obrazu-android\/#breadcrumb"},"inLanguage":"","potentialAction":[{"@type":"ReadAction","target":["https:\/\/galeriamiejska.pl\/en\/marek-sobczyk-2015-2019-dluzsze-zycie-kazdego-obrazu-android\/"]}]},{"@type":"BreadcrumbList","@id":"https:\/\/galeriamiejska.pl\/en\/marek-sobczyk-2015-2019-dluzsze-zycie-kazdego-obrazu-android\/#breadcrumb","itemListElement":[{"@type":"ListItem","position":1,"name":"Strona g\u0142\u00f3wna","item":"https:\/\/galeriamiejska.pl\/en\/"},{"@type":"ListItem","position":2,"name":"Marek Sobczyk: 2015\u20132019 [D\u0142u\u017csze \u017cycie ka\u017cdego obrazu] [Android]"}]},{"@type":"Person","@id":"https:\/\/galeriamiejska.pl\/en\/#\/schema\/person\/cd4f04b0a13c9114f95e23b489b6f9cb","name":"admin","image":{"@type":"ImageObject","@id":"https:\/\/galeriamiejska.pl\/en\/#personlogo","inLanguage":"","url":"https:\/\/secure.gravatar.com\/avatar\/3ded5a36984f92b80e2d99cc96780fe89cd37f7fd652108d182620efbb1566fd?s=96&d=mm&r=g","contentUrl":"https:\/\/secure.gravatar.com\/avatar\/3ded5a36984f92b80e2d99cc96780fe89cd37f7fd652108d182620efbb1566fd?s=96&d=mm&r=g","caption":"admin"},"sameAs":["http:\/\/galeriamiejska.pl"],"url":"https:\/\/galeriamiejska.pl\/en\/author\/admin\/"}]}},"_links":{"self":[{"href":"https:\/\/galeriamiejska.pl\/en\/wp-json\/wp\/v2\/posts\/842","targetHints":{"allow":["GET"]}}],"collection":[{"href":"https:\/\/galeriamiejska.pl\/en\/wp-json\/wp\/v2\/posts"}],"about":[{"href":"https:\/\/galeriamiejska.pl\/en\/wp-json\/wp\/v2\/types\/post"}],"author":[{"embeddable":true,"href":"https:\/\/galeriamiejska.pl\/en\/wp-json\/wp\/v2\/users\/1"}],"replies":[{"embeddable":true,"href":"https:\/\/galeriamiejska.pl\/en\/wp-json\/wp\/v2\/comments?post=842"}],"version-history":[{"count":2,"href":"https:\/\/galeriamiejska.pl\/en\/wp-json\/wp\/v2\/posts\/842\/revisions"}],"predecessor-version":[{"id":3522,"href":"https:\/\/galeriamiejska.pl\/en\/wp-json\/wp\/v2\/posts\/842\/revisions\/3522"}],"wp:featuredmedia":[{"embeddable":true,"href":"https:\/\/galeriamiejska.pl\/en\/wp-json\/wp\/v2\/media\/843"}],"wp:attachment":[{"href":"https:\/\/galeriamiejska.pl\/en\/wp-json\/wp\/v2\/media?parent=842"}],"wp:term":[{"taxonomy":"category","embeddable":true,"href":"https:\/\/galeriamiejska.pl\/en\/wp-json\/wp\/v2\/categories?post=842"},{"taxonomy":"post_tag","embeddable":true,"href":"https:\/\/galeriamiejska.pl\/en\/wp-json\/wp\/v2\/tags?post=842"}],"curies":[{"name":"wp","href":"https:\/\/api.w.org\/{rel}","templated":true}]}}