{"id":822,"date":"2021-01-19T12:27:33","date_gmt":"2021-01-19T12:27:33","guid":{"rendered":"http:\/\/galeriamiejska.pl\/?p=822"},"modified":"2021-09-23T10:32:32","modified_gmt":"2021-09-23T10:32:32","slug":"","status":"publish","type":"post","link":"https:\/\/galeriamiejska.pl\/en\/woda-zywiol-symbol-materia\/","title":{"rendered":"","raw":""},"content":{"rendered":"","protected":false,"raw":""},"excerpt":{"rendered":"","protected":false,"raw":""},"author":1,"featured_media":823,"comment_status":"open","ping_status":"open","sticky":false,"template":"","format":"standard","meta":{"_pl_post_content":"<!-- wp:paragraph -->\n<p><strong>Wydawca:<\/strong> Galeria Miejska we Wroc\u0142awiu, Akademia Sztuk Pi\u0119knych we Wroc\u0142awiu<br><strong>Teksty: <\/strong>Katarzyna Zahorska, Miros\u0142aw Jasi\u0144ski<br><strong>Zdj\u0119cia:<\/strong> Weronika Luci\u0144ska, Dawid \u017bynda<br><strong>Opracowanie graficzne: <\/strong>Weronika Luci\u0144ska, Dawid \u017bynda<br><strong>T\u0142umaczenia i&nbsp;korekta:<\/strong> Joanna Hardukiewicz-Chojnowska, Marta Kaczmarek<br><strong>ISBN: <\/strong>978-83-951052-3-4 (Galeria Miejska)<br><strong>ISBN: <\/strong>978-83-65638-85-4 (ASP)<br><br>Cena publikacji: 40 z\u0142<br>80 stron, 27x20,5 cm, oprawa mi\u0119kka<br><br><br>Katalog do nabycia w&nbsp;Galerii Miejskiej we Wroc\u0142awiu ul. Kie\u0142ba\u015bnicza 28<br>Przyjmujemy r\u00f3wnie\u017c zam\u00f3wienia pod adresem biuro@galeriamiejska.pl<\/p>\n<!-- \/wp:paragraph -->\n\n<!-- wp:gallery {\"ids\":[3505,3503,3504],\"linkTo\":\"file\"} -->\n<figure class=\"wp-block-gallery columns-3 is-cropped\"><ul class=\"blocks-gallery-grid\"><li class=\"blocks-gallery-item\"><figure><a href=\"https:\/\/galeriamiejska.pl\/wp-content\/uploads\/2021\/09\/709_katalog-wystawy-woda-zywiol-symbol-materia-okladka-przod.jpg\"><img src=\"https:\/\/galeriamiejska.pl\/wp-content\/uploads\/2021\/09\/709_katalog-wystawy-woda-zywiol-symbol-materia-okladka-przod.jpg\" alt=\"\" data-id=\"3505\" data-full-url=\"https:\/\/galeriamiejska.pl\/wp-content\/uploads\/2021\/09\/709_katalog-wystawy-woda-zywiol-symbol-materia-okladka-przod.jpg\" data-link=\"https:\/\/galeriamiejska.pl\/woda-zywiol-symbol-materia\/709_katalog-wystawy-woda-zywiol-symbol-materia-okladka-przod-2\/\" class=\"wp-image-3505\"\/><\/a><figcaption class=\"blocks-gallery-item__caption\">Katalog wystawy \"WODA. \u017bywio\u0142-Symbol-Materia\" - ok\u0142adka prz\u00f3d<\/figcaption><\/figure><\/li><li class=\"blocks-gallery-item\"><figure><a href=\"https:\/\/galeriamiejska.pl\/wp-content\/uploads\/2021\/09\/709_katalog-wystawy-woda-zywiol-symbol-materia-okladka-tyl.jpg\"><img src=\"https:\/\/galeriamiejska.pl\/wp-content\/uploads\/2021\/09\/709_katalog-wystawy-woda-zywiol-symbol-materia-okladka-tyl.jpg\" alt=\"\" data-id=\"3503\" data-full-url=\"https:\/\/galeriamiejska.pl\/wp-content\/uploads\/2021\/09\/709_katalog-wystawy-woda-zywiol-symbol-materia-okladka-tyl.jpg\" data-link=\"https:\/\/galeriamiejska.pl\/woda-zywiol-symbol-materia\/709_katalog-wystawy-woda-zywiol-symbol-materia-okladka-tyl-2\/\" class=\"wp-image-3503\"\/><\/a><figcaption class=\"blocks-gallery-item__caption\">Katalog wystawy \"WODA. \u017bywio\u0142-Symbol-Materia\" - ok\u0142adka ty\u0142<\/figcaption><\/figure><\/li><li class=\"blocks-gallery-item\"><figure><a href=\"https:\/\/galeriamiejska.pl\/wp-content\/uploads\/2021\/09\/709_katalog-wystawy-woda-zywiol-symbol-materia-wnetrze.jpg\"><img src=\"https:\/\/galeriamiejska.pl\/wp-content\/uploads\/2021\/09\/709_katalog-wystawy-woda-zywiol-symbol-materia-wnetrze.jpg\" alt=\"\" data-id=\"3504\" data-full-url=\"https:\/\/galeriamiejska.pl\/wp-content\/uploads\/2021\/09\/709_katalog-wystawy-woda-zywiol-symbol-materia-wnetrze.jpg\" data-link=\"https:\/\/galeriamiejska.pl\/woda-zywiol-symbol-materia\/709_katalog-wystawy-woda-zywiol-symbol-materia-wnetrze-2\/\" class=\"wp-image-3504\"\/><\/a><figcaption class=\"blocks-gallery-item__caption\">Katalog wystawy \"WODA. \u017bywio\u0142-Symbol-Materia\" - wn\u0119trze<\/figcaption><\/figure><\/li><\/ul><\/figure>\n<!-- \/wp:gallery -->\n\n<!-- wp:paragraph -->\n<p><br><br><\/p>\n<!-- \/wp:paragraph -->","_pl_post_name":"woda-zywiol-symbol-materia","_pl_post_excerpt":"Katalog wystawy doktoranckiej Weroniki Luci\u0144skiej","_pl_post_title":"WODA. \u017bywio\u0142 - Symbol - Materia","_en_post_content":"","_en_post_name":"","_en_post_excerpt":"","_en_post_title":"","edit_language":"en","footnotes":""},"categories":[15,16],"tags":[],"class_list":["post-822","post","type-post","status-publish","format-standard","has-post-thumbnail","hentry","category-sklep","category-wydawnictwa"],"yoast_head":"<!-- This site is optimized with the Yoast SEO plugin v16.8 - https:\/\/yoast.com\/wordpress\/plugins\/seo\/ -->\n<title>WODA. \u017bywio\u0142 - Symbol - Materia - Galeria Miejska we Wroc\u0142awiu<\/title>\n<meta name=\"robots\" content=\"index, follow, max-snippet:-1, max-image-preview:large, max-video-preview:-1\" \/>\n<link rel=\"canonical\" href=\"https:\/\/galeriamiejska.pl\/en\/woda-zywiol-symbol-materia\/\" \/>\n<meta property=\"og:locale\" content=\"en_US\" \/>\n<meta property=\"og:type\" content=\"article\" \/>\n<meta property=\"og:title\" content=\"WODA. \u017bywio\u0142 - Symbol - Materia - Galeria Miejska we Wroc\u0142awiu\" \/>\n<meta property=\"og:description\" content=\"Katalog wystawy doktoranckiej Weroniki Luci\u0144skiej\" \/>\n<meta property=\"og:url\" content=\"https:\/\/galeriamiejska.pl\/en\/woda-zywiol-symbol-materia\/\" \/>\n<meta property=\"og:site_name\" content=\"Galeria Miejska we Wroc\u0142awiu\" \/>\n<meta property=\"article:published_time\" content=\"2021-01-19T12:27:33+00:00\" \/>\n<meta property=\"article:modified_time\" content=\"2021-09-23T10:32:32+00:00\" \/>\n<meta property=\"og:image\" content=\"https:\/\/galeriamiejska.pl\/wp-content\/uploads\/2021\/01\/709_katalog-wystawy-woda-zywiol-symbol-materia-okladka-przod.jpg\" \/>\n\t<meta property=\"og:image:width\" content=\"640\" \/>\n\t<meta property=\"og:image:height\" content=\"340\" \/>\n<meta name=\"twitter:card\" content=\"summary_large_image\" \/>\n<meta name=\"twitter:label1\" content=\"Written by\" \/>\n\t<meta name=\"twitter:data1\" content=\"admin\" \/>\n\t<meta name=\"twitter:label2\" content=\"Est. reading time\" \/>\n\t<meta name=\"twitter:data2\" content=\"1 minute\" \/>\n<script type=\"application\/ld+json\" class=\"yoast-schema-graph\">{\"@context\":\"https:\/\/schema.org\",\"@graph\":[{\"@type\":\"WebSite\",\"@id\":\"https:\/\/galeriamiejska.pl\/en\/#website\",\"url\":\"https:\/\/galeriamiejska.pl\/en\/\",\"name\":\"Galeria Miejska we Wroc\\u0142awiu\",\"description\":\"\",\"potentialAction\":[{\"@type\":\"SearchAction\",\"target\":{\"@type\":\"EntryPoint\",\"urlTemplate\":\"https:\/\/galeriamiejska.pl\/en\/?s={search_term_string}\"},\"query-input\":\"required name=search_term_string\"}],\"inLanguage\":\"\"},{\"@type\":\"ImageObject\",\"@id\":\"https:\/\/galeriamiejska.pl\/en\/woda-zywiol-symbol-materia\/#primaryimage\",\"inLanguage\":\"\",\"url\":\"https:\/\/galeriamiejska.pl\/wp-content\/uploads\/2021\/01\/709_katalog-wystawy-woda-zywiol-symbol-materia-okladka-przod.jpg\",\"contentUrl\":\"https:\/\/galeriamiejska.pl\/wp-content\/uploads\/2021\/01\/709_katalog-wystawy-woda-zywiol-symbol-materia-okladka-przod.jpg\",\"width\":640,\"height\":340},{\"@type\":\"WebPage\",\"@id\":\"https:\/\/galeriamiejska.pl\/en\/woda-zywiol-symbol-materia\/#webpage\",\"url\":\"https:\/\/galeriamiejska.pl\/en\/woda-zywiol-symbol-materia\/\",\"name\":\"WODA. \\u017bywio\\u0142 - Symbol - Materia - Galeria Miejska we Wroc\\u0142awiu\",\"isPartOf\":{\"@id\":\"https:\/\/galeriamiejska.pl\/en\/#website\"},\"primaryImageOfPage\":{\"@id\":\"https:\/\/galeriamiejska.pl\/en\/woda-zywiol-symbol-materia\/#primaryimage\"},\"datePublished\":\"2021-01-19T12:27:33+00:00\",\"dateModified\":\"2021-09-23T10:32:32+00:00\",\"author\":{\"@id\":\"https:\/\/galeriamiejska.pl\/en\/#\/schema\/person\/cd4f04b0a13c9114f95e23b489b6f9cb\"},\"breadcrumb\":{\"@id\":\"https:\/\/galeriamiejska.pl\/en\/woda-zywiol-symbol-materia\/#breadcrumb\"},\"inLanguage\":\"\",\"potentialAction\":[{\"@type\":\"ReadAction\",\"target\":[\"https:\/\/galeriamiejska.pl\/en\/woda-zywiol-symbol-materia\/\"]}]},{\"@type\":\"BreadcrumbList\",\"@id\":\"https:\/\/galeriamiejska.pl\/en\/woda-zywiol-symbol-materia\/#breadcrumb\",\"itemListElement\":[{\"@type\":\"ListItem\",\"position\":1,\"name\":\"Strona g\\u0142\\u00f3wna\",\"item\":\"https:\/\/galeriamiejska.pl\/en\/\"},{\"@type\":\"ListItem\",\"position\":2,\"name\":\"WODA. \\u017bywio\\u0142 &#8211; Symbol &#8211; Materia\"}]},{\"@type\":\"Person\",\"@id\":\"https:\/\/galeriamiejska.pl\/en\/#\/schema\/person\/cd4f04b0a13c9114f95e23b489b6f9cb\",\"name\":\"admin\",\"image\":{\"@type\":\"ImageObject\",\"@id\":\"https:\/\/galeriamiejska.pl\/en\/#personlogo\",\"inLanguage\":\"\",\"url\":\"https:\/\/secure.gravatar.com\/avatar\/3ded5a36984f92b80e2d99cc96780fe89cd37f7fd652108d182620efbb1566fd?s=96&d=mm&r=g\",\"contentUrl\":\"https:\/\/secure.gravatar.com\/avatar\/3ded5a36984f92b80e2d99cc96780fe89cd37f7fd652108d182620efbb1566fd?s=96&d=mm&r=g\",\"caption\":\"admin\"},\"sameAs\":[\"http:\/\/galeriamiejska.pl\"],\"url\":\"https:\/\/galeriamiejska.pl\/en\/author\/admin\/\"}]}<\/script>\n<!-- \/ Yoast SEO plugin. -->","yoast_head_json":{"title":"WODA. \u017bywio\u0142 - Symbol - Materia - Galeria Miejska we Wroc\u0142awiu","robots":{"index":"index","follow":"follow","max-snippet":"max-snippet:-1","max-image-preview":"max-image-preview:large","max-video-preview":"max-video-preview:-1"},"canonical":"https:\/\/galeriamiejska.pl\/en\/woda-zywiol-symbol-materia\/","og_locale":"en_US","og_type":"article","og_title":"WODA. \u017bywio\u0142 - Symbol - Materia - Galeria Miejska we Wroc\u0142awiu","og_description":"Katalog wystawy doktoranckiej Weroniki Luci\u0144skiej","og_url":"https:\/\/galeriamiejska.pl\/en\/woda-zywiol-symbol-materia\/","og_site_name":"Galeria Miejska we Wroc\u0142awiu","article_published_time":"2021-01-19T12:27:33+00:00","article_modified_time":"2021-09-23T10:32:32+00:00","og_image":[{"width":640,"height":340,"url":"https:\/\/galeriamiejska.pl\/wp-content\/uploads\/2021\/01\/709_katalog-wystawy-woda-zywiol-symbol-materia-okladka-przod.jpg","path":"\/autoinstalator\/wordpress\/wp-content\/uploads\/2021\/01\/709_katalog-wystawy-woda-zywiol-symbol-materia-okladka-przod.jpg","size":"full","id":823,"alt":"","pixels":217600,"type":"image\/jpeg"}],"twitter_card":"summary_large_image","twitter_misc":{"Written by":"admin","Est. reading time":"1 minute"},"schema":{"@context":"https:\/\/schema.org","@graph":[{"@type":"WebSite","@id":"https:\/\/galeriamiejska.pl\/en\/#website","url":"https:\/\/galeriamiejska.pl\/en\/","name":"Galeria Miejska we Wroc\u0142awiu","description":"","potentialAction":[{"@type":"SearchAction","target":{"@type":"EntryPoint","urlTemplate":"https:\/\/galeriamiejska.pl\/en\/?s={search_term_string}"},"query-input":"required name=search_term_string"}],"inLanguage":""},{"@type":"ImageObject","@id":"https:\/\/galeriamiejska.pl\/en\/woda-zywiol-symbol-materia\/#primaryimage","inLanguage":"","url":"https:\/\/galeriamiejska.pl\/wp-content\/uploads\/2021\/01\/709_katalog-wystawy-woda-zywiol-symbol-materia-okladka-przod.jpg","contentUrl":"https:\/\/galeriamiejska.pl\/wp-content\/uploads\/2021\/01\/709_katalog-wystawy-woda-zywiol-symbol-materia-okladka-przod.jpg","width":640,"height":340},{"@type":"WebPage","@id":"https:\/\/galeriamiejska.pl\/en\/woda-zywiol-symbol-materia\/#webpage","url":"https:\/\/galeriamiejska.pl\/en\/woda-zywiol-symbol-materia\/","name":"WODA. \u017bywio\u0142 - Symbol - Materia - Galeria Miejska we Wroc\u0142awiu","isPartOf":{"@id":"https:\/\/galeriamiejska.pl\/en\/#website"},"primaryImageOfPage":{"@id":"https:\/\/galeriamiejska.pl\/en\/woda-zywiol-symbol-materia\/#primaryimage"},"datePublished":"2021-01-19T12:27:33+00:00","dateModified":"2021-09-23T10:32:32+00:00","author":{"@id":"https:\/\/galeriamiejska.pl\/en\/#\/schema\/person\/cd4f04b0a13c9114f95e23b489b6f9cb"},"breadcrumb":{"@id":"https:\/\/galeriamiejska.pl\/en\/woda-zywiol-symbol-materia\/#breadcrumb"},"inLanguage":"","potentialAction":[{"@type":"ReadAction","target":["https:\/\/galeriamiejska.pl\/en\/woda-zywiol-symbol-materia\/"]}]},{"@type":"BreadcrumbList","@id":"https:\/\/galeriamiejska.pl\/en\/woda-zywiol-symbol-materia\/#breadcrumb","itemListElement":[{"@type":"ListItem","position":1,"name":"Strona g\u0142\u00f3wna","item":"https:\/\/galeriamiejska.pl\/en\/"},{"@type":"ListItem","position":2,"name":"WODA. \u017bywio\u0142 &#8211; Symbol &#8211; Materia"}]},{"@type":"Person","@id":"https:\/\/galeriamiejska.pl\/en\/#\/schema\/person\/cd4f04b0a13c9114f95e23b489b6f9cb","name":"admin","image":{"@type":"ImageObject","@id":"https:\/\/galeriamiejska.pl\/en\/#personlogo","inLanguage":"","url":"https:\/\/secure.gravatar.com\/avatar\/3ded5a36984f92b80e2d99cc96780fe89cd37f7fd652108d182620efbb1566fd?s=96&d=mm&r=g","contentUrl":"https:\/\/secure.gravatar.com\/avatar\/3ded5a36984f92b80e2d99cc96780fe89cd37f7fd652108d182620efbb1566fd?s=96&d=mm&r=g","caption":"admin"},"sameAs":["http:\/\/galeriamiejska.pl"],"url":"https:\/\/galeriamiejska.pl\/en\/author\/admin\/"}]}},"_links":{"self":[{"href":"https:\/\/galeriamiejska.pl\/en\/wp-json\/wp\/v2\/posts\/822","targetHints":{"allow":["GET"]}}],"collection":[{"href":"https:\/\/galeriamiejska.pl\/en\/wp-json\/wp\/v2\/posts"}],"about":[{"href":"https:\/\/galeriamiejska.pl\/en\/wp-json\/wp\/v2\/types\/post"}],"author":[{"embeddable":true,"href":"https:\/\/galeriamiejska.pl\/en\/wp-json\/wp\/v2\/users\/1"}],"replies":[{"embeddable":true,"href":"https:\/\/galeriamiejska.pl\/en\/wp-json\/wp\/v2\/comments?post=822"}],"version-history":[{"count":2,"href":"https:\/\/galeriamiejska.pl\/en\/wp-json\/wp\/v2\/posts\/822\/revisions"}],"predecessor-version":[{"id":3506,"href":"https:\/\/galeriamiejska.pl\/en\/wp-json\/wp\/v2\/posts\/822\/revisions\/3506"}],"wp:featuredmedia":[{"embeddable":true,"href":"https:\/\/galeriamiejska.pl\/en\/wp-json\/wp\/v2\/media\/823"}],"wp:attachment":[{"href":"https:\/\/galeriamiejska.pl\/en\/wp-json\/wp\/v2\/media?parent=822"}],"wp:term":[{"taxonomy":"category","embeddable":true,"href":"https:\/\/galeriamiejska.pl\/en\/wp-json\/wp\/v2\/categories?post=822"},{"taxonomy":"post_tag","embeddable":true,"href":"https:\/\/galeriamiejska.pl\/en\/wp-json\/wp\/v2\/tags?post=822"}],"curies":[{"name":"wp","href":"https:\/\/api.w.org\/{rel}","templated":true}]}}