{"id":816,"date":"2021-01-19T12:26:36","date_gmt":"2021-01-19T12:26:36","guid":{"rendered":"http:\/\/galeriamiejska.pl\/?p=816"},"modified":"2021-09-23T10:31:51","modified_gmt":"2021-09-23T10:31:51","slug":"","status":"publish","type":"post","link":"https:\/\/galeriamiejska.pl\/en\/magical-dreams-iv\/","title":{"rendered":"","raw":""},"content":{"rendered":"","protected":false,"raw":""},"excerpt":{"rendered":"","protected":false,"raw":""},"author":1,"featured_media":817,"comment_status":"open","ping_status":"open","sticky":false,"template":"","format":"standard","meta":{"_pl_post_content":"<!-- wp:paragraph -->\n<p><strong>Wydawca:<\/strong> Beskidzka Galeria Sztuki Bator Art Gallery<br><strong>Teksty: <\/strong>Tim Roosen<br><strong>Opracowanie katalogu:<\/strong> Miros\u0142aw Bator<br><br>80 stron 30,5x22 cm oprawa mi\u0119kka<br><br><br><strong>Wk\u0142adka do katalogu<br><\/strong><br><strong>Wydawca:<\/strong> Galeria Miejska we Wroc\u0142awiu<br><strong>Teksty: <\/strong>Miros\u0142aw Jasi\u0144ski<br><strong>Zdj\u0119cia:<\/strong> Archiwum artyst\u00f3w<br><strong>Opracowanie graficzne:<\/strong> Bartosz Cebula<br><strong>T\u0142umaczenia:<\/strong> Joanna Chardukiewicz-Chojnowska<br><strong>ISBN:<\/strong> 978-83-951052-2-7<br><br>15 stron 27x20,5 cm oprawa mi\u0119kka<br><br>Cena publikacji: WYPRZEDANE<br><br><br><\/p>\n<!-- \/wp:paragraph -->\n\n<!-- wp:gallery {\"ids\":[3498,3499,3500,3501],\"columns\":4,\"linkTo\":\"file\"} -->\n<figure class=\"wp-block-gallery columns-4 is-cropped\"><ul class=\"blocks-gallery-grid\"><li class=\"blocks-gallery-item\"><figure><a href=\"https:\/\/galeriamiejska.pl\/wp-content\/uploads\/2021\/09\/705_wkladka-do-katalogu-wystawy-magical-dreams-iv-okladka-przod.jpg\"><img src=\"https:\/\/galeriamiejska.pl\/wp-content\/uploads\/2021\/09\/705_wkladka-do-katalogu-wystawy-magical-dreams-iv-okladka-przod.jpg\" alt=\"\" data-id=\"3498\" data-full-url=\"https:\/\/galeriamiejska.pl\/wp-content\/uploads\/2021\/09\/705_wkladka-do-katalogu-wystawy-magical-dreams-iv-okladka-przod.jpg\" data-link=\"https:\/\/galeriamiejska.pl\/magical-dreams-iv\/705_wkladka-do-katalogu-wystawy-magical-dreams-iv-okladka-przod-2\/\" class=\"wp-image-3498\"\/><\/a><figcaption class=\"blocks-gallery-item__caption\">Wk\u0142adka do katalogu wystawy MAGICAL DREAMS IV - ok\u0142adka prz\u00f3d<\/figcaption><\/figure><\/li><li class=\"blocks-gallery-item\"><figure><a href=\"https:\/\/galeriamiejska.pl\/wp-content\/uploads\/2021\/09\/705_wkladka-do-katalogu-wystawy-magical-dreams-iv-okladka-tyl.jpg\"><img src=\"https:\/\/galeriamiejska.pl\/wp-content\/uploads\/2021\/09\/705_wkladka-do-katalogu-wystawy-magical-dreams-iv-okladka-tyl.jpg\" alt=\"\" data-id=\"3499\" data-full-url=\"https:\/\/galeriamiejska.pl\/wp-content\/uploads\/2021\/09\/705_wkladka-do-katalogu-wystawy-magical-dreams-iv-okladka-tyl.jpg\" data-link=\"https:\/\/galeriamiejska.pl\/magical-dreams-iv\/705_wkladka-do-katalogu-wystawy-magical-dreams-iv-okladka-tyl-2\/\" class=\"wp-image-3499\"\/><\/a><figcaption class=\"blocks-gallery-item__caption\">Wk\u0142adka do katalogu wystawy MAGICAL DREAMS IV - ok\u0142adka ty\u0142<\/figcaption><\/figure><\/li><li class=\"blocks-gallery-item\"><figure><a href=\"https:\/\/galeriamiejska.pl\/wp-content\/uploads\/2021\/09\/705_wkladka-do-katalogu-wystawy-magical-dreams-iv-wnetrze.jpg\"><img src=\"https:\/\/galeriamiejska.pl\/wp-content\/uploads\/2021\/09\/705_wkladka-do-katalogu-wystawy-magical-dreams-iv-wnetrze.jpg\" alt=\"\" data-id=\"3500\" data-full-url=\"https:\/\/galeriamiejska.pl\/wp-content\/uploads\/2021\/09\/705_wkladka-do-katalogu-wystawy-magical-dreams-iv-wnetrze.jpg\" data-link=\"https:\/\/galeriamiejska.pl\/magical-dreams-iv\/705_wkladka-do-katalogu-wystawy-magical-dreams-iv-wnetrze-2\/\" class=\"wp-image-3500\"\/><\/a><figcaption class=\"blocks-gallery-item__caption\">Wk\u0142adka do katalogu wystawy MAGICAL DREAMS IV - wn\u0119trze<\/figcaption><\/figure><\/li><li class=\"blocks-gallery-item\"><figure><a href=\"https:\/\/galeriamiejska.pl\/wp-content\/uploads\/2021\/09\/705_1_wkladka-do-katalogu-wystawy-magical-dreams-iv-wnetrze.jpg\"><img src=\"https:\/\/galeriamiejska.pl\/wp-content\/uploads\/2021\/09\/705_1_wkladka-do-katalogu-wystawy-magical-dreams-iv-wnetrze.jpg\" alt=\"\" data-id=\"3501\" data-full-url=\"https:\/\/galeriamiejska.pl\/wp-content\/uploads\/2021\/09\/705_1_wkladka-do-katalogu-wystawy-magical-dreams-iv-wnetrze.jpg\" data-link=\"https:\/\/galeriamiejska.pl\/magical-dreams-iv\/705_1_wkladka-do-katalogu-wystawy-magical-dreams-iv-wnetrze-2\/\" class=\"wp-image-3501\"\/><\/a><figcaption class=\"blocks-gallery-item__caption\">Wk\u0142adka do katalogu wystawy MAGICAL DREAMS IV - wn\u0119trze<\/figcaption><\/figure><\/li><\/ul><\/figure>\n<!-- \/wp:gallery -->","_pl_post_name":"magical-dreams-iv","_pl_post_excerpt":"Katalog wystawy dzie\u0142 spod znaku realizmu magicznego","_pl_post_title":"MAGICAL DREAMS IV","_en_post_content":"","_en_post_name":"","_en_post_excerpt":"","_en_post_title":"","edit_language":"en","footnotes":""},"categories":[15,16],"tags":[],"class_list":["post-816","post","type-post","status-publish","format-standard","has-post-thumbnail","hentry","category-sklep","category-wydawnictwa"],"yoast_head":"<!-- This site is optimized with the Yoast SEO plugin v16.8 - https:\/\/yoast.com\/wordpress\/plugins\/seo\/ -->\n<title>MAGICAL DREAMS IV - Galeria Miejska we Wroc\u0142awiu<\/title>\n<meta name=\"robots\" content=\"index, follow, max-snippet:-1, max-image-preview:large, max-video-preview:-1\" \/>\n<link rel=\"canonical\" href=\"https:\/\/galeriamiejska.pl\/en\/magical-dreams-iv\/\" \/>\n<meta property=\"og:locale\" content=\"en_US\" \/>\n<meta property=\"og:type\" content=\"article\" \/>\n<meta property=\"og:title\" content=\"MAGICAL DREAMS IV - Galeria Miejska we Wroc\u0142awiu\" \/>\n<meta property=\"og:description\" content=\"Katalog wystawy dzie\u0142 spod znaku realizmu magicznego\" \/>\n<meta property=\"og:url\" content=\"https:\/\/galeriamiejska.pl\/en\/magical-dreams-iv\/\" \/>\n<meta property=\"og:site_name\" content=\"Galeria Miejska we Wroc\u0142awiu\" \/>\n<meta property=\"article:published_time\" content=\"2021-01-19T12:26:36+00:00\" \/>\n<meta property=\"article:modified_time\" content=\"2021-09-23T10:31:51+00:00\" \/>\n<meta property=\"og:image\" content=\"https:\/\/galeriamiejska.pl\/wp-content\/uploads\/2021\/01\/705_wkladka-do-katalogu-wystawy-magical-dreams-iv-okladka-przod.jpg\" \/>\n\t<meta property=\"og:image:width\" content=\"640\" \/>\n\t<meta property=\"og:image:height\" content=\"340\" \/>\n<meta name=\"twitter:card\" content=\"summary_large_image\" \/>\n<meta name=\"twitter:label1\" content=\"Written by\" \/>\n\t<meta name=\"twitter:data1\" content=\"admin\" \/>\n\t<meta name=\"twitter:label2\" content=\"Est. reading time\" \/>\n\t<meta name=\"twitter:data2\" content=\"2 minutes\" \/>\n<script type=\"application\/ld+json\" class=\"yoast-schema-graph\">{\"@context\":\"https:\/\/schema.org\",\"@graph\":[{\"@type\":\"WebSite\",\"@id\":\"https:\/\/galeriamiejska.pl\/en\/#website\",\"url\":\"https:\/\/galeriamiejska.pl\/en\/\",\"name\":\"Galeria Miejska we Wroc\\u0142awiu\",\"description\":\"\",\"potentialAction\":[{\"@type\":\"SearchAction\",\"target\":{\"@type\":\"EntryPoint\",\"urlTemplate\":\"https:\/\/galeriamiejska.pl\/en\/?s={search_term_string}\"},\"query-input\":\"required name=search_term_string\"}],\"inLanguage\":\"\"},{\"@type\":\"ImageObject\",\"@id\":\"https:\/\/galeriamiejska.pl\/en\/magical-dreams-iv\/#primaryimage\",\"inLanguage\":\"\",\"url\":\"https:\/\/galeriamiejska.pl\/wp-content\/uploads\/2021\/01\/705_wkladka-do-katalogu-wystawy-magical-dreams-iv-okladka-przod.jpg\",\"contentUrl\":\"https:\/\/galeriamiejska.pl\/wp-content\/uploads\/2021\/01\/705_wkladka-do-katalogu-wystawy-magical-dreams-iv-okladka-przod.jpg\",\"width\":640,\"height\":340},{\"@type\":\"WebPage\",\"@id\":\"https:\/\/galeriamiejska.pl\/en\/magical-dreams-iv\/#webpage\",\"url\":\"https:\/\/galeriamiejska.pl\/en\/magical-dreams-iv\/\",\"name\":\"MAGICAL DREAMS IV - Galeria Miejska we Wroc\\u0142awiu\",\"isPartOf\":{\"@id\":\"https:\/\/galeriamiejska.pl\/en\/#website\"},\"primaryImageOfPage\":{\"@id\":\"https:\/\/galeriamiejska.pl\/en\/magical-dreams-iv\/#primaryimage\"},\"datePublished\":\"2021-01-19T12:26:36+00:00\",\"dateModified\":\"2021-09-23T10:31:51+00:00\",\"author\":{\"@id\":\"https:\/\/galeriamiejska.pl\/en\/#\/schema\/person\/cd4f04b0a13c9114f95e23b489b6f9cb\"},\"breadcrumb\":{\"@id\":\"https:\/\/galeriamiejska.pl\/en\/magical-dreams-iv\/#breadcrumb\"},\"inLanguage\":\"\",\"potentialAction\":[{\"@type\":\"ReadAction\",\"target\":[\"https:\/\/galeriamiejska.pl\/en\/magical-dreams-iv\/\"]}]},{\"@type\":\"BreadcrumbList\",\"@id\":\"https:\/\/galeriamiejska.pl\/en\/magical-dreams-iv\/#breadcrumb\",\"itemListElement\":[{\"@type\":\"ListItem\",\"position\":1,\"name\":\"Strona g\\u0142\\u00f3wna\",\"item\":\"https:\/\/galeriamiejska.pl\/en\/\"},{\"@type\":\"ListItem\",\"position\":2,\"name\":\"MAGICAL DREAMS IV\"}]},{\"@type\":\"Person\",\"@id\":\"https:\/\/galeriamiejska.pl\/en\/#\/schema\/person\/cd4f04b0a13c9114f95e23b489b6f9cb\",\"name\":\"admin\",\"image\":{\"@type\":\"ImageObject\",\"@id\":\"https:\/\/galeriamiejska.pl\/en\/#personlogo\",\"inLanguage\":\"\",\"url\":\"https:\/\/secure.gravatar.com\/avatar\/3ded5a36984f92b80e2d99cc96780fe89cd37f7fd652108d182620efbb1566fd?s=96&d=mm&r=g\",\"contentUrl\":\"https:\/\/secure.gravatar.com\/avatar\/3ded5a36984f92b80e2d99cc96780fe89cd37f7fd652108d182620efbb1566fd?s=96&d=mm&r=g\",\"caption\":\"admin\"},\"sameAs\":[\"http:\/\/galeriamiejska.pl\"],\"url\":\"https:\/\/galeriamiejska.pl\/en\/author\/admin\/\"}]}<\/script>\n<!-- \/ Yoast SEO plugin. -->","yoast_head_json":{"title":"MAGICAL DREAMS IV - Galeria Miejska we Wroc\u0142awiu","robots":{"index":"index","follow":"follow","max-snippet":"max-snippet:-1","max-image-preview":"max-image-preview:large","max-video-preview":"max-video-preview:-1"},"canonical":"https:\/\/galeriamiejska.pl\/en\/magical-dreams-iv\/","og_locale":"en_US","og_type":"article","og_title":"MAGICAL DREAMS IV - Galeria Miejska we Wroc\u0142awiu","og_description":"Katalog wystawy dzie\u0142 spod znaku realizmu magicznego","og_url":"https:\/\/galeriamiejska.pl\/en\/magical-dreams-iv\/","og_site_name":"Galeria Miejska we Wroc\u0142awiu","article_published_time":"2021-01-19T12:26:36+00:00","article_modified_time":"2021-09-23T10:31:51+00:00","og_image":[{"width":640,"height":340,"url":"https:\/\/galeriamiejska.pl\/wp-content\/uploads\/2021\/01\/705_wkladka-do-katalogu-wystawy-magical-dreams-iv-okladka-przod.jpg","path":"\/autoinstalator\/wordpress\/wp-content\/uploads\/2021\/01\/705_wkladka-do-katalogu-wystawy-magical-dreams-iv-okladka-przod.jpg","size":"full","id":817,"alt":"","pixels":217600,"type":"image\/jpeg"}],"twitter_card":"summary_large_image","twitter_misc":{"Written by":"admin","Est. reading time":"2 minutes"},"schema":{"@context":"https:\/\/schema.org","@graph":[{"@type":"WebSite","@id":"https:\/\/galeriamiejska.pl\/en\/#website","url":"https:\/\/galeriamiejska.pl\/en\/","name":"Galeria Miejska we Wroc\u0142awiu","description":"","potentialAction":[{"@type":"SearchAction","target":{"@type":"EntryPoint","urlTemplate":"https:\/\/galeriamiejska.pl\/en\/?s={search_term_string}"},"query-input":"required name=search_term_string"}],"inLanguage":""},{"@type":"ImageObject","@id":"https:\/\/galeriamiejska.pl\/en\/magical-dreams-iv\/#primaryimage","inLanguage":"","url":"https:\/\/galeriamiejska.pl\/wp-content\/uploads\/2021\/01\/705_wkladka-do-katalogu-wystawy-magical-dreams-iv-okladka-przod.jpg","contentUrl":"https:\/\/galeriamiejska.pl\/wp-content\/uploads\/2021\/01\/705_wkladka-do-katalogu-wystawy-magical-dreams-iv-okladka-przod.jpg","width":640,"height":340},{"@type":"WebPage","@id":"https:\/\/galeriamiejska.pl\/en\/magical-dreams-iv\/#webpage","url":"https:\/\/galeriamiejska.pl\/en\/magical-dreams-iv\/","name":"MAGICAL DREAMS IV - Galeria Miejska we Wroc\u0142awiu","isPartOf":{"@id":"https:\/\/galeriamiejska.pl\/en\/#website"},"primaryImageOfPage":{"@id":"https:\/\/galeriamiejska.pl\/en\/magical-dreams-iv\/#primaryimage"},"datePublished":"2021-01-19T12:26:36+00:00","dateModified":"2021-09-23T10:31:51+00:00","author":{"@id":"https:\/\/galeriamiejska.pl\/en\/#\/schema\/person\/cd4f04b0a13c9114f95e23b489b6f9cb"},"breadcrumb":{"@id":"https:\/\/galeriamiejska.pl\/en\/magical-dreams-iv\/#breadcrumb"},"inLanguage":"","potentialAction":[{"@type":"ReadAction","target":["https:\/\/galeriamiejska.pl\/en\/magical-dreams-iv\/"]}]},{"@type":"BreadcrumbList","@id":"https:\/\/galeriamiejska.pl\/en\/magical-dreams-iv\/#breadcrumb","itemListElement":[{"@type":"ListItem","position":1,"name":"Strona g\u0142\u00f3wna","item":"https:\/\/galeriamiejska.pl\/en\/"},{"@type":"ListItem","position":2,"name":"MAGICAL DREAMS IV"}]},{"@type":"Person","@id":"https:\/\/galeriamiejska.pl\/en\/#\/schema\/person\/cd4f04b0a13c9114f95e23b489b6f9cb","name":"admin","image":{"@type":"ImageObject","@id":"https:\/\/galeriamiejska.pl\/en\/#personlogo","inLanguage":"","url":"https:\/\/secure.gravatar.com\/avatar\/3ded5a36984f92b80e2d99cc96780fe89cd37f7fd652108d182620efbb1566fd?s=96&d=mm&r=g","contentUrl":"https:\/\/secure.gravatar.com\/avatar\/3ded5a36984f92b80e2d99cc96780fe89cd37f7fd652108d182620efbb1566fd?s=96&d=mm&r=g","caption":"admin"},"sameAs":["http:\/\/galeriamiejska.pl"],"url":"https:\/\/galeriamiejska.pl\/en\/author\/admin\/"}]}},"_links":{"self":[{"href":"https:\/\/galeriamiejska.pl\/en\/wp-json\/wp\/v2\/posts\/816","targetHints":{"allow":["GET"]}}],"collection":[{"href":"https:\/\/galeriamiejska.pl\/en\/wp-json\/wp\/v2\/posts"}],"about":[{"href":"https:\/\/galeriamiejska.pl\/en\/wp-json\/wp\/v2\/types\/post"}],"author":[{"embeddable":true,"href":"https:\/\/galeriamiejska.pl\/en\/wp-json\/wp\/v2\/users\/1"}],"replies":[{"embeddable":true,"href":"https:\/\/galeriamiejska.pl\/en\/wp-json\/wp\/v2\/comments?post=816"}],"version-history":[{"count":2,"href":"https:\/\/galeriamiejska.pl\/en\/wp-json\/wp\/v2\/posts\/816\/revisions"}],"predecessor-version":[{"id":3502,"href":"https:\/\/galeriamiejska.pl\/en\/wp-json\/wp\/v2\/posts\/816\/revisions\/3502"}],"wp:featuredmedia":[{"embeddable":true,"href":"https:\/\/galeriamiejska.pl\/en\/wp-json\/wp\/v2\/media\/817"}],"wp:attachment":[{"href":"https:\/\/galeriamiejska.pl\/en\/wp-json\/wp\/v2\/media?parent=816"}],"wp:term":[{"taxonomy":"category","embeddable":true,"href":"https:\/\/galeriamiejska.pl\/en\/wp-json\/wp\/v2\/categories?post=816"},{"taxonomy":"post_tag","embeddable":true,"href":"https:\/\/galeriamiejska.pl\/en\/wp-json\/wp\/v2\/tags?post=816"}],"curies":[{"name":"wp","href":"https:\/\/api.w.org\/{rel}","templated":true}]}}