{"id":7551,"date":"2025-12-18T12:27:38","date_gmt":"2025-12-18T12:27:38","guid":{"rendered":"https:\/\/galeriamiejska.pl\/?p=7551"},"modified":"2026-03-10T11:56:52","modified_gmt":"2026-03-10T11:56:52","slug":"","status":"publish","type":"post","link":"https:\/\/galeriamiejska.pl\/en\/15-konkurs-gepperta\/","title":{"rendered":"","raw":""},"content":{"rendered":"","protected":false,"raw":""},"excerpt":{"rendered":"","protected":false,"raw":""},"author":1,"featured_media":7553,"comment_status":"open","ping_status":"open","sticky":false,"template":"","format":"standard","meta":{"_pl_post_content":"<!-- wp:paragraph -->\n<p><strong>Z przyjemno\u015bci\u0105 og\u0142aszamy 15. edycj\u0119 Konkursu Gepperta, kt\u00f3ry w 2026 roku przyjmuje now\u0105, otwart\u0105 formu\u0142\u0119. <\/strong><\/p>\n<!-- \/wp:paragraph -->\n\n<!-- wp:spacer {\"height\":\"15px\"} -->\n<div style=\"height:15px\" aria-hidden=\"true\" class=\"wp-block-spacer\"><\/div>\n<!-- \/wp:spacer -->\n\n<!-- wp:paragraph -->\n<p>Od ponad trzydziestu lat Konkurs Gepperta pozostaje jednym z najbardziej opiniotw\u00f3rczych przegl\u0105d\u00f3w malarstwa w Polsce, stanowi\u0105c istotn\u0105 przestrze\u0144 prezentacji wsp\u00f3\u0142czesnych idei i indywidualnych wizji artystycznych.<\/p>\n<!-- \/wp:paragraph -->\n\n<!-- wp:paragraph -->\n<p>Tegoroczna edycja wprowadza now\u0105 formu\u0142\u0119 udzia\u0142u w Konkursie. Rezygnujemy z systemu nominacji kuratorskich, wprowadzaj\u0105c otwarty nab\u00f3r zg\u0142osze\u0144. Zastosowana formu\u0142a stwarza warunki do prezentacji zr\u00f3\u017cnicowanych postaw artystycznych oraz wymiany do\u015bwiadcze\u0144.<\/p>\n<!-- \/wp:paragraph -->\n\n<!-- wp:paragraph -->\n<p>Uczestnicy maj\u0105 mo\u017cliwo\u015b\u0107 zdobycia nagr\u00f3d finansowych, w tym Grand Prix o warto\u015bci 40 000 z\u0142, a wybrane prace b\u0119d\u0105 prezentowane w Galerii Miejskiej we Wroc\u0142awiu oraz w towarzysz\u0105cym wystawie katalogu.<\/p>\n<!-- \/wp:paragraph -->\n\n<!-- wp:spacer {\"height\":\"25px\"} -->\n<div style=\"height:25px\" aria-hidden=\"true\" class=\"wp-block-spacer\"><\/div>\n<!-- \/wp:spacer -->\n\n<!-- wp:paragraph -->\n<p><strong>W tym roku uproszczono spos\u00f3b aplikowania w konkursie i zg\u0142oszenia przyjmowane s\u0105 do 23 lutego 2026 wy\u0142\u0105cznie w formie elektronicznej za pomoc\u0105&nbsp;<a href=\"https:\/\/konkurs-gepperta.artsaas.com\/\" target=\"_blank\" rel=\"noreferrer noopener\">karty zg\u0142oszeniowej<\/a>.<\/strong><\/p>\n<!-- \/wp:paragraph -->\n\n<!-- wp:paragraph -->\n<p><strong>Ka\u017cdy uczestnik zobowi\u0105zany jest do wype\u0142nienia karty zg\u0142oszeniowej, przes\u0142ania zdj\u0119\u0107 trzech obraz\u00f3w oraz za\u0142\u0105czenia potwierdzenia op\u0142aty wpisowej w wysoko\u015bci 100 z\u0142.<\/strong><\/p>\n<!-- \/wp:paragraph -->\n\n<!-- wp:paragraph -->\n<p><strong>Ocena prac b\u0119dzie przebiega\u0107 dwuetapowo, zgodnie z regulaminem<\/strong>&nbsp;<strong>konkursu.<\/strong><\/p>\n<!-- \/wp:paragraph -->\n\n<!-- wp:spacer {\"height\":\"25px\"} -->\n<div style=\"height:25px\" aria-hidden=\"true\" class=\"wp-block-spacer\"><\/div>\n<!-- \/wp:spacer -->\n\n<!-- wp:heading {\"level\":3} -->\n<h3 class=\"wp-block-heading\"><strong>Harmonogram<\/strong><\/h3>\n<!-- \/wp:heading -->\n\n<!-- wp:paragraph -->\n<p><strong>Og\u0142oszenie konkursu:&nbsp;<\/strong>21 stycznia 2026<br><strong>Termin zg\u0142aszania prac:&nbsp;<\/strong>23 lutego 2026<br><strong>Og\u0142oszenie listy os\u00f3b zakwalifikowanych do wystawy fina\u0142owej:<\/strong>&nbsp;6 marca 2026<br><strong>Wernisa\u017c i og\u0142oszenie laureat\u00f3w:<\/strong>&nbsp;9 kwietnia 2026<\/p>\n<!-- \/wp:paragraph -->\n\n<!-- wp:spacer {\"height\":\"10px\"} -->\n<div style=\"height:10px\" aria-hidden=\"true\" class=\"wp-block-spacer\"><\/div>\n<!-- \/wp:spacer -->\n\n<!-- wp:heading {\"level\":3} -->\n<h3 class=\"wp-block-heading\"><strong>Nagrody<\/strong><\/h3>\n<!-- \/wp:heading -->\n\n<!-- wp:paragraph -->\n<p><strong>Grand Prix:&nbsp;<\/strong>40&nbsp;000 z\u0142 Nagroda Prezydenta Wroc\u0142awia<br><strong>II miejsce:<\/strong>&nbsp;15&nbsp;000 z\u0142 Nagroda Rektora<br><strong>III miejsce:<\/strong>&nbsp;10&nbsp;000 z\u0142<\/p>\n<!-- \/wp:paragraph -->\n\n<!-- wp:spacer {\"height\":\"30px\"} -->\n<div style=\"height:30px\" aria-hidden=\"true\" class=\"wp-block-spacer\"><\/div>\n<!-- \/wp:spacer -->\n\n<!-- wp:paragraph {\"style\":{\"typography\":{\"textTransform\":\"uppercase\"}},\"fontSize\":\"large\"} -->\n<p class=\"has-large-font-size\" style=\"text-transform:uppercase\"><a href=\"https:\/\/konkurs-gepperta.artsaas.com\/\"><strong>Karta zg\u0142oszeniowa<\/strong><\/a><\/p>\n<!-- \/wp:paragraph -->\n\n<!-- wp:paragraph {\"style\":{\"typography\":{\"textTransform\":\"uppercase\"}},\"fontSize\":\"large\"} -->\n<p class=\"has-large-font-size\" style=\"text-transform:uppercase\"><strong><a href=\"https:\/\/www.asp.wroc.pl\/sites\/default\/files\/documents\/regulamin_konkurs-gepperta-2026.pdf\" data-type=\"link\" data-id=\"https:\/\/www.asp.wroc.pl\/sites\/default\/files\/documents\/regulamin_konkurs-gepperta-2026.pdf\">Regulamin konkursu<\/a> <\/strong><\/p>\n<!-- \/wp:paragraph -->\n\n<!-- wp:spacer {\"height\":\"30px\"} -->\n<div style=\"height:30px\" aria-hidden=\"true\" class=\"wp-block-spacer\"><\/div>\n<!-- \/wp:spacer -->\n\n<!-- wp:paragraph -->\n<p><strong>Kontakt:<\/strong>&nbsp;konkursgepperta@asp.wroc.pl<\/p>\n<!-- \/wp:paragraph -->\n\n<!-- wp:heading {\"level\":3} -->\n<h3 class=\"wp-block-heading\"><br><br>Nie zwlekaj \u2013 zg\u0142o\u015b swoje prace ju\u017c dzi\u015b!<\/h3>\n<!-- \/wp:heading -->\n\n<!-- wp:spacer {\"height\":\"39px\"} -->\n<div style=\"height:39px\" aria-hidden=\"true\" class=\"wp-block-spacer\"><\/div>\n<!-- \/wp:spacer -->\n\n<!-- wp:paragraph -->\n<p>Pi\u0119tnasta edycja konkursu jest zrealizowana w ramach Biennale Malarstwa Wroc\u0142aw. Ekspozycja konkursowa b\u0119dzie prezentowana w Galerii Miejskiej we Wroc\u0142awiu w terminie od 9 kwietnia do 12 maja 2026 roku.<\/p>\n<!-- \/wp:paragraph -->\n\n<!-- wp:paragraph -->\n<p>Wernisa\u017c po\u0142\u0105czony z wr\u0119czeniem nagr\u00f3d odb\u0119dzie si\u0119 9 kwietnia 2026 roku o godz. 18:00.<\/p>\n<!-- \/wp:paragraph -->\n\n<!-- wp:paragraph -->\n<p>Kuratorkami wystawy s\u0105 Sonia Ruciak oraz Katarzyna Zahorska.<br><br><strong>WYNIKI: <a href=\"https:\/\/www.asp.wroc.pl\/pl\/aktualnosci\/finalisci-15-konkursu-gepperta-wylonieni\">https:\/\/www.asp.wroc.pl\/pl\/aktualnosci\/finalisci-15-konkursu-gepperta-wylonieni<\/a><\/strong><\/p>\n<!-- \/wp:paragraph -->\n\n<!-- wp:spacer {\"height\":\"65px\"} -->\n<div style=\"height:65px\" aria-hidden=\"true\" class=\"wp-block-spacer\"><\/div>\n<!-- \/wp:spacer -->\n\n<!-- wp:image {\"id\":7552,\"sizeSlug\":\"large\",\"linkDestination\":\"media\"} -->\n<figure class=\"wp-block-image size-large\"><a href=\"https:\/\/galeriamiejska.pl\/wp-content\/uploads\/2025\/12\/15.-Konkurs-Gepperta-plakat-do-internetu-scaled.png\"><img src=\"https:\/\/galeriamiejska.pl\/wp-content\/uploads\/2025\/12\/15.-Konkurs-Gepperta-plakat-do-internetu-717x1024.png\" alt=\"\" class=\"wp-image-7552\"\/><\/a><figcaption class=\"wp-element-caption\">15. Konkurs Gepperta<\/figcaption><\/figure>\n<!-- \/wp:image -->","_pl_post_name":"15-konkurs-gepperta","_pl_post_excerpt":"nab\u00f3r rozpocz\u0119ty - zg\u0142o\u015b swoje prace ju\u017c dzi\u015b","_pl_post_title":"15. Konkurs Gepperta","_en_post_content":"","_en_post_name":"","_en_post_excerpt":"","_en_post_title":"","edit_language":"en","footnotes":""},"categories":[10,8],"tags":[216,217],"class_list":["post-7551","post","type-post","status-publish","format-standard","has-post-thumbnail","hentry","category-archiwalne-wydarzenia","category-wydarzenia","tag-konkurs","tag-konkurs-gepperta"],"yoast_head":"<!-- This site is optimized with the Yoast SEO plugin v16.8 - https:\/\/yoast.com\/wordpress\/plugins\/seo\/ -->\n<title>15. Konkurs Gepperta - Galeria Miejska we Wroc\u0142awiu<\/title>\n<meta name=\"robots\" content=\"index, follow, max-snippet:-1, max-image-preview:large, max-video-preview:-1\" \/>\n<link rel=\"canonical\" href=\"https:\/\/galeriamiejska.pl\/en\/15-konkurs-gepperta\/\" \/>\n<meta property=\"og:locale\" content=\"en_US\" \/>\n<meta property=\"og:type\" content=\"article\" \/>\n<meta property=\"og:title\" content=\"15. Konkurs Gepperta - Galeria Miejska we Wroc\u0142awiu\" \/>\n<meta property=\"og:description\" content=\"nab\u00f3r rozpocz\u0119ty - zg\u0142o\u015b swoje prace ju\u017c dzi\u015b\" \/>\n<meta property=\"og:url\" content=\"https:\/\/galeriamiejska.pl\/en\/15-konkurs-gepperta\/\" \/>\n<meta property=\"og:site_name\" content=\"Galeria Miejska we Wroc\u0142awiu\" \/>\n<meta property=\"article:published_time\" content=\"2025-12-18T12:27:38+00:00\" \/>\n<meta property=\"article:modified_time\" content=\"2026-03-10T11:56:52+00:00\" \/>\n<meta property=\"og:image\" content=\"https:\/\/galeriamiejska.pl\/wp-content\/uploads\/2025\/12\/Konkurs-Gepperta-dla-GM-13.png\" \/>\n\t<meta property=\"og:image:width\" content=\"641\" \/>\n\t<meta property=\"og:image:height\" content=\"341\" \/>\n<meta name=\"twitter:card\" content=\"summary_large_image\" \/>\n<meta name=\"twitter:label1\" content=\"Written by\" \/>\n\t<meta name=\"twitter:data1\" content=\"admin\" \/>\n\t<meta name=\"twitter:label2\" content=\"Est. reading time\" \/>\n\t<meta name=\"twitter:data2\" content=\"2 minutes\" \/>\n<script type=\"application\/ld+json\" class=\"yoast-schema-graph\">{\"@context\":\"https:\/\/schema.org\",\"@graph\":[{\"@type\":\"WebSite\",\"@id\":\"https:\/\/galeriamiejska.pl\/en\/#website\",\"url\":\"https:\/\/galeriamiejska.pl\/en\/\",\"name\":\"Galeria Miejska we Wroc\\u0142awiu\",\"description\":\"\",\"potentialAction\":[{\"@type\":\"SearchAction\",\"target\":{\"@type\":\"EntryPoint\",\"urlTemplate\":\"https:\/\/galeriamiejska.pl\/en\/?s={search_term_string}\"},\"query-input\":\"required name=search_term_string\"}],\"inLanguage\":\"\"},{\"@type\":\"ImageObject\",\"@id\":\"https:\/\/galeriamiejska.pl\/en\/15-konkurs-gepperta\/#primaryimage\",\"inLanguage\":\"\",\"url\":\"https:\/\/galeriamiejska.pl\/wp-content\/uploads\/2025\/12\/Konkurs-Gepperta-dla-GM-13.png\",\"contentUrl\":\"https:\/\/galeriamiejska.pl\/wp-content\/uploads\/2025\/12\/Konkurs-Gepperta-dla-GM-13.png\",\"width\":641,\"height\":341,\"caption\":\"Konkurs Gepperta\"},{\"@type\":\"WebPage\",\"@id\":\"https:\/\/galeriamiejska.pl\/en\/15-konkurs-gepperta\/#webpage\",\"url\":\"https:\/\/galeriamiejska.pl\/en\/15-konkurs-gepperta\/\",\"name\":\"15. Konkurs Gepperta - Galeria Miejska we Wroc\\u0142awiu\",\"isPartOf\":{\"@id\":\"https:\/\/galeriamiejska.pl\/en\/#website\"},\"primaryImageOfPage\":{\"@id\":\"https:\/\/galeriamiejska.pl\/en\/15-konkurs-gepperta\/#primaryimage\"},\"datePublished\":\"2025-12-18T12:27:38+00:00\",\"dateModified\":\"2026-03-10T11:56:52+00:00\",\"author\":{\"@id\":\"https:\/\/galeriamiejska.pl\/en\/#\/schema\/person\/cd4f04b0a13c9114f95e23b489b6f9cb\"},\"breadcrumb\":{\"@id\":\"https:\/\/galeriamiejska.pl\/en\/15-konkurs-gepperta\/#breadcrumb\"},\"inLanguage\":\"\",\"potentialAction\":[{\"@type\":\"ReadAction\",\"target\":[\"https:\/\/galeriamiejska.pl\/en\/15-konkurs-gepperta\/\"]}]},{\"@type\":\"BreadcrumbList\",\"@id\":\"https:\/\/galeriamiejska.pl\/en\/15-konkurs-gepperta\/#breadcrumb\",\"itemListElement\":[{\"@type\":\"ListItem\",\"position\":1,\"name\":\"Strona g\\u0142\\u00f3wna\",\"item\":\"https:\/\/galeriamiejska.pl\/en\/\"},{\"@type\":\"ListItem\",\"position\":2,\"name\":\"15. Konkurs Gepperta\"}]},{\"@type\":\"Person\",\"@id\":\"https:\/\/galeriamiejska.pl\/en\/#\/schema\/person\/cd4f04b0a13c9114f95e23b489b6f9cb\",\"name\":\"admin\",\"image\":{\"@type\":\"ImageObject\",\"@id\":\"https:\/\/galeriamiejska.pl\/en\/#personlogo\",\"inLanguage\":\"\",\"url\":\"https:\/\/secure.gravatar.com\/avatar\/3ded5a36984f92b80e2d99cc96780fe89cd37f7fd652108d182620efbb1566fd?s=96&d=mm&r=g\",\"contentUrl\":\"https:\/\/secure.gravatar.com\/avatar\/3ded5a36984f92b80e2d99cc96780fe89cd37f7fd652108d182620efbb1566fd?s=96&d=mm&r=g\",\"caption\":\"admin\"},\"sameAs\":[\"http:\/\/galeriamiejska.pl\"],\"url\":\"https:\/\/galeriamiejska.pl\/en\/author\/admin\/\"}]}<\/script>\n<!-- \/ Yoast SEO plugin. -->","yoast_head_json":{"title":"15. Konkurs Gepperta - Galeria Miejska we Wroc\u0142awiu","robots":{"index":"index","follow":"follow","max-snippet":"max-snippet:-1","max-image-preview":"max-image-preview:large","max-video-preview":"max-video-preview:-1"},"canonical":"https:\/\/galeriamiejska.pl\/en\/15-konkurs-gepperta\/","og_locale":"en_US","og_type":"article","og_title":"15. Konkurs Gepperta - Galeria Miejska we Wroc\u0142awiu","og_description":"nab\u00f3r rozpocz\u0119ty - zg\u0142o\u015b swoje prace ju\u017c dzi\u015b","og_url":"https:\/\/galeriamiejska.pl\/en\/15-konkurs-gepperta\/","og_site_name":"Galeria Miejska we Wroc\u0142awiu","article_published_time":"2025-12-18T12:27:38+00:00","article_modified_time":"2026-03-10T11:56:52+00:00","og_image":[{"width":641,"height":341,"filesize":437385,"url":"https:\/\/galeriamiejska.pl\/wp-content\/uploads\/2025\/12\/Konkurs-Gepperta-dla-GM-13.png","path":"\/autoinstalator\/wordpress\/wp-content\/uploads\/2025\/12\/Konkurs-Gepperta-dla-GM-13.png","size":"full","id":7553,"alt":"","pixels":218581,"type":"image\/png"}],"twitter_card":"summary_large_image","twitter_misc":{"Written by":"admin","Est. reading time":"2 minutes"},"schema":{"@context":"https:\/\/schema.org","@graph":[{"@type":"WebSite","@id":"https:\/\/galeriamiejska.pl\/en\/#website","url":"https:\/\/galeriamiejska.pl\/en\/","name":"Galeria Miejska we Wroc\u0142awiu","description":"","potentialAction":[{"@type":"SearchAction","target":{"@type":"EntryPoint","urlTemplate":"https:\/\/galeriamiejska.pl\/en\/?s={search_term_string}"},"query-input":"required name=search_term_string"}],"inLanguage":""},{"@type":"ImageObject","@id":"https:\/\/galeriamiejska.pl\/en\/15-konkurs-gepperta\/#primaryimage","inLanguage":"","url":"https:\/\/galeriamiejska.pl\/wp-content\/uploads\/2025\/12\/Konkurs-Gepperta-dla-GM-13.png","contentUrl":"https:\/\/galeriamiejska.pl\/wp-content\/uploads\/2025\/12\/Konkurs-Gepperta-dla-GM-13.png","width":641,"height":341,"caption":"Konkurs Gepperta"},{"@type":"WebPage","@id":"https:\/\/galeriamiejska.pl\/en\/15-konkurs-gepperta\/#webpage","url":"https:\/\/galeriamiejska.pl\/en\/15-konkurs-gepperta\/","name":"15. Konkurs Gepperta - Galeria Miejska we Wroc\u0142awiu","isPartOf":{"@id":"https:\/\/galeriamiejska.pl\/en\/#website"},"primaryImageOfPage":{"@id":"https:\/\/galeriamiejska.pl\/en\/15-konkurs-gepperta\/#primaryimage"},"datePublished":"2025-12-18T12:27:38+00:00","dateModified":"2026-03-10T11:56:52+00:00","author":{"@id":"https:\/\/galeriamiejska.pl\/en\/#\/schema\/person\/cd4f04b0a13c9114f95e23b489b6f9cb"},"breadcrumb":{"@id":"https:\/\/galeriamiejska.pl\/en\/15-konkurs-gepperta\/#breadcrumb"},"inLanguage":"","potentialAction":[{"@type":"ReadAction","target":["https:\/\/galeriamiejska.pl\/en\/15-konkurs-gepperta\/"]}]},{"@type":"BreadcrumbList","@id":"https:\/\/galeriamiejska.pl\/en\/15-konkurs-gepperta\/#breadcrumb","itemListElement":[{"@type":"ListItem","position":1,"name":"Strona g\u0142\u00f3wna","item":"https:\/\/galeriamiejska.pl\/en\/"},{"@type":"ListItem","position":2,"name":"15. Konkurs Gepperta"}]},{"@type":"Person","@id":"https:\/\/galeriamiejska.pl\/en\/#\/schema\/person\/cd4f04b0a13c9114f95e23b489b6f9cb","name":"admin","image":{"@type":"ImageObject","@id":"https:\/\/galeriamiejska.pl\/en\/#personlogo","inLanguage":"","url":"https:\/\/secure.gravatar.com\/avatar\/3ded5a36984f92b80e2d99cc96780fe89cd37f7fd652108d182620efbb1566fd?s=96&d=mm&r=g","contentUrl":"https:\/\/secure.gravatar.com\/avatar\/3ded5a36984f92b80e2d99cc96780fe89cd37f7fd652108d182620efbb1566fd?s=96&d=mm&r=g","caption":"admin"},"sameAs":["http:\/\/galeriamiejska.pl"],"url":"https:\/\/galeriamiejska.pl\/en\/author\/admin\/"}]}},"_links":{"self":[{"href":"https:\/\/galeriamiejska.pl\/en\/wp-json\/wp\/v2\/posts\/7551","targetHints":{"allow":["GET"]}}],"collection":[{"href":"https:\/\/galeriamiejska.pl\/en\/wp-json\/wp\/v2\/posts"}],"about":[{"href":"https:\/\/galeriamiejska.pl\/en\/wp-json\/wp\/v2\/types\/post"}],"author":[{"embeddable":true,"href":"https:\/\/galeriamiejska.pl\/en\/wp-json\/wp\/v2\/users\/1"}],"replies":[{"embeddable":true,"href":"https:\/\/galeriamiejska.pl\/en\/wp-json\/wp\/v2\/comments?post=7551"}],"version-history":[{"count":43,"href":"https:\/\/galeriamiejska.pl\/en\/wp-json\/wp\/v2\/posts\/7551\/revisions"}],"predecessor-version":[{"id":7785,"href":"https:\/\/galeriamiejska.pl\/en\/wp-json\/wp\/v2\/posts\/7551\/revisions\/7785"}],"wp:featuredmedia":[{"embeddable":true,"href":"https:\/\/galeriamiejska.pl\/en\/wp-json\/wp\/v2\/media\/7553"}],"wp:attachment":[{"href":"https:\/\/galeriamiejska.pl\/en\/wp-json\/wp\/v2\/media?parent=7551"}],"wp:term":[{"taxonomy":"category","embeddable":true,"href":"https:\/\/galeriamiejska.pl\/en\/wp-json\/wp\/v2\/categories?post=7551"},{"taxonomy":"post_tag","embeddable":true,"href":"https:\/\/galeriamiejska.pl\/en\/wp-json\/wp\/v2\/tags?post=7551"}],"curies":[{"name":"wp","href":"https:\/\/api.w.org\/{rel}","templated":true}]}}