{"id":7484,"date":"2025-11-03T13:49:05","date_gmt":"2025-11-03T13:49:05","guid":{"rendered":"https:\/\/galeriamiejska.pl\/?p=7484"},"modified":"2026-01-13T11:44:21","modified_gmt":"2026-01-13T11:44:21","slug":"","status":"publish","type":"post","link":"https:\/\/galeriamiejska.pl\/en\/17-park-sztuki\/","title":{"rendered":"","raw":""},"content":{"rendered":"","protected":false,"raw":""},"excerpt":{"rendered":"","protected":false,"raw":""},"author":1,"featured_media":7485,"comment_status":"open","ping_status":"open","sticky":false,"template":"","format":"standard","meta":{"_pl_post_content":"<!-- wp:spacer {\"height\":\"18px\"} -->\n<div style=\"height:18px\" aria-hidden=\"true\" class=\"wp-block-spacer\"><\/div>\n<!-- \/wp:spacer -->\n\n<!-- wp:paragraph -->\n<p>Wystawa w Galerii Galeria OPT Zamek zlokalizowanej w pi\u0119knym obiekcie w Le\u015bnicy, we Wroc\u0142awiu to efekt pleneru malarskiego \u201e17 Park sztuki\u201d, kt\u00f3ry odby\u0142 si\u0119 na prze\u0142omie sierpnia i wrze\u015bnia tego roku &nbsp;w Zamku Kliczk\u00f3w ko\u0142o Boles\u0142awca. Idea ma swoj\u0105 d\u0142ug\u0105 tradycj\u0119 i zosta\u0142a zainicjowana przez Zwi\u0105zek Polskich Artyst\u00f3w Plastyk\u00f3w oddzia\u0142 Wroc\u0142aw. Z tego powodu g\u0142\u00f3wnymi uczestnikami wydarzenia s\u0105 arty\u015bci w nim zrzeszeni. Plenery kliczkowskie to wa\u017cne i nietuzinkowe wydarzenia, za kt\u00f3re wdzi\u0119czni jeste\u015bmy w\u0142a\u015bcicielom Zamku w Kliczkowie, Fundacji Pro Cultura Bono, Galerii Miejskiej we Wroc\u0142awiu i ZPAP, bo to dzi\u0119ki ich wsparciu projekt ten m\u00f3g\u0142 mie\u0107 sw\u0105 kontynuacj\u0119 i w tym roku.<\/p>\n<!-- \/wp:paragraph -->\n\n<!-- wp:paragraph -->\n<p>Czas sp\u0119dzony w Kliczkowie to wielka warto\u015b\u0107 dla artyst\u00f3w, to warto\u015b\u0107&nbsp; spotkania si\u0119 z drugim tw\u00f3rc\u0105. To mo\u017cliwo\u015b\u0107 prowadzenia d\u0142ugich rozm\u00f3w, otrzymania wsparcia, podgl\u0105dni\u0119cia drugiego cz\u0142owieka mierz\u0105cego si\u0119 z natur\u0105 rzeczy, jak\u0105 jest sztuka, to punkt wymiany wiedzy o warsztacie i problemach formalnych. Artysta to delikatny kwiat, o kt\u00f3ry trzeba dba\u0107, podlewa\u0107 nowymi wyzwaniami i warto\u015bciami. Dlatego idea pleneru jest tak istotna. Co wi\u0119cej, czas sp\u0119dzony przy pracy przeplata\u0142a si\u0119 tu naturalnie z obcowaniem z architektur\u0105 Zamku, przyrod\u0105 wok\u00f3\u0142. Nie do przecenienia s\u0105 d\u0142ugie spacery po lesie, k\u0105piele w czystym jeziorze (K\u0105pielisko B\u0142\u0119kitka), ogl\u0105danie pi\u0119knych zwierz\u0105t (konie ze Stajni Zamkowej), odkrywanie ciekawych miejsc (Pustynia Koz\u0142owska, Wrzosowisko Przemkowskie), a tak\u017ce poznawanie nowych ods\u0142on nieodleg\u0142ego miasta i jego kultury (Muzeum Ceramiki w Boles\u0142awcu).<\/p>\n<!-- \/wp:paragraph -->\n\n<!-- wp:paragraph -->\n<p>11 artyst\u00f3w zaproszonych na tegoroczny plener to g\u0142\u00f3wnie malarze, ale nie jest to najwa\u017cniejszy wyznacznik doboru uczestnik\u00f3w. W tym roku zaproszeni zostali przeze mnie nast\u0119puj\u0105cy arty\u015bci: <strong>Agata Ilona Bro\u017cek, Joanna Bru\u017adzi\u0144ska, Piotr Butkiewicz, Jan G\u0142\u0105b, Sebastian Huczy\u0144ski, Katarzyna Kulpa, Tomasz Olszewski, Edyta Purzycka, Krystyna Szczepaniak<\/strong> (pisz\u0105ce te s\u0142owa), <strong>Jan Zamorski, Martyna Zaradkiewicz<\/strong>.<\/p>\n<!-- \/wp:paragraph -->\n\n<!-- wp:paragraph -->\n<p>Postawy tw\u00f3rc\u00f3w mieszaj\u0105 si\u0119 p\u0142ynnie, czerpi\u0105 jedna z drugiej, rzec mo\u017cna - \u017cywi\u0105 si\u0119 wzajemnie podczas tego spotkania. Malarstwo, rze\u017aba, ceramika, grafika i fotografia, zago\u015bci\u0142y w tym roku obok siebie. Nie bez znaczenia, co mo\u017cna zaobserwowa\u0107 na przedmiotowej wystawie, pozostaje kolor, kt\u00f3ry jest jedn\u0105 ze sk\u0142adowych, ale wsp\u00f3ln\u0105 w r\u00f3\u017cnych \u015brodkach wyrazu. Od jakiego\u015b ju\u017c czasu, nie chc\u0119 si\u0119 zaw\u0119\u017ca\u0107 tylko do czystego malarstwa. St\u0105d decyzja o przemieszaniu tw\u00f3rc\u00f3w pracuj\u0105cych z r\u00f3\u017cnym mediami. Dlatego na wystawie b\u0119dzie mo\u017cna zobaczy\u0107 \u2013 obraz dwuwymiarowy, rysunek, grafik\u0119, jak r\u00f3wnie\u017c form\u0119 przestrzenn\u0105.<\/p>\n<!-- \/wp:paragraph -->\n\n<!-- wp:paragraph -->\n<p>Kuratorka: Krystyna Szczepaniak<\/p>\n<!-- \/wp:paragraph -->\n\n<!-- wp:paragraph {\"backgroundColor\":\"white\"} -->\n<p class=\"has-white-background-color has-background\">Wystawa czynna od 24 pa\u017adziernika 2025 do 11 stycznia 2026.<\/p>\n<!-- \/wp:paragraph -->\n\n<!-- wp:paragraph -->\n<p>Ekspozycja jest prezentowana w Galeria Zamek (OPT Zamek) plac \u015awi\u0119toja\u0144ski 1, Wroc\u0142aw.<\/p>\n<!-- \/wp:paragraph -->\n\n<!-- wp:spacer {\"height\":\"74px\"} -->\n<div style=\"height:74px\" aria-hidden=\"true\" class=\"wp-block-spacer\"><\/div>\n<!-- \/wp:spacer -->","_pl_post_name":"17-park-sztuki","_pl_post_excerpt":"wystawa poplenerowa w OPT Zamek ","_pl_post_title":"\"17. Park Sztuki\"","_en_post_content":"","_en_post_name":"","_en_post_excerpt":"","_en_post_title":"","edit_language":"en","footnotes":""},"categories":[10,8],"tags":[196,26],"class_list":["post-7484","post","type-post","status-publish","format-standard","has-post-thumbnail","hentry","category-archiwalne-wydarzenia","category-wydarzenia","tag-park-sztuki","tag-wystawa"],"yoast_head":"<!-- This site is optimized with the Yoast SEO plugin v16.8 - https:\/\/yoast.com\/wordpress\/plugins\/seo\/ -->\n<title>&quot;17. Park Sztuki&quot; - Galeria Miejska we Wroc\u0142awiu<\/title>\n<meta name=\"robots\" content=\"index, follow, max-snippet:-1, max-image-preview:large, max-video-preview:-1\" \/>\n<link rel=\"canonical\" href=\"https:\/\/galeriamiejska.pl\/en\/17-park-sztuki\/\" \/>\n<meta property=\"og:locale\" content=\"en_US\" \/>\n<meta property=\"og:type\" content=\"article\" \/>\n<meta property=\"og:title\" content=\"&quot;17. Park Sztuki&quot; - Galeria Miejska we Wroc\u0142awiu\" \/>\n<meta property=\"og:description\" content=\"wystawa poplenerowa w OPT Zamek\" \/>\n<meta property=\"og:url\" content=\"https:\/\/galeriamiejska.pl\/en\/17-park-sztuki\/\" \/>\n<meta property=\"og:site_name\" content=\"Galeria Miejska we Wroc\u0142awiu\" \/>\n<meta property=\"article:published_time\" content=\"2025-11-03T13:49:05+00:00\" \/>\n<meta property=\"article:modified_time\" content=\"2026-01-13T11:44:21+00:00\" \/>\n<meta property=\"og:image\" content=\"https:\/\/galeriamiejska.pl\/wp-content\/uploads\/2025\/11\/17_Park_Sztuki_640x340.jpg\" \/>\n\t<meta property=\"og:image:width\" content=\"640\" \/>\n\t<meta property=\"og:image:height\" content=\"340\" \/>\n<meta name=\"twitter:card\" content=\"summary_large_image\" \/>\n<meta name=\"twitter:label1\" content=\"Written by\" \/>\n\t<meta name=\"twitter:data1\" content=\"admin\" \/>\n\t<meta name=\"twitter:label2\" content=\"Est. reading time\" \/>\n\t<meta name=\"twitter:data2\" content=\"2 minutes\" \/>\n<script type=\"application\/ld+json\" class=\"yoast-schema-graph\">{\"@context\":\"https:\/\/schema.org\",\"@graph\":[{\"@type\":\"WebSite\",\"@id\":\"https:\/\/galeriamiejska.pl\/en\/#website\",\"url\":\"https:\/\/galeriamiejska.pl\/en\/\",\"name\":\"Galeria Miejska we Wroc\\u0142awiu\",\"description\":\"\",\"potentialAction\":[{\"@type\":\"SearchAction\",\"target\":{\"@type\":\"EntryPoint\",\"urlTemplate\":\"https:\/\/galeriamiejska.pl\/en\/?s={search_term_string}\"},\"query-input\":\"required name=search_term_string\"}],\"inLanguage\":\"\"},{\"@type\":\"ImageObject\",\"@id\":\"https:\/\/galeriamiejska.pl\/en\/17-park-sztuki\/#primaryimage\",\"inLanguage\":\"\",\"url\":\"https:\/\/galeriamiejska.pl\/wp-content\/uploads\/2025\/11\/17_Park_Sztuki_640x340.jpg\",\"contentUrl\":\"https:\/\/galeriamiejska.pl\/wp-content\/uploads\/2025\/11\/17_Park_Sztuki_640x340.jpg\",\"width\":640,\"height\":340},{\"@type\":\"WebPage\",\"@id\":\"https:\/\/galeriamiejska.pl\/en\/17-park-sztuki\/#webpage\",\"url\":\"https:\/\/galeriamiejska.pl\/en\/17-park-sztuki\/\",\"name\":\"\\\"17. Park Sztuki\\\" - Galeria Miejska we Wroc\\u0142awiu\",\"isPartOf\":{\"@id\":\"https:\/\/galeriamiejska.pl\/en\/#website\"},\"primaryImageOfPage\":{\"@id\":\"https:\/\/galeriamiejska.pl\/en\/17-park-sztuki\/#primaryimage\"},\"datePublished\":\"2025-11-03T13:49:05+00:00\",\"dateModified\":\"2026-01-13T11:44:21+00:00\",\"author\":{\"@id\":\"https:\/\/galeriamiejska.pl\/en\/#\/schema\/person\/cd4f04b0a13c9114f95e23b489b6f9cb\"},\"breadcrumb\":{\"@id\":\"https:\/\/galeriamiejska.pl\/en\/17-park-sztuki\/#breadcrumb\"},\"inLanguage\":\"\",\"potentialAction\":[{\"@type\":\"ReadAction\",\"target\":[\"https:\/\/galeriamiejska.pl\/en\/17-park-sztuki\/\"]}]},{\"@type\":\"BreadcrumbList\",\"@id\":\"https:\/\/galeriamiejska.pl\/en\/17-park-sztuki\/#breadcrumb\",\"itemListElement\":[{\"@type\":\"ListItem\",\"position\":1,\"name\":\"Strona g\\u0142\\u00f3wna\",\"item\":\"https:\/\/galeriamiejska.pl\/en\/\"},{\"@type\":\"ListItem\",\"position\":2,\"name\":\"&#8220;17. Park Sztuki&#8221;\"}]},{\"@type\":\"Person\",\"@id\":\"https:\/\/galeriamiejska.pl\/en\/#\/schema\/person\/cd4f04b0a13c9114f95e23b489b6f9cb\",\"name\":\"admin\",\"image\":{\"@type\":\"ImageObject\",\"@id\":\"https:\/\/galeriamiejska.pl\/en\/#personlogo\",\"inLanguage\":\"\",\"url\":\"https:\/\/secure.gravatar.com\/avatar\/3ded5a36984f92b80e2d99cc96780fe89cd37f7fd652108d182620efbb1566fd?s=96&d=mm&r=g\",\"contentUrl\":\"https:\/\/secure.gravatar.com\/avatar\/3ded5a36984f92b80e2d99cc96780fe89cd37f7fd652108d182620efbb1566fd?s=96&d=mm&r=g\",\"caption\":\"admin\"},\"sameAs\":[\"http:\/\/galeriamiejska.pl\"],\"url\":\"https:\/\/galeriamiejska.pl\/en\/author\/admin\/\"}]}<\/script>\n<!-- \/ Yoast SEO plugin. -->","yoast_head_json":{"title":"\"17. Park Sztuki\" - Galeria Miejska we Wroc\u0142awiu","robots":{"index":"index","follow":"follow","max-snippet":"max-snippet:-1","max-image-preview":"max-image-preview:large","max-video-preview":"max-video-preview:-1"},"canonical":"https:\/\/galeriamiejska.pl\/en\/17-park-sztuki\/","og_locale":"en_US","og_type":"article","og_title":"\"17. Park Sztuki\" - Galeria Miejska we Wroc\u0142awiu","og_description":"wystawa poplenerowa w OPT Zamek","og_url":"https:\/\/galeriamiejska.pl\/en\/17-park-sztuki\/","og_site_name":"Galeria Miejska we Wroc\u0142awiu","article_published_time":"2025-11-03T13:49:05+00:00","article_modified_time":"2026-01-13T11:44:21+00:00","og_image":[{"width":640,"height":340,"filesize":133930,"url":"https:\/\/galeriamiejska.pl\/wp-content\/uploads\/2025\/11\/17_Park_Sztuki_640x340.jpg","path":"\/autoinstalator\/wordpress\/wp-content\/uploads\/2025\/11\/17_Park_Sztuki_640x340.jpg","size":"full","id":7485,"alt":"","pixels":217600,"type":"image\/jpeg"}],"twitter_card":"summary_large_image","twitter_misc":{"Written by":"admin","Est. reading time":"2 minutes"},"schema":{"@context":"https:\/\/schema.org","@graph":[{"@type":"WebSite","@id":"https:\/\/galeriamiejska.pl\/en\/#website","url":"https:\/\/galeriamiejska.pl\/en\/","name":"Galeria Miejska we Wroc\u0142awiu","description":"","potentialAction":[{"@type":"SearchAction","target":{"@type":"EntryPoint","urlTemplate":"https:\/\/galeriamiejska.pl\/en\/?s={search_term_string}"},"query-input":"required name=search_term_string"}],"inLanguage":""},{"@type":"ImageObject","@id":"https:\/\/galeriamiejska.pl\/en\/17-park-sztuki\/#primaryimage","inLanguage":"","url":"https:\/\/galeriamiejska.pl\/wp-content\/uploads\/2025\/11\/17_Park_Sztuki_640x340.jpg","contentUrl":"https:\/\/galeriamiejska.pl\/wp-content\/uploads\/2025\/11\/17_Park_Sztuki_640x340.jpg","width":640,"height":340},{"@type":"WebPage","@id":"https:\/\/galeriamiejska.pl\/en\/17-park-sztuki\/#webpage","url":"https:\/\/galeriamiejska.pl\/en\/17-park-sztuki\/","name":"\"17. Park Sztuki\" - Galeria Miejska we Wroc\u0142awiu","isPartOf":{"@id":"https:\/\/galeriamiejska.pl\/en\/#website"},"primaryImageOfPage":{"@id":"https:\/\/galeriamiejska.pl\/en\/17-park-sztuki\/#primaryimage"},"datePublished":"2025-11-03T13:49:05+00:00","dateModified":"2026-01-13T11:44:21+00:00","author":{"@id":"https:\/\/galeriamiejska.pl\/en\/#\/schema\/person\/cd4f04b0a13c9114f95e23b489b6f9cb"},"breadcrumb":{"@id":"https:\/\/galeriamiejska.pl\/en\/17-park-sztuki\/#breadcrumb"},"inLanguage":"","potentialAction":[{"@type":"ReadAction","target":["https:\/\/galeriamiejska.pl\/en\/17-park-sztuki\/"]}]},{"@type":"BreadcrumbList","@id":"https:\/\/galeriamiejska.pl\/en\/17-park-sztuki\/#breadcrumb","itemListElement":[{"@type":"ListItem","position":1,"name":"Strona g\u0142\u00f3wna","item":"https:\/\/galeriamiejska.pl\/en\/"},{"@type":"ListItem","position":2,"name":"&#8220;17. Park Sztuki&#8221;"}]},{"@type":"Person","@id":"https:\/\/galeriamiejska.pl\/en\/#\/schema\/person\/cd4f04b0a13c9114f95e23b489b6f9cb","name":"admin","image":{"@type":"ImageObject","@id":"https:\/\/galeriamiejska.pl\/en\/#personlogo","inLanguage":"","url":"https:\/\/secure.gravatar.com\/avatar\/3ded5a36984f92b80e2d99cc96780fe89cd37f7fd652108d182620efbb1566fd?s=96&d=mm&r=g","contentUrl":"https:\/\/secure.gravatar.com\/avatar\/3ded5a36984f92b80e2d99cc96780fe89cd37f7fd652108d182620efbb1566fd?s=96&d=mm&r=g","caption":"admin"},"sameAs":["http:\/\/galeriamiejska.pl"],"url":"https:\/\/galeriamiejska.pl\/en\/author\/admin\/"}]}},"_links":{"self":[{"href":"https:\/\/galeriamiejska.pl\/en\/wp-json\/wp\/v2\/posts\/7484","targetHints":{"allow":["GET"]}}],"collection":[{"href":"https:\/\/galeriamiejska.pl\/en\/wp-json\/wp\/v2\/posts"}],"about":[{"href":"https:\/\/galeriamiejska.pl\/en\/wp-json\/wp\/v2\/types\/post"}],"author":[{"embeddable":true,"href":"https:\/\/galeriamiejska.pl\/en\/wp-json\/wp\/v2\/users\/1"}],"replies":[{"embeddable":true,"href":"https:\/\/galeriamiejska.pl\/en\/wp-json\/wp\/v2\/comments?post=7484"}],"version-history":[{"count":19,"href":"https:\/\/galeriamiejska.pl\/en\/wp-json\/wp\/v2\/posts\/7484\/revisions"}],"predecessor-version":[{"id":7645,"href":"https:\/\/galeriamiejska.pl\/en\/wp-json\/wp\/v2\/posts\/7484\/revisions\/7645"}],"wp:featuredmedia":[{"embeddable":true,"href":"https:\/\/galeriamiejska.pl\/en\/wp-json\/wp\/v2\/media\/7485"}],"wp:attachment":[{"href":"https:\/\/galeriamiejska.pl\/en\/wp-json\/wp\/v2\/media?parent=7484"}],"wp:term":[{"taxonomy":"category","embeddable":true,"href":"https:\/\/galeriamiejska.pl\/en\/wp-json\/wp\/v2\/categories?post=7484"},{"taxonomy":"post_tag","embeddable":true,"href":"https:\/\/galeriamiejska.pl\/en\/wp-json\/wp\/v2\/tags?post=7484"}],"curies":[{"name":"wp","href":"https:\/\/api.w.org\/{rel}","templated":true}]}}