{"id":743,"date":"2021-01-19T12:07:03","date_gmt":"2021-01-19T12:07:03","guid":{"rendered":"http:\/\/galeriamiejska.pl\/?p=743"},"modified":"2021-09-23T09:35:04","modified_gmt":"2021-09-23T09:35:04","slug":"","status":"publish","type":"post","link":"https:\/\/galeriamiejska.pl\/en\/elewator-sztuki\/","title":{"rendered":"","raw":""},"content":{"rendered":"","protected":false,"raw":""},"excerpt":{"rendered":"","protected":false,"raw":""},"author":1,"featured_media":744,"comment_status":"open","ping_status":"open","sticky":false,"template":"","format":"standard","meta":{"_pl_post_content":"<!-- wp:paragraph -->\n<p><strong>Wydawca:<\/strong> Galeria Miejska we Wroc\u0142awiu<br><strong>Teksty:<\/strong> Bo\u017cena Danielska, Marcin Harlender, Miros\u0142aw Jasi\u0144ski, Joanna Mielech, Przemys\u0142aw Wiater<br><strong>Noty biograficzne:<\/strong> Bo\u017cena Danielska<br><strong>Zdj\u0119cia:<\/strong> Tatiana Falewicz, Zbigniew Fr\u0105czkiewicz, Janusz Jaremen, Teresa K\u0119powicz, Robert Kutkowski, Tomasz Mielech, Leszek Ro\u017ca\u0144ski, Zygmunt Tryla\u0144ski, Bogumi\u0142a Twardowska-Rogacewicz, Przemys\u0142aw Wiater, Archiwum Autor\u00f3w, Archiwum Teatru Cinema, Muzeum Dom C. i&nbsp;G. Hauptmann\u00f3w<br><strong>Opracowanie graficzne katalogu:<\/strong> Bogumi\u0142a Twardowska-Rogacewicz<br><strong>T\u0142umaczenia i&nbsp;korekta:<\/strong> Anna Molik, Anna Szoc, Marta Kaczmarek<br><strong>ISBN:<\/strong> 978-83-946219-2-6<br><br>Cena publikacji: 45 z\u0142<br>150 stron, 27x20,5 cm, oprawa mi\u0119kka<br><br><br>Katalog do nabycia w&nbsp;Galerii Miejskiej we Wroc\u0142awiu ul. Kie\u0142ba\u015bnicza 28<br>Przyjmujemy r\u00f3wnie\u017c zam\u00f3wienia pod adresem biuro@galeriamiejska.pl<\/p>\n<!-- \/wp:paragraph -->\n\n<!-- wp:gallery {\"ids\":[3438,3439,3440,3441],\"columns\":4,\"linkTo\":\"file\"} -->\n<figure class=\"wp-block-gallery columns-4 is-cropped\"><ul class=\"blocks-gallery-grid\"><li class=\"blocks-gallery-item\"><figure><a href=\"https:\/\/galeriamiejska.pl\/wp-content\/uploads\/2021\/09\/569_katalog-wystawy-elewator-sztuki-wnetrze.jpg\"><img src=\"https:\/\/galeriamiejska.pl\/wp-content\/uploads\/2021\/09\/569_katalog-wystawy-elewator-sztuki-wnetrze.jpg\" alt=\"\" data-id=\"3438\" data-full-url=\"https:\/\/galeriamiejska.pl\/wp-content\/uploads\/2021\/09\/569_katalog-wystawy-elewator-sztuki-wnetrze.jpg\" data-link=\"https:\/\/galeriamiejska.pl\/elewator-sztuki\/569_katalog-wystawy-elewator-sztuki-wnetrze-2\/\" class=\"wp-image-3438\"\/><\/a><figcaption class=\"blocks-gallery-item__caption\">Katalog wystawy Elewator sztuki - wn\u0119trze<\/figcaption><\/figure><\/li><li class=\"blocks-gallery-item\"><figure><a href=\"https:\/\/galeriamiejska.pl\/wp-content\/uploads\/2021\/09\/569_1_katalog-wystawy-elewator-sztuki-wnetrze.jpg\"><img src=\"https:\/\/galeriamiejska.pl\/wp-content\/uploads\/2021\/09\/569_1_katalog-wystawy-elewator-sztuki-wnetrze.jpg\" alt=\"\" data-id=\"3439\" data-full-url=\"https:\/\/galeriamiejska.pl\/wp-content\/uploads\/2021\/09\/569_1_katalog-wystawy-elewator-sztuki-wnetrze.jpg\" data-link=\"https:\/\/galeriamiejska.pl\/elewator-sztuki\/569_1_katalog-wystawy-elewator-sztuki-wnetrze-2\/\" class=\"wp-image-3439\"\/><\/a><figcaption class=\"blocks-gallery-item__caption\">Katalog wystawy Elewator sztuki - wn\u0119trze<\/figcaption><\/figure><\/li><li class=\"blocks-gallery-item\"><figure><a href=\"https:\/\/galeriamiejska.pl\/wp-content\/uploads\/2021\/09\/569_katalog-wystawy-elewator-sztuki-okladka-przod.jpg\"><img src=\"https:\/\/galeriamiejska.pl\/wp-content\/uploads\/2021\/09\/569_katalog-wystawy-elewator-sztuki-okladka-przod.jpg\" alt=\"\" data-id=\"3440\" data-full-url=\"https:\/\/galeriamiejska.pl\/wp-content\/uploads\/2021\/09\/569_katalog-wystawy-elewator-sztuki-okladka-przod.jpg\" data-link=\"https:\/\/galeriamiejska.pl\/elewator-sztuki\/569_katalog-wystawy-elewator-sztuki-okladka-przod-2\/\" class=\"wp-image-3440\"\/><\/a><figcaption class=\"blocks-gallery-item__caption\">Katalog wystawy Elewator sztuki - ok\u0142adka prz\u00f3d<\/figcaption><\/figure><\/li><li class=\"blocks-gallery-item\"><figure><a href=\"https:\/\/galeriamiejska.pl\/wp-content\/uploads\/2021\/09\/569_katalog-wystawy-elewator-sztuki-okladka-tyl.jpg\"><img src=\"https:\/\/galeriamiejska.pl\/wp-content\/uploads\/2021\/09\/569_katalog-wystawy-elewator-sztuki-okladka-tyl.jpg\" alt=\"\" data-id=\"3441\" data-full-url=\"https:\/\/galeriamiejska.pl\/wp-content\/uploads\/2021\/09\/569_katalog-wystawy-elewator-sztuki-okladka-tyl.jpg\" data-link=\"https:\/\/galeriamiejska.pl\/elewator-sztuki\/569_katalog-wystawy-elewator-sztuki-okladka-tyl-2\/\" class=\"wp-image-3441\"\/><\/a><figcaption class=\"blocks-gallery-item__caption\">Katalog wystawy Elewator sztuki - ok\u0142adka ty\u0142<\/figcaption><\/figure><\/li><\/ul><\/figure>\n<!-- \/wp:gallery -->\n\n<!-- wp:paragraph -->\n<p><br><br><br><br><br><br><br><\/p>\n<!-- \/wp:paragraph -->","_pl_post_name":"elewator-sztuki","_pl_post_excerpt":"Katalog wystawy grupowej artyst\u00f3w z Kotliny Jeleniog\u00f3rskiej","_pl_post_title":"Elewator sztuki","_en_post_content":"","_en_post_name":"","_en_post_excerpt":"","_en_post_title":"","edit_language":"en","footnotes":""},"categories":[15,16],"tags":[],"class_list":["post-743","post","type-post","status-publish","format-standard","has-post-thumbnail","hentry","category-sklep","category-wydawnictwa"],"yoast_head":"<!-- This site is optimized with the Yoast SEO plugin v16.8 - https:\/\/yoast.com\/wordpress\/plugins\/seo\/ -->\n<title>Elewator sztuki - Galeria Miejska we Wroc\u0142awiu<\/title>\n<meta name=\"robots\" content=\"index, follow, max-snippet:-1, max-image-preview:large, max-video-preview:-1\" \/>\n<link rel=\"canonical\" href=\"https:\/\/galeriamiejska.pl\/en\/elewator-sztuki\/\" \/>\n<meta property=\"og:locale\" content=\"en_US\" \/>\n<meta property=\"og:type\" content=\"article\" \/>\n<meta property=\"og:title\" content=\"Elewator sztuki - Galeria Miejska we Wroc\u0142awiu\" \/>\n<meta property=\"og:description\" content=\"Katalog wystawy grupowej artyst\u00f3w z Kotliny Jeleniog\u00f3rskiej\" \/>\n<meta property=\"og:url\" content=\"https:\/\/galeriamiejska.pl\/en\/elewator-sztuki\/\" \/>\n<meta property=\"og:site_name\" content=\"Galeria Miejska we Wroc\u0142awiu\" \/>\n<meta property=\"article:published_time\" content=\"2021-01-19T12:07:03+00:00\" \/>\n<meta property=\"article:modified_time\" content=\"2021-09-23T09:35:04+00:00\" \/>\n<meta property=\"og:image\" content=\"https:\/\/galeriamiejska.pl\/wp-content\/uploads\/2021\/01\/569_katalog-wystawy-elewator-sztuki-okladka-przod.jpg\" \/>\n\t<meta property=\"og:image:width\" content=\"640\" \/>\n\t<meta property=\"og:image:height\" content=\"340\" \/>\n<meta name=\"twitter:card\" content=\"summary_large_image\" \/>\n<meta name=\"twitter:label1\" content=\"Written by\" \/>\n\t<meta name=\"twitter:data1\" content=\"admin\" \/>\n\t<meta name=\"twitter:label2\" content=\"Est. reading time\" \/>\n\t<meta name=\"twitter:data2\" content=\"2 minutes\" \/>\n<script type=\"application\/ld+json\" class=\"yoast-schema-graph\">{\"@context\":\"https:\/\/schema.org\",\"@graph\":[{\"@type\":\"WebSite\",\"@id\":\"https:\/\/galeriamiejska.pl\/en\/#website\",\"url\":\"https:\/\/galeriamiejska.pl\/en\/\",\"name\":\"Galeria Miejska we Wroc\\u0142awiu\",\"description\":\"\",\"potentialAction\":[{\"@type\":\"SearchAction\",\"target\":{\"@type\":\"EntryPoint\",\"urlTemplate\":\"https:\/\/galeriamiejska.pl\/en\/?s={search_term_string}\"},\"query-input\":\"required name=search_term_string\"}],\"inLanguage\":\"\"},{\"@type\":\"ImageObject\",\"@id\":\"https:\/\/galeriamiejska.pl\/en\/elewator-sztuki\/#primaryimage\",\"inLanguage\":\"\",\"url\":\"https:\/\/galeriamiejska.pl\/wp-content\/uploads\/2021\/01\/569_katalog-wystawy-elewator-sztuki-okladka-przod.jpg\",\"contentUrl\":\"https:\/\/galeriamiejska.pl\/wp-content\/uploads\/2021\/01\/569_katalog-wystawy-elewator-sztuki-okladka-przod.jpg\",\"width\":640,\"height\":340},{\"@type\":\"WebPage\",\"@id\":\"https:\/\/galeriamiejska.pl\/en\/elewator-sztuki\/#webpage\",\"url\":\"https:\/\/galeriamiejska.pl\/en\/elewator-sztuki\/\",\"name\":\"Elewator sztuki - Galeria Miejska we Wroc\\u0142awiu\",\"isPartOf\":{\"@id\":\"https:\/\/galeriamiejska.pl\/en\/#website\"},\"primaryImageOfPage\":{\"@id\":\"https:\/\/galeriamiejska.pl\/en\/elewator-sztuki\/#primaryimage\"},\"datePublished\":\"2021-01-19T12:07:03+00:00\",\"dateModified\":\"2021-09-23T09:35:04+00:00\",\"author\":{\"@id\":\"https:\/\/galeriamiejska.pl\/en\/#\/schema\/person\/cd4f04b0a13c9114f95e23b489b6f9cb\"},\"breadcrumb\":{\"@id\":\"https:\/\/galeriamiejska.pl\/en\/elewator-sztuki\/#breadcrumb\"},\"inLanguage\":\"\",\"potentialAction\":[{\"@type\":\"ReadAction\",\"target\":[\"https:\/\/galeriamiejska.pl\/en\/elewator-sztuki\/\"]}]},{\"@type\":\"BreadcrumbList\",\"@id\":\"https:\/\/galeriamiejska.pl\/en\/elewator-sztuki\/#breadcrumb\",\"itemListElement\":[{\"@type\":\"ListItem\",\"position\":1,\"name\":\"Strona g\\u0142\\u00f3wna\",\"item\":\"https:\/\/galeriamiejska.pl\/en\/\"},{\"@type\":\"ListItem\",\"position\":2,\"name\":\"Elewator sztuki\"}]},{\"@type\":\"Person\",\"@id\":\"https:\/\/galeriamiejska.pl\/en\/#\/schema\/person\/cd4f04b0a13c9114f95e23b489b6f9cb\",\"name\":\"admin\",\"image\":{\"@type\":\"ImageObject\",\"@id\":\"https:\/\/galeriamiejska.pl\/en\/#personlogo\",\"inLanguage\":\"\",\"url\":\"https:\/\/secure.gravatar.com\/avatar\/3ded5a36984f92b80e2d99cc96780fe89cd37f7fd652108d182620efbb1566fd?s=96&d=mm&r=g\",\"contentUrl\":\"https:\/\/secure.gravatar.com\/avatar\/3ded5a36984f92b80e2d99cc96780fe89cd37f7fd652108d182620efbb1566fd?s=96&d=mm&r=g\",\"caption\":\"admin\"},\"sameAs\":[\"http:\/\/galeriamiejska.pl\"],\"url\":\"https:\/\/galeriamiejska.pl\/en\/author\/admin\/\"}]}<\/script>\n<!-- \/ Yoast SEO plugin. -->","yoast_head_json":{"title":"Elewator sztuki - Galeria Miejska we Wroc\u0142awiu","robots":{"index":"index","follow":"follow","max-snippet":"max-snippet:-1","max-image-preview":"max-image-preview:large","max-video-preview":"max-video-preview:-1"},"canonical":"https:\/\/galeriamiejska.pl\/en\/elewator-sztuki\/","og_locale":"en_US","og_type":"article","og_title":"Elewator sztuki - Galeria Miejska we Wroc\u0142awiu","og_description":"Katalog wystawy grupowej artyst\u00f3w z Kotliny Jeleniog\u00f3rskiej","og_url":"https:\/\/galeriamiejska.pl\/en\/elewator-sztuki\/","og_site_name":"Galeria Miejska we Wroc\u0142awiu","article_published_time":"2021-01-19T12:07:03+00:00","article_modified_time":"2021-09-23T09:35:04+00:00","og_image":[{"width":640,"height":340,"url":"https:\/\/galeriamiejska.pl\/wp-content\/uploads\/2021\/01\/569_katalog-wystawy-elewator-sztuki-okladka-przod.jpg","path":"\/autoinstalator\/wordpress\/wp-content\/uploads\/2021\/01\/569_katalog-wystawy-elewator-sztuki-okladka-przod.jpg","size":"full","id":744,"alt":"","pixels":217600,"type":"image\/jpeg"}],"twitter_card":"summary_large_image","twitter_misc":{"Written by":"admin","Est. reading time":"2 minutes"},"schema":{"@context":"https:\/\/schema.org","@graph":[{"@type":"WebSite","@id":"https:\/\/galeriamiejska.pl\/en\/#website","url":"https:\/\/galeriamiejska.pl\/en\/","name":"Galeria Miejska we Wroc\u0142awiu","description":"","potentialAction":[{"@type":"SearchAction","target":{"@type":"EntryPoint","urlTemplate":"https:\/\/galeriamiejska.pl\/en\/?s={search_term_string}"},"query-input":"required name=search_term_string"}],"inLanguage":""},{"@type":"ImageObject","@id":"https:\/\/galeriamiejska.pl\/en\/elewator-sztuki\/#primaryimage","inLanguage":"","url":"https:\/\/galeriamiejska.pl\/wp-content\/uploads\/2021\/01\/569_katalog-wystawy-elewator-sztuki-okladka-przod.jpg","contentUrl":"https:\/\/galeriamiejska.pl\/wp-content\/uploads\/2021\/01\/569_katalog-wystawy-elewator-sztuki-okladka-przod.jpg","width":640,"height":340},{"@type":"WebPage","@id":"https:\/\/galeriamiejska.pl\/en\/elewator-sztuki\/#webpage","url":"https:\/\/galeriamiejska.pl\/en\/elewator-sztuki\/","name":"Elewator sztuki - Galeria Miejska we Wroc\u0142awiu","isPartOf":{"@id":"https:\/\/galeriamiejska.pl\/en\/#website"},"primaryImageOfPage":{"@id":"https:\/\/galeriamiejska.pl\/en\/elewator-sztuki\/#primaryimage"},"datePublished":"2021-01-19T12:07:03+00:00","dateModified":"2021-09-23T09:35:04+00:00","author":{"@id":"https:\/\/galeriamiejska.pl\/en\/#\/schema\/person\/cd4f04b0a13c9114f95e23b489b6f9cb"},"breadcrumb":{"@id":"https:\/\/galeriamiejska.pl\/en\/elewator-sztuki\/#breadcrumb"},"inLanguage":"","potentialAction":[{"@type":"ReadAction","target":["https:\/\/galeriamiejska.pl\/en\/elewator-sztuki\/"]}]},{"@type":"BreadcrumbList","@id":"https:\/\/galeriamiejska.pl\/en\/elewator-sztuki\/#breadcrumb","itemListElement":[{"@type":"ListItem","position":1,"name":"Strona g\u0142\u00f3wna","item":"https:\/\/galeriamiejska.pl\/en\/"},{"@type":"ListItem","position":2,"name":"Elewator sztuki"}]},{"@type":"Person","@id":"https:\/\/galeriamiejska.pl\/en\/#\/schema\/person\/cd4f04b0a13c9114f95e23b489b6f9cb","name":"admin","image":{"@type":"ImageObject","@id":"https:\/\/galeriamiejska.pl\/en\/#personlogo","inLanguage":"","url":"https:\/\/secure.gravatar.com\/avatar\/3ded5a36984f92b80e2d99cc96780fe89cd37f7fd652108d182620efbb1566fd?s=96&d=mm&r=g","contentUrl":"https:\/\/secure.gravatar.com\/avatar\/3ded5a36984f92b80e2d99cc96780fe89cd37f7fd652108d182620efbb1566fd?s=96&d=mm&r=g","caption":"admin"},"sameAs":["http:\/\/galeriamiejska.pl"],"url":"https:\/\/galeriamiejska.pl\/en\/author\/admin\/"}]}},"_links":{"self":[{"href":"https:\/\/galeriamiejska.pl\/en\/wp-json\/wp\/v2\/posts\/743","targetHints":{"allow":["GET"]}}],"collection":[{"href":"https:\/\/galeriamiejska.pl\/en\/wp-json\/wp\/v2\/posts"}],"about":[{"href":"https:\/\/galeriamiejska.pl\/en\/wp-json\/wp\/v2\/types\/post"}],"author":[{"embeddable":true,"href":"https:\/\/galeriamiejska.pl\/en\/wp-json\/wp\/v2\/users\/1"}],"replies":[{"embeddable":true,"href":"https:\/\/galeriamiejska.pl\/en\/wp-json\/wp\/v2\/comments?post=743"}],"version-history":[{"count":2,"href":"https:\/\/galeriamiejska.pl\/en\/wp-json\/wp\/v2\/posts\/743\/revisions"}],"predecessor-version":[{"id":3442,"href":"https:\/\/galeriamiejska.pl\/en\/wp-json\/wp\/v2\/posts\/743\/revisions\/3442"}],"wp:featuredmedia":[{"embeddable":true,"href":"https:\/\/galeriamiejska.pl\/en\/wp-json\/wp\/v2\/media\/744"}],"wp:attachment":[{"href":"https:\/\/galeriamiejska.pl\/en\/wp-json\/wp\/v2\/media?parent=743"}],"wp:term":[{"taxonomy":"category","embeddable":true,"href":"https:\/\/galeriamiejska.pl\/en\/wp-json\/wp\/v2\/categories?post=743"},{"taxonomy":"post_tag","embeddable":true,"href":"https:\/\/galeriamiejska.pl\/en\/wp-json\/wp\/v2\/tags?post=743"}],"curies":[{"name":"wp","href":"https:\/\/api.w.org\/{rel}","templated":true}]}}