{"id":7334,"date":"2025-07-17T10:45:05","date_gmt":"2025-07-17T10:45:05","guid":{"rendered":"https:\/\/galeriamiejska.pl\/?p=7334"},"modified":"2025-08-25T12:05:07","modified_gmt":"2025-08-25T12:05:07","slug":"","status":"publish","type":"post","link":"https:\/\/galeriamiejska.pl\/en\/rezydencja\/","title":{"rendered":"","raw":""},"content":{"rendered":"","protected":false,"raw":""},"excerpt":{"rendered":"","protected":false,"raw":""},"author":1,"featured_media":7335,"comment_status":"open","ping_status":"open","sticky":false,"template":"","format":"standard","meta":{"_pl_post_content":"<!-- wp:paragraph -->\n<p><strong>Galeria Miejska i Wydzia\u0142 Kultury Urz\u0119du Miejskiego Wroc\u0142awia og\u0142aszaj\u0105 nab\u00f3r na dwie rezydencje artystyczne w Pracowni Graficznej Galerii Miejskiej!<\/strong><\/p>\n<!-- \/wp:paragraph -->\n\n<!-- wp:paragraph -->\n<p>W ramach ka\u017cdej z dw\u00f3ch rezydencji, wybrany uczestnik otrzymuje do dyspozycji pracowni\u0119 graficzn\u0105 Galerii Miejskiej, 3000 z\u0142 na realizacj\u0119 prac oraz opiekuna artystyczno-merytorycznego (Marta Kubiak i Walter Rindone).<\/p>\n<!-- \/wp:paragraph -->\n\n<!-- wp:paragraph -->\n<p>Nab\u00f3r rozpoczyna si\u0119 21 lipca 2025 i potrwa do 24 sierpnia 2025.<\/p>\n<!-- \/wp:paragraph -->\n\n<!-- wp:paragraph -->\n<p>Termin rezydencji do wyboru: 6 - 31 pa\u017adziernika 2025 lub 3 - 28 listopada 2025<\/p>\n<!-- \/wp:paragraph -->\n\n<!-- wp:paragraph -->\n<p>Wyniki naboru zostan\u0105 og\u0142oszone do 2 wrze\u015bnia 2025.<\/p>\n<!-- \/wp:paragraph -->\n\n<!-- wp:spacer {\"height\":\"49px\"} -->\n<div style=\"height:49px\" aria-hidden=\"true\" class=\"wp-block-spacer\"><\/div>\n<!-- \/wp:spacer -->\n\n<!-- wp:paragraph -->\n<p><strong>REGULAMIN POZYSKIWANIA PRZEZ GALERI\u0118 MIEJSK\u0104 WE WROC\u0141AWIU<\/strong> <strong>UCZESTNIK\u00d3W PROGRAMU REZYDENCJI ARTYSTYCZNYCH DLA GRAFIK\u00d3W NA 2025 ROK<\/strong><\/p>\n<!-- \/wp:paragraph -->\n\n<!-- wp:paragraph -->\n<p><a><\/a><strong>Definicje<\/strong><\/p>\n<!-- \/wp:paragraph -->\n\n<!-- wp:paragraph -->\n<p>Organizator \u2013 Galeria Miejska we Wroc\u0142awiu (zwana dalej Galeri\u0105 Miejsk\u0105) z siedzib\u0105 we Wroc\u0142awiu przy ul. Kie\u0142ba\u015bniczej 28, wpisana do Rejestru Instytucji Kultury prowadzonego przez Samorz\u0105d Gminy Wroc\u0142aw pod nr RIK 13\/92<\/p>\n<!-- \/wp:paragraph -->\n\n<!-- wp:paragraph -->\n<p>Program Rezydencji Artystycznych dla Grafik\u00f3w&nbsp; \u2013 program wsparcia rozwoju artystycznego grafik\u00f3w warsztatowych poprzez udost\u0119pnienie przestrzeni Galerii Miejskiej Pracowni w dw\u00f3ch okresach (po jednym dla ka\u017cdego z wybranych artyst\u00f3w) od 6 pa\u017adziernika 2025 r. do 31 pa\u017adziernika 2025 r. oraz od 3 listopada 2025 r. do 28 listopada 2025 r., wybranych w toku Naboru Uczestnik\u00f3w, przeznaczaj\u0105c jednorazowo kwot\u0119 dla wybranego uczestnika w wysoko\u015bci 3 000,00 z\u0142 brutto na materia\u0142y do realizacji prac artystycznych.<\/p>\n<!-- \/wp:paragraph -->\n\n<!-- wp:paragraph -->\n<p>Galeria Miejska Pracownia \u2013 miejsce realizacji Programu Rezydencji (ul. Ruska 47\/48A, Wroc\u0142aw)<\/p>\n<!-- \/wp:paragraph -->\n\n<!-- wp:paragraph -->\n<p>Nab\u00f3r \u2013 proces oceny Zg\u0142osze\u0144 oraz wyb\u00f3r Uczestnika. Zg\u0142oszenia w ramach Naboru przyjmowane b\u0119d\u0105 w terminie od 21 lipca 2025 r. do 24 sierpnia 2025 r. Wyniki Naboru zostan\u0105 og\u0142oszone do dnia 2 wrze\u015bnia 2025 roku.<\/p>\n<!-- \/wp:paragraph -->\n\n<!-- wp:paragraph -->\n<p>Wnioskodawca \u2013 osoby wskazane w \u00a7 2.<\/p>\n<!-- \/wp:paragraph -->\n\n<!-- wp:paragraph -->\n<p>Uczestnik \u2013 Wnioskodawca wybrany w ramach programu Rezydencji Artystycznych dla Grafik\u00f3w.<\/p>\n<!-- \/wp:paragraph -->\n\n<!-- wp:paragraph -->\n<p>Zg\u0142oszenie \u2013 formalne zg\u0142oszenie do programu rezydencji.<\/p>\n<!-- \/wp:paragraph -->\n\n<!-- wp:paragraph -->\n<p>Regulamin \u2013 niniejszy dokument.<\/p>\n<!-- \/wp:paragraph -->\n\n<!-- wp:paragraph -->\n<p><strong>\u00a7 1 Cele Programu<\/strong><br>1.Program Rezydencji to projekt Galerii Miejskiej we Wroc\u0142awiu, kt\u00f3ry ma na celu wsparcie tw\u00f3rc\u00f3w grafiki warsztatowej poprzez udost\u0119pnienie miejsca do realizacji prac w technikach graficznych wraz z mentoringiem do\u015bwiadczonego artysty - opiekuna Pracowni Graficznej Galerii Miejskiej (Marta Kubiak i Walter Rindone).<br>2.Program Rezydencji zak\u0142ada, \u017ce Wnioskodawca w ramach swoich dzia\u0142a\u0144 w Pracowni Graficznej Galerii Miejskiej zdob\u0119dzie wiedz\u0119 merytoryczn\u0105, pozna dost\u0119pne w Pracowni narz\u0119dzia do realizacji grafik warsztatowych oraz wykona prace.<br><br><strong>\u00a7 2 Uprawnieni wnioskodawcy<\/strong><br>1.W Naborze mog\u0105 uczestniczy\u0107 wy\u0142\u0105cznie osoby fizyczne, zamieszkuj\u0105ce na terenie Gminy Wroc\u0142aw, b\u0119d\u0105ce absolwentami uczelni wy\u017cszych artystycznych, specjalizuj\u0105cych si\u0119 w technice grafiki warsztatowej.<br>2.W Naborze nie mog\u0105 uczestniczy\u0107 osoby, kt\u00f3re s\u0105 cz\u0142onkami i cz\u0142onkiniami jury oceniaj\u0105cego zg\u0142oszone do Naboru\/Wnioski oraz osoby, kt\u00f3re bra\u0142y udzia\u0142 w przygotowaniu i przeprowadzeniu Naboru.<br>3.W Naborze nie mog\u0105 uczestniczy\u0107 osoby, kt\u00f3re realizowa\u0142y ju\u017c rezydencje w ramach innych projekt\u00f3w odbywaj\u0105cych si\u0119 w Pracowni Graficznej Galerii Miejskiej w ci\u0105gu ostatniego roku.<br><br><strong>\u00a7 3 Nab\u00f3r wniosk\u00f3w<\/strong><br>1.Nab\u00f3r Wniosk\u00f3w trwa od 21 lipca 2025 r. do 24 sierpnia 2025 r. (do godz. 23:59).<br>2.Zg\u0142oszenia b\u0119d\u0105 przyjmowane wy\u0142\u0105cznie na wskazanym formularzu \u2013 Wniosku, dost\u0119pnym w formie <a href=\"https:\/\/docs.google.com\/forms\/d\/e\/1FAIpQLSeg0z2hTwZy9XHlI7-Q5H17rgM4SOJrd2s4jEaNG5AeJbVpHA\/viewform\" data-type=\"link\" data-id=\"https:\/\/docs.google.com\/forms\/d\/e\/1FAIpQLSeg0z2hTwZy9XHlI7-Q5H17rgM4SOJrd2s4jEaNG5AeJbVpHA\/viewform\"><strong>formularza online<\/strong><\/a> na stronie Galerii Miejskiej (www.galeriamiejska.pl) w zak\u0142adce Wydarzenia. Wz\u00f3r wniosku stanowi Za\u0142\u0105cznik nr 1 do Regulaminu.<br>3.Wnioski nale\u017cy przesy\u0142a\u0107 za pomoc\u0105 <a href=\"https:\/\/docs.google.com\/forms\/d\/e\/1FAIpQLSeg0z2hTwZy9XHlI7-Q5H17rgM4SOJrd2s4jEaNG5AeJbVpHA\/viewform\" data-type=\"link\" data-id=\"https:\/\/docs.google.com\/forms\/d\/e\/1FAIpQLSeg0z2hTwZy9XHlI7-Q5H17rgM4SOJrd2s4jEaNG5AeJbVpHA\/viewform\"><strong>formularza online<\/strong><\/a> dost\u0119pnego pod linkiem opublikowanym na stronie Galerii Miejskiej (www.galeriamiejska.pl) do dnia 24 sierpnia 2025 r. do godz. 23:59.<br>4.Na Wniosek sk\u0142adaj\u0105 si\u0119 poni\u017csze elementy:<br>\u25cf Portfolio z maksymalnie 10 r\u00f3\u017cnymi pracami (format .jpg, maksymalny rozmiar pliku to 10 MB)<br>\u25cf Opis prac z portfolio - rok i miejsce powstania, wymiary, technika, edycja - je\u015bli dotyczy, inne istotne informacje (format pliku .pdf lub .doc, maksymalny rozmiar pliku 10 MB)<br>\u25cf Kr\u00f3tkie Bio (maksymalnie 500 znak\u00f3w ze spacjami)<br>\u25cf CV (zawieraj\u0105ce maksymalnie 2000 znak\u00f3w ze spacjami).<br>\u25cf List motywacyjny z opisem projektu, kt\u00f3ry ma zosta\u0107 opracowany podczas rezydencji, wraz z kr\u00f3tkim harmonogramem dzia\u0142a\u0144 na ka\u017cdy z czterech tygodni rezydencji.<br>5.Og\u0142oszenie wynik\u00f3w Naboru nast\u0105pi do dnia 2 wrze\u015bnia 2025 r. do godz. 23:59. Wyniki dost\u0119pne b\u0119d\u0105 na stronie Galerii Miejskiej (www.galeriamiejska.pl) w zak\u0142adce Wydarzenia.<br>6.Wnioskodawca okre\u015bla we Wniosku, kt\u00f3ry z zaproponowanych przez Organizatora termin\u00f3w rezydencji preferuje (istnieje mo\u017cliwo\u015b\u0107 wskazania obu okres\u00f3w, finalny termin zostanie wyznaczony przez Organizatora).<br>7.Galeria Miejska zastrzega sobie prawo do zmiany termin\u00f3w Naboru oraz og\u0142oszenia wynik\u00f3w bez podania przyczyny.<br>8.Wype\u0142nienie i przes\u0142anie zg\u0142oszenia w ramach Naboru jest r\u00f3wnoznaczne z akceptacj\u0105 Regulaminu.<br><br><strong>\u00a7 4 Proces oceny wniosk\u00f3w<\/strong><br>1.Organizator powo\u0142uje jury, kt\u00f3re b\u0119dzie ocenia\u0107 Wnioski zg\u0142oszone w ramach Naboru do Programu Rezydencji. W sk\u0142ad jury wchodzi\u0107 b\u0119d\u0105 osoby reprezentuj\u0105ce Galeri\u0119 Miejsk\u0105 we Wroc\u0142awiu i Wydzia\u0142 Kultury Urz\u0119du Miejskiego Wroc\u0142awia.<br>2.Jury ocenia\u0107 b\u0119dzie warto\u015b\u0107 artystyczn\u0105 i merytoryczn\u0105 Wniosku osoby bior\u0105cej udzia\u0142 w Naborze do Programu Rezydencji.<br>3.W wyniku Naboru wybranych zostanie dw\u00f3ch Uczestnik\u00f3w.<br><br><strong>\u00a7 5 Zasady wsp\u00f3\u0142pracy<\/strong><br>1.W efekcie Naboru Galeria Miejska b\u0119dzie wspiera\u0107 w okresie pomi\u0119dzy 6 a 31 pa\u017adziernika 2025 i 3 a 28 listopada 2025, wybranych w toku Naboru Wnioskodawc\u00f3w, przeznaczaj\u0105c dla ka\u017cdego z wybranych Wnioskodawc\u00f3w w jednym miesi\u0105cu kwot\u0119 3000,00 z\u0142 brutto (w\u0142\u0105czaj\u0105c w to wszystkie ewentualne podatki i sk\u0142adki) na pokrycie koszt\u00f3w materia\u0142owych zwi\u0105zanych z wykonywaniem grafik warsztatowych w Galerii Miejskiej Pracowni.<br>2.Kwota wskazana w ust. 1 powy\u017cej przekazywana b\u0119dzie na wskazany przez Uczestnika rachunek bankowy na koniec lub po zako\u0144czeniu ka\u017cdego miesi\u0105ca, w kt\u00f3rym realizowana b\u0119dzie wsp\u00f3\u0142praca, na postawie rachunku do zawartej umowy cywilnoprawnej podpisanej z Uczestnikiem Rezydencji.<br>3.Szczeg\u00f3\u0142owe zasady wsp\u00f3\u0142pracy oraz daty jej rozpocz\u0119cia i zako\u0144czenia zostan\u0105 ustalone wsp\u00f3lnie, a nast\u0119pnie uwzgl\u0119dnione w umowie cywilnoprawnej podpisanej z Uczestnikiem Rezydencji.<br>W ci\u0105gu 14 dni od zako\u0144czenia wsp\u00f3\u0142pracy Uczestnik Rezydencji zobowi\u0105zany jest do przekazania na rzecz Organizatora (Galerii Miejskiej) jednego dzie\u0142a wykonanego w Galerii Miejskiej Pracowni podczas Rezydencji.<br>5.Uczestnik wraz z artyst\u0105 opiekuj\u0105cym si\u0119 rezydencj\u0105 s\u0105 zobowi\u0105zani do zorganizowania minimum jednego wydarzenia podczas rezydencji: \u201eotwartego procesu\u201d pod koniec drugiego tygodnia rezydencji w Galerii Miejskiej Pracowni.<br><br><strong>\u00a7 6 Przetwarzanie danych osobowych<\/strong><br>1.Administratorem danych osobowych zbieranych od os\u00f3b zg\u0142aszaj\u0105cych si\u0119 do Naboru jest Galeria Miejska we Wroc\u0142awiu, z siedzib\u0105 przy ul. Kie\u0142ba\u015bniczej 28, 50-109 Wroc\u0142aw, wpisana do Rejestru Instytucji Kultury prowadzonego przez Samorz\u0105d Gminy Wroc\u0142aw pod numerem RIK 13\/92, NIP: 896 10 04 173, REGON: 930 805 940.<br>2.Aby skontaktowa\u0107 si\u0119 w sprawie ochrony danych osobowych nale\u017cy wys\u0142a\u0107 wiadomo\u015b\u0107 na adres poczty elektronicznej pod adresem: biuro@galeriamiejska.pl lub pisemnie na adres Administratora.<br>3.Przetwarzanie danych osobowych odbywa\u0107 si\u0119 b\u0119dzie podstawie art.6 ust.1 lit. a na zasadach przewidzianych w Rozporz\u0105dzeniu Parlamentu Europejskiego i Rady (UE) 2016\/679 z dnia 27 kwietnia 2016 r. w sprawie ochrony os\u00f3b fizycznych w zwi\u0105zku z przetwarzaniem danych osobowych i w sprawie swobodnego przep\u0142ywu takich danych oraz uchylenia dyrektywy 95\/45\/WE (og\u00f3lne rozporz\u0105dzenie o ochronie danych \u201eRODO\u201d).<br>4.Dane osobowe b\u0119d\u0105 zbierane i przetwarzane w celu organizacji i realizacji Naboru do Programu Rezydencji w Pracowni Graficznej Galerii Miejskiej we Wroc\u0142awiu.<br>5.Podanie danych osobowych ma charakter dobrowolny, ale jest niezb\u0119dne do udzia\u0142u w Naborze.<br>6.Osobie zg\u0142aszaj\u0105cej si\u0119 do Naboru przys\u0142uguje prawo dost\u0119pu do tre\u015bci swoich danych osobowych oraz sprostowania danych, \u017c\u0105dania usuni\u0119cia, ograniczenia przetwarzania, przenoszenia, wniesienia sprzeciwu, wniesienia skargi do organu nadzorczego.<br><br><strong>\u00a7 7 Obowi\u0105zywanie Regulaminu<\/strong><br>1.Regulamin wchodzi w \u017cycie z dniem 21 lipca 2025 r.<br>2.Zmiany Regulaminu wymagaj\u0105 formy pisemnej i wchodz\u0105 w \u017cycie z dniem ich og\u0142oszenia.<br>3.Wnioskodawcy mog\u0105 zadawa\u0107 pytania dotycz\u0105ce Naboru i Programu poczt\u0105 elektroniczn\u0105 w ci\u0105gu pierwszych dw\u00f3ch tygodni po opublikowaniu naboru pod adresem pracowniagaleriamiejska@gmail.com <br><br>Za\u0142\u0105cznik 1: Wniosek zg\u0142oszenia na rezydencj\u0119 <a href=\"https:\/\/docs.google.com\/forms\/d\/e\/1FAIpQLSeg0z2hTwZy9XHlI7-Q5H17rgM4SOJrd2s4jEaNG5AeJbVpHA\/viewform\" data-type=\"link\" data-id=\"https:\/\/docs.google.com\/forms\/d\/e\/1FAIpQLSeg0z2hTwZy9XHlI7-Q5H17rgM4SOJrd2s4jEaNG5AeJbVpHA\/viewform\"><strong>KLIKNIJ TUTAJ<\/strong><\/a><\/p>\n<!-- \/wp:paragraph -->\n\n<!-- wp:spacer {\"height\":\"44px\"} -->\n<div style=\"height:44px\" aria-hidden=\"true\" class=\"wp-block-spacer\"><\/div>\n<!-- \/wp:spacer -->\n\n<!-- wp:paragraph -->\n<p>Dodatkowe informacje:<\/p>\n<!-- \/wp:paragraph -->\n\n<!-- wp:file {\"id\":7340,\"href\":\"https:\/\/galeriamiejska.pl\/wp-content\/uploads\/2025\/07\/Techniki_wyposazenie_GM_p.pdf\",\"displayPreview\":false} -->\n<div class=\"wp-block-file\"><a id=\"wp-block-file--media-a815dbf9-88f8-4190-9dc2-327698138154\" href=\"https:\/\/galeriamiejska.pl\/wp-content\/uploads\/2025\/07\/Techniki_wyposazenie_GM_p.pdf\">Wyposa\u017cenie Pracowni Graficznej GM<\/a><a href=\"https:\/\/galeriamiejska.pl\/wp-content\/uploads\/2025\/07\/Techniki_wyposazenie_GM_p.pdf\" class=\"wp-block-file__button wp-element-button\" download aria-describedby=\"wp-block-file--media-a815dbf9-88f8-4190-9dc2-327698138154\">Pobierz<\/a><\/div>\n<!-- \/wp:file -->\n\n<!-- wp:file {\"id\":7341,\"href\":\"https:\/\/galeriamiejska.pl\/wp-content\/uploads\/2025\/07\/WZOR-WNIOSKU-ZGLOSZENIA-NA-REZYDENCJE-ARTYSTYCZNA.pdf\",\"displayPreview\":false} -->\n<div class=\"wp-block-file\"><a id=\"wp-block-file--media-ce788986-e898-4d9c-a61b-0deecde15d1c\" href=\"https:\/\/galeriamiejska.pl\/wp-content\/uploads\/2025\/07\/WZOR-WNIOSKU-ZGLOSZENIA-NA-REZYDENCJE-ARTYSTYCZNA.pdf\">Wz\u00f3r wniosku zg\u0142oszenia na rezydencje<\/a><a href=\"https:\/\/galeriamiejska.pl\/wp-content\/uploads\/2025\/07\/WZOR-WNIOSKU-ZGLOSZENIA-NA-REZYDENCJE-ARTYSTYCZNA.pdf\" class=\"wp-block-file__button wp-element-button\" download aria-describedby=\"wp-block-file--media-ce788986-e898-4d9c-a61b-0deecde15d1c\">Pobierz<\/a><\/div>\n<!-- \/wp:file -->\n\n<!-- wp:paragraph -->\n<p><\/p>\n<!-- \/wp:paragraph -->","_pl_post_name":"rezydencja","_pl_post_excerpt":"zapraszamy do udzia\u0142u w rezydencji artystycznej w Pracowni Graficznej w Galerii Miejskiej we Wroc\u0142awiu","_pl_post_title":"NAB\u00d3R NA REZYDENCJ\u0118 ARTYSTYCZN\u0104","_en_post_content":"","_en_post_name":"","_en_post_excerpt":"","_en_post_title":"","edit_language":"en","footnotes":""},"categories":[10,8],"tags":[57,94,95],"class_list":["post-7334","post","type-post","status-publish","format-standard","has-post-thumbnail","hentry","category-archiwalne-wydarzenia","category-wydarzenia","tag-grafika","tag-nabor-na-rezydencje","tag-rezydencja"],"yoast_head":"<!-- This site is optimized with the Yoast SEO plugin v16.8 - https:\/\/yoast.com\/wordpress\/plugins\/seo\/ -->\n<title>NAB\u00d3R NA REZYDENCJ\u0118 ARTYSTYCZN\u0104 - Galeria Miejska we Wroc\u0142awiu<\/title>\n<meta name=\"robots\" content=\"index, follow, max-snippet:-1, max-image-preview:large, max-video-preview:-1\" \/>\n<link rel=\"canonical\" href=\"https:\/\/galeriamiejska.pl\/en\/rezydencja\/\" \/>\n<meta property=\"og:locale\" content=\"en_US\" \/>\n<meta property=\"og:type\" content=\"article\" \/>\n<meta property=\"og:title\" content=\"NAB\u00d3R NA REZYDENCJ\u0118 ARTYSTYCZN\u0104 - Galeria Miejska we Wroc\u0142awiu\" \/>\n<meta property=\"og:description\" content=\"zapraszamy do udzia\u0142u w rezydencji artystycznej w Pracowni Graficznej w Galerii Miejskiej we Wroc\u0142awiu\" \/>\n<meta property=\"og:url\" content=\"https:\/\/galeriamiejska.pl\/en\/rezydencja\/\" \/>\n<meta property=\"og:site_name\" content=\"Galeria Miejska we Wroc\u0142awiu\" \/>\n<meta property=\"article:published_time\" content=\"2025-07-17T10:45:05+00:00\" \/>\n<meta property=\"article:modified_time\" content=\"2025-08-25T12:05:07+00:00\" \/>\n<meta property=\"og:image\" content=\"https:\/\/galeriamiejska.pl\/wp-content\/uploads\/2025\/07\/Residency-Banner_GM_Website_1200x640_V2.jpg\" \/>\n\t<meta property=\"og:image:width\" content=\"640\" \/>\n\t<meta property=\"og:image:height\" content=\"340\" \/>\n<meta name=\"twitter:card\" content=\"summary_large_image\" \/>\n<meta name=\"twitter:label1\" content=\"Written by\" \/>\n\t<meta name=\"twitter:data1\" content=\"admin\" \/>\n\t<meta name=\"twitter:label2\" content=\"Est. reading time\" \/>\n\t<meta name=\"twitter:data2\" content=\"6 minutes\" \/>\n<script type=\"application\/ld+json\" class=\"yoast-schema-graph\">{\"@context\":\"https:\/\/schema.org\",\"@graph\":[{\"@type\":\"WebSite\",\"@id\":\"https:\/\/galeriamiejska.pl\/en\/#website\",\"url\":\"https:\/\/galeriamiejska.pl\/en\/\",\"name\":\"Galeria Miejska we Wroc\\u0142awiu\",\"description\":\"\",\"potentialAction\":[{\"@type\":\"SearchAction\",\"target\":{\"@type\":\"EntryPoint\",\"urlTemplate\":\"https:\/\/galeriamiejska.pl\/en\/?s={search_term_string}\"},\"query-input\":\"required name=search_term_string\"}],\"inLanguage\":\"\"},{\"@type\":\"ImageObject\",\"@id\":\"https:\/\/galeriamiejska.pl\/en\/rezydencja\/#primaryimage\",\"inLanguage\":\"\",\"url\":\"https:\/\/galeriamiejska.pl\/wp-content\/uploads\/2025\/07\/Residency-Banner_GM_Website_1200x640_V2.jpg\",\"contentUrl\":\"https:\/\/galeriamiejska.pl\/wp-content\/uploads\/2025\/07\/Residency-Banner_GM_Website_1200x640_V2.jpg\",\"width\":640,\"height\":340},{\"@type\":\"WebPage\",\"@id\":\"https:\/\/galeriamiejska.pl\/en\/rezydencja\/#webpage\",\"url\":\"https:\/\/galeriamiejska.pl\/en\/rezydencja\/\",\"name\":\"NAB\\u00d3R NA REZYDENCJ\\u0118 ARTYSTYCZN\\u0104 - Galeria Miejska we Wroc\\u0142awiu\",\"isPartOf\":{\"@id\":\"https:\/\/galeriamiejska.pl\/en\/#website\"},\"primaryImageOfPage\":{\"@id\":\"https:\/\/galeriamiejska.pl\/en\/rezydencja\/#primaryimage\"},\"datePublished\":\"2025-07-17T10:45:05+00:00\",\"dateModified\":\"2025-08-25T12:05:07+00:00\",\"author\":{\"@id\":\"https:\/\/galeriamiejska.pl\/en\/#\/schema\/person\/cd4f04b0a13c9114f95e23b489b6f9cb\"},\"breadcrumb\":{\"@id\":\"https:\/\/galeriamiejska.pl\/en\/rezydencja\/#breadcrumb\"},\"inLanguage\":\"\",\"potentialAction\":[{\"@type\":\"ReadAction\",\"target\":[\"https:\/\/galeriamiejska.pl\/en\/rezydencja\/\"]}]},{\"@type\":\"BreadcrumbList\",\"@id\":\"https:\/\/galeriamiejska.pl\/en\/rezydencja\/#breadcrumb\",\"itemListElement\":[{\"@type\":\"ListItem\",\"position\":1,\"name\":\"Strona g\\u0142\\u00f3wna\",\"item\":\"https:\/\/galeriamiejska.pl\/en\/\"},{\"@type\":\"ListItem\",\"position\":2,\"name\":\"NAB\\u00d3R NA REZYDENCJ\\u0118 ARTYSTYCZN\\u0104\"}]},{\"@type\":\"Person\",\"@id\":\"https:\/\/galeriamiejska.pl\/en\/#\/schema\/person\/cd4f04b0a13c9114f95e23b489b6f9cb\",\"name\":\"admin\",\"image\":{\"@type\":\"ImageObject\",\"@id\":\"https:\/\/galeriamiejska.pl\/en\/#personlogo\",\"inLanguage\":\"\",\"url\":\"https:\/\/secure.gravatar.com\/avatar\/3ded5a36984f92b80e2d99cc96780fe89cd37f7fd652108d182620efbb1566fd?s=96&d=mm&r=g\",\"contentUrl\":\"https:\/\/secure.gravatar.com\/avatar\/3ded5a36984f92b80e2d99cc96780fe89cd37f7fd652108d182620efbb1566fd?s=96&d=mm&r=g\",\"caption\":\"admin\"},\"sameAs\":[\"http:\/\/galeriamiejska.pl\"],\"url\":\"https:\/\/galeriamiejska.pl\/en\/author\/admin\/\"}]}<\/script>\n<!-- \/ Yoast SEO plugin. -->","yoast_head_json":{"title":"NAB\u00d3R NA REZYDENCJ\u0118 ARTYSTYCZN\u0104 - Galeria Miejska we Wroc\u0142awiu","robots":{"index":"index","follow":"follow","max-snippet":"max-snippet:-1","max-image-preview":"max-image-preview:large","max-video-preview":"max-video-preview:-1"},"canonical":"https:\/\/galeriamiejska.pl\/en\/rezydencja\/","og_locale":"en_US","og_type":"article","og_title":"NAB\u00d3R NA REZYDENCJ\u0118 ARTYSTYCZN\u0104 - Galeria Miejska we Wroc\u0142awiu","og_description":"zapraszamy do udzia\u0142u w rezydencji artystycznej w Pracowni Graficznej w Galerii Miejskiej we Wroc\u0142awiu","og_url":"https:\/\/galeriamiejska.pl\/en\/rezydencja\/","og_site_name":"Galeria Miejska we Wroc\u0142awiu","article_published_time":"2025-07-17T10:45:05+00:00","article_modified_time":"2025-08-25T12:05:07+00:00","og_image":[{"width":640,"height":340,"filesize":192830,"url":"https:\/\/galeriamiejska.pl\/wp-content\/uploads\/2025\/07\/Residency-Banner_GM_Website_1200x640_V2.jpg","path":"\/autoinstalator\/wordpress\/wp-content\/uploads\/2025\/07\/Residency-Banner_GM_Website_1200x640_V2.jpg","size":"full","id":7335,"alt":"","pixels":217600,"type":"image\/jpeg"}],"twitter_card":"summary_large_image","twitter_misc":{"Written by":"admin","Est. reading time":"6 minutes"},"schema":{"@context":"https:\/\/schema.org","@graph":[{"@type":"WebSite","@id":"https:\/\/galeriamiejska.pl\/en\/#website","url":"https:\/\/galeriamiejska.pl\/en\/","name":"Galeria Miejska we Wroc\u0142awiu","description":"","potentialAction":[{"@type":"SearchAction","target":{"@type":"EntryPoint","urlTemplate":"https:\/\/galeriamiejska.pl\/en\/?s={search_term_string}"},"query-input":"required name=search_term_string"}],"inLanguage":""},{"@type":"ImageObject","@id":"https:\/\/galeriamiejska.pl\/en\/rezydencja\/#primaryimage","inLanguage":"","url":"https:\/\/galeriamiejska.pl\/wp-content\/uploads\/2025\/07\/Residency-Banner_GM_Website_1200x640_V2.jpg","contentUrl":"https:\/\/galeriamiejska.pl\/wp-content\/uploads\/2025\/07\/Residency-Banner_GM_Website_1200x640_V2.jpg","width":640,"height":340},{"@type":"WebPage","@id":"https:\/\/galeriamiejska.pl\/en\/rezydencja\/#webpage","url":"https:\/\/galeriamiejska.pl\/en\/rezydencja\/","name":"NAB\u00d3R NA REZYDENCJ\u0118 ARTYSTYCZN\u0104 - Galeria Miejska we Wroc\u0142awiu","isPartOf":{"@id":"https:\/\/galeriamiejska.pl\/en\/#website"},"primaryImageOfPage":{"@id":"https:\/\/galeriamiejska.pl\/en\/rezydencja\/#primaryimage"},"datePublished":"2025-07-17T10:45:05+00:00","dateModified":"2025-08-25T12:05:07+00:00","author":{"@id":"https:\/\/galeriamiejska.pl\/en\/#\/schema\/person\/cd4f04b0a13c9114f95e23b489b6f9cb"},"breadcrumb":{"@id":"https:\/\/galeriamiejska.pl\/en\/rezydencja\/#breadcrumb"},"inLanguage":"","potentialAction":[{"@type":"ReadAction","target":["https:\/\/galeriamiejska.pl\/en\/rezydencja\/"]}]},{"@type":"BreadcrumbList","@id":"https:\/\/galeriamiejska.pl\/en\/rezydencja\/#breadcrumb","itemListElement":[{"@type":"ListItem","position":1,"name":"Strona g\u0142\u00f3wna","item":"https:\/\/galeriamiejska.pl\/en\/"},{"@type":"ListItem","position":2,"name":"NAB\u00d3R NA REZYDENCJ\u0118 ARTYSTYCZN\u0104"}]},{"@type":"Person","@id":"https:\/\/galeriamiejska.pl\/en\/#\/schema\/person\/cd4f04b0a13c9114f95e23b489b6f9cb","name":"admin","image":{"@type":"ImageObject","@id":"https:\/\/galeriamiejska.pl\/en\/#personlogo","inLanguage":"","url":"https:\/\/secure.gravatar.com\/avatar\/3ded5a36984f92b80e2d99cc96780fe89cd37f7fd652108d182620efbb1566fd?s=96&d=mm&r=g","contentUrl":"https:\/\/secure.gravatar.com\/avatar\/3ded5a36984f92b80e2d99cc96780fe89cd37f7fd652108d182620efbb1566fd?s=96&d=mm&r=g","caption":"admin"},"sameAs":["http:\/\/galeriamiejska.pl"],"url":"https:\/\/galeriamiejska.pl\/en\/author\/admin\/"}]}},"_links":{"self":[{"href":"https:\/\/galeriamiejska.pl\/en\/wp-json\/wp\/v2\/posts\/7334","targetHints":{"allow":["GET"]}}],"collection":[{"href":"https:\/\/galeriamiejska.pl\/en\/wp-json\/wp\/v2\/posts"}],"about":[{"href":"https:\/\/galeriamiejska.pl\/en\/wp-json\/wp\/v2\/types\/post"}],"author":[{"embeddable":true,"href":"https:\/\/galeriamiejska.pl\/en\/wp-json\/wp\/v2\/users\/1"}],"replies":[{"embeddable":true,"href":"https:\/\/galeriamiejska.pl\/en\/wp-json\/wp\/v2\/comments?post=7334"}],"version-history":[{"count":23,"href":"https:\/\/galeriamiejska.pl\/en\/wp-json\/wp\/v2\/posts\/7334\/revisions"}],"predecessor-version":[{"id":7401,"href":"https:\/\/galeriamiejska.pl\/en\/wp-json\/wp\/v2\/posts\/7334\/revisions\/7401"}],"wp:featuredmedia":[{"embeddable":true,"href":"https:\/\/galeriamiejska.pl\/en\/wp-json\/wp\/v2\/media\/7335"}],"wp:attachment":[{"href":"https:\/\/galeriamiejska.pl\/en\/wp-json\/wp\/v2\/media?parent=7334"}],"wp:term":[{"taxonomy":"category","embeddable":true,"href":"https:\/\/galeriamiejska.pl\/en\/wp-json\/wp\/v2\/categories?post=7334"},{"taxonomy":"post_tag","embeddable":true,"href":"https:\/\/galeriamiejska.pl\/en\/wp-json\/wp\/v2\/tags?post=7334"}],"curies":[{"name":"wp","href":"https:\/\/api.w.org\/{rel}","templated":true}]}}