{"id":7286,"date":"2025-06-30T10:02:49","date_gmt":"2025-06-30T10:02:49","guid":{"rendered":"https:\/\/galeriamiejska.pl\/?p=7286"},"modified":"2025-07-11T08:29:53","modified_gmt":"2025-07-11T08:29:53","slug":"","status":"publish","type":"post","link":"https:\/\/galeriamiejska.pl\/en\/dyplomy-2025-cz-2\/","title":{"rendered":"","raw":""},"content":{"rendered":"","protected":false,"raw":""},"excerpt":{"rendered":"","protected":false,"raw":""},"author":1,"featured_media":7296,"comment_status":"open","ping_status":"open","sticky":false,"template":"","format":"standard","meta":{"_pl_post_content":"<!-- wp:paragraph -->\n<p>W ramach drugiej cz\u0119\u015b\u0107 tegorocznych dyplom\u00f3w student\u00f3w Akademii Sztuk Pi\u0119knych im. Eugeniusza Gepperta we Wroc\u0142awiu swoje wystawy zaprezentuj\u0105 Julia Latusek oraz Irmina Statkiewicz. Zapraszamy od 7 do 10 lipca 2025. <\/p>\n<!-- \/wp:paragraph -->\n\n<!-- wp:spacer {\"height\":\"54px\"} -->\n<div style=\"height:54px\" aria-hidden=\"true\" class=\"wp-block-spacer\"><\/div>\n<!-- \/wp:spacer -->\n\n<!-- wp:paragraph -->\n<p><strong>Julia Latusek \"\u015aci\u0119cie \u015amierci\" oraz \"Dom.\"<\/strong><\/p>\n<!-- \/wp:paragraph -->\n\n<!-- wp:paragraph -->\n<p>Pracownia ilustracji:<br>\u201e\u015aci\u0119cie \u015amierci\u201d to historyczno \u2014 fantastyczna powie\u015b\u0107 graficzna inspirowana Polskim obrz\u0119dem ludowym obchodzonym corocznie we wsi Jedli\u0144sk w ostatni wtorek przed Wielkim Postem. Wed\u0142ug legendarnej opowie\u015bci \u015amier\u0107 upi\u0142a si\u0119 do nieprzytomno\u015bci i zgubi\u0142a swoj\u0105 kos\u0119. Mieszka\u0144cy Jedli\u0144ska pojmali Kostuch\u0119 i zabrali do miasta, gdzie oskar\u017cyli j\u0105 o zbrodni\u0119. Kiedy od\u017awierny ko\u015bcio\u0142a Kanty i jego \u017cona Wies\u0142awa natrafiaj\u0105 na \u015amier\u0107, uciekaj\u0105 w pop\u0142ochu. Od tamtej pory Kanty nie mo\u017ce pozby\u0107 si\u0119 wra\u017cenia, \u017ce jest obserwowany. Czy to Kostucha czyha na niego z kos\u0105?<\/p>\n<!-- \/wp:paragraph -->\n\n<!-- wp:paragraph -->\n<p>Promotor: Profesor Tomasz Broda<br><br><br>Pracownia Ksi\u0105\u017cki Artystycznej:<br>\u201e\u015aci\u0119cie \u015amierci - wyobra\u017aniowa kontynuacja autorskiej opowie\u015bci\u201d to cykl grafik w technice druku wkl\u0119s\u0142ego, kt\u00f3re opowiadaj\u0105 akcj\u0119 wydarze\u0144 maj\u0105c\u0105 miejsce po wydarzeniach z g\u0142\u00f3wnej opowie\u015bci \u201e\u015aci\u0119cia \u015amierci\u201d, kt\u00f3rej g\u0142\u00f3wn\u0105 bohaterk\u0105 jest czarna kotka.<\/p>\n<!-- \/wp:paragraph -->\n\n<!-- wp:paragraph -->\n<p>Promotor: Profesor Anna Janusz-Strzy\u017c <br><br><br>Pracownia malarstwa:<br>\u201eDOM.\u201d to seria malarska inspirowana moim wcze\u015bniejszym projektem fotograficznym o tym samym tytule, ukazuj\u0105cym opuszczone i niszczej\u0105ce domy z moich rodzinnych stron. Zdj\u0119cia wykonane zosta\u0142y technik\u0105 analogow\u0105 na przeterminowanej kliszy z 1974 roku. Obrazy stanowi\u0105 kontynuacj\u0119 tej opowie\u015bci \u2014 przenosz\u0105 widza z czarno-bia\u0142ego \u015bwiata starej fotografii w barwn\u0105, impresyjn\u0105 przestrze\u0144 malarsk\u0105, w kt\u00f3rej poj\u0119cie domu staje si\u0119 bardziej emocj\u0105 ni\u017c miejscem.<\/p>\n<!-- \/wp:paragraph -->\n\n<!-- wp:paragraph -->\n<p>Promotor: Profesor Marian Waldemar Kuczma<\/p>\n<!-- \/wp:paragraph -->\n\n<!-- wp:paragraph -->\n<p><br><br><strong>Julia Latusek<\/strong> \u2013 ilustratorka i projektantka graficzna, absolwentka Akademii Sztuk Pi\u0119knych we Wroc\u0142awiu. W swojej pracy \u0142\u0105czy do\u015bwiadczenia z podr\u00f3\u017cy, inspiracje kulturowe oraz bogactwo polskiego folkloru. W ilustracjach przywo\u0142uje nostalgi\u0119 i zaprasza odbiorc\u0119 do \u015bwiata magii i czu\u0142ej wyobra\u017ani.<\/p>\n<!-- \/wp:paragraph -->\n\n<!-- wp:spacer {\"height\":\"47px\"} -->\n<div style=\"height:47px\" aria-hidden=\"true\" class=\"wp-block-spacer\"><\/div>\n<!-- \/wp:spacer -->\n\n<!-- wp:columns -->\n<div class=\"wp-block-columns\"><!-- wp:column -->\n<div class=\"wp-block-column\"><!-- wp:image {\"id\":7287,\"sizeSlug\":\"large\",\"linkDestination\":\"media\"} -->\n<figure class=\"wp-block-image size-large\"><a href=\"https:\/\/galeriamiejska.pl\/wp-content\/uploads\/2025\/06\/001.Julia_Latusek_Orszak_pogrzebowy_grafika_komputerowa_50x75cm_2025_.jpg\"><img src=\"https:\/\/galeriamiejska.pl\/wp-content\/uploads\/2025\/06\/001.Julia_Latusek_Orszak_pogrzebowy_grafika_komputerowa_50x75cm_2025_-1024x673.jpg\" alt=\"\" class=\"wp-image-7287\"\/><\/a><figcaption class=\"wp-element-caption\">Julia Latusek, Orszak pogrzebowy, grafika komputerowa, 50x75 cm, 2025<\/figcaption><\/figure>\n<!-- \/wp:image --><\/div>\n<!-- \/wp:column -->\n\n<!-- wp:column -->\n<div class=\"wp-block-column\"><!-- wp:image {\"id\":7288,\"width\":\"236px\",\"height\":\"auto\",\"sizeSlug\":\"large\",\"linkDestination\":\"media\"} -->\n<figure class=\"wp-block-image size-large is-resized\"><a href=\"https:\/\/galeriamiejska.pl\/wp-content\/uploads\/2025\/06\/005.Julia_Latusek_Z_popiolow_akwaforta_35x50cm_2025_-scaled.jpg\"><img src=\"https:\/\/galeriamiejska.pl\/wp-content\/uploads\/2025\/06\/005.Julia_Latusek_Z_popiolow_akwaforta_35x50cm_2025_-693x1024.jpg\" alt=\"\" class=\"wp-image-7288\" style=\"width:236px;height:auto\"\/><\/a><figcaption class=\"wp-element-caption\">Julia Latusek, Z popio\u0142o\u0301w, akwaforta, 35x50 cm, 2025<\/figcaption><\/figure>\n<!-- \/wp:image --><\/div>\n<!-- \/wp:column -->\n\n<!-- wp:column -->\n<div class=\"wp-block-column\"><!-- wp:image {\"id\":7289,\"sizeSlug\":\"large\",\"linkDestination\":\"media\"} -->\n<figure class=\"wp-block-image size-large\"><a href=\"https:\/\/galeriamiejska.pl\/wp-content\/uploads\/2025\/06\/008.Julia_Latusek_Z-serii-DOM_malarstwo_akrylowe_70x70cm_2025_.jpg\"><img src=\"https:\/\/galeriamiejska.pl\/wp-content\/uploads\/2025\/06\/008.Julia_Latusek_Z-serii-DOM_malarstwo_akrylowe_70x70cm_2025_-1024x1021.jpg\" alt=\"\" class=\"wp-image-7289\"\/><\/a><figcaption class=\"wp-element-caption\">Julia Latusek, Z serii DOM, malarstwo akrylowe, 70x70 cm, 2025\n <\/figcaption><\/figure>\n<!-- \/wp:image --><\/div>\n<!-- \/wp:column --><\/div>\n<!-- \/wp:columns -->\n\n<!-- wp:spacer {\"height\":\"80px\"} -->\n<div style=\"height:80px\" aria-hidden=\"true\" class=\"wp-block-spacer\"><\/div>\n<!-- \/wp:spacer -->\n\n<!-- wp:paragraph -->\n<p><strong>Irmina Statkiewicz\/ Super hiper mega market<\/strong><\/p>\n<!-- \/wp:paragraph -->\n\n<!-- wp:paragraph -->\n<p>Artystka za pomoc\u0105 swoich obraz\u00f3w transformuje galerie w przestrze\u0144 supermarketow\u0105. W pracach nawi\u0105zuje do kultury masowej oraz wsp\u00f3\u0142czesnej konsumpcji. W ka\u017cdym obrazie poszukuj\u0119 nowych warto\u015bci i nieoczywistych rozwi\u0105za\u0144 wizualnych z dynamicznym wykorzystaniem geometryzacji, dekonstrukcji oraz multiplikacji form. Pos\u0142uguje si\u0119 czystymi, intensywnymi kolorami ukazuj\u0105c butelki jako dominuj\u0105cym motyw obraz\u00f3w. Ustawione obok siebie, przenikaj\u0105 si\u0119 wzajemnie i wsp\u00f3lnie tworz\u0105 now\u0105 warto\u015b\u0107 wizualn\u0105 balansuj\u0105c\u0105 na granicy figuracji i abstrakcji. Artyku\u0142y spo\u017cywcze zosta\u0142y intencjonalnie niedopowiedziane przez autork\u0119 \u017ceby odbiorca na podstawie konkretnych zestawie\u0144 kolorystycznych m\u00f3g\u0142 sam odgadn\u0105\u0107 mark\u0119 produktu.<\/p>\n<!-- \/wp:paragraph -->\n\n<!-- wp:spacer {\"height\":\"50px\"} -->\n<div style=\"height:50px\" aria-hidden=\"true\" class=\"wp-block-spacer\"><\/div>\n<!-- \/wp:spacer -->\n\n<!-- wp:paragraph -->\n<p><strong>Irmina Statkiewicz<\/strong> - Studentka Akademii Sztuk Pi\u0119knych im. Eugeniusza Gepperta we Wroc\u0142awiu na kierunku Malarstwo. Stale poszukuje nowych sposob\u00f3w na eksploracj\u0119 formy wykorzystuj\u0105c przy tym kontekst supermarket\u00f3w, kt\u00f3ry przedstawia we w\u0142asnej nowej pop-artowskiej geometrycznej konwencji malarskiej.<br><br>Promotor: prof. Marek Jakubek<\/p>\n<!-- \/wp:paragraph -->\n\n<!-- wp:spacer {\"height\":\"36px\"} -->\n<div style=\"height:36px\" aria-hidden=\"true\" class=\"wp-block-spacer\"><\/div>\n<!-- \/wp:spacer -->\n\n<!-- wp:columns -->\n<div class=\"wp-block-columns\"><!-- wp:column -->\n<div class=\"wp-block-column\"><!-- wp:image {\"id\":7292,\"sizeSlug\":\"full\",\"linkDestination\":\"media\"} -->\n<figure class=\"wp-block-image size-full\"><a href=\"https:\/\/galeriamiejska.pl\/wp-content\/uploads\/2025\/06\/Irmina-Statkiewicz-prt3-farby-polimerowe-na-plotnie-90x50-cm-2025.jpg\"><img src=\"https:\/\/galeriamiejska.pl\/wp-content\/uploads\/2025\/06\/Irmina-Statkiewicz-prt3-farby-polimerowe-na-plotnie-90x50-cm-2025.jpg\" alt=\"\" class=\"wp-image-7292\"\/><\/a><figcaption class=\"wp-element-caption\">Irmina Statkiewicz, $pr!t3, farby polimerowe na p\u0142\u00f3tnie, 90x50 cm, 2025<\/figcaption><\/figure>\n<!-- \/wp:image --><\/div>\n<!-- \/wp:column -->\n\n<!-- wp:column -->\n<div class=\"wp-block-column\"><!-- wp:image {\"id\":7294,\"sizeSlug\":\"full\",\"linkDestination\":\"media\"} -->\n<figure class=\"wp-block-image size-full\"><a href=\"https:\/\/galeriamiejska.pl\/wp-content\/uploads\/2025\/06\/Irmina-Statkiewicz-P3Pi-farby-polimerowe-90x50-cm-2024.jpg\"><img src=\"https:\/\/galeriamiejska.pl\/wp-content\/uploads\/2025\/06\/Irmina-Statkiewicz-P3Pi-farby-polimerowe-90x50-cm-2024.jpg\" alt=\"\" class=\"wp-image-7294\"\/><\/a><figcaption class=\"wp-element-caption\">Irmina Statkiewicz, P3P$i,, farby polimerowe, 90x50 cm, 2024<\/figcaption><\/figure>\n<!-- \/wp:image --><\/div>\n<!-- \/wp:column -->\n\n<!-- wp:column -->\n<div class=\"wp-block-column\"><!-- wp:image {\"id\":7293,\"sizeSlug\":\"full\",\"linkDestination\":\"media\"} -->\n<figure class=\"wp-block-image size-full\"><a href=\"https:\/\/galeriamiejska.pl\/wp-content\/uploads\/2025\/06\/Irmina-Statkiewicz-F8nt@-farby-polimerowe-90x50-cm-2024_Easy-Resize.co_.jpg\"><img src=\"https:\/\/galeriamiejska.pl\/wp-content\/uploads\/2025\/06\/Irmina-Statkiewicz-F8nt@-farby-polimerowe-90x50-cm-2024_Easy-Resize.co_.jpg\" alt=\"\" class=\"wp-image-7293\"\/><\/a><figcaption class=\"wp-element-caption\">Irmina Statkiewicz, F8nt@, farby polimerowe, 90x50 cm, 2024<\/figcaption><\/figure>\n<!-- \/wp:image --><\/div>\n<!-- \/wp:column --><\/div>\n<!-- \/wp:columns -->\n\n<!-- wp:spacer -->\n<div style=\"height:100px\" aria-hidden=\"true\" class=\"wp-block-spacer\"><\/div>\n<!-- \/wp:spacer -->","_pl_post_name":"dyplomy-2025-cz-2","_pl_post_excerpt":"Julia Latusek \"\u015aci\u0119cie \u015amierci\" oraz \"Dom.\"\nIrmina Statkiewicz \/ Super hiper mega market","_pl_post_title":"DYPLOMY 2025 cz. 2","_en_post_content":"","_en_post_name":"","_en_post_excerpt":"","_en_post_title":"","edit_language":"en","footnotes":""},"categories":[10,8],"tags":[97,210,209,26],"class_list":["post-7286","post","type-post","status-publish","format-standard","has-post-thumbnail","hentry","category-archiwalne-wydarzenia","category-wydarzenia","tag-dyplom","tag-irmina-statkiewicz","tag-julia-latusek","tag-wystawa"],"yoast_head":"<!-- This site is optimized with the Yoast SEO plugin v16.8 - https:\/\/yoast.com\/wordpress\/plugins\/seo\/ -->\n<title>DYPLOMY 2025 cz. 2 - Galeria Miejska we Wroc\u0142awiu<\/title>\n<meta name=\"robots\" content=\"index, follow, max-snippet:-1, max-image-preview:large, max-video-preview:-1\" \/>\n<link rel=\"canonical\" href=\"https:\/\/galeriamiejska.pl\/en\/dyplomy-2025-cz-2\/\" \/>\n<meta property=\"og:locale\" content=\"en_US\" \/>\n<meta property=\"og:type\" content=\"article\" \/>\n<meta property=\"og:title\" content=\"DYPLOMY 2025 cz. 2 - Galeria Miejska we Wroc\u0142awiu\" \/>\n<meta property=\"og:description\" content=\"Julia Latusek &quot;\u015aci\u0119cie \u015amierci&quot; oraz &quot;Dom.&quot; Irmina Statkiewicz \/ Super hiper mega market\" \/>\n<meta property=\"og:url\" content=\"https:\/\/galeriamiejska.pl\/en\/dyplomy-2025-cz-2\/\" \/>\n<meta property=\"og:site_name\" content=\"Galeria Miejska we Wroc\u0142awiu\" \/>\n<meta property=\"article:published_time\" content=\"2025-06-30T10:02:49+00:00\" \/>\n<meta property=\"article:modified_time\" content=\"2025-07-11T08:29:53+00:00\" \/>\n<meta property=\"og:image\" content=\"https:\/\/galeriamiejska.pl\/wp-content\/uploads\/2025\/06\/baner-www2.png\" \/>\n\t<meta property=\"og:image:width\" content=\"640\" \/>\n\t<meta property=\"og:image:height\" content=\"340\" \/>\n<meta name=\"twitter:card\" content=\"summary_large_image\" \/>\n<meta name=\"twitter:label1\" content=\"Written by\" \/>\n\t<meta name=\"twitter:data1\" content=\"admin\" \/>\n\t<meta name=\"twitter:label2\" content=\"Est. reading time\" \/>\n\t<meta name=\"twitter:data2\" content=\"3 minutes\" \/>\n<script type=\"application\/ld+json\" class=\"yoast-schema-graph\">{\"@context\":\"https:\/\/schema.org\",\"@graph\":[{\"@type\":\"WebSite\",\"@id\":\"https:\/\/galeriamiejska.pl\/en\/#website\",\"url\":\"https:\/\/galeriamiejska.pl\/en\/\",\"name\":\"Galeria Miejska we Wroc\\u0142awiu\",\"description\":\"\",\"potentialAction\":[{\"@type\":\"SearchAction\",\"target\":{\"@type\":\"EntryPoint\",\"urlTemplate\":\"https:\/\/galeriamiejska.pl\/en\/?s={search_term_string}\"},\"query-input\":\"required name=search_term_string\"}],\"inLanguage\":\"\"},{\"@type\":\"ImageObject\",\"@id\":\"https:\/\/galeriamiejska.pl\/en\/dyplomy-2025-cz-2\/#primaryimage\",\"inLanguage\":\"\",\"url\":\"https:\/\/galeriamiejska.pl\/wp-content\/uploads\/2025\/06\/baner-www2.png\",\"contentUrl\":\"https:\/\/galeriamiejska.pl\/wp-content\/uploads\/2025\/06\/baner-www2.png\",\"width\":640,\"height\":340,\"caption\":\"Julia Latusek i Irmina Statkiewicz\"},{\"@type\":\"WebPage\",\"@id\":\"https:\/\/galeriamiejska.pl\/en\/dyplomy-2025-cz-2\/#webpage\",\"url\":\"https:\/\/galeriamiejska.pl\/en\/dyplomy-2025-cz-2\/\",\"name\":\"DYPLOMY 2025 cz. 2 - Galeria Miejska we Wroc\\u0142awiu\",\"isPartOf\":{\"@id\":\"https:\/\/galeriamiejska.pl\/en\/#website\"},\"primaryImageOfPage\":{\"@id\":\"https:\/\/galeriamiejska.pl\/en\/dyplomy-2025-cz-2\/#primaryimage\"},\"datePublished\":\"2025-06-30T10:02:49+00:00\",\"dateModified\":\"2025-07-11T08:29:53+00:00\",\"author\":{\"@id\":\"https:\/\/galeriamiejska.pl\/en\/#\/schema\/person\/cd4f04b0a13c9114f95e23b489b6f9cb\"},\"breadcrumb\":{\"@id\":\"https:\/\/galeriamiejska.pl\/en\/dyplomy-2025-cz-2\/#breadcrumb\"},\"inLanguage\":\"\",\"potentialAction\":[{\"@type\":\"ReadAction\",\"target\":[\"https:\/\/galeriamiejska.pl\/en\/dyplomy-2025-cz-2\/\"]}]},{\"@type\":\"BreadcrumbList\",\"@id\":\"https:\/\/galeriamiejska.pl\/en\/dyplomy-2025-cz-2\/#breadcrumb\",\"itemListElement\":[{\"@type\":\"ListItem\",\"position\":1,\"name\":\"Strona g\\u0142\\u00f3wna\",\"item\":\"https:\/\/galeriamiejska.pl\/en\/\"},{\"@type\":\"ListItem\",\"position\":2,\"name\":\"DYPLOMY 2025 cz. 2\"}]},{\"@type\":\"Person\",\"@id\":\"https:\/\/galeriamiejska.pl\/en\/#\/schema\/person\/cd4f04b0a13c9114f95e23b489b6f9cb\",\"name\":\"admin\",\"image\":{\"@type\":\"ImageObject\",\"@id\":\"https:\/\/galeriamiejska.pl\/en\/#personlogo\",\"inLanguage\":\"\",\"url\":\"https:\/\/secure.gravatar.com\/avatar\/3ded5a36984f92b80e2d99cc96780fe89cd37f7fd652108d182620efbb1566fd?s=96&d=mm&r=g\",\"contentUrl\":\"https:\/\/secure.gravatar.com\/avatar\/3ded5a36984f92b80e2d99cc96780fe89cd37f7fd652108d182620efbb1566fd?s=96&d=mm&r=g\",\"caption\":\"admin\"},\"sameAs\":[\"http:\/\/galeriamiejska.pl\"],\"url\":\"https:\/\/galeriamiejska.pl\/en\/author\/admin\/\"}]}<\/script>\n<!-- \/ Yoast SEO plugin. -->","yoast_head_json":{"title":"DYPLOMY 2025 cz. 2 - Galeria Miejska we Wroc\u0142awiu","robots":{"index":"index","follow":"follow","max-snippet":"max-snippet:-1","max-image-preview":"max-image-preview:large","max-video-preview":"max-video-preview:-1"},"canonical":"https:\/\/galeriamiejska.pl\/en\/dyplomy-2025-cz-2\/","og_locale":"en_US","og_type":"article","og_title":"DYPLOMY 2025 cz. 2 - Galeria Miejska we Wroc\u0142awiu","og_description":"Julia Latusek \"\u015aci\u0119cie \u015amierci\" oraz \"Dom.\" Irmina Statkiewicz \/ Super hiper mega market","og_url":"https:\/\/galeriamiejska.pl\/en\/dyplomy-2025-cz-2\/","og_site_name":"Galeria Miejska we Wroc\u0142awiu","article_published_time":"2025-06-30T10:02:49+00:00","article_modified_time":"2025-07-11T08:29:53+00:00","og_image":[{"width":640,"height":340,"filesize":142230,"url":"https:\/\/galeriamiejska.pl\/wp-content\/uploads\/2025\/06\/baner-www2.png","path":"\/autoinstalator\/wordpress\/wp-content\/uploads\/2025\/06\/baner-www2.png","size":"full","id":7296,"alt":"","pixels":217600,"type":"image\/png"}],"twitter_card":"summary_large_image","twitter_misc":{"Written by":"admin","Est. reading time":"3 minutes"},"schema":{"@context":"https:\/\/schema.org","@graph":[{"@type":"WebSite","@id":"https:\/\/galeriamiejska.pl\/en\/#website","url":"https:\/\/galeriamiejska.pl\/en\/","name":"Galeria Miejska we Wroc\u0142awiu","description":"","potentialAction":[{"@type":"SearchAction","target":{"@type":"EntryPoint","urlTemplate":"https:\/\/galeriamiejska.pl\/en\/?s={search_term_string}"},"query-input":"required name=search_term_string"}],"inLanguage":""},{"@type":"ImageObject","@id":"https:\/\/galeriamiejska.pl\/en\/dyplomy-2025-cz-2\/#primaryimage","inLanguage":"","url":"https:\/\/galeriamiejska.pl\/wp-content\/uploads\/2025\/06\/baner-www2.png","contentUrl":"https:\/\/galeriamiejska.pl\/wp-content\/uploads\/2025\/06\/baner-www2.png","width":640,"height":340,"caption":"Julia Latusek i Irmina Statkiewicz"},{"@type":"WebPage","@id":"https:\/\/galeriamiejska.pl\/en\/dyplomy-2025-cz-2\/#webpage","url":"https:\/\/galeriamiejska.pl\/en\/dyplomy-2025-cz-2\/","name":"DYPLOMY 2025 cz. 2 - Galeria Miejska we Wroc\u0142awiu","isPartOf":{"@id":"https:\/\/galeriamiejska.pl\/en\/#website"},"primaryImageOfPage":{"@id":"https:\/\/galeriamiejska.pl\/en\/dyplomy-2025-cz-2\/#primaryimage"},"datePublished":"2025-06-30T10:02:49+00:00","dateModified":"2025-07-11T08:29:53+00:00","author":{"@id":"https:\/\/galeriamiejska.pl\/en\/#\/schema\/person\/cd4f04b0a13c9114f95e23b489b6f9cb"},"breadcrumb":{"@id":"https:\/\/galeriamiejska.pl\/en\/dyplomy-2025-cz-2\/#breadcrumb"},"inLanguage":"","potentialAction":[{"@type":"ReadAction","target":["https:\/\/galeriamiejska.pl\/en\/dyplomy-2025-cz-2\/"]}]},{"@type":"BreadcrumbList","@id":"https:\/\/galeriamiejska.pl\/en\/dyplomy-2025-cz-2\/#breadcrumb","itemListElement":[{"@type":"ListItem","position":1,"name":"Strona g\u0142\u00f3wna","item":"https:\/\/galeriamiejska.pl\/en\/"},{"@type":"ListItem","position":2,"name":"DYPLOMY 2025 cz. 2"}]},{"@type":"Person","@id":"https:\/\/galeriamiejska.pl\/en\/#\/schema\/person\/cd4f04b0a13c9114f95e23b489b6f9cb","name":"admin","image":{"@type":"ImageObject","@id":"https:\/\/galeriamiejska.pl\/en\/#personlogo","inLanguage":"","url":"https:\/\/secure.gravatar.com\/avatar\/3ded5a36984f92b80e2d99cc96780fe89cd37f7fd652108d182620efbb1566fd?s=96&d=mm&r=g","contentUrl":"https:\/\/secure.gravatar.com\/avatar\/3ded5a36984f92b80e2d99cc96780fe89cd37f7fd652108d182620efbb1566fd?s=96&d=mm&r=g","caption":"admin"},"sameAs":["http:\/\/galeriamiejska.pl"],"url":"https:\/\/galeriamiejska.pl\/en\/author\/admin\/"}]}},"_links":{"self":[{"href":"https:\/\/galeriamiejska.pl\/en\/wp-json\/wp\/v2\/posts\/7286","targetHints":{"allow":["GET"]}}],"collection":[{"href":"https:\/\/galeriamiejska.pl\/en\/wp-json\/wp\/v2\/posts"}],"about":[{"href":"https:\/\/galeriamiejska.pl\/en\/wp-json\/wp\/v2\/types\/post"}],"author":[{"embeddable":true,"href":"https:\/\/galeriamiejska.pl\/en\/wp-json\/wp\/v2\/users\/1"}],"replies":[{"embeddable":true,"href":"https:\/\/galeriamiejska.pl\/en\/wp-json\/wp\/v2\/comments?post=7286"}],"version-history":[{"count":16,"href":"https:\/\/galeriamiejska.pl\/en\/wp-json\/wp\/v2\/posts\/7286\/revisions"}],"predecessor-version":[{"id":7332,"href":"https:\/\/galeriamiejska.pl\/en\/wp-json\/wp\/v2\/posts\/7286\/revisions\/7332"}],"wp:featuredmedia":[{"embeddable":true,"href":"https:\/\/galeriamiejska.pl\/en\/wp-json\/wp\/v2\/media\/7296"}],"wp:attachment":[{"href":"https:\/\/galeriamiejska.pl\/en\/wp-json\/wp\/v2\/media?parent=7286"}],"wp:term":[{"taxonomy":"category","embeddable":true,"href":"https:\/\/galeriamiejska.pl\/en\/wp-json\/wp\/v2\/categories?post=7286"},{"taxonomy":"post_tag","embeddable":true,"href":"https:\/\/galeriamiejska.pl\/en\/wp-json\/wp\/v2\/tags?post=7286"}],"curies":[{"name":"wp","href":"https:\/\/api.w.org\/{rel}","templated":true}]}}