{"id":7184,"date":"2025-05-07T16:49:52","date_gmt":"2025-05-07T16:49:52","guid":{"rendered":"https:\/\/galeriamiejska.pl\/?p=7184"},"modified":"2025-06-23T11:11:18","modified_gmt":"2025-06-23T11:11:18","slug":"","status":"publish","type":"post","link":"https:\/\/galeriamiejska.pl\/en\/klasa-a-r-pencka-czy-istnieje-miara-zlozonosci\/","title":{"rendered":"R. Penck\u2019s Class \/ Is There a Measure of Complexity?","raw":"R. Penck\u2019s Class \/ Is There a Measure of Complexity?"},"content":{"rendered":"\n<p><strong>From 23 May, the public is invited to discover the formally diverse and multifaceted works of a group of artists connected by their shared mentor, A. R. Penck (1939\u20132017) \u2013 a leading figure in German Neo-Expressionism and their former professor at the Kunstakademie D\u00fcsseldorf. The exhibition features works by 34 artists from across the globe, encompassing painting, printmaking, drawing, collage, textiles, glass, objects and installations.<\/strong><\/p>\n\n\n\n<div style=\"height:16px\" aria-hidden=\"true\" class=\"wp-block-spacer\"><\/div>\n\n\n\n<figure class=\"wp-block-embed is-type-video is-provider-youtube wp-block-embed-youtube wp-embed-aspect-16-9 wp-has-aspect-ratio\"><div class=\"wp-block-embed__wrapper\">\n<iframe loading=\"lazy\" title=\"Wystawa &quot;Klasa A.R. Pencka\/ Czy istnieje miara z\u0142o\u017cono\u015bci?&quot; w Galerii Miejskiej\" width=\"500\" height=\"281\" src=\"https:\/\/www.youtube.com\/embed\/3u2DkFtW3OQ?feature=oembed\" frameborder=\"0\" allow=\"accelerometer; autoplay; clipboard-write; encrypted-media; gyroscope; picture-in-picture; web-share\" referrerpolicy=\"strict-origin-when-cross-origin\" allowfullscreen><\/iframe>\n<\/div><\/figure>\n\n\n\n<div style=\"height:27px\" aria-hidden=\"true\" class=\"wp-block-spacer\"><\/div>\n\n\n\n<p>\u201cR. Penck\u2019s Class \/ Is There a Measure of Complexity?\u201d is part of an ongoing series of exhibitions that have been held around the world since 2019, bringing together Penck\u2019s students. Each of these events seeks to unite the artists in a shared tribute to their teacher, while also highlighting the enduring relevance of his formative ideas.<\/p>\n\n\n\n<p>One of Penck\u2019s core concepts \u2013 expressed most clearly in his Systembilder (system paintings) \u2013 was the democratisation of art: the belief that art can serve as a space where anyone can construct their own subjective systems and explore limitless visual possibilities. He developed this approach in practice during his teaching at the Kunstakademie D\u00fcsseldorf between 1988 and 2003, encouraging his students to cultivate a fully autonomous artistic voice.<\/p>\n\n\n\n<p>This emphasis on subjective artistic expression is strongly reflected in the works presented at the City Gallery in Wroc\u0142aw. While the featured artists explore a wide range of narratives and make use of various media, technologies and formal strategies, certain thematic and aesthetic resonances run throughout their work. Investigating these shared elements is one of the central aims of the Wroc\u0142aw exhibition. As curator Katarzyna Zahorska writes in the exhibition catalogue: The extraordinary diversity of artistic attitudes that characterizes artists who integrate into an informal group as Penck\u2019s class definitely strengthens the tone and intensifies the meaning of the question posed by A. R. Penck about the measure of complexity. It also speaks in favour of the validity of the approach close to the German neo-expressionists, suggesting to look at art as a fully democratic space, open to individualised concepts, visions, solutions \u2013 systems created by the power of creative autonomy. This perspective, which results from the artistic activities of Penck\u2019s students, was accepted by them and adopted as their own. Despite this, it turns out that their formal and narrative explorations can be captured in a collective, relatively structured history, and that it is even possible to find close connections in them. Can these similarities \u2013 perhaps sometimes difficult to notice at first, superficial glance \u2013 be attributed to a common teacher? It seems that the fact that artists from all over the world are uniting in exhibitions during which they are paying tribute to their teacher, indicating the enormous importance of his ideas, thoughts and methods, is a sufficiently blunt answer to this question.<\/p>\n\n\n\n<p>The exhibition is on view until 21 June 2025.<\/p>\n\n\n\n<p>Curator: Katarzyna Zahorska<\/p>\n\n\n\n<p>Artists: Ji-Hyun Bae, Valerij Baratheli, Carlota Carbonell Valero, Andrzej Cisowski, Joanna Danovska, Brigit Decressin, Michael Goldstrass, Sylwia Graya, Cosima Hawemann, Gudrun Hermen, Andrea C. Hoffer, Ewa Jaczynska, Taka Kagitomi, Gesine Kikol, Marta Klonowska, Christian Korda, Chidi Kwubiri, Alexandre Magno, Benjamin Nachtwey, Stefan Noss, Wolfgang Pilz, Christine Reifenberger, Katrin Roeber, R\u00f6mer+R\u00f6mer, Marina Sailer, Ekatherina Savtchenko, Nikita Schmitz, Catherine Shamugia, Anna Tatarczyk, Lubomir Typlt, Valeriano, Anna Vilents, Yunong Wang, Xin Zhou.<\/p>\n\n\n\n<div style=\"height:31px\" aria-hidden=\"true\" class=\"wp-block-spacer\"><\/div>\n\n\n\n<div class=\"wp-block-columns is-layout-flex wp-container-core-columns-is-layout-9d6595d7 wp-block-columns-is-layout-flex\">\n<div class=\"wp-block-column is-layout-flow wp-block-column-is-layout-flow\">\n<figure class=\"wp-block-image size-large\"><a href=\"https:\/\/galeriamiejska.pl\/wp-content\/uploads\/2025\/05\/Jihyun-Bae-Moj-cien-2012-42cm-x30cm-litografia.jpg\"><img loading=\"lazy\" decoding=\"async\" width=\"1024\" height=\"735\" src=\"https:\/\/galeriamiejska.pl\/wp-content\/uploads\/2025\/05\/Jihyun-Bae-Moj-cien-2012-42cm-x30cm-litografia-1024x735.jpg\" alt=\"\" class=\"wp-image-7199\" srcset=\"https:\/\/galeriamiejska.pl\/wp-content\/uploads\/2025\/05\/Jihyun-Bae-Moj-cien-2012-42cm-x30cm-litografia-1024x735.jpg 1024w, https:\/\/galeriamiejska.pl\/wp-content\/uploads\/2025\/05\/Jihyun-Bae-Moj-cien-2012-42cm-x30cm-litografia-300x215.jpg 300w, https:\/\/galeriamiejska.pl\/wp-content\/uploads\/2025\/05\/Jihyun-Bae-Moj-cien-2012-42cm-x30cm-litografia-768x551.jpg 768w, https:\/\/galeriamiejska.pl\/wp-content\/uploads\/2025\/05\/Jihyun-Bae-Moj-cien-2012-42cm-x30cm-litografia-1600x1148.jpg 1600w, https:\/\/galeriamiejska.pl\/wp-content\/uploads\/2025\/05\/Jihyun-Bae-Moj-cien-2012-42cm-x30cm-litografia-1536x1102.jpg 1536w, https:\/\/galeriamiejska.pl\/wp-content\/uploads\/2025\/05\/Jihyun-Bae-Moj-cien-2012-42cm-x30cm-litografia-2048x1470.jpg 2048w\" sizes=\"auto, (max-width: 1024px) 100vw, 1024px\" \/><\/a><figcaption class=\"wp-element-caption\">Jihyun Bae, M\u00f3j cie\u0144, 2012, 42cm x30cm, litografia<\/figcaption><\/figure>\n<\/div>\n\n\n\n<div class=\"wp-block-column is-layout-flow wp-block-column-is-layout-flow\">\n<figure class=\"wp-block-image size-large\"><a href=\"https:\/\/galeriamiejska.pl\/wp-content\/uploads\/2025\/05\/Joanna-Danovska-Niezapominajki-olej-na-plotnie-55-\u00d7-46-cm-2020.jpg\"><img loading=\"lazy\" decoding=\"async\" width=\"868\" height=\"1024\" src=\"https:\/\/galeriamiejska.pl\/wp-content\/uploads\/2025\/05\/Joanna-Danovska-Niezapominajki-olej-na-plotnie-55-\u00d7-46-cm-2020-868x1024.jpg\" alt=\"\" class=\"wp-image-7200\" srcset=\"https:\/\/galeriamiejska.pl\/wp-content\/uploads\/2025\/05\/Joanna-Danovska-Niezapominajki-olej-na-plotnie-55-\u00d7-46-cm-2020-868x1024.jpg 868w, https:\/\/galeriamiejska.pl\/wp-content\/uploads\/2025\/05\/Joanna-Danovska-Niezapominajki-olej-na-plotnie-55-\u00d7-46-cm-2020-254x300.jpg 254w, https:\/\/galeriamiejska.pl\/wp-content\/uploads\/2025\/05\/Joanna-Danovska-Niezapominajki-olej-na-plotnie-55-\u00d7-46-cm-2020-768x907.jpg 768w, https:\/\/galeriamiejska.pl\/wp-content\/uploads\/2025\/05\/Joanna-Danovska-Niezapominajki-olej-na-plotnie-55-\u00d7-46-cm-2020.jpg 948w\" sizes=\"auto, (max-width: 868px) 100vw, 868px\" \/><\/a><figcaption class=\"wp-element-caption\">Joanna Danovska, Niezapominajki, olej na p\u0142\u00f3tnie, 55 \u00d7 46 cm, 2020<\/figcaption><\/figure>\n<\/div>\n\n\n\n<div class=\"wp-block-column is-layout-flow wp-block-column-is-layout-flow\">\n<figure class=\"wp-block-image size-large\"><a href=\"https:\/\/galeriamiejska.pl\/wp-content\/uploads\/2025\/05\/Sylwia-Graya-W-oku-patrzacego-Instalacja-tkanina-wlokna-rysunek-na-japonskim-papierze-drewno-metal-swiatlo-202-x-140-x-140-cm-2025.jpg\"><img loading=\"lazy\" decoding=\"async\" width=\"1024\" height=\"768\" src=\"https:\/\/galeriamiejska.pl\/wp-content\/uploads\/2025\/05\/Sylwia-Graya-W-oku-patrzacego-Instalacja-tkanina-wlokna-rysunek-na-japonskim-papierze-drewno-metal-swiatlo-202-x-140-x-140-cm-2025-1024x768.jpg\" alt=\"\" class=\"wp-image-7203\" srcset=\"https:\/\/galeriamiejska.pl\/wp-content\/uploads\/2025\/05\/Sylwia-Graya-W-oku-patrzacego-Instalacja-tkanina-wlokna-rysunek-na-japonskim-papierze-drewno-metal-swiatlo-202-x-140-x-140-cm-2025-1024x768.jpg 1024w, https:\/\/galeriamiejska.pl\/wp-content\/uploads\/2025\/05\/Sylwia-Graya-W-oku-patrzacego-Instalacja-tkanina-wlokna-rysunek-na-japonskim-papierze-drewno-metal-swiatlo-202-x-140-x-140-cm-2025-300x225.jpg 300w, https:\/\/galeriamiejska.pl\/wp-content\/uploads\/2025\/05\/Sylwia-Graya-W-oku-patrzacego-Instalacja-tkanina-wlokna-rysunek-na-japonskim-papierze-drewno-metal-swiatlo-202-x-140-x-140-cm-2025-768x576.jpg 768w, https:\/\/galeriamiejska.pl\/wp-content\/uploads\/2025\/05\/Sylwia-Graya-W-oku-patrzacego-Instalacja-tkanina-wlokna-rysunek-na-japonskim-papierze-drewno-metal-swiatlo-202-x-140-x-140-cm-2025-1600x1200.jpg 1600w, https:\/\/galeriamiejska.pl\/wp-content\/uploads\/2025\/05\/Sylwia-Graya-W-oku-patrzacego-Instalacja-tkanina-wlokna-rysunek-na-japonskim-papierze-drewno-metal-swiatlo-202-x-140-x-140-cm-2025-1536x1152.jpg 1536w, https:\/\/galeriamiejska.pl\/wp-content\/uploads\/2025\/05\/Sylwia-Graya-W-oku-patrzacego-Instalacja-tkanina-wlokna-rysunek-na-japonskim-papierze-drewno-metal-swiatlo-202-x-140-x-140-cm-2025-2048x1536.jpg 2048w\" sizes=\"auto, (max-width: 1024px) 100vw, 1024px\" \/><\/a><figcaption class=\"wp-element-caption\">Sylwia Graya, W oku patrz\u0105cego, Instalacja &#8211; tkanina, w\u0142\u00f3kna, rysunek na japo\u0144skim papierze, drewno, metal, \u015bwiat\u0142o, 202 x 140 x 140 cm, 2025<\/figcaption><\/figure>\n<\/div>\n<\/div>\n\n\n\n<div class=\"wp-block-columns is-layout-flex wp-container-core-columns-is-layout-9d6595d7 wp-block-columns-is-layout-flex\">\n<div class=\"wp-block-column is-layout-flow wp-block-column-is-layout-flow\">\n<figure class=\"wp-block-image size-large\"><a href=\"https:\/\/galeriamiejska.pl\/wp-content\/uploads\/2025\/05\/Cosima-Hawemann-z-serii-Bliznieta-akryl-na-wydruku-29-x-21-cm-2017.jpg\"><img loading=\"lazy\" decoding=\"async\" width=\"725\" height=\"1024\" src=\"https:\/\/galeriamiejska.pl\/wp-content\/uploads\/2025\/05\/Cosima-Hawemann-z-serii-Bliznieta-akryl-na-wydruku-29-x-21-cm-2017-725x1024.jpg\" alt=\"\" class=\"wp-image-7198\" srcset=\"https:\/\/galeriamiejska.pl\/wp-content\/uploads\/2025\/05\/Cosima-Hawemann-z-serii-Bliznieta-akryl-na-wydruku-29-x-21-cm-2017-725x1024.jpg 725w, https:\/\/galeriamiejska.pl\/wp-content\/uploads\/2025\/05\/Cosima-Hawemann-z-serii-Bliznieta-akryl-na-wydruku-29-x-21-cm-2017-213x300.jpg 213w, https:\/\/galeriamiejska.pl\/wp-content\/uploads\/2025\/05\/Cosima-Hawemann-z-serii-Bliznieta-akryl-na-wydruku-29-x-21-cm-2017-768x1084.jpg 768w, https:\/\/galeriamiejska.pl\/wp-content\/uploads\/2025\/05\/Cosima-Hawemann-z-serii-Bliznieta-akryl-na-wydruku-29-x-21-cm-2017-1088x1536.jpg 1088w, https:\/\/galeriamiejska.pl\/wp-content\/uploads\/2025\/05\/Cosima-Hawemann-z-serii-Bliznieta-akryl-na-wydruku-29-x-21-cm-2017.jpg 1227w\" sizes=\"auto, (max-width: 725px) 100vw, 725px\" \/><\/a><figcaption class=\"wp-element-caption\">Cosima Hawemann, z serii Bli\u017ani\u0119ta, akryl na wydruku, 29 x 21 cm, 2017<\/figcaption><\/figure>\n<\/div>\n\n\n\n<div class=\"wp-block-column is-layout-flow wp-block-column-is-layout-flow\">\n<figure class=\"wp-block-image size-large\"><a href=\"https:\/\/galeriamiejska.pl\/wp-content\/uploads\/2025\/05\/Christine-Reifenberger-Ksiezycowy-pies-tempera-jajeczna-na-papierze-48-\u00d7-55-\u00d7-52-cm-2023.jpg\"><img loading=\"lazy\" decoding=\"async\" width=\"892\" height=\"1024\" src=\"https:\/\/galeriamiejska.pl\/wp-content\/uploads\/2025\/05\/Christine-Reifenberger-Ksiezycowy-pies-tempera-jajeczna-na-papierze-48-\u00d7-55-\u00d7-52-cm-2023-892x1024.jpg\" alt=\"\" class=\"wp-image-7197\" srcset=\"https:\/\/galeriamiejska.pl\/wp-content\/uploads\/2025\/05\/Christine-Reifenberger-Ksiezycowy-pies-tempera-jajeczna-na-papierze-48-\u00d7-55-\u00d7-52-cm-2023-892x1024.jpg 892w, https:\/\/galeriamiejska.pl\/wp-content\/uploads\/2025\/05\/Christine-Reifenberger-Ksiezycowy-pies-tempera-jajeczna-na-papierze-48-\u00d7-55-\u00d7-52-cm-2023-261x300.jpg 261w, https:\/\/galeriamiejska.pl\/wp-content\/uploads\/2025\/05\/Christine-Reifenberger-Ksiezycowy-pies-tempera-jajeczna-na-papierze-48-\u00d7-55-\u00d7-52-cm-2023-768x882.jpg 768w, https:\/\/galeriamiejska.pl\/wp-content\/uploads\/2025\/05\/Christine-Reifenberger-Ksiezycowy-pies-tempera-jajeczna-na-papierze-48-\u00d7-55-\u00d7-52-cm-2023-1600x1838.jpg 1600w, https:\/\/galeriamiejska.pl\/wp-content\/uploads\/2025\/05\/Christine-Reifenberger-Ksiezycowy-pies-tempera-jajeczna-na-papierze-48-\u00d7-55-\u00d7-52-cm-2023-1337x1536.jpg 1337w, https:\/\/galeriamiejska.pl\/wp-content\/uploads\/2025\/05\/Christine-Reifenberger-Ksiezycowy-pies-tempera-jajeczna-na-papierze-48-\u00d7-55-\u00d7-52-cm-2023-1783x2048.jpg 1783w, https:\/\/galeriamiejska.pl\/wp-content\/uploads\/2025\/05\/Christine-Reifenberger-Ksiezycowy-pies-tempera-jajeczna-na-papierze-48-\u00d7-55-\u00d7-52-cm-2023.jpg 1797w\" sizes=\"auto, (max-width: 892px) 100vw, 892px\" \/><\/a><figcaption class=\"wp-element-caption\">Christine Reifenberger, Ksi\u0119\u017cycowy pies, tempera jajeczna na papierze, 48 \u00d7 55 \u00d7 52 cm, 2023<\/figcaption><\/figure>\n<\/div>\n<\/div>\n\n\n\n<div class=\"wp-block-columns is-layout-flex wp-container-core-columns-is-layout-9d6595d7 wp-block-columns-is-layout-flex\">\n<div class=\"wp-block-column is-layout-flow wp-block-column-is-layout-flow\">\n<figure class=\"wp-block-image size-large\"><a href=\"https:\/\/galeriamiejska.pl\/wp-content\/uploads\/2025\/05\/Marta-Klonowska-Ksiezna-Alby-rzezba-psa-szklo-na-metalowym-stelazu-38-\u00d7-44-\u00d7-25-cm-2025.jpg\"><img loading=\"lazy\" decoding=\"async\" width=\"1024\" height=\"867\" src=\"https:\/\/galeriamiejska.pl\/wp-content\/uploads\/2025\/05\/Marta-Klonowska-Ksiezna-Alby-rzezba-psa-szklo-na-metalowym-stelazu-38-\u00d7-44-\u00d7-25-cm-2025-1024x867.jpg\" alt=\"\" class=\"wp-image-7202\" srcset=\"https:\/\/galeriamiejska.pl\/wp-content\/uploads\/2025\/05\/Marta-Klonowska-Ksiezna-Alby-rzezba-psa-szklo-na-metalowym-stelazu-38-\u00d7-44-\u00d7-25-cm-2025-1024x867.jpg 1024w, https:\/\/galeriamiejska.pl\/wp-content\/uploads\/2025\/05\/Marta-Klonowska-Ksiezna-Alby-rzezba-psa-szklo-na-metalowym-stelazu-38-\u00d7-44-\u00d7-25-cm-2025-300x254.jpg 300w, https:\/\/galeriamiejska.pl\/wp-content\/uploads\/2025\/05\/Marta-Klonowska-Ksiezna-Alby-rzezba-psa-szklo-na-metalowym-stelazu-38-\u00d7-44-\u00d7-25-cm-2025-768x650.jpg 768w, https:\/\/galeriamiejska.pl\/wp-content\/uploads\/2025\/05\/Marta-Klonowska-Ksiezna-Alby-rzezba-psa-szklo-na-metalowym-stelazu-38-\u00d7-44-\u00d7-25-cm-2025-1600x1355.jpg 1600w, https:\/\/galeriamiejska.pl\/wp-content\/uploads\/2025\/05\/Marta-Klonowska-Ksiezna-Alby-rzezba-psa-szklo-na-metalowym-stelazu-38-\u00d7-44-\u00d7-25-cm-2025-1536x1300.jpg 1536w, https:\/\/galeriamiejska.pl\/wp-content\/uploads\/2025\/05\/Marta-Klonowska-Ksiezna-Alby-rzezba-psa-szklo-na-metalowym-stelazu-38-\u00d7-44-\u00d7-25-cm-2025.jpg 1624w\" sizes=\"auto, (max-width: 1024px) 100vw, 1024px\" \/><\/a><figcaption class=\"wp-element-caption\">Marta Klonowska, Ksi\u0119\u017cna Alby, rze\u017aba psa, szk\u0142o na metalowym stela\u017cu, 38 \u00d7 44 \u00d7 25 cm, 2025<\/figcaption><\/figure>\n<\/div>\n\n\n\n<div class=\"wp-block-column is-layout-flow wp-block-column-is-layout-flow\">\n<figure class=\"wp-block-image size-large\"><a href=\"https:\/\/galeriamiejska.pl\/wp-content\/uploads\/2025\/05\/XIN-ZHOU-Przechodnie-olej-na-plotnie80-\u00d7-60-cm-2024.jpg\"><img loading=\"lazy\" decoding=\"async\" width=\"768\" height=\"1024\" src=\"https:\/\/galeriamiejska.pl\/wp-content\/uploads\/2025\/05\/XIN-ZHOU-Przechodnie-olej-na-plotnie80-\u00d7-60-cm-2024-768x1024.jpg\" alt=\"\" class=\"wp-image-7204\" srcset=\"https:\/\/galeriamiejska.pl\/wp-content\/uploads\/2025\/05\/XIN-ZHOU-Przechodnie-olej-na-plotnie80-\u00d7-60-cm-2024-768x1025.jpg 768w, https:\/\/galeriamiejska.pl\/wp-content\/uploads\/2025\/05\/XIN-ZHOU-Przechodnie-olej-na-plotnie80-\u00d7-60-cm-2024-225x300.jpg 225w, https:\/\/galeriamiejska.pl\/wp-content\/uploads\/2025\/05\/XIN-ZHOU-Przechodnie-olej-na-plotnie80-\u00d7-60-cm-2024-1151x1536.jpg 1151w, https:\/\/galeriamiejska.pl\/wp-content\/uploads\/2025\/05\/XIN-ZHOU-Przechodnie-olej-na-plotnie80-\u00d7-60-cm-2024.jpg 1488w\" sizes=\"auto, (max-width: 768px) 100vw, 768px\" \/><\/a><figcaption class=\"wp-element-caption\">XIN ZHOU, Przechodnie, olej na p\u0142\u00f3tnie,80 \u00d7 60 cm, 2024<\/figcaption><\/figure>\n<\/div>\n\n\n\n<div class=\"wp-block-column is-layout-flow wp-block-column-is-layout-flow\">\n<figure class=\"wp-block-image size-large\"><a href=\"https:\/\/galeriamiejska.pl\/wp-content\/uploads\/2025\/05\/Lubomir-Typlt-Konsultacje-tempera-na-papierze-50-\u00d7-70-cm-2018.jpg\"><img loading=\"lazy\" decoding=\"async\" width=\"1024\" height=\"732\" src=\"https:\/\/galeriamiejska.pl\/wp-content\/uploads\/2025\/05\/Lubomir-Typlt-Konsultacje-tempera-na-papierze-50-\u00d7-70-cm-2018-1024x732.jpg\" alt=\"\" class=\"wp-image-7201\" srcset=\"https:\/\/galeriamiejska.pl\/wp-content\/uploads\/2025\/05\/Lubomir-Typlt-Konsultacje-tempera-na-papierze-50-\u00d7-70-cm-2018-1024x732.jpg 1024w, https:\/\/galeriamiejska.pl\/wp-content\/uploads\/2025\/05\/Lubomir-Typlt-Konsultacje-tempera-na-papierze-50-\u00d7-70-cm-2018-300x214.jpg 300w, https:\/\/galeriamiejska.pl\/wp-content\/uploads\/2025\/05\/Lubomir-Typlt-Konsultacje-tempera-na-papierze-50-\u00d7-70-cm-2018-768x549.jpg 768w, https:\/\/galeriamiejska.pl\/wp-content\/uploads\/2025\/05\/Lubomir-Typlt-Konsultacje-tempera-na-papierze-50-\u00d7-70-cm-2018.jpg 1250w\" sizes=\"auto, (max-width: 1024px) 100vw, 1024px\" \/><\/a><figcaption class=\"wp-element-caption\">Lubomir Typlt, Konsultacje, tempera na papierze, 50 \u00d7 70 cm, 2018<\/figcaption><\/figure>\n<\/div>\n<\/div>\n","protected":false,"raw":"<!-- wp:paragraph -->\n<p><strong>From 23 May, the public is invited to discover the formally diverse and multifaceted works of a group of artists connected by their shared mentor, A. R. Penck (1939\u20132017) \u2013 a leading figure in German Neo-Expressionism and their former professor at the Kunstakademie D\u00fcsseldorf. The exhibition features works by 34 artists from across the globe, encompassing painting, printmaking, drawing, collage, textiles, glass, objects and installations.<\/strong><\/p>\n<!-- \/wp:paragraph -->\n\n<!-- wp:spacer {\"height\":\"16px\"} -->\n<div style=\"height:16px\" aria-hidden=\"true\" class=\"wp-block-spacer\"><\/div>\n<!-- \/wp:spacer -->\n\n<!-- wp:embed {\"url\":\"https:\/\/youtu.be\/3u2DkFtW3OQ?si=UjbRgeSBW-NUIqlO\",\"type\":\"video\",\"providerNameSlug\":\"youtube\",\"responsive\":true,\"className\":\"wp-embed-aspect-16-9 wp-has-aspect-ratio\"} -->\n<figure class=\"wp-block-embed is-type-video is-provider-youtube wp-block-embed-youtube wp-embed-aspect-16-9 wp-has-aspect-ratio\"><div class=\"wp-block-embed__wrapper\">\nhttps:\/\/youtu.be\/3u2DkFtW3OQ?si=UjbRgeSBW-NUIqlO\n<\/div><\/figure>\n<!-- \/wp:embed -->\n\n<!-- wp:spacer {\"height\":\"27px\"} -->\n<div style=\"height:27px\" aria-hidden=\"true\" class=\"wp-block-spacer\"><\/div>\n<!-- \/wp:spacer -->\n\n<!-- wp:paragraph -->\n<p>\u201cR. Penck\u2019s Class \/ Is There a Measure of Complexity?\u201d is part of an ongoing series of exhibitions that have been held around the world since 2019, bringing together Penck\u2019s students. Each of these events seeks to unite the artists in a shared tribute to their teacher, while also highlighting the enduring relevance of his formative ideas.<\/p>\n<!-- \/wp:paragraph -->\n\n<!-- wp:paragraph -->\n<p>One of Penck\u2019s core concepts \u2013 expressed most clearly in his Systembilder (system paintings) \u2013 was the democratisation of art: the belief that art can serve as a space where anyone can construct their own subjective systems and explore limitless visual possibilities. He developed this approach in practice during his teaching at the Kunstakademie D\u00fcsseldorf between 1988 and 2003, encouraging his students to cultivate a fully autonomous artistic voice.<\/p>\n<!-- \/wp:paragraph -->\n\n<!-- wp:paragraph -->\n<p>This emphasis on subjective artistic expression is strongly reflected in the works presented at the City Gallery in Wroc\u0142aw. While the featured artists explore a wide range of narratives and make use of various media, technologies and formal strategies, certain thematic and aesthetic resonances run throughout their work. Investigating these shared elements is one of the central aims of the Wroc\u0142aw exhibition. As curator Katarzyna Zahorska writes in the exhibition catalogue: The extraordinary diversity of artistic attitudes that characterizes artists who integrate into an informal group as Penck\u2019s class definitely strengthens the tone and intensifies the meaning of the question posed by A. R. Penck about the measure of complexity. It also speaks in favour of the validity of the approach close to the German neo-expressionists, suggesting to look at art as a fully democratic space, open to individualised concepts, visions, solutions \u2013 systems created by the power of creative autonomy. This perspective, which results from the artistic activities of Penck\u2019s students, was accepted by them and adopted as their own. Despite this, it turns out that their formal and narrative explorations can be captured in a collective, relatively structured history, and that it is even possible to find close connections in them. Can these similarities \u2013 perhaps sometimes difficult to notice at first, superficial glance \u2013 be attributed to a common teacher? It seems that the fact that artists from all over the world are uniting in exhibitions during which they are paying tribute to their teacher, indicating the enormous importance of his ideas, thoughts and methods, is a sufficiently blunt answer to this question.<\/p>\n<!-- \/wp:paragraph -->\n\n<!-- wp:paragraph -->\n<p>The exhibition is on view until 21 June 2025.<\/p>\n<!-- \/wp:paragraph -->\n\n<!-- wp:paragraph -->\n<p>Curator: Katarzyna Zahorska<\/p>\n<!-- \/wp:paragraph -->\n\n<!-- wp:paragraph -->\n<p>Artists: Ji-Hyun Bae, Valerij Baratheli, Carlota Carbonell Valero, Andrzej Cisowski, Joanna Danovska, Brigit Decressin, Michael Goldstrass, Sylwia Graya, Cosima Hawemann, Gudrun Hermen, Andrea C. Hoffer, Ewa Jaczynska, Taka Kagitomi, Gesine Kikol, Marta Klonowska, Christian Korda, Chidi Kwubiri, Alexandre Magno, Benjamin Nachtwey, Stefan Noss, Wolfgang Pilz, Christine Reifenberger, Katrin Roeber, R\u00f6mer+R\u00f6mer, Marina Sailer, Ekatherina Savtchenko, Nikita Schmitz, Catherine Shamugia, Anna Tatarczyk, Lubomir Typlt, Valeriano, Anna Vilents, Yunong Wang, Xin Zhou.<\/p>\n<!-- \/wp:paragraph -->\n\n<!-- wp:spacer {\"height\":\"31px\"} -->\n<div style=\"height:31px\" aria-hidden=\"true\" class=\"wp-block-spacer\"><\/div>\n<!-- \/wp:spacer -->\n\n<!-- wp:columns -->\n<div class=\"wp-block-columns\"><!-- wp:column -->\n<div class=\"wp-block-column\"><!-- wp:image {\"id\":7199,\"sizeSlug\":\"large\",\"linkDestination\":\"media\"} -->\n<figure class=\"wp-block-image size-large\"><a href=\"https:\/\/galeriamiejska.pl\/wp-content\/uploads\/2025\/05\/Jihyun-Bae-Moj-cien-2012-42cm-x30cm-litografia.jpg\"><img src=\"https:\/\/galeriamiejska.pl\/wp-content\/uploads\/2025\/05\/Jihyun-Bae-Moj-cien-2012-42cm-x30cm-litografia-1024x735.jpg\" alt=\"\" class=\"wp-image-7199\"\/><\/a><figcaption class=\"wp-element-caption\">Jihyun Bae, M\u00f3j cie\u0144, 2012, 42cm x30cm, litografia<\/figcaption><\/figure>\n<!-- \/wp:image --><\/div>\n<!-- \/wp:column -->\n\n<!-- wp:column -->\n<div class=\"wp-block-column\"><!-- wp:image {\"id\":7200,\"sizeSlug\":\"large\",\"linkDestination\":\"media\"} -->\n<figure class=\"wp-block-image size-large\"><a href=\"https:\/\/galeriamiejska.pl\/wp-content\/uploads\/2025\/05\/Joanna-Danovska-Niezapominajki-olej-na-plotnie-55-\u00d7-46-cm-2020.jpg\"><img src=\"https:\/\/galeriamiejska.pl\/wp-content\/uploads\/2025\/05\/Joanna-Danovska-Niezapominajki-olej-na-plotnie-55-\u00d7-46-cm-2020-868x1024.jpg\" alt=\"\" class=\"wp-image-7200\"\/><\/a><figcaption class=\"wp-element-caption\">Joanna Danovska, Niezapominajki, olej na p\u0142\u00f3tnie, 55 \u00d7 46 cm, 2020<\/figcaption><\/figure>\n<!-- \/wp:image --><\/div>\n<!-- \/wp:column -->\n\n<!-- wp:column -->\n<div class=\"wp-block-column\"><!-- wp:image {\"id\":7203,\"sizeSlug\":\"large\",\"linkDestination\":\"media\"} -->\n<figure class=\"wp-block-image size-large\"><a href=\"https:\/\/galeriamiejska.pl\/wp-content\/uploads\/2025\/05\/Sylwia-Graya-W-oku-patrzacego-Instalacja-tkanina-wlokna-rysunek-na-japonskim-papierze-drewno-metal-swiatlo-202-x-140-x-140-cm-2025.jpg\"><img src=\"https:\/\/galeriamiejska.pl\/wp-content\/uploads\/2025\/05\/Sylwia-Graya-W-oku-patrzacego-Instalacja-tkanina-wlokna-rysunek-na-japonskim-papierze-drewno-metal-swiatlo-202-x-140-x-140-cm-2025-1024x768.jpg\" alt=\"\" class=\"wp-image-7203\"\/><\/a><figcaption class=\"wp-element-caption\">Sylwia Graya, W oku patrz\u0105cego, Instalacja - tkanina, w\u0142\u00f3kna, rysunek na japo\u0144skim papierze, drewno, metal, \u015bwiat\u0142o, 202 x 140 x 140 cm, 2025<\/figcaption><\/figure>\n<!-- \/wp:image --><\/div>\n<!-- \/wp:column --><\/div>\n<!-- \/wp:columns -->\n\n<!-- wp:columns -->\n<div class=\"wp-block-columns\"><!-- wp:column -->\n<div class=\"wp-block-column\"><!-- wp:image {\"id\":7198,\"sizeSlug\":\"large\",\"linkDestination\":\"media\"} -->\n<figure class=\"wp-block-image size-large\"><a href=\"https:\/\/galeriamiejska.pl\/wp-content\/uploads\/2025\/05\/Cosima-Hawemann-z-serii-Bliznieta-akryl-na-wydruku-29-x-21-cm-2017.jpg\"><img src=\"https:\/\/galeriamiejska.pl\/wp-content\/uploads\/2025\/05\/Cosima-Hawemann-z-serii-Bliznieta-akryl-na-wydruku-29-x-21-cm-2017-725x1024.jpg\" alt=\"\" class=\"wp-image-7198\"\/><\/a><figcaption class=\"wp-element-caption\">Cosima Hawemann, z serii Bli\u017ani\u0119ta, akryl na wydruku, 29 x 21 cm, 2017<\/figcaption><\/figure>\n<!-- \/wp:image --><\/div>\n<!-- \/wp:column -->\n\n<!-- wp:column -->\n<div class=\"wp-block-column\"><!-- wp:image {\"id\":7197,\"sizeSlug\":\"large\",\"linkDestination\":\"media\"} -->\n<figure class=\"wp-block-image size-large\"><a href=\"https:\/\/galeriamiejska.pl\/wp-content\/uploads\/2025\/05\/Christine-Reifenberger-Ksiezycowy-pies-tempera-jajeczna-na-papierze-48-\u00d7-55-\u00d7-52-cm-2023.jpg\"><img src=\"https:\/\/galeriamiejska.pl\/wp-content\/uploads\/2025\/05\/Christine-Reifenberger-Ksiezycowy-pies-tempera-jajeczna-na-papierze-48-\u00d7-55-\u00d7-52-cm-2023-892x1024.jpg\" alt=\"\" class=\"wp-image-7197\"\/><\/a><figcaption class=\"wp-element-caption\">Christine Reifenberger, Ksi\u0119\u017cycowy pies, tempera jajeczna na papierze, 48 \u00d7 55 \u00d7 52 cm, 2023<\/figcaption><\/figure>\n<!-- \/wp:image --><\/div>\n<!-- \/wp:column --><\/div>\n<!-- \/wp:columns -->\n\n<!-- wp:columns -->\n<div class=\"wp-block-columns\"><!-- wp:column -->\n<div class=\"wp-block-column\"><!-- wp:image {\"id\":7202,\"sizeSlug\":\"large\",\"linkDestination\":\"media\"} -->\n<figure class=\"wp-block-image size-large\"><a href=\"https:\/\/galeriamiejska.pl\/wp-content\/uploads\/2025\/05\/Marta-Klonowska-Ksiezna-Alby-rzezba-psa-szklo-na-metalowym-stelazu-38-\u00d7-44-\u00d7-25-cm-2025.jpg\"><img src=\"https:\/\/galeriamiejska.pl\/wp-content\/uploads\/2025\/05\/Marta-Klonowska-Ksiezna-Alby-rzezba-psa-szklo-na-metalowym-stelazu-38-\u00d7-44-\u00d7-25-cm-2025-1024x867.jpg\" alt=\"\" class=\"wp-image-7202\"\/><\/a><figcaption class=\"wp-element-caption\">Marta Klonowska, Ksi\u0119\u017cna Alby, rze\u017aba psa, szk\u0142o na metalowym stela\u017cu, 38 \u00d7 44 \u00d7 25 cm, 2025<\/figcaption><\/figure>\n<!-- \/wp:image --><\/div>\n<!-- \/wp:column -->\n\n<!-- wp:column -->\n<div class=\"wp-block-column\"><!-- wp:image {\"id\":7204,\"sizeSlug\":\"large\",\"linkDestination\":\"media\"} -->\n<figure class=\"wp-block-image size-large\"><a href=\"https:\/\/galeriamiejska.pl\/wp-content\/uploads\/2025\/05\/XIN-ZHOU-Przechodnie-olej-na-plotnie80-\u00d7-60-cm-2024.jpg\"><img src=\"https:\/\/galeriamiejska.pl\/wp-content\/uploads\/2025\/05\/XIN-ZHOU-Przechodnie-olej-na-plotnie80-\u00d7-60-cm-2024-768x1024.jpg\" alt=\"\" class=\"wp-image-7204\"\/><\/a><figcaption class=\"wp-element-caption\">XIN ZHOU, Przechodnie, olej na p\u0142\u00f3tnie,80 \u00d7 60 cm, 2024<\/figcaption><\/figure>\n<!-- \/wp:image --><\/div>\n<!-- \/wp:column -->\n\n<!-- wp:column -->\n<div class=\"wp-block-column\"><!-- wp:image {\"id\":7201,\"sizeSlug\":\"large\",\"linkDestination\":\"media\"} -->\n<figure class=\"wp-block-image size-large\"><a href=\"https:\/\/galeriamiejska.pl\/wp-content\/uploads\/2025\/05\/Lubomir-Typlt-Konsultacje-tempera-na-papierze-50-\u00d7-70-cm-2018.jpg\"><img src=\"https:\/\/galeriamiejska.pl\/wp-content\/uploads\/2025\/05\/Lubomir-Typlt-Konsultacje-tempera-na-papierze-50-\u00d7-70-cm-2018-1024x732.jpg\" alt=\"\" class=\"wp-image-7201\"\/><\/a><figcaption class=\"wp-element-caption\">Lubomir Typlt, Konsultacje, tempera na papierze, 50 \u00d7 70 cm, 2018<\/figcaption><\/figure>\n<!-- \/wp:image --><\/div>\n<!-- \/wp:column --><\/div>\n<!-- \/wp:columns -->"},"excerpt":{"rendered":"<p>international group exhibition<\/p>\n","protected":false,"raw":"international group exhibition"},"author":1,"featured_media":7185,"comment_status":"open","ping_status":"open","sticky":false,"template":"","format":"standard","meta":{"_pl_post_content":"<!-- wp:paragraph -->\n<p><strong>Od 23 maja publiczno\u015b\u0107 b\u0119dzie mia\u0142a okazj\u0119 zapozna\u0107 si\u0119 z niezwykle zr\u00f3\u017cnicowan\u0105 formalnie oraz wielow\u0105tkow\u0105 sztuk\u0105 artyst\u00f3w integruj\u0105cych si\u0119 w nieformaln\u0105 grup\u0119 skupion\u0105 wok\u00f3\u0142 postaci A. R. Pencka (1939-2017) \u2013 jednego z najwa\u017cniejszych przedstawicieli niemieckiego neoekspresjonizmu oraz ich wsp\u00f3lnego profesora z Kunstakademie D\u00fcsseldorf. Po\u015br\u00f3d prac 34 pochodz\u0105cych z ca\u0142ego \u015bwiata tw\u00f3rc\u00f3w znalaz\u0142o si\u0119 malarstwo, grafika, rysunek, kola\u017c, tkanina, szk\u0142o, obiekt oraz instalacja.<\/strong><\/p>\n<!-- \/wp:paragraph -->\n\n<!-- wp:paragraph {\"backgroundColor\":\"luminous-vivid-amber\"} -->\n<p class=\"has-luminous-vivid-amber-background-color has-background\">UWAGA: Wystawa przed\u0142u\u017cona do 21 czerwca 2025!<\/p>\n<!-- \/wp:paragraph -->\n\n<!-- wp:embed {\"url\":\"https:\/\/youtu.be\/3u2DkFtW3OQ\",\"type\":\"video\",\"providerNameSlug\":\"youtube\",\"responsive\":true,\"className\":\"wp-embed-aspect-16-9 wp-has-aspect-ratio\"} -->\n<figure class=\"wp-block-embed is-type-video is-provider-youtube wp-block-embed-youtube wp-embed-aspect-16-9 wp-has-aspect-ratio\"><div class=\"wp-block-embed__wrapper\">\nhttps:\/\/youtu.be\/3u2DkFtW3OQ\n<\/div><\/figure>\n<!-- \/wp:embed -->\n\n<!-- wp:paragraph -->\n<p><br>Wystawa \u201eKlasa A. R. Pencka\/ Czy istnieje miara z\u0142o\u017cono\u015bci?\u201d jest jedn\u0105 z ods\u0142on cyklicznie prezentowanych od 2019 roku w r\u00f3\u017cnych zak\u0105tkach \u015bwiata ekspozycji skupiaj\u0105cych student\u00f3w A. R. Pencka. Celem ka\u017cdego z tych wydarze\u0144 jest zjednoczenie tw\u00f3rc\u00f3w we wsp\u00f3lnym uczczeniu pami\u0119ci o nauczycielu oraz przywracaniu widoczno\u015bci jego formuj\u0105cym postawom i ideom.<\/p>\n<!-- \/wp:paragraph -->\n\n<!-- wp:paragraph -->\n<p>Jedna z podstawowych my\u015bli Pencka, znajduj\u0105ca bezpo\u015brednie odzwierciedlenie w za\u0142o\u017ceniach jego obraz\u00f3w systemowych (Systembilder), zak\u0142ada\u0142a demokratyzacj\u0119 sztuki jako obszaru, kt\u00f3ry dla ka\u017cdej jednostki mo\u017ce sta\u0107 si\u0119 polem konstruowania subiektywnych system\u00f3w o nieko\u0144cz\u0105cych si\u0119 mo\u017cliwo\u015bciach wizualnego zapisu. Koncepcj\u0119 t\u0119 tw\u00f3rca rozwija\u0142 w praktyczny spos\u00f3b za po\u015brednictwem swojej dydaktycznej pracy w Kunstakademie D\u00fcsseldorf w latach 1988-2003, zaszczepiaj\u0105c w studentach konieczno\u015b\u0107 wypracowania ca\u0142kowicie autonomicznej wypowiedzi tw\u00f3rczej.<\/p>\n<!-- \/wp:paragraph -->\n\n<!-- wp:paragraph -->\n<p>Ten subiektywizm artystycznego wyrazu doskonale widoczny jest w prezentowanej w przestrzeniach wroc\u0142awskiej Galerii Miejskiej sztuce. Zaprezentowani arty\u015bci, podejmuj\u0105c rozmaite narracyjne w\u0105tki, si\u0119gaj\u0105 tak\u017ce po r\u00f3\u017cnorodne media, rozwi\u0105zania technologiczne oraz strategie formalne. Jednak, pomimo tego zr\u00f3\u017cnicowania, w tw\u00f3rczo\u015bci uczni\u00f3w Pencka da si\u0119 odnale\u017a\u0107 pewne tre\u015bciowe i estetyczne powinowactwa, kt\u00f3rych prze\u015bledzenie sta\u0142o si\u0119 jednym z g\u0142\u00f3wnych cel\u00f3w wroc\u0142awskiej wystawy. <br><br>Kuratorka wystawy, Katarzyna Zahorska, w tek\u015bcie katalogowym pisze o tym w ten spos\u00f3b: <em>Niezwyk\u0142a r\u00f3\u017cnorodno\u015b\u0107 artystycznych postaw, kt\u00f3ra cechuje tw\u00f3rc\u00f3w integruj\u0105cych si\u0119 w nieformaln\u0105 grup\u0119 jako klasa Pencka, zdecydowanie wzmacnia wyd\u017awi\u0119k oraz pot\u0119guje znaczenie stawianego przez A. R. Pencka pytania o istnienie miary z\u0142o\u017cono\u015bci. Przemawia ona r\u00f3wnie\u017c za s\u0142uszno\u015bci\u0105 bliskiej niemieckiemu neoekspresjoni\u015bcie optyki, proponuj\u0105cej patrzenie na sztuk\u0119 jako na w pe\u0142ni demokratyczn\u0105 przestrze\u0144, otwart\u0105 na zindywidualizowane koncepcje, wizje, rozwi\u0105zania \u2013 systemy kreowane moc\u0105 tw\u00f3rczej autonomii. Optyka ta, co wynika z rezultat\u00f3w artystycznych dzia\u0142a\u0144 student\u00f3w Pencka, zosta\u0142a przez nich przej\u0119ta i zaadaptowana jako w\u0142asna. Pomimo to okazuje si\u0119 jednak, \u017ce ich formalne i narracyjne poszukiwania da si\u0119 uchwyci\u0107 w kolektywn\u0105, wzgl\u0119dnie ustrukturyzowan\u0105 histori\u0119, a nawet doszuka\u0107 si\u0119 w nich bliskich zwi\u0105zk\u00f3w. Czy te zbie\u017cno\u015bci \u2013 by\u0107 mo\u017ce czasami trudne do dostrze\u017cenia w pierwszym, pobie\u017cnym ogl\u0105dzie \u2013 zawdzi\u0119cza\u0107 mo\u017cna wsp\u00f3lnemu nauczycielowi? Wydaje si\u0119, \u017ce fakt jednoczenia si\u0119 artyst\u00f3w z ca\u0142ego \u015bwiata w ramach wystaw, na kt\u00f3rych oddaj\u0105 oni ho\u0142d swojemu profesorowi, wskazuj\u0105c na ogromn\u0105 wag\u0119 jego idei, my\u015bli czy metod, stanowi wystarczaj\u0105co dosadn\u0105 odpowied\u017a na to pytanie.<\/em><\/p>\n<!-- \/wp:paragraph -->\n\n<!-- wp:paragraph -->\n<p>Ekspozycj\u0119 mo\u017cna ogl\u0105da\u0107 do 21 czerwca 2025. <br>Kuratorka: Katarzyna Zahorska<br><br>Arty\u015bci: Ji-Hyun Bae, Valerij Baratheli, Carlota Carbonell Valero, Andrzej Cisowski, Joanna Danovska, Brigit Decressin, Michael Goldstrass, Sylwia Graya, Cosima Hawemann, Gudrun Hermen, Andrea C. Hoffer, Ewa Jaczynska, Taka Kagitomi, Gesine Kikol, Marta Klonowska, Christian Korda, Chidi Kwubiri, Alexandre Magno, Benjamin Nachtwey, Stefan Noss, Wolfgang Pilz, Christine Reifenberger, Katrin Roeber, R\u00f6mer+R\u00f6mer, Marina Sailer, Ekatherina Savtchenko, Nikita Schmitz, Catherine Shamugia, Anna Tatarczyk, Lubomir Typlt, Valeriano, Anna Vilents, Yunong Wang, Xin Zhou.<\/p>\n<!-- \/wp:paragraph -->\n\n<!-- wp:spacer {\"height\":\"61px\"} -->\n<div style=\"height:61px\" aria-hidden=\"true\" class=\"wp-block-spacer\"><\/div>\n<!-- \/wp:spacer -->\n\n<!-- wp:columns -->\n<div class=\"wp-block-columns\"><!-- wp:column -->\n<div class=\"wp-block-column\"><!-- wp:image {\"id\":7199,\"sizeSlug\":\"large\",\"linkDestination\":\"media\"} -->\n<figure class=\"wp-block-image size-large\"><a href=\"https:\/\/galeriamiejska.pl\/wp-content\/uploads\/2025\/05\/Jihyun-Bae-Moj-cien-2012-42cm-x30cm-litografia.jpg\"><img src=\"https:\/\/galeriamiejska.pl\/wp-content\/uploads\/2025\/05\/Jihyun-Bae-Moj-cien-2012-42cm-x30cm-litografia-1024x735.jpg\" alt=\"\" class=\"wp-image-7199\"\/><\/a><figcaption class=\"wp-element-caption\">Jihyun Bae, M\u00f3j cie\u0144, 2012, 42cm x30cm, litografia<\/figcaption><\/figure>\n<!-- \/wp:image --><\/div>\n<!-- \/wp:column -->\n\n<!-- wp:column -->\n<div class=\"wp-block-column\"><!-- wp:image {\"id\":7200,\"sizeSlug\":\"large\",\"linkDestination\":\"media\"} -->\n<figure class=\"wp-block-image size-large\"><a href=\"https:\/\/galeriamiejska.pl\/wp-content\/uploads\/2025\/05\/Joanna-Danovska-Niezapominajki-olej-na-plotnie-55-\u00d7-46-cm-2020.jpg\"><img src=\"https:\/\/galeriamiejska.pl\/wp-content\/uploads\/2025\/05\/Joanna-Danovska-Niezapominajki-olej-na-plotnie-55-\u00d7-46-cm-2020-868x1024.jpg\" alt=\"\" class=\"wp-image-7200\"\/><\/a><figcaption class=\"wp-element-caption\">Joanna Danovska, Niezapominajki, olej na p\u0142\u00f3tnie, 55 \u00d7 46 cm, 2020<\/figcaption><\/figure>\n<!-- \/wp:image --><\/div>\n<!-- \/wp:column -->\n\n<!-- wp:column -->\n<div class=\"wp-block-column\"><!-- wp:image {\"id\":7203,\"sizeSlug\":\"large\",\"linkDestination\":\"media\"} -->\n<figure class=\"wp-block-image size-large\"><a href=\"https:\/\/galeriamiejska.pl\/wp-content\/uploads\/2025\/05\/Sylwia-Graya-W-oku-patrzacego-Instalacja-tkanina-wlokna-rysunek-na-japonskim-papierze-drewno-metal-swiatlo-202-x-140-x-140-cm-2025.jpg\"><img src=\"https:\/\/galeriamiejska.pl\/wp-content\/uploads\/2025\/05\/Sylwia-Graya-W-oku-patrzacego-Instalacja-tkanina-wlokna-rysunek-na-japonskim-papierze-drewno-metal-swiatlo-202-x-140-x-140-cm-2025-1024x768.jpg\" alt=\"\" class=\"wp-image-7203\"\/><\/a><figcaption class=\"wp-element-caption\">Sylwia Graya, W oku patrz\u0105cego, Instalacja - tkanina, w\u0142\u00f3kna, rysunek na japo\u0144skim papierze, drewno, metal, \u015bwiat\u0142o, 202 x 140 x 140 cm, 2025<\/figcaption><\/figure>\n<!-- \/wp:image --><\/div>\n<!-- \/wp:column --><\/div>\n<!-- \/wp:columns -->\n\n<!-- wp:columns -->\n<div class=\"wp-block-columns\"><!-- wp:column -->\n<div class=\"wp-block-column\"><!-- wp:image {\"id\":7198,\"sizeSlug\":\"large\",\"linkDestination\":\"media\"} -->\n<figure class=\"wp-block-image size-large\"><a href=\"https:\/\/galeriamiejska.pl\/wp-content\/uploads\/2025\/05\/Cosima-Hawemann-z-serii-Bliznieta-akryl-na-wydruku-29-x-21-cm-2017.jpg\"><img src=\"https:\/\/galeriamiejska.pl\/wp-content\/uploads\/2025\/05\/Cosima-Hawemann-z-serii-Bliznieta-akryl-na-wydruku-29-x-21-cm-2017-725x1024.jpg\" alt=\"\" class=\"wp-image-7198\"\/><\/a><figcaption class=\"wp-element-caption\">Cosima Hawemann, z serii Bli\u017ani\u0119ta, akryl na wydruku, 29 x 21 cm, 2017<\/figcaption><\/figure>\n<!-- \/wp:image --><\/div>\n<!-- \/wp:column -->\n\n<!-- wp:column -->\n<div class=\"wp-block-column\"><!-- wp:image {\"id\":7197,\"sizeSlug\":\"large\",\"linkDestination\":\"media\"} -->\n<figure class=\"wp-block-image size-large\"><a href=\"https:\/\/galeriamiejska.pl\/wp-content\/uploads\/2025\/05\/Christine-Reifenberger-Ksiezycowy-pies-tempera-jajeczna-na-papierze-48-\u00d7-55-\u00d7-52-cm-2023.jpg\"><img src=\"https:\/\/galeriamiejska.pl\/wp-content\/uploads\/2025\/05\/Christine-Reifenberger-Ksiezycowy-pies-tempera-jajeczna-na-papierze-48-\u00d7-55-\u00d7-52-cm-2023-892x1024.jpg\" alt=\"\" class=\"wp-image-7197\"\/><\/a><figcaption class=\"wp-element-caption\">Christine Reifenberger, Ksi\u0119\u017cycowy pies, tempera jajeczna na papierze, 48 \u00d7 55 \u00d7 52 cm, 2023<\/figcaption><\/figure>\n<!-- \/wp:image --><\/div>\n<!-- \/wp:column --><\/div>\n<!-- \/wp:columns -->\n\n<!-- wp:columns -->\n<div class=\"wp-block-columns\"><!-- wp:column -->\n<div class=\"wp-block-column\"><!-- wp:image {\"id\":7202,\"sizeSlug\":\"large\",\"linkDestination\":\"media\"} -->\n<figure class=\"wp-block-image size-large\"><a href=\"https:\/\/galeriamiejska.pl\/wp-content\/uploads\/2025\/05\/Marta-Klonowska-Ksiezna-Alby-rzezba-psa-szklo-na-metalowym-stelazu-38-\u00d7-44-\u00d7-25-cm-2025.jpg\"><img src=\"https:\/\/galeriamiejska.pl\/wp-content\/uploads\/2025\/05\/Marta-Klonowska-Ksiezna-Alby-rzezba-psa-szklo-na-metalowym-stelazu-38-\u00d7-44-\u00d7-25-cm-2025-1024x867.jpg\" alt=\"\" class=\"wp-image-7202\"\/><\/a><figcaption class=\"wp-element-caption\">Marta Klonowska, Ksi\u0119\u017cna Alby, rze\u017aba psa, szk\u0142o na metalowym stela\u017cu, 38 \u00d7 44 \u00d7 25 cm, 2025<\/figcaption><\/figure>\n<!-- \/wp:image --><\/div>\n<!-- \/wp:column -->\n\n<!-- wp:column -->\n<div class=\"wp-block-column\"><!-- wp:image {\"id\":7204,\"sizeSlug\":\"large\",\"linkDestination\":\"media\"} -->\n<figure class=\"wp-block-image size-large\"><a href=\"https:\/\/galeriamiejska.pl\/wp-content\/uploads\/2025\/05\/XIN-ZHOU-Przechodnie-olej-na-plotnie80-\u00d7-60-cm-2024.jpg\"><img src=\"https:\/\/galeriamiejska.pl\/wp-content\/uploads\/2025\/05\/XIN-ZHOU-Przechodnie-olej-na-plotnie80-\u00d7-60-cm-2024-768x1024.jpg\" alt=\"\" class=\"wp-image-7204\"\/><\/a><figcaption class=\"wp-element-caption\">XIN ZHOU, Przechodnie, olej na p\u0142\u00f3tnie, 80 \u00d7 60 cm, 2024<\/figcaption><\/figure>\n<!-- \/wp:image --><\/div>\n<!-- \/wp:column -->\n\n<!-- wp:column -->\n<div class=\"wp-block-column\"><!-- wp:image {\"id\":7201,\"sizeSlug\":\"large\",\"linkDestination\":\"media\"} -->\n<figure class=\"wp-block-image size-large\"><a href=\"https:\/\/galeriamiejska.pl\/wp-content\/uploads\/2025\/05\/Lubomir-Typlt-Konsultacje-tempera-na-papierze-50-\u00d7-70-cm-2018.jpg\"><img src=\"https:\/\/galeriamiejska.pl\/wp-content\/uploads\/2025\/05\/Lubomir-Typlt-Konsultacje-tempera-na-papierze-50-\u00d7-70-cm-2018-1024x732.jpg\" alt=\"\" class=\"wp-image-7201\"\/><\/a><figcaption class=\"wp-element-caption\">Lubomir Typlt, Konsultacje, tempera na papierze, 50 \u00d7 70 cm, 2018<\/figcaption><\/figure>\n<!-- \/wp:image --><\/div>\n<!-- \/wp:column --><\/div>\n<!-- \/wp:columns -->","_pl_post_name":"klasa-a-r-pencka-czy-istnieje-miara-zlozonosci","_pl_post_excerpt":"mi\u0119dzynarodowa wystawa zbiorowa","_pl_post_title":"Klasa A. R. Pencka\/ Czy istnieje miara z\u0142o\u017cono\u015bci?","_en_post_content":"<!-- wp:paragraph -->\n<p><strong>From 23 May, the public is invited to discover the formally diverse and multifaceted works of a group of artists connected by their shared mentor, A. R. Penck (1939\u20132017) \u2013 a leading figure in German Neo-Expressionism and their former professor at the Kunstakademie D\u00fcsseldorf. The exhibition features works by 34 artists from across the globe, encompassing painting, printmaking, drawing, collage, textiles, glass, objects and installations.<\/strong><\/p>\n<!-- \/wp:paragraph -->\n\n<!-- wp:spacer {\"height\":\"16px\"} -->\n<div style=\"height:16px\" aria-hidden=\"true\" class=\"wp-block-spacer\"><\/div>\n<!-- \/wp:spacer -->\n\n<!-- wp:embed {\"url\":\"https:\/\/youtu.be\/3u2DkFtW3OQ?si=UjbRgeSBW-NUIqlO\",\"type\":\"video\",\"providerNameSlug\":\"youtube\",\"responsive\":true,\"className\":\"wp-embed-aspect-16-9 wp-has-aspect-ratio\"} -->\n<figure class=\"wp-block-embed is-type-video is-provider-youtube wp-block-embed-youtube wp-embed-aspect-16-9 wp-has-aspect-ratio\"><div class=\"wp-block-embed__wrapper\">\nhttps:\/\/youtu.be\/3u2DkFtW3OQ?si=UjbRgeSBW-NUIqlO\n<\/div><\/figure>\n<!-- \/wp:embed -->\n\n<!-- wp:spacer {\"height\":\"27px\"} -->\n<div style=\"height:27px\" aria-hidden=\"true\" class=\"wp-block-spacer\"><\/div>\n<!-- \/wp:spacer -->\n\n<!-- wp:paragraph -->\n<p>\u201cR. Penck\u2019s Class \/ Is There a Measure of Complexity?\u201d is part of an ongoing series of exhibitions that have been held around the world since 2019, bringing together Penck\u2019s students. Each of these events seeks to unite the artists in a shared tribute to their teacher, while also highlighting the enduring relevance of his formative ideas.<\/p>\n<!-- \/wp:paragraph -->\n\n<!-- wp:paragraph -->\n<p>One of Penck\u2019s core concepts \u2013 expressed most clearly in his Systembilder (system paintings) \u2013 was the democratisation of art: the belief that art can serve as a space where anyone can construct their own subjective systems and explore limitless visual possibilities. He developed this approach in practice during his teaching at the Kunstakademie D\u00fcsseldorf between 1988 and 2003, encouraging his students to cultivate a fully autonomous artistic voice.<\/p>\n<!-- \/wp:paragraph -->\n\n<!-- wp:paragraph -->\n<p>This emphasis on subjective artistic expression is strongly reflected in the works presented at the City Gallery in Wroc\u0142aw. While the featured artists explore a wide range of narratives and make use of various media, technologies and formal strategies, certain thematic and aesthetic resonances run throughout their work. Investigating these shared elements is one of the central aims of the Wroc\u0142aw exhibition. As curator Katarzyna Zahorska writes in the exhibition catalogue: The extraordinary diversity of artistic attitudes that characterizes artists who integrate into an informal group as Penck\u2019s class definitely strengthens the tone and intensifies the meaning of the question posed by A. R. Penck about the measure of complexity. It also speaks in favour of the validity of the approach close to the German neo-expressionists, suggesting to look at art as a fully democratic space, open to individualised concepts, visions, solutions \u2013 systems created by the power of creative autonomy. This perspective, which results from the artistic activities of Penck\u2019s students, was accepted by them and adopted as their own. Despite this, it turns out that their formal and narrative explorations can be captured in a collective, relatively structured history, and that it is even possible to find close connections in them. Can these similarities \u2013 perhaps sometimes difficult to notice at first, superficial glance \u2013 be attributed to a common teacher? It seems that the fact that artists from all over the world are uniting in exhibitions during which they are paying tribute to their teacher, indicating the enormous importance of his ideas, thoughts and methods, is a sufficiently blunt answer to this question.<\/p>\n<!-- \/wp:paragraph -->\n\n<!-- wp:paragraph -->\n<p>The exhibition is on view until 21 June 2025.<\/p>\n<!-- \/wp:paragraph -->\n\n<!-- wp:paragraph -->\n<p>Curator: Katarzyna Zahorska<\/p>\n<!-- \/wp:paragraph -->\n\n<!-- wp:paragraph -->\n<p>Artists: Ji-Hyun Bae, Valerij Baratheli, Carlota Carbonell Valero, Andrzej Cisowski, Joanna Danovska, Brigit Decressin, Michael Goldstrass, Sylwia Graya, Cosima Hawemann, Gudrun Hermen, Andrea C. Hoffer, Ewa Jaczynska, Taka Kagitomi, Gesine Kikol, Marta Klonowska, Christian Korda, Chidi Kwubiri, Alexandre Magno, Benjamin Nachtwey, Stefan Noss, Wolfgang Pilz, Christine Reifenberger, Katrin Roeber, R\u00f6mer+R\u00f6mer, Marina Sailer, Ekatherina Savtchenko, Nikita Schmitz, Catherine Shamugia, Anna Tatarczyk, Lubomir Typlt, Valeriano, Anna Vilents, Yunong Wang, Xin Zhou.<\/p>\n<!-- \/wp:paragraph -->\n\n<!-- wp:spacer {\"height\":\"31px\"} -->\n<div style=\"height:31px\" aria-hidden=\"true\" class=\"wp-block-spacer\"><\/div>\n<!-- \/wp:spacer -->\n\n<!-- wp:columns -->\n<div class=\"wp-block-columns\"><!-- wp:column -->\n<div class=\"wp-block-column\"><!-- wp:image {\"id\":7199,\"sizeSlug\":\"large\",\"linkDestination\":\"media\"} -->\n<figure class=\"wp-block-image size-large\"><a href=\"https:\/\/galeriamiejska.pl\/wp-content\/uploads\/2025\/05\/Jihyun-Bae-Moj-cien-2012-42cm-x30cm-litografia.jpg\"><img src=\"https:\/\/galeriamiejska.pl\/wp-content\/uploads\/2025\/05\/Jihyun-Bae-Moj-cien-2012-42cm-x30cm-litografia-1024x735.jpg\" alt=\"\" class=\"wp-image-7199\"\/><\/a><figcaption class=\"wp-element-caption\">Jihyun Bae, M\u00f3j cie\u0144, 2012, 42cm x30cm, litografia<\/figcaption><\/figure>\n<!-- \/wp:image --><\/div>\n<!-- \/wp:column -->\n\n<!-- wp:column -->\n<div class=\"wp-block-column\"><!-- wp:image {\"id\":7200,\"sizeSlug\":\"large\",\"linkDestination\":\"media\"} -->\n<figure class=\"wp-block-image size-large\"><a href=\"https:\/\/galeriamiejska.pl\/wp-content\/uploads\/2025\/05\/Joanna-Danovska-Niezapominajki-olej-na-plotnie-55-\u00d7-46-cm-2020.jpg\"><img src=\"https:\/\/galeriamiejska.pl\/wp-content\/uploads\/2025\/05\/Joanna-Danovska-Niezapominajki-olej-na-plotnie-55-\u00d7-46-cm-2020-868x1024.jpg\" alt=\"\" class=\"wp-image-7200\"\/><\/a><figcaption class=\"wp-element-caption\">Joanna Danovska, Niezapominajki, olej na p\u0142\u00f3tnie, 55 \u00d7 46 cm, 2020<\/figcaption><\/figure>\n<!-- \/wp:image --><\/div>\n<!-- \/wp:column -->\n\n<!-- wp:column -->\n<div class=\"wp-block-column\"><!-- wp:image {\"id\":7203,\"sizeSlug\":\"large\",\"linkDestination\":\"media\"} -->\n<figure class=\"wp-block-image size-large\"><a href=\"https:\/\/galeriamiejska.pl\/wp-content\/uploads\/2025\/05\/Sylwia-Graya-W-oku-patrzacego-Instalacja-tkanina-wlokna-rysunek-na-japonskim-papierze-drewno-metal-swiatlo-202-x-140-x-140-cm-2025.jpg\"><img src=\"https:\/\/galeriamiejska.pl\/wp-content\/uploads\/2025\/05\/Sylwia-Graya-W-oku-patrzacego-Instalacja-tkanina-wlokna-rysunek-na-japonskim-papierze-drewno-metal-swiatlo-202-x-140-x-140-cm-2025-1024x768.jpg\" alt=\"\" class=\"wp-image-7203\"\/><\/a><figcaption class=\"wp-element-caption\">Sylwia Graya, W oku patrz\u0105cego, Instalacja - tkanina, w\u0142\u00f3kna, rysunek na japo\u0144skim papierze, drewno, metal, \u015bwiat\u0142o, 202 x 140 x 140 cm, 2025<\/figcaption><\/figure>\n<!-- \/wp:image --><\/div>\n<!-- \/wp:column --><\/div>\n<!-- \/wp:columns -->\n\n<!-- wp:columns -->\n<div class=\"wp-block-columns\"><!-- wp:column -->\n<div class=\"wp-block-column\"><!-- wp:image {\"id\":7198,\"sizeSlug\":\"large\",\"linkDestination\":\"media\"} -->\n<figure class=\"wp-block-image size-large\"><a href=\"https:\/\/galeriamiejska.pl\/wp-content\/uploads\/2025\/05\/Cosima-Hawemann-z-serii-Bliznieta-akryl-na-wydruku-29-x-21-cm-2017.jpg\"><img src=\"https:\/\/galeriamiejska.pl\/wp-content\/uploads\/2025\/05\/Cosima-Hawemann-z-serii-Bliznieta-akryl-na-wydruku-29-x-21-cm-2017-725x1024.jpg\" alt=\"\" class=\"wp-image-7198\"\/><\/a><figcaption class=\"wp-element-caption\">Cosima Hawemann, z serii Bli\u017ani\u0119ta, akryl na wydruku, 29 x 21 cm, 2017<\/figcaption><\/figure>\n<!-- \/wp:image --><\/div>\n<!-- \/wp:column -->\n\n<!-- wp:column -->\n<div class=\"wp-block-column\"><!-- wp:image {\"id\":7197,\"sizeSlug\":\"large\",\"linkDestination\":\"media\"} -->\n<figure class=\"wp-block-image size-large\"><a href=\"https:\/\/galeriamiejska.pl\/wp-content\/uploads\/2025\/05\/Christine-Reifenberger-Ksiezycowy-pies-tempera-jajeczna-na-papierze-48-\u00d7-55-\u00d7-52-cm-2023.jpg\"><img src=\"https:\/\/galeriamiejska.pl\/wp-content\/uploads\/2025\/05\/Christine-Reifenberger-Ksiezycowy-pies-tempera-jajeczna-na-papierze-48-\u00d7-55-\u00d7-52-cm-2023-892x1024.jpg\" alt=\"\" class=\"wp-image-7197\"\/><\/a><figcaption class=\"wp-element-caption\">Christine Reifenberger, Ksi\u0119\u017cycowy pies, tempera jajeczna na papierze, 48 \u00d7 55 \u00d7 52 cm, 2023<\/figcaption><\/figure>\n<!-- \/wp:image --><\/div>\n<!-- \/wp:column --><\/div>\n<!-- \/wp:columns -->\n\n<!-- wp:columns -->\n<div class=\"wp-block-columns\"><!-- wp:column -->\n<div class=\"wp-block-column\"><!-- wp:image {\"id\":7202,\"sizeSlug\":\"large\",\"linkDestination\":\"media\"} -->\n<figure class=\"wp-block-image size-large\"><a href=\"https:\/\/galeriamiejska.pl\/wp-content\/uploads\/2025\/05\/Marta-Klonowska-Ksiezna-Alby-rzezba-psa-szklo-na-metalowym-stelazu-38-\u00d7-44-\u00d7-25-cm-2025.jpg\"><img src=\"https:\/\/galeriamiejska.pl\/wp-content\/uploads\/2025\/05\/Marta-Klonowska-Ksiezna-Alby-rzezba-psa-szklo-na-metalowym-stelazu-38-\u00d7-44-\u00d7-25-cm-2025-1024x867.jpg\" alt=\"\" class=\"wp-image-7202\"\/><\/a><figcaption class=\"wp-element-caption\">Marta Klonowska, Ksi\u0119\u017cna Alby, rze\u017aba psa, szk\u0142o na metalowym stela\u017cu, 38 \u00d7 44 \u00d7 25 cm, 2025<\/figcaption><\/figure>\n<!-- \/wp:image --><\/div>\n<!-- \/wp:column -->\n\n<!-- wp:column -->\n<div class=\"wp-block-column\"><!-- wp:image {\"id\":7204,\"sizeSlug\":\"large\",\"linkDestination\":\"media\"} -->\n<figure class=\"wp-block-image size-large\"><a href=\"https:\/\/galeriamiejska.pl\/wp-content\/uploads\/2025\/05\/XIN-ZHOU-Przechodnie-olej-na-plotnie80-\u00d7-60-cm-2024.jpg\"><img src=\"https:\/\/galeriamiejska.pl\/wp-content\/uploads\/2025\/05\/XIN-ZHOU-Przechodnie-olej-na-plotnie80-\u00d7-60-cm-2024-768x1024.jpg\" alt=\"\" class=\"wp-image-7204\"\/><\/a><figcaption class=\"wp-element-caption\">XIN ZHOU, Przechodnie, olej na p\u0142\u00f3tnie,80 \u00d7 60 cm, 2024<\/figcaption><\/figure>\n<!-- \/wp:image --><\/div>\n<!-- \/wp:column -->\n\n<!-- wp:column -->\n<div class=\"wp-block-column\"><!-- wp:image {\"id\":7201,\"sizeSlug\":\"large\",\"linkDestination\":\"media\"} -->\n<figure class=\"wp-block-image size-large\"><a href=\"https:\/\/galeriamiejska.pl\/wp-content\/uploads\/2025\/05\/Lubomir-Typlt-Konsultacje-tempera-na-papierze-50-\u00d7-70-cm-2018.jpg\"><img src=\"https:\/\/galeriamiejska.pl\/wp-content\/uploads\/2025\/05\/Lubomir-Typlt-Konsultacje-tempera-na-papierze-50-\u00d7-70-cm-2018-1024x732.jpg\" alt=\"\" class=\"wp-image-7201\"\/><\/a><figcaption class=\"wp-element-caption\">Lubomir Typlt, Konsultacje, tempera na papierze, 50 \u00d7 70 cm, 2018<\/figcaption><\/figure>\n<!-- \/wp:image --><\/div>\n<!-- \/wp:column --><\/div>\n<!-- \/wp:columns -->","_en_post_name":"","_en_post_excerpt":"international group exhibition","_en_post_title":"R. Penck\u2019s Class \/ Is There a Measure of Complexity?","edit_language":"en","footnotes":""},"categories":[6,4],"tags":[31,201,200,26],"class_list":["post-7184","post","type-post","status-publish","format-standard","has-post-thumbnail","hentry","category-archiwalne","category-wystawy","tag-galeria-miejska-we-wroclawiu","tag-klasa-a-r-pencka","tag-penck","tag-wystawa"],"yoast_head":"<!-- This site is optimized with the Yoast SEO plugin v16.8 - https:\/\/yoast.com\/wordpress\/plugins\/seo\/ -->\n<title>Klasa A. R. Pencka\/ Czy istnieje miara z\u0142o\u017cono\u015bci? - Galeria Miejska we Wroc\u0142awiu<\/title>\n<meta name=\"robots\" content=\"index, follow, max-snippet:-1, max-image-preview:large, max-video-preview:-1\" \/>\n<link rel=\"canonical\" href=\"https:\/\/galeriamiejska.pl\/en\/klasa-a-r-pencka-czy-istnieje-miara-zlozonosci\/\" \/>\n<meta property=\"og:locale\" content=\"en_US\" \/>\n<meta property=\"og:type\" content=\"article\" \/>\n<meta property=\"og:title\" content=\"Klasa A. R. Pencka\/ Czy istnieje miara z\u0142o\u017cono\u015bci? - Galeria Miejska we Wroc\u0142awiu\" \/>\n<meta property=\"og:description\" content=\"mi\u0119dzynarodowa wystawa zbiorowa\" \/>\n<meta property=\"og:url\" content=\"https:\/\/galeriamiejska.pl\/en\/klasa-a-r-pencka-czy-istnieje-miara-zlozonosci\/\" \/>\n<meta property=\"og:site_name\" content=\"Galeria Miejska we Wroc\u0142awiu\" \/>\n<meta property=\"article:published_time\" content=\"2025-05-07T16:49:52+00:00\" \/>\n<meta property=\"article:modified_time\" content=\"2025-06-23T11:11:18+00:00\" \/>\n<meta property=\"og:image\" content=\"https:\/\/galeriamiejska.pl\/wp-content\/uploads\/2025\/05\/galeria-miejska_640x340-px.png\" \/>\n\t<meta property=\"og:image:width\" content=\"640\" \/>\n\t<meta property=\"og:image:height\" content=\"340\" \/>\n<meta name=\"twitter:card\" content=\"summary_large_image\" \/>\n<meta name=\"twitter:label1\" content=\"Written by\" \/>\n\t<meta name=\"twitter:data1\" content=\"admin\" \/>\n\t<meta name=\"twitter:label2\" content=\"Est. reading time\" \/>\n\t<meta name=\"twitter:data2\" content=\"4 minutes\" \/>\n<script type=\"application\/ld+json\" class=\"yoast-schema-graph\">{\"@context\":\"https:\/\/schema.org\",\"@graph\":[{\"@type\":\"WebSite\",\"@id\":\"https:\/\/galeriamiejska.pl\/en\/#website\",\"url\":\"https:\/\/galeriamiejska.pl\/en\/\",\"name\":\"Galeria Miejska we Wroc\\u0142awiu\",\"description\":\"\",\"potentialAction\":[{\"@type\":\"SearchAction\",\"target\":{\"@type\":\"EntryPoint\",\"urlTemplate\":\"https:\/\/galeriamiejska.pl\/en\/?s={search_term_string}\"},\"query-input\":\"required name=search_term_string\"}],\"inLanguage\":\"\"},{\"@type\":\"ImageObject\",\"@id\":\"https:\/\/galeriamiejska.pl\/en\/klasa-a-r-pencka-czy-istnieje-miara-zlozonosci\/#primaryimage\",\"inLanguage\":\"\",\"url\":\"https:\/\/galeriamiejska.pl\/wp-content\/uploads\/2025\/05\/galeria-miejska_640x340-px.png\",\"contentUrl\":\"https:\/\/galeriamiejska.pl\/wp-content\/uploads\/2025\/05\/galeria-miejska_640x340-px.png\",\"width\":640,\"height\":340,\"caption\":\"Klasa A.R. Pencka\"},{\"@type\":\"WebPage\",\"@id\":\"https:\/\/galeriamiejska.pl\/en\/klasa-a-r-pencka-czy-istnieje-miara-zlozonosci\/#webpage\",\"url\":\"https:\/\/galeriamiejska.pl\/en\/klasa-a-r-pencka-czy-istnieje-miara-zlozonosci\/\",\"name\":\"Klasa A. R. Pencka\/ Czy istnieje miara z\\u0142o\\u017cono\\u015bci? - Galeria Miejska we Wroc\\u0142awiu\",\"isPartOf\":{\"@id\":\"https:\/\/galeriamiejska.pl\/en\/#website\"},\"primaryImageOfPage\":{\"@id\":\"https:\/\/galeriamiejska.pl\/en\/klasa-a-r-pencka-czy-istnieje-miara-zlozonosci\/#primaryimage\"},\"datePublished\":\"2025-05-07T16:49:52+00:00\",\"dateModified\":\"2025-06-23T11:11:18+00:00\",\"author\":{\"@id\":\"https:\/\/galeriamiejska.pl\/en\/#\/schema\/person\/cd4f04b0a13c9114f95e23b489b6f9cb\"},\"breadcrumb\":{\"@id\":\"https:\/\/galeriamiejska.pl\/en\/klasa-a-r-pencka-czy-istnieje-miara-zlozonosci\/#breadcrumb\"},\"inLanguage\":\"\",\"potentialAction\":[{\"@type\":\"ReadAction\",\"target\":[\"https:\/\/galeriamiejska.pl\/en\/klasa-a-r-pencka-czy-istnieje-miara-zlozonosci\/\"]}]},{\"@type\":\"BreadcrumbList\",\"@id\":\"https:\/\/galeriamiejska.pl\/en\/klasa-a-r-pencka-czy-istnieje-miara-zlozonosci\/#breadcrumb\",\"itemListElement\":[{\"@type\":\"ListItem\",\"position\":1,\"name\":\"Strona g\\u0142\\u00f3wna\",\"item\":\"https:\/\/galeriamiejska.pl\/en\/\"},{\"@type\":\"ListItem\",\"position\":2,\"name\":\"R. Penck\\u2019s Class \/ Is There a Measure of Complexity?\"}]},{\"@type\":\"Person\",\"@id\":\"https:\/\/galeriamiejska.pl\/en\/#\/schema\/person\/cd4f04b0a13c9114f95e23b489b6f9cb\",\"name\":\"admin\",\"image\":{\"@type\":\"ImageObject\",\"@id\":\"https:\/\/galeriamiejska.pl\/en\/#personlogo\",\"inLanguage\":\"\",\"url\":\"https:\/\/secure.gravatar.com\/avatar\/3ded5a36984f92b80e2d99cc96780fe89cd37f7fd652108d182620efbb1566fd?s=96&d=mm&r=g\",\"contentUrl\":\"https:\/\/secure.gravatar.com\/avatar\/3ded5a36984f92b80e2d99cc96780fe89cd37f7fd652108d182620efbb1566fd?s=96&d=mm&r=g\",\"caption\":\"admin\"},\"sameAs\":[\"http:\/\/galeriamiejska.pl\"],\"url\":\"https:\/\/galeriamiejska.pl\/en\/author\/admin\/\"}]}<\/script>\n<!-- \/ Yoast SEO plugin. -->","yoast_head_json":{"title":"Klasa A. R. Pencka\/ Czy istnieje miara z\u0142o\u017cono\u015bci? - Galeria Miejska we Wroc\u0142awiu","robots":{"index":"index","follow":"follow","max-snippet":"max-snippet:-1","max-image-preview":"max-image-preview:large","max-video-preview":"max-video-preview:-1"},"canonical":"https:\/\/galeriamiejska.pl\/en\/klasa-a-r-pencka-czy-istnieje-miara-zlozonosci\/","og_locale":"en_US","og_type":"article","og_title":"Klasa A. R. Pencka\/ Czy istnieje miara z\u0142o\u017cono\u015bci? - Galeria Miejska we Wroc\u0142awiu","og_description":"mi\u0119dzynarodowa wystawa zbiorowa","og_url":"https:\/\/galeriamiejska.pl\/en\/klasa-a-r-pencka-czy-istnieje-miara-zlozonosci\/","og_site_name":"Galeria Miejska we Wroc\u0142awiu","article_published_time":"2025-05-07T16:49:52+00:00","article_modified_time":"2025-06-23T11:11:18+00:00","og_image":[{"width":640,"height":340,"filesize":96850,"url":"https:\/\/galeriamiejska.pl\/wp-content\/uploads\/2025\/05\/galeria-miejska_640x340-px.png","path":"\/autoinstalator\/wordpress\/wp-content\/uploads\/2025\/05\/galeria-miejska_640x340-px.png","size":"full","id":7185,"alt":"","pixels":217600,"type":"image\/png"}],"twitter_card":"summary_large_image","twitter_misc":{"Written by":"admin","Est. reading time":"4 minutes"},"schema":{"@context":"https:\/\/schema.org","@graph":[{"@type":"WebSite","@id":"https:\/\/galeriamiejska.pl\/en\/#website","url":"https:\/\/galeriamiejska.pl\/en\/","name":"Galeria Miejska we Wroc\u0142awiu","description":"","potentialAction":[{"@type":"SearchAction","target":{"@type":"EntryPoint","urlTemplate":"https:\/\/galeriamiejska.pl\/en\/?s={search_term_string}"},"query-input":"required name=search_term_string"}],"inLanguage":""},{"@type":"ImageObject","@id":"https:\/\/galeriamiejska.pl\/en\/klasa-a-r-pencka-czy-istnieje-miara-zlozonosci\/#primaryimage","inLanguage":"","url":"https:\/\/galeriamiejska.pl\/wp-content\/uploads\/2025\/05\/galeria-miejska_640x340-px.png","contentUrl":"https:\/\/galeriamiejska.pl\/wp-content\/uploads\/2025\/05\/galeria-miejska_640x340-px.png","width":640,"height":340,"caption":"Klasa A.R. Pencka"},{"@type":"WebPage","@id":"https:\/\/galeriamiejska.pl\/en\/klasa-a-r-pencka-czy-istnieje-miara-zlozonosci\/#webpage","url":"https:\/\/galeriamiejska.pl\/en\/klasa-a-r-pencka-czy-istnieje-miara-zlozonosci\/","name":"Klasa A. R. Pencka\/ Czy istnieje miara z\u0142o\u017cono\u015bci? - Galeria Miejska we Wroc\u0142awiu","isPartOf":{"@id":"https:\/\/galeriamiejska.pl\/en\/#website"},"primaryImageOfPage":{"@id":"https:\/\/galeriamiejska.pl\/en\/klasa-a-r-pencka-czy-istnieje-miara-zlozonosci\/#primaryimage"},"datePublished":"2025-05-07T16:49:52+00:00","dateModified":"2025-06-23T11:11:18+00:00","author":{"@id":"https:\/\/galeriamiejska.pl\/en\/#\/schema\/person\/cd4f04b0a13c9114f95e23b489b6f9cb"},"breadcrumb":{"@id":"https:\/\/galeriamiejska.pl\/en\/klasa-a-r-pencka-czy-istnieje-miara-zlozonosci\/#breadcrumb"},"inLanguage":"","potentialAction":[{"@type":"ReadAction","target":["https:\/\/galeriamiejska.pl\/en\/klasa-a-r-pencka-czy-istnieje-miara-zlozonosci\/"]}]},{"@type":"BreadcrumbList","@id":"https:\/\/galeriamiejska.pl\/en\/klasa-a-r-pencka-czy-istnieje-miara-zlozonosci\/#breadcrumb","itemListElement":[{"@type":"ListItem","position":1,"name":"Strona g\u0142\u00f3wna","item":"https:\/\/galeriamiejska.pl\/en\/"},{"@type":"ListItem","position":2,"name":"R. Penck\u2019s Class \/ Is There a Measure of Complexity?"}]},{"@type":"Person","@id":"https:\/\/galeriamiejska.pl\/en\/#\/schema\/person\/cd4f04b0a13c9114f95e23b489b6f9cb","name":"admin","image":{"@type":"ImageObject","@id":"https:\/\/galeriamiejska.pl\/en\/#personlogo","inLanguage":"","url":"https:\/\/secure.gravatar.com\/avatar\/3ded5a36984f92b80e2d99cc96780fe89cd37f7fd652108d182620efbb1566fd?s=96&d=mm&r=g","contentUrl":"https:\/\/secure.gravatar.com\/avatar\/3ded5a36984f92b80e2d99cc96780fe89cd37f7fd652108d182620efbb1566fd?s=96&d=mm&r=g","caption":"admin"},"sameAs":["http:\/\/galeriamiejska.pl"],"url":"https:\/\/galeriamiejska.pl\/en\/author\/admin\/"}]}},"_links":{"self":[{"href":"https:\/\/galeriamiejska.pl\/en\/wp-json\/wp\/v2\/posts\/7184","targetHints":{"allow":["GET"]}}],"collection":[{"href":"https:\/\/galeriamiejska.pl\/en\/wp-json\/wp\/v2\/posts"}],"about":[{"href":"https:\/\/galeriamiejska.pl\/en\/wp-json\/wp\/v2\/types\/post"}],"author":[{"embeddable":true,"href":"https:\/\/galeriamiejska.pl\/en\/wp-json\/wp\/v2\/users\/1"}],"replies":[{"embeddable":true,"href":"https:\/\/galeriamiejska.pl\/en\/wp-json\/wp\/v2\/comments?post=7184"}],"version-history":[{"count":23,"href":"https:\/\/galeriamiejska.pl\/en\/wp-json\/wp\/v2\/posts\/7184\/revisions"}],"predecessor-version":[{"id":7267,"href":"https:\/\/galeriamiejska.pl\/en\/wp-json\/wp\/v2\/posts\/7184\/revisions\/7267"}],"wp:featuredmedia":[{"embeddable":true,"href":"https:\/\/galeriamiejska.pl\/en\/wp-json\/wp\/v2\/media\/7185"}],"wp:attachment":[{"href":"https:\/\/galeriamiejska.pl\/en\/wp-json\/wp\/v2\/media?parent=7184"}],"wp:term":[{"taxonomy":"category","embeddable":true,"href":"https:\/\/galeriamiejska.pl\/en\/wp-json\/wp\/v2\/categories?post=7184"},{"taxonomy":"post_tag","embeddable":true,"href":"https:\/\/galeriamiejska.pl\/en\/wp-json\/wp\/v2\/tags?post=7184"}],"curies":[{"name":"wp","href":"https:\/\/api.w.org\/{rel}","templated":true}]}}