{"id":6867,"date":"2024-12-09T12:12:57","date_gmt":"2024-12-09T12:12:57","guid":{"rendered":"https:\/\/galeriamiejska.pl\/?p=6867"},"modified":"2025-01-02T10:18:00","modified_gmt":"2025-01-02T10:18:00","slug":"","status":"publish","type":"post","link":"https:\/\/galeriamiejska.pl\/en\/kiermasz-swiateczny-5\/","title":{"rendered":"","raw":""},"content":{"rendered":"","protected":false,"raw":""},"excerpt":{"rendered":"","protected":false,"raw":""},"author":1,"featured_media":6879,"comment_status":"open","ping_status":"open","sticky":false,"template":"","format":"standard","meta":{"_pl_post_content":"<!-- wp:paragraph -->\n<p>Zapraszamy na \u015bwi\u0105teczne zakupy do Galerii Miejskiej. W ramach tegorocznego kiermaszu wydawnictwa s\u0105 ta\u0144sze o 10 z\u0142, natomiast akcesoria o 5 z\u0142. <\/p>\n<!-- \/wp:paragraph -->\n\n<!-- wp:paragraph -->\n<p>Kiermasz trwa do 31 grudnia 2024.<\/p>\n<!-- \/wp:paragraph -->\n\n<!-- wp:paragraph -->\n<p>Mo\u017cliwo\u015b\u0107 zakupu z wysy\u0142k\u0105 lub odbiorem osobistym!<\/p>\n<!-- \/wp:paragraph -->\n\n<!-- wp:paragraph -->\n<p>Przegl\u0105daj dost\u0119pne wydawnictwa <a href=\"https:\/\/galeriamiejska.pl\/category\/wydawnictwa\/\" data-type=\"link\" data-id=\"https:\/\/galeriamiejska.pl\/category\/wydawnictwa\/\">TUTAJ<\/a>.<\/p>\n<!-- \/wp:paragraph -->\n\n<!-- wp:paragraph -->\n<p>Przegl\u0105daj dost\u0119pne akcesoria <a href=\"https:\/\/galeriamiejska.pl\/category\/gadzety\/\" data-type=\"link\" data-id=\"https:\/\/galeriamiejska.pl\/category\/gadzety\/\">TUTAJ<\/a>. <\/p>\n<!-- \/wp:paragraph -->\n\n<!-- wp:spacer {\"height\":\"77px\"} -->\n<div style=\"height:77px\" aria-hidden=\"true\" class=\"wp-block-spacer\"><\/div>\n<!-- \/wp:spacer -->","_pl_post_name":"kiermasz-swiateczny-5","_pl_post_excerpt":"prezentownik artystyczny","_pl_post_title":"Kiermasz \u015bwi\u0105teczny","_en_post_content":"","_en_post_name":"","_en_post_excerpt":"","_en_post_title":"","edit_language":"en","footnotes":""},"categories":[10,8],"tags":[],"class_list":["post-6867","post","type-post","status-publish","format-standard","has-post-thumbnail","hentry","category-archiwalne-wydarzenia","category-wydarzenia"],"yoast_head":"<!-- This site is optimized with the Yoast SEO plugin v16.8 - https:\/\/yoast.com\/wordpress\/plugins\/seo\/ -->\n<title>Kiermasz \u015bwi\u0105teczny - Galeria Miejska we Wroc\u0142awiu<\/title>\n<meta name=\"robots\" content=\"index, follow, max-snippet:-1, max-image-preview:large, max-video-preview:-1\" \/>\n<link rel=\"canonical\" href=\"https:\/\/galeriamiejska.pl\/en\/kiermasz-swiateczny-5\/\" \/>\n<meta property=\"og:locale\" content=\"en_US\" \/>\n<meta property=\"og:type\" content=\"article\" \/>\n<meta property=\"og:title\" content=\"Kiermasz \u015bwi\u0105teczny - Galeria Miejska we Wroc\u0142awiu\" \/>\n<meta property=\"og:description\" content=\"prezentownik artystyczny\" \/>\n<meta property=\"og:url\" content=\"https:\/\/galeriamiejska.pl\/en\/kiermasz-swiateczny-5\/\" \/>\n<meta property=\"og:site_name\" content=\"Galeria Miejska we Wroc\u0142awiu\" \/>\n<meta property=\"article:published_time\" content=\"2024-12-09T12:12:57+00:00\" \/>\n<meta property=\"article:modified_time\" content=\"2025-01-02T10:18:00+00:00\" \/>\n<meta property=\"og:image\" content=\"https:\/\/galeriamiejska.pl\/wp-content\/uploads\/2024\/12\/baner-kiermasz-swiateczny-Galeria-Miejska.jpg\" \/>\n\t<meta property=\"og:image:width\" content=\"650\" \/>\n\t<meta property=\"og:image:height\" content=\"300\" \/>\n<meta name=\"twitter:card\" content=\"summary_large_image\" \/>\n<meta name=\"twitter:label1\" content=\"Written by\" \/>\n\t<meta name=\"twitter:data1\" content=\"admin\" \/>\n<script type=\"application\/ld+json\" class=\"yoast-schema-graph\">{\"@context\":\"https:\/\/schema.org\",\"@graph\":[{\"@type\":\"WebSite\",\"@id\":\"https:\/\/galeriamiejska.pl\/en\/#website\",\"url\":\"https:\/\/galeriamiejska.pl\/en\/\",\"name\":\"Galeria Miejska we Wroc\\u0142awiu\",\"description\":\"\",\"potentialAction\":[{\"@type\":\"SearchAction\",\"target\":{\"@type\":\"EntryPoint\",\"urlTemplate\":\"https:\/\/galeriamiejska.pl\/en\/?s={search_term_string}\"},\"query-input\":\"required name=search_term_string\"}],\"inLanguage\":\"\"},{\"@type\":\"ImageObject\",\"@id\":\"https:\/\/galeriamiejska.pl\/en\/kiermasz-swiateczny-5\/#primaryimage\",\"inLanguage\":\"\",\"url\":\"https:\/\/galeriamiejska.pl\/wp-content\/uploads\/2024\/12\/baner-kiermasz-swiateczny-Galeria-Miejska.jpg\",\"contentUrl\":\"https:\/\/galeriamiejska.pl\/wp-content\/uploads\/2024\/12\/baner-kiermasz-swiateczny-Galeria-Miejska.jpg\",\"width\":650,\"height\":300},{\"@type\":\"WebPage\",\"@id\":\"https:\/\/galeriamiejska.pl\/en\/kiermasz-swiateczny-5\/#webpage\",\"url\":\"https:\/\/galeriamiejska.pl\/en\/kiermasz-swiateczny-5\/\",\"name\":\"Kiermasz \\u015bwi\\u0105teczny - Galeria Miejska we Wroc\\u0142awiu\",\"isPartOf\":{\"@id\":\"https:\/\/galeriamiejska.pl\/en\/#website\"},\"primaryImageOfPage\":{\"@id\":\"https:\/\/galeriamiejska.pl\/en\/kiermasz-swiateczny-5\/#primaryimage\"},\"datePublished\":\"2024-12-09T12:12:57+00:00\",\"dateModified\":\"2025-01-02T10:18:00+00:00\",\"author\":{\"@id\":\"https:\/\/galeriamiejska.pl\/en\/#\/schema\/person\/cd4f04b0a13c9114f95e23b489b6f9cb\"},\"breadcrumb\":{\"@id\":\"https:\/\/galeriamiejska.pl\/en\/kiermasz-swiateczny-5\/#breadcrumb\"},\"inLanguage\":\"\",\"potentialAction\":[{\"@type\":\"ReadAction\",\"target\":[\"https:\/\/galeriamiejska.pl\/en\/kiermasz-swiateczny-5\/\"]}]},{\"@type\":\"BreadcrumbList\",\"@id\":\"https:\/\/galeriamiejska.pl\/en\/kiermasz-swiateczny-5\/#breadcrumb\",\"itemListElement\":[{\"@type\":\"ListItem\",\"position\":1,\"name\":\"Strona g\\u0142\\u00f3wna\",\"item\":\"https:\/\/galeriamiejska.pl\/en\/\"},{\"@type\":\"ListItem\",\"position\":2,\"name\":\"Kiermasz \\u015bwi\\u0105teczny\"}]},{\"@type\":\"Person\",\"@id\":\"https:\/\/galeriamiejska.pl\/en\/#\/schema\/person\/cd4f04b0a13c9114f95e23b489b6f9cb\",\"name\":\"admin\",\"image\":{\"@type\":\"ImageObject\",\"@id\":\"https:\/\/galeriamiejska.pl\/en\/#personlogo\",\"inLanguage\":\"\",\"url\":\"https:\/\/secure.gravatar.com\/avatar\/3ded5a36984f92b80e2d99cc96780fe89cd37f7fd652108d182620efbb1566fd?s=96&d=mm&r=g\",\"contentUrl\":\"https:\/\/secure.gravatar.com\/avatar\/3ded5a36984f92b80e2d99cc96780fe89cd37f7fd652108d182620efbb1566fd?s=96&d=mm&r=g\",\"caption\":\"admin\"},\"sameAs\":[\"http:\/\/galeriamiejska.pl\"],\"url\":\"https:\/\/galeriamiejska.pl\/en\/author\/admin\/\"}]}<\/script>\n<!-- \/ Yoast SEO plugin. -->","yoast_head_json":{"title":"Kiermasz \u015bwi\u0105teczny - Galeria Miejska we Wroc\u0142awiu","robots":{"index":"index","follow":"follow","max-snippet":"max-snippet:-1","max-image-preview":"max-image-preview:large","max-video-preview":"max-video-preview:-1"},"canonical":"https:\/\/galeriamiejska.pl\/en\/kiermasz-swiateczny-5\/","og_locale":"en_US","og_type":"article","og_title":"Kiermasz \u015bwi\u0105teczny - Galeria Miejska we Wroc\u0142awiu","og_description":"prezentownik artystyczny","og_url":"https:\/\/galeriamiejska.pl\/en\/kiermasz-swiateczny-5\/","og_site_name":"Galeria Miejska we Wroc\u0142awiu","article_published_time":"2024-12-09T12:12:57+00:00","article_modified_time":"2025-01-02T10:18:00+00:00","og_image":[{"width":650,"height":300,"filesize":151115,"url":"https:\/\/galeriamiejska.pl\/wp-content\/uploads\/2024\/12\/baner-kiermasz-swiateczny-Galeria-Miejska.jpg","path":"\/autoinstalator\/wordpress\/wp-content\/uploads\/2024\/12\/baner-kiermasz-swiateczny-Galeria-Miejska.jpg","size":"full","id":6879,"alt":"","pixels":195000,"type":"image\/jpeg"}],"twitter_card":"summary_large_image","twitter_misc":{"Written by":"admin"},"schema":{"@context":"https:\/\/schema.org","@graph":[{"@type":"WebSite","@id":"https:\/\/galeriamiejska.pl\/en\/#website","url":"https:\/\/galeriamiejska.pl\/en\/","name":"Galeria Miejska we Wroc\u0142awiu","description":"","potentialAction":[{"@type":"SearchAction","target":{"@type":"EntryPoint","urlTemplate":"https:\/\/galeriamiejska.pl\/en\/?s={search_term_string}"},"query-input":"required name=search_term_string"}],"inLanguage":""},{"@type":"ImageObject","@id":"https:\/\/galeriamiejska.pl\/en\/kiermasz-swiateczny-5\/#primaryimage","inLanguage":"","url":"https:\/\/galeriamiejska.pl\/wp-content\/uploads\/2024\/12\/baner-kiermasz-swiateczny-Galeria-Miejska.jpg","contentUrl":"https:\/\/galeriamiejska.pl\/wp-content\/uploads\/2024\/12\/baner-kiermasz-swiateczny-Galeria-Miejska.jpg","width":650,"height":300},{"@type":"WebPage","@id":"https:\/\/galeriamiejska.pl\/en\/kiermasz-swiateczny-5\/#webpage","url":"https:\/\/galeriamiejska.pl\/en\/kiermasz-swiateczny-5\/","name":"Kiermasz \u015bwi\u0105teczny - Galeria Miejska we Wroc\u0142awiu","isPartOf":{"@id":"https:\/\/galeriamiejska.pl\/en\/#website"},"primaryImageOfPage":{"@id":"https:\/\/galeriamiejska.pl\/en\/kiermasz-swiateczny-5\/#primaryimage"},"datePublished":"2024-12-09T12:12:57+00:00","dateModified":"2025-01-02T10:18:00+00:00","author":{"@id":"https:\/\/galeriamiejska.pl\/en\/#\/schema\/person\/cd4f04b0a13c9114f95e23b489b6f9cb"},"breadcrumb":{"@id":"https:\/\/galeriamiejska.pl\/en\/kiermasz-swiateczny-5\/#breadcrumb"},"inLanguage":"","potentialAction":[{"@type":"ReadAction","target":["https:\/\/galeriamiejska.pl\/en\/kiermasz-swiateczny-5\/"]}]},{"@type":"BreadcrumbList","@id":"https:\/\/galeriamiejska.pl\/en\/kiermasz-swiateczny-5\/#breadcrumb","itemListElement":[{"@type":"ListItem","position":1,"name":"Strona g\u0142\u00f3wna","item":"https:\/\/galeriamiejska.pl\/en\/"},{"@type":"ListItem","position":2,"name":"Kiermasz \u015bwi\u0105teczny"}]},{"@type":"Person","@id":"https:\/\/galeriamiejska.pl\/en\/#\/schema\/person\/cd4f04b0a13c9114f95e23b489b6f9cb","name":"admin","image":{"@type":"ImageObject","@id":"https:\/\/galeriamiejska.pl\/en\/#personlogo","inLanguage":"","url":"https:\/\/secure.gravatar.com\/avatar\/3ded5a36984f92b80e2d99cc96780fe89cd37f7fd652108d182620efbb1566fd?s=96&d=mm&r=g","contentUrl":"https:\/\/secure.gravatar.com\/avatar\/3ded5a36984f92b80e2d99cc96780fe89cd37f7fd652108d182620efbb1566fd?s=96&d=mm&r=g","caption":"admin"},"sameAs":["http:\/\/galeriamiejska.pl"],"url":"https:\/\/galeriamiejska.pl\/en\/author\/admin\/"}]}},"_links":{"self":[{"href":"https:\/\/galeriamiejska.pl\/en\/wp-json\/wp\/v2\/posts\/6867","targetHints":{"allow":["GET"]}}],"collection":[{"href":"https:\/\/galeriamiejska.pl\/en\/wp-json\/wp\/v2\/posts"}],"about":[{"href":"https:\/\/galeriamiejska.pl\/en\/wp-json\/wp\/v2\/types\/post"}],"author":[{"embeddable":true,"href":"https:\/\/galeriamiejska.pl\/en\/wp-json\/wp\/v2\/users\/1"}],"replies":[{"embeddable":true,"href":"https:\/\/galeriamiejska.pl\/en\/wp-json\/wp\/v2\/comments?post=6867"}],"version-history":[{"count":9,"href":"https:\/\/galeriamiejska.pl\/en\/wp-json\/wp\/v2\/posts\/6867\/revisions"}],"predecessor-version":[{"id":6976,"href":"https:\/\/galeriamiejska.pl\/en\/wp-json\/wp\/v2\/posts\/6867\/revisions\/6976"}],"wp:featuredmedia":[{"embeddable":true,"href":"https:\/\/galeriamiejska.pl\/en\/wp-json\/wp\/v2\/media\/6879"}],"wp:attachment":[{"href":"https:\/\/galeriamiejska.pl\/en\/wp-json\/wp\/v2\/media?parent=6867"}],"wp:term":[{"taxonomy":"category","embeddable":true,"href":"https:\/\/galeriamiejska.pl\/en\/wp-json\/wp\/v2\/categories?post=6867"},{"taxonomy":"post_tag","embeddable":true,"href":"https:\/\/galeriamiejska.pl\/en\/wp-json\/wp\/v2\/tags?post=6867"}],"curies":[{"name":"wp","href":"https:\/\/api.w.org\/{rel}","templated":true}]}}