{"id":6829,"date":"2024-10-31T15:15:05","date_gmt":"2024-10-31T15:15:05","guid":{"rendered":"https:\/\/galeriamiejska.pl\/?p=6829"},"modified":"2024-12-09T12:21:33","modified_gmt":"2024-12-09T12:21:33","slug":"","status":"publish","type":"post","link":"https:\/\/galeriamiejska.pl\/en\/silesium-est-memoria-memoria-est-silentium\/","title":{"rendered":"","raw":""},"content":{"rendered":"","protected":false,"raw":""},"excerpt":{"rendered":"","protected":false,"raw":""},"author":1,"featured_media":6839,"comment_status":"open","ping_status":"open","sticky":false,"template":"","format":"standard","meta":{"_pl_post_content":"<!-- wp:paragraph -->\n<p><strong>Wydawca:<\/strong>&nbsp;Galeria Miejska we Wroc\u0142awiu<br><strong>Tekst:<\/strong>&nbsp;Aleksander Jasi\u0144ski, Miros\u0142aw Jasi\u0144ski, Andrzej Mazur, Katarzyna Zahorska<br><strong>Zdj\u0119cia:<\/strong>&nbsp;archiwum artyst\u00f3w<br><strong>Opracowanie graficzne:<\/strong> Agnieszka Sobczy\u0144ska 4M<br><strong>T\u0142umaczenia i korekta:&nbsp;<\/strong>Joanna Hardukiewicz, Marta Kaczmarek<br><strong>ISBN:&nbsp;<\/strong>978-83-969625-9-1<\/p>\n<!-- \/wp:paragraph -->\n\n<!-- wp:paragraph -->\n<p>Cena publikacji: 40 z\u0142<br>88 strony, 20,5\u00d726,5 cm, oprawa mi\u0119kka<\/p>\n<!-- \/wp:paragraph -->\n\n<!-- wp:paragraph -->\n<p>Katalog do nabycia w&nbsp;Galerii Miejskiej we Wroc\u0142awiu ul. Kie\u0142ba\u015bnicza 28.<br>Przyjmujemy r\u00f3wnie\u017c zam\u00f3wienia pod adresem biuro@galeriamiejska.pl<\/p>\n<!-- \/wp:paragraph -->\n\n<!-- wp:columns -->\n<div class=\"wp-block-columns\"><!-- wp:column -->\n<div class=\"wp-block-column\"><\/div>\n<!-- \/wp:column -->\n\n<!-- wp:column -->\n<div class=\"wp-block-column\"><\/div>\n<!-- \/wp:column --><\/div>\n<!-- \/wp:columns -->\n\n<!-- wp:columns -->\n<div class=\"wp-block-columns\"><!-- wp:column -->\n<div class=\"wp-block-column\"><!-- wp:image {\"id\":6830,\"sizeSlug\":\"large\",\"linkDestination\":\"media\"} -->\n<figure class=\"wp-block-image size-large\"><a href=\"https:\/\/galeriamiejska.pl\/wp-content\/uploads\/2024\/10\/IMG_4335-scaled.jpg\"><img src=\"https:\/\/galeriamiejska.pl\/wp-content\/uploads\/2024\/10\/IMG_4335-1024x683.jpg\" alt=\"\" class=\"wp-image-6830\"\/><\/a><figcaption class=\"wp-element-caption\">katalog wystawy Silesium est memoria, memoria est silentium - ok\u0142adka prz\u00f3d<\/figcaption><\/figure>\n<!-- \/wp:image --><\/div>\n<!-- \/wp:column -->\n\n<!-- wp:column -->\n<div class=\"wp-block-column\"><!-- wp:image {\"id\":6831,\"sizeSlug\":\"large\",\"linkDestination\":\"media\"} -->\n<figure class=\"wp-block-image size-large\"><a href=\"https:\/\/galeriamiejska.pl\/wp-content\/uploads\/2024\/10\/IMG_4338-scaled.jpg\"><img src=\"https:\/\/galeriamiejska.pl\/wp-content\/uploads\/2024\/10\/IMG_4338-1024x683.jpg\" alt=\"\" class=\"wp-image-6831\"\/><\/a><figcaption class=\"wp-element-caption\">katalog wystawy Silesium est memoria, memoria est silentium - ok\u0142adka ty\u0142<\/figcaption><\/figure>\n<!-- \/wp:image --><\/div>\n<!-- \/wp:column -->\n\n<!-- wp:column -->\n<div class=\"wp-block-column\"><!-- wp:image {\"id\":6832,\"sizeSlug\":\"large\",\"linkDestination\":\"media\"} -->\n<figure class=\"wp-block-image size-large\"><a href=\"https:\/\/galeriamiejska.pl\/wp-content\/uploads\/2024\/10\/IMG_4341-scaled.jpg\"><img src=\"https:\/\/galeriamiejska.pl\/wp-content\/uploads\/2024\/10\/IMG_4341-1024x683.jpg\" alt=\"\" class=\"wp-image-6832\"\/><\/a><figcaption class=\"wp-element-caption\">katalog wystawy Silesium est memoria, memoria est silentium - wn\u0119trze<\/figcaption><\/figure>\n<!-- \/wp:image --><\/div>\n<!-- \/wp:column --><\/div>\n<!-- \/wp:columns -->\n\n<!-- wp:columns -->\n<div class=\"wp-block-columns\"><!-- wp:column -->\n<div class=\"wp-block-column\"><!-- wp:image {\"id\":6833,\"sizeSlug\":\"large\",\"linkDestination\":\"media\"} -->\n<figure class=\"wp-block-image size-large\"><a href=\"https:\/\/galeriamiejska.pl\/wp-content\/uploads\/2024\/10\/IMG_4343-scaled.jpg\"><img src=\"https:\/\/galeriamiejska.pl\/wp-content\/uploads\/2024\/10\/IMG_4343-1024x683.jpg\" alt=\"\" class=\"wp-image-6833\"\/><\/a><figcaption class=\"wp-element-caption\">katalog wystawy Silesium est memoria, memoria est silentium - wn\u0119trze<\/figcaption><\/figure>\n<!-- \/wp:image --><\/div>\n<!-- \/wp:column -->\n\n<!-- wp:column -->\n<div class=\"wp-block-column\"><!-- wp:image {\"id\":6838,\"sizeSlug\":\"large\",\"linkDestination\":\"media\"} -->\n<figure class=\"wp-block-image size-large\"><a href=\"https:\/\/galeriamiejska.pl\/wp-content\/uploads\/2024\/10\/IMG_4350-scaled.jpg\"><img src=\"https:\/\/galeriamiejska.pl\/wp-content\/uploads\/2024\/10\/IMG_4350-1024x683.jpg\" alt=\"\" class=\"wp-image-6838\"\/><\/a><figcaption class=\"wp-element-caption\">katalog wystawy Silesium est memoria, memoria est silentium - wn\u0119trze<\/figcaption><\/figure>\n<!-- \/wp:image --><\/div>\n<!-- \/wp:column -->\n\n<!-- wp:column -->\n<div class=\"wp-block-column\"><!-- wp:image {\"id\":6834,\"sizeSlug\":\"large\",\"linkDestination\":\"media\"} -->\n<figure class=\"wp-block-image size-large\"><a href=\"https:\/\/galeriamiejska.pl\/wp-content\/uploads\/2024\/10\/IMG_4344-scaled.jpg\"><img src=\"https:\/\/galeriamiejska.pl\/wp-content\/uploads\/2024\/10\/IMG_4344-1024x683.jpg\" alt=\"\" class=\"wp-image-6834\"\/><\/a><figcaption class=\"wp-element-caption\">katalog wystawy Silesium est memoria, memoria est silentium - wn\u0119trze<\/figcaption><\/figure>\n<!-- \/wp:image --><\/div>\n<!-- \/wp:column --><\/div>\n<!-- \/wp:columns -->\n\n<!-- wp:columns -->\n<div class=\"wp-block-columns\"><!-- wp:column -->\n<div class=\"wp-block-column\"><!-- wp:image {\"id\":6835,\"sizeSlug\":\"large\",\"linkDestination\":\"media\"} -->\n<figure class=\"wp-block-image size-large\"><a href=\"https:\/\/galeriamiejska.pl\/wp-content\/uploads\/2024\/10\/IMG_4345-scaled.jpg\"><img src=\"https:\/\/galeriamiejska.pl\/wp-content\/uploads\/2024\/10\/IMG_4345-1024x683.jpg\" alt=\"\" class=\"wp-image-6835\"\/><\/a><figcaption class=\"wp-element-caption\">katalog wystawy Silesium est memoria, memoria est silentium - wn\u0119trze<\/figcaption><\/figure>\n<!-- \/wp:image --><\/div>\n<!-- \/wp:column -->\n\n<!-- wp:column -->\n<div class=\"wp-block-column\"><!-- wp:image {\"id\":6836,\"sizeSlug\":\"large\",\"linkDestination\":\"media\"} -->\n<figure class=\"wp-block-image size-large\"><a href=\"https:\/\/galeriamiejska.pl\/wp-content\/uploads\/2024\/10\/IMG_4346-scaled.jpg\"><img src=\"https:\/\/galeriamiejska.pl\/wp-content\/uploads\/2024\/10\/IMG_4346-1024x683.jpg\" alt=\"\" class=\"wp-image-6836\"\/><\/a><figcaption class=\"wp-element-caption\">katalog wystawy Silesium est memoria, memoria est silentium - wn\u0119trze<\/figcaption><\/figure>\n<!-- \/wp:image --><\/div>\n<!-- \/wp:column -->\n\n<!-- wp:column -->\n<div class=\"wp-block-column\"><!-- wp:image {\"id\":6837,\"sizeSlug\":\"large\",\"linkDestination\":\"media\"} -->\n<figure class=\"wp-block-image size-large\"><a href=\"https:\/\/galeriamiejska.pl\/wp-content\/uploads\/2024\/10\/IMG_4347-scaled.jpg\"><img src=\"https:\/\/galeriamiejska.pl\/wp-content\/uploads\/2024\/10\/IMG_4347-1024x683.jpg\" alt=\"\" class=\"wp-image-6837\"\/><\/a><figcaption class=\"wp-element-caption\">katalog wystawy Silesium est memoria, memoria est silentium - wn\u0119trze<\/figcaption><\/figure>\n<!-- \/wp:image --><\/div>\n<!-- \/wp:column --><\/div>\n<!-- \/wp:columns -->\n\n<!-- wp:paragraph -->\n<p><\/p>\n<!-- \/wp:paragraph -->","_pl_post_name":"silesium-est-memoria-memoria-est-silentium","_pl_post_excerpt":"katalog wystawy zbiorowej grupy Silesium","_pl_post_title":"Silesium est memoria, memoria est silentium","_en_post_content":"","_en_post_name":"","_en_post_excerpt":"","_en_post_title":"","edit_language":"en","footnotes":""},"categories":[15,16],"tags":[31,33,188,26],"class_list":["post-6829","post","type-post","status-publish","format-standard","has-post-thumbnail","hentry","category-sklep","category-wydawnictwa","tag-galeria-miejska-we-wroclawiu","tag-katalog","tag-silesium","tag-wystawa"],"yoast_head":"<!-- This site is optimized with the Yoast SEO plugin v16.8 - https:\/\/yoast.com\/wordpress\/plugins\/seo\/ -->\n<title>Silesium est memoria, memoria est silentium - Galeria Miejska we Wroc\u0142awiu<\/title>\n<meta name=\"robots\" content=\"index, follow, max-snippet:-1, max-image-preview:large, max-video-preview:-1\" \/>\n<link rel=\"canonical\" href=\"https:\/\/galeriamiejska.pl\/en\/silesium-est-memoria-memoria-est-silentium\/\" \/>\n<meta property=\"og:locale\" content=\"en_US\" \/>\n<meta property=\"og:type\" content=\"article\" \/>\n<meta property=\"og:title\" content=\"Silesium est memoria, memoria est silentium - Galeria Miejska we Wroc\u0142awiu\" \/>\n<meta property=\"og:description\" content=\"katalog wystawy zbiorowej grupy Silesium\" \/>\n<meta property=\"og:url\" content=\"https:\/\/galeriamiejska.pl\/en\/silesium-est-memoria-memoria-est-silentium\/\" \/>\n<meta property=\"og:site_name\" content=\"Galeria Miejska we Wroc\u0142awiu\" \/>\n<meta property=\"article:published_time\" content=\"2024-10-31T15:15:05+00:00\" \/>\n<meta property=\"article:modified_time\" content=\"2024-12-09T12:21:33+00:00\" \/>\n<meta property=\"og:image\" content=\"https:\/\/galeriamiejska.pl\/wp-content\/uploads\/2024\/10\/Silesium-katalog.png\" \/>\n\t<meta property=\"og:image:width\" content=\"640\" \/>\n\t<meta property=\"og:image:height\" content=\"340\" \/>\n<meta name=\"twitter:card\" content=\"summary_large_image\" \/>\n<meta name=\"twitter:label1\" content=\"Written by\" \/>\n\t<meta name=\"twitter:data1\" content=\"admin\" \/>\n\t<meta name=\"twitter:label2\" content=\"Est. reading time\" \/>\n\t<meta name=\"twitter:data2\" content=\"1 minute\" \/>\n<script type=\"application\/ld+json\" class=\"yoast-schema-graph\">{\"@context\":\"https:\/\/schema.org\",\"@graph\":[{\"@type\":\"WebSite\",\"@id\":\"https:\/\/galeriamiejska.pl\/en\/#website\",\"url\":\"https:\/\/galeriamiejska.pl\/en\/\",\"name\":\"Galeria Miejska we Wroc\\u0142awiu\",\"description\":\"\",\"potentialAction\":[{\"@type\":\"SearchAction\",\"target\":{\"@type\":\"EntryPoint\",\"urlTemplate\":\"https:\/\/galeriamiejska.pl\/en\/?s={search_term_string}\"},\"query-input\":\"required name=search_term_string\"}],\"inLanguage\":\"\"},{\"@type\":\"ImageObject\",\"@id\":\"https:\/\/galeriamiejska.pl\/en\/silesium-est-memoria-memoria-est-silentium\/#primaryimage\",\"inLanguage\":\"\",\"url\":\"https:\/\/galeriamiejska.pl\/wp-content\/uploads\/2024\/10\/Silesium-katalog.png\",\"contentUrl\":\"https:\/\/galeriamiejska.pl\/wp-content\/uploads\/2024\/10\/Silesium-katalog.png\",\"width\":640,\"height\":340},{\"@type\":\"WebPage\",\"@id\":\"https:\/\/galeriamiejska.pl\/en\/silesium-est-memoria-memoria-est-silentium\/#webpage\",\"url\":\"https:\/\/galeriamiejska.pl\/en\/silesium-est-memoria-memoria-est-silentium\/\",\"name\":\"Silesium est memoria, memoria est silentium - Galeria Miejska we Wroc\\u0142awiu\",\"isPartOf\":{\"@id\":\"https:\/\/galeriamiejska.pl\/en\/#website\"},\"primaryImageOfPage\":{\"@id\":\"https:\/\/galeriamiejska.pl\/en\/silesium-est-memoria-memoria-est-silentium\/#primaryimage\"},\"datePublished\":\"2024-10-31T15:15:05+00:00\",\"dateModified\":\"2024-12-09T12:21:33+00:00\",\"author\":{\"@id\":\"https:\/\/galeriamiejska.pl\/en\/#\/schema\/person\/cd4f04b0a13c9114f95e23b489b6f9cb\"},\"breadcrumb\":{\"@id\":\"https:\/\/galeriamiejska.pl\/en\/silesium-est-memoria-memoria-est-silentium\/#breadcrumb\"},\"inLanguage\":\"\",\"potentialAction\":[{\"@type\":\"ReadAction\",\"target\":[\"https:\/\/galeriamiejska.pl\/en\/silesium-est-memoria-memoria-est-silentium\/\"]}]},{\"@type\":\"BreadcrumbList\",\"@id\":\"https:\/\/galeriamiejska.pl\/en\/silesium-est-memoria-memoria-est-silentium\/#breadcrumb\",\"itemListElement\":[{\"@type\":\"ListItem\",\"position\":1,\"name\":\"Strona g\\u0142\\u00f3wna\",\"item\":\"https:\/\/galeriamiejska.pl\/en\/\"},{\"@type\":\"ListItem\",\"position\":2,\"name\":\"Silesium est memoria, memoria est silentium\"}]},{\"@type\":\"Person\",\"@id\":\"https:\/\/galeriamiejska.pl\/en\/#\/schema\/person\/cd4f04b0a13c9114f95e23b489b6f9cb\",\"name\":\"admin\",\"image\":{\"@type\":\"ImageObject\",\"@id\":\"https:\/\/galeriamiejska.pl\/en\/#personlogo\",\"inLanguage\":\"\",\"url\":\"https:\/\/secure.gravatar.com\/avatar\/3ded5a36984f92b80e2d99cc96780fe89cd37f7fd652108d182620efbb1566fd?s=96&d=mm&r=g\",\"contentUrl\":\"https:\/\/secure.gravatar.com\/avatar\/3ded5a36984f92b80e2d99cc96780fe89cd37f7fd652108d182620efbb1566fd?s=96&d=mm&r=g\",\"caption\":\"admin\"},\"sameAs\":[\"http:\/\/galeriamiejska.pl\"],\"url\":\"https:\/\/galeriamiejska.pl\/en\/author\/admin\/\"}]}<\/script>\n<!-- \/ Yoast SEO plugin. -->","yoast_head_json":{"title":"Silesium est memoria, memoria est silentium - Galeria Miejska we Wroc\u0142awiu","robots":{"index":"index","follow":"follow","max-snippet":"max-snippet:-1","max-image-preview":"max-image-preview:large","max-video-preview":"max-video-preview:-1"},"canonical":"https:\/\/galeriamiejska.pl\/en\/silesium-est-memoria-memoria-est-silentium\/","og_locale":"en_US","og_type":"article","og_title":"Silesium est memoria, memoria est silentium - Galeria Miejska we Wroc\u0142awiu","og_description":"katalog wystawy zbiorowej grupy Silesium","og_url":"https:\/\/galeriamiejska.pl\/en\/silesium-est-memoria-memoria-est-silentium\/","og_site_name":"Galeria Miejska we Wroc\u0142awiu","article_published_time":"2024-10-31T15:15:05+00:00","article_modified_time":"2024-12-09T12:21:33+00:00","og_image":[{"width":640,"height":340,"filesize":253824,"url":"https:\/\/galeriamiejska.pl\/wp-content\/uploads\/2024\/10\/Silesium-katalog.png","path":"\/autoinstalator\/wordpress\/wp-content\/uploads\/2024\/10\/Silesium-katalog.png","size":"full","id":6839,"alt":"","pixels":217600,"type":"image\/png"}],"twitter_card":"summary_large_image","twitter_misc":{"Written by":"admin","Est. reading time":"1 minute"},"schema":{"@context":"https:\/\/schema.org","@graph":[{"@type":"WebSite","@id":"https:\/\/galeriamiejska.pl\/en\/#website","url":"https:\/\/galeriamiejska.pl\/en\/","name":"Galeria Miejska we Wroc\u0142awiu","description":"","potentialAction":[{"@type":"SearchAction","target":{"@type":"EntryPoint","urlTemplate":"https:\/\/galeriamiejska.pl\/en\/?s={search_term_string}"},"query-input":"required name=search_term_string"}],"inLanguage":""},{"@type":"ImageObject","@id":"https:\/\/galeriamiejska.pl\/en\/silesium-est-memoria-memoria-est-silentium\/#primaryimage","inLanguage":"","url":"https:\/\/galeriamiejska.pl\/wp-content\/uploads\/2024\/10\/Silesium-katalog.png","contentUrl":"https:\/\/galeriamiejska.pl\/wp-content\/uploads\/2024\/10\/Silesium-katalog.png","width":640,"height":340},{"@type":"WebPage","@id":"https:\/\/galeriamiejska.pl\/en\/silesium-est-memoria-memoria-est-silentium\/#webpage","url":"https:\/\/galeriamiejska.pl\/en\/silesium-est-memoria-memoria-est-silentium\/","name":"Silesium est memoria, memoria est silentium - Galeria Miejska we Wroc\u0142awiu","isPartOf":{"@id":"https:\/\/galeriamiejska.pl\/en\/#website"},"primaryImageOfPage":{"@id":"https:\/\/galeriamiejska.pl\/en\/silesium-est-memoria-memoria-est-silentium\/#primaryimage"},"datePublished":"2024-10-31T15:15:05+00:00","dateModified":"2024-12-09T12:21:33+00:00","author":{"@id":"https:\/\/galeriamiejska.pl\/en\/#\/schema\/person\/cd4f04b0a13c9114f95e23b489b6f9cb"},"breadcrumb":{"@id":"https:\/\/galeriamiejska.pl\/en\/silesium-est-memoria-memoria-est-silentium\/#breadcrumb"},"inLanguage":"","potentialAction":[{"@type":"ReadAction","target":["https:\/\/galeriamiejska.pl\/en\/silesium-est-memoria-memoria-est-silentium\/"]}]},{"@type":"BreadcrumbList","@id":"https:\/\/galeriamiejska.pl\/en\/silesium-est-memoria-memoria-est-silentium\/#breadcrumb","itemListElement":[{"@type":"ListItem","position":1,"name":"Strona g\u0142\u00f3wna","item":"https:\/\/galeriamiejska.pl\/en\/"},{"@type":"ListItem","position":2,"name":"Silesium est memoria, memoria est silentium"}]},{"@type":"Person","@id":"https:\/\/galeriamiejska.pl\/en\/#\/schema\/person\/cd4f04b0a13c9114f95e23b489b6f9cb","name":"admin","image":{"@type":"ImageObject","@id":"https:\/\/galeriamiejska.pl\/en\/#personlogo","inLanguage":"","url":"https:\/\/secure.gravatar.com\/avatar\/3ded5a36984f92b80e2d99cc96780fe89cd37f7fd652108d182620efbb1566fd?s=96&d=mm&r=g","contentUrl":"https:\/\/secure.gravatar.com\/avatar\/3ded5a36984f92b80e2d99cc96780fe89cd37f7fd652108d182620efbb1566fd?s=96&d=mm&r=g","caption":"admin"},"sameAs":["http:\/\/galeriamiejska.pl"],"url":"https:\/\/galeriamiejska.pl\/en\/author\/admin\/"}]}},"_links":{"self":[{"href":"https:\/\/galeriamiejska.pl\/en\/wp-json\/wp\/v2\/posts\/6829","targetHints":{"allow":["GET"]}}],"collection":[{"href":"https:\/\/galeriamiejska.pl\/en\/wp-json\/wp\/v2\/posts"}],"about":[{"href":"https:\/\/galeriamiejska.pl\/en\/wp-json\/wp\/v2\/types\/post"}],"author":[{"embeddable":true,"href":"https:\/\/galeriamiejska.pl\/en\/wp-json\/wp\/v2\/users\/1"}],"replies":[{"embeddable":true,"href":"https:\/\/galeriamiejska.pl\/en\/wp-json\/wp\/v2\/comments?post=6829"}],"version-history":[{"count":7,"href":"https:\/\/galeriamiejska.pl\/en\/wp-json\/wp\/v2\/posts\/6829\/revisions"}],"predecessor-version":[{"id":6875,"href":"https:\/\/galeriamiejska.pl\/en\/wp-json\/wp\/v2\/posts\/6829\/revisions\/6875"}],"wp:featuredmedia":[{"embeddable":true,"href":"https:\/\/galeriamiejska.pl\/en\/wp-json\/wp\/v2\/media\/6839"}],"wp:attachment":[{"href":"https:\/\/galeriamiejska.pl\/en\/wp-json\/wp\/v2\/media?parent=6829"}],"wp:term":[{"taxonomy":"category","embeddable":true,"href":"https:\/\/galeriamiejska.pl\/en\/wp-json\/wp\/v2\/categories?post=6829"},{"taxonomy":"post_tag","embeddable":true,"href":"https:\/\/galeriamiejska.pl\/en\/wp-json\/wp\/v2\/tags?post=6829"}],"curies":[{"name":"wp","href":"https:\/\/api.w.org\/{rel}","templated":true}]}}