{"id":6700,"date":"2024-07-04T18:24:06","date_gmt":"2024-07-04T18:24:06","guid":{"rendered":"https:\/\/galeriamiejska.pl\/?p=6700"},"modified":"2024-07-15T13:50:55","modified_gmt":"2024-07-15T13:50:55","slug":"","status":"publish","type":"post","link":"https:\/\/galeriamiejska.pl\/en\/dyplomy-2024-lipiec\/","title":{"rendered":"","raw":""},"content":{"rendered":"","protected":false,"raw":""},"excerpt":{"rendered":"","protected":false,"raw":""},"author":1,"featured_media":6709,"comment_status":"open","ping_status":"open","sticky":false,"template":"","format":"standard","meta":{"_pl_post_content":"<!-- wp:paragraph -->\n<p>Zapraszamy na drug\u0105 cz\u0119\u015b\u0107 lipcowych dyplom\u00f3w w Galerii Miejskiej we Wroc\u0142awiu. Tym razem wn\u0119trza wype\u0142ni\u0105 prace Katarzyny Banasiak oraz Filipa Kopecia. Ekspozycje mo\u017cna ogl\u0105da\u0107 od 8 do 11 lipca 2024.<\/p>\n<!-- \/wp:paragraph -->\n\n<!-- wp:paragraph -->\n<p><strong>Kasia Banasiak<\/strong><\/p>\n<!-- \/wp:paragraph -->\n\n<!-- wp:paragraph -->\n<p>Robi\u0142o si\u0119 coraz ciemniej, a nawet troch\u0119 strasznie,<br>wi\u0119c postanowi\u0142y\u015bmy za\u015bpiewa\u0107 sobie ko\u0142ysank\u0119<\/p>\n<!-- \/wp:paragraph -->\n\n<!-- wp:paragraph -->\n<p>Wystawa sk\u0142ada si\u0119 z trzech cz\u0119\u015bci:<\/p>\n<!-- \/wp:paragraph -->\n\n<!-- wp:paragraph -->\n<p>1. Pie\u015b\u0144 w przestrzeni - cykl obiekt\u00f3w ksi\u0105\u017ckowych, Promotorka: dr Joanna Skrzypiec - \u017buchowska<br>2. Pomniki w\u0142asnej mitologii - cykl rze\u017ab sensorycznych Promotorka: dr Agnieszka Jarz\u0105b<br>3. Kronika, tworzenie mitu jako obraz malarskich paraboli, Promotorka: prof. Anna Maria Kramm<\/p>\n<!-- \/wp:paragraph -->\n\n<!-- wp:paragraph -->\n<p>Sceny z mojej rzeczywisto\u015bci przekszta\u0142cam na ba\u015bniowe pejza\u017ce. Projektuj\u0119 uniwersum, w kt\u00f3rym jestem g\u0142\u00f3wn\u0105 bohaterk\u0105 (w my\u015bl Never Ending Story). Moje prace opieraj\u0105 si\u0119 na analizie w\u0142asnego cia\u0142a i psychiki w kolejnych etapach dorastania. Interesuje mnie narracyjne podej\u015bcie do sztuki wizualnej, daj\u0105ce pod\u0142o\u017ce do stworzenia mitologii na podstawie mojego odczuwania \u015bwiata. Staram si\u0119 je zmaterializowa\u0107 w postaci obraz\u00f3w, rze\u017ab oraz form lalkowych. Projekt jest poszukiwaniem zrozumienia dla w\u0142asnych prze\u017cy\u0107 i pr\u00f3b\u0105 okre\u015blenia swojego miejsca i to\u017csamo\u015bci, jego cz\u0119\u015b\u0107 zosta\u0142a wi\u0119c oparta na tradycyjnych pie\u015bniach z mojego regionu, czyli Lubelszczyzny.<\/p>\n<!-- \/wp:paragraph -->\n\n<!-- wp:paragraph -->\n<p>bio:<br>Kasia Banasiak - artystka wizualna i animatorka kultury, studentka wroc\u0142awskiej ASP na kierunkach grafika oraz scenografia. Zajmuje si\u0119 g\u0142\u00f3wnie malarstwem, rze\u017ab\u0105 i scenografi\u0105. Razem z przyjaci\u00f3\u0142mi z kolektywu ,,Zbi\u00f3r'' prowadzi offow\u0105 galeri\u0119 sztuki ,,Serwis'' na wroc\u0142awskich Gajowicach, wsp\u00f3\u0142organizatorka i kuratorka wydarze\u0144 w tym miejscu oraz wsp\u00f3\u0142organizatorka festiwalu Wroc\u0142aw Off Gallery Weekend. Laureatka stypendium MKIDN oraz uczestniczka wystaw krajowych i mi\u0119dzynarodowych, m.in. Biennale Grafiki ,,Przeciwcia\u0142a'' w Galerii Arsena\u0142 w Poznaniu, Mi\u0119dzynarodowego Przegl\u0105du Ksi\u0105\u017cki Studenckiej BOOK VISION w Ostrawie oraz 46. Biennale Malarstwa ,,Bielska Jesie\u0144'' w Galerii Bielskiej BWA.<\/p>\n<!-- \/wp:paragraph -->\n\n<!-- wp:spacer {\"height\":\"32px\"} -->\n<div style=\"height:32px\" aria-hidden=\"true\" class=\"wp-block-spacer\"><\/div>\n<!-- \/wp:spacer -->\n\n<!-- wp:columns -->\n<div class=\"wp-block-columns\"><!-- wp:column -->\n<div class=\"wp-block-column\"><!-- wp:image {\"id\":6701,\"width\":\"319px\",\"height\":\"auto\",\"sizeSlug\":\"large\",\"linkDestination\":\"media\"} -->\n<figure class=\"wp-block-image size-large is-resized\"><a href=\"https:\/\/galeriamiejska.pl\/wp-content\/uploads\/2024\/07\/Kasia-Banasiak-Labedz-rzezba-sensoryczna-2024-scaled.jpg\"><img src=\"https:\/\/galeriamiejska.pl\/wp-content\/uploads\/2024\/07\/Kasia-Banasiak-Labedz-rzezba-sensoryczna-2024-683x1024.jpg\" alt=\"\" class=\"wp-image-6701\" style=\"width:319px;height:auto\"\/><\/a><figcaption class=\"wp-element-caption\">Kasia Banasiak, \u0141ab\u0119d\u017a, rze\u017aba sensoryczna, 2024<\/figcaption><\/figure>\n<!-- \/wp:image --><\/div>\n<!-- \/wp:column -->\n\n<!-- wp:column -->\n<div class=\"wp-block-column\"><!-- wp:image {\"id\":6704,\"width\":\"346px\",\"height\":\"auto\",\"sizeSlug\":\"large\",\"linkDestination\":\"media\"} -->\n<figure class=\"wp-block-image size-large is-resized\"><a href=\"https:\/\/galeriamiejska.pl\/wp-content\/uploads\/2024\/07\/Kasia-Banasiak-Wypatruje-zwiastowanioa-technika-mieszana-na-plotnie-2024-scaled.jpg\"><img src=\"https:\/\/galeriamiejska.pl\/wp-content\/uploads\/2024\/07\/Kasia-Banasiak-Wypatruje-zwiastowanioa-technika-mieszana-na-plotnie-2024-728x1024.jpg\" alt=\"\" class=\"wp-image-6704\" style=\"width:346px;height:auto\"\/><\/a><figcaption class=\"wp-element-caption\">Kasia Banasiak, Wypatruj\u0119 zwiastowania, technika mieszana na p\u0142\u00f3tnie, 2024<\/figcaption><\/figure>\n<!-- \/wp:image --><\/div>\n<!-- \/wp:column --><\/div>\n<!-- \/wp:columns -->\n\n<!-- wp:columns -->\n<div class=\"wp-block-columns\"><!-- wp:column -->\n<div class=\"wp-block-column\"><!-- wp:image {\"id\":6702,\"sizeSlug\":\"large\",\"linkDestination\":\"media\"} -->\n<figure class=\"wp-block-image size-large\"><a href=\"https:\/\/galeriamiejska.pl\/wp-content\/uploads\/2024\/07\/Kasia-Banasiak-Niedziela-godzina-16-technika-mieszana-na-plotnie-2023-scaled.jpg\"><img src=\"https:\/\/galeriamiejska.pl\/wp-content\/uploads\/2024\/07\/Kasia-Banasiak-Niedziela-godzina-16-technika-mieszana-na-plotnie-2023-1024x932.jpg\" alt=\"\" class=\"wp-image-6702\"\/><\/a><figcaption class=\"wp-element-caption\">Kasia Banasiak, Niedziela, godzina 16, technika mieszana na p\u0142\u00f3tnie, 2023<\/figcaption><\/figure>\n<!-- \/wp:image --><\/div>\n<!-- \/wp:column -->\n\n<!-- wp:column -->\n<div class=\"wp-block-column\"><!-- wp:image {\"id\":6703,\"sizeSlug\":\"large\",\"linkDestination\":\"media\"} -->\n<figure class=\"wp-block-image size-large\"><a href=\"https:\/\/galeriamiejska.pl\/wp-content\/uploads\/2024\/07\/Kasia-Banasiak-Piesn-w-przestrzeni-Skrzynia-obiekt-sensoryczny-2024-scaled.jpg\"><img src=\"https:\/\/galeriamiejska.pl\/wp-content\/uploads\/2024\/07\/Kasia-Banasiak-Piesn-w-przestrzeni-Skrzynia-obiekt-sensoryczny-2024-1024x647.jpg\" alt=\"\" class=\"wp-image-6703\"\/><\/a><figcaption class=\"wp-element-caption\">Kasia Banasiak, Pie\u015b\u0144 w przestrzeni - Skrzynia, obiekt sensoryczny, 2024<\/figcaption><\/figure>\n<!-- \/wp:image --><\/div>\n<!-- \/wp:column --><\/div>\n<!-- \/wp:columns -->\n\n<!-- wp:spacer {\"height\":\"41px\"} -->\n<div style=\"height:41px\" aria-hidden=\"true\" class=\"wp-block-spacer\"><\/div>\n<!-- \/wp:spacer -->\n\n<!-- wp:paragraph -->\n<p><strong>Filip Kope\u0107<\/strong><\/p>\n<!-- \/wp:paragraph -->\n\n<!-- wp:paragraph -->\n<p>1. Tygiel, cz\u0119\u015b\u0107 cyklu malarskiego, Promotor: dr hab. Norman Smu\u017cniak, prof. ASP<br>2. Misja na Kepler 89-a, instalacja, cykl obiekt\u00f3w, Promotor: prof. Wojciech Pukocz<\/p>\n<!-- \/wp:paragraph -->\n\n<!-- wp:paragraph -->\n<p>Spos\u00f3b przedstawiania na obrazach oparty zosta\u0142 w przewa\u017caj\u0105cej mierze na \u015bredniowiecznych iluminacjach. Odwo\u0142anie to wymusza korzystanie z zaburzonej perspektywy oraz podkre\u015bla ilustracyjny charakter obraz\u00f3w. Wynikiem pracy s\u0105 ba\u015bniowe pejza\u017ce, na kt\u00f3rych formy i barwy k\u0142\u0119bi\u0105 si\u0119, tworz\u0105c swego rodzaju tygiel. Motywami przewijaj\u0105cymi si\u0119 przez z grubsza wszystkie prace s\u0105 sznury, ogie\u0144, wybuchy czy mury. Maj\u0105 one by\u0107 no\u015bnikami si\u0142 fizycznych i zawiera\u0107 w sobie pewne potencje. Obrazy przedstawiaj\u0105 wi\u0119c opowie\u015bci o si\u0142ach: pl\u0105taniu, wstrzymaniu, przyci\u0105ganiu, odrzucie, ogniu i przemocy. Tytu\u0142 serii odnosi si\u0119 do mieszaniny, w kt\u00f3rej powsta\u0142o \u017cycie. Roztworu wydarzania si\u0119, nowych sytuacji, dialektycznego napi\u0119cia. Na obrazach ukazany zosta\u0142 \u015bwiat kt\u00f3ry przekroczy\u0142 cz\u0142owieka, zostawi\u0142 po sobie co\u015b co z architektury i rzeczy martwych przeistacza si\u0119 w sw\u00f3j w\u0142asny byt, wywalcza swoj\u0105 w\u0142asn\u0105 podmiotowo\u015b\u0107.<\/p>\n<!-- \/wp:paragraph -->\n\n<!-- wp:paragraph -->\n<p>Misja na Kepler 89-a to prezentacja artefakt\u00f3w z misji na ow\u0105 planet\u0119 kt\u00f3ra odby\u0142a si\u0119 w roku 1976 z inicjatywy Zwi\u0105zku Radzieckiego. Zesp\u00f3\u0142 kosmonaut\u00f3w z Polski, NRD, ZSRR i Chin by\u0142 w stanie zbada\u0107 i przechwyci\u0107 kilka istniej\u0105cych na ziemiopodobnej planecie form \u017cycia kt\u00f3re zaprezentowane zostan\u0105 na ekspozycji. Pokazane zostan\u0105 te\u017c pami\u0105tki zwi\u0105zane z misj\u0105.<\/p>\n<!-- \/wp:paragraph -->\n\n<!-- wp:spacer {\"height\":\"30px\"} -->\n<div style=\"height:30px\" aria-hidden=\"true\" class=\"wp-block-spacer\"><\/div>\n<!-- \/wp:spacer -->\n\n<!-- wp:columns -->\n<div class=\"wp-block-columns\"><!-- wp:column -->\n<div class=\"wp-block-column\"><!-- wp:image {\"id\":6705,\"sizeSlug\":\"large\",\"linkDestination\":\"media\"} -->\n<figure class=\"wp-block-image size-large\"><a href=\"https:\/\/galeriamiejska.pl\/wp-content\/uploads\/2024\/07\/Zupa-pierwotna-1-akryl-i-olej-na-plycie-120x140cm-2024-scaled.jpg\"><img src=\"https:\/\/galeriamiejska.pl\/wp-content\/uploads\/2024\/07\/Zupa-pierwotna-1-akryl-i-olej-na-plycie-120x140cm-2024-901x1024.jpg\" alt=\"\" class=\"wp-image-6705\"\/><\/a><figcaption class=\"wp-element-caption\">Filip Kope\u0107, Zupa pierwotna 1, akryl i olej na p\u0142ycie, 120x140cm, 2024<\/figcaption><\/figure>\n<!-- \/wp:image --><\/div>\n<!-- \/wp:column -->\n\n<!-- wp:column -->\n<div class=\"wp-block-column\"><!-- wp:image {\"id\":6706,\"sizeSlug\":\"large\",\"linkDestination\":\"media\"} -->\n<figure class=\"wp-block-image size-large\"><a href=\"https:\/\/galeriamiejska.pl\/wp-content\/uploads\/2024\/07\/Zupa-pierwotna-2-akryl-i-olej-na-plycie-120x140cm-2024-scaled.jpg\"><img src=\"https:\/\/galeriamiejska.pl\/wp-content\/uploads\/2024\/07\/Zupa-pierwotna-2-akryl-i-olej-na-plycie-120x140cm-2024-854x1024.jpg\" alt=\"\" class=\"wp-image-6706\"\/><\/a><figcaption class=\"wp-element-caption\">Filip Kope\u0107, Zupa pierwotna 2, akryl i olej na p\u0142ycie, 120x140cm, 2024<\/figcaption><\/figure>\n<!-- \/wp:image --><\/div>\n<!-- \/wp:column --><\/div>\n<!-- \/wp:columns -->\n\n<!-- wp:columns -->\n<div class=\"wp-block-columns\"><!-- wp:column -->\n<div class=\"wp-block-column\"><!-- wp:image {\"id\":6707,\"sizeSlug\":\"large\",\"linkDestination\":\"media\"} -->\n<figure class=\"wp-block-image size-large\"><a href=\"https:\/\/galeriamiejska.pl\/wp-content\/uploads\/2024\/07\/Zupa-pierwotna-3-akryl-i-olej-na-plycie-120x140cm-2024--scaled.jpg\"><img src=\"https:\/\/galeriamiejska.pl\/wp-content\/uploads\/2024\/07\/Zupa-pierwotna-3-akryl-i-olej-na-plycie-120x140cm-2024--854x1024.jpg\" alt=\"\" class=\"wp-image-6707\"\/><\/a><figcaption class=\"wp-element-caption\">Filip Kope\u0107, Zupa pierwotna 3, akryl i olej na p\u0142ycie, 120x140cm, 2024<\/figcaption><\/figure>\n<!-- \/wp:image --><\/div>\n<!-- \/wp:column -->\n\n<!-- wp:column -->\n<div class=\"wp-block-column\"><!-- wp:image {\"id\":6708,\"sizeSlug\":\"large\",\"linkDestination\":\"media\"} -->\n<figure class=\"wp-block-image size-large\"><a href=\"https:\/\/galeriamiejska.pl\/wp-content\/uploads\/2024\/07\/Zupa-pierwotna-6-akryl-i-olej-na-plycie-120x140cm-2024.jpg\"><img src=\"https:\/\/galeriamiejska.pl\/wp-content\/uploads\/2024\/07\/Zupa-pierwotna-6-akryl-i-olej-na-plycie-120x140cm-2024-890x1024.jpg\" alt=\"\" class=\"wp-image-6708\"\/><\/a><figcaption class=\"wp-element-caption\">Filip Kope\u0107, Zupa pierwotna 6, akryl i olej na p\u0142ycie, 120x140cm, 2024<\/figcaption><\/figure>\n<!-- \/wp:image --><\/div>\n<!-- \/wp:column --><\/div>\n<!-- \/wp:columns -->","_pl_post_name":"dyplomy-2024-lipiec","_pl_post_excerpt":"Kasia Banasiak\/ Robi\u0142o si\u0119 coraz ciemniej, a nawet troch\u0119 strasznie, wi\u0119c postanowi\u0142y\u015bmy za\u015bpiewa\u0107 sobie ko\u0142ysank\u0119 oraz Filip Kope\u0107\/ Tygiel","_pl_post_title":"DYPLOMY 2024 (lipiec)","_en_post_content":"","_en_post_name":"","_en_post_excerpt":"","_en_post_title":"","edit_language":"en","footnotes":""},"categories":[10,8],"tags":[142],"class_list":["post-6700","post","type-post","status-publish","format-standard","has-post-thumbnail","hentry","category-archiwalne-wydarzenia","category-wydarzenia","tag-wystawa-dyplomowa"],"yoast_head":"<!-- This site is optimized with the Yoast SEO plugin v16.8 - https:\/\/yoast.com\/wordpress\/plugins\/seo\/ -->\n<title>DYPLOMY 2024 (lipiec) - Galeria Miejska we Wroc\u0142awiu<\/title>\n<meta name=\"robots\" content=\"index, follow, max-snippet:-1, max-image-preview:large, max-video-preview:-1\" \/>\n<link rel=\"canonical\" href=\"https:\/\/galeriamiejska.pl\/en\/dyplomy-2024-lipiec\/\" \/>\n<meta property=\"og:locale\" content=\"en_US\" \/>\n<meta property=\"og:type\" content=\"article\" \/>\n<meta property=\"og:title\" content=\"DYPLOMY 2024 (lipiec) - Galeria Miejska we Wroc\u0142awiu\" \/>\n<meta property=\"og:description\" content=\"Kasia Banasiak\/ Robi\u0142o si\u0119 coraz ciemniej, a nawet troch\u0119 strasznie, wi\u0119c postanowi\u0142y\u015bmy za\u015bpiewa\u0107 sobie ko\u0142ysank\u0119 oraz Filip Kope\u0107\/ Tygiel\" \/>\n<meta property=\"og:url\" content=\"https:\/\/galeriamiejska.pl\/en\/dyplomy-2024-lipiec\/\" \/>\n<meta property=\"og:site_name\" content=\"Galeria Miejska we Wroc\u0142awiu\" \/>\n<meta property=\"article:published_time\" content=\"2024-07-04T18:24:06+00:00\" \/>\n<meta property=\"article:modified_time\" content=\"2024-07-15T13:50:55+00:00\" \/>\n<meta property=\"og:image\" content=\"https:\/\/galeriamiejska.pl\/wp-content\/uploads\/2024\/07\/baner-na-strone.png\" \/>\n\t<meta property=\"og:image:width\" content=\"640\" \/>\n\t<meta property=\"og:image:height\" content=\"339\" \/>\n<meta name=\"twitter:card\" content=\"summary_large_image\" \/>\n<meta name=\"twitter:label1\" content=\"Written by\" \/>\n\t<meta name=\"twitter:data1\" content=\"admin\" \/>\n\t<meta name=\"twitter:label2\" content=\"Est. reading time\" \/>\n\t<meta name=\"twitter:data2\" content=\"3 minutes\" \/>\n<script type=\"application\/ld+json\" class=\"yoast-schema-graph\">{\"@context\":\"https:\/\/schema.org\",\"@graph\":[{\"@type\":\"WebSite\",\"@id\":\"https:\/\/galeriamiejska.pl\/en\/#website\",\"url\":\"https:\/\/galeriamiejska.pl\/en\/\",\"name\":\"Galeria Miejska we Wroc\\u0142awiu\",\"description\":\"\",\"potentialAction\":[{\"@type\":\"SearchAction\",\"target\":{\"@type\":\"EntryPoint\",\"urlTemplate\":\"https:\/\/galeriamiejska.pl\/en\/?s={search_term_string}\"},\"query-input\":\"required name=search_term_string\"}],\"inLanguage\":\"\"},{\"@type\":\"ImageObject\",\"@id\":\"https:\/\/galeriamiejska.pl\/en\/dyplomy-2024-lipiec\/#primaryimage\",\"inLanguage\":\"\",\"url\":\"https:\/\/galeriamiejska.pl\/wp-content\/uploads\/2024\/07\/baner-na-strone.png\",\"contentUrl\":\"https:\/\/galeriamiejska.pl\/wp-content\/uploads\/2024\/07\/baner-na-strone.png\",\"width\":640,\"height\":339},{\"@type\":\"WebPage\",\"@id\":\"https:\/\/galeriamiejska.pl\/en\/dyplomy-2024-lipiec\/#webpage\",\"url\":\"https:\/\/galeriamiejska.pl\/en\/dyplomy-2024-lipiec\/\",\"name\":\"DYPLOMY 2024 (lipiec) - Galeria Miejska we Wroc\\u0142awiu\",\"isPartOf\":{\"@id\":\"https:\/\/galeriamiejska.pl\/en\/#website\"},\"primaryImageOfPage\":{\"@id\":\"https:\/\/galeriamiejska.pl\/en\/dyplomy-2024-lipiec\/#primaryimage\"},\"datePublished\":\"2024-07-04T18:24:06+00:00\",\"dateModified\":\"2024-07-15T13:50:55+00:00\",\"author\":{\"@id\":\"https:\/\/galeriamiejska.pl\/en\/#\/schema\/person\/cd4f04b0a13c9114f95e23b489b6f9cb\"},\"breadcrumb\":{\"@id\":\"https:\/\/galeriamiejska.pl\/en\/dyplomy-2024-lipiec\/#breadcrumb\"},\"inLanguage\":\"\",\"potentialAction\":[{\"@type\":\"ReadAction\",\"target\":[\"https:\/\/galeriamiejska.pl\/en\/dyplomy-2024-lipiec\/\"]}]},{\"@type\":\"BreadcrumbList\",\"@id\":\"https:\/\/galeriamiejska.pl\/en\/dyplomy-2024-lipiec\/#breadcrumb\",\"itemListElement\":[{\"@type\":\"ListItem\",\"position\":1,\"name\":\"Strona g\\u0142\\u00f3wna\",\"item\":\"https:\/\/galeriamiejska.pl\/en\/\"},{\"@type\":\"ListItem\",\"position\":2,\"name\":\"DYPLOMY 2024 (lipiec)\"}]},{\"@type\":\"Person\",\"@id\":\"https:\/\/galeriamiejska.pl\/en\/#\/schema\/person\/cd4f04b0a13c9114f95e23b489b6f9cb\",\"name\":\"admin\",\"image\":{\"@type\":\"ImageObject\",\"@id\":\"https:\/\/galeriamiejska.pl\/en\/#personlogo\",\"inLanguage\":\"\",\"url\":\"https:\/\/secure.gravatar.com\/avatar\/3ded5a36984f92b80e2d99cc96780fe89cd37f7fd652108d182620efbb1566fd?s=96&d=mm&r=g\",\"contentUrl\":\"https:\/\/secure.gravatar.com\/avatar\/3ded5a36984f92b80e2d99cc96780fe89cd37f7fd652108d182620efbb1566fd?s=96&d=mm&r=g\",\"caption\":\"admin\"},\"sameAs\":[\"http:\/\/galeriamiejska.pl\"],\"url\":\"https:\/\/galeriamiejska.pl\/en\/author\/admin\/\"}]}<\/script>\n<!-- \/ Yoast SEO plugin. -->","yoast_head_json":{"title":"DYPLOMY 2024 (lipiec) - Galeria Miejska we Wroc\u0142awiu","robots":{"index":"index","follow":"follow","max-snippet":"max-snippet:-1","max-image-preview":"max-image-preview:large","max-video-preview":"max-video-preview:-1"},"canonical":"https:\/\/galeriamiejska.pl\/en\/dyplomy-2024-lipiec\/","og_locale":"en_US","og_type":"article","og_title":"DYPLOMY 2024 (lipiec) - Galeria Miejska we Wroc\u0142awiu","og_description":"Kasia Banasiak\/ Robi\u0142o si\u0119 coraz ciemniej, a nawet troch\u0119 strasznie, wi\u0119c postanowi\u0142y\u015bmy za\u015bpiewa\u0107 sobie ko\u0142ysank\u0119 oraz Filip Kope\u0107\/ Tygiel","og_url":"https:\/\/galeriamiejska.pl\/en\/dyplomy-2024-lipiec\/","og_site_name":"Galeria Miejska we Wroc\u0142awiu","article_published_time":"2024-07-04T18:24:06+00:00","article_modified_time":"2024-07-15T13:50:55+00:00","og_image":[{"width":640,"height":339,"filesize":160317,"url":"https:\/\/galeriamiejska.pl\/wp-content\/uploads\/2024\/07\/baner-na-strone.png","path":"\/autoinstalator\/wordpress\/wp-content\/uploads\/2024\/07\/baner-na-strone.png","size":"full","id":6709,"alt":"","pixels":216960,"type":"image\/png"}],"twitter_card":"summary_large_image","twitter_misc":{"Written by":"admin","Est. reading time":"3 minutes"},"schema":{"@context":"https:\/\/schema.org","@graph":[{"@type":"WebSite","@id":"https:\/\/galeriamiejska.pl\/en\/#website","url":"https:\/\/galeriamiejska.pl\/en\/","name":"Galeria Miejska we Wroc\u0142awiu","description":"","potentialAction":[{"@type":"SearchAction","target":{"@type":"EntryPoint","urlTemplate":"https:\/\/galeriamiejska.pl\/en\/?s={search_term_string}"},"query-input":"required name=search_term_string"}],"inLanguage":""},{"@type":"ImageObject","@id":"https:\/\/galeriamiejska.pl\/en\/dyplomy-2024-lipiec\/#primaryimage","inLanguage":"","url":"https:\/\/galeriamiejska.pl\/wp-content\/uploads\/2024\/07\/baner-na-strone.png","contentUrl":"https:\/\/galeriamiejska.pl\/wp-content\/uploads\/2024\/07\/baner-na-strone.png","width":640,"height":339},{"@type":"WebPage","@id":"https:\/\/galeriamiejska.pl\/en\/dyplomy-2024-lipiec\/#webpage","url":"https:\/\/galeriamiejska.pl\/en\/dyplomy-2024-lipiec\/","name":"DYPLOMY 2024 (lipiec) - Galeria Miejska we Wroc\u0142awiu","isPartOf":{"@id":"https:\/\/galeriamiejska.pl\/en\/#website"},"primaryImageOfPage":{"@id":"https:\/\/galeriamiejska.pl\/en\/dyplomy-2024-lipiec\/#primaryimage"},"datePublished":"2024-07-04T18:24:06+00:00","dateModified":"2024-07-15T13:50:55+00:00","author":{"@id":"https:\/\/galeriamiejska.pl\/en\/#\/schema\/person\/cd4f04b0a13c9114f95e23b489b6f9cb"},"breadcrumb":{"@id":"https:\/\/galeriamiejska.pl\/en\/dyplomy-2024-lipiec\/#breadcrumb"},"inLanguage":"","potentialAction":[{"@type":"ReadAction","target":["https:\/\/galeriamiejska.pl\/en\/dyplomy-2024-lipiec\/"]}]},{"@type":"BreadcrumbList","@id":"https:\/\/galeriamiejska.pl\/en\/dyplomy-2024-lipiec\/#breadcrumb","itemListElement":[{"@type":"ListItem","position":1,"name":"Strona g\u0142\u00f3wna","item":"https:\/\/galeriamiejska.pl\/en\/"},{"@type":"ListItem","position":2,"name":"DYPLOMY 2024 (lipiec)"}]},{"@type":"Person","@id":"https:\/\/galeriamiejska.pl\/en\/#\/schema\/person\/cd4f04b0a13c9114f95e23b489b6f9cb","name":"admin","image":{"@type":"ImageObject","@id":"https:\/\/galeriamiejska.pl\/en\/#personlogo","inLanguage":"","url":"https:\/\/secure.gravatar.com\/avatar\/3ded5a36984f92b80e2d99cc96780fe89cd37f7fd652108d182620efbb1566fd?s=96&d=mm&r=g","contentUrl":"https:\/\/secure.gravatar.com\/avatar\/3ded5a36984f92b80e2d99cc96780fe89cd37f7fd652108d182620efbb1566fd?s=96&d=mm&r=g","caption":"admin"},"sameAs":["http:\/\/galeriamiejska.pl"],"url":"https:\/\/galeriamiejska.pl\/en\/author\/admin\/"}]}},"_links":{"self":[{"href":"https:\/\/galeriamiejska.pl\/en\/wp-json\/wp\/v2\/posts\/6700","targetHints":{"allow":["GET"]}}],"collection":[{"href":"https:\/\/galeriamiejska.pl\/en\/wp-json\/wp\/v2\/posts"}],"about":[{"href":"https:\/\/galeriamiejska.pl\/en\/wp-json\/wp\/v2\/types\/post"}],"author":[{"embeddable":true,"href":"https:\/\/galeriamiejska.pl\/en\/wp-json\/wp\/v2\/users\/1"}],"replies":[{"embeddable":true,"href":"https:\/\/galeriamiejska.pl\/en\/wp-json\/wp\/v2\/comments?post=6700"}],"version-history":[{"count":16,"href":"https:\/\/galeriamiejska.pl\/en\/wp-json\/wp\/v2\/posts\/6700\/revisions"}],"predecessor-version":[{"id":6734,"href":"https:\/\/galeriamiejska.pl\/en\/wp-json\/wp\/v2\/posts\/6700\/revisions\/6734"}],"wp:featuredmedia":[{"embeddable":true,"href":"https:\/\/galeriamiejska.pl\/en\/wp-json\/wp\/v2\/media\/6709"}],"wp:attachment":[{"href":"https:\/\/galeriamiejska.pl\/en\/wp-json\/wp\/v2\/media?parent=6700"}],"wp:term":[{"taxonomy":"category","embeddable":true,"href":"https:\/\/galeriamiejska.pl\/en\/wp-json\/wp\/v2\/categories?post=6700"},{"taxonomy":"post_tag","embeddable":true,"href":"https:\/\/galeriamiejska.pl\/en\/wp-json\/wp\/v2\/tags?post=6700"}],"curies":[{"name":"wp","href":"https:\/\/api.w.org\/{rel}","templated":true}]}}