{"id":6681,"date":"2024-07-01T10:03:49","date_gmt":"2024-07-01T10:03:49","guid":{"rendered":"https:\/\/galeriamiejska.pl\/?p=6681"},"modified":"2024-07-04T18:25:41","modified_gmt":"2024-07-04T18:25:41","slug":"","status":"publish","type":"post","link":"https:\/\/galeriamiejska.pl\/en\/dyplom-2024-lipiec\/","title":{"rendered":"","raw":""},"content":{"rendered":"","protected":false,"raw":""},"excerpt":{"rendered":"","protected":false,"raw":""},"author":1,"featured_media":6686,"comment_status":"open","ping_status":"open","sticky":false,"template":"","format":"standard","meta":{"_pl_post_content":"<!-- wp:paragraph {\"backgroundColor\":\"white\"} -->\n<p class=\"has-white-background-color has-background\"><strong>Zapraszamy na pierwszy z lipcowych dyplom\u00f3w w Galerii Miejskiej. Wystawa \"Michalina Bena \/ Przez \u017co\u0142\u0105dek do serca\" potrwa od 1 do 4 lipca. <\/strong><\/p>\n<!-- \/wp:paragraph -->\n\n<!-- wp:spacer {\"height\":\"28px\"} -->\n<div style=\"height:28px\" aria-hidden=\"true\" class=\"wp-block-spacer\"><\/div>\n<!-- \/wp:spacer -->\n\n<!-- wp:paragraph -->\n<p><strong>PRZEZ \u017bO\u0141\u0104DEK DO SERCA. ALEGORIA ZMYS\u0141\u00d3W<\/strong><br>Promotor: Profesor Marek Jakubek<br>Cz\u0119\u015b\u0107 malarska sk\u0142ada si\u0119 z cyklu obraz\u00f3w wykonanych technik\u0105 akrylow\u0105. Prace skupiaj\u0105 si\u0119 na tematyce jedzenia, przede wszystkim owoc\u00f3w i warzyw. Tytu\u0142 nawi\u0105zuje do \u0142adunku emocjonalnego zwi\u0105zanego z posi\u0142kami. Jedzenie staje si\u0119 pewnego rodzaju j\u0119zykiem mi\u0142o\u015bci. Owoce i warzywa maj\u0105 tutaj znaczenie symboliczne i metaforyczne. Poruszaj\u0105 wiele w\u0105tk\u00f3w zwi\u0105zanych z relacjami mi\u0119dzyludzkimi, a przede wszystkimi rodzinnymi.<\/p>\n<!-- \/wp:paragraph -->\n\n<!-- wp:paragraph -->\n<p><strong>PRZEZ \u017bO\u0141\u0104DEK DO SERCA. POSI\u0141EK JAKO TRANSMITER EMOCJI<\/strong><br>Promotor: Profesor Wojciech Pukocz<br>Druga cz\u0119\u015b\u0107 dyplomu zosta\u0142a wykonana w Pracowni Multimedi\u00f3w. Jest to o\u015bmiominutowy film o dokumentalnym charakterze. Skupia si\u0119 przede wszystkim na postaci babci i mamy autorki, pokazuj\u0105c wag\u0119 posi\u0142k\u00f3w w codziennym \u017cyciu.<\/p>\n<!-- \/wp:paragraph -->\n\n<!-- wp:paragraph -->\n<p><br><strong>Michalina Bena<\/strong> to studentka Malarstwa w Akademii Sztuk Pi\u0119knych im. Eugeniusza Gepperta we Wroc\u0142awiu. W swojej sztuce skupia si\u0119 przede wszystkim na najbli\u017cszych jej tematach, takich jak rodzina, relacje mi\u0119dzyludzkie czy kobieco\u015b\u0107. Opisuje je j\u0119zykiem symboli, ograniczaj\u0105c si\u0119 cz\u0119sto do owoc\u00f3w i warzyw, kt\u00f3re wed\u0142ug niej nios\u0105 w sobie g\u0142\u0119bok\u0105 metaforyczn\u0105 warto\u015b\u0107.<\/p>\n<!-- \/wp:paragraph -->\n\n<!-- wp:spacer {\"height\":\"32px\"} -->\n<div style=\"height:32px\" aria-hidden=\"true\" class=\"wp-block-spacer\"><\/div>\n<!-- \/wp:spacer -->\n\n<!-- wp:columns -->\n<div class=\"wp-block-columns\"><!-- wp:column -->\n<div class=\"wp-block-column\"><!-- wp:image {\"id\":6683,\"sizeSlug\":\"large\",\"linkDestination\":\"media\"} -->\n<figure class=\"wp-block-image size-large\"><a href=\"https:\/\/galeriamiejska.pl\/wp-content\/uploads\/2024\/07\/Michalina-Bena-Sliwki-sr.-35cm-akryl-na-plycie-scaled.jpg\"><img src=\"https:\/\/galeriamiejska.pl\/wp-content\/uploads\/2024\/07\/Michalina-Bena-Sliwki-sr.-35cm-akryl-na-plycie-1002x1024.jpg\" alt=\"\" class=\"wp-image-6683\"\/><\/a><figcaption class=\"wp-element-caption\">Michalina Bena - \u015aliwki, \u015br. 35cm, akryl na p\u0142ycie<\/figcaption><\/figure>\n<!-- \/wp:image --><\/div>\n<!-- \/wp:column -->\n\n<!-- wp:column -->\n<div class=\"wp-block-column\"><!-- wp:image {\"id\":6684,\"sizeSlug\":\"large\",\"linkDestination\":\"media\"} -->\n<figure class=\"wp-block-image size-large\"><a href=\"https:\/\/galeriamiejska.pl\/wp-content\/uploads\/2024\/07\/Michalina-Bena-Jablka-sr.-35cm-akryl-na-plycie-scaled.jpg\"><img src=\"https:\/\/galeriamiejska.pl\/wp-content\/uploads\/2024\/07\/Michalina-Bena-Jablka-sr.-35cm-akryl-na-plycie-1024x1003.jpg\" alt=\"\" class=\"wp-image-6684\"\/><\/a><figcaption class=\"wp-element-caption\">Michalina Bena - Jab\u0142ka, \u015br. 35cm, akryl na p\u0142ycie<\/figcaption><\/figure>\n<!-- \/wp:image --><\/div>\n<!-- \/wp:column --><\/div>\n<!-- \/wp:columns -->\n\n<!-- wp:columns -->\n<div class=\"wp-block-columns\"><!-- wp:column -->\n<div class=\"wp-block-column\"><!-- wp:image {\"id\":6685,\"sizeSlug\":\"large\",\"linkDestination\":\"media\"} -->\n<figure class=\"wp-block-image size-large\"><a href=\"https:\/\/galeriamiejska.pl\/wp-content\/uploads\/2024\/07\/Michalina-Bena-Pomidory-2x2m-akryl-na-plycie-scaled.jpg\"><img src=\"https:\/\/galeriamiejska.pl\/wp-content\/uploads\/2024\/07\/Michalina-Bena-Pomidory-2x2m-akryl-na-plycie-1024x986.jpg\" alt=\"\" class=\"wp-image-6685\"\/><\/a><figcaption class=\"wp-element-caption\">Michalina Bena - Pomidory, 2x2m, akryl na p\u0142ycie<\/figcaption><\/figure>\n<!-- \/wp:image --><\/div>\n<!-- \/wp:column --><\/div>\n<!-- \/wp:columns -->","_pl_post_name":"dyplom-2024-lipiec","_pl_post_excerpt":"Michalina Bena\/ Przez \u017co\u0142\u0105dek do serca","_pl_post_title":"DYPLOM 2024 (lipiec)","_en_post_content":"","_en_post_name":"","_en_post_excerpt":"","_en_post_title":"","edit_language":"en","footnotes":""},"categories":[10,8],"tags":[142],"class_list":["post-6681","post","type-post","status-publish","format-standard","has-post-thumbnail","hentry","category-archiwalne-wydarzenia","category-wydarzenia","tag-wystawa-dyplomowa"],"yoast_head":"<!-- This site is optimized with the Yoast SEO plugin v16.8 - https:\/\/yoast.com\/wordpress\/plugins\/seo\/ -->\n<title>DYPLOM 2024 (lipiec) - Galeria Miejska we Wroc\u0142awiu<\/title>\n<meta name=\"robots\" content=\"index, follow, max-snippet:-1, max-image-preview:large, max-video-preview:-1\" \/>\n<link rel=\"canonical\" href=\"https:\/\/galeriamiejska.pl\/en\/dyplom-2024-lipiec\/\" \/>\n<meta property=\"og:locale\" content=\"en_US\" \/>\n<meta property=\"og:type\" content=\"article\" \/>\n<meta property=\"og:title\" content=\"DYPLOM 2024 (lipiec) - Galeria Miejska we Wroc\u0142awiu\" \/>\n<meta property=\"og:description\" content=\"Michalina Bena\/ Przez \u017co\u0142\u0105dek do serca\" \/>\n<meta property=\"og:url\" content=\"https:\/\/galeriamiejska.pl\/en\/dyplom-2024-lipiec\/\" \/>\n<meta property=\"og:site_name\" content=\"Galeria Miejska we Wroc\u0142awiu\" \/>\n<meta property=\"article:published_time\" content=\"2024-07-01T10:03:49+00:00\" \/>\n<meta property=\"article:modified_time\" content=\"2024-07-04T18:25:41+00:00\" \/>\n<meta property=\"og:image\" content=\"https:\/\/galeriamiejska.pl\/wp-content\/uploads\/2024\/07\/baner.jpg\" \/>\n\t<meta property=\"og:image:width\" content=\"640\" \/>\n\t<meta property=\"og:image:height\" content=\"340\" \/>\n<meta name=\"twitter:card\" content=\"summary_large_image\" \/>\n<meta name=\"twitter:label1\" content=\"Written by\" \/>\n\t<meta name=\"twitter:data1\" content=\"admin\" \/>\n\t<meta name=\"twitter:label2\" content=\"Est. reading time\" \/>\n\t<meta name=\"twitter:data2\" content=\"1 minute\" \/>\n<script type=\"application\/ld+json\" class=\"yoast-schema-graph\">{\"@context\":\"https:\/\/schema.org\",\"@graph\":[{\"@type\":\"WebSite\",\"@id\":\"https:\/\/galeriamiejska.pl\/en\/#website\",\"url\":\"https:\/\/galeriamiejska.pl\/en\/\",\"name\":\"Galeria Miejska we Wroc\\u0142awiu\",\"description\":\"\",\"potentialAction\":[{\"@type\":\"SearchAction\",\"target\":{\"@type\":\"EntryPoint\",\"urlTemplate\":\"https:\/\/galeriamiejska.pl\/en\/?s={search_term_string}\"},\"query-input\":\"required name=search_term_string\"}],\"inLanguage\":\"\"},{\"@type\":\"ImageObject\",\"@id\":\"https:\/\/galeriamiejska.pl\/en\/dyplom-2024-lipiec\/#primaryimage\",\"inLanguage\":\"\",\"url\":\"https:\/\/galeriamiejska.pl\/wp-content\/uploads\/2024\/07\/baner.jpg\",\"contentUrl\":\"https:\/\/galeriamiejska.pl\/wp-content\/uploads\/2024\/07\/baner.jpg\",\"width\":640,\"height\":340},{\"@type\":\"WebPage\",\"@id\":\"https:\/\/galeriamiejska.pl\/en\/dyplom-2024-lipiec\/#webpage\",\"url\":\"https:\/\/galeriamiejska.pl\/en\/dyplom-2024-lipiec\/\",\"name\":\"DYPLOM 2024 (lipiec) - Galeria Miejska we Wroc\\u0142awiu\",\"isPartOf\":{\"@id\":\"https:\/\/galeriamiejska.pl\/en\/#website\"},\"primaryImageOfPage\":{\"@id\":\"https:\/\/galeriamiejska.pl\/en\/dyplom-2024-lipiec\/#primaryimage\"},\"datePublished\":\"2024-07-01T10:03:49+00:00\",\"dateModified\":\"2024-07-04T18:25:41+00:00\",\"author\":{\"@id\":\"https:\/\/galeriamiejska.pl\/en\/#\/schema\/person\/cd4f04b0a13c9114f95e23b489b6f9cb\"},\"breadcrumb\":{\"@id\":\"https:\/\/galeriamiejska.pl\/en\/dyplom-2024-lipiec\/#breadcrumb\"},\"inLanguage\":\"\",\"potentialAction\":[{\"@type\":\"ReadAction\",\"target\":[\"https:\/\/galeriamiejska.pl\/en\/dyplom-2024-lipiec\/\"]}]},{\"@type\":\"BreadcrumbList\",\"@id\":\"https:\/\/galeriamiejska.pl\/en\/dyplom-2024-lipiec\/#breadcrumb\",\"itemListElement\":[{\"@type\":\"ListItem\",\"position\":1,\"name\":\"Strona g\\u0142\\u00f3wna\",\"item\":\"https:\/\/galeriamiejska.pl\/en\/\"},{\"@type\":\"ListItem\",\"position\":2,\"name\":\"DYPLOM 2024 (lipiec)\"}]},{\"@type\":\"Person\",\"@id\":\"https:\/\/galeriamiejska.pl\/en\/#\/schema\/person\/cd4f04b0a13c9114f95e23b489b6f9cb\",\"name\":\"admin\",\"image\":{\"@type\":\"ImageObject\",\"@id\":\"https:\/\/galeriamiejska.pl\/en\/#personlogo\",\"inLanguage\":\"\",\"url\":\"https:\/\/secure.gravatar.com\/avatar\/3ded5a36984f92b80e2d99cc96780fe89cd37f7fd652108d182620efbb1566fd?s=96&d=mm&r=g\",\"contentUrl\":\"https:\/\/secure.gravatar.com\/avatar\/3ded5a36984f92b80e2d99cc96780fe89cd37f7fd652108d182620efbb1566fd?s=96&d=mm&r=g\",\"caption\":\"admin\"},\"sameAs\":[\"http:\/\/galeriamiejska.pl\"],\"url\":\"https:\/\/galeriamiejska.pl\/en\/author\/admin\/\"}]}<\/script>\n<!-- \/ Yoast SEO plugin. -->","yoast_head_json":{"title":"DYPLOM 2024 (lipiec) - Galeria Miejska we Wroc\u0142awiu","robots":{"index":"index","follow":"follow","max-snippet":"max-snippet:-1","max-image-preview":"max-image-preview:large","max-video-preview":"max-video-preview:-1"},"canonical":"https:\/\/galeriamiejska.pl\/en\/dyplom-2024-lipiec\/","og_locale":"en_US","og_type":"article","og_title":"DYPLOM 2024 (lipiec) - Galeria Miejska we Wroc\u0142awiu","og_description":"Michalina Bena\/ Przez \u017co\u0142\u0105dek do serca","og_url":"https:\/\/galeriamiejska.pl\/en\/dyplom-2024-lipiec\/","og_site_name":"Galeria Miejska we Wroc\u0142awiu","article_published_time":"2024-07-01T10:03:49+00:00","article_modified_time":"2024-07-04T18:25:41+00:00","og_image":[{"width":640,"height":340,"filesize":281025,"url":"https:\/\/galeriamiejska.pl\/wp-content\/uploads\/2024\/07\/baner.jpg","path":"\/autoinstalator\/wordpress\/wp-content\/uploads\/2024\/07\/baner.jpg","size":"full","id":6686,"alt":"","pixels":217600,"type":"image\/jpeg"}],"twitter_card":"summary_large_image","twitter_misc":{"Written by":"admin","Est. reading time":"1 minute"},"schema":{"@context":"https:\/\/schema.org","@graph":[{"@type":"WebSite","@id":"https:\/\/galeriamiejska.pl\/en\/#website","url":"https:\/\/galeriamiejska.pl\/en\/","name":"Galeria Miejska we Wroc\u0142awiu","description":"","potentialAction":[{"@type":"SearchAction","target":{"@type":"EntryPoint","urlTemplate":"https:\/\/galeriamiejska.pl\/en\/?s={search_term_string}"},"query-input":"required name=search_term_string"}],"inLanguage":""},{"@type":"ImageObject","@id":"https:\/\/galeriamiejska.pl\/en\/dyplom-2024-lipiec\/#primaryimage","inLanguage":"","url":"https:\/\/galeriamiejska.pl\/wp-content\/uploads\/2024\/07\/baner.jpg","contentUrl":"https:\/\/galeriamiejska.pl\/wp-content\/uploads\/2024\/07\/baner.jpg","width":640,"height":340},{"@type":"WebPage","@id":"https:\/\/galeriamiejska.pl\/en\/dyplom-2024-lipiec\/#webpage","url":"https:\/\/galeriamiejska.pl\/en\/dyplom-2024-lipiec\/","name":"DYPLOM 2024 (lipiec) - Galeria Miejska we Wroc\u0142awiu","isPartOf":{"@id":"https:\/\/galeriamiejska.pl\/en\/#website"},"primaryImageOfPage":{"@id":"https:\/\/galeriamiejska.pl\/en\/dyplom-2024-lipiec\/#primaryimage"},"datePublished":"2024-07-01T10:03:49+00:00","dateModified":"2024-07-04T18:25:41+00:00","author":{"@id":"https:\/\/galeriamiejska.pl\/en\/#\/schema\/person\/cd4f04b0a13c9114f95e23b489b6f9cb"},"breadcrumb":{"@id":"https:\/\/galeriamiejska.pl\/en\/dyplom-2024-lipiec\/#breadcrumb"},"inLanguage":"","potentialAction":[{"@type":"ReadAction","target":["https:\/\/galeriamiejska.pl\/en\/dyplom-2024-lipiec\/"]}]},{"@type":"BreadcrumbList","@id":"https:\/\/galeriamiejska.pl\/en\/dyplom-2024-lipiec\/#breadcrumb","itemListElement":[{"@type":"ListItem","position":1,"name":"Strona g\u0142\u00f3wna","item":"https:\/\/galeriamiejska.pl\/en\/"},{"@type":"ListItem","position":2,"name":"DYPLOM 2024 (lipiec)"}]},{"@type":"Person","@id":"https:\/\/galeriamiejska.pl\/en\/#\/schema\/person\/cd4f04b0a13c9114f95e23b489b6f9cb","name":"admin","image":{"@type":"ImageObject","@id":"https:\/\/galeriamiejska.pl\/en\/#personlogo","inLanguage":"","url":"https:\/\/secure.gravatar.com\/avatar\/3ded5a36984f92b80e2d99cc96780fe89cd37f7fd652108d182620efbb1566fd?s=96&d=mm&r=g","contentUrl":"https:\/\/secure.gravatar.com\/avatar\/3ded5a36984f92b80e2d99cc96780fe89cd37f7fd652108d182620efbb1566fd?s=96&d=mm&r=g","caption":"admin"},"sameAs":["http:\/\/galeriamiejska.pl"],"url":"https:\/\/galeriamiejska.pl\/en\/author\/admin\/"}]}},"_links":{"self":[{"href":"https:\/\/galeriamiejska.pl\/en\/wp-json\/wp\/v2\/posts\/6681","targetHints":{"allow":["GET"]}}],"collection":[{"href":"https:\/\/galeriamiejska.pl\/en\/wp-json\/wp\/v2\/posts"}],"about":[{"href":"https:\/\/galeriamiejska.pl\/en\/wp-json\/wp\/v2\/types\/post"}],"author":[{"embeddable":true,"href":"https:\/\/galeriamiejska.pl\/en\/wp-json\/wp\/v2\/users\/1"}],"replies":[{"embeddable":true,"href":"https:\/\/galeriamiejska.pl\/en\/wp-json\/wp\/v2\/comments?post=6681"}],"version-history":[{"count":10,"href":"https:\/\/galeriamiejska.pl\/en\/wp-json\/wp\/v2\/posts\/6681\/revisions"}],"predecessor-version":[{"id":6718,"href":"https:\/\/galeriamiejska.pl\/en\/wp-json\/wp\/v2\/posts\/6681\/revisions\/6718"}],"wp:featuredmedia":[{"embeddable":true,"href":"https:\/\/galeriamiejska.pl\/en\/wp-json\/wp\/v2\/media\/6686"}],"wp:attachment":[{"href":"https:\/\/galeriamiejska.pl\/en\/wp-json\/wp\/v2\/media?parent=6681"}],"wp:term":[{"taxonomy":"category","embeddable":true,"href":"https:\/\/galeriamiejska.pl\/en\/wp-json\/wp\/v2\/categories?post=6681"},{"taxonomy":"post_tag","embeddable":true,"href":"https:\/\/galeriamiejska.pl\/en\/wp-json\/wp\/v2\/tags?post=6681"}],"curies":[{"name":"wp","href":"https:\/\/api.w.org\/{rel}","templated":true}]}}