{"id":6609,"date":"2024-05-14T13:02:37","date_gmt":"2024-05-14T13:02:37","guid":{"rendered":"https:\/\/galeriamiejska.pl\/?p=6609"},"modified":"2024-05-20T10:03:26","modified_gmt":"2024-05-20T10:03:26","slug":"","status":"publish","type":"post","link":"https:\/\/galeriamiejska.pl\/en\/noc-muzeow-2024-we-wroclawiu\/","title":{"rendered":"","raw":""},"content":{"rendered":"","protected":false,"raw":""},"excerpt":{"rendered":"","protected":false,"raw":""},"author":1,"featured_media":6613,"comment_status":"open","ping_status":"open","sticky":false,"template":"","format":"standard","meta":{"_pl_post_content":"<!-- wp:paragraph -->\n<p><strong>Wystawa prezentowana w ramach NOCY MUZE\u00d3W 2024 to ekspozycja prac Paw\u0142a Fr\u0105ckiewicza \u201ePodr\u00f3\u017c do Taurydy\u201d. <\/strong><br><br>W brew pozorom ekspozycja to nie zapis krajoznawczych rysunk\u00f3w z realnej podr\u00f3\u017cy, mimo, i\u017c przed oczami pojawiaj\u0105 si\u0119 nam rysowane z super bieg\u0142o\u015bci\u0105 widoki rzeczywistego \u015bwiata \u2013 ksi\u0119\u017cyce, byki, drzewa. To oczywi\u015bcie mentalna podr\u00f3\u017c w g\u0142\u0105b duchowej energii czerpanej z rzeczywistych dozna\u0144 i wyobra\u017ani. Tauryda to te\u017c metaforyczna i mityczna kraina, kt\u00f3r\u0105 niegdy\u015b opisywali Herodot i Strabon, emanuj\u0105ca si\u0142\u0105, okrucie\u0144stwem natury i jej melancholi\u0105. I tak jak u staro\u017cytnych Grek\u00f3w, mity przenikaj\u0105 spod oddanej niemal z ba\u0142wochwalcz\u0105 dociekliwo\u015bci\u0105 materii i \u015bwiatu przes\u0142anianej cieniem taurusa \u2013 byka.<br>Wspomniana podr\u00f3\u017c to misterne i misteryjne przywo\u0142anie korespondencji mi\u0119dzy naszymi pragnieniami, \u017cyczeniami i l\u0119kami a ambiwalentno\u015bci\u0105 \u015bwiata wok\u00f3\u0142 nas. I tak jak kiedy\u015b pisa\u0142 Hans Georg Gadamer rysunki Fr\u0105ckiewicza nie tylko swoimi rozmiarami i warsztatowym kunsztem, narzucaj\u0105 nam symboliczne odniesienia, ale przez swoj\u0105 energi\u0119, niejako same w sobie, jako obiekty, staj\u0105 si\u0119 symbolami, za\u015b widz staje przed uniesieniem i satysfakcj\u0105, kt\u00f3re towarzysz\u0105 spotkaniu z prawdziwym mistrzem.<\/p>\n<!-- \/wp:paragraph -->\n\n<!-- wp:paragraph -->\n<p><strong>W Noc Muze\u00f3w Galeria Miejska b\u0119dzie czynna w godzinach 17:00 \u2013 23:00.<\/strong><\/p>\n<!-- \/wp:paragraph -->\n\n<!-- wp:paragraph -->\n<p><strong>Dodatkowo, na ma\u0142ych i du\u017cych wielbicieli sztuki, b\u0119dzie czeka\u0142 k\u0105cik kreatywny!<\/strong><\/p>\n<!-- \/wp:paragraph -->\n\n<!-- wp:paragraph -->\n<p>Kuratorem ekspozycji jest Miros\u0142aw Jasi\u0144ski.<\/p>\n<!-- \/wp:paragraph -->\n\n<!-- wp:spacer {\"height\":\"40px\"} -->\n<div style=\"height:40px\" aria-hidden=\"true\" class=\"wp-block-spacer\"><\/div>\n<!-- \/wp:spacer -->\n\n<!-- wp:columns -->\n<div class=\"wp-block-columns\"><!-- wp:column -->\n<div class=\"wp-block-column\"><!-- wp:image {\"id\":6610,\"sizeSlug\":\"large\",\"linkDestination\":\"media\"} -->\n<figure class=\"wp-block-image size-large\"><a href=\"https:\/\/galeriamiejska.pl\/wp-content\/uploads\/2024\/05\/Noc-Muzeow-Galeria-Miejska-we-Wroclawiu-scaled.jpg\"><img src=\"https:\/\/galeriamiejska.pl\/wp-content\/uploads\/2024\/05\/Noc-Muzeow-Galeria-Miejska-we-Wroclawiu-1024x536.jpg\" alt=\"\" class=\"wp-image-6610\"\/><\/a><\/figure>\n<!-- \/wp:image --><\/div>\n<!-- \/wp:column --><\/div>\n<!-- \/wp:columns -->\n\n<!-- wp:spacer {\"height\":\"32px\"} -->\n<div style=\"height:32px\" aria-hidden=\"true\" class=\"wp-block-spacer\"><\/div>\n<!-- \/wp:spacer -->\n\n<!-- wp:columns -->\n<div class=\"wp-block-columns\"><!-- wp:column -->\n<div class=\"wp-block-column\"><!-- wp:image {\"id\":6586,\"width\":\"273px\",\"height\":\"auto\",\"sizeSlug\":\"large\",\"linkDestination\":\"media\"} -->\n<figure class=\"wp-block-image size-large is-resized\"><a href=\"https:\/\/galeriamiejska.pl\/wp-content\/uploads\/2024\/05\/Pawel-Frackiewicz-Byk-wielki-\u2013-bialy-algrafia-druk-cyfrowy-70-\u00d7-100-cm-2011.jpg\"><img src=\"https:\/\/galeriamiejska.pl\/wp-content\/uploads\/2024\/05\/Pawel-Frackiewicz-Byk-wielki-\u2013-bialy-algrafia-druk-cyfrowy-70-\u00d7-100-cm-2011-1024x627.jpg\" alt=\"\" class=\"wp-image-6586\" style=\"width:273px;height:auto\"\/><\/a><figcaption class=\"wp-element-caption\">Pawe\u0142 Fr\u0105ckiewicz, Byk wielki \u2013 bia\u0142y, algrafia, druk cyfrowy, 70 \u00d7 100 cm, 2011<\/figcaption><\/figure>\n<!-- \/wp:image --><\/div>\n<!-- \/wp:column -->\n\n<!-- wp:column -->\n<div class=\"wp-block-column\"><!-- wp:image {\"id\":6589,\"width\":\"264px\",\"height\":\"auto\",\"sizeSlug\":\"large\",\"linkDestination\":\"media\"} -->\n<figure class=\"wp-block-image size-large is-resized\"><a href=\"https:\/\/galeriamiejska.pl\/wp-content\/uploads\/2024\/05\/Pawel-Frackiewicz-Ksiezyc-5-rysunek-wykonany-piorem-na-papierze-70-x-100-cm-2022.jpg\"><img src=\"https:\/\/galeriamiejska.pl\/wp-content\/uploads\/2024\/05\/Pawel-Frackiewicz-Ksiezyc-5-rysunek-wykonany-piorem-na-papierze-70-x-100-cm-2022-1024x710.jpg\" alt=\"\" class=\"wp-image-6589\" style=\"width:264px;height:auto\"\/><\/a><figcaption class=\"wp-element-caption\">Pawe\u0142 Fr\u0105ckiewicz, Ksi\u0119\u017cyc 5, rysunek wykonany pi\u00f3rem na papierze, 70 x 100 cm, 2022<\/figcaption><\/figure>\n<!-- \/wp:image --><\/div>\n<!-- \/wp:column -->\n\n<!-- wp:column -->\n<div class=\"wp-block-column\"><!-- wp:image {\"id\":6588,\"sizeSlug\":\"large\",\"linkDestination\":\"media\"} -->\n<figure class=\"wp-block-image size-large\"><a href=\"https:\/\/galeriamiejska.pl\/wp-content\/uploads\/2024\/05\/Pawel-Frackiewicz-Drzewa-stojace-2-\u2013-wariant-1-druk-UV-na-drewnie-83-x-125-cm-2024.jpg\"><img src=\"https:\/\/galeriamiejska.pl\/wp-content\/uploads\/2024\/05\/Pawel-Frackiewicz-Drzewa-stojace-2-\u2013-wariant-1-druk-UV-na-drewnie-83-x-125-cm-2024-1024x728.jpg\" alt=\"\" class=\"wp-image-6588\"\/><\/a><figcaption class=\"wp-element-caption\">Pawe\u0142 Fr\u0105ckiewicz, Drzewa stoj\u0105ce 2 \u2013 wariant 1, druk UV na drewnie, 83 x 125 cm, 2024<\/figcaption><\/figure>\n<!-- \/wp:image --><\/div>\n<!-- \/wp:column --><\/div>\n<!-- \/wp:columns -->","_pl_post_name":"noc-muzeow-2024-we-wroclawiu","_pl_post_excerpt":"zapraszamy w godzinach 17:00 - 23:00","_pl_post_title":"Noc Muze\u00f3w 2024 we Wroc\u0142awiu","_en_post_content":"","_en_post_name":"","_en_post_excerpt":"","_en_post_title":"","edit_language":"en","footnotes":""},"categories":[10,8],"tags":[86],"class_list":["post-6609","post","type-post","status-publish","format-standard","has-post-thumbnail","hentry","category-archiwalne-wydarzenia","category-wydarzenia","tag-noc-muzeow"],"yoast_head":"<!-- This site is optimized with the Yoast SEO plugin v16.8 - https:\/\/yoast.com\/wordpress\/plugins\/seo\/ -->\n<title>Noc Muze\u00f3w 2024 we Wroc\u0142awiu - Galeria Miejska we Wroc\u0142awiu<\/title>\n<meta name=\"robots\" content=\"index, follow, max-snippet:-1, max-image-preview:large, max-video-preview:-1\" \/>\n<link rel=\"canonical\" href=\"https:\/\/galeriamiejska.pl\/en\/noc-muzeow-2024-we-wroclawiu\/\" \/>\n<meta property=\"og:locale\" content=\"en_US\" \/>\n<meta property=\"og:type\" content=\"article\" \/>\n<meta property=\"og:title\" content=\"Noc Muze\u00f3w 2024 we Wroc\u0142awiu - Galeria Miejska we Wroc\u0142awiu\" \/>\n<meta property=\"og:description\" content=\"zapraszamy w godzinach 17:00 - 23:00\" \/>\n<meta property=\"og:url\" content=\"https:\/\/galeriamiejska.pl\/en\/noc-muzeow-2024-we-wroclawiu\/\" \/>\n<meta property=\"og:site_name\" content=\"Galeria Miejska we Wroc\u0142awiu\" \/>\n<meta property=\"article:published_time\" content=\"2024-05-14T13:02:37+00:00\" \/>\n<meta property=\"article:modified_time\" content=\"2024-05-20T10:03:26+00:00\" \/>\n<meta property=\"og:image\" content=\"https:\/\/galeriamiejska.pl\/wp-content\/uploads\/2024\/05\/Noc-Muzeow-2024.png\" \/>\n\t<meta property=\"og:image:width\" content=\"640\" \/>\n\t<meta property=\"og:image:height\" content=\"340\" \/>\n<meta name=\"twitter:card\" content=\"summary_large_image\" \/>\n<meta name=\"twitter:label1\" content=\"Written by\" \/>\n\t<meta name=\"twitter:data1\" content=\"admin\" \/>\n\t<meta name=\"twitter:label2\" content=\"Est. reading time\" \/>\n\t<meta name=\"twitter:data2\" content=\"1 minute\" \/>\n<script type=\"application\/ld+json\" class=\"yoast-schema-graph\">{\"@context\":\"https:\/\/schema.org\",\"@graph\":[{\"@type\":\"WebSite\",\"@id\":\"https:\/\/galeriamiejska.pl\/en\/#website\",\"url\":\"https:\/\/galeriamiejska.pl\/en\/\",\"name\":\"Galeria Miejska we Wroc\\u0142awiu\",\"description\":\"\",\"potentialAction\":[{\"@type\":\"SearchAction\",\"target\":{\"@type\":\"EntryPoint\",\"urlTemplate\":\"https:\/\/galeriamiejska.pl\/en\/?s={search_term_string}\"},\"query-input\":\"required name=search_term_string\"}],\"inLanguage\":\"\"},{\"@type\":\"ImageObject\",\"@id\":\"https:\/\/galeriamiejska.pl\/en\/noc-muzeow-2024-we-wroclawiu\/#primaryimage\",\"inLanguage\":\"\",\"url\":\"https:\/\/galeriamiejska.pl\/wp-content\/uploads\/2024\/05\/Noc-Muzeow-2024.png\",\"contentUrl\":\"https:\/\/galeriamiejska.pl\/wp-content\/uploads\/2024\/05\/Noc-Muzeow-2024.png\",\"width\":640,\"height\":340},{\"@type\":\"WebPage\",\"@id\":\"https:\/\/galeriamiejska.pl\/en\/noc-muzeow-2024-we-wroclawiu\/#webpage\",\"url\":\"https:\/\/galeriamiejska.pl\/en\/noc-muzeow-2024-we-wroclawiu\/\",\"name\":\"Noc Muze\\u00f3w 2024 we Wroc\\u0142awiu - Galeria Miejska we Wroc\\u0142awiu\",\"isPartOf\":{\"@id\":\"https:\/\/galeriamiejska.pl\/en\/#website\"},\"primaryImageOfPage\":{\"@id\":\"https:\/\/galeriamiejska.pl\/en\/noc-muzeow-2024-we-wroclawiu\/#primaryimage\"},\"datePublished\":\"2024-05-14T13:02:37+00:00\",\"dateModified\":\"2024-05-20T10:03:26+00:00\",\"author\":{\"@id\":\"https:\/\/galeriamiejska.pl\/en\/#\/schema\/person\/cd4f04b0a13c9114f95e23b489b6f9cb\"},\"breadcrumb\":{\"@id\":\"https:\/\/galeriamiejska.pl\/en\/noc-muzeow-2024-we-wroclawiu\/#breadcrumb\"},\"inLanguage\":\"\",\"potentialAction\":[{\"@type\":\"ReadAction\",\"target\":[\"https:\/\/galeriamiejska.pl\/en\/noc-muzeow-2024-we-wroclawiu\/\"]}]},{\"@type\":\"BreadcrumbList\",\"@id\":\"https:\/\/galeriamiejska.pl\/en\/noc-muzeow-2024-we-wroclawiu\/#breadcrumb\",\"itemListElement\":[{\"@type\":\"ListItem\",\"position\":1,\"name\":\"Strona g\\u0142\\u00f3wna\",\"item\":\"https:\/\/galeriamiejska.pl\/en\/\"},{\"@type\":\"ListItem\",\"position\":2,\"name\":\"Noc Muze\\u00f3w 2024 we Wroc\\u0142awiu\"}]},{\"@type\":\"Person\",\"@id\":\"https:\/\/galeriamiejska.pl\/en\/#\/schema\/person\/cd4f04b0a13c9114f95e23b489b6f9cb\",\"name\":\"admin\",\"image\":{\"@type\":\"ImageObject\",\"@id\":\"https:\/\/galeriamiejska.pl\/en\/#personlogo\",\"inLanguage\":\"\",\"url\":\"https:\/\/secure.gravatar.com\/avatar\/3ded5a36984f92b80e2d99cc96780fe89cd37f7fd652108d182620efbb1566fd?s=96&d=mm&r=g\",\"contentUrl\":\"https:\/\/secure.gravatar.com\/avatar\/3ded5a36984f92b80e2d99cc96780fe89cd37f7fd652108d182620efbb1566fd?s=96&d=mm&r=g\",\"caption\":\"admin\"},\"sameAs\":[\"http:\/\/galeriamiejska.pl\"],\"url\":\"https:\/\/galeriamiejska.pl\/en\/author\/admin\/\"}]}<\/script>\n<!-- \/ Yoast SEO plugin. -->","yoast_head_json":{"title":"Noc Muze\u00f3w 2024 we Wroc\u0142awiu - Galeria Miejska we Wroc\u0142awiu","robots":{"index":"index","follow":"follow","max-snippet":"max-snippet:-1","max-image-preview":"max-image-preview:large","max-video-preview":"max-video-preview:-1"},"canonical":"https:\/\/galeriamiejska.pl\/en\/noc-muzeow-2024-we-wroclawiu\/","og_locale":"en_US","og_type":"article","og_title":"Noc Muze\u00f3w 2024 we Wroc\u0142awiu - Galeria Miejska we Wroc\u0142awiu","og_description":"zapraszamy w godzinach 17:00 - 23:00","og_url":"https:\/\/galeriamiejska.pl\/en\/noc-muzeow-2024-we-wroclawiu\/","og_site_name":"Galeria Miejska we Wroc\u0142awiu","article_published_time":"2024-05-14T13:02:37+00:00","article_modified_time":"2024-05-20T10:03:26+00:00","og_image":[{"width":640,"height":340,"filesize":139123,"url":"https:\/\/galeriamiejska.pl\/wp-content\/uploads\/2024\/05\/Noc-Muzeow-2024.png","path":"\/autoinstalator\/wordpress\/wp-content\/uploads\/2024\/05\/Noc-Muzeow-2024.png","size":"full","id":6613,"alt":"","pixels":217600,"type":"image\/png"}],"twitter_card":"summary_large_image","twitter_misc":{"Written by":"admin","Est. reading time":"1 minute"},"schema":{"@context":"https:\/\/schema.org","@graph":[{"@type":"WebSite","@id":"https:\/\/galeriamiejska.pl\/en\/#website","url":"https:\/\/galeriamiejska.pl\/en\/","name":"Galeria Miejska we Wroc\u0142awiu","description":"","potentialAction":[{"@type":"SearchAction","target":{"@type":"EntryPoint","urlTemplate":"https:\/\/galeriamiejska.pl\/en\/?s={search_term_string}"},"query-input":"required name=search_term_string"}],"inLanguage":""},{"@type":"ImageObject","@id":"https:\/\/galeriamiejska.pl\/en\/noc-muzeow-2024-we-wroclawiu\/#primaryimage","inLanguage":"","url":"https:\/\/galeriamiejska.pl\/wp-content\/uploads\/2024\/05\/Noc-Muzeow-2024.png","contentUrl":"https:\/\/galeriamiejska.pl\/wp-content\/uploads\/2024\/05\/Noc-Muzeow-2024.png","width":640,"height":340},{"@type":"WebPage","@id":"https:\/\/galeriamiejska.pl\/en\/noc-muzeow-2024-we-wroclawiu\/#webpage","url":"https:\/\/galeriamiejska.pl\/en\/noc-muzeow-2024-we-wroclawiu\/","name":"Noc Muze\u00f3w 2024 we Wroc\u0142awiu - Galeria Miejska we Wroc\u0142awiu","isPartOf":{"@id":"https:\/\/galeriamiejska.pl\/en\/#website"},"primaryImageOfPage":{"@id":"https:\/\/galeriamiejska.pl\/en\/noc-muzeow-2024-we-wroclawiu\/#primaryimage"},"datePublished":"2024-05-14T13:02:37+00:00","dateModified":"2024-05-20T10:03:26+00:00","author":{"@id":"https:\/\/galeriamiejska.pl\/en\/#\/schema\/person\/cd4f04b0a13c9114f95e23b489b6f9cb"},"breadcrumb":{"@id":"https:\/\/galeriamiejska.pl\/en\/noc-muzeow-2024-we-wroclawiu\/#breadcrumb"},"inLanguage":"","potentialAction":[{"@type":"ReadAction","target":["https:\/\/galeriamiejska.pl\/en\/noc-muzeow-2024-we-wroclawiu\/"]}]},{"@type":"BreadcrumbList","@id":"https:\/\/galeriamiejska.pl\/en\/noc-muzeow-2024-we-wroclawiu\/#breadcrumb","itemListElement":[{"@type":"ListItem","position":1,"name":"Strona g\u0142\u00f3wna","item":"https:\/\/galeriamiejska.pl\/en\/"},{"@type":"ListItem","position":2,"name":"Noc Muze\u00f3w 2024 we Wroc\u0142awiu"}]},{"@type":"Person","@id":"https:\/\/galeriamiejska.pl\/en\/#\/schema\/person\/cd4f04b0a13c9114f95e23b489b6f9cb","name":"admin","image":{"@type":"ImageObject","@id":"https:\/\/galeriamiejska.pl\/en\/#personlogo","inLanguage":"","url":"https:\/\/secure.gravatar.com\/avatar\/3ded5a36984f92b80e2d99cc96780fe89cd37f7fd652108d182620efbb1566fd?s=96&d=mm&r=g","contentUrl":"https:\/\/secure.gravatar.com\/avatar\/3ded5a36984f92b80e2d99cc96780fe89cd37f7fd652108d182620efbb1566fd?s=96&d=mm&r=g","caption":"admin"},"sameAs":["http:\/\/galeriamiejska.pl"],"url":"https:\/\/galeriamiejska.pl\/en\/author\/admin\/"}]}},"_links":{"self":[{"href":"https:\/\/galeriamiejska.pl\/en\/wp-json\/wp\/v2\/posts\/6609","targetHints":{"allow":["GET"]}}],"collection":[{"href":"https:\/\/galeriamiejska.pl\/en\/wp-json\/wp\/v2\/posts"}],"about":[{"href":"https:\/\/galeriamiejska.pl\/en\/wp-json\/wp\/v2\/types\/post"}],"author":[{"embeddable":true,"href":"https:\/\/galeriamiejska.pl\/en\/wp-json\/wp\/v2\/users\/1"}],"replies":[{"embeddable":true,"href":"https:\/\/galeriamiejska.pl\/en\/wp-json\/wp\/v2\/comments?post=6609"}],"version-history":[{"count":5,"href":"https:\/\/galeriamiejska.pl\/en\/wp-json\/wp\/v2\/posts\/6609\/revisions"}],"predecessor-version":[{"id":6618,"href":"https:\/\/galeriamiejska.pl\/en\/wp-json\/wp\/v2\/posts\/6609\/revisions\/6618"}],"wp:featuredmedia":[{"embeddable":true,"href":"https:\/\/galeriamiejska.pl\/en\/wp-json\/wp\/v2\/media\/6613"}],"wp:attachment":[{"href":"https:\/\/galeriamiejska.pl\/en\/wp-json\/wp\/v2\/media?parent=6609"}],"wp:term":[{"taxonomy":"category","embeddable":true,"href":"https:\/\/galeriamiejska.pl\/en\/wp-json\/wp\/v2\/categories?post=6609"},{"taxonomy":"post_tag","embeddable":true,"href":"https:\/\/galeriamiejska.pl\/en\/wp-json\/wp\/v2\/tags?post=6609"}],"curies":[{"name":"wp","href":"https:\/\/api.w.org\/{rel}","templated":true}]}}