{"id":641,"date":"2021-01-19T11:47:24","date_gmt":"2021-01-19T11:47:24","guid":{"rendered":"http:\/\/galeriamiejska.pl\/?p=641"},"modified":"2021-09-23T08:47:58","modified_gmt":"2021-09-23T08:47:58","slug":"","status":"publish","type":"post","link":"https:\/\/galeriamiejska.pl\/en\/czwarty-wymiar-kreski\/","title":{"rendered":"","raw":""},"content":{"rendered":"","protected":false,"raw":""},"excerpt":{"rendered":"","protected":false,"raw":""},"author":1,"featured_media":642,"comment_status":"open","ping_status":"open","sticky":false,"template":"","format":"standard","meta":{"_pl_post_content":"<!-- wp:paragraph -->\n<p><strong>wydawca: <\/strong>Galeria Miejska we Wroc\u0142awiu<br><strong>teksty:<\/strong> M. Bator, L. Dmochowska, M. Jasi\u0144ski, K. Wr\u00f3bel<br><strong>zdj\u0119cia:<\/strong> M. Jodko, B. konopka, J. Miko\u0142ajek, S. Silecki, archiwum Autor\u00f3w<br><strong>opracowanie graficzne katalogu:<\/strong> J. Skrzypiec-\u017buchowska, wsp\u00f3\u0142praca J. Kotowicz<br><br><strong>t\u0142umaczenia: <\/strong>A. Molik<br><br><strong>ISBN:<\/strong> 978-83-940151-8-3<br><br><br>Cena publikacji: 30 z\u0142<br>89 stron 20,5 x 27 cm oprawa mi\u0119kka<br><br><br><br>Katalog do nabycia w&nbsp;Galerii Miejskiej we Wroc\u0142awiu ul. Kie\u0142ba\u015bnicza 28<br>Przyjmujemy r\u00f3wnie\u017c zam\u00f3wienia pod adresem: biuro@galeriamiejska.pl<\/p>\n<!-- \/wp:paragraph -->\n\n<!-- wp:gallery {\"ids\":[3356,3357,3358],\"linkTo\":\"file\"} -->\n<figure class=\"wp-block-gallery columns-3 is-cropped\"><ul class=\"blocks-gallery-grid\"><li class=\"blocks-gallery-item\"><figure><a href=\"https:\/\/galeriamiejska.pl\/wp-content\/uploads\/2021\/09\/313_2_noname.jpg\"><img src=\"https:\/\/galeriamiejska.pl\/wp-content\/uploads\/2021\/09\/313_2_noname.jpg\" alt=\"\" data-id=\"3356\" data-full-url=\"https:\/\/galeriamiejska.pl\/wp-content\/uploads\/2021\/09\/313_2_noname.jpg\" data-link=\"https:\/\/galeriamiejska.pl\/czwarty-wymiar-kreski\/313_2_noname-2\/\" class=\"wp-image-3356\"\/><\/a><\/figure><\/li><li class=\"blocks-gallery-item\"><figure><a href=\"https:\/\/galeriamiejska.pl\/wp-content\/uploads\/2021\/09\/313_noname.jpg\"><img src=\"https:\/\/galeriamiejska.pl\/wp-content\/uploads\/2021\/09\/313_noname.jpg\" alt=\"\" data-id=\"3357\" data-full-url=\"https:\/\/galeriamiejska.pl\/wp-content\/uploads\/2021\/09\/313_noname.jpg\" data-link=\"https:\/\/galeriamiejska.pl\/czwarty-wymiar-kreski\/313_noname-2\/\" class=\"wp-image-3357\"\/><\/a><\/figure><\/li><li class=\"blocks-gallery-item\"><figure><a href=\"https:\/\/galeriamiejska.pl\/wp-content\/uploads\/2021\/09\/313_1_noname.jpg\"><img src=\"https:\/\/galeriamiejska.pl\/wp-content\/uploads\/2021\/09\/313_1_noname.jpg\" alt=\"\" data-id=\"3358\" data-full-url=\"https:\/\/galeriamiejska.pl\/wp-content\/uploads\/2021\/09\/313_1_noname.jpg\" data-link=\"https:\/\/galeriamiejska.pl\/czwarty-wymiar-kreski\/313_1_noname-2\/\" class=\"wp-image-3358\"\/><\/a><\/figure><\/li><\/ul><\/figure>\n<!-- \/wp:gallery -->","_pl_post_name":"czwarty-wymiar-kreski","_pl_post_excerpt":"Katalog wystawy Czwarty wymiar kreski w Galerii Miejskiej we Wroc\u0142awiu","_pl_post_title":"Czwarty wymiar kreski","_en_post_content":"","_en_post_name":"","_en_post_excerpt":"","_en_post_title":"","edit_language":"en","footnotes":""},"categories":[15,16],"tags":[],"class_list":["post-641","post","type-post","status-publish","format-standard","has-post-thumbnail","hentry","category-sklep","category-wydawnictwa"],"yoast_head":"<!-- This site is optimized with the Yoast SEO plugin v16.8 - https:\/\/yoast.com\/wordpress\/plugins\/seo\/ -->\n<title>Czwarty wymiar kreski - Galeria Miejska we Wroc\u0142awiu<\/title>\n<meta name=\"robots\" content=\"index, follow, max-snippet:-1, max-image-preview:large, max-video-preview:-1\" \/>\n<link rel=\"canonical\" href=\"https:\/\/galeriamiejska.pl\/en\/czwarty-wymiar-kreski\/\" \/>\n<meta property=\"og:locale\" content=\"en_US\" \/>\n<meta property=\"og:type\" content=\"article\" \/>\n<meta property=\"og:title\" content=\"Czwarty wymiar kreski - Galeria Miejska we Wroc\u0142awiu\" \/>\n<meta property=\"og:description\" content=\"Katalog wystawy Czwarty wymiar kreski w Galerii Miejskiej we Wroc\u0142awiu\" \/>\n<meta property=\"og:url\" content=\"https:\/\/galeriamiejska.pl\/en\/czwarty-wymiar-kreski\/\" \/>\n<meta property=\"og:site_name\" content=\"Galeria Miejska we Wroc\u0142awiu\" \/>\n<meta property=\"article:published_time\" content=\"2021-01-19T11:47:24+00:00\" \/>\n<meta property=\"article:modified_time\" content=\"2021-09-23T08:47:58+00:00\" \/>\n<meta property=\"og:image\" content=\"https:\/\/galeriamiejska.pl\/wp-content\/uploads\/2021\/01\/313_noname.jpg\" \/>\n\t<meta property=\"og:image:width\" content=\"640\" \/>\n\t<meta property=\"og:image:height\" content=\"340\" \/>\n<meta name=\"twitter:card\" content=\"summary_large_image\" \/>\n<meta name=\"twitter:label1\" content=\"Written by\" \/>\n\t<meta name=\"twitter:data1\" content=\"admin\" \/>\n\t<meta name=\"twitter:label2\" content=\"Est. reading time\" \/>\n\t<meta name=\"twitter:data2\" content=\"1 minute\" \/>\n<script type=\"application\/ld+json\" class=\"yoast-schema-graph\">{\"@context\":\"https:\/\/schema.org\",\"@graph\":[{\"@type\":\"WebSite\",\"@id\":\"https:\/\/galeriamiejska.pl\/en\/#website\",\"url\":\"https:\/\/galeriamiejska.pl\/en\/\",\"name\":\"Galeria Miejska we Wroc\\u0142awiu\",\"description\":\"\",\"potentialAction\":[{\"@type\":\"SearchAction\",\"target\":{\"@type\":\"EntryPoint\",\"urlTemplate\":\"https:\/\/galeriamiejska.pl\/en\/?s={search_term_string}\"},\"query-input\":\"required name=search_term_string\"}],\"inLanguage\":\"\"},{\"@type\":\"ImageObject\",\"@id\":\"https:\/\/galeriamiejska.pl\/en\/czwarty-wymiar-kreski\/#primaryimage\",\"inLanguage\":\"\",\"url\":\"https:\/\/galeriamiejska.pl\/wp-content\/uploads\/2021\/01\/313_noname.jpg\",\"contentUrl\":\"https:\/\/galeriamiejska.pl\/wp-content\/uploads\/2021\/01\/313_noname.jpg\",\"width\":640,\"height\":340},{\"@type\":\"WebPage\",\"@id\":\"https:\/\/galeriamiejska.pl\/en\/czwarty-wymiar-kreski\/#webpage\",\"url\":\"https:\/\/galeriamiejska.pl\/en\/czwarty-wymiar-kreski\/\",\"name\":\"Czwarty wymiar kreski - Galeria Miejska we Wroc\\u0142awiu\",\"isPartOf\":{\"@id\":\"https:\/\/galeriamiejska.pl\/en\/#website\"},\"primaryImageOfPage\":{\"@id\":\"https:\/\/galeriamiejska.pl\/en\/czwarty-wymiar-kreski\/#primaryimage\"},\"datePublished\":\"2021-01-19T11:47:24+00:00\",\"dateModified\":\"2021-09-23T08:47:58+00:00\",\"author\":{\"@id\":\"https:\/\/galeriamiejska.pl\/en\/#\/schema\/person\/cd4f04b0a13c9114f95e23b489b6f9cb\"},\"breadcrumb\":{\"@id\":\"https:\/\/galeriamiejska.pl\/en\/czwarty-wymiar-kreski\/#breadcrumb\"},\"inLanguage\":\"\",\"potentialAction\":[{\"@type\":\"ReadAction\",\"target\":[\"https:\/\/galeriamiejska.pl\/en\/czwarty-wymiar-kreski\/\"]}]},{\"@type\":\"BreadcrumbList\",\"@id\":\"https:\/\/galeriamiejska.pl\/en\/czwarty-wymiar-kreski\/#breadcrumb\",\"itemListElement\":[{\"@type\":\"ListItem\",\"position\":1,\"name\":\"Strona g\\u0142\\u00f3wna\",\"item\":\"https:\/\/galeriamiejska.pl\/en\/\"},{\"@type\":\"ListItem\",\"position\":2,\"name\":\"Czwarty wymiar kreski\"}]},{\"@type\":\"Person\",\"@id\":\"https:\/\/galeriamiejska.pl\/en\/#\/schema\/person\/cd4f04b0a13c9114f95e23b489b6f9cb\",\"name\":\"admin\",\"image\":{\"@type\":\"ImageObject\",\"@id\":\"https:\/\/galeriamiejska.pl\/en\/#personlogo\",\"inLanguage\":\"\",\"url\":\"https:\/\/secure.gravatar.com\/avatar\/3ded5a36984f92b80e2d99cc96780fe89cd37f7fd652108d182620efbb1566fd?s=96&d=mm&r=g\",\"contentUrl\":\"https:\/\/secure.gravatar.com\/avatar\/3ded5a36984f92b80e2d99cc96780fe89cd37f7fd652108d182620efbb1566fd?s=96&d=mm&r=g\",\"caption\":\"admin\"},\"sameAs\":[\"http:\/\/galeriamiejska.pl\"],\"url\":\"https:\/\/galeriamiejska.pl\/en\/author\/admin\/\"}]}<\/script>\n<!-- \/ Yoast SEO plugin. -->","yoast_head_json":{"title":"Czwarty wymiar kreski - Galeria Miejska we Wroc\u0142awiu","robots":{"index":"index","follow":"follow","max-snippet":"max-snippet:-1","max-image-preview":"max-image-preview:large","max-video-preview":"max-video-preview:-1"},"canonical":"https:\/\/galeriamiejska.pl\/en\/czwarty-wymiar-kreski\/","og_locale":"en_US","og_type":"article","og_title":"Czwarty wymiar kreski - Galeria Miejska we Wroc\u0142awiu","og_description":"Katalog wystawy Czwarty wymiar kreski w Galerii Miejskiej we Wroc\u0142awiu","og_url":"https:\/\/galeriamiejska.pl\/en\/czwarty-wymiar-kreski\/","og_site_name":"Galeria Miejska we Wroc\u0142awiu","article_published_time":"2021-01-19T11:47:24+00:00","article_modified_time":"2021-09-23T08:47:58+00:00","og_image":[{"width":640,"height":340,"url":"https:\/\/galeriamiejska.pl\/wp-content\/uploads\/2021\/01\/313_noname.jpg","path":"\/autoinstalator\/wordpress\/wp-content\/uploads\/2021\/01\/313_noname.jpg","size":"full","id":642,"alt":"","pixels":217600,"type":"image\/jpeg"}],"twitter_card":"summary_large_image","twitter_misc":{"Written by":"admin","Est. reading time":"1 minute"},"schema":{"@context":"https:\/\/schema.org","@graph":[{"@type":"WebSite","@id":"https:\/\/galeriamiejska.pl\/en\/#website","url":"https:\/\/galeriamiejska.pl\/en\/","name":"Galeria Miejska we Wroc\u0142awiu","description":"","potentialAction":[{"@type":"SearchAction","target":{"@type":"EntryPoint","urlTemplate":"https:\/\/galeriamiejska.pl\/en\/?s={search_term_string}"},"query-input":"required name=search_term_string"}],"inLanguage":""},{"@type":"ImageObject","@id":"https:\/\/galeriamiejska.pl\/en\/czwarty-wymiar-kreski\/#primaryimage","inLanguage":"","url":"https:\/\/galeriamiejska.pl\/wp-content\/uploads\/2021\/01\/313_noname.jpg","contentUrl":"https:\/\/galeriamiejska.pl\/wp-content\/uploads\/2021\/01\/313_noname.jpg","width":640,"height":340},{"@type":"WebPage","@id":"https:\/\/galeriamiejska.pl\/en\/czwarty-wymiar-kreski\/#webpage","url":"https:\/\/galeriamiejska.pl\/en\/czwarty-wymiar-kreski\/","name":"Czwarty wymiar kreski - Galeria Miejska we Wroc\u0142awiu","isPartOf":{"@id":"https:\/\/galeriamiejska.pl\/en\/#website"},"primaryImageOfPage":{"@id":"https:\/\/galeriamiejska.pl\/en\/czwarty-wymiar-kreski\/#primaryimage"},"datePublished":"2021-01-19T11:47:24+00:00","dateModified":"2021-09-23T08:47:58+00:00","author":{"@id":"https:\/\/galeriamiejska.pl\/en\/#\/schema\/person\/cd4f04b0a13c9114f95e23b489b6f9cb"},"breadcrumb":{"@id":"https:\/\/galeriamiejska.pl\/en\/czwarty-wymiar-kreski\/#breadcrumb"},"inLanguage":"","potentialAction":[{"@type":"ReadAction","target":["https:\/\/galeriamiejska.pl\/en\/czwarty-wymiar-kreski\/"]}]},{"@type":"BreadcrumbList","@id":"https:\/\/galeriamiejska.pl\/en\/czwarty-wymiar-kreski\/#breadcrumb","itemListElement":[{"@type":"ListItem","position":1,"name":"Strona g\u0142\u00f3wna","item":"https:\/\/galeriamiejska.pl\/en\/"},{"@type":"ListItem","position":2,"name":"Czwarty wymiar kreski"}]},{"@type":"Person","@id":"https:\/\/galeriamiejska.pl\/en\/#\/schema\/person\/cd4f04b0a13c9114f95e23b489b6f9cb","name":"admin","image":{"@type":"ImageObject","@id":"https:\/\/galeriamiejska.pl\/en\/#personlogo","inLanguage":"","url":"https:\/\/secure.gravatar.com\/avatar\/3ded5a36984f92b80e2d99cc96780fe89cd37f7fd652108d182620efbb1566fd?s=96&d=mm&r=g","contentUrl":"https:\/\/secure.gravatar.com\/avatar\/3ded5a36984f92b80e2d99cc96780fe89cd37f7fd652108d182620efbb1566fd?s=96&d=mm&r=g","caption":"admin"},"sameAs":["http:\/\/galeriamiejska.pl"],"url":"https:\/\/galeriamiejska.pl\/en\/author\/admin\/"}]}},"_links":{"self":[{"href":"https:\/\/galeriamiejska.pl\/en\/wp-json\/wp\/v2\/posts\/641","targetHints":{"allow":["GET"]}}],"collection":[{"href":"https:\/\/galeriamiejska.pl\/en\/wp-json\/wp\/v2\/posts"}],"about":[{"href":"https:\/\/galeriamiejska.pl\/en\/wp-json\/wp\/v2\/types\/post"}],"author":[{"embeddable":true,"href":"https:\/\/galeriamiejska.pl\/en\/wp-json\/wp\/v2\/users\/1"}],"replies":[{"embeddable":true,"href":"https:\/\/galeriamiejska.pl\/en\/wp-json\/wp\/v2\/comments?post=641"}],"version-history":[{"count":2,"href":"https:\/\/galeriamiejska.pl\/en\/wp-json\/wp\/v2\/posts\/641\/revisions"}],"predecessor-version":[{"id":3359,"href":"https:\/\/galeriamiejska.pl\/en\/wp-json\/wp\/v2\/posts\/641\/revisions\/3359"}],"wp:featuredmedia":[{"embeddable":true,"href":"https:\/\/galeriamiejska.pl\/en\/wp-json\/wp\/v2\/media\/642"}],"wp:attachment":[{"href":"https:\/\/galeriamiejska.pl\/en\/wp-json\/wp\/v2\/media?parent=641"}],"wp:term":[{"taxonomy":"category","embeddable":true,"href":"https:\/\/galeriamiejska.pl\/en\/wp-json\/wp\/v2\/categories?post=641"},{"taxonomy":"post_tag","embeddable":true,"href":"https:\/\/galeriamiejska.pl\/en\/wp-json\/wp\/v2\/tags?post=641"}],"curies":[{"name":"wp","href":"https:\/\/api.w.org\/{rel}","templated":true}]}}