{"id":6355,"date":"2023-11-10T13:48:20","date_gmt":"2023-11-10T13:48:20","guid":{"rendered":"https:\/\/galeriamiejska.pl\/?p=6355"},"modified":"2023-11-20T09:42:53","modified_gmt":"2023-11-20T09:42:53","slug":"","status":"publish","type":"post","link":"https:\/\/galeriamiejska.pl\/en\/warsztaty-tanca-intuicyjnego-2\/","title":{"rendered":"","raw":""},"content":{"rendered":"","protected":false,"raw":""},"excerpt":{"rendered":"","protected":false,"raw":""},"author":1,"featured_media":6356,"comment_status":"open","ping_status":"open","sticky":false,"template":"","format":"standard","meta":{"_pl_post_content":"<!-- wp:paragraph -->\n<p><strong>Galeria Miejska we Wroc\u0142awiu serdecznie zaprasza na warsztaty ta\u0144ca intuicyjnego towarzysz\u0105ce wystawie UWAGA DOTYKA\u0106! Malarstwo haptyczne Jacka Jarczewskiego.<\/strong><\/p>\n<!-- \/wp:paragraph -->\n\n<!-- wp:paragraph -->\n<p><strong>Zaj\u0119cia odb\u0119d\u0105 si\u0119 17 listopada (pi\u0105tek) o godzinie 17:00!<\/strong><\/p>\n<!-- \/wp:paragraph -->\n\n<!-- wp:paragraph -->\n<p>Taniec intuicyjny jest elementem arteterapii i polega na prze\u0142o\u017ceniu emocji wywo\u0142anych przez dzie\u0142o sztuki na ruch. Aby uczestniczy\u0107 w zaj\u0119ciach, nie jest wymagane do\u015bwiadczenie taneczne!<\/p>\n<!-- \/wp:paragraph -->\n\n<!-- wp:paragraph -->\n<p>Warsztaty poprowadzi Barbara Przerwa, kt\u00f3ra pracuje w Muzeum Narodowym we Wroc\u0142awiu od 1995 roku. Z wykszta\u0142cenia jest animatorka kultury o specjalizacji tanecznej, pedagogiem i edukatork\u0105 muzealn\u0105 na stanowisku kustosza. W swojej pracy zawodowej \u0142\u0105czy dwie swoje wielkie pasje, mi\u0142o\u015b\u0107 do sztuk plastycznych i do ta\u0144ca.<br><br>Na czym b\u0119d\u0105 polega\u0142y warsztaty?<br>Patrz\u0105c i dotykaj\u0105c dzie\u0142a Jacka Jarczewskiego, uczestnicy mog\u0105 zachwyci\u0107 si\u0119 i zata\u0144czy\u0107 ich form\u0119, faktur\u0119, lini\u0119, doceni\u0107 warstw\u0119 symboliczn\u0105 i za pomoc\u0105 spontanicznej improwizacji tanecznej \u201eopowiedzie\u0107\u201d o danym obrazie i wyrazi\u0107 w\u0142asne emocje. Do\u015bwiadczenie taneczne nie jest wymagane!<\/p>\n<!-- \/wp:paragraph -->\n\n<!-- wp:paragraph -->\n<p>Co nale\u017cy zabra\u0107 ze sob\u0105 na warsztaty?<br>Dobry nastr\u00f3j, wod\u0119 mineraln\u0105, wygodne obuwie sportowe.<\/p>\n<!-- \/wp:paragraph -->\n\n<!-- wp:paragraph -->\n<p><strong>Udzia\u0142 w wydarzeniu jest bezp\u0142atny, obowi\u0105zuj\u0105 zapisy mailowe \u2013 biuro@galeriamiejska.pl<\/strong><\/p>\n<!-- \/wp:paragraph -->","_pl_post_name":"warsztaty-tanca-intuicyjnego-2","_pl_post_excerpt":"arteterapia na wystawie Jacka Jarczewskiego","_pl_post_title":"Warsztaty ta\u0144ca intuicyjnego","_en_post_content":"","_en_post_name":"","_en_post_excerpt":"","_en_post_title":"","edit_language":"en","footnotes":""},"categories":[10,8],"tags":[163,162,158,161,160],"class_list":["post-6355","post","type-post","status-publish","format-standard","has-post-thumbnail","hentry","category-archiwalne-wydarzenia","category-wydarzenia","tag-arteterapia","tag-barbara-przerwa","tag-jacek-jarczewski","tag-taniec-intuicyjny","tag-warsztaty-taneczne"],"yoast_head":"<!-- This site is optimized with the Yoast SEO plugin v16.8 - https:\/\/yoast.com\/wordpress\/plugins\/seo\/ -->\n<title>Warsztaty ta\u0144ca intuicyjnego - Galeria Miejska we Wroc\u0142awiu<\/title>\n<meta name=\"robots\" content=\"index, follow, max-snippet:-1, max-image-preview:large, max-video-preview:-1\" \/>\n<link rel=\"canonical\" href=\"https:\/\/galeriamiejska.pl\/en\/warsztaty-tanca-intuicyjnego-2\/\" \/>\n<meta property=\"og:locale\" content=\"en_US\" \/>\n<meta property=\"og:type\" content=\"article\" \/>\n<meta property=\"og:title\" content=\"Warsztaty ta\u0144ca intuicyjnego - Galeria Miejska we Wroc\u0142awiu\" \/>\n<meta property=\"og:description\" content=\"arteterapia na wystawie Jacka Jarczewskiego\" \/>\n<meta property=\"og:url\" content=\"https:\/\/galeriamiejska.pl\/en\/warsztaty-tanca-intuicyjnego-2\/\" \/>\n<meta property=\"og:site_name\" content=\"Galeria Miejska we Wroc\u0142awiu\" \/>\n<meta property=\"article:published_time\" content=\"2023-11-10T13:48:20+00:00\" \/>\n<meta property=\"article:modified_time\" content=\"2023-11-20T09:42:53+00:00\" \/>\n<meta property=\"og:image\" content=\"https:\/\/galeriamiejska.pl\/wp-content\/uploads\/2023\/11\/na-strone-warsztaty-taneczne-2.png\" \/>\n\t<meta property=\"og:image:width\" content=\"640\" \/>\n\t<meta property=\"og:image:height\" content=\"340\" \/>\n<meta name=\"twitter:card\" content=\"summary_large_image\" \/>\n<meta name=\"twitter:label1\" content=\"Written by\" \/>\n\t<meta name=\"twitter:data1\" content=\"admin\" \/>\n\t<meta name=\"twitter:label2\" content=\"Est. reading time\" \/>\n\t<meta name=\"twitter:data2\" content=\"1 minute\" \/>\n<script type=\"application\/ld+json\" class=\"yoast-schema-graph\">{\"@context\":\"https:\/\/schema.org\",\"@graph\":[{\"@type\":\"WebSite\",\"@id\":\"https:\/\/galeriamiejska.pl\/en\/#website\",\"url\":\"https:\/\/galeriamiejska.pl\/en\/\",\"name\":\"Galeria Miejska we Wroc\\u0142awiu\",\"description\":\"\",\"potentialAction\":[{\"@type\":\"SearchAction\",\"target\":{\"@type\":\"EntryPoint\",\"urlTemplate\":\"https:\/\/galeriamiejska.pl\/en\/?s={search_term_string}\"},\"query-input\":\"required name=search_term_string\"}],\"inLanguage\":\"\"},{\"@type\":\"ImageObject\",\"@id\":\"https:\/\/galeriamiejska.pl\/en\/warsztaty-tanca-intuicyjnego-2\/#primaryimage\",\"inLanguage\":\"\",\"url\":\"https:\/\/galeriamiejska.pl\/wp-content\/uploads\/2023\/11\/na-strone-warsztaty-taneczne-2.png\",\"contentUrl\":\"https:\/\/galeriamiejska.pl\/wp-content\/uploads\/2023\/11\/na-strone-warsztaty-taneczne-2.png\",\"width\":640,\"height\":340,\"caption\":\"warsztaty ta\\u0144ca intuicyjnego na wystawie Jacka Jarczewskiego w Galerii Miejskiej we Wroc\\u0142awiu\"},{\"@type\":\"WebPage\",\"@id\":\"https:\/\/galeriamiejska.pl\/en\/warsztaty-tanca-intuicyjnego-2\/#webpage\",\"url\":\"https:\/\/galeriamiejska.pl\/en\/warsztaty-tanca-intuicyjnego-2\/\",\"name\":\"Warsztaty ta\\u0144ca intuicyjnego - Galeria Miejska we Wroc\\u0142awiu\",\"isPartOf\":{\"@id\":\"https:\/\/galeriamiejska.pl\/en\/#website\"},\"primaryImageOfPage\":{\"@id\":\"https:\/\/galeriamiejska.pl\/en\/warsztaty-tanca-intuicyjnego-2\/#primaryimage\"},\"datePublished\":\"2023-11-10T13:48:20+00:00\",\"dateModified\":\"2023-11-20T09:42:53+00:00\",\"author\":{\"@id\":\"https:\/\/galeriamiejska.pl\/en\/#\/schema\/person\/cd4f04b0a13c9114f95e23b489b6f9cb\"},\"breadcrumb\":{\"@id\":\"https:\/\/galeriamiejska.pl\/en\/warsztaty-tanca-intuicyjnego-2\/#breadcrumb\"},\"inLanguage\":\"\",\"potentialAction\":[{\"@type\":\"ReadAction\",\"target\":[\"https:\/\/galeriamiejska.pl\/en\/warsztaty-tanca-intuicyjnego-2\/\"]}]},{\"@type\":\"BreadcrumbList\",\"@id\":\"https:\/\/galeriamiejska.pl\/en\/warsztaty-tanca-intuicyjnego-2\/#breadcrumb\",\"itemListElement\":[{\"@type\":\"ListItem\",\"position\":1,\"name\":\"Strona g\\u0142\\u00f3wna\",\"item\":\"https:\/\/galeriamiejska.pl\/en\/\"},{\"@type\":\"ListItem\",\"position\":2,\"name\":\"Warsztaty ta\\u0144ca intuicyjnego\"}]},{\"@type\":\"Person\",\"@id\":\"https:\/\/galeriamiejska.pl\/en\/#\/schema\/person\/cd4f04b0a13c9114f95e23b489b6f9cb\",\"name\":\"admin\",\"image\":{\"@type\":\"ImageObject\",\"@id\":\"https:\/\/galeriamiejska.pl\/en\/#personlogo\",\"inLanguage\":\"\",\"url\":\"https:\/\/secure.gravatar.com\/avatar\/3ded5a36984f92b80e2d99cc96780fe89cd37f7fd652108d182620efbb1566fd?s=96&d=mm&r=g\",\"contentUrl\":\"https:\/\/secure.gravatar.com\/avatar\/3ded5a36984f92b80e2d99cc96780fe89cd37f7fd652108d182620efbb1566fd?s=96&d=mm&r=g\",\"caption\":\"admin\"},\"sameAs\":[\"http:\/\/galeriamiejska.pl\"],\"url\":\"https:\/\/galeriamiejska.pl\/en\/author\/admin\/\"}]}<\/script>\n<!-- \/ Yoast SEO plugin. -->","yoast_head_json":{"title":"Warsztaty ta\u0144ca intuicyjnego - Galeria Miejska we Wroc\u0142awiu","robots":{"index":"index","follow":"follow","max-snippet":"max-snippet:-1","max-image-preview":"max-image-preview:large","max-video-preview":"max-video-preview:-1"},"canonical":"https:\/\/galeriamiejska.pl\/en\/warsztaty-tanca-intuicyjnego-2\/","og_locale":"en_US","og_type":"article","og_title":"Warsztaty ta\u0144ca intuicyjnego - Galeria Miejska we Wroc\u0142awiu","og_description":"arteterapia na wystawie Jacka Jarczewskiego","og_url":"https:\/\/galeriamiejska.pl\/en\/warsztaty-tanca-intuicyjnego-2\/","og_site_name":"Galeria Miejska we Wroc\u0142awiu","article_published_time":"2023-11-10T13:48:20+00:00","article_modified_time":"2023-11-20T09:42:53+00:00","og_image":[{"width":640,"height":340,"filesize":264049,"url":"https:\/\/galeriamiejska.pl\/wp-content\/uploads\/2023\/11\/na-strone-warsztaty-taneczne-2.png","path":"\/autoinstalator\/wordpress\/wp-content\/uploads\/2023\/11\/na-strone-warsztaty-taneczne-2.png","size":"full","id":6356,"alt":"","pixels":217600,"type":"image\/png"}],"twitter_card":"summary_large_image","twitter_misc":{"Written by":"admin","Est. reading time":"1 minute"},"schema":{"@context":"https:\/\/schema.org","@graph":[{"@type":"WebSite","@id":"https:\/\/galeriamiejska.pl\/en\/#website","url":"https:\/\/galeriamiejska.pl\/en\/","name":"Galeria Miejska we Wroc\u0142awiu","description":"","potentialAction":[{"@type":"SearchAction","target":{"@type":"EntryPoint","urlTemplate":"https:\/\/galeriamiejska.pl\/en\/?s={search_term_string}"},"query-input":"required name=search_term_string"}],"inLanguage":""},{"@type":"ImageObject","@id":"https:\/\/galeriamiejska.pl\/en\/warsztaty-tanca-intuicyjnego-2\/#primaryimage","inLanguage":"","url":"https:\/\/galeriamiejska.pl\/wp-content\/uploads\/2023\/11\/na-strone-warsztaty-taneczne-2.png","contentUrl":"https:\/\/galeriamiejska.pl\/wp-content\/uploads\/2023\/11\/na-strone-warsztaty-taneczne-2.png","width":640,"height":340,"caption":"warsztaty ta\u0144ca intuicyjnego na wystawie Jacka Jarczewskiego w Galerii Miejskiej we Wroc\u0142awiu"},{"@type":"WebPage","@id":"https:\/\/galeriamiejska.pl\/en\/warsztaty-tanca-intuicyjnego-2\/#webpage","url":"https:\/\/galeriamiejska.pl\/en\/warsztaty-tanca-intuicyjnego-2\/","name":"Warsztaty ta\u0144ca intuicyjnego - Galeria Miejska we Wroc\u0142awiu","isPartOf":{"@id":"https:\/\/galeriamiejska.pl\/en\/#website"},"primaryImageOfPage":{"@id":"https:\/\/galeriamiejska.pl\/en\/warsztaty-tanca-intuicyjnego-2\/#primaryimage"},"datePublished":"2023-11-10T13:48:20+00:00","dateModified":"2023-11-20T09:42:53+00:00","author":{"@id":"https:\/\/galeriamiejska.pl\/en\/#\/schema\/person\/cd4f04b0a13c9114f95e23b489b6f9cb"},"breadcrumb":{"@id":"https:\/\/galeriamiejska.pl\/en\/warsztaty-tanca-intuicyjnego-2\/#breadcrumb"},"inLanguage":"","potentialAction":[{"@type":"ReadAction","target":["https:\/\/galeriamiejska.pl\/en\/warsztaty-tanca-intuicyjnego-2\/"]}]},{"@type":"BreadcrumbList","@id":"https:\/\/galeriamiejska.pl\/en\/warsztaty-tanca-intuicyjnego-2\/#breadcrumb","itemListElement":[{"@type":"ListItem","position":1,"name":"Strona g\u0142\u00f3wna","item":"https:\/\/galeriamiejska.pl\/en\/"},{"@type":"ListItem","position":2,"name":"Warsztaty ta\u0144ca intuicyjnego"}]},{"@type":"Person","@id":"https:\/\/galeriamiejska.pl\/en\/#\/schema\/person\/cd4f04b0a13c9114f95e23b489b6f9cb","name":"admin","image":{"@type":"ImageObject","@id":"https:\/\/galeriamiejska.pl\/en\/#personlogo","inLanguage":"","url":"https:\/\/secure.gravatar.com\/avatar\/3ded5a36984f92b80e2d99cc96780fe89cd37f7fd652108d182620efbb1566fd?s=96&d=mm&r=g","contentUrl":"https:\/\/secure.gravatar.com\/avatar\/3ded5a36984f92b80e2d99cc96780fe89cd37f7fd652108d182620efbb1566fd?s=96&d=mm&r=g","caption":"admin"},"sameAs":["http:\/\/galeriamiejska.pl"],"url":"https:\/\/galeriamiejska.pl\/en\/author\/admin\/"}]}},"_links":{"self":[{"href":"https:\/\/galeriamiejska.pl\/en\/wp-json\/wp\/v2\/posts\/6355","targetHints":{"allow":["GET"]}}],"collection":[{"href":"https:\/\/galeriamiejska.pl\/en\/wp-json\/wp\/v2\/posts"}],"about":[{"href":"https:\/\/galeriamiejska.pl\/en\/wp-json\/wp\/v2\/types\/post"}],"author":[{"embeddable":true,"href":"https:\/\/galeriamiejska.pl\/en\/wp-json\/wp\/v2\/users\/1"}],"replies":[{"embeddable":true,"href":"https:\/\/galeriamiejska.pl\/en\/wp-json\/wp\/v2\/comments?post=6355"}],"version-history":[{"count":3,"href":"https:\/\/galeriamiejska.pl\/en\/wp-json\/wp\/v2\/posts\/6355\/revisions"}],"predecessor-version":[{"id":6362,"href":"https:\/\/galeriamiejska.pl\/en\/wp-json\/wp\/v2\/posts\/6355\/revisions\/6362"}],"wp:featuredmedia":[{"embeddable":true,"href":"https:\/\/galeriamiejska.pl\/en\/wp-json\/wp\/v2\/media\/6356"}],"wp:attachment":[{"href":"https:\/\/galeriamiejska.pl\/en\/wp-json\/wp\/v2\/media?parent=6355"}],"wp:term":[{"taxonomy":"category","embeddable":true,"href":"https:\/\/galeriamiejska.pl\/en\/wp-json\/wp\/v2\/categories?post=6355"},{"taxonomy":"post_tag","embeddable":true,"href":"https:\/\/galeriamiejska.pl\/en\/wp-json\/wp\/v2\/tags?post=6355"}],"curies":[{"name":"wp","href":"https:\/\/api.w.org\/{rel}","templated":true}]}}