{"id":6272,"date":"2023-10-13T13:50:10","date_gmt":"2023-10-13T13:50:10","guid":{"rendered":"https:\/\/galeriamiejska.pl\/?p=6272"},"modified":"2023-11-07T14:32:27","modified_gmt":"2023-11-07T14:32:27","slug":"","status":"publish","type":"post","link":"https:\/\/galeriamiejska.pl\/en\/www-wroclawski-warsztat-i-wyobraznia-2\/","title":{"rendered":"","raw":""},"content":{"rendered":"","protected":false,"raw":""},"excerpt":{"rendered":"","protected":false,"raw":""},"author":1,"featured_media":6273,"comment_status":"open","ping_status":"open","sticky":false,"template":"","format":"standard","meta":{"_pl_post_content":"<!-- wp:paragraph -->\n<p><strong>Wydawca:<\/strong>&nbsp;Galeria Miejska we Wroc\u0142awiu<br><strong>Teksty:<\/strong>&nbsp;Miros\u0142aw Jasi\u0144ski, Dorota Mi\u0142kowska, Aleksander Jasi\u0144ski<br><strong>Zdj\u0119cia:<\/strong>&nbsp;Krzysztof Pachurka, Mirek Koch, Sebastian Szczepanowski, Archiwum Autor\u00f3w<br><strong>Opracowanie graficzne:<\/strong>&nbsp;Artur Skowro\u0144ski<br><strong>T\u0142umaczenia i korekta:&nbsp;<\/strong>Joanna Hardukiewicz-Chojnowska, Marta Kaczmarek<br><strong>ISBN:&nbsp;<\/strong>978-83-967485-6-0<\/p>\n<!-- \/wp:paragraph -->\n\n<!-- wp:paragraph -->\n<p>Cena publikacji: 50 z\u0142<br>196 stron, 26,5\u00d720,5 cm, oprawa mi\u0119kka<\/p>\n<!-- \/wp:paragraph -->\n\n<!-- wp:paragraph -->\n<p>Katalog do nabycia w&nbsp;Galerii Miejskiej we Wroc\u0142awiu ul. Kie\u0142ba\u015bnicza 28.<br>Przyjmujemy r\u00f3wnie\u017c zam\u00f3wienia pod adresem biuro@galeriamiejska.pl<br><\/p>\n<!-- \/wp:paragraph -->\n\n<!-- wp:spacer {\"height\":\"49px\"} -->\n<div style=\"height:49px\" aria-hidden=\"true\" class=\"wp-block-spacer\"><\/div>\n<!-- \/wp:spacer -->\n\n<!-- wp:columns -->\n<div class=\"wp-block-columns\"><!-- wp:column -->\n<div class=\"wp-block-column\"><!-- wp:image {\"id\":6275,\"sizeSlug\":\"large\",\"linkDestination\":\"media\"} -->\n<figure class=\"wp-block-image size-large\"><a href=\"https:\/\/galeriamiejska.pl\/wp-content\/uploads\/2023\/10\/IMG_3295-scaled.jpg\"><img src=\"https:\/\/galeriamiejska.pl\/wp-content\/uploads\/2023\/10\/IMG_3295-1024x683.jpg\" alt=\"\" class=\"wp-image-6275\"\/><\/a><figcaption class=\"wp-element-caption\">katalog wystawy www. wroc\u0142awski warsztat i wyobra\u017ania  - ok\u0142adka prz\u00f3d<\/figcaption><\/figure>\n<!-- \/wp:image --><\/div>\n<!-- \/wp:column -->\n\n<!-- wp:column -->\n<div class=\"wp-block-column\"><!-- wp:image {\"id\":6287,\"sizeSlug\":\"large\",\"linkDestination\":\"media\"} -->\n<figure class=\"wp-block-image size-large\"><a href=\"https:\/\/galeriamiejska.pl\/wp-content\/uploads\/2023\/10\/IMG_3321-scaled.jpg\"><img src=\"https:\/\/galeriamiejska.pl\/wp-content\/uploads\/2023\/10\/IMG_3321-1024x683.jpg\" alt=\"\" class=\"wp-image-6287\"\/><\/a><figcaption class=\"wp-element-caption\">katalog wystawy www. wroc\u0142awski warsztat i wyobra\u017ania - ok\u0142adka tylnia<\/figcaption><\/figure>\n<!-- \/wp:image --><\/div>\n<!-- \/wp:column --><\/div>\n<!-- \/wp:columns -->\n\n<!-- wp:columns -->\n<div class=\"wp-block-columns\"><!-- wp:column -->\n<div class=\"wp-block-column\"><!-- wp:image {\"id\":6274,\"sizeSlug\":\"large\",\"linkDestination\":\"media\"} -->\n<figure class=\"wp-block-image size-large\"><a href=\"https:\/\/galeriamiejska.pl\/wp-content\/uploads\/2023\/10\/IMG_3294-scaled.jpg\"><img src=\"https:\/\/galeriamiejska.pl\/wp-content\/uploads\/2023\/10\/IMG_3294-1024x683.jpg\" alt=\"\" class=\"wp-image-6274\"\/><\/a><figcaption class=\"wp-element-caption\">katalog wystawy www. wroc\u0142awski warsztat i wyobra\u017ania  - wn\u0119trze<\/figcaption><\/figure>\n<!-- \/wp:image --><\/div>\n<!-- \/wp:column -->\n\n<!-- wp:column -->\n<div class=\"wp-block-column\"><!-- wp:image {\"id\":6277,\"sizeSlug\":\"large\",\"linkDestination\":\"media\"} -->\n<figure class=\"wp-block-image size-large\"><a href=\"https:\/\/galeriamiejska.pl\/wp-content\/uploads\/2023\/10\/IMG_3299-scaled.jpg\"><img src=\"https:\/\/galeriamiejska.pl\/wp-content\/uploads\/2023\/10\/IMG_3299-1024x683.jpg\" alt=\"\" class=\"wp-image-6277\"\/><\/a><figcaption class=\"wp-element-caption\">katalog wystawy www. wroc\u0142awski warsztat i wyobra\u017ania  - wn\u0119trze<\/figcaption><\/figure>\n<!-- \/wp:image --><\/div>\n<!-- \/wp:column --><\/div>\n<!-- \/wp:columns -->\n\n<!-- wp:columns -->\n<div class=\"wp-block-columns\"><!-- wp:column -->\n<div class=\"wp-block-column\"><!-- wp:image {\"id\":6279,\"sizeSlug\":\"large\",\"linkDestination\":\"media\"} -->\n<figure class=\"wp-block-image size-large\"><a href=\"https:\/\/galeriamiejska.pl\/wp-content\/uploads\/2023\/10\/IMG_3305-scaled.jpg\"><img src=\"https:\/\/galeriamiejska.pl\/wp-content\/uploads\/2023\/10\/IMG_3305-1024x683.jpg\" alt=\"\" class=\"wp-image-6279\"\/><\/a><figcaption class=\"wp-element-caption\">katalog wystawy www. wroc\u0142awski warsztat i wyobra\u017ania - wn\u0119trze<\/figcaption><\/figure>\n<!-- \/wp:image --><\/div>\n<!-- \/wp:column -->\n\n<!-- wp:column -->\n<div class=\"wp-block-column\"><!-- wp:image {\"id\":6280,\"sizeSlug\":\"large\",\"linkDestination\":\"media\"} -->\n<figure class=\"wp-block-image size-large\"><a href=\"https:\/\/galeriamiejska.pl\/wp-content\/uploads\/2023\/10\/IMG_3306-scaled.jpg\"><img src=\"https:\/\/galeriamiejska.pl\/wp-content\/uploads\/2023\/10\/IMG_3306-1024x683.jpg\" alt=\"\" class=\"wp-image-6280\"\/><\/a><figcaption class=\"wp-element-caption\">katalog wystawy www. wroc\u0142awski warsztat i wyobra\u017ania  - wn\u0119trze<\/figcaption><\/figure>\n<!-- \/wp:image --><\/div>\n<!-- \/wp:column -->\n\n<!-- wp:column -->\n<div class=\"wp-block-column\"><!-- wp:image {\"id\":6278,\"sizeSlug\":\"large\",\"linkDestination\":\"media\"} -->\n<figure class=\"wp-block-image size-large\"><a href=\"https:\/\/galeriamiejska.pl\/wp-content\/uploads\/2023\/10\/IMG_3303-scaled.jpg\"><img src=\"https:\/\/galeriamiejska.pl\/wp-content\/uploads\/2023\/10\/IMG_3303-1024x683.jpg\" alt=\"\" class=\"wp-image-6278\"\/><\/a><figcaption class=\"wp-element-caption\">katalog wystawy www. wroc\u0142awski warsztat i wyobra\u017ania  - wn\u0119trze<\/figcaption><\/figure>\n<!-- \/wp:image --><\/div>\n<!-- \/wp:column --><\/div>\n<!-- \/wp:columns -->\n\n<!-- wp:columns -->\n<div class=\"wp-block-columns\"><!-- wp:column -->\n<div class=\"wp-block-column\"><!-- wp:image {\"id\":6281,\"sizeSlug\":\"large\",\"linkDestination\":\"media\"} -->\n<figure class=\"wp-block-image size-large\"><a href=\"https:\/\/galeriamiejska.pl\/wp-content\/uploads\/2023\/10\/IMG_3307-scaled.jpg\"><img src=\"https:\/\/galeriamiejska.pl\/wp-content\/uploads\/2023\/10\/IMG_3307-1024x683.jpg\" alt=\"\" class=\"wp-image-6281\"\/><\/a><figcaption class=\"wp-element-caption\">katalog wystawy www. wroc\u0142awski warsztat i wyobra\u017ania  - wn\u0119trze<\/figcaption><\/figure>\n<!-- \/wp:image --><\/div>\n<!-- \/wp:column -->\n\n<!-- wp:column -->\n<div class=\"wp-block-column\"><!-- wp:image {\"id\":6282,\"sizeSlug\":\"large\",\"linkDestination\":\"media\"} -->\n<figure class=\"wp-block-image size-large\"><a href=\"https:\/\/galeriamiejska.pl\/wp-content\/uploads\/2023\/10\/IMG_3310-scaled.jpg\"><img src=\"https:\/\/galeriamiejska.pl\/wp-content\/uploads\/2023\/10\/IMG_3310-1024x683.jpg\" alt=\"\" class=\"wp-image-6282\"\/><\/a><figcaption class=\"wp-element-caption\">katalog wystawy www. wroc\u0142awski warsztat i wyobra\u017ania  - wn\u0119trze<\/figcaption><\/figure>\n<!-- \/wp:image --><\/div>\n<!-- \/wp:column -->\n\n<!-- wp:column -->\n<div class=\"wp-block-column\"><!-- wp:image {\"id\":6286,\"sizeSlug\":\"large\",\"linkDestination\":\"media\"} -->\n<figure class=\"wp-block-image size-large\"><a href=\"https:\/\/galeriamiejska.pl\/wp-content\/uploads\/2023\/10\/IMG_3317-scaled.jpg\"><img src=\"https:\/\/galeriamiejska.pl\/wp-content\/uploads\/2023\/10\/IMG_3317-1024x683.jpg\" alt=\"\" class=\"wp-image-6286\"\/><\/a><figcaption class=\"wp-element-caption\">katalog wystawy www. wroc\u0142awski warsztat i wyobra\u017ania  - wn\u0119trze<\/figcaption><\/figure>\n<!-- \/wp:image --><\/div>\n<!-- \/wp:column --><\/div>\n<!-- \/wp:columns -->\n\n<!-- wp:columns -->\n<div class=\"wp-block-columns\"><!-- wp:column -->\n<div class=\"wp-block-column\"><!-- wp:image {\"id\":6284,\"sizeSlug\":\"large\",\"linkDestination\":\"media\"} -->\n<figure class=\"wp-block-image size-large\"><a href=\"https:\/\/galeriamiejska.pl\/wp-content\/uploads\/2023\/10\/IMG_3314-scaled.jpg\"><img src=\"https:\/\/galeriamiejska.pl\/wp-content\/uploads\/2023\/10\/IMG_3314-1024x683.jpg\" alt=\"\" class=\"wp-image-6284\"\/><\/a><figcaption class=\"wp-element-caption\">katalog wystawy www. wroc\u0142awski warsztat i wyobra\u017ania  - wn\u0119trze<\/figcaption><\/figure>\n<!-- \/wp:image --><\/div>\n<!-- \/wp:column -->\n\n<!-- wp:column -->\n<div class=\"wp-block-column\"><!-- wp:image {\"id\":6283,\"sizeSlug\":\"large\",\"linkDestination\":\"media\"} -->\n<figure class=\"wp-block-image size-large\"><a href=\"https:\/\/galeriamiejska.pl\/wp-content\/uploads\/2023\/10\/IMG_3311-scaled.jpg\"><img src=\"https:\/\/galeriamiejska.pl\/wp-content\/uploads\/2023\/10\/IMG_3311-1024x683.jpg\" alt=\"\" class=\"wp-image-6283\"\/><\/a><figcaption class=\"wp-element-caption\">katalog wystawy www. wroc\u0142awski warsztat i wyobra\u017ania  - wn\u0119trze<\/figcaption><\/figure>\n<!-- \/wp:image --><\/div>\n<!-- \/wp:column -->\n\n<!-- wp:column -->\n<div class=\"wp-block-column\"><!-- wp:image {\"id\":6285,\"sizeSlug\":\"large\",\"linkDestination\":\"media\"} -->\n<figure class=\"wp-block-image size-large\"><a href=\"https:\/\/galeriamiejska.pl\/wp-content\/uploads\/2023\/10\/IMG_3315-scaled.jpg\"><img src=\"https:\/\/galeriamiejska.pl\/wp-content\/uploads\/2023\/10\/IMG_3315-1024x683.jpg\" alt=\"\" class=\"wp-image-6285\"\/><\/a><figcaption class=\"wp-element-caption\">katalog wystawy www. wroc\u0142awski warsztat i wyobra\u017ania  - wn\u0119trze<\/figcaption><\/figure>\n<!-- \/wp:image --><\/div>\n<!-- \/wp:column --><\/div>\n<!-- \/wp:columns -->","_pl_post_name":"www-wroclawski-warsztat-i-wyobraznia-2","_pl_post_excerpt":"katalog zbiorowej wystawy szk\u0142a i ceramiki wroc\u0142awskich artyst\u00f3w","_pl_post_title":"www. wroc\u0142awski warsztat i wyobra\u017ania","_en_post_content":"","_en_post_name":"","_en_post_excerpt":"","_en_post_title":"","edit_language":"en","footnotes":""},"categories":[15,16],"tags":[31,33,156,157],"class_list":["post-6272","post","type-post","status-publish","format-standard","has-post-thumbnail","hentry","category-sklep","category-wydawnictwa","tag-galeria-miejska-we-wroclawiu","tag-katalog","tag-wroclawski-warsztat","tag-www"],"yoast_head":"<!-- This site is optimized with the Yoast SEO plugin v16.8 - https:\/\/yoast.com\/wordpress\/plugins\/seo\/ -->\n<title>www. wroc\u0142awski warsztat i wyobra\u017ania - Galeria Miejska we Wroc\u0142awiu<\/title>\n<meta name=\"robots\" content=\"index, follow, max-snippet:-1, max-image-preview:large, max-video-preview:-1\" \/>\n<link rel=\"canonical\" href=\"https:\/\/galeriamiejska.pl\/en\/www-wroclawski-warsztat-i-wyobraznia-2\/\" \/>\n<meta property=\"og:locale\" content=\"en_US\" \/>\n<meta property=\"og:type\" content=\"article\" \/>\n<meta property=\"og:title\" content=\"www. wroc\u0142awski warsztat i wyobra\u017ania - Galeria Miejska we Wroc\u0142awiu\" \/>\n<meta property=\"og:description\" content=\"katalog zbiorowej wystawy szk\u0142a i ceramiki wroc\u0142awskich artyst\u00f3w\" \/>\n<meta property=\"og:url\" content=\"https:\/\/galeriamiejska.pl\/en\/www-wroclawski-warsztat-i-wyobraznia-2\/\" \/>\n<meta property=\"og:site_name\" content=\"Galeria Miejska we Wroc\u0142awiu\" \/>\n<meta property=\"article:published_time\" content=\"2023-10-13T13:50:10+00:00\" \/>\n<meta property=\"article:modified_time\" content=\"2023-11-07T14:32:27+00:00\" \/>\n<meta property=\"og:image\" content=\"https:\/\/galeriamiejska.pl\/wp-content\/uploads\/2023\/10\/Baner-katalog-wystawy-www-wroclawski-warsztat-i-wyobraznia.png\" \/>\n\t<meta property=\"og:image:width\" content=\"640\" \/>\n\t<meta property=\"og:image:height\" content=\"340\" \/>\n<meta name=\"twitter:card\" content=\"summary_large_image\" \/>\n<meta name=\"twitter:label1\" content=\"Written by\" \/>\n\t<meta name=\"twitter:data1\" content=\"admin\" \/>\n\t<meta name=\"twitter:label2\" content=\"Est. reading time\" \/>\n\t<meta name=\"twitter:data2\" content=\"1 minute\" \/>\n<script type=\"application\/ld+json\" class=\"yoast-schema-graph\">{\"@context\":\"https:\/\/schema.org\",\"@graph\":[{\"@type\":\"WebSite\",\"@id\":\"https:\/\/galeriamiejska.pl\/en\/#website\",\"url\":\"https:\/\/galeriamiejska.pl\/en\/\",\"name\":\"Galeria Miejska we Wroc\\u0142awiu\",\"description\":\"\",\"potentialAction\":[{\"@type\":\"SearchAction\",\"target\":{\"@type\":\"EntryPoint\",\"urlTemplate\":\"https:\/\/galeriamiejska.pl\/en\/?s={search_term_string}\"},\"query-input\":\"required name=search_term_string\"}],\"inLanguage\":\"\"},{\"@type\":\"ImageObject\",\"@id\":\"https:\/\/galeriamiejska.pl\/en\/www-wroclawski-warsztat-i-wyobraznia-2\/#primaryimage\",\"inLanguage\":\"\",\"url\":\"https:\/\/galeriamiejska.pl\/wp-content\/uploads\/2023\/10\/Baner-katalog-wystawy-www-wroclawski-warsztat-i-wyobraznia.png\",\"contentUrl\":\"https:\/\/galeriamiejska.pl\/wp-content\/uploads\/2023\/10\/Baner-katalog-wystawy-www-wroclawski-warsztat-i-wyobraznia.png\",\"width\":640,\"height\":340,\"caption\":\"katalog wystawy UWAGA DOTYKA\\u0106! - wn\\u0119trze\"},{\"@type\":\"WebPage\",\"@id\":\"https:\/\/galeriamiejska.pl\/en\/www-wroclawski-warsztat-i-wyobraznia-2\/#webpage\",\"url\":\"https:\/\/galeriamiejska.pl\/en\/www-wroclawski-warsztat-i-wyobraznia-2\/\",\"name\":\"www. wroc\\u0142awski warsztat i wyobra\\u017ania - Galeria Miejska we Wroc\\u0142awiu\",\"isPartOf\":{\"@id\":\"https:\/\/galeriamiejska.pl\/en\/#website\"},\"primaryImageOfPage\":{\"@id\":\"https:\/\/galeriamiejska.pl\/en\/www-wroclawski-warsztat-i-wyobraznia-2\/#primaryimage\"},\"datePublished\":\"2023-10-13T13:50:10+00:00\",\"dateModified\":\"2023-11-07T14:32:27+00:00\",\"author\":{\"@id\":\"https:\/\/galeriamiejska.pl\/en\/#\/schema\/person\/cd4f04b0a13c9114f95e23b489b6f9cb\"},\"breadcrumb\":{\"@id\":\"https:\/\/galeriamiejska.pl\/en\/www-wroclawski-warsztat-i-wyobraznia-2\/#breadcrumb\"},\"inLanguage\":\"\",\"potentialAction\":[{\"@type\":\"ReadAction\",\"target\":[\"https:\/\/galeriamiejska.pl\/en\/www-wroclawski-warsztat-i-wyobraznia-2\/\"]}]},{\"@type\":\"BreadcrumbList\",\"@id\":\"https:\/\/galeriamiejska.pl\/en\/www-wroclawski-warsztat-i-wyobraznia-2\/#breadcrumb\",\"itemListElement\":[{\"@type\":\"ListItem\",\"position\":1,\"name\":\"Strona g\\u0142\\u00f3wna\",\"item\":\"https:\/\/galeriamiejska.pl\/en\/\"},{\"@type\":\"ListItem\",\"position\":2,\"name\":\"www. wroc\\u0142awski warsztat i wyobra\\u017ania\"}]},{\"@type\":\"Person\",\"@id\":\"https:\/\/galeriamiejska.pl\/en\/#\/schema\/person\/cd4f04b0a13c9114f95e23b489b6f9cb\",\"name\":\"admin\",\"image\":{\"@type\":\"ImageObject\",\"@id\":\"https:\/\/galeriamiejska.pl\/en\/#personlogo\",\"inLanguage\":\"\",\"url\":\"https:\/\/secure.gravatar.com\/avatar\/3ded5a36984f92b80e2d99cc96780fe89cd37f7fd652108d182620efbb1566fd?s=96&d=mm&r=g\",\"contentUrl\":\"https:\/\/secure.gravatar.com\/avatar\/3ded5a36984f92b80e2d99cc96780fe89cd37f7fd652108d182620efbb1566fd?s=96&d=mm&r=g\",\"caption\":\"admin\"},\"sameAs\":[\"http:\/\/galeriamiejska.pl\"],\"url\":\"https:\/\/galeriamiejska.pl\/en\/author\/admin\/\"}]}<\/script>\n<!-- \/ Yoast SEO plugin. -->","yoast_head_json":{"title":"www. wroc\u0142awski warsztat i wyobra\u017ania - Galeria Miejska we Wroc\u0142awiu","robots":{"index":"index","follow":"follow","max-snippet":"max-snippet:-1","max-image-preview":"max-image-preview:large","max-video-preview":"max-video-preview:-1"},"canonical":"https:\/\/galeriamiejska.pl\/en\/www-wroclawski-warsztat-i-wyobraznia-2\/","og_locale":"en_US","og_type":"article","og_title":"www. wroc\u0142awski warsztat i wyobra\u017ania - Galeria Miejska we Wroc\u0142awiu","og_description":"katalog zbiorowej wystawy szk\u0142a i ceramiki wroc\u0142awskich artyst\u00f3w","og_url":"https:\/\/galeriamiejska.pl\/en\/www-wroclawski-warsztat-i-wyobraznia-2\/","og_site_name":"Galeria Miejska we Wroc\u0142awiu","article_published_time":"2023-10-13T13:50:10+00:00","article_modified_time":"2023-11-07T14:32:27+00:00","og_image":[{"width":640,"height":340,"filesize":282197,"url":"https:\/\/galeriamiejska.pl\/wp-content\/uploads\/2023\/10\/Baner-katalog-wystawy-www-wroclawski-warsztat-i-wyobraznia.png","path":"\/autoinstalator\/wordpress\/wp-content\/uploads\/2023\/10\/Baner-katalog-wystawy-www-wroclawski-warsztat-i-wyobraznia.png","size":"full","id":6273,"alt":"","pixels":217600,"type":"image\/png"}],"twitter_card":"summary_large_image","twitter_misc":{"Written by":"admin","Est. reading time":"1 minute"},"schema":{"@context":"https:\/\/schema.org","@graph":[{"@type":"WebSite","@id":"https:\/\/galeriamiejska.pl\/en\/#website","url":"https:\/\/galeriamiejska.pl\/en\/","name":"Galeria Miejska we Wroc\u0142awiu","description":"","potentialAction":[{"@type":"SearchAction","target":{"@type":"EntryPoint","urlTemplate":"https:\/\/galeriamiejska.pl\/en\/?s={search_term_string}"},"query-input":"required name=search_term_string"}],"inLanguage":""},{"@type":"ImageObject","@id":"https:\/\/galeriamiejska.pl\/en\/www-wroclawski-warsztat-i-wyobraznia-2\/#primaryimage","inLanguage":"","url":"https:\/\/galeriamiejska.pl\/wp-content\/uploads\/2023\/10\/Baner-katalog-wystawy-www-wroclawski-warsztat-i-wyobraznia.png","contentUrl":"https:\/\/galeriamiejska.pl\/wp-content\/uploads\/2023\/10\/Baner-katalog-wystawy-www-wroclawski-warsztat-i-wyobraznia.png","width":640,"height":340,"caption":"katalog wystawy UWAGA DOTYKA\u0106! - wn\u0119trze"},{"@type":"WebPage","@id":"https:\/\/galeriamiejska.pl\/en\/www-wroclawski-warsztat-i-wyobraznia-2\/#webpage","url":"https:\/\/galeriamiejska.pl\/en\/www-wroclawski-warsztat-i-wyobraznia-2\/","name":"www. wroc\u0142awski warsztat i wyobra\u017ania - Galeria Miejska we Wroc\u0142awiu","isPartOf":{"@id":"https:\/\/galeriamiejska.pl\/en\/#website"},"primaryImageOfPage":{"@id":"https:\/\/galeriamiejska.pl\/en\/www-wroclawski-warsztat-i-wyobraznia-2\/#primaryimage"},"datePublished":"2023-10-13T13:50:10+00:00","dateModified":"2023-11-07T14:32:27+00:00","author":{"@id":"https:\/\/galeriamiejska.pl\/en\/#\/schema\/person\/cd4f04b0a13c9114f95e23b489b6f9cb"},"breadcrumb":{"@id":"https:\/\/galeriamiejska.pl\/en\/www-wroclawski-warsztat-i-wyobraznia-2\/#breadcrumb"},"inLanguage":"","potentialAction":[{"@type":"ReadAction","target":["https:\/\/galeriamiejska.pl\/en\/www-wroclawski-warsztat-i-wyobraznia-2\/"]}]},{"@type":"BreadcrumbList","@id":"https:\/\/galeriamiejska.pl\/en\/www-wroclawski-warsztat-i-wyobraznia-2\/#breadcrumb","itemListElement":[{"@type":"ListItem","position":1,"name":"Strona g\u0142\u00f3wna","item":"https:\/\/galeriamiejska.pl\/en\/"},{"@type":"ListItem","position":2,"name":"www. wroc\u0142awski warsztat i wyobra\u017ania"}]},{"@type":"Person","@id":"https:\/\/galeriamiejska.pl\/en\/#\/schema\/person\/cd4f04b0a13c9114f95e23b489b6f9cb","name":"admin","image":{"@type":"ImageObject","@id":"https:\/\/galeriamiejska.pl\/en\/#personlogo","inLanguage":"","url":"https:\/\/secure.gravatar.com\/avatar\/3ded5a36984f92b80e2d99cc96780fe89cd37f7fd652108d182620efbb1566fd?s=96&d=mm&r=g","contentUrl":"https:\/\/secure.gravatar.com\/avatar\/3ded5a36984f92b80e2d99cc96780fe89cd37f7fd652108d182620efbb1566fd?s=96&d=mm&r=g","caption":"admin"},"sameAs":["http:\/\/galeriamiejska.pl"],"url":"https:\/\/galeriamiejska.pl\/en\/author\/admin\/"}]}},"_links":{"self":[{"href":"https:\/\/galeriamiejska.pl\/en\/wp-json\/wp\/v2\/posts\/6272","targetHints":{"allow":["GET"]}}],"collection":[{"href":"https:\/\/galeriamiejska.pl\/en\/wp-json\/wp\/v2\/posts"}],"about":[{"href":"https:\/\/galeriamiejska.pl\/en\/wp-json\/wp\/v2\/types\/post"}],"author":[{"embeddable":true,"href":"https:\/\/galeriamiejska.pl\/en\/wp-json\/wp\/v2\/users\/1"}],"replies":[{"embeddable":true,"href":"https:\/\/galeriamiejska.pl\/en\/wp-json\/wp\/v2\/comments?post=6272"}],"version-history":[{"count":11,"href":"https:\/\/galeriamiejska.pl\/en\/wp-json\/wp\/v2\/posts\/6272\/revisions"}],"predecessor-version":[{"id":6351,"href":"https:\/\/galeriamiejska.pl\/en\/wp-json\/wp\/v2\/posts\/6272\/revisions\/6351"}],"wp:featuredmedia":[{"embeddable":true,"href":"https:\/\/galeriamiejska.pl\/en\/wp-json\/wp\/v2\/media\/6273"}],"wp:attachment":[{"href":"https:\/\/galeriamiejska.pl\/en\/wp-json\/wp\/v2\/media?parent=6272"}],"wp:term":[{"taxonomy":"category","embeddable":true,"href":"https:\/\/galeriamiejska.pl\/en\/wp-json\/wp\/v2\/categories?post=6272"},{"taxonomy":"post_tag","embeddable":true,"href":"https:\/\/galeriamiejska.pl\/en\/wp-json\/wp\/v2\/tags?post=6272"}],"curies":[{"name":"wp","href":"https:\/\/api.w.org\/{rel}","templated":true}]}}