{"id":5866,"date":"2023-01-24T14:52:44","date_gmt":"2023-01-24T14:52:44","guid":{"rendered":"https:\/\/galeriamiejska.pl\/?p=5866"},"modified":"2023-02-06T13:19:21","modified_gmt":"2023-02-06T13:19:21","slug":"","status":"publish","type":"post","link":"https:\/\/galeriamiejska.pl\/en\/premiera-katalogu-i-spotkanie-z-artysta\/","title":{"rendered":"","raw":""},"content":{"rendered":"","protected":false,"raw":""},"excerpt":{"rendered":"","protected":false,"raw":""},"author":1,"featured_media":5867,"comment_status":"open","ping_status":"open","sticky":false,"template":"","format":"standard","meta":{"_pl_post_content":"<!-- wp:paragraph -->\n<p>Galeria Miejska zaprasza<strong> 2 lutego (o godzinie 18:00)<\/strong> na premier\u0119 katalogu wystawy Witold Liszkowski\/ Polisemie \u2013 sztuka osobista, po\u0142\u0105czon\u0105 z dyskusj\u0105 na temat ekspozycji. <\/p>\n<!-- \/wp:paragraph -->\n\n<!-- wp:paragraph -->\n<p>W wydarzeniu b\u0119dzie uczestniczy\u0107 artysta, kuratorka Katarzyna Zahorska oraz jeden z autor\u00f3w tekstu katalogowego Andrzej Saj. Spotkanie b\u0119dzie okazj\u0105 do bli\u017cszego poznania inspiracji, technik pracy i pogl\u0105d\u00f3w Witolda Liszkowskiego, a tak\u017ce do zadawania mu pyta\u0144.<\/p>\n<!-- \/wp:paragraph -->\n\n<!-- wp:paragraph -->\n<p><br>Wst\u0119p bezp\u0142atny, lecz prosimy o zapisy pod adresem biuro@galeriamiejska.pl<\/p>\n<!-- \/wp:paragraph -->\n\n<!-- wp:columns -->\n<div class=\"wp-block-columns\"><!-- wp:column -->\n<div class=\"wp-block-column\"><!-- wp:columns -->\n<div class=\"wp-block-columns\"><!-- wp:column -->\n<div class=\"wp-block-column\"><!-- wp:image {\"id\":5868,\"sizeSlug\":\"large\",\"linkDestination\":\"none\"} -->\n<figure class=\"wp-block-image size-large\"><img src=\"https:\/\/galeriamiejska.pl\/wp-content\/uploads\/2023\/01\/Portret-Witold-Liszkowski-1024x685.jpg\" alt=\"\" class=\"wp-image-5868\"\/><figcaption class=\"wp-element-caption\">Witold Liszkowski, portret, zdj\u0119cie z archiwum artysty<\/figcaption><\/figure>\n<!-- \/wp:image --><\/div>\n<!-- \/wp:column --><\/div>\n<!-- \/wp:columns --><\/div>\n<!-- \/wp:column --><\/div>\n<!-- \/wp:columns -->","_pl_post_name":"premiera-katalogu-i-spotkanie-z-artysta","_pl_post_excerpt":"Witold Liszkowski\/ Polisemie - sztuka osobista","_pl_post_title":"Premiera katalogu i spotkanie z artyst\u0105","_en_post_content":"","_en_post_name":"","_en_post_excerpt":"","_en_post_title":"","edit_language":"en","footnotes":""},"categories":[10,8],"tags":[33,55,88,117,126,26],"class_list":["post-5866","post","type-post","status-publish","format-standard","has-post-thumbnail","hentry","category-archiwalne-wydarzenia","category-wydarzenia","tag-katalog","tag-malarstwo","tag-premiera-katalogu","tag-spotkanie","tag-witold-liszkowski","tag-wystawa"],"yoast_head":"<!-- This site is optimized with the Yoast SEO plugin v16.8 - https:\/\/yoast.com\/wordpress\/plugins\/seo\/ -->\n<title>Premiera katalogu i spotkanie z artyst\u0105 - Galeria Miejska we Wroc\u0142awiu<\/title>\n<meta name=\"robots\" content=\"index, follow, max-snippet:-1, max-image-preview:large, max-video-preview:-1\" \/>\n<link rel=\"canonical\" href=\"https:\/\/galeriamiejska.pl\/en\/premiera-katalogu-i-spotkanie-z-artysta\/\" \/>\n<meta property=\"og:locale\" content=\"en_US\" \/>\n<meta property=\"og:type\" content=\"article\" \/>\n<meta property=\"og:title\" content=\"Premiera katalogu i spotkanie z artyst\u0105 - Galeria Miejska we Wroc\u0142awiu\" \/>\n<meta property=\"og:description\" content=\"Witold Liszkowski\/ Polisemie - sztuka osobista\" \/>\n<meta property=\"og:url\" content=\"https:\/\/galeriamiejska.pl\/en\/premiera-katalogu-i-spotkanie-z-artysta\/\" \/>\n<meta property=\"og:site_name\" content=\"Galeria Miejska we Wroc\u0142awiu\" \/>\n<meta property=\"article:published_time\" content=\"2023-01-24T14:52:44+00:00\" \/>\n<meta property=\"article:modified_time\" content=\"2023-02-06T13:19:21+00:00\" \/>\n<meta property=\"og:image\" content=\"https:\/\/galeriamiejska.pl\/wp-content\/uploads\/2023\/01\/zdjecie-Liszkowski-WWW-galeria-miejska-1.jpg\" \/>\n\t<meta property=\"og:image:width\" content=\"641\" \/>\n\t<meta property=\"og:image:height\" content=\"340\" \/>\n<meta name=\"twitter:card\" content=\"summary_large_image\" \/>\n<meta name=\"twitter:label1\" content=\"Written by\" \/>\n\t<meta name=\"twitter:data1\" content=\"admin\" \/>\n\t<meta name=\"twitter:label2\" content=\"Est. reading time\" \/>\n\t<meta name=\"twitter:data2\" content=\"1 minute\" \/>\n<script type=\"application\/ld+json\" class=\"yoast-schema-graph\">{\"@context\":\"https:\/\/schema.org\",\"@graph\":[{\"@type\":\"WebSite\",\"@id\":\"https:\/\/galeriamiejska.pl\/en\/#website\",\"url\":\"https:\/\/galeriamiejska.pl\/en\/\",\"name\":\"Galeria Miejska we Wroc\\u0142awiu\",\"description\":\"\",\"potentialAction\":[{\"@type\":\"SearchAction\",\"target\":{\"@type\":\"EntryPoint\",\"urlTemplate\":\"https:\/\/galeriamiejska.pl\/en\/?s={search_term_string}\"},\"query-input\":\"required name=search_term_string\"}],\"inLanguage\":\"\"},{\"@type\":\"ImageObject\",\"@id\":\"https:\/\/galeriamiejska.pl\/en\/premiera-katalogu-i-spotkanie-z-artysta\/#primaryimage\",\"inLanguage\":\"\",\"url\":\"https:\/\/galeriamiejska.pl\/wp-content\/uploads\/2023\/01\/zdjecie-Liszkowski-WWW-galeria-miejska-1.jpg\",\"contentUrl\":\"https:\/\/galeriamiejska.pl\/wp-content\/uploads\/2023\/01\/zdjecie-Liszkowski-WWW-galeria-miejska-1.jpg\",\"width\":641,\"height\":340},{\"@type\":\"WebPage\",\"@id\":\"https:\/\/galeriamiejska.pl\/en\/premiera-katalogu-i-spotkanie-z-artysta\/#webpage\",\"url\":\"https:\/\/galeriamiejska.pl\/en\/premiera-katalogu-i-spotkanie-z-artysta\/\",\"name\":\"Premiera katalogu i spotkanie z artyst\\u0105 - Galeria Miejska we Wroc\\u0142awiu\",\"isPartOf\":{\"@id\":\"https:\/\/galeriamiejska.pl\/en\/#website\"},\"primaryImageOfPage\":{\"@id\":\"https:\/\/galeriamiejska.pl\/en\/premiera-katalogu-i-spotkanie-z-artysta\/#primaryimage\"},\"datePublished\":\"2023-01-24T14:52:44+00:00\",\"dateModified\":\"2023-02-06T13:19:21+00:00\",\"author\":{\"@id\":\"https:\/\/galeriamiejska.pl\/en\/#\/schema\/person\/cd4f04b0a13c9114f95e23b489b6f9cb\"},\"breadcrumb\":{\"@id\":\"https:\/\/galeriamiejska.pl\/en\/premiera-katalogu-i-spotkanie-z-artysta\/#breadcrumb\"},\"inLanguage\":\"\",\"potentialAction\":[{\"@type\":\"ReadAction\",\"target\":[\"https:\/\/galeriamiejska.pl\/en\/premiera-katalogu-i-spotkanie-z-artysta\/\"]}]},{\"@type\":\"BreadcrumbList\",\"@id\":\"https:\/\/galeriamiejska.pl\/en\/premiera-katalogu-i-spotkanie-z-artysta\/#breadcrumb\",\"itemListElement\":[{\"@type\":\"ListItem\",\"position\":1,\"name\":\"Strona g\\u0142\\u00f3wna\",\"item\":\"https:\/\/galeriamiejska.pl\/en\/\"},{\"@type\":\"ListItem\",\"position\":2,\"name\":\"Premiera katalogu i spotkanie z artyst\\u0105\"}]},{\"@type\":\"Person\",\"@id\":\"https:\/\/galeriamiejska.pl\/en\/#\/schema\/person\/cd4f04b0a13c9114f95e23b489b6f9cb\",\"name\":\"admin\",\"image\":{\"@type\":\"ImageObject\",\"@id\":\"https:\/\/galeriamiejska.pl\/en\/#personlogo\",\"inLanguage\":\"\",\"url\":\"https:\/\/secure.gravatar.com\/avatar\/3ded5a36984f92b80e2d99cc96780fe89cd37f7fd652108d182620efbb1566fd?s=96&d=mm&r=g\",\"contentUrl\":\"https:\/\/secure.gravatar.com\/avatar\/3ded5a36984f92b80e2d99cc96780fe89cd37f7fd652108d182620efbb1566fd?s=96&d=mm&r=g\",\"caption\":\"admin\"},\"sameAs\":[\"http:\/\/galeriamiejska.pl\"],\"url\":\"https:\/\/galeriamiejska.pl\/en\/author\/admin\/\"}]}<\/script>\n<!-- \/ Yoast SEO plugin. -->","yoast_head_json":{"title":"Premiera katalogu i spotkanie z artyst\u0105 - Galeria Miejska we Wroc\u0142awiu","robots":{"index":"index","follow":"follow","max-snippet":"max-snippet:-1","max-image-preview":"max-image-preview:large","max-video-preview":"max-video-preview:-1"},"canonical":"https:\/\/galeriamiejska.pl\/en\/premiera-katalogu-i-spotkanie-z-artysta\/","og_locale":"en_US","og_type":"article","og_title":"Premiera katalogu i spotkanie z artyst\u0105 - Galeria Miejska we Wroc\u0142awiu","og_description":"Witold Liszkowski\/ Polisemie - sztuka osobista","og_url":"https:\/\/galeriamiejska.pl\/en\/premiera-katalogu-i-spotkanie-z-artysta\/","og_site_name":"Galeria Miejska we Wroc\u0142awiu","article_published_time":"2023-01-24T14:52:44+00:00","article_modified_time":"2023-02-06T13:19:21+00:00","og_image":[{"width":641,"height":340,"filesize":226548,"url":"https:\/\/galeriamiejska.pl\/wp-content\/uploads\/2023\/01\/zdjecie-Liszkowski-WWW-galeria-miejska-1.jpg","path":"\/autoinstalator\/wordpress\/wp-content\/uploads\/2023\/01\/zdjecie-Liszkowski-WWW-galeria-miejska-1.jpg","size":"full","id":5867,"alt":"","pixels":217940,"type":"image\/jpeg"}],"twitter_card":"summary_large_image","twitter_misc":{"Written by":"admin","Est. reading time":"1 minute"},"schema":{"@context":"https:\/\/schema.org","@graph":[{"@type":"WebSite","@id":"https:\/\/galeriamiejska.pl\/en\/#website","url":"https:\/\/galeriamiejska.pl\/en\/","name":"Galeria Miejska we Wroc\u0142awiu","description":"","potentialAction":[{"@type":"SearchAction","target":{"@type":"EntryPoint","urlTemplate":"https:\/\/galeriamiejska.pl\/en\/?s={search_term_string}"},"query-input":"required name=search_term_string"}],"inLanguage":""},{"@type":"ImageObject","@id":"https:\/\/galeriamiejska.pl\/en\/premiera-katalogu-i-spotkanie-z-artysta\/#primaryimage","inLanguage":"","url":"https:\/\/galeriamiejska.pl\/wp-content\/uploads\/2023\/01\/zdjecie-Liszkowski-WWW-galeria-miejska-1.jpg","contentUrl":"https:\/\/galeriamiejska.pl\/wp-content\/uploads\/2023\/01\/zdjecie-Liszkowski-WWW-galeria-miejska-1.jpg","width":641,"height":340},{"@type":"WebPage","@id":"https:\/\/galeriamiejska.pl\/en\/premiera-katalogu-i-spotkanie-z-artysta\/#webpage","url":"https:\/\/galeriamiejska.pl\/en\/premiera-katalogu-i-spotkanie-z-artysta\/","name":"Premiera katalogu i spotkanie z artyst\u0105 - Galeria Miejska we Wroc\u0142awiu","isPartOf":{"@id":"https:\/\/galeriamiejska.pl\/en\/#website"},"primaryImageOfPage":{"@id":"https:\/\/galeriamiejska.pl\/en\/premiera-katalogu-i-spotkanie-z-artysta\/#primaryimage"},"datePublished":"2023-01-24T14:52:44+00:00","dateModified":"2023-02-06T13:19:21+00:00","author":{"@id":"https:\/\/galeriamiejska.pl\/en\/#\/schema\/person\/cd4f04b0a13c9114f95e23b489b6f9cb"},"breadcrumb":{"@id":"https:\/\/galeriamiejska.pl\/en\/premiera-katalogu-i-spotkanie-z-artysta\/#breadcrumb"},"inLanguage":"","potentialAction":[{"@type":"ReadAction","target":["https:\/\/galeriamiejska.pl\/en\/premiera-katalogu-i-spotkanie-z-artysta\/"]}]},{"@type":"BreadcrumbList","@id":"https:\/\/galeriamiejska.pl\/en\/premiera-katalogu-i-spotkanie-z-artysta\/#breadcrumb","itemListElement":[{"@type":"ListItem","position":1,"name":"Strona g\u0142\u00f3wna","item":"https:\/\/galeriamiejska.pl\/en\/"},{"@type":"ListItem","position":2,"name":"Premiera katalogu i spotkanie z artyst\u0105"}]},{"@type":"Person","@id":"https:\/\/galeriamiejska.pl\/en\/#\/schema\/person\/cd4f04b0a13c9114f95e23b489b6f9cb","name":"admin","image":{"@type":"ImageObject","@id":"https:\/\/galeriamiejska.pl\/en\/#personlogo","inLanguage":"","url":"https:\/\/secure.gravatar.com\/avatar\/3ded5a36984f92b80e2d99cc96780fe89cd37f7fd652108d182620efbb1566fd?s=96&d=mm&r=g","contentUrl":"https:\/\/secure.gravatar.com\/avatar\/3ded5a36984f92b80e2d99cc96780fe89cd37f7fd652108d182620efbb1566fd?s=96&d=mm&r=g","caption":"admin"},"sameAs":["http:\/\/galeriamiejska.pl"],"url":"https:\/\/galeriamiejska.pl\/en\/author\/admin\/"}]}},"_links":{"self":[{"href":"https:\/\/galeriamiejska.pl\/en\/wp-json\/wp\/v2\/posts\/5866","targetHints":{"allow":["GET"]}}],"collection":[{"href":"https:\/\/galeriamiejska.pl\/en\/wp-json\/wp\/v2\/posts"}],"about":[{"href":"https:\/\/galeriamiejska.pl\/en\/wp-json\/wp\/v2\/types\/post"}],"author":[{"embeddable":true,"href":"https:\/\/galeriamiejska.pl\/en\/wp-json\/wp\/v2\/users\/1"}],"replies":[{"embeddable":true,"href":"https:\/\/galeriamiejska.pl\/en\/wp-json\/wp\/v2\/comments?post=5866"}],"version-history":[{"count":5,"href":"https:\/\/galeriamiejska.pl\/en\/wp-json\/wp\/v2\/posts\/5866\/revisions"}],"predecessor-version":[{"id":5876,"href":"https:\/\/galeriamiejska.pl\/en\/wp-json\/wp\/v2\/posts\/5866\/revisions\/5876"}],"wp:featuredmedia":[{"embeddable":true,"href":"https:\/\/galeriamiejska.pl\/en\/wp-json\/wp\/v2\/media\/5867"}],"wp:attachment":[{"href":"https:\/\/galeriamiejska.pl\/en\/wp-json\/wp\/v2\/media?parent=5866"}],"wp:term":[{"taxonomy":"category","embeddable":true,"href":"https:\/\/galeriamiejska.pl\/en\/wp-json\/wp\/v2\/categories?post=5866"},{"taxonomy":"post_tag","embeddable":true,"href":"https:\/\/galeriamiejska.pl\/en\/wp-json\/wp\/v2\/tags?post=5866"}],"curies":[{"name":"wp","href":"https:\/\/api.w.org\/{rel}","templated":true}]}}