{"id":5701,"date":"2022-10-31T15:09:03","date_gmt":"2022-10-31T15:09:03","guid":{"rendered":"https:\/\/galeriamiejska.pl\/?p=5701"},"modified":"2022-10-31T16:07:01","modified_gmt":"2022-10-31T16:07:01","slug":"","status":"publish","type":"post","link":"https:\/\/galeriamiejska.pl\/en\/w-lustrach-zachodu-wspolczesne-malarstwo-gruzinskie-2\/","title":{"rendered":"","raw":""},"content":{"rendered":"","protected":false,"raw":""},"excerpt":{"rendered":"","protected":false,"raw":""},"author":1,"featured_media":5702,"comment_status":"open","ping_status":"open","sticky":false,"template":"","format":"standard","meta":{"_pl_post_content":"<!-- wp:paragraph -->\n<p><strong>Wydawca:<\/strong>&nbsp;Galeria Miejska we Wroc\u0142awiu, O\u015brodek Kultury i Sztuki we Wroc\u0142awiu<br><strong>Teksty:<\/strong>&nbsp;Cezary Przybylski, Davit Gabaidze, Kako Dzneladze, Manfred Bator<br><strong>Zdj\u0119cia:<\/strong> zdj\u0119cia artyst\u00f3w<br><strong>Opracowanie graficzne:<\/strong>&nbsp;Paulina Zielona<br><strong>T\u0142umaczenia i korekta:&nbsp;<\/strong>Aneta Sasin, Anna Szcz\u0119\u015bniak, Maciej Sz\u0142apka<br><strong>ISBN<\/strong> <strong>GM\/:<\/strong> 978-83-962782-9-6<br><strong>ISBN OKIS: <\/strong>978-83-67067-18-8<\/p>\n<!-- \/wp:paragraph -->\n\n<!-- wp:paragraph -->\n<p>Cena publikacji: 20 z\u0142<br>54 strony, 27\u00d720,5 cm, oprawa mi\u0119kka<\/p>\n<!-- \/wp:paragraph -->\n\n<!-- wp:paragraph -->\n<p>Katalog do nabycia w\u00a0Galerii Miejskiej we Wroc\u0142awiu ul. Kie\u0142ba\u015bnicza 28.<br>Przyjmujemy r\u00f3wnie\u017c zam\u00f3wienia pod adresem biuro@galeriamiejska.pl <\/p>\n<!-- \/wp:paragraph -->\n\n<!-- wp:paragraph -->\n<p><br><\/p>\n<!-- \/wp:paragraph -->\n\n<!-- wp:columns -->\n<div class=\"wp-block-columns\"><!-- wp:column -->\n<div class=\"wp-block-column\"><!-- wp:image {\"id\":5720,\"sizeSlug\":\"large\",\"linkDestination\":\"media\"} -->\n<figure class=\"wp-block-image size-large\"><a href=\"https:\/\/galeriamiejska.pl\/wp-content\/uploads\/2022\/10\/IMG_1488-scaled.jpg\"><img src=\"https:\/\/galeriamiejska.pl\/wp-content\/uploads\/2022\/10\/IMG_1488-1024x683.jpg\" alt=\"\" class=\"wp-image-5720\"\/><\/a><figcaption>katalog wystawy W lustrach Zachodu\/ wsp\u00f3\u0142czesne malarstwo gruzi\u0144skie - ok\u0142adka prz\u00f3d<\/figcaption><\/figure>\n<!-- \/wp:image --><\/div>\n<!-- \/wp:column -->\n\n<!-- wp:column -->\n<div class=\"wp-block-column\"><!-- wp:image {\"id\":5721,\"sizeSlug\":\"large\",\"linkDestination\":\"media\"} -->\n<figure class=\"wp-block-image size-large\"><a href=\"https:\/\/galeriamiejska.pl\/wp-content\/uploads\/2022\/10\/IMG_1490-scaled.jpg\"><img src=\"https:\/\/galeriamiejska.pl\/wp-content\/uploads\/2022\/10\/IMG_1490-1024x683.jpg\" alt=\"\" class=\"wp-image-5721\"\/><\/a><figcaption>katalog wystawy W lustrach Zachodu\/ wsp\u00f3\u0142czesne malarstwo gruzi\u0144skie - wn\u0119trze<\/figcaption><\/figure>\n<!-- \/wp:image --><\/div>\n<!-- \/wp:column --><\/div>\n<!-- \/wp:columns -->\n\n<!-- wp:columns -->\n<div class=\"wp-block-columns\"><!-- wp:column -->\n<div class=\"wp-block-column\"><!-- wp:image {\"id\":5722,\"sizeSlug\":\"large\",\"linkDestination\":\"media\"} -->\n<figure class=\"wp-block-image size-large\"><a href=\"https:\/\/galeriamiejska.pl\/wp-content\/uploads\/2022\/10\/IMG_1494-scaled.jpg\"><img src=\"https:\/\/galeriamiejska.pl\/wp-content\/uploads\/2022\/10\/IMG_1494-1024x683.jpg\" alt=\"\" class=\"wp-image-5722\"\/><\/a><figcaption>katalog wystawy W lustrach Zachodu\/ wsp\u00f3\u0142czesne malarstwo gruzi\u0144skie - wn\u0119trze<\/figcaption><\/figure>\n<!-- \/wp:image --><\/div>\n<!-- \/wp:column -->\n\n<!-- wp:column -->\n<div class=\"wp-block-column\"><!-- wp:image {\"id\":5723,\"sizeSlug\":\"large\",\"linkDestination\":\"media\"} -->\n<figure class=\"wp-block-image size-large\"><a href=\"https:\/\/galeriamiejska.pl\/wp-content\/uploads\/2022\/10\/IMG_1498-scaled.jpg\"><img src=\"https:\/\/galeriamiejska.pl\/wp-content\/uploads\/2022\/10\/IMG_1498-1024x683.jpg\" alt=\"\" class=\"wp-image-5723\"\/><\/a><figcaption>katalog wystawy W lustrach Zachodu\/ wsp\u00f3\u0142czesne malarstwo gruzi\u0144skie - wn\u0119trze<\/figcaption><\/figure>\n<!-- \/wp:image --><\/div>\n<!-- \/wp:column -->\n\n<!-- wp:column -->\n<div class=\"wp-block-column\"><!-- wp:image {\"id\":5724,\"sizeSlug\":\"large\",\"linkDestination\":\"media\"} -->\n<figure class=\"wp-block-image size-large\"><a href=\"https:\/\/galeriamiejska.pl\/wp-content\/uploads\/2022\/10\/IMG_1501-scaled.jpg\"><img src=\"https:\/\/galeriamiejska.pl\/wp-content\/uploads\/2022\/10\/IMG_1501-1024x683.jpg\" alt=\"\" class=\"wp-image-5724\"\/><\/a><figcaption>katalog wystawy W lustrach Zachodu\/ wsp\u00f3\u0142czesne malarstwo gruzi\u0144skie - ok\u0142adka ty\u0142<\/figcaption><\/figure>\n<!-- \/wp:image --><\/div>\n<!-- \/wp:column --><\/div>\n<!-- \/wp:columns -->","_pl_post_name":"w-lustrach-zachodu-wspolczesne-malarstwo-gruzinskie-2","_pl_post_excerpt":"katalog zbiorowej wystawy gruzi\u0144skiego malarstwa","_pl_post_title":"W lustrach Zachodu\/ wsp\u00f3\u0142czesne malarstwo gruzi\u0144skie","_en_post_content":"","_en_post_name":"","_en_post_excerpt":"","_en_post_title":"","edit_language":"en","footnotes":""},"categories":[15,16],"tags":[111,33,49,108,26],"class_list":["post-5701","post","type-post","status-publish","format-standard","has-post-thumbnail","hentry","category-sklep","category-wydawnictwa","tag-gruzja","tag-katalog","tag-okis","tag-w-lustrach-zachodu","tag-wystawa"],"yoast_head":"<!-- This site is optimized with the Yoast SEO plugin v16.8 - https:\/\/yoast.com\/wordpress\/plugins\/seo\/ -->\n<title>W lustrach Zachodu\/ wsp\u00f3\u0142czesne malarstwo gruzi\u0144skie - Galeria Miejska we Wroc\u0142awiu<\/title>\n<meta name=\"robots\" content=\"index, follow, max-snippet:-1, max-image-preview:large, max-video-preview:-1\" \/>\n<link rel=\"canonical\" href=\"https:\/\/galeriamiejska.pl\/en\/w-lustrach-zachodu-wspolczesne-malarstwo-gruzinskie-2\/\" \/>\n<meta property=\"og:locale\" content=\"en_US\" \/>\n<meta property=\"og:type\" content=\"article\" \/>\n<meta property=\"og:title\" content=\"W lustrach Zachodu\/ wsp\u00f3\u0142czesne malarstwo gruzi\u0144skie - Galeria Miejska we Wroc\u0142awiu\" \/>\n<meta property=\"og:description\" content=\"katalog zbiorowej wystawy gruzi\u0144skiego malarstwa\" \/>\n<meta property=\"og:url\" content=\"https:\/\/galeriamiejska.pl\/en\/w-lustrach-zachodu-wspolczesne-malarstwo-gruzinskie-2\/\" \/>\n<meta property=\"og:site_name\" content=\"Galeria Miejska we Wroc\u0142awiu\" \/>\n<meta property=\"article:published_time\" content=\"2022-10-31T15:09:03+00:00\" \/>\n<meta property=\"article:modified_time\" content=\"2022-10-31T16:07:01+00:00\" \/>\n<meta property=\"og:image\" content=\"https:\/\/galeriamiejska.pl\/wp-content\/uploads\/2022\/10\/Banerek-www-W-lustrach-Zachodu.png\" \/>\n\t<meta property=\"og:image:width\" content=\"640\" \/>\n\t<meta property=\"og:image:height\" content=\"340\" \/>\n<meta name=\"twitter:card\" content=\"summary_large_image\" \/>\n<meta name=\"twitter:label1\" content=\"Written by\" \/>\n\t<meta name=\"twitter:data1\" content=\"admin\" \/>\n\t<meta name=\"twitter:label2\" content=\"Est. reading time\" \/>\n\t<meta name=\"twitter:data2\" content=\"2 minutes\" \/>\n<script type=\"application\/ld+json\" class=\"yoast-schema-graph\">{\"@context\":\"https:\/\/schema.org\",\"@graph\":[{\"@type\":\"WebSite\",\"@id\":\"https:\/\/galeriamiejska.pl\/en\/#website\",\"url\":\"https:\/\/galeriamiejska.pl\/en\/\",\"name\":\"Galeria Miejska we Wroc\\u0142awiu\",\"description\":\"\",\"potentialAction\":[{\"@type\":\"SearchAction\",\"target\":{\"@type\":\"EntryPoint\",\"urlTemplate\":\"https:\/\/galeriamiejska.pl\/en\/?s={search_term_string}\"},\"query-input\":\"required name=search_term_string\"}],\"inLanguage\":\"\"},{\"@type\":\"ImageObject\",\"@id\":\"https:\/\/galeriamiejska.pl\/en\/w-lustrach-zachodu-wspolczesne-malarstwo-gruzinskie-2\/#primaryimage\",\"inLanguage\":\"\",\"url\":\"https:\/\/galeriamiejska.pl\/wp-content\/uploads\/2022\/10\/Banerek-www-W-lustrach-Zachodu.png\",\"contentUrl\":\"https:\/\/galeriamiejska.pl\/wp-content\/uploads\/2022\/10\/Banerek-www-W-lustrach-Zachodu.png\",\"width\":640,\"height\":340},{\"@type\":\"WebPage\",\"@id\":\"https:\/\/galeriamiejska.pl\/en\/w-lustrach-zachodu-wspolczesne-malarstwo-gruzinskie-2\/#webpage\",\"url\":\"https:\/\/galeriamiejska.pl\/en\/w-lustrach-zachodu-wspolczesne-malarstwo-gruzinskie-2\/\",\"name\":\"W lustrach Zachodu\/ wsp\\u00f3\\u0142czesne malarstwo gruzi\\u0144skie - Galeria Miejska we Wroc\\u0142awiu\",\"isPartOf\":{\"@id\":\"https:\/\/galeriamiejska.pl\/en\/#website\"},\"primaryImageOfPage\":{\"@id\":\"https:\/\/galeriamiejska.pl\/en\/w-lustrach-zachodu-wspolczesne-malarstwo-gruzinskie-2\/#primaryimage\"},\"datePublished\":\"2022-10-31T15:09:03+00:00\",\"dateModified\":\"2022-10-31T16:07:01+00:00\",\"author\":{\"@id\":\"https:\/\/galeriamiejska.pl\/en\/#\/schema\/person\/cd4f04b0a13c9114f95e23b489b6f9cb\"},\"breadcrumb\":{\"@id\":\"https:\/\/galeriamiejska.pl\/en\/w-lustrach-zachodu-wspolczesne-malarstwo-gruzinskie-2\/#breadcrumb\"},\"inLanguage\":\"\",\"potentialAction\":[{\"@type\":\"ReadAction\",\"target\":[\"https:\/\/galeriamiejska.pl\/en\/w-lustrach-zachodu-wspolczesne-malarstwo-gruzinskie-2\/\"]}]},{\"@type\":\"BreadcrumbList\",\"@id\":\"https:\/\/galeriamiejska.pl\/en\/w-lustrach-zachodu-wspolczesne-malarstwo-gruzinskie-2\/#breadcrumb\",\"itemListElement\":[{\"@type\":\"ListItem\",\"position\":1,\"name\":\"Strona g\\u0142\\u00f3wna\",\"item\":\"https:\/\/galeriamiejska.pl\/en\/\"},{\"@type\":\"ListItem\",\"position\":2,\"name\":\"W lustrach Zachodu\/ wsp\\u00f3\\u0142czesne malarstwo gruzi\\u0144skie\"}]},{\"@type\":\"Person\",\"@id\":\"https:\/\/galeriamiejska.pl\/en\/#\/schema\/person\/cd4f04b0a13c9114f95e23b489b6f9cb\",\"name\":\"admin\",\"image\":{\"@type\":\"ImageObject\",\"@id\":\"https:\/\/galeriamiejska.pl\/en\/#personlogo\",\"inLanguage\":\"\",\"url\":\"https:\/\/secure.gravatar.com\/avatar\/3ded5a36984f92b80e2d99cc96780fe89cd37f7fd652108d182620efbb1566fd?s=96&d=mm&r=g\",\"contentUrl\":\"https:\/\/secure.gravatar.com\/avatar\/3ded5a36984f92b80e2d99cc96780fe89cd37f7fd652108d182620efbb1566fd?s=96&d=mm&r=g\",\"caption\":\"admin\"},\"sameAs\":[\"http:\/\/galeriamiejska.pl\"],\"url\":\"https:\/\/galeriamiejska.pl\/en\/author\/admin\/\"}]}<\/script>\n<!-- \/ Yoast SEO plugin. -->","yoast_head_json":{"title":"W lustrach Zachodu\/ wsp\u00f3\u0142czesne malarstwo gruzi\u0144skie - Galeria Miejska we Wroc\u0142awiu","robots":{"index":"index","follow":"follow","max-snippet":"max-snippet:-1","max-image-preview":"max-image-preview:large","max-video-preview":"max-video-preview:-1"},"canonical":"https:\/\/galeriamiejska.pl\/en\/w-lustrach-zachodu-wspolczesne-malarstwo-gruzinskie-2\/","og_locale":"en_US","og_type":"article","og_title":"W lustrach Zachodu\/ wsp\u00f3\u0142czesne malarstwo gruzi\u0144skie - Galeria Miejska we Wroc\u0142awiu","og_description":"katalog zbiorowej wystawy gruzi\u0144skiego malarstwa","og_url":"https:\/\/galeriamiejska.pl\/en\/w-lustrach-zachodu-wspolczesne-malarstwo-gruzinskie-2\/","og_site_name":"Galeria Miejska we Wroc\u0142awiu","article_published_time":"2022-10-31T15:09:03+00:00","article_modified_time":"2022-10-31T16:07:01+00:00","og_image":[{"width":640,"height":340,"filesize":266882,"url":"https:\/\/galeriamiejska.pl\/wp-content\/uploads\/2022\/10\/Banerek-www-W-lustrach-Zachodu.png","path":"\/autoinstalator\/wordpress\/wp-content\/uploads\/2022\/10\/Banerek-www-W-lustrach-Zachodu.png","size":"full","id":5702,"alt":"","pixels":217600,"type":"image\/png"}],"twitter_card":"summary_large_image","twitter_misc":{"Written by":"admin","Est. reading time":"2 minutes"},"schema":{"@context":"https:\/\/schema.org","@graph":[{"@type":"WebSite","@id":"https:\/\/galeriamiejska.pl\/en\/#website","url":"https:\/\/galeriamiejska.pl\/en\/","name":"Galeria Miejska we Wroc\u0142awiu","description":"","potentialAction":[{"@type":"SearchAction","target":{"@type":"EntryPoint","urlTemplate":"https:\/\/galeriamiejska.pl\/en\/?s={search_term_string}"},"query-input":"required name=search_term_string"}],"inLanguage":""},{"@type":"ImageObject","@id":"https:\/\/galeriamiejska.pl\/en\/w-lustrach-zachodu-wspolczesne-malarstwo-gruzinskie-2\/#primaryimage","inLanguage":"","url":"https:\/\/galeriamiejska.pl\/wp-content\/uploads\/2022\/10\/Banerek-www-W-lustrach-Zachodu.png","contentUrl":"https:\/\/galeriamiejska.pl\/wp-content\/uploads\/2022\/10\/Banerek-www-W-lustrach-Zachodu.png","width":640,"height":340},{"@type":"WebPage","@id":"https:\/\/galeriamiejska.pl\/en\/w-lustrach-zachodu-wspolczesne-malarstwo-gruzinskie-2\/#webpage","url":"https:\/\/galeriamiejska.pl\/en\/w-lustrach-zachodu-wspolczesne-malarstwo-gruzinskie-2\/","name":"W lustrach Zachodu\/ wsp\u00f3\u0142czesne malarstwo gruzi\u0144skie - Galeria Miejska we Wroc\u0142awiu","isPartOf":{"@id":"https:\/\/galeriamiejska.pl\/en\/#website"},"primaryImageOfPage":{"@id":"https:\/\/galeriamiejska.pl\/en\/w-lustrach-zachodu-wspolczesne-malarstwo-gruzinskie-2\/#primaryimage"},"datePublished":"2022-10-31T15:09:03+00:00","dateModified":"2022-10-31T16:07:01+00:00","author":{"@id":"https:\/\/galeriamiejska.pl\/en\/#\/schema\/person\/cd4f04b0a13c9114f95e23b489b6f9cb"},"breadcrumb":{"@id":"https:\/\/galeriamiejska.pl\/en\/w-lustrach-zachodu-wspolczesne-malarstwo-gruzinskie-2\/#breadcrumb"},"inLanguage":"","potentialAction":[{"@type":"ReadAction","target":["https:\/\/galeriamiejska.pl\/en\/w-lustrach-zachodu-wspolczesne-malarstwo-gruzinskie-2\/"]}]},{"@type":"BreadcrumbList","@id":"https:\/\/galeriamiejska.pl\/en\/w-lustrach-zachodu-wspolczesne-malarstwo-gruzinskie-2\/#breadcrumb","itemListElement":[{"@type":"ListItem","position":1,"name":"Strona g\u0142\u00f3wna","item":"https:\/\/galeriamiejska.pl\/en\/"},{"@type":"ListItem","position":2,"name":"W lustrach Zachodu\/ wsp\u00f3\u0142czesne malarstwo gruzi\u0144skie"}]},{"@type":"Person","@id":"https:\/\/galeriamiejska.pl\/en\/#\/schema\/person\/cd4f04b0a13c9114f95e23b489b6f9cb","name":"admin","image":{"@type":"ImageObject","@id":"https:\/\/galeriamiejska.pl\/en\/#personlogo","inLanguage":"","url":"https:\/\/secure.gravatar.com\/avatar\/3ded5a36984f92b80e2d99cc96780fe89cd37f7fd652108d182620efbb1566fd?s=96&d=mm&r=g","contentUrl":"https:\/\/secure.gravatar.com\/avatar\/3ded5a36984f92b80e2d99cc96780fe89cd37f7fd652108d182620efbb1566fd?s=96&d=mm&r=g","caption":"admin"},"sameAs":["http:\/\/galeriamiejska.pl"],"url":"https:\/\/galeriamiejska.pl\/en\/author\/admin\/"}]}},"_links":{"self":[{"href":"https:\/\/galeriamiejska.pl\/en\/wp-json\/wp\/v2\/posts\/5701","targetHints":{"allow":["GET"]}}],"collection":[{"href":"https:\/\/galeriamiejska.pl\/en\/wp-json\/wp\/v2\/posts"}],"about":[{"href":"https:\/\/galeriamiejska.pl\/en\/wp-json\/wp\/v2\/types\/post"}],"author":[{"embeddable":true,"href":"https:\/\/galeriamiejska.pl\/en\/wp-json\/wp\/v2\/users\/1"}],"replies":[{"embeddable":true,"href":"https:\/\/galeriamiejska.pl\/en\/wp-json\/wp\/v2\/comments?post=5701"}],"version-history":[{"count":3,"href":"https:\/\/galeriamiejska.pl\/en\/wp-json\/wp\/v2\/posts\/5701\/revisions"}],"predecessor-version":[{"id":5727,"href":"https:\/\/galeriamiejska.pl\/en\/wp-json\/wp\/v2\/posts\/5701\/revisions\/5727"}],"wp:featuredmedia":[{"embeddable":true,"href":"https:\/\/galeriamiejska.pl\/en\/wp-json\/wp\/v2\/media\/5702"}],"wp:attachment":[{"href":"https:\/\/galeriamiejska.pl\/en\/wp-json\/wp\/v2\/media?parent=5701"}],"wp:term":[{"taxonomy":"category","embeddable":true,"href":"https:\/\/galeriamiejska.pl\/en\/wp-json\/wp\/v2\/categories?post=5701"},{"taxonomy":"post_tag","embeddable":true,"href":"https:\/\/galeriamiejska.pl\/en\/wp-json\/wp\/v2\/tags?post=5701"}],"curies":[{"name":"wp","href":"https:\/\/api.w.org\/{rel}","templated":true}]}}