{"id":5679,"date":"2022-10-14T14:57:46","date_gmt":"2022-10-14T14:57:46","guid":{"rendered":"https:\/\/galeriamiejska.pl\/?p=5679"},"modified":"2022-11-08T10:39:03","modified_gmt":"2022-11-08T10:39:03","slug":"","status":"publish","type":"post","link":"https:\/\/galeriamiejska.pl\/en\/angor-animi-premiera-dyskusja-spotkanie\/","title":{"rendered":"","raw":""},"content":{"rendered":"","protected":false,"raw":""},"excerpt":{"rendered":"","protected":false,"raw":""},"author":1,"featured_media":5685,"comment_status":"open","ping_status":"open","sticky":false,"template":"","format":"standard","meta":{"_pl_post_content":"<!-- wp:paragraph -->\n<p>Galeria Miejska we Wroc\u0142awiu zaprasza na premier\u0119 katalogu wystawy \u201eAngor Animi\/ Marcin Berdyszak\u201d po\u0142\u0105czon\u0105 z panelem dyskusyjnym!<\/p>\n<!-- \/wp:paragraph -->\n\n<!-- wp:paragraph -->\n<p>W dyskusji na temat medycznego terminu ANGOR ANIMI, wezm\u0105 udzia\u0142 Marcin Berdyszak i Leszek Koczanowicz. Rozmowa b\u0119dzie toczy\u0142a si\u0119 wok\u00f3\u0142 rozwa\u017ca\u0144 o tym, w jaki spos\u00f3b przemy\u015blenia Koczanowicza rezonuj\u0105 w sztuce Berdyszaka. Moderatorem spotkania b\u0119dzie Miros\u0142aw Jasi\u0144ski.<\/p>\n<!-- \/wp:paragraph -->\n\n<!-- wp:paragraph -->\n<p>Dope\u0142nieniem wydarzenia b\u0119dzie promocja wydawnictwa \u201epami\u0119tanie\u201d, zawieraj\u0105cego rozmowy Marcina Berdyszaka i Jaromira Jedli\u0144skiego.<\/p>\n<!-- \/wp:paragraph -->\n\n<!-- wp:paragraph -->\n<p>KIEDY: 28 pa\u017adziernika 2022 (pi\u0105tek), godzina 18:00<\/p>\n<!-- \/wp:paragraph -->\n\n<!-- wp:paragraph -->\n<p>GDZIE: Galeria Miejska we Wroc\u0142awiu<\/p>\n<!-- \/wp:paragraph -->\n\n<!-- wp:paragraph -->\n<p>WST\u0118P: wolny, prosimy o zapisy \u2013 <a href=\"mailto:biuro@galeriamiejska.pl\">biuro@galeriamiejska.pl<\/a><\/p>\n<!-- \/wp:paragraph -->\n\n<!-- wp:paragraph -->\n<p><\/p>\n<!-- \/wp:paragraph -->","_pl_post_name":"angor-animi-premiera-dyskusja-spotkanie","_pl_post_excerpt":"wydarzenie towarzysz\u0105ce wystawie Marcina Berdyszaka - 28 pa\u017adziernika (pi\u0105tek), godz. 18:00","_pl_post_title":"ANGOR ANIMI\/ premiera, dyskusja, spotkanie","_en_post_content":"","_en_post_name":"","_en_post_excerpt":"","_en_post_title":"","edit_language":"en","footnotes":""},"categories":[10,8],"tags":[114,116,33,118,112,115,117,26],"class_list":["post-5679","post","type-post","status-publish","format-standard","has-post-thumbnail","hentry","category-archiwalne-wydarzenia","category-wydarzenia","tag-angor-animi","tag-dyskusja","tag-katalog","tag-leszek-koczanowicz","tag-marcin-berdyszak","tag-premiera","tag-spotkanie","tag-wystawa"],"yoast_head":"<!-- This site is optimized with the Yoast SEO plugin v16.8 - https:\/\/yoast.com\/wordpress\/plugins\/seo\/ -->\n<title>ANGOR ANIMI\/ premiera, dyskusja, spotkanie - Galeria Miejska we Wroc\u0142awiu<\/title>\n<meta name=\"robots\" content=\"index, follow, max-snippet:-1, max-image-preview:large, max-video-preview:-1\" \/>\n<link rel=\"canonical\" href=\"https:\/\/galeriamiejska.pl\/en\/angor-animi-premiera-dyskusja-spotkanie\/\" \/>\n<meta property=\"og:locale\" content=\"en_US\" \/>\n<meta property=\"og:type\" content=\"article\" \/>\n<meta property=\"og:title\" content=\"ANGOR ANIMI\/ premiera, dyskusja, spotkanie - Galeria Miejska we Wroc\u0142awiu\" \/>\n<meta property=\"og:description\" content=\"wydarzenie towarzysz\u0105ce wystawie Marcina Berdyszaka - 28 pa\u017adziernika (pi\u0105tek), godz. 18:00\" \/>\n<meta property=\"og:url\" content=\"https:\/\/galeriamiejska.pl\/en\/angor-animi-premiera-dyskusja-spotkanie\/\" \/>\n<meta property=\"og:site_name\" content=\"Galeria Miejska we Wroc\u0142awiu\" \/>\n<meta property=\"article:published_time\" content=\"2022-10-14T14:57:46+00:00\" \/>\n<meta property=\"article:modified_time\" content=\"2022-11-08T10:39:03+00:00\" \/>\n<meta property=\"og:image\" content=\"https:\/\/galeriamiejska.pl\/wp-content\/uploads\/2022\/10\/Marcin-berdyszak-banany.png\" \/>\n\t<meta property=\"og:image:width\" content=\"741\" \/>\n\t<meta property=\"og:image:height\" content=\"340\" \/>\n<meta name=\"twitter:card\" content=\"summary_large_image\" \/>\n<meta name=\"twitter:label1\" content=\"Written by\" \/>\n\t<meta name=\"twitter:data1\" content=\"admin\" \/>\n\t<meta name=\"twitter:label2\" content=\"Est. reading time\" \/>\n\t<meta name=\"twitter:data2\" content=\"1 minute\" \/>\n<script type=\"application\/ld+json\" class=\"yoast-schema-graph\">{\"@context\":\"https:\/\/schema.org\",\"@graph\":[{\"@type\":\"WebSite\",\"@id\":\"https:\/\/galeriamiejska.pl\/en\/#website\",\"url\":\"https:\/\/galeriamiejska.pl\/en\/\",\"name\":\"Galeria Miejska we Wroc\\u0142awiu\",\"description\":\"\",\"potentialAction\":[{\"@type\":\"SearchAction\",\"target\":{\"@type\":\"EntryPoint\",\"urlTemplate\":\"https:\/\/galeriamiejska.pl\/en\/?s={search_term_string}\"},\"query-input\":\"required name=search_term_string\"}],\"inLanguage\":\"\"},{\"@type\":\"ImageObject\",\"@id\":\"https:\/\/galeriamiejska.pl\/en\/angor-animi-premiera-dyskusja-spotkanie\/#primaryimage\",\"inLanguage\":\"\",\"url\":\"https:\/\/galeriamiejska.pl\/wp-content\/uploads\/2022\/10\/Marcin-berdyszak-banany.png\",\"contentUrl\":\"https:\/\/galeriamiejska.pl\/wp-content\/uploads\/2022\/10\/Marcin-berdyszak-banany.png\",\"width\":741,\"height\":340},{\"@type\":\"WebPage\",\"@id\":\"https:\/\/galeriamiejska.pl\/en\/angor-animi-premiera-dyskusja-spotkanie\/#webpage\",\"url\":\"https:\/\/galeriamiejska.pl\/en\/angor-animi-premiera-dyskusja-spotkanie\/\",\"name\":\"ANGOR ANIMI\/ premiera, dyskusja, spotkanie - Galeria Miejska we Wroc\\u0142awiu\",\"isPartOf\":{\"@id\":\"https:\/\/galeriamiejska.pl\/en\/#website\"},\"primaryImageOfPage\":{\"@id\":\"https:\/\/galeriamiejska.pl\/en\/angor-animi-premiera-dyskusja-spotkanie\/#primaryimage\"},\"datePublished\":\"2022-10-14T14:57:46+00:00\",\"dateModified\":\"2022-11-08T10:39:03+00:00\",\"author\":{\"@id\":\"https:\/\/galeriamiejska.pl\/en\/#\/schema\/person\/cd4f04b0a13c9114f95e23b489b6f9cb\"},\"breadcrumb\":{\"@id\":\"https:\/\/galeriamiejska.pl\/en\/angor-animi-premiera-dyskusja-spotkanie\/#breadcrumb\"},\"inLanguage\":\"\",\"potentialAction\":[{\"@type\":\"ReadAction\",\"target\":[\"https:\/\/galeriamiejska.pl\/en\/angor-animi-premiera-dyskusja-spotkanie\/\"]}]},{\"@type\":\"BreadcrumbList\",\"@id\":\"https:\/\/galeriamiejska.pl\/en\/angor-animi-premiera-dyskusja-spotkanie\/#breadcrumb\",\"itemListElement\":[{\"@type\":\"ListItem\",\"position\":1,\"name\":\"Strona g\\u0142\\u00f3wna\",\"item\":\"https:\/\/galeriamiejska.pl\/en\/\"},{\"@type\":\"ListItem\",\"position\":2,\"name\":\"ANGOR ANIMI\/ premiera, dyskusja, spotkanie\"}]},{\"@type\":\"Person\",\"@id\":\"https:\/\/galeriamiejska.pl\/en\/#\/schema\/person\/cd4f04b0a13c9114f95e23b489b6f9cb\",\"name\":\"admin\",\"image\":{\"@type\":\"ImageObject\",\"@id\":\"https:\/\/galeriamiejska.pl\/en\/#personlogo\",\"inLanguage\":\"\",\"url\":\"https:\/\/secure.gravatar.com\/avatar\/3ded5a36984f92b80e2d99cc96780fe89cd37f7fd652108d182620efbb1566fd?s=96&d=mm&r=g\",\"contentUrl\":\"https:\/\/secure.gravatar.com\/avatar\/3ded5a36984f92b80e2d99cc96780fe89cd37f7fd652108d182620efbb1566fd?s=96&d=mm&r=g\",\"caption\":\"admin\"},\"sameAs\":[\"http:\/\/galeriamiejska.pl\"],\"url\":\"https:\/\/galeriamiejska.pl\/en\/author\/admin\/\"}]}<\/script>\n<!-- \/ Yoast SEO plugin. -->","yoast_head_json":{"title":"ANGOR ANIMI\/ premiera, dyskusja, spotkanie - Galeria Miejska we Wroc\u0142awiu","robots":{"index":"index","follow":"follow","max-snippet":"max-snippet:-1","max-image-preview":"max-image-preview:large","max-video-preview":"max-video-preview:-1"},"canonical":"https:\/\/galeriamiejska.pl\/en\/angor-animi-premiera-dyskusja-spotkanie\/","og_locale":"en_US","og_type":"article","og_title":"ANGOR ANIMI\/ premiera, dyskusja, spotkanie - Galeria Miejska we Wroc\u0142awiu","og_description":"wydarzenie towarzysz\u0105ce wystawie Marcina Berdyszaka - 28 pa\u017adziernika (pi\u0105tek), godz. 18:00","og_url":"https:\/\/galeriamiejska.pl\/en\/angor-animi-premiera-dyskusja-spotkanie\/","og_site_name":"Galeria Miejska we Wroc\u0142awiu","article_published_time":"2022-10-14T14:57:46+00:00","article_modified_time":"2022-11-08T10:39:03+00:00","og_image":[{"width":741,"height":340,"filesize":433091,"url":"https:\/\/galeriamiejska.pl\/wp-content\/uploads\/2022\/10\/Marcin-berdyszak-banany.png","path":"\/autoinstalator\/wordpress\/wp-content\/uploads\/2022\/10\/Marcin-berdyszak-banany.png","size":"full","id":5685,"alt":"","pixels":251940,"type":"image\/png"}],"twitter_card":"summary_large_image","twitter_misc":{"Written by":"admin","Est. reading time":"1 minute"},"schema":{"@context":"https:\/\/schema.org","@graph":[{"@type":"WebSite","@id":"https:\/\/galeriamiejska.pl\/en\/#website","url":"https:\/\/galeriamiejska.pl\/en\/","name":"Galeria Miejska we Wroc\u0142awiu","description":"","potentialAction":[{"@type":"SearchAction","target":{"@type":"EntryPoint","urlTemplate":"https:\/\/galeriamiejska.pl\/en\/?s={search_term_string}"},"query-input":"required name=search_term_string"}],"inLanguage":""},{"@type":"ImageObject","@id":"https:\/\/galeriamiejska.pl\/en\/angor-animi-premiera-dyskusja-spotkanie\/#primaryimage","inLanguage":"","url":"https:\/\/galeriamiejska.pl\/wp-content\/uploads\/2022\/10\/Marcin-berdyszak-banany.png","contentUrl":"https:\/\/galeriamiejska.pl\/wp-content\/uploads\/2022\/10\/Marcin-berdyszak-banany.png","width":741,"height":340},{"@type":"WebPage","@id":"https:\/\/galeriamiejska.pl\/en\/angor-animi-premiera-dyskusja-spotkanie\/#webpage","url":"https:\/\/galeriamiejska.pl\/en\/angor-animi-premiera-dyskusja-spotkanie\/","name":"ANGOR ANIMI\/ premiera, dyskusja, spotkanie - Galeria Miejska we Wroc\u0142awiu","isPartOf":{"@id":"https:\/\/galeriamiejska.pl\/en\/#website"},"primaryImageOfPage":{"@id":"https:\/\/galeriamiejska.pl\/en\/angor-animi-premiera-dyskusja-spotkanie\/#primaryimage"},"datePublished":"2022-10-14T14:57:46+00:00","dateModified":"2022-11-08T10:39:03+00:00","author":{"@id":"https:\/\/galeriamiejska.pl\/en\/#\/schema\/person\/cd4f04b0a13c9114f95e23b489b6f9cb"},"breadcrumb":{"@id":"https:\/\/galeriamiejska.pl\/en\/angor-animi-premiera-dyskusja-spotkanie\/#breadcrumb"},"inLanguage":"","potentialAction":[{"@type":"ReadAction","target":["https:\/\/galeriamiejska.pl\/en\/angor-animi-premiera-dyskusja-spotkanie\/"]}]},{"@type":"BreadcrumbList","@id":"https:\/\/galeriamiejska.pl\/en\/angor-animi-premiera-dyskusja-spotkanie\/#breadcrumb","itemListElement":[{"@type":"ListItem","position":1,"name":"Strona g\u0142\u00f3wna","item":"https:\/\/galeriamiejska.pl\/en\/"},{"@type":"ListItem","position":2,"name":"ANGOR ANIMI\/ premiera, dyskusja, spotkanie"}]},{"@type":"Person","@id":"https:\/\/galeriamiejska.pl\/en\/#\/schema\/person\/cd4f04b0a13c9114f95e23b489b6f9cb","name":"admin","image":{"@type":"ImageObject","@id":"https:\/\/galeriamiejska.pl\/en\/#personlogo","inLanguage":"","url":"https:\/\/secure.gravatar.com\/avatar\/3ded5a36984f92b80e2d99cc96780fe89cd37f7fd652108d182620efbb1566fd?s=96&d=mm&r=g","contentUrl":"https:\/\/secure.gravatar.com\/avatar\/3ded5a36984f92b80e2d99cc96780fe89cd37f7fd652108d182620efbb1566fd?s=96&d=mm&r=g","caption":"admin"},"sameAs":["http:\/\/galeriamiejska.pl"],"url":"https:\/\/galeriamiejska.pl\/en\/author\/admin\/"}]}},"_links":{"self":[{"href":"https:\/\/galeriamiejska.pl\/en\/wp-json\/wp\/v2\/posts\/5679","targetHints":{"allow":["GET"]}}],"collection":[{"href":"https:\/\/galeriamiejska.pl\/en\/wp-json\/wp\/v2\/posts"}],"about":[{"href":"https:\/\/galeriamiejska.pl\/en\/wp-json\/wp\/v2\/types\/post"}],"author":[{"embeddable":true,"href":"https:\/\/galeriamiejska.pl\/en\/wp-json\/wp\/v2\/users\/1"}],"replies":[{"embeddable":true,"href":"https:\/\/galeriamiejska.pl\/en\/wp-json\/wp\/v2\/comments?post=5679"}],"version-history":[{"count":12,"href":"https:\/\/galeriamiejska.pl\/en\/wp-json\/wp\/v2\/posts\/5679\/revisions"}],"predecessor-version":[{"id":5755,"href":"https:\/\/galeriamiejska.pl\/en\/wp-json\/wp\/v2\/posts\/5679\/revisions\/5755"}],"wp:featuredmedia":[{"embeddable":true,"href":"https:\/\/galeriamiejska.pl\/en\/wp-json\/wp\/v2\/media\/5685"}],"wp:attachment":[{"href":"https:\/\/galeriamiejska.pl\/en\/wp-json\/wp\/v2\/media?parent=5679"}],"wp:term":[{"taxonomy":"category","embeddable":true,"href":"https:\/\/galeriamiejska.pl\/en\/wp-json\/wp\/v2\/categories?post=5679"},{"taxonomy":"post_tag","embeddable":true,"href":"https:\/\/galeriamiejska.pl\/en\/wp-json\/wp\/v2\/tags?post=5679"}],"curies":[{"name":"wp","href":"https:\/\/api.w.org\/{rel}","templated":true}]}}