{"id":557,"date":"2021-01-19T10:56:12","date_gmt":"2021-01-19T10:56:12","guid":{"rendered":"http:\/\/galeriamiejska.pl\/?p=557"},"modified":"2021-09-10T12:22:20","modified_gmt":"2021-09-10T12:22:20","slug":"","status":"publish","type":"post","link":"https:\/\/galeriamiejska.pl\/en\/ideo-metrie\/","title":{"rendered":"Ideo-metries ","raw":"Ideo-metries "},"content":{"rendered":"\n<p>Exhibition catalogue<em> Ideo-metries:<\/em> Go\u0142kowska, Chwa\u0142czyk, Makarewicz, Podsiad\u0142y, Lewandowski-Palle, B\u0142a\u017cejewski, Ko\u0142odziejczyk, Czaplicki, Milecka, \u015aliz , The City Gallery in Wroc\u0142aw, 31.1.2014-1.3.2014<br><br><strong>texts by <\/strong>U. \u015aliz, A. Bandura, R. R\u00f3\u017canowski<br><strong>graphic design by<\/strong> E. Wo\u017aniewska<br><strong>translated by:<\/strong> A. Jasi\u0144ski<br><br><br>Price: 30 PLN<br><\/p>\n\n\n\n<figure class=\"wp-block-image size-full\"><img loading=\"lazy\" decoding=\"async\" width=\"640\" height=\"340\" src=\"http:\/\/galeriamiejska.pl\/wp-content\/uploads\/2021\/01\/175_noname.jpg\" alt=\"\" class=\"wp-image-559\" srcset=\"https:\/\/galeriamiejska.pl\/wp-content\/uploads\/2021\/01\/175_noname.jpg 640w, https:\/\/galeriamiejska.pl\/wp-content\/uploads\/2021\/01\/175_noname-300x159.jpg 300w\" sizes=\"auto, (max-width: 640px) 100vw, 640px\" \/><\/figure>\n","protected":false,"raw":"<!-- wp:paragraph -->\n<p>Exhibition catalogue<em> Ideo-metries:<\/em> Go\u0142kowska, Chwa\u0142czyk, Makarewicz, Podsiad\u0142y, Lewandowski-Palle, B\u0142a\u017cejewski, Ko\u0142odziejczyk, Czaplicki, Milecka, \u015aliz , The City Gallery in Wroc\u0142aw, 31.1.2014-1.3.2014<br><br><strong>texts by <\/strong>U. \u015aliz, A. Bandura, R. R\u00f3\u017canowski<br><strong>graphic design by<\/strong> E. Wo\u017aniewska<br><strong>translated by:<\/strong> A. Jasi\u0144ski<br><br><br>Price: 30 PLN<br><\/p>\n<!-- \/wp:paragraph -->\n\n<!-- wp:image {\"id\":559,\"sizeSlug\":\"full\",\"linkDestination\":\"none\"} -->\n<figure class=\"wp-block-image size-full\"><img src=\"http:\/\/galeriamiejska.pl\/wp-content\/uploads\/2021\/01\/175_noname.jpg\" alt=\"\" class=\"wp-image-559\"\/><\/figure>\n<!-- \/wp:image -->"},"excerpt":{"rendered":"<p> Exhibition catalogue Ideo-metries<\/p>\n","protected":false,"raw":" Exhibition catalogue Ideo-metries"},"author":1,"featured_media":559,"comment_status":"open","ping_status":"open","sticky":false,"template":"","format":"standard","meta":{"_pl_post_content":"<!-- wp:paragraph -->\n<p>katalog wystawy Ideo-metrie: Go\u0142kowska, Chwa\u0142czyk, Makarewicz, Podsiad\u0142y, Lewandowski-Palle, B\u0142a\u017cejewski, Ko\u0142odziejczyk, Czaplicki, Milecka, \u015aliz , Galeria Miejska we Wroc\u0142awiu, 31.1.2014-1.3.2014<br><br>data wydania: 2014<br>teksty: U. \u015aliz, A. Bandura, R. R\u00f3\u017canowski<br>opracowanie graficzne: E. Wo\u017aniewska<br>t\u0142umaczenia: A. Jasi\u0144ski<br><br><br>Cena publikacji: 30 z\u0142<\/p>\n<!-- \/wp:paragraph -->\n\n<!-- wp:paragraph -->\n<p><br>Katalog do nabycia w&nbsp;Galerii Miejskiej we Wroc\u0142awiu ul. Kie\u0142ba\u015bnicza 28<br>Przyjmujemy r\u00f3wnie\u017c zam\u00f3wienia pod adresem: biuro@galeriamiejska.pl<\/p>\n<!-- \/wp:paragraph -->\n\n<!-- wp:image {\"id\":3258,\"sizeSlug\":\"full\",\"linkDestination\":\"none\"} -->\n<figure class=\"wp-block-image size-full\"><img src=\"https:\/\/galeriamiejska.pl\/wp-content\/uploads\/2021\/09\/175_noname.jpg\" alt=\"\" class=\"wp-image-3258\"\/><\/figure>\n<!-- \/wp:image -->","_pl_post_name":"ideo-metrie","_pl_post_excerpt":"katalog wystawy Ideo-metrie w Galerii Miejskiej we Wroc\u0142awiu","_pl_post_title":"Ideo-metrie","_en_post_content":"<!-- wp:paragraph -->\n<p>Exhibition catalogue<em> Ideo-metries:<\/em> Go\u0142kowska, Chwa\u0142czyk, Makarewicz, Podsiad\u0142y, Lewandowski-Palle, B\u0142a\u017cejewski, Ko\u0142odziejczyk, Czaplicki, Milecka, \u015aliz , The City Gallery in Wroc\u0142aw, 31.1.2014-1.3.2014<br><br><strong>texts by <\/strong>U. \u015aliz, A. Bandura, R. R\u00f3\u017canowski<br><strong>graphic design by<\/strong> E. Wo\u017aniewska<br><strong>translated by:<\/strong> A. Jasi\u0144ski<br><br><br>Price: 30 PLN<br><\/p>\n<!-- \/wp:paragraph -->\n\n<!-- wp:image {\"id\":559,\"sizeSlug\":\"full\",\"linkDestination\":\"none\"} -->\n<figure class=\"wp-block-image size-full\"><img src=\"http:\/\/galeriamiejska.pl\/wp-content\/uploads\/2021\/01\/175_noname.jpg\" alt=\"\" class=\"wp-image-559\"\/><\/figure>\n<!-- \/wp:image -->","_en_post_name":"","_en_post_excerpt":" Exhibition catalogue Ideo-metries","_en_post_title":"Ideo-metries ","edit_language":"en","footnotes":""},"categories":[15,16],"tags":[],"class_list":["post-557","post","type-post","status-publish","format-standard","has-post-thumbnail","hentry","category-sklep","category-wydawnictwa"],"yoast_head":"<!-- This site is optimized with the Yoast SEO plugin v16.8 - https:\/\/yoast.com\/wordpress\/plugins\/seo\/ -->\n<title>Ideo-metrie - Galeria Miejska we Wroc\u0142awiu<\/title>\n<meta name=\"robots\" content=\"index, follow, max-snippet:-1, max-image-preview:large, max-video-preview:-1\" \/>\n<link rel=\"canonical\" href=\"https:\/\/galeriamiejska.pl\/en\/ideo-metrie\/\" \/>\n<meta property=\"og:locale\" content=\"en_US\" \/>\n<meta property=\"og:type\" content=\"article\" \/>\n<meta property=\"og:title\" content=\"Ideo-metrie - Galeria Miejska we Wroc\u0142awiu\" \/>\n<meta property=\"og:description\" content=\"katalog wystawy Ideo-metrie w Galerii Miejskiej we Wroc\u0142awiu\" \/>\n<meta property=\"og:url\" content=\"https:\/\/galeriamiejska.pl\/en\/ideo-metrie\/\" \/>\n<meta property=\"og:site_name\" content=\"Galeria Miejska we Wroc\u0142awiu\" \/>\n<meta property=\"article:published_time\" content=\"2021-01-19T10:56:12+00:00\" \/>\n<meta property=\"article:modified_time\" content=\"2021-09-10T12:22:20+00:00\" \/>\n<meta property=\"og:image\" content=\"https:\/\/galeriamiejska.pl\/wp-content\/uploads\/2021\/01\/175_noname.jpg\" \/>\n\t<meta property=\"og:image:width\" content=\"640\" \/>\n\t<meta property=\"og:image:height\" content=\"340\" \/>\n<meta name=\"twitter:card\" content=\"summary_large_image\" \/>\n<meta name=\"twitter:label1\" content=\"Written by\" \/>\n\t<meta name=\"twitter:data1\" content=\"admin\" \/>\n\t<meta name=\"twitter:label2\" content=\"Est. reading time\" \/>\n\t<meta name=\"twitter:data2\" content=\"1 minute\" \/>\n<script type=\"application\/ld+json\" class=\"yoast-schema-graph\">{\"@context\":\"https:\/\/schema.org\",\"@graph\":[{\"@type\":\"WebSite\",\"@id\":\"https:\/\/galeriamiejska.pl\/en\/#website\",\"url\":\"https:\/\/galeriamiejska.pl\/en\/\",\"name\":\"Galeria Miejska we Wroc\\u0142awiu\",\"description\":\"\",\"potentialAction\":[{\"@type\":\"SearchAction\",\"target\":{\"@type\":\"EntryPoint\",\"urlTemplate\":\"https:\/\/galeriamiejska.pl\/en\/?s={search_term_string}\"},\"query-input\":\"required name=search_term_string\"}],\"inLanguage\":\"\"},{\"@type\":\"ImageObject\",\"@id\":\"https:\/\/galeriamiejska.pl\/en\/ideo-metrie\/#primaryimage\",\"inLanguage\":\"\",\"url\":\"https:\/\/galeriamiejska.pl\/wp-content\/uploads\/2021\/01\/175_noname.jpg\",\"contentUrl\":\"https:\/\/galeriamiejska.pl\/wp-content\/uploads\/2021\/01\/175_noname.jpg\",\"width\":640,\"height\":340},{\"@type\":\"WebPage\",\"@id\":\"https:\/\/galeriamiejska.pl\/en\/ideo-metrie\/#webpage\",\"url\":\"https:\/\/galeriamiejska.pl\/en\/ideo-metrie\/\",\"name\":\"Ideo-metrie - Galeria Miejska we Wroc\\u0142awiu\",\"isPartOf\":{\"@id\":\"https:\/\/galeriamiejska.pl\/en\/#website\"},\"primaryImageOfPage\":{\"@id\":\"https:\/\/galeriamiejska.pl\/en\/ideo-metrie\/#primaryimage\"},\"datePublished\":\"2021-01-19T10:56:12+00:00\",\"dateModified\":\"2021-09-10T12:22:20+00:00\",\"author\":{\"@id\":\"https:\/\/galeriamiejska.pl\/en\/#\/schema\/person\/cd4f04b0a13c9114f95e23b489b6f9cb\"},\"breadcrumb\":{\"@id\":\"https:\/\/galeriamiejska.pl\/en\/ideo-metrie\/#breadcrumb\"},\"inLanguage\":\"\",\"potentialAction\":[{\"@type\":\"ReadAction\",\"target\":[\"https:\/\/galeriamiejska.pl\/en\/ideo-metrie\/\"]}]},{\"@type\":\"BreadcrumbList\",\"@id\":\"https:\/\/galeriamiejska.pl\/en\/ideo-metrie\/#breadcrumb\",\"itemListElement\":[{\"@type\":\"ListItem\",\"position\":1,\"name\":\"Strona g\\u0142\\u00f3wna\",\"item\":\"https:\/\/galeriamiejska.pl\/en\/\"},{\"@type\":\"ListItem\",\"position\":2,\"name\":\"Ideo-metries\"}]},{\"@type\":\"Person\",\"@id\":\"https:\/\/galeriamiejska.pl\/en\/#\/schema\/person\/cd4f04b0a13c9114f95e23b489b6f9cb\",\"name\":\"admin\",\"image\":{\"@type\":\"ImageObject\",\"@id\":\"https:\/\/galeriamiejska.pl\/en\/#personlogo\",\"inLanguage\":\"\",\"url\":\"https:\/\/secure.gravatar.com\/avatar\/3ded5a36984f92b80e2d99cc96780fe89cd37f7fd652108d182620efbb1566fd?s=96&d=mm&r=g\",\"contentUrl\":\"https:\/\/secure.gravatar.com\/avatar\/3ded5a36984f92b80e2d99cc96780fe89cd37f7fd652108d182620efbb1566fd?s=96&d=mm&r=g\",\"caption\":\"admin\"},\"sameAs\":[\"http:\/\/galeriamiejska.pl\"],\"url\":\"https:\/\/galeriamiejska.pl\/en\/author\/admin\/\"}]}<\/script>\n<!-- \/ Yoast SEO plugin. -->","yoast_head_json":{"title":"Ideo-metrie - Galeria Miejska we Wroc\u0142awiu","robots":{"index":"index","follow":"follow","max-snippet":"max-snippet:-1","max-image-preview":"max-image-preview:large","max-video-preview":"max-video-preview:-1"},"canonical":"https:\/\/galeriamiejska.pl\/en\/ideo-metrie\/","og_locale":"en_US","og_type":"article","og_title":"Ideo-metrie - Galeria Miejska we Wroc\u0142awiu","og_description":"katalog wystawy Ideo-metrie w Galerii Miejskiej we Wroc\u0142awiu","og_url":"https:\/\/galeriamiejska.pl\/en\/ideo-metrie\/","og_site_name":"Galeria Miejska we Wroc\u0142awiu","article_published_time":"2021-01-19T10:56:12+00:00","article_modified_time":"2021-09-10T12:22:20+00:00","og_image":[{"width":640,"height":340,"url":"https:\/\/galeriamiejska.pl\/wp-content\/uploads\/2021\/01\/175_noname.jpg","path":"\/autoinstalator\/wordpress\/wp-content\/uploads\/2021\/01\/175_noname.jpg","size":"full","id":559,"alt":"","pixels":217600,"type":"image\/jpeg"}],"twitter_card":"summary_large_image","twitter_misc":{"Written by":"admin","Est. reading time":"1 minute"},"schema":{"@context":"https:\/\/schema.org","@graph":[{"@type":"WebSite","@id":"https:\/\/galeriamiejska.pl\/en\/#website","url":"https:\/\/galeriamiejska.pl\/en\/","name":"Galeria Miejska we Wroc\u0142awiu","description":"","potentialAction":[{"@type":"SearchAction","target":{"@type":"EntryPoint","urlTemplate":"https:\/\/galeriamiejska.pl\/en\/?s={search_term_string}"},"query-input":"required name=search_term_string"}],"inLanguage":""},{"@type":"ImageObject","@id":"https:\/\/galeriamiejska.pl\/en\/ideo-metrie\/#primaryimage","inLanguage":"","url":"https:\/\/galeriamiejska.pl\/wp-content\/uploads\/2021\/01\/175_noname.jpg","contentUrl":"https:\/\/galeriamiejska.pl\/wp-content\/uploads\/2021\/01\/175_noname.jpg","width":640,"height":340},{"@type":"WebPage","@id":"https:\/\/galeriamiejska.pl\/en\/ideo-metrie\/#webpage","url":"https:\/\/galeriamiejska.pl\/en\/ideo-metrie\/","name":"Ideo-metrie - Galeria Miejska we Wroc\u0142awiu","isPartOf":{"@id":"https:\/\/galeriamiejska.pl\/en\/#website"},"primaryImageOfPage":{"@id":"https:\/\/galeriamiejska.pl\/en\/ideo-metrie\/#primaryimage"},"datePublished":"2021-01-19T10:56:12+00:00","dateModified":"2021-09-10T12:22:20+00:00","author":{"@id":"https:\/\/galeriamiejska.pl\/en\/#\/schema\/person\/cd4f04b0a13c9114f95e23b489b6f9cb"},"breadcrumb":{"@id":"https:\/\/galeriamiejska.pl\/en\/ideo-metrie\/#breadcrumb"},"inLanguage":"","potentialAction":[{"@type":"ReadAction","target":["https:\/\/galeriamiejska.pl\/en\/ideo-metrie\/"]}]},{"@type":"BreadcrumbList","@id":"https:\/\/galeriamiejska.pl\/en\/ideo-metrie\/#breadcrumb","itemListElement":[{"@type":"ListItem","position":1,"name":"Strona g\u0142\u00f3wna","item":"https:\/\/galeriamiejska.pl\/en\/"},{"@type":"ListItem","position":2,"name":"Ideo-metries"}]},{"@type":"Person","@id":"https:\/\/galeriamiejska.pl\/en\/#\/schema\/person\/cd4f04b0a13c9114f95e23b489b6f9cb","name":"admin","image":{"@type":"ImageObject","@id":"https:\/\/galeriamiejska.pl\/en\/#personlogo","inLanguage":"","url":"https:\/\/secure.gravatar.com\/avatar\/3ded5a36984f92b80e2d99cc96780fe89cd37f7fd652108d182620efbb1566fd?s=96&d=mm&r=g","contentUrl":"https:\/\/secure.gravatar.com\/avatar\/3ded5a36984f92b80e2d99cc96780fe89cd37f7fd652108d182620efbb1566fd?s=96&d=mm&r=g","caption":"admin"},"sameAs":["http:\/\/galeriamiejska.pl"],"url":"https:\/\/galeriamiejska.pl\/en\/author\/admin\/"}]}},"_links":{"self":[{"href":"https:\/\/galeriamiejska.pl\/en\/wp-json\/wp\/v2\/posts\/557","targetHints":{"allow":["GET"]}}],"collection":[{"href":"https:\/\/galeriamiejska.pl\/en\/wp-json\/wp\/v2\/posts"}],"about":[{"href":"https:\/\/galeriamiejska.pl\/en\/wp-json\/wp\/v2\/types\/post"}],"author":[{"embeddable":true,"href":"https:\/\/galeriamiejska.pl\/en\/wp-json\/wp\/v2\/users\/1"}],"replies":[{"embeddable":true,"href":"https:\/\/galeriamiejska.pl\/en\/wp-json\/wp\/v2\/comments?post=557"}],"version-history":[{"count":2,"href":"https:\/\/galeriamiejska.pl\/en\/wp-json\/wp\/v2\/posts\/557\/revisions"}],"predecessor-version":[{"id":3259,"href":"https:\/\/galeriamiejska.pl\/en\/wp-json\/wp\/v2\/posts\/557\/revisions\/3259"}],"wp:featuredmedia":[{"embeddable":true,"href":"https:\/\/galeriamiejska.pl\/en\/wp-json\/wp\/v2\/media\/559"}],"wp:attachment":[{"href":"https:\/\/galeriamiejska.pl\/en\/wp-json\/wp\/v2\/media?parent=557"}],"wp:term":[{"taxonomy":"category","embeddable":true,"href":"https:\/\/galeriamiejska.pl\/en\/wp-json\/wp\/v2\/categories?post=557"},{"taxonomy":"post_tag","embeddable":true,"href":"https:\/\/galeriamiejska.pl\/en\/wp-json\/wp\/v2\/tags?post=557"}],"curies":[{"name":"wp","href":"https:\/\/api.w.org\/{rel}","templated":true}]}}