{"id":5387,"date":"2022-07-15T11:57:52","date_gmt":"2022-07-15T11:57:52","guid":{"rendered":"https:\/\/galeriamiejska.pl\/?p=5387"},"modified":"2022-08-06T15:56:01","modified_gmt":"2022-08-06T15:56:01","slug":"","status":"publish","type":"post","link":"https:\/\/galeriamiejska.pl\/en\/on-art-festiwal-kina-i-sztuki\/","title":{"rendered":"","raw":""},"content":{"rendered":"","protected":false,"raw":""},"excerpt":{"rendered":"","protected":false,"raw":""},"author":1,"featured_media":5408,"comment_status":"open","ping_status":"open","sticky":false,"template":"","format":"standard","meta":{"_pl_post_content":"<!-- wp:paragraph -->\n<p>Festiwal ON ART to filmowe \u015bwi\u0119to dla mi\u0142o\u015bnik\u00f3w sztuki i kina. Festiwal odbywa si\u0119 jednocze\u015bnie w wielu miastach Polski, w tym tak\u017ce we Wroc\u0142awiu w Galerii Miejskiej!<br><strong>Wst\u0119p na seanse jest BEZP\u0141ATNY, ale prosimy o zapisy mailowe na adres biuro@galeriamiejska.pl do 4 sierpnia!<\/strong><\/p>\n<!-- \/wp:paragraph -->\n\n<!-- wp:paragraph -->\n<p>Zapraszamy 5 i 6 sierpnia na bezp\u0142atne seanse filmowe w naszej instytucji. Co b\u0119dzie mo\u017cna obejrze\u0107?<\/p>\n<!-- \/wp:paragraph -->\n\n<!-- wp:spacer {\"height\":\"30px\"} -->\n<div style=\"height:30px\" aria-hidden=\"true\" class=\"wp-block-spacer\"><\/div>\n<!-- \/wp:spacer -->\n\n<!-- wp:paragraph -->\n<p><strong>5 SIERPNIA (PI\u0104TEK)<\/strong><\/p>\n<!-- \/wp:paragraph -->\n\n<!-- wp:paragraph -->\n<p>FILMY W J\u0118ZYKU POLSKIM<\/p>\n<!-- \/wp:paragraph -->\n\n<!-- wp:paragraph -->\n<p><strong>godzina 19:00 \u2013 19:20<br>Film: \"Jan Polkowski - Moje miejsce na Ziemi. Krak\u00f3w\"<\/strong><\/p>\n<!-- \/wp:paragraph -->\n\n<!-- wp:paragraph -->\n<p>19 min., Polska, 2022 r., re\u017c. Iwona Meus, Impresja.<\/p>\n<!-- \/wp:paragraph -->\n\n<!-- wp:paragraph -->\n<p>Poezja Jana Polkowskiego zestawiona z urzekaj\u0105cymi kadrami Krakowa.<\/p>\n<!-- \/wp:paragraph -->\n\n<!-- wp:paragraph -->\n<p><\/p>\n<!-- \/wp:paragraph -->\n\n<!-- wp:paragraph -->\n<p><strong>godzina 19:40 - 21:10<br>Film: \"Z wn\u0119trza\"<\/strong><\/p>\n<!-- \/wp:paragraph -->\n\n<!-- wp:paragraph -->\n<p>90 min., Polska, 2019 r., re\u017c. Cezary Grzesiuk, Krystian Kami\u0144ski,<br>Tomasz Szwan, film dokumentalny<\/p>\n<!-- \/wp:paragraph -->\n\n<!-- wp:paragraph -->\n<p>Unikatowy materia\u0142 VHS tworzony przez Zdzis\u0142awa Beksi\u0144skiego. Malarz dopuszcza nas do sekret\u00f3w swoich bliskich, procesu tw\u00f3rczego i do samego siebie. (Fragmenty tego niezwyk\u0142ego wideo-<br>archiwum mogli\u015bmy zobaczy\u0107 w filmie \u201eOstatnia Rodzina\u201d).<\/p>\n<!-- \/wp:paragraph -->\n\n<!-- wp:paragraph -->\n<p><strong><br><\/strong><br><strong>6 SIERPNIA (SOBOTA)<\/strong><\/p>\n<!-- \/wp:paragraph -->\n\n<!-- wp:paragraph -->\n<p>FILMY W J\u0118ZYKU ANGIELSKIM!<br><\/p>\n<!-- \/wp:paragraph -->\n\n<!-- wp:paragraph -->\n<p><strong>godzina 15:00 \u2013 16:40<br>Film: \"Make Me Famous\"<\/strong><\/p>\n<!-- \/wp:paragraph -->\n\n<!-- wp:paragraph -->\n<p>93min., USA, 2022 r., re\u017c. Brian Vincent, film dokumentalny.<\/p>\n<!-- \/wp:paragraph -->\n\n<!-- wp:paragraph -->\n<p>Edward Brezinski - zapomniany emigracyjny malarz, kt\u00f3ry szuka\u0142 s\u0142awy w\u015br\u00f3d gwiazd nowojorskiej sceny artystycznej lat 80. Obraz<br>specyficznych relacji panuj\u0105cych w \u015bwiecie sztuki: stosunek do s\u0142awy i fortuny, sukcesu i pora\u017cki, rozg\u0142osu i zapomnienia.<\/p>\n<!-- \/wp:paragraph -->\n\n<!-- wp:paragraph -->\n<p><\/p>\n<!-- \/wp:paragraph -->\n\n<!-- wp:paragraph -->\n<p><strong>godzina 16:45 - 17:15<br>Film: \"Bye Bye, Grand Tour\"<\/strong><\/p>\n<!-- \/wp:paragraph -->\n\n<!-- wp:paragraph -->\n<p>27 min., Austria,2022 r., re\u017c. Heimo Aga, film dokumentalny<br>Relacja z trzech wydarze\u0144 artystycznych, kt\u00f3re jeszcze przed pandemi\u0105, w 2017 roku zbieg\u0142y si\u0119 w czasie: Biennale Sztuki w Wenecji, Documenta w Kassel i Skulptur Projekte w M\u00fcnster. Przekaz artyst\u00f3w okaza\u0142 si\u0119 proroczy, a nasz \u015bwiat zmieni\u0142 si\u0119 w kr\u00f3tkim czasie - ju\u017c chyba bezpowrotnie.<\/p>\n<!-- \/wp:paragraph -->\n\n<!-- wp:paragraph -->\n<p><\/p>\n<!-- \/wp:paragraph -->\n\n<!-- wp:paragraph -->\n<p><\/p>\n<!-- \/wp:paragraph -->\n\n<!-- wp:paragraph -->\n<p><strong>godzina 17:30 \u2013 19:00<br>Film \"Rico (The Richard Demarco Story)\"<\/strong><\/p>\n<!-- \/wp:paragraph -->\n\n<!-- wp:paragraph -->\n<p>85 min., Wielka Brytania, 2021 r., re\u017c. Marco J Federici, film dokumentalny.<\/p>\n<!-- \/wp:paragraph -->\n\n<!-- wp:paragraph -->\n<p>Biografia niezwyk\u0142ego promotora sztuki, organizatora festiwalu w Edynburgu, kt\u00f3ry wiele czasu i uwagi po\u015bwi\u0119ca\u0142 sztuce z kraj\u00f3w Europy Wschodniej. Za swoje zas\u0142ugi dla sztuki polskiej<br>Demarco zosta\u0142 odznaczony m.in. medalem Gloria Artis.<\/p>\n<!-- \/wp:paragraph -->\n\n<!-- wp:paragraph -->\n<p><br><br><strong>Wst\u0119p na seanse jest BEZP\u0141ATNY, ale prosimy o zapisy mailowe na adres biuro@galeriamiejska.pl do 4 sierpnia!<\/strong><br><br>Organizatorem Festiwalu jest Fundacja Rozwoju Kinematografii, promuj\u0105ca kino polskie i europejskie. Fundacja zrealizowa\u0142a ju\u017c ponad tysi\u0105c wydarze\u0144 filmowych dla oko\u0142o 100 tysi\u0119cy widz\u00f3w; informacje o naszych wydarzeniach docieraj\u0105 do ponad 3 mln odbiorc\u00f3w.<\/p>\n<!-- \/wp:paragraph -->","_pl_post_name":"on-art-festiwal-kina-i-sztuki","_pl_post_excerpt":"Najwi\u0119kszy plenerowy festiwal filmowy w Centralnej Europie - pierwszy raz w Galerii Miejskiej!","_pl_post_title":"ON ART Festiwal Kina i Sztuki","_en_post_content":"","_en_post_name":"","_en_post_excerpt":"","_en_post_title":"","edit_language":"en","footnotes":""},"categories":[10,8],"tags":[104,102,101,31,103,106,105],"class_list":["post-5387","post","type-post","status-publish","format-standard","has-post-thumbnail","hentry","category-archiwalne-wydarzenia","category-wydarzenia","tag-art-film","tag-festiwal-filmow","tag-film","tag-galeria-miejska-we-wroclawiu","tag-kino","tag-on-art","tag-on-art-film-festiwal"],"yoast_head":"<!-- This site is optimized with the Yoast SEO plugin v16.8 - https:\/\/yoast.com\/wordpress\/plugins\/seo\/ -->\n<title>ON ART Festiwal Kina i Sztuki - Galeria Miejska we Wroc\u0142awiu<\/title>\n<meta name=\"robots\" content=\"index, follow, max-snippet:-1, max-image-preview:large, max-video-preview:-1\" \/>\n<link rel=\"canonical\" href=\"https:\/\/galeriamiejska.pl\/en\/on-art-festiwal-kina-i-sztuki\/\" \/>\n<meta property=\"og:locale\" content=\"en_US\" \/>\n<meta property=\"og:type\" content=\"article\" \/>\n<meta property=\"og:title\" content=\"ON ART Festiwal Kina i Sztuki - Galeria Miejska we Wroc\u0142awiu\" \/>\n<meta property=\"og:description\" content=\"Najwi\u0119kszy plenerowy festiwal filmowy w Centralnej Europie - pierwszy raz w Galerii Miejskiej!\" \/>\n<meta property=\"og:url\" content=\"https:\/\/galeriamiejska.pl\/en\/on-art-festiwal-kina-i-sztuki\/\" \/>\n<meta property=\"og:site_name\" content=\"Galeria Miejska we Wroc\u0142awiu\" \/>\n<meta property=\"article:published_time\" content=\"2022-07-15T11:57:52+00:00\" \/>\n<meta property=\"article:modified_time\" content=\"2022-08-06T15:56:01+00:00\" \/>\n<meta property=\"og:image\" content=\"https:\/\/galeriamiejska.pl\/wp-content\/uploads\/2022\/07\/ON-ART-film-festiwal-1.png\" \/>\n\t<meta property=\"og:image:width\" content=\"640\" \/>\n\t<meta property=\"og:image:height\" content=\"340\" \/>\n<meta name=\"twitter:card\" content=\"summary_large_image\" \/>\n<meta name=\"twitter:label1\" content=\"Written by\" \/>\n\t<meta name=\"twitter:data1\" content=\"admin\" \/>\n\t<meta name=\"twitter:label2\" content=\"Est. reading time\" \/>\n\t<meta name=\"twitter:data2\" content=\"2 minutes\" \/>\n<script type=\"application\/ld+json\" class=\"yoast-schema-graph\">{\"@context\":\"https:\/\/schema.org\",\"@graph\":[{\"@type\":\"WebSite\",\"@id\":\"https:\/\/galeriamiejska.pl\/en\/#website\",\"url\":\"https:\/\/galeriamiejska.pl\/en\/\",\"name\":\"Galeria Miejska we Wroc\\u0142awiu\",\"description\":\"\",\"potentialAction\":[{\"@type\":\"SearchAction\",\"target\":{\"@type\":\"EntryPoint\",\"urlTemplate\":\"https:\/\/galeriamiejska.pl\/en\/?s={search_term_string}\"},\"query-input\":\"required name=search_term_string\"}],\"inLanguage\":\"\"},{\"@type\":\"ImageObject\",\"@id\":\"https:\/\/galeriamiejska.pl\/en\/on-art-festiwal-kina-i-sztuki\/#primaryimage\",\"inLanguage\":\"\",\"url\":\"https:\/\/galeriamiejska.pl\/wp-content\/uploads\/2022\/07\/ON-ART-film-festiwal-1.png\",\"contentUrl\":\"https:\/\/galeriamiejska.pl\/wp-content\/uploads\/2022\/07\/ON-ART-film-festiwal-1.png\",\"width\":640,\"height\":340},{\"@type\":\"WebPage\",\"@id\":\"https:\/\/galeriamiejska.pl\/en\/on-art-festiwal-kina-i-sztuki\/#webpage\",\"url\":\"https:\/\/galeriamiejska.pl\/en\/on-art-festiwal-kina-i-sztuki\/\",\"name\":\"ON ART Festiwal Kina i Sztuki - Galeria Miejska we Wroc\\u0142awiu\",\"isPartOf\":{\"@id\":\"https:\/\/galeriamiejska.pl\/en\/#website\"},\"primaryImageOfPage\":{\"@id\":\"https:\/\/galeriamiejska.pl\/en\/on-art-festiwal-kina-i-sztuki\/#primaryimage\"},\"datePublished\":\"2022-07-15T11:57:52+00:00\",\"dateModified\":\"2022-08-06T15:56:01+00:00\",\"author\":{\"@id\":\"https:\/\/galeriamiejska.pl\/en\/#\/schema\/person\/cd4f04b0a13c9114f95e23b489b6f9cb\"},\"breadcrumb\":{\"@id\":\"https:\/\/galeriamiejska.pl\/en\/on-art-festiwal-kina-i-sztuki\/#breadcrumb\"},\"inLanguage\":\"\",\"potentialAction\":[{\"@type\":\"ReadAction\",\"target\":[\"https:\/\/galeriamiejska.pl\/en\/on-art-festiwal-kina-i-sztuki\/\"]}]},{\"@type\":\"BreadcrumbList\",\"@id\":\"https:\/\/galeriamiejska.pl\/en\/on-art-festiwal-kina-i-sztuki\/#breadcrumb\",\"itemListElement\":[{\"@type\":\"ListItem\",\"position\":1,\"name\":\"Strona g\\u0142\\u00f3wna\",\"item\":\"https:\/\/galeriamiejska.pl\/en\/\"},{\"@type\":\"ListItem\",\"position\":2,\"name\":\"ON ART Festiwal Kina i Sztuki\"}]},{\"@type\":\"Person\",\"@id\":\"https:\/\/galeriamiejska.pl\/en\/#\/schema\/person\/cd4f04b0a13c9114f95e23b489b6f9cb\",\"name\":\"admin\",\"image\":{\"@type\":\"ImageObject\",\"@id\":\"https:\/\/galeriamiejska.pl\/en\/#personlogo\",\"inLanguage\":\"\",\"url\":\"https:\/\/secure.gravatar.com\/avatar\/3ded5a36984f92b80e2d99cc96780fe89cd37f7fd652108d182620efbb1566fd?s=96&d=mm&r=g\",\"contentUrl\":\"https:\/\/secure.gravatar.com\/avatar\/3ded5a36984f92b80e2d99cc96780fe89cd37f7fd652108d182620efbb1566fd?s=96&d=mm&r=g\",\"caption\":\"admin\"},\"sameAs\":[\"http:\/\/galeriamiejska.pl\"],\"url\":\"https:\/\/galeriamiejska.pl\/en\/author\/admin\/\"}]}<\/script>\n<!-- \/ Yoast SEO plugin. -->","yoast_head_json":{"title":"ON ART Festiwal Kina i Sztuki - Galeria Miejska we Wroc\u0142awiu","robots":{"index":"index","follow":"follow","max-snippet":"max-snippet:-1","max-image-preview":"max-image-preview:large","max-video-preview":"max-video-preview:-1"},"canonical":"https:\/\/galeriamiejska.pl\/en\/on-art-festiwal-kina-i-sztuki\/","og_locale":"en_US","og_type":"article","og_title":"ON ART Festiwal Kina i Sztuki - Galeria Miejska we Wroc\u0142awiu","og_description":"Najwi\u0119kszy plenerowy festiwal filmowy w Centralnej Europie - pierwszy raz w Galerii Miejskiej!","og_url":"https:\/\/galeriamiejska.pl\/en\/on-art-festiwal-kina-i-sztuki\/","og_site_name":"Galeria Miejska we Wroc\u0142awiu","article_published_time":"2022-07-15T11:57:52+00:00","article_modified_time":"2022-08-06T15:56:01+00:00","og_image":[{"width":640,"height":340,"filesize":464487,"url":"https:\/\/galeriamiejska.pl\/wp-content\/uploads\/2022\/07\/ON-ART-film-festiwal-1.png","path":"\/autoinstalator\/wordpress\/wp-content\/uploads\/2022\/07\/ON-ART-film-festiwal-1.png","size":"full","id":5408,"alt":"","pixels":217600,"type":"image\/png"}],"twitter_card":"summary_large_image","twitter_misc":{"Written by":"admin","Est. reading time":"2 minutes"},"schema":{"@context":"https:\/\/schema.org","@graph":[{"@type":"WebSite","@id":"https:\/\/galeriamiejska.pl\/en\/#website","url":"https:\/\/galeriamiejska.pl\/en\/","name":"Galeria Miejska we Wroc\u0142awiu","description":"","potentialAction":[{"@type":"SearchAction","target":{"@type":"EntryPoint","urlTemplate":"https:\/\/galeriamiejska.pl\/en\/?s={search_term_string}"},"query-input":"required name=search_term_string"}],"inLanguage":""},{"@type":"ImageObject","@id":"https:\/\/galeriamiejska.pl\/en\/on-art-festiwal-kina-i-sztuki\/#primaryimage","inLanguage":"","url":"https:\/\/galeriamiejska.pl\/wp-content\/uploads\/2022\/07\/ON-ART-film-festiwal-1.png","contentUrl":"https:\/\/galeriamiejska.pl\/wp-content\/uploads\/2022\/07\/ON-ART-film-festiwal-1.png","width":640,"height":340},{"@type":"WebPage","@id":"https:\/\/galeriamiejska.pl\/en\/on-art-festiwal-kina-i-sztuki\/#webpage","url":"https:\/\/galeriamiejska.pl\/en\/on-art-festiwal-kina-i-sztuki\/","name":"ON ART Festiwal Kina i Sztuki - Galeria Miejska we Wroc\u0142awiu","isPartOf":{"@id":"https:\/\/galeriamiejska.pl\/en\/#website"},"primaryImageOfPage":{"@id":"https:\/\/galeriamiejska.pl\/en\/on-art-festiwal-kina-i-sztuki\/#primaryimage"},"datePublished":"2022-07-15T11:57:52+00:00","dateModified":"2022-08-06T15:56:01+00:00","author":{"@id":"https:\/\/galeriamiejska.pl\/en\/#\/schema\/person\/cd4f04b0a13c9114f95e23b489b6f9cb"},"breadcrumb":{"@id":"https:\/\/galeriamiejska.pl\/en\/on-art-festiwal-kina-i-sztuki\/#breadcrumb"},"inLanguage":"","potentialAction":[{"@type":"ReadAction","target":["https:\/\/galeriamiejska.pl\/en\/on-art-festiwal-kina-i-sztuki\/"]}]},{"@type":"BreadcrumbList","@id":"https:\/\/galeriamiejska.pl\/en\/on-art-festiwal-kina-i-sztuki\/#breadcrumb","itemListElement":[{"@type":"ListItem","position":1,"name":"Strona g\u0142\u00f3wna","item":"https:\/\/galeriamiejska.pl\/en\/"},{"@type":"ListItem","position":2,"name":"ON ART Festiwal Kina i Sztuki"}]},{"@type":"Person","@id":"https:\/\/galeriamiejska.pl\/en\/#\/schema\/person\/cd4f04b0a13c9114f95e23b489b6f9cb","name":"admin","image":{"@type":"ImageObject","@id":"https:\/\/galeriamiejska.pl\/en\/#personlogo","inLanguage":"","url":"https:\/\/secure.gravatar.com\/avatar\/3ded5a36984f92b80e2d99cc96780fe89cd37f7fd652108d182620efbb1566fd?s=96&d=mm&r=g","contentUrl":"https:\/\/secure.gravatar.com\/avatar\/3ded5a36984f92b80e2d99cc96780fe89cd37f7fd652108d182620efbb1566fd?s=96&d=mm&r=g","caption":"admin"},"sameAs":["http:\/\/galeriamiejska.pl"],"url":"https:\/\/galeriamiejska.pl\/en\/author\/admin\/"}]}},"_links":{"self":[{"href":"https:\/\/galeriamiejska.pl\/en\/wp-json\/wp\/v2\/posts\/5387","targetHints":{"allow":["GET"]}}],"collection":[{"href":"https:\/\/galeriamiejska.pl\/en\/wp-json\/wp\/v2\/posts"}],"about":[{"href":"https:\/\/galeriamiejska.pl\/en\/wp-json\/wp\/v2\/types\/post"}],"author":[{"embeddable":true,"href":"https:\/\/galeriamiejska.pl\/en\/wp-json\/wp\/v2\/users\/1"}],"replies":[{"embeddable":true,"href":"https:\/\/galeriamiejska.pl\/en\/wp-json\/wp\/v2\/comments?post=5387"}],"version-history":[{"count":18,"href":"https:\/\/galeriamiejska.pl\/en\/wp-json\/wp\/v2\/posts\/5387\/revisions"}],"predecessor-version":[{"id":5529,"href":"https:\/\/galeriamiejska.pl\/en\/wp-json\/wp\/v2\/posts\/5387\/revisions\/5529"}],"wp:featuredmedia":[{"embeddable":true,"href":"https:\/\/galeriamiejska.pl\/en\/wp-json\/wp\/v2\/media\/5408"}],"wp:attachment":[{"href":"https:\/\/galeriamiejska.pl\/en\/wp-json\/wp\/v2\/media?parent=5387"}],"wp:term":[{"taxonomy":"category","embeddable":true,"href":"https:\/\/galeriamiejska.pl\/en\/wp-json\/wp\/v2\/categories?post=5387"},{"taxonomy":"post_tag","embeddable":true,"href":"https:\/\/galeriamiejska.pl\/en\/wp-json\/wp\/v2\/tags?post=5387"}],"curies":[{"name":"wp","href":"https:\/\/api.w.org\/{rel}","templated":true}]}}