{"id":5336,"date":"2022-06-29T13:30:34","date_gmt":"2022-06-29T13:30:34","guid":{"rendered":"https:\/\/galeriamiejska.pl\/?p=5336"},"modified":"2022-08-01T11:01:30","modified_gmt":"2022-08-01T11:01:30","slug":"","status":"publish","type":"post","link":"https:\/\/galeriamiejska.pl\/en\/utsubora-pamiec-przestrzeni\/","title":{"rendered":"","raw":""},"content":{"rendered":"","protected":false,"raw":""},"excerpt":{"rendered":"","protected":false,"raw":""},"author":1,"featured_media":5337,"comment_status":"open","ping_status":"open","sticky":false,"template":"","format":"standard","meta":{"_pl_post_content":"<!-- wp:paragraph {\"fontSize\":\"medium\"} -->\n<p class=\"has-medium-font-size\"><strong>UWAGA: 14 lipca (czwartek) w godzinach 13:30 - 15:30 wystawa nieczynna dla zwiedzaj\u0105cych - OBRONA DYPLOMU Jacka Wasilewskiego<\/strong><\/p>\n<!-- \/wp:paragraph -->\n\n<!-- wp:paragraph -->\n<p>Wystawa dyplomowa Jacka Wasilewskiego to prezentowana w symbolach relacyjno\u015b\u0107 niesko\u0144czonej psychiki cz\u0142owieka ze sko\u0144czono\u015bci\u0105 granicy fizyczno\u015bci. Tre\u015bci metafizyczne i psychologiczne wyznaczane zostaj\u0105 w przedstawieniu wyciszonych krajobraz\u00f3w oraz znak\u00f3w, kt\u00f3re s\u0105 reprezentacj\u0105 rozproszonych poza cia\u0142o materialnymi procesami wewn\u0119trznymi.<\/p>\n<!-- \/wp:paragraph -->\n\n<!-- wp:paragraph -->\n<p>Dyplom sk\u0142ada si\u0119 z dw\u00f3ch cz\u0119\u015bci \u2013 malarskiej (17 obraz\u00f3w) oraz projekcji wideo.<\/p>\n<!-- \/wp:paragraph -->\n\n<!-- wp:paragraph -->\n<p>Cz\u0119\u015b\u0107 malarska: ,,Utsubora. Pami\u0119\u0107 przestrzeni\" - promotor dr hab. \u0141ukasz Huculak<\/p>\n<!-- \/wp:paragraph -->\n\n<!-- wp:paragraph -->\n<p><em>Utsubora<\/em> dos\u0142ownie oznacza pust\u0105 przestrze\u0144, niedos\u0142ownie \u2014 wci\u0105\u017c \u017cyw\u0105 nico\u015b\u0107. Jest wci\u0105\u017c trwaj\u0105c\u0105 obecno\u015bci\u0105 przesz\u0142o\u015bci.<\/p>\n<!-- \/wp:paragraph -->\n\n<!-- wp:paragraph -->\n<p><em>Pami\u0119\u0107 przestrzeni<\/em> jest obrazem \u015bwiadomo\u015bci i pami\u0119ci, kt\u00f3re swoim istnieniem przenikaj\u0105 fizyczne miejsca, przestrze\u0144, umys\u0142 i emocje. Splataj\u0105 wszystko dooko\u0142a okre\u015blaj\u0105c siebie na nowo.<\/p>\n<!-- \/wp:paragraph -->\n\n<!-- wp:paragraph -->\n<p>Cz\u0119\u015b\u0107 z pracowni medi\u00f3w elektronicznych: \"Miejsca, w kt\u00f3rych nie trzeba m\u00f3wi\u0107. Metaforyczne przedstawienie \u015bmierci\" -&nbsp; promotor prof. Wojciech Pukocz.<\/p>\n<!-- \/wp:paragraph -->\n\n<!-- wp:paragraph -->\n<p>Ekspozycja b\u0119dzie otwarta dla zwiedzaj\u0105cych od 9 do 16 lipca 2022.<\/p>\n<!-- \/wp:paragraph -->\n\n<!-- wp:columns -->\n<div class=\"wp-block-columns\"><!-- wp:column -->\n<div class=\"wp-block-column\"><!-- wp:gallery {\"linkTo\":\"none\"} -->\n<figure class=\"wp-block-gallery has-nested-images columns-default is-cropped\"><!-- wp:image {\"id\":5340,\"sizeSlug\":\"full\",\"linkDestination\":\"none\"} -->\n<figure class=\"wp-block-image size-full\"><img src=\"https:\/\/galeriamiejska.pl\/wp-content\/uploads\/2022\/06\/bez-tytuly-akryl-na-plotnie-50x40cm-scaled.jpg\" alt=\"\" class=\"wp-image-5340\"\/><figcaption>bez tytu\u0142y, akryl na p\u0142\u00f3tnie, 50x40cm<\/figcaption><\/figure>\n<!-- \/wp:image -->\n\n<!-- wp:image {\"id\":5339,\"sizeSlug\":\"full\",\"linkDestination\":\"none\"} -->\n<figure class=\"wp-block-image size-full\"><img src=\"https:\/\/galeriamiejska.pl\/wp-content\/uploads\/2022\/06\/brzeg-olej-na-plotnie-200x150cm-2021.jpg\" alt=\"\" class=\"wp-image-5339\"\/><figcaption>brzeg, olej na p\u0142\u00f3tnie, 200x150cm, 2021<\/figcaption><\/figure>\n<!-- \/wp:image -->\n\n<!-- wp:image {\"id\":5341,\"sizeSlug\":\"full\",\"linkDestination\":\"none\"} -->\n<figure class=\"wp-block-image size-full\"><img src=\"https:\/\/galeriamiejska.pl\/wp-content\/uploads\/2022\/06\/Slepowidzenie-akryl-na-plotnie-180x130cm-2021-scaled.jpg\" alt=\"\" class=\"wp-image-5341\"\/><figcaption>\u015alepowidzenie, akryl na p\u0142\u00f3tnie, 180x130cm, 2021<\/figcaption><\/figure>\n<!-- \/wp:image -->\n\n<!-- wp:image {\"id\":5342,\"sizeSlug\":\"full\",\"linkDestination\":\"none\"} -->\n<figure class=\"wp-block-image size-full\"><img src=\"https:\/\/galeriamiejska.pl\/wp-content\/uploads\/2022\/06\/Utsubora-akryl-na-plotnie-300x500cm-2022-scaled.jpg\" alt=\"\" class=\"wp-image-5342\"\/><figcaption>Utsubora, akryl na p\u0142\u00f3tnie, 300x500cm, 2022<\/figcaption><\/figure>\n<!-- \/wp:image --><\/figure>\n<!-- \/wp:gallery --><\/div>\n<!-- \/wp:column --><\/div>\n<!-- \/wp:columns -->\n\n<!-- wp:paragraph -->\n<p><\/p>\n<!-- \/wp:paragraph -->","_pl_post_name":"utsubora-pamiec-przestrzeni","_pl_post_excerpt":"wystawa dyplomowa Jacka Wasilewskiego","_pl_post_title":"UTSUBORA\/ PAMI\u0118\u0106 PRZESTRZENI","_en_post_content":"","_en_post_name":"","_en_post_excerpt":"","_en_post_title":"","edit_language":"en","footnotes":""},"categories":[10,8],"tags":[99,97,98,55,100,26],"class_list":["post-5336","post","type-post","status-publish","format-standard","has-post-thumbnail","hentry","category-archiwalne-wydarzenia","category-wydarzenia","tag-asp","tag-dyplom","tag-jacek-wasilewski","tag-malarstwo","tag-utsubora","tag-wystawa"],"yoast_head":"<!-- This site is optimized with the Yoast SEO plugin v16.8 - https:\/\/yoast.com\/wordpress\/plugins\/seo\/ -->\n<title>UTSUBORA\/ PAMI\u0118\u0106 PRZESTRZENI - Galeria Miejska we Wroc\u0142awiu<\/title>\n<meta name=\"robots\" content=\"index, follow, max-snippet:-1, max-image-preview:large, max-video-preview:-1\" \/>\n<link rel=\"canonical\" href=\"https:\/\/galeriamiejska.pl\/en\/utsubora-pamiec-przestrzeni\/\" \/>\n<meta property=\"og:locale\" content=\"en_US\" \/>\n<meta property=\"og:type\" content=\"article\" \/>\n<meta property=\"og:title\" content=\"UTSUBORA\/ PAMI\u0118\u0106 PRZESTRZENI - Galeria Miejska we Wroc\u0142awiu\" \/>\n<meta property=\"og:description\" content=\"wystawa dyplomowa Jacka Wasilewskiego\" \/>\n<meta property=\"og:url\" content=\"https:\/\/galeriamiejska.pl\/en\/utsubora-pamiec-przestrzeni\/\" \/>\n<meta property=\"og:site_name\" content=\"Galeria Miejska we Wroc\u0142awiu\" \/>\n<meta property=\"article:published_time\" content=\"2022-06-29T13:30:34+00:00\" \/>\n<meta property=\"article:modified_time\" content=\"2022-08-01T11:01:30+00:00\" \/>\n<meta property=\"og:image\" content=\"https:\/\/galeriamiejska.pl\/wp-content\/uploads\/2022\/06\/Projekt-bez-tytulu.png\" \/>\n\t<meta property=\"og:image:width\" content=\"640\" \/>\n\t<meta property=\"og:image:height\" content=\"340\" \/>\n<meta name=\"twitter:card\" content=\"summary_large_image\" \/>\n<meta name=\"twitter:label1\" content=\"Written by\" \/>\n\t<meta name=\"twitter:data1\" content=\"admin\" \/>\n\t<meta name=\"twitter:label2\" content=\"Est. reading time\" \/>\n\t<meta name=\"twitter:data2\" content=\"2 minutes\" \/>\n<script type=\"application\/ld+json\" class=\"yoast-schema-graph\">{\"@context\":\"https:\/\/schema.org\",\"@graph\":[{\"@type\":\"WebSite\",\"@id\":\"https:\/\/galeriamiejska.pl\/en\/#website\",\"url\":\"https:\/\/galeriamiejska.pl\/en\/\",\"name\":\"Galeria Miejska we Wroc\\u0142awiu\",\"description\":\"\",\"potentialAction\":[{\"@type\":\"SearchAction\",\"target\":{\"@type\":\"EntryPoint\",\"urlTemplate\":\"https:\/\/galeriamiejska.pl\/en\/?s={search_term_string}\"},\"query-input\":\"required name=search_term_string\"}],\"inLanguage\":\"\"},{\"@type\":\"ImageObject\",\"@id\":\"https:\/\/galeriamiejska.pl\/en\/utsubora-pamiec-przestrzeni\/#primaryimage\",\"inLanguage\":\"\",\"url\":\"https:\/\/galeriamiejska.pl\/wp-content\/uploads\/2022\/06\/Projekt-bez-tytulu.png\",\"contentUrl\":\"https:\/\/galeriamiejska.pl\/wp-content\/uploads\/2022\/06\/Projekt-bez-tytulu.png\",\"width\":640,\"height\":340},{\"@type\":\"WebPage\",\"@id\":\"https:\/\/galeriamiejska.pl\/en\/utsubora-pamiec-przestrzeni\/#webpage\",\"url\":\"https:\/\/galeriamiejska.pl\/en\/utsubora-pamiec-przestrzeni\/\",\"name\":\"UTSUBORA\/ PAMI\\u0118\\u0106 PRZESTRZENI - Galeria Miejska we Wroc\\u0142awiu\",\"isPartOf\":{\"@id\":\"https:\/\/galeriamiejska.pl\/en\/#website\"},\"primaryImageOfPage\":{\"@id\":\"https:\/\/galeriamiejska.pl\/en\/utsubora-pamiec-przestrzeni\/#primaryimage\"},\"datePublished\":\"2022-06-29T13:30:34+00:00\",\"dateModified\":\"2022-08-01T11:01:30+00:00\",\"author\":{\"@id\":\"https:\/\/galeriamiejska.pl\/en\/#\/schema\/person\/cd4f04b0a13c9114f95e23b489b6f9cb\"},\"breadcrumb\":{\"@id\":\"https:\/\/galeriamiejska.pl\/en\/utsubora-pamiec-przestrzeni\/#breadcrumb\"},\"inLanguage\":\"\",\"potentialAction\":[{\"@type\":\"ReadAction\",\"target\":[\"https:\/\/galeriamiejska.pl\/en\/utsubora-pamiec-przestrzeni\/\"]}]},{\"@type\":\"BreadcrumbList\",\"@id\":\"https:\/\/galeriamiejska.pl\/en\/utsubora-pamiec-przestrzeni\/#breadcrumb\",\"itemListElement\":[{\"@type\":\"ListItem\",\"position\":1,\"name\":\"Strona g\\u0142\\u00f3wna\",\"item\":\"https:\/\/galeriamiejska.pl\/en\/\"},{\"@type\":\"ListItem\",\"position\":2,\"name\":\"UTSUBORA\/ PAMI\\u0118\\u0106 PRZESTRZENI\"}]},{\"@type\":\"Person\",\"@id\":\"https:\/\/galeriamiejska.pl\/en\/#\/schema\/person\/cd4f04b0a13c9114f95e23b489b6f9cb\",\"name\":\"admin\",\"image\":{\"@type\":\"ImageObject\",\"@id\":\"https:\/\/galeriamiejska.pl\/en\/#personlogo\",\"inLanguage\":\"\",\"url\":\"https:\/\/secure.gravatar.com\/avatar\/3ded5a36984f92b80e2d99cc96780fe89cd37f7fd652108d182620efbb1566fd?s=96&d=mm&r=g\",\"contentUrl\":\"https:\/\/secure.gravatar.com\/avatar\/3ded5a36984f92b80e2d99cc96780fe89cd37f7fd652108d182620efbb1566fd?s=96&d=mm&r=g\",\"caption\":\"admin\"},\"sameAs\":[\"http:\/\/galeriamiejska.pl\"],\"url\":\"https:\/\/galeriamiejska.pl\/en\/author\/admin\/\"}]}<\/script>\n<!-- \/ Yoast SEO plugin. -->","yoast_head_json":{"title":"UTSUBORA\/ PAMI\u0118\u0106 PRZESTRZENI - Galeria Miejska we Wroc\u0142awiu","robots":{"index":"index","follow":"follow","max-snippet":"max-snippet:-1","max-image-preview":"max-image-preview:large","max-video-preview":"max-video-preview:-1"},"canonical":"https:\/\/galeriamiejska.pl\/en\/utsubora-pamiec-przestrzeni\/","og_locale":"en_US","og_type":"article","og_title":"UTSUBORA\/ PAMI\u0118\u0106 PRZESTRZENI - Galeria Miejska we Wroc\u0142awiu","og_description":"wystawa dyplomowa Jacka Wasilewskiego","og_url":"https:\/\/galeriamiejska.pl\/en\/utsubora-pamiec-przestrzeni\/","og_site_name":"Galeria Miejska we Wroc\u0142awiu","article_published_time":"2022-06-29T13:30:34+00:00","article_modified_time":"2022-08-01T11:01:30+00:00","og_image":[{"width":640,"height":340,"filesize":208272,"url":"https:\/\/galeriamiejska.pl\/wp-content\/uploads\/2022\/06\/Projekt-bez-tytulu.png","path":"\/autoinstalator\/wordpress\/wp-content\/uploads\/2022\/06\/Projekt-bez-tytulu.png","size":"full","id":5337,"alt":"","pixels":217600,"type":"image\/png"}],"twitter_card":"summary_large_image","twitter_misc":{"Written by":"admin","Est. reading time":"2 minutes"},"schema":{"@context":"https:\/\/schema.org","@graph":[{"@type":"WebSite","@id":"https:\/\/galeriamiejska.pl\/en\/#website","url":"https:\/\/galeriamiejska.pl\/en\/","name":"Galeria Miejska we Wroc\u0142awiu","description":"","potentialAction":[{"@type":"SearchAction","target":{"@type":"EntryPoint","urlTemplate":"https:\/\/galeriamiejska.pl\/en\/?s={search_term_string}"},"query-input":"required name=search_term_string"}],"inLanguage":""},{"@type":"ImageObject","@id":"https:\/\/galeriamiejska.pl\/en\/utsubora-pamiec-przestrzeni\/#primaryimage","inLanguage":"","url":"https:\/\/galeriamiejska.pl\/wp-content\/uploads\/2022\/06\/Projekt-bez-tytulu.png","contentUrl":"https:\/\/galeriamiejska.pl\/wp-content\/uploads\/2022\/06\/Projekt-bez-tytulu.png","width":640,"height":340},{"@type":"WebPage","@id":"https:\/\/galeriamiejska.pl\/en\/utsubora-pamiec-przestrzeni\/#webpage","url":"https:\/\/galeriamiejska.pl\/en\/utsubora-pamiec-przestrzeni\/","name":"UTSUBORA\/ PAMI\u0118\u0106 PRZESTRZENI - Galeria Miejska we Wroc\u0142awiu","isPartOf":{"@id":"https:\/\/galeriamiejska.pl\/en\/#website"},"primaryImageOfPage":{"@id":"https:\/\/galeriamiejska.pl\/en\/utsubora-pamiec-przestrzeni\/#primaryimage"},"datePublished":"2022-06-29T13:30:34+00:00","dateModified":"2022-08-01T11:01:30+00:00","author":{"@id":"https:\/\/galeriamiejska.pl\/en\/#\/schema\/person\/cd4f04b0a13c9114f95e23b489b6f9cb"},"breadcrumb":{"@id":"https:\/\/galeriamiejska.pl\/en\/utsubora-pamiec-przestrzeni\/#breadcrumb"},"inLanguage":"","potentialAction":[{"@type":"ReadAction","target":["https:\/\/galeriamiejska.pl\/en\/utsubora-pamiec-przestrzeni\/"]}]},{"@type":"BreadcrumbList","@id":"https:\/\/galeriamiejska.pl\/en\/utsubora-pamiec-przestrzeni\/#breadcrumb","itemListElement":[{"@type":"ListItem","position":1,"name":"Strona g\u0142\u00f3wna","item":"https:\/\/galeriamiejska.pl\/en\/"},{"@type":"ListItem","position":2,"name":"UTSUBORA\/ PAMI\u0118\u0106 PRZESTRZENI"}]},{"@type":"Person","@id":"https:\/\/galeriamiejska.pl\/en\/#\/schema\/person\/cd4f04b0a13c9114f95e23b489b6f9cb","name":"admin","image":{"@type":"ImageObject","@id":"https:\/\/galeriamiejska.pl\/en\/#personlogo","inLanguage":"","url":"https:\/\/secure.gravatar.com\/avatar\/3ded5a36984f92b80e2d99cc96780fe89cd37f7fd652108d182620efbb1566fd?s=96&d=mm&r=g","contentUrl":"https:\/\/secure.gravatar.com\/avatar\/3ded5a36984f92b80e2d99cc96780fe89cd37f7fd652108d182620efbb1566fd?s=96&d=mm&r=g","caption":"admin"},"sameAs":["http:\/\/galeriamiejska.pl"],"url":"https:\/\/galeriamiejska.pl\/en\/author\/admin\/"}]}},"_links":{"self":[{"href":"https:\/\/galeriamiejska.pl\/en\/wp-json\/wp\/v2\/posts\/5336","targetHints":{"allow":["GET"]}}],"collection":[{"href":"https:\/\/galeriamiejska.pl\/en\/wp-json\/wp\/v2\/posts"}],"about":[{"href":"https:\/\/galeriamiejska.pl\/en\/wp-json\/wp\/v2\/types\/post"}],"author":[{"embeddable":true,"href":"https:\/\/galeriamiejska.pl\/en\/wp-json\/wp\/v2\/users\/1"}],"replies":[{"embeddable":true,"href":"https:\/\/galeriamiejska.pl\/en\/wp-json\/wp\/v2\/comments?post=5336"}],"version-history":[{"count":5,"href":"https:\/\/galeriamiejska.pl\/en\/wp-json\/wp\/v2\/posts\/5336\/revisions"}],"predecessor-version":[{"id":5433,"href":"https:\/\/galeriamiejska.pl\/en\/wp-json\/wp\/v2\/posts\/5336\/revisions\/5433"}],"wp:featuredmedia":[{"embeddable":true,"href":"https:\/\/galeriamiejska.pl\/en\/wp-json\/wp\/v2\/media\/5337"}],"wp:attachment":[{"href":"https:\/\/galeriamiejska.pl\/en\/wp-json\/wp\/v2\/media?parent=5336"}],"wp:term":[{"taxonomy":"category","embeddable":true,"href":"https:\/\/galeriamiejska.pl\/en\/wp-json\/wp\/v2\/categories?post=5336"},{"taxonomy":"post_tag","embeddable":true,"href":"https:\/\/galeriamiejska.pl\/en\/wp-json\/wp\/v2\/tags?post=5336"}],"curies":[{"name":"wp","href":"https:\/\/api.w.org\/{rel}","templated":true}]}}