{"id":5240,"date":"2022-05-10T13:17:59","date_gmt":"2022-05-10T13:17:59","guid":{"rendered":"https:\/\/galeriamiejska.pl\/?p=5240"},"modified":"2022-05-20T21:08:45","modified_gmt":"2022-05-20T21:08:45","slug":"","status":"publish","type":"post","link":"https:\/\/galeriamiejska.pl\/en\/noc-muzeow-oprowadzanie-finisaz\/","title":{"rendered":"","raw":""},"content":{"rendered":"","protected":false,"raw":""},"excerpt":{"rendered":"","protected":false,"raw":""},"author":1,"featured_media":5243,"comment_status":"open","ping_status":"open","sticky":false,"template":"","format":"standard","meta":{"_pl_post_content":"<!-- wp:paragraph -->\n<p>Serdecznie zapraszamy na wydarzenia towarzysz\u0105ce wystawie Jakub Gli\u0144ski\/ MEMORY REMOVAL!<\/p>\n<!-- \/wp:paragraph -->\n\n<!-- wp:paragraph -->\n<p><strong>Ju\u017c 14 maja (sobota), powracaj\u0105ca po pandemicznej przerwie NOC MUZE\u00d3W<\/strong> <strong>2022<\/strong>.<br>W ramach wydarzenia zach\u0119camy do zwiedzania Galerii Miejskiej we Wroc\u0142awiu w godzinach 17:00 - 23:00. Na wystawie MEMORY REMOVAL b\u0119d\u0105 czeka\u0107 niespodzianki - \u0142amig\u0142\u00f3wki i zagadki dla ma\u0142ych i du\u017cych mi\u0142o\u015bnik\u00f3w sztuki oraz akcesoria i wydawnictwa w obni\u017conych cenach. <br><br><strong>W dniu 18 maja (\u015broda) o godzinie 18:00 proponujemy oprowadzanie po wystawie z Jakubem Gli\u0144skim!<\/strong> <br>Artysta opowie o swoich inspiracjach, technice pracy, i zapewne podzieli si\u0119 nie jedn\u0105 ciekaw\u0105 anegdot\u0105. <br>Prosimy o zapisy mailowe pod adresem biuro@galeriamiejska.pl. <br><br><strong>Natomiast 19 maja (czwartek) o godzinie 18:00 zapraszamy na finisa\u017c i premier\u0119 katalogu!<\/strong><br>Zapraszamy na spotkanie przy winie, rozmowy z artyst\u0105 i kuratork\u0105 oraz lektur\u0119 wydawnictwa towarzysz\u0105cego ekspozycji! Dodatkowo, w ramach wydarzenia odb\u0119dzie performance - autor wystawy usunie namalowane na \u015bcianach galerii murale. Wst\u0119p wolny!<\/p>\n<!-- \/wp:paragraph -->","_pl_post_name":"noc-muzeow-oprowadzanie-finisaz","_pl_post_excerpt":"Serdecznie zapraszamy na wydarzenia towarzysz\u0105ce wystawie Jakub Gli\u0144ski\/ MEMORY REMOVAL!","_pl_post_title":"Noc Muze\u00f3w 2022\/ Oprowadzanie\/ Finisa\u017c","_en_post_content":"","_en_post_name":"","_en_post_excerpt":"","_en_post_title":"","edit_language":"en","footnotes":""},"categories":[10,8],"tags":[87,31,78,86,74,26],"class_list":["post-5240","post","type-post","status-publish","format-standard","has-post-thumbnail","hentry","category-archiwalne-wydarzenia","category-wydarzenia","tag-finisaz","tag-galeria-miejska-we-wroclawiu","tag-memory-removal","tag-noc-muzeow","tag-oprowadzanie","tag-wystawa"],"yoast_head":"<!-- This site is optimized with the Yoast SEO plugin v16.8 - https:\/\/yoast.com\/wordpress\/plugins\/seo\/ -->\n<title>Noc Muze\u00f3w 2022\/ Oprowadzanie\/ Finisa\u017c - Galeria Miejska we Wroc\u0142awiu<\/title>\n<meta name=\"robots\" content=\"index, follow, max-snippet:-1, max-image-preview:large, max-video-preview:-1\" \/>\n<link rel=\"canonical\" href=\"https:\/\/galeriamiejska.pl\/en\/noc-muzeow-oprowadzanie-finisaz\/\" \/>\n<meta property=\"og:locale\" content=\"en_US\" \/>\n<meta property=\"og:type\" content=\"article\" \/>\n<meta property=\"og:title\" content=\"Noc Muze\u00f3w 2022\/ Oprowadzanie\/ Finisa\u017c - Galeria Miejska we Wroc\u0142awiu\" \/>\n<meta property=\"og:description\" content=\"Serdecznie zapraszamy na wydarzenia towarzysz\u0105ce wystawie Jakub Gli\u0144ski\/ MEMORY REMOVAL!\" \/>\n<meta property=\"og:url\" content=\"https:\/\/galeriamiejska.pl\/en\/noc-muzeow-oprowadzanie-finisaz\/\" \/>\n<meta property=\"og:site_name\" content=\"Galeria Miejska we Wroc\u0142awiu\" \/>\n<meta property=\"article:published_time\" content=\"2022-05-10T13:17:59+00:00\" \/>\n<meta property=\"article:modified_time\" content=\"2022-05-20T21:08:45+00:00\" \/>\n<meta property=\"og:image\" content=\"https:\/\/galeriamiejska.pl\/wp-content\/uploads\/2022\/05\/JG_640x340_v3.jpg\" \/>\n\t<meta property=\"og:image:width\" content=\"640\" \/>\n\t<meta property=\"og:image:height\" content=\"340\" \/>\n<meta name=\"twitter:card\" content=\"summary_large_image\" \/>\n<meta name=\"twitter:label1\" content=\"Written by\" \/>\n\t<meta name=\"twitter:data1\" content=\"admin\" \/>\n\t<meta name=\"twitter:label2\" content=\"Est. reading time\" \/>\n\t<meta name=\"twitter:data2\" content=\"1 minute\" \/>\n<script type=\"application\/ld+json\" class=\"yoast-schema-graph\">{\"@context\":\"https:\/\/schema.org\",\"@graph\":[{\"@type\":\"WebSite\",\"@id\":\"https:\/\/galeriamiejska.pl\/en\/#website\",\"url\":\"https:\/\/galeriamiejska.pl\/en\/\",\"name\":\"Galeria Miejska we Wroc\\u0142awiu\",\"description\":\"\",\"potentialAction\":[{\"@type\":\"SearchAction\",\"target\":{\"@type\":\"EntryPoint\",\"urlTemplate\":\"https:\/\/galeriamiejska.pl\/en\/?s={search_term_string}\"},\"query-input\":\"required name=search_term_string\"}],\"inLanguage\":\"\"},{\"@type\":\"ImageObject\",\"@id\":\"https:\/\/galeriamiejska.pl\/en\/noc-muzeow-oprowadzanie-finisaz\/#primaryimage\",\"inLanguage\":\"\",\"url\":\"https:\/\/galeriamiejska.pl\/wp-content\/uploads\/2022\/05\/JG_640x340_v3.jpg\",\"contentUrl\":\"https:\/\/galeriamiejska.pl\/wp-content\/uploads\/2022\/05\/JG_640x340_v3.jpg\",\"width\":640,\"height\":340,\"caption\":\"wydarzenia towarzysz\\u0105ce wystawie MEMORY REMOVAL\"},{\"@type\":\"WebPage\",\"@id\":\"https:\/\/galeriamiejska.pl\/en\/noc-muzeow-oprowadzanie-finisaz\/#webpage\",\"url\":\"https:\/\/galeriamiejska.pl\/en\/noc-muzeow-oprowadzanie-finisaz\/\",\"name\":\"Noc Muze\\u00f3w 2022\/ Oprowadzanie\/ Finisa\\u017c - Galeria Miejska we Wroc\\u0142awiu\",\"isPartOf\":{\"@id\":\"https:\/\/galeriamiejska.pl\/en\/#website\"},\"primaryImageOfPage\":{\"@id\":\"https:\/\/galeriamiejska.pl\/en\/noc-muzeow-oprowadzanie-finisaz\/#primaryimage\"},\"datePublished\":\"2022-05-10T13:17:59+00:00\",\"dateModified\":\"2022-05-20T21:08:45+00:00\",\"author\":{\"@id\":\"https:\/\/galeriamiejska.pl\/en\/#\/schema\/person\/cd4f04b0a13c9114f95e23b489b6f9cb\"},\"breadcrumb\":{\"@id\":\"https:\/\/galeriamiejska.pl\/en\/noc-muzeow-oprowadzanie-finisaz\/#breadcrumb\"},\"inLanguage\":\"\",\"potentialAction\":[{\"@type\":\"ReadAction\",\"target\":[\"https:\/\/galeriamiejska.pl\/en\/noc-muzeow-oprowadzanie-finisaz\/\"]}]},{\"@type\":\"BreadcrumbList\",\"@id\":\"https:\/\/galeriamiejska.pl\/en\/noc-muzeow-oprowadzanie-finisaz\/#breadcrumb\",\"itemListElement\":[{\"@type\":\"ListItem\",\"position\":1,\"name\":\"Strona g\\u0142\\u00f3wna\",\"item\":\"https:\/\/galeriamiejska.pl\/en\/\"},{\"@type\":\"ListItem\",\"position\":2,\"name\":\"Noc Muze\\u00f3w 2022\/ Oprowadzanie\/ Finisa\\u017c\"}]},{\"@type\":\"Person\",\"@id\":\"https:\/\/galeriamiejska.pl\/en\/#\/schema\/person\/cd4f04b0a13c9114f95e23b489b6f9cb\",\"name\":\"admin\",\"image\":{\"@type\":\"ImageObject\",\"@id\":\"https:\/\/galeriamiejska.pl\/en\/#personlogo\",\"inLanguage\":\"\",\"url\":\"https:\/\/secure.gravatar.com\/avatar\/3ded5a36984f92b80e2d99cc96780fe89cd37f7fd652108d182620efbb1566fd?s=96&d=mm&r=g\",\"contentUrl\":\"https:\/\/secure.gravatar.com\/avatar\/3ded5a36984f92b80e2d99cc96780fe89cd37f7fd652108d182620efbb1566fd?s=96&d=mm&r=g\",\"caption\":\"admin\"},\"sameAs\":[\"http:\/\/galeriamiejska.pl\"],\"url\":\"https:\/\/galeriamiejska.pl\/en\/author\/admin\/\"}]}<\/script>\n<!-- \/ Yoast SEO plugin. -->","yoast_head_json":{"title":"Noc Muze\u00f3w 2022\/ Oprowadzanie\/ Finisa\u017c - Galeria Miejska we Wroc\u0142awiu","robots":{"index":"index","follow":"follow","max-snippet":"max-snippet:-1","max-image-preview":"max-image-preview:large","max-video-preview":"max-video-preview:-1"},"canonical":"https:\/\/galeriamiejska.pl\/en\/noc-muzeow-oprowadzanie-finisaz\/","og_locale":"en_US","og_type":"article","og_title":"Noc Muze\u00f3w 2022\/ Oprowadzanie\/ Finisa\u017c - Galeria Miejska we Wroc\u0142awiu","og_description":"Serdecznie zapraszamy na wydarzenia towarzysz\u0105ce wystawie Jakub Gli\u0144ski\/ MEMORY REMOVAL!","og_url":"https:\/\/galeriamiejska.pl\/en\/noc-muzeow-oprowadzanie-finisaz\/","og_site_name":"Galeria Miejska we Wroc\u0142awiu","article_published_time":"2022-05-10T13:17:59+00:00","article_modified_time":"2022-05-20T21:08:45+00:00","og_image":[{"width":640,"height":340,"url":"https:\/\/galeriamiejska.pl\/wp-content\/uploads\/2022\/05\/JG_640x340_v3.jpg","path":"\/autoinstalator\/wordpress\/wp-content\/uploads\/2022\/05\/JG_640x340_v3.jpg","size":"full","id":5243,"alt":"","pixels":217600,"type":"image\/jpeg"}],"twitter_card":"summary_large_image","twitter_misc":{"Written by":"admin","Est. reading time":"1 minute"},"schema":{"@context":"https:\/\/schema.org","@graph":[{"@type":"WebSite","@id":"https:\/\/galeriamiejska.pl\/en\/#website","url":"https:\/\/galeriamiejska.pl\/en\/","name":"Galeria Miejska we Wroc\u0142awiu","description":"","potentialAction":[{"@type":"SearchAction","target":{"@type":"EntryPoint","urlTemplate":"https:\/\/galeriamiejska.pl\/en\/?s={search_term_string}"},"query-input":"required name=search_term_string"}],"inLanguage":""},{"@type":"ImageObject","@id":"https:\/\/galeriamiejska.pl\/en\/noc-muzeow-oprowadzanie-finisaz\/#primaryimage","inLanguage":"","url":"https:\/\/galeriamiejska.pl\/wp-content\/uploads\/2022\/05\/JG_640x340_v3.jpg","contentUrl":"https:\/\/galeriamiejska.pl\/wp-content\/uploads\/2022\/05\/JG_640x340_v3.jpg","width":640,"height":340,"caption":"wydarzenia towarzysz\u0105ce wystawie MEMORY REMOVAL"},{"@type":"WebPage","@id":"https:\/\/galeriamiejska.pl\/en\/noc-muzeow-oprowadzanie-finisaz\/#webpage","url":"https:\/\/galeriamiejska.pl\/en\/noc-muzeow-oprowadzanie-finisaz\/","name":"Noc Muze\u00f3w 2022\/ Oprowadzanie\/ Finisa\u017c - Galeria Miejska we Wroc\u0142awiu","isPartOf":{"@id":"https:\/\/galeriamiejska.pl\/en\/#website"},"primaryImageOfPage":{"@id":"https:\/\/galeriamiejska.pl\/en\/noc-muzeow-oprowadzanie-finisaz\/#primaryimage"},"datePublished":"2022-05-10T13:17:59+00:00","dateModified":"2022-05-20T21:08:45+00:00","author":{"@id":"https:\/\/galeriamiejska.pl\/en\/#\/schema\/person\/cd4f04b0a13c9114f95e23b489b6f9cb"},"breadcrumb":{"@id":"https:\/\/galeriamiejska.pl\/en\/noc-muzeow-oprowadzanie-finisaz\/#breadcrumb"},"inLanguage":"","potentialAction":[{"@type":"ReadAction","target":["https:\/\/galeriamiejska.pl\/en\/noc-muzeow-oprowadzanie-finisaz\/"]}]},{"@type":"BreadcrumbList","@id":"https:\/\/galeriamiejska.pl\/en\/noc-muzeow-oprowadzanie-finisaz\/#breadcrumb","itemListElement":[{"@type":"ListItem","position":1,"name":"Strona g\u0142\u00f3wna","item":"https:\/\/galeriamiejska.pl\/en\/"},{"@type":"ListItem","position":2,"name":"Noc Muze\u00f3w 2022\/ Oprowadzanie\/ Finisa\u017c"}]},{"@type":"Person","@id":"https:\/\/galeriamiejska.pl\/en\/#\/schema\/person\/cd4f04b0a13c9114f95e23b489b6f9cb","name":"admin","image":{"@type":"ImageObject","@id":"https:\/\/galeriamiejska.pl\/en\/#personlogo","inLanguage":"","url":"https:\/\/secure.gravatar.com\/avatar\/3ded5a36984f92b80e2d99cc96780fe89cd37f7fd652108d182620efbb1566fd?s=96&d=mm&r=g","contentUrl":"https:\/\/secure.gravatar.com\/avatar\/3ded5a36984f92b80e2d99cc96780fe89cd37f7fd652108d182620efbb1566fd?s=96&d=mm&r=g","caption":"admin"},"sameAs":["http:\/\/galeriamiejska.pl"],"url":"https:\/\/galeriamiejska.pl\/en\/author\/admin\/"}]}},"_links":{"self":[{"href":"https:\/\/galeriamiejska.pl\/en\/wp-json\/wp\/v2\/posts\/5240","targetHints":{"allow":["GET"]}}],"collection":[{"href":"https:\/\/galeriamiejska.pl\/en\/wp-json\/wp\/v2\/posts"}],"about":[{"href":"https:\/\/galeriamiejska.pl\/en\/wp-json\/wp\/v2\/types\/post"}],"author":[{"embeddable":true,"href":"https:\/\/galeriamiejska.pl\/en\/wp-json\/wp\/v2\/users\/1"}],"replies":[{"embeddable":true,"href":"https:\/\/galeriamiejska.pl\/en\/wp-json\/wp\/v2\/comments?post=5240"}],"version-history":[{"count":10,"href":"https:\/\/galeriamiejska.pl\/en\/wp-json\/wp\/v2\/posts\/5240\/revisions"}],"predecessor-version":[{"id":5267,"href":"https:\/\/galeriamiejska.pl\/en\/wp-json\/wp\/v2\/posts\/5240\/revisions\/5267"}],"wp:featuredmedia":[{"embeddable":true,"href":"https:\/\/galeriamiejska.pl\/en\/wp-json\/wp\/v2\/media\/5243"}],"wp:attachment":[{"href":"https:\/\/galeriamiejska.pl\/en\/wp-json\/wp\/v2\/media?parent=5240"}],"wp:term":[{"taxonomy":"category","embeddable":true,"href":"https:\/\/galeriamiejska.pl\/en\/wp-json\/wp\/v2\/categories?post=5240"},{"taxonomy":"post_tag","embeddable":true,"href":"https:\/\/galeriamiejska.pl\/en\/wp-json\/wp\/v2\/tags?post=5240"}],"curies":[{"name":"wp","href":"https:\/\/api.w.org\/{rel}","templated":true}]}}