{"id":5145,"date":"2022-03-23T10:57:58","date_gmt":"2022-03-23T10:57:58","guid":{"rendered":"https:\/\/galeriamiejska.pl\/?p=5145"},"modified":"2022-04-08T12:57:50","modified_gmt":"2022-04-08T12:57:50","slug":"","status":"publish","type":"post","link":"https:\/\/galeriamiejska.pl\/en\/oprowadzanie-po-wystawie-kryzys-twarzy\/","title":{"rendered":"","raw":""},"content":{"rendered":"","protected":false,"raw":""},"excerpt":{"rendered":"","protected":false,"raw":""},"author":1,"featured_media":5146,"comment_status":"open","ping_status":"open","sticky":false,"template":"","format":"standard","meta":{"_pl_post_content":"<!-- wp:paragraph -->\n<p>Ciekawi ci\u0119 dlaczego twarz jest w kryzysie? Sk\u0105d deformacje na obrazach? Jak j\u0119zyk czy oczy sta\u0142y si\u0119 portretem? Niebawem wszystkiego si\u0119 dowiesz!<\/p>\n<!-- \/wp:paragraph -->\n\n<!-- wp:paragraph -->\n<p>Kuratorka wystawy Katarzyna Zahorska i artystka Justyna J\u0119drzejowska serdecznie zapraszaj\u0105 na oprowadzanie po wystawie KRYZYS TWRAZY!<\/p>\n<!-- \/wp:paragraph -->\n\n<!-- wp:paragraph -->\n<p>Wydarzenie odb\u0119dzie si\u0119 1 kwietnia (pi\u0105tek) o godzinie 17:00!<\/p>\n<!-- \/wp:paragraph -->\n\n<!-- wp:paragraph -->\n<p>Wst\u0119p na wydarzenie jest bezp\u0142atny, lecz prosimy o zapisy mailowe lub telefoniczne - biuro@galeriamiejska.pl \/ tel. 71 344 67 20.<\/p>\n<!-- \/wp:paragraph -->\n\n<!-- wp:paragraph -->\n<p>Do zobaczenia w Galerii Miejskiej!<\/p>\n<!-- \/wp:paragraph -->","_pl_post_name":"oprowadzanie-po-wystawie-kryzys-twarzy","_pl_post_excerpt":"zwiedzanie ekspozycji z kuratork\u0105 Katarzyn\u0105 Zahorsk\u0105 i artystk\u0105 Justyn\u0105 J\u0119drzejowsk\u0105","_pl_post_title":"Oprowadzanie KRYZYS TWARZY","_en_post_content":"","_en_post_name":"","_en_post_excerpt":"","_en_post_title":"","edit_language":"en","footnotes":""},"categories":[10,8],"tags":[75,62,74,76,26],"class_list":["post-5145","post","type-post","status-publish","format-standard","has-post-thumbnail","hentry","category-archiwalne-wydarzenia","category-wydarzenia","tag-galeria-miejska","tag-kryzys-twarzy","tag-oprowadzanie","tag-wydarzenia","tag-wystawa"],"yoast_head":"<!-- This site is optimized with the Yoast SEO plugin v16.8 - https:\/\/yoast.com\/wordpress\/plugins\/seo\/ -->\n<title>Oprowadzanie KRYZYS TWARZY - Galeria Miejska we Wroc\u0142awiu<\/title>\n<meta name=\"robots\" content=\"index, follow, max-snippet:-1, max-image-preview:large, max-video-preview:-1\" \/>\n<link rel=\"canonical\" href=\"https:\/\/galeriamiejska.pl\/en\/oprowadzanie-po-wystawie-kryzys-twarzy\/\" \/>\n<meta property=\"og:locale\" content=\"en_US\" \/>\n<meta property=\"og:type\" content=\"article\" \/>\n<meta property=\"og:title\" content=\"Oprowadzanie KRYZYS TWARZY - Galeria Miejska we Wroc\u0142awiu\" \/>\n<meta property=\"og:description\" content=\"zwiedzanie ekspozycji z kuratork\u0105 Katarzyn\u0105 Zahorsk\u0105 i artystk\u0105 Justyn\u0105 J\u0119drzejowsk\u0105\" \/>\n<meta property=\"og:url\" content=\"https:\/\/galeriamiejska.pl\/en\/oprowadzanie-po-wystawie-kryzys-twarzy\/\" \/>\n<meta property=\"og:site_name\" content=\"Galeria Miejska we Wroc\u0142awiu\" \/>\n<meta property=\"article:published_time\" content=\"2022-03-23T10:57:58+00:00\" \/>\n<meta property=\"article:modified_time\" content=\"2022-04-08T12:57:50+00:00\" \/>\n<meta property=\"og:image\" content=\"https:\/\/galeriamiejska.pl\/wp-content\/uploads\/2022\/03\/ww-galerii-3.png\" \/>\n\t<meta property=\"og:image:width\" content=\"640\" \/>\n\t<meta property=\"og:image:height\" content=\"340\" \/>\n<meta name=\"twitter:card\" content=\"summary_large_image\" \/>\n<meta name=\"twitter:label1\" content=\"Written by\" \/>\n\t<meta name=\"twitter:data1\" content=\"admin\" \/>\n\t<meta name=\"twitter:label2\" content=\"Est. reading time\" \/>\n\t<meta name=\"twitter:data2\" content=\"1 minute\" \/>\n<script type=\"application\/ld+json\" class=\"yoast-schema-graph\">{\"@context\":\"https:\/\/schema.org\",\"@graph\":[{\"@type\":\"WebSite\",\"@id\":\"https:\/\/galeriamiejska.pl\/en\/#website\",\"url\":\"https:\/\/galeriamiejska.pl\/en\/\",\"name\":\"Galeria Miejska we Wroc\\u0142awiu\",\"description\":\"\",\"potentialAction\":[{\"@type\":\"SearchAction\",\"target\":{\"@type\":\"EntryPoint\",\"urlTemplate\":\"https:\/\/galeriamiejska.pl\/en\/?s={search_term_string}\"},\"query-input\":\"required name=search_term_string\"}],\"inLanguage\":\"\"},{\"@type\":\"ImageObject\",\"@id\":\"https:\/\/galeriamiejska.pl\/en\/oprowadzanie-po-wystawie-kryzys-twarzy\/#primaryimage\",\"inLanguage\":\"\",\"url\":\"https:\/\/galeriamiejska.pl\/wp-content\/uploads\/2022\/03\/ww-galerii-3.png\",\"contentUrl\":\"https:\/\/galeriamiejska.pl\/wp-content\/uploads\/2022\/03\/ww-galerii-3.png\",\"width\":640,\"height\":340},{\"@type\":\"WebPage\",\"@id\":\"https:\/\/galeriamiejska.pl\/en\/oprowadzanie-po-wystawie-kryzys-twarzy\/#webpage\",\"url\":\"https:\/\/galeriamiejska.pl\/en\/oprowadzanie-po-wystawie-kryzys-twarzy\/\",\"name\":\"Oprowadzanie KRYZYS TWARZY - Galeria Miejska we Wroc\\u0142awiu\",\"isPartOf\":{\"@id\":\"https:\/\/galeriamiejska.pl\/en\/#website\"},\"primaryImageOfPage\":{\"@id\":\"https:\/\/galeriamiejska.pl\/en\/oprowadzanie-po-wystawie-kryzys-twarzy\/#primaryimage\"},\"datePublished\":\"2022-03-23T10:57:58+00:00\",\"dateModified\":\"2022-04-08T12:57:50+00:00\",\"author\":{\"@id\":\"https:\/\/galeriamiejska.pl\/en\/#\/schema\/person\/cd4f04b0a13c9114f95e23b489b6f9cb\"},\"breadcrumb\":{\"@id\":\"https:\/\/galeriamiejska.pl\/en\/oprowadzanie-po-wystawie-kryzys-twarzy\/#breadcrumb\"},\"inLanguage\":\"\",\"potentialAction\":[{\"@type\":\"ReadAction\",\"target\":[\"https:\/\/galeriamiejska.pl\/en\/oprowadzanie-po-wystawie-kryzys-twarzy\/\"]}]},{\"@type\":\"BreadcrumbList\",\"@id\":\"https:\/\/galeriamiejska.pl\/en\/oprowadzanie-po-wystawie-kryzys-twarzy\/#breadcrumb\",\"itemListElement\":[{\"@type\":\"ListItem\",\"position\":1,\"name\":\"Strona g\\u0142\\u00f3wna\",\"item\":\"https:\/\/galeriamiejska.pl\/en\/\"},{\"@type\":\"ListItem\",\"position\":2,\"name\":\"Oprowadzanie KRYZYS TWARZY\"}]},{\"@type\":\"Person\",\"@id\":\"https:\/\/galeriamiejska.pl\/en\/#\/schema\/person\/cd4f04b0a13c9114f95e23b489b6f9cb\",\"name\":\"admin\",\"image\":{\"@type\":\"ImageObject\",\"@id\":\"https:\/\/galeriamiejska.pl\/en\/#personlogo\",\"inLanguage\":\"\",\"url\":\"https:\/\/secure.gravatar.com\/avatar\/3ded5a36984f92b80e2d99cc96780fe89cd37f7fd652108d182620efbb1566fd?s=96&d=mm&r=g\",\"contentUrl\":\"https:\/\/secure.gravatar.com\/avatar\/3ded5a36984f92b80e2d99cc96780fe89cd37f7fd652108d182620efbb1566fd?s=96&d=mm&r=g\",\"caption\":\"admin\"},\"sameAs\":[\"http:\/\/galeriamiejska.pl\"],\"url\":\"https:\/\/galeriamiejska.pl\/en\/author\/admin\/\"}]}<\/script>\n<!-- \/ Yoast SEO plugin. -->","yoast_head_json":{"title":"Oprowadzanie KRYZYS TWARZY - Galeria Miejska we Wroc\u0142awiu","robots":{"index":"index","follow":"follow","max-snippet":"max-snippet:-1","max-image-preview":"max-image-preview:large","max-video-preview":"max-video-preview:-1"},"canonical":"https:\/\/galeriamiejska.pl\/en\/oprowadzanie-po-wystawie-kryzys-twarzy\/","og_locale":"en_US","og_type":"article","og_title":"Oprowadzanie KRYZYS TWARZY - Galeria Miejska we Wroc\u0142awiu","og_description":"zwiedzanie ekspozycji z kuratork\u0105 Katarzyn\u0105 Zahorsk\u0105 i artystk\u0105 Justyn\u0105 J\u0119drzejowsk\u0105","og_url":"https:\/\/galeriamiejska.pl\/en\/oprowadzanie-po-wystawie-kryzys-twarzy\/","og_site_name":"Galeria Miejska we Wroc\u0142awiu","article_published_time":"2022-03-23T10:57:58+00:00","article_modified_time":"2022-04-08T12:57:50+00:00","og_image":[{"width":640,"height":340,"url":"https:\/\/galeriamiejska.pl\/wp-content\/uploads\/2022\/03\/ww-galerii-3.png","path":"\/autoinstalator\/wordpress\/wp-content\/uploads\/2022\/03\/ww-galerii-3.png","size":"full","id":5146,"alt":"","pixels":217600,"type":"image\/png"}],"twitter_card":"summary_large_image","twitter_misc":{"Written by":"admin","Est. reading time":"1 minute"},"schema":{"@context":"https:\/\/schema.org","@graph":[{"@type":"WebSite","@id":"https:\/\/galeriamiejska.pl\/en\/#website","url":"https:\/\/galeriamiejska.pl\/en\/","name":"Galeria Miejska we Wroc\u0142awiu","description":"","potentialAction":[{"@type":"SearchAction","target":{"@type":"EntryPoint","urlTemplate":"https:\/\/galeriamiejska.pl\/en\/?s={search_term_string}"},"query-input":"required name=search_term_string"}],"inLanguage":""},{"@type":"ImageObject","@id":"https:\/\/galeriamiejska.pl\/en\/oprowadzanie-po-wystawie-kryzys-twarzy\/#primaryimage","inLanguage":"","url":"https:\/\/galeriamiejska.pl\/wp-content\/uploads\/2022\/03\/ww-galerii-3.png","contentUrl":"https:\/\/galeriamiejska.pl\/wp-content\/uploads\/2022\/03\/ww-galerii-3.png","width":640,"height":340},{"@type":"WebPage","@id":"https:\/\/galeriamiejska.pl\/en\/oprowadzanie-po-wystawie-kryzys-twarzy\/#webpage","url":"https:\/\/galeriamiejska.pl\/en\/oprowadzanie-po-wystawie-kryzys-twarzy\/","name":"Oprowadzanie KRYZYS TWARZY - Galeria Miejska we Wroc\u0142awiu","isPartOf":{"@id":"https:\/\/galeriamiejska.pl\/en\/#website"},"primaryImageOfPage":{"@id":"https:\/\/galeriamiejska.pl\/en\/oprowadzanie-po-wystawie-kryzys-twarzy\/#primaryimage"},"datePublished":"2022-03-23T10:57:58+00:00","dateModified":"2022-04-08T12:57:50+00:00","author":{"@id":"https:\/\/galeriamiejska.pl\/en\/#\/schema\/person\/cd4f04b0a13c9114f95e23b489b6f9cb"},"breadcrumb":{"@id":"https:\/\/galeriamiejska.pl\/en\/oprowadzanie-po-wystawie-kryzys-twarzy\/#breadcrumb"},"inLanguage":"","potentialAction":[{"@type":"ReadAction","target":["https:\/\/galeriamiejska.pl\/en\/oprowadzanie-po-wystawie-kryzys-twarzy\/"]}]},{"@type":"BreadcrumbList","@id":"https:\/\/galeriamiejska.pl\/en\/oprowadzanie-po-wystawie-kryzys-twarzy\/#breadcrumb","itemListElement":[{"@type":"ListItem","position":1,"name":"Strona g\u0142\u00f3wna","item":"https:\/\/galeriamiejska.pl\/en\/"},{"@type":"ListItem","position":2,"name":"Oprowadzanie KRYZYS TWARZY"}]},{"@type":"Person","@id":"https:\/\/galeriamiejska.pl\/en\/#\/schema\/person\/cd4f04b0a13c9114f95e23b489b6f9cb","name":"admin","image":{"@type":"ImageObject","@id":"https:\/\/galeriamiejska.pl\/en\/#personlogo","inLanguage":"","url":"https:\/\/secure.gravatar.com\/avatar\/3ded5a36984f92b80e2d99cc96780fe89cd37f7fd652108d182620efbb1566fd?s=96&d=mm&r=g","contentUrl":"https:\/\/secure.gravatar.com\/avatar\/3ded5a36984f92b80e2d99cc96780fe89cd37f7fd652108d182620efbb1566fd?s=96&d=mm&r=g","caption":"admin"},"sameAs":["http:\/\/galeriamiejska.pl"],"url":"https:\/\/galeriamiejska.pl\/en\/author\/admin\/"}]}},"_links":{"self":[{"href":"https:\/\/galeriamiejska.pl\/en\/wp-json\/wp\/v2\/posts\/5145","targetHints":{"allow":["GET"]}}],"collection":[{"href":"https:\/\/galeriamiejska.pl\/en\/wp-json\/wp\/v2\/posts"}],"about":[{"href":"https:\/\/galeriamiejska.pl\/en\/wp-json\/wp\/v2\/types\/post"}],"author":[{"embeddable":true,"href":"https:\/\/galeriamiejska.pl\/en\/wp-json\/wp\/v2\/users\/1"}],"replies":[{"embeddable":true,"href":"https:\/\/galeriamiejska.pl\/en\/wp-json\/wp\/v2\/comments?post=5145"}],"version-history":[{"count":8,"href":"https:\/\/galeriamiejska.pl\/en\/wp-json\/wp\/v2\/posts\/5145\/revisions"}],"predecessor-version":[{"id":5165,"href":"https:\/\/galeriamiejska.pl\/en\/wp-json\/wp\/v2\/posts\/5145\/revisions\/5165"}],"wp:featuredmedia":[{"embeddable":true,"href":"https:\/\/galeriamiejska.pl\/en\/wp-json\/wp\/v2\/media\/5146"}],"wp:attachment":[{"href":"https:\/\/galeriamiejska.pl\/en\/wp-json\/wp\/v2\/media?parent=5145"}],"wp:term":[{"taxonomy":"category","embeddable":true,"href":"https:\/\/galeriamiejska.pl\/en\/wp-json\/wp\/v2\/categories?post=5145"},{"taxonomy":"post_tag","embeddable":true,"href":"https:\/\/galeriamiejska.pl\/en\/wp-json\/wp\/v2\/tags?post=5145"}],"curies":[{"name":"wp","href":"https:\/\/api.w.org\/{rel}","templated":true}]}}