{"id":5132,"date":"2022-03-18T14:10:44","date_gmt":"2022-03-18T14:10:44","guid":{"rendered":"https:\/\/galeriamiejska.pl\/?p=5132"},"modified":"2022-04-22T12:56:41","modified_gmt":"2022-04-22T12:56:41","slug":"","status":"publish","type":"post","link":"https:\/\/galeriamiejska.pl\/en\/kryzys-twarzy-2\/","title":{"rendered":"","raw":""},"content":{"rendered":"","protected":false,"raw":""},"excerpt":{"rendered":"","protected":false,"raw":""},"author":1,"featured_media":5144,"comment_status":"open","ping_status":"open","sticky":false,"template":"","format":"standard","meta":{"_pl_post_content":"<!-- wp:paragraph -->\n<p><strong>Wydawca:<\/strong>&nbsp;Galeria Miejska we Wroc\u0142awiu<br><strong>Teksty:<\/strong>&nbsp;Katarzyna Zahorska<br><strong>Zdj\u0119cia:<\/strong>&nbsp;archiwum autor\u00f3w, str. 84-87 Tomasz Pastyrczyk<br><strong>Opracowanie graficzne:<\/strong>&nbsp;Aleksandra Damasiewicz<br><strong>T\u0142umaczenia i korekta:&nbsp;<\/strong>Joanna Hardukiewicz-Chojnowska, Marta Kaczmarek<br><strong>ISBN:&nbsp;<\/strong>978-83-962782-3-4<br><strong>Druk:<\/strong> Drukarnia Chroma<\/p>\n<!-- \/wp:paragraph -->\n\n<!-- wp:paragraph -->\n<p>Cena publikacji: 30 z\u0142<br>108 stron, 26,5\u00d720,5 cm, oprawa mi\u0119kka<\/p>\n<!-- \/wp:paragraph -->\n\n<!-- wp:paragraph -->\n<p>Katalog do nabycia w&nbsp;Galerii Miejskiej we Wroc\u0142awiu ul. Kie\u0142ba\u015bnicza 28.<br>Przyjmujemy r\u00f3wnie\u017c zam\u00f3wienia pod adresem biuro@galeriamiejska.pl <\/p>\n<!-- \/wp:paragraph -->\n\n<!-- wp:paragraph {\"backgroundColor\":\"pale-pink\"} -->\n<p class=\"has-pale-pink-background-color has-background\"><strong>Podzi\u0119kowania dla drukarni Chroma za sfinansowanie druku katalogu.<\/strong><\/p>\n<!-- \/wp:paragraph -->\n\n<!-- wp:gallery {\"linkTo\":\"media\"} -->\n<figure class=\"wp-block-gallery has-nested-images columns-default is-cropped\"><!-- wp:image {\"id\":5136,\"sizeSlug\":\"full\",\"linkDestination\":\"media\",\"className\":\"is-style-default\"} -->\n<figure class=\"wp-block-image size-full is-style-default\"><a href=\"https:\/\/galeriamiejska.pl\/wp-content\/uploads\/2022\/03\/IMG_9963-scaled.jpg\"><img src=\"https:\/\/galeriamiejska.pl\/wp-content\/uploads\/2022\/03\/IMG_9963-scaled.jpg\" alt=\"\" class=\"wp-image-5136\"\/><\/a><\/figure>\n<!-- \/wp:image -->\n\n<!-- wp:image {\"id\":5134,\"sizeSlug\":\"full\",\"linkDestination\":\"media\",\"className\":\"is-style-default\"} -->\n<figure class=\"wp-block-image size-full is-style-default\"><a href=\"https:\/\/galeriamiejska.pl\/wp-content\/uploads\/2022\/03\/IMG_9964-scaled.jpg\"><img src=\"https:\/\/galeriamiejska.pl\/wp-content\/uploads\/2022\/03\/IMG_9964-scaled.jpg\" alt=\"\" class=\"wp-image-5134\"\/><\/a><\/figure>\n<!-- \/wp:image -->\n\n<!-- wp:image {\"id\":5135,\"sizeSlug\":\"full\",\"linkDestination\":\"media\",\"className\":\"is-style-default\"} -->\n<figure class=\"wp-block-image size-full is-style-default\"><a href=\"https:\/\/galeriamiejska.pl\/wp-content\/uploads\/2022\/03\/IMG_9980-scaled.jpg\"><img src=\"https:\/\/galeriamiejska.pl\/wp-content\/uploads\/2022\/03\/IMG_9980-scaled.jpg\" alt=\"\" class=\"wp-image-5135\"\/><\/a><\/figure>\n<!-- \/wp:image -->\n\n<!-- wp:image {\"id\":5133,\"sizeSlug\":\"full\",\"linkDestination\":\"media\",\"className\":\"is-style-default\"} -->\n<figure class=\"wp-block-image size-full is-style-default\"><a href=\"https:\/\/galeriamiejska.pl\/wp-content\/uploads\/2022\/03\/IMG_9966-scaled.jpg\"><img src=\"https:\/\/galeriamiejska.pl\/wp-content\/uploads\/2022\/03\/IMG_9966-scaled.jpg\" alt=\"\" class=\"wp-image-5133\"\/><\/a><\/figure>\n<!-- \/wp:image --><\/figure>\n<!-- \/wp:gallery -->","_pl_post_name":"kryzys-twarzy-2","_pl_post_excerpt":"katalog wystawy grupowej poruszaj\u0105cej tematyk\u0119 portretu","_pl_post_title":"KRYZYS TWARZY","_en_post_content":"","_en_post_name":"","_en_post_excerpt":"","_en_post_title":"","edit_language":"en","footnotes":""},"categories":[15,16],"tags":[31,33,62,26],"class_list":["post-5132","post","type-post","status-publish","format-standard","has-post-thumbnail","hentry","category-sklep","category-wydawnictwa","tag-galeria-miejska-we-wroclawiu","tag-katalog","tag-kryzys-twarzy","tag-wystawa"],"yoast_head":"<!-- This site is optimized with the Yoast SEO plugin v16.8 - https:\/\/yoast.com\/wordpress\/plugins\/seo\/ -->\n<title>KRYZYS TWARZY - Galeria Miejska we Wroc\u0142awiu<\/title>\n<meta name=\"robots\" content=\"index, follow, max-snippet:-1, max-image-preview:large, max-video-preview:-1\" \/>\n<link rel=\"canonical\" href=\"https:\/\/galeriamiejska.pl\/en\/kryzys-twarzy-2\/\" \/>\n<meta property=\"og:locale\" content=\"en_US\" \/>\n<meta property=\"og:type\" content=\"article\" \/>\n<meta property=\"og:title\" content=\"KRYZYS TWARZY - Galeria Miejska we Wroc\u0142awiu\" \/>\n<meta property=\"og:description\" content=\"katalog wystawy grupowej poruszaj\u0105cej tematyk\u0119 portretu\" \/>\n<meta property=\"og:url\" content=\"https:\/\/galeriamiejska.pl\/en\/kryzys-twarzy-2\/\" \/>\n<meta property=\"og:site_name\" content=\"Galeria Miejska we Wroc\u0142awiu\" \/>\n<meta property=\"article:published_time\" content=\"2022-03-18T14:10:44+00:00\" \/>\n<meta property=\"article:modified_time\" content=\"2022-04-22T12:56:41+00:00\" \/>\n<meta property=\"og:image\" content=\"https:\/\/galeriamiejska.pl\/wp-content\/uploads\/2022\/03\/Projekt-bez-tytulu.png\" \/>\n\t<meta property=\"og:image:width\" content=\"640\" \/>\n\t<meta property=\"og:image:height\" content=\"340\" \/>\n<meta name=\"twitter:card\" content=\"summary_large_image\" \/>\n<meta name=\"twitter:label1\" content=\"Written by\" \/>\n\t<meta name=\"twitter:data1\" content=\"admin\" \/>\n\t<meta name=\"twitter:label2\" content=\"Est. reading time\" \/>\n\t<meta name=\"twitter:data2\" content=\"2 minutes\" \/>\n<script type=\"application\/ld+json\" class=\"yoast-schema-graph\">{\"@context\":\"https:\/\/schema.org\",\"@graph\":[{\"@type\":\"WebSite\",\"@id\":\"https:\/\/galeriamiejska.pl\/en\/#website\",\"url\":\"https:\/\/galeriamiejska.pl\/en\/\",\"name\":\"Galeria Miejska we Wroc\\u0142awiu\",\"description\":\"\",\"potentialAction\":[{\"@type\":\"SearchAction\",\"target\":{\"@type\":\"EntryPoint\",\"urlTemplate\":\"https:\/\/galeriamiejska.pl\/en\/?s={search_term_string}\"},\"query-input\":\"required name=search_term_string\"}],\"inLanguage\":\"\"},{\"@type\":\"ImageObject\",\"@id\":\"https:\/\/galeriamiejska.pl\/en\/kryzys-twarzy-2\/#primaryimage\",\"inLanguage\":\"\",\"url\":\"https:\/\/galeriamiejska.pl\/wp-content\/uploads\/2022\/03\/Projekt-bez-tytulu.png\",\"contentUrl\":\"https:\/\/galeriamiejska.pl\/wp-content\/uploads\/2022\/03\/Projekt-bez-tytulu.png\",\"width\":640,\"height\":340},{\"@type\":\"WebPage\",\"@id\":\"https:\/\/galeriamiejska.pl\/en\/kryzys-twarzy-2\/#webpage\",\"url\":\"https:\/\/galeriamiejska.pl\/en\/kryzys-twarzy-2\/\",\"name\":\"KRYZYS TWARZY - Galeria Miejska we Wroc\\u0142awiu\",\"isPartOf\":{\"@id\":\"https:\/\/galeriamiejska.pl\/en\/#website\"},\"primaryImageOfPage\":{\"@id\":\"https:\/\/galeriamiejska.pl\/en\/kryzys-twarzy-2\/#primaryimage\"},\"datePublished\":\"2022-03-18T14:10:44+00:00\",\"dateModified\":\"2022-04-22T12:56:41+00:00\",\"author\":{\"@id\":\"https:\/\/galeriamiejska.pl\/en\/#\/schema\/person\/cd4f04b0a13c9114f95e23b489b6f9cb\"},\"breadcrumb\":{\"@id\":\"https:\/\/galeriamiejska.pl\/en\/kryzys-twarzy-2\/#breadcrumb\"},\"inLanguage\":\"\",\"potentialAction\":[{\"@type\":\"ReadAction\",\"target\":[\"https:\/\/galeriamiejska.pl\/en\/kryzys-twarzy-2\/\"]}]},{\"@type\":\"BreadcrumbList\",\"@id\":\"https:\/\/galeriamiejska.pl\/en\/kryzys-twarzy-2\/#breadcrumb\",\"itemListElement\":[{\"@type\":\"ListItem\",\"position\":1,\"name\":\"Strona g\\u0142\\u00f3wna\",\"item\":\"https:\/\/galeriamiejska.pl\/en\/\"},{\"@type\":\"ListItem\",\"position\":2,\"name\":\"KRYZYS TWARZY\"}]},{\"@type\":\"Person\",\"@id\":\"https:\/\/galeriamiejska.pl\/en\/#\/schema\/person\/cd4f04b0a13c9114f95e23b489b6f9cb\",\"name\":\"admin\",\"image\":{\"@type\":\"ImageObject\",\"@id\":\"https:\/\/galeriamiejska.pl\/en\/#personlogo\",\"inLanguage\":\"\",\"url\":\"https:\/\/secure.gravatar.com\/avatar\/3ded5a36984f92b80e2d99cc96780fe89cd37f7fd652108d182620efbb1566fd?s=96&d=mm&r=g\",\"contentUrl\":\"https:\/\/secure.gravatar.com\/avatar\/3ded5a36984f92b80e2d99cc96780fe89cd37f7fd652108d182620efbb1566fd?s=96&d=mm&r=g\",\"caption\":\"admin\"},\"sameAs\":[\"http:\/\/galeriamiejska.pl\"],\"url\":\"https:\/\/galeriamiejska.pl\/en\/author\/admin\/\"}]}<\/script>\n<!-- \/ Yoast SEO plugin. -->","yoast_head_json":{"title":"KRYZYS TWARZY - Galeria Miejska we Wroc\u0142awiu","robots":{"index":"index","follow":"follow","max-snippet":"max-snippet:-1","max-image-preview":"max-image-preview:large","max-video-preview":"max-video-preview:-1"},"canonical":"https:\/\/galeriamiejska.pl\/en\/kryzys-twarzy-2\/","og_locale":"en_US","og_type":"article","og_title":"KRYZYS TWARZY - Galeria Miejska we Wroc\u0142awiu","og_description":"katalog wystawy grupowej poruszaj\u0105cej tematyk\u0119 portretu","og_url":"https:\/\/galeriamiejska.pl\/en\/kryzys-twarzy-2\/","og_site_name":"Galeria Miejska we Wroc\u0142awiu","article_published_time":"2022-03-18T14:10:44+00:00","article_modified_time":"2022-04-22T12:56:41+00:00","og_image":[{"width":640,"height":340,"url":"https:\/\/galeriamiejska.pl\/wp-content\/uploads\/2022\/03\/Projekt-bez-tytulu.png","path":"\/autoinstalator\/wordpress\/wp-content\/uploads\/2022\/03\/Projekt-bez-tytulu.png","size":"full","id":5144,"alt":"","pixels":217600,"type":"image\/png"}],"twitter_card":"summary_large_image","twitter_misc":{"Written by":"admin","Est. reading time":"2 minutes"},"schema":{"@context":"https:\/\/schema.org","@graph":[{"@type":"WebSite","@id":"https:\/\/galeriamiejska.pl\/en\/#website","url":"https:\/\/galeriamiejska.pl\/en\/","name":"Galeria Miejska we Wroc\u0142awiu","description":"","potentialAction":[{"@type":"SearchAction","target":{"@type":"EntryPoint","urlTemplate":"https:\/\/galeriamiejska.pl\/en\/?s={search_term_string}"},"query-input":"required name=search_term_string"}],"inLanguage":""},{"@type":"ImageObject","@id":"https:\/\/galeriamiejska.pl\/en\/kryzys-twarzy-2\/#primaryimage","inLanguage":"","url":"https:\/\/galeriamiejska.pl\/wp-content\/uploads\/2022\/03\/Projekt-bez-tytulu.png","contentUrl":"https:\/\/galeriamiejska.pl\/wp-content\/uploads\/2022\/03\/Projekt-bez-tytulu.png","width":640,"height":340},{"@type":"WebPage","@id":"https:\/\/galeriamiejska.pl\/en\/kryzys-twarzy-2\/#webpage","url":"https:\/\/galeriamiejska.pl\/en\/kryzys-twarzy-2\/","name":"KRYZYS TWARZY - Galeria Miejska we Wroc\u0142awiu","isPartOf":{"@id":"https:\/\/galeriamiejska.pl\/en\/#website"},"primaryImageOfPage":{"@id":"https:\/\/galeriamiejska.pl\/en\/kryzys-twarzy-2\/#primaryimage"},"datePublished":"2022-03-18T14:10:44+00:00","dateModified":"2022-04-22T12:56:41+00:00","author":{"@id":"https:\/\/galeriamiejska.pl\/en\/#\/schema\/person\/cd4f04b0a13c9114f95e23b489b6f9cb"},"breadcrumb":{"@id":"https:\/\/galeriamiejska.pl\/en\/kryzys-twarzy-2\/#breadcrumb"},"inLanguage":"","potentialAction":[{"@type":"ReadAction","target":["https:\/\/galeriamiejska.pl\/en\/kryzys-twarzy-2\/"]}]},{"@type":"BreadcrumbList","@id":"https:\/\/galeriamiejska.pl\/en\/kryzys-twarzy-2\/#breadcrumb","itemListElement":[{"@type":"ListItem","position":1,"name":"Strona g\u0142\u00f3wna","item":"https:\/\/galeriamiejska.pl\/en\/"},{"@type":"ListItem","position":2,"name":"KRYZYS TWARZY"}]},{"@type":"Person","@id":"https:\/\/galeriamiejska.pl\/en\/#\/schema\/person\/cd4f04b0a13c9114f95e23b489b6f9cb","name":"admin","image":{"@type":"ImageObject","@id":"https:\/\/galeriamiejska.pl\/en\/#personlogo","inLanguage":"","url":"https:\/\/secure.gravatar.com\/avatar\/3ded5a36984f92b80e2d99cc96780fe89cd37f7fd652108d182620efbb1566fd?s=96&d=mm&r=g","contentUrl":"https:\/\/secure.gravatar.com\/avatar\/3ded5a36984f92b80e2d99cc96780fe89cd37f7fd652108d182620efbb1566fd?s=96&d=mm&r=g","caption":"admin"},"sameAs":["http:\/\/galeriamiejska.pl"],"url":"https:\/\/galeriamiejska.pl\/en\/author\/admin\/"}]}},"_links":{"self":[{"href":"https:\/\/galeriamiejska.pl\/en\/wp-json\/wp\/v2\/posts\/5132","targetHints":{"allow":["GET"]}}],"collection":[{"href":"https:\/\/galeriamiejska.pl\/en\/wp-json\/wp\/v2\/posts"}],"about":[{"href":"https:\/\/galeriamiejska.pl\/en\/wp-json\/wp\/v2\/types\/post"}],"author":[{"embeddable":true,"href":"https:\/\/galeriamiejska.pl\/en\/wp-json\/wp\/v2\/users\/1"}],"replies":[{"embeddable":true,"href":"https:\/\/galeriamiejska.pl\/en\/wp-json\/wp\/v2\/comments?post=5132"}],"version-history":[{"count":3,"href":"https:\/\/galeriamiejska.pl\/en\/wp-json\/wp\/v2\/posts\/5132\/revisions"}],"predecessor-version":[{"id":5226,"href":"https:\/\/galeriamiejska.pl\/en\/wp-json\/wp\/v2\/posts\/5132\/revisions\/5226"}],"wp:featuredmedia":[{"embeddable":true,"href":"https:\/\/galeriamiejska.pl\/en\/wp-json\/wp\/v2\/media\/5144"}],"wp:attachment":[{"href":"https:\/\/galeriamiejska.pl\/en\/wp-json\/wp\/v2\/media?parent=5132"}],"wp:term":[{"taxonomy":"category","embeddable":true,"href":"https:\/\/galeriamiejska.pl\/en\/wp-json\/wp\/v2\/categories?post=5132"},{"taxonomy":"post_tag","embeddable":true,"href":"https:\/\/galeriamiejska.pl\/en\/wp-json\/wp\/v2\/tags?post=5132"}],"curies":[{"name":"wp","href":"https:\/\/api.w.org\/{rel}","templated":true}]}}