{"id":4785,"date":"2021-12-15T16:27:46","date_gmt":"2021-12-15T16:27:46","guid":{"rendered":"https:\/\/galeriamiejska.pl\/?p=4785"},"modified":"2021-12-22T16:30:08","modified_gmt":"2021-12-22T16:30:08","slug":"","status":"publish","type":"post","link":"https:\/\/galeriamiejska.pl\/en\/spotkanie-wokol-ksiazki-kto-chce-niech-wierzy-kosalka-jerzy\/","title":{"rendered":"","raw":""},"content":{"rendered":"","protected":false,"raw":""},"excerpt":{"rendered":"","protected":false,"raw":""},"author":1,"featured_media":4786,"comment_status":"open","ping_status":"open","sticky":false,"template":"","format":"standard","meta":{"_pl_post_content":"<!-- wp:paragraph -->\n<p><strong>Serdecznie zapraszamy we wtorek 21 grudnia 2021 roku o godz. 18.00 do Galerii Miejskiej we Wroc\u0142awiu (ul.Kie\u0142ba\u015bnicza 28) na spotkanie wok\u00f3\u0142 ksi\u0105\u017cki <em>Kto chce niech wierzy Kosa\u0142ka Jerzy<\/em>, wydanej przez O\u015brodek Kultury i Sztuki we Wroc\u0142awiu.<\/strong><\/p>\n<!-- \/wp:paragraph -->\n\n<!-- wp:paragraph -->\n<p>W spotkaniu &nbsp;udzia\u0142 wezm\u0105: Jerzy Kosa\u0142ka, Marcin Ludwin \u2013 redaktor publikacji, \u0141ukasz Kujawski \u2013 projektant ksi\u0105\u017cki oraz prof. dr hab. Anna Markowska, kt\u00f3ra poprowadzi rozmow\u0119.<\/p>\n<!-- \/wp:paragraph -->\n\n<!-- wp:paragraph -->\n<p><span class=\"has-inline-color has-vivid-red-color\"><strong>Wst\u0119p jest bezp\u0142atny, jednak liczba miejsc pozostaje ograniczona (maksymalnie 13 os\u00f3b). Ze wzgl\u0119du na obowi\u0105zuj\u0105ce obostrzenia zwi\u0105zane z sytuacj\u0105 pandemiczn\u0105 prosimy o potwierdzenie udzia\u0142u w wydarzeniu mailowo (biuro@galeriamiejska.pl) lub telefonicznie ( 71 344 67 20).<\/strong><\/span><\/p>\n<!-- \/wp:paragraph -->\n\n<!-- wp:spacer {\"height\":21} -->\n<div style=\"height:21px\" aria-hidden=\"true\" class=\"wp-block-spacer\"><\/div>\n<!-- \/wp:spacer -->\n\n<!-- wp:paragraph -->\n<p><strong>O KSI\u0104\u017bCE<\/strong><\/p>\n<!-- \/wp:paragraph -->\n\n<!-- wp:paragraph -->\n<p><em>Kto chce niech wierzy Kosa\u0142ka Jerzy<\/em> to obszerna zbiorowa publikacja pod redakcj\u0105 Marcina Ludwina. Podejmuje ona pr\u00f3b\u0119 spojrzenia na tw\u00f3rczo\u015b\u0107 Jerzego Kosa\u0142ki nie tylko przez pryzmat jego tricksterskich dzia\u0142a\u0144 oraz powi\u0105za\u0144 z grup\u0105 Luxus. Te ramy poszerza wywiad z artyst\u0105 przeprowadzony przez Ann\u0119 Markowsk\u0105, kt\u00f3ry mo\u017ce r\u00f3wnocze\u015bnie pos\u0142u\u017cy\u0107 czytelniczce i czytelnikowi za punkt odniesienia dla analitycznych tekst\u00f3w napisanych przez r\u00f3\u017cnych autor\u00f3w: Andrzeja Kosto\u0142owskiego, Mari\u0119 Marsza\u0142ek, Wojciecha Koz\u0142owskiego, Dorot\u0119 Monkiewicz, \u0141ukasza Kropiowskiego, Karolin\u0119 Plint\u0119, Zygmunta Korusa, Dari\u0119 Skok, Piotra Stasiowskiego, Marcina Ludwina, a nawet samego Jerzego Kosa\u0142k\u0119.<\/p>\n<!-- \/wp:paragraph -->\n\n<!-- wp:paragraph -->\n<p>Autorzy zaproszeni do wsp\u00f3\u0142tworzenia publikacji przeanalizowali szereg prac pod k\u0105tem potencja\u0142u partycypacyjnego i lingwistycznego, poruszaj\u0105c wiele rozmaitych temat\u00f3w: to\u017csamo\u015bci Wroc\u0142awia w kontek\u015bcie Ziem Odzyskanych, r\u00f3l p\u0142ciowych w spo\u0142ecze\u0144stwie oraz wykorzystania humoru do tworzenia narracji o otaczaj\u0105cej nas rzeczywisto\u015bci. Nie brakuje r\u00f3wnie\u017c&nbsp; komentarzy dotycz\u0105cych podzia\u0142\u00f3w politycznych na gruncie polskim czy drapie\u017cnego j\u0119zyka marketingu, a tak\u017ce dyskusji z rodzimym polem sztuki. Cz\u0119\u015b\u0107 autor\u00f3w opisuje do\u015bwiadczenia wsp\u00f3\u0142pracy z artyst\u0105 przy tworzeniu r\u00f3\u017cnorodnych projekt\u00f3w i wystaw. Ponadto, ca\u0142o\u015b\u0107 zilustrowana jest materia\u0142ami z archiwum artysty, cz\u0119sto publikowanymi po raz pierwszy.<\/p>\n<!-- \/wp:paragraph -->\n\n<!-- wp:paragraph -->\n<p>Czy ksi\u0105\u017cka pozwoli \u201euwierzy\u0107\u201d w tw\u00f3rczo\u015b\u0107 Jerzego Kosa\u0142ki? Jak g\u0142osi tytu\u0142 \u2013 pytanie zostaje otwarte. Jednak wnikliwo\u015b\u0107 grona autorskiego na pewno u\u0142atwi poruszanie si\u0119 po \u015bwiecie efemerycznych dzia\u0142a\u0144 i mnogo\u015bci kontekst\u00f3w. Poza tym, krytyczne zaci\u0119cie tekst\u00f3w zawartych w publikacji mo\u017ce stanowi\u0107 oparcie dla wznowienia dyskusji na temat oryginalnych tw\u00f3rczych dzia\u0142a\u0144 Jerzego Kosa\u0142ki \u2013 wroc\u0142awskiego artysty z G\u00f3rnego \u015al\u0105ska.<\/p>\n<!-- \/wp:paragraph -->\n\n<!-- wp:paragraph -->\n<p>Wi\u0119cej o ksi\u0105\u017cce na: <a href=\"http:\/\/www.okis.pl\">www.okis.pl<\/a> w zak\u0142adce Wydawnictwa OKIS<\/p>\n<!-- \/wp:paragraph -->\n\n<!-- wp:spacer {\"height\":22} -->\n<div style=\"height:22px\" aria-hidden=\"true\" class=\"wp-block-spacer\"><\/div>\n<!-- \/wp:spacer -->\n\n<!-- wp:paragraph -->\n<p><strong>Wydawca<\/strong><\/p>\n<!-- \/wp:paragraph -->\n\n<!-- wp:paragraph -->\n<p>O\u015brodek Kultury i Sztuki we Wroc\u0142awiu \u2013 Instytucja Kultury Samorz\u0105du Wojew\u00f3dztwa Dolno\u015bl\u0105skiego<\/p>\n<!-- \/wp:paragraph -->\n\n<!-- wp:paragraph -->\n<p>Partnerem wydawniczym ksi\u0105\u017cki jest Strefa Kultury Wroc\u0142aw w ramach Wroc\u0142awskiego Programu Wydawniczego.<\/p>\n<!-- \/wp:paragraph -->\n\n<!-- wp:paragraph -->\n<p>Patroni medialni: Pismo Artystyczne \u201eFormat\u201d, Magazyn \u201eSzum\u201d, Miesi\u0119cznik \u201eOdra\u201d, \u201eNotes Na 6 Tygodni\u201d, Radio Wroc\u0142aw Kultura, Radio RAM, Radio Wroc\u0142aw<\/p>\n<!-- \/wp:paragraph -->\n\n<!-- wp:paragraph -->\n<p><strong>Organizatorzy spotkania<\/strong><\/p>\n<!-- \/wp:paragraph -->\n\n<!-- wp:paragraph -->\n<p>O\u015brodek Kultury i Sztuki we Wroc\u0142awiu \u2013 Instytucja Kultury Samorz\u0105du Wojew\u00f3dztwa Dolno\u015bl\u0105skiego<\/p>\n<!-- \/wp:paragraph -->\n\n<!-- wp:paragraph -->\n<p>Galeria Miejska we Wroc\u0142awiu<\/p>\n<!-- \/wp:paragraph -->\n\n<!-- wp:paragraph -->\n<p>Projekt zosta\u0142 wsp\u00f3\u0142finansowany z bud\u017cetu Samorz\u0105du Wojew\u00f3dztwa Dolno\u015bl\u0105skiego.<\/p>\n<!-- \/wp:paragraph -->\n\n<!-- wp:spacer {\"height\":41} -->\n<div style=\"height:41px\" aria-hidden=\"true\" class=\"wp-block-spacer\"><\/div>\n<!-- \/wp:spacer -->\n\n<!-- wp:gallery {\"ids\":[4795],\"linkTo\":\"post\"} -->\n<figure class=\"wp-block-gallery columns-1 is-cropped\"><ul class=\"blocks-gallery-grid\"><li class=\"blocks-gallery-item\"><figure><a href=\"https:\/\/galeriamiejska.pl\/spotkanie-wokol-ksiazki-kto-chce-niech-wierzy-kosalka-jerzy\/promocja-ksiazki-kosalka-jerzy\/\"><img src=\"https:\/\/galeriamiejska.pl\/wp-content\/uploads\/2021\/12\/Promocja-ksiazki-Kosalka-Jerzy-731x1024.jpg\" alt=\"\" data-id=\"4795\" data-full-url=\"https:\/\/galeriamiejska.pl\/wp-content\/uploads\/2021\/12\/Promocja-ksiazki-Kosalka-Jerzy.jpg\" data-link=\"https:\/\/galeriamiejska.pl\/spotkanie-wokol-ksiazki-kto-chce-niech-wierzy-kosalka-jerzy\/promocja-ksiazki-kosalka-jerzy\/\" class=\"wp-image-4795\"\/><\/a><figcaption class=\"blocks-gallery-item__caption\">Plakat spotkania autorskiego - Kto chce niech wierzy, Kosa\u0142ka Jerzy<\/figcaption><\/figure><\/li><\/ul><\/figure>\n<!-- \/wp:gallery -->","_pl_post_name":"spotkanie-wokol-ksiazki-kto-chce-niech-wierzy-kosalka-jerzy","_pl_post_excerpt":"spotkanie autorskie","_pl_post_title":"Spotkanie wok\u00f3\u0142 ksi\u0105\u017cki\/ Kto chce niech wierzy, Kosa\u0142ka Jerzy!","_en_post_content":"","_en_post_name":"","_en_post_excerpt":"","_en_post_title":"","edit_language":"en","footnotes":""},"categories":[10,8],"tags":[47,31,43,49,48,46],"class_list":["post-4785","post","type-post","status-publish","format-standard","has-post-thumbnail","hentry","category-archiwalne-wydarzenia","category-wydarzenia","tag-anna-markowska","tag-galeria-miejska-we-wroclawiu","tag-jerzy-kosalka","tag-okis","tag-spotkanie-autorskie","tag-spotkanie-ksiazka"],"yoast_head":"<!-- This site is optimized with the Yoast SEO plugin v16.8 - https:\/\/yoast.com\/wordpress\/plugins\/seo\/ -->\n<title>Spotkanie wok\u00f3\u0142 ksi\u0105\u017cki\/ Kto chce niech wierzy, Kosa\u0142ka Jerzy! - Galeria Miejska we Wroc\u0142awiu<\/title>\n<meta name=\"robots\" content=\"index, follow, max-snippet:-1, max-image-preview:large, max-video-preview:-1\" \/>\n<link rel=\"canonical\" href=\"https:\/\/galeriamiejska.pl\/en\/spotkanie-wokol-ksiazki-kto-chce-niech-wierzy-kosalka-jerzy\/\" \/>\n<meta property=\"og:locale\" content=\"en_US\" \/>\n<meta property=\"og:type\" content=\"article\" \/>\n<meta property=\"og:title\" content=\"Spotkanie wok\u00f3\u0142 ksi\u0105\u017cki\/ Kto chce niech wierzy, Kosa\u0142ka Jerzy! - Galeria Miejska we Wroc\u0142awiu\" \/>\n<meta property=\"og:description\" content=\"spotkanie autorskie\" \/>\n<meta property=\"og:url\" content=\"https:\/\/galeriamiejska.pl\/en\/spotkanie-wokol-ksiazki-kto-chce-niech-wierzy-kosalka-jerzy\/\" \/>\n<meta property=\"og:site_name\" content=\"Galeria Miejska we Wroc\u0142awiu\" \/>\n<meta property=\"article:published_time\" content=\"2021-12-15T16:27:46+00:00\" \/>\n<meta property=\"article:modified_time\" content=\"2021-12-22T16:30:08+00:00\" \/>\n<meta property=\"og:image\" content=\"https:\/\/galeriamiejska.pl\/wp-content\/uploads\/2021\/12\/banerki-www_baner-gm-1.jpg\" \/>\n\t<meta property=\"og:image:width\" content=\"640\" \/>\n\t<meta property=\"og:image:height\" content=\"340\" \/>\n<meta name=\"twitter:card\" content=\"summary_large_image\" \/>\n<meta name=\"twitter:label1\" content=\"Written by\" \/>\n\t<meta name=\"twitter:data1\" content=\"admin\" \/>\n\t<meta name=\"twitter:label2\" content=\"Est. reading time\" \/>\n\t<meta name=\"twitter:data2\" content=\"2 minutes\" \/>\n<script type=\"application\/ld+json\" class=\"yoast-schema-graph\">{\"@context\":\"https:\/\/schema.org\",\"@graph\":[{\"@type\":\"WebSite\",\"@id\":\"https:\/\/galeriamiejska.pl\/en\/#website\",\"url\":\"https:\/\/galeriamiejska.pl\/en\/\",\"name\":\"Galeria Miejska we Wroc\\u0142awiu\",\"description\":\"\",\"potentialAction\":[{\"@type\":\"SearchAction\",\"target\":{\"@type\":\"EntryPoint\",\"urlTemplate\":\"https:\/\/galeriamiejska.pl\/en\/?s={search_term_string}\"},\"query-input\":\"required name=search_term_string\"}],\"inLanguage\":\"\"},{\"@type\":\"ImageObject\",\"@id\":\"https:\/\/galeriamiejska.pl\/en\/spotkanie-wokol-ksiazki-kto-chce-niech-wierzy-kosalka-jerzy\/#primaryimage\",\"inLanguage\":\"\",\"url\":\"https:\/\/galeriamiejska.pl\/wp-content\/uploads\/2021\/12\/banerki-www_baner-gm-1.jpg\",\"contentUrl\":\"https:\/\/galeriamiejska.pl\/wp-content\/uploads\/2021\/12\/banerki-www_baner-gm-1.jpg\",\"width\":640,\"height\":340,\"caption\":\"cz\\u0142owiek z ogniem oraz napis Kto chce niech wierzy, Kosa\\u0142ka Jerzy, spotkanie wok\\u00f3\\u0142 ksi\\u0105\\u017cki 21 grudnia godzina 18:00, Galeria Miejska we Wroc\\u0142awiu\"},{\"@type\":\"WebPage\",\"@id\":\"https:\/\/galeriamiejska.pl\/en\/spotkanie-wokol-ksiazki-kto-chce-niech-wierzy-kosalka-jerzy\/#webpage\",\"url\":\"https:\/\/galeriamiejska.pl\/en\/spotkanie-wokol-ksiazki-kto-chce-niech-wierzy-kosalka-jerzy\/\",\"name\":\"Spotkanie wok\\u00f3\\u0142 ksi\\u0105\\u017cki\/ Kto chce niech wierzy, Kosa\\u0142ka Jerzy! - Galeria Miejska we Wroc\\u0142awiu\",\"isPartOf\":{\"@id\":\"https:\/\/galeriamiejska.pl\/en\/#website\"},\"primaryImageOfPage\":{\"@id\":\"https:\/\/galeriamiejska.pl\/en\/spotkanie-wokol-ksiazki-kto-chce-niech-wierzy-kosalka-jerzy\/#primaryimage\"},\"datePublished\":\"2021-12-15T16:27:46+00:00\",\"dateModified\":\"2021-12-22T16:30:08+00:00\",\"author\":{\"@id\":\"https:\/\/galeriamiejska.pl\/en\/#\/schema\/person\/cd4f04b0a13c9114f95e23b489b6f9cb\"},\"breadcrumb\":{\"@id\":\"https:\/\/galeriamiejska.pl\/en\/spotkanie-wokol-ksiazki-kto-chce-niech-wierzy-kosalka-jerzy\/#breadcrumb\"},\"inLanguage\":\"\",\"potentialAction\":[{\"@type\":\"ReadAction\",\"target\":[\"https:\/\/galeriamiejska.pl\/en\/spotkanie-wokol-ksiazki-kto-chce-niech-wierzy-kosalka-jerzy\/\"]}]},{\"@type\":\"BreadcrumbList\",\"@id\":\"https:\/\/galeriamiejska.pl\/en\/spotkanie-wokol-ksiazki-kto-chce-niech-wierzy-kosalka-jerzy\/#breadcrumb\",\"itemListElement\":[{\"@type\":\"ListItem\",\"position\":1,\"name\":\"Strona g\\u0142\\u00f3wna\",\"item\":\"https:\/\/galeriamiejska.pl\/en\/\"},{\"@type\":\"ListItem\",\"position\":2,\"name\":\"Spotkanie wok\\u00f3\\u0142 ksi\\u0105\\u017cki\/ Kto chce niech wierzy, Kosa\\u0142ka Jerzy!\"}]},{\"@type\":\"Person\",\"@id\":\"https:\/\/galeriamiejska.pl\/en\/#\/schema\/person\/cd4f04b0a13c9114f95e23b489b6f9cb\",\"name\":\"admin\",\"image\":{\"@type\":\"ImageObject\",\"@id\":\"https:\/\/galeriamiejska.pl\/en\/#personlogo\",\"inLanguage\":\"\",\"url\":\"https:\/\/secure.gravatar.com\/avatar\/3ded5a36984f92b80e2d99cc96780fe89cd37f7fd652108d182620efbb1566fd?s=96&d=mm&r=g\",\"contentUrl\":\"https:\/\/secure.gravatar.com\/avatar\/3ded5a36984f92b80e2d99cc96780fe89cd37f7fd652108d182620efbb1566fd?s=96&d=mm&r=g\",\"caption\":\"admin\"},\"sameAs\":[\"http:\/\/galeriamiejska.pl\"],\"url\":\"https:\/\/galeriamiejska.pl\/en\/author\/admin\/\"}]}<\/script>\n<!-- \/ Yoast SEO plugin. -->","yoast_head_json":{"title":"Spotkanie wok\u00f3\u0142 ksi\u0105\u017cki\/ Kto chce niech wierzy, Kosa\u0142ka Jerzy! - Galeria Miejska we Wroc\u0142awiu","robots":{"index":"index","follow":"follow","max-snippet":"max-snippet:-1","max-image-preview":"max-image-preview:large","max-video-preview":"max-video-preview:-1"},"canonical":"https:\/\/galeriamiejska.pl\/en\/spotkanie-wokol-ksiazki-kto-chce-niech-wierzy-kosalka-jerzy\/","og_locale":"en_US","og_type":"article","og_title":"Spotkanie wok\u00f3\u0142 ksi\u0105\u017cki\/ Kto chce niech wierzy, Kosa\u0142ka Jerzy! - Galeria Miejska we Wroc\u0142awiu","og_description":"spotkanie autorskie","og_url":"https:\/\/galeriamiejska.pl\/en\/spotkanie-wokol-ksiazki-kto-chce-niech-wierzy-kosalka-jerzy\/","og_site_name":"Galeria Miejska we Wroc\u0142awiu","article_published_time":"2021-12-15T16:27:46+00:00","article_modified_time":"2021-12-22T16:30:08+00:00","og_image":[{"width":640,"height":340,"url":"https:\/\/galeriamiejska.pl\/wp-content\/uploads\/2021\/12\/banerki-www_baner-gm-1.jpg","path":"\/autoinstalator\/wordpress\/wp-content\/uploads\/2021\/12\/banerki-www_baner-gm-1.jpg","size":"full","id":4786,"alt":"cz\u0142owiek z ogniem oraz napis Kto chce niech wierzy, Kosa\u0142ka Jerzy, spotkanie wok\u00f3\u0142 ksi\u0105\u017cki 21 grudnia godzina 18:00, Galeria Miejska we Wroc\u0142awiu","pixels":217600,"type":"image\/jpeg"}],"twitter_card":"summary_large_image","twitter_misc":{"Written by":"admin","Est. reading time":"2 minutes"},"schema":{"@context":"https:\/\/schema.org","@graph":[{"@type":"WebSite","@id":"https:\/\/galeriamiejska.pl\/en\/#website","url":"https:\/\/galeriamiejska.pl\/en\/","name":"Galeria Miejska we Wroc\u0142awiu","description":"","potentialAction":[{"@type":"SearchAction","target":{"@type":"EntryPoint","urlTemplate":"https:\/\/galeriamiejska.pl\/en\/?s={search_term_string}"},"query-input":"required name=search_term_string"}],"inLanguage":""},{"@type":"ImageObject","@id":"https:\/\/galeriamiejska.pl\/en\/spotkanie-wokol-ksiazki-kto-chce-niech-wierzy-kosalka-jerzy\/#primaryimage","inLanguage":"","url":"https:\/\/galeriamiejska.pl\/wp-content\/uploads\/2021\/12\/banerki-www_baner-gm-1.jpg","contentUrl":"https:\/\/galeriamiejska.pl\/wp-content\/uploads\/2021\/12\/banerki-www_baner-gm-1.jpg","width":640,"height":340,"caption":"cz\u0142owiek z ogniem oraz napis Kto chce niech wierzy, Kosa\u0142ka Jerzy, spotkanie wok\u00f3\u0142 ksi\u0105\u017cki 21 grudnia godzina 18:00, Galeria Miejska we Wroc\u0142awiu"},{"@type":"WebPage","@id":"https:\/\/galeriamiejska.pl\/en\/spotkanie-wokol-ksiazki-kto-chce-niech-wierzy-kosalka-jerzy\/#webpage","url":"https:\/\/galeriamiejska.pl\/en\/spotkanie-wokol-ksiazki-kto-chce-niech-wierzy-kosalka-jerzy\/","name":"Spotkanie wok\u00f3\u0142 ksi\u0105\u017cki\/ Kto chce niech wierzy, Kosa\u0142ka Jerzy! - Galeria Miejska we Wroc\u0142awiu","isPartOf":{"@id":"https:\/\/galeriamiejska.pl\/en\/#website"},"primaryImageOfPage":{"@id":"https:\/\/galeriamiejska.pl\/en\/spotkanie-wokol-ksiazki-kto-chce-niech-wierzy-kosalka-jerzy\/#primaryimage"},"datePublished":"2021-12-15T16:27:46+00:00","dateModified":"2021-12-22T16:30:08+00:00","author":{"@id":"https:\/\/galeriamiejska.pl\/en\/#\/schema\/person\/cd4f04b0a13c9114f95e23b489b6f9cb"},"breadcrumb":{"@id":"https:\/\/galeriamiejska.pl\/en\/spotkanie-wokol-ksiazki-kto-chce-niech-wierzy-kosalka-jerzy\/#breadcrumb"},"inLanguage":"","potentialAction":[{"@type":"ReadAction","target":["https:\/\/galeriamiejska.pl\/en\/spotkanie-wokol-ksiazki-kto-chce-niech-wierzy-kosalka-jerzy\/"]}]},{"@type":"BreadcrumbList","@id":"https:\/\/galeriamiejska.pl\/en\/spotkanie-wokol-ksiazki-kto-chce-niech-wierzy-kosalka-jerzy\/#breadcrumb","itemListElement":[{"@type":"ListItem","position":1,"name":"Strona g\u0142\u00f3wna","item":"https:\/\/galeriamiejska.pl\/en\/"},{"@type":"ListItem","position":2,"name":"Spotkanie wok\u00f3\u0142 ksi\u0105\u017cki\/ Kto chce niech wierzy, Kosa\u0142ka Jerzy!"}]},{"@type":"Person","@id":"https:\/\/galeriamiejska.pl\/en\/#\/schema\/person\/cd4f04b0a13c9114f95e23b489b6f9cb","name":"admin","image":{"@type":"ImageObject","@id":"https:\/\/galeriamiejska.pl\/en\/#personlogo","inLanguage":"","url":"https:\/\/secure.gravatar.com\/avatar\/3ded5a36984f92b80e2d99cc96780fe89cd37f7fd652108d182620efbb1566fd?s=96&d=mm&r=g","contentUrl":"https:\/\/secure.gravatar.com\/avatar\/3ded5a36984f92b80e2d99cc96780fe89cd37f7fd652108d182620efbb1566fd?s=96&d=mm&r=g","caption":"admin"},"sameAs":["http:\/\/galeriamiejska.pl"],"url":"https:\/\/galeriamiejska.pl\/en\/author\/admin\/"}]}},"_links":{"self":[{"href":"https:\/\/galeriamiejska.pl\/en\/wp-json\/wp\/v2\/posts\/4785","targetHints":{"allow":["GET"]}}],"collection":[{"href":"https:\/\/galeriamiejska.pl\/en\/wp-json\/wp\/v2\/posts"}],"about":[{"href":"https:\/\/galeriamiejska.pl\/en\/wp-json\/wp\/v2\/types\/post"}],"author":[{"embeddable":true,"href":"https:\/\/galeriamiejska.pl\/en\/wp-json\/wp\/v2\/users\/1"}],"replies":[{"embeddable":true,"href":"https:\/\/galeriamiejska.pl\/en\/wp-json\/wp\/v2\/comments?post=4785"}],"version-history":[{"count":12,"href":"https:\/\/galeriamiejska.pl\/en\/wp-json\/wp\/v2\/posts\/4785\/revisions"}],"predecessor-version":[{"id":4811,"href":"https:\/\/galeriamiejska.pl\/en\/wp-json\/wp\/v2\/posts\/4785\/revisions\/4811"}],"wp:featuredmedia":[{"embeddable":true,"href":"https:\/\/galeriamiejska.pl\/en\/wp-json\/wp\/v2\/media\/4786"}],"wp:attachment":[{"href":"https:\/\/galeriamiejska.pl\/en\/wp-json\/wp\/v2\/media?parent=4785"}],"wp:term":[{"taxonomy":"category","embeddable":true,"href":"https:\/\/galeriamiejska.pl\/en\/wp-json\/wp\/v2\/categories?post=4785"},{"taxonomy":"post_tag","embeddable":true,"href":"https:\/\/galeriamiejska.pl\/en\/wp-json\/wp\/v2\/tags?post=4785"}],"curies":[{"name":"wp","href":"https:\/\/api.w.org\/{rel}","templated":true}]}}