{"id":430,"date":"2021-01-19T10:03:41","date_gmt":"2021-01-19T10:03:41","guid":{"rendered":"http:\/\/galeriamiejska.pl\/?p=430"},"modified":"2025-05-31T13:01:58","modified_gmt":"2025-05-31T13:01:58","slug":"","status":"publish","type":"post","link":"https:\/\/galeriamiejska.pl\/en\/torby-hand-made\/","title":{"rendered":"","raw":""},"content":{"rendered":"","protected":false,"raw":""},"excerpt":{"rendered":"","protected":false,"raw":""},"author":1,"featured_media":431,"comment_status":"open","ping_status":"open","sticky":false,"template":"","format":"standard","meta":{"_pl_post_content":"<!-- wp:heading {\"level\":4} -->\n<h4 class=\"wp-block-heading\">Torby hand made<\/h4>\n<!-- \/wp:heading -->\n\n<!-- wp:paragraph -->\n<p><strong>Torby hand made Galerii Miejskiej we Wroc\u0142awiu powsta\u0142y z\u00a0banner\u00f3w reklamowych wystaw. Posiadaj\u0105 nadruki z\u00a0takich ekspozycji jak \"Rodzina Brueghl\u00f3w\" i\u00a0\"Odkroi\u0142am sobie g\u0142ow\u0119\" .<\/strong><br><br>Materia\u0142 z\u00a0kt\u00f3rego zosta\u0142y wykonane akcesoria jest wytrzyma\u0142y, odporny na wod\u0119 i\u00a0sztywny. Torby s\u0105 zapinane na rzepy i\u00a0posiadaj\u0105 parciane \"uszy\".<br><br>Akcesoria zosta\u0142y uszyte r\u0119cznie. Produkty 100% MADE IN POLAND.<br><br>TORBA \"Odkroi\u0142am sobie g\u0142ow\u0119\"<br>wysoko\u015b\u0107: 35 cm<br>d\u0142ugo\u015b\u0107: 49 cm<br>obraz: Marta Kubiak<br><br>cena: SPRZEDANE<\/p>\n<!-- \/wp:paragraph -->\n\n<!-- wp:image {\"id\":432,\"sizeSlug\":\"full\",\"linkDestination\":\"none\"} -->\n<figure class=\"wp-block-image size-full\"><img src=\"http:\/\/galeriamiejska.pl\/wp-content\/uploads\/2021\/01\/697_1_noname.jpg\" alt=\"\" class=\"wp-image-432\"\/><\/figure>\n<!-- \/wp:image -->\n\n<!-- wp:paragraph -->\n<p>TORBA \"Rodzina Brueghl\u00f3w\"<br>wysoko\u015b\u0107: 35 cm<br>d\u0142ugo\u015b\u0107: 49 cm<br>obraz: Peter Brueghel M\u0142odszy<br><br>cena: 70 z\u0142<\/p>\n<!-- \/wp:paragraph -->\n\n<!-- wp:image {\"id\":433,\"sizeSlug\":\"large\",\"linkDestination\":\"none\"} -->\n<figure class=\"wp-block-image size-large\"><img src=\"http:\/\/galeriamiejska.pl\/wp-content\/uploads\/2021\/01\/697_noname.jpg\" alt=\"\" class=\"wp-image-433\"\/><\/figure>\n<!-- \/wp:image -->\n\n<!-- wp:paragraph -->\n<p>Torby do nabycia w&nbsp;Galerii Miejskiej we Wroc\u0142awiu ul. Kie\u0142ba\u015bnicza 28<br><br>Przyjmujemy r\u00f3wnie\u017c zam\u00f3wienia pod adresem biuro@galeriamiejska.pl<br><\/p>\n<!-- \/wp:paragraph -->\n\n<!-- wp:image {\"id\":434,\"sizeSlug\":\"full\",\"linkDestination\":\"none\"} -->\n<figure class=\"wp-block-image size-full\"><img src=\"http:\/\/galeriamiejska.pl\/wp-content\/uploads\/2021\/01\/697_3_noname.jpg\" alt=\"\" class=\"wp-image-434\"\/><\/figure>\n<!-- \/wp:image -->\n\n<!-- wp:gallery {\"columns\":3,\"linkTo\":\"media\"} -->\n<figure class=\"wp-block-gallery has-nested-images columns-3 is-cropped\"><!-- wp:image {\"id\":3215,\"sizeSlug\":\"large\",\"linkDestination\":\"media\"} -->\n<figure class=\"wp-block-image size-large\"><a href=\"https:\/\/galeriamiejska.pl\/wp-content\/uploads\/2021\/01\/697_torby-hand-made-1.jpg\"><img src=\"https:\/\/galeriamiejska.pl\/wp-content\/uploads\/2021\/01\/697_torby-hand-made-1.jpg\" alt=\"\" class=\"wp-image-3215\"\/><\/a><figcaption class=\"wp-element-caption\">torby hand made <\/figcaption><\/figure>\n<!-- \/wp:image -->\n\n<!-- wp:image {\"id\":3216,\"sizeSlug\":\"large\",\"linkDestination\":\"media\"} -->\n<figure class=\"wp-block-image size-large\"><a href=\"https:\/\/galeriamiejska.pl\/wp-content\/uploads\/2021\/01\/697_3_noname-1.jpg\"><img src=\"https:\/\/galeriamiejska.pl\/wp-content\/uploads\/2021\/01\/697_3_noname-1.jpg\" alt=\"\" class=\"wp-image-3216\"\/><\/a><figcaption class=\"wp-element-caption\">torby hand made <\/figcaption><\/figure>\n<!-- \/wp:image -->\n\n<!-- wp:image {\"id\":3217,\"sizeSlug\":\"large\",\"linkDestination\":\"media\"} -->\n<figure class=\"wp-block-image size-large\"><a href=\"https:\/\/galeriamiejska.pl\/wp-content\/uploads\/2021\/01\/697_2_noname.jpg\"><img src=\"https:\/\/galeriamiejska.pl\/wp-content\/uploads\/2021\/01\/697_2_noname.jpg\" alt=\"\" class=\"wp-image-3217\"\/><\/a><figcaption class=\"wp-element-caption\">torby hand made <\/figcaption><\/figure>\n<!-- \/wp:image -->\n\n<!-- wp:image {\"id\":3218,\"sizeSlug\":\"large\",\"linkDestination\":\"media\"} -->\n<figure class=\"wp-block-image size-large\"><a href=\"https:\/\/galeriamiejska.pl\/wp-content\/uploads\/2021\/01\/697_1_noname-1.jpg\"><img src=\"https:\/\/galeriamiejska.pl\/wp-content\/uploads\/2021\/01\/697_1_noname-1.jpg\" alt=\"\" class=\"wp-image-3218\"\/><\/a><figcaption class=\"wp-element-caption\">torby hand made <\/figcaption><\/figure>\n<!-- \/wp:image -->\n\n<!-- wp:image {\"id\":3219,\"sizeSlug\":\"large\",\"linkDestination\":\"media\"} -->\n<figure class=\"wp-block-image size-large\"><a href=\"https:\/\/galeriamiejska.pl\/wp-content\/uploads\/2021\/01\/697_noname-1.jpg\"><img src=\"https:\/\/galeriamiejska.pl\/wp-content\/uploads\/2021\/01\/697_noname-1.jpg\" alt=\"\" class=\"wp-image-3219\"\/><\/a><figcaption class=\"wp-element-caption\">torby hand made <\/figcaption><\/figure>\n<!-- \/wp:image --><\/figure>\n<!-- \/wp:gallery -->","_pl_post_name":"torby-hand-made","_pl_post_excerpt":"autorskie akcesoria z recyclingu","_pl_post_title":"Torby hand made","_en_post_content":"","_en_post_name":"","_en_post_excerpt":"","_en_post_title":"","edit_language":"en","footnotes":""},"categories":[18,15],"tags":[],"class_list":["post-430","post","type-post","status-publish","format-standard","has-post-thumbnail","hentry","category-gadzety","category-sklep"],"yoast_head":"<!-- This site is optimized with the Yoast SEO plugin v16.8 - https:\/\/yoast.com\/wordpress\/plugins\/seo\/ -->\n<title>Torby hand made - Galeria Miejska we Wroc\u0142awiu<\/title>\n<meta name=\"robots\" content=\"index, follow, max-snippet:-1, max-image-preview:large, max-video-preview:-1\" \/>\n<link rel=\"canonical\" href=\"https:\/\/galeriamiejska.pl\/en\/torby-hand-made\/\" \/>\n<meta property=\"og:locale\" content=\"en_US\" \/>\n<meta property=\"og:type\" content=\"article\" \/>\n<meta property=\"og:title\" content=\"Torby hand made - Galeria Miejska we Wroc\u0142awiu\" \/>\n<meta property=\"og:description\" content=\"autorskie akcesoria z recyclingu\" \/>\n<meta property=\"og:url\" content=\"https:\/\/galeriamiejska.pl\/en\/torby-hand-made\/\" \/>\n<meta property=\"og:site_name\" content=\"Galeria Miejska we Wroc\u0142awiu\" \/>\n<meta property=\"article:published_time\" content=\"2021-01-19T10:03:41+00:00\" \/>\n<meta property=\"article:modified_time\" content=\"2025-05-31T13:01:58+00:00\" \/>\n<meta property=\"og:image\" content=\"https:\/\/galeriamiejska.pl\/wp-content\/uploads\/2021\/01\/697_torby-hand-made.jpg\" \/>\n\t<meta property=\"og:image:width\" content=\"640\" \/>\n\t<meta property=\"og:image:height\" content=\"340\" \/>\n<meta name=\"twitter:card\" content=\"summary_large_image\" \/>\n<meta name=\"twitter:label1\" content=\"Written by\" \/>\n\t<meta name=\"twitter:data1\" content=\"admin\" \/>\n\t<meta name=\"twitter:label2\" content=\"Est. reading time\" \/>\n\t<meta name=\"twitter:data2\" content=\"3 minutes\" \/>\n<script type=\"application\/ld+json\" class=\"yoast-schema-graph\">{\"@context\":\"https:\/\/schema.org\",\"@graph\":[{\"@type\":\"WebSite\",\"@id\":\"https:\/\/galeriamiejska.pl\/en\/#website\",\"url\":\"https:\/\/galeriamiejska.pl\/en\/\",\"name\":\"Galeria Miejska we Wroc\\u0142awiu\",\"description\":\"\",\"potentialAction\":[{\"@type\":\"SearchAction\",\"target\":{\"@type\":\"EntryPoint\",\"urlTemplate\":\"https:\/\/galeriamiejska.pl\/en\/?s={search_term_string}\"},\"query-input\":\"required name=search_term_string\"}],\"inLanguage\":\"\"},{\"@type\":\"ImageObject\",\"@id\":\"https:\/\/galeriamiejska.pl\/en\/torby-hand-made\/#primaryimage\",\"inLanguage\":\"\",\"url\":\"https:\/\/galeriamiejska.pl\/wp-content\/uploads\/2021\/01\/697_torby-hand-made.jpg\",\"contentUrl\":\"https:\/\/galeriamiejska.pl\/wp-content\/uploads\/2021\/01\/697_torby-hand-made.jpg\",\"width\":640,\"height\":340},{\"@type\":\"WebPage\",\"@id\":\"https:\/\/galeriamiejska.pl\/en\/torby-hand-made\/#webpage\",\"url\":\"https:\/\/galeriamiejska.pl\/en\/torby-hand-made\/\",\"name\":\"Torby hand made - Galeria Miejska we Wroc\\u0142awiu\",\"isPartOf\":{\"@id\":\"https:\/\/galeriamiejska.pl\/en\/#website\"},\"primaryImageOfPage\":{\"@id\":\"https:\/\/galeriamiejska.pl\/en\/torby-hand-made\/#primaryimage\"},\"datePublished\":\"2021-01-19T10:03:41+00:00\",\"dateModified\":\"2025-05-31T13:01:58+00:00\",\"author\":{\"@id\":\"https:\/\/galeriamiejska.pl\/en\/#\/schema\/person\/cd4f04b0a13c9114f95e23b489b6f9cb\"},\"breadcrumb\":{\"@id\":\"https:\/\/galeriamiejska.pl\/en\/torby-hand-made\/#breadcrumb\"},\"inLanguage\":\"\",\"potentialAction\":[{\"@type\":\"ReadAction\",\"target\":[\"https:\/\/galeriamiejska.pl\/en\/torby-hand-made\/\"]}]},{\"@type\":\"BreadcrumbList\",\"@id\":\"https:\/\/galeriamiejska.pl\/en\/torby-hand-made\/#breadcrumb\",\"itemListElement\":[{\"@type\":\"ListItem\",\"position\":1,\"name\":\"Strona g\\u0142\\u00f3wna\",\"item\":\"https:\/\/galeriamiejska.pl\/en\/\"},{\"@type\":\"ListItem\",\"position\":2,\"name\":\"Torby hand made\"}]},{\"@type\":\"Person\",\"@id\":\"https:\/\/galeriamiejska.pl\/en\/#\/schema\/person\/cd4f04b0a13c9114f95e23b489b6f9cb\",\"name\":\"admin\",\"image\":{\"@type\":\"ImageObject\",\"@id\":\"https:\/\/galeriamiejska.pl\/en\/#personlogo\",\"inLanguage\":\"\",\"url\":\"https:\/\/secure.gravatar.com\/avatar\/3ded5a36984f92b80e2d99cc96780fe89cd37f7fd652108d182620efbb1566fd?s=96&d=mm&r=g\",\"contentUrl\":\"https:\/\/secure.gravatar.com\/avatar\/3ded5a36984f92b80e2d99cc96780fe89cd37f7fd652108d182620efbb1566fd?s=96&d=mm&r=g\",\"caption\":\"admin\"},\"sameAs\":[\"http:\/\/galeriamiejska.pl\"],\"url\":\"https:\/\/galeriamiejska.pl\/en\/author\/admin\/\"}]}<\/script>\n<!-- \/ Yoast SEO plugin. -->","yoast_head_json":{"title":"Torby hand made - Galeria Miejska we Wroc\u0142awiu","robots":{"index":"index","follow":"follow","max-snippet":"max-snippet:-1","max-image-preview":"max-image-preview:large","max-video-preview":"max-video-preview:-1"},"canonical":"https:\/\/galeriamiejska.pl\/en\/torby-hand-made\/","og_locale":"en_US","og_type":"article","og_title":"Torby hand made - Galeria Miejska we Wroc\u0142awiu","og_description":"autorskie akcesoria z recyclingu","og_url":"https:\/\/galeriamiejska.pl\/en\/torby-hand-made\/","og_site_name":"Galeria Miejska we Wroc\u0142awiu","article_published_time":"2021-01-19T10:03:41+00:00","article_modified_time":"2025-05-31T13:01:58+00:00","og_image":[{"width":640,"height":340,"url":"https:\/\/galeriamiejska.pl\/wp-content\/uploads\/2021\/01\/697_torby-hand-made.jpg","path":"\/autoinstalator\/wordpress\/wp-content\/uploads\/2021\/01\/697_torby-hand-made.jpg","size":"full","id":431,"alt":"","pixels":217600,"type":"image\/jpeg"}],"twitter_card":"summary_large_image","twitter_misc":{"Written by":"admin","Est. reading time":"3 minutes"},"schema":{"@context":"https:\/\/schema.org","@graph":[{"@type":"WebSite","@id":"https:\/\/galeriamiejska.pl\/en\/#website","url":"https:\/\/galeriamiejska.pl\/en\/","name":"Galeria Miejska we Wroc\u0142awiu","description":"","potentialAction":[{"@type":"SearchAction","target":{"@type":"EntryPoint","urlTemplate":"https:\/\/galeriamiejska.pl\/en\/?s={search_term_string}"},"query-input":"required name=search_term_string"}],"inLanguage":""},{"@type":"ImageObject","@id":"https:\/\/galeriamiejska.pl\/en\/torby-hand-made\/#primaryimage","inLanguage":"","url":"https:\/\/galeriamiejska.pl\/wp-content\/uploads\/2021\/01\/697_torby-hand-made.jpg","contentUrl":"https:\/\/galeriamiejska.pl\/wp-content\/uploads\/2021\/01\/697_torby-hand-made.jpg","width":640,"height":340},{"@type":"WebPage","@id":"https:\/\/galeriamiejska.pl\/en\/torby-hand-made\/#webpage","url":"https:\/\/galeriamiejska.pl\/en\/torby-hand-made\/","name":"Torby hand made - Galeria Miejska we Wroc\u0142awiu","isPartOf":{"@id":"https:\/\/galeriamiejska.pl\/en\/#website"},"primaryImageOfPage":{"@id":"https:\/\/galeriamiejska.pl\/en\/torby-hand-made\/#primaryimage"},"datePublished":"2021-01-19T10:03:41+00:00","dateModified":"2025-05-31T13:01:58+00:00","author":{"@id":"https:\/\/galeriamiejska.pl\/en\/#\/schema\/person\/cd4f04b0a13c9114f95e23b489b6f9cb"},"breadcrumb":{"@id":"https:\/\/galeriamiejska.pl\/en\/torby-hand-made\/#breadcrumb"},"inLanguage":"","potentialAction":[{"@type":"ReadAction","target":["https:\/\/galeriamiejska.pl\/en\/torby-hand-made\/"]}]},{"@type":"BreadcrumbList","@id":"https:\/\/galeriamiejska.pl\/en\/torby-hand-made\/#breadcrumb","itemListElement":[{"@type":"ListItem","position":1,"name":"Strona g\u0142\u00f3wna","item":"https:\/\/galeriamiejska.pl\/en\/"},{"@type":"ListItem","position":2,"name":"Torby hand made"}]},{"@type":"Person","@id":"https:\/\/galeriamiejska.pl\/en\/#\/schema\/person\/cd4f04b0a13c9114f95e23b489b6f9cb","name":"admin","image":{"@type":"ImageObject","@id":"https:\/\/galeriamiejska.pl\/en\/#personlogo","inLanguage":"","url":"https:\/\/secure.gravatar.com\/avatar\/3ded5a36984f92b80e2d99cc96780fe89cd37f7fd652108d182620efbb1566fd?s=96&d=mm&r=g","contentUrl":"https:\/\/secure.gravatar.com\/avatar\/3ded5a36984f92b80e2d99cc96780fe89cd37f7fd652108d182620efbb1566fd?s=96&d=mm&r=g","caption":"admin"},"sameAs":["http:\/\/galeriamiejska.pl"],"url":"https:\/\/galeriamiejska.pl\/en\/author\/admin\/"}]}},"_links":{"self":[{"href":"https:\/\/galeriamiejska.pl\/en\/wp-json\/wp\/v2\/posts\/430","targetHints":{"allow":["GET"]}}],"collection":[{"href":"https:\/\/galeriamiejska.pl\/en\/wp-json\/wp\/v2\/posts"}],"about":[{"href":"https:\/\/galeriamiejska.pl\/en\/wp-json\/wp\/v2\/types\/post"}],"author":[{"embeddable":true,"href":"https:\/\/galeriamiejska.pl\/en\/wp-json\/wp\/v2\/users\/1"}],"replies":[{"embeddable":true,"href":"https:\/\/galeriamiejska.pl\/en\/wp-json\/wp\/v2\/comments?post=430"}],"version-history":[{"count":3,"href":"https:\/\/galeriamiejska.pl\/en\/wp-json\/wp\/v2\/posts\/430\/revisions"}],"predecessor-version":[{"id":7231,"href":"https:\/\/galeriamiejska.pl\/en\/wp-json\/wp\/v2\/posts\/430\/revisions\/7231"}],"wp:featuredmedia":[{"embeddable":true,"href":"https:\/\/galeriamiejska.pl\/en\/wp-json\/wp\/v2\/media\/431"}],"wp:attachment":[{"href":"https:\/\/galeriamiejska.pl\/en\/wp-json\/wp\/v2\/media?parent=430"}],"wp:term":[{"taxonomy":"category","embeddable":true,"href":"https:\/\/galeriamiejska.pl\/en\/wp-json\/wp\/v2\/categories?post=430"},{"taxonomy":"post_tag","embeddable":true,"href":"https:\/\/galeriamiejska.pl\/en\/wp-json\/wp\/v2\/tags?post=430"}],"curies":[{"name":"wp","href":"https:\/\/api.w.org\/{rel}","templated":true}]}}