{"id":421,"date":"2021-01-19T09:59:54","date_gmt":"2021-01-19T09:59:54","guid":{"rendered":"http:\/\/galeriamiejska.pl\/?p=421"},"modified":"2021-09-06T11:43:36","modified_gmt":"2021-09-06T11:43:36","slug":"","status":"publish","type":"post","link":"https:\/\/galeriamiejska.pl\/en\/plecaki-hand-made\/","title":{"rendered":"","raw":""},"content":{"rendered":"","protected":false,"raw":""},"excerpt":{"rendered":"","protected":false,"raw":""},"author":1,"featured_media":422,"comment_status":"open","ping_status":"open","sticky":false,"template":"","format":"standard","meta":{"_pl_post_content":"<!-- wp:heading {\"level\":4} -->\n<h4>Plecaki hand made<\/h4>\n<!-- \/wp:heading -->\n\n<!-- wp:paragraph -->\n<p><strong>Plecaki hand made Galerii Miejskiej we Wroc\u0142awiu powsta\u0142y z&nbsp;banner\u00f3w reklamowych wystaw. Posiadaj\u0105 nadruki z&nbsp;takich ekspozycji jak \"The Kranslas. Whielki Krasnal\" i&nbsp;\"Gazetowe obrazki\"<\/strong><br><br>Materia\u0142 z&nbsp;kt\u00f3rego zosta\u0142y uszyte akcesoria jest wytrzyma\u0142y, odporny na wod\u0119 i&nbsp;sztywny. Wyko\u0144czenia plecak\u00f3w wykonano z&nbsp;ekosk\u00f3ry, natomiast uchwyty stanowi\u0105 gruby i&nbsp;wytrzyma\u0142y sznur zako\u0144czony skuwkami.<br><br>Akcesoria zosta\u0142y uszyte r\u0119cznie. Produkty 100% HAND MADE.<br><br><br>PLECAK \"The Krasnals 1\"<br>wysoko\u015b\u0107: 49 cm<br>d\u0142ugo\u015b\u0107: 36 cm<br>obraz: The Krasnals<br><br>cena: 80 z\u0142<br><\/p>\n<!-- \/wp:paragraph -->\n\n<!-- wp:image {\"id\":423,\"sizeSlug\":\"full\",\"linkDestination\":\"none\"} -->\n<figure class=\"wp-block-image size-full\"><img src=\"http:\/\/galeriamiejska.pl\/wp-content\/uploads\/2021\/01\/699_noname.jpg\" alt=\"\" class=\"wp-image-423\"\/><\/figure>\n<!-- \/wp:image -->\n\n<!-- wp:paragraph -->\n<p>PLECAK \"The Krasnals 2\"<br>wysoko\u015b\u0107: 49 cm<br>d\u0142ugo\u015b\u0107: 36 cm<br>obraz: The Krasnals<br><br>cena: 80 z\u0142<br><\/p>\n<!-- \/wp:paragraph -->\n\n<!-- wp:image {\"id\":3230,\"sizeSlug\":\"full\",\"linkDestination\":\"none\"} -->\n<figure class=\"wp-block-image size-full\"><img src=\"https:\/\/galeriamiejska.pl\/wp-content\/uploads\/2021\/01\/699_1_noname-1.jpg\" alt=\"\" class=\"wp-image-3230\"\/><\/figure>\n<!-- \/wp:image -->\n\n<!-- wp:paragraph -->\n<p>PLECAK dwustronny \"Gazetowe obrazki\"<br>wysoko\u015b\u0107: 49 cm<br>d\u0142ugo\u015b\u0107: 36 cm<br>obraz: Marek Starzyk<\/p>\n<!-- \/wp:paragraph -->\n\n<!-- wp:paragraph -->\n<p>cena: 80 z\u0142<\/p>\n<!-- \/wp:paragraph -->\n\n<!-- wp:image {\"id\":427,\"sizeSlug\":\"full\",\"linkDestination\":\"none\"} -->\n<figure class=\"wp-block-image size-full\"><img src=\"http:\/\/galeriamiejska.pl\/wp-content\/uploads\/2021\/01\/699_2_noname.jpg\" alt=\"\" class=\"wp-image-427\"\/><\/figure>\n<!-- \/wp:image -->\n\n<!-- wp:paragraph -->\n<p>Druga strona plecaka:<\/p>\n<!-- \/wp:paragraph -->\n\n<!-- wp:image {\"id\":428,\"sizeSlug\":\"full\",\"linkDestination\":\"none\"} -->\n<figure class=\"wp-block-image size-full\"><img src=\"http:\/\/galeriamiejska.pl\/wp-content\/uploads\/2021\/01\/699_3_noname.jpg\" alt=\"\" class=\"wp-image-428\"\/><\/figure>\n<!-- \/wp:image -->\n\n<!-- wp:paragraph -->\n<p>Plecaki do nabycia w&nbsp;Galerii Miejskiej we Wroc\u0142awiu ul. Kie\u0142ba\u015bnicza 28<br><br>Przyjmujemy r\u00f3wnie\u017c zam\u00f3wienia pod adresem biuro@galeriamiejska.pl<\/p>\n<!-- \/wp:paragraph -->\n\n<!-- wp:gallery {\"ids\":[3221,3223,3224,3225,3226],\"columns\":5,\"linkTo\":\"file\"} -->\n<figure class=\"wp-block-gallery columns-5 is-cropped\"><ul class=\"blocks-gallery-grid\"><li class=\"blocks-gallery-item\"><figure><a href=\"https:\/\/galeriamiejska.pl\/wp-content\/uploads\/2021\/01\/699_1_noname.jpg\"><img src=\"https:\/\/galeriamiejska.pl\/wp-content\/uploads\/2021\/01\/699_1_noname.jpg\" alt=\"\" data-id=\"3221\" data-full-url=\"https:\/\/galeriamiejska.pl\/wp-content\/uploads\/2021\/01\/699_1_noname.jpg\" data-link=\"https:\/\/galeriamiejska.pl\/plecaki-hand-made\/699_1_noname\/\" class=\"wp-image-3221\"\/><\/a><figcaption class=\"blocks-gallery-item__caption\">Plecaki hand made <\/figcaption><\/figure><\/li><li class=\"blocks-gallery-item\"><figure><a href=\"https:\/\/galeriamiejska.pl\/wp-content\/uploads\/2021\/01\/699_noname-1.jpg\"><img src=\"https:\/\/galeriamiejska.pl\/wp-content\/uploads\/2021\/01\/699_noname-1.jpg\" alt=\"\" data-id=\"3223\" data-full-url=\"https:\/\/galeriamiejska.pl\/wp-content\/uploads\/2021\/01\/699_noname-1.jpg\" data-link=\"https:\/\/galeriamiejska.pl\/plecaki-hand-made\/699_noname-2\/\" class=\"wp-image-3223\"\/><\/a><figcaption class=\"blocks-gallery-item__caption\">Plecaki hand made <\/figcaption><\/figure><\/li><li class=\"blocks-gallery-item\"><figure><a href=\"https:\/\/galeriamiejska.pl\/wp-content\/uploads\/2021\/01\/699_plecaki-hand-made-1.jpg\"><img src=\"https:\/\/galeriamiejska.pl\/wp-content\/uploads\/2021\/01\/699_plecaki-hand-made-1.jpg\" alt=\"\" data-id=\"3224\" data-full-url=\"https:\/\/galeriamiejska.pl\/wp-content\/uploads\/2021\/01\/699_plecaki-hand-made-1.jpg\" data-link=\"https:\/\/galeriamiejska.pl\/plecaki-hand-made\/699_plecaki-hand-made-2\/\" class=\"wp-image-3224\"\/><\/a><figcaption class=\"blocks-gallery-item__caption\">Plecaki hand made <\/figcaption><\/figure><\/li><li class=\"blocks-gallery-item\"><figure><a href=\"https:\/\/galeriamiejska.pl\/wp-content\/uploads\/2021\/01\/699_3_noname-1.jpg\"><img src=\"https:\/\/galeriamiejska.pl\/wp-content\/uploads\/2021\/01\/699_3_noname-1.jpg\" alt=\"\" data-id=\"3225\" data-full-url=\"https:\/\/galeriamiejska.pl\/wp-content\/uploads\/2021\/01\/699_3_noname-1.jpg\" data-link=\"https:\/\/galeriamiejska.pl\/plecaki-hand-made\/699_3_noname-2\/\" class=\"wp-image-3225\"\/><\/a><figcaption class=\"blocks-gallery-item__caption\">Plecaki hand made <\/figcaption><\/figure><\/li><li class=\"blocks-gallery-item\"><figure><a href=\"https:\/\/galeriamiejska.pl\/wp-content\/uploads\/2021\/01\/699_2_noname-1.jpg\"><img src=\"https:\/\/galeriamiejska.pl\/wp-content\/uploads\/2021\/01\/699_2_noname-1.jpg\" alt=\"\" data-id=\"3226\" data-full-url=\"https:\/\/galeriamiejska.pl\/wp-content\/uploads\/2021\/01\/699_2_noname-1.jpg\" data-link=\"https:\/\/galeriamiejska.pl\/plecaki-hand-made\/699_2_noname-2\/\" class=\"wp-image-3226\"\/><\/a><figcaption class=\"blocks-gallery-item__caption\">Plecaki hand made <\/figcaption><\/figure><\/li><\/ul><\/figure>\n<!-- \/wp:gallery -->\n\n<!-- wp:paragraph -->\n<p><br><br><\/p>\n<!-- \/wp:paragraph -->","_pl_post_name":"plecaki-hand-made","_pl_post_excerpt":"autorskie akcesoria z recyclingu","_pl_post_title":"Plecaki hand made","_en_post_content":"","_en_post_name":"","_en_post_excerpt":"","_en_post_title":"","edit_language":"en","footnotes":""},"categories":[18,15],"tags":[],"class_list":["post-421","post","type-post","status-publish","format-standard","has-post-thumbnail","hentry","category-gadzety","category-sklep"],"yoast_head":"<!-- This site is optimized with the Yoast SEO plugin v16.8 - https:\/\/yoast.com\/wordpress\/plugins\/seo\/ -->\n<title>Plecaki hand made - Galeria Miejska we Wroc\u0142awiu<\/title>\n<meta name=\"robots\" content=\"index, follow, max-snippet:-1, max-image-preview:large, max-video-preview:-1\" \/>\n<link rel=\"canonical\" href=\"https:\/\/galeriamiejska.pl\/en\/plecaki-hand-made\/\" \/>\n<meta property=\"og:locale\" content=\"en_US\" \/>\n<meta property=\"og:type\" content=\"article\" \/>\n<meta property=\"og:title\" content=\"Plecaki hand made - Galeria Miejska we Wroc\u0142awiu\" \/>\n<meta property=\"og:description\" content=\"autorskie akcesoria z recyclingu\" \/>\n<meta property=\"og:url\" content=\"https:\/\/galeriamiejska.pl\/en\/plecaki-hand-made\/\" \/>\n<meta property=\"og:site_name\" content=\"Galeria Miejska we Wroc\u0142awiu\" \/>\n<meta property=\"article:published_time\" content=\"2021-01-19T09:59:54+00:00\" \/>\n<meta property=\"article:modified_time\" content=\"2021-09-06T11:43:36+00:00\" \/>\n<meta property=\"og:image\" content=\"https:\/\/galeriamiejska.pl\/wp-content\/uploads\/2021\/01\/699_plecaki-hand-made.jpg\" \/>\n\t<meta property=\"og:image:width\" content=\"640\" \/>\n\t<meta property=\"og:image:height\" content=\"340\" \/>\n<meta name=\"twitter:card\" content=\"summary_large_image\" \/>\n<meta name=\"twitter:label1\" content=\"Written by\" \/>\n\t<meta name=\"twitter:data1\" content=\"admin\" \/>\n\t<meta name=\"twitter:label2\" content=\"Est. reading time\" \/>\n\t<meta name=\"twitter:data2\" content=\"3 minutes\" \/>\n<script type=\"application\/ld+json\" class=\"yoast-schema-graph\">{\"@context\":\"https:\/\/schema.org\",\"@graph\":[{\"@type\":\"WebSite\",\"@id\":\"https:\/\/galeriamiejska.pl\/en\/#website\",\"url\":\"https:\/\/galeriamiejska.pl\/en\/\",\"name\":\"Galeria Miejska we Wroc\\u0142awiu\",\"description\":\"\",\"potentialAction\":[{\"@type\":\"SearchAction\",\"target\":{\"@type\":\"EntryPoint\",\"urlTemplate\":\"https:\/\/galeriamiejska.pl\/en\/?s={search_term_string}\"},\"query-input\":\"required name=search_term_string\"}],\"inLanguage\":\"\"},{\"@type\":\"ImageObject\",\"@id\":\"https:\/\/galeriamiejska.pl\/en\/plecaki-hand-made\/#primaryimage\",\"inLanguage\":\"\",\"url\":\"https:\/\/galeriamiejska.pl\/wp-content\/uploads\/2021\/01\/699_plecaki-hand-made.jpg\",\"contentUrl\":\"https:\/\/galeriamiejska.pl\/wp-content\/uploads\/2021\/01\/699_plecaki-hand-made.jpg\",\"width\":640,\"height\":340},{\"@type\":\"WebPage\",\"@id\":\"https:\/\/galeriamiejska.pl\/en\/plecaki-hand-made\/#webpage\",\"url\":\"https:\/\/galeriamiejska.pl\/en\/plecaki-hand-made\/\",\"name\":\"Plecaki hand made - Galeria Miejska we Wroc\\u0142awiu\",\"isPartOf\":{\"@id\":\"https:\/\/galeriamiejska.pl\/en\/#website\"},\"primaryImageOfPage\":{\"@id\":\"https:\/\/galeriamiejska.pl\/en\/plecaki-hand-made\/#primaryimage\"},\"datePublished\":\"2021-01-19T09:59:54+00:00\",\"dateModified\":\"2021-09-06T11:43:36+00:00\",\"author\":{\"@id\":\"https:\/\/galeriamiejska.pl\/en\/#\/schema\/person\/cd4f04b0a13c9114f95e23b489b6f9cb\"},\"breadcrumb\":{\"@id\":\"https:\/\/galeriamiejska.pl\/en\/plecaki-hand-made\/#breadcrumb\"},\"inLanguage\":\"\",\"potentialAction\":[{\"@type\":\"ReadAction\",\"target\":[\"https:\/\/galeriamiejska.pl\/en\/plecaki-hand-made\/\"]}]},{\"@type\":\"BreadcrumbList\",\"@id\":\"https:\/\/galeriamiejska.pl\/en\/plecaki-hand-made\/#breadcrumb\",\"itemListElement\":[{\"@type\":\"ListItem\",\"position\":1,\"name\":\"Strona g\\u0142\\u00f3wna\",\"item\":\"https:\/\/galeriamiejska.pl\/en\/\"},{\"@type\":\"ListItem\",\"position\":2,\"name\":\"Plecaki hand made\"}]},{\"@type\":\"Person\",\"@id\":\"https:\/\/galeriamiejska.pl\/en\/#\/schema\/person\/cd4f04b0a13c9114f95e23b489b6f9cb\",\"name\":\"admin\",\"image\":{\"@type\":\"ImageObject\",\"@id\":\"https:\/\/galeriamiejska.pl\/en\/#personlogo\",\"inLanguage\":\"\",\"url\":\"https:\/\/secure.gravatar.com\/avatar\/3ded5a36984f92b80e2d99cc96780fe89cd37f7fd652108d182620efbb1566fd?s=96&d=mm&r=g\",\"contentUrl\":\"https:\/\/secure.gravatar.com\/avatar\/3ded5a36984f92b80e2d99cc96780fe89cd37f7fd652108d182620efbb1566fd?s=96&d=mm&r=g\",\"caption\":\"admin\"},\"sameAs\":[\"http:\/\/galeriamiejska.pl\"],\"url\":\"https:\/\/galeriamiejska.pl\/en\/author\/admin\/\"}]}<\/script>\n<!-- \/ Yoast SEO plugin. -->","yoast_head_json":{"title":"Plecaki hand made - Galeria Miejska we Wroc\u0142awiu","robots":{"index":"index","follow":"follow","max-snippet":"max-snippet:-1","max-image-preview":"max-image-preview:large","max-video-preview":"max-video-preview:-1"},"canonical":"https:\/\/galeriamiejska.pl\/en\/plecaki-hand-made\/","og_locale":"en_US","og_type":"article","og_title":"Plecaki hand made - Galeria Miejska we Wroc\u0142awiu","og_description":"autorskie akcesoria z recyclingu","og_url":"https:\/\/galeriamiejska.pl\/en\/plecaki-hand-made\/","og_site_name":"Galeria Miejska we Wroc\u0142awiu","article_published_time":"2021-01-19T09:59:54+00:00","article_modified_time":"2021-09-06T11:43:36+00:00","og_image":[{"width":640,"height":340,"url":"https:\/\/galeriamiejska.pl\/wp-content\/uploads\/2021\/01\/699_plecaki-hand-made.jpg","path":"\/autoinstalator\/wordpress\/wp-content\/uploads\/2021\/01\/699_plecaki-hand-made.jpg","size":"full","id":422,"alt":"","pixels":217600,"type":"image\/jpeg"}],"twitter_card":"summary_large_image","twitter_misc":{"Written by":"admin","Est. reading time":"3 minutes"},"schema":{"@context":"https:\/\/schema.org","@graph":[{"@type":"WebSite","@id":"https:\/\/galeriamiejska.pl\/en\/#website","url":"https:\/\/galeriamiejska.pl\/en\/","name":"Galeria Miejska we Wroc\u0142awiu","description":"","potentialAction":[{"@type":"SearchAction","target":{"@type":"EntryPoint","urlTemplate":"https:\/\/galeriamiejska.pl\/en\/?s={search_term_string}"},"query-input":"required name=search_term_string"}],"inLanguage":""},{"@type":"ImageObject","@id":"https:\/\/galeriamiejska.pl\/en\/plecaki-hand-made\/#primaryimage","inLanguage":"","url":"https:\/\/galeriamiejska.pl\/wp-content\/uploads\/2021\/01\/699_plecaki-hand-made.jpg","contentUrl":"https:\/\/galeriamiejska.pl\/wp-content\/uploads\/2021\/01\/699_plecaki-hand-made.jpg","width":640,"height":340},{"@type":"WebPage","@id":"https:\/\/galeriamiejska.pl\/en\/plecaki-hand-made\/#webpage","url":"https:\/\/galeriamiejska.pl\/en\/plecaki-hand-made\/","name":"Plecaki hand made - Galeria Miejska we Wroc\u0142awiu","isPartOf":{"@id":"https:\/\/galeriamiejska.pl\/en\/#website"},"primaryImageOfPage":{"@id":"https:\/\/galeriamiejska.pl\/en\/plecaki-hand-made\/#primaryimage"},"datePublished":"2021-01-19T09:59:54+00:00","dateModified":"2021-09-06T11:43:36+00:00","author":{"@id":"https:\/\/galeriamiejska.pl\/en\/#\/schema\/person\/cd4f04b0a13c9114f95e23b489b6f9cb"},"breadcrumb":{"@id":"https:\/\/galeriamiejska.pl\/en\/plecaki-hand-made\/#breadcrumb"},"inLanguage":"","potentialAction":[{"@type":"ReadAction","target":["https:\/\/galeriamiejska.pl\/en\/plecaki-hand-made\/"]}]},{"@type":"BreadcrumbList","@id":"https:\/\/galeriamiejska.pl\/en\/plecaki-hand-made\/#breadcrumb","itemListElement":[{"@type":"ListItem","position":1,"name":"Strona g\u0142\u00f3wna","item":"https:\/\/galeriamiejska.pl\/en\/"},{"@type":"ListItem","position":2,"name":"Plecaki hand made"}]},{"@type":"Person","@id":"https:\/\/galeriamiejska.pl\/en\/#\/schema\/person\/cd4f04b0a13c9114f95e23b489b6f9cb","name":"admin","image":{"@type":"ImageObject","@id":"https:\/\/galeriamiejska.pl\/en\/#personlogo","inLanguage":"","url":"https:\/\/secure.gravatar.com\/avatar\/3ded5a36984f92b80e2d99cc96780fe89cd37f7fd652108d182620efbb1566fd?s=96&d=mm&r=g","contentUrl":"https:\/\/secure.gravatar.com\/avatar\/3ded5a36984f92b80e2d99cc96780fe89cd37f7fd652108d182620efbb1566fd?s=96&d=mm&r=g","caption":"admin"},"sameAs":["http:\/\/galeriamiejska.pl"],"url":"https:\/\/galeriamiejska.pl\/en\/author\/admin\/"}]}},"_links":{"self":[{"href":"https:\/\/galeriamiejska.pl\/en\/wp-json\/wp\/v2\/posts\/421","targetHints":{"allow":["GET"]}}],"collection":[{"href":"https:\/\/galeriamiejska.pl\/en\/wp-json\/wp\/v2\/posts"}],"about":[{"href":"https:\/\/galeriamiejska.pl\/en\/wp-json\/wp\/v2\/types\/post"}],"author":[{"embeddable":true,"href":"https:\/\/galeriamiejska.pl\/en\/wp-json\/wp\/v2\/users\/1"}],"replies":[{"embeddable":true,"href":"https:\/\/galeriamiejska.pl\/en\/wp-json\/wp\/v2\/comments?post=421"}],"version-history":[{"count":5,"href":"https:\/\/galeriamiejska.pl\/en\/wp-json\/wp\/v2\/posts\/421\/revisions"}],"predecessor-version":[{"id":3232,"href":"https:\/\/galeriamiejska.pl\/en\/wp-json\/wp\/v2\/posts\/421\/revisions\/3232"}],"wp:featuredmedia":[{"embeddable":true,"href":"https:\/\/galeriamiejska.pl\/en\/wp-json\/wp\/v2\/media\/422"}],"wp:attachment":[{"href":"https:\/\/galeriamiejska.pl\/en\/wp-json\/wp\/v2\/media?parent=421"}],"wp:term":[{"taxonomy":"category","embeddable":true,"href":"https:\/\/galeriamiejska.pl\/en\/wp-json\/wp\/v2\/categories?post=421"},{"taxonomy":"post_tag","embeddable":true,"href":"https:\/\/galeriamiejska.pl\/en\/wp-json\/wp\/v2\/tags?post=421"}],"curies":[{"name":"wp","href":"https:\/\/api.w.org\/{rel}","templated":true}]}}