{"id":395,"date":"2021-01-19T09:44:26","date_gmt":"2021-01-19T09:44:26","guid":{"rendered":"http:\/\/galeriamiejska.pl\/?p=395"},"modified":"2021-08-05T08:05:30","modified_gmt":"2021-08-05T08:05:30","slug":"","status":"publish","type":"post","link":"https:\/\/galeriamiejska.pl\/en\/agnieszka-ewa-braun\/","title":{"rendered":"","raw":""},"content":{"rendered":"<div id=\"gutenslider-qrzkvjp5m\" class=\"wp-block-eedee-block-gutenslider content-fixed alignnone arrow-style-1 arrow-position-sides arrow-mb-none arrows-lg arrows-md arrows-sm dot-style-1 dots-lg dots-md dots-sm dot-position-bottom is-position-center-center mb-none\" style=\"--gutenslider-min-height: 50vh;--gutenslider-arrow-size: 30px;--gutenslider-dot-size: 25px;--gutenslider-arrow-color: #ffffff;--gutenslider-dot-color: #ffffff;--gutenslider-padding-y-mobile: 40px;--gutenslider-padding-x-mobile: 40px;--gutenslider-padding-y-tablet: 40px;--gutenslider-padding-x-tablet: 40px;--gutenslider-padding-y-desktop: 40px;--gutenslider-padding-x-desktop: 40px;--gutenslider-bg-image: url();--gutenslider-min-height-md: 50vh;--gutenslider-min-height-sm: 50vh;--gutenslider-padding-x: 40px;--gutenslider-padding-x-md: 40px;--gutenslider-padding-x-sm: 20px;--gutenslider-padding-y: 40px;--gutenslider-padding-y-md: 40px;--gutenslider-padding-y-sm: 20px;--gutenslider-arrow-size-md: 30px;--gutenslider-arrow-size-sm: 30px;--gutenslider-dot-size-md: 25px;--gutenslider-dot-size-sm: 25px;--gutenslider-arrow-bg-color: transparent;--gutenslider-arrow-hover-color: #eeeeee;--gutenslider-arrow-bg-hover-color: transparent;--gutenslider-arrow-x-offset: 10px;--gutenslider-arrow-x-offset-md: 10px;--gutenslider-arrow-x-offset-sm: 10px;--gutenslider-arrow-y-offset: 0px;--gutenslider-arrow-y-offset-md: 0px;--gutenslider-arrow-y-offset-sm: 0px;--gutenslider-arrow-x-spacing: 0px;--gutenslider-dot-y-offset: 10px;--gutenslider-dot-y-offset-md: 10px;--gutenslider-dot-y-offset-sm: 10px;--gutenslider-margin-x: 0px;--gutenslider-margin-x-md: 0px;--gutenslider-margin-x-sm: 0px;--gutenslider-margin-y: 0px;--gutenslider-margin-y-md: 0px;--gutenslider-margin-y-sm: 0px;--gutenslider-divider-top: 60px;--gutenslider-divider-bottom: 60px;\" data-parallax-direction=\"down\" data-parallax-amount=\"1.3\"><div class=\"eedee-swiper-outer\"><div class=\"gutenslider-divider-top\" style=\"color:#fff; height:60px;\"><\/div><div class=\"swiper-container\" data-settings='{\"autoplay\":false,\"speed\":700,\"direction\":\"horizontal\",\"autoHeight\":false,\"loop\":true,\"centeredSlides\":true,\"spaceBetween\":0,\"slidesPerView\":1,\"slidesPerGroup\":1,\"effect\":\"slide\",\"coverflowEffect\":{\"rotate\":30,\"slideShadows\":false,\"depth\":100,\"stretch\":50,\"modifier\":1},\"fadeEffect\":{\"crossFade\":true},\"zoom\":false,\"navigation\":{\"nextEl\":\"#gutenslider-qrzkvjp5m .eedee-gutenslider-next\",\"prevEl\":\"#gutenslider-qrzkvjp5m .eedee-gutenslider-prev\"},\"pagination\":{\"type\":\"bullets\",\"clickable\":true,\"dynamicBullets\":false,\"el\":\"#gutenslider-qrzkvjp5m .eedee-gutenslider-pagination\"},\"pauseOnHover\":true,\"watchSlidesProgress\":true,\"watchSlidesVisibility\":true,\"settingsMd\":{\"autoHeight\":false,\"slidesPerView\":1,\"slidesPerGroup\":1,\"spaceBetween\":0},\"settingsLg\":{\"autoHeight\":true,\"slidesPerView\":1,\"slidesPerGroup\":1,\"spaceBetween\":0}}'><div class=\"swiper-wrapper\">\n<div class=\"swiper-slide wp-block-eedee-block-gutenslide is-position-center-center\" style=\"\"><div class=\"eedee-background-div\"><img loading=\"lazy\" decoding=\"async\" width=\"660\" height=\"322\" class=\"swiper-lazy wp-image-3167\" src=\"https:\/\/galeriamiejska.pl\/wp-content\/uploads\/2021\/01\/205_4_dyplom-2014-ksztalty-czasu-1.jpg\" alt=\"Przemys\u0142aw Tyszkiewicz, Chabrowy Ksi\u0119\u017cyc P\u00f3l Mrozowych, 2011, akwaforta akwatinta 67 x 94\" style=\"object-fit: cover; object-position: 50% 50%;\" srcset=\"https:\/\/galeriamiejska.pl\/wp-content\/uploads\/2021\/01\/205_4_dyplom-2014-ksztalty-czasu-1.jpg 660w, https:\/\/galeriamiejska.pl\/wp-content\/uploads\/2021\/01\/205_4_dyplom-2014-ksztalty-czasu-1-300x146.jpg 300w\" sizes=\"auto, (max-width: 660px) 100vw, 660px\" \/><div style=\"text-align:left;font-size:14px;color:#999;margin-top:5px;\"> dyplom 2014 &#8220;Kszta\u0142ty czasu&#8221;  <\/div><div class=\"eedee-background-div__overlay\" style=\"opacity:1;\"><\/div><\/div><div class=\"slide-content\">\n\n<p class=\"has-text-align-center gutenslider-content-initial has-larger-font-size\"><\/p>\n\n<\/div><\/div>\n\n<div class=\"swiper-slide wp-block-eedee-block-gutenslide is-position-center-center\" style=\"\"><div class=\"eedee-background-div\"><img loading=\"lazy\" decoding=\"async\" width=\"439\" height=\"660\" class=\"swiper-lazy wp-image-3168\" src=\"https:\/\/galeriamiejska.pl\/wp-content\/uploads\/2021\/01\/205_5_dyplom-2014-ksztalty-czasu-1.jpg\" alt=\"Przemys\u0142aw Tyszkiewicz, Chabrowy Ksi\u0119\u017cyc P\u00f3l Mrozowych, 2011, akwaforta akwatinta 67 x 94\" style=\"object-fit: cover; object-position: 50% 50%;\" srcset=\"https:\/\/galeriamiejska.pl\/wp-content\/uploads\/2021\/01\/205_5_dyplom-2014-ksztalty-czasu-1.jpg 439w, https:\/\/galeriamiejska.pl\/wp-content\/uploads\/2021\/01\/205_5_dyplom-2014-ksztalty-czasu-1-200x300.jpg 200w\" sizes=\"auto, (max-width: 439px) 100vw, 439px\" \/><div style=\"text-align:left;font-size:14px;color:#999;margin-top:5px;\"> dyplom 2014 &#8220;Kszta\u0142ty czasu&#8221;  <\/div><div class=\"eedee-background-div__overlay\" style=\"opacity:1;\"><\/div><\/div><div class=\"slide-content\">\n\n<p class=\"has-text-align-center gutenslider-content-initial has-larger-font-size\"><\/p>\n\n<\/div><\/div>\n\n<div class=\"swiper-slide wp-block-eedee-block-gutenslide is-position-center-center\" style=\"\"><div class=\"eedee-background-div\"><img loading=\"lazy\" decoding=\"async\" width=\"495\" height=\"660\" class=\"swiper-lazy wp-image-3169\" src=\"https:\/\/galeriamiejska.pl\/wp-content\/uploads\/2021\/01\/205_agnieszka-ewa-braun-ablucja-2013-instalacja-wideo-projekcja-na-wodzie-1.jpg\" alt=\"Przemys\u0142aw Tyszkiewicz, Chabrowy Ksi\u0119\u017cyc P\u00f3l Mrozowych, 2011, akwaforta akwatinta 67 x 94\" style=\"object-fit: cover; object-position: 50% 50%;\" srcset=\"https:\/\/galeriamiejska.pl\/wp-content\/uploads\/2021\/01\/205_agnieszka-ewa-braun-ablucja-2013-instalacja-wideo-projekcja-na-wodzie-1.jpg 495w, https:\/\/galeriamiejska.pl\/wp-content\/uploads\/2021\/01\/205_agnieszka-ewa-braun-ablucja-2013-instalacja-wideo-projekcja-na-wodzie-1-225x300.jpg 225w\" sizes=\"auto, (max-width: 495px) 100vw, 495px\" \/><div style=\"text-align:left;font-size:14px;color:#999;margin-top:5px;\"> Agnieszka Ewa Braun, Ablucja, 2013, instalacja, wideo-projekcja na wodzie  <\/div><div class=\"eedee-background-div__overlay\" style=\"opacity:1;\"><\/div><\/div><div class=\"slide-content\">\n\n<p class=\"has-text-align-center gutenslider-content-initial has-larger-font-size\"><\/p>\n\n<\/div><\/div>\n\n<div class=\"swiper-slide wp-block-eedee-block-gutenslide is-position-center-center\" style=\"\"><div class=\"eedee-background-div\"><img loading=\"lazy\" decoding=\"async\" width=\"660\" height=\"366\" class=\"swiper-lazy wp-image-3170\" src=\"https:\/\/galeriamiejska.pl\/wp-content\/uploads\/2021\/01\/205_agnieszka-ewa-braun-uklad-odniesienia-dokumentacja-jako-dzielo-20122013-instalacja-1.jpg\" alt=\"Przemys\u0142aw Tyszkiewicz, Chabrowy Ksi\u0119\u017cyc P\u00f3l Mrozowych, 2011, akwaforta akwatinta 67 x 94\" style=\"object-fit: cover; object-position: 50% 50%;\" srcset=\"https:\/\/galeriamiejska.pl\/wp-content\/uploads\/2021\/01\/205_agnieszka-ewa-braun-uklad-odniesienia-dokumentacja-jako-dzielo-20122013-instalacja-1.jpg 660w, https:\/\/galeriamiejska.pl\/wp-content\/uploads\/2021\/01\/205_agnieszka-ewa-braun-uklad-odniesienia-dokumentacja-jako-dzielo-20122013-instalacja-1-300x166.jpg 300w\" sizes=\"auto, (max-width: 660px) 100vw, 660px\" \/><div style=\"text-align:left;font-size:14px;color:#999;margin-top:5px;\"> Agnieszka Ewa Braun, Uklad Odniesienia, Dokumentacja jako dzie\u0142o, 2012\/2013, instalacja  <\/div><div class=\"eedee-background-div__overlay\" style=\"opacity:1;\"><\/div><\/div><div class=\"slide-content\">\n\n<p class=\"has-text-align-center gutenslider-content-initial has-larger-font-size\"><\/p>\n\n<\/div><\/div>\n\n<div class=\"swiper-slide wp-block-eedee-block-gutenslide is-position-center-center\" style=\"\"><div class=\"eedee-background-div\"><img loading=\"lazy\" decoding=\"async\" width=\"440\" height=\"660\" class=\"swiper-lazy wp-image-3171\" src=\"https:\/\/galeriamiejska.pl\/wp-content\/uploads\/2021\/01\/205_agnieszka-ewa-braun-z-cyklu-cielesnosc-przedmiotu-2013-fotoobiekty-3d-z-papieru-skala-1-do-1-1.jpg\" alt=\"Przemys\u0142aw Tyszkiewicz, Chabrowy Ksi\u0119\u017cyc P\u00f3l Mrozowych, 2011, akwaforta akwatinta 67 x 94\" style=\"object-fit: cover; object-position: 50% 50%;\" srcset=\"https:\/\/galeriamiejska.pl\/wp-content\/uploads\/2021\/01\/205_agnieszka-ewa-braun-z-cyklu-cielesnosc-przedmiotu-2013-fotoobiekty-3d-z-papieru-skala-1-do-1-1.jpg 440w, https:\/\/galeriamiejska.pl\/wp-content\/uploads\/2021\/01\/205_agnieszka-ewa-braun-z-cyklu-cielesnosc-przedmiotu-2013-fotoobiekty-3d-z-papieru-skala-1-do-1-1-200x300.jpg 200w\" sizes=\"auto, (max-width: 440px) 100vw, 440px\" \/><div style=\"text-align:left;font-size:14px;color:#999;margin-top:5px;\"> Agnieszka Ewa Braun, z cyklu Cielesno\u015b\u0107 przedmiotu, 2013, fotoobiekty 3d z papieru, skala 1 do 1  <\/div><div class=\"eedee-background-div__overlay\" style=\"opacity:1;\"><\/div><\/div><div class=\"slide-content\">\n\n<p class=\"has-text-align-center gutenslider-content-initial has-larger-font-size\"><\/p>\n\n<\/div><\/div>\n\n<div class=\"swiper-slide wp-block-eedee-block-gutenslide is-position-center-center\" style=\"\"><div class=\"eedee-background-div\"><img loading=\"lazy\" decoding=\"async\" width=\"660\" height=\"495\" class=\"swiper-lazy wp-image-3172\" src=\"https:\/\/galeriamiejska.pl\/wp-content\/uploads\/2021\/01\/205_agnieszka-ewa-braun-z-cyklu-dorastanie-2012-2013-fotografia-200-x-140-1.jpg\" alt=\"Przemys\u0142aw Tyszkiewicz, Chabrowy Ksi\u0119\u017cyc P\u00f3l Mrozowych, 2011, akwaforta akwatinta 67 x 94\" style=\"object-fit: cover; object-position: 50% 50%;\" srcset=\"https:\/\/galeriamiejska.pl\/wp-content\/uploads\/2021\/01\/205_agnieszka-ewa-braun-z-cyklu-dorastanie-2012-2013-fotografia-200-x-140-1.jpg 660w, https:\/\/galeriamiejska.pl\/wp-content\/uploads\/2021\/01\/205_agnieszka-ewa-braun-z-cyklu-dorastanie-2012-2013-fotografia-200-x-140-1-300x225.jpg 300w\" sizes=\"auto, (max-width: 660px) 100vw, 660px\" \/><div style=\"text-align:left;font-size:14px;color:#999;margin-top:5px;\"> Agnieszka Ewa Braun, z cyklu Dorastanie, 2012-2013, fotografia, 200 x 140  <\/div><div class=\"eedee-background-div__overlay\" style=\"opacity:1;\"><\/div><\/div><div class=\"slide-content\">\n\n<p class=\"has-text-align-center gutenslider-content-initial has-larger-font-size\"><\/p>\n\n<\/div><\/div>\n\n<div class=\"swiper-slide wp-block-eedee-block-gutenslide is-position-center-center\" style=\"\"><div class=\"eedee-background-div\"><img loading=\"lazy\" decoding=\"async\" width=\"462\" height=\"660\" class=\"swiper-lazy wp-image-3173\" src=\"https:\/\/galeriamiejska.pl\/wp-content\/uploads\/2021\/01\/205_agnieszka-ewa-braun-z-cyklu-immanencje-2012-grafika-komputerowa-100-x-70-1.jpg\" alt=\"Przemys\u0142aw Tyszkiewicz, Chabrowy Ksi\u0119\u017cyc P\u00f3l Mrozowych, 2011, akwaforta akwatinta 67 x 94\" style=\"object-fit: cover; object-position: 50% 50%;\" srcset=\"https:\/\/galeriamiejska.pl\/wp-content\/uploads\/2021\/01\/205_agnieszka-ewa-braun-z-cyklu-immanencje-2012-grafika-komputerowa-100-x-70-1.jpg 462w, https:\/\/galeriamiejska.pl\/wp-content\/uploads\/2021\/01\/205_agnieszka-ewa-braun-z-cyklu-immanencje-2012-grafika-komputerowa-100-x-70-1-210x300.jpg 210w\" sizes=\"auto, (max-width: 462px) 100vw, 462px\" \/><div style=\"text-align:left;font-size:14px;color:#999;margin-top:5px;\"> Agnieszka Ewa Braun, z cyklu Immanencje, 2012, grafika komputerowa, 100 x 70  <\/div><div class=\"eedee-background-div__overlay\" style=\"opacity:1;\"><\/div><\/div><div class=\"slide-content\">\n\n<p class=\"has-text-align-center gutenslider-content-initial has-larger-font-size\"><\/p>\n\n<\/div><\/div>\n\n<div class=\"swiper-slide wp-block-eedee-block-gutenslide is-position-center-center\" style=\"\"><div class=\"eedee-background-div\"><img loading=\"lazy\" decoding=\"async\" width=\"567\" height=\"377\" class=\"swiper-lazy wp-image-3174\" src=\"https:\/\/galeriamiejska.pl\/wp-content\/uploads\/2021\/01\/205_dyplom-2014-ksztalty-czasu-1.jpg\" alt=\"Przemys\u0142aw Tyszkiewicz, Chabrowy Ksi\u0119\u017cyc P\u00f3l Mrozowych, 2011, akwaforta akwatinta 67 x 94\" style=\"object-fit: cover; object-position: 50% 50%;\" srcset=\"https:\/\/galeriamiejska.pl\/wp-content\/uploads\/2021\/01\/205_dyplom-2014-ksztalty-czasu-1.jpg 567w, https:\/\/galeriamiejska.pl\/wp-content\/uploads\/2021\/01\/205_dyplom-2014-ksztalty-czasu-1-300x199.jpg 300w\" sizes=\"auto, (max-width: 567px) 100vw, 567px\" \/><div style=\"text-align:left;font-size:14px;color:#999;margin-top:5px;\"> dyplom 2014 &#8220;Kszta\u0142ty czasu&#8221;  <\/div><div class=\"eedee-background-div__overlay\" style=\"opacity:1;\"><\/div><\/div><div class=\"slide-content\">\n\n<p class=\"has-text-align-center gutenslider-content-initial has-larger-font-size\"><\/p>\n\n<\/div><\/div>\n\n<div class=\"swiper-slide wp-block-eedee-block-gutenslide is-position-center-center\" style=\"\"><div class=\"eedee-background-div\"><img loading=\"lazy\" decoding=\"async\" width=\"660\" height=\"496\" class=\"swiper-lazy wp-image-3175\" src=\"https:\/\/galeriamiejska.pl\/wp-content\/uploads\/2021\/01\/205_1_agnieszka-ewa-braun-z-cyklu-dorastanie-2012-2013-fotografia-200-x-140-1.jpg\" alt=\"Przemys\u0142aw Tyszkiewicz, Chabrowy Ksi\u0119\u017cyc P\u00f3l Mrozowych, 2011, akwaforta akwatinta 67 x 94\" style=\"object-fit: cover; object-position: 50% 50%;\" srcset=\"https:\/\/galeriamiejska.pl\/wp-content\/uploads\/2021\/01\/205_1_agnieszka-ewa-braun-z-cyklu-dorastanie-2012-2013-fotografia-200-x-140-1.jpg 660w, https:\/\/galeriamiejska.pl\/wp-content\/uploads\/2021\/01\/205_1_agnieszka-ewa-braun-z-cyklu-dorastanie-2012-2013-fotografia-200-x-140-1-300x225.jpg 300w\" sizes=\"auto, (max-width: 660px) 100vw, 660px\" \/><div style=\"text-align:left;font-size:14px;color:#999;margin-top:5px;\"> Agnieszka Ewa Braun, z cyklu Dorastanie, 2012-2013, fotografia, 200 x 140  <\/div><div class=\"eedee-background-div__overlay\" style=\"opacity:1;\"><\/div><\/div><div class=\"slide-content\">\n\n<p class=\"has-text-align-center gutenslider-content-initial has-larger-font-size\"><\/p>\n\n<\/div><\/div>\n\n<div class=\"swiper-slide wp-block-eedee-block-gutenslide is-position-center-center\" style=\"\"><div class=\"eedee-background-div\"><img loading=\"lazy\" decoding=\"async\" width=\"462\" height=\"660\" class=\"swiper-lazy wp-image-3176\" src=\"https:\/\/galeriamiejska.pl\/wp-content\/uploads\/2021\/01\/205_1_agnieszka-ewa-braun-z-cyklu-immanencje-2012-grafika-komputerowa-100-x-70-1.jpg\" alt=\"Przemys\u0142aw Tyszkiewicz, Chabrowy Ksi\u0119\u017cyc P\u00f3l Mrozowych, 2011, akwaforta akwatinta 67 x 94\" style=\"object-fit: cover; object-position: 50% 50%;\" srcset=\"https:\/\/galeriamiejska.pl\/wp-content\/uploads\/2021\/01\/205_1_agnieszka-ewa-braun-z-cyklu-immanencje-2012-grafika-komputerowa-100-x-70-1.jpg 462w, https:\/\/galeriamiejska.pl\/wp-content\/uploads\/2021\/01\/205_1_agnieszka-ewa-braun-z-cyklu-immanencje-2012-grafika-komputerowa-100-x-70-1-210x300.jpg 210w\" sizes=\"auto, (max-width: 462px) 100vw, 462px\" \/><div style=\"text-align:left;font-size:14px;color:#999;margin-top:5px;\"> Agnieszka Ewa Braun, z cyklu Immanencje, 2012, grafika komputerowa, 100 x 70  <\/div><div class=\"eedee-background-div__overlay\" style=\"opacity:1;\"><\/div><\/div><div class=\"slide-content\">\n\n<p class=\"has-text-align-center gutenslider-content-initial has-larger-font-size\"><\/p>\n\n<\/div><\/div>\n\n<div class=\"swiper-slide wp-block-eedee-block-gutenslide is-position-center-center\" style=\"\"><div class=\"eedee-background-div\"><img loading=\"lazy\" decoding=\"async\" width=\"439\" height=\"660\" class=\"swiper-lazy wp-image-3177\" src=\"https:\/\/galeriamiejska.pl\/wp-content\/uploads\/2021\/01\/205_1_dyplom-2014-ksztalty-czasu-1.jpg\" alt=\"Przemys\u0142aw Tyszkiewicz, Chabrowy Ksi\u0119\u017cyc P\u00f3l Mrozowych, 2011, akwaforta akwatinta 67 x 94\" style=\"object-fit: cover; object-position: 50% 50%;\" srcset=\"https:\/\/galeriamiejska.pl\/wp-content\/uploads\/2021\/01\/205_1_dyplom-2014-ksztalty-czasu-1.jpg 439w, https:\/\/galeriamiejska.pl\/wp-content\/uploads\/2021\/01\/205_1_dyplom-2014-ksztalty-czasu-1-200x300.jpg 200w\" sizes=\"auto, (max-width: 439px) 100vw, 439px\" \/><div style=\"text-align:left;font-size:14px;color:#999;margin-top:5px;\"> dyplom 2014 &#8220;Kszta\u0142ty czasu&#8221;  <\/div><div class=\"eedee-background-div__overlay\" style=\"opacity:1;\"><\/div><\/div><div class=\"slide-content\">\n\n<p class=\"has-text-align-center gutenslider-content-initial has-larger-font-size\"><\/p>\n\n<\/div><\/div>\n\n<div class=\"swiper-slide wp-block-eedee-block-gutenslide is-position-center-center\" style=\"\"><div class=\"eedee-background-div\"><img loading=\"lazy\" decoding=\"async\" width=\"660\" height=\"495\" class=\"swiper-lazy wp-image-3178\" src=\"https:\/\/galeriamiejska.pl\/wp-content\/uploads\/2021\/01\/205_2_agnieszka-ewa-braun-ablucja-2013-instalacja-wideo-projekcja-na-wodzie-1.jpg\" alt=\"Przemys\u0142aw Tyszkiewicz, Chabrowy Ksi\u0119\u017cyc P\u00f3l Mrozowych, 2011, akwaforta akwatinta 67 x 94\" style=\"object-fit: cover; object-position: 50% 50%;\" srcset=\"https:\/\/galeriamiejska.pl\/wp-content\/uploads\/2021\/01\/205_2_agnieszka-ewa-braun-ablucja-2013-instalacja-wideo-projekcja-na-wodzie-1.jpg 660w, https:\/\/galeriamiejska.pl\/wp-content\/uploads\/2021\/01\/205_2_agnieszka-ewa-braun-ablucja-2013-instalacja-wideo-projekcja-na-wodzie-1-300x225.jpg 300w\" sizes=\"auto, (max-width: 660px) 100vw, 660px\" \/><div style=\"text-align:left;font-size:14px;color:#999;margin-top:5px;\"> Agnieszka Ewa Braun, Ablucja, 2013, instalacja, wideo-projekcja na wodzie  <\/div><div class=\"eedee-background-div__overlay\" style=\"opacity:1;\"><\/div><\/div><div class=\"slide-content\">\n\n<p class=\"has-text-align-center gutenslider-content-initial has-larger-font-size\"><\/p>\n\n<\/div><\/div>\n\n<div class=\"swiper-slide wp-block-eedee-block-gutenslide is-position-center-center\" style=\"\"><div class=\"eedee-background-div\"><img loading=\"lazy\" decoding=\"async\" width=\"660\" height=\"371\" class=\"swiper-lazy wp-image-3179\" src=\"https:\/\/galeriamiejska.pl\/wp-content\/uploads\/2021\/01\/205_2_agnieszka-ewa-braun-uklad-odniesienia-dokumentacja-jako-dzielo-20122013-instalacja-1.jpg\" alt=\"Przemys\u0142aw Tyszkiewicz, Chabrowy Ksi\u0119\u017cyc P\u00f3l Mrozowych, 2011, akwaforta akwatinta 67 x 94\" style=\"object-fit: cover; object-position: 50% 50%;\" srcset=\"https:\/\/galeriamiejska.pl\/wp-content\/uploads\/2021\/01\/205_2_agnieszka-ewa-braun-uklad-odniesienia-dokumentacja-jako-dzielo-20122013-instalacja-1.jpg 660w, https:\/\/galeriamiejska.pl\/wp-content\/uploads\/2021\/01\/205_2_agnieszka-ewa-braun-uklad-odniesienia-dokumentacja-jako-dzielo-20122013-instalacja-1-300x169.jpg 300w\" sizes=\"auto, (max-width: 660px) 100vw, 660px\" \/><div style=\"text-align:left;font-size:14px;color:#999;margin-top:5px;\"> Agnieszka Ewa Braun, Uklad Odniesienia, Dokumentacja jako dzie\u0142o, 2012\/2013, instalacja  <\/div><div class=\"eedee-background-div__overlay\" style=\"opacity:1;\"><\/div><\/div><div class=\"slide-content\">\n\n<p class=\"has-text-align-center gutenslider-content-initial has-larger-font-size\"><\/p>\n\n<\/div><\/div>\n\n<div class=\"swiper-slide wp-block-eedee-block-gutenslide is-position-center-center\" style=\"\"><div class=\"eedee-background-div\"><img loading=\"lazy\" decoding=\"async\" width=\"377\" height=\"567\" class=\"swiper-lazy wp-image-3180\" src=\"https:\/\/galeriamiejska.pl\/wp-content\/uploads\/2021\/01\/205_2_dyplom-2014-ksztalty-czasu-1.jpg\" alt=\"Przemys\u0142aw Tyszkiewicz, Chabrowy Ksi\u0119\u017cyc P\u00f3l Mrozowych, 2011, akwaforta akwatinta 67 x 94\" style=\"object-fit: cover; object-position: 50% 50%;\" srcset=\"https:\/\/galeriamiejska.pl\/wp-content\/uploads\/2021\/01\/205_2_dyplom-2014-ksztalty-czasu-1.jpg 377w, https:\/\/galeriamiejska.pl\/wp-content\/uploads\/2021\/01\/205_2_dyplom-2014-ksztalty-czasu-1-199x300.jpg 199w\" sizes=\"auto, (max-width: 377px) 100vw, 377px\" \/><div style=\"text-align:left;font-size:14px;color:#999;margin-top:5px;\"> dyplom 2014 &#8220;Kszta\u0142ty czasu&#8221;  <\/div><div class=\"eedee-background-div__overlay\" style=\"opacity:1;\"><\/div><\/div><div class=\"slide-content\">\n\n<p class=\"has-text-align-center gutenslider-content-initial has-larger-font-size\"><\/p>\n\n<\/div><\/div>\n\n<div class=\"swiper-slide wp-block-eedee-block-gutenslide is-position-center-center\" style=\"\"><div class=\"eedee-background-div\"><img loading=\"lazy\" decoding=\"async\" width=\"660\" height=\"371\" class=\"swiper-lazy wp-image-3181\" src=\"https:\/\/galeriamiejska.pl\/wp-content\/uploads\/2021\/01\/205_3_agnieszka-ewa-braun-uklad-odniesienia-dokumentacja-jako-dzielo-20122013-instalacja-1.jpg\" alt=\"Przemys\u0142aw Tyszkiewicz, Chabrowy Ksi\u0119\u017cyc P\u00f3l Mrozowych, 2011, akwaforta akwatinta 67 x 94\" style=\"object-fit: cover; object-position: 50% 50%;\" srcset=\"https:\/\/galeriamiejska.pl\/wp-content\/uploads\/2021\/01\/205_3_agnieszka-ewa-braun-uklad-odniesienia-dokumentacja-jako-dzielo-20122013-instalacja-1.jpg 660w, https:\/\/galeriamiejska.pl\/wp-content\/uploads\/2021\/01\/205_3_agnieszka-ewa-braun-uklad-odniesienia-dokumentacja-jako-dzielo-20122013-instalacja-1-300x169.jpg 300w\" sizes=\"auto, (max-width: 660px) 100vw, 660px\" \/><div style=\"text-align:left;font-size:14px;color:#999;margin-top:5px;\"> Agnieszka Ewa Braun, Uklad Odniesienia, Dokumentacja jako dzie\u0142o, 2012\/2013, instalacja  <\/div><div class=\"eedee-background-div__overlay\" style=\"opacity:1;\"><\/div><\/div><div class=\"slide-content\">\n\n<p class=\"has-text-align-center gutenslider-content-initial has-larger-font-size\"><\/p>\n\n<\/div><\/div>\n\n<div class=\"swiper-slide wp-block-eedee-block-gutenslide is-position-center-center\" style=\"\"><div class=\"eedee-background-div\"><img loading=\"lazy\" decoding=\"async\" width=\"462\" height=\"660\" class=\"swiper-lazy wp-image-3182\" src=\"https:\/\/galeriamiejska.pl\/wp-content\/uploads\/2021\/01\/205_3_agnieszka-ewa-braun-z-cyklu-immanencje-2012-grafika-komputerowa-100-x-70-1.jpg\" alt=\"Przemys\u0142aw Tyszkiewicz, Chabrowy Ksi\u0119\u017cyc P\u00f3l Mrozowych, 2011, akwaforta akwatinta 67 x 94\" style=\"object-fit: cover; object-position: 50% 50%;\" srcset=\"https:\/\/galeriamiejska.pl\/wp-content\/uploads\/2021\/01\/205_3_agnieszka-ewa-braun-z-cyklu-immanencje-2012-grafika-komputerowa-100-x-70-1.jpg 462w, https:\/\/galeriamiejska.pl\/wp-content\/uploads\/2021\/01\/205_3_agnieszka-ewa-braun-z-cyklu-immanencje-2012-grafika-komputerowa-100-x-70-1-210x300.jpg 210w\" sizes=\"auto, (max-width: 462px) 100vw, 462px\" \/><div style=\"text-align:left;font-size:14px;color:#999;margin-top:5px;\"> Agnieszka Ewa Braun, z cyklu Immanencje, 2012, grafika komputerowa, 100 x 70  <\/div><div class=\"eedee-background-div__overlay\" style=\"opacity:1;\"><\/div><\/div><div class=\"slide-content\">\n\n<p class=\"has-text-align-center gutenslider-content-initial has-larger-font-size\"><\/p>\n\n<\/div><\/div>\n\n<div class=\"swiper-slide wp-block-eedee-block-gutenslide is-position-center-center\" style=\"\"><div class=\"eedee-background-div\"><img loading=\"lazy\" decoding=\"async\" width=\"378\" height=\"567\" class=\"swiper-lazy wp-image-3183\" src=\"https:\/\/galeriamiejska.pl\/wp-content\/uploads\/2021\/01\/205_3_dyplom-2014-ksztalty-czasu-1.jpg\" alt=\"Przemys\u0142aw Tyszkiewicz, Chabrowy Ksi\u0119\u017cyc P\u00f3l Mrozowych, 2011, akwaforta akwatinta 67 x 94\" style=\"object-fit: cover; object-position: 50% 50%;\" srcset=\"https:\/\/galeriamiejska.pl\/wp-content\/uploads\/2021\/01\/205_3_dyplom-2014-ksztalty-czasu-1.jpg 378w, https:\/\/galeriamiejska.pl\/wp-content\/uploads\/2021\/01\/205_3_dyplom-2014-ksztalty-czasu-1-200x300.jpg 200w\" sizes=\"auto, (max-width: 378px) 100vw, 378px\" \/><div style=\"text-align:left;font-size:14px;color:#999;margin-top:5px;\"> dyplom 2014 &#8220;Kszta\u0142ty czasu&#8221;  <\/div><div class=\"eedee-background-div__overlay\" style=\"opacity:1;\"><\/div><\/div><div class=\"slide-content\">\n\n<p class=\"has-text-align-center gutenslider-content-initial has-larger-font-size\"><\/p>\n\n<\/div><\/div>\n<\/div><\/div><div class=\"wp-block-eedee-gutenslider__content co-1\">\n<div class=\"swiper-slide wp-block-eedee-block-gutenslide is-position-center-center\" style=\"\"><div class=\"eedee-background-div\"><img loading=\"lazy\" decoding=\"async\" width=\"660\" height=\"322\" class=\"swiper-lazy wp-image-3167\" src=\"https:\/\/galeriamiejska.pl\/wp-content\/uploads\/2021\/01\/205_4_dyplom-2014-ksztalty-czasu-1.jpg\" alt=\"Przemys\u0142aw Tyszkiewicz, Chabrowy Ksi\u0119\u017cyc P\u00f3l Mrozowych, 2011, akwaforta akwatinta 67 x 94\" style=\"object-fit: cover; object-position: 50% 50%;\" srcset=\"https:\/\/galeriamiejska.pl\/wp-content\/uploads\/2021\/01\/205_4_dyplom-2014-ksztalty-czasu-1.jpg 660w, https:\/\/galeriamiejska.pl\/wp-content\/uploads\/2021\/01\/205_4_dyplom-2014-ksztalty-czasu-1-300x146.jpg 300w\" sizes=\"auto, (max-width: 660px) 100vw, 660px\" \/><div style=\"text-align:left;font-size:14px;color:#999;margin-top:5px;\"> dyplom 2014 &#8220;Kszta\u0142ty czasu&#8221;  <\/div><div class=\"eedee-background-div__overlay\" style=\"opacity:1;\"><\/div><\/div><div class=\"slide-content\">\n\n<p class=\"has-text-align-center gutenslider-content-initial has-larger-font-size\"><\/p>\n\n<\/div><\/div>\n\n<div class=\"swiper-slide wp-block-eedee-block-gutenslide is-position-center-center\" style=\"\"><div class=\"eedee-background-div\"><img loading=\"lazy\" decoding=\"async\" width=\"439\" height=\"660\" class=\"swiper-lazy wp-image-3168\" src=\"https:\/\/galeriamiejska.pl\/wp-content\/uploads\/2021\/01\/205_5_dyplom-2014-ksztalty-czasu-1.jpg\" alt=\"Przemys\u0142aw Tyszkiewicz, Chabrowy Ksi\u0119\u017cyc P\u00f3l Mrozowych, 2011, akwaforta akwatinta 67 x 94\" style=\"object-fit: cover; object-position: 50% 50%;\" srcset=\"https:\/\/galeriamiejska.pl\/wp-content\/uploads\/2021\/01\/205_5_dyplom-2014-ksztalty-czasu-1.jpg 439w, https:\/\/galeriamiejska.pl\/wp-content\/uploads\/2021\/01\/205_5_dyplom-2014-ksztalty-czasu-1-200x300.jpg 200w\" sizes=\"auto, (max-width: 439px) 100vw, 439px\" \/><div style=\"text-align:left;font-size:14px;color:#999;margin-top:5px;\"> dyplom 2014 &#8220;Kszta\u0142ty czasu&#8221;  <\/div><div class=\"eedee-background-div__overlay\" style=\"opacity:1;\"><\/div><\/div><div class=\"slide-content\">\n\n<p class=\"has-text-align-center gutenslider-content-initial has-larger-font-size\"><\/p>\n\n<\/div><\/div>\n\n<div class=\"swiper-slide wp-block-eedee-block-gutenslide is-position-center-center\" style=\"\"><div class=\"eedee-background-div\"><img loading=\"lazy\" decoding=\"async\" width=\"495\" height=\"660\" class=\"swiper-lazy wp-image-3169\" src=\"https:\/\/galeriamiejska.pl\/wp-content\/uploads\/2021\/01\/205_agnieszka-ewa-braun-ablucja-2013-instalacja-wideo-projekcja-na-wodzie-1.jpg\" alt=\"Przemys\u0142aw Tyszkiewicz, Chabrowy Ksi\u0119\u017cyc P\u00f3l Mrozowych, 2011, akwaforta akwatinta 67 x 94\" style=\"object-fit: cover; object-position: 50% 50%;\" srcset=\"https:\/\/galeriamiejska.pl\/wp-content\/uploads\/2021\/01\/205_agnieszka-ewa-braun-ablucja-2013-instalacja-wideo-projekcja-na-wodzie-1.jpg 495w, https:\/\/galeriamiejska.pl\/wp-content\/uploads\/2021\/01\/205_agnieszka-ewa-braun-ablucja-2013-instalacja-wideo-projekcja-na-wodzie-1-225x300.jpg 225w\" sizes=\"auto, (max-width: 495px) 100vw, 495px\" \/><div style=\"text-align:left;font-size:14px;color:#999;margin-top:5px;\"> Agnieszka Ewa Braun, Ablucja, 2013, instalacja, wideo-projekcja na wodzie  <\/div><div class=\"eedee-background-div__overlay\" style=\"opacity:1;\"><\/div><\/div><div class=\"slide-content\">\n\n<p class=\"has-text-align-center gutenslider-content-initial has-larger-font-size\"><\/p>\n\n<\/div><\/div>\n\n<div class=\"swiper-slide wp-block-eedee-block-gutenslide is-position-center-center\" style=\"\"><div class=\"eedee-background-div\"><img loading=\"lazy\" decoding=\"async\" width=\"660\" height=\"366\" class=\"swiper-lazy wp-image-3170\" src=\"https:\/\/galeriamiejska.pl\/wp-content\/uploads\/2021\/01\/205_agnieszka-ewa-braun-uklad-odniesienia-dokumentacja-jako-dzielo-20122013-instalacja-1.jpg\" alt=\"Przemys\u0142aw Tyszkiewicz, Chabrowy Ksi\u0119\u017cyc P\u00f3l Mrozowych, 2011, akwaforta akwatinta 67 x 94\" style=\"object-fit: cover; object-position: 50% 50%;\" srcset=\"https:\/\/galeriamiejska.pl\/wp-content\/uploads\/2021\/01\/205_agnieszka-ewa-braun-uklad-odniesienia-dokumentacja-jako-dzielo-20122013-instalacja-1.jpg 660w, https:\/\/galeriamiejska.pl\/wp-content\/uploads\/2021\/01\/205_agnieszka-ewa-braun-uklad-odniesienia-dokumentacja-jako-dzielo-20122013-instalacja-1-300x166.jpg 300w\" sizes=\"auto, (max-width: 660px) 100vw, 660px\" \/><div style=\"text-align:left;font-size:14px;color:#999;margin-top:5px;\"> Agnieszka Ewa Braun, Uklad Odniesienia, Dokumentacja jako dzie\u0142o, 2012\/2013, instalacja  <\/div><div class=\"eedee-background-div__overlay\" style=\"opacity:1;\"><\/div><\/div><div class=\"slide-content\">\n\n<p class=\"has-text-align-center gutenslider-content-initial has-larger-font-size\"><\/p>\n\n<\/div><\/div>\n\n<div class=\"swiper-slide wp-block-eedee-block-gutenslide is-position-center-center\" style=\"\"><div class=\"eedee-background-div\"><img loading=\"lazy\" decoding=\"async\" width=\"440\" height=\"660\" class=\"swiper-lazy wp-image-3171\" src=\"https:\/\/galeriamiejska.pl\/wp-content\/uploads\/2021\/01\/205_agnieszka-ewa-braun-z-cyklu-cielesnosc-przedmiotu-2013-fotoobiekty-3d-z-papieru-skala-1-do-1-1.jpg\" alt=\"Przemys\u0142aw Tyszkiewicz, Chabrowy Ksi\u0119\u017cyc P\u00f3l Mrozowych, 2011, akwaforta akwatinta 67 x 94\" style=\"object-fit: cover; object-position: 50% 50%;\" srcset=\"https:\/\/galeriamiejska.pl\/wp-content\/uploads\/2021\/01\/205_agnieszka-ewa-braun-z-cyklu-cielesnosc-przedmiotu-2013-fotoobiekty-3d-z-papieru-skala-1-do-1-1.jpg 440w, https:\/\/galeriamiejska.pl\/wp-content\/uploads\/2021\/01\/205_agnieszka-ewa-braun-z-cyklu-cielesnosc-przedmiotu-2013-fotoobiekty-3d-z-papieru-skala-1-do-1-1-200x300.jpg 200w\" sizes=\"auto, (max-width: 440px) 100vw, 440px\" \/><div style=\"text-align:left;font-size:14px;color:#999;margin-top:5px;\"> Agnieszka Ewa Braun, z cyklu Cielesno\u015b\u0107 przedmiotu, 2013, fotoobiekty 3d z papieru, skala 1 do 1  <\/div><div class=\"eedee-background-div__overlay\" style=\"opacity:1;\"><\/div><\/div><div class=\"slide-content\">\n\n<p class=\"has-text-align-center gutenslider-content-initial has-larger-font-size\"><\/p>\n\n<\/div><\/div>\n\n<div class=\"swiper-slide wp-block-eedee-block-gutenslide is-position-center-center\" style=\"\"><div class=\"eedee-background-div\"><img loading=\"lazy\" decoding=\"async\" width=\"660\" height=\"495\" class=\"swiper-lazy wp-image-3172\" src=\"https:\/\/galeriamiejska.pl\/wp-content\/uploads\/2021\/01\/205_agnieszka-ewa-braun-z-cyklu-dorastanie-2012-2013-fotografia-200-x-140-1.jpg\" alt=\"Przemys\u0142aw Tyszkiewicz, Chabrowy Ksi\u0119\u017cyc P\u00f3l Mrozowych, 2011, akwaforta akwatinta 67 x 94\" style=\"object-fit: cover; object-position: 50% 50%;\" srcset=\"https:\/\/galeriamiejska.pl\/wp-content\/uploads\/2021\/01\/205_agnieszka-ewa-braun-z-cyklu-dorastanie-2012-2013-fotografia-200-x-140-1.jpg 660w, https:\/\/galeriamiejska.pl\/wp-content\/uploads\/2021\/01\/205_agnieszka-ewa-braun-z-cyklu-dorastanie-2012-2013-fotografia-200-x-140-1-300x225.jpg 300w\" sizes=\"auto, (max-width: 660px) 100vw, 660px\" \/><div style=\"text-align:left;font-size:14px;color:#999;margin-top:5px;\"> Agnieszka Ewa Braun, z cyklu Dorastanie, 2012-2013, fotografia, 200 x 140  <\/div><div class=\"eedee-background-div__overlay\" style=\"opacity:1;\"><\/div><\/div><div class=\"slide-content\">\n\n<p class=\"has-text-align-center gutenslider-content-initial has-larger-font-size\"><\/p>\n\n<\/div><\/div>\n\n<div class=\"swiper-slide wp-block-eedee-block-gutenslide is-position-center-center\" style=\"\"><div class=\"eedee-background-div\"><img loading=\"lazy\" decoding=\"async\" width=\"462\" height=\"660\" class=\"swiper-lazy wp-image-3173\" src=\"https:\/\/galeriamiejska.pl\/wp-content\/uploads\/2021\/01\/205_agnieszka-ewa-braun-z-cyklu-immanencje-2012-grafika-komputerowa-100-x-70-1.jpg\" alt=\"Przemys\u0142aw Tyszkiewicz, Chabrowy Ksi\u0119\u017cyc P\u00f3l Mrozowych, 2011, akwaforta akwatinta 67 x 94\" style=\"object-fit: cover; object-position: 50% 50%;\" srcset=\"https:\/\/galeriamiejska.pl\/wp-content\/uploads\/2021\/01\/205_agnieszka-ewa-braun-z-cyklu-immanencje-2012-grafika-komputerowa-100-x-70-1.jpg 462w, https:\/\/galeriamiejska.pl\/wp-content\/uploads\/2021\/01\/205_agnieszka-ewa-braun-z-cyklu-immanencje-2012-grafika-komputerowa-100-x-70-1-210x300.jpg 210w\" sizes=\"auto, (max-width: 462px) 100vw, 462px\" \/><div style=\"text-align:left;font-size:14px;color:#999;margin-top:5px;\"> Agnieszka Ewa Braun, z cyklu Immanencje, 2012, grafika komputerowa, 100 x 70  <\/div><div class=\"eedee-background-div__overlay\" style=\"opacity:1;\"><\/div><\/div><div class=\"slide-content\">\n\n<p class=\"has-text-align-center gutenslider-content-initial has-larger-font-size\"><\/p>\n\n<\/div><\/div>\n\n<div class=\"swiper-slide wp-block-eedee-block-gutenslide is-position-center-center\" style=\"\"><div class=\"eedee-background-div\"><img loading=\"lazy\" decoding=\"async\" width=\"567\" height=\"377\" class=\"swiper-lazy wp-image-3174\" src=\"https:\/\/galeriamiejska.pl\/wp-content\/uploads\/2021\/01\/205_dyplom-2014-ksztalty-czasu-1.jpg\" alt=\"Przemys\u0142aw Tyszkiewicz, Chabrowy Ksi\u0119\u017cyc P\u00f3l Mrozowych, 2011, akwaforta akwatinta 67 x 94\" style=\"object-fit: cover; object-position: 50% 50%;\" srcset=\"https:\/\/galeriamiejska.pl\/wp-content\/uploads\/2021\/01\/205_dyplom-2014-ksztalty-czasu-1.jpg 567w, https:\/\/galeriamiejska.pl\/wp-content\/uploads\/2021\/01\/205_dyplom-2014-ksztalty-czasu-1-300x199.jpg 300w\" sizes=\"auto, (max-width: 567px) 100vw, 567px\" \/><div style=\"text-align:left;font-size:14px;color:#999;margin-top:5px;\"> dyplom 2014 &#8220;Kszta\u0142ty czasu&#8221;  <\/div><div class=\"eedee-background-div__overlay\" style=\"opacity:1;\"><\/div><\/div><div class=\"slide-content\">\n\n<p class=\"has-text-align-center gutenslider-content-initial has-larger-font-size\"><\/p>\n\n<\/div><\/div>\n\n<div class=\"swiper-slide wp-block-eedee-block-gutenslide is-position-center-center\" style=\"\"><div class=\"eedee-background-div\"><img loading=\"lazy\" decoding=\"async\" width=\"660\" height=\"496\" class=\"swiper-lazy wp-image-3175\" src=\"https:\/\/galeriamiejska.pl\/wp-content\/uploads\/2021\/01\/205_1_agnieszka-ewa-braun-z-cyklu-dorastanie-2012-2013-fotografia-200-x-140-1.jpg\" alt=\"Przemys\u0142aw Tyszkiewicz, Chabrowy Ksi\u0119\u017cyc P\u00f3l Mrozowych, 2011, akwaforta akwatinta 67 x 94\" style=\"object-fit: cover; object-position: 50% 50%;\" srcset=\"https:\/\/galeriamiejska.pl\/wp-content\/uploads\/2021\/01\/205_1_agnieszka-ewa-braun-z-cyklu-dorastanie-2012-2013-fotografia-200-x-140-1.jpg 660w, https:\/\/galeriamiejska.pl\/wp-content\/uploads\/2021\/01\/205_1_agnieszka-ewa-braun-z-cyklu-dorastanie-2012-2013-fotografia-200-x-140-1-300x225.jpg 300w\" sizes=\"auto, (max-width: 660px) 100vw, 660px\" \/><div style=\"text-align:left;font-size:14px;color:#999;margin-top:5px;\"> Agnieszka Ewa Braun, z cyklu Dorastanie, 2012-2013, fotografia, 200 x 140  <\/div><div class=\"eedee-background-div__overlay\" style=\"opacity:1;\"><\/div><\/div><div class=\"slide-content\">\n\n<p class=\"has-text-align-center gutenslider-content-initial has-larger-font-size\"><\/p>\n\n<\/div><\/div>\n\n<div class=\"swiper-slide wp-block-eedee-block-gutenslide is-position-center-center\" style=\"\"><div class=\"eedee-background-div\"><img loading=\"lazy\" decoding=\"async\" width=\"462\" height=\"660\" class=\"swiper-lazy wp-image-3176\" src=\"https:\/\/galeriamiejska.pl\/wp-content\/uploads\/2021\/01\/205_1_agnieszka-ewa-braun-z-cyklu-immanencje-2012-grafika-komputerowa-100-x-70-1.jpg\" alt=\"Przemys\u0142aw Tyszkiewicz, Chabrowy Ksi\u0119\u017cyc P\u00f3l Mrozowych, 2011, akwaforta akwatinta 67 x 94\" style=\"object-fit: cover; object-position: 50% 50%;\" srcset=\"https:\/\/galeriamiejska.pl\/wp-content\/uploads\/2021\/01\/205_1_agnieszka-ewa-braun-z-cyklu-immanencje-2012-grafika-komputerowa-100-x-70-1.jpg 462w, https:\/\/galeriamiejska.pl\/wp-content\/uploads\/2021\/01\/205_1_agnieszka-ewa-braun-z-cyklu-immanencje-2012-grafika-komputerowa-100-x-70-1-210x300.jpg 210w\" sizes=\"auto, (max-width: 462px) 100vw, 462px\" \/><div style=\"text-align:left;font-size:14px;color:#999;margin-top:5px;\"> Agnieszka Ewa Braun, z cyklu Immanencje, 2012, grafika komputerowa, 100 x 70  <\/div><div class=\"eedee-background-div__overlay\" style=\"opacity:1;\"><\/div><\/div><div class=\"slide-content\">\n\n<p class=\"has-text-align-center gutenslider-content-initial has-larger-font-size\"><\/p>\n\n<\/div><\/div>\n\n<div class=\"swiper-slide wp-block-eedee-block-gutenslide is-position-center-center\" style=\"\"><div class=\"eedee-background-div\"><img loading=\"lazy\" decoding=\"async\" width=\"439\" height=\"660\" class=\"swiper-lazy wp-image-3177\" src=\"https:\/\/galeriamiejska.pl\/wp-content\/uploads\/2021\/01\/205_1_dyplom-2014-ksztalty-czasu-1.jpg\" alt=\"Przemys\u0142aw Tyszkiewicz, Chabrowy Ksi\u0119\u017cyc P\u00f3l Mrozowych, 2011, akwaforta akwatinta 67 x 94\" style=\"object-fit: cover; object-position: 50% 50%;\" srcset=\"https:\/\/galeriamiejska.pl\/wp-content\/uploads\/2021\/01\/205_1_dyplom-2014-ksztalty-czasu-1.jpg 439w, https:\/\/galeriamiejska.pl\/wp-content\/uploads\/2021\/01\/205_1_dyplom-2014-ksztalty-czasu-1-200x300.jpg 200w\" sizes=\"auto, (max-width: 439px) 100vw, 439px\" \/><div style=\"text-align:left;font-size:14px;color:#999;margin-top:5px;\"> dyplom 2014 &#8220;Kszta\u0142ty czasu&#8221;  <\/div><div class=\"eedee-background-div__overlay\" style=\"opacity:1;\"><\/div><\/div><div class=\"slide-content\">\n\n<p class=\"has-text-align-center gutenslider-content-initial has-larger-font-size\"><\/p>\n\n<\/div><\/div>\n\n<div class=\"swiper-slide wp-block-eedee-block-gutenslide is-position-center-center\" style=\"\"><div class=\"eedee-background-div\"><img loading=\"lazy\" decoding=\"async\" width=\"660\" height=\"495\" class=\"swiper-lazy wp-image-3178\" src=\"https:\/\/galeriamiejska.pl\/wp-content\/uploads\/2021\/01\/205_2_agnieszka-ewa-braun-ablucja-2013-instalacja-wideo-projekcja-na-wodzie-1.jpg\" alt=\"Przemys\u0142aw Tyszkiewicz, Chabrowy Ksi\u0119\u017cyc P\u00f3l Mrozowych, 2011, akwaforta akwatinta 67 x 94\" style=\"object-fit: cover; object-position: 50% 50%;\" srcset=\"https:\/\/galeriamiejska.pl\/wp-content\/uploads\/2021\/01\/205_2_agnieszka-ewa-braun-ablucja-2013-instalacja-wideo-projekcja-na-wodzie-1.jpg 660w, https:\/\/galeriamiejska.pl\/wp-content\/uploads\/2021\/01\/205_2_agnieszka-ewa-braun-ablucja-2013-instalacja-wideo-projekcja-na-wodzie-1-300x225.jpg 300w\" sizes=\"auto, (max-width: 660px) 100vw, 660px\" \/><div style=\"text-align:left;font-size:14px;color:#999;margin-top:5px;\"> Agnieszka Ewa Braun, Ablucja, 2013, instalacja, wideo-projekcja na wodzie  <\/div><div class=\"eedee-background-div__overlay\" style=\"opacity:1;\"><\/div><\/div><div class=\"slide-content\">\n\n<p class=\"has-text-align-center gutenslider-content-initial has-larger-font-size\"><\/p>\n\n<\/div><\/div>\n\n<div class=\"swiper-slide wp-block-eedee-block-gutenslide is-position-center-center\" style=\"\"><div class=\"eedee-background-div\"><img loading=\"lazy\" decoding=\"async\" width=\"660\" height=\"371\" class=\"swiper-lazy wp-image-3179\" src=\"https:\/\/galeriamiejska.pl\/wp-content\/uploads\/2021\/01\/205_2_agnieszka-ewa-braun-uklad-odniesienia-dokumentacja-jako-dzielo-20122013-instalacja-1.jpg\" alt=\"Przemys\u0142aw Tyszkiewicz, Chabrowy Ksi\u0119\u017cyc P\u00f3l Mrozowych, 2011, akwaforta akwatinta 67 x 94\" style=\"object-fit: cover; object-position: 50% 50%;\" srcset=\"https:\/\/galeriamiejska.pl\/wp-content\/uploads\/2021\/01\/205_2_agnieszka-ewa-braun-uklad-odniesienia-dokumentacja-jako-dzielo-20122013-instalacja-1.jpg 660w, https:\/\/galeriamiejska.pl\/wp-content\/uploads\/2021\/01\/205_2_agnieszka-ewa-braun-uklad-odniesienia-dokumentacja-jako-dzielo-20122013-instalacja-1-300x169.jpg 300w\" sizes=\"auto, (max-width: 660px) 100vw, 660px\" \/><div style=\"text-align:left;font-size:14px;color:#999;margin-top:5px;\"> Agnieszka Ewa Braun, Uklad Odniesienia, Dokumentacja jako dzie\u0142o, 2012\/2013, instalacja  <\/div><div class=\"eedee-background-div__overlay\" style=\"opacity:1;\"><\/div><\/div><div class=\"slide-content\">\n\n<p class=\"has-text-align-center gutenslider-content-initial has-larger-font-size\"><\/p>\n\n<\/div><\/div>\n\n<div class=\"swiper-slide wp-block-eedee-block-gutenslide is-position-center-center\" style=\"\"><div class=\"eedee-background-div\"><img loading=\"lazy\" decoding=\"async\" width=\"377\" height=\"567\" class=\"swiper-lazy wp-image-3180\" src=\"https:\/\/galeriamiejska.pl\/wp-content\/uploads\/2021\/01\/205_2_dyplom-2014-ksztalty-czasu-1.jpg\" alt=\"Przemys\u0142aw Tyszkiewicz, Chabrowy Ksi\u0119\u017cyc P\u00f3l Mrozowych, 2011, akwaforta akwatinta 67 x 94\" style=\"object-fit: cover; object-position: 50% 50%;\" srcset=\"https:\/\/galeriamiejska.pl\/wp-content\/uploads\/2021\/01\/205_2_dyplom-2014-ksztalty-czasu-1.jpg 377w, https:\/\/galeriamiejska.pl\/wp-content\/uploads\/2021\/01\/205_2_dyplom-2014-ksztalty-czasu-1-199x300.jpg 199w\" sizes=\"auto, (max-width: 377px) 100vw, 377px\" \/><div style=\"text-align:left;font-size:14px;color:#999;margin-top:5px;\"> dyplom 2014 &#8220;Kszta\u0142ty czasu&#8221;  <\/div><div class=\"eedee-background-div__overlay\" style=\"opacity:1;\"><\/div><\/div><div class=\"slide-content\">\n\n<p class=\"has-text-align-center gutenslider-content-initial has-larger-font-size\"><\/p>\n\n<\/div><\/div>\n\n<div class=\"swiper-slide wp-block-eedee-block-gutenslide is-position-center-center\" style=\"\"><div class=\"eedee-background-div\"><img loading=\"lazy\" decoding=\"async\" width=\"660\" height=\"371\" class=\"swiper-lazy wp-image-3181\" src=\"https:\/\/galeriamiejska.pl\/wp-content\/uploads\/2021\/01\/205_3_agnieszka-ewa-braun-uklad-odniesienia-dokumentacja-jako-dzielo-20122013-instalacja-1.jpg\" alt=\"Przemys\u0142aw Tyszkiewicz, Chabrowy Ksi\u0119\u017cyc P\u00f3l Mrozowych, 2011, akwaforta akwatinta 67 x 94\" style=\"object-fit: cover; object-position: 50% 50%;\" srcset=\"https:\/\/galeriamiejska.pl\/wp-content\/uploads\/2021\/01\/205_3_agnieszka-ewa-braun-uklad-odniesienia-dokumentacja-jako-dzielo-20122013-instalacja-1.jpg 660w, https:\/\/galeriamiejska.pl\/wp-content\/uploads\/2021\/01\/205_3_agnieszka-ewa-braun-uklad-odniesienia-dokumentacja-jako-dzielo-20122013-instalacja-1-300x169.jpg 300w\" sizes=\"auto, (max-width: 660px) 100vw, 660px\" \/><div style=\"text-align:left;font-size:14px;color:#999;margin-top:5px;\"> Agnieszka Ewa Braun, Uklad Odniesienia, Dokumentacja jako dzie\u0142o, 2012\/2013, instalacja  <\/div><div class=\"eedee-background-div__overlay\" style=\"opacity:1;\"><\/div><\/div><div class=\"slide-content\">\n\n<p class=\"has-text-align-center gutenslider-content-initial has-larger-font-size\"><\/p>\n\n<\/div><\/div>\n\n<div class=\"swiper-slide wp-block-eedee-block-gutenslide is-position-center-center\" style=\"\"><div class=\"eedee-background-div\"><img loading=\"lazy\" decoding=\"async\" width=\"462\" height=\"660\" class=\"swiper-lazy wp-image-3182\" src=\"https:\/\/galeriamiejska.pl\/wp-content\/uploads\/2021\/01\/205_3_agnieszka-ewa-braun-z-cyklu-immanencje-2012-grafika-komputerowa-100-x-70-1.jpg\" alt=\"Przemys\u0142aw Tyszkiewicz, Chabrowy Ksi\u0119\u017cyc P\u00f3l Mrozowych, 2011, akwaforta akwatinta 67 x 94\" style=\"object-fit: cover; object-position: 50% 50%;\" srcset=\"https:\/\/galeriamiejska.pl\/wp-content\/uploads\/2021\/01\/205_3_agnieszka-ewa-braun-z-cyklu-immanencje-2012-grafika-komputerowa-100-x-70-1.jpg 462w, https:\/\/galeriamiejska.pl\/wp-content\/uploads\/2021\/01\/205_3_agnieszka-ewa-braun-z-cyklu-immanencje-2012-grafika-komputerowa-100-x-70-1-210x300.jpg 210w\" sizes=\"auto, (max-width: 462px) 100vw, 462px\" \/><div style=\"text-align:left;font-size:14px;color:#999;margin-top:5px;\"> Agnieszka Ewa Braun, z cyklu Immanencje, 2012, grafika komputerowa, 100 x 70  <\/div><div class=\"eedee-background-div__overlay\" style=\"opacity:1;\"><\/div><\/div><div class=\"slide-content\">\n\n<p class=\"has-text-align-center gutenslider-content-initial has-larger-font-size\"><\/p>\n\n<\/div><\/div>\n\n<div class=\"swiper-slide wp-block-eedee-block-gutenslide is-position-center-center\" style=\"\"><div class=\"eedee-background-div\"><img loading=\"lazy\" decoding=\"async\" width=\"378\" height=\"567\" class=\"swiper-lazy wp-image-3183\" src=\"https:\/\/galeriamiejska.pl\/wp-content\/uploads\/2021\/01\/205_3_dyplom-2014-ksztalty-czasu-1.jpg\" alt=\"Przemys\u0142aw Tyszkiewicz, Chabrowy Ksi\u0119\u017cyc P\u00f3l Mrozowych, 2011, akwaforta akwatinta 67 x 94\" style=\"object-fit: cover; object-position: 50% 50%;\" srcset=\"https:\/\/galeriamiejska.pl\/wp-content\/uploads\/2021\/01\/205_3_dyplom-2014-ksztalty-czasu-1.jpg 378w, https:\/\/galeriamiejska.pl\/wp-content\/uploads\/2021\/01\/205_3_dyplom-2014-ksztalty-czasu-1-200x300.jpg 200w\" sizes=\"auto, (max-width: 378px) 100vw, 378px\" \/><div style=\"text-align:left;font-size:14px;color:#999;margin-top:5px;\"> dyplom 2014 &#8220;Kszta\u0142ty czasu&#8221;  <\/div><div class=\"eedee-background-div__overlay\" style=\"opacity:1;\"><\/div><\/div><div class=\"slide-content\">\n\n<p class=\"has-text-align-center gutenslider-content-initial has-larger-font-size\"><\/p>\n\n<\/div><\/div>\n<\/div><button class=\"eedee-gutenslider-nav eedee-gutenslider-prev\"><svg xmlns=\"http:\/\/www.w3.org\/2000\/svg\" viewBox=\"0 0 24 24\" width=\"24\" height=\"24\"><circle class=\"bg\" cx=\"13\" cy=\"12\" r=\"11\" \/><path fill=\"none\" d=\"M0 0h24v24H0z\"\/><path class=\"arrow\" d=\"M10.828 12l4.95 4.95-1.414 1.414L8 12l6.364-6.364 1.414 1.414z\"\/><\/svg><\/button><button class=\"eedee-gutenslider-nav eedee-gutenslider-next\"><svg xmlns=\"http:\/\/www.w3.org\/2000\/svg\" viewBox=\"0 0 24 24\" width=\"24\" height=\"24\"><circle class=\"bg\" cx=\"11\" cy=\"12\" r=\"11\" \/><path fill=\"none\" d=\"M0 0h24v24H0z\"\/><path class=\"arrow\" d=\"M13.172 12l-4.95-4.95 1.414-1.414L16 12l-6.364 6.364-1.414-1.414z\"\/><\/svg><\/button><div class=\"eedee-gutenslider-pagination\"><\/div><\/div><div class=\"gutenslider-divider-bottom \" style=\"color:#fff; height:60px;\"><\/div><\/div><style><\/style>\n\n\n<p class=\"has-text-align-left\"><strong>Born in 1990 in Lw\u00f3wek \u015al\u0105ski.<br><br>Education:<br>2009 \u2013 2012, The Eugeniusz Geppert Academy of Art and Design in Wroc\u0142aw, Faculty of Graphic Arts and Media Art. Graduating in 2012 at prof. Stanis\u0142aw Sasak workshop (bachelor&#8217;s degree)<\/strong>.<br><br><strong>Selected exhibitions:<\/strong><br><strong><br>2014<\/strong><br>&#8211; 7th Douro Biennial 2014, Douro Museum, Portugal<br><br><strong>2013<\/strong><br>&#8211; Global print 2013, Lamego Museum, Portugal<br>&#8211; The 8th International Triennial of Small Graphic Forms, Vilnius, Lithuania<br>&#8211; XV INTERBIFEP International Biennial of Portrait, Tuzla, Bosni\u2013Hercegovina<br>&#8211; Aviaries VOL.7, Wroclaw Contemporary Museum, Poland<br>&#8211; International Design Festival, DMY. Polish Focus Design, Berlin, Tempelhof, Germany<br><br><strong>2012<\/strong><br>&#8211; 5th National Student Drawing Exhibition \u201eRysowa\u0107\u201d, Wozownia Art Gallery, Toru\u0144, Poland<br>&#8211; Osten Galerija Biennial of Drawing, Skopje, Macedonia<br>&#8211; International Triennial of Graphic Art Bitola, Bitola, Mecedonia<br>&#8211; Immanencje, 3 Ra \u2013 My Gallery, Wroclaw, Poland<br>&#8211; Wroc\u0142aw School of Printmaking, Academy of Fine Arts, Riga, Latvia<br>&#8211; Made in photo and media, Muzeum Fotografii w\u00a0G\u00f6rlitz, Germany<\/p>\n\n\n\n<figure class=\"wp-block-gallery columns-4 is-cropped wp-block-gallery-2 is-layout-flex wp-block-gallery-is-layout-flex\"><ul class=\"blocks-gallery-grid\"><li class=\"blocks-gallery-item\"><figure><a href=\"https:\/\/galeriamiejska.pl\/wp-content\/uploads\/2021\/01\/205_4_dyplom-2014-ksztalty-czasu-1.jpg\"><img loading=\"lazy\" decoding=\"async\" width=\"660\" height=\"322\" src=\"https:\/\/galeriamiejska.pl\/wp-content\/uploads\/2021\/01\/205_4_dyplom-2014-ksztalty-czasu-1.jpg\" alt=\"\" data-id=\"3167\" data-full-url=\"https:\/\/galeriamiejska.pl\/wp-content\/uploads\/2021\/01\/205_4_dyplom-2014-ksztalty-czasu-1.jpg\" data-link=\"https:\/\/galeriamiejska.pl\/agnieszka-ewa-braun\/205_4_dyplom-2014-ksztalty-czasu-2\/\" class=\"wp-image-3167\" srcset=\"https:\/\/galeriamiejska.pl\/wp-content\/uploads\/2021\/01\/205_4_dyplom-2014-ksztalty-czasu-1.jpg 660w, https:\/\/galeriamiejska.pl\/wp-content\/uploads\/2021\/01\/205_4_dyplom-2014-ksztalty-czasu-1-300x146.jpg 300w\" sizes=\"auto, (max-width: 660px) 100vw, 660px\" \/><\/a><figcaption class=\"blocks-gallery-item__caption\">dyplom 2014 &#8220;Kszta\u0142ty czasu&#8221; <\/figcaption><\/figure><\/li><li class=\"blocks-gallery-item\"><figure><a href=\"https:\/\/galeriamiejska.pl\/wp-content\/uploads\/2021\/01\/205_5_dyplom-2014-ksztalty-czasu-1.jpg\"><img loading=\"lazy\" decoding=\"async\" width=\"439\" height=\"660\" src=\"https:\/\/galeriamiejska.pl\/wp-content\/uploads\/2021\/01\/205_5_dyplom-2014-ksztalty-czasu-1.jpg\" alt=\"\" data-id=\"3168\" data-full-url=\"https:\/\/galeriamiejska.pl\/wp-content\/uploads\/2021\/01\/205_5_dyplom-2014-ksztalty-czasu-1.jpg\" data-link=\"https:\/\/galeriamiejska.pl\/agnieszka-ewa-braun\/205_5_dyplom-2014-ksztalty-czasu-2\/\" class=\"wp-image-3168\" srcset=\"https:\/\/galeriamiejska.pl\/wp-content\/uploads\/2021\/01\/205_5_dyplom-2014-ksztalty-czasu-1.jpg 439w, https:\/\/galeriamiejska.pl\/wp-content\/uploads\/2021\/01\/205_5_dyplom-2014-ksztalty-czasu-1-200x300.jpg 200w\" sizes=\"auto, (max-width: 439px) 100vw, 439px\" \/><\/a><figcaption class=\"blocks-gallery-item__caption\">dyplom 2014 &#8220;Kszta\u0142ty czasu&#8221; <\/figcaption><\/figure><\/li><li class=\"blocks-gallery-item\"><figure><a href=\"https:\/\/galeriamiejska.pl\/wp-content\/uploads\/2021\/01\/205_agnieszka-ewa-braun-ablucja-2013-instalacja-wideo-projekcja-na-wodzie-1.jpg\"><img loading=\"lazy\" decoding=\"async\" width=\"495\" height=\"660\" src=\"https:\/\/galeriamiejska.pl\/wp-content\/uploads\/2021\/01\/205_agnieszka-ewa-braun-ablucja-2013-instalacja-wideo-projekcja-na-wodzie-1.jpg\" alt=\"\" data-id=\"3169\" data-full-url=\"https:\/\/galeriamiejska.pl\/wp-content\/uploads\/2021\/01\/205_agnieszka-ewa-braun-ablucja-2013-instalacja-wideo-projekcja-na-wodzie-1.jpg\" data-link=\"https:\/\/galeriamiejska.pl\/agnieszka-ewa-braun\/205_agnieszka-ewa-braun-ablucja-2013-instalacja-wideo-projekcja-na-wodzie-2\/\" class=\"wp-image-3169\" srcset=\"https:\/\/galeriamiejska.pl\/wp-content\/uploads\/2021\/01\/205_agnieszka-ewa-braun-ablucja-2013-instalacja-wideo-projekcja-na-wodzie-1.jpg 495w, https:\/\/galeriamiejska.pl\/wp-content\/uploads\/2021\/01\/205_agnieszka-ewa-braun-ablucja-2013-instalacja-wideo-projekcja-na-wodzie-1-225x300.jpg 225w\" sizes=\"auto, (max-width: 495px) 100vw, 495px\" \/><\/a><figcaption class=\"blocks-gallery-item__caption\">Agnieszka Ewa Braun, Ablucja, 2013, instalacja, wideo-projekcja na wodzie <\/figcaption><\/figure><\/li><li class=\"blocks-gallery-item\"><figure><a href=\"https:\/\/galeriamiejska.pl\/wp-content\/uploads\/2021\/01\/205_agnieszka-ewa-braun-uklad-odniesienia-dokumentacja-jako-dzielo-20122013-instalacja-1.jpg\"><img loading=\"lazy\" decoding=\"async\" width=\"660\" height=\"366\" src=\"https:\/\/galeriamiejska.pl\/wp-content\/uploads\/2021\/01\/205_agnieszka-ewa-braun-uklad-odniesienia-dokumentacja-jako-dzielo-20122013-instalacja-1.jpg\" alt=\"\" data-id=\"3170\" data-full-url=\"https:\/\/galeriamiejska.pl\/wp-content\/uploads\/2021\/01\/205_agnieszka-ewa-braun-uklad-odniesienia-dokumentacja-jako-dzielo-20122013-instalacja-1.jpg\" data-link=\"https:\/\/galeriamiejska.pl\/agnieszka-ewa-braun\/205_agnieszka-ewa-braun-uklad-odniesienia-dokumentacja-jako-dzielo-20122013-instalacja-2\/\" class=\"wp-image-3170\" srcset=\"https:\/\/galeriamiejska.pl\/wp-content\/uploads\/2021\/01\/205_agnieszka-ewa-braun-uklad-odniesienia-dokumentacja-jako-dzielo-20122013-instalacja-1.jpg 660w, https:\/\/galeriamiejska.pl\/wp-content\/uploads\/2021\/01\/205_agnieszka-ewa-braun-uklad-odniesienia-dokumentacja-jako-dzielo-20122013-instalacja-1-300x166.jpg 300w\" sizes=\"auto, (max-width: 660px) 100vw, 660px\" \/><\/a><figcaption class=\"blocks-gallery-item__caption\">Agnieszka Ewa Braun, Uklad Odniesienia, Dokumentacja jako dzie\u0142o, 2012\/2013, instalacja <\/figcaption><\/figure><\/li><li class=\"blocks-gallery-item\"><figure><a href=\"https:\/\/galeriamiejska.pl\/wp-content\/uploads\/2021\/01\/205_agnieszka-ewa-braun-z-cyklu-cielesnosc-przedmiotu-2013-fotoobiekty-3d-z-papieru-skala-1-do-1-1.jpg\"><img loading=\"lazy\" decoding=\"async\" width=\"440\" height=\"660\" src=\"https:\/\/galeriamiejska.pl\/wp-content\/uploads\/2021\/01\/205_agnieszka-ewa-braun-z-cyklu-cielesnosc-przedmiotu-2013-fotoobiekty-3d-z-papieru-skala-1-do-1-1.jpg\" alt=\"\" data-id=\"3171\" data-full-url=\"https:\/\/galeriamiejska.pl\/wp-content\/uploads\/2021\/01\/205_agnieszka-ewa-braun-z-cyklu-cielesnosc-przedmiotu-2013-fotoobiekty-3d-z-papieru-skala-1-do-1-1.jpg\" data-link=\"https:\/\/galeriamiejska.pl\/agnieszka-ewa-braun\/205_agnieszka-ewa-braun-z-cyklu-cielesnosc-przedmiotu-2013-fotoobiekty-3d-z-papieru-skala-1-do-1-2\/\" class=\"wp-image-3171\" srcset=\"https:\/\/galeriamiejska.pl\/wp-content\/uploads\/2021\/01\/205_agnieszka-ewa-braun-z-cyklu-cielesnosc-przedmiotu-2013-fotoobiekty-3d-z-papieru-skala-1-do-1-1.jpg 440w, https:\/\/galeriamiejska.pl\/wp-content\/uploads\/2021\/01\/205_agnieszka-ewa-braun-z-cyklu-cielesnosc-przedmiotu-2013-fotoobiekty-3d-z-papieru-skala-1-do-1-1-200x300.jpg 200w\" sizes=\"auto, (max-width: 440px) 100vw, 440px\" \/><\/a><figcaption class=\"blocks-gallery-item__caption\">Agnieszka Ewa Braun, z cyklu Cielesno\u015b\u0107 przedmiotu, 2013, fotoobiekty 3d z papieru, skala 1 do 1 <\/figcaption><\/figure><\/li><li class=\"blocks-gallery-item\"><figure><a href=\"https:\/\/galeriamiejska.pl\/wp-content\/uploads\/2021\/01\/205_agnieszka-ewa-braun-z-cyklu-dorastanie-2012-2013-fotografia-200-x-140-1.jpg\"><img loading=\"lazy\" decoding=\"async\" width=\"660\" height=\"495\" src=\"https:\/\/galeriamiejska.pl\/wp-content\/uploads\/2021\/01\/205_agnieszka-ewa-braun-z-cyklu-dorastanie-2012-2013-fotografia-200-x-140-1.jpg\" alt=\"\" data-id=\"3172\" data-full-url=\"https:\/\/galeriamiejska.pl\/wp-content\/uploads\/2021\/01\/205_agnieszka-ewa-braun-z-cyklu-dorastanie-2012-2013-fotografia-200-x-140-1.jpg\" data-link=\"https:\/\/galeriamiejska.pl\/agnieszka-ewa-braun\/205_agnieszka-ewa-braun-z-cyklu-dorastanie-2012-2013-fotografia-200-x-140-2\/\" class=\"wp-image-3172\" srcset=\"https:\/\/galeriamiejska.pl\/wp-content\/uploads\/2021\/01\/205_agnieszka-ewa-braun-z-cyklu-dorastanie-2012-2013-fotografia-200-x-140-1.jpg 660w, https:\/\/galeriamiejska.pl\/wp-content\/uploads\/2021\/01\/205_agnieszka-ewa-braun-z-cyklu-dorastanie-2012-2013-fotografia-200-x-140-1-300x225.jpg 300w\" sizes=\"auto, (max-width: 660px) 100vw, 660px\" \/><\/a><figcaption class=\"blocks-gallery-item__caption\">Agnieszka Ewa Braun, z cyklu Dorastanie, 2012-2013, fotografia, 200 x 140 <\/figcaption><\/figure><\/li><li class=\"blocks-gallery-item\"><figure><a href=\"https:\/\/galeriamiejska.pl\/wp-content\/uploads\/2021\/01\/205_agnieszka-ewa-braun-z-cyklu-immanencje-2012-grafika-komputerowa-100-x-70-1.jpg\"><img loading=\"lazy\" decoding=\"async\" width=\"462\" height=\"660\" src=\"https:\/\/galeriamiejska.pl\/wp-content\/uploads\/2021\/01\/205_agnieszka-ewa-braun-z-cyklu-immanencje-2012-grafika-komputerowa-100-x-70-1.jpg\" alt=\"\" data-id=\"3173\" data-full-url=\"https:\/\/galeriamiejska.pl\/wp-content\/uploads\/2021\/01\/205_agnieszka-ewa-braun-z-cyklu-immanencje-2012-grafika-komputerowa-100-x-70-1.jpg\" data-link=\"https:\/\/galeriamiejska.pl\/agnieszka-ewa-braun\/205_agnieszka-ewa-braun-z-cyklu-immanencje-2012-grafika-komputerowa-100-x-70-2\/\" class=\"wp-image-3173\" srcset=\"https:\/\/galeriamiejska.pl\/wp-content\/uploads\/2021\/01\/205_agnieszka-ewa-braun-z-cyklu-immanencje-2012-grafika-komputerowa-100-x-70-1.jpg 462w, https:\/\/galeriamiejska.pl\/wp-content\/uploads\/2021\/01\/205_agnieszka-ewa-braun-z-cyklu-immanencje-2012-grafika-komputerowa-100-x-70-1-210x300.jpg 210w\" sizes=\"auto, (max-width: 462px) 100vw, 462px\" \/><\/a><figcaption class=\"blocks-gallery-item__caption\">Agnieszka Ewa Braun, z cyklu Immanencje, 2012, grafika komputerowa, 100 x 70 <\/figcaption><\/figure><\/li><li class=\"blocks-gallery-item\"><figure><a href=\"https:\/\/galeriamiejska.pl\/wp-content\/uploads\/2021\/01\/205_dyplom-2014-ksztalty-czasu-1.jpg\"><img loading=\"lazy\" decoding=\"async\" width=\"567\" height=\"377\" src=\"https:\/\/galeriamiejska.pl\/wp-content\/uploads\/2021\/01\/205_dyplom-2014-ksztalty-czasu-1.jpg\" alt=\"\" data-id=\"3174\" data-full-url=\"https:\/\/galeriamiejska.pl\/wp-content\/uploads\/2021\/01\/205_dyplom-2014-ksztalty-czasu-1.jpg\" data-link=\"https:\/\/galeriamiejska.pl\/agnieszka-ewa-braun\/205_dyplom-2014-ksztalty-czasu-2\/\" class=\"wp-image-3174\" srcset=\"https:\/\/galeriamiejska.pl\/wp-content\/uploads\/2021\/01\/205_dyplom-2014-ksztalty-czasu-1.jpg 567w, https:\/\/galeriamiejska.pl\/wp-content\/uploads\/2021\/01\/205_dyplom-2014-ksztalty-czasu-1-300x199.jpg 300w\" sizes=\"auto, (max-width: 567px) 100vw, 567px\" \/><\/a><figcaption class=\"blocks-gallery-item__caption\">dyplom 2014 &#8220;Kszta\u0142ty czasu&#8221; <\/figcaption><\/figure><\/li><li class=\"blocks-gallery-item\"><figure><a href=\"https:\/\/galeriamiejska.pl\/wp-content\/uploads\/2021\/01\/205_1_agnieszka-ewa-braun-z-cyklu-dorastanie-2012-2013-fotografia-200-x-140-1.jpg\"><img loading=\"lazy\" decoding=\"async\" width=\"660\" height=\"496\" src=\"https:\/\/galeriamiejska.pl\/wp-content\/uploads\/2021\/01\/205_1_agnieszka-ewa-braun-z-cyklu-dorastanie-2012-2013-fotografia-200-x-140-1.jpg\" alt=\"\" data-id=\"3175\" data-full-url=\"https:\/\/galeriamiejska.pl\/wp-content\/uploads\/2021\/01\/205_1_agnieszka-ewa-braun-z-cyklu-dorastanie-2012-2013-fotografia-200-x-140-1.jpg\" data-link=\"https:\/\/galeriamiejska.pl\/agnieszka-ewa-braun\/205_1_agnieszka-ewa-braun-z-cyklu-dorastanie-2012-2013-fotografia-200-x-140-2\/\" class=\"wp-image-3175\" srcset=\"https:\/\/galeriamiejska.pl\/wp-content\/uploads\/2021\/01\/205_1_agnieszka-ewa-braun-z-cyklu-dorastanie-2012-2013-fotografia-200-x-140-1.jpg 660w, https:\/\/galeriamiejska.pl\/wp-content\/uploads\/2021\/01\/205_1_agnieszka-ewa-braun-z-cyklu-dorastanie-2012-2013-fotografia-200-x-140-1-300x225.jpg 300w\" sizes=\"auto, (max-width: 660px) 100vw, 660px\" \/><\/a><figcaption class=\"blocks-gallery-item__caption\">Agnieszka Ewa Braun, z cyklu Dorastanie, 2012-2013, fotografia, 200 x 140 <\/figcaption><\/figure><\/li><li class=\"blocks-gallery-item\"><figure><a href=\"https:\/\/galeriamiejska.pl\/wp-content\/uploads\/2021\/01\/205_1_agnieszka-ewa-braun-z-cyklu-immanencje-2012-grafika-komputerowa-100-x-70-1.jpg\"><img loading=\"lazy\" decoding=\"async\" width=\"462\" height=\"660\" src=\"https:\/\/galeriamiejska.pl\/wp-content\/uploads\/2021\/01\/205_1_agnieszka-ewa-braun-z-cyklu-immanencje-2012-grafika-komputerowa-100-x-70-1.jpg\" alt=\"\" data-id=\"3176\" data-full-url=\"https:\/\/galeriamiejska.pl\/wp-content\/uploads\/2021\/01\/205_1_agnieszka-ewa-braun-z-cyklu-immanencje-2012-grafika-komputerowa-100-x-70-1.jpg\" data-link=\"https:\/\/galeriamiejska.pl\/agnieszka-ewa-braun\/205_1_agnieszka-ewa-braun-z-cyklu-immanencje-2012-grafika-komputerowa-100-x-70-2\/\" class=\"wp-image-3176\" srcset=\"https:\/\/galeriamiejska.pl\/wp-content\/uploads\/2021\/01\/205_1_agnieszka-ewa-braun-z-cyklu-immanencje-2012-grafika-komputerowa-100-x-70-1.jpg 462w, https:\/\/galeriamiejska.pl\/wp-content\/uploads\/2021\/01\/205_1_agnieszka-ewa-braun-z-cyklu-immanencje-2012-grafika-komputerowa-100-x-70-1-210x300.jpg 210w\" sizes=\"auto, (max-width: 462px) 100vw, 462px\" \/><\/a><figcaption class=\"blocks-gallery-item__caption\">Agnieszka Ewa Braun, z cyklu Immanencje, 2012, grafika komputerowa, 100 x 70 <\/figcaption><\/figure><\/li><li class=\"blocks-gallery-item\"><figure><a href=\"https:\/\/galeriamiejska.pl\/wp-content\/uploads\/2021\/01\/205_1_dyplom-2014-ksztalty-czasu-1.jpg\"><img loading=\"lazy\" decoding=\"async\" width=\"439\" height=\"660\" src=\"https:\/\/galeriamiejska.pl\/wp-content\/uploads\/2021\/01\/205_1_dyplom-2014-ksztalty-czasu-1.jpg\" alt=\"\" data-id=\"3177\" data-full-url=\"https:\/\/galeriamiejska.pl\/wp-content\/uploads\/2021\/01\/205_1_dyplom-2014-ksztalty-czasu-1.jpg\" data-link=\"https:\/\/galeriamiejska.pl\/agnieszka-ewa-braun\/205_1_dyplom-2014-ksztalty-czasu-2\/\" class=\"wp-image-3177\" srcset=\"https:\/\/galeriamiejska.pl\/wp-content\/uploads\/2021\/01\/205_1_dyplom-2014-ksztalty-czasu-1.jpg 439w, https:\/\/galeriamiejska.pl\/wp-content\/uploads\/2021\/01\/205_1_dyplom-2014-ksztalty-czasu-1-200x300.jpg 200w\" sizes=\"auto, (max-width: 439px) 100vw, 439px\" \/><\/a><figcaption class=\"blocks-gallery-item__caption\">dyplom 2014 &#8220;Kszta\u0142ty czasu&#8221; <\/figcaption><\/figure><\/li><li class=\"blocks-gallery-item\"><figure><a href=\"https:\/\/galeriamiejska.pl\/wp-content\/uploads\/2021\/01\/205_2_agnieszka-ewa-braun-ablucja-2013-instalacja-wideo-projekcja-na-wodzie-1.jpg\"><img loading=\"lazy\" decoding=\"async\" width=\"660\" height=\"495\" src=\"https:\/\/galeriamiejska.pl\/wp-content\/uploads\/2021\/01\/205_2_agnieszka-ewa-braun-ablucja-2013-instalacja-wideo-projekcja-na-wodzie-1.jpg\" alt=\"\" data-id=\"3178\" data-full-url=\"https:\/\/galeriamiejska.pl\/wp-content\/uploads\/2021\/01\/205_2_agnieszka-ewa-braun-ablucja-2013-instalacja-wideo-projekcja-na-wodzie-1.jpg\" data-link=\"https:\/\/galeriamiejska.pl\/agnieszka-ewa-braun\/205_2_agnieszka-ewa-braun-ablucja-2013-instalacja-wideo-projekcja-na-wodzie-2\/\" class=\"wp-image-3178\" srcset=\"https:\/\/galeriamiejska.pl\/wp-content\/uploads\/2021\/01\/205_2_agnieszka-ewa-braun-ablucja-2013-instalacja-wideo-projekcja-na-wodzie-1.jpg 660w, https:\/\/galeriamiejska.pl\/wp-content\/uploads\/2021\/01\/205_2_agnieszka-ewa-braun-ablucja-2013-instalacja-wideo-projekcja-na-wodzie-1-300x225.jpg 300w\" sizes=\"auto, (max-width: 660px) 100vw, 660px\" \/><\/a><figcaption class=\"blocks-gallery-item__caption\">Agnieszka Ewa Braun, Ablucja, 2013, instalacja, wideo-projekcja na wodzie <\/figcaption><\/figure><\/li><li class=\"blocks-gallery-item\"><figure><a href=\"https:\/\/galeriamiejska.pl\/wp-content\/uploads\/2021\/01\/205_2_agnieszka-ewa-braun-uklad-odniesienia-dokumentacja-jako-dzielo-20122013-instalacja-1.jpg\"><img loading=\"lazy\" decoding=\"async\" width=\"660\" height=\"371\" src=\"https:\/\/galeriamiejska.pl\/wp-content\/uploads\/2021\/01\/205_2_agnieszka-ewa-braun-uklad-odniesienia-dokumentacja-jako-dzielo-20122013-instalacja-1.jpg\" alt=\"\" data-id=\"3179\" data-full-url=\"https:\/\/galeriamiejska.pl\/wp-content\/uploads\/2021\/01\/205_2_agnieszka-ewa-braun-uklad-odniesienia-dokumentacja-jako-dzielo-20122013-instalacja-1.jpg\" data-link=\"https:\/\/galeriamiejska.pl\/agnieszka-ewa-braun\/205_2_agnieszka-ewa-braun-uklad-odniesienia-dokumentacja-jako-dzielo-20122013-instalacja-2\/\" class=\"wp-image-3179\" srcset=\"https:\/\/galeriamiejska.pl\/wp-content\/uploads\/2021\/01\/205_2_agnieszka-ewa-braun-uklad-odniesienia-dokumentacja-jako-dzielo-20122013-instalacja-1.jpg 660w, https:\/\/galeriamiejska.pl\/wp-content\/uploads\/2021\/01\/205_2_agnieszka-ewa-braun-uklad-odniesienia-dokumentacja-jako-dzielo-20122013-instalacja-1-300x169.jpg 300w\" sizes=\"auto, (max-width: 660px) 100vw, 660px\" \/><\/a><figcaption class=\"blocks-gallery-item__caption\">Agnieszka Ewa Braun, Uklad Odniesienia, Dokumentacja jako dzie\u0142o, 2012\/2013, instalacja <\/figcaption><\/figure><\/li><li class=\"blocks-gallery-item\"><figure><a href=\"https:\/\/galeriamiejska.pl\/wp-content\/uploads\/2021\/01\/205_2_dyplom-2014-ksztalty-czasu-1.jpg\"><img loading=\"lazy\" decoding=\"async\" width=\"377\" height=\"567\" src=\"https:\/\/galeriamiejska.pl\/wp-content\/uploads\/2021\/01\/205_2_dyplom-2014-ksztalty-czasu-1.jpg\" alt=\"\" data-id=\"3180\" data-full-url=\"https:\/\/galeriamiejska.pl\/wp-content\/uploads\/2021\/01\/205_2_dyplom-2014-ksztalty-czasu-1.jpg\" data-link=\"https:\/\/galeriamiejska.pl\/agnieszka-ewa-braun\/205_2_dyplom-2014-ksztalty-czasu-2\/\" class=\"wp-image-3180\" srcset=\"https:\/\/galeriamiejska.pl\/wp-content\/uploads\/2021\/01\/205_2_dyplom-2014-ksztalty-czasu-1.jpg 377w, https:\/\/galeriamiejska.pl\/wp-content\/uploads\/2021\/01\/205_2_dyplom-2014-ksztalty-czasu-1-199x300.jpg 199w\" sizes=\"auto, (max-width: 377px) 100vw, 377px\" \/><\/a><figcaption class=\"blocks-gallery-item__caption\">dyplom 2014 &#8220;Kszta\u0142ty czasu&#8221; <\/figcaption><\/figure><\/li><li class=\"blocks-gallery-item\"><figure><a href=\"https:\/\/galeriamiejska.pl\/wp-content\/uploads\/2021\/01\/205_3_agnieszka-ewa-braun-uklad-odniesienia-dokumentacja-jako-dzielo-20122013-instalacja-1.jpg\"><img loading=\"lazy\" decoding=\"async\" width=\"660\" height=\"371\" src=\"https:\/\/galeriamiejska.pl\/wp-content\/uploads\/2021\/01\/205_3_agnieszka-ewa-braun-uklad-odniesienia-dokumentacja-jako-dzielo-20122013-instalacja-1.jpg\" alt=\"\" data-id=\"3181\" data-full-url=\"https:\/\/galeriamiejska.pl\/wp-content\/uploads\/2021\/01\/205_3_agnieszka-ewa-braun-uklad-odniesienia-dokumentacja-jako-dzielo-20122013-instalacja-1.jpg\" data-link=\"https:\/\/galeriamiejska.pl\/agnieszka-ewa-braun\/205_3_agnieszka-ewa-braun-uklad-odniesienia-dokumentacja-jako-dzielo-20122013-instalacja-2\/\" class=\"wp-image-3181\" srcset=\"https:\/\/galeriamiejska.pl\/wp-content\/uploads\/2021\/01\/205_3_agnieszka-ewa-braun-uklad-odniesienia-dokumentacja-jako-dzielo-20122013-instalacja-1.jpg 660w, https:\/\/galeriamiejska.pl\/wp-content\/uploads\/2021\/01\/205_3_agnieszka-ewa-braun-uklad-odniesienia-dokumentacja-jako-dzielo-20122013-instalacja-1-300x169.jpg 300w\" sizes=\"auto, (max-width: 660px) 100vw, 660px\" \/><\/a><figcaption class=\"blocks-gallery-item__caption\">Agnieszka Ewa Braun, Uklad Odniesienia, Dokumentacja jako dzie\u0142o, 2012\/2013, instalacja <\/figcaption><\/figure><\/li><li class=\"blocks-gallery-item\"><figure><a href=\"https:\/\/galeriamiejska.pl\/wp-content\/uploads\/2021\/01\/205_3_agnieszka-ewa-braun-z-cyklu-immanencje-2012-grafika-komputerowa-100-x-70-1.jpg\"><img loading=\"lazy\" decoding=\"async\" width=\"462\" height=\"660\" src=\"https:\/\/galeriamiejska.pl\/wp-content\/uploads\/2021\/01\/205_3_agnieszka-ewa-braun-z-cyklu-immanencje-2012-grafika-komputerowa-100-x-70-1.jpg\" alt=\"\" data-id=\"3182\" data-full-url=\"https:\/\/galeriamiejska.pl\/wp-content\/uploads\/2021\/01\/205_3_agnieszka-ewa-braun-z-cyklu-immanencje-2012-grafika-komputerowa-100-x-70-1.jpg\" data-link=\"https:\/\/galeriamiejska.pl\/agnieszka-ewa-braun\/205_3_agnieszka-ewa-braun-z-cyklu-immanencje-2012-grafika-komputerowa-100-x-70-2\/\" class=\"wp-image-3182\" srcset=\"https:\/\/galeriamiejska.pl\/wp-content\/uploads\/2021\/01\/205_3_agnieszka-ewa-braun-z-cyklu-immanencje-2012-grafika-komputerowa-100-x-70-1.jpg 462w, https:\/\/galeriamiejska.pl\/wp-content\/uploads\/2021\/01\/205_3_agnieszka-ewa-braun-z-cyklu-immanencje-2012-grafika-komputerowa-100-x-70-1-210x300.jpg 210w\" sizes=\"auto, (max-width: 462px) 100vw, 462px\" \/><\/a><figcaption class=\"blocks-gallery-item__caption\">Agnieszka Ewa Braun, z cyklu Immanencje, 2012, grafika komputerowa, 100 x 70 <\/figcaption><\/figure><\/li><li class=\"blocks-gallery-item\"><figure><a href=\"https:\/\/galeriamiejska.pl\/wp-content\/uploads\/2021\/01\/205_3_dyplom-2014-ksztalty-czasu-1.jpg\"><img loading=\"lazy\" decoding=\"async\" width=\"378\" height=\"567\" src=\"https:\/\/galeriamiejska.pl\/wp-content\/uploads\/2021\/01\/205_3_dyplom-2014-ksztalty-czasu-1.jpg\" alt=\"\" data-id=\"3183\" data-full-url=\"https:\/\/galeriamiejska.pl\/wp-content\/uploads\/2021\/01\/205_3_dyplom-2014-ksztalty-czasu-1.jpg\" data-link=\"https:\/\/galeriamiejska.pl\/agnieszka-ewa-braun\/205_3_dyplom-2014-ksztalty-czasu-2\/\" class=\"wp-image-3183\" srcset=\"https:\/\/galeriamiejska.pl\/wp-content\/uploads\/2021\/01\/205_3_dyplom-2014-ksztalty-czasu-1.jpg 378w, https:\/\/galeriamiejska.pl\/wp-content\/uploads\/2021\/01\/205_3_dyplom-2014-ksztalty-czasu-1-200x300.jpg 200w\" sizes=\"auto, (max-width: 378px) 100vw, 378px\" \/><\/a><figcaption class=\"blocks-gallery-item__caption\">dyplom 2014 &#8220;Kszta\u0142ty czasu&#8221; <\/figcaption><\/figure><\/li><\/ul><\/figure>\n","protected":false,"raw":"<!-- wp:eedee\/block-gutenslider {\"gsBlockId\":\"qrzkvjp5m\",\"contentMode\":\"fixed\",\"autoplay\":false,\"adaptiveHeight\":true} -->\n<!-- wp:eedee\/block-gutenslide {\"gsBlockId\":\"omkew5rqb\",\"background\":{\"backgroundType\":\"image\",\"backgroundColor\":\"#eeeeee\",\"backgroundOverlayImage\":\"\",\"backgroundOverlayVideo\":\"\",\"backgroundOverlayOpacity\":50,\"backgroundGradient\":{},\"backgroundImage\":{\"url\":\"https:\/\/galeriamiejska.pl\/wp-content\/uploads\/2021\/01\/205_4_dyplom-2014-ksztalty-czasu-1.jpg\",\"id\":\"3167\",\"alt\":\"\",\"type\":\"image\"},\"backgroundPosition\":\"center center\",\"backgroundRepeat\":\"no-repeat\",\"backgroundImageSize\":\"cover\",\"backgroundVideoSize\":\"cover\",\"customBackgroundColor\":\"\",\"hasParallax\":false,\"backgroundFocalPoint\":{\"x\":0.5,\"y\":0.5},\"backgroundVideoFocalPoint\":{\"x\":0.5,\"y\":0.5},\"backgroundVideo\":{},\"backgroundVideoMuted\":true,\"backgroundVideoLoop\":true,\"backgroundVideoAutoplay\":true,\"openPopover\":true}} -->\n<!-- wp:paragraph {\"align\":\"center\",\"placeholder\":\"Add slide content here\u2026\",\"className\":\"gutenslider-content-initial\",\"fontSize\":\"larger\"} -->\n<p class=\"has-text-align-center gutenslider-content-initial has-larger-font-size\"><\/p>\n<!-- \/wp:paragraph -->\n<!-- \/wp:eedee\/block-gutenslide -->\n\n<!-- wp:eedee\/block-gutenslide {\"gsBlockId\":\"v5vinjmhx\",\"background\":{\"backgroundType\":\"image\",\"backgroundColor\":\"#eeeeee\",\"backgroundOverlayImage\":\"\",\"backgroundOverlayVideo\":\"\",\"backgroundOverlayOpacity\":50,\"backgroundGradient\":{},\"backgroundImage\":{\"url\":\"https:\/\/galeriamiejska.pl\/wp-content\/uploads\/2021\/01\/205_5_dyplom-2014-ksztalty-czasu-1.jpg\",\"id\":\"3168\",\"alt\":\"\",\"type\":\"image\"},\"backgroundPosition\":\"center center\",\"backgroundRepeat\":\"no-repeat\",\"backgroundImageSize\":\"cover\",\"backgroundVideoSize\":\"cover\",\"customBackgroundColor\":\"\",\"hasParallax\":false,\"backgroundFocalPoint\":{\"x\":0.5,\"y\":0.5},\"backgroundVideoFocalPoint\":{\"x\":0.5,\"y\":0.5},\"backgroundVideo\":{},\"backgroundVideoMuted\":true,\"backgroundVideoLoop\":true,\"backgroundVideoAutoplay\":true,\"openPopover\":true}} -->\n<!-- wp:paragraph {\"align\":\"center\",\"placeholder\":\"Add slide content here\u2026\",\"className\":\"gutenslider-content-initial\",\"fontSize\":\"larger\"} -->\n<p class=\"has-text-align-center gutenslider-content-initial has-larger-font-size\"><\/p>\n<!-- \/wp:paragraph -->\n<!-- \/wp:eedee\/block-gutenslide -->\n\n<!-- wp:eedee\/block-gutenslide {\"gsBlockId\":\"2wofaoz9y\",\"background\":{\"backgroundType\":\"image\",\"backgroundColor\":\"#eeeeee\",\"backgroundOverlayImage\":\"\",\"backgroundOverlayVideo\":\"\",\"backgroundOverlayOpacity\":50,\"backgroundGradient\":{},\"backgroundImage\":{\"url\":\"https:\/\/galeriamiejska.pl\/wp-content\/uploads\/2021\/01\/205_agnieszka-ewa-braun-ablucja-2013-instalacja-wideo-projekcja-na-wodzie-1.jpg\",\"id\":\"3169\",\"alt\":\"\",\"type\":\"image\"},\"backgroundPosition\":\"center center\",\"backgroundRepeat\":\"no-repeat\",\"backgroundImageSize\":\"cover\",\"backgroundVideoSize\":\"cover\",\"customBackgroundColor\":\"\",\"hasParallax\":false,\"backgroundFocalPoint\":{\"x\":0.5,\"y\":0.5},\"backgroundVideoFocalPoint\":{\"x\":0.5,\"y\":0.5},\"backgroundVideo\":{},\"backgroundVideoMuted\":true,\"backgroundVideoLoop\":true,\"backgroundVideoAutoplay\":true,\"openPopover\":true}} -->\n<!-- wp:paragraph {\"align\":\"center\",\"placeholder\":\"Add slide content here\u2026\",\"className\":\"gutenslider-content-initial\",\"fontSize\":\"larger\"} -->\n<p class=\"has-text-align-center gutenslider-content-initial has-larger-font-size\"><\/p>\n<!-- \/wp:paragraph -->\n<!-- \/wp:eedee\/block-gutenslide -->\n\n<!-- wp:eedee\/block-gutenslide {\"gsBlockId\":\"3cnw5cti0\",\"background\":{\"backgroundType\":\"image\",\"backgroundColor\":\"#eeeeee\",\"backgroundOverlayImage\":\"\",\"backgroundOverlayVideo\":\"\",\"backgroundOverlayOpacity\":50,\"backgroundGradient\":{},\"backgroundImage\":{\"url\":\"https:\/\/galeriamiejska.pl\/wp-content\/uploads\/2021\/01\/205_agnieszka-ewa-braun-uklad-odniesienia-dokumentacja-jako-dzielo-20122013-instalacja-1.jpg\",\"id\":\"3170\",\"alt\":\"\",\"type\":\"image\"},\"backgroundPosition\":\"center center\",\"backgroundRepeat\":\"no-repeat\",\"backgroundImageSize\":\"cover\",\"backgroundVideoSize\":\"cover\",\"customBackgroundColor\":\"\",\"hasParallax\":false,\"backgroundFocalPoint\":{\"x\":0.5,\"y\":0.5},\"backgroundVideoFocalPoint\":{\"x\":0.5,\"y\":0.5},\"backgroundVideo\":{},\"backgroundVideoMuted\":true,\"backgroundVideoLoop\":true,\"backgroundVideoAutoplay\":true,\"openPopover\":true}} -->\n<!-- wp:paragraph {\"align\":\"center\",\"placeholder\":\"Add slide content here\u2026\",\"className\":\"gutenslider-content-initial\",\"fontSize\":\"larger\"} -->\n<p class=\"has-text-align-center gutenslider-content-initial has-larger-font-size\"><\/p>\n<!-- \/wp:paragraph -->\n<!-- \/wp:eedee\/block-gutenslide -->\n\n<!-- wp:eedee\/block-gutenslide {\"gsBlockId\":\"ast2s18t2\",\"background\":{\"backgroundType\":\"image\",\"backgroundColor\":\"#eeeeee\",\"backgroundOverlayImage\":\"\",\"backgroundOverlayVideo\":\"\",\"backgroundOverlayOpacity\":50,\"backgroundGradient\":{},\"backgroundImage\":{\"url\":\"https:\/\/galeriamiejska.pl\/wp-content\/uploads\/2021\/01\/205_agnieszka-ewa-braun-z-cyklu-cielesnosc-przedmiotu-2013-fotoobiekty-3d-z-papieru-skala-1-do-1-1.jpg\",\"id\":\"3171\",\"alt\":\"\",\"type\":\"image\"},\"backgroundPosition\":\"center center\",\"backgroundRepeat\":\"no-repeat\",\"backgroundImageSize\":\"cover\",\"backgroundVideoSize\":\"cover\",\"customBackgroundColor\":\"\",\"hasParallax\":false,\"backgroundFocalPoint\":{\"x\":0.5,\"y\":0.5},\"backgroundVideoFocalPoint\":{\"x\":0.5,\"y\":0.5},\"backgroundVideo\":{},\"backgroundVideoMuted\":true,\"backgroundVideoLoop\":true,\"backgroundVideoAutoplay\":true,\"openPopover\":true}} -->\n<!-- wp:paragraph {\"align\":\"center\",\"placeholder\":\"Add slide content here\u2026\",\"className\":\"gutenslider-content-initial\",\"fontSize\":\"larger\"} -->\n<p class=\"has-text-align-center gutenslider-content-initial has-larger-font-size\"><\/p>\n<!-- \/wp:paragraph -->\n<!-- \/wp:eedee\/block-gutenslide -->\n\n<!-- wp:eedee\/block-gutenslide {\"gsBlockId\":\"2idd7tmzf\",\"background\":{\"backgroundType\":\"image\",\"backgroundColor\":\"#eeeeee\",\"backgroundOverlayImage\":\"\",\"backgroundOverlayVideo\":\"\",\"backgroundOverlayOpacity\":50,\"backgroundGradient\":{},\"backgroundImage\":{\"url\":\"https:\/\/galeriamiejska.pl\/wp-content\/uploads\/2021\/01\/205_agnieszka-ewa-braun-z-cyklu-dorastanie-2012-2013-fotografia-200-x-140-1.jpg\",\"id\":\"3172\",\"alt\":\"\",\"type\":\"image\"},\"backgroundPosition\":\"center center\",\"backgroundRepeat\":\"no-repeat\",\"backgroundImageSize\":\"cover\",\"backgroundVideoSize\":\"cover\",\"customBackgroundColor\":\"\",\"hasParallax\":false,\"backgroundFocalPoint\":{\"x\":0.5,\"y\":0.5},\"backgroundVideoFocalPoint\":{\"x\":0.5,\"y\":0.5},\"backgroundVideo\":{},\"backgroundVideoMuted\":true,\"backgroundVideoLoop\":true,\"backgroundVideoAutoplay\":true,\"openPopover\":true}} -->\n<!-- wp:paragraph {\"align\":\"center\",\"placeholder\":\"Add slide content here\u2026\",\"className\":\"gutenslider-content-initial\",\"fontSize\":\"larger\"} -->\n<p class=\"has-text-align-center gutenslider-content-initial has-larger-font-size\"><\/p>\n<!-- \/wp:paragraph -->\n<!-- \/wp:eedee\/block-gutenslide -->\n\n<!-- wp:eedee\/block-gutenslide {\"gsBlockId\":\"0ks0os5bo\",\"background\":{\"backgroundType\":\"image\",\"backgroundColor\":\"#eeeeee\",\"backgroundOverlayImage\":\"\",\"backgroundOverlayVideo\":\"\",\"backgroundOverlayOpacity\":50,\"backgroundGradient\":{},\"backgroundImage\":{\"url\":\"https:\/\/galeriamiejska.pl\/wp-content\/uploads\/2021\/01\/205_agnieszka-ewa-braun-z-cyklu-immanencje-2012-grafika-komputerowa-100-x-70-1.jpg\",\"id\":\"3173\",\"alt\":\"\",\"type\":\"image\"},\"backgroundPosition\":\"center center\",\"backgroundRepeat\":\"no-repeat\",\"backgroundImageSize\":\"cover\",\"backgroundVideoSize\":\"cover\",\"customBackgroundColor\":\"\",\"hasParallax\":false,\"backgroundFocalPoint\":{\"x\":0.5,\"y\":0.5},\"backgroundVideoFocalPoint\":{\"x\":0.5,\"y\":0.5},\"backgroundVideo\":{},\"backgroundVideoMuted\":true,\"backgroundVideoLoop\":true,\"backgroundVideoAutoplay\":true,\"openPopover\":true}} -->\n<!-- wp:paragraph {\"align\":\"center\",\"placeholder\":\"Add slide content here\u2026\",\"className\":\"gutenslider-content-initial\",\"fontSize\":\"larger\"} -->\n<p class=\"has-text-align-center gutenslider-content-initial has-larger-font-size\"><\/p>\n<!-- \/wp:paragraph -->\n<!-- \/wp:eedee\/block-gutenslide -->\n\n<!-- wp:eedee\/block-gutenslide {\"gsBlockId\":\"emj4ubeef\",\"background\":{\"backgroundType\":\"image\",\"backgroundColor\":\"#eeeeee\",\"backgroundOverlayImage\":\"\",\"backgroundOverlayVideo\":\"\",\"backgroundOverlayOpacity\":50,\"backgroundGradient\":{},\"backgroundImage\":{\"url\":\"https:\/\/galeriamiejska.pl\/wp-content\/uploads\/2021\/01\/205_dyplom-2014-ksztalty-czasu-1.jpg\",\"id\":\"3174\",\"alt\":\"\",\"type\":\"image\"},\"backgroundPosition\":\"center center\",\"backgroundRepeat\":\"no-repeat\",\"backgroundImageSize\":\"cover\",\"backgroundVideoSize\":\"cover\",\"customBackgroundColor\":\"\",\"hasParallax\":false,\"backgroundFocalPoint\":{\"x\":0.5,\"y\":0.5},\"backgroundVideoFocalPoint\":{\"x\":0.5,\"y\":0.5},\"backgroundVideo\":{},\"backgroundVideoMuted\":true,\"backgroundVideoLoop\":true,\"backgroundVideoAutoplay\":true,\"openPopover\":true}} -->\n<!-- wp:paragraph {\"align\":\"center\",\"placeholder\":\"Add slide content here\u2026\",\"className\":\"gutenslider-content-initial\",\"fontSize\":\"larger\"} -->\n<p class=\"has-text-align-center gutenslider-content-initial has-larger-font-size\"><\/p>\n<!-- \/wp:paragraph -->\n<!-- \/wp:eedee\/block-gutenslide -->\n\n<!-- wp:eedee\/block-gutenslide {\"gsBlockId\":\"t9pi138vn\",\"background\":{\"backgroundType\":\"image\",\"backgroundColor\":\"#eeeeee\",\"backgroundOverlayImage\":\"\",\"backgroundOverlayVideo\":\"\",\"backgroundOverlayOpacity\":50,\"backgroundGradient\":{},\"backgroundImage\":{\"url\":\"https:\/\/galeriamiejska.pl\/wp-content\/uploads\/2021\/01\/205_1_agnieszka-ewa-braun-z-cyklu-dorastanie-2012-2013-fotografia-200-x-140-1.jpg\",\"id\":\"3175\",\"alt\":\"\",\"type\":\"image\"},\"backgroundPosition\":\"center center\",\"backgroundRepeat\":\"no-repeat\",\"backgroundImageSize\":\"cover\",\"backgroundVideoSize\":\"cover\",\"customBackgroundColor\":\"\",\"hasParallax\":false,\"backgroundFocalPoint\":{\"x\":0.5,\"y\":0.5},\"backgroundVideoFocalPoint\":{\"x\":0.5,\"y\":0.5},\"backgroundVideo\":{},\"backgroundVideoMuted\":true,\"backgroundVideoLoop\":true,\"backgroundVideoAutoplay\":true,\"openPopover\":true}} -->\n<!-- wp:paragraph {\"align\":\"center\",\"placeholder\":\"Add slide content here\u2026\",\"className\":\"gutenslider-content-initial\",\"fontSize\":\"larger\"} -->\n<p class=\"has-text-align-center gutenslider-content-initial has-larger-font-size\"><\/p>\n<!-- \/wp:paragraph -->\n<!-- \/wp:eedee\/block-gutenslide -->\n\n<!-- wp:eedee\/block-gutenslide {\"gsBlockId\":\"g6jgq8foh\",\"background\":{\"backgroundType\":\"image\",\"backgroundColor\":\"#eeeeee\",\"backgroundOverlayImage\":\"\",\"backgroundOverlayVideo\":\"\",\"backgroundOverlayOpacity\":50,\"backgroundGradient\":{},\"backgroundImage\":{\"url\":\"https:\/\/galeriamiejska.pl\/wp-content\/uploads\/2021\/01\/205_1_agnieszka-ewa-braun-z-cyklu-immanencje-2012-grafika-komputerowa-100-x-70-1.jpg\",\"id\":\"3176\",\"alt\":\"\",\"type\":\"image\"},\"backgroundPosition\":\"center center\",\"backgroundRepeat\":\"no-repeat\",\"backgroundImageSize\":\"cover\",\"backgroundVideoSize\":\"cover\",\"customBackgroundColor\":\"\",\"hasParallax\":false,\"backgroundFocalPoint\":{\"x\":0.5,\"y\":0.5},\"backgroundVideoFocalPoint\":{\"x\":0.5,\"y\":0.5},\"backgroundVideo\":{},\"backgroundVideoMuted\":true,\"backgroundVideoLoop\":true,\"backgroundVideoAutoplay\":true,\"openPopover\":true}} -->\n<!-- wp:paragraph {\"align\":\"center\",\"placeholder\":\"Add slide content here\u2026\",\"className\":\"gutenslider-content-initial\",\"fontSize\":\"larger\"} -->\n<p class=\"has-text-align-center gutenslider-content-initial has-larger-font-size\"><\/p>\n<!-- \/wp:paragraph -->\n<!-- \/wp:eedee\/block-gutenslide -->\n\n<!-- wp:eedee\/block-gutenslide {\"gsBlockId\":\"no6tgwsto\",\"background\":{\"backgroundType\":\"image\",\"backgroundColor\":\"#eeeeee\",\"backgroundOverlayImage\":\"\",\"backgroundOverlayVideo\":\"\",\"backgroundOverlayOpacity\":50,\"backgroundGradient\":{},\"backgroundImage\":{\"url\":\"https:\/\/galeriamiejska.pl\/wp-content\/uploads\/2021\/01\/205_1_dyplom-2014-ksztalty-czasu-1.jpg\",\"id\":\"3177\",\"alt\":\"\",\"type\":\"image\"},\"backgroundPosition\":\"center center\",\"backgroundRepeat\":\"no-repeat\",\"backgroundImageSize\":\"cover\",\"backgroundVideoSize\":\"cover\",\"customBackgroundColor\":\"\",\"hasParallax\":false,\"backgroundFocalPoint\":{\"x\":0.5,\"y\":0.5},\"backgroundVideoFocalPoint\":{\"x\":0.5,\"y\":0.5},\"backgroundVideo\":{},\"backgroundVideoMuted\":true,\"backgroundVideoLoop\":true,\"backgroundVideoAutoplay\":true,\"openPopover\":true}} -->\n<!-- wp:paragraph {\"align\":\"center\",\"placeholder\":\"Add slide content here\u2026\",\"className\":\"gutenslider-content-initial\",\"fontSize\":\"larger\"} -->\n<p class=\"has-text-align-center gutenslider-content-initial has-larger-font-size\"><\/p>\n<!-- \/wp:paragraph -->\n<!-- \/wp:eedee\/block-gutenslide -->\n\n<!-- wp:eedee\/block-gutenslide {\"gsBlockId\":\"57ssz5h11\",\"background\":{\"backgroundType\":\"image\",\"backgroundColor\":\"#eeeeee\",\"backgroundOverlayImage\":\"\",\"backgroundOverlayVideo\":\"\",\"backgroundOverlayOpacity\":50,\"backgroundGradient\":{},\"backgroundImage\":{\"url\":\"https:\/\/galeriamiejska.pl\/wp-content\/uploads\/2021\/01\/205_2_agnieszka-ewa-braun-ablucja-2013-instalacja-wideo-projekcja-na-wodzie-1.jpg\",\"id\":\"3178\",\"alt\":\"\",\"type\":\"image\"},\"backgroundPosition\":\"center center\",\"backgroundRepeat\":\"no-repeat\",\"backgroundImageSize\":\"cover\",\"backgroundVideoSize\":\"cover\",\"customBackgroundColor\":\"\",\"hasParallax\":false,\"backgroundFocalPoint\":{\"x\":0.5,\"y\":0.5},\"backgroundVideoFocalPoint\":{\"x\":0.5,\"y\":0.5},\"backgroundVideo\":{},\"backgroundVideoMuted\":true,\"backgroundVideoLoop\":true,\"backgroundVideoAutoplay\":true,\"openPopover\":true}} -->\n<!-- wp:paragraph {\"align\":\"center\",\"placeholder\":\"Add slide content here\u2026\",\"className\":\"gutenslider-content-initial\",\"fontSize\":\"larger\"} -->\n<p class=\"has-text-align-center gutenslider-content-initial has-larger-font-size\"><\/p>\n<!-- \/wp:paragraph -->\n<!-- \/wp:eedee\/block-gutenslide -->\n\n<!-- wp:eedee\/block-gutenslide {\"gsBlockId\":\"hud0m87jp\",\"background\":{\"backgroundType\":\"image\",\"backgroundColor\":\"#eeeeee\",\"backgroundOverlayImage\":\"\",\"backgroundOverlayVideo\":\"\",\"backgroundOverlayOpacity\":50,\"backgroundGradient\":{},\"backgroundImage\":{\"url\":\"https:\/\/galeriamiejska.pl\/wp-content\/uploads\/2021\/01\/205_2_agnieszka-ewa-braun-uklad-odniesienia-dokumentacja-jako-dzielo-20122013-instalacja-1.jpg\",\"id\":\"3179\",\"alt\":\"\",\"type\":\"image\"},\"backgroundPosition\":\"center center\",\"backgroundRepeat\":\"no-repeat\",\"backgroundImageSize\":\"cover\",\"backgroundVideoSize\":\"cover\",\"customBackgroundColor\":\"\",\"hasParallax\":false,\"backgroundFocalPoint\":{\"x\":0.5,\"y\":0.5},\"backgroundVideoFocalPoint\":{\"x\":0.5,\"y\":0.5},\"backgroundVideo\":{},\"backgroundVideoMuted\":true,\"backgroundVideoLoop\":true,\"backgroundVideoAutoplay\":true,\"openPopover\":true}} -->\n<!-- wp:paragraph {\"align\":\"center\",\"placeholder\":\"Add slide content here\u2026\",\"className\":\"gutenslider-content-initial\",\"fontSize\":\"larger\"} -->\n<p class=\"has-text-align-center gutenslider-content-initial has-larger-font-size\"><\/p>\n<!-- \/wp:paragraph -->\n<!-- \/wp:eedee\/block-gutenslide -->\n\n<!-- wp:eedee\/block-gutenslide {\"gsBlockId\":\"1d7e100hv\",\"background\":{\"backgroundType\":\"image\",\"backgroundColor\":\"#eeeeee\",\"backgroundOverlayImage\":\"\",\"backgroundOverlayVideo\":\"\",\"backgroundOverlayOpacity\":50,\"backgroundGradient\":{},\"backgroundImage\":{\"url\":\"https:\/\/galeriamiejska.pl\/wp-content\/uploads\/2021\/01\/205_2_dyplom-2014-ksztalty-czasu-1.jpg\",\"id\":\"3180\",\"alt\":\"\",\"type\":\"image\"},\"backgroundPosition\":\"center center\",\"backgroundRepeat\":\"no-repeat\",\"backgroundImageSize\":\"cover\",\"backgroundVideoSize\":\"cover\",\"customBackgroundColor\":\"\",\"hasParallax\":false,\"backgroundFocalPoint\":{\"x\":0.5,\"y\":0.5},\"backgroundVideoFocalPoint\":{\"x\":0.5,\"y\":0.5},\"backgroundVideo\":{},\"backgroundVideoMuted\":true,\"backgroundVideoLoop\":true,\"backgroundVideoAutoplay\":true,\"openPopover\":true}} -->\n<!-- wp:paragraph {\"align\":\"center\",\"placeholder\":\"Add slide content here\u2026\",\"className\":\"gutenslider-content-initial\",\"fontSize\":\"larger\"} -->\n<p class=\"has-text-align-center gutenslider-content-initial has-larger-font-size\"><\/p>\n<!-- \/wp:paragraph -->\n<!-- \/wp:eedee\/block-gutenslide -->\n\n<!-- wp:eedee\/block-gutenslide {\"gsBlockId\":\"40yxzqcap\",\"background\":{\"backgroundType\":\"image\",\"backgroundColor\":\"#eeeeee\",\"backgroundOverlayImage\":\"\",\"backgroundOverlayVideo\":\"\",\"backgroundOverlayOpacity\":50,\"backgroundGradient\":{},\"backgroundImage\":{\"url\":\"https:\/\/galeriamiejska.pl\/wp-content\/uploads\/2021\/01\/205_3_agnieszka-ewa-braun-uklad-odniesienia-dokumentacja-jako-dzielo-20122013-instalacja-1.jpg\",\"id\":\"3181\",\"alt\":\"\",\"type\":\"image\"},\"backgroundPosition\":\"center center\",\"backgroundRepeat\":\"no-repeat\",\"backgroundImageSize\":\"cover\",\"backgroundVideoSize\":\"cover\",\"customBackgroundColor\":\"\",\"hasParallax\":false,\"backgroundFocalPoint\":{\"x\":0.5,\"y\":0.5},\"backgroundVideoFocalPoint\":{\"x\":0.5,\"y\":0.5},\"backgroundVideo\":{},\"backgroundVideoMuted\":true,\"backgroundVideoLoop\":true,\"backgroundVideoAutoplay\":true,\"openPopover\":true}} -->\n<!-- wp:paragraph {\"align\":\"center\",\"placeholder\":\"Add slide content here\u2026\",\"className\":\"gutenslider-content-initial\",\"fontSize\":\"larger\"} -->\n<p class=\"has-text-align-center gutenslider-content-initial has-larger-font-size\"><\/p>\n<!-- \/wp:paragraph -->\n<!-- \/wp:eedee\/block-gutenslide -->\n\n<!-- wp:eedee\/block-gutenslide {\"gsBlockId\":\"pxm506c6s\",\"background\":{\"backgroundType\":\"image\",\"backgroundColor\":\"#eeeeee\",\"backgroundOverlayImage\":\"\",\"backgroundOverlayVideo\":\"\",\"backgroundOverlayOpacity\":50,\"backgroundGradient\":{},\"backgroundImage\":{\"url\":\"https:\/\/galeriamiejska.pl\/wp-content\/uploads\/2021\/01\/205_3_agnieszka-ewa-braun-z-cyklu-immanencje-2012-grafika-komputerowa-100-x-70-1.jpg\",\"id\":\"3182\",\"alt\":\"\",\"type\":\"image\"},\"backgroundPosition\":\"center center\",\"backgroundRepeat\":\"no-repeat\",\"backgroundImageSize\":\"cover\",\"backgroundVideoSize\":\"cover\",\"customBackgroundColor\":\"\",\"hasParallax\":false,\"backgroundFocalPoint\":{\"x\":0.5,\"y\":0.5},\"backgroundVideoFocalPoint\":{\"x\":0.5,\"y\":0.5},\"backgroundVideo\":{},\"backgroundVideoMuted\":true,\"backgroundVideoLoop\":true,\"backgroundVideoAutoplay\":true,\"openPopover\":true}} -->\n<!-- wp:paragraph {\"align\":\"center\",\"placeholder\":\"Add slide content here\u2026\",\"className\":\"gutenslider-content-initial\",\"fontSize\":\"larger\"} -->\n<p class=\"has-text-align-center gutenslider-content-initial has-larger-font-size\"><\/p>\n<!-- \/wp:paragraph -->\n<!-- \/wp:eedee\/block-gutenslide -->\n\n<!-- wp:eedee\/block-gutenslide {\"gsBlockId\":\"6xc30ativ\",\"background\":{\"backgroundType\":\"image\",\"backgroundColor\":\"#eeeeee\",\"backgroundOverlayImage\":\"\",\"backgroundOverlayVideo\":\"\",\"backgroundOverlayOpacity\":50,\"backgroundGradient\":{},\"backgroundImage\":{\"url\":\"https:\/\/galeriamiejska.pl\/wp-content\/uploads\/2021\/01\/205_3_dyplom-2014-ksztalty-czasu-1.jpg\",\"id\":\"3183\",\"alt\":\"\",\"type\":\"image\"},\"backgroundPosition\":\"center center\",\"backgroundRepeat\":\"no-repeat\",\"backgroundImageSize\":\"cover\",\"backgroundVideoSize\":\"cover\",\"customBackgroundColor\":\"\",\"hasParallax\":false,\"backgroundFocalPoint\":{\"x\":0.5,\"y\":0.5},\"backgroundVideoFocalPoint\":{\"x\":0.5,\"y\":0.5},\"backgroundVideo\":{},\"backgroundVideoMuted\":true,\"backgroundVideoLoop\":true,\"backgroundVideoAutoplay\":true,\"openPopover\":true}} -->\n<!-- wp:paragraph {\"align\":\"center\",\"placeholder\":\"Add slide content here\u2026\",\"className\":\"gutenslider-content-initial\",\"fontSize\":\"larger\"} -->\n<p class=\"has-text-align-center gutenslider-content-initial has-larger-font-size\"><\/p>\n<!-- \/wp:paragraph -->\n<!-- \/wp:eedee\/block-gutenslide -->\n<!-- \/wp:eedee\/block-gutenslider -->\n\n<!-- wp:paragraph {\"align\":\"left\"} -->\n<p class=\"has-text-align-left\"><strong>Born in 1990 in Lw\u00f3wek \u015al\u0105ski.<br><br>Education:<br>2009 \u2013 2012, The Eugeniusz Geppert Academy of Art and Design in Wroc\u0142aw, Faculty of Graphic Arts and Media Art. Graduating in 2012 at prof. Stanis\u0142aw Sasak workshop (bachelor's degree)<\/strong>.<br><br><strong>Selected exhibitions:<\/strong><br><strong><br>2014<\/strong><br>- 7th Douro Biennial 2014, Douro Museum, Portugal<br><br><strong>2013<\/strong><br>- Global print 2013, Lamego Museum, Portugal<br>- The 8th International Triennial of Small Graphic Forms, Vilnius, Lithuania<br>- XV INTERBIFEP International Biennial of Portrait, Tuzla, Bosni\u2013Hercegovina<br>- Aviaries VOL.7, Wroclaw Contemporary Museum, Poland<br>- International Design Festival, DMY. Polish Focus Design, Berlin, Tempelhof, Germany<br><br><strong>2012<\/strong><br>- 5th National Student Drawing Exhibition \u201eRysowa\u0107\u201d, Wozownia Art Gallery, Toru\u0144, Poland<br>- Osten Galerija Biennial of Drawing, Skopje, Macedonia<br>- International Triennial of Graphic Art Bitola, Bitola, Mecedonia<br>- Immanencje, 3 Ra \u2013 My Gallery, Wroclaw, Poland<br>- Wroc\u0142aw School of Printmaking, Academy of Fine Arts, Riga, Latvia<br>- Made in photo and media, Muzeum Fotografii w\u00a0G\u00f6rlitz, Germany<\/p>\n<!-- \/wp:paragraph -->\n\n<!-- wp:gallery {\"ids\":[3167,3168,3169,3170,3171,3172,3173,3174,3175,3176,3177,3178,3179,3180,3181,3182,3183],\"columns\":4,\"linkTo\":\"file\"} -->\n<figure class=\"wp-block-gallery columns-4 is-cropped\"><ul class=\"blocks-gallery-grid\"><li class=\"blocks-gallery-item\"><figure><a href=\"https:\/\/galeriamiejska.pl\/wp-content\/uploads\/2021\/01\/205_4_dyplom-2014-ksztalty-czasu-1.jpg\"><img src=\"https:\/\/galeriamiejska.pl\/wp-content\/uploads\/2021\/01\/205_4_dyplom-2014-ksztalty-czasu-1.jpg\" alt=\"\" data-id=\"3167\" data-full-url=\"https:\/\/galeriamiejska.pl\/wp-content\/uploads\/2021\/01\/205_4_dyplom-2014-ksztalty-czasu-1.jpg\" data-link=\"https:\/\/galeriamiejska.pl\/agnieszka-ewa-braun\/205_4_dyplom-2014-ksztalty-czasu-2\/\" class=\"wp-image-3167\"\/><\/a><figcaption class=\"blocks-gallery-item__caption\">dyplom 2014 \"Kszta\u0142ty czasu\" <\/figcaption><\/figure><\/li><li class=\"blocks-gallery-item\"><figure><a href=\"https:\/\/galeriamiejska.pl\/wp-content\/uploads\/2021\/01\/205_5_dyplom-2014-ksztalty-czasu-1.jpg\"><img src=\"https:\/\/galeriamiejska.pl\/wp-content\/uploads\/2021\/01\/205_5_dyplom-2014-ksztalty-czasu-1.jpg\" alt=\"\" data-id=\"3168\" data-full-url=\"https:\/\/galeriamiejska.pl\/wp-content\/uploads\/2021\/01\/205_5_dyplom-2014-ksztalty-czasu-1.jpg\" data-link=\"https:\/\/galeriamiejska.pl\/agnieszka-ewa-braun\/205_5_dyplom-2014-ksztalty-czasu-2\/\" class=\"wp-image-3168\"\/><\/a><figcaption class=\"blocks-gallery-item__caption\">dyplom 2014 \"Kszta\u0142ty czasu\" <\/figcaption><\/figure><\/li><li class=\"blocks-gallery-item\"><figure><a href=\"https:\/\/galeriamiejska.pl\/wp-content\/uploads\/2021\/01\/205_agnieszka-ewa-braun-ablucja-2013-instalacja-wideo-projekcja-na-wodzie-1.jpg\"><img src=\"https:\/\/galeriamiejska.pl\/wp-content\/uploads\/2021\/01\/205_agnieszka-ewa-braun-ablucja-2013-instalacja-wideo-projekcja-na-wodzie-1.jpg\" alt=\"\" data-id=\"3169\" data-full-url=\"https:\/\/galeriamiejska.pl\/wp-content\/uploads\/2021\/01\/205_agnieszka-ewa-braun-ablucja-2013-instalacja-wideo-projekcja-na-wodzie-1.jpg\" data-link=\"https:\/\/galeriamiejska.pl\/agnieszka-ewa-braun\/205_agnieszka-ewa-braun-ablucja-2013-instalacja-wideo-projekcja-na-wodzie-2\/\" class=\"wp-image-3169\"\/><\/a><figcaption class=\"blocks-gallery-item__caption\">Agnieszka Ewa Braun, Ablucja, 2013, instalacja, wideo-projekcja na wodzie <\/figcaption><\/figure><\/li><li class=\"blocks-gallery-item\"><figure><a href=\"https:\/\/galeriamiejska.pl\/wp-content\/uploads\/2021\/01\/205_agnieszka-ewa-braun-uklad-odniesienia-dokumentacja-jako-dzielo-20122013-instalacja-1.jpg\"><img src=\"https:\/\/galeriamiejska.pl\/wp-content\/uploads\/2021\/01\/205_agnieszka-ewa-braun-uklad-odniesienia-dokumentacja-jako-dzielo-20122013-instalacja-1.jpg\" alt=\"\" data-id=\"3170\" data-full-url=\"https:\/\/galeriamiejska.pl\/wp-content\/uploads\/2021\/01\/205_agnieszka-ewa-braun-uklad-odniesienia-dokumentacja-jako-dzielo-20122013-instalacja-1.jpg\" data-link=\"https:\/\/galeriamiejska.pl\/agnieszka-ewa-braun\/205_agnieszka-ewa-braun-uklad-odniesienia-dokumentacja-jako-dzielo-20122013-instalacja-2\/\" class=\"wp-image-3170\"\/><\/a><figcaption class=\"blocks-gallery-item__caption\">Agnieszka Ewa Braun, Uklad Odniesienia, Dokumentacja jako dzie\u0142o, 2012\/2013, instalacja <\/figcaption><\/figure><\/li><li class=\"blocks-gallery-item\"><figure><a href=\"https:\/\/galeriamiejska.pl\/wp-content\/uploads\/2021\/01\/205_agnieszka-ewa-braun-z-cyklu-cielesnosc-przedmiotu-2013-fotoobiekty-3d-z-papieru-skala-1-do-1-1.jpg\"><img src=\"https:\/\/galeriamiejska.pl\/wp-content\/uploads\/2021\/01\/205_agnieszka-ewa-braun-z-cyklu-cielesnosc-przedmiotu-2013-fotoobiekty-3d-z-papieru-skala-1-do-1-1.jpg\" alt=\"\" data-id=\"3171\" data-full-url=\"https:\/\/galeriamiejska.pl\/wp-content\/uploads\/2021\/01\/205_agnieszka-ewa-braun-z-cyklu-cielesnosc-przedmiotu-2013-fotoobiekty-3d-z-papieru-skala-1-do-1-1.jpg\" data-link=\"https:\/\/galeriamiejska.pl\/agnieszka-ewa-braun\/205_agnieszka-ewa-braun-z-cyklu-cielesnosc-przedmiotu-2013-fotoobiekty-3d-z-papieru-skala-1-do-1-2\/\" class=\"wp-image-3171\"\/><\/a><figcaption class=\"blocks-gallery-item__caption\">Agnieszka Ewa Braun, z cyklu Cielesno\u015b\u0107 przedmiotu, 2013, fotoobiekty 3d z papieru, skala 1 do 1 <\/figcaption><\/figure><\/li><li class=\"blocks-gallery-item\"><figure><a href=\"https:\/\/galeriamiejska.pl\/wp-content\/uploads\/2021\/01\/205_agnieszka-ewa-braun-z-cyklu-dorastanie-2012-2013-fotografia-200-x-140-1.jpg\"><img src=\"https:\/\/galeriamiejska.pl\/wp-content\/uploads\/2021\/01\/205_agnieszka-ewa-braun-z-cyklu-dorastanie-2012-2013-fotografia-200-x-140-1.jpg\" alt=\"\" data-id=\"3172\" data-full-url=\"https:\/\/galeriamiejska.pl\/wp-content\/uploads\/2021\/01\/205_agnieszka-ewa-braun-z-cyklu-dorastanie-2012-2013-fotografia-200-x-140-1.jpg\" data-link=\"https:\/\/galeriamiejska.pl\/agnieszka-ewa-braun\/205_agnieszka-ewa-braun-z-cyklu-dorastanie-2012-2013-fotografia-200-x-140-2\/\" class=\"wp-image-3172\"\/><\/a><figcaption class=\"blocks-gallery-item__caption\">Agnieszka Ewa Braun, z cyklu Dorastanie, 2012-2013, fotografia, 200 x 140 <\/figcaption><\/figure><\/li><li class=\"blocks-gallery-item\"><figure><a href=\"https:\/\/galeriamiejska.pl\/wp-content\/uploads\/2021\/01\/205_agnieszka-ewa-braun-z-cyklu-immanencje-2012-grafika-komputerowa-100-x-70-1.jpg\"><img src=\"https:\/\/galeriamiejska.pl\/wp-content\/uploads\/2021\/01\/205_agnieszka-ewa-braun-z-cyklu-immanencje-2012-grafika-komputerowa-100-x-70-1.jpg\" alt=\"\" data-id=\"3173\" data-full-url=\"https:\/\/galeriamiejska.pl\/wp-content\/uploads\/2021\/01\/205_agnieszka-ewa-braun-z-cyklu-immanencje-2012-grafika-komputerowa-100-x-70-1.jpg\" data-link=\"https:\/\/galeriamiejska.pl\/agnieszka-ewa-braun\/205_agnieszka-ewa-braun-z-cyklu-immanencje-2012-grafika-komputerowa-100-x-70-2\/\" class=\"wp-image-3173\"\/><\/a><figcaption class=\"blocks-gallery-item__caption\">Agnieszka Ewa Braun, z cyklu Immanencje, 2012, grafika komputerowa, 100 x 70 <\/figcaption><\/figure><\/li><li class=\"blocks-gallery-item\"><figure><a href=\"https:\/\/galeriamiejska.pl\/wp-content\/uploads\/2021\/01\/205_dyplom-2014-ksztalty-czasu-1.jpg\"><img src=\"https:\/\/galeriamiejska.pl\/wp-content\/uploads\/2021\/01\/205_dyplom-2014-ksztalty-czasu-1.jpg\" alt=\"\" data-id=\"3174\" data-full-url=\"https:\/\/galeriamiejska.pl\/wp-content\/uploads\/2021\/01\/205_dyplom-2014-ksztalty-czasu-1.jpg\" data-link=\"https:\/\/galeriamiejska.pl\/agnieszka-ewa-braun\/205_dyplom-2014-ksztalty-czasu-2\/\" class=\"wp-image-3174\"\/><\/a><figcaption class=\"blocks-gallery-item__caption\">dyplom 2014 \"Kszta\u0142ty czasu\" <\/figcaption><\/figure><\/li><li class=\"blocks-gallery-item\"><figure><a href=\"https:\/\/galeriamiejska.pl\/wp-content\/uploads\/2021\/01\/205_1_agnieszka-ewa-braun-z-cyklu-dorastanie-2012-2013-fotografia-200-x-140-1.jpg\"><img src=\"https:\/\/galeriamiejska.pl\/wp-content\/uploads\/2021\/01\/205_1_agnieszka-ewa-braun-z-cyklu-dorastanie-2012-2013-fotografia-200-x-140-1.jpg\" alt=\"\" data-id=\"3175\" data-full-url=\"https:\/\/galeriamiejska.pl\/wp-content\/uploads\/2021\/01\/205_1_agnieszka-ewa-braun-z-cyklu-dorastanie-2012-2013-fotografia-200-x-140-1.jpg\" data-link=\"https:\/\/galeriamiejska.pl\/agnieszka-ewa-braun\/205_1_agnieszka-ewa-braun-z-cyklu-dorastanie-2012-2013-fotografia-200-x-140-2\/\" class=\"wp-image-3175\"\/><\/a><figcaption class=\"blocks-gallery-item__caption\">Agnieszka Ewa Braun, z cyklu Dorastanie, 2012-2013, fotografia, 200 x 140 <\/figcaption><\/figure><\/li><li class=\"blocks-gallery-item\"><figure><a href=\"https:\/\/galeriamiejska.pl\/wp-content\/uploads\/2021\/01\/205_1_agnieszka-ewa-braun-z-cyklu-immanencje-2012-grafika-komputerowa-100-x-70-1.jpg\"><img src=\"https:\/\/galeriamiejska.pl\/wp-content\/uploads\/2021\/01\/205_1_agnieszka-ewa-braun-z-cyklu-immanencje-2012-grafika-komputerowa-100-x-70-1.jpg\" alt=\"\" data-id=\"3176\" data-full-url=\"https:\/\/galeriamiejska.pl\/wp-content\/uploads\/2021\/01\/205_1_agnieszka-ewa-braun-z-cyklu-immanencje-2012-grafika-komputerowa-100-x-70-1.jpg\" data-link=\"https:\/\/galeriamiejska.pl\/agnieszka-ewa-braun\/205_1_agnieszka-ewa-braun-z-cyklu-immanencje-2012-grafika-komputerowa-100-x-70-2\/\" class=\"wp-image-3176\"\/><\/a><figcaption class=\"blocks-gallery-item__caption\">Agnieszka Ewa Braun, z cyklu Immanencje, 2012, grafika komputerowa, 100 x 70 <\/figcaption><\/figure><\/li><li class=\"blocks-gallery-item\"><figure><a href=\"https:\/\/galeriamiejska.pl\/wp-content\/uploads\/2021\/01\/205_1_dyplom-2014-ksztalty-czasu-1.jpg\"><img src=\"https:\/\/galeriamiejska.pl\/wp-content\/uploads\/2021\/01\/205_1_dyplom-2014-ksztalty-czasu-1.jpg\" alt=\"\" data-id=\"3177\" data-full-url=\"https:\/\/galeriamiejska.pl\/wp-content\/uploads\/2021\/01\/205_1_dyplom-2014-ksztalty-czasu-1.jpg\" data-link=\"https:\/\/galeriamiejska.pl\/agnieszka-ewa-braun\/205_1_dyplom-2014-ksztalty-czasu-2\/\" class=\"wp-image-3177\"\/><\/a><figcaption class=\"blocks-gallery-item__caption\">dyplom 2014 \"Kszta\u0142ty czasu\" <\/figcaption><\/figure><\/li><li class=\"blocks-gallery-item\"><figure><a href=\"https:\/\/galeriamiejska.pl\/wp-content\/uploads\/2021\/01\/205_2_agnieszka-ewa-braun-ablucja-2013-instalacja-wideo-projekcja-na-wodzie-1.jpg\"><img src=\"https:\/\/galeriamiejska.pl\/wp-content\/uploads\/2021\/01\/205_2_agnieszka-ewa-braun-ablucja-2013-instalacja-wideo-projekcja-na-wodzie-1.jpg\" alt=\"\" data-id=\"3178\" data-full-url=\"https:\/\/galeriamiejska.pl\/wp-content\/uploads\/2021\/01\/205_2_agnieszka-ewa-braun-ablucja-2013-instalacja-wideo-projekcja-na-wodzie-1.jpg\" data-link=\"https:\/\/galeriamiejska.pl\/agnieszka-ewa-braun\/205_2_agnieszka-ewa-braun-ablucja-2013-instalacja-wideo-projekcja-na-wodzie-2\/\" class=\"wp-image-3178\"\/><\/a><figcaption class=\"blocks-gallery-item__caption\">Agnieszka Ewa Braun, Ablucja, 2013, instalacja, wideo-projekcja na wodzie <\/figcaption><\/figure><\/li><li class=\"blocks-gallery-item\"><figure><a href=\"https:\/\/galeriamiejska.pl\/wp-content\/uploads\/2021\/01\/205_2_agnieszka-ewa-braun-uklad-odniesienia-dokumentacja-jako-dzielo-20122013-instalacja-1.jpg\"><img src=\"https:\/\/galeriamiejska.pl\/wp-content\/uploads\/2021\/01\/205_2_agnieszka-ewa-braun-uklad-odniesienia-dokumentacja-jako-dzielo-20122013-instalacja-1.jpg\" alt=\"\" data-id=\"3179\" data-full-url=\"https:\/\/galeriamiejska.pl\/wp-content\/uploads\/2021\/01\/205_2_agnieszka-ewa-braun-uklad-odniesienia-dokumentacja-jako-dzielo-20122013-instalacja-1.jpg\" data-link=\"https:\/\/galeriamiejska.pl\/agnieszka-ewa-braun\/205_2_agnieszka-ewa-braun-uklad-odniesienia-dokumentacja-jako-dzielo-20122013-instalacja-2\/\" class=\"wp-image-3179\"\/><\/a><figcaption class=\"blocks-gallery-item__caption\">Agnieszka Ewa Braun, Uklad Odniesienia, Dokumentacja jako dzie\u0142o, 2012\/2013, instalacja <\/figcaption><\/figure><\/li><li class=\"blocks-gallery-item\"><figure><a href=\"https:\/\/galeriamiejska.pl\/wp-content\/uploads\/2021\/01\/205_2_dyplom-2014-ksztalty-czasu-1.jpg\"><img src=\"https:\/\/galeriamiejska.pl\/wp-content\/uploads\/2021\/01\/205_2_dyplom-2014-ksztalty-czasu-1.jpg\" alt=\"\" data-id=\"3180\" data-full-url=\"https:\/\/galeriamiejska.pl\/wp-content\/uploads\/2021\/01\/205_2_dyplom-2014-ksztalty-czasu-1.jpg\" data-link=\"https:\/\/galeriamiejska.pl\/agnieszka-ewa-braun\/205_2_dyplom-2014-ksztalty-czasu-2\/\" class=\"wp-image-3180\"\/><\/a><figcaption class=\"blocks-gallery-item__caption\">dyplom 2014 \"Kszta\u0142ty czasu\" <\/figcaption><\/figure><\/li><li class=\"blocks-gallery-item\"><figure><a href=\"https:\/\/galeriamiejska.pl\/wp-content\/uploads\/2021\/01\/205_3_agnieszka-ewa-braun-uklad-odniesienia-dokumentacja-jako-dzielo-20122013-instalacja-1.jpg\"><img src=\"https:\/\/galeriamiejska.pl\/wp-content\/uploads\/2021\/01\/205_3_agnieszka-ewa-braun-uklad-odniesienia-dokumentacja-jako-dzielo-20122013-instalacja-1.jpg\" alt=\"\" data-id=\"3181\" data-full-url=\"https:\/\/galeriamiejska.pl\/wp-content\/uploads\/2021\/01\/205_3_agnieszka-ewa-braun-uklad-odniesienia-dokumentacja-jako-dzielo-20122013-instalacja-1.jpg\" data-link=\"https:\/\/galeriamiejska.pl\/agnieszka-ewa-braun\/205_3_agnieszka-ewa-braun-uklad-odniesienia-dokumentacja-jako-dzielo-20122013-instalacja-2\/\" class=\"wp-image-3181\"\/><\/a><figcaption class=\"blocks-gallery-item__caption\">Agnieszka Ewa Braun, Uklad Odniesienia, Dokumentacja jako dzie\u0142o, 2012\/2013, instalacja <\/figcaption><\/figure><\/li><li class=\"blocks-gallery-item\"><figure><a href=\"https:\/\/galeriamiejska.pl\/wp-content\/uploads\/2021\/01\/205_3_agnieszka-ewa-braun-z-cyklu-immanencje-2012-grafika-komputerowa-100-x-70-1.jpg\"><img src=\"https:\/\/galeriamiejska.pl\/wp-content\/uploads\/2021\/01\/205_3_agnieszka-ewa-braun-z-cyklu-immanencje-2012-grafika-komputerowa-100-x-70-1.jpg\" alt=\"\" data-id=\"3182\" data-full-url=\"https:\/\/galeriamiejska.pl\/wp-content\/uploads\/2021\/01\/205_3_agnieszka-ewa-braun-z-cyklu-immanencje-2012-grafika-komputerowa-100-x-70-1.jpg\" data-link=\"https:\/\/galeriamiejska.pl\/agnieszka-ewa-braun\/205_3_agnieszka-ewa-braun-z-cyklu-immanencje-2012-grafika-komputerowa-100-x-70-2\/\" class=\"wp-image-3182\"\/><\/a><figcaption class=\"blocks-gallery-item__caption\">Agnieszka Ewa Braun, z cyklu Immanencje, 2012, grafika komputerowa, 100 x 70 <\/figcaption><\/figure><\/li><li class=\"blocks-gallery-item\"><figure><a href=\"https:\/\/galeriamiejska.pl\/wp-content\/uploads\/2021\/01\/205_3_dyplom-2014-ksztalty-czasu-1.jpg\"><img src=\"https:\/\/galeriamiejska.pl\/wp-content\/uploads\/2021\/01\/205_3_dyplom-2014-ksztalty-czasu-1.jpg\" alt=\"\" data-id=\"3183\" data-full-url=\"https:\/\/galeriamiejska.pl\/wp-content\/uploads\/2021\/01\/205_3_dyplom-2014-ksztalty-czasu-1.jpg\" data-link=\"https:\/\/galeriamiejska.pl\/agnieszka-ewa-braun\/205_3_dyplom-2014-ksztalty-czasu-2\/\" class=\"wp-image-3183\"\/><\/a><figcaption class=\"blocks-gallery-item__caption\">dyplom 2014 \"Kszta\u0142ty czasu\" <\/figcaption><\/figure><\/li><\/ul><\/figure>\n<!-- \/wp:gallery -->"},"excerpt":{"rendered":"<p>She is an author of paintings and installations.<\/p>\n","protected":false,"raw":"She is an author of paintings and installations."},"author":1,"featured_media":401,"comment_status":"open","ping_status":"open","sticky":false,"template":"","format":"standard","meta":{"_pl_post_content":"<!-- wp:eedee\/block-gutenslider {\"gsBlockId\":\"d1lhrlkos\",\"contentMode\":\"fixed\",\"autoplay\":false,\"adaptiveHeight\":true} -->\n<!-- wp:eedee\/block-gutenslide {\"gsBlockId\":\"gh2afn586\",\"background\":{\"backgroundType\":\"image\",\"backgroundColor\":\"#eeeeee\",\"backgroundOverlayImage\":\"\",\"backgroundOverlayVideo\":\"\",\"backgroundOverlayOpacity\":50,\"backgroundGradient\":{},\"backgroundImage\":{\"url\":\"https:\/\/galeriamiejska.pl\/wp-content\/uploads\/2021\/01\/205_4_dyplom-2014-ksztalty-czasu-1.jpg\",\"id\":\"3167\",\"alt\":\"\",\"type\":\"image\"},\"backgroundPosition\":\"center center\",\"backgroundRepeat\":\"no-repeat\",\"backgroundImageSize\":\"cover\",\"backgroundVideoSize\":\"cover\",\"customBackgroundColor\":\"\",\"hasParallax\":false,\"backgroundFocalPoint\":{\"x\":0.5,\"y\":0.5},\"backgroundVideoFocalPoint\":{\"x\":0.5,\"y\":0.5},\"backgroundVideo\":{},\"backgroundVideoMuted\":true,\"backgroundVideoLoop\":true,\"backgroundVideoAutoplay\":true,\"openPopover\":true}} -->\n<!-- wp:paragraph {\"align\":\"center\",\"placeholder\":\"Add slide content here\u2026\",\"className\":\"gutenslider-content-initial\",\"fontSize\":\"larger\"} -->\n<p class=\"has-text-align-center gutenslider-content-initial has-larger-font-size\"><\/p>\n<!-- \/wp:paragraph -->\n<!-- \/wp:eedee\/block-gutenslide -->\n\n<!-- wp:eedee\/block-gutenslide {\"gsBlockId\":\"c4l6cce2a\",\"background\":{\"backgroundType\":\"image\",\"backgroundColor\":\"#eeeeee\",\"backgroundOverlayImage\":\"\",\"backgroundOverlayVideo\":\"\",\"backgroundOverlayOpacity\":50,\"backgroundGradient\":{},\"backgroundImage\":{\"url\":\"https:\/\/galeriamiejska.pl\/wp-content\/uploads\/2021\/01\/205_5_dyplom-2014-ksztalty-czasu-1.jpg\",\"id\":\"3168\",\"alt\":\"\",\"type\":\"image\"},\"backgroundPosition\":\"center center\",\"backgroundRepeat\":\"no-repeat\",\"backgroundImageSize\":\"cover\",\"backgroundVideoSize\":\"cover\",\"customBackgroundColor\":\"\",\"hasParallax\":false,\"backgroundFocalPoint\":{\"x\":0.5,\"y\":0.5},\"backgroundVideoFocalPoint\":{\"x\":0.5,\"y\":0.5},\"backgroundVideo\":{},\"backgroundVideoMuted\":true,\"backgroundVideoLoop\":true,\"backgroundVideoAutoplay\":true,\"openPopover\":true}} -->\n<!-- wp:paragraph {\"align\":\"center\",\"placeholder\":\"Add slide content here\u2026\",\"className\":\"gutenslider-content-initial\",\"fontSize\":\"larger\"} -->\n<p class=\"has-text-align-center gutenslider-content-initial has-larger-font-size\"><\/p>\n<!-- \/wp:paragraph -->\n<!-- \/wp:eedee\/block-gutenslide -->\n\n<!-- wp:eedee\/block-gutenslide {\"gsBlockId\":\"payobhtvt\",\"background\":{\"backgroundType\":\"image\",\"backgroundColor\":\"#eeeeee\",\"backgroundOverlayImage\":\"\",\"backgroundOverlayVideo\":\"\",\"backgroundOverlayOpacity\":50,\"backgroundGradient\":{},\"backgroundImage\":{\"url\":\"https:\/\/galeriamiejska.pl\/wp-content\/uploads\/2021\/01\/205_agnieszka-ewa-braun-ablucja-2013-instalacja-wideo-projekcja-na-wodzie-1.jpg\",\"id\":\"3169\",\"alt\":\"\",\"type\":\"image\"},\"backgroundPosition\":\"center center\",\"backgroundRepeat\":\"no-repeat\",\"backgroundImageSize\":\"cover\",\"backgroundVideoSize\":\"cover\",\"customBackgroundColor\":\"\",\"hasParallax\":false,\"backgroundFocalPoint\":{\"x\":0.5,\"y\":0.5},\"backgroundVideoFocalPoint\":{\"x\":0.5,\"y\":0.5},\"backgroundVideo\":{},\"backgroundVideoMuted\":true,\"backgroundVideoLoop\":true,\"backgroundVideoAutoplay\":true,\"openPopover\":true}} -->\n<!-- wp:paragraph {\"align\":\"center\",\"placeholder\":\"Add slide content here\u2026\",\"className\":\"gutenslider-content-initial\",\"fontSize\":\"larger\"} -->\n<p class=\"has-text-align-center gutenslider-content-initial has-larger-font-size\"><\/p>\n<!-- \/wp:paragraph -->\n<!-- \/wp:eedee\/block-gutenslide -->\n\n<!-- wp:eedee\/block-gutenslide {\"gsBlockId\":\"mu25aow4v\",\"background\":{\"backgroundType\":\"image\",\"backgroundColor\":\"#eeeeee\",\"backgroundOverlayImage\":\"\",\"backgroundOverlayVideo\":\"\",\"backgroundOverlayOpacity\":50,\"backgroundGradient\":{},\"backgroundImage\":{\"url\":\"https:\/\/galeriamiejska.pl\/wp-content\/uploads\/2021\/01\/205_agnieszka-ewa-braun-uklad-odniesienia-dokumentacja-jako-dzielo-20122013-instalacja-1.jpg\",\"id\":\"3170\",\"alt\":\"\",\"type\":\"image\"},\"backgroundPosition\":\"center center\",\"backgroundRepeat\":\"no-repeat\",\"backgroundImageSize\":\"cover\",\"backgroundVideoSize\":\"cover\",\"customBackgroundColor\":\"\",\"hasParallax\":false,\"backgroundFocalPoint\":{\"x\":0.5,\"y\":0.5},\"backgroundVideoFocalPoint\":{\"x\":0.5,\"y\":0.5},\"backgroundVideo\":{},\"backgroundVideoMuted\":true,\"backgroundVideoLoop\":true,\"backgroundVideoAutoplay\":true,\"openPopover\":true}} -->\n<!-- wp:paragraph {\"align\":\"center\",\"placeholder\":\"Add slide content here\u2026\",\"className\":\"gutenslider-content-initial\",\"fontSize\":\"larger\"} -->\n<p class=\"has-text-align-center gutenslider-content-initial has-larger-font-size\"><\/p>\n<!-- \/wp:paragraph -->\n<!-- \/wp:eedee\/block-gutenslide -->\n\n<!-- wp:eedee\/block-gutenslide {\"gsBlockId\":\"917jpmdfj\",\"background\":{\"backgroundType\":\"image\",\"backgroundColor\":\"#eeeeee\",\"backgroundOverlayImage\":\"\",\"backgroundOverlayVideo\":\"\",\"backgroundOverlayOpacity\":50,\"backgroundGradient\":{},\"backgroundImage\":{\"url\":\"https:\/\/galeriamiejska.pl\/wp-content\/uploads\/2021\/01\/205_agnieszka-ewa-braun-z-cyklu-cielesnosc-przedmiotu-2013-fotoobiekty-3d-z-papieru-skala-1-do-1-1.jpg\",\"id\":\"3171\",\"alt\":\"\",\"type\":\"image\"},\"backgroundPosition\":\"center center\",\"backgroundRepeat\":\"no-repeat\",\"backgroundImageSize\":\"cover\",\"backgroundVideoSize\":\"cover\",\"customBackgroundColor\":\"\",\"hasParallax\":false,\"backgroundFocalPoint\":{\"x\":0.5,\"y\":0.5},\"backgroundVideoFocalPoint\":{\"x\":0.5,\"y\":0.5},\"backgroundVideo\":{},\"backgroundVideoMuted\":true,\"backgroundVideoLoop\":true,\"backgroundVideoAutoplay\":true,\"openPopover\":true}} -->\n<!-- wp:paragraph {\"align\":\"center\",\"placeholder\":\"Add slide content here\u2026\",\"className\":\"gutenslider-content-initial\",\"fontSize\":\"larger\"} -->\n<p class=\"has-text-align-center gutenslider-content-initial has-larger-font-size\"><\/p>\n<!-- \/wp:paragraph -->\n<!-- \/wp:eedee\/block-gutenslide -->\n\n<!-- wp:eedee\/block-gutenslide {\"gsBlockId\":\"9z8a8py8y\",\"background\":{\"backgroundType\":\"image\",\"backgroundColor\":\"#eeeeee\",\"backgroundOverlayImage\":\"\",\"backgroundOverlayVideo\":\"\",\"backgroundOverlayOpacity\":50,\"backgroundGradient\":{},\"backgroundImage\":{\"url\":\"https:\/\/galeriamiejska.pl\/wp-content\/uploads\/2021\/01\/205_agnieszka-ewa-braun-z-cyklu-dorastanie-2012-2013-fotografia-200-x-140-1.jpg\",\"id\":\"3172\",\"alt\":\"\",\"type\":\"image\"},\"backgroundPosition\":\"center center\",\"backgroundRepeat\":\"no-repeat\",\"backgroundImageSize\":\"cover\",\"backgroundVideoSize\":\"cover\",\"customBackgroundColor\":\"\",\"hasParallax\":false,\"backgroundFocalPoint\":{\"x\":0.5,\"y\":0.5},\"backgroundVideoFocalPoint\":{\"x\":0.5,\"y\":0.5},\"backgroundVideo\":{},\"backgroundVideoMuted\":true,\"backgroundVideoLoop\":true,\"backgroundVideoAutoplay\":true,\"openPopover\":true}} -->\n<!-- wp:paragraph {\"align\":\"center\",\"placeholder\":\"Add slide content here\u2026\",\"className\":\"gutenslider-content-initial\",\"fontSize\":\"larger\"} -->\n<p class=\"has-text-align-center gutenslider-content-initial has-larger-font-size\"><\/p>\n<!-- \/wp:paragraph -->\n<!-- \/wp:eedee\/block-gutenslide -->\n\n<!-- wp:eedee\/block-gutenslide {\"gsBlockId\":\"qlk0wu9ar\",\"background\":{\"backgroundType\":\"image\",\"backgroundColor\":\"#eeeeee\",\"backgroundOverlayImage\":\"\",\"backgroundOverlayVideo\":\"\",\"backgroundOverlayOpacity\":50,\"backgroundGradient\":{},\"backgroundImage\":{\"url\":\"https:\/\/galeriamiejska.pl\/wp-content\/uploads\/2021\/01\/205_agnieszka-ewa-braun-z-cyklu-immanencje-2012-grafika-komputerowa-100-x-70-1.jpg\",\"id\":\"3173\",\"alt\":\"\",\"type\":\"image\"},\"backgroundPosition\":\"center center\",\"backgroundRepeat\":\"no-repeat\",\"backgroundImageSize\":\"cover\",\"backgroundVideoSize\":\"cover\",\"customBackgroundColor\":\"\",\"hasParallax\":false,\"backgroundFocalPoint\":{\"x\":0.5,\"y\":0.5},\"backgroundVideoFocalPoint\":{\"x\":0.5,\"y\":0.5},\"backgroundVideo\":{},\"backgroundVideoMuted\":true,\"backgroundVideoLoop\":true,\"backgroundVideoAutoplay\":true,\"openPopover\":true}} -->\n<!-- wp:paragraph {\"align\":\"center\",\"placeholder\":\"Add slide content here\u2026\",\"className\":\"gutenslider-content-initial\",\"fontSize\":\"larger\"} -->\n<p class=\"has-text-align-center gutenslider-content-initial has-larger-font-size\"><\/p>\n<!-- \/wp:paragraph -->\n<!-- \/wp:eedee\/block-gutenslide -->\n\n<!-- wp:eedee\/block-gutenslide {\"gsBlockId\":\"97zg82ryr\",\"background\":{\"backgroundType\":\"image\",\"backgroundColor\":\"#eeeeee\",\"backgroundOverlayImage\":\"\",\"backgroundOverlayVideo\":\"\",\"backgroundOverlayOpacity\":50,\"backgroundGradient\":{},\"backgroundImage\":{\"url\":\"https:\/\/galeriamiejska.pl\/wp-content\/uploads\/2021\/01\/205_dyplom-2014-ksztalty-czasu-1.jpg\",\"id\":\"3174\",\"alt\":\"\",\"type\":\"image\"},\"backgroundPosition\":\"center center\",\"backgroundRepeat\":\"no-repeat\",\"backgroundImageSize\":\"cover\",\"backgroundVideoSize\":\"cover\",\"customBackgroundColor\":\"\",\"hasParallax\":false,\"backgroundFocalPoint\":{\"x\":0.5,\"y\":0.5},\"backgroundVideoFocalPoint\":{\"x\":0.5,\"y\":0.5},\"backgroundVideo\":{},\"backgroundVideoMuted\":true,\"backgroundVideoLoop\":true,\"backgroundVideoAutoplay\":true,\"openPopover\":true}} -->\n<!-- wp:paragraph {\"align\":\"center\",\"placeholder\":\"Add slide content here\u2026\",\"className\":\"gutenslider-content-initial\",\"fontSize\":\"larger\"} -->\n<p class=\"has-text-align-center gutenslider-content-initial has-larger-font-size\"><\/p>\n<!-- \/wp:paragraph -->\n<!-- \/wp:eedee\/block-gutenslide -->\n\n<!-- wp:eedee\/block-gutenslide {\"gsBlockId\":\"wd5q8z4pp\",\"background\":{\"backgroundType\":\"image\",\"backgroundColor\":\"#eeeeee\",\"backgroundOverlayImage\":\"\",\"backgroundOverlayVideo\":\"\",\"backgroundOverlayOpacity\":50,\"backgroundGradient\":{},\"backgroundImage\":{\"url\":\"https:\/\/galeriamiejska.pl\/wp-content\/uploads\/2021\/01\/205_1_agnieszka-ewa-braun-z-cyklu-dorastanie-2012-2013-fotografia-200-x-140-1.jpg\",\"id\":\"3175\",\"alt\":\"\",\"type\":\"image\"},\"backgroundPosition\":\"center center\",\"backgroundRepeat\":\"no-repeat\",\"backgroundImageSize\":\"cover\",\"backgroundVideoSize\":\"cover\",\"customBackgroundColor\":\"\",\"hasParallax\":false,\"backgroundFocalPoint\":{\"x\":0.5,\"y\":0.5},\"backgroundVideoFocalPoint\":{\"x\":0.5,\"y\":0.5},\"backgroundVideo\":{},\"backgroundVideoMuted\":true,\"backgroundVideoLoop\":true,\"backgroundVideoAutoplay\":true,\"openPopover\":true}} -->\n<!-- wp:paragraph {\"align\":\"center\",\"placeholder\":\"Add slide content here\u2026\",\"className\":\"gutenslider-content-initial\",\"fontSize\":\"larger\"} -->\n<p class=\"has-text-align-center gutenslider-content-initial has-larger-font-size\"><\/p>\n<!-- \/wp:paragraph -->\n<!-- \/wp:eedee\/block-gutenslide -->\n\n<!-- wp:eedee\/block-gutenslide {\"gsBlockId\":\"cab2xv85j\",\"background\":{\"backgroundType\":\"image\",\"backgroundColor\":\"#eeeeee\",\"backgroundOverlayImage\":\"\",\"backgroundOverlayVideo\":\"\",\"backgroundOverlayOpacity\":50,\"backgroundGradient\":{},\"backgroundImage\":{\"url\":\"https:\/\/galeriamiejska.pl\/wp-content\/uploads\/2021\/01\/205_1_agnieszka-ewa-braun-z-cyklu-immanencje-2012-grafika-komputerowa-100-x-70-1.jpg\",\"id\":\"3176\",\"alt\":\"\",\"type\":\"image\"},\"backgroundPosition\":\"center center\",\"backgroundRepeat\":\"no-repeat\",\"backgroundImageSize\":\"cover\",\"backgroundVideoSize\":\"cover\",\"customBackgroundColor\":\"\",\"hasParallax\":false,\"backgroundFocalPoint\":{\"x\":0.5,\"y\":0.5},\"backgroundVideoFocalPoint\":{\"x\":0.5,\"y\":0.5},\"backgroundVideo\":{},\"backgroundVideoMuted\":true,\"backgroundVideoLoop\":true,\"backgroundVideoAutoplay\":true,\"openPopover\":true}} -->\n<!-- wp:paragraph {\"align\":\"center\",\"placeholder\":\"Add slide content here\u2026\",\"className\":\"gutenslider-content-initial\",\"fontSize\":\"larger\"} -->\n<p class=\"has-text-align-center gutenslider-content-initial has-larger-font-size\"><\/p>\n<!-- \/wp:paragraph -->\n<!-- \/wp:eedee\/block-gutenslide -->\n\n<!-- wp:eedee\/block-gutenslide {\"gsBlockId\":\"zs859n7b3\",\"background\":{\"backgroundType\":\"image\",\"backgroundColor\":\"#eeeeee\",\"backgroundOverlayImage\":\"\",\"backgroundOverlayVideo\":\"\",\"backgroundOverlayOpacity\":50,\"backgroundGradient\":{},\"backgroundImage\":{\"url\":\"https:\/\/galeriamiejska.pl\/wp-content\/uploads\/2021\/01\/205_1_dyplom-2014-ksztalty-czasu-1.jpg\",\"id\":\"3177\",\"alt\":\"\",\"type\":\"image\"},\"backgroundPosition\":\"center center\",\"backgroundRepeat\":\"no-repeat\",\"backgroundImageSize\":\"cover\",\"backgroundVideoSize\":\"cover\",\"customBackgroundColor\":\"\",\"hasParallax\":false,\"backgroundFocalPoint\":{\"x\":0.5,\"y\":0.5},\"backgroundVideoFocalPoint\":{\"x\":0.5,\"y\":0.5},\"backgroundVideo\":{},\"backgroundVideoMuted\":true,\"backgroundVideoLoop\":true,\"backgroundVideoAutoplay\":true,\"openPopover\":true}} -->\n<!-- wp:paragraph {\"align\":\"center\",\"placeholder\":\"Add slide content here\u2026\",\"className\":\"gutenslider-content-initial\",\"fontSize\":\"larger\"} -->\n<p class=\"has-text-align-center gutenslider-content-initial has-larger-font-size\"><\/p>\n<!-- \/wp:paragraph -->\n<!-- \/wp:eedee\/block-gutenslide -->\n\n<!-- wp:eedee\/block-gutenslide {\"gsBlockId\":\"mdwajnw77\",\"background\":{\"backgroundType\":\"image\",\"backgroundColor\":\"#eeeeee\",\"backgroundOverlayImage\":\"\",\"backgroundOverlayVideo\":\"\",\"backgroundOverlayOpacity\":50,\"backgroundGradient\":{},\"backgroundImage\":{\"url\":\"https:\/\/galeriamiejska.pl\/wp-content\/uploads\/2021\/01\/205_2_agnieszka-ewa-braun-ablucja-2013-instalacja-wideo-projekcja-na-wodzie-1.jpg\",\"id\":\"3178\",\"alt\":\"\",\"type\":\"image\"},\"backgroundPosition\":\"center center\",\"backgroundRepeat\":\"no-repeat\",\"backgroundImageSize\":\"cover\",\"backgroundVideoSize\":\"cover\",\"customBackgroundColor\":\"\",\"hasParallax\":false,\"backgroundFocalPoint\":{\"x\":0.5,\"y\":0.5},\"backgroundVideoFocalPoint\":{\"x\":0.5,\"y\":0.5},\"backgroundVideo\":{},\"backgroundVideoMuted\":true,\"backgroundVideoLoop\":true,\"backgroundVideoAutoplay\":true,\"openPopover\":true}} -->\n<!-- wp:paragraph {\"align\":\"center\",\"placeholder\":\"Add slide content here\u2026\",\"className\":\"gutenslider-content-initial\",\"fontSize\":\"larger\"} -->\n<p class=\"has-text-align-center gutenslider-content-initial has-larger-font-size\"><\/p>\n<!-- \/wp:paragraph -->\n<!-- \/wp:eedee\/block-gutenslide -->\n\n<!-- wp:eedee\/block-gutenslide {\"gsBlockId\":\"pmzt50pkq\",\"background\":{\"backgroundType\":\"image\",\"backgroundColor\":\"#eeeeee\",\"backgroundOverlayImage\":\"\",\"backgroundOverlayVideo\":\"\",\"backgroundOverlayOpacity\":50,\"backgroundGradient\":{},\"backgroundImage\":{\"url\":\"https:\/\/galeriamiejska.pl\/wp-content\/uploads\/2021\/01\/205_2_agnieszka-ewa-braun-uklad-odniesienia-dokumentacja-jako-dzielo-20122013-instalacja-1.jpg\",\"id\":\"3179\",\"alt\":\"\",\"type\":\"image\"},\"backgroundPosition\":\"center center\",\"backgroundRepeat\":\"no-repeat\",\"backgroundImageSize\":\"cover\",\"backgroundVideoSize\":\"cover\",\"customBackgroundColor\":\"\",\"hasParallax\":false,\"backgroundFocalPoint\":{\"x\":0.5,\"y\":0.5},\"backgroundVideoFocalPoint\":{\"x\":0.5,\"y\":0.5},\"backgroundVideo\":{},\"backgroundVideoMuted\":true,\"backgroundVideoLoop\":true,\"backgroundVideoAutoplay\":true,\"openPopover\":true}} -->\n<!-- wp:paragraph {\"align\":\"center\",\"placeholder\":\"Add slide content here\u2026\",\"className\":\"gutenslider-content-initial\",\"fontSize\":\"larger\"} -->\n<p class=\"has-text-align-center gutenslider-content-initial has-larger-font-size\"><\/p>\n<!-- \/wp:paragraph -->\n<!-- \/wp:eedee\/block-gutenslide -->\n\n<!-- wp:eedee\/block-gutenslide {\"gsBlockId\":\"xqyne8y25\",\"background\":{\"backgroundType\":\"image\",\"backgroundColor\":\"#eeeeee\",\"backgroundOverlayImage\":\"\",\"backgroundOverlayVideo\":\"\",\"backgroundOverlayOpacity\":50,\"backgroundGradient\":{},\"backgroundImage\":{\"url\":\"https:\/\/galeriamiejska.pl\/wp-content\/uploads\/2021\/01\/205_2_dyplom-2014-ksztalty-czasu-1.jpg\",\"id\":\"3180\",\"alt\":\"\",\"type\":\"image\"},\"backgroundPosition\":\"center center\",\"backgroundRepeat\":\"no-repeat\",\"backgroundImageSize\":\"cover\",\"backgroundVideoSize\":\"cover\",\"customBackgroundColor\":\"\",\"hasParallax\":false,\"backgroundFocalPoint\":{\"x\":0.5,\"y\":0.5},\"backgroundVideoFocalPoint\":{\"x\":0.5,\"y\":0.5},\"backgroundVideo\":{},\"backgroundVideoMuted\":true,\"backgroundVideoLoop\":true,\"backgroundVideoAutoplay\":true,\"openPopover\":true}} -->\n<!-- wp:paragraph {\"align\":\"center\",\"placeholder\":\"Add slide content here\u2026\",\"className\":\"gutenslider-content-initial\",\"fontSize\":\"larger\"} -->\n<p class=\"has-text-align-center gutenslider-content-initial has-larger-font-size\"><\/p>\n<!-- \/wp:paragraph -->\n<!-- \/wp:eedee\/block-gutenslide -->\n\n<!-- wp:eedee\/block-gutenslide {\"gsBlockId\":\"zjvq1f7b3\",\"background\":{\"backgroundType\":\"image\",\"backgroundColor\":\"#eeeeee\",\"backgroundOverlayImage\":\"\",\"backgroundOverlayVideo\":\"\",\"backgroundOverlayOpacity\":50,\"backgroundGradient\":{},\"backgroundImage\":{\"url\":\"https:\/\/galeriamiejska.pl\/wp-content\/uploads\/2021\/01\/205_3_agnieszka-ewa-braun-uklad-odniesienia-dokumentacja-jako-dzielo-20122013-instalacja-1.jpg\",\"id\":\"3181\",\"alt\":\"\",\"type\":\"image\"},\"backgroundPosition\":\"center center\",\"backgroundRepeat\":\"no-repeat\",\"backgroundImageSize\":\"cover\",\"backgroundVideoSize\":\"cover\",\"customBackgroundColor\":\"\",\"hasParallax\":false,\"backgroundFocalPoint\":{\"x\":0.5,\"y\":0.5},\"backgroundVideoFocalPoint\":{\"x\":0.5,\"y\":0.5},\"backgroundVideo\":{},\"backgroundVideoMuted\":true,\"backgroundVideoLoop\":true,\"backgroundVideoAutoplay\":true,\"openPopover\":true}} -->\n<!-- wp:paragraph {\"align\":\"center\",\"placeholder\":\"Add slide content here\u2026\",\"className\":\"gutenslider-content-initial\",\"fontSize\":\"larger\"} -->\n<p class=\"has-text-align-center gutenslider-content-initial has-larger-font-size\"><\/p>\n<!-- \/wp:paragraph -->\n<!-- \/wp:eedee\/block-gutenslide -->\n\n<!-- wp:eedee\/block-gutenslide {\"gsBlockId\":\"t5zpdav2v\",\"background\":{\"backgroundType\":\"image\",\"backgroundColor\":\"#eeeeee\",\"backgroundOverlayImage\":\"\",\"backgroundOverlayVideo\":\"\",\"backgroundOverlayOpacity\":50,\"backgroundGradient\":{},\"backgroundImage\":{\"url\":\"https:\/\/galeriamiejska.pl\/wp-content\/uploads\/2021\/01\/205_3_agnieszka-ewa-braun-z-cyklu-immanencje-2012-grafika-komputerowa-100-x-70-1.jpg\",\"id\":\"3182\",\"alt\":\"\",\"type\":\"image\"},\"backgroundPosition\":\"center center\",\"backgroundRepeat\":\"no-repeat\",\"backgroundImageSize\":\"cover\",\"backgroundVideoSize\":\"cover\",\"customBackgroundColor\":\"\",\"hasParallax\":false,\"backgroundFocalPoint\":{\"x\":0.5,\"y\":0.5},\"backgroundVideoFocalPoint\":{\"x\":0.5,\"y\":0.5},\"backgroundVideo\":{},\"backgroundVideoMuted\":true,\"backgroundVideoLoop\":true,\"backgroundVideoAutoplay\":true,\"openPopover\":true}} -->\n<!-- wp:paragraph {\"align\":\"center\",\"placeholder\":\"Add slide content here\u2026\",\"className\":\"gutenslider-content-initial\",\"fontSize\":\"larger\"} -->\n<p class=\"has-text-align-center gutenslider-content-initial has-larger-font-size\"><\/p>\n<!-- \/wp:paragraph -->\n<!-- \/wp:eedee\/block-gutenslide -->\n\n<!-- wp:eedee\/block-gutenslide {\"gsBlockId\":\"tcqwawnk7\",\"background\":{\"backgroundType\":\"image\",\"backgroundColor\":\"#eeeeee\",\"backgroundOverlayImage\":\"\",\"backgroundOverlayVideo\":\"\",\"backgroundOverlayOpacity\":50,\"backgroundGradient\":{},\"backgroundImage\":{\"url\":\"https:\/\/galeriamiejska.pl\/wp-content\/uploads\/2021\/01\/205_3_dyplom-2014-ksztalty-czasu-1.jpg\",\"id\":\"3183\",\"alt\":\"\",\"type\":\"image\"},\"backgroundPosition\":\"center center\",\"backgroundRepeat\":\"no-repeat\",\"backgroundImageSize\":\"cover\",\"backgroundVideoSize\":\"cover\",\"customBackgroundColor\":\"\",\"hasParallax\":false,\"backgroundFocalPoint\":{\"x\":0.5,\"y\":0.5},\"backgroundVideoFocalPoint\":{\"x\":0.5,\"y\":0.5},\"backgroundVideo\":{},\"backgroundVideoMuted\":true,\"backgroundVideoLoop\":true,\"backgroundVideoAutoplay\":true,\"openPopover\":true}} -->\n<!-- wp:paragraph {\"align\":\"center\",\"placeholder\":\"Add slide content here\u2026\",\"className\":\"gutenslider-content-initial\",\"fontSize\":\"larger\"} -->\n<p class=\"has-text-align-center gutenslider-content-initial has-larger-font-size\"><\/p>\n<!-- \/wp:paragraph -->\n<!-- \/wp:eedee\/block-gutenslide -->\n<!-- \/wp:eedee\/block-gutenslider -->\n\n<!-- wp:paragraph {\"align\":\"left\"} -->\n<p class=\"has-text-align-left\">Urodzona 18 grudnia 1990 roku we Lw\u00f3wku \u015al\u0105skim. Absolwentka Wydzia\u0142u Grafiki i Sztuki Medi\u00f3w Akademii Sztuk Pi\u0119knych im. E. Gepperta we Wroc\u0142awiu. W 2014 roku obroni\u0142a dyplom magisterski z wyr\u00f3\u017cnieniem (Kszta\u0142ty czasu - pierwsza w Polsce instalacja multimedialna wykorzystuj\u0105ca najnowsz\u0105 technologi\u0119 druku przestrzennego 3D do stworzenia obiekt\u00f3w ludzkich rozmiar\u00f3w) w Pracowni Projektowania Multimedialnego prof. Stanis\u0142awa Sasaka. Zar\u00f3wno Dyplom Magisterski jak i Dyplom Licencjacki Agnieszki Ewy Braun z 2012 r. (Uk\u0142ad Odniesienia) uzyska\u0142y tytu\u0142 Najlepszego Dyplomu Katedry Sztuki Medi\u00f3w ASP we Wroc\u0142awiu i by\u0142y prezentowane na wystawie Najlepszych Dyplom\u00f3w ( Dyplom magisterski - MY'14 w BWA Awangarda oraz Dyplom licencjacki - Festiwal Gwiazd - nominacja do ArtNoble). Ponadto latach 2010-2015 otrzymywa\u0142a Stypendium Rektora Akademii Sztuk Pi\u0119knych im. E. Gepperta we Wroc\u0142awiu dla najlepszych student\u00f3w oraz w 2013 r. Stypendium Prezydenta Miasta Wroc\u0142awia. Od 2015 r. nale\u017cy do Zwi\u0105zku Polskich Artyst\u00f3w Plastyk\u00f3w.<\/p>\n<!-- \/wp:paragraph -->\n\n<!-- wp:paragraph -->\n<p>Nagrody:2015:<\/p>\n<!-- \/wp:paragraph -->\n\n<!-- wp:list -->\n<ul><li>\u201e\u017belazny Filmowiec\u201d za Najlepszy Wideo-Art, 18. Mi\u0119dzynarodowy Festiwal Filmu ZOOM-Zbli\u017cenia, Jelenia G\u00f3ra<\/li><\/ul>\n<!-- \/wp:list -->\n\n<!-- wp:paragraph -->\n<p>2014:<\/p>\n<!-- \/wp:paragraph -->\n\n<!-- wp:list -->\n<ul><li>Nagroda \u201eObraz i d\u017awi\u0119k\u201d w Kategorii Prezentacje Artystyczne, Mi\u0119dzynarodowy Festiwal Filmu \u201eNa Linii Czasu\u201d , Lublin<\/li><li>Trzecia Nagroda w Konkursie TVP KULTURA \u201eDolina Kreatywna- czego szuka m\u0142oda sztuka\u201d<\/li><li>Wyr\u00f3\u017cnienie Honorowe Zak\u0142adu Rysunku, VI Og\u00f3lnopolska Wystawa Rysunku Tak i tak, Galeria Sztuki Wozownia, Toru\u0144<\/li><\/ul>\n<!-- \/wp:list -->\n\n<!-- wp:paragraph -->\n<p>Wystawy indywidualne:<br>2013:<\/p>\n<!-- \/wp:paragraph -->\n\n<!-- wp:list -->\n<ul><li>Immanencje wystawa w ramach si\u00f3dmej edycji Wolier, Muzeum Wsp\u00f3\u0142czesne Wroc\u0142aw, Wroc\u0142aw<\/li><\/ul>\n<!-- \/wp:list -->\n\n<!-- wp:paragraph -->\n<p>2012:<\/p>\n<!-- \/wp:paragraph -->\n\n<!-- wp:list -->\n<ul><li>Immanencje, Galeria 3 Ra \u2013 My, Wroc\u0142aw<\/li><\/ul>\n<!-- \/wp:list -->\n\n<!-- wp:paragraph -->\n<p>Wybrane wystawy zbiorowe:<\/p>\n<!-- \/wp:paragraph -->\n\n<!-- wp:paragraph -->\n<p>2015:<\/p>\n<!-- \/wp:paragraph -->\n\n<!-- wp:list {\"ordered\":true,\"start\":18} -->\n<ol start=\"18\"><li>Mi\u0119dzynarodowy Festiwal Filmu ZOOM-Zbli\u017cenia, BWA Jelenia G\u00f3ra<\/li><li><\/li><\/ol>\n<!-- \/wp:list -->\n\n<!-- wp:gallery {\"ids\":[3167,3168,3169,3170,3171,3172,3173,3174,3175,3176,3177,3178,3179,3180,3181,3182,3183],\"columns\":4,\"linkTo\":\"file\"} -->\n<figure class=\"wp-block-gallery columns-4 is-cropped\"><ul class=\"blocks-gallery-grid\"><li class=\"blocks-gallery-item\"><figure><a href=\"https:\/\/galeriamiejska.pl\/wp-content\/uploads\/2021\/01\/205_4_dyplom-2014-ksztalty-czasu-1.jpg\"><img src=\"https:\/\/galeriamiejska.pl\/wp-content\/uploads\/2021\/01\/205_4_dyplom-2014-ksztalty-czasu-1.jpg\" alt=\"\" data-id=\"3167\" data-full-url=\"https:\/\/galeriamiejska.pl\/wp-content\/uploads\/2021\/01\/205_4_dyplom-2014-ksztalty-czasu-1.jpg\" data-link=\"https:\/\/galeriamiejska.pl\/agnieszka-ewa-braun\/205_4_dyplom-2014-ksztalty-czasu-2\/\" class=\"wp-image-3167\"\/><\/a><figcaption class=\"blocks-gallery-item__caption\">dyplom 2014 \"Kszta\u0142ty czasu\" <\/figcaption><\/figure><\/li><li class=\"blocks-gallery-item\"><figure><a href=\"https:\/\/galeriamiejska.pl\/wp-content\/uploads\/2021\/01\/205_5_dyplom-2014-ksztalty-czasu-1.jpg\"><img src=\"https:\/\/galeriamiejska.pl\/wp-content\/uploads\/2021\/01\/205_5_dyplom-2014-ksztalty-czasu-1.jpg\" alt=\"\" data-id=\"3168\" data-full-url=\"https:\/\/galeriamiejska.pl\/wp-content\/uploads\/2021\/01\/205_5_dyplom-2014-ksztalty-czasu-1.jpg\" data-link=\"https:\/\/galeriamiejska.pl\/agnieszka-ewa-braun\/205_5_dyplom-2014-ksztalty-czasu-2\/\" class=\"wp-image-3168\"\/><\/a><figcaption class=\"blocks-gallery-item__caption\">dyplom 2014 \"Kszta\u0142ty czasu\" <\/figcaption><\/figure><\/li><li class=\"blocks-gallery-item\"><figure><a href=\"https:\/\/galeriamiejska.pl\/wp-content\/uploads\/2021\/01\/205_agnieszka-ewa-braun-ablucja-2013-instalacja-wideo-projekcja-na-wodzie-1.jpg\"><img src=\"https:\/\/galeriamiejska.pl\/wp-content\/uploads\/2021\/01\/205_agnieszka-ewa-braun-ablucja-2013-instalacja-wideo-projekcja-na-wodzie-1.jpg\" alt=\"\" data-id=\"3169\" data-full-url=\"https:\/\/galeriamiejska.pl\/wp-content\/uploads\/2021\/01\/205_agnieszka-ewa-braun-ablucja-2013-instalacja-wideo-projekcja-na-wodzie-1.jpg\" data-link=\"https:\/\/galeriamiejska.pl\/agnieszka-ewa-braun\/205_agnieszka-ewa-braun-ablucja-2013-instalacja-wideo-projekcja-na-wodzie-2\/\" class=\"wp-image-3169\"\/><\/a><figcaption class=\"blocks-gallery-item__caption\">Agnieszka Ewa Braun, Ablucja, 2013, instalacja, wideo-projekcja na wodzie <\/figcaption><\/figure><\/li><li class=\"blocks-gallery-item\"><figure><a href=\"https:\/\/galeriamiejska.pl\/wp-content\/uploads\/2021\/01\/205_agnieszka-ewa-braun-uklad-odniesienia-dokumentacja-jako-dzielo-20122013-instalacja-1.jpg\"><img src=\"https:\/\/galeriamiejska.pl\/wp-content\/uploads\/2021\/01\/205_agnieszka-ewa-braun-uklad-odniesienia-dokumentacja-jako-dzielo-20122013-instalacja-1.jpg\" alt=\"\" data-id=\"3170\" data-full-url=\"https:\/\/galeriamiejska.pl\/wp-content\/uploads\/2021\/01\/205_agnieszka-ewa-braun-uklad-odniesienia-dokumentacja-jako-dzielo-20122013-instalacja-1.jpg\" data-link=\"https:\/\/galeriamiejska.pl\/agnieszka-ewa-braun\/205_agnieszka-ewa-braun-uklad-odniesienia-dokumentacja-jako-dzielo-20122013-instalacja-2\/\" class=\"wp-image-3170\"\/><\/a><figcaption class=\"blocks-gallery-item__caption\">Agnieszka Ewa Braun, Uklad Odniesienia, Dokumentacja jako dzie\u0142o, 2012\/2013, instalacja <\/figcaption><\/figure><\/li><li class=\"blocks-gallery-item\"><figure><a href=\"https:\/\/galeriamiejska.pl\/wp-content\/uploads\/2021\/01\/205_agnieszka-ewa-braun-z-cyklu-cielesnosc-przedmiotu-2013-fotoobiekty-3d-z-papieru-skala-1-do-1-1.jpg\"><img src=\"https:\/\/galeriamiejska.pl\/wp-content\/uploads\/2021\/01\/205_agnieszka-ewa-braun-z-cyklu-cielesnosc-przedmiotu-2013-fotoobiekty-3d-z-papieru-skala-1-do-1-1.jpg\" alt=\"\" data-id=\"3171\" data-full-url=\"https:\/\/galeriamiejska.pl\/wp-content\/uploads\/2021\/01\/205_agnieszka-ewa-braun-z-cyklu-cielesnosc-przedmiotu-2013-fotoobiekty-3d-z-papieru-skala-1-do-1-1.jpg\" data-link=\"https:\/\/galeriamiejska.pl\/agnieszka-ewa-braun\/205_agnieszka-ewa-braun-z-cyklu-cielesnosc-przedmiotu-2013-fotoobiekty-3d-z-papieru-skala-1-do-1-2\/\" class=\"wp-image-3171\"\/><\/a><figcaption class=\"blocks-gallery-item__caption\">Agnieszka Ewa Braun, z cyklu Cielesno\u015b\u0107 przedmiotu, 2013, fotoobiekty 3d z papieru, skala 1 do 1 <\/figcaption><\/figure><\/li><li class=\"blocks-gallery-item\"><figure><a href=\"https:\/\/galeriamiejska.pl\/wp-content\/uploads\/2021\/01\/205_agnieszka-ewa-braun-z-cyklu-dorastanie-2012-2013-fotografia-200-x-140-1.jpg\"><img src=\"https:\/\/galeriamiejska.pl\/wp-content\/uploads\/2021\/01\/205_agnieszka-ewa-braun-z-cyklu-dorastanie-2012-2013-fotografia-200-x-140-1.jpg\" alt=\"\" data-id=\"3172\" data-full-url=\"https:\/\/galeriamiejska.pl\/wp-content\/uploads\/2021\/01\/205_agnieszka-ewa-braun-z-cyklu-dorastanie-2012-2013-fotografia-200-x-140-1.jpg\" data-link=\"https:\/\/galeriamiejska.pl\/agnieszka-ewa-braun\/205_agnieszka-ewa-braun-z-cyklu-dorastanie-2012-2013-fotografia-200-x-140-2\/\" class=\"wp-image-3172\"\/><\/a><figcaption class=\"blocks-gallery-item__caption\">Agnieszka Ewa Braun, z cyklu Dorastanie, 2012-2013, fotografia, 200 x 140 <\/figcaption><\/figure><\/li><li class=\"blocks-gallery-item\"><figure><a href=\"https:\/\/galeriamiejska.pl\/wp-content\/uploads\/2021\/01\/205_agnieszka-ewa-braun-z-cyklu-immanencje-2012-grafika-komputerowa-100-x-70-1.jpg\"><img src=\"https:\/\/galeriamiejska.pl\/wp-content\/uploads\/2021\/01\/205_agnieszka-ewa-braun-z-cyklu-immanencje-2012-grafika-komputerowa-100-x-70-1.jpg\" alt=\"\" data-id=\"3173\" data-full-url=\"https:\/\/galeriamiejska.pl\/wp-content\/uploads\/2021\/01\/205_agnieszka-ewa-braun-z-cyklu-immanencje-2012-grafika-komputerowa-100-x-70-1.jpg\" data-link=\"https:\/\/galeriamiejska.pl\/agnieszka-ewa-braun\/205_agnieszka-ewa-braun-z-cyklu-immanencje-2012-grafika-komputerowa-100-x-70-2\/\" class=\"wp-image-3173\"\/><\/a><figcaption class=\"blocks-gallery-item__caption\">Agnieszka Ewa Braun, z cyklu Immanencje, 2012, grafika komputerowa, 100 x 70 <\/figcaption><\/figure><\/li><li class=\"blocks-gallery-item\"><figure><a href=\"https:\/\/galeriamiejska.pl\/wp-content\/uploads\/2021\/01\/205_dyplom-2014-ksztalty-czasu-1.jpg\"><img src=\"https:\/\/galeriamiejska.pl\/wp-content\/uploads\/2021\/01\/205_dyplom-2014-ksztalty-czasu-1.jpg\" alt=\"\" data-id=\"3174\" data-full-url=\"https:\/\/galeriamiejska.pl\/wp-content\/uploads\/2021\/01\/205_dyplom-2014-ksztalty-czasu-1.jpg\" data-link=\"https:\/\/galeriamiejska.pl\/agnieszka-ewa-braun\/205_dyplom-2014-ksztalty-czasu-2\/\" class=\"wp-image-3174\"\/><\/a><figcaption class=\"blocks-gallery-item__caption\">dyplom 2014 \"Kszta\u0142ty czasu\" <\/figcaption><\/figure><\/li><li class=\"blocks-gallery-item\"><figure><a href=\"https:\/\/galeriamiejska.pl\/wp-content\/uploads\/2021\/01\/205_1_agnieszka-ewa-braun-z-cyklu-dorastanie-2012-2013-fotografia-200-x-140-1.jpg\"><img src=\"https:\/\/galeriamiejska.pl\/wp-content\/uploads\/2021\/01\/205_1_agnieszka-ewa-braun-z-cyklu-dorastanie-2012-2013-fotografia-200-x-140-1.jpg\" alt=\"\" data-id=\"3175\" data-full-url=\"https:\/\/galeriamiejska.pl\/wp-content\/uploads\/2021\/01\/205_1_agnieszka-ewa-braun-z-cyklu-dorastanie-2012-2013-fotografia-200-x-140-1.jpg\" data-link=\"https:\/\/galeriamiejska.pl\/agnieszka-ewa-braun\/205_1_agnieszka-ewa-braun-z-cyklu-dorastanie-2012-2013-fotografia-200-x-140-2\/\" class=\"wp-image-3175\"\/><\/a><figcaption class=\"blocks-gallery-item__caption\">Agnieszka Ewa Braun, z cyklu Dorastanie, 2012-2013, fotografia, 200 x 140 <\/figcaption><\/figure><\/li><li class=\"blocks-gallery-item\"><figure><a href=\"https:\/\/galeriamiejska.pl\/wp-content\/uploads\/2021\/01\/205_1_agnieszka-ewa-braun-z-cyklu-immanencje-2012-grafika-komputerowa-100-x-70-1.jpg\"><img src=\"https:\/\/galeriamiejska.pl\/wp-content\/uploads\/2021\/01\/205_1_agnieszka-ewa-braun-z-cyklu-immanencje-2012-grafika-komputerowa-100-x-70-1.jpg\" alt=\"\" data-id=\"3176\" data-full-url=\"https:\/\/galeriamiejska.pl\/wp-content\/uploads\/2021\/01\/205_1_agnieszka-ewa-braun-z-cyklu-immanencje-2012-grafika-komputerowa-100-x-70-1.jpg\" data-link=\"https:\/\/galeriamiejska.pl\/agnieszka-ewa-braun\/205_1_agnieszka-ewa-braun-z-cyklu-immanencje-2012-grafika-komputerowa-100-x-70-2\/\" class=\"wp-image-3176\"\/><\/a><figcaption class=\"blocks-gallery-item__caption\">Agnieszka Ewa Braun, z cyklu Immanencje, 2012, grafika komputerowa, 100 x 70 <\/figcaption><\/figure><\/li><li class=\"blocks-gallery-item\"><figure><a href=\"https:\/\/galeriamiejska.pl\/wp-content\/uploads\/2021\/01\/205_1_dyplom-2014-ksztalty-czasu-1.jpg\"><img src=\"https:\/\/galeriamiejska.pl\/wp-content\/uploads\/2021\/01\/205_1_dyplom-2014-ksztalty-czasu-1.jpg\" alt=\"\" data-id=\"3177\" data-full-url=\"https:\/\/galeriamiejska.pl\/wp-content\/uploads\/2021\/01\/205_1_dyplom-2014-ksztalty-czasu-1.jpg\" data-link=\"https:\/\/galeriamiejska.pl\/agnieszka-ewa-braun\/205_1_dyplom-2014-ksztalty-czasu-2\/\" class=\"wp-image-3177\"\/><\/a><figcaption class=\"blocks-gallery-item__caption\">dyplom 2014 \"Kszta\u0142ty czasu\" <\/figcaption><\/figure><\/li><li class=\"blocks-gallery-item\"><figure><a href=\"https:\/\/galeriamiejska.pl\/wp-content\/uploads\/2021\/01\/205_2_agnieszka-ewa-braun-ablucja-2013-instalacja-wideo-projekcja-na-wodzie-1.jpg\"><img src=\"https:\/\/galeriamiejska.pl\/wp-content\/uploads\/2021\/01\/205_2_agnieszka-ewa-braun-ablucja-2013-instalacja-wideo-projekcja-na-wodzie-1.jpg\" alt=\"\" data-id=\"3178\" data-full-url=\"https:\/\/galeriamiejska.pl\/wp-content\/uploads\/2021\/01\/205_2_agnieszka-ewa-braun-ablucja-2013-instalacja-wideo-projekcja-na-wodzie-1.jpg\" data-link=\"https:\/\/galeriamiejska.pl\/agnieszka-ewa-braun\/205_2_agnieszka-ewa-braun-ablucja-2013-instalacja-wideo-projekcja-na-wodzie-2\/\" class=\"wp-image-3178\"\/><\/a><figcaption class=\"blocks-gallery-item__caption\">Agnieszka Ewa Braun, Ablucja, 2013, instalacja, wideo-projekcja na wodzie <\/figcaption><\/figure><\/li><li class=\"blocks-gallery-item\"><figure><a href=\"https:\/\/galeriamiejska.pl\/wp-content\/uploads\/2021\/01\/205_2_agnieszka-ewa-braun-uklad-odniesienia-dokumentacja-jako-dzielo-20122013-instalacja-1.jpg\"><img src=\"https:\/\/galeriamiejska.pl\/wp-content\/uploads\/2021\/01\/205_2_agnieszka-ewa-braun-uklad-odniesienia-dokumentacja-jako-dzielo-20122013-instalacja-1.jpg\" alt=\"\" data-id=\"3179\" data-full-url=\"https:\/\/galeriamiejska.pl\/wp-content\/uploads\/2021\/01\/205_2_agnieszka-ewa-braun-uklad-odniesienia-dokumentacja-jako-dzielo-20122013-instalacja-1.jpg\" data-link=\"https:\/\/galeriamiejska.pl\/agnieszka-ewa-braun\/205_2_agnieszka-ewa-braun-uklad-odniesienia-dokumentacja-jako-dzielo-20122013-instalacja-2\/\" class=\"wp-image-3179\"\/><\/a><figcaption class=\"blocks-gallery-item__caption\">Agnieszka Ewa Braun, Uklad Odniesienia, Dokumentacja jako dzie\u0142o, 2012\/2013, instalacja <\/figcaption><\/figure><\/li><li class=\"blocks-gallery-item\"><figure><a href=\"https:\/\/galeriamiejska.pl\/wp-content\/uploads\/2021\/01\/205_2_dyplom-2014-ksztalty-czasu-1.jpg\"><img src=\"https:\/\/galeriamiejska.pl\/wp-content\/uploads\/2021\/01\/205_2_dyplom-2014-ksztalty-czasu-1.jpg\" alt=\"\" data-id=\"3180\" data-full-url=\"https:\/\/galeriamiejska.pl\/wp-content\/uploads\/2021\/01\/205_2_dyplom-2014-ksztalty-czasu-1.jpg\" data-link=\"https:\/\/galeriamiejska.pl\/agnieszka-ewa-braun\/205_2_dyplom-2014-ksztalty-czasu-2\/\" class=\"wp-image-3180\"\/><\/a><figcaption class=\"blocks-gallery-item__caption\">dyplom 2014 \"Kszta\u0142ty czasu\" <\/figcaption><\/figure><\/li><li class=\"blocks-gallery-item\"><figure><a href=\"https:\/\/galeriamiejska.pl\/wp-content\/uploads\/2021\/01\/205_3_agnieszka-ewa-braun-uklad-odniesienia-dokumentacja-jako-dzielo-20122013-instalacja-1.jpg\"><img src=\"https:\/\/galeriamiejska.pl\/wp-content\/uploads\/2021\/01\/205_3_agnieszka-ewa-braun-uklad-odniesienia-dokumentacja-jako-dzielo-20122013-instalacja-1.jpg\" alt=\"\" data-id=\"3181\" data-full-url=\"https:\/\/galeriamiejska.pl\/wp-content\/uploads\/2021\/01\/205_3_agnieszka-ewa-braun-uklad-odniesienia-dokumentacja-jako-dzielo-20122013-instalacja-1.jpg\" data-link=\"https:\/\/galeriamiejska.pl\/agnieszka-ewa-braun\/205_3_agnieszka-ewa-braun-uklad-odniesienia-dokumentacja-jako-dzielo-20122013-instalacja-2\/\" class=\"wp-image-3181\"\/><\/a><figcaption class=\"blocks-gallery-item__caption\">Agnieszka Ewa Braun, Uklad Odniesienia, Dokumentacja jako dzie\u0142o, 2012\/2013, instalacja <\/figcaption><\/figure><\/li><li class=\"blocks-gallery-item\"><figure><a href=\"https:\/\/galeriamiejska.pl\/wp-content\/uploads\/2021\/01\/205_3_agnieszka-ewa-braun-z-cyklu-immanencje-2012-grafika-komputerowa-100-x-70-1.jpg\"><img src=\"https:\/\/galeriamiejska.pl\/wp-content\/uploads\/2021\/01\/205_3_agnieszka-ewa-braun-z-cyklu-immanencje-2012-grafika-komputerowa-100-x-70-1.jpg\" alt=\"\" data-id=\"3182\" data-full-url=\"https:\/\/galeriamiejska.pl\/wp-content\/uploads\/2021\/01\/205_3_agnieszka-ewa-braun-z-cyklu-immanencje-2012-grafika-komputerowa-100-x-70-1.jpg\" data-link=\"https:\/\/galeriamiejska.pl\/agnieszka-ewa-braun\/205_3_agnieszka-ewa-braun-z-cyklu-immanencje-2012-grafika-komputerowa-100-x-70-2\/\" class=\"wp-image-3182\"\/><\/a><figcaption class=\"blocks-gallery-item__caption\">Agnieszka Ewa Braun, z cyklu Immanencje, 2012, grafika komputerowa, 100 x 70 <\/figcaption><\/figure><\/li><li class=\"blocks-gallery-item\"><figure><a href=\"https:\/\/galeriamiejska.pl\/wp-content\/uploads\/2021\/01\/205_3_dyplom-2014-ksztalty-czasu-1.jpg\"><img src=\"https:\/\/galeriamiejska.pl\/wp-content\/uploads\/2021\/01\/205_3_dyplom-2014-ksztalty-czasu-1.jpg\" alt=\"\" data-id=\"3183\" data-full-url=\"https:\/\/galeriamiejska.pl\/wp-content\/uploads\/2021\/01\/205_3_dyplom-2014-ksztalty-czasu-1.jpg\" data-link=\"https:\/\/galeriamiejska.pl\/agnieszka-ewa-braun\/205_3_dyplom-2014-ksztalty-czasu-2\/\" class=\"wp-image-3183\"\/><\/a><figcaption class=\"blocks-gallery-item__caption\">dyplom 2014 \"Kszta\u0142ty czasu\" <\/figcaption><\/figure><\/li><\/ul><\/figure>\n<!-- \/wp:gallery -->","_pl_post_name":"agnieszka-ewa-braun","_pl_post_excerpt":"Zajmuje si\u0119 fotografi\u0105, malarstwem i nowymi mediami.","_pl_post_title":"Agnieszka Ewa Braun","_en_post_content":"<!-- wp:eedee\/block-gutenslider {\"gsBlockId\":\"qrzkvjp5m\",\"contentMode\":\"fixed\",\"autoplay\":false,\"adaptiveHeight\":true} -->\n<!-- wp:eedee\/block-gutenslide {\"gsBlockId\":\"omkew5rqb\",\"background\":{\"backgroundType\":\"image\",\"backgroundColor\":\"#eeeeee\",\"backgroundOverlayImage\":\"\",\"backgroundOverlayVideo\":\"\",\"backgroundOverlayOpacity\":50,\"backgroundGradient\":{},\"backgroundImage\":{\"url\":\"https:\/\/galeriamiejska.pl\/wp-content\/uploads\/2021\/01\/205_4_dyplom-2014-ksztalty-czasu-1.jpg\",\"id\":\"3167\",\"alt\":\"\",\"type\":\"image\"},\"backgroundPosition\":\"center center\",\"backgroundRepeat\":\"no-repeat\",\"backgroundImageSize\":\"cover\",\"backgroundVideoSize\":\"cover\",\"customBackgroundColor\":\"\",\"hasParallax\":false,\"backgroundFocalPoint\":{\"x\":0.5,\"y\":0.5},\"backgroundVideoFocalPoint\":{\"x\":0.5,\"y\":0.5},\"backgroundVideo\":{},\"backgroundVideoMuted\":true,\"backgroundVideoLoop\":true,\"backgroundVideoAutoplay\":true,\"openPopover\":true}} -->\n<!-- wp:paragraph {\"align\":\"center\",\"placeholder\":\"Add slide content here\u2026\",\"className\":\"gutenslider-content-initial\",\"fontSize\":\"larger\"} -->\n<p class=\"has-text-align-center gutenslider-content-initial has-larger-font-size\"><\/p>\n<!-- \/wp:paragraph -->\n<!-- \/wp:eedee\/block-gutenslide -->\n\n<!-- wp:eedee\/block-gutenslide {\"gsBlockId\":\"v5vinjmhx\",\"background\":{\"backgroundType\":\"image\",\"backgroundColor\":\"#eeeeee\",\"backgroundOverlayImage\":\"\",\"backgroundOverlayVideo\":\"\",\"backgroundOverlayOpacity\":50,\"backgroundGradient\":{},\"backgroundImage\":{\"url\":\"https:\/\/galeriamiejska.pl\/wp-content\/uploads\/2021\/01\/205_5_dyplom-2014-ksztalty-czasu-1.jpg\",\"id\":\"3168\",\"alt\":\"\",\"type\":\"image\"},\"backgroundPosition\":\"center center\",\"backgroundRepeat\":\"no-repeat\",\"backgroundImageSize\":\"cover\",\"backgroundVideoSize\":\"cover\",\"customBackgroundColor\":\"\",\"hasParallax\":false,\"backgroundFocalPoint\":{\"x\":0.5,\"y\":0.5},\"backgroundVideoFocalPoint\":{\"x\":0.5,\"y\":0.5},\"backgroundVideo\":{},\"backgroundVideoMuted\":true,\"backgroundVideoLoop\":true,\"backgroundVideoAutoplay\":true,\"openPopover\":true}} -->\n<!-- wp:paragraph {\"align\":\"center\",\"placeholder\":\"Add slide content here\u2026\",\"className\":\"gutenslider-content-initial\",\"fontSize\":\"larger\"} -->\n<p class=\"has-text-align-center gutenslider-content-initial has-larger-font-size\"><\/p>\n<!-- \/wp:paragraph -->\n<!-- \/wp:eedee\/block-gutenslide -->\n\n<!-- wp:eedee\/block-gutenslide {\"gsBlockId\":\"2wofaoz9y\",\"background\":{\"backgroundType\":\"image\",\"backgroundColor\":\"#eeeeee\",\"backgroundOverlayImage\":\"\",\"backgroundOverlayVideo\":\"\",\"backgroundOverlayOpacity\":50,\"backgroundGradient\":{},\"backgroundImage\":{\"url\":\"https:\/\/galeriamiejska.pl\/wp-content\/uploads\/2021\/01\/205_agnieszka-ewa-braun-ablucja-2013-instalacja-wideo-projekcja-na-wodzie-1.jpg\",\"id\":\"3169\",\"alt\":\"\",\"type\":\"image\"},\"backgroundPosition\":\"center center\",\"backgroundRepeat\":\"no-repeat\",\"backgroundImageSize\":\"cover\",\"backgroundVideoSize\":\"cover\",\"customBackgroundColor\":\"\",\"hasParallax\":false,\"backgroundFocalPoint\":{\"x\":0.5,\"y\":0.5},\"backgroundVideoFocalPoint\":{\"x\":0.5,\"y\":0.5},\"backgroundVideo\":{},\"backgroundVideoMuted\":true,\"backgroundVideoLoop\":true,\"backgroundVideoAutoplay\":true,\"openPopover\":true}} -->\n<!-- wp:paragraph {\"align\":\"center\",\"placeholder\":\"Add slide content here\u2026\",\"className\":\"gutenslider-content-initial\",\"fontSize\":\"larger\"} -->\n<p class=\"has-text-align-center gutenslider-content-initial has-larger-font-size\"><\/p>\n<!-- \/wp:paragraph -->\n<!-- \/wp:eedee\/block-gutenslide -->\n\n<!-- wp:eedee\/block-gutenslide {\"gsBlockId\":\"3cnw5cti0\",\"background\":{\"backgroundType\":\"image\",\"backgroundColor\":\"#eeeeee\",\"backgroundOverlayImage\":\"\",\"backgroundOverlayVideo\":\"\",\"backgroundOverlayOpacity\":50,\"backgroundGradient\":{},\"backgroundImage\":{\"url\":\"https:\/\/galeriamiejska.pl\/wp-content\/uploads\/2021\/01\/205_agnieszka-ewa-braun-uklad-odniesienia-dokumentacja-jako-dzielo-20122013-instalacja-1.jpg\",\"id\":\"3170\",\"alt\":\"\",\"type\":\"image\"},\"backgroundPosition\":\"center center\",\"backgroundRepeat\":\"no-repeat\",\"backgroundImageSize\":\"cover\",\"backgroundVideoSize\":\"cover\",\"customBackgroundColor\":\"\",\"hasParallax\":false,\"backgroundFocalPoint\":{\"x\":0.5,\"y\":0.5},\"backgroundVideoFocalPoint\":{\"x\":0.5,\"y\":0.5},\"backgroundVideo\":{},\"backgroundVideoMuted\":true,\"backgroundVideoLoop\":true,\"backgroundVideoAutoplay\":true,\"openPopover\":true}} -->\n<!-- wp:paragraph {\"align\":\"center\",\"placeholder\":\"Add slide content here\u2026\",\"className\":\"gutenslider-content-initial\",\"fontSize\":\"larger\"} -->\n<p class=\"has-text-align-center gutenslider-content-initial has-larger-font-size\"><\/p>\n<!-- \/wp:paragraph -->\n<!-- \/wp:eedee\/block-gutenslide -->\n\n<!-- wp:eedee\/block-gutenslide {\"gsBlockId\":\"ast2s18t2\",\"background\":{\"backgroundType\":\"image\",\"backgroundColor\":\"#eeeeee\",\"backgroundOverlayImage\":\"\",\"backgroundOverlayVideo\":\"\",\"backgroundOverlayOpacity\":50,\"backgroundGradient\":{},\"backgroundImage\":{\"url\":\"https:\/\/galeriamiejska.pl\/wp-content\/uploads\/2021\/01\/205_agnieszka-ewa-braun-z-cyklu-cielesnosc-przedmiotu-2013-fotoobiekty-3d-z-papieru-skala-1-do-1-1.jpg\",\"id\":\"3171\",\"alt\":\"\",\"type\":\"image\"},\"backgroundPosition\":\"center center\",\"backgroundRepeat\":\"no-repeat\",\"backgroundImageSize\":\"cover\",\"backgroundVideoSize\":\"cover\",\"customBackgroundColor\":\"\",\"hasParallax\":false,\"backgroundFocalPoint\":{\"x\":0.5,\"y\":0.5},\"backgroundVideoFocalPoint\":{\"x\":0.5,\"y\":0.5},\"backgroundVideo\":{},\"backgroundVideoMuted\":true,\"backgroundVideoLoop\":true,\"backgroundVideoAutoplay\":true,\"openPopover\":true}} -->\n<!-- wp:paragraph {\"align\":\"center\",\"placeholder\":\"Add slide content here\u2026\",\"className\":\"gutenslider-content-initial\",\"fontSize\":\"larger\"} -->\n<p class=\"has-text-align-center gutenslider-content-initial has-larger-font-size\"><\/p>\n<!-- \/wp:paragraph -->\n<!-- \/wp:eedee\/block-gutenslide -->\n\n<!-- wp:eedee\/block-gutenslide {\"gsBlockId\":\"2idd7tmzf\",\"background\":{\"backgroundType\":\"image\",\"backgroundColor\":\"#eeeeee\",\"backgroundOverlayImage\":\"\",\"backgroundOverlayVideo\":\"\",\"backgroundOverlayOpacity\":50,\"backgroundGradient\":{},\"backgroundImage\":{\"url\":\"https:\/\/galeriamiejska.pl\/wp-content\/uploads\/2021\/01\/205_agnieszka-ewa-braun-z-cyklu-dorastanie-2012-2013-fotografia-200-x-140-1.jpg\",\"id\":\"3172\",\"alt\":\"\",\"type\":\"image\"},\"backgroundPosition\":\"center center\",\"backgroundRepeat\":\"no-repeat\",\"backgroundImageSize\":\"cover\",\"backgroundVideoSize\":\"cover\",\"customBackgroundColor\":\"\",\"hasParallax\":false,\"backgroundFocalPoint\":{\"x\":0.5,\"y\":0.5},\"backgroundVideoFocalPoint\":{\"x\":0.5,\"y\":0.5},\"backgroundVideo\":{},\"backgroundVideoMuted\":true,\"backgroundVideoLoop\":true,\"backgroundVideoAutoplay\":true,\"openPopover\":true}} -->\n<!-- wp:paragraph {\"align\":\"center\",\"placeholder\":\"Add slide content here\u2026\",\"className\":\"gutenslider-content-initial\",\"fontSize\":\"larger\"} -->\n<p class=\"has-text-align-center gutenslider-content-initial has-larger-font-size\"><\/p>\n<!-- \/wp:paragraph -->\n<!-- \/wp:eedee\/block-gutenslide -->\n\n<!-- wp:eedee\/block-gutenslide {\"gsBlockId\":\"0ks0os5bo\",\"background\":{\"backgroundType\":\"image\",\"backgroundColor\":\"#eeeeee\",\"backgroundOverlayImage\":\"\",\"backgroundOverlayVideo\":\"\",\"backgroundOverlayOpacity\":50,\"backgroundGradient\":{},\"backgroundImage\":{\"url\":\"https:\/\/galeriamiejska.pl\/wp-content\/uploads\/2021\/01\/205_agnieszka-ewa-braun-z-cyklu-immanencje-2012-grafika-komputerowa-100-x-70-1.jpg\",\"id\":\"3173\",\"alt\":\"\",\"type\":\"image\"},\"backgroundPosition\":\"center center\",\"backgroundRepeat\":\"no-repeat\",\"backgroundImageSize\":\"cover\",\"backgroundVideoSize\":\"cover\",\"customBackgroundColor\":\"\",\"hasParallax\":false,\"backgroundFocalPoint\":{\"x\":0.5,\"y\":0.5},\"backgroundVideoFocalPoint\":{\"x\":0.5,\"y\":0.5},\"backgroundVideo\":{},\"backgroundVideoMuted\":true,\"backgroundVideoLoop\":true,\"backgroundVideoAutoplay\":true,\"openPopover\":true}} -->\n<!-- wp:paragraph {\"align\":\"center\",\"placeholder\":\"Add slide content here\u2026\",\"className\":\"gutenslider-content-initial\",\"fontSize\":\"larger\"} -->\n<p class=\"has-text-align-center gutenslider-content-initial has-larger-font-size\"><\/p>\n<!-- \/wp:paragraph -->\n<!-- \/wp:eedee\/block-gutenslide -->\n\n<!-- wp:eedee\/block-gutenslide {\"gsBlockId\":\"emj4ubeef\",\"background\":{\"backgroundType\":\"image\",\"backgroundColor\":\"#eeeeee\",\"backgroundOverlayImage\":\"\",\"backgroundOverlayVideo\":\"\",\"backgroundOverlayOpacity\":50,\"backgroundGradient\":{},\"backgroundImage\":{\"url\":\"https:\/\/galeriamiejska.pl\/wp-content\/uploads\/2021\/01\/205_dyplom-2014-ksztalty-czasu-1.jpg\",\"id\":\"3174\",\"alt\":\"\",\"type\":\"image\"},\"backgroundPosition\":\"center center\",\"backgroundRepeat\":\"no-repeat\",\"backgroundImageSize\":\"cover\",\"backgroundVideoSize\":\"cover\",\"customBackgroundColor\":\"\",\"hasParallax\":false,\"backgroundFocalPoint\":{\"x\":0.5,\"y\":0.5},\"backgroundVideoFocalPoint\":{\"x\":0.5,\"y\":0.5},\"backgroundVideo\":{},\"backgroundVideoMuted\":true,\"backgroundVideoLoop\":true,\"backgroundVideoAutoplay\":true,\"openPopover\":true}} -->\n<!-- wp:paragraph {\"align\":\"center\",\"placeholder\":\"Add slide content here\u2026\",\"className\":\"gutenslider-content-initial\",\"fontSize\":\"larger\"} -->\n<p class=\"has-text-align-center gutenslider-content-initial has-larger-font-size\"><\/p>\n<!-- \/wp:paragraph -->\n<!-- \/wp:eedee\/block-gutenslide -->\n\n<!-- wp:eedee\/block-gutenslide {\"gsBlockId\":\"t9pi138vn\",\"background\":{\"backgroundType\":\"image\",\"backgroundColor\":\"#eeeeee\",\"backgroundOverlayImage\":\"\",\"backgroundOverlayVideo\":\"\",\"backgroundOverlayOpacity\":50,\"backgroundGradient\":{},\"backgroundImage\":{\"url\":\"https:\/\/galeriamiejska.pl\/wp-content\/uploads\/2021\/01\/205_1_agnieszka-ewa-braun-z-cyklu-dorastanie-2012-2013-fotografia-200-x-140-1.jpg\",\"id\":\"3175\",\"alt\":\"\",\"type\":\"image\"},\"backgroundPosition\":\"center center\",\"backgroundRepeat\":\"no-repeat\",\"backgroundImageSize\":\"cover\",\"backgroundVideoSize\":\"cover\",\"customBackgroundColor\":\"\",\"hasParallax\":false,\"backgroundFocalPoint\":{\"x\":0.5,\"y\":0.5},\"backgroundVideoFocalPoint\":{\"x\":0.5,\"y\":0.5},\"backgroundVideo\":{},\"backgroundVideoMuted\":true,\"backgroundVideoLoop\":true,\"backgroundVideoAutoplay\":true,\"openPopover\":true}} -->\n<!-- wp:paragraph {\"align\":\"center\",\"placeholder\":\"Add slide content here\u2026\",\"className\":\"gutenslider-content-initial\",\"fontSize\":\"larger\"} -->\n<p class=\"has-text-align-center gutenslider-content-initial has-larger-font-size\"><\/p>\n<!-- \/wp:paragraph -->\n<!-- \/wp:eedee\/block-gutenslide -->\n\n<!-- wp:eedee\/block-gutenslide {\"gsBlockId\":\"g6jgq8foh\",\"background\":{\"backgroundType\":\"image\",\"backgroundColor\":\"#eeeeee\",\"backgroundOverlayImage\":\"\",\"backgroundOverlayVideo\":\"\",\"backgroundOverlayOpacity\":50,\"backgroundGradient\":{},\"backgroundImage\":{\"url\":\"https:\/\/galeriamiejska.pl\/wp-content\/uploads\/2021\/01\/205_1_agnieszka-ewa-braun-z-cyklu-immanencje-2012-grafika-komputerowa-100-x-70-1.jpg\",\"id\":\"3176\",\"alt\":\"\",\"type\":\"image\"},\"backgroundPosition\":\"center center\",\"backgroundRepeat\":\"no-repeat\",\"backgroundImageSize\":\"cover\",\"backgroundVideoSize\":\"cover\",\"customBackgroundColor\":\"\",\"hasParallax\":false,\"backgroundFocalPoint\":{\"x\":0.5,\"y\":0.5},\"backgroundVideoFocalPoint\":{\"x\":0.5,\"y\":0.5},\"backgroundVideo\":{},\"backgroundVideoMuted\":true,\"backgroundVideoLoop\":true,\"backgroundVideoAutoplay\":true,\"openPopover\":true}} -->\n<!-- wp:paragraph {\"align\":\"center\",\"placeholder\":\"Add slide content here\u2026\",\"className\":\"gutenslider-content-initial\",\"fontSize\":\"larger\"} -->\n<p class=\"has-text-align-center gutenslider-content-initial has-larger-font-size\"><\/p>\n<!-- \/wp:paragraph -->\n<!-- \/wp:eedee\/block-gutenslide -->\n\n<!-- wp:eedee\/block-gutenslide {\"gsBlockId\":\"no6tgwsto\",\"background\":{\"backgroundType\":\"image\",\"backgroundColor\":\"#eeeeee\",\"backgroundOverlayImage\":\"\",\"backgroundOverlayVideo\":\"\",\"backgroundOverlayOpacity\":50,\"backgroundGradient\":{},\"backgroundImage\":{\"url\":\"https:\/\/galeriamiejska.pl\/wp-content\/uploads\/2021\/01\/205_1_dyplom-2014-ksztalty-czasu-1.jpg\",\"id\":\"3177\",\"alt\":\"\",\"type\":\"image\"},\"backgroundPosition\":\"center center\",\"backgroundRepeat\":\"no-repeat\",\"backgroundImageSize\":\"cover\",\"backgroundVideoSize\":\"cover\",\"customBackgroundColor\":\"\",\"hasParallax\":false,\"backgroundFocalPoint\":{\"x\":0.5,\"y\":0.5},\"backgroundVideoFocalPoint\":{\"x\":0.5,\"y\":0.5},\"backgroundVideo\":{},\"backgroundVideoMuted\":true,\"backgroundVideoLoop\":true,\"backgroundVideoAutoplay\":true,\"openPopover\":true}} -->\n<!-- wp:paragraph {\"align\":\"center\",\"placeholder\":\"Add slide content here\u2026\",\"className\":\"gutenslider-content-initial\",\"fontSize\":\"larger\"} -->\n<p class=\"has-text-align-center gutenslider-content-initial has-larger-font-size\"><\/p>\n<!-- \/wp:paragraph -->\n<!-- \/wp:eedee\/block-gutenslide -->\n\n<!-- wp:eedee\/block-gutenslide {\"gsBlockId\":\"57ssz5h11\",\"background\":{\"backgroundType\":\"image\",\"backgroundColor\":\"#eeeeee\",\"backgroundOverlayImage\":\"\",\"backgroundOverlayVideo\":\"\",\"backgroundOverlayOpacity\":50,\"backgroundGradient\":{},\"backgroundImage\":{\"url\":\"https:\/\/galeriamiejska.pl\/wp-content\/uploads\/2021\/01\/205_2_agnieszka-ewa-braun-ablucja-2013-instalacja-wideo-projekcja-na-wodzie-1.jpg\",\"id\":\"3178\",\"alt\":\"\",\"type\":\"image\"},\"backgroundPosition\":\"center center\",\"backgroundRepeat\":\"no-repeat\",\"backgroundImageSize\":\"cover\",\"backgroundVideoSize\":\"cover\",\"customBackgroundColor\":\"\",\"hasParallax\":false,\"backgroundFocalPoint\":{\"x\":0.5,\"y\":0.5},\"backgroundVideoFocalPoint\":{\"x\":0.5,\"y\":0.5},\"backgroundVideo\":{},\"backgroundVideoMuted\":true,\"backgroundVideoLoop\":true,\"backgroundVideoAutoplay\":true,\"openPopover\":true}} -->\n<!-- wp:paragraph {\"align\":\"center\",\"placeholder\":\"Add slide content here\u2026\",\"className\":\"gutenslider-content-initial\",\"fontSize\":\"larger\"} -->\n<p class=\"has-text-align-center gutenslider-content-initial has-larger-font-size\"><\/p>\n<!-- \/wp:paragraph -->\n<!-- \/wp:eedee\/block-gutenslide -->\n\n<!-- wp:eedee\/block-gutenslide {\"gsBlockId\":\"hud0m87jp\",\"background\":{\"backgroundType\":\"image\",\"backgroundColor\":\"#eeeeee\",\"backgroundOverlayImage\":\"\",\"backgroundOverlayVideo\":\"\",\"backgroundOverlayOpacity\":50,\"backgroundGradient\":{},\"backgroundImage\":{\"url\":\"https:\/\/galeriamiejska.pl\/wp-content\/uploads\/2021\/01\/205_2_agnieszka-ewa-braun-uklad-odniesienia-dokumentacja-jako-dzielo-20122013-instalacja-1.jpg\",\"id\":\"3179\",\"alt\":\"\",\"type\":\"image\"},\"backgroundPosition\":\"center center\",\"backgroundRepeat\":\"no-repeat\",\"backgroundImageSize\":\"cover\",\"backgroundVideoSize\":\"cover\",\"customBackgroundColor\":\"\",\"hasParallax\":false,\"backgroundFocalPoint\":{\"x\":0.5,\"y\":0.5},\"backgroundVideoFocalPoint\":{\"x\":0.5,\"y\":0.5},\"backgroundVideo\":{},\"backgroundVideoMuted\":true,\"backgroundVideoLoop\":true,\"backgroundVideoAutoplay\":true,\"openPopover\":true}} -->\n<!-- wp:paragraph {\"align\":\"center\",\"placeholder\":\"Add slide content here\u2026\",\"className\":\"gutenslider-content-initial\",\"fontSize\":\"larger\"} -->\n<p class=\"has-text-align-center gutenslider-content-initial has-larger-font-size\"><\/p>\n<!-- \/wp:paragraph -->\n<!-- \/wp:eedee\/block-gutenslide -->\n\n<!-- wp:eedee\/block-gutenslide {\"gsBlockId\":\"1d7e100hv\",\"background\":{\"backgroundType\":\"image\",\"backgroundColor\":\"#eeeeee\",\"backgroundOverlayImage\":\"\",\"backgroundOverlayVideo\":\"\",\"backgroundOverlayOpacity\":50,\"backgroundGradient\":{},\"backgroundImage\":{\"url\":\"https:\/\/galeriamiejska.pl\/wp-content\/uploads\/2021\/01\/205_2_dyplom-2014-ksztalty-czasu-1.jpg\",\"id\":\"3180\",\"alt\":\"\",\"type\":\"image\"},\"backgroundPosition\":\"center center\",\"backgroundRepeat\":\"no-repeat\",\"backgroundImageSize\":\"cover\",\"backgroundVideoSize\":\"cover\",\"customBackgroundColor\":\"\",\"hasParallax\":false,\"backgroundFocalPoint\":{\"x\":0.5,\"y\":0.5},\"backgroundVideoFocalPoint\":{\"x\":0.5,\"y\":0.5},\"backgroundVideo\":{},\"backgroundVideoMuted\":true,\"backgroundVideoLoop\":true,\"backgroundVideoAutoplay\":true,\"openPopover\":true}} -->\n<!-- wp:paragraph {\"align\":\"center\",\"placeholder\":\"Add slide content here\u2026\",\"className\":\"gutenslider-content-initial\",\"fontSize\":\"larger\"} -->\n<p class=\"has-text-align-center gutenslider-content-initial has-larger-font-size\"><\/p>\n<!-- \/wp:paragraph -->\n<!-- \/wp:eedee\/block-gutenslide -->\n\n<!-- wp:eedee\/block-gutenslide {\"gsBlockId\":\"40yxzqcap\",\"background\":{\"backgroundType\":\"image\",\"backgroundColor\":\"#eeeeee\",\"backgroundOverlayImage\":\"\",\"backgroundOverlayVideo\":\"\",\"backgroundOverlayOpacity\":50,\"backgroundGradient\":{},\"backgroundImage\":{\"url\":\"https:\/\/galeriamiejska.pl\/wp-content\/uploads\/2021\/01\/205_3_agnieszka-ewa-braun-uklad-odniesienia-dokumentacja-jako-dzielo-20122013-instalacja-1.jpg\",\"id\":\"3181\",\"alt\":\"\",\"type\":\"image\"},\"backgroundPosition\":\"center center\",\"backgroundRepeat\":\"no-repeat\",\"backgroundImageSize\":\"cover\",\"backgroundVideoSize\":\"cover\",\"customBackgroundColor\":\"\",\"hasParallax\":false,\"backgroundFocalPoint\":{\"x\":0.5,\"y\":0.5},\"backgroundVideoFocalPoint\":{\"x\":0.5,\"y\":0.5},\"backgroundVideo\":{},\"backgroundVideoMuted\":true,\"backgroundVideoLoop\":true,\"backgroundVideoAutoplay\":true,\"openPopover\":true}} -->\n<!-- wp:paragraph {\"align\":\"center\",\"placeholder\":\"Add slide content here\u2026\",\"className\":\"gutenslider-content-initial\",\"fontSize\":\"larger\"} -->\n<p class=\"has-text-align-center gutenslider-content-initial has-larger-font-size\"><\/p>\n<!-- \/wp:paragraph -->\n<!-- \/wp:eedee\/block-gutenslide -->\n\n<!-- wp:eedee\/block-gutenslide {\"gsBlockId\":\"pxm506c6s\",\"background\":{\"backgroundType\":\"image\",\"backgroundColor\":\"#eeeeee\",\"backgroundOverlayImage\":\"\",\"backgroundOverlayVideo\":\"\",\"backgroundOverlayOpacity\":50,\"backgroundGradient\":{},\"backgroundImage\":{\"url\":\"https:\/\/galeriamiejska.pl\/wp-content\/uploads\/2021\/01\/205_3_agnieszka-ewa-braun-z-cyklu-immanencje-2012-grafika-komputerowa-100-x-70-1.jpg\",\"id\":\"3182\",\"alt\":\"\",\"type\":\"image\"},\"backgroundPosition\":\"center center\",\"backgroundRepeat\":\"no-repeat\",\"backgroundImageSize\":\"cover\",\"backgroundVideoSize\":\"cover\",\"customBackgroundColor\":\"\",\"hasParallax\":false,\"backgroundFocalPoint\":{\"x\":0.5,\"y\":0.5},\"backgroundVideoFocalPoint\":{\"x\":0.5,\"y\":0.5},\"backgroundVideo\":{},\"backgroundVideoMuted\":true,\"backgroundVideoLoop\":true,\"backgroundVideoAutoplay\":true,\"openPopover\":true}} -->\n<!-- wp:paragraph {\"align\":\"center\",\"placeholder\":\"Add slide content here\u2026\",\"className\":\"gutenslider-content-initial\",\"fontSize\":\"larger\"} -->\n<p class=\"has-text-align-center gutenslider-content-initial has-larger-font-size\"><\/p>\n<!-- \/wp:paragraph -->\n<!-- \/wp:eedee\/block-gutenslide -->\n\n<!-- wp:eedee\/block-gutenslide {\"gsBlockId\":\"6xc30ativ\",\"background\":{\"backgroundType\":\"image\",\"backgroundColor\":\"#eeeeee\",\"backgroundOverlayImage\":\"\",\"backgroundOverlayVideo\":\"\",\"backgroundOverlayOpacity\":50,\"backgroundGradient\":{},\"backgroundImage\":{\"url\":\"https:\/\/galeriamiejska.pl\/wp-content\/uploads\/2021\/01\/205_3_dyplom-2014-ksztalty-czasu-1.jpg\",\"id\":\"3183\",\"alt\":\"\",\"type\":\"image\"},\"backgroundPosition\":\"center center\",\"backgroundRepeat\":\"no-repeat\",\"backgroundImageSize\":\"cover\",\"backgroundVideoSize\":\"cover\",\"customBackgroundColor\":\"\",\"hasParallax\":false,\"backgroundFocalPoint\":{\"x\":0.5,\"y\":0.5},\"backgroundVideoFocalPoint\":{\"x\":0.5,\"y\":0.5},\"backgroundVideo\":{},\"backgroundVideoMuted\":true,\"backgroundVideoLoop\":true,\"backgroundVideoAutoplay\":true,\"openPopover\":true}} -->\n<!-- wp:paragraph {\"align\":\"center\",\"placeholder\":\"Add slide content here\u2026\",\"className\":\"gutenslider-content-initial\",\"fontSize\":\"larger\"} -->\n<p class=\"has-text-align-center gutenslider-content-initial has-larger-font-size\"><\/p>\n<!-- \/wp:paragraph -->\n<!-- \/wp:eedee\/block-gutenslide -->\n<!-- \/wp:eedee\/block-gutenslider -->\n\n<!-- wp:paragraph {\"align\":\"left\"} -->\n<p class=\"has-text-align-left\"><strong>Born in 1990 in Lw\u00f3wek \u015al\u0105ski.<br><br>Education:<br>2009 \u2013 2012, The Eugeniusz Geppert Academy of Art and Design in Wroc\u0142aw, Faculty of Graphic Arts and Media Art. Graduating in 2012 at prof. Stanis\u0142aw Sasak workshop (bachelor's degree)<\/strong>.<br><br><strong>Selected exhibitions:<\/strong><br><strong><br>2014<\/strong><br>- 7th Douro Biennial 2014, Douro Museum, Portugal<br><br><strong>2013<\/strong><br>- Global print 2013, Lamego Museum, Portugal<br>- The 8th International Triennial of Small Graphic Forms, Vilnius, Lithuania<br>- XV INTERBIFEP International Biennial of Portrait, Tuzla, Bosni\u2013Hercegovina<br>- Aviaries VOL.7, Wroclaw Contemporary Museum, Poland<br>- International Design Festival, DMY. Polish Focus Design, Berlin, Tempelhof, Germany<br><br><strong>2012<\/strong><br>- 5th National Student Drawing Exhibition \u201eRysowa\u0107\u201d, Wozownia Art Gallery, Toru\u0144, Poland<br>- Osten Galerija Biennial of Drawing, Skopje, Macedonia<br>- International Triennial of Graphic Art Bitola, Bitola, Mecedonia<br>- Immanencje, 3 Ra \u2013 My Gallery, Wroclaw, Poland<br>- Wroc\u0142aw School of Printmaking, Academy of Fine Arts, Riga, Latvia<br>- Made in photo and media, Muzeum Fotografii w\u00a0G\u00f6rlitz, Germany<\/p>\n<!-- \/wp:paragraph -->\n\n<!-- wp:gallery {\"ids\":[3167,3168,3169,3170,3171,3172,3173,3174,3175,3176,3177,3178,3179,3180,3181,3182,3183],\"columns\":4,\"linkTo\":\"file\"} -->\n<figure class=\"wp-block-gallery columns-4 is-cropped\"><ul class=\"blocks-gallery-grid\"><li class=\"blocks-gallery-item\"><figure><a href=\"https:\/\/galeriamiejska.pl\/wp-content\/uploads\/2021\/01\/205_4_dyplom-2014-ksztalty-czasu-1.jpg\"><img src=\"https:\/\/galeriamiejska.pl\/wp-content\/uploads\/2021\/01\/205_4_dyplom-2014-ksztalty-czasu-1.jpg\" alt=\"\" data-id=\"3167\" data-full-url=\"https:\/\/galeriamiejska.pl\/wp-content\/uploads\/2021\/01\/205_4_dyplom-2014-ksztalty-czasu-1.jpg\" data-link=\"https:\/\/galeriamiejska.pl\/agnieszka-ewa-braun\/205_4_dyplom-2014-ksztalty-czasu-2\/\" class=\"wp-image-3167\"\/><\/a><figcaption class=\"blocks-gallery-item__caption\">dyplom 2014 \"Kszta\u0142ty czasu\" <\/figcaption><\/figure><\/li><li class=\"blocks-gallery-item\"><figure><a href=\"https:\/\/galeriamiejska.pl\/wp-content\/uploads\/2021\/01\/205_5_dyplom-2014-ksztalty-czasu-1.jpg\"><img src=\"https:\/\/galeriamiejska.pl\/wp-content\/uploads\/2021\/01\/205_5_dyplom-2014-ksztalty-czasu-1.jpg\" alt=\"\" data-id=\"3168\" data-full-url=\"https:\/\/galeriamiejska.pl\/wp-content\/uploads\/2021\/01\/205_5_dyplom-2014-ksztalty-czasu-1.jpg\" data-link=\"https:\/\/galeriamiejska.pl\/agnieszka-ewa-braun\/205_5_dyplom-2014-ksztalty-czasu-2\/\" class=\"wp-image-3168\"\/><\/a><figcaption class=\"blocks-gallery-item__caption\">dyplom 2014 \"Kszta\u0142ty czasu\" <\/figcaption><\/figure><\/li><li class=\"blocks-gallery-item\"><figure><a href=\"https:\/\/galeriamiejska.pl\/wp-content\/uploads\/2021\/01\/205_agnieszka-ewa-braun-ablucja-2013-instalacja-wideo-projekcja-na-wodzie-1.jpg\"><img src=\"https:\/\/galeriamiejska.pl\/wp-content\/uploads\/2021\/01\/205_agnieszka-ewa-braun-ablucja-2013-instalacja-wideo-projekcja-na-wodzie-1.jpg\" alt=\"\" data-id=\"3169\" data-full-url=\"https:\/\/galeriamiejska.pl\/wp-content\/uploads\/2021\/01\/205_agnieszka-ewa-braun-ablucja-2013-instalacja-wideo-projekcja-na-wodzie-1.jpg\" data-link=\"https:\/\/galeriamiejska.pl\/agnieszka-ewa-braun\/205_agnieszka-ewa-braun-ablucja-2013-instalacja-wideo-projekcja-na-wodzie-2\/\" class=\"wp-image-3169\"\/><\/a><figcaption class=\"blocks-gallery-item__caption\">Agnieszka Ewa Braun, Ablucja, 2013, instalacja, wideo-projekcja na wodzie <\/figcaption><\/figure><\/li><li class=\"blocks-gallery-item\"><figure><a href=\"https:\/\/galeriamiejska.pl\/wp-content\/uploads\/2021\/01\/205_agnieszka-ewa-braun-uklad-odniesienia-dokumentacja-jako-dzielo-20122013-instalacja-1.jpg\"><img src=\"https:\/\/galeriamiejska.pl\/wp-content\/uploads\/2021\/01\/205_agnieszka-ewa-braun-uklad-odniesienia-dokumentacja-jako-dzielo-20122013-instalacja-1.jpg\" alt=\"\" data-id=\"3170\" data-full-url=\"https:\/\/galeriamiejska.pl\/wp-content\/uploads\/2021\/01\/205_agnieszka-ewa-braun-uklad-odniesienia-dokumentacja-jako-dzielo-20122013-instalacja-1.jpg\" data-link=\"https:\/\/galeriamiejska.pl\/agnieszka-ewa-braun\/205_agnieszka-ewa-braun-uklad-odniesienia-dokumentacja-jako-dzielo-20122013-instalacja-2\/\" class=\"wp-image-3170\"\/><\/a><figcaption class=\"blocks-gallery-item__caption\">Agnieszka Ewa Braun, Uklad Odniesienia, Dokumentacja jako dzie\u0142o, 2012\/2013, instalacja <\/figcaption><\/figure><\/li><li class=\"blocks-gallery-item\"><figure><a href=\"https:\/\/galeriamiejska.pl\/wp-content\/uploads\/2021\/01\/205_agnieszka-ewa-braun-z-cyklu-cielesnosc-przedmiotu-2013-fotoobiekty-3d-z-papieru-skala-1-do-1-1.jpg\"><img src=\"https:\/\/galeriamiejska.pl\/wp-content\/uploads\/2021\/01\/205_agnieszka-ewa-braun-z-cyklu-cielesnosc-przedmiotu-2013-fotoobiekty-3d-z-papieru-skala-1-do-1-1.jpg\" alt=\"\" data-id=\"3171\" data-full-url=\"https:\/\/galeriamiejska.pl\/wp-content\/uploads\/2021\/01\/205_agnieszka-ewa-braun-z-cyklu-cielesnosc-przedmiotu-2013-fotoobiekty-3d-z-papieru-skala-1-do-1-1.jpg\" data-link=\"https:\/\/galeriamiejska.pl\/agnieszka-ewa-braun\/205_agnieszka-ewa-braun-z-cyklu-cielesnosc-przedmiotu-2013-fotoobiekty-3d-z-papieru-skala-1-do-1-2\/\" class=\"wp-image-3171\"\/><\/a><figcaption class=\"blocks-gallery-item__caption\">Agnieszka Ewa Braun, z cyklu Cielesno\u015b\u0107 przedmiotu, 2013, fotoobiekty 3d z papieru, skala 1 do 1 <\/figcaption><\/figure><\/li><li class=\"blocks-gallery-item\"><figure><a href=\"https:\/\/galeriamiejska.pl\/wp-content\/uploads\/2021\/01\/205_agnieszka-ewa-braun-z-cyklu-dorastanie-2012-2013-fotografia-200-x-140-1.jpg\"><img src=\"https:\/\/galeriamiejska.pl\/wp-content\/uploads\/2021\/01\/205_agnieszka-ewa-braun-z-cyklu-dorastanie-2012-2013-fotografia-200-x-140-1.jpg\" alt=\"\" data-id=\"3172\" data-full-url=\"https:\/\/galeriamiejska.pl\/wp-content\/uploads\/2021\/01\/205_agnieszka-ewa-braun-z-cyklu-dorastanie-2012-2013-fotografia-200-x-140-1.jpg\" data-link=\"https:\/\/galeriamiejska.pl\/agnieszka-ewa-braun\/205_agnieszka-ewa-braun-z-cyklu-dorastanie-2012-2013-fotografia-200-x-140-2\/\" class=\"wp-image-3172\"\/><\/a><figcaption class=\"blocks-gallery-item__caption\">Agnieszka Ewa Braun, z cyklu Dorastanie, 2012-2013, fotografia, 200 x 140 <\/figcaption><\/figure><\/li><li class=\"blocks-gallery-item\"><figure><a href=\"https:\/\/galeriamiejska.pl\/wp-content\/uploads\/2021\/01\/205_agnieszka-ewa-braun-z-cyklu-immanencje-2012-grafika-komputerowa-100-x-70-1.jpg\"><img src=\"https:\/\/galeriamiejska.pl\/wp-content\/uploads\/2021\/01\/205_agnieszka-ewa-braun-z-cyklu-immanencje-2012-grafika-komputerowa-100-x-70-1.jpg\" alt=\"\" data-id=\"3173\" data-full-url=\"https:\/\/galeriamiejska.pl\/wp-content\/uploads\/2021\/01\/205_agnieszka-ewa-braun-z-cyklu-immanencje-2012-grafika-komputerowa-100-x-70-1.jpg\" data-link=\"https:\/\/galeriamiejska.pl\/agnieszka-ewa-braun\/205_agnieszka-ewa-braun-z-cyklu-immanencje-2012-grafika-komputerowa-100-x-70-2\/\" class=\"wp-image-3173\"\/><\/a><figcaption class=\"blocks-gallery-item__caption\">Agnieszka Ewa Braun, z cyklu Immanencje, 2012, grafika komputerowa, 100 x 70 <\/figcaption><\/figure><\/li><li class=\"blocks-gallery-item\"><figure><a href=\"https:\/\/galeriamiejska.pl\/wp-content\/uploads\/2021\/01\/205_dyplom-2014-ksztalty-czasu-1.jpg\"><img src=\"https:\/\/galeriamiejska.pl\/wp-content\/uploads\/2021\/01\/205_dyplom-2014-ksztalty-czasu-1.jpg\" alt=\"\" data-id=\"3174\" data-full-url=\"https:\/\/galeriamiejska.pl\/wp-content\/uploads\/2021\/01\/205_dyplom-2014-ksztalty-czasu-1.jpg\" data-link=\"https:\/\/galeriamiejska.pl\/agnieszka-ewa-braun\/205_dyplom-2014-ksztalty-czasu-2\/\" class=\"wp-image-3174\"\/><\/a><figcaption class=\"blocks-gallery-item__caption\">dyplom 2014 \"Kszta\u0142ty czasu\" <\/figcaption><\/figure><\/li><li class=\"blocks-gallery-item\"><figure><a href=\"https:\/\/galeriamiejska.pl\/wp-content\/uploads\/2021\/01\/205_1_agnieszka-ewa-braun-z-cyklu-dorastanie-2012-2013-fotografia-200-x-140-1.jpg\"><img src=\"https:\/\/galeriamiejska.pl\/wp-content\/uploads\/2021\/01\/205_1_agnieszka-ewa-braun-z-cyklu-dorastanie-2012-2013-fotografia-200-x-140-1.jpg\" alt=\"\" data-id=\"3175\" data-full-url=\"https:\/\/galeriamiejska.pl\/wp-content\/uploads\/2021\/01\/205_1_agnieszka-ewa-braun-z-cyklu-dorastanie-2012-2013-fotografia-200-x-140-1.jpg\" data-link=\"https:\/\/galeriamiejska.pl\/agnieszka-ewa-braun\/205_1_agnieszka-ewa-braun-z-cyklu-dorastanie-2012-2013-fotografia-200-x-140-2\/\" class=\"wp-image-3175\"\/><\/a><figcaption class=\"blocks-gallery-item__caption\">Agnieszka Ewa Braun, z cyklu Dorastanie, 2012-2013, fotografia, 200 x 140 <\/figcaption><\/figure><\/li><li class=\"blocks-gallery-item\"><figure><a href=\"https:\/\/galeriamiejska.pl\/wp-content\/uploads\/2021\/01\/205_1_agnieszka-ewa-braun-z-cyklu-immanencje-2012-grafika-komputerowa-100-x-70-1.jpg\"><img src=\"https:\/\/galeriamiejska.pl\/wp-content\/uploads\/2021\/01\/205_1_agnieszka-ewa-braun-z-cyklu-immanencje-2012-grafika-komputerowa-100-x-70-1.jpg\" alt=\"\" data-id=\"3176\" data-full-url=\"https:\/\/galeriamiejska.pl\/wp-content\/uploads\/2021\/01\/205_1_agnieszka-ewa-braun-z-cyklu-immanencje-2012-grafika-komputerowa-100-x-70-1.jpg\" data-link=\"https:\/\/galeriamiejska.pl\/agnieszka-ewa-braun\/205_1_agnieszka-ewa-braun-z-cyklu-immanencje-2012-grafika-komputerowa-100-x-70-2\/\" class=\"wp-image-3176\"\/><\/a><figcaption class=\"blocks-gallery-item__caption\">Agnieszka Ewa Braun, z cyklu Immanencje, 2012, grafika komputerowa, 100 x 70 <\/figcaption><\/figure><\/li><li class=\"blocks-gallery-item\"><figure><a href=\"https:\/\/galeriamiejska.pl\/wp-content\/uploads\/2021\/01\/205_1_dyplom-2014-ksztalty-czasu-1.jpg\"><img src=\"https:\/\/galeriamiejska.pl\/wp-content\/uploads\/2021\/01\/205_1_dyplom-2014-ksztalty-czasu-1.jpg\" alt=\"\" data-id=\"3177\" data-full-url=\"https:\/\/galeriamiejska.pl\/wp-content\/uploads\/2021\/01\/205_1_dyplom-2014-ksztalty-czasu-1.jpg\" data-link=\"https:\/\/galeriamiejska.pl\/agnieszka-ewa-braun\/205_1_dyplom-2014-ksztalty-czasu-2\/\" class=\"wp-image-3177\"\/><\/a><figcaption class=\"blocks-gallery-item__caption\">dyplom 2014 \"Kszta\u0142ty czasu\" <\/figcaption><\/figure><\/li><li class=\"blocks-gallery-item\"><figure><a href=\"https:\/\/galeriamiejska.pl\/wp-content\/uploads\/2021\/01\/205_2_agnieszka-ewa-braun-ablucja-2013-instalacja-wideo-projekcja-na-wodzie-1.jpg\"><img src=\"https:\/\/galeriamiejska.pl\/wp-content\/uploads\/2021\/01\/205_2_agnieszka-ewa-braun-ablucja-2013-instalacja-wideo-projekcja-na-wodzie-1.jpg\" alt=\"\" data-id=\"3178\" data-full-url=\"https:\/\/galeriamiejska.pl\/wp-content\/uploads\/2021\/01\/205_2_agnieszka-ewa-braun-ablucja-2013-instalacja-wideo-projekcja-na-wodzie-1.jpg\" data-link=\"https:\/\/galeriamiejska.pl\/agnieszka-ewa-braun\/205_2_agnieszka-ewa-braun-ablucja-2013-instalacja-wideo-projekcja-na-wodzie-2\/\" class=\"wp-image-3178\"\/><\/a><figcaption class=\"blocks-gallery-item__caption\">Agnieszka Ewa Braun, Ablucja, 2013, instalacja, wideo-projekcja na wodzie <\/figcaption><\/figure><\/li><li class=\"blocks-gallery-item\"><figure><a href=\"https:\/\/galeriamiejska.pl\/wp-content\/uploads\/2021\/01\/205_2_agnieszka-ewa-braun-uklad-odniesienia-dokumentacja-jako-dzielo-20122013-instalacja-1.jpg\"><img src=\"https:\/\/galeriamiejska.pl\/wp-content\/uploads\/2021\/01\/205_2_agnieszka-ewa-braun-uklad-odniesienia-dokumentacja-jako-dzielo-20122013-instalacja-1.jpg\" alt=\"\" data-id=\"3179\" data-full-url=\"https:\/\/galeriamiejska.pl\/wp-content\/uploads\/2021\/01\/205_2_agnieszka-ewa-braun-uklad-odniesienia-dokumentacja-jako-dzielo-20122013-instalacja-1.jpg\" data-link=\"https:\/\/galeriamiejska.pl\/agnieszka-ewa-braun\/205_2_agnieszka-ewa-braun-uklad-odniesienia-dokumentacja-jako-dzielo-20122013-instalacja-2\/\" class=\"wp-image-3179\"\/><\/a><figcaption class=\"blocks-gallery-item__caption\">Agnieszka Ewa Braun, Uklad Odniesienia, Dokumentacja jako dzie\u0142o, 2012\/2013, instalacja <\/figcaption><\/figure><\/li><li class=\"blocks-gallery-item\"><figure><a href=\"https:\/\/galeriamiejska.pl\/wp-content\/uploads\/2021\/01\/205_2_dyplom-2014-ksztalty-czasu-1.jpg\"><img src=\"https:\/\/galeriamiejska.pl\/wp-content\/uploads\/2021\/01\/205_2_dyplom-2014-ksztalty-czasu-1.jpg\" alt=\"\" data-id=\"3180\" data-full-url=\"https:\/\/galeriamiejska.pl\/wp-content\/uploads\/2021\/01\/205_2_dyplom-2014-ksztalty-czasu-1.jpg\" data-link=\"https:\/\/galeriamiejska.pl\/agnieszka-ewa-braun\/205_2_dyplom-2014-ksztalty-czasu-2\/\" class=\"wp-image-3180\"\/><\/a><figcaption class=\"blocks-gallery-item__caption\">dyplom 2014 \"Kszta\u0142ty czasu\" <\/figcaption><\/figure><\/li><li class=\"blocks-gallery-item\"><figure><a href=\"https:\/\/galeriamiejska.pl\/wp-content\/uploads\/2021\/01\/205_3_agnieszka-ewa-braun-uklad-odniesienia-dokumentacja-jako-dzielo-20122013-instalacja-1.jpg\"><img src=\"https:\/\/galeriamiejska.pl\/wp-content\/uploads\/2021\/01\/205_3_agnieszka-ewa-braun-uklad-odniesienia-dokumentacja-jako-dzielo-20122013-instalacja-1.jpg\" alt=\"\" data-id=\"3181\" data-full-url=\"https:\/\/galeriamiejska.pl\/wp-content\/uploads\/2021\/01\/205_3_agnieszka-ewa-braun-uklad-odniesienia-dokumentacja-jako-dzielo-20122013-instalacja-1.jpg\" data-link=\"https:\/\/galeriamiejska.pl\/agnieszka-ewa-braun\/205_3_agnieszka-ewa-braun-uklad-odniesienia-dokumentacja-jako-dzielo-20122013-instalacja-2\/\" class=\"wp-image-3181\"\/><\/a><figcaption class=\"blocks-gallery-item__caption\">Agnieszka Ewa Braun, Uklad Odniesienia, Dokumentacja jako dzie\u0142o, 2012\/2013, instalacja <\/figcaption><\/figure><\/li><li class=\"blocks-gallery-item\"><figure><a href=\"https:\/\/galeriamiejska.pl\/wp-content\/uploads\/2021\/01\/205_3_agnieszka-ewa-braun-z-cyklu-immanencje-2012-grafika-komputerowa-100-x-70-1.jpg\"><img src=\"https:\/\/galeriamiejska.pl\/wp-content\/uploads\/2021\/01\/205_3_agnieszka-ewa-braun-z-cyklu-immanencje-2012-grafika-komputerowa-100-x-70-1.jpg\" alt=\"\" data-id=\"3182\" data-full-url=\"https:\/\/galeriamiejska.pl\/wp-content\/uploads\/2021\/01\/205_3_agnieszka-ewa-braun-z-cyklu-immanencje-2012-grafika-komputerowa-100-x-70-1.jpg\" data-link=\"https:\/\/galeriamiejska.pl\/agnieszka-ewa-braun\/205_3_agnieszka-ewa-braun-z-cyklu-immanencje-2012-grafika-komputerowa-100-x-70-2\/\" class=\"wp-image-3182\"\/><\/a><figcaption class=\"blocks-gallery-item__caption\">Agnieszka Ewa Braun, z cyklu Immanencje, 2012, grafika komputerowa, 100 x 70 <\/figcaption><\/figure><\/li><li class=\"blocks-gallery-item\"><figure><a href=\"https:\/\/galeriamiejska.pl\/wp-content\/uploads\/2021\/01\/205_3_dyplom-2014-ksztalty-czasu-1.jpg\"><img src=\"https:\/\/galeriamiejska.pl\/wp-content\/uploads\/2021\/01\/205_3_dyplom-2014-ksztalty-czasu-1.jpg\" alt=\"\" data-id=\"3183\" data-full-url=\"https:\/\/galeriamiejska.pl\/wp-content\/uploads\/2021\/01\/205_3_dyplom-2014-ksztalty-czasu-1.jpg\" data-link=\"https:\/\/galeriamiejska.pl\/agnieszka-ewa-braun\/205_3_dyplom-2014-ksztalty-czasu-2\/\" class=\"wp-image-3183\"\/><\/a><figcaption class=\"blocks-gallery-item__caption\">dyplom 2014 \"Kszta\u0142ty czasu\" <\/figcaption><\/figure><\/li><\/ul><\/figure>\n<!-- \/wp:gallery -->","_en_post_name":"","_en_post_excerpt":"She is an author of paintings and installations.","_en_post_title":"","edit_language":"en","footnotes":""},"categories":[12,14],"tags":[],"class_list":["post-395","post","type-post","status-publish","format-standard","has-post-thumbnail","hentry","category-artysci","category-wspolpracujacy"],"yoast_head":"<!-- This site is optimized with the Yoast SEO plugin v16.8 - https:\/\/yoast.com\/wordpress\/plugins\/seo\/ -->\n<title>Agnieszka Ewa Braun - Galeria Miejska we Wroc\u0142awiu<\/title>\n<meta name=\"robots\" content=\"index, follow, max-snippet:-1, max-image-preview:large, max-video-preview:-1\" \/>\n<link rel=\"canonical\" href=\"https:\/\/galeriamiejska.pl\/en\/agnieszka-ewa-braun\/\" \/>\n<meta property=\"og:locale\" content=\"en_US\" \/>\n<meta property=\"og:type\" content=\"article\" \/>\n<meta property=\"og:title\" content=\"Agnieszka Ewa Braun - Galeria Miejska we Wroc\u0142awiu\" \/>\n<meta property=\"og:description\" content=\"Zajmuje si\u0119 fotografi\u0105, malarstwem i nowymi mediami.\" \/>\n<meta property=\"og:url\" content=\"https:\/\/galeriamiejska.pl\/en\/agnieszka-ewa-braun\/\" \/>\n<meta property=\"og:site_name\" content=\"Galeria Miejska we Wroc\u0142awiu\" \/>\n<meta property=\"article:published_time\" content=\"2021-01-19T09:44:26+00:00\" \/>\n<meta property=\"article:modified_time\" content=\"2021-08-05T08:05:30+00:00\" \/>\n<meta property=\"og:image\" content=\"https:\/\/galeriamiejska.pl\/wp-content\/uploads\/2021\/01\/205_agnieszka-ewa-braun-uklad-odniesienia-dokumentacja-jako-dzielo-20122013-instalacja.jpg\" \/>\n\t<meta property=\"og:image:width\" content=\"660\" \/>\n\t<meta property=\"og:image:height\" content=\"366\" \/>\n<meta name=\"twitter:card\" content=\"summary_large_image\" \/>\n<meta name=\"twitter:label1\" content=\"Written by\" \/>\n\t<meta name=\"twitter:data1\" content=\"admin\" \/>\n\t<meta name=\"twitter:label2\" content=\"Est. reading time\" \/>\n\t<meta name=\"twitter:data2\" content=\"5 minutes\" \/>\n<script type=\"application\/ld+json\" class=\"yoast-schema-graph\">{\"@context\":\"https:\/\/schema.org\",\"@graph\":[{\"@type\":\"WebSite\",\"@id\":\"https:\/\/galeriamiejska.pl\/en\/#website\",\"url\":\"https:\/\/galeriamiejska.pl\/en\/\",\"name\":\"Galeria Miejska we Wroc\\u0142awiu\",\"description\":\"\",\"potentialAction\":[{\"@type\":\"SearchAction\",\"target\":{\"@type\":\"EntryPoint\",\"urlTemplate\":\"https:\/\/galeriamiejska.pl\/en\/?s={search_term_string}\"},\"query-input\":\"required name=search_term_string\"}],\"inLanguage\":\"\"},{\"@type\":\"ImageObject\",\"@id\":\"https:\/\/galeriamiejska.pl\/en\/agnieszka-ewa-braun\/#primaryimage\",\"inLanguage\":\"\",\"url\":\"https:\/\/galeriamiejska.pl\/wp-content\/uploads\/2021\/01\/205_agnieszka-ewa-braun-uklad-odniesienia-dokumentacja-jako-dzielo-20122013-instalacja.jpg\",\"contentUrl\":\"https:\/\/galeriamiejska.pl\/wp-content\/uploads\/2021\/01\/205_agnieszka-ewa-braun-uklad-odniesienia-dokumentacja-jako-dzielo-20122013-instalacja.jpg\",\"width\":660,\"height\":366},{\"@type\":\"WebPage\",\"@id\":\"https:\/\/galeriamiejska.pl\/en\/agnieszka-ewa-braun\/#webpage\",\"url\":\"https:\/\/galeriamiejska.pl\/en\/agnieszka-ewa-braun\/\",\"name\":\"Agnieszka Ewa Braun - Galeria Miejska we Wroc\\u0142awiu\",\"isPartOf\":{\"@id\":\"https:\/\/galeriamiejska.pl\/en\/#website\"},\"primaryImageOfPage\":{\"@id\":\"https:\/\/galeriamiejska.pl\/en\/agnieszka-ewa-braun\/#primaryimage\"},\"datePublished\":\"2021-01-19T09:44:26+00:00\",\"dateModified\":\"2021-08-05T08:05:30+00:00\",\"author\":{\"@id\":\"https:\/\/galeriamiejska.pl\/en\/#\/schema\/person\/cd4f04b0a13c9114f95e23b489b6f9cb\"},\"breadcrumb\":{\"@id\":\"https:\/\/galeriamiejska.pl\/en\/agnieszka-ewa-braun\/#breadcrumb\"},\"inLanguage\":\"\",\"potentialAction\":[{\"@type\":\"ReadAction\",\"target\":[\"https:\/\/galeriamiejska.pl\/en\/agnieszka-ewa-braun\/\"]}]},{\"@type\":\"BreadcrumbList\",\"@id\":\"https:\/\/galeriamiejska.pl\/en\/agnieszka-ewa-braun\/#breadcrumb\",\"itemListElement\":[{\"@type\":\"ListItem\",\"position\":1,\"name\":\"Strona g\\u0142\\u00f3wna\",\"item\":\"https:\/\/galeriamiejska.pl\/en\/\"},{\"@type\":\"ListItem\",\"position\":2,\"name\":\"Agnieszka Ewa Braun\"}]},{\"@type\":\"Person\",\"@id\":\"https:\/\/galeriamiejska.pl\/en\/#\/schema\/person\/cd4f04b0a13c9114f95e23b489b6f9cb\",\"name\":\"admin\",\"image\":{\"@type\":\"ImageObject\",\"@id\":\"https:\/\/galeriamiejska.pl\/en\/#personlogo\",\"inLanguage\":\"\",\"url\":\"https:\/\/secure.gravatar.com\/avatar\/3ded5a36984f92b80e2d99cc96780fe89cd37f7fd652108d182620efbb1566fd?s=96&d=mm&r=g\",\"contentUrl\":\"https:\/\/secure.gravatar.com\/avatar\/3ded5a36984f92b80e2d99cc96780fe89cd37f7fd652108d182620efbb1566fd?s=96&d=mm&r=g\",\"caption\":\"admin\"},\"sameAs\":[\"http:\/\/galeriamiejska.pl\"],\"url\":\"https:\/\/galeriamiejska.pl\/en\/author\/admin\/\"}]}<\/script>\n<!-- \/ Yoast SEO plugin. -->","yoast_head_json":{"title":"Agnieszka Ewa Braun - Galeria Miejska we Wroc\u0142awiu","robots":{"index":"index","follow":"follow","max-snippet":"max-snippet:-1","max-image-preview":"max-image-preview:large","max-video-preview":"max-video-preview:-1"},"canonical":"https:\/\/galeriamiejska.pl\/en\/agnieszka-ewa-braun\/","og_locale":"en_US","og_type":"article","og_title":"Agnieszka Ewa Braun - Galeria Miejska we Wroc\u0142awiu","og_description":"Zajmuje si\u0119 fotografi\u0105, malarstwem i nowymi mediami.","og_url":"https:\/\/galeriamiejska.pl\/en\/agnieszka-ewa-braun\/","og_site_name":"Galeria Miejska we Wroc\u0142awiu","article_published_time":"2021-01-19T09:44:26+00:00","article_modified_time":"2021-08-05T08:05:30+00:00","og_image":[{"width":660,"height":366,"url":"https:\/\/galeriamiejska.pl\/wp-content\/uploads\/2021\/01\/205_agnieszka-ewa-braun-uklad-odniesienia-dokumentacja-jako-dzielo-20122013-instalacja.jpg","path":"\/autoinstalator\/wordpress\/wp-content\/uploads\/2021\/01\/205_agnieszka-ewa-braun-uklad-odniesienia-dokumentacja-jako-dzielo-20122013-instalacja.jpg","size":"full","id":401,"alt":"","pixels":241560,"type":"image\/jpeg"}],"twitter_card":"summary_large_image","twitter_misc":{"Written by":"admin","Est. reading time":"5 minutes"},"schema":{"@context":"https:\/\/schema.org","@graph":[{"@type":"WebSite","@id":"https:\/\/galeriamiejska.pl\/en\/#website","url":"https:\/\/galeriamiejska.pl\/en\/","name":"Galeria Miejska we Wroc\u0142awiu","description":"","potentialAction":[{"@type":"SearchAction","target":{"@type":"EntryPoint","urlTemplate":"https:\/\/galeriamiejska.pl\/en\/?s={search_term_string}"},"query-input":"required name=search_term_string"}],"inLanguage":""},{"@type":"ImageObject","@id":"https:\/\/galeriamiejska.pl\/en\/agnieszka-ewa-braun\/#primaryimage","inLanguage":"","url":"https:\/\/galeriamiejska.pl\/wp-content\/uploads\/2021\/01\/205_agnieszka-ewa-braun-uklad-odniesienia-dokumentacja-jako-dzielo-20122013-instalacja.jpg","contentUrl":"https:\/\/galeriamiejska.pl\/wp-content\/uploads\/2021\/01\/205_agnieszka-ewa-braun-uklad-odniesienia-dokumentacja-jako-dzielo-20122013-instalacja.jpg","width":660,"height":366},{"@type":"WebPage","@id":"https:\/\/galeriamiejska.pl\/en\/agnieszka-ewa-braun\/#webpage","url":"https:\/\/galeriamiejska.pl\/en\/agnieszka-ewa-braun\/","name":"Agnieszka Ewa Braun - Galeria Miejska we Wroc\u0142awiu","isPartOf":{"@id":"https:\/\/galeriamiejska.pl\/en\/#website"},"primaryImageOfPage":{"@id":"https:\/\/galeriamiejska.pl\/en\/agnieszka-ewa-braun\/#primaryimage"},"datePublished":"2021-01-19T09:44:26+00:00","dateModified":"2021-08-05T08:05:30+00:00","author":{"@id":"https:\/\/galeriamiejska.pl\/en\/#\/schema\/person\/cd4f04b0a13c9114f95e23b489b6f9cb"},"breadcrumb":{"@id":"https:\/\/galeriamiejska.pl\/en\/agnieszka-ewa-braun\/#breadcrumb"},"inLanguage":"","potentialAction":[{"@type":"ReadAction","target":["https:\/\/galeriamiejska.pl\/en\/agnieszka-ewa-braun\/"]}]},{"@type":"BreadcrumbList","@id":"https:\/\/galeriamiejska.pl\/en\/agnieszka-ewa-braun\/#breadcrumb","itemListElement":[{"@type":"ListItem","position":1,"name":"Strona g\u0142\u00f3wna","item":"https:\/\/galeriamiejska.pl\/en\/"},{"@type":"ListItem","position":2,"name":"Agnieszka Ewa Braun"}]},{"@type":"Person","@id":"https:\/\/galeriamiejska.pl\/en\/#\/schema\/person\/cd4f04b0a13c9114f95e23b489b6f9cb","name":"admin","image":{"@type":"ImageObject","@id":"https:\/\/galeriamiejska.pl\/en\/#personlogo","inLanguage":"","url":"https:\/\/secure.gravatar.com\/avatar\/3ded5a36984f92b80e2d99cc96780fe89cd37f7fd652108d182620efbb1566fd?s=96&d=mm&r=g","contentUrl":"https:\/\/secure.gravatar.com\/avatar\/3ded5a36984f92b80e2d99cc96780fe89cd37f7fd652108d182620efbb1566fd?s=96&d=mm&r=g","caption":"admin"},"sameAs":["http:\/\/galeriamiejska.pl"],"url":"https:\/\/galeriamiejska.pl\/en\/author\/admin\/"}]}},"_links":{"self":[{"href":"https:\/\/galeriamiejska.pl\/en\/wp-json\/wp\/v2\/posts\/395","targetHints":{"allow":["GET"]}}],"collection":[{"href":"https:\/\/galeriamiejska.pl\/en\/wp-json\/wp\/v2\/posts"}],"about":[{"href":"https:\/\/galeriamiejska.pl\/en\/wp-json\/wp\/v2\/types\/post"}],"author":[{"embeddable":true,"href":"https:\/\/galeriamiejska.pl\/en\/wp-json\/wp\/v2\/users\/1"}],"replies":[{"embeddable":true,"href":"https:\/\/galeriamiejska.pl\/en\/wp-json\/wp\/v2\/comments?post=395"}],"version-history":[{"count":3,"href":"https:\/\/galeriamiejska.pl\/en\/wp-json\/wp\/v2\/posts\/395\/revisions"}],"predecessor-version":[{"id":3184,"href":"https:\/\/galeriamiejska.pl\/en\/wp-json\/wp\/v2\/posts\/395\/revisions\/3184"}],"wp:featuredmedia":[{"embeddable":true,"href":"https:\/\/galeriamiejska.pl\/en\/wp-json\/wp\/v2\/media\/401"}],"wp:attachment":[{"href":"https:\/\/galeriamiejska.pl\/en\/wp-json\/wp\/v2\/media?parent=395"}],"wp:term":[{"taxonomy":"category","embeddable":true,"href":"https:\/\/galeriamiejska.pl\/en\/wp-json\/wp\/v2\/categories?post=395"},{"taxonomy":"post_tag","embeddable":true,"href":"https:\/\/galeriamiejska.pl\/en\/wp-json\/wp\/v2\/tags?post=395"}],"curies":[{"name":"wp","href":"https:\/\/api.w.org\/{rel}","templated":true}]}}