{"id":2883,"date":"2021-07-20T11:18:29","date_gmt":"2021-07-20T11:18:29","guid":{"rendered":"https:\/\/galeriamiejska.pl\/?p=2883"},"modified":"2021-07-20T14:34:21","modified_gmt":"2021-07-20T14:34:21","slug":"","status":"publish","type":"post","link":"https:\/\/galeriamiejska.pl\/en\/marian-bogusz-1920-1980-2\/","title":{"rendered":"","raw":""},"content":{"rendered":"","protected":false,"raw":""},"excerpt":{"rendered":"","protected":false,"raw":""},"author":1,"featured_media":2893,"comment_status":"open","ping_status":"open","sticky":false,"template":"","format":"standard","meta":{"_pl_post_content":"<!-- wp:paragraph -->\n<p><strong>Wydawca:<\/strong> Galeria Miejska we Wroc\u0142awiu<br><strong>Teksty:<\/strong> Miros\u0142aw Jasi\u0144ski, Katarzyna Zahorska<br><strong>Zdj\u0119cia:<\/strong> archiwum Muzeum Regionalnego w Pleszewie, archiwum Muzeum Okr\u0119gowego w Bydgoszczy<br><strong>Opracowanie graficzne:<\/strong> Artur Skowro\u0144ski<br><strong>T\u0142umaczenia i korekta: <\/strong>Joanna Hardukiewicz-Chojnowska, Marta Kaczmarek<br><strong>ISBN: <\/strong>978-83-956304-7-7<\/p>\n<!-- \/wp:paragraph -->\n\n<!-- wp:paragraph -->\n<p>Cena publikacji: 40 z\u0142<br>96 stron, 26,5\u00d720,5 cm, oprawa twarda<\/p>\n<!-- \/wp:paragraph -->\n\n<!-- wp:paragraph -->\n<p>Katalog do nabycia w\u00a0Galerii Miejskiej we Wroc\u0142awiu ul. Kie\u0142ba\u015bnicza 28.<br>Przyjmujemy r\u00f3wnie\u017c zam\u00f3wienia pod adresem biuro@galeriamiejska.pl<\/p>\n<!-- \/wp:paragraph -->\n\n<!-- wp:gallery {\"ids\":[2902,2904,2905,2906,2912],\"linkTo\":\"file\"} -->\n<figure class=\"wp-block-gallery columns-3 is-cropped\"><ul class=\"blocks-gallery-grid\"><li class=\"blocks-gallery-item\"><figure><a href=\"https:\/\/galeriamiejska.pl\/wp-content\/uploads\/2021\/07\/DSC5128-1-1024x683.jpg\"><img src=\"https:\/\/galeriamiejska.pl\/wp-content\/uploads\/2021\/07\/DSC5128-1-1024x683.jpg\" alt=\"\" data-id=\"2902\" data-link=\"https:\/\/galeriamiejska.pl\/marian-bogusz-1920-1980-2\/dsc5128-1\/\" class=\"wp-image-2902\"\/><\/a><figcaption class=\"blocks-gallery-item__caption\">Katalog wystawy Marian Bogusz\/ 1920-1980 - wn\u0119trze<\/figcaption><\/figure><\/li><li class=\"blocks-gallery-item\"><figure><a href=\"https:\/\/galeriamiejska.pl\/wp-content\/uploads\/2021\/07\/Katalog-Galeria-Miejska-fotoreprodukcje-2-1024x683.jpg\"><img src=\"https:\/\/galeriamiejska.pl\/wp-content\/uploads\/2021\/07\/Katalog-Galeria-Miejska-fotoreprodukcje-2-1024x683.jpg\" alt=\"\" data-id=\"2904\" data-link=\"https:\/\/galeriamiejska.pl\/marian-bogusz-1920-1980-2\/katalog-galeria-miejska-fotoreprodukcje-2\/\" class=\"wp-image-2904\"\/><\/a><figcaption class=\"blocks-gallery-item__caption\">Katalog wystawy Marian Bogusz\/ 1920-1980 - wn\u0119trze<\/figcaption><\/figure><\/li><li class=\"blocks-gallery-item\"><figure><a href=\"https:\/\/galeriamiejska.pl\/wp-content\/uploads\/2021\/07\/Katalog-Galeria-Miejska-fotoreprodukcje-1024x683.jpg\"><img src=\"https:\/\/galeriamiejska.pl\/wp-content\/uploads\/2021\/07\/Katalog-Galeria-Miejska-fotoreprodukcje-1024x683.jpg\" alt=\"\" data-id=\"2905\" data-link=\"https:\/\/galeriamiejska.pl\/marian-bogusz-1920-1980-2\/katalog-galeria-miejska-fotoreprodukcje\/\" class=\"wp-image-2905\"\/><\/a><figcaption class=\"blocks-gallery-item__caption\">Katalog wystawy Marian Bogusz\/ 1920-1980 - wn\u0119trze<\/figcaption><\/figure><\/li><li class=\"blocks-gallery-item\"><figure><a href=\"https:\/\/galeriamiejska.pl\/wp-content\/uploads\/2021\/07\/Katalog-Galeria-Miejska-1024x683.jpg\"><img src=\"https:\/\/galeriamiejska.pl\/wp-content\/uploads\/2021\/07\/Katalog-Galeria-Miejska-1024x683.jpg\" alt=\"\" data-id=\"2906\" data-link=\"https:\/\/galeriamiejska.pl\/marian-bogusz-1920-1980-2\/katalog-galeria-miejska\/\" class=\"wp-image-2906\"\/><\/a><figcaption class=\"blocks-gallery-item__caption\">Katalog wystawy Marian Bogusz\/ 1920-1980 - ok\u0142adka<\/figcaption><\/figure><\/li><li class=\"blocks-gallery-item\"><figure><a href=\"https:\/\/galeriamiejska.pl\/wp-content\/uploads\/2021\/07\/DSC5129-2-scaled.jpg\"><img src=\"https:\/\/galeriamiejska.pl\/wp-content\/uploads\/2021\/07\/DSC5129-2-1024x683.jpg\" alt=\"\" data-id=\"2912\" data-full-url=\"https:\/\/galeriamiejska.pl\/wp-content\/uploads\/2021\/07\/DSC5129-2-scaled.jpg\" data-link=\"https:\/\/galeriamiejska.pl\/marian-bogusz-1920-1980-2\/dsc5129-2\/\" class=\"wp-image-2912\"\/><\/a><figcaption class=\"blocks-gallery-item__caption\">Katalog wystawy Marian Bogusz\/ 1920-1980 - ok\u0142adka ty\u0142<\/figcaption><\/figure><\/li><\/ul><\/figure>\n<!-- \/wp:gallery -->","_pl_post_name":"marian-bogusz-1920-1980-2","_pl_post_excerpt":"katalog wystawy indywidualnej Mariana Bogusza","_pl_post_title":"Marian Bogusz\/ 1920-1980","_en_post_content":"","_en_post_name":"","_en_post_excerpt":"","_en_post_title":"","edit_language":"en","footnotes":""},"categories":[15,16],"tags":[],"class_list":["post-2883","post","type-post","status-publish","format-standard","has-post-thumbnail","hentry","category-sklep","category-wydawnictwa"],"yoast_head":"<!-- This site is optimized with the Yoast SEO plugin v16.8 - https:\/\/yoast.com\/wordpress\/plugins\/seo\/ -->\n<title>Marian Bogusz\/ 1920-1980 - Galeria Miejska we Wroc\u0142awiu<\/title>\n<meta name=\"robots\" content=\"index, follow, max-snippet:-1, max-image-preview:large, max-video-preview:-1\" \/>\n<link rel=\"canonical\" href=\"https:\/\/galeriamiejska.pl\/en\/marian-bogusz-1920-1980-2\/\" \/>\n<meta property=\"og:locale\" content=\"en_US\" \/>\n<meta property=\"og:type\" content=\"article\" \/>\n<meta property=\"og:title\" content=\"Marian Bogusz\/ 1920-1980 - Galeria Miejska we Wroc\u0142awiu\" \/>\n<meta property=\"og:description\" content=\"katalog wystawy indywidualnej Mariana Bogusza\" \/>\n<meta property=\"og:url\" content=\"https:\/\/galeriamiejska.pl\/en\/marian-bogusz-1920-1980-2\/\" \/>\n<meta property=\"og:site_name\" content=\"Galeria Miejska we Wroc\u0142awiu\" \/>\n<meta property=\"article:published_time\" content=\"2021-07-20T11:18:29+00:00\" \/>\n<meta property=\"article:modified_time\" content=\"2021-07-20T14:34:21+00:00\" \/>\n<meta property=\"og:image\" content=\"https:\/\/galeriamiejska.pl\/wp-content\/uploads\/2021\/07\/BOgusz-katalog-web-gm.jpg\" \/>\n\t<meta property=\"og:image:width\" content=\"640\" \/>\n\t<meta property=\"og:image:height\" content=\"340\" \/>\n<meta name=\"twitter:card\" content=\"summary_large_image\" \/>\n<meta name=\"twitter:label1\" content=\"Written by\" \/>\n\t<meta name=\"twitter:data1\" content=\"admin\" \/>\n\t<meta name=\"twitter:label2\" content=\"Est. reading time\" \/>\n\t<meta name=\"twitter:data2\" content=\"2 minutes\" \/>\n<script type=\"application\/ld+json\" class=\"yoast-schema-graph\">{\"@context\":\"https:\/\/schema.org\",\"@graph\":[{\"@type\":\"WebSite\",\"@id\":\"https:\/\/galeriamiejska.pl\/en\/#website\",\"url\":\"https:\/\/galeriamiejska.pl\/en\/\",\"name\":\"Galeria Miejska we Wroc\\u0142awiu\",\"description\":\"\",\"potentialAction\":[{\"@type\":\"SearchAction\",\"target\":{\"@type\":\"EntryPoint\",\"urlTemplate\":\"https:\/\/galeriamiejska.pl\/en\/?s={search_term_string}\"},\"query-input\":\"required name=search_term_string\"}],\"inLanguage\":\"\"},{\"@type\":\"ImageObject\",\"@id\":\"https:\/\/galeriamiejska.pl\/en\/marian-bogusz-1920-1980-2\/#primaryimage\",\"inLanguage\":\"\",\"url\":\"https:\/\/galeriamiejska.pl\/wp-content\/uploads\/2021\/07\/BOgusz-katalog-web-gm.jpg\",\"contentUrl\":\"https:\/\/galeriamiejska.pl\/wp-content\/uploads\/2021\/07\/BOgusz-katalog-web-gm.jpg\",\"width\":640,\"height\":340},{\"@type\":\"WebPage\",\"@id\":\"https:\/\/galeriamiejska.pl\/en\/marian-bogusz-1920-1980-2\/#webpage\",\"url\":\"https:\/\/galeriamiejska.pl\/en\/marian-bogusz-1920-1980-2\/\",\"name\":\"Marian Bogusz\/ 1920-1980 - Galeria Miejska we Wroc\\u0142awiu\",\"isPartOf\":{\"@id\":\"https:\/\/galeriamiejska.pl\/en\/#website\"},\"primaryImageOfPage\":{\"@id\":\"https:\/\/galeriamiejska.pl\/en\/marian-bogusz-1920-1980-2\/#primaryimage\"},\"datePublished\":\"2021-07-20T11:18:29+00:00\",\"dateModified\":\"2021-07-20T14:34:21+00:00\",\"author\":{\"@id\":\"https:\/\/galeriamiejska.pl\/en\/#\/schema\/person\/cd4f04b0a13c9114f95e23b489b6f9cb\"},\"breadcrumb\":{\"@id\":\"https:\/\/galeriamiejska.pl\/en\/marian-bogusz-1920-1980-2\/#breadcrumb\"},\"inLanguage\":\"\",\"potentialAction\":[{\"@type\":\"ReadAction\",\"target\":[\"https:\/\/galeriamiejska.pl\/en\/marian-bogusz-1920-1980-2\/\"]}]},{\"@type\":\"BreadcrumbList\",\"@id\":\"https:\/\/galeriamiejska.pl\/en\/marian-bogusz-1920-1980-2\/#breadcrumb\",\"itemListElement\":[{\"@type\":\"ListItem\",\"position\":1,\"name\":\"Strona g\\u0142\\u00f3wna\",\"item\":\"https:\/\/galeriamiejska.pl\/en\/\"},{\"@type\":\"ListItem\",\"position\":2,\"name\":\"Marian Bogusz\/ 1920-1980\"}]},{\"@type\":\"Person\",\"@id\":\"https:\/\/galeriamiejska.pl\/en\/#\/schema\/person\/cd4f04b0a13c9114f95e23b489b6f9cb\",\"name\":\"admin\",\"image\":{\"@type\":\"ImageObject\",\"@id\":\"https:\/\/galeriamiejska.pl\/en\/#personlogo\",\"inLanguage\":\"\",\"url\":\"https:\/\/secure.gravatar.com\/avatar\/3ded5a36984f92b80e2d99cc96780fe89cd37f7fd652108d182620efbb1566fd?s=96&d=mm&r=g\",\"contentUrl\":\"https:\/\/secure.gravatar.com\/avatar\/3ded5a36984f92b80e2d99cc96780fe89cd37f7fd652108d182620efbb1566fd?s=96&d=mm&r=g\",\"caption\":\"admin\"},\"sameAs\":[\"http:\/\/galeriamiejska.pl\"],\"url\":\"https:\/\/galeriamiejska.pl\/en\/author\/admin\/\"}]}<\/script>\n<!-- \/ Yoast SEO plugin. -->","yoast_head_json":{"title":"Marian Bogusz\/ 1920-1980 - Galeria Miejska we Wroc\u0142awiu","robots":{"index":"index","follow":"follow","max-snippet":"max-snippet:-1","max-image-preview":"max-image-preview:large","max-video-preview":"max-video-preview:-1"},"canonical":"https:\/\/galeriamiejska.pl\/en\/marian-bogusz-1920-1980-2\/","og_locale":"en_US","og_type":"article","og_title":"Marian Bogusz\/ 1920-1980 - Galeria Miejska we Wroc\u0142awiu","og_description":"katalog wystawy indywidualnej Mariana Bogusza","og_url":"https:\/\/galeriamiejska.pl\/en\/marian-bogusz-1920-1980-2\/","og_site_name":"Galeria Miejska we Wroc\u0142awiu","article_published_time":"2021-07-20T11:18:29+00:00","article_modified_time":"2021-07-20T14:34:21+00:00","og_image":[{"width":640,"height":340,"url":"https:\/\/galeriamiejska.pl\/wp-content\/uploads\/2021\/07\/BOgusz-katalog-web-gm.jpg","path":"\/autoinstalator\/wordpress\/wp-content\/uploads\/2021\/07\/BOgusz-katalog-web-gm.jpg","size":"full","id":2893,"alt":"","pixels":217600,"type":"image\/jpeg"}],"twitter_card":"summary_large_image","twitter_misc":{"Written by":"admin","Est. reading time":"2 minutes"},"schema":{"@context":"https:\/\/schema.org","@graph":[{"@type":"WebSite","@id":"https:\/\/galeriamiejska.pl\/en\/#website","url":"https:\/\/galeriamiejska.pl\/en\/","name":"Galeria Miejska we Wroc\u0142awiu","description":"","potentialAction":[{"@type":"SearchAction","target":{"@type":"EntryPoint","urlTemplate":"https:\/\/galeriamiejska.pl\/en\/?s={search_term_string}"},"query-input":"required name=search_term_string"}],"inLanguage":""},{"@type":"ImageObject","@id":"https:\/\/galeriamiejska.pl\/en\/marian-bogusz-1920-1980-2\/#primaryimage","inLanguage":"","url":"https:\/\/galeriamiejska.pl\/wp-content\/uploads\/2021\/07\/BOgusz-katalog-web-gm.jpg","contentUrl":"https:\/\/galeriamiejska.pl\/wp-content\/uploads\/2021\/07\/BOgusz-katalog-web-gm.jpg","width":640,"height":340},{"@type":"WebPage","@id":"https:\/\/galeriamiejska.pl\/en\/marian-bogusz-1920-1980-2\/#webpage","url":"https:\/\/galeriamiejska.pl\/en\/marian-bogusz-1920-1980-2\/","name":"Marian Bogusz\/ 1920-1980 - Galeria Miejska we Wroc\u0142awiu","isPartOf":{"@id":"https:\/\/galeriamiejska.pl\/en\/#website"},"primaryImageOfPage":{"@id":"https:\/\/galeriamiejska.pl\/en\/marian-bogusz-1920-1980-2\/#primaryimage"},"datePublished":"2021-07-20T11:18:29+00:00","dateModified":"2021-07-20T14:34:21+00:00","author":{"@id":"https:\/\/galeriamiejska.pl\/en\/#\/schema\/person\/cd4f04b0a13c9114f95e23b489b6f9cb"},"breadcrumb":{"@id":"https:\/\/galeriamiejska.pl\/en\/marian-bogusz-1920-1980-2\/#breadcrumb"},"inLanguage":"","potentialAction":[{"@type":"ReadAction","target":["https:\/\/galeriamiejska.pl\/en\/marian-bogusz-1920-1980-2\/"]}]},{"@type":"BreadcrumbList","@id":"https:\/\/galeriamiejska.pl\/en\/marian-bogusz-1920-1980-2\/#breadcrumb","itemListElement":[{"@type":"ListItem","position":1,"name":"Strona g\u0142\u00f3wna","item":"https:\/\/galeriamiejska.pl\/en\/"},{"@type":"ListItem","position":2,"name":"Marian Bogusz\/ 1920-1980"}]},{"@type":"Person","@id":"https:\/\/galeriamiejska.pl\/en\/#\/schema\/person\/cd4f04b0a13c9114f95e23b489b6f9cb","name":"admin","image":{"@type":"ImageObject","@id":"https:\/\/galeriamiejska.pl\/en\/#personlogo","inLanguage":"","url":"https:\/\/secure.gravatar.com\/avatar\/3ded5a36984f92b80e2d99cc96780fe89cd37f7fd652108d182620efbb1566fd?s=96&d=mm&r=g","contentUrl":"https:\/\/secure.gravatar.com\/avatar\/3ded5a36984f92b80e2d99cc96780fe89cd37f7fd652108d182620efbb1566fd?s=96&d=mm&r=g","caption":"admin"},"sameAs":["http:\/\/galeriamiejska.pl"],"url":"https:\/\/galeriamiejska.pl\/en\/author\/admin\/"}]}},"_links":{"self":[{"href":"https:\/\/galeriamiejska.pl\/en\/wp-json\/wp\/v2\/posts\/2883","targetHints":{"allow":["GET"]}}],"collection":[{"href":"https:\/\/galeriamiejska.pl\/en\/wp-json\/wp\/v2\/posts"}],"about":[{"href":"https:\/\/galeriamiejska.pl\/en\/wp-json\/wp\/v2\/types\/post"}],"author":[{"embeddable":true,"href":"https:\/\/galeriamiejska.pl\/en\/wp-json\/wp\/v2\/users\/1"}],"replies":[{"embeddable":true,"href":"https:\/\/galeriamiejska.pl\/en\/wp-json\/wp\/v2\/comments?post=2883"}],"version-history":[{"count":11,"href":"https:\/\/galeriamiejska.pl\/en\/wp-json\/wp\/v2\/posts\/2883\/revisions"}],"predecessor-version":[{"id":2916,"href":"https:\/\/galeriamiejska.pl\/en\/wp-json\/wp\/v2\/posts\/2883\/revisions\/2916"}],"wp:featuredmedia":[{"embeddable":true,"href":"https:\/\/galeriamiejska.pl\/en\/wp-json\/wp\/v2\/media\/2893"}],"wp:attachment":[{"href":"https:\/\/galeriamiejska.pl\/en\/wp-json\/wp\/v2\/media?parent=2883"}],"wp:term":[{"taxonomy":"category","embeddable":true,"href":"https:\/\/galeriamiejska.pl\/en\/wp-json\/wp\/v2\/categories?post=2883"},{"taxonomy":"post_tag","embeddable":true,"href":"https:\/\/galeriamiejska.pl\/en\/wp-json\/wp\/v2\/tags?post=2883"}],"curies":[{"name":"wp","href":"https:\/\/api.w.org\/{rel}","templated":true}]}}