{"id":26,"date":"2021-01-29T16:31:00","date_gmt":"2021-01-29T16:31:00","guid":{"rendered":"http:\/\/galeriamiejska.pl\/?p=26"},"modified":"2021-09-13T10:30:35","modified_gmt":"2021-09-13T10:30:35","slug":"","status":"publish","type":"post","link":"https:\/\/galeriamiejska.pl\/en\/zycie-wystawa-w-przestrzeni-wirtualnej\/","title":{"rendered":"LIFE - exhibition in virtual space","raw":"LIFE - exhibition in virtual space"},"content":{"rendered":"\n<p>The exhibition entitled &#8220;Life&#8221; is a presentation of paintings and objects by Polish artists in the form of a virtual walk through the interiors inspired by the exhibition space of the City Gallery in Wroc\u0142aw.<br><br><\/p>\n\n\n\n<figure class=\"wp-block-embed is-type-video is-provider-youtube wp-block-embed-youtube wp-embed-aspect-16-9 wp-has-aspect-ratio\"><div class=\"wp-block-embed__wrapper\">\n<iframe loading=\"lazy\" title=\"\u017bYCIE - wystawa w przestrzeni wirtualnej\" width=\"500\" height=\"281\" src=\"https:\/\/www.youtube.com\/embed\/XPlRktneg1A?feature=oembed\" frameborder=\"0\" allow=\"accelerometer; autoplay; clipboard-write; encrypted-media; gyroscope; picture-in-picture; web-share\" referrerpolicy=\"strict-origin-when-cross-origin\" allowfullscreen><\/iframe>\n<\/div><\/figure>\n\n\n\n<p><br><br>The idea of \u200b\u200bthe exhibition refers to life as the most universal value. Existence is a phenomenon that does not have a time frame, and is understood as the infinity of a certain process, it is the most affirmative attitude of our consciousness.<br><br>The idea of \u200b\u200bthe exhibition refers to life as the most universal value. Existence is a phenomenon that does not have a time frame, and is understood as the infinity of a certain process, it is the most affirmative attitude of our consciousness.<br><strong><br>The premiere of the exhibition will take place on December 18, 2020 at 18:18 at <br><a href=\"https:\/\/life2020.pl\/\">WWW.LIFE2020.PL<\/a><\/strong><br><br><\/p>\n\n\n\n<p>Artists of the exhibition:<br>KIEJSTUT BERE\u0179NICKI<br>JULIA CURY\u0141O<br>JAN DOBKOWSKI<br>\u0141UKASZ HUCULAK<br>ZDZIS\u0141AW NITKA<br>ARTUR PRZBINDOWSKI<br>KRZYSZTOF SKARBEK<br>THESEUS<br><\/p>\n\n\n\n<p>Authors of the virtual walk: Arkadiusz Rodziewicz, Pawe\u0142 Skuza<br>Authors of the project concept: Szymon Parafiniak, Artur Przebindowski<br>Film and photo production: Jacek \u015aliwczy\u0144ski<\/p>\n\n\n\n<p><strong>WATCH THE EXHIBITION:<\/strong><\/p>\n\n\n\n<iframe loading=\"lazy\" style=\"width: 600px; height: 350px; overflow: hidden;\" src=\"https:\/\/kuula.co\/share\/collection\/7P35T?fs=1&amp;vr=1&amp;initload=0&amp;thumbs=1&amp;margin=3&amp;info=0&amp;logo=-1\" scrolling=\"no\" width=\"600\" height=\"350\">Iframes not supported<\/iframe>\n\n\n\n<p><br><br>CLICK BELOW<br><a href=\"https:\/\/kuula.co\/share\/collection\/7P35T?fs=1&amp;vr=1&amp;initload=0&amp;thumbs=1&amp;margin=3&amp;info=0&amp;logo=-1\">View the exhibition on the big screen<\/a><\/p>\n","protected":false,"raw":"<!-- wp:paragraph -->\n<p>The exhibition entitled \"Life\" is a presentation of paintings and objects by Polish artists in the form of a virtual walk through the interiors inspired by the exhibition space of the City Gallery in Wroc\u0142aw.<br><br><\/p>\n<!-- \/wp:paragraph -->\n\n<!-- wp:embed {\"url\":\"https:\/\/youtu.be\/XPlRktneg1A\",\"type\":\"video\",\"providerNameSlug\":\"youtube\",\"responsive\":true,\"className\":\"wp-embed-aspect-16-9 wp-has-aspect-ratio\"} -->\n<figure class=\"wp-block-embed is-type-video is-provider-youtube wp-block-embed-youtube wp-embed-aspect-16-9 wp-has-aspect-ratio\"><div class=\"wp-block-embed__wrapper\">\nhttps:\/\/youtu.be\/XPlRktneg1A\n<\/div><\/figure>\n<!-- \/wp:embed -->\n\n<!-- wp:paragraph -->\n<p><br><br>The idea of \u200b\u200bthe exhibition refers to life as the most universal value. Existence is a phenomenon that does not have a time frame, and is understood as the infinity of a certain process, it is the most affirmative attitude of our consciousness.<br><br>The idea of \u200b\u200bthe exhibition refers to life as the most universal value. Existence is a phenomenon that does not have a time frame, and is understood as the infinity of a certain process, it is the most affirmative attitude of our consciousness.<br><strong><br>The premiere of the exhibition will take place on December 18, 2020 at 18:18 at <br><a href=\"https:\/\/life2020.pl\/\">WWW.LIFE2020.PL<\/a><\/strong><br><br><\/p>\n<!-- \/wp:paragraph -->\n\n<!-- wp:paragraph -->\n<p>Artists of the exhibition:<br>KIEJSTUT BERE\u0179NICKI<br>JULIA CURY\u0141O<br>JAN DOBKOWSKI<br>\u0141UKASZ HUCULAK<br>ZDZIS\u0141AW NITKA<br>ARTUR PRZBINDOWSKI<br>KRZYSZTOF SKARBEK<br>THESEUS<br><\/p>\n<!-- \/wp:paragraph -->\n\n<!-- wp:paragraph -->\n<p>Authors of the virtual walk: Arkadiusz Rodziewicz, Pawe\u0142 Skuza<br>Authors of the project concept: Szymon Parafiniak, Artur Przebindowski<br>Film and photo production: Jacek \u015aliwczy\u0144ski<\/p>\n<!-- \/wp:paragraph -->\n\n<!-- wp:paragraph -->\n<p><strong>WATCH THE EXHIBITION:<\/strong><\/p>\n<!-- \/wp:paragraph -->\n\n<!-- wp:html -->\n<iframe style=\"width: 600px; height: 350px; overflow: hidden;\" src=\"https:\/\/kuula.co\/share\/collection\/7P35T?fs=1&amp;vr=1&amp;initload=0&amp;thumbs=1&amp;margin=3&amp;info=0&amp;logo=-1\" scrolling=\"no\" width=\"600\" height=\"350\">Iframes not supported<\/iframe>\n<!-- \/wp:html -->\n\n<!-- wp:paragraph -->\n<p><br><br>CLICK BELOW<br><a href=\"https:\/\/kuula.co\/share\/collection\/7P35T?fs=1&amp;vr=1&amp;initload=0&amp;thumbs=1&amp;margin=3&amp;info=0&amp;logo=-1\">View the exhibition on the big screen<\/a><\/p>\n<!-- \/wp:paragraph -->"},"excerpt":{"rendered":"<p>premiere of the exhibition on December 18, 2020 at 18:18<\/p>\n","protected":false,"raw":"premiere of the exhibition on December 18, 2020 at 18:18"},"author":1,"featured_media":27,"comment_status":"open","ping_status":"open","sticky":false,"template":"","format":"standard","meta":{"_pl_post_content":"<!-- wp:paragraph -->\n<p>Wystawa pod tytu\u0142em \u201e\u017bycie\u201d to prezentacja malarstwa i&nbsp;obiekt\u00f3w polskich artyst\u00f3w w&nbsp;formie wirtualnego spaceru po wn\u0119trzach inspirowanych przestrzeni\u0105 ekspozycyjn\u0105 Galerii Miejskiej we Wroc\u0142awiu.<br><br><\/p>\n<!-- \/wp:paragraph -->\n\n<!-- wp:embed {\"url\":\"https:\/\/youtu.be\/XPlRktneg1A\",\"type\":\"video\",\"providerNameSlug\":\"youtube\",\"responsive\":true,\"className\":\"wp-embed-aspect-16-9 wp-has-aspect-ratio\"} -->\n<figure class=\"wp-block-embed is-type-video is-provider-youtube wp-block-embed-youtube wp-embed-aspect-16-9 wp-has-aspect-ratio\"><div class=\"wp-block-embed__wrapper\">\nhttps:\/\/youtu.be\/XPlRktneg1A\n<\/div><\/figure>\n<!-- \/wp:embed -->\n\n<!-- wp:paragraph -->\n<p><br><br>Idea wystawy odnosi si\u0119 do \u017cycia jako najbardziej uniwersalnej warto\u015bci. Istnienie, to zjawisko, kt\u00f3re nie ma ram czasowych, a&nbsp;rozumiane jest jako niesko\u0144czono\u015b\u0107 pewnego procesu, stanowi najbardziej afirmatywn\u0105 postaw\u0119 naszej \u015bwiadomo\u015bci.<br><br>Koncepcja projektu \u201e\u017bycie\u201d, to prezentacja, kt\u00f3ra w&nbsp;swoim za\u0142o\u017ceniu akcentuje t\u0119 warto\u015b\u0107, stwarza przestrze\u0144, swoist\u0105 enklaw\u0119 antidotum na NIEOSWOJON\u0104 TERA\u0179NIEJSZO\u015a\u0106. Do wystawy zaproszono o\u015bmiu tw\u00f3rc\u00f3w, kt\u00f3rzy w&nbsp;bardzo sugestywny spos\u00f3b dotykaj\u0105 duchowego wymiaru zjawiska, jakim jest \u017cycie. Dodatkowy kontekst stanowi odwo\u0142anie do numerologicznych \u00f3semek wsp\u00f3\u0142autor\u00f3w koncepcji wystawy (Szymon Parafiniak i&nbsp;Artur Przebindowski), a&nbsp;tak\u017ce symboliki - w&nbsp;numerologii oktet jest cyfr\u0105 o&nbsp;najwy\u017cszej wibracji. W&nbsp;swoim graficznym zapisie nawi\u0105zuje do znaku niesko\u0144czono\u015bci.<br><strong><br>Premiera wystawy odb\u0119dzie si\u0119 18 grudnia 2020 o&nbsp;godzinie 18:18 na stronie<br><a href=\"https:\/\/life2020.pl\/\">WWW.LIFE2020.PL<\/a><\/strong><br><br>Arty\u015bci wystawy:<br>KIEJSTUT BERE\u0179NICKI<br>JULIA CURY\u0141O<br>JAN DOBKOWSKI<br>\u0141UKASZ HUCULAK<br>ZDZIS\u0141AW NITKA<br>ARTUR PRZEBINDOWSKI<br>KRZYSZTOF SKARBEK<br>THESEUS<br><br>Autorzy wirtualnego spaceru: Arkadiusz Rodziewicz, Pawe\u0142 Skuza<br>Autorzy koncepcji projektu: Szymon Parafiniak, Artur Przebindowski<br>Realizacja film\u00f3w i&nbsp;zdj\u0119\u0107: Jacek \u015aliwczy\u0144ski<br><br><strong>OBEJRZYJ WYSTAW\u0118:<\/strong><br><\/p>\n<!-- \/wp:paragraph -->\n\n<!-- wp:html -->\n<iframe style=\"width: 600px; height: 350px; overflow: hidden;\" src=\"https:\/\/kuula.co\/share\/collection\/7P35T?fs=1&amp;vr=1&amp;initload=0&amp;thumbs=1&amp;margin=3&amp;info=0&amp;logo=-1\" scrolling=\"no\" width=\"600\" height=\"350\">Iframes not supported<\/iframe>\n<!-- \/wp:html -->\n\n<!-- wp:paragraph -->\n<p><br><br>KLIKNIJ PONI\u017bEJ<br><a href=\"https:\/\/kuula.co\/share\/collection\/7P35T?fs=1&amp;vr=1&amp;initload=0&amp;thumbs=1&amp;margin=3&amp;info=0&amp;logo=-1\">Obejrzyj wystaw\u0119 na du\u017cym ekranie<\/a><\/p>\n<!-- \/wp:paragraph -->","_pl_post_name":"zycie-wystawa-w-przestrzeni-wirtualnej","_pl_post_excerpt":"premiera wystawy 18.12.2020 o godzinie 18:18\n","_pl_post_title":"\u017bYCIE - wystawa w  przestrzeni wirtualnej","_en_post_content":"<!-- wp:paragraph -->\n<p>The exhibition entitled \"Life\" is a presentation of paintings and objects by Polish artists in the form of a virtual walk through the interiors inspired by the exhibition space of the City Gallery in Wroc\u0142aw.<br><br><\/p>\n<!-- \/wp:paragraph -->\n\n<!-- wp:embed {\"url\":\"https:\/\/youtu.be\/XPlRktneg1A\",\"type\":\"video\",\"providerNameSlug\":\"youtube\",\"responsive\":true,\"className\":\"wp-embed-aspect-16-9 wp-has-aspect-ratio\"} -->\n<figure class=\"wp-block-embed is-type-video is-provider-youtube wp-block-embed-youtube wp-embed-aspect-16-9 wp-has-aspect-ratio\"><div class=\"wp-block-embed__wrapper\">\nhttps:\/\/youtu.be\/XPlRktneg1A\n<\/div><\/figure>\n<!-- \/wp:embed -->\n\n<!-- wp:paragraph -->\n<p><br><br>The idea of \u200b\u200bthe exhibition refers to life as the most universal value. Existence is a phenomenon that does not have a time frame, and is understood as the infinity of a certain process, it is the most affirmative attitude of our consciousness.<br><br>The idea of \u200b\u200bthe exhibition refers to life as the most universal value. Existence is a phenomenon that does not have a time frame, and is understood as the infinity of a certain process, it is the most affirmative attitude of our consciousness.<br><strong><br>The premiere of the exhibition will take place on December 18, 2020 at 18:18 at <br><a href=\"https:\/\/life2020.pl\/\">WWW.LIFE2020.PL<\/a><\/strong><br><br><\/p>\n<!-- \/wp:paragraph -->\n\n<!-- wp:paragraph -->\n<p>Artists of the exhibition:<br>KIEJSTUT BERE\u0179NICKI<br>JULIA CURY\u0141O<br>JAN DOBKOWSKI<br>\u0141UKASZ HUCULAK<br>ZDZIS\u0141AW NITKA<br>ARTUR PRZBINDOWSKI<br>KRZYSZTOF SKARBEK<br>THESEUS<br><\/p>\n<!-- \/wp:paragraph -->\n\n<!-- wp:paragraph -->\n<p>Authors of the virtual walk: Arkadiusz Rodziewicz, Pawe\u0142 Skuza<br>Authors of the project concept: Szymon Parafiniak, Artur Przebindowski<br>Film and photo production: Jacek \u015aliwczy\u0144ski<\/p>\n<!-- \/wp:paragraph -->\n\n<!-- wp:paragraph -->\n<p><strong>WATCH THE EXHIBITION:<\/strong><\/p>\n<!-- \/wp:paragraph -->\n\n<!-- wp:html -->\n<iframe style=\"width: 600px; height: 350px; overflow: hidden;\" src=\"https:\/\/kuula.co\/share\/collection\/7P35T?fs=1&amp;vr=1&amp;initload=0&amp;thumbs=1&amp;margin=3&amp;info=0&amp;logo=-1\" scrolling=\"no\" width=\"600\" height=\"350\">Iframes not supported<\/iframe>\n<!-- \/wp:html -->\n\n<!-- wp:paragraph -->\n<p><br><br>CLICK BELOW<br><a href=\"https:\/\/kuula.co\/share\/collection\/7P35T?fs=1&amp;vr=1&amp;initload=0&amp;thumbs=1&amp;margin=3&amp;info=0&amp;logo=-1\">View the exhibition on the big screen<\/a><\/p>\n<!-- \/wp:paragraph -->","_en_post_name":"","_en_post_excerpt":"premiere of the exhibition on December 18, 2020 at 18:18","_en_post_title":"LIFE - exhibition in virtual space","edit_language":"en","footnotes":""},"categories":[10,8],"tags":[],"class_list":["post-26","post","type-post","status-publish","format-standard","has-post-thumbnail","hentry","category-archiwalne-wydarzenia","category-wydarzenia"],"yoast_head":"<!-- This site is optimized with the Yoast SEO plugin v16.8 - https:\/\/yoast.com\/wordpress\/plugins\/seo\/ -->\n<title>\u017bYCIE - wystawa w przestrzeni wirtualnej - Galeria Miejska we Wroc\u0142awiu<\/title>\n<meta name=\"robots\" content=\"index, follow, max-snippet:-1, max-image-preview:large, max-video-preview:-1\" \/>\n<link rel=\"canonical\" href=\"https:\/\/galeriamiejska.pl\/en\/zycie-wystawa-w-przestrzeni-wirtualnej\/\" \/>\n<meta property=\"og:locale\" content=\"en_US\" \/>\n<meta property=\"og:type\" content=\"article\" \/>\n<meta property=\"og:title\" content=\"\u017bYCIE - wystawa w przestrzeni wirtualnej - Galeria Miejska we Wroc\u0142awiu\" \/>\n<meta property=\"og:description\" content=\"premiera wystawy 18.12.2020 o godzinie 18:18\" \/>\n<meta property=\"og:url\" content=\"https:\/\/galeriamiejska.pl\/en\/zycie-wystawa-w-przestrzeni-wirtualnej\/\" \/>\n<meta property=\"og:site_name\" content=\"Galeria Miejska we Wroc\u0142awiu\" \/>\n<meta property=\"article:published_time\" content=\"2021-01-29T16:31:00+00:00\" \/>\n<meta property=\"article:modified_time\" content=\"2021-09-13T10:30:35+00:00\" \/>\n<meta property=\"og:image\" content=\"https:\/\/galeriamiejska.pl\/wp-content\/uploads\/2020\/12\/855_zycie-wystawa-w-przestrzeni-wirtualnej.jpg\" \/>\n\t<meta property=\"og:image:width\" content=\"640\" \/>\n\t<meta property=\"og:image:height\" content=\"340\" \/>\n<meta name=\"twitter:card\" content=\"summary_large_image\" \/>\n<meta name=\"twitter:label1\" content=\"Written by\" \/>\n\t<meta name=\"twitter:data1\" content=\"admin\" \/>\n\t<meta name=\"twitter:label2\" content=\"Est. reading time\" \/>\n\t<meta name=\"twitter:data2\" content=\"1 minute\" \/>\n<script type=\"application\/ld+json\" class=\"yoast-schema-graph\">{\"@context\":\"https:\/\/schema.org\",\"@graph\":[{\"@type\":\"WebSite\",\"@id\":\"https:\/\/galeriamiejska.pl\/en\/#website\",\"url\":\"https:\/\/galeriamiejska.pl\/en\/\",\"name\":\"Galeria Miejska we Wroc\\u0142awiu\",\"description\":\"\",\"potentialAction\":[{\"@type\":\"SearchAction\",\"target\":{\"@type\":\"EntryPoint\",\"urlTemplate\":\"https:\/\/galeriamiejska.pl\/en\/?s={search_term_string}\"},\"query-input\":\"required name=search_term_string\"}],\"inLanguage\":\"\"},{\"@type\":\"ImageObject\",\"@id\":\"https:\/\/galeriamiejska.pl\/en\/zycie-wystawa-w-przestrzeni-wirtualnej\/#primaryimage\",\"inLanguage\":\"\",\"url\":\"https:\/\/galeriamiejska.pl\/wp-content\/uploads\/2020\/12\/855_zycie-wystawa-w-przestrzeni-wirtualnej.jpg\",\"contentUrl\":\"https:\/\/galeriamiejska.pl\/wp-content\/uploads\/2020\/12\/855_zycie-wystawa-w-przestrzeni-wirtualnej.jpg\",\"width\":640,\"height\":340},{\"@type\":\"WebPage\",\"@id\":\"https:\/\/galeriamiejska.pl\/en\/zycie-wystawa-w-przestrzeni-wirtualnej\/#webpage\",\"url\":\"https:\/\/galeriamiejska.pl\/en\/zycie-wystawa-w-przestrzeni-wirtualnej\/\",\"name\":\"\\u017bYCIE - wystawa w przestrzeni wirtualnej - Galeria Miejska we Wroc\\u0142awiu\",\"isPartOf\":{\"@id\":\"https:\/\/galeriamiejska.pl\/en\/#website\"},\"primaryImageOfPage\":{\"@id\":\"https:\/\/galeriamiejska.pl\/en\/zycie-wystawa-w-przestrzeni-wirtualnej\/#primaryimage\"},\"datePublished\":\"2021-01-29T16:31:00+00:00\",\"dateModified\":\"2021-09-13T10:30:35+00:00\",\"author\":{\"@id\":\"https:\/\/galeriamiejska.pl\/en\/#\/schema\/person\/cd4f04b0a13c9114f95e23b489b6f9cb\"},\"breadcrumb\":{\"@id\":\"https:\/\/galeriamiejska.pl\/en\/zycie-wystawa-w-przestrzeni-wirtualnej\/#breadcrumb\"},\"inLanguage\":\"\",\"potentialAction\":[{\"@type\":\"ReadAction\",\"target\":[\"https:\/\/galeriamiejska.pl\/en\/zycie-wystawa-w-przestrzeni-wirtualnej\/\"]}]},{\"@type\":\"BreadcrumbList\",\"@id\":\"https:\/\/galeriamiejska.pl\/en\/zycie-wystawa-w-przestrzeni-wirtualnej\/#breadcrumb\",\"itemListElement\":[{\"@type\":\"ListItem\",\"position\":1,\"name\":\"Strona g\\u0142\\u00f3wna\",\"item\":\"https:\/\/galeriamiejska.pl\/en\/\"},{\"@type\":\"ListItem\",\"position\":2,\"name\":\"LIFE - exhibition in virtual space\"}]},{\"@type\":\"Person\",\"@id\":\"https:\/\/galeriamiejska.pl\/en\/#\/schema\/person\/cd4f04b0a13c9114f95e23b489b6f9cb\",\"name\":\"admin\",\"image\":{\"@type\":\"ImageObject\",\"@id\":\"https:\/\/galeriamiejska.pl\/en\/#personlogo\",\"inLanguage\":\"\",\"url\":\"https:\/\/secure.gravatar.com\/avatar\/3ded5a36984f92b80e2d99cc96780fe89cd37f7fd652108d182620efbb1566fd?s=96&d=mm&r=g\",\"contentUrl\":\"https:\/\/secure.gravatar.com\/avatar\/3ded5a36984f92b80e2d99cc96780fe89cd37f7fd652108d182620efbb1566fd?s=96&d=mm&r=g\",\"caption\":\"admin\"},\"sameAs\":[\"http:\/\/galeriamiejska.pl\"],\"url\":\"https:\/\/galeriamiejska.pl\/en\/author\/admin\/\"}]}<\/script>\n<!-- \/ Yoast SEO plugin. -->","yoast_head_json":{"title":"\u017bYCIE - wystawa w przestrzeni wirtualnej - Galeria Miejska we Wroc\u0142awiu","robots":{"index":"index","follow":"follow","max-snippet":"max-snippet:-1","max-image-preview":"max-image-preview:large","max-video-preview":"max-video-preview:-1"},"canonical":"https:\/\/galeriamiejska.pl\/en\/zycie-wystawa-w-przestrzeni-wirtualnej\/","og_locale":"en_US","og_type":"article","og_title":"\u017bYCIE - wystawa w przestrzeni wirtualnej - Galeria Miejska we Wroc\u0142awiu","og_description":"premiera wystawy 18.12.2020 o godzinie 18:18","og_url":"https:\/\/galeriamiejska.pl\/en\/zycie-wystawa-w-przestrzeni-wirtualnej\/","og_site_name":"Galeria Miejska we Wroc\u0142awiu","article_published_time":"2021-01-29T16:31:00+00:00","article_modified_time":"2021-09-13T10:30:35+00:00","og_image":[{"width":640,"height":340,"url":"https:\/\/galeriamiejska.pl\/wp-content\/uploads\/2020\/12\/855_zycie-wystawa-w-przestrzeni-wirtualnej.jpg","path":"\/autoinstalator\/wordpress\/wp-content\/uploads\/2020\/12\/855_zycie-wystawa-w-przestrzeni-wirtualnej.jpg","size":"full","id":27,"alt":"","pixels":217600,"type":"image\/jpeg"}],"twitter_card":"summary_large_image","twitter_misc":{"Written by":"admin","Est. reading time":"1 minute"},"schema":{"@context":"https:\/\/schema.org","@graph":[{"@type":"WebSite","@id":"https:\/\/galeriamiejska.pl\/en\/#website","url":"https:\/\/galeriamiejska.pl\/en\/","name":"Galeria Miejska we Wroc\u0142awiu","description":"","potentialAction":[{"@type":"SearchAction","target":{"@type":"EntryPoint","urlTemplate":"https:\/\/galeriamiejska.pl\/en\/?s={search_term_string}"},"query-input":"required name=search_term_string"}],"inLanguage":""},{"@type":"ImageObject","@id":"https:\/\/galeriamiejska.pl\/en\/zycie-wystawa-w-przestrzeni-wirtualnej\/#primaryimage","inLanguage":"","url":"https:\/\/galeriamiejska.pl\/wp-content\/uploads\/2020\/12\/855_zycie-wystawa-w-przestrzeni-wirtualnej.jpg","contentUrl":"https:\/\/galeriamiejska.pl\/wp-content\/uploads\/2020\/12\/855_zycie-wystawa-w-przestrzeni-wirtualnej.jpg","width":640,"height":340},{"@type":"WebPage","@id":"https:\/\/galeriamiejska.pl\/en\/zycie-wystawa-w-przestrzeni-wirtualnej\/#webpage","url":"https:\/\/galeriamiejska.pl\/en\/zycie-wystawa-w-przestrzeni-wirtualnej\/","name":"\u017bYCIE - wystawa w przestrzeni wirtualnej - Galeria Miejska we Wroc\u0142awiu","isPartOf":{"@id":"https:\/\/galeriamiejska.pl\/en\/#website"},"primaryImageOfPage":{"@id":"https:\/\/galeriamiejska.pl\/en\/zycie-wystawa-w-przestrzeni-wirtualnej\/#primaryimage"},"datePublished":"2021-01-29T16:31:00+00:00","dateModified":"2021-09-13T10:30:35+00:00","author":{"@id":"https:\/\/galeriamiejska.pl\/en\/#\/schema\/person\/cd4f04b0a13c9114f95e23b489b6f9cb"},"breadcrumb":{"@id":"https:\/\/galeriamiejska.pl\/en\/zycie-wystawa-w-przestrzeni-wirtualnej\/#breadcrumb"},"inLanguage":"","potentialAction":[{"@type":"ReadAction","target":["https:\/\/galeriamiejska.pl\/en\/zycie-wystawa-w-przestrzeni-wirtualnej\/"]}]},{"@type":"BreadcrumbList","@id":"https:\/\/galeriamiejska.pl\/en\/zycie-wystawa-w-przestrzeni-wirtualnej\/#breadcrumb","itemListElement":[{"@type":"ListItem","position":1,"name":"Strona g\u0142\u00f3wna","item":"https:\/\/galeriamiejska.pl\/en\/"},{"@type":"ListItem","position":2,"name":"LIFE - exhibition in virtual space"}]},{"@type":"Person","@id":"https:\/\/galeriamiejska.pl\/en\/#\/schema\/person\/cd4f04b0a13c9114f95e23b489b6f9cb","name":"admin","image":{"@type":"ImageObject","@id":"https:\/\/galeriamiejska.pl\/en\/#personlogo","inLanguage":"","url":"https:\/\/secure.gravatar.com\/avatar\/3ded5a36984f92b80e2d99cc96780fe89cd37f7fd652108d182620efbb1566fd?s=96&d=mm&r=g","contentUrl":"https:\/\/secure.gravatar.com\/avatar\/3ded5a36984f92b80e2d99cc96780fe89cd37f7fd652108d182620efbb1566fd?s=96&d=mm&r=g","caption":"admin"},"sameAs":["http:\/\/galeriamiejska.pl"],"url":"https:\/\/galeriamiejska.pl\/en\/author\/admin\/"}]}},"_links":{"self":[{"href":"https:\/\/galeriamiejska.pl\/en\/wp-json\/wp\/v2\/posts\/26","targetHints":{"allow":["GET"]}}],"collection":[{"href":"https:\/\/galeriamiejska.pl\/en\/wp-json\/wp\/v2\/posts"}],"about":[{"href":"https:\/\/galeriamiejska.pl\/en\/wp-json\/wp\/v2\/types\/post"}],"author":[{"embeddable":true,"href":"https:\/\/galeriamiejska.pl\/en\/wp-json\/wp\/v2\/users\/1"}],"replies":[{"embeddable":true,"href":"https:\/\/galeriamiejska.pl\/en\/wp-json\/wp\/v2\/comments?post=26"}],"version-history":[{"count":22,"href":"https:\/\/galeriamiejska.pl\/en\/wp-json\/wp\/v2\/posts\/26\/revisions"}],"predecessor-version":[{"id":3320,"href":"https:\/\/galeriamiejska.pl\/en\/wp-json\/wp\/v2\/posts\/26\/revisions\/3320"}],"wp:featuredmedia":[{"embeddable":true,"href":"https:\/\/galeriamiejska.pl\/en\/wp-json\/wp\/v2\/media\/27"}],"wp:attachment":[{"href":"https:\/\/galeriamiejska.pl\/en\/wp-json\/wp\/v2\/media?parent=26"}],"wp:term":[{"taxonomy":"category","embeddable":true,"href":"https:\/\/galeriamiejska.pl\/en\/wp-json\/wp\/v2\/categories?post=26"},{"taxonomy":"post_tag","embeddable":true,"href":"https:\/\/galeriamiejska.pl\/en\/wp-json\/wp\/v2\/tags?post=26"}],"curies":[{"name":"wp","href":"https:\/\/api.w.org\/{rel}","templated":true}]}}