{"id":233,"date":"2021-01-19T08:49:41","date_gmt":"2021-01-19T08:49:41","guid":{"rendered":"http:\/\/galeriamiejska.pl\/?p=233"},"modified":"2021-08-03T13:31:16","modified_gmt":"2021-08-03T13:31:16","slug":"","status":"publish","type":"post","link":"https:\/\/galeriamiejska.pl\/en\/eugeniusz-minciel\/","title":{"rendered":"","raw":""},"content":{"rendered":"<div id=\"gutenslider-lf0byjciq\" class=\"wp-block-eedee-block-gutenslider content-fixed alignnone arrow-style-1 arrow-position-sides arrow-mb-none arrows-lg arrows-md arrows-sm dot-style-1 dots-lg dots-md dots-sm dot-position-bottom is-position-center-center mb-none\" style=\"--gutenslider-min-height: 50vh;--gutenslider-arrow-size: 30px;--gutenslider-dot-size: 25px;--gutenslider-arrow-color: #ffffff;--gutenslider-dot-color: #ffffff;--gutenslider-padding-y-mobile: 40px;--gutenslider-padding-x-mobile: 40px;--gutenslider-padding-y-tablet: 40px;--gutenslider-padding-x-tablet: 40px;--gutenslider-padding-y-desktop: 40px;--gutenslider-padding-x-desktop: 40px;--gutenslider-bg-image: url();--gutenslider-min-height-md: 50vh;--gutenslider-min-height-sm: 50vh;--gutenslider-padding-x: 40px;--gutenslider-padding-x-md: 40px;--gutenslider-padding-x-sm: 20px;--gutenslider-padding-y: 40px;--gutenslider-padding-y-md: 40px;--gutenslider-padding-y-sm: 20px;--gutenslider-arrow-size-md: 30px;--gutenslider-arrow-size-sm: 30px;--gutenslider-dot-size-md: 25px;--gutenslider-dot-size-sm: 25px;--gutenslider-arrow-bg-color: transparent;--gutenslider-arrow-hover-color: #eeeeee;--gutenslider-arrow-bg-hover-color: transparent;--gutenslider-arrow-x-offset: 10px;--gutenslider-arrow-x-offset-md: 10px;--gutenslider-arrow-x-offset-sm: 10px;--gutenslider-arrow-y-offset: 0px;--gutenslider-arrow-y-offset-md: 0px;--gutenslider-arrow-y-offset-sm: 0px;--gutenslider-arrow-x-spacing: 0px;--gutenslider-dot-y-offset: 10px;--gutenslider-dot-y-offset-md: 10px;--gutenslider-dot-y-offset-sm: 10px;--gutenslider-margin-x: 0px;--gutenslider-margin-x-md: 0px;--gutenslider-margin-x-sm: 0px;--gutenslider-margin-y: 0px;--gutenslider-margin-y-md: 0px;--gutenslider-margin-y-sm: 0px;--gutenslider-divider-top: 60px;--gutenslider-divider-bottom: 60px;\" data-parallax-direction=\"down\" data-parallax-amount=\"1.3\"><div class=\"eedee-swiper-outer\"><div class=\"gutenslider-divider-top\" style=\"color:#fff; height:60px;\"><\/div><div class=\"swiper-container\" data-settings='{\"autoplay\":false,\"speed\":700,\"direction\":\"horizontal\",\"autoHeight\":false,\"loop\":true,\"centeredSlides\":true,\"spaceBetween\":0,\"slidesPerView\":1,\"slidesPerGroup\":1,\"effect\":\"slide\",\"coverflowEffect\":{\"rotate\":30,\"slideShadows\":false,\"depth\":100,\"stretch\":50,\"modifier\":1},\"fadeEffect\":{\"crossFade\":true},\"zoom\":false,\"navigation\":{\"nextEl\":\"#gutenslider-lf0byjciq .eedee-gutenslider-next\",\"prevEl\":\"#gutenslider-lf0byjciq .eedee-gutenslider-prev\"},\"pagination\":{\"type\":\"bullets\",\"clickable\":true,\"dynamicBullets\":false,\"el\":\"#gutenslider-lf0byjciq .eedee-gutenslider-pagination\"},\"pauseOnHover\":true,\"watchSlidesProgress\":true,\"watchSlidesVisibility\":true,\"settingsMd\":{\"autoHeight\":false,\"slidesPerView\":1,\"slidesPerGroup\":1,\"spaceBetween\":0},\"settingsLg\":{\"autoHeight\":true,\"slidesPerView\":1,\"slidesPerGroup\":1,\"spaceBetween\":0}}'><div class=\"swiper-wrapper\">\n<div class=\"swiper-slide wp-block-eedee-block-gutenslide is-position-center-center\" style=\"\"><div class=\"eedee-background-div\"><img loading=\"lazy\" decoding=\"async\" width=\"660\" height=\"598\" class=\"swiper-lazy wp-image-3004\" src=\"https:\/\/galeriamiejska.pl\/wp-content\/uploads\/2021\/01\/181_eugeniusz-minciel-read-people-of-minciel-destroyed-painting-1987-akryl-plotno-220-x-240-1.jpg\" alt=\"Przemys\u0142aw Tyszkiewicz, Chabrowy Ksi\u0119\u017cyc P\u00f3l Mrozowych, 2011, akwaforta akwatinta 67 x 94\" style=\"object-fit: cover; object-position: 50% 50%;\" srcset=\"https:\/\/galeriamiejska.pl\/wp-content\/uploads\/2021\/01\/181_eugeniusz-minciel-read-people-of-minciel-destroyed-painting-1987-akryl-plotno-220-x-240-1.jpg 660w, https:\/\/galeriamiejska.pl\/wp-content\/uploads\/2021\/01\/181_eugeniusz-minciel-read-people-of-minciel-destroyed-painting-1987-akryl-plotno-220-x-240-1-300x272.jpg 300w\" sizes=\"auto, (max-width: 660px) 100vw, 660px\" \/><div style=\"text-align:left;font-size:14px;color:#999;margin-top:5px;\"> Eugeniusz Minciel, Read People of Minciel destroyed painting, 1987, akryl, p\u0142\u00f3tno, 220 x 240  <\/div><div class=\"eedee-background-div__overlay\" style=\"opacity:1;\"><\/div><\/div><div class=\"slide-content\">\n\n<p class=\"has-text-align-center gutenslider-content-initial has-larger-font-size\"><\/p>\n\n<\/div><\/div>\n\n<div class=\"swiper-slide wp-block-eedee-block-gutenslide is-position-center-center\" style=\"\"><div class=\"eedee-background-div\"><img loading=\"lazy\" decoding=\"async\" width=\"660\" height=\"490\" class=\"swiper-lazy wp-image-3003\" src=\"https:\/\/galeriamiejska.pl\/wp-content\/uploads\/2021\/01\/181_eugeniusz-minciel-piec-palcow-tonie-2010-akryl-plotno-200-x-272.jpg\" alt=\"Przemys\u0142aw Tyszkiewicz, Chabrowy Ksi\u0119\u017cyc P\u00f3l Mrozowych, 2011, akwaforta akwatinta 67 x 94\" style=\"object-fit: cover; object-position: 50% 50%;\" srcset=\"https:\/\/galeriamiejska.pl\/wp-content\/uploads\/2021\/01\/181_eugeniusz-minciel-piec-palcow-tonie-2010-akryl-plotno-200-x-272.jpg 660w, https:\/\/galeriamiejska.pl\/wp-content\/uploads\/2021\/01\/181_eugeniusz-minciel-piec-palcow-tonie-2010-akryl-plotno-200-x-272-300x223.jpg 300w\" sizes=\"auto, (max-width: 660px) 100vw, 660px\" \/><div style=\"text-align:left;font-size:14px;color:#999;margin-top:5px;\"> Eugeniusz Minciel, Pi\u0119\u0107 palc\u00f3w tonie, 2010, akryl, p\u0142\u00f3tno, 200 x 272  <\/div><div class=\"eedee-background-div__overlay\" style=\"opacity:1;\"><\/div><\/div><div class=\"slide-content\">\n\n<p class=\"has-text-align-center gutenslider-content-initial has-larger-font-size\"><\/p>\n\n<\/div><\/div>\n\n<div class=\"swiper-slide wp-block-eedee-block-gutenslide is-position-center-center\" style=\"\"><div class=\"eedee-background-div\"><img loading=\"lazy\" decoding=\"async\" width=\"660\" height=\"393\" class=\"swiper-lazy wp-image-3002\" src=\"https:\/\/galeriamiejska.pl\/wp-content\/uploads\/2021\/01\/181_eugeniusz-minciel-oh-providence-1995-akryl-plotno-162-x-270-1.jpg\" alt=\"Przemys\u0142aw Tyszkiewicz, Chabrowy Ksi\u0119\u017cyc P\u00f3l Mrozowych, 2011, akwaforta akwatinta 67 x 94\" style=\"object-fit: cover; object-position: 50% 50%;\" srcset=\"https:\/\/galeriamiejska.pl\/wp-content\/uploads\/2021\/01\/181_eugeniusz-minciel-oh-providence-1995-akryl-plotno-162-x-270-1.jpg 660w, https:\/\/galeriamiejska.pl\/wp-content\/uploads\/2021\/01\/181_eugeniusz-minciel-oh-providence-1995-akryl-plotno-162-x-270-1-300x179.jpg 300w\" sizes=\"auto, (max-width: 660px) 100vw, 660px\" \/><div style=\"text-align:left;font-size:14px;color:#999;margin-top:5px;\"> Eugeniusz Minciel, Oh Providence, 1995, akryl, p\u0142\u00f3tno, 162 x 270  <\/div><div class=\"eedee-background-div__overlay\" style=\"opacity:1;\"><\/div><\/div><div class=\"slide-content\">\n\n<p class=\"has-text-align-center gutenslider-content-initial has-larger-font-size\"><\/p>\n\n<\/div><\/div>\n\n<div class=\"swiper-slide wp-block-eedee-block-gutenslide is-position-center-center\" style=\"\"><div class=\"eedee-background-div\"><img loading=\"lazy\" decoding=\"async\" width=\"589\" height=\"660\" class=\"swiper-lazy wp-image-3001\" src=\"https:\/\/galeriamiejska.pl\/wp-content\/uploads\/2021\/01\/181_eugeniusz-minciel-oh-miles-1988-akryl-plotno-150-x-145-1.jpg\" alt=\"Przemys\u0142aw Tyszkiewicz, Chabrowy Ksi\u0119\u017cyc P\u00f3l Mrozowych, 2011, akwaforta akwatinta 67 x 94\" style=\"object-fit: cover; object-position: 50% 50%;\" srcset=\"https:\/\/galeriamiejska.pl\/wp-content\/uploads\/2021\/01\/181_eugeniusz-minciel-oh-miles-1988-akryl-plotno-150-x-145-1.jpg 589w, https:\/\/galeriamiejska.pl\/wp-content\/uploads\/2021\/01\/181_eugeniusz-minciel-oh-miles-1988-akryl-plotno-150-x-145-1-268x300.jpg 268w\" sizes=\"auto, (max-width: 589px) 100vw, 589px\" \/><div style=\"text-align:left;font-size:14px;color:#999;margin-top:5px;\"> Eugeniusz Minciel, Oh Miles, 1988, akryl, p\u0142\u00f3tno, 150 x 145  <\/div><div class=\"eedee-background-div__overlay\" style=\"opacity:1;\"><\/div><\/div><div class=\"slide-content\">\n\n<p class=\"has-text-align-center gutenslider-content-initial has-larger-font-size\"><\/p>\n\n<\/div><\/div>\n\n<div class=\"swiper-slide wp-block-eedee-block-gutenslide is-position-center-center\" style=\"\"><div class=\"eedee-background-div\"><img loading=\"lazy\" decoding=\"async\" width=\"660\" height=\"395\" class=\"swiper-lazy wp-image-3000\" src=\"https:\/\/galeriamiejska.pl\/wp-content\/uploads\/2021\/01\/181_eugeniusz-minciel-kometa-2006-akryl-plotno-204-x-341-1.jpg\" alt=\"Przemys\u0142aw Tyszkiewicz, Chabrowy Ksi\u0119\u017cyc P\u00f3l Mrozowych, 2011, akwaforta akwatinta 67 x 94\" style=\"object-fit: cover; object-position: 50% 50%;\" srcset=\"https:\/\/galeriamiejska.pl\/wp-content\/uploads\/2021\/01\/181_eugeniusz-minciel-kometa-2006-akryl-plotno-204-x-341-1.jpg 660w, https:\/\/galeriamiejska.pl\/wp-content\/uploads\/2021\/01\/181_eugeniusz-minciel-kometa-2006-akryl-plotno-204-x-341-1-300x180.jpg 300w\" sizes=\"auto, (max-width: 660px) 100vw, 660px\" \/><div style=\"text-align:left;font-size:14px;color:#999;margin-top:5px;\"> Eugeniusz Minciel, Kometa, 2006, akryl, p\u0142\u00f3tno, 204 x 341  <\/div><div class=\"eedee-background-div__overlay\" style=\"opacity:1;\"><\/div><\/div><div class=\"slide-content\">\n\n<p class=\"has-text-align-center gutenslider-content-initial has-larger-font-size\"><\/p>\n\n<\/div><\/div>\n\n<div class=\"swiper-slide wp-block-eedee-block-gutenslide is-position-center-center\" style=\"\"><div class=\"eedee-background-div\"><img loading=\"lazy\" decoding=\"async\" width=\"660\" height=\"325\" class=\"swiper-lazy wp-image-2999\" src=\"https:\/\/galeriamiejska.pl\/wp-content\/uploads\/2021\/01\/181_eugeniusz-minciel-inter-dying-1988-akryl-plotno-200-x-400-1.jpg\" alt=\"Przemys\u0142aw Tyszkiewicz, Chabrowy Ksi\u0119\u017cyc P\u00f3l Mrozowych, 2011, akwaforta akwatinta 67 x 94\" style=\"object-fit: cover; object-position: 50% 50%;\" srcset=\"https:\/\/galeriamiejska.pl\/wp-content\/uploads\/2021\/01\/181_eugeniusz-minciel-inter-dying-1988-akryl-plotno-200-x-400-1.jpg 660w, https:\/\/galeriamiejska.pl\/wp-content\/uploads\/2021\/01\/181_eugeniusz-minciel-inter-dying-1988-akryl-plotno-200-x-400-1-300x148.jpg 300w\" sizes=\"auto, (max-width: 660px) 100vw, 660px\" \/><div style=\"text-align:left;font-size:14px;color:#999;margin-top:5px;\"> Eugeniusz Minciel, Inter-dying, 1988, akryl, p\u0142\u00f3tno, 200 x 400  <\/div><div class=\"eedee-background-div__overlay\" style=\"opacity:1;\"><\/div><\/div><div class=\"slide-content\">\n\n<p class=\"has-text-align-center gutenslider-content-initial has-larger-font-size\"><\/p>\n\n<\/div><\/div>\n\n<div class=\"swiper-slide wp-block-eedee-block-gutenslide is-position-center-center\" style=\"\"><div class=\"eedee-background-div\"><img loading=\"lazy\" decoding=\"async\" width=\"660\" height=\"490\" class=\"swiper-lazy wp-image-2998\" src=\"https:\/\/galeriamiejska.pl\/wp-content\/uploads\/2021\/01\/181_eugeniusz-minciel-bez-tytulu-2010-akryl-plotno-201-x-270.jpg\" alt=\"Przemys\u0142aw Tyszkiewicz, Chabrowy Ksi\u0119\u017cyc P\u00f3l Mrozowych, 2011, akwaforta akwatinta 67 x 94\" style=\"object-fit: cover; object-position: 50% 50%;\" srcset=\"https:\/\/galeriamiejska.pl\/wp-content\/uploads\/2021\/01\/181_eugeniusz-minciel-bez-tytulu-2010-akryl-plotno-201-x-270.jpg 660w, https:\/\/galeriamiejska.pl\/wp-content\/uploads\/2021\/01\/181_eugeniusz-minciel-bez-tytulu-2010-akryl-plotno-201-x-270-300x223.jpg 300w\" sizes=\"auto, (max-width: 660px) 100vw, 660px\" \/><div style=\"text-align:left;font-size:14px;color:#999;margin-top:5px;\"> Eugeniusz Minciel, Bez tytu\u0142u, 2010, akryl, p\u0142\u00f3tno, 201 x 270  <\/div><div class=\"eedee-background-div__overlay\" style=\"opacity:1;\"><\/div><\/div><div class=\"slide-content\">\n\n<p class=\"has-text-align-center gutenslider-content-initial has-larger-font-size\"><\/p>\n\n<\/div><\/div>\n\n<div class=\"swiper-slide wp-block-eedee-block-gutenslide is-position-center-center\" style=\"\"><div class=\"eedee-background-div\"><img loading=\"lazy\" decoding=\"async\" width=\"660\" height=\"660\" class=\"swiper-lazy wp-image-2997\" src=\"https:\/\/galeriamiejska.pl\/wp-content\/uploads\/2021\/01\/181_eugeniusz-minciel-bez-tytulu-2009-akryl-plotno-210-x-210.jpg\" alt=\"Przemys\u0142aw Tyszkiewicz, Chabrowy Ksi\u0119\u017cyc P\u00f3l Mrozowych, 2011, akwaforta akwatinta 67 x 94\" style=\"object-fit: cover; object-position: 50% 50%;\" srcset=\"https:\/\/galeriamiejska.pl\/wp-content\/uploads\/2021\/01\/181_eugeniusz-minciel-bez-tytulu-2009-akryl-plotno-210-x-210.jpg 660w, https:\/\/galeriamiejska.pl\/wp-content\/uploads\/2021\/01\/181_eugeniusz-minciel-bez-tytulu-2009-akryl-plotno-210-x-210-300x300.jpg 300w, https:\/\/galeriamiejska.pl\/wp-content\/uploads\/2021\/01\/181_eugeniusz-minciel-bez-tytulu-2009-akryl-plotno-210-x-210-400x400.jpg 400w\" sizes=\"auto, (max-width: 660px) 100vw, 660px\" \/><div style=\"text-align:left;font-size:14px;color:#999;margin-top:5px;\"> Eugeniusz Minciel, Bez tytu\u0142u, 2009, akryl, p\u0142\u00f3tno, 210 x 210  <\/div><div class=\"eedee-background-div__overlay\" style=\"opacity:1;\"><\/div><\/div><div class=\"slide-content\">\n\n<p class=\"has-text-align-center gutenslider-content-initial has-larger-font-size\"><\/p>\n\n<\/div><\/div>\n\n<div class=\"swiper-slide wp-block-eedee-block-gutenslide is-position-center-center\" style=\"\"><div class=\"eedee-background-div\"><img loading=\"lazy\" decoding=\"async\" width=\"660\" height=\"601\" class=\"swiper-lazy wp-image-2996\" src=\"https:\/\/galeriamiejska.pl\/wp-content\/uploads\/2021\/01\/181_eugeniusz-minciel-bez-tytulu-2008-akryl-plotno-200-x-220.jpg\" alt=\"Przemys\u0142aw Tyszkiewicz, Chabrowy Ksi\u0119\u017cyc P\u00f3l Mrozowych, 2011, akwaforta akwatinta 67 x 94\" style=\"object-fit: cover; object-position: 50% 50%;\" srcset=\"https:\/\/galeriamiejska.pl\/wp-content\/uploads\/2021\/01\/181_eugeniusz-minciel-bez-tytulu-2008-akryl-plotno-200-x-220.jpg 660w, https:\/\/galeriamiejska.pl\/wp-content\/uploads\/2021\/01\/181_eugeniusz-minciel-bez-tytulu-2008-akryl-plotno-200-x-220-300x273.jpg 300w\" sizes=\"auto, (max-width: 660px) 100vw, 660px\" \/><div style=\"text-align:left;font-size:14px;color:#999;margin-top:5px;\"> Eugeniusz Minciel, Bez tytu\u0142u, 2008, akryl, p\u0142\u00f3tno, 200 x 220  <\/div><div class=\"eedee-background-div__overlay\" style=\"opacity:1;\"><\/div><\/div><div class=\"slide-content\">\n\n<p class=\"has-text-align-center gutenslider-content-initial has-larger-font-size\"><\/p>\n\n<\/div><\/div>\n\n<div class=\"swiper-slide wp-block-eedee-block-gutenslide is-position-center-center\" style=\"\"><div class=\"eedee-background-div\"><img loading=\"lazy\" decoding=\"async\" width=\"618\" height=\"660\" class=\"swiper-lazy wp-image-2995\" src=\"https:\/\/galeriamiejska.pl\/wp-content\/uploads\/2021\/01\/181_eugeniusz-minciel-bez-tytulu-2007-akryl-plotno-220-x-206-1.jpg\" alt=\"Przemys\u0142aw Tyszkiewicz, Chabrowy Ksi\u0119\u017cyc P\u00f3l Mrozowych, 2011, akwaforta akwatinta 67 x 94\" style=\"object-fit: cover; object-position: 50% 50%;\" srcset=\"https:\/\/galeriamiejska.pl\/wp-content\/uploads\/2021\/01\/181_eugeniusz-minciel-bez-tytulu-2007-akryl-plotno-220-x-206-1.jpg 618w, https:\/\/galeriamiejska.pl\/wp-content\/uploads\/2021\/01\/181_eugeniusz-minciel-bez-tytulu-2007-akryl-plotno-220-x-206-1-281x300.jpg 281w\" sizes=\"auto, (max-width: 618px) 100vw, 618px\" \/><div style=\"text-align:left;font-size:14px;color:#999;margin-top:5px;\"> Eugeniusz Minciel, Bez tytu\u0142u, 2007, akryl, p\u0142\u00f3tno, 220 x 206  <\/div><div class=\"eedee-background-div__overlay\" style=\"opacity:1;\"><\/div><\/div><div class=\"slide-content\">\n\n<p class=\"has-text-align-center gutenslider-content-initial has-larger-font-size\"><\/p>\n\n<\/div><\/div>\n\n<div class=\"swiper-slide wp-block-eedee-block-gutenslide is-position-center-center\" style=\"\"><div class=\"eedee-background-div\"><img loading=\"lazy\" decoding=\"async\" width=\"480\" height=\"660\" class=\"swiper-lazy wp-image-2994\" src=\"https:\/\/galeriamiejska.pl\/wp-content\/uploads\/2021\/01\/181_eugeniusz-minciel-bez-tytulu2006-akryl-plotno-251-x-183-1.jpg\" alt=\"Przemys\u0142aw Tyszkiewicz, Chabrowy Ksi\u0119\u017cyc P\u00f3l Mrozowych, 2011, akwaforta akwatinta 67 x 94\" style=\"object-fit: cover; object-position: 50% 50%;\" srcset=\"https:\/\/galeriamiejska.pl\/wp-content\/uploads\/2021\/01\/181_eugeniusz-minciel-bez-tytulu2006-akryl-plotno-251-x-183-1.jpg 480w, https:\/\/galeriamiejska.pl\/wp-content\/uploads\/2021\/01\/181_eugeniusz-minciel-bez-tytulu2006-akryl-plotno-251-x-183-1-218x300.jpg 218w\" sizes=\"auto, (max-width: 480px) 100vw, 480px\" \/><div style=\"text-align:left;font-size:14px;color:#999;margin-top:5px;\"> Eugeniusz Minciel, Bez tytu\u0142u,2006, akryl, p\u0142\u00f3tno, 251 x 183  <\/div><div class=\"eedee-background-div__overlay\" style=\"opacity:1;\"><\/div><\/div><div class=\"slide-content\">\n\n<p class=\"has-text-align-center gutenslider-content-initial has-larger-font-size\"><\/p>\n\n<\/div><\/div>\n\n<div class=\"swiper-slide wp-block-eedee-block-gutenslide is-position-center-center\" style=\"\"><div class=\"eedee-background-div\"><img loading=\"lazy\" decoding=\"async\" width=\"660\" height=\"660\" class=\"swiper-lazy wp-image-2993\" src=\"https:\/\/galeriamiejska.pl\/wp-content\/uploads\/2021\/01\/181_eugeniusz-minciel-bez-tytulu-2004-technika-wlasna-plotno-210-x-210-1.jpg\" alt=\"Przemys\u0142aw Tyszkiewicz, Chabrowy Ksi\u0119\u017cyc P\u00f3l Mrozowych, 2011, akwaforta akwatinta 67 x 94\" style=\"object-fit: cover; object-position: 50% 50%;\" srcset=\"https:\/\/galeriamiejska.pl\/wp-content\/uploads\/2021\/01\/181_eugeniusz-minciel-bez-tytulu-2004-technika-wlasna-plotno-210-x-210-1.jpg 660w, https:\/\/galeriamiejska.pl\/wp-content\/uploads\/2021\/01\/181_eugeniusz-minciel-bez-tytulu-2004-technika-wlasna-plotno-210-x-210-1-300x300.jpg 300w, https:\/\/galeriamiejska.pl\/wp-content\/uploads\/2021\/01\/181_eugeniusz-minciel-bez-tytulu-2004-technika-wlasna-plotno-210-x-210-1-400x400.jpg 400w\" sizes=\"auto, (max-width: 660px) 100vw, 660px\" \/><div style=\"text-align:left;font-size:14px;color:#999;margin-top:5px;\"> Eugeniusz Minciel, Bez tytu\u0142u, 2004, technika w\u0142asna, p\u0142\u00f3tno, 210 x 210  <\/div><div class=\"eedee-background-div__overlay\" style=\"opacity:1;\"><\/div><\/div><div class=\"slide-content\">\n\n<p class=\"has-text-align-center gutenslider-content-initial has-larger-font-size\"><\/p>\n\n<\/div><\/div>\n\n<div class=\"swiper-slide wp-block-eedee-block-gutenslide is-position-center-center\" style=\"\"><div class=\"eedee-background-div\"><img loading=\"lazy\" decoding=\"async\" width=\"660\" height=\"468\" class=\"swiper-lazy wp-image-2992\" src=\"https:\/\/galeriamiejska.pl\/wp-content\/uploads\/2021\/01\/181_eugeniusz-minciel-5-dni-jonskich-1989-akryl-plotno-280-x-370-1.jpg\" alt=\"Przemys\u0142aw Tyszkiewicz, Chabrowy Ksi\u0119\u017cyc P\u00f3l Mrozowych, 2011, akwaforta akwatinta 67 x 94\" style=\"object-fit: cover; object-position: 50% 50%;\" srcset=\"https:\/\/galeriamiejska.pl\/wp-content\/uploads\/2021\/01\/181_eugeniusz-minciel-5-dni-jonskich-1989-akryl-plotno-280-x-370-1.jpg 660w, https:\/\/galeriamiejska.pl\/wp-content\/uploads\/2021\/01\/181_eugeniusz-minciel-5-dni-jonskich-1989-akryl-plotno-280-x-370-1-300x213.jpg 300w\" sizes=\"auto, (max-width: 660px) 100vw, 660px\" \/><div style=\"text-align:left;font-size:14px;color:#999;margin-top:5px;\"> Eugeniusz Minciel, 5 dni Jo\u0144skich, 1989, akryl, p\u0142\u00f3tno, 280 x 370  <\/div><div class=\"eedee-background-div__overlay\" style=\"opacity:1;\"><\/div><\/div><div class=\"slide-content\">\n\n<p class=\"has-text-align-center gutenslider-content-initial has-larger-font-size\"><\/p>\n\n<\/div><\/div>\n\n<div class=\"swiper-slide wp-block-eedee-block-gutenslide is-position-center-center\" style=\"\"><div class=\"eedee-background-div\"><img loading=\"lazy\" decoding=\"async\" width=\"586\" height=\"660\" class=\"swiper-lazy wp-image-2991\" src=\"https:\/\/galeriamiejska.pl\/wp-content\/uploads\/2021\/01\/181_eugeniusz-minciel-transfer-2008-akryl-plotno-210-x-187.jpg\" alt=\"Przemys\u0142aw Tyszkiewicz, Chabrowy Ksi\u0119\u017cyc P\u00f3l Mrozowych, 2011, akwaforta akwatinta 67 x 94\" style=\"object-fit: cover; object-position: 50% 50%;\" srcset=\"https:\/\/galeriamiejska.pl\/wp-content\/uploads\/2021\/01\/181_eugeniusz-minciel-transfer-2008-akryl-plotno-210-x-187.jpg 586w, https:\/\/galeriamiejska.pl\/wp-content\/uploads\/2021\/01\/181_eugeniusz-minciel-transfer-2008-akryl-plotno-210-x-187-266x300.jpg 266w\" sizes=\"auto, (max-width: 586px) 100vw, 586px\" \/><div style=\"text-align:left;font-size:14px;color:#999;margin-top:5px;\"> Eugeniusz Minciel, Transfer, 2008, akryl, p\u0142\u00f3tno, 210 x 187  <\/div><div class=\"eedee-background-div__overlay\" style=\"opacity:1;\"><\/div><\/div><div class=\"slide-content\">\n\n<p class=\"has-text-align-center gutenslider-content-initial has-larger-font-size\"><\/p>\n\n<\/div><\/div>\n\n<div class=\"swiper-slide wp-block-eedee-block-gutenslide is-position-center-center\" style=\"\"><div class=\"eedee-background-div\"><img loading=\"lazy\" decoding=\"async\" width=\"486\" height=\"660\" class=\"swiper-lazy wp-image-2990\" src=\"https:\/\/galeriamiejska.pl\/wp-content\/uploads\/2021\/01\/181_eugeniusz-minciel-the-surge-1983-akryl-plotno-190-x-140-1.jpg\" alt=\"Przemys\u0142aw Tyszkiewicz, Chabrowy Ksi\u0119\u017cyc P\u00f3l Mrozowych, 2011, akwaforta akwatinta 67 x 94\" style=\"object-fit: cover; object-position: 50% 50%;\" srcset=\"https:\/\/galeriamiejska.pl\/wp-content\/uploads\/2021\/01\/181_eugeniusz-minciel-the-surge-1983-akryl-plotno-190-x-140-1.jpg 486w, https:\/\/galeriamiejska.pl\/wp-content\/uploads\/2021\/01\/181_eugeniusz-minciel-the-surge-1983-akryl-plotno-190-x-140-1-221x300.jpg 221w\" sizes=\"auto, (max-width: 486px) 100vw, 486px\" \/><div style=\"text-align:left;font-size:14px;color:#999;margin-top:5px;\"> Eugeniusz Minciel, The surge, 1983, akryl, p\u0142\u00f3tno, 190 x 140  <\/div><div class=\"eedee-background-div__overlay\" style=\"opacity:1;\"><\/div><\/div><div class=\"slide-content\">\n\n<p class=\"has-text-align-center gutenslider-content-initial has-larger-font-size\"><\/p>\n\n<\/div><\/div>\n\n<div class=\"swiper-slide wp-block-eedee-block-gutenslide is-position-center-center\" style=\"\"><div class=\"eedee-background-div\"><img loading=\"lazy\" decoding=\"async\" width=\"470\" height=\"660\" class=\"swiper-lazy wp-image-2989\" src=\"https:\/\/galeriamiejska.pl\/wp-content\/uploads\/2021\/01\/181_eugeniusz-minciel-the-cup-and-hangover-1988-akryl-plotno200-x-145-1.jpg\" alt=\"Przemys\u0142aw Tyszkiewicz, Chabrowy Ksi\u0119\u017cyc P\u00f3l Mrozowych, 2011, akwaforta akwatinta 67 x 94\" style=\"object-fit: cover; object-position: 50% 50%;\" srcset=\"https:\/\/galeriamiejska.pl\/wp-content\/uploads\/2021\/01\/181_eugeniusz-minciel-the-cup-and-hangover-1988-akryl-plotno200-x-145-1.jpg 470w, https:\/\/galeriamiejska.pl\/wp-content\/uploads\/2021\/01\/181_eugeniusz-minciel-the-cup-and-hangover-1988-akryl-plotno200-x-145-1-214x300.jpg 214w\" sizes=\"auto, (max-width: 470px) 100vw, 470px\" \/><div style=\"text-align:left;font-size:14px;color:#999;margin-top:5px;\"> Eugeniusz Minciel, The Cup and Hangover, 1988, akryl, p\u0142\u00f3tno,200 x 145  <\/div><div class=\"eedee-background-div__overlay\" style=\"opacity:1;\"><\/div><\/div><div class=\"slide-content\">\n\n<p class=\"has-text-align-center gutenslider-content-initial has-larger-font-size\"><\/p>\n\n<\/div><\/div>\n\n<div class=\"swiper-slide wp-block-eedee-block-gutenslide is-position-center-center\" style=\"\"><div class=\"eedee-background-div\"><img loading=\"lazy\" decoding=\"async\" width=\"477\" height=\"660\" class=\"swiper-lazy wp-image-2988\" src=\"https:\/\/galeriamiejska.pl\/wp-content\/uploads\/2021\/01\/181_eugeniusz-minciel-the-burning-chair-1985-akryl-plotno-180-x-130-1.jpg\" alt=\"Przemys\u0142aw Tyszkiewicz, Chabrowy Ksi\u0119\u017cyc P\u00f3l Mrozowych, 2011, akwaforta akwatinta 67 x 94\" style=\"object-fit: cover; object-position: 50% 50%;\" srcset=\"https:\/\/galeriamiejska.pl\/wp-content\/uploads\/2021\/01\/181_eugeniusz-minciel-the-burning-chair-1985-akryl-plotno-180-x-130-1.jpg 477w, https:\/\/galeriamiejska.pl\/wp-content\/uploads\/2021\/01\/181_eugeniusz-minciel-the-burning-chair-1985-akryl-plotno-180-x-130-1-217x300.jpg 217w\" sizes=\"auto, (max-width: 477px) 100vw, 477px\" \/><div style=\"text-align:left;font-size:14px;color:#999;margin-top:5px;\"> Eugeniusz Minciel, The burning chair, 1985, akryl, p\u0142\u00f3tno, 180 x 130  <\/div><div class=\"eedee-background-div__overlay\" style=\"opacity:1;\"><\/div><\/div><div class=\"slide-content\">\n\n<p class=\"has-text-align-center gutenslider-content-initial has-larger-font-size\"><\/p>\n\n<\/div><\/div>\n\n<div class=\"swiper-slide wp-block-eedee-block-gutenslide is-position-center-center\" style=\"\"><div class=\"eedee-background-div\"><img loading=\"lazy\" decoding=\"async\" width=\"461\" height=\"660\" class=\"swiper-lazy wp-image-2987\" src=\"https:\/\/galeriamiejska.pl\/wp-content\/uploads\/2021\/01\/181_eugeniusz-minciel-self-immolation-1987-akryl-plotno-200-x-140-1.jpg\" alt=\"Przemys\u0142aw Tyszkiewicz, Chabrowy Ksi\u0119\u017cyc P\u00f3l Mrozowych, 2011, akwaforta akwatinta 67 x 94\" style=\"object-fit: cover; object-position: 50% 50%;\" srcset=\"https:\/\/galeriamiejska.pl\/wp-content\/uploads\/2021\/01\/181_eugeniusz-minciel-self-immolation-1987-akryl-plotno-200-x-140-1.jpg 461w, https:\/\/galeriamiejska.pl\/wp-content\/uploads\/2021\/01\/181_eugeniusz-minciel-self-immolation-1987-akryl-plotno-200-x-140-1-210x300.jpg 210w\" sizes=\"auto, (max-width: 461px) 100vw, 461px\" \/><div style=\"text-align:left;font-size:14px;color:#999;margin-top:5px;\"> Eugeniusz Minciel, Self-immolation, 1987, akryl, p\u0142\u00f3tno, 200 x 140  <\/div><div class=\"eedee-background-div__overlay\" style=\"opacity:1;\"><\/div><\/div><div class=\"slide-content\">\n\n<p class=\"has-text-align-center gutenslider-content-initial has-larger-font-size\"><\/p>\n\n<\/div><\/div>\n<\/div><\/div><div class=\"wp-block-eedee-gutenslider__content co-1\">\n<div class=\"swiper-slide wp-block-eedee-block-gutenslide is-position-center-center\" style=\"\"><div class=\"eedee-background-div\"><img loading=\"lazy\" decoding=\"async\" width=\"660\" height=\"598\" class=\"swiper-lazy wp-image-3004\" src=\"https:\/\/galeriamiejska.pl\/wp-content\/uploads\/2021\/01\/181_eugeniusz-minciel-read-people-of-minciel-destroyed-painting-1987-akryl-plotno-220-x-240-1.jpg\" alt=\"Przemys\u0142aw Tyszkiewicz, Chabrowy Ksi\u0119\u017cyc P\u00f3l Mrozowych, 2011, akwaforta akwatinta 67 x 94\" style=\"object-fit: cover; object-position: 50% 50%;\" srcset=\"https:\/\/galeriamiejska.pl\/wp-content\/uploads\/2021\/01\/181_eugeniusz-minciel-read-people-of-minciel-destroyed-painting-1987-akryl-plotno-220-x-240-1.jpg 660w, https:\/\/galeriamiejska.pl\/wp-content\/uploads\/2021\/01\/181_eugeniusz-minciel-read-people-of-minciel-destroyed-painting-1987-akryl-plotno-220-x-240-1-300x272.jpg 300w\" sizes=\"auto, (max-width: 660px) 100vw, 660px\" \/><div style=\"text-align:left;font-size:14px;color:#999;margin-top:5px;\"> Eugeniusz Minciel, Read People of Minciel destroyed painting, 1987, akryl, p\u0142\u00f3tno, 220 x 240  <\/div><div class=\"eedee-background-div__overlay\" style=\"opacity:1;\"><\/div><\/div><div class=\"slide-content\">\n\n<p class=\"has-text-align-center gutenslider-content-initial has-larger-font-size\"><\/p>\n\n<\/div><\/div>\n\n<div class=\"swiper-slide wp-block-eedee-block-gutenslide is-position-center-center\" style=\"\"><div class=\"eedee-background-div\"><img loading=\"lazy\" decoding=\"async\" width=\"660\" height=\"490\" class=\"swiper-lazy wp-image-3003\" src=\"https:\/\/galeriamiejska.pl\/wp-content\/uploads\/2021\/01\/181_eugeniusz-minciel-piec-palcow-tonie-2010-akryl-plotno-200-x-272.jpg\" alt=\"Przemys\u0142aw Tyszkiewicz, Chabrowy Ksi\u0119\u017cyc P\u00f3l Mrozowych, 2011, akwaforta akwatinta 67 x 94\" style=\"object-fit: cover; object-position: 50% 50%;\" srcset=\"https:\/\/galeriamiejska.pl\/wp-content\/uploads\/2021\/01\/181_eugeniusz-minciel-piec-palcow-tonie-2010-akryl-plotno-200-x-272.jpg 660w, https:\/\/galeriamiejska.pl\/wp-content\/uploads\/2021\/01\/181_eugeniusz-minciel-piec-palcow-tonie-2010-akryl-plotno-200-x-272-300x223.jpg 300w\" sizes=\"auto, (max-width: 660px) 100vw, 660px\" \/><div style=\"text-align:left;font-size:14px;color:#999;margin-top:5px;\"> Eugeniusz Minciel, Pi\u0119\u0107 palc\u00f3w tonie, 2010, akryl, p\u0142\u00f3tno, 200 x 272  <\/div><div class=\"eedee-background-div__overlay\" style=\"opacity:1;\"><\/div><\/div><div class=\"slide-content\">\n\n<p class=\"has-text-align-center gutenslider-content-initial has-larger-font-size\"><\/p>\n\n<\/div><\/div>\n\n<div class=\"swiper-slide wp-block-eedee-block-gutenslide is-position-center-center\" style=\"\"><div class=\"eedee-background-div\"><img loading=\"lazy\" decoding=\"async\" width=\"660\" height=\"393\" class=\"swiper-lazy wp-image-3002\" src=\"https:\/\/galeriamiejska.pl\/wp-content\/uploads\/2021\/01\/181_eugeniusz-minciel-oh-providence-1995-akryl-plotno-162-x-270-1.jpg\" alt=\"Przemys\u0142aw Tyszkiewicz, Chabrowy Ksi\u0119\u017cyc P\u00f3l Mrozowych, 2011, akwaforta akwatinta 67 x 94\" style=\"object-fit: cover; object-position: 50% 50%;\" srcset=\"https:\/\/galeriamiejska.pl\/wp-content\/uploads\/2021\/01\/181_eugeniusz-minciel-oh-providence-1995-akryl-plotno-162-x-270-1.jpg 660w, https:\/\/galeriamiejska.pl\/wp-content\/uploads\/2021\/01\/181_eugeniusz-minciel-oh-providence-1995-akryl-plotno-162-x-270-1-300x179.jpg 300w\" sizes=\"auto, (max-width: 660px) 100vw, 660px\" \/><div style=\"text-align:left;font-size:14px;color:#999;margin-top:5px;\"> Eugeniusz Minciel, Oh Providence, 1995, akryl, p\u0142\u00f3tno, 162 x 270  <\/div><div class=\"eedee-background-div__overlay\" style=\"opacity:1;\"><\/div><\/div><div class=\"slide-content\">\n\n<p class=\"has-text-align-center gutenslider-content-initial has-larger-font-size\"><\/p>\n\n<\/div><\/div>\n\n<div class=\"swiper-slide wp-block-eedee-block-gutenslide is-position-center-center\" style=\"\"><div class=\"eedee-background-div\"><img loading=\"lazy\" decoding=\"async\" width=\"589\" height=\"660\" class=\"swiper-lazy wp-image-3001\" src=\"https:\/\/galeriamiejska.pl\/wp-content\/uploads\/2021\/01\/181_eugeniusz-minciel-oh-miles-1988-akryl-plotno-150-x-145-1.jpg\" alt=\"Przemys\u0142aw Tyszkiewicz, Chabrowy Ksi\u0119\u017cyc P\u00f3l Mrozowych, 2011, akwaforta akwatinta 67 x 94\" style=\"object-fit: cover; object-position: 50% 50%;\" srcset=\"https:\/\/galeriamiejska.pl\/wp-content\/uploads\/2021\/01\/181_eugeniusz-minciel-oh-miles-1988-akryl-plotno-150-x-145-1.jpg 589w, https:\/\/galeriamiejska.pl\/wp-content\/uploads\/2021\/01\/181_eugeniusz-minciel-oh-miles-1988-akryl-plotno-150-x-145-1-268x300.jpg 268w\" sizes=\"auto, (max-width: 589px) 100vw, 589px\" \/><div style=\"text-align:left;font-size:14px;color:#999;margin-top:5px;\"> Eugeniusz Minciel, Oh Miles, 1988, akryl, p\u0142\u00f3tno, 150 x 145  <\/div><div class=\"eedee-background-div__overlay\" style=\"opacity:1;\"><\/div><\/div><div class=\"slide-content\">\n\n<p class=\"has-text-align-center gutenslider-content-initial has-larger-font-size\"><\/p>\n\n<\/div><\/div>\n\n<div class=\"swiper-slide wp-block-eedee-block-gutenslide is-position-center-center\" style=\"\"><div class=\"eedee-background-div\"><img loading=\"lazy\" decoding=\"async\" width=\"660\" height=\"395\" class=\"swiper-lazy wp-image-3000\" src=\"https:\/\/galeriamiejska.pl\/wp-content\/uploads\/2021\/01\/181_eugeniusz-minciel-kometa-2006-akryl-plotno-204-x-341-1.jpg\" alt=\"Przemys\u0142aw Tyszkiewicz, Chabrowy Ksi\u0119\u017cyc P\u00f3l Mrozowych, 2011, akwaforta akwatinta 67 x 94\" style=\"object-fit: cover; object-position: 50% 50%;\" srcset=\"https:\/\/galeriamiejska.pl\/wp-content\/uploads\/2021\/01\/181_eugeniusz-minciel-kometa-2006-akryl-plotno-204-x-341-1.jpg 660w, https:\/\/galeriamiejska.pl\/wp-content\/uploads\/2021\/01\/181_eugeniusz-minciel-kometa-2006-akryl-plotno-204-x-341-1-300x180.jpg 300w\" sizes=\"auto, (max-width: 660px) 100vw, 660px\" \/><div style=\"text-align:left;font-size:14px;color:#999;margin-top:5px;\"> Eugeniusz Minciel, Kometa, 2006, akryl, p\u0142\u00f3tno, 204 x 341  <\/div><div class=\"eedee-background-div__overlay\" style=\"opacity:1;\"><\/div><\/div><div class=\"slide-content\">\n\n<p class=\"has-text-align-center gutenslider-content-initial has-larger-font-size\"><\/p>\n\n<\/div><\/div>\n\n<div class=\"swiper-slide wp-block-eedee-block-gutenslide is-position-center-center\" style=\"\"><div class=\"eedee-background-div\"><img loading=\"lazy\" decoding=\"async\" width=\"660\" height=\"325\" class=\"swiper-lazy wp-image-2999\" src=\"https:\/\/galeriamiejska.pl\/wp-content\/uploads\/2021\/01\/181_eugeniusz-minciel-inter-dying-1988-akryl-plotno-200-x-400-1.jpg\" alt=\"Przemys\u0142aw Tyszkiewicz, Chabrowy Ksi\u0119\u017cyc P\u00f3l Mrozowych, 2011, akwaforta akwatinta 67 x 94\" style=\"object-fit: cover; object-position: 50% 50%;\" srcset=\"https:\/\/galeriamiejska.pl\/wp-content\/uploads\/2021\/01\/181_eugeniusz-minciel-inter-dying-1988-akryl-plotno-200-x-400-1.jpg 660w, https:\/\/galeriamiejska.pl\/wp-content\/uploads\/2021\/01\/181_eugeniusz-minciel-inter-dying-1988-akryl-plotno-200-x-400-1-300x148.jpg 300w\" sizes=\"auto, (max-width: 660px) 100vw, 660px\" \/><div style=\"text-align:left;font-size:14px;color:#999;margin-top:5px;\"> Eugeniusz Minciel, Inter-dying, 1988, akryl, p\u0142\u00f3tno, 200 x 400  <\/div><div class=\"eedee-background-div__overlay\" style=\"opacity:1;\"><\/div><\/div><div class=\"slide-content\">\n\n<p class=\"has-text-align-center gutenslider-content-initial has-larger-font-size\"><\/p>\n\n<\/div><\/div>\n\n<div class=\"swiper-slide wp-block-eedee-block-gutenslide is-position-center-center\" style=\"\"><div class=\"eedee-background-div\"><img loading=\"lazy\" decoding=\"async\" width=\"660\" height=\"490\" class=\"swiper-lazy wp-image-2998\" src=\"https:\/\/galeriamiejska.pl\/wp-content\/uploads\/2021\/01\/181_eugeniusz-minciel-bez-tytulu-2010-akryl-plotno-201-x-270.jpg\" alt=\"Przemys\u0142aw Tyszkiewicz, Chabrowy Ksi\u0119\u017cyc P\u00f3l Mrozowych, 2011, akwaforta akwatinta 67 x 94\" style=\"object-fit: cover; object-position: 50% 50%;\" srcset=\"https:\/\/galeriamiejska.pl\/wp-content\/uploads\/2021\/01\/181_eugeniusz-minciel-bez-tytulu-2010-akryl-plotno-201-x-270.jpg 660w, https:\/\/galeriamiejska.pl\/wp-content\/uploads\/2021\/01\/181_eugeniusz-minciel-bez-tytulu-2010-akryl-plotno-201-x-270-300x223.jpg 300w\" sizes=\"auto, (max-width: 660px) 100vw, 660px\" \/><div style=\"text-align:left;font-size:14px;color:#999;margin-top:5px;\"> Eugeniusz Minciel, Bez tytu\u0142u, 2010, akryl, p\u0142\u00f3tno, 201 x 270  <\/div><div class=\"eedee-background-div__overlay\" style=\"opacity:1;\"><\/div><\/div><div class=\"slide-content\">\n\n<p class=\"has-text-align-center gutenslider-content-initial has-larger-font-size\"><\/p>\n\n<\/div><\/div>\n\n<div class=\"swiper-slide wp-block-eedee-block-gutenslide is-position-center-center\" style=\"\"><div class=\"eedee-background-div\"><img loading=\"lazy\" decoding=\"async\" width=\"660\" height=\"660\" class=\"swiper-lazy wp-image-2997\" src=\"https:\/\/galeriamiejska.pl\/wp-content\/uploads\/2021\/01\/181_eugeniusz-minciel-bez-tytulu-2009-akryl-plotno-210-x-210.jpg\" alt=\"Przemys\u0142aw Tyszkiewicz, Chabrowy Ksi\u0119\u017cyc P\u00f3l Mrozowych, 2011, akwaforta akwatinta 67 x 94\" style=\"object-fit: cover; object-position: 50% 50%;\" srcset=\"https:\/\/galeriamiejska.pl\/wp-content\/uploads\/2021\/01\/181_eugeniusz-minciel-bez-tytulu-2009-akryl-plotno-210-x-210.jpg 660w, https:\/\/galeriamiejska.pl\/wp-content\/uploads\/2021\/01\/181_eugeniusz-minciel-bez-tytulu-2009-akryl-plotno-210-x-210-300x300.jpg 300w, https:\/\/galeriamiejska.pl\/wp-content\/uploads\/2021\/01\/181_eugeniusz-minciel-bez-tytulu-2009-akryl-plotno-210-x-210-400x400.jpg 400w\" sizes=\"auto, (max-width: 660px) 100vw, 660px\" \/><div style=\"text-align:left;font-size:14px;color:#999;margin-top:5px;\"> Eugeniusz Minciel, Bez tytu\u0142u, 2009, akryl, p\u0142\u00f3tno, 210 x 210  <\/div><div class=\"eedee-background-div__overlay\" style=\"opacity:1;\"><\/div><\/div><div class=\"slide-content\">\n\n<p class=\"has-text-align-center gutenslider-content-initial has-larger-font-size\"><\/p>\n\n<\/div><\/div>\n\n<div class=\"swiper-slide wp-block-eedee-block-gutenslide is-position-center-center\" style=\"\"><div class=\"eedee-background-div\"><img loading=\"lazy\" decoding=\"async\" width=\"660\" height=\"601\" class=\"swiper-lazy wp-image-2996\" src=\"https:\/\/galeriamiejska.pl\/wp-content\/uploads\/2021\/01\/181_eugeniusz-minciel-bez-tytulu-2008-akryl-plotno-200-x-220.jpg\" alt=\"Przemys\u0142aw Tyszkiewicz, Chabrowy Ksi\u0119\u017cyc P\u00f3l Mrozowych, 2011, akwaforta akwatinta 67 x 94\" style=\"object-fit: cover; object-position: 50% 50%;\" srcset=\"https:\/\/galeriamiejska.pl\/wp-content\/uploads\/2021\/01\/181_eugeniusz-minciel-bez-tytulu-2008-akryl-plotno-200-x-220.jpg 660w, https:\/\/galeriamiejska.pl\/wp-content\/uploads\/2021\/01\/181_eugeniusz-minciel-bez-tytulu-2008-akryl-plotno-200-x-220-300x273.jpg 300w\" sizes=\"auto, (max-width: 660px) 100vw, 660px\" \/><div style=\"text-align:left;font-size:14px;color:#999;margin-top:5px;\"> Eugeniusz Minciel, Bez tytu\u0142u, 2008, akryl, p\u0142\u00f3tno, 200 x 220  <\/div><div class=\"eedee-background-div__overlay\" style=\"opacity:1;\"><\/div><\/div><div class=\"slide-content\">\n\n<p class=\"has-text-align-center gutenslider-content-initial has-larger-font-size\"><\/p>\n\n<\/div><\/div>\n\n<div class=\"swiper-slide wp-block-eedee-block-gutenslide is-position-center-center\" style=\"\"><div class=\"eedee-background-div\"><img loading=\"lazy\" decoding=\"async\" width=\"618\" height=\"660\" class=\"swiper-lazy wp-image-2995\" src=\"https:\/\/galeriamiejska.pl\/wp-content\/uploads\/2021\/01\/181_eugeniusz-minciel-bez-tytulu-2007-akryl-plotno-220-x-206-1.jpg\" alt=\"Przemys\u0142aw Tyszkiewicz, Chabrowy Ksi\u0119\u017cyc P\u00f3l Mrozowych, 2011, akwaforta akwatinta 67 x 94\" style=\"object-fit: cover; object-position: 50% 50%;\" srcset=\"https:\/\/galeriamiejska.pl\/wp-content\/uploads\/2021\/01\/181_eugeniusz-minciel-bez-tytulu-2007-akryl-plotno-220-x-206-1.jpg 618w, https:\/\/galeriamiejska.pl\/wp-content\/uploads\/2021\/01\/181_eugeniusz-minciel-bez-tytulu-2007-akryl-plotno-220-x-206-1-281x300.jpg 281w\" sizes=\"auto, (max-width: 618px) 100vw, 618px\" \/><div style=\"text-align:left;font-size:14px;color:#999;margin-top:5px;\"> Eugeniusz Minciel, Bez tytu\u0142u, 2007, akryl, p\u0142\u00f3tno, 220 x 206  <\/div><div class=\"eedee-background-div__overlay\" style=\"opacity:1;\"><\/div><\/div><div class=\"slide-content\">\n\n<p class=\"has-text-align-center gutenslider-content-initial has-larger-font-size\"><\/p>\n\n<\/div><\/div>\n\n<div class=\"swiper-slide wp-block-eedee-block-gutenslide is-position-center-center\" style=\"\"><div class=\"eedee-background-div\"><img loading=\"lazy\" decoding=\"async\" width=\"480\" height=\"660\" class=\"swiper-lazy wp-image-2994\" src=\"https:\/\/galeriamiejska.pl\/wp-content\/uploads\/2021\/01\/181_eugeniusz-minciel-bez-tytulu2006-akryl-plotno-251-x-183-1.jpg\" alt=\"Przemys\u0142aw Tyszkiewicz, Chabrowy Ksi\u0119\u017cyc P\u00f3l Mrozowych, 2011, akwaforta akwatinta 67 x 94\" style=\"object-fit: cover; object-position: 50% 50%;\" srcset=\"https:\/\/galeriamiejska.pl\/wp-content\/uploads\/2021\/01\/181_eugeniusz-minciel-bez-tytulu2006-akryl-plotno-251-x-183-1.jpg 480w, https:\/\/galeriamiejska.pl\/wp-content\/uploads\/2021\/01\/181_eugeniusz-minciel-bez-tytulu2006-akryl-plotno-251-x-183-1-218x300.jpg 218w\" sizes=\"auto, (max-width: 480px) 100vw, 480px\" \/><div style=\"text-align:left;font-size:14px;color:#999;margin-top:5px;\"> Eugeniusz Minciel, Bez tytu\u0142u,2006, akryl, p\u0142\u00f3tno, 251 x 183  <\/div><div class=\"eedee-background-div__overlay\" style=\"opacity:1;\"><\/div><\/div><div class=\"slide-content\">\n\n<p class=\"has-text-align-center gutenslider-content-initial has-larger-font-size\"><\/p>\n\n<\/div><\/div>\n\n<div class=\"swiper-slide wp-block-eedee-block-gutenslide is-position-center-center\" style=\"\"><div class=\"eedee-background-div\"><img loading=\"lazy\" decoding=\"async\" width=\"660\" height=\"660\" class=\"swiper-lazy wp-image-2993\" src=\"https:\/\/galeriamiejska.pl\/wp-content\/uploads\/2021\/01\/181_eugeniusz-minciel-bez-tytulu-2004-technika-wlasna-plotno-210-x-210-1.jpg\" alt=\"Przemys\u0142aw Tyszkiewicz, Chabrowy Ksi\u0119\u017cyc P\u00f3l Mrozowych, 2011, akwaforta akwatinta 67 x 94\" style=\"object-fit: cover; object-position: 50% 50%;\" srcset=\"https:\/\/galeriamiejska.pl\/wp-content\/uploads\/2021\/01\/181_eugeniusz-minciel-bez-tytulu-2004-technika-wlasna-plotno-210-x-210-1.jpg 660w, https:\/\/galeriamiejska.pl\/wp-content\/uploads\/2021\/01\/181_eugeniusz-minciel-bez-tytulu-2004-technika-wlasna-plotno-210-x-210-1-300x300.jpg 300w, https:\/\/galeriamiejska.pl\/wp-content\/uploads\/2021\/01\/181_eugeniusz-minciel-bez-tytulu-2004-technika-wlasna-plotno-210-x-210-1-400x400.jpg 400w\" sizes=\"auto, (max-width: 660px) 100vw, 660px\" \/><div style=\"text-align:left;font-size:14px;color:#999;margin-top:5px;\"> Eugeniusz Minciel, Bez tytu\u0142u, 2004, technika w\u0142asna, p\u0142\u00f3tno, 210 x 210  <\/div><div class=\"eedee-background-div__overlay\" style=\"opacity:1;\"><\/div><\/div><div class=\"slide-content\">\n\n<p class=\"has-text-align-center gutenslider-content-initial has-larger-font-size\"><\/p>\n\n<\/div><\/div>\n\n<div class=\"swiper-slide wp-block-eedee-block-gutenslide is-position-center-center\" style=\"\"><div class=\"eedee-background-div\"><img loading=\"lazy\" decoding=\"async\" width=\"660\" height=\"468\" class=\"swiper-lazy wp-image-2992\" src=\"https:\/\/galeriamiejska.pl\/wp-content\/uploads\/2021\/01\/181_eugeniusz-minciel-5-dni-jonskich-1989-akryl-plotno-280-x-370-1.jpg\" alt=\"Przemys\u0142aw Tyszkiewicz, Chabrowy Ksi\u0119\u017cyc P\u00f3l Mrozowych, 2011, akwaforta akwatinta 67 x 94\" style=\"object-fit: cover; object-position: 50% 50%;\" srcset=\"https:\/\/galeriamiejska.pl\/wp-content\/uploads\/2021\/01\/181_eugeniusz-minciel-5-dni-jonskich-1989-akryl-plotno-280-x-370-1.jpg 660w, https:\/\/galeriamiejska.pl\/wp-content\/uploads\/2021\/01\/181_eugeniusz-minciel-5-dni-jonskich-1989-akryl-plotno-280-x-370-1-300x213.jpg 300w\" sizes=\"auto, (max-width: 660px) 100vw, 660px\" \/><div style=\"text-align:left;font-size:14px;color:#999;margin-top:5px;\"> Eugeniusz Minciel, 5 dni Jo\u0144skich, 1989, akryl, p\u0142\u00f3tno, 280 x 370  <\/div><div class=\"eedee-background-div__overlay\" style=\"opacity:1;\"><\/div><\/div><div class=\"slide-content\">\n\n<p class=\"has-text-align-center gutenslider-content-initial has-larger-font-size\"><\/p>\n\n<\/div><\/div>\n\n<div class=\"swiper-slide wp-block-eedee-block-gutenslide is-position-center-center\" style=\"\"><div class=\"eedee-background-div\"><img loading=\"lazy\" decoding=\"async\" width=\"586\" height=\"660\" class=\"swiper-lazy wp-image-2991\" src=\"https:\/\/galeriamiejska.pl\/wp-content\/uploads\/2021\/01\/181_eugeniusz-minciel-transfer-2008-akryl-plotno-210-x-187.jpg\" alt=\"Przemys\u0142aw Tyszkiewicz, Chabrowy Ksi\u0119\u017cyc P\u00f3l Mrozowych, 2011, akwaforta akwatinta 67 x 94\" style=\"object-fit: cover; object-position: 50% 50%;\" srcset=\"https:\/\/galeriamiejska.pl\/wp-content\/uploads\/2021\/01\/181_eugeniusz-minciel-transfer-2008-akryl-plotno-210-x-187.jpg 586w, https:\/\/galeriamiejska.pl\/wp-content\/uploads\/2021\/01\/181_eugeniusz-minciel-transfer-2008-akryl-plotno-210-x-187-266x300.jpg 266w\" sizes=\"auto, (max-width: 586px) 100vw, 586px\" \/><div style=\"text-align:left;font-size:14px;color:#999;margin-top:5px;\"> Eugeniusz Minciel, Transfer, 2008, akryl, p\u0142\u00f3tno, 210 x 187  <\/div><div class=\"eedee-background-div__overlay\" style=\"opacity:1;\"><\/div><\/div><div class=\"slide-content\">\n\n<p class=\"has-text-align-center gutenslider-content-initial has-larger-font-size\"><\/p>\n\n<\/div><\/div>\n\n<div class=\"swiper-slide wp-block-eedee-block-gutenslide is-position-center-center\" style=\"\"><div class=\"eedee-background-div\"><img loading=\"lazy\" decoding=\"async\" width=\"486\" height=\"660\" class=\"swiper-lazy wp-image-2990\" src=\"https:\/\/galeriamiejska.pl\/wp-content\/uploads\/2021\/01\/181_eugeniusz-minciel-the-surge-1983-akryl-plotno-190-x-140-1.jpg\" alt=\"Przemys\u0142aw Tyszkiewicz, Chabrowy Ksi\u0119\u017cyc P\u00f3l Mrozowych, 2011, akwaforta akwatinta 67 x 94\" style=\"object-fit: cover; object-position: 50% 50%;\" srcset=\"https:\/\/galeriamiejska.pl\/wp-content\/uploads\/2021\/01\/181_eugeniusz-minciel-the-surge-1983-akryl-plotno-190-x-140-1.jpg 486w, https:\/\/galeriamiejska.pl\/wp-content\/uploads\/2021\/01\/181_eugeniusz-minciel-the-surge-1983-akryl-plotno-190-x-140-1-221x300.jpg 221w\" sizes=\"auto, (max-width: 486px) 100vw, 486px\" \/><div style=\"text-align:left;font-size:14px;color:#999;margin-top:5px;\"> Eugeniusz Minciel, The surge, 1983, akryl, p\u0142\u00f3tno, 190 x 140  <\/div><div class=\"eedee-background-div__overlay\" style=\"opacity:1;\"><\/div><\/div><div class=\"slide-content\">\n\n<p class=\"has-text-align-center gutenslider-content-initial has-larger-font-size\"><\/p>\n\n<\/div><\/div>\n\n<div class=\"swiper-slide wp-block-eedee-block-gutenslide is-position-center-center\" style=\"\"><div class=\"eedee-background-div\"><img loading=\"lazy\" decoding=\"async\" width=\"470\" height=\"660\" class=\"swiper-lazy wp-image-2989\" src=\"https:\/\/galeriamiejska.pl\/wp-content\/uploads\/2021\/01\/181_eugeniusz-minciel-the-cup-and-hangover-1988-akryl-plotno200-x-145-1.jpg\" alt=\"Przemys\u0142aw Tyszkiewicz, Chabrowy Ksi\u0119\u017cyc P\u00f3l Mrozowych, 2011, akwaforta akwatinta 67 x 94\" style=\"object-fit: cover; object-position: 50% 50%;\" srcset=\"https:\/\/galeriamiejska.pl\/wp-content\/uploads\/2021\/01\/181_eugeniusz-minciel-the-cup-and-hangover-1988-akryl-plotno200-x-145-1.jpg 470w, https:\/\/galeriamiejska.pl\/wp-content\/uploads\/2021\/01\/181_eugeniusz-minciel-the-cup-and-hangover-1988-akryl-plotno200-x-145-1-214x300.jpg 214w\" sizes=\"auto, (max-width: 470px) 100vw, 470px\" \/><div style=\"text-align:left;font-size:14px;color:#999;margin-top:5px;\"> Eugeniusz Minciel, The Cup and Hangover, 1988, akryl, p\u0142\u00f3tno,200 x 145  <\/div><div class=\"eedee-background-div__overlay\" style=\"opacity:1;\"><\/div><\/div><div class=\"slide-content\">\n\n<p class=\"has-text-align-center gutenslider-content-initial has-larger-font-size\"><\/p>\n\n<\/div><\/div>\n\n<div class=\"swiper-slide wp-block-eedee-block-gutenslide is-position-center-center\" style=\"\"><div class=\"eedee-background-div\"><img loading=\"lazy\" decoding=\"async\" width=\"477\" height=\"660\" class=\"swiper-lazy wp-image-2988\" src=\"https:\/\/galeriamiejska.pl\/wp-content\/uploads\/2021\/01\/181_eugeniusz-minciel-the-burning-chair-1985-akryl-plotno-180-x-130-1.jpg\" alt=\"Przemys\u0142aw Tyszkiewicz, Chabrowy Ksi\u0119\u017cyc P\u00f3l Mrozowych, 2011, akwaforta akwatinta 67 x 94\" style=\"object-fit: cover; object-position: 50% 50%;\" srcset=\"https:\/\/galeriamiejska.pl\/wp-content\/uploads\/2021\/01\/181_eugeniusz-minciel-the-burning-chair-1985-akryl-plotno-180-x-130-1.jpg 477w, https:\/\/galeriamiejska.pl\/wp-content\/uploads\/2021\/01\/181_eugeniusz-minciel-the-burning-chair-1985-akryl-plotno-180-x-130-1-217x300.jpg 217w\" sizes=\"auto, (max-width: 477px) 100vw, 477px\" \/><div style=\"text-align:left;font-size:14px;color:#999;margin-top:5px;\"> Eugeniusz Minciel, The burning chair, 1985, akryl, p\u0142\u00f3tno, 180 x 130  <\/div><div class=\"eedee-background-div__overlay\" style=\"opacity:1;\"><\/div><\/div><div class=\"slide-content\">\n\n<p class=\"has-text-align-center gutenslider-content-initial has-larger-font-size\"><\/p>\n\n<\/div><\/div>\n\n<div class=\"swiper-slide wp-block-eedee-block-gutenslide is-position-center-center\" style=\"\"><div class=\"eedee-background-div\"><img loading=\"lazy\" decoding=\"async\" width=\"461\" height=\"660\" class=\"swiper-lazy wp-image-2987\" src=\"https:\/\/galeriamiejska.pl\/wp-content\/uploads\/2021\/01\/181_eugeniusz-minciel-self-immolation-1987-akryl-plotno-200-x-140-1.jpg\" alt=\"Przemys\u0142aw Tyszkiewicz, Chabrowy Ksi\u0119\u017cyc P\u00f3l Mrozowych, 2011, akwaforta akwatinta 67 x 94\" style=\"object-fit: cover; object-position: 50% 50%;\" srcset=\"https:\/\/galeriamiejska.pl\/wp-content\/uploads\/2021\/01\/181_eugeniusz-minciel-self-immolation-1987-akryl-plotno-200-x-140-1.jpg 461w, https:\/\/galeriamiejska.pl\/wp-content\/uploads\/2021\/01\/181_eugeniusz-minciel-self-immolation-1987-akryl-plotno-200-x-140-1-210x300.jpg 210w\" sizes=\"auto, (max-width: 461px) 100vw, 461px\" \/><div style=\"text-align:left;font-size:14px;color:#999;margin-top:5px;\"> Eugeniusz Minciel, Self-immolation, 1987, akryl, p\u0142\u00f3tno, 200 x 140  <\/div><div class=\"eedee-background-div__overlay\" style=\"opacity:1;\"><\/div><\/div><div class=\"slide-content\">\n\n<p class=\"has-text-align-center gutenslider-content-initial has-larger-font-size\"><\/p>\n\n<\/div><\/div>\n<\/div><button class=\"eedee-gutenslider-nav eedee-gutenslider-prev\"><svg xmlns=\"http:\/\/www.w3.org\/2000\/svg\" viewBox=\"0 0 24 24\" width=\"24\" height=\"24\"><circle class=\"bg\" cx=\"13\" cy=\"12\" r=\"11\" \/><path fill=\"none\" d=\"M0 0h24v24H0z\"\/><path class=\"arrow\" d=\"M10.828 12l4.95 4.95-1.414 1.414L8 12l6.364-6.364 1.414 1.414z\"\/><\/svg><\/button><button class=\"eedee-gutenslider-nav eedee-gutenslider-next\"><svg xmlns=\"http:\/\/www.w3.org\/2000\/svg\" viewBox=\"0 0 24 24\" width=\"24\" height=\"24\"><circle class=\"bg\" cx=\"11\" cy=\"12\" r=\"11\" \/><path fill=\"none\" d=\"M0 0h24v24H0z\"\/><path class=\"arrow\" d=\"M13.172 12l-4.95-4.95 1.414-1.414L16 12l-6.364 6.364-1.414-1.414z\"\/><\/svg><\/button><div class=\"eedee-gutenslider-pagination\"><\/div><\/div><div class=\"gutenslider-divider-bottom \" style=\"color:#fff; height:60px;\"><\/div><\/div><style><\/style>\n\n\n<p><strong>Born in 1958. Between 1980 and 1985, he studied at the department of Painting, Graphic arts and Sculpture at the State College of Fine Arts (presently the Academy of Fine Arts) in Wroc\u0142aw. He received a&nbsp;diploma with distinction at Professor Wanda Go\u0142kowska\u2019s painting studio where he was the last assistant, from 1984 to 1989. His works can be found in the collections of the National Museum in Warsaw, the National Museum in Wroc\u0142aw as well as in private collections in Poland and abroad. He lives and works in Ksi\u0119\u017cyce near Wroc\u0142aw.<\/strong><br><strong>Selected Solo Exhibitions:<\/strong><br><br><strong>2014<\/strong><br>Drzwi do malarstwa \u2014 Obraz w&nbsp;Obrazie, National Museum, Wroc\u0142aw<br><strong><br>2012<\/strong><br>BWA Gallery, Gorz\u00f3w Wielkopolski<br><br><strong>2009\/10<\/strong><br>Promocyjna Gallery, Warsaw, Exit Foundation\u2019s Polish Award<br><br><strong>2003<\/strong><br>Dominique Lang Gallery, Dudelage, Luxembourg<br>Gallery Doxa, \u010cesk\u00fd Krumlov, Czech Republic<br><br><strong>2000<\/strong><br>Promocyjna Gallery, Warsaw<br><br><strong>1999<\/strong><br>Kameralna Gallery, S\u0142upsk<br><br><strong>1996<\/strong><br>El Gallery, Elbl\u0105g<br><br><strong>1991<\/strong><br>Obrazy \u0141upane, BWA Gallery, Wroc\u0142aw<br><strong><br>1990<\/strong><br>Promocyjna Gallery, Warsaw<br><br><strong>Selected Group Exhibitions:<br><\/strong><br><strong>2012<\/strong><br>Horyzonty, Museum of Photography, G\u00f6rlitz, Germany<br>Sympozjum Rzeczpospolitej 2012, Centre of Polish Sculpture in Oro\u0144sko, Oro\u0144sko<br>Przestrze\u0144 pomi\u0119dzy nami, Presentation at the Academy of Fine Arts, Wiesbaden, Germany<br><br><strong>2011<\/strong><br>\u201cco jest tu\/czego tu nie ma\u201d, Oblasti Galeria Liberec, Czech Republic<br>7 gest\u00f3w malarskich, Entropia Gallery, Wroc\u0142aw<br><strong><br>2010<\/strong><br>Pokolenie 80, National Museum, Cracow<br>Apogeum Nowa Ekspresja 1987, Centre of Contemporary Art &#8220;Znaki Czasu&#8221;, Toru\u0144<br><strong><br>2008<\/strong><br>Republika Bananowa, Ekspresja lat 80-tych, Castle Ksi\u0105\u017c, National Museum, Szczecin<br><br><strong>2006<\/strong><br>Nowa Ekspresja 20 lat, BWA Gallery, Olsztyn<br><br><strong>2005<\/strong><br>Polen commt, 12 maler aus Polen, as part of the Polish Year in Germany and German Year in Poland 2005\u20136, Berlin, Kiel, Aachem, Krefeld, Cologne, Bonn, Leipzig, Germany<\/p>\n\n\n\n<figure class=\"wp-block-gallery columns-4 is-cropped wp-block-gallery-2 is-layout-flex wp-block-gallery-is-layout-flex\"><ul class=\"blocks-gallery-grid\"><li class=\"blocks-gallery-item\"><figure><a href=\"https:\/\/galeriamiejska.pl\/wp-content\/uploads\/2021\/01\/181_eugeniusz-minciel-read-people-of-minciel-destroyed-painting-1987-akryl-plotno-220-x-240-1.jpg\"><img loading=\"lazy\" decoding=\"async\" width=\"660\" height=\"598\" src=\"https:\/\/galeriamiejska.pl\/wp-content\/uploads\/2021\/01\/181_eugeniusz-minciel-read-people-of-minciel-destroyed-painting-1987-akryl-plotno-220-x-240-1.jpg\" alt=\"\" data-id=\"3004\" data-full-url=\"https:\/\/galeriamiejska.pl\/wp-content\/uploads\/2021\/01\/181_eugeniusz-minciel-read-people-of-minciel-destroyed-painting-1987-akryl-plotno-220-x-240-1.jpg\" data-link=\"https:\/\/galeriamiejska.pl\/en\/eugeniusz-minciel\/181_eugeniusz-minciel-read-people-of-minciel-destroyed-painting-1987-akryl-plotno-220-x-240-2\/\" class=\"wp-image-3004\" srcset=\"https:\/\/galeriamiejska.pl\/wp-content\/uploads\/2021\/01\/181_eugeniusz-minciel-read-people-of-minciel-destroyed-painting-1987-akryl-plotno-220-x-240-1.jpg 660w, https:\/\/galeriamiejska.pl\/wp-content\/uploads\/2021\/01\/181_eugeniusz-minciel-read-people-of-minciel-destroyed-painting-1987-akryl-plotno-220-x-240-1-300x272.jpg 300w\" sizes=\"auto, (max-width: 660px) 100vw, 660px\" \/><\/a><figcaption class=\"blocks-gallery-item__caption\">Eugeniusz Minciel, Read People of Minciel destroyed painting, 1987, akryl, p\u0142\u00f3tno, 220 x 240 <\/figcaption><\/figure><\/li><li class=\"blocks-gallery-item\"><figure><a href=\"https:\/\/galeriamiejska.pl\/wp-content\/uploads\/2021\/01\/181_eugeniusz-minciel-piec-palcow-tonie-2010-akryl-plotno-200-x-272.jpg\"><img loading=\"lazy\" decoding=\"async\" width=\"660\" height=\"490\" src=\"https:\/\/galeriamiejska.pl\/wp-content\/uploads\/2021\/01\/181_eugeniusz-minciel-piec-palcow-tonie-2010-akryl-plotno-200-x-272.jpg\" alt=\"\" data-id=\"3003\" data-full-url=\"https:\/\/galeriamiejska.pl\/wp-content\/uploads\/2021\/01\/181_eugeniusz-minciel-piec-palcow-tonie-2010-akryl-plotno-200-x-272.jpg\" data-link=\"https:\/\/galeriamiejska.pl\/en\/eugeniusz-minciel\/181_eugeniusz-minciel-piec-palcow-tonie-2010-akryl-plotno-200-x-272\/\" class=\"wp-image-3003\" srcset=\"https:\/\/galeriamiejska.pl\/wp-content\/uploads\/2021\/01\/181_eugeniusz-minciel-piec-palcow-tonie-2010-akryl-plotno-200-x-272.jpg 660w, https:\/\/galeriamiejska.pl\/wp-content\/uploads\/2021\/01\/181_eugeniusz-minciel-piec-palcow-tonie-2010-akryl-plotno-200-x-272-300x223.jpg 300w\" sizes=\"auto, (max-width: 660px) 100vw, 660px\" \/><\/a><figcaption class=\"blocks-gallery-item__caption\">Eugeniusz Minciel, Pi\u0119\u0107 palc\u00f3w tonie, 2010, akryl, p\u0142\u00f3tno, 200 x 272 <\/figcaption><\/figure><\/li><li class=\"blocks-gallery-item\"><figure><a href=\"https:\/\/galeriamiejska.pl\/wp-content\/uploads\/2021\/01\/181_eugeniusz-minciel-oh-providence-1995-akryl-plotno-162-x-270-1.jpg\"><img loading=\"lazy\" decoding=\"async\" width=\"660\" height=\"393\" src=\"https:\/\/galeriamiejska.pl\/wp-content\/uploads\/2021\/01\/181_eugeniusz-minciel-oh-providence-1995-akryl-plotno-162-x-270-1.jpg\" alt=\"\" data-id=\"3002\" data-full-url=\"https:\/\/galeriamiejska.pl\/wp-content\/uploads\/2021\/01\/181_eugeniusz-minciel-oh-providence-1995-akryl-plotno-162-x-270-1.jpg\" data-link=\"https:\/\/galeriamiejska.pl\/en\/eugeniusz-minciel\/181_eugeniusz-minciel-oh-providence-1995-akryl-plotno-162-x-270-2\/\" class=\"wp-image-3002\" srcset=\"https:\/\/galeriamiejska.pl\/wp-content\/uploads\/2021\/01\/181_eugeniusz-minciel-oh-providence-1995-akryl-plotno-162-x-270-1.jpg 660w, https:\/\/galeriamiejska.pl\/wp-content\/uploads\/2021\/01\/181_eugeniusz-minciel-oh-providence-1995-akryl-plotno-162-x-270-1-300x179.jpg 300w\" sizes=\"auto, (max-width: 660px) 100vw, 660px\" \/><\/a><figcaption class=\"blocks-gallery-item__caption\">Eugeniusz Minciel, Oh Providence, 1995, akryl, p\u0142\u00f3tno, 162 x 270 <\/figcaption><\/figure><\/li><li class=\"blocks-gallery-item\"><figure><a href=\"https:\/\/galeriamiejska.pl\/wp-content\/uploads\/2021\/01\/181_eugeniusz-minciel-oh-miles-1988-akryl-plotno-150-x-145-1.jpg\"><img loading=\"lazy\" decoding=\"async\" width=\"589\" height=\"660\" src=\"https:\/\/galeriamiejska.pl\/wp-content\/uploads\/2021\/01\/181_eugeniusz-minciel-oh-miles-1988-akryl-plotno-150-x-145-1.jpg\" alt=\"\" data-id=\"3001\" data-full-url=\"https:\/\/galeriamiejska.pl\/wp-content\/uploads\/2021\/01\/181_eugeniusz-minciel-oh-miles-1988-akryl-plotno-150-x-145-1.jpg\" data-link=\"https:\/\/galeriamiejska.pl\/en\/eugeniusz-minciel\/181_eugeniusz-minciel-oh-miles-1988-akryl-plotno-150-x-145-2\/\" class=\"wp-image-3001\" srcset=\"https:\/\/galeriamiejska.pl\/wp-content\/uploads\/2021\/01\/181_eugeniusz-minciel-oh-miles-1988-akryl-plotno-150-x-145-1.jpg 589w, https:\/\/galeriamiejska.pl\/wp-content\/uploads\/2021\/01\/181_eugeniusz-minciel-oh-miles-1988-akryl-plotno-150-x-145-1-268x300.jpg 268w\" sizes=\"auto, (max-width: 589px) 100vw, 589px\" \/><\/a><figcaption class=\"blocks-gallery-item__caption\">Eugeniusz Minciel, Oh Miles, 1988, akryl, p\u0142\u00f3tno, 150 x 145 <\/figcaption><\/figure><\/li><li class=\"blocks-gallery-item\"><figure><a href=\"https:\/\/galeriamiejska.pl\/wp-content\/uploads\/2021\/01\/181_eugeniusz-minciel-kometa-2006-akryl-plotno-204-x-341-1.jpg\"><img loading=\"lazy\" decoding=\"async\" width=\"660\" height=\"395\" src=\"https:\/\/galeriamiejska.pl\/wp-content\/uploads\/2021\/01\/181_eugeniusz-minciel-kometa-2006-akryl-plotno-204-x-341-1.jpg\" alt=\"\" data-id=\"3000\" data-full-url=\"https:\/\/galeriamiejska.pl\/wp-content\/uploads\/2021\/01\/181_eugeniusz-minciel-kometa-2006-akryl-plotno-204-x-341-1.jpg\" data-link=\"https:\/\/galeriamiejska.pl\/en\/eugeniusz-minciel\/181_eugeniusz-minciel-kometa-2006-akryl-plotno-204-x-341-2\/\" class=\"wp-image-3000\" srcset=\"https:\/\/galeriamiejska.pl\/wp-content\/uploads\/2021\/01\/181_eugeniusz-minciel-kometa-2006-akryl-plotno-204-x-341-1.jpg 660w, https:\/\/galeriamiejska.pl\/wp-content\/uploads\/2021\/01\/181_eugeniusz-minciel-kometa-2006-akryl-plotno-204-x-341-1-300x180.jpg 300w\" sizes=\"auto, (max-width: 660px) 100vw, 660px\" \/><\/a><figcaption class=\"blocks-gallery-item__caption\">Eugeniusz Minciel, Kometa, 2006, akryl, p\u0142\u00f3tno, 204 x 341 <\/figcaption><\/figure><\/li><li class=\"blocks-gallery-item\"><figure><a href=\"https:\/\/galeriamiejska.pl\/wp-content\/uploads\/2021\/01\/181_eugeniusz-minciel-inter-dying-1988-akryl-plotno-200-x-400-1.jpg\"><img loading=\"lazy\" decoding=\"async\" width=\"660\" height=\"325\" src=\"https:\/\/galeriamiejska.pl\/wp-content\/uploads\/2021\/01\/181_eugeniusz-minciel-inter-dying-1988-akryl-plotno-200-x-400-1.jpg\" alt=\"\" data-id=\"2999\" data-full-url=\"https:\/\/galeriamiejska.pl\/wp-content\/uploads\/2021\/01\/181_eugeniusz-minciel-inter-dying-1988-akryl-plotno-200-x-400-1.jpg\" data-link=\"https:\/\/galeriamiejska.pl\/en\/eugeniusz-minciel\/181_eugeniusz-minciel-inter-dying-1988-akryl-plotno-200-x-400-2\/\" class=\"wp-image-2999\" srcset=\"https:\/\/galeriamiejska.pl\/wp-content\/uploads\/2021\/01\/181_eugeniusz-minciel-inter-dying-1988-akryl-plotno-200-x-400-1.jpg 660w, https:\/\/galeriamiejska.pl\/wp-content\/uploads\/2021\/01\/181_eugeniusz-minciel-inter-dying-1988-akryl-plotno-200-x-400-1-300x148.jpg 300w\" sizes=\"auto, (max-width: 660px) 100vw, 660px\" \/><\/a><figcaption class=\"blocks-gallery-item__caption\">Eugeniusz Minciel, Inter-dying, 1988, akryl, p\u0142\u00f3tno, 200 x 400 <\/figcaption><\/figure><\/li><li class=\"blocks-gallery-item\"><figure><a href=\"https:\/\/galeriamiejska.pl\/wp-content\/uploads\/2021\/01\/181_eugeniusz-minciel-bez-tytulu-2010-akryl-plotno-201-x-270.jpg\"><img loading=\"lazy\" decoding=\"async\" width=\"660\" height=\"490\" src=\"https:\/\/galeriamiejska.pl\/wp-content\/uploads\/2021\/01\/181_eugeniusz-minciel-bez-tytulu-2010-akryl-plotno-201-x-270.jpg\" alt=\"\" data-id=\"2998\" data-full-url=\"https:\/\/galeriamiejska.pl\/wp-content\/uploads\/2021\/01\/181_eugeniusz-minciel-bez-tytulu-2010-akryl-plotno-201-x-270.jpg\" data-link=\"https:\/\/galeriamiejska.pl\/en\/eugeniusz-minciel\/181_eugeniusz-minciel-bez-tytulu-2010-akryl-plotno-201-x-270\/\" class=\"wp-image-2998\" srcset=\"https:\/\/galeriamiejska.pl\/wp-content\/uploads\/2021\/01\/181_eugeniusz-minciel-bez-tytulu-2010-akryl-plotno-201-x-270.jpg 660w, https:\/\/galeriamiejska.pl\/wp-content\/uploads\/2021\/01\/181_eugeniusz-minciel-bez-tytulu-2010-akryl-plotno-201-x-270-300x223.jpg 300w\" sizes=\"auto, (max-width: 660px) 100vw, 660px\" \/><\/a><figcaption class=\"blocks-gallery-item__caption\">Eugeniusz Minciel, Bez tytu\u0142u, 2010, akryl, p\u0142\u00f3tno, 201 x 270 <\/figcaption><\/figure><\/li><li class=\"blocks-gallery-item\"><figure><a href=\"https:\/\/galeriamiejska.pl\/wp-content\/uploads\/2021\/01\/181_eugeniusz-minciel-bez-tytulu-2009-akryl-plotno-210-x-210.jpg\"><img loading=\"lazy\" decoding=\"async\" width=\"660\" height=\"660\" src=\"https:\/\/galeriamiejska.pl\/wp-content\/uploads\/2021\/01\/181_eugeniusz-minciel-bez-tytulu-2009-akryl-plotno-210-x-210.jpg\" alt=\"\" data-id=\"2997\" data-full-url=\"https:\/\/galeriamiejska.pl\/wp-content\/uploads\/2021\/01\/181_eugeniusz-minciel-bez-tytulu-2009-akryl-plotno-210-x-210.jpg\" data-link=\"https:\/\/galeriamiejska.pl\/en\/eugeniusz-minciel\/181_eugeniusz-minciel-bez-tytulu-2009-akryl-plotno-210-x-210\/\" class=\"wp-image-2997\" srcset=\"https:\/\/galeriamiejska.pl\/wp-content\/uploads\/2021\/01\/181_eugeniusz-minciel-bez-tytulu-2009-akryl-plotno-210-x-210.jpg 660w, https:\/\/galeriamiejska.pl\/wp-content\/uploads\/2021\/01\/181_eugeniusz-minciel-bez-tytulu-2009-akryl-plotno-210-x-210-300x300.jpg 300w, https:\/\/galeriamiejska.pl\/wp-content\/uploads\/2021\/01\/181_eugeniusz-minciel-bez-tytulu-2009-akryl-plotno-210-x-210-400x400.jpg 400w\" sizes=\"auto, (max-width: 660px) 100vw, 660px\" \/><\/a><figcaption class=\"blocks-gallery-item__caption\">Eugeniusz Minciel, Bez tytu\u0142u, 2009, akryl, p\u0142\u00f3tno, 210 x 210 <\/figcaption><\/figure><\/li><li class=\"blocks-gallery-item\"><figure><a href=\"https:\/\/galeriamiejska.pl\/wp-content\/uploads\/2021\/01\/181_eugeniusz-minciel-bez-tytulu-2008-akryl-plotno-200-x-220.jpg\"><img loading=\"lazy\" decoding=\"async\" width=\"660\" height=\"601\" src=\"https:\/\/galeriamiejska.pl\/wp-content\/uploads\/2021\/01\/181_eugeniusz-minciel-bez-tytulu-2008-akryl-plotno-200-x-220.jpg\" alt=\"\" data-id=\"2996\" data-full-url=\"https:\/\/galeriamiejska.pl\/wp-content\/uploads\/2021\/01\/181_eugeniusz-minciel-bez-tytulu-2008-akryl-plotno-200-x-220.jpg\" data-link=\"https:\/\/galeriamiejska.pl\/en\/eugeniusz-minciel\/181_eugeniusz-minciel-bez-tytulu-2008-akryl-plotno-200-x-220\/\" class=\"wp-image-2996\" srcset=\"https:\/\/galeriamiejska.pl\/wp-content\/uploads\/2021\/01\/181_eugeniusz-minciel-bez-tytulu-2008-akryl-plotno-200-x-220.jpg 660w, https:\/\/galeriamiejska.pl\/wp-content\/uploads\/2021\/01\/181_eugeniusz-minciel-bez-tytulu-2008-akryl-plotno-200-x-220-300x273.jpg 300w\" sizes=\"auto, (max-width: 660px) 100vw, 660px\" \/><\/a><figcaption class=\"blocks-gallery-item__caption\">Eugeniusz Minciel, Bez tytu\u0142u, 2008, akryl, p\u0142\u00f3tno, 200 x 220 <\/figcaption><\/figure><\/li><li class=\"blocks-gallery-item\"><figure><a href=\"https:\/\/galeriamiejska.pl\/wp-content\/uploads\/2021\/01\/181_eugeniusz-minciel-bez-tytulu-2007-akryl-plotno-220-x-206-1.jpg\"><img loading=\"lazy\" decoding=\"async\" width=\"618\" height=\"660\" src=\"https:\/\/galeriamiejska.pl\/wp-content\/uploads\/2021\/01\/181_eugeniusz-minciel-bez-tytulu-2007-akryl-plotno-220-x-206-1.jpg\" alt=\"\" data-id=\"2995\" data-full-url=\"https:\/\/galeriamiejska.pl\/wp-content\/uploads\/2021\/01\/181_eugeniusz-minciel-bez-tytulu-2007-akryl-plotno-220-x-206-1.jpg\" data-link=\"https:\/\/galeriamiejska.pl\/en\/eugeniusz-minciel\/181_eugeniusz-minciel-bez-tytulu-2007-akryl-plotno-220-x-206-2\/\" class=\"wp-image-2995\" srcset=\"https:\/\/galeriamiejska.pl\/wp-content\/uploads\/2021\/01\/181_eugeniusz-minciel-bez-tytulu-2007-akryl-plotno-220-x-206-1.jpg 618w, https:\/\/galeriamiejska.pl\/wp-content\/uploads\/2021\/01\/181_eugeniusz-minciel-bez-tytulu-2007-akryl-plotno-220-x-206-1-281x300.jpg 281w\" sizes=\"auto, (max-width: 618px) 100vw, 618px\" \/><\/a><figcaption class=\"blocks-gallery-item__caption\">Eugeniusz Minciel, Bez tytu\u0142u, 2007, akryl, p\u0142\u00f3tno, 220 x 206 <\/figcaption><\/figure><\/li><li class=\"blocks-gallery-item\"><figure><a href=\"https:\/\/galeriamiejska.pl\/wp-content\/uploads\/2021\/01\/181_eugeniusz-minciel-bez-tytulu2006-akryl-plotno-251-x-183-1.jpg\"><img loading=\"lazy\" decoding=\"async\" width=\"480\" height=\"660\" src=\"https:\/\/galeriamiejska.pl\/wp-content\/uploads\/2021\/01\/181_eugeniusz-minciel-bez-tytulu2006-akryl-plotno-251-x-183-1.jpg\" alt=\"\" data-id=\"2994\" data-full-url=\"https:\/\/galeriamiejska.pl\/wp-content\/uploads\/2021\/01\/181_eugeniusz-minciel-bez-tytulu2006-akryl-plotno-251-x-183-1.jpg\" data-link=\"https:\/\/galeriamiejska.pl\/en\/eugeniusz-minciel\/181_eugeniusz-minciel-bez-tytulu2006-akryl-plotno-251-x-183-2\/\" class=\"wp-image-2994\" srcset=\"https:\/\/galeriamiejska.pl\/wp-content\/uploads\/2021\/01\/181_eugeniusz-minciel-bez-tytulu2006-akryl-plotno-251-x-183-1.jpg 480w, https:\/\/galeriamiejska.pl\/wp-content\/uploads\/2021\/01\/181_eugeniusz-minciel-bez-tytulu2006-akryl-plotno-251-x-183-1-218x300.jpg 218w\" sizes=\"auto, (max-width: 480px) 100vw, 480px\" \/><\/a><figcaption class=\"blocks-gallery-item__caption\">Eugeniusz Minciel, Bez tytu\u0142u,2006, akryl, p\u0142\u00f3tno, 251 x 183 <\/figcaption><\/figure><\/li><li class=\"blocks-gallery-item\"><figure><a href=\"https:\/\/galeriamiejska.pl\/wp-content\/uploads\/2021\/01\/181_eugeniusz-minciel-bez-tytulu-2004-technika-wlasna-plotno-210-x-210-1.jpg\"><img loading=\"lazy\" decoding=\"async\" width=\"660\" height=\"660\" src=\"https:\/\/galeriamiejska.pl\/wp-content\/uploads\/2021\/01\/181_eugeniusz-minciel-bez-tytulu-2004-technika-wlasna-plotno-210-x-210-1.jpg\" alt=\"\" data-id=\"2993\" data-full-url=\"https:\/\/galeriamiejska.pl\/wp-content\/uploads\/2021\/01\/181_eugeniusz-minciel-bez-tytulu-2004-technika-wlasna-plotno-210-x-210-1.jpg\" data-link=\"https:\/\/galeriamiejska.pl\/en\/eugeniusz-minciel\/181_eugeniusz-minciel-bez-tytulu-2004-technika-wlasna-plotno-210-x-210-2\/\" class=\"wp-image-2993\" srcset=\"https:\/\/galeriamiejska.pl\/wp-content\/uploads\/2021\/01\/181_eugeniusz-minciel-bez-tytulu-2004-technika-wlasna-plotno-210-x-210-1.jpg 660w, https:\/\/galeriamiejska.pl\/wp-content\/uploads\/2021\/01\/181_eugeniusz-minciel-bez-tytulu-2004-technika-wlasna-plotno-210-x-210-1-300x300.jpg 300w, https:\/\/galeriamiejska.pl\/wp-content\/uploads\/2021\/01\/181_eugeniusz-minciel-bez-tytulu-2004-technika-wlasna-plotno-210-x-210-1-400x400.jpg 400w\" sizes=\"auto, (max-width: 660px) 100vw, 660px\" \/><\/a><figcaption class=\"blocks-gallery-item__caption\">Eugeniusz Minciel, Bez tytu\u0142u, 2004, technika w\u0142asna, p\u0142\u00f3tno, 210 x 210 <\/figcaption><\/figure><\/li><li class=\"blocks-gallery-item\"><figure><a href=\"https:\/\/galeriamiejska.pl\/wp-content\/uploads\/2021\/01\/181_eugeniusz-minciel-5-dni-jonskich-1989-akryl-plotno-280-x-370-1.jpg\"><img loading=\"lazy\" decoding=\"async\" width=\"660\" height=\"468\" src=\"https:\/\/galeriamiejska.pl\/wp-content\/uploads\/2021\/01\/181_eugeniusz-minciel-5-dni-jonskich-1989-akryl-plotno-280-x-370-1.jpg\" alt=\"\" data-id=\"2992\" data-full-url=\"https:\/\/galeriamiejska.pl\/wp-content\/uploads\/2021\/01\/181_eugeniusz-minciel-5-dni-jonskich-1989-akryl-plotno-280-x-370-1.jpg\" data-link=\"https:\/\/galeriamiejska.pl\/en\/eugeniusz-minciel\/181_eugeniusz-minciel-5-dni-jonskich-1989-akryl-plotno-280-x-370-2\/\" class=\"wp-image-2992\" srcset=\"https:\/\/galeriamiejska.pl\/wp-content\/uploads\/2021\/01\/181_eugeniusz-minciel-5-dni-jonskich-1989-akryl-plotno-280-x-370-1.jpg 660w, https:\/\/galeriamiejska.pl\/wp-content\/uploads\/2021\/01\/181_eugeniusz-minciel-5-dni-jonskich-1989-akryl-plotno-280-x-370-1-300x213.jpg 300w\" sizes=\"auto, (max-width: 660px) 100vw, 660px\" \/><\/a><figcaption class=\"blocks-gallery-item__caption\">Eugeniusz Minciel, 5 dni Jo\u0144skich, 1989, akryl, p\u0142\u00f3tno, 280 x 370 <\/figcaption><\/figure><\/li><li class=\"blocks-gallery-item\"><figure><a href=\"https:\/\/galeriamiejska.pl\/wp-content\/uploads\/2021\/01\/181_eugeniusz-minciel-transfer-2008-akryl-plotno-210-x-187.jpg\"><img loading=\"lazy\" decoding=\"async\" width=\"586\" height=\"660\" src=\"https:\/\/galeriamiejska.pl\/wp-content\/uploads\/2021\/01\/181_eugeniusz-minciel-transfer-2008-akryl-plotno-210-x-187.jpg\" alt=\"\" data-id=\"2991\" data-full-url=\"https:\/\/galeriamiejska.pl\/wp-content\/uploads\/2021\/01\/181_eugeniusz-minciel-transfer-2008-akryl-plotno-210-x-187.jpg\" data-link=\"https:\/\/galeriamiejska.pl\/en\/eugeniusz-minciel\/181_eugeniusz-minciel-transfer-2008-akryl-plotno-210-x-187\/\" class=\"wp-image-2991\" srcset=\"https:\/\/galeriamiejska.pl\/wp-content\/uploads\/2021\/01\/181_eugeniusz-minciel-transfer-2008-akryl-plotno-210-x-187.jpg 586w, https:\/\/galeriamiejska.pl\/wp-content\/uploads\/2021\/01\/181_eugeniusz-minciel-transfer-2008-akryl-plotno-210-x-187-266x300.jpg 266w\" sizes=\"auto, (max-width: 586px) 100vw, 586px\" \/><\/a><figcaption class=\"blocks-gallery-item__caption\">Eugeniusz Minciel, Transfer, 2008, akryl, p\u0142\u00f3tno, 210 x 187 <\/figcaption><\/figure><\/li><li class=\"blocks-gallery-item\"><figure><a href=\"https:\/\/galeriamiejska.pl\/wp-content\/uploads\/2021\/01\/181_eugeniusz-minciel-the-surge-1983-akryl-plotno-190-x-140-1.jpg\"><img loading=\"lazy\" decoding=\"async\" width=\"486\" height=\"660\" src=\"https:\/\/galeriamiejska.pl\/wp-content\/uploads\/2021\/01\/181_eugeniusz-minciel-the-surge-1983-akryl-plotno-190-x-140-1.jpg\" alt=\"\" data-id=\"2990\" data-full-url=\"https:\/\/galeriamiejska.pl\/wp-content\/uploads\/2021\/01\/181_eugeniusz-minciel-the-surge-1983-akryl-plotno-190-x-140-1.jpg\" data-link=\"https:\/\/galeriamiejska.pl\/en\/eugeniusz-minciel\/181_eugeniusz-minciel-the-surge-1983-akryl-plotno-190-x-140-2\/\" class=\"wp-image-2990\" srcset=\"https:\/\/galeriamiejska.pl\/wp-content\/uploads\/2021\/01\/181_eugeniusz-minciel-the-surge-1983-akryl-plotno-190-x-140-1.jpg 486w, https:\/\/galeriamiejska.pl\/wp-content\/uploads\/2021\/01\/181_eugeniusz-minciel-the-surge-1983-akryl-plotno-190-x-140-1-221x300.jpg 221w\" sizes=\"auto, (max-width: 486px) 100vw, 486px\" \/><\/a><figcaption class=\"blocks-gallery-item__caption\">Eugeniusz Minciel, The surge, 1983, akryl, p\u0142\u00f3tno, 190 x 140 <\/figcaption><\/figure><\/li><li class=\"blocks-gallery-item\"><figure><a href=\"https:\/\/galeriamiejska.pl\/wp-content\/uploads\/2021\/01\/181_eugeniusz-minciel-the-cup-and-hangover-1988-akryl-plotno200-x-145-1.jpg\"><img loading=\"lazy\" decoding=\"async\" width=\"470\" height=\"660\" src=\"https:\/\/galeriamiejska.pl\/wp-content\/uploads\/2021\/01\/181_eugeniusz-minciel-the-cup-and-hangover-1988-akryl-plotno200-x-145-1.jpg\" alt=\"\" data-id=\"2989\" data-full-url=\"https:\/\/galeriamiejska.pl\/wp-content\/uploads\/2021\/01\/181_eugeniusz-minciel-the-cup-and-hangover-1988-akryl-plotno200-x-145-1.jpg\" data-link=\"https:\/\/galeriamiejska.pl\/en\/eugeniusz-minciel\/181_eugeniusz-minciel-the-cup-and-hangover-1988-akryl-plotno200-x-145-2\/\" class=\"wp-image-2989\" srcset=\"https:\/\/galeriamiejska.pl\/wp-content\/uploads\/2021\/01\/181_eugeniusz-minciel-the-cup-and-hangover-1988-akryl-plotno200-x-145-1.jpg 470w, https:\/\/galeriamiejska.pl\/wp-content\/uploads\/2021\/01\/181_eugeniusz-minciel-the-cup-and-hangover-1988-akryl-plotno200-x-145-1-214x300.jpg 214w\" sizes=\"auto, (max-width: 470px) 100vw, 470px\" \/><\/a><figcaption class=\"blocks-gallery-item__caption\">Eugeniusz Minciel, The Cup and Hangover, 1988, akryl, p\u0142\u00f3tno,200 x 145 <\/figcaption><\/figure><\/li><li class=\"blocks-gallery-item\"><figure><a href=\"https:\/\/galeriamiejska.pl\/wp-content\/uploads\/2021\/01\/181_eugeniusz-minciel-the-burning-chair-1985-akryl-plotno-180-x-130-1.jpg\"><img loading=\"lazy\" decoding=\"async\" width=\"477\" height=\"660\" src=\"https:\/\/galeriamiejska.pl\/wp-content\/uploads\/2021\/01\/181_eugeniusz-minciel-the-burning-chair-1985-akryl-plotno-180-x-130-1.jpg\" alt=\"\" data-id=\"2988\" data-full-url=\"https:\/\/galeriamiejska.pl\/wp-content\/uploads\/2021\/01\/181_eugeniusz-minciel-the-burning-chair-1985-akryl-plotno-180-x-130-1.jpg\" data-link=\"https:\/\/galeriamiejska.pl\/en\/eugeniusz-minciel\/181_eugeniusz-minciel-the-burning-chair-1985-akryl-plotno-180-x-130-2\/\" class=\"wp-image-2988\" srcset=\"https:\/\/galeriamiejska.pl\/wp-content\/uploads\/2021\/01\/181_eugeniusz-minciel-the-burning-chair-1985-akryl-plotno-180-x-130-1.jpg 477w, https:\/\/galeriamiejska.pl\/wp-content\/uploads\/2021\/01\/181_eugeniusz-minciel-the-burning-chair-1985-akryl-plotno-180-x-130-1-217x300.jpg 217w\" sizes=\"auto, (max-width: 477px) 100vw, 477px\" \/><\/a><figcaption class=\"blocks-gallery-item__caption\">Eugeniusz Minciel, The burning chair, 1985, akryl, p\u0142\u00f3tno, 180 x 130 <\/figcaption><\/figure><\/li><li class=\"blocks-gallery-item\"><figure><a href=\"https:\/\/galeriamiejska.pl\/wp-content\/uploads\/2021\/01\/181_eugeniusz-minciel-self-immolation-1987-akryl-plotno-200-x-140-1.jpg\"><img loading=\"lazy\" decoding=\"async\" width=\"461\" height=\"660\" src=\"https:\/\/galeriamiejska.pl\/wp-content\/uploads\/2021\/01\/181_eugeniusz-minciel-self-immolation-1987-akryl-plotno-200-x-140-1.jpg\" alt=\"\" data-id=\"2987\" data-full-url=\"https:\/\/galeriamiejska.pl\/wp-content\/uploads\/2021\/01\/181_eugeniusz-minciel-self-immolation-1987-akryl-plotno-200-x-140-1.jpg\" data-link=\"https:\/\/galeriamiejska.pl\/en\/eugeniusz-minciel\/181_eugeniusz-minciel-self-immolation-1987-akryl-plotno-200-x-140-2\/\" class=\"wp-image-2987\" srcset=\"https:\/\/galeriamiejska.pl\/wp-content\/uploads\/2021\/01\/181_eugeniusz-minciel-self-immolation-1987-akryl-plotno-200-x-140-1.jpg 461w, https:\/\/galeriamiejska.pl\/wp-content\/uploads\/2021\/01\/181_eugeniusz-minciel-self-immolation-1987-akryl-plotno-200-x-140-1-210x300.jpg 210w\" sizes=\"auto, (max-width: 461px) 100vw, 461px\" \/><\/a><figcaption class=\"blocks-gallery-item__caption\">Eugeniusz Minciel, Self-immolation, 1987, akryl, p\u0142\u00f3tno, 200 x 140 <\/figcaption><\/figure><\/li><\/ul><\/figure>\n","protected":false,"raw":"<!-- wp:eedee\/block-gutenslider {\"gsBlockId\":\"lf0byjciq\",\"media\":[{\"alt\":\"\",\"id\":\"3004\",\"link\":\"https:\/\/galeriamiejska.pl\/en\/eugeniusz-minciel\/181_eugeniusz-minciel-read-people-of-minciel-destroyed-painting-1987-akryl-plotno-220-x-240-2\/\",\"caption\":\"Eugeniusz Minciel, Read People of Minciel destroyed painting, 1987, akryl, p\u0142\u00f3tno, 220 x 240 \",\"type\":\"image\",\"url\":\"https:\/\/galeriamiejska.pl\/wp-content\/uploads\/2021\/01\/181_eugeniusz-minciel-read-people-of-minciel-destroyed-painting-1987-akryl-plotno-220-x-240-1.jpg\",\"fullUrl\":\"https:\/\/galeriamiejska.pl\/wp-content\/uploads\/2021\/01\/181_eugeniusz-minciel-read-people-of-minciel-destroyed-painting-1987-akryl-plotno-220-x-240-1.jpg\"},{\"alt\":\"\",\"id\":\"3003\",\"link\":\"https:\/\/galeriamiejska.pl\/en\/eugeniusz-minciel\/181_eugeniusz-minciel-piec-palcow-tonie-2010-akryl-plotno-200-x-272\/\",\"caption\":\"Eugeniusz Minciel, Pi\u0119\u0107 palc\u00f3w tonie, 2010, akryl, p\u0142\u00f3tno, 200 x 272 \",\"type\":\"image\",\"url\":\"https:\/\/galeriamiejska.pl\/wp-content\/uploads\/2021\/01\/181_eugeniusz-minciel-piec-palcow-tonie-2010-akryl-plotno-200-x-272.jpg\",\"fullUrl\":\"https:\/\/galeriamiejska.pl\/wp-content\/uploads\/2021\/01\/181_eugeniusz-minciel-piec-palcow-tonie-2010-akryl-plotno-200-x-272.jpg\"},{\"alt\":\"\",\"id\":\"3002\",\"link\":\"https:\/\/galeriamiejska.pl\/en\/eugeniusz-minciel\/181_eugeniusz-minciel-oh-providence-1995-akryl-plotno-162-x-270-2\/\",\"caption\":\"Eugeniusz Minciel, Oh Providence, 1995, akryl, p\u0142\u00f3tno, 162 x 270 \",\"type\":\"image\",\"url\":\"https:\/\/galeriamiejska.pl\/wp-content\/uploads\/2021\/01\/181_eugeniusz-minciel-oh-providence-1995-akryl-plotno-162-x-270-1.jpg\",\"fullUrl\":\"https:\/\/galeriamiejska.pl\/wp-content\/uploads\/2021\/01\/181_eugeniusz-minciel-oh-providence-1995-akryl-plotno-162-x-270-1.jpg\"},{\"alt\":\"\",\"id\":\"3001\",\"link\":\"https:\/\/galeriamiejska.pl\/en\/eugeniusz-minciel\/181_eugeniusz-minciel-oh-miles-1988-akryl-plotno-150-x-145-2\/\",\"caption\":\"Eugeniusz Minciel, Oh Miles, 1988, akryl, p\u0142\u00f3tno, 150 x 145 \",\"type\":\"image\",\"url\":\"https:\/\/galeriamiejska.pl\/wp-content\/uploads\/2021\/01\/181_eugeniusz-minciel-oh-miles-1988-akryl-plotno-150-x-145-1.jpg\",\"fullUrl\":\"https:\/\/galeriamiejska.pl\/wp-content\/uploads\/2021\/01\/181_eugeniusz-minciel-oh-miles-1988-akryl-plotno-150-x-145-1.jpg\"},{\"alt\":\"\",\"id\":\"3000\",\"link\":\"https:\/\/galeriamiejska.pl\/en\/eugeniusz-minciel\/181_eugeniusz-minciel-kometa-2006-akryl-plotno-204-x-341-2\/\",\"caption\":\"Eugeniusz Minciel, Kometa, 2006, akryl, p\u0142\u00f3tno, 204 x 341 \",\"type\":\"image\",\"url\":\"https:\/\/galeriamiejska.pl\/wp-content\/uploads\/2021\/01\/181_eugeniusz-minciel-kometa-2006-akryl-plotno-204-x-341-1.jpg\",\"fullUrl\":\"https:\/\/galeriamiejska.pl\/wp-content\/uploads\/2021\/01\/181_eugeniusz-minciel-kometa-2006-akryl-plotno-204-x-341-1.jpg\"},{\"alt\":\"\",\"id\":\"2999\",\"link\":\"https:\/\/galeriamiejska.pl\/en\/eugeniusz-minciel\/181_eugeniusz-minciel-inter-dying-1988-akryl-plotno-200-x-400-2\/\",\"caption\":\"Eugeniusz Minciel, Inter-dying, 1988, akryl, p\u0142\u00f3tno, 200 x 400 \",\"type\":\"image\",\"url\":\"https:\/\/galeriamiejska.pl\/wp-content\/uploads\/2021\/01\/181_eugeniusz-minciel-inter-dying-1988-akryl-plotno-200-x-400-1.jpg\",\"fullUrl\":\"https:\/\/galeriamiejska.pl\/wp-content\/uploads\/2021\/01\/181_eugeniusz-minciel-inter-dying-1988-akryl-plotno-200-x-400-1.jpg\"},{\"alt\":\"\",\"id\":\"2998\",\"link\":\"https:\/\/galeriamiejska.pl\/en\/eugeniusz-minciel\/181_eugeniusz-minciel-bez-tytulu-2010-akryl-plotno-201-x-270\/\",\"caption\":\"Eugeniusz Minciel, Bez tytu\u0142u, 2010, akryl, p\u0142\u00f3tno, 201 x 270 \",\"type\":\"image\",\"url\":\"https:\/\/galeriamiejska.pl\/wp-content\/uploads\/2021\/01\/181_eugeniusz-minciel-bez-tytulu-2010-akryl-plotno-201-x-270.jpg\",\"fullUrl\":\"https:\/\/galeriamiejska.pl\/wp-content\/uploads\/2021\/01\/181_eugeniusz-minciel-bez-tytulu-2010-akryl-plotno-201-x-270.jpg\"},{\"alt\":\"\",\"id\":\"2997\",\"link\":\"https:\/\/galeriamiejska.pl\/en\/eugeniusz-minciel\/181_eugeniusz-minciel-bez-tytulu-2009-akryl-plotno-210-x-210\/\",\"caption\":\"Eugeniusz Minciel, Bez tytu\u0142u, 2009, akryl, p\u0142\u00f3tno, 210 x 210 \",\"type\":\"image\",\"url\":\"https:\/\/galeriamiejska.pl\/wp-content\/uploads\/2021\/01\/181_eugeniusz-minciel-bez-tytulu-2009-akryl-plotno-210-x-210.jpg\",\"fullUrl\":\"https:\/\/galeriamiejska.pl\/wp-content\/uploads\/2021\/01\/181_eugeniusz-minciel-bez-tytulu-2009-akryl-plotno-210-x-210.jpg\"},{\"alt\":\"\",\"id\":\"2996\",\"link\":\"https:\/\/galeriamiejska.pl\/en\/eugeniusz-minciel\/181_eugeniusz-minciel-bez-tytulu-2008-akryl-plotno-200-x-220\/\",\"caption\":\"Eugeniusz Minciel, Bez tytu\u0142u, 2008, akryl, p\u0142\u00f3tno, 200 x 220 \",\"type\":\"image\",\"url\":\"https:\/\/galeriamiejska.pl\/wp-content\/uploads\/2021\/01\/181_eugeniusz-minciel-bez-tytulu-2008-akryl-plotno-200-x-220.jpg\",\"fullUrl\":\"https:\/\/galeriamiejska.pl\/wp-content\/uploads\/2021\/01\/181_eugeniusz-minciel-bez-tytulu-2008-akryl-plotno-200-x-220.jpg\"},{\"alt\":\"\",\"id\":\"2995\",\"link\":\"https:\/\/galeriamiejska.pl\/en\/eugeniusz-minciel\/181_eugeniusz-minciel-bez-tytulu-2007-akryl-plotno-220-x-206-2\/\",\"caption\":\"Eugeniusz Minciel, Bez tytu\u0142u, 2007, akryl, p\u0142\u00f3tno, 220 x 206 \",\"type\":\"image\",\"url\":\"https:\/\/galeriamiejska.pl\/wp-content\/uploads\/2021\/01\/181_eugeniusz-minciel-bez-tytulu-2007-akryl-plotno-220-x-206-1.jpg\",\"fullUrl\":\"https:\/\/galeriamiejska.pl\/wp-content\/uploads\/2021\/01\/181_eugeniusz-minciel-bez-tytulu-2007-akryl-plotno-220-x-206-1.jpg\"},{\"alt\":\"\",\"id\":\"2994\",\"link\":\"https:\/\/galeriamiejska.pl\/en\/eugeniusz-minciel\/181_eugeniusz-minciel-bez-tytulu2006-akryl-plotno-251-x-183-2\/\",\"caption\":\"Eugeniusz Minciel, Bez tytu\u0142u,2006, akryl, p\u0142\u00f3tno, 251 x 183 \",\"type\":\"image\",\"url\":\"https:\/\/galeriamiejska.pl\/wp-content\/uploads\/2021\/01\/181_eugeniusz-minciel-bez-tytulu2006-akryl-plotno-251-x-183-1.jpg\",\"fullUrl\":\"https:\/\/galeriamiejska.pl\/wp-content\/uploads\/2021\/01\/181_eugeniusz-minciel-bez-tytulu2006-akryl-plotno-251-x-183-1.jpg\"},{\"alt\":\"\",\"id\":\"2993\",\"link\":\"https:\/\/galeriamiejska.pl\/en\/eugeniusz-minciel\/181_eugeniusz-minciel-bez-tytulu-2004-technika-wlasna-plotno-210-x-210-2\/\",\"caption\":\"Eugeniusz Minciel, Bez tytu\u0142u, 2004, technika w\u0142asna, p\u0142\u00f3tno, 210 x 210 \",\"type\":\"image\",\"url\":\"https:\/\/galeriamiejska.pl\/wp-content\/uploads\/2021\/01\/181_eugeniusz-minciel-bez-tytulu-2004-technika-wlasna-plotno-210-x-210-1.jpg\",\"fullUrl\":\"https:\/\/galeriamiejska.pl\/wp-content\/uploads\/2021\/01\/181_eugeniusz-minciel-bez-tytulu-2004-technika-wlasna-plotno-210-x-210-1.jpg\"},{\"alt\":\"\",\"id\":\"2992\",\"link\":\"https:\/\/galeriamiejska.pl\/en\/eugeniusz-minciel\/181_eugeniusz-minciel-5-dni-jonskich-1989-akryl-plotno-280-x-370-2\/\",\"caption\":\"Eugeniusz Minciel, 5 dni Jo\u0144skich, 1989, akryl, p\u0142\u00f3tno, 280 x 370 \",\"type\":\"image\",\"url\":\"https:\/\/galeriamiejska.pl\/wp-content\/uploads\/2021\/01\/181_eugeniusz-minciel-5-dni-jonskich-1989-akryl-plotno-280-x-370-1.jpg\",\"fullUrl\":\"https:\/\/galeriamiejska.pl\/wp-content\/uploads\/2021\/01\/181_eugeniusz-minciel-5-dni-jonskich-1989-akryl-plotno-280-x-370-1.jpg\"},{\"alt\":\"\",\"id\":\"2991\",\"link\":\"https:\/\/galeriamiejska.pl\/en\/eugeniusz-minciel\/181_eugeniusz-minciel-transfer-2008-akryl-plotno-210-x-187\/\",\"caption\":\"Eugeniusz Minciel, Transfer, 2008, akryl, p\u0142\u00f3tno, 210 x 187 \",\"type\":\"image\",\"url\":\"https:\/\/galeriamiejska.pl\/wp-content\/uploads\/2021\/01\/181_eugeniusz-minciel-transfer-2008-akryl-plotno-210-x-187.jpg\",\"fullUrl\":\"https:\/\/galeriamiejska.pl\/wp-content\/uploads\/2021\/01\/181_eugeniusz-minciel-transfer-2008-akryl-plotno-210-x-187.jpg\"},{\"alt\":\"\",\"id\":\"2990\",\"link\":\"https:\/\/galeriamiejska.pl\/en\/eugeniusz-minciel\/181_eugeniusz-minciel-the-surge-1983-akryl-plotno-190-x-140-2\/\",\"caption\":\"Eugeniusz Minciel, The surge, 1983, akryl, p\u0142\u00f3tno, 190 x 140 \",\"type\":\"image\",\"url\":\"https:\/\/galeriamiejska.pl\/wp-content\/uploads\/2021\/01\/181_eugeniusz-minciel-the-surge-1983-akryl-plotno-190-x-140-1.jpg\",\"fullUrl\":\"https:\/\/galeriamiejska.pl\/wp-content\/uploads\/2021\/01\/181_eugeniusz-minciel-the-surge-1983-akryl-plotno-190-x-140-1.jpg\"},{\"alt\":\"\",\"id\":\"2989\",\"link\":\"https:\/\/galeriamiejska.pl\/en\/eugeniusz-minciel\/181_eugeniusz-minciel-the-cup-and-hangover-1988-akryl-plotno200-x-145-2\/\",\"caption\":\"Eugeniusz Minciel, The Cup and Hangover, 1988, akryl, p\u0142\u00f3tno,200 x 145 \",\"type\":\"image\",\"url\":\"https:\/\/galeriamiejska.pl\/wp-content\/uploads\/2021\/01\/181_eugeniusz-minciel-the-cup-and-hangover-1988-akryl-plotno200-x-145-1.jpg\",\"fullUrl\":\"https:\/\/galeriamiejska.pl\/wp-content\/uploads\/2021\/01\/181_eugeniusz-minciel-the-cup-and-hangover-1988-akryl-plotno200-x-145-1.jpg\"},{\"alt\":\"\",\"id\":\"2988\",\"link\":\"https:\/\/galeriamiejska.pl\/en\/eugeniusz-minciel\/181_eugeniusz-minciel-the-burning-chair-1985-akryl-plotno-180-x-130-2\/\",\"caption\":\"Eugeniusz Minciel, The burning chair, 1985, akryl, p\u0142\u00f3tno, 180 x 130 \",\"type\":\"image\",\"url\":\"https:\/\/galeriamiejska.pl\/wp-content\/uploads\/2021\/01\/181_eugeniusz-minciel-the-burning-chair-1985-akryl-plotno-180-x-130-1.jpg\",\"fullUrl\":\"https:\/\/galeriamiejska.pl\/wp-content\/uploads\/2021\/01\/181_eugeniusz-minciel-the-burning-chair-1985-akryl-plotno-180-x-130-1.jpg\"},{\"alt\":\"\",\"id\":\"2987\",\"link\":\"https:\/\/galeriamiejska.pl\/en\/eugeniusz-minciel\/181_eugeniusz-minciel-self-immolation-1987-akryl-plotno-200-x-140-2\/\",\"caption\":\"Eugeniusz Minciel, Self-immolation, 1987, akryl, p\u0142\u00f3tno, 200 x 140 \",\"type\":\"image\",\"url\":\"https:\/\/galeriamiejska.pl\/wp-content\/uploads\/2021\/01\/181_eugeniusz-minciel-self-immolation-1987-akryl-plotno-200-x-140-1.jpg\",\"fullUrl\":\"https:\/\/galeriamiejska.pl\/wp-content\/uploads\/2021\/01\/181_eugeniusz-minciel-self-immolation-1987-akryl-plotno-200-x-140-1.jpg\"}],\"contentMode\":\"fixed\",\"autoplay\":false,\"adaptiveHeight\":true} -->\n<!-- wp:eedee\/block-gutenslide {\"gsBlockId\":\"durz2qy5o\",\"background\":{\"backgroundType\":\"image\",\"backgroundColor\":\"#eeeeee\",\"backgroundOverlayImage\":\"\",\"backgroundOverlayVideo\":\"\",\"backgroundOverlayOpacity\":50,\"backgroundGradient\":{},\"backgroundImage\":{\"alt\":\"\",\"id\":\"3004\",\"link\":\"https:\/\/galeriamiejska.pl\/en\/eugeniusz-minciel\/181_eugeniusz-minciel-read-people-of-minciel-destroyed-painting-1987-akryl-plotno-220-x-240-2\/\",\"caption\":\"Eugeniusz Minciel, Read People of Minciel destroyed painting, 1987, akryl, p\u0142\u00f3tno, 220 x 240 \",\"type\":\"image\",\"url\":\"https:\/\/galeriamiejska.pl\/wp-content\/uploads\/2021\/01\/181_eugeniusz-minciel-read-people-of-minciel-destroyed-painting-1987-akryl-plotno-220-x-240-1.jpg\",\"fullUrl\":\"https:\/\/galeriamiejska.pl\/wp-content\/uploads\/2021\/01\/181_eugeniusz-minciel-read-people-of-minciel-destroyed-painting-1987-akryl-plotno-220-x-240-1.jpg\"},\"backgroundPosition\":\"center center\",\"backgroundRepeat\":\"no-repeat\",\"backgroundImageSize\":\"cover\",\"backgroundVideoSize\":\"cover\",\"customBackgroundColor\":\"\",\"hasParallax\":false,\"backgroundFocalPoint\":{\"x\":0.5,\"y\":0.5},\"backgroundVideoFocalPoint\":{\"x\":0.5,\"y\":0.5},\"backgroundVideo\":{},\"backgroundVideoMuted\":true,\"backgroundVideoLoop\":true,\"backgroundVideoAutoplay\":true,\"openPopover\":true,\"mediaId\":\"3004\"}} -->\n<!-- wp:paragraph {\"align\":\"center\",\"placeholder\":\"Add slide content here\u2026\",\"className\":\"gutenslider-content-initial\",\"fontSize\":\"larger\"} -->\n<p class=\"has-text-align-center gutenslider-content-initial has-larger-font-size\"><\/p>\n<!-- \/wp:paragraph -->\n<!-- \/wp:eedee\/block-gutenslide -->\n\n<!-- wp:eedee\/block-gutenslide {\"gsBlockId\":\"dnzfmvspv\",\"background\":{\"backgroundType\":\"image\",\"backgroundColor\":\"#eeeeee\",\"backgroundOverlayImage\":\"\",\"backgroundOverlayVideo\":\"\",\"backgroundOverlayOpacity\":50,\"backgroundGradient\":{},\"backgroundImage\":{\"alt\":\"\",\"id\":\"3003\",\"link\":\"https:\/\/galeriamiejska.pl\/en\/eugeniusz-minciel\/181_eugeniusz-minciel-piec-palcow-tonie-2010-akryl-plotno-200-x-272\/\",\"caption\":\"Eugeniusz Minciel, Pi\u0119\u0107 palc\u00f3w tonie, 2010, akryl, p\u0142\u00f3tno, 200 x 272 \",\"type\":\"image\",\"url\":\"https:\/\/galeriamiejska.pl\/wp-content\/uploads\/2021\/01\/181_eugeniusz-minciel-piec-palcow-tonie-2010-akryl-plotno-200-x-272.jpg\",\"fullUrl\":\"https:\/\/galeriamiejska.pl\/wp-content\/uploads\/2021\/01\/181_eugeniusz-minciel-piec-palcow-tonie-2010-akryl-plotno-200-x-272.jpg\"},\"backgroundPosition\":\"center center\",\"backgroundRepeat\":\"no-repeat\",\"backgroundImageSize\":\"cover\",\"backgroundVideoSize\":\"cover\",\"customBackgroundColor\":\"\",\"hasParallax\":false,\"backgroundFocalPoint\":{\"x\":0.5,\"y\":0.5},\"backgroundVideoFocalPoint\":{\"x\":0.5,\"y\":0.5},\"backgroundVideo\":{},\"backgroundVideoMuted\":true,\"backgroundVideoLoop\":true,\"backgroundVideoAutoplay\":true,\"openPopover\":true,\"mediaId\":\"3003\"}} -->\n<!-- wp:paragraph {\"align\":\"center\",\"placeholder\":\"Add slide content here\u2026\",\"className\":\"gutenslider-content-initial\",\"fontSize\":\"larger\"} -->\n<p class=\"has-text-align-center gutenslider-content-initial has-larger-font-size\"><\/p>\n<!-- \/wp:paragraph -->\n<!-- \/wp:eedee\/block-gutenslide -->\n\n<!-- wp:eedee\/block-gutenslide {\"gsBlockId\":\"zy1y6wqhv\",\"background\":{\"backgroundType\":\"image\",\"backgroundColor\":\"#eeeeee\",\"backgroundOverlayImage\":\"\",\"backgroundOverlayVideo\":\"\",\"backgroundOverlayOpacity\":50,\"backgroundGradient\":{},\"backgroundImage\":{\"alt\":\"\",\"id\":\"3002\",\"link\":\"https:\/\/galeriamiejska.pl\/en\/eugeniusz-minciel\/181_eugeniusz-minciel-oh-providence-1995-akryl-plotno-162-x-270-2\/\",\"caption\":\"Eugeniusz Minciel, Oh Providence, 1995, akryl, p\u0142\u00f3tno, 162 x 270 \",\"type\":\"image\",\"url\":\"https:\/\/galeriamiejska.pl\/wp-content\/uploads\/2021\/01\/181_eugeniusz-minciel-oh-providence-1995-akryl-plotno-162-x-270-1.jpg\",\"fullUrl\":\"https:\/\/galeriamiejska.pl\/wp-content\/uploads\/2021\/01\/181_eugeniusz-minciel-oh-providence-1995-akryl-plotno-162-x-270-1.jpg\"},\"backgroundPosition\":\"center center\",\"backgroundRepeat\":\"no-repeat\",\"backgroundImageSize\":\"cover\",\"backgroundVideoSize\":\"cover\",\"customBackgroundColor\":\"\",\"hasParallax\":false,\"backgroundFocalPoint\":{\"x\":0.5,\"y\":0.5},\"backgroundVideoFocalPoint\":{\"x\":0.5,\"y\":0.5},\"backgroundVideo\":{},\"backgroundVideoMuted\":true,\"backgroundVideoLoop\":true,\"backgroundVideoAutoplay\":true,\"openPopover\":true,\"mediaId\":\"3002\"}} -->\n<!-- wp:paragraph {\"align\":\"center\",\"placeholder\":\"Add slide content here\u2026\",\"className\":\"gutenslider-content-initial\",\"fontSize\":\"larger\"} -->\n<p class=\"has-text-align-center gutenslider-content-initial has-larger-font-size\"><\/p>\n<!-- \/wp:paragraph -->\n<!-- \/wp:eedee\/block-gutenslide -->\n\n<!-- wp:eedee\/block-gutenslide {\"gsBlockId\":\"6bifx77yd\",\"background\":{\"backgroundType\":\"image\",\"backgroundColor\":\"#eeeeee\",\"backgroundOverlayImage\":\"\",\"backgroundOverlayVideo\":\"\",\"backgroundOverlayOpacity\":50,\"backgroundGradient\":{},\"backgroundImage\":{\"alt\":\"\",\"id\":\"3001\",\"link\":\"https:\/\/galeriamiejska.pl\/en\/eugeniusz-minciel\/181_eugeniusz-minciel-oh-miles-1988-akryl-plotno-150-x-145-2\/\",\"caption\":\"Eugeniusz Minciel, Oh Miles, 1988, akryl, p\u0142\u00f3tno, 150 x 145 \",\"type\":\"image\",\"url\":\"https:\/\/galeriamiejska.pl\/wp-content\/uploads\/2021\/01\/181_eugeniusz-minciel-oh-miles-1988-akryl-plotno-150-x-145-1.jpg\",\"fullUrl\":\"https:\/\/galeriamiejska.pl\/wp-content\/uploads\/2021\/01\/181_eugeniusz-minciel-oh-miles-1988-akryl-plotno-150-x-145-1.jpg\"},\"backgroundPosition\":\"center center\",\"backgroundRepeat\":\"no-repeat\",\"backgroundImageSize\":\"cover\",\"backgroundVideoSize\":\"cover\",\"customBackgroundColor\":\"\",\"hasParallax\":false,\"backgroundFocalPoint\":{\"x\":0.5,\"y\":0.5},\"backgroundVideoFocalPoint\":{\"x\":0.5,\"y\":0.5},\"backgroundVideo\":{},\"backgroundVideoMuted\":true,\"backgroundVideoLoop\":true,\"backgroundVideoAutoplay\":true,\"openPopover\":true,\"mediaId\":\"3001\"}} -->\n<!-- wp:paragraph {\"align\":\"center\",\"placeholder\":\"Add slide content here\u2026\",\"className\":\"gutenslider-content-initial\",\"fontSize\":\"larger\"} -->\n<p class=\"has-text-align-center gutenslider-content-initial has-larger-font-size\"><\/p>\n<!-- \/wp:paragraph -->\n<!-- \/wp:eedee\/block-gutenslide -->\n\n<!-- wp:eedee\/block-gutenslide {\"gsBlockId\":\"wfn8p1s0t\",\"background\":{\"backgroundType\":\"image\",\"backgroundColor\":\"#eeeeee\",\"backgroundOverlayImage\":\"\",\"backgroundOverlayVideo\":\"\",\"backgroundOverlayOpacity\":50,\"backgroundGradient\":{},\"backgroundImage\":{\"alt\":\"\",\"id\":\"3000\",\"link\":\"https:\/\/galeriamiejska.pl\/en\/eugeniusz-minciel\/181_eugeniusz-minciel-kometa-2006-akryl-plotno-204-x-341-2\/\",\"caption\":\"Eugeniusz Minciel, Kometa, 2006, akryl, p\u0142\u00f3tno, 204 x 341 \",\"type\":\"image\",\"url\":\"https:\/\/galeriamiejska.pl\/wp-content\/uploads\/2021\/01\/181_eugeniusz-minciel-kometa-2006-akryl-plotno-204-x-341-1.jpg\",\"fullUrl\":\"https:\/\/galeriamiejska.pl\/wp-content\/uploads\/2021\/01\/181_eugeniusz-minciel-kometa-2006-akryl-plotno-204-x-341-1.jpg\"},\"backgroundPosition\":\"center center\",\"backgroundRepeat\":\"no-repeat\",\"backgroundImageSize\":\"cover\",\"backgroundVideoSize\":\"cover\",\"customBackgroundColor\":\"\",\"hasParallax\":false,\"backgroundFocalPoint\":{\"x\":0.5,\"y\":0.5},\"backgroundVideoFocalPoint\":{\"x\":0.5,\"y\":0.5},\"backgroundVideo\":{},\"backgroundVideoMuted\":true,\"backgroundVideoLoop\":true,\"backgroundVideoAutoplay\":true,\"openPopover\":true,\"mediaId\":\"3000\"}} -->\n<!-- wp:paragraph {\"align\":\"center\",\"placeholder\":\"Add slide content here\u2026\",\"className\":\"gutenslider-content-initial\",\"fontSize\":\"larger\"} -->\n<p class=\"has-text-align-center gutenslider-content-initial has-larger-font-size\"><\/p>\n<!-- \/wp:paragraph -->\n<!-- \/wp:eedee\/block-gutenslide -->\n\n<!-- wp:eedee\/block-gutenslide {\"gsBlockId\":\"mfe16q8dc\",\"background\":{\"backgroundType\":\"image\",\"backgroundColor\":\"#eeeeee\",\"backgroundOverlayImage\":\"\",\"backgroundOverlayVideo\":\"\",\"backgroundOverlayOpacity\":50,\"backgroundGradient\":{},\"backgroundImage\":{\"alt\":\"\",\"id\":\"2999\",\"link\":\"https:\/\/galeriamiejska.pl\/en\/eugeniusz-minciel\/181_eugeniusz-minciel-inter-dying-1988-akryl-plotno-200-x-400-2\/\",\"caption\":\"Eugeniusz Minciel, Inter-dying, 1988, akryl, p\u0142\u00f3tno, 200 x 400 \",\"type\":\"image\",\"url\":\"https:\/\/galeriamiejska.pl\/wp-content\/uploads\/2021\/01\/181_eugeniusz-minciel-inter-dying-1988-akryl-plotno-200-x-400-1.jpg\",\"fullUrl\":\"https:\/\/galeriamiejska.pl\/wp-content\/uploads\/2021\/01\/181_eugeniusz-minciel-inter-dying-1988-akryl-plotno-200-x-400-1.jpg\"},\"backgroundPosition\":\"center center\",\"backgroundRepeat\":\"no-repeat\",\"backgroundImageSize\":\"cover\",\"backgroundVideoSize\":\"cover\",\"customBackgroundColor\":\"\",\"hasParallax\":false,\"backgroundFocalPoint\":{\"x\":0.5,\"y\":0.5},\"backgroundVideoFocalPoint\":{\"x\":0.5,\"y\":0.5},\"backgroundVideo\":{},\"backgroundVideoMuted\":true,\"backgroundVideoLoop\":true,\"backgroundVideoAutoplay\":true,\"openPopover\":true,\"mediaId\":\"2999\"}} -->\n<!-- wp:paragraph {\"align\":\"center\",\"placeholder\":\"Add slide content here\u2026\",\"className\":\"gutenslider-content-initial\",\"fontSize\":\"larger\"} -->\n<p class=\"has-text-align-center gutenslider-content-initial has-larger-font-size\"><\/p>\n<!-- \/wp:paragraph -->\n<!-- \/wp:eedee\/block-gutenslide -->\n\n<!-- wp:eedee\/block-gutenslide {\"gsBlockId\":\"e3r4ikt8e\",\"background\":{\"backgroundType\":\"image\",\"backgroundColor\":\"#eeeeee\",\"backgroundOverlayImage\":\"\",\"backgroundOverlayVideo\":\"\",\"backgroundOverlayOpacity\":50,\"backgroundGradient\":{},\"backgroundImage\":{\"alt\":\"\",\"id\":\"2998\",\"link\":\"https:\/\/galeriamiejska.pl\/en\/eugeniusz-minciel\/181_eugeniusz-minciel-bez-tytulu-2010-akryl-plotno-201-x-270\/\",\"caption\":\"Eugeniusz Minciel, Bez tytu\u0142u, 2010, akryl, p\u0142\u00f3tno, 201 x 270 \",\"type\":\"image\",\"url\":\"https:\/\/galeriamiejska.pl\/wp-content\/uploads\/2021\/01\/181_eugeniusz-minciel-bez-tytulu-2010-akryl-plotno-201-x-270.jpg\",\"fullUrl\":\"https:\/\/galeriamiejska.pl\/wp-content\/uploads\/2021\/01\/181_eugeniusz-minciel-bez-tytulu-2010-akryl-plotno-201-x-270.jpg\"},\"backgroundPosition\":\"center center\",\"backgroundRepeat\":\"no-repeat\",\"backgroundImageSize\":\"cover\",\"backgroundVideoSize\":\"cover\",\"customBackgroundColor\":\"\",\"hasParallax\":false,\"backgroundFocalPoint\":{\"x\":0.5,\"y\":0.5},\"backgroundVideoFocalPoint\":{\"x\":0.5,\"y\":0.5},\"backgroundVideo\":{},\"backgroundVideoMuted\":true,\"backgroundVideoLoop\":true,\"backgroundVideoAutoplay\":true,\"openPopover\":true,\"mediaId\":\"2998\"}} -->\n<!-- wp:paragraph {\"align\":\"center\",\"placeholder\":\"Add slide content here\u2026\",\"className\":\"gutenslider-content-initial\",\"fontSize\":\"larger\"} -->\n<p class=\"has-text-align-center gutenslider-content-initial has-larger-font-size\"><\/p>\n<!-- \/wp:paragraph -->\n<!-- \/wp:eedee\/block-gutenslide -->\n\n<!-- wp:eedee\/block-gutenslide {\"gsBlockId\":\"rsfe7vqty\",\"background\":{\"backgroundType\":\"image\",\"backgroundColor\":\"#eeeeee\",\"backgroundOverlayImage\":\"\",\"backgroundOverlayVideo\":\"\",\"backgroundOverlayOpacity\":50,\"backgroundGradient\":{},\"backgroundImage\":{\"alt\":\"\",\"id\":\"2997\",\"link\":\"https:\/\/galeriamiejska.pl\/en\/eugeniusz-minciel\/181_eugeniusz-minciel-bez-tytulu-2009-akryl-plotno-210-x-210\/\",\"caption\":\"Eugeniusz Minciel, Bez tytu\u0142u, 2009, akryl, p\u0142\u00f3tno, 210 x 210 \",\"type\":\"image\",\"url\":\"https:\/\/galeriamiejska.pl\/wp-content\/uploads\/2021\/01\/181_eugeniusz-minciel-bez-tytulu-2009-akryl-plotno-210-x-210.jpg\",\"fullUrl\":\"https:\/\/galeriamiejska.pl\/wp-content\/uploads\/2021\/01\/181_eugeniusz-minciel-bez-tytulu-2009-akryl-plotno-210-x-210.jpg\"},\"backgroundPosition\":\"center center\",\"backgroundRepeat\":\"no-repeat\",\"backgroundImageSize\":\"cover\",\"backgroundVideoSize\":\"cover\",\"customBackgroundColor\":\"\",\"hasParallax\":false,\"backgroundFocalPoint\":{\"x\":0.5,\"y\":0.5},\"backgroundVideoFocalPoint\":{\"x\":0.5,\"y\":0.5},\"backgroundVideo\":{},\"backgroundVideoMuted\":true,\"backgroundVideoLoop\":true,\"backgroundVideoAutoplay\":true,\"openPopover\":true,\"mediaId\":\"2997\"}} -->\n<!-- wp:paragraph {\"align\":\"center\",\"placeholder\":\"Add slide content here\u2026\",\"className\":\"gutenslider-content-initial\",\"fontSize\":\"larger\"} -->\n<p class=\"has-text-align-center gutenslider-content-initial has-larger-font-size\"><\/p>\n<!-- \/wp:paragraph -->\n<!-- \/wp:eedee\/block-gutenslide -->\n\n<!-- wp:eedee\/block-gutenslide {\"gsBlockId\":\"8becxxl4q\",\"background\":{\"backgroundType\":\"image\",\"backgroundColor\":\"#eeeeee\",\"backgroundOverlayImage\":\"\",\"backgroundOverlayVideo\":\"\",\"backgroundOverlayOpacity\":50,\"backgroundGradient\":{},\"backgroundImage\":{\"alt\":\"\",\"id\":\"2996\",\"link\":\"https:\/\/galeriamiejska.pl\/en\/eugeniusz-minciel\/181_eugeniusz-minciel-bez-tytulu-2008-akryl-plotno-200-x-220\/\",\"caption\":\"Eugeniusz Minciel, Bez tytu\u0142u, 2008, akryl, p\u0142\u00f3tno, 200 x 220 \",\"type\":\"image\",\"url\":\"https:\/\/galeriamiejska.pl\/wp-content\/uploads\/2021\/01\/181_eugeniusz-minciel-bez-tytulu-2008-akryl-plotno-200-x-220.jpg\",\"fullUrl\":\"https:\/\/galeriamiejska.pl\/wp-content\/uploads\/2021\/01\/181_eugeniusz-minciel-bez-tytulu-2008-akryl-plotno-200-x-220.jpg\"},\"backgroundPosition\":\"center center\",\"backgroundRepeat\":\"no-repeat\",\"backgroundImageSize\":\"cover\",\"backgroundVideoSize\":\"cover\",\"customBackgroundColor\":\"\",\"hasParallax\":false,\"backgroundFocalPoint\":{\"x\":0.5,\"y\":0.5},\"backgroundVideoFocalPoint\":{\"x\":0.5,\"y\":0.5},\"backgroundVideo\":{},\"backgroundVideoMuted\":true,\"backgroundVideoLoop\":true,\"backgroundVideoAutoplay\":true,\"openPopover\":true,\"mediaId\":\"2996\"}} -->\n<!-- wp:paragraph {\"align\":\"center\",\"placeholder\":\"Add slide content here\u2026\",\"className\":\"gutenslider-content-initial\",\"fontSize\":\"larger\"} -->\n<p class=\"has-text-align-center gutenslider-content-initial has-larger-font-size\"><\/p>\n<!-- \/wp:paragraph -->\n<!-- \/wp:eedee\/block-gutenslide -->\n\n<!-- wp:eedee\/block-gutenslide {\"gsBlockId\":\"1eqlayynt\",\"background\":{\"backgroundType\":\"image\",\"backgroundColor\":\"#eeeeee\",\"backgroundOverlayImage\":\"\",\"backgroundOverlayVideo\":\"\",\"backgroundOverlayOpacity\":50,\"backgroundGradient\":{},\"backgroundImage\":{\"alt\":\"\",\"id\":\"2995\",\"link\":\"https:\/\/galeriamiejska.pl\/en\/eugeniusz-minciel\/181_eugeniusz-minciel-bez-tytulu-2007-akryl-plotno-220-x-206-2\/\",\"caption\":\"Eugeniusz Minciel, Bez tytu\u0142u, 2007, akryl, p\u0142\u00f3tno, 220 x 206 \",\"type\":\"image\",\"url\":\"https:\/\/galeriamiejska.pl\/wp-content\/uploads\/2021\/01\/181_eugeniusz-minciel-bez-tytulu-2007-akryl-plotno-220-x-206-1.jpg\",\"fullUrl\":\"https:\/\/galeriamiejska.pl\/wp-content\/uploads\/2021\/01\/181_eugeniusz-minciel-bez-tytulu-2007-akryl-plotno-220-x-206-1.jpg\"},\"backgroundPosition\":\"center center\",\"backgroundRepeat\":\"no-repeat\",\"backgroundImageSize\":\"cover\",\"backgroundVideoSize\":\"cover\",\"customBackgroundColor\":\"\",\"hasParallax\":false,\"backgroundFocalPoint\":{\"x\":0.5,\"y\":0.5},\"backgroundVideoFocalPoint\":{\"x\":0.5,\"y\":0.5},\"backgroundVideo\":{},\"backgroundVideoMuted\":true,\"backgroundVideoLoop\":true,\"backgroundVideoAutoplay\":true,\"openPopover\":true,\"mediaId\":\"2995\"}} -->\n<!-- wp:paragraph {\"align\":\"center\",\"placeholder\":\"Add slide content here\u2026\",\"className\":\"gutenslider-content-initial\",\"fontSize\":\"larger\"} -->\n<p class=\"has-text-align-center gutenslider-content-initial has-larger-font-size\"><\/p>\n<!-- \/wp:paragraph -->\n<!-- \/wp:eedee\/block-gutenslide -->\n\n<!-- wp:eedee\/block-gutenslide {\"gsBlockId\":\"cj25xerwx\",\"background\":{\"backgroundType\":\"image\",\"backgroundColor\":\"#eeeeee\",\"backgroundOverlayImage\":\"\",\"backgroundOverlayVideo\":\"\",\"backgroundOverlayOpacity\":50,\"backgroundGradient\":{},\"backgroundImage\":{\"alt\":\"\",\"id\":\"2994\",\"link\":\"https:\/\/galeriamiejska.pl\/en\/eugeniusz-minciel\/181_eugeniusz-minciel-bez-tytulu2006-akryl-plotno-251-x-183-2\/\",\"caption\":\"Eugeniusz Minciel, Bez tytu\u0142u,2006, akryl, p\u0142\u00f3tno, 251 x 183 \",\"type\":\"image\",\"url\":\"https:\/\/galeriamiejska.pl\/wp-content\/uploads\/2021\/01\/181_eugeniusz-minciel-bez-tytulu2006-akryl-plotno-251-x-183-1.jpg\",\"fullUrl\":\"https:\/\/galeriamiejska.pl\/wp-content\/uploads\/2021\/01\/181_eugeniusz-minciel-bez-tytulu2006-akryl-plotno-251-x-183-1.jpg\"},\"backgroundPosition\":\"center center\",\"backgroundRepeat\":\"no-repeat\",\"backgroundImageSize\":\"cover\",\"backgroundVideoSize\":\"cover\",\"customBackgroundColor\":\"\",\"hasParallax\":false,\"backgroundFocalPoint\":{\"x\":0.5,\"y\":0.5},\"backgroundVideoFocalPoint\":{\"x\":0.5,\"y\":0.5},\"backgroundVideo\":{},\"backgroundVideoMuted\":true,\"backgroundVideoLoop\":true,\"backgroundVideoAutoplay\":true,\"openPopover\":true,\"mediaId\":\"2994\"}} -->\n<!-- wp:paragraph {\"align\":\"center\",\"placeholder\":\"Add slide content here\u2026\",\"className\":\"gutenslider-content-initial\",\"fontSize\":\"larger\"} -->\n<p class=\"has-text-align-center gutenslider-content-initial has-larger-font-size\"><\/p>\n<!-- \/wp:paragraph -->\n<!-- \/wp:eedee\/block-gutenslide -->\n\n<!-- wp:eedee\/block-gutenslide {\"gsBlockId\":\"1hvrr6w31\",\"background\":{\"backgroundType\":\"image\",\"backgroundColor\":\"#eeeeee\",\"backgroundOverlayImage\":\"\",\"backgroundOverlayVideo\":\"\",\"backgroundOverlayOpacity\":50,\"backgroundGradient\":{},\"backgroundImage\":{\"alt\":\"\",\"id\":\"2993\",\"link\":\"https:\/\/galeriamiejska.pl\/en\/eugeniusz-minciel\/181_eugeniusz-minciel-bez-tytulu-2004-technika-wlasna-plotno-210-x-210-2\/\",\"caption\":\"Eugeniusz Minciel, Bez tytu\u0142u, 2004, technika w\u0142asna, p\u0142\u00f3tno, 210 x 210 \",\"type\":\"image\",\"url\":\"https:\/\/galeriamiejska.pl\/wp-content\/uploads\/2021\/01\/181_eugeniusz-minciel-bez-tytulu-2004-technika-wlasna-plotno-210-x-210-1.jpg\",\"fullUrl\":\"https:\/\/galeriamiejska.pl\/wp-content\/uploads\/2021\/01\/181_eugeniusz-minciel-bez-tytulu-2004-technika-wlasna-plotno-210-x-210-1.jpg\"},\"backgroundPosition\":\"center center\",\"backgroundRepeat\":\"no-repeat\",\"backgroundImageSize\":\"cover\",\"backgroundVideoSize\":\"cover\",\"customBackgroundColor\":\"\",\"hasParallax\":false,\"backgroundFocalPoint\":{\"x\":0.5,\"y\":0.5},\"backgroundVideoFocalPoint\":{\"x\":0.5,\"y\":0.5},\"backgroundVideo\":{},\"backgroundVideoMuted\":true,\"backgroundVideoLoop\":true,\"backgroundVideoAutoplay\":true,\"openPopover\":true,\"mediaId\":\"2993\"}} -->\n<!-- wp:paragraph {\"align\":\"center\",\"placeholder\":\"Add slide content here\u2026\",\"className\":\"gutenslider-content-initial\",\"fontSize\":\"larger\"} -->\n<p class=\"has-text-align-center gutenslider-content-initial has-larger-font-size\"><\/p>\n<!-- \/wp:paragraph -->\n<!-- \/wp:eedee\/block-gutenslide -->\n\n<!-- wp:eedee\/block-gutenslide {\"gsBlockId\":\"greq1k0gx\",\"background\":{\"backgroundType\":\"image\",\"backgroundColor\":\"#eeeeee\",\"backgroundOverlayImage\":\"\",\"backgroundOverlayVideo\":\"\",\"backgroundOverlayOpacity\":50,\"backgroundGradient\":{},\"backgroundImage\":{\"alt\":\"\",\"id\":\"2992\",\"link\":\"https:\/\/galeriamiejska.pl\/en\/eugeniusz-minciel\/181_eugeniusz-minciel-5-dni-jonskich-1989-akryl-plotno-280-x-370-2\/\",\"caption\":\"Eugeniusz Minciel, 5 dni Jo\u0144skich, 1989, akryl, p\u0142\u00f3tno, 280 x 370 \",\"type\":\"image\",\"url\":\"https:\/\/galeriamiejska.pl\/wp-content\/uploads\/2021\/01\/181_eugeniusz-minciel-5-dni-jonskich-1989-akryl-plotno-280-x-370-1.jpg\",\"fullUrl\":\"https:\/\/galeriamiejska.pl\/wp-content\/uploads\/2021\/01\/181_eugeniusz-minciel-5-dni-jonskich-1989-akryl-plotno-280-x-370-1.jpg\"},\"backgroundPosition\":\"center center\",\"backgroundRepeat\":\"no-repeat\",\"backgroundImageSize\":\"cover\",\"backgroundVideoSize\":\"cover\",\"customBackgroundColor\":\"\",\"hasParallax\":false,\"backgroundFocalPoint\":{\"x\":0.5,\"y\":0.5},\"backgroundVideoFocalPoint\":{\"x\":0.5,\"y\":0.5},\"backgroundVideo\":{},\"backgroundVideoMuted\":true,\"backgroundVideoLoop\":true,\"backgroundVideoAutoplay\":true,\"openPopover\":true,\"mediaId\":\"2992\"}} -->\n<!-- wp:paragraph {\"align\":\"center\",\"placeholder\":\"Add slide content here\u2026\",\"className\":\"gutenslider-content-initial\",\"fontSize\":\"larger\"} -->\n<p class=\"has-text-align-center gutenslider-content-initial has-larger-font-size\"><\/p>\n<!-- \/wp:paragraph -->\n<!-- \/wp:eedee\/block-gutenslide -->\n\n<!-- wp:eedee\/block-gutenslide {\"gsBlockId\":\"e2nmvcicg\",\"background\":{\"backgroundType\":\"image\",\"backgroundColor\":\"#eeeeee\",\"backgroundOverlayImage\":\"\",\"backgroundOverlayVideo\":\"\",\"backgroundOverlayOpacity\":50,\"backgroundGradient\":{},\"backgroundImage\":{\"alt\":\"\",\"id\":\"2991\",\"link\":\"https:\/\/galeriamiejska.pl\/en\/eugeniusz-minciel\/181_eugeniusz-minciel-transfer-2008-akryl-plotno-210-x-187\/\",\"caption\":\"Eugeniusz Minciel, Transfer, 2008, akryl, p\u0142\u00f3tno, 210 x 187 \",\"type\":\"image\",\"url\":\"https:\/\/galeriamiejska.pl\/wp-content\/uploads\/2021\/01\/181_eugeniusz-minciel-transfer-2008-akryl-plotno-210-x-187.jpg\",\"fullUrl\":\"https:\/\/galeriamiejska.pl\/wp-content\/uploads\/2021\/01\/181_eugeniusz-minciel-transfer-2008-akryl-plotno-210-x-187.jpg\"},\"backgroundPosition\":\"center center\",\"backgroundRepeat\":\"no-repeat\",\"backgroundImageSize\":\"cover\",\"backgroundVideoSize\":\"cover\",\"customBackgroundColor\":\"\",\"hasParallax\":false,\"backgroundFocalPoint\":{\"x\":0.5,\"y\":0.5},\"backgroundVideoFocalPoint\":{\"x\":0.5,\"y\":0.5},\"backgroundVideo\":{},\"backgroundVideoMuted\":true,\"backgroundVideoLoop\":true,\"backgroundVideoAutoplay\":true,\"openPopover\":true,\"mediaId\":\"2991\"}} -->\n<!-- wp:paragraph {\"align\":\"center\",\"placeholder\":\"Add slide content here\u2026\",\"className\":\"gutenslider-content-initial\",\"fontSize\":\"larger\"} -->\n<p class=\"has-text-align-center gutenslider-content-initial has-larger-font-size\"><\/p>\n<!-- \/wp:paragraph -->\n<!-- \/wp:eedee\/block-gutenslide -->\n\n<!-- wp:eedee\/block-gutenslide {\"gsBlockId\":\"rvk6z9jl4\",\"background\":{\"backgroundType\":\"image\",\"backgroundColor\":\"#eeeeee\",\"backgroundOverlayImage\":\"\",\"backgroundOverlayVideo\":\"\",\"backgroundOverlayOpacity\":50,\"backgroundGradient\":{},\"backgroundImage\":{\"alt\":\"\",\"id\":\"2990\",\"link\":\"https:\/\/galeriamiejska.pl\/en\/eugeniusz-minciel\/181_eugeniusz-minciel-the-surge-1983-akryl-plotno-190-x-140-2\/\",\"caption\":\"Eugeniusz Minciel, The surge, 1983, akryl, p\u0142\u00f3tno, 190 x 140 \",\"type\":\"image\",\"url\":\"https:\/\/galeriamiejska.pl\/wp-content\/uploads\/2021\/01\/181_eugeniusz-minciel-the-surge-1983-akryl-plotno-190-x-140-1.jpg\",\"fullUrl\":\"https:\/\/galeriamiejska.pl\/wp-content\/uploads\/2021\/01\/181_eugeniusz-minciel-the-surge-1983-akryl-plotno-190-x-140-1.jpg\"},\"backgroundPosition\":\"center center\",\"backgroundRepeat\":\"no-repeat\",\"backgroundImageSize\":\"cover\",\"backgroundVideoSize\":\"cover\",\"customBackgroundColor\":\"\",\"hasParallax\":false,\"backgroundFocalPoint\":{\"x\":0.5,\"y\":0.5},\"backgroundVideoFocalPoint\":{\"x\":0.5,\"y\":0.5},\"backgroundVideo\":{},\"backgroundVideoMuted\":true,\"backgroundVideoLoop\":true,\"backgroundVideoAutoplay\":true,\"openPopover\":true,\"mediaId\":\"2990\"}} -->\n<!-- wp:paragraph {\"align\":\"center\",\"placeholder\":\"Add slide content here\u2026\",\"className\":\"gutenslider-content-initial\",\"fontSize\":\"larger\"} -->\n<p class=\"has-text-align-center gutenslider-content-initial has-larger-font-size\"><\/p>\n<!-- \/wp:paragraph -->\n<!-- \/wp:eedee\/block-gutenslide -->\n\n<!-- wp:eedee\/block-gutenslide {\"gsBlockId\":\"9exlb0kup\",\"background\":{\"backgroundType\":\"image\",\"backgroundColor\":\"#eeeeee\",\"backgroundOverlayImage\":\"\",\"backgroundOverlayVideo\":\"\",\"backgroundOverlayOpacity\":50,\"backgroundGradient\":{},\"backgroundImage\":{\"alt\":\"\",\"id\":\"2989\",\"link\":\"https:\/\/galeriamiejska.pl\/en\/eugeniusz-minciel\/181_eugeniusz-minciel-the-cup-and-hangover-1988-akryl-plotno200-x-145-2\/\",\"caption\":\"Eugeniusz Minciel, The Cup and Hangover, 1988, akryl, p\u0142\u00f3tno,200 x 145 \",\"type\":\"image\",\"url\":\"https:\/\/galeriamiejska.pl\/wp-content\/uploads\/2021\/01\/181_eugeniusz-minciel-the-cup-and-hangover-1988-akryl-plotno200-x-145-1.jpg\",\"fullUrl\":\"https:\/\/galeriamiejska.pl\/wp-content\/uploads\/2021\/01\/181_eugeniusz-minciel-the-cup-and-hangover-1988-akryl-plotno200-x-145-1.jpg\"},\"backgroundPosition\":\"center center\",\"backgroundRepeat\":\"no-repeat\",\"backgroundImageSize\":\"cover\",\"backgroundVideoSize\":\"cover\",\"customBackgroundColor\":\"\",\"hasParallax\":false,\"backgroundFocalPoint\":{\"x\":0.5,\"y\":0.5},\"backgroundVideoFocalPoint\":{\"x\":0.5,\"y\":0.5},\"backgroundVideo\":{},\"backgroundVideoMuted\":true,\"backgroundVideoLoop\":true,\"backgroundVideoAutoplay\":true,\"openPopover\":true,\"mediaId\":\"2989\"}} -->\n<!-- wp:paragraph {\"align\":\"center\",\"placeholder\":\"Add slide content here\u2026\",\"className\":\"gutenslider-content-initial\",\"fontSize\":\"larger\"} -->\n<p class=\"has-text-align-center gutenslider-content-initial has-larger-font-size\"><\/p>\n<!-- \/wp:paragraph -->\n<!-- \/wp:eedee\/block-gutenslide -->\n\n<!-- wp:eedee\/block-gutenslide {\"gsBlockId\":\"9mia0pbmt\",\"background\":{\"backgroundType\":\"image\",\"backgroundColor\":\"#eeeeee\",\"backgroundOverlayImage\":\"\",\"backgroundOverlayVideo\":\"\",\"backgroundOverlayOpacity\":50,\"backgroundGradient\":{},\"backgroundImage\":{\"alt\":\"\",\"id\":\"2988\",\"link\":\"https:\/\/galeriamiejska.pl\/en\/eugeniusz-minciel\/181_eugeniusz-minciel-the-burning-chair-1985-akryl-plotno-180-x-130-2\/\",\"caption\":\"Eugeniusz Minciel, The burning chair, 1985, akryl, p\u0142\u00f3tno, 180 x 130 \",\"type\":\"image\",\"url\":\"https:\/\/galeriamiejska.pl\/wp-content\/uploads\/2021\/01\/181_eugeniusz-minciel-the-burning-chair-1985-akryl-plotno-180-x-130-1.jpg\",\"fullUrl\":\"https:\/\/galeriamiejska.pl\/wp-content\/uploads\/2021\/01\/181_eugeniusz-minciel-the-burning-chair-1985-akryl-plotno-180-x-130-1.jpg\"},\"backgroundPosition\":\"center center\",\"backgroundRepeat\":\"no-repeat\",\"backgroundImageSize\":\"cover\",\"backgroundVideoSize\":\"cover\",\"customBackgroundColor\":\"\",\"hasParallax\":false,\"backgroundFocalPoint\":{\"x\":0.5,\"y\":0.5},\"backgroundVideoFocalPoint\":{\"x\":0.5,\"y\":0.5},\"backgroundVideo\":{},\"backgroundVideoMuted\":true,\"backgroundVideoLoop\":true,\"backgroundVideoAutoplay\":true,\"openPopover\":true,\"mediaId\":\"2988\"}} -->\n<!-- wp:paragraph {\"align\":\"center\",\"placeholder\":\"Add slide content here\u2026\",\"className\":\"gutenslider-content-initial\",\"fontSize\":\"larger\"} -->\n<p class=\"has-text-align-center gutenslider-content-initial has-larger-font-size\"><\/p>\n<!-- \/wp:paragraph -->\n<!-- \/wp:eedee\/block-gutenslide -->\n\n<!-- wp:eedee\/block-gutenslide {\"gsBlockId\":\"4wdk41h29\",\"background\":{\"backgroundType\":\"image\",\"backgroundColor\":\"#eeeeee\",\"backgroundOverlayImage\":\"\",\"backgroundOverlayVideo\":\"\",\"backgroundOverlayOpacity\":50,\"backgroundGradient\":{},\"backgroundImage\":{\"alt\":\"\",\"id\":\"2987\",\"link\":\"https:\/\/galeriamiejska.pl\/en\/eugeniusz-minciel\/181_eugeniusz-minciel-self-immolation-1987-akryl-plotno-200-x-140-2\/\",\"caption\":\"Eugeniusz Minciel, Self-immolation, 1987, akryl, p\u0142\u00f3tno, 200 x 140 \",\"type\":\"image\",\"url\":\"https:\/\/galeriamiejska.pl\/wp-content\/uploads\/2021\/01\/181_eugeniusz-minciel-self-immolation-1987-akryl-plotno-200-x-140-1.jpg\",\"fullUrl\":\"https:\/\/galeriamiejska.pl\/wp-content\/uploads\/2021\/01\/181_eugeniusz-minciel-self-immolation-1987-akryl-plotno-200-x-140-1.jpg\"},\"backgroundPosition\":\"center center\",\"backgroundRepeat\":\"no-repeat\",\"backgroundImageSize\":\"cover\",\"backgroundVideoSize\":\"cover\",\"customBackgroundColor\":\"\",\"hasParallax\":false,\"backgroundFocalPoint\":{\"x\":0.5,\"y\":0.5},\"backgroundVideoFocalPoint\":{\"x\":0.5,\"y\":0.5},\"backgroundVideo\":{},\"backgroundVideoMuted\":true,\"backgroundVideoLoop\":true,\"backgroundVideoAutoplay\":true,\"openPopover\":true,\"mediaId\":\"2987\"}} -->\n<!-- wp:paragraph {\"align\":\"center\",\"placeholder\":\"Add slide content here\u2026\",\"className\":\"gutenslider-content-initial\",\"fontSize\":\"larger\"} -->\n<p class=\"has-text-align-center gutenslider-content-initial has-larger-font-size\"><\/p>\n<!-- \/wp:paragraph -->\n<!-- \/wp:eedee\/block-gutenslide -->\n<!-- \/wp:eedee\/block-gutenslider -->\n\n<!-- wp:paragraph -->\n<p><strong>Born in 1958. Between 1980 and 1985, he studied at the department of Painting, Graphic arts and Sculpture at the State College of Fine Arts (presently the Academy of Fine Arts) in Wroc\u0142aw. He received a&nbsp;diploma with distinction at Professor Wanda Go\u0142kowska\u2019s painting studio where he was the last assistant, from 1984 to 1989. His works can be found in the collections of the National Museum in Warsaw, the National Museum in Wroc\u0142aw as well as in private collections in Poland and abroad. He lives and works in Ksi\u0119\u017cyce near Wroc\u0142aw.<\/strong><br><strong>Selected Solo Exhibitions:<\/strong><br><br><strong>2014<\/strong><br>Drzwi do malarstwa \u2014 Obraz w&nbsp;Obrazie, National Museum, Wroc\u0142aw<br><strong><br>2012<\/strong><br>BWA Gallery, Gorz\u00f3w Wielkopolski<br><br><strong>2009\/10<\/strong><br>Promocyjna Gallery, Warsaw, Exit Foundation\u2019s Polish Award<br><br><strong>2003<\/strong><br>Dominique Lang Gallery, Dudelage, Luxembourg<br>Gallery Doxa, \u010cesk\u00fd Krumlov, Czech Republic<br><br><strong>2000<\/strong><br>Promocyjna Gallery, Warsaw<br><br><strong>1999<\/strong><br>Kameralna Gallery, S\u0142upsk<br><br><strong>1996<\/strong><br>El Gallery, Elbl\u0105g<br><br><strong>1991<\/strong><br>Obrazy \u0141upane, BWA Gallery, Wroc\u0142aw<br><strong><br>1990<\/strong><br>Promocyjna Gallery, Warsaw<br><br><strong>Selected Group Exhibitions:<br><\/strong><br><strong>2012<\/strong><br>Horyzonty, Museum of Photography, G\u00f6rlitz, Germany<br>Sympozjum Rzeczpospolitej 2012, Centre of Polish Sculpture in Oro\u0144sko, Oro\u0144sko<br>Przestrze\u0144 pomi\u0119dzy nami, Presentation at the Academy of Fine Arts, Wiesbaden, Germany<br><br><strong>2011<\/strong><br>\u201cco jest tu\/czego tu nie ma\u201d, Oblasti Galeria Liberec, Czech Republic<br>7 gest\u00f3w malarskich, Entropia Gallery, Wroc\u0142aw<br><strong><br>2010<\/strong><br>Pokolenie 80, National Museum, Cracow<br>Apogeum Nowa Ekspresja 1987, Centre of Contemporary Art \"Znaki Czasu\", Toru\u0144<br><strong><br>2008<\/strong><br>Republika Bananowa, Ekspresja lat 80-tych, Castle Ksi\u0105\u017c, National Museum, Szczecin<br><br><strong>2006<\/strong><br>Nowa Ekspresja 20 lat, BWA Gallery, Olsztyn<br><br><strong>2005<\/strong><br>Polen commt, 12 maler aus Polen, as part of the Polish Year in Germany and German Year in Poland 2005\u20136, Berlin, Kiel, Aachem, Krefeld, Cologne, Bonn, Leipzig, Germany<\/p>\n<!-- \/wp:paragraph -->\n\n<!-- wp:gallery {\"ids\":[3004,3003,3002,3001,3000,2999,2998,2997,2996,2995,2994,2993,2992,2991,2990,2989,2988,2987],\"columns\":4,\"linkTo\":\"file\"} -->\n<figure class=\"wp-block-gallery columns-4 is-cropped\"><ul class=\"blocks-gallery-grid\"><li class=\"blocks-gallery-item\"><figure><a href=\"https:\/\/galeriamiejska.pl\/wp-content\/uploads\/2021\/01\/181_eugeniusz-minciel-read-people-of-minciel-destroyed-painting-1987-akryl-plotno-220-x-240-1.jpg\"><img src=\"https:\/\/galeriamiejska.pl\/wp-content\/uploads\/2021\/01\/181_eugeniusz-minciel-read-people-of-minciel-destroyed-painting-1987-akryl-plotno-220-x-240-1.jpg\" alt=\"\" data-id=\"3004\" data-full-url=\"https:\/\/galeriamiejska.pl\/wp-content\/uploads\/2021\/01\/181_eugeniusz-minciel-read-people-of-minciel-destroyed-painting-1987-akryl-plotno-220-x-240-1.jpg\" data-link=\"https:\/\/galeriamiejska.pl\/en\/eugeniusz-minciel\/181_eugeniusz-minciel-read-people-of-minciel-destroyed-painting-1987-akryl-plotno-220-x-240-2\/\" class=\"wp-image-3004\"\/><\/a><figcaption class=\"blocks-gallery-item__caption\">Eugeniusz Minciel, Read People of Minciel destroyed painting, 1987, akryl, p\u0142\u00f3tno, 220 x 240 <\/figcaption><\/figure><\/li><li class=\"blocks-gallery-item\"><figure><a href=\"https:\/\/galeriamiejska.pl\/wp-content\/uploads\/2021\/01\/181_eugeniusz-minciel-piec-palcow-tonie-2010-akryl-plotno-200-x-272.jpg\"><img src=\"https:\/\/galeriamiejska.pl\/wp-content\/uploads\/2021\/01\/181_eugeniusz-minciel-piec-palcow-tonie-2010-akryl-plotno-200-x-272.jpg\" alt=\"\" data-id=\"3003\" data-full-url=\"https:\/\/galeriamiejska.pl\/wp-content\/uploads\/2021\/01\/181_eugeniusz-minciel-piec-palcow-tonie-2010-akryl-plotno-200-x-272.jpg\" data-link=\"https:\/\/galeriamiejska.pl\/en\/eugeniusz-minciel\/181_eugeniusz-minciel-piec-palcow-tonie-2010-akryl-plotno-200-x-272\/\" class=\"wp-image-3003\"\/><\/a><figcaption class=\"blocks-gallery-item__caption\">Eugeniusz Minciel, Pi\u0119\u0107 palc\u00f3w tonie, 2010, akryl, p\u0142\u00f3tno, 200 x 272 <\/figcaption><\/figure><\/li><li class=\"blocks-gallery-item\"><figure><a href=\"https:\/\/galeriamiejska.pl\/wp-content\/uploads\/2021\/01\/181_eugeniusz-minciel-oh-providence-1995-akryl-plotno-162-x-270-1.jpg\"><img src=\"https:\/\/galeriamiejska.pl\/wp-content\/uploads\/2021\/01\/181_eugeniusz-minciel-oh-providence-1995-akryl-plotno-162-x-270-1.jpg\" alt=\"\" data-id=\"3002\" data-full-url=\"https:\/\/galeriamiejska.pl\/wp-content\/uploads\/2021\/01\/181_eugeniusz-minciel-oh-providence-1995-akryl-plotno-162-x-270-1.jpg\" data-link=\"https:\/\/galeriamiejska.pl\/en\/eugeniusz-minciel\/181_eugeniusz-minciel-oh-providence-1995-akryl-plotno-162-x-270-2\/\" class=\"wp-image-3002\"\/><\/a><figcaption class=\"blocks-gallery-item__caption\">Eugeniusz Minciel, Oh Providence, 1995, akryl, p\u0142\u00f3tno, 162 x 270 <\/figcaption><\/figure><\/li><li class=\"blocks-gallery-item\"><figure><a href=\"https:\/\/galeriamiejska.pl\/wp-content\/uploads\/2021\/01\/181_eugeniusz-minciel-oh-miles-1988-akryl-plotno-150-x-145-1.jpg\"><img src=\"https:\/\/galeriamiejska.pl\/wp-content\/uploads\/2021\/01\/181_eugeniusz-minciel-oh-miles-1988-akryl-plotno-150-x-145-1.jpg\" alt=\"\" data-id=\"3001\" data-full-url=\"https:\/\/galeriamiejska.pl\/wp-content\/uploads\/2021\/01\/181_eugeniusz-minciel-oh-miles-1988-akryl-plotno-150-x-145-1.jpg\" data-link=\"https:\/\/galeriamiejska.pl\/en\/eugeniusz-minciel\/181_eugeniusz-minciel-oh-miles-1988-akryl-plotno-150-x-145-2\/\" class=\"wp-image-3001\"\/><\/a><figcaption class=\"blocks-gallery-item__caption\">Eugeniusz Minciel, Oh Miles, 1988, akryl, p\u0142\u00f3tno, 150 x 145 <\/figcaption><\/figure><\/li><li class=\"blocks-gallery-item\"><figure><a href=\"https:\/\/galeriamiejska.pl\/wp-content\/uploads\/2021\/01\/181_eugeniusz-minciel-kometa-2006-akryl-plotno-204-x-341-1.jpg\"><img src=\"https:\/\/galeriamiejska.pl\/wp-content\/uploads\/2021\/01\/181_eugeniusz-minciel-kometa-2006-akryl-plotno-204-x-341-1.jpg\" alt=\"\" data-id=\"3000\" data-full-url=\"https:\/\/galeriamiejska.pl\/wp-content\/uploads\/2021\/01\/181_eugeniusz-minciel-kometa-2006-akryl-plotno-204-x-341-1.jpg\" data-link=\"https:\/\/galeriamiejska.pl\/en\/eugeniusz-minciel\/181_eugeniusz-minciel-kometa-2006-akryl-plotno-204-x-341-2\/\" class=\"wp-image-3000\"\/><\/a><figcaption class=\"blocks-gallery-item__caption\">Eugeniusz Minciel, Kometa, 2006, akryl, p\u0142\u00f3tno, 204 x 341 <\/figcaption><\/figure><\/li><li class=\"blocks-gallery-item\"><figure><a href=\"https:\/\/galeriamiejska.pl\/wp-content\/uploads\/2021\/01\/181_eugeniusz-minciel-inter-dying-1988-akryl-plotno-200-x-400-1.jpg\"><img src=\"https:\/\/galeriamiejska.pl\/wp-content\/uploads\/2021\/01\/181_eugeniusz-minciel-inter-dying-1988-akryl-plotno-200-x-400-1.jpg\" alt=\"\" data-id=\"2999\" data-full-url=\"https:\/\/galeriamiejska.pl\/wp-content\/uploads\/2021\/01\/181_eugeniusz-minciel-inter-dying-1988-akryl-plotno-200-x-400-1.jpg\" data-link=\"https:\/\/galeriamiejska.pl\/en\/eugeniusz-minciel\/181_eugeniusz-minciel-inter-dying-1988-akryl-plotno-200-x-400-2\/\" class=\"wp-image-2999\"\/><\/a><figcaption class=\"blocks-gallery-item__caption\">Eugeniusz Minciel, Inter-dying, 1988, akryl, p\u0142\u00f3tno, 200 x 400 <\/figcaption><\/figure><\/li><li class=\"blocks-gallery-item\"><figure><a href=\"https:\/\/galeriamiejska.pl\/wp-content\/uploads\/2021\/01\/181_eugeniusz-minciel-bez-tytulu-2010-akryl-plotno-201-x-270.jpg\"><img src=\"https:\/\/galeriamiejska.pl\/wp-content\/uploads\/2021\/01\/181_eugeniusz-minciel-bez-tytulu-2010-akryl-plotno-201-x-270.jpg\" alt=\"\" data-id=\"2998\" data-full-url=\"https:\/\/galeriamiejska.pl\/wp-content\/uploads\/2021\/01\/181_eugeniusz-minciel-bez-tytulu-2010-akryl-plotno-201-x-270.jpg\" data-link=\"https:\/\/galeriamiejska.pl\/en\/eugeniusz-minciel\/181_eugeniusz-minciel-bez-tytulu-2010-akryl-plotno-201-x-270\/\" class=\"wp-image-2998\"\/><\/a><figcaption class=\"blocks-gallery-item__caption\">Eugeniusz Minciel, Bez tytu\u0142u, 2010, akryl, p\u0142\u00f3tno, 201 x 270 <\/figcaption><\/figure><\/li><li class=\"blocks-gallery-item\"><figure><a href=\"https:\/\/galeriamiejska.pl\/wp-content\/uploads\/2021\/01\/181_eugeniusz-minciel-bez-tytulu-2009-akryl-plotno-210-x-210.jpg\"><img src=\"https:\/\/galeriamiejska.pl\/wp-content\/uploads\/2021\/01\/181_eugeniusz-minciel-bez-tytulu-2009-akryl-plotno-210-x-210.jpg\" alt=\"\" data-id=\"2997\" data-full-url=\"https:\/\/galeriamiejska.pl\/wp-content\/uploads\/2021\/01\/181_eugeniusz-minciel-bez-tytulu-2009-akryl-plotno-210-x-210.jpg\" data-link=\"https:\/\/galeriamiejska.pl\/en\/eugeniusz-minciel\/181_eugeniusz-minciel-bez-tytulu-2009-akryl-plotno-210-x-210\/\" class=\"wp-image-2997\"\/><\/a><figcaption class=\"blocks-gallery-item__caption\">Eugeniusz Minciel, Bez tytu\u0142u, 2009, akryl, p\u0142\u00f3tno, 210 x 210 <\/figcaption><\/figure><\/li><li class=\"blocks-gallery-item\"><figure><a href=\"https:\/\/galeriamiejska.pl\/wp-content\/uploads\/2021\/01\/181_eugeniusz-minciel-bez-tytulu-2008-akryl-plotno-200-x-220.jpg\"><img src=\"https:\/\/galeriamiejska.pl\/wp-content\/uploads\/2021\/01\/181_eugeniusz-minciel-bez-tytulu-2008-akryl-plotno-200-x-220.jpg\" alt=\"\" data-id=\"2996\" data-full-url=\"https:\/\/galeriamiejska.pl\/wp-content\/uploads\/2021\/01\/181_eugeniusz-minciel-bez-tytulu-2008-akryl-plotno-200-x-220.jpg\" data-link=\"https:\/\/galeriamiejska.pl\/en\/eugeniusz-minciel\/181_eugeniusz-minciel-bez-tytulu-2008-akryl-plotno-200-x-220\/\" class=\"wp-image-2996\"\/><\/a><figcaption class=\"blocks-gallery-item__caption\">Eugeniusz Minciel, Bez tytu\u0142u, 2008, akryl, p\u0142\u00f3tno, 200 x 220 <\/figcaption><\/figure><\/li><li class=\"blocks-gallery-item\"><figure><a href=\"https:\/\/galeriamiejska.pl\/wp-content\/uploads\/2021\/01\/181_eugeniusz-minciel-bez-tytulu-2007-akryl-plotno-220-x-206-1.jpg\"><img src=\"https:\/\/galeriamiejska.pl\/wp-content\/uploads\/2021\/01\/181_eugeniusz-minciel-bez-tytulu-2007-akryl-plotno-220-x-206-1.jpg\" alt=\"\" data-id=\"2995\" data-full-url=\"https:\/\/galeriamiejska.pl\/wp-content\/uploads\/2021\/01\/181_eugeniusz-minciel-bez-tytulu-2007-akryl-plotno-220-x-206-1.jpg\" data-link=\"https:\/\/galeriamiejska.pl\/en\/eugeniusz-minciel\/181_eugeniusz-minciel-bez-tytulu-2007-akryl-plotno-220-x-206-2\/\" class=\"wp-image-2995\"\/><\/a><figcaption class=\"blocks-gallery-item__caption\">Eugeniusz Minciel, Bez tytu\u0142u, 2007, akryl, p\u0142\u00f3tno, 220 x 206 <\/figcaption><\/figure><\/li><li class=\"blocks-gallery-item\"><figure><a href=\"https:\/\/galeriamiejska.pl\/wp-content\/uploads\/2021\/01\/181_eugeniusz-minciel-bez-tytulu2006-akryl-plotno-251-x-183-1.jpg\"><img src=\"https:\/\/galeriamiejska.pl\/wp-content\/uploads\/2021\/01\/181_eugeniusz-minciel-bez-tytulu2006-akryl-plotno-251-x-183-1.jpg\" alt=\"\" data-id=\"2994\" data-full-url=\"https:\/\/galeriamiejska.pl\/wp-content\/uploads\/2021\/01\/181_eugeniusz-minciel-bez-tytulu2006-akryl-plotno-251-x-183-1.jpg\" data-link=\"https:\/\/galeriamiejska.pl\/en\/eugeniusz-minciel\/181_eugeniusz-minciel-bez-tytulu2006-akryl-plotno-251-x-183-2\/\" class=\"wp-image-2994\"\/><\/a><figcaption class=\"blocks-gallery-item__caption\">Eugeniusz Minciel, Bez tytu\u0142u,2006, akryl, p\u0142\u00f3tno, 251 x 183 <\/figcaption><\/figure><\/li><li class=\"blocks-gallery-item\"><figure><a href=\"https:\/\/galeriamiejska.pl\/wp-content\/uploads\/2021\/01\/181_eugeniusz-minciel-bez-tytulu-2004-technika-wlasna-plotno-210-x-210-1.jpg\"><img src=\"https:\/\/galeriamiejska.pl\/wp-content\/uploads\/2021\/01\/181_eugeniusz-minciel-bez-tytulu-2004-technika-wlasna-plotno-210-x-210-1.jpg\" alt=\"\" data-id=\"2993\" data-full-url=\"https:\/\/galeriamiejska.pl\/wp-content\/uploads\/2021\/01\/181_eugeniusz-minciel-bez-tytulu-2004-technika-wlasna-plotno-210-x-210-1.jpg\" data-link=\"https:\/\/galeriamiejska.pl\/en\/eugeniusz-minciel\/181_eugeniusz-minciel-bez-tytulu-2004-technika-wlasna-plotno-210-x-210-2\/\" class=\"wp-image-2993\"\/><\/a><figcaption class=\"blocks-gallery-item__caption\">Eugeniusz Minciel, Bez tytu\u0142u, 2004, technika w\u0142asna, p\u0142\u00f3tno, 210 x 210 <\/figcaption><\/figure><\/li><li class=\"blocks-gallery-item\"><figure><a href=\"https:\/\/galeriamiejska.pl\/wp-content\/uploads\/2021\/01\/181_eugeniusz-minciel-5-dni-jonskich-1989-akryl-plotno-280-x-370-1.jpg\"><img src=\"https:\/\/galeriamiejska.pl\/wp-content\/uploads\/2021\/01\/181_eugeniusz-minciel-5-dni-jonskich-1989-akryl-plotno-280-x-370-1.jpg\" alt=\"\" data-id=\"2992\" data-full-url=\"https:\/\/galeriamiejska.pl\/wp-content\/uploads\/2021\/01\/181_eugeniusz-minciel-5-dni-jonskich-1989-akryl-plotno-280-x-370-1.jpg\" data-link=\"https:\/\/galeriamiejska.pl\/en\/eugeniusz-minciel\/181_eugeniusz-minciel-5-dni-jonskich-1989-akryl-plotno-280-x-370-2\/\" class=\"wp-image-2992\"\/><\/a><figcaption class=\"blocks-gallery-item__caption\">Eugeniusz Minciel, 5 dni Jo\u0144skich, 1989, akryl, p\u0142\u00f3tno, 280 x 370 <\/figcaption><\/figure><\/li><li class=\"blocks-gallery-item\"><figure><a href=\"https:\/\/galeriamiejska.pl\/wp-content\/uploads\/2021\/01\/181_eugeniusz-minciel-transfer-2008-akryl-plotno-210-x-187.jpg\"><img src=\"https:\/\/galeriamiejska.pl\/wp-content\/uploads\/2021\/01\/181_eugeniusz-minciel-transfer-2008-akryl-plotno-210-x-187.jpg\" alt=\"\" data-id=\"2991\" data-full-url=\"https:\/\/galeriamiejska.pl\/wp-content\/uploads\/2021\/01\/181_eugeniusz-minciel-transfer-2008-akryl-plotno-210-x-187.jpg\" data-link=\"https:\/\/galeriamiejska.pl\/en\/eugeniusz-minciel\/181_eugeniusz-minciel-transfer-2008-akryl-plotno-210-x-187\/\" class=\"wp-image-2991\"\/><\/a><figcaption class=\"blocks-gallery-item__caption\">Eugeniusz Minciel, Transfer, 2008, akryl, p\u0142\u00f3tno, 210 x 187 <\/figcaption><\/figure><\/li><li class=\"blocks-gallery-item\"><figure><a href=\"https:\/\/galeriamiejska.pl\/wp-content\/uploads\/2021\/01\/181_eugeniusz-minciel-the-surge-1983-akryl-plotno-190-x-140-1.jpg\"><img src=\"https:\/\/galeriamiejska.pl\/wp-content\/uploads\/2021\/01\/181_eugeniusz-minciel-the-surge-1983-akryl-plotno-190-x-140-1.jpg\" alt=\"\" data-id=\"2990\" data-full-url=\"https:\/\/galeriamiejska.pl\/wp-content\/uploads\/2021\/01\/181_eugeniusz-minciel-the-surge-1983-akryl-plotno-190-x-140-1.jpg\" data-link=\"https:\/\/galeriamiejska.pl\/en\/eugeniusz-minciel\/181_eugeniusz-minciel-the-surge-1983-akryl-plotno-190-x-140-2\/\" class=\"wp-image-2990\"\/><\/a><figcaption class=\"blocks-gallery-item__caption\">Eugeniusz Minciel, The surge, 1983, akryl, p\u0142\u00f3tno, 190 x 140 <\/figcaption><\/figure><\/li><li class=\"blocks-gallery-item\"><figure><a href=\"https:\/\/galeriamiejska.pl\/wp-content\/uploads\/2021\/01\/181_eugeniusz-minciel-the-cup-and-hangover-1988-akryl-plotno200-x-145-1.jpg\"><img src=\"https:\/\/galeriamiejska.pl\/wp-content\/uploads\/2021\/01\/181_eugeniusz-minciel-the-cup-and-hangover-1988-akryl-plotno200-x-145-1.jpg\" alt=\"\" data-id=\"2989\" data-full-url=\"https:\/\/galeriamiejska.pl\/wp-content\/uploads\/2021\/01\/181_eugeniusz-minciel-the-cup-and-hangover-1988-akryl-plotno200-x-145-1.jpg\" data-link=\"https:\/\/galeriamiejska.pl\/en\/eugeniusz-minciel\/181_eugeniusz-minciel-the-cup-and-hangover-1988-akryl-plotno200-x-145-2\/\" class=\"wp-image-2989\"\/><\/a><figcaption class=\"blocks-gallery-item__caption\">Eugeniusz Minciel, The Cup and Hangover, 1988, akryl, p\u0142\u00f3tno,200 x 145 <\/figcaption><\/figure><\/li><li class=\"blocks-gallery-item\"><figure><a href=\"https:\/\/galeriamiejska.pl\/wp-content\/uploads\/2021\/01\/181_eugeniusz-minciel-the-burning-chair-1985-akryl-plotno-180-x-130-1.jpg\"><img src=\"https:\/\/galeriamiejska.pl\/wp-content\/uploads\/2021\/01\/181_eugeniusz-minciel-the-burning-chair-1985-akryl-plotno-180-x-130-1.jpg\" alt=\"\" data-id=\"2988\" data-full-url=\"https:\/\/galeriamiejska.pl\/wp-content\/uploads\/2021\/01\/181_eugeniusz-minciel-the-burning-chair-1985-akryl-plotno-180-x-130-1.jpg\" data-link=\"https:\/\/galeriamiejska.pl\/en\/eugeniusz-minciel\/181_eugeniusz-minciel-the-burning-chair-1985-akryl-plotno-180-x-130-2\/\" class=\"wp-image-2988\"\/><\/a><figcaption class=\"blocks-gallery-item__caption\">Eugeniusz Minciel, The burning chair, 1985, akryl, p\u0142\u00f3tno, 180 x 130 <\/figcaption><\/figure><\/li><li class=\"blocks-gallery-item\"><figure><a href=\"https:\/\/galeriamiejska.pl\/wp-content\/uploads\/2021\/01\/181_eugeniusz-minciel-self-immolation-1987-akryl-plotno-200-x-140-1.jpg\"><img src=\"https:\/\/galeriamiejska.pl\/wp-content\/uploads\/2021\/01\/181_eugeniusz-minciel-self-immolation-1987-akryl-plotno-200-x-140-1.jpg\" alt=\"\" data-id=\"2987\" data-full-url=\"https:\/\/galeriamiejska.pl\/wp-content\/uploads\/2021\/01\/181_eugeniusz-minciel-self-immolation-1987-akryl-plotno-200-x-140-1.jpg\" data-link=\"https:\/\/galeriamiejska.pl\/en\/eugeniusz-minciel\/181_eugeniusz-minciel-self-immolation-1987-akryl-plotno-200-x-140-2\/\" class=\"wp-image-2987\"\/><\/a><figcaption class=\"blocks-gallery-item__caption\">Eugeniusz Minciel, Self-immolation, 1987, akryl, p\u0142\u00f3tno, 200 x 140 <\/figcaption><\/figure><\/li><\/ul><\/figure>\n<!-- \/wp:gallery -->"},"excerpt":{"rendered":"<p>Painter, drawer and graphic designer.<\/p>\n","protected":false,"raw":"Painter, drawer and graphic designer.\n"},"author":1,"featured_media":234,"comment_status":"open","ping_status":"open","sticky":false,"template":"","format":"standard","meta":{"_pl_post_content":"<!-- wp:eedee\/block-gutenslider {\"gsBlockId\":\"ksajnxlkt\",\"media\":[{\"alt\":\"\",\"id\":\"3004\",\"link\":\"https:\/\/galeriamiejska.pl\/eugeniusz-minciel\/181_eugeniusz-minciel-read-people-of-minciel-destroyed-painting-1987-akryl-plotno-220-x-240-2\/\",\"caption\":\"Eugeniusz Minciel, Read People of Minciel destroyed painting, 1987, akryl, p\u0142\u00f3tno, 220 x 240 \",\"type\":\"image\",\"url\":\"https:\/\/galeriamiejska.pl\/wp-content\/uploads\/2021\/01\/181_eugeniusz-minciel-read-people-of-minciel-destroyed-painting-1987-akryl-plotno-220-x-240-1.jpg\",\"fullUrl\":\"https:\/\/galeriamiejska.pl\/wp-content\/uploads\/2021\/01\/181_eugeniusz-minciel-read-people-of-minciel-destroyed-painting-1987-akryl-plotno-220-x-240-1.jpg\"},{\"alt\":\"\",\"id\":\"3003\",\"link\":\"https:\/\/galeriamiejska.pl\/eugeniusz-minciel\/181_eugeniusz-minciel-piec-palcow-tonie-2010-akryl-plotno-200-x-272\/\",\"caption\":\"Eugeniusz Minciel, Pi\u0119\u0107 palc\u00f3w tonie, 2010, akryl, p\u0142\u00f3tno, 200 x 272 \",\"type\":\"image\",\"url\":\"https:\/\/galeriamiejska.pl\/wp-content\/uploads\/2021\/01\/181_eugeniusz-minciel-piec-palcow-tonie-2010-akryl-plotno-200-x-272.jpg\",\"fullUrl\":\"https:\/\/galeriamiejska.pl\/wp-content\/uploads\/2021\/01\/181_eugeniusz-minciel-piec-palcow-tonie-2010-akryl-plotno-200-x-272.jpg\"},{\"alt\":\"\",\"id\":\"3002\",\"link\":\"https:\/\/galeriamiejska.pl\/eugeniusz-minciel\/181_eugeniusz-minciel-oh-providence-1995-akryl-plotno-162-x-270-2\/\",\"caption\":\"Eugeniusz Minciel, Oh Providence, 1995, akryl, p\u0142\u00f3tno, 162 x 270 \",\"type\":\"image\",\"url\":\"https:\/\/galeriamiejska.pl\/wp-content\/uploads\/2021\/01\/181_eugeniusz-minciel-oh-providence-1995-akryl-plotno-162-x-270-1.jpg\",\"fullUrl\":\"https:\/\/galeriamiejska.pl\/wp-content\/uploads\/2021\/01\/181_eugeniusz-minciel-oh-providence-1995-akryl-plotno-162-x-270-1.jpg\"},{\"alt\":\"\",\"id\":\"3001\",\"link\":\"https:\/\/galeriamiejska.pl\/eugeniusz-minciel\/181_eugeniusz-minciel-oh-miles-1988-akryl-plotno-150-x-145-2\/\",\"caption\":\"Eugeniusz Minciel, Oh Miles, 1988, akryl, p\u0142\u00f3tno, 150 x 145 \",\"type\":\"image\",\"url\":\"https:\/\/galeriamiejska.pl\/wp-content\/uploads\/2021\/01\/181_eugeniusz-minciel-oh-miles-1988-akryl-plotno-150-x-145-1.jpg\",\"fullUrl\":\"https:\/\/galeriamiejska.pl\/wp-content\/uploads\/2021\/01\/181_eugeniusz-minciel-oh-miles-1988-akryl-plotno-150-x-145-1.jpg\"},{\"alt\":\"\",\"id\":\"3000\",\"link\":\"https:\/\/galeriamiejska.pl\/eugeniusz-minciel\/181_eugeniusz-minciel-kometa-2006-akryl-plotno-204-x-341-2\/\",\"caption\":\"Eugeniusz Minciel, Kometa, 2006, akryl, p\u0142\u00f3tno, 204 x 341 \",\"type\":\"image\",\"url\":\"https:\/\/galeriamiejska.pl\/wp-content\/uploads\/2021\/01\/181_eugeniusz-minciel-kometa-2006-akryl-plotno-204-x-341-1.jpg\",\"fullUrl\":\"https:\/\/galeriamiejska.pl\/wp-content\/uploads\/2021\/01\/181_eugeniusz-minciel-kometa-2006-akryl-plotno-204-x-341-1.jpg\"},{\"alt\":\"\",\"id\":\"2999\",\"link\":\"https:\/\/galeriamiejska.pl\/eugeniusz-minciel\/181_eugeniusz-minciel-inter-dying-1988-akryl-plotno-200-x-400-2\/\",\"caption\":\"Eugeniusz Minciel, Inter-dying, 1988, akryl, p\u0142\u00f3tno, 200 x 400 \",\"type\":\"image\",\"url\":\"https:\/\/galeriamiejska.pl\/wp-content\/uploads\/2021\/01\/181_eugeniusz-minciel-inter-dying-1988-akryl-plotno-200-x-400-1.jpg\",\"fullUrl\":\"https:\/\/galeriamiejska.pl\/wp-content\/uploads\/2021\/01\/181_eugeniusz-minciel-inter-dying-1988-akryl-plotno-200-x-400-1.jpg\"},{\"alt\":\"\",\"id\":\"2998\",\"link\":\"https:\/\/galeriamiejska.pl\/eugeniusz-minciel\/181_eugeniusz-minciel-bez-tytulu-2010-akryl-plotno-201-x-270\/\",\"caption\":\"Eugeniusz Minciel, Bez tytu\u0142u, 2010, akryl, p\u0142\u00f3tno, 201 x 270 \",\"type\":\"image\",\"url\":\"https:\/\/galeriamiejska.pl\/wp-content\/uploads\/2021\/01\/181_eugeniusz-minciel-bez-tytulu-2010-akryl-plotno-201-x-270.jpg\",\"fullUrl\":\"https:\/\/galeriamiejska.pl\/wp-content\/uploads\/2021\/01\/181_eugeniusz-minciel-bez-tytulu-2010-akryl-plotno-201-x-270.jpg\"},{\"alt\":\"\",\"id\":\"2997\",\"link\":\"https:\/\/galeriamiejska.pl\/eugeniusz-minciel\/181_eugeniusz-minciel-bez-tytulu-2009-akryl-plotno-210-x-210\/\",\"caption\":\"Eugeniusz Minciel, Bez tytu\u0142u, 2009, akryl, p\u0142\u00f3tno, 210 x 210 \",\"type\":\"image\",\"url\":\"https:\/\/galeriamiejska.pl\/wp-content\/uploads\/2021\/01\/181_eugeniusz-minciel-bez-tytulu-2009-akryl-plotno-210-x-210.jpg\",\"fullUrl\":\"https:\/\/galeriamiejska.pl\/wp-content\/uploads\/2021\/01\/181_eugeniusz-minciel-bez-tytulu-2009-akryl-plotno-210-x-210.jpg\"},{\"alt\":\"\",\"id\":\"2996\",\"link\":\"https:\/\/galeriamiejska.pl\/eugeniusz-minciel\/181_eugeniusz-minciel-bez-tytulu-2008-akryl-plotno-200-x-220\/\",\"caption\":\"Eugeniusz Minciel, Bez tytu\u0142u, 2008, akryl, p\u0142\u00f3tno, 200 x 220 \",\"type\":\"image\",\"url\":\"https:\/\/galeriamiejska.pl\/wp-content\/uploads\/2021\/01\/181_eugeniusz-minciel-bez-tytulu-2008-akryl-plotno-200-x-220.jpg\",\"fullUrl\":\"https:\/\/galeriamiejska.pl\/wp-content\/uploads\/2021\/01\/181_eugeniusz-minciel-bez-tytulu-2008-akryl-plotno-200-x-220.jpg\"},{\"alt\":\"\",\"id\":\"2995\",\"link\":\"https:\/\/galeriamiejska.pl\/eugeniusz-minciel\/181_eugeniusz-minciel-bez-tytulu-2007-akryl-plotno-220-x-206-2\/\",\"caption\":\"Eugeniusz Minciel, Bez tytu\u0142u, 2007, akryl, p\u0142\u00f3tno, 220 x 206 \",\"type\":\"image\",\"url\":\"https:\/\/galeriamiejska.pl\/wp-content\/uploads\/2021\/01\/181_eugeniusz-minciel-bez-tytulu-2007-akryl-plotno-220-x-206-1.jpg\",\"fullUrl\":\"https:\/\/galeriamiejska.pl\/wp-content\/uploads\/2021\/01\/181_eugeniusz-minciel-bez-tytulu-2007-akryl-plotno-220-x-206-1.jpg\"},{\"alt\":\"\",\"id\":\"2994\",\"link\":\"https:\/\/galeriamiejska.pl\/eugeniusz-minciel\/181_eugeniusz-minciel-bez-tytulu2006-akryl-plotno-251-x-183-2\/\",\"caption\":\"Eugeniusz Minciel, Bez tytu\u0142u,2006, akryl, p\u0142\u00f3tno, 251 x 183 \",\"type\":\"image\",\"url\":\"https:\/\/galeriamiejska.pl\/wp-content\/uploads\/2021\/01\/181_eugeniusz-minciel-bez-tytulu2006-akryl-plotno-251-x-183-1.jpg\",\"fullUrl\":\"https:\/\/galeriamiejska.pl\/wp-content\/uploads\/2021\/01\/181_eugeniusz-minciel-bez-tytulu2006-akryl-plotno-251-x-183-1.jpg\"},{\"alt\":\"\",\"id\":\"2993\",\"link\":\"https:\/\/galeriamiejska.pl\/eugeniusz-minciel\/181_eugeniusz-minciel-bez-tytulu-2004-technika-wlasna-plotno-210-x-210-2\/\",\"caption\":\"Eugeniusz Minciel, Bez tytu\u0142u, 2004, technika w\u0142asna, p\u0142\u00f3tno, 210 x 210 \",\"type\":\"image\",\"url\":\"https:\/\/galeriamiejska.pl\/wp-content\/uploads\/2021\/01\/181_eugeniusz-minciel-bez-tytulu-2004-technika-wlasna-plotno-210-x-210-1.jpg\",\"fullUrl\":\"https:\/\/galeriamiejska.pl\/wp-content\/uploads\/2021\/01\/181_eugeniusz-minciel-bez-tytulu-2004-technika-wlasna-plotno-210-x-210-1.jpg\"},{\"alt\":\"\",\"id\":\"2992\",\"link\":\"https:\/\/galeriamiejska.pl\/eugeniusz-minciel\/181_eugeniusz-minciel-5-dni-jonskich-1989-akryl-plotno-280-x-370-2\/\",\"caption\":\"Eugeniusz Minciel, 5 dni Jo\u0144skich, 1989, akryl, p\u0142\u00f3tno, 280 x 370 \",\"type\":\"image\",\"url\":\"https:\/\/galeriamiejska.pl\/wp-content\/uploads\/2021\/01\/181_eugeniusz-minciel-5-dni-jonskich-1989-akryl-plotno-280-x-370-1.jpg\",\"fullUrl\":\"https:\/\/galeriamiejska.pl\/wp-content\/uploads\/2021\/01\/181_eugeniusz-minciel-5-dni-jonskich-1989-akryl-plotno-280-x-370-1.jpg\"},{\"alt\":\"\",\"id\":\"2991\",\"link\":\"https:\/\/galeriamiejska.pl\/eugeniusz-minciel\/181_eugeniusz-minciel-transfer-2008-akryl-plotno-210-x-187\/\",\"caption\":\"Eugeniusz Minciel, Transfer, 2008, akryl, p\u0142\u00f3tno, 210 x 187 \",\"type\":\"image\",\"url\":\"https:\/\/galeriamiejska.pl\/wp-content\/uploads\/2021\/01\/181_eugeniusz-minciel-transfer-2008-akryl-plotno-210-x-187.jpg\",\"fullUrl\":\"https:\/\/galeriamiejska.pl\/wp-content\/uploads\/2021\/01\/181_eugeniusz-minciel-transfer-2008-akryl-plotno-210-x-187.jpg\"},{\"alt\":\"\",\"id\":\"2990\",\"link\":\"https:\/\/galeriamiejska.pl\/eugeniusz-minciel\/181_eugeniusz-minciel-the-surge-1983-akryl-plotno-190-x-140-2\/\",\"caption\":\"Eugeniusz Minciel, The surge, 1983, akryl, p\u0142\u00f3tno, 190 x 140 \",\"type\":\"image\",\"url\":\"https:\/\/galeriamiejska.pl\/wp-content\/uploads\/2021\/01\/181_eugeniusz-minciel-the-surge-1983-akryl-plotno-190-x-140-1.jpg\",\"fullUrl\":\"https:\/\/galeriamiejska.pl\/wp-content\/uploads\/2021\/01\/181_eugeniusz-minciel-the-surge-1983-akryl-plotno-190-x-140-1.jpg\"},{\"alt\":\"\",\"id\":\"2989\",\"link\":\"https:\/\/galeriamiejska.pl\/eugeniusz-minciel\/181_eugeniusz-minciel-the-cup-and-hangover-1988-akryl-plotno200-x-145-2\/\",\"caption\":\"Eugeniusz Minciel, The Cup and Hangover, 1988, akryl, p\u0142\u00f3tno,200 x 145 \",\"type\":\"image\",\"url\":\"https:\/\/galeriamiejska.pl\/wp-content\/uploads\/2021\/01\/181_eugeniusz-minciel-the-cup-and-hangover-1988-akryl-plotno200-x-145-1.jpg\",\"fullUrl\":\"https:\/\/galeriamiejska.pl\/wp-content\/uploads\/2021\/01\/181_eugeniusz-minciel-the-cup-and-hangover-1988-akryl-plotno200-x-145-1.jpg\"},{\"alt\":\"\",\"id\":\"2988\",\"link\":\"https:\/\/galeriamiejska.pl\/eugeniusz-minciel\/181_eugeniusz-minciel-the-burning-chair-1985-akryl-plotno-180-x-130-2\/\",\"caption\":\"Eugeniusz Minciel, The burning chair, 1985, akryl, p\u0142\u00f3tno, 180 x 130 \",\"type\":\"image\",\"url\":\"https:\/\/galeriamiejska.pl\/wp-content\/uploads\/2021\/01\/181_eugeniusz-minciel-the-burning-chair-1985-akryl-plotno-180-x-130-1.jpg\",\"fullUrl\":\"https:\/\/galeriamiejska.pl\/wp-content\/uploads\/2021\/01\/181_eugeniusz-minciel-the-burning-chair-1985-akryl-plotno-180-x-130-1.jpg\"},{\"alt\":\"\",\"id\":\"2987\",\"link\":\"https:\/\/galeriamiejska.pl\/eugeniusz-minciel\/181_eugeniusz-minciel-self-immolation-1987-akryl-plotno-200-x-140-2\/\",\"caption\":\"Eugeniusz Minciel, Self-immolation, 1987, akryl, p\u0142\u00f3tno, 200 x 140 \",\"type\":\"image\",\"url\":\"https:\/\/galeriamiejska.pl\/wp-content\/uploads\/2021\/01\/181_eugeniusz-minciel-self-immolation-1987-akryl-plotno-200-x-140-1.jpg\",\"fullUrl\":\"https:\/\/galeriamiejska.pl\/wp-content\/uploads\/2021\/01\/181_eugeniusz-minciel-self-immolation-1987-akryl-plotno-200-x-140-1.jpg\"}],\"contentMode\":\"fixed\",\"autoplay\":false,\"adaptiveHeight\":true} -->\n<!-- wp:eedee\/block-gutenslide {\"gsBlockId\":\"vcchcb4gq\",\"background\":{\"backgroundType\":\"image\",\"backgroundColor\":\"#eeeeee\",\"backgroundOverlayImage\":\"\",\"backgroundOverlayVideo\":\"\",\"backgroundOverlayOpacity\":50,\"backgroundGradient\":{},\"backgroundImage\":{\"alt\":\"\",\"id\":\"3004\",\"link\":\"https:\/\/galeriamiejska.pl\/eugeniusz-minciel\/181_eugeniusz-minciel-read-people-of-minciel-destroyed-painting-1987-akryl-plotno-220-x-240-2\/\",\"caption\":\"Eugeniusz Minciel, Read People of Minciel destroyed painting, 1987, akryl, p\u0142\u00f3tno, 220 x 240 \",\"type\":\"image\",\"url\":\"https:\/\/galeriamiejska.pl\/wp-content\/uploads\/2021\/01\/181_eugeniusz-minciel-read-people-of-minciel-destroyed-painting-1987-akryl-plotno-220-x-240-1.jpg\",\"fullUrl\":\"https:\/\/galeriamiejska.pl\/wp-content\/uploads\/2021\/01\/181_eugeniusz-minciel-read-people-of-minciel-destroyed-painting-1987-akryl-plotno-220-x-240-1.jpg\"},\"backgroundPosition\":\"center center\",\"backgroundRepeat\":\"no-repeat\",\"backgroundImageSize\":\"cover\",\"backgroundVideoSize\":\"cover\",\"customBackgroundColor\":\"\",\"hasParallax\":false,\"backgroundFocalPoint\":{\"x\":0.5,\"y\":0.5},\"backgroundVideoFocalPoint\":{\"x\":0.5,\"y\":0.5},\"backgroundVideo\":{},\"backgroundVideoMuted\":true,\"backgroundVideoLoop\":true,\"backgroundVideoAutoplay\":true,\"openPopover\":true,\"mediaId\":\"3004\"}} -->\n<!-- wp:paragraph {\"align\":\"center\",\"placeholder\":\"Add slide content here\u2026\",\"className\":\"gutenslider-content-initial\",\"fontSize\":\"larger\"} -->\n<p class=\"has-text-align-center gutenslider-content-initial has-larger-font-size\"><\/p>\n<!-- \/wp:paragraph -->\n<!-- \/wp:eedee\/block-gutenslide -->\n\n<!-- wp:eedee\/block-gutenslide {\"gsBlockId\":\"y3goqgief\",\"background\":{\"backgroundType\":\"image\",\"backgroundColor\":\"#eeeeee\",\"backgroundOverlayImage\":\"\",\"backgroundOverlayVideo\":\"\",\"backgroundOverlayOpacity\":50,\"backgroundGradient\":{},\"backgroundImage\":{\"alt\":\"\",\"id\":\"3003\",\"link\":\"https:\/\/galeriamiejska.pl\/eugeniusz-minciel\/181_eugeniusz-minciel-piec-palcow-tonie-2010-akryl-plotno-200-x-272\/\",\"caption\":\"Eugeniusz Minciel, Pi\u0119\u0107 palc\u00f3w tonie, 2010, akryl, p\u0142\u00f3tno, 200 x 272 \",\"type\":\"image\",\"url\":\"https:\/\/galeriamiejska.pl\/wp-content\/uploads\/2021\/01\/181_eugeniusz-minciel-piec-palcow-tonie-2010-akryl-plotno-200-x-272.jpg\",\"fullUrl\":\"https:\/\/galeriamiejska.pl\/wp-content\/uploads\/2021\/01\/181_eugeniusz-minciel-piec-palcow-tonie-2010-akryl-plotno-200-x-272.jpg\"},\"backgroundPosition\":\"center center\",\"backgroundRepeat\":\"no-repeat\",\"backgroundImageSize\":\"cover\",\"backgroundVideoSize\":\"cover\",\"customBackgroundColor\":\"\",\"hasParallax\":false,\"backgroundFocalPoint\":{\"x\":0.5,\"y\":0.5},\"backgroundVideoFocalPoint\":{\"x\":0.5,\"y\":0.5},\"backgroundVideo\":{},\"backgroundVideoMuted\":true,\"backgroundVideoLoop\":true,\"backgroundVideoAutoplay\":true,\"openPopover\":true,\"mediaId\":\"3003\"}} -->\n<!-- wp:paragraph {\"align\":\"center\",\"placeholder\":\"Add slide content here\u2026\",\"className\":\"gutenslider-content-initial\",\"fontSize\":\"larger\"} -->\n<p class=\"has-text-align-center gutenslider-content-initial has-larger-font-size\"><\/p>\n<!-- \/wp:paragraph -->\n<!-- \/wp:eedee\/block-gutenslide -->\n\n<!-- wp:eedee\/block-gutenslide {\"gsBlockId\":\"1uqf8yi4p\",\"background\":{\"backgroundType\":\"image\",\"backgroundColor\":\"#eeeeee\",\"backgroundOverlayImage\":\"\",\"backgroundOverlayVideo\":\"\",\"backgroundOverlayOpacity\":50,\"backgroundGradient\":{},\"backgroundImage\":{\"alt\":\"\",\"id\":\"3002\",\"link\":\"https:\/\/galeriamiejska.pl\/eugeniusz-minciel\/181_eugeniusz-minciel-oh-providence-1995-akryl-plotno-162-x-270-2\/\",\"caption\":\"Eugeniusz Minciel, Oh Providence, 1995, akryl, p\u0142\u00f3tno, 162 x 270 \",\"type\":\"image\",\"url\":\"https:\/\/galeriamiejska.pl\/wp-content\/uploads\/2021\/01\/181_eugeniusz-minciel-oh-providence-1995-akryl-plotno-162-x-270-1.jpg\",\"fullUrl\":\"https:\/\/galeriamiejska.pl\/wp-content\/uploads\/2021\/01\/181_eugeniusz-minciel-oh-providence-1995-akryl-plotno-162-x-270-1.jpg\"},\"backgroundPosition\":\"center center\",\"backgroundRepeat\":\"no-repeat\",\"backgroundImageSize\":\"cover\",\"backgroundVideoSize\":\"cover\",\"customBackgroundColor\":\"\",\"hasParallax\":false,\"backgroundFocalPoint\":{\"x\":0.5,\"y\":0.5},\"backgroundVideoFocalPoint\":{\"x\":0.5,\"y\":0.5},\"backgroundVideo\":{},\"backgroundVideoMuted\":true,\"backgroundVideoLoop\":true,\"backgroundVideoAutoplay\":true,\"openPopover\":true,\"mediaId\":\"3002\"}} -->\n<!-- wp:paragraph {\"align\":\"center\",\"placeholder\":\"Add slide content here\u2026\",\"className\":\"gutenslider-content-initial\",\"fontSize\":\"larger\"} -->\n<p class=\"has-text-align-center gutenslider-content-initial has-larger-font-size\"><\/p>\n<!-- \/wp:paragraph -->\n<!-- \/wp:eedee\/block-gutenslide -->\n\n<!-- wp:eedee\/block-gutenslide {\"gsBlockId\":\"ox4hjrz4o\",\"background\":{\"backgroundType\":\"image\",\"backgroundColor\":\"#eeeeee\",\"backgroundOverlayImage\":\"\",\"backgroundOverlayVideo\":\"\",\"backgroundOverlayOpacity\":50,\"backgroundGradient\":{},\"backgroundImage\":{\"alt\":\"\",\"id\":\"3001\",\"link\":\"https:\/\/galeriamiejska.pl\/eugeniusz-minciel\/181_eugeniusz-minciel-oh-miles-1988-akryl-plotno-150-x-145-2\/\",\"caption\":\"Eugeniusz Minciel, Oh Miles, 1988, akryl, p\u0142\u00f3tno, 150 x 145 \",\"type\":\"image\",\"url\":\"https:\/\/galeriamiejska.pl\/wp-content\/uploads\/2021\/01\/181_eugeniusz-minciel-oh-miles-1988-akryl-plotno-150-x-145-1.jpg\",\"fullUrl\":\"https:\/\/galeriamiejska.pl\/wp-content\/uploads\/2021\/01\/181_eugeniusz-minciel-oh-miles-1988-akryl-plotno-150-x-145-1.jpg\"},\"backgroundPosition\":\"center center\",\"backgroundRepeat\":\"no-repeat\",\"backgroundImageSize\":\"cover\",\"backgroundVideoSize\":\"cover\",\"customBackgroundColor\":\"\",\"hasParallax\":false,\"backgroundFocalPoint\":{\"x\":0.5,\"y\":0.5},\"backgroundVideoFocalPoint\":{\"x\":0.5,\"y\":0.5},\"backgroundVideo\":{},\"backgroundVideoMuted\":true,\"backgroundVideoLoop\":true,\"backgroundVideoAutoplay\":true,\"openPopover\":true,\"mediaId\":\"3001\"}} -->\n<!-- wp:paragraph {\"align\":\"center\",\"placeholder\":\"Add slide content here\u2026\",\"className\":\"gutenslider-content-initial\",\"fontSize\":\"larger\"} -->\n<p class=\"has-text-align-center gutenslider-content-initial has-larger-font-size\"><\/p>\n<!-- \/wp:paragraph -->\n<!-- \/wp:eedee\/block-gutenslide -->\n\n<!-- wp:eedee\/block-gutenslide {\"gsBlockId\":\"570pqm7cu\",\"background\":{\"backgroundType\":\"image\",\"backgroundColor\":\"#eeeeee\",\"backgroundOverlayImage\":\"\",\"backgroundOverlayVideo\":\"\",\"backgroundOverlayOpacity\":50,\"backgroundGradient\":{},\"backgroundImage\":{\"alt\":\"\",\"id\":\"3000\",\"link\":\"https:\/\/galeriamiejska.pl\/eugeniusz-minciel\/181_eugeniusz-minciel-kometa-2006-akryl-plotno-204-x-341-2\/\",\"caption\":\"Eugeniusz Minciel, Kometa, 2006, akryl, p\u0142\u00f3tno, 204 x 341 \",\"type\":\"image\",\"url\":\"https:\/\/galeriamiejska.pl\/wp-content\/uploads\/2021\/01\/181_eugeniusz-minciel-kometa-2006-akryl-plotno-204-x-341-1.jpg\",\"fullUrl\":\"https:\/\/galeriamiejska.pl\/wp-content\/uploads\/2021\/01\/181_eugeniusz-minciel-kometa-2006-akryl-plotno-204-x-341-1.jpg\"},\"backgroundPosition\":\"center center\",\"backgroundRepeat\":\"no-repeat\",\"backgroundImageSize\":\"cover\",\"backgroundVideoSize\":\"cover\",\"customBackgroundColor\":\"\",\"hasParallax\":false,\"backgroundFocalPoint\":{\"x\":0.5,\"y\":0.5},\"backgroundVideoFocalPoint\":{\"x\":0.5,\"y\":0.5},\"backgroundVideo\":{},\"backgroundVideoMuted\":true,\"backgroundVideoLoop\":true,\"backgroundVideoAutoplay\":true,\"openPopover\":true,\"mediaId\":\"3000\"}} -->\n<!-- wp:paragraph {\"align\":\"center\",\"placeholder\":\"Add slide content here\u2026\",\"className\":\"gutenslider-content-initial\",\"fontSize\":\"larger\"} -->\n<p class=\"has-text-align-center gutenslider-content-initial has-larger-font-size\"><\/p>\n<!-- \/wp:paragraph -->\n<!-- \/wp:eedee\/block-gutenslide -->\n\n<!-- wp:eedee\/block-gutenslide {\"gsBlockId\":\"fiyr6x6fd\",\"background\":{\"backgroundType\":\"image\",\"backgroundColor\":\"#eeeeee\",\"backgroundOverlayImage\":\"\",\"backgroundOverlayVideo\":\"\",\"backgroundOverlayOpacity\":50,\"backgroundGradient\":{},\"backgroundImage\":{\"alt\":\"\",\"id\":\"2999\",\"link\":\"https:\/\/galeriamiejska.pl\/eugeniusz-minciel\/181_eugeniusz-minciel-inter-dying-1988-akryl-plotno-200-x-400-2\/\",\"caption\":\"Eugeniusz Minciel, Inter-dying, 1988, akryl, p\u0142\u00f3tno, 200 x 400 \",\"type\":\"image\",\"url\":\"https:\/\/galeriamiejska.pl\/wp-content\/uploads\/2021\/01\/181_eugeniusz-minciel-inter-dying-1988-akryl-plotno-200-x-400-1.jpg\",\"fullUrl\":\"https:\/\/galeriamiejska.pl\/wp-content\/uploads\/2021\/01\/181_eugeniusz-minciel-inter-dying-1988-akryl-plotno-200-x-400-1.jpg\"},\"backgroundPosition\":\"center center\",\"backgroundRepeat\":\"no-repeat\",\"backgroundImageSize\":\"cover\",\"backgroundVideoSize\":\"cover\",\"customBackgroundColor\":\"\",\"hasParallax\":false,\"backgroundFocalPoint\":{\"x\":0.5,\"y\":0.5},\"backgroundVideoFocalPoint\":{\"x\":0.5,\"y\":0.5},\"backgroundVideo\":{},\"backgroundVideoMuted\":true,\"backgroundVideoLoop\":true,\"backgroundVideoAutoplay\":true,\"openPopover\":true,\"mediaId\":\"2999\"}} -->\n<!-- wp:paragraph {\"align\":\"center\",\"placeholder\":\"Add slide content here\u2026\",\"className\":\"gutenslider-content-initial\",\"fontSize\":\"larger\"} -->\n<p class=\"has-text-align-center gutenslider-content-initial has-larger-font-size\"><\/p>\n<!-- \/wp:paragraph -->\n<!-- \/wp:eedee\/block-gutenslide -->\n\n<!-- wp:eedee\/block-gutenslide {\"gsBlockId\":\"fzj69mo0m\",\"background\":{\"backgroundType\":\"image\",\"backgroundColor\":\"#eeeeee\",\"backgroundOverlayImage\":\"\",\"backgroundOverlayVideo\":\"\",\"backgroundOverlayOpacity\":50,\"backgroundGradient\":{},\"backgroundImage\":{\"alt\":\"\",\"id\":\"2998\",\"link\":\"https:\/\/galeriamiejska.pl\/eugeniusz-minciel\/181_eugeniusz-minciel-bez-tytulu-2010-akryl-plotno-201-x-270\/\",\"caption\":\"Eugeniusz Minciel, Bez tytu\u0142u, 2010, akryl, p\u0142\u00f3tno, 201 x 270 \",\"type\":\"image\",\"url\":\"https:\/\/galeriamiejska.pl\/wp-content\/uploads\/2021\/01\/181_eugeniusz-minciel-bez-tytulu-2010-akryl-plotno-201-x-270.jpg\",\"fullUrl\":\"https:\/\/galeriamiejska.pl\/wp-content\/uploads\/2021\/01\/181_eugeniusz-minciel-bez-tytulu-2010-akryl-plotno-201-x-270.jpg\"},\"backgroundPosition\":\"center center\",\"backgroundRepeat\":\"no-repeat\",\"backgroundImageSize\":\"cover\",\"backgroundVideoSize\":\"cover\",\"customBackgroundColor\":\"\",\"hasParallax\":false,\"backgroundFocalPoint\":{\"x\":0.5,\"y\":0.5},\"backgroundVideoFocalPoint\":{\"x\":0.5,\"y\":0.5},\"backgroundVideo\":{},\"backgroundVideoMuted\":true,\"backgroundVideoLoop\":true,\"backgroundVideoAutoplay\":true,\"openPopover\":true,\"mediaId\":\"2998\"}} -->\n<!-- wp:paragraph {\"align\":\"center\",\"placeholder\":\"Add slide content here\u2026\",\"className\":\"gutenslider-content-initial\",\"fontSize\":\"larger\"} -->\n<p class=\"has-text-align-center gutenslider-content-initial has-larger-font-size\"><\/p>\n<!-- \/wp:paragraph -->\n<!-- \/wp:eedee\/block-gutenslide -->\n\n<!-- wp:eedee\/block-gutenslide {\"gsBlockId\":\"7dth09mrz\",\"background\":{\"backgroundType\":\"image\",\"backgroundColor\":\"#eeeeee\",\"backgroundOverlayImage\":\"\",\"backgroundOverlayVideo\":\"\",\"backgroundOverlayOpacity\":50,\"backgroundGradient\":{},\"backgroundImage\":{\"alt\":\"\",\"id\":\"2997\",\"link\":\"https:\/\/galeriamiejska.pl\/eugeniusz-minciel\/181_eugeniusz-minciel-bez-tytulu-2009-akryl-plotno-210-x-210\/\",\"caption\":\"Eugeniusz Minciel, Bez tytu\u0142u, 2009, akryl, p\u0142\u00f3tno, 210 x 210 \",\"type\":\"image\",\"url\":\"https:\/\/galeriamiejska.pl\/wp-content\/uploads\/2021\/01\/181_eugeniusz-minciel-bez-tytulu-2009-akryl-plotno-210-x-210.jpg\",\"fullUrl\":\"https:\/\/galeriamiejska.pl\/wp-content\/uploads\/2021\/01\/181_eugeniusz-minciel-bez-tytulu-2009-akryl-plotno-210-x-210.jpg\"},\"backgroundPosition\":\"center center\",\"backgroundRepeat\":\"no-repeat\",\"backgroundImageSize\":\"cover\",\"backgroundVideoSize\":\"cover\",\"customBackgroundColor\":\"\",\"hasParallax\":false,\"backgroundFocalPoint\":{\"x\":0.5,\"y\":0.5},\"backgroundVideoFocalPoint\":{\"x\":0.5,\"y\":0.5},\"backgroundVideo\":{},\"backgroundVideoMuted\":true,\"backgroundVideoLoop\":true,\"backgroundVideoAutoplay\":true,\"openPopover\":true,\"mediaId\":\"2997\"}} -->\n<!-- wp:paragraph {\"align\":\"center\",\"placeholder\":\"Add slide content here\u2026\",\"className\":\"gutenslider-content-initial\",\"fontSize\":\"larger\"} -->\n<p class=\"has-text-align-center gutenslider-content-initial has-larger-font-size\"><\/p>\n<!-- \/wp:paragraph -->\n<!-- \/wp:eedee\/block-gutenslide -->\n\n<!-- wp:eedee\/block-gutenslide {\"gsBlockId\":\"nqpvp83od\",\"background\":{\"backgroundType\":\"image\",\"backgroundColor\":\"#eeeeee\",\"backgroundOverlayImage\":\"\",\"backgroundOverlayVideo\":\"\",\"backgroundOverlayOpacity\":50,\"backgroundGradient\":{},\"backgroundImage\":{\"alt\":\"\",\"id\":\"2996\",\"link\":\"https:\/\/galeriamiejska.pl\/eugeniusz-minciel\/181_eugeniusz-minciel-bez-tytulu-2008-akryl-plotno-200-x-220\/\",\"caption\":\"Eugeniusz Minciel, Bez tytu\u0142u, 2008, akryl, p\u0142\u00f3tno, 200 x 220 \",\"type\":\"image\",\"url\":\"https:\/\/galeriamiejska.pl\/wp-content\/uploads\/2021\/01\/181_eugeniusz-minciel-bez-tytulu-2008-akryl-plotno-200-x-220.jpg\",\"fullUrl\":\"https:\/\/galeriamiejska.pl\/wp-content\/uploads\/2021\/01\/181_eugeniusz-minciel-bez-tytulu-2008-akryl-plotno-200-x-220.jpg\"},\"backgroundPosition\":\"center center\",\"backgroundRepeat\":\"no-repeat\",\"backgroundImageSize\":\"cover\",\"backgroundVideoSize\":\"cover\",\"customBackgroundColor\":\"\",\"hasParallax\":false,\"backgroundFocalPoint\":{\"x\":0.5,\"y\":0.5},\"backgroundVideoFocalPoint\":{\"x\":0.5,\"y\":0.5},\"backgroundVideo\":{},\"backgroundVideoMuted\":true,\"backgroundVideoLoop\":true,\"backgroundVideoAutoplay\":true,\"openPopover\":true,\"mediaId\":\"2996\"}} -->\n<!-- wp:paragraph {\"align\":\"center\",\"placeholder\":\"Add slide content here\u2026\",\"className\":\"gutenslider-content-initial\",\"fontSize\":\"larger\"} -->\n<p class=\"has-text-align-center gutenslider-content-initial has-larger-font-size\"><\/p>\n<!-- \/wp:paragraph -->\n<!-- \/wp:eedee\/block-gutenslide -->\n\n<!-- wp:eedee\/block-gutenslide {\"gsBlockId\":\"ozzle47eq\",\"background\":{\"backgroundType\":\"image\",\"backgroundColor\":\"#eeeeee\",\"backgroundOverlayImage\":\"\",\"backgroundOverlayVideo\":\"\",\"backgroundOverlayOpacity\":50,\"backgroundGradient\":{},\"backgroundImage\":{\"alt\":\"\",\"id\":\"2995\",\"link\":\"https:\/\/galeriamiejska.pl\/eugeniusz-minciel\/181_eugeniusz-minciel-bez-tytulu-2007-akryl-plotno-220-x-206-2\/\",\"caption\":\"Eugeniusz Minciel, Bez tytu\u0142u, 2007, akryl, p\u0142\u00f3tno, 220 x 206 \",\"type\":\"image\",\"url\":\"https:\/\/galeriamiejska.pl\/wp-content\/uploads\/2021\/01\/181_eugeniusz-minciel-bez-tytulu-2007-akryl-plotno-220-x-206-1.jpg\",\"fullUrl\":\"https:\/\/galeriamiejska.pl\/wp-content\/uploads\/2021\/01\/181_eugeniusz-minciel-bez-tytulu-2007-akryl-plotno-220-x-206-1.jpg\"},\"backgroundPosition\":\"center center\",\"backgroundRepeat\":\"no-repeat\",\"backgroundImageSize\":\"cover\",\"backgroundVideoSize\":\"cover\",\"customBackgroundColor\":\"\",\"hasParallax\":false,\"backgroundFocalPoint\":{\"x\":0.5,\"y\":0.5},\"backgroundVideoFocalPoint\":{\"x\":0.5,\"y\":0.5},\"backgroundVideo\":{},\"backgroundVideoMuted\":true,\"backgroundVideoLoop\":true,\"backgroundVideoAutoplay\":true,\"openPopover\":true,\"mediaId\":\"2995\"}} -->\n<!-- wp:paragraph {\"align\":\"center\",\"placeholder\":\"Add slide content here\u2026\",\"className\":\"gutenslider-content-initial\",\"fontSize\":\"larger\"} -->\n<p class=\"has-text-align-center gutenslider-content-initial has-larger-font-size\"><\/p>\n<!-- \/wp:paragraph -->\n<!-- \/wp:eedee\/block-gutenslide -->\n\n<!-- wp:eedee\/block-gutenslide {\"gsBlockId\":\"bjhzf7yju\",\"background\":{\"backgroundType\":\"image\",\"backgroundColor\":\"#eeeeee\",\"backgroundOverlayImage\":\"\",\"backgroundOverlayVideo\":\"\",\"backgroundOverlayOpacity\":50,\"backgroundGradient\":{},\"backgroundImage\":{\"alt\":\"\",\"id\":\"2994\",\"link\":\"https:\/\/galeriamiejska.pl\/eugeniusz-minciel\/181_eugeniusz-minciel-bez-tytulu2006-akryl-plotno-251-x-183-2\/\",\"caption\":\"Eugeniusz Minciel, Bez tytu\u0142u,2006, akryl, p\u0142\u00f3tno, 251 x 183 \",\"type\":\"image\",\"url\":\"https:\/\/galeriamiejska.pl\/wp-content\/uploads\/2021\/01\/181_eugeniusz-minciel-bez-tytulu2006-akryl-plotno-251-x-183-1.jpg\",\"fullUrl\":\"https:\/\/galeriamiejska.pl\/wp-content\/uploads\/2021\/01\/181_eugeniusz-minciel-bez-tytulu2006-akryl-plotno-251-x-183-1.jpg\"},\"backgroundPosition\":\"center center\",\"backgroundRepeat\":\"no-repeat\",\"backgroundImageSize\":\"cover\",\"backgroundVideoSize\":\"cover\",\"customBackgroundColor\":\"\",\"hasParallax\":false,\"backgroundFocalPoint\":{\"x\":0.5,\"y\":0.5},\"backgroundVideoFocalPoint\":{\"x\":0.5,\"y\":0.5},\"backgroundVideo\":{},\"backgroundVideoMuted\":true,\"backgroundVideoLoop\":true,\"backgroundVideoAutoplay\":true,\"openPopover\":true,\"mediaId\":\"2994\"}} -->\n<!-- wp:paragraph {\"align\":\"center\",\"placeholder\":\"Add slide content here\u2026\",\"className\":\"gutenslider-content-initial\",\"fontSize\":\"larger\"} -->\n<p class=\"has-text-align-center gutenslider-content-initial has-larger-font-size\"><\/p>\n<!-- \/wp:paragraph -->\n<!-- \/wp:eedee\/block-gutenslide -->\n\n<!-- wp:eedee\/block-gutenslide {\"gsBlockId\":\"9d0qj1pip\",\"background\":{\"backgroundType\":\"image\",\"backgroundColor\":\"#eeeeee\",\"backgroundOverlayImage\":\"\",\"backgroundOverlayVideo\":\"\",\"backgroundOverlayOpacity\":50,\"backgroundGradient\":{},\"backgroundImage\":{\"alt\":\"\",\"id\":\"2993\",\"link\":\"https:\/\/galeriamiejska.pl\/eugeniusz-minciel\/181_eugeniusz-minciel-bez-tytulu-2004-technika-wlasna-plotno-210-x-210-2\/\",\"caption\":\"Eugeniusz Minciel, Bez tytu\u0142u, 2004, technika w\u0142asna, p\u0142\u00f3tno, 210 x 210 \",\"type\":\"image\",\"url\":\"https:\/\/galeriamiejska.pl\/wp-content\/uploads\/2021\/01\/181_eugeniusz-minciel-bez-tytulu-2004-technika-wlasna-plotno-210-x-210-1.jpg\",\"fullUrl\":\"https:\/\/galeriamiejska.pl\/wp-content\/uploads\/2021\/01\/181_eugeniusz-minciel-bez-tytulu-2004-technika-wlasna-plotno-210-x-210-1.jpg\"},\"backgroundPosition\":\"center center\",\"backgroundRepeat\":\"no-repeat\",\"backgroundImageSize\":\"cover\",\"backgroundVideoSize\":\"cover\",\"customBackgroundColor\":\"\",\"hasParallax\":false,\"backgroundFocalPoint\":{\"x\":0.5,\"y\":0.5},\"backgroundVideoFocalPoint\":{\"x\":0.5,\"y\":0.5},\"backgroundVideo\":{},\"backgroundVideoMuted\":true,\"backgroundVideoLoop\":true,\"backgroundVideoAutoplay\":true,\"openPopover\":true,\"mediaId\":\"2993\"}} -->\n<!-- wp:paragraph {\"align\":\"center\",\"placeholder\":\"Add slide content here\u2026\",\"className\":\"gutenslider-content-initial\",\"fontSize\":\"larger\"} -->\n<p class=\"has-text-align-center gutenslider-content-initial has-larger-font-size\"><\/p>\n<!-- \/wp:paragraph -->\n<!-- \/wp:eedee\/block-gutenslide -->\n\n<!-- wp:eedee\/block-gutenslide {\"gsBlockId\":\"blis4s20n\",\"background\":{\"backgroundType\":\"image\",\"backgroundColor\":\"#eeeeee\",\"backgroundOverlayImage\":\"\",\"backgroundOverlayVideo\":\"\",\"backgroundOverlayOpacity\":50,\"backgroundGradient\":{},\"backgroundImage\":{\"alt\":\"\",\"id\":\"2992\",\"link\":\"https:\/\/galeriamiejska.pl\/eugeniusz-minciel\/181_eugeniusz-minciel-5-dni-jonskich-1989-akryl-plotno-280-x-370-2\/\",\"caption\":\"Eugeniusz Minciel, 5 dni Jo\u0144skich, 1989, akryl, p\u0142\u00f3tno, 280 x 370 \",\"type\":\"image\",\"url\":\"https:\/\/galeriamiejska.pl\/wp-content\/uploads\/2021\/01\/181_eugeniusz-minciel-5-dni-jonskich-1989-akryl-plotno-280-x-370-1.jpg\",\"fullUrl\":\"https:\/\/galeriamiejska.pl\/wp-content\/uploads\/2021\/01\/181_eugeniusz-minciel-5-dni-jonskich-1989-akryl-plotno-280-x-370-1.jpg\"},\"backgroundPosition\":\"center center\",\"backgroundRepeat\":\"no-repeat\",\"backgroundImageSize\":\"cover\",\"backgroundVideoSize\":\"cover\",\"customBackgroundColor\":\"\",\"hasParallax\":false,\"backgroundFocalPoint\":{\"x\":0.5,\"y\":0.5},\"backgroundVideoFocalPoint\":{\"x\":0.5,\"y\":0.5},\"backgroundVideo\":{},\"backgroundVideoMuted\":true,\"backgroundVideoLoop\":true,\"backgroundVideoAutoplay\":true,\"openPopover\":true,\"mediaId\":\"2992\"}} -->\n<!-- wp:paragraph {\"align\":\"center\",\"placeholder\":\"Add slide content here\u2026\",\"className\":\"gutenslider-content-initial\",\"fontSize\":\"larger\"} -->\n<p class=\"has-text-align-center gutenslider-content-initial has-larger-font-size\"><\/p>\n<!-- \/wp:paragraph -->\n<!-- \/wp:eedee\/block-gutenslide -->\n\n<!-- wp:eedee\/block-gutenslide {\"gsBlockId\":\"jfvhnvsw6\",\"background\":{\"backgroundType\":\"image\",\"backgroundColor\":\"#eeeeee\",\"backgroundOverlayImage\":\"\",\"backgroundOverlayVideo\":\"\",\"backgroundOverlayOpacity\":50,\"backgroundGradient\":{},\"backgroundImage\":{\"alt\":\"\",\"id\":\"2991\",\"link\":\"https:\/\/galeriamiejska.pl\/eugeniusz-minciel\/181_eugeniusz-minciel-transfer-2008-akryl-plotno-210-x-187\/\",\"caption\":\"Eugeniusz Minciel, Transfer, 2008, akryl, p\u0142\u00f3tno, 210 x 187 \",\"type\":\"image\",\"url\":\"https:\/\/galeriamiejska.pl\/wp-content\/uploads\/2021\/01\/181_eugeniusz-minciel-transfer-2008-akryl-plotno-210-x-187.jpg\",\"fullUrl\":\"https:\/\/galeriamiejska.pl\/wp-content\/uploads\/2021\/01\/181_eugeniusz-minciel-transfer-2008-akryl-plotno-210-x-187.jpg\"},\"backgroundPosition\":\"center center\",\"backgroundRepeat\":\"no-repeat\",\"backgroundImageSize\":\"cover\",\"backgroundVideoSize\":\"cover\",\"customBackgroundColor\":\"\",\"hasParallax\":false,\"backgroundFocalPoint\":{\"x\":0.5,\"y\":0.5},\"backgroundVideoFocalPoint\":{\"x\":0.5,\"y\":0.5},\"backgroundVideo\":{},\"backgroundVideoMuted\":true,\"backgroundVideoLoop\":true,\"backgroundVideoAutoplay\":true,\"openPopover\":true,\"mediaId\":\"2991\"}} -->\n<!-- wp:paragraph {\"align\":\"center\",\"placeholder\":\"Add slide content here\u2026\",\"className\":\"gutenslider-content-initial\",\"fontSize\":\"larger\"} -->\n<p class=\"has-text-align-center gutenslider-content-initial has-larger-font-size\"><\/p>\n<!-- \/wp:paragraph -->\n<!-- \/wp:eedee\/block-gutenslide -->\n\n<!-- wp:eedee\/block-gutenslide {\"gsBlockId\":\"1d2tfysud\",\"background\":{\"backgroundType\":\"image\",\"backgroundColor\":\"#eeeeee\",\"backgroundOverlayImage\":\"\",\"backgroundOverlayVideo\":\"\",\"backgroundOverlayOpacity\":50,\"backgroundGradient\":{},\"backgroundImage\":{\"alt\":\"\",\"id\":\"2990\",\"link\":\"https:\/\/galeriamiejska.pl\/eugeniusz-minciel\/181_eugeniusz-minciel-the-surge-1983-akryl-plotno-190-x-140-2\/\",\"caption\":\"Eugeniusz Minciel, The surge, 1983, akryl, p\u0142\u00f3tno, 190 x 140 \",\"type\":\"image\",\"url\":\"https:\/\/galeriamiejska.pl\/wp-content\/uploads\/2021\/01\/181_eugeniusz-minciel-the-surge-1983-akryl-plotno-190-x-140-1.jpg\",\"fullUrl\":\"https:\/\/galeriamiejska.pl\/wp-content\/uploads\/2021\/01\/181_eugeniusz-minciel-the-surge-1983-akryl-plotno-190-x-140-1.jpg\"},\"backgroundPosition\":\"center center\",\"backgroundRepeat\":\"no-repeat\",\"backgroundImageSize\":\"cover\",\"backgroundVideoSize\":\"cover\",\"customBackgroundColor\":\"\",\"hasParallax\":false,\"backgroundFocalPoint\":{\"x\":0.5,\"y\":0.5},\"backgroundVideoFocalPoint\":{\"x\":0.5,\"y\":0.5},\"backgroundVideo\":{},\"backgroundVideoMuted\":true,\"backgroundVideoLoop\":true,\"backgroundVideoAutoplay\":true,\"openPopover\":true,\"mediaId\":\"2990\"}} -->\n<!-- wp:paragraph {\"align\":\"center\",\"placeholder\":\"Add slide content here\u2026\",\"className\":\"gutenslider-content-initial\",\"fontSize\":\"larger\"} -->\n<p class=\"has-text-align-center gutenslider-content-initial has-larger-font-size\"><\/p>\n<!-- \/wp:paragraph -->\n<!-- \/wp:eedee\/block-gutenslide -->\n\n<!-- wp:eedee\/block-gutenslide {\"gsBlockId\":\"fmej6xhzc\",\"background\":{\"backgroundType\":\"image\",\"backgroundColor\":\"#eeeeee\",\"backgroundOverlayImage\":\"\",\"backgroundOverlayVideo\":\"\",\"backgroundOverlayOpacity\":50,\"backgroundGradient\":{},\"backgroundImage\":{\"alt\":\"\",\"id\":\"2989\",\"link\":\"https:\/\/galeriamiejska.pl\/eugeniusz-minciel\/181_eugeniusz-minciel-the-cup-and-hangover-1988-akryl-plotno200-x-145-2\/\",\"caption\":\"Eugeniusz Minciel, The Cup and Hangover, 1988, akryl, p\u0142\u00f3tno,200 x 145 \",\"type\":\"image\",\"url\":\"https:\/\/galeriamiejska.pl\/wp-content\/uploads\/2021\/01\/181_eugeniusz-minciel-the-cup-and-hangover-1988-akryl-plotno200-x-145-1.jpg\",\"fullUrl\":\"https:\/\/galeriamiejska.pl\/wp-content\/uploads\/2021\/01\/181_eugeniusz-minciel-the-cup-and-hangover-1988-akryl-plotno200-x-145-1.jpg\"},\"backgroundPosition\":\"center center\",\"backgroundRepeat\":\"no-repeat\",\"backgroundImageSize\":\"cover\",\"backgroundVideoSize\":\"cover\",\"customBackgroundColor\":\"\",\"hasParallax\":false,\"backgroundFocalPoint\":{\"x\":0.5,\"y\":0.5},\"backgroundVideoFocalPoint\":{\"x\":0.5,\"y\":0.5},\"backgroundVideo\":{},\"backgroundVideoMuted\":true,\"backgroundVideoLoop\":true,\"backgroundVideoAutoplay\":true,\"openPopover\":true,\"mediaId\":\"2989\"}} -->\n<!-- wp:paragraph {\"align\":\"center\",\"placeholder\":\"Add slide content here\u2026\",\"className\":\"gutenslider-content-initial\",\"fontSize\":\"larger\"} -->\n<p class=\"has-text-align-center gutenslider-content-initial has-larger-font-size\"><\/p>\n<!-- \/wp:paragraph -->\n<!-- \/wp:eedee\/block-gutenslide -->\n\n<!-- wp:eedee\/block-gutenslide {\"gsBlockId\":\"zi0zj8t9i\",\"background\":{\"backgroundType\":\"image\",\"backgroundColor\":\"#eeeeee\",\"backgroundOverlayImage\":\"\",\"backgroundOverlayVideo\":\"\",\"backgroundOverlayOpacity\":50,\"backgroundGradient\":{},\"backgroundImage\":{\"alt\":\"\",\"id\":\"2988\",\"link\":\"https:\/\/galeriamiejska.pl\/eugeniusz-minciel\/181_eugeniusz-minciel-the-burning-chair-1985-akryl-plotno-180-x-130-2\/\",\"caption\":\"Eugeniusz Minciel, The burning chair, 1985, akryl, p\u0142\u00f3tno, 180 x 130 \",\"type\":\"image\",\"url\":\"https:\/\/galeriamiejska.pl\/wp-content\/uploads\/2021\/01\/181_eugeniusz-minciel-the-burning-chair-1985-akryl-plotno-180-x-130-1.jpg\",\"fullUrl\":\"https:\/\/galeriamiejska.pl\/wp-content\/uploads\/2021\/01\/181_eugeniusz-minciel-the-burning-chair-1985-akryl-plotno-180-x-130-1.jpg\"},\"backgroundPosition\":\"center center\",\"backgroundRepeat\":\"no-repeat\",\"backgroundImageSize\":\"cover\",\"backgroundVideoSize\":\"cover\",\"customBackgroundColor\":\"\",\"hasParallax\":false,\"backgroundFocalPoint\":{\"x\":0.5,\"y\":0.5},\"backgroundVideoFocalPoint\":{\"x\":0.5,\"y\":0.5},\"backgroundVideo\":{},\"backgroundVideoMuted\":true,\"backgroundVideoLoop\":true,\"backgroundVideoAutoplay\":true,\"openPopover\":true,\"mediaId\":\"2988\"}} -->\n<!-- wp:paragraph {\"align\":\"center\",\"placeholder\":\"Add slide content here\u2026\",\"className\":\"gutenslider-content-initial\",\"fontSize\":\"larger\"} -->\n<p class=\"has-text-align-center gutenslider-content-initial has-larger-font-size\"><\/p>\n<!-- \/wp:paragraph -->\n<!-- \/wp:eedee\/block-gutenslide -->\n\n<!-- wp:eedee\/block-gutenslide {\"gsBlockId\":\"42ok1l6wn\",\"background\":{\"backgroundType\":\"image\",\"backgroundColor\":\"#eeeeee\",\"backgroundOverlayImage\":\"\",\"backgroundOverlayVideo\":\"\",\"backgroundOverlayOpacity\":50,\"backgroundGradient\":{},\"backgroundImage\":{\"alt\":\"\",\"id\":\"2987\",\"link\":\"https:\/\/galeriamiejska.pl\/eugeniusz-minciel\/181_eugeniusz-minciel-self-immolation-1987-akryl-plotno-200-x-140-2\/\",\"caption\":\"Eugeniusz Minciel, Self-immolation, 1987, akryl, p\u0142\u00f3tno, 200 x 140 \",\"type\":\"image\",\"url\":\"https:\/\/galeriamiejska.pl\/wp-content\/uploads\/2021\/01\/181_eugeniusz-minciel-self-immolation-1987-akryl-plotno-200-x-140-1.jpg\",\"fullUrl\":\"https:\/\/galeriamiejska.pl\/wp-content\/uploads\/2021\/01\/181_eugeniusz-minciel-self-immolation-1987-akryl-plotno-200-x-140-1.jpg\"},\"backgroundPosition\":\"center center\",\"backgroundRepeat\":\"no-repeat\",\"backgroundImageSize\":\"cover\",\"backgroundVideoSize\":\"cover\",\"customBackgroundColor\":\"\",\"hasParallax\":false,\"backgroundFocalPoint\":{\"x\":0.5,\"y\":0.5},\"backgroundVideoFocalPoint\":{\"x\":0.5,\"y\":0.5},\"backgroundVideo\":{},\"backgroundVideoMuted\":true,\"backgroundVideoLoop\":true,\"backgroundVideoAutoplay\":true,\"openPopover\":true,\"mediaId\":\"2987\"}} -->\n<!-- wp:paragraph {\"align\":\"center\",\"placeholder\":\"Add slide content here\u2026\",\"className\":\"gutenslider-content-initial\",\"fontSize\":\"larger\"} -->\n<p class=\"has-text-align-center gutenslider-content-initial has-larger-font-size\"><\/p>\n<!-- \/wp:paragraph -->\n<!-- \/wp:eedee\/block-gutenslide -->\n<!-- \/wp:eedee\/block-gutenslider -->\n\n<!-- wp:paragraph {\"align\":\"left\"} -->\n<p class=\"has-text-align-left\"><strong>Urodzony w&nbsp;1958 roku. W&nbsp;latach 1980-1985 studiowa\u0142 na wydziale Malarstwa, Grafiki i&nbsp;Rze\u017aby w&nbsp;Pa\u0144stwowej Wy\u017cszej Szkole Sztuk Plastycznych (obecnie Akademia Sztuk Pi\u0119knych) we Wroc\u0142awiu. Otrzyma\u0142 dyplom z&nbsp;wyr\u00f3\u017cnieniem w&nbsp;pracowni malarstwa prof. Wandy Go\u0142kowskiej. W&nbsp;latach 1984-1989 roku by\u0142 ostatnim asystentem w&nbsp;tej\u017ce pracowni. Jego prace znajduj\u0105 si\u0119 w&nbsp;zbiorach Muzeum Narodowego w&nbsp;Warszawie, Muzeum Narodowego we Wroc\u0142awiu i&nbsp;kolekcjach prywatnych w&nbsp;Polsce i&nbsp;za granic\u0105. Mieszka i&nbsp;pracuje w&nbsp;Ksi\u0119\u017cycach nieopodal Wroc\u0142awia.<\/strong><br><br><strong>Wybrane wystawy indywidualne:<br><br>2014<br><\/strong>- Drzwi do malarstwa \u2013 Obraz w&nbsp;Obrazie, Muzeum Narodowe we Wroc\u0142awiu<strong><br><br>2012<br><\/strong>- BWA, Gorz\u00f3w Wielkopolski<strong><br><br>2009\/10<br><\/strong>- Galeria Promocyjna, Warszawa; Polska Nagroda Fundacji Exit<strong><br><br>2003<br><\/strong>- Galeria Dominique Lang, Dudelage, Luksemburg<br>- Galeria Doxa, Czeski Krumlov, Czechy<strong><br><br>2000<br><\/strong>- Galeria Promocyjna, Warszawa<br><strong><br>1999<br><\/strong>- Galeria Kameralna, S\u0142upsk<strong><br><br>1996<br><\/strong>- Galeria El, Elbl\u0105g<br><strong><br>1991<br><\/strong>- Obrazy \u0141upane, Galeria BWA, Wroc\u0142aw<strong><br><br>1990<br><\/strong>- Galeria Promocyjna, Warszawa<strong><br><br><br>Wybrane wystawy zbiorowe:<br><br>2012<br><\/strong>- Horyzonty, Muzeum Fotografii, Gorlitz, Niemcy<br>- Sympozjum Rzeczpospolitej 2012, Centrum Rze\u017aby Polskiej, Oro\u0144sko<br>- Przestrze\u0144 pomi\u0119dzy nami, Prezentacja Akademii Sztuk Pi\u0119knych, Wiesbaden, Niemcy<br><strong><br>2011<br><\/strong>- \u201eco jest tu\/czego tu nie ma\u201d, Oblasti Galeria Liberec, Czechy7 gest\u00f3w malarskich, Galeria Entropia, Wroc\u0142aw<strong><br><br>2010<br><\/strong>- Pokolenie 80, Muzeum Narodowe Krak\u00f3w<br>- Apogeum Nowa Ekspresja 1987, Centrum Sztuki Wsp\u00f3\u0142czesnej, Toru\u0144<strong><br><br>2008<br><\/strong>- Republika Bananowa, Ekspresja lat 80-tych, Zamek Ksi\u0105\u017c, Muzeum Narodowe, Szczecin<strong><br><br>2006<br><\/strong>- Nowa Ekspresja 20 lat, Galeria BWA, Olsztyn<strong><br><br>2005<br><\/strong>- Polen commt, 12 maler aus Polen, w&nbsp;ramach Roku Polski w&nbsp;Niemczech i&nbsp;Roku Niemiec w&nbsp;Polsce 2005-6, Berlin, Kilonia, Aachem, Krefeld, Kolonia, Bonn, Lipsk, Niemcy<strong><br><br>2003<br><\/strong>- Kolekcja 1996-2003, Muzeum Narodowe, Wroc\u0142aw<\/p>\n<!-- \/wp:paragraph -->\n\n<!-- wp:gallery {\"ids\":[2987,2988,2989,2990,2991,2992,2993,2994,2995,2996,2997,2998,2999,3000,3001,3002,3003,3004],\"columns\":4,\"linkTo\":\"file\"} -->\n<figure class=\"wp-block-gallery columns-4 is-cropped\"><ul class=\"blocks-gallery-grid\"><li class=\"blocks-gallery-item\"><figure><a href=\"https:\/\/galeriamiejska.pl\/wp-content\/uploads\/2021\/01\/181_eugeniusz-minciel-self-immolation-1987-akryl-plotno-200-x-140-1.jpg\"><img src=\"https:\/\/galeriamiejska.pl\/wp-content\/uploads\/2021\/01\/181_eugeniusz-minciel-self-immolation-1987-akryl-plotno-200-x-140-1.jpg\" alt=\"\" data-id=\"2987\" data-full-url=\"https:\/\/galeriamiejska.pl\/wp-content\/uploads\/2021\/01\/181_eugeniusz-minciel-self-immolation-1987-akryl-plotno-200-x-140-1.jpg\" data-link=\"https:\/\/galeriamiejska.pl\/eugeniusz-minciel\/181_eugeniusz-minciel-self-immolation-1987-akryl-plotno-200-x-140-2\/\" class=\"wp-image-2987\"\/><\/a><figcaption class=\"blocks-gallery-item__caption\">Eugeniusz Minciel, Self-immolation, 1987, akryl, p\u0142\u00f3tno, 200 x 140 <\/figcaption><\/figure><\/li><li class=\"blocks-gallery-item\"><figure><a href=\"https:\/\/galeriamiejska.pl\/wp-content\/uploads\/2021\/01\/181_eugeniusz-minciel-the-burning-chair-1985-akryl-plotno-180-x-130-1.jpg\"><img src=\"https:\/\/galeriamiejska.pl\/wp-content\/uploads\/2021\/01\/181_eugeniusz-minciel-the-burning-chair-1985-akryl-plotno-180-x-130-1.jpg\" alt=\"\" data-id=\"2988\" data-full-url=\"https:\/\/galeriamiejska.pl\/wp-content\/uploads\/2021\/01\/181_eugeniusz-minciel-the-burning-chair-1985-akryl-plotno-180-x-130-1.jpg\" data-link=\"https:\/\/galeriamiejska.pl\/eugeniusz-minciel\/181_eugeniusz-minciel-the-burning-chair-1985-akryl-plotno-180-x-130-2\/\" class=\"wp-image-2988\"\/><\/a><figcaption class=\"blocks-gallery-item__caption\">Eugeniusz Minciel, The burning chair, 1985, akryl, p\u0142\u00f3tno, 180 x 130 <\/figcaption><\/figure><\/li><li class=\"blocks-gallery-item\"><figure><a href=\"https:\/\/galeriamiejska.pl\/wp-content\/uploads\/2021\/01\/181_eugeniusz-minciel-the-cup-and-hangover-1988-akryl-plotno200-x-145-1.jpg\"><img src=\"https:\/\/galeriamiejska.pl\/wp-content\/uploads\/2021\/01\/181_eugeniusz-minciel-the-cup-and-hangover-1988-akryl-plotno200-x-145-1.jpg\" alt=\"\" data-id=\"2989\" data-full-url=\"https:\/\/galeriamiejska.pl\/wp-content\/uploads\/2021\/01\/181_eugeniusz-minciel-the-cup-and-hangover-1988-akryl-plotno200-x-145-1.jpg\" data-link=\"https:\/\/galeriamiejska.pl\/eugeniusz-minciel\/181_eugeniusz-minciel-the-cup-and-hangover-1988-akryl-plotno200-x-145-2\/\" class=\"wp-image-2989\"\/><\/a><figcaption class=\"blocks-gallery-item__caption\">Eugeniusz Minciel, The Cup and Hangover, 1988, akryl, p\u0142\u00f3tno,200 x 145 <\/figcaption><\/figure><\/li><li class=\"blocks-gallery-item\"><figure><a href=\"https:\/\/galeriamiejska.pl\/wp-content\/uploads\/2021\/01\/181_eugeniusz-minciel-the-surge-1983-akryl-plotno-190-x-140-1.jpg\"><img src=\"https:\/\/galeriamiejska.pl\/wp-content\/uploads\/2021\/01\/181_eugeniusz-minciel-the-surge-1983-akryl-plotno-190-x-140-1.jpg\" alt=\"\" data-id=\"2990\" data-full-url=\"https:\/\/galeriamiejska.pl\/wp-content\/uploads\/2021\/01\/181_eugeniusz-minciel-the-surge-1983-akryl-plotno-190-x-140-1.jpg\" data-link=\"https:\/\/galeriamiejska.pl\/eugeniusz-minciel\/181_eugeniusz-minciel-the-surge-1983-akryl-plotno-190-x-140-2\/\" class=\"wp-image-2990\"\/><\/a><figcaption class=\"blocks-gallery-item__caption\">Eugeniusz Minciel, The surge, 1983, akryl, p\u0142\u00f3tno, 190 x 140 <\/figcaption><\/figure><\/li><li class=\"blocks-gallery-item\"><figure><a href=\"https:\/\/galeriamiejska.pl\/wp-content\/uploads\/2021\/01\/181_eugeniusz-minciel-transfer-2008-akryl-plotno-210-x-187.jpg\"><img src=\"https:\/\/galeriamiejska.pl\/wp-content\/uploads\/2021\/01\/181_eugeniusz-minciel-transfer-2008-akryl-plotno-210-x-187.jpg\" alt=\"\" data-id=\"2991\" data-full-url=\"https:\/\/galeriamiejska.pl\/wp-content\/uploads\/2021\/01\/181_eugeniusz-minciel-transfer-2008-akryl-plotno-210-x-187.jpg\" data-link=\"https:\/\/galeriamiejska.pl\/eugeniusz-minciel\/181_eugeniusz-minciel-transfer-2008-akryl-plotno-210-x-187\/\" class=\"wp-image-2991\"\/><\/a><figcaption class=\"blocks-gallery-item__caption\">Eugeniusz Minciel, Transfer, 2008, akryl, p\u0142\u00f3tno, 210 x 187 <\/figcaption><\/figure><\/li><li class=\"blocks-gallery-item\"><figure><a href=\"https:\/\/galeriamiejska.pl\/wp-content\/uploads\/2021\/01\/181_eugeniusz-minciel-5-dni-jonskich-1989-akryl-plotno-280-x-370-1.jpg\"><img src=\"https:\/\/galeriamiejska.pl\/wp-content\/uploads\/2021\/01\/181_eugeniusz-minciel-5-dni-jonskich-1989-akryl-plotno-280-x-370-1.jpg\" alt=\"\" data-id=\"2992\" data-full-url=\"https:\/\/galeriamiejska.pl\/wp-content\/uploads\/2021\/01\/181_eugeniusz-minciel-5-dni-jonskich-1989-akryl-plotno-280-x-370-1.jpg\" data-link=\"https:\/\/galeriamiejska.pl\/eugeniusz-minciel\/181_eugeniusz-minciel-5-dni-jonskich-1989-akryl-plotno-280-x-370-2\/\" class=\"wp-image-2992\"\/><\/a><figcaption class=\"blocks-gallery-item__caption\">Eugeniusz Minciel, 5 dni Jo\u0144skich, 1989, akryl, p\u0142\u00f3tno, 280 x 370 <\/figcaption><\/figure><\/li><li class=\"blocks-gallery-item\"><figure><a href=\"https:\/\/galeriamiejska.pl\/wp-content\/uploads\/2021\/01\/181_eugeniusz-minciel-bez-tytulu-2004-technika-wlasna-plotno-210-x-210-1.jpg\"><img src=\"https:\/\/galeriamiejska.pl\/wp-content\/uploads\/2021\/01\/181_eugeniusz-minciel-bez-tytulu-2004-technika-wlasna-plotno-210-x-210-1.jpg\" alt=\"\" data-id=\"2993\" data-full-url=\"https:\/\/galeriamiejska.pl\/wp-content\/uploads\/2021\/01\/181_eugeniusz-minciel-bez-tytulu-2004-technika-wlasna-plotno-210-x-210-1.jpg\" data-link=\"https:\/\/galeriamiejska.pl\/eugeniusz-minciel\/181_eugeniusz-minciel-bez-tytulu-2004-technika-wlasna-plotno-210-x-210-2\/\" class=\"wp-image-2993\"\/><\/a><figcaption class=\"blocks-gallery-item__caption\">Eugeniusz Minciel, Bez tytu\u0142u, 2004, technika w\u0142asna, p\u0142\u00f3tno, 210 x 210 <\/figcaption><\/figure><\/li><li class=\"blocks-gallery-item\"><figure><a href=\"https:\/\/galeriamiejska.pl\/wp-content\/uploads\/2021\/01\/181_eugeniusz-minciel-bez-tytulu2006-akryl-plotno-251-x-183-1.jpg\"><img src=\"https:\/\/galeriamiejska.pl\/wp-content\/uploads\/2021\/01\/181_eugeniusz-minciel-bez-tytulu2006-akryl-plotno-251-x-183-1.jpg\" alt=\"\" data-id=\"2994\" data-full-url=\"https:\/\/galeriamiejska.pl\/wp-content\/uploads\/2021\/01\/181_eugeniusz-minciel-bez-tytulu2006-akryl-plotno-251-x-183-1.jpg\" data-link=\"https:\/\/galeriamiejska.pl\/eugeniusz-minciel\/181_eugeniusz-minciel-bez-tytulu2006-akryl-plotno-251-x-183-2\/\" class=\"wp-image-2994\"\/><\/a><figcaption class=\"blocks-gallery-item__caption\">Eugeniusz Minciel, Bez tytu\u0142u,2006, akryl, p\u0142\u00f3tno, 251 x 183 <\/figcaption><\/figure><\/li><li class=\"blocks-gallery-item\"><figure><a href=\"https:\/\/galeriamiejska.pl\/wp-content\/uploads\/2021\/01\/181_eugeniusz-minciel-bez-tytulu-2007-akryl-plotno-220-x-206-1.jpg\"><img src=\"https:\/\/galeriamiejska.pl\/wp-content\/uploads\/2021\/01\/181_eugeniusz-minciel-bez-tytulu-2007-akryl-plotno-220-x-206-1.jpg\" alt=\"\" data-id=\"2995\" data-full-url=\"https:\/\/galeriamiejska.pl\/wp-content\/uploads\/2021\/01\/181_eugeniusz-minciel-bez-tytulu-2007-akryl-plotno-220-x-206-1.jpg\" data-link=\"https:\/\/galeriamiejska.pl\/eugeniusz-minciel\/181_eugeniusz-minciel-bez-tytulu-2007-akryl-plotno-220-x-206-2\/\" class=\"wp-image-2995\"\/><\/a><figcaption class=\"blocks-gallery-item__caption\">Eugeniusz Minciel, Bez tytu\u0142u, 2007, akryl, p\u0142\u00f3tno, 220 x 206 <\/figcaption><\/figure><\/li><li class=\"blocks-gallery-item\"><figure><a href=\"https:\/\/galeriamiejska.pl\/wp-content\/uploads\/2021\/01\/181_eugeniusz-minciel-bez-tytulu-2008-akryl-plotno-200-x-220.jpg\"><img src=\"https:\/\/galeriamiejska.pl\/wp-content\/uploads\/2021\/01\/181_eugeniusz-minciel-bez-tytulu-2008-akryl-plotno-200-x-220.jpg\" alt=\"\" data-id=\"2996\" data-full-url=\"https:\/\/galeriamiejska.pl\/wp-content\/uploads\/2021\/01\/181_eugeniusz-minciel-bez-tytulu-2008-akryl-plotno-200-x-220.jpg\" data-link=\"https:\/\/galeriamiejska.pl\/eugeniusz-minciel\/181_eugeniusz-minciel-bez-tytulu-2008-akryl-plotno-200-x-220\/\" class=\"wp-image-2996\"\/><\/a><figcaption class=\"blocks-gallery-item__caption\">Eugeniusz Minciel, Bez tytu\u0142u, 2008, akryl, p\u0142\u00f3tno, 200 x 220 <\/figcaption><\/figure><\/li><li class=\"blocks-gallery-item\"><figure><a href=\"https:\/\/galeriamiejska.pl\/wp-content\/uploads\/2021\/01\/181_eugeniusz-minciel-bez-tytulu-2009-akryl-plotno-210-x-210.jpg\"><img src=\"https:\/\/galeriamiejska.pl\/wp-content\/uploads\/2021\/01\/181_eugeniusz-minciel-bez-tytulu-2009-akryl-plotno-210-x-210.jpg\" alt=\"\" data-id=\"2997\" data-full-url=\"https:\/\/galeriamiejska.pl\/wp-content\/uploads\/2021\/01\/181_eugeniusz-minciel-bez-tytulu-2009-akryl-plotno-210-x-210.jpg\" data-link=\"https:\/\/galeriamiejska.pl\/eugeniusz-minciel\/181_eugeniusz-minciel-bez-tytulu-2009-akryl-plotno-210-x-210\/\" class=\"wp-image-2997\"\/><\/a><figcaption class=\"blocks-gallery-item__caption\">Eugeniusz Minciel, Bez tytu\u0142u, 2009, akryl, p\u0142\u00f3tno, 210 x 210 <\/figcaption><\/figure><\/li><li class=\"blocks-gallery-item\"><figure><a href=\"https:\/\/galeriamiejska.pl\/wp-content\/uploads\/2021\/01\/181_eugeniusz-minciel-bez-tytulu-2010-akryl-plotno-201-x-270.jpg\"><img src=\"https:\/\/galeriamiejska.pl\/wp-content\/uploads\/2021\/01\/181_eugeniusz-minciel-bez-tytulu-2010-akryl-plotno-201-x-270.jpg\" alt=\"\" data-id=\"2998\" data-full-url=\"https:\/\/galeriamiejska.pl\/wp-content\/uploads\/2021\/01\/181_eugeniusz-minciel-bez-tytulu-2010-akryl-plotno-201-x-270.jpg\" data-link=\"https:\/\/galeriamiejska.pl\/eugeniusz-minciel\/181_eugeniusz-minciel-bez-tytulu-2010-akryl-plotno-201-x-270\/\" class=\"wp-image-2998\"\/><\/a><figcaption class=\"blocks-gallery-item__caption\">Eugeniusz Minciel, Bez tytu\u0142u, 2010, akryl, p\u0142\u00f3tno, 201 x 270 <\/figcaption><\/figure><\/li><li class=\"blocks-gallery-item\"><figure><a href=\"https:\/\/galeriamiejska.pl\/wp-content\/uploads\/2021\/01\/181_eugeniusz-minciel-inter-dying-1988-akryl-plotno-200-x-400-1.jpg\"><img src=\"https:\/\/galeriamiejska.pl\/wp-content\/uploads\/2021\/01\/181_eugeniusz-minciel-inter-dying-1988-akryl-plotno-200-x-400-1.jpg\" alt=\"\" data-id=\"2999\" data-full-url=\"https:\/\/galeriamiejska.pl\/wp-content\/uploads\/2021\/01\/181_eugeniusz-minciel-inter-dying-1988-akryl-plotno-200-x-400-1.jpg\" data-link=\"https:\/\/galeriamiejska.pl\/eugeniusz-minciel\/181_eugeniusz-minciel-inter-dying-1988-akryl-plotno-200-x-400-2\/\" class=\"wp-image-2999\"\/><\/a><figcaption class=\"blocks-gallery-item__caption\">Eugeniusz Minciel, Inter-dying, 1988, akryl, p\u0142\u00f3tno, 200 x 400 <\/figcaption><\/figure><\/li><li class=\"blocks-gallery-item\"><figure><a href=\"https:\/\/galeriamiejska.pl\/wp-content\/uploads\/2021\/01\/181_eugeniusz-minciel-kometa-2006-akryl-plotno-204-x-341-1.jpg\"><img src=\"https:\/\/galeriamiejska.pl\/wp-content\/uploads\/2021\/01\/181_eugeniusz-minciel-kometa-2006-akryl-plotno-204-x-341-1.jpg\" alt=\"\" data-id=\"3000\" data-full-url=\"https:\/\/galeriamiejska.pl\/wp-content\/uploads\/2021\/01\/181_eugeniusz-minciel-kometa-2006-akryl-plotno-204-x-341-1.jpg\" data-link=\"https:\/\/galeriamiejska.pl\/eugeniusz-minciel\/181_eugeniusz-minciel-kometa-2006-akryl-plotno-204-x-341-2\/\" class=\"wp-image-3000\"\/><\/a><figcaption class=\"blocks-gallery-item__caption\">Eugeniusz Minciel, Kometa, 2006, akryl, p\u0142\u00f3tno, 204 x 341 <\/figcaption><\/figure><\/li><li class=\"blocks-gallery-item\"><figure><a href=\"https:\/\/galeriamiejska.pl\/wp-content\/uploads\/2021\/01\/181_eugeniusz-minciel-oh-miles-1988-akryl-plotno-150-x-145-1.jpg\"><img src=\"https:\/\/galeriamiejska.pl\/wp-content\/uploads\/2021\/01\/181_eugeniusz-minciel-oh-miles-1988-akryl-plotno-150-x-145-1.jpg\" alt=\"\" data-id=\"3001\" data-full-url=\"https:\/\/galeriamiejska.pl\/wp-content\/uploads\/2021\/01\/181_eugeniusz-minciel-oh-miles-1988-akryl-plotno-150-x-145-1.jpg\" data-link=\"https:\/\/galeriamiejska.pl\/eugeniusz-minciel\/181_eugeniusz-minciel-oh-miles-1988-akryl-plotno-150-x-145-2\/\" class=\"wp-image-3001\"\/><\/a><figcaption class=\"blocks-gallery-item__caption\">Eugeniusz Minciel, Oh Miles, 1988, akryl, p\u0142\u00f3tno, 150 x 145 <\/figcaption><\/figure><\/li><li class=\"blocks-gallery-item\"><figure><a href=\"https:\/\/galeriamiejska.pl\/wp-content\/uploads\/2021\/01\/181_eugeniusz-minciel-oh-providence-1995-akryl-plotno-162-x-270-1.jpg\"><img src=\"https:\/\/galeriamiejska.pl\/wp-content\/uploads\/2021\/01\/181_eugeniusz-minciel-oh-providence-1995-akryl-plotno-162-x-270-1.jpg\" alt=\"\" data-id=\"3002\" data-full-url=\"https:\/\/galeriamiejska.pl\/wp-content\/uploads\/2021\/01\/181_eugeniusz-minciel-oh-providence-1995-akryl-plotno-162-x-270-1.jpg\" data-link=\"https:\/\/galeriamiejska.pl\/eugeniusz-minciel\/181_eugeniusz-minciel-oh-providence-1995-akryl-plotno-162-x-270-2\/\" class=\"wp-image-3002\"\/><\/a><figcaption class=\"blocks-gallery-item__caption\">Eugeniusz Minciel, Oh Providence, 1995, akryl, p\u0142\u00f3tno, 162 x 270 <\/figcaption><\/figure><\/li><li class=\"blocks-gallery-item\"><figure><a href=\"https:\/\/galeriamiejska.pl\/wp-content\/uploads\/2021\/01\/181_eugeniusz-minciel-piec-palcow-tonie-2010-akryl-plotno-200-x-272.jpg\"><img src=\"https:\/\/galeriamiejska.pl\/wp-content\/uploads\/2021\/01\/181_eugeniusz-minciel-piec-palcow-tonie-2010-akryl-plotno-200-x-272.jpg\" alt=\"\" data-id=\"3003\" data-full-url=\"https:\/\/galeriamiejska.pl\/wp-content\/uploads\/2021\/01\/181_eugeniusz-minciel-piec-palcow-tonie-2010-akryl-plotno-200-x-272.jpg\" data-link=\"https:\/\/galeriamiejska.pl\/eugeniusz-minciel\/181_eugeniusz-minciel-piec-palcow-tonie-2010-akryl-plotno-200-x-272\/\" class=\"wp-image-3003\"\/><\/a><figcaption class=\"blocks-gallery-item__caption\">Eugeniusz Minciel, Pi\u0119\u0107 palc\u00f3w tonie, 2010, akryl, p\u0142\u00f3tno, 200 x 272 <\/figcaption><\/figure><\/li><li class=\"blocks-gallery-item\"><figure><a href=\"https:\/\/galeriamiejska.pl\/wp-content\/uploads\/2021\/01\/181_eugeniusz-minciel-read-people-of-minciel-destroyed-painting-1987-akryl-plotno-220-x-240-1.jpg\"><img src=\"https:\/\/galeriamiejska.pl\/wp-content\/uploads\/2021\/01\/181_eugeniusz-minciel-read-people-of-minciel-destroyed-painting-1987-akryl-plotno-220-x-240-1.jpg\" alt=\"\" data-id=\"3004\" data-full-url=\"https:\/\/galeriamiejska.pl\/wp-content\/uploads\/2021\/01\/181_eugeniusz-minciel-read-people-of-minciel-destroyed-painting-1987-akryl-plotno-220-x-240-1.jpg\" data-link=\"https:\/\/galeriamiejska.pl\/eugeniusz-minciel\/181_eugeniusz-minciel-read-people-of-minciel-destroyed-painting-1987-akryl-plotno-220-x-240-2\/\" class=\"wp-image-3004\"\/><\/a><figcaption class=\"blocks-gallery-item__caption\">Eugeniusz Minciel, Read People of Minciel destroyed painting, 1987, akryl, p\u0142\u00f3tno, 220 x 240 <\/figcaption><\/figure><\/li><\/ul><\/figure>\n<!-- \/wp:gallery -->","_pl_post_name":"eugeniusz-minciel","_pl_post_excerpt":"Zajmuje si\u0119 malarstwem, rysunkiem i grafik\u0105.","_pl_post_title":"Eugeniusz Minciel","_en_post_content":"<!-- wp:eedee\/block-gutenslider {\"gsBlockId\":\"lf0byjciq\",\"media\":[{\"alt\":\"\",\"id\":\"3004\",\"link\":\"https:\/\/galeriamiejska.pl\/en\/eugeniusz-minciel\/181_eugeniusz-minciel-read-people-of-minciel-destroyed-painting-1987-akryl-plotno-220-x-240-2\/\",\"caption\":\"Eugeniusz Minciel, Read People of Minciel destroyed painting, 1987, akryl, p\u0142\u00f3tno, 220 x 240 \",\"type\":\"image\",\"url\":\"https:\/\/galeriamiejska.pl\/wp-content\/uploads\/2021\/01\/181_eugeniusz-minciel-read-people-of-minciel-destroyed-painting-1987-akryl-plotno-220-x-240-1.jpg\",\"fullUrl\":\"https:\/\/galeriamiejska.pl\/wp-content\/uploads\/2021\/01\/181_eugeniusz-minciel-read-people-of-minciel-destroyed-painting-1987-akryl-plotno-220-x-240-1.jpg\"},{\"alt\":\"\",\"id\":\"3003\",\"link\":\"https:\/\/galeriamiejska.pl\/en\/eugeniusz-minciel\/181_eugeniusz-minciel-piec-palcow-tonie-2010-akryl-plotno-200-x-272\/\",\"caption\":\"Eugeniusz Minciel, Pi\u0119\u0107 palc\u00f3w tonie, 2010, akryl, p\u0142\u00f3tno, 200 x 272 \",\"type\":\"image\",\"url\":\"https:\/\/galeriamiejska.pl\/wp-content\/uploads\/2021\/01\/181_eugeniusz-minciel-piec-palcow-tonie-2010-akryl-plotno-200-x-272.jpg\",\"fullUrl\":\"https:\/\/galeriamiejska.pl\/wp-content\/uploads\/2021\/01\/181_eugeniusz-minciel-piec-palcow-tonie-2010-akryl-plotno-200-x-272.jpg\"},{\"alt\":\"\",\"id\":\"3002\",\"link\":\"https:\/\/galeriamiejska.pl\/en\/eugeniusz-minciel\/181_eugeniusz-minciel-oh-providence-1995-akryl-plotno-162-x-270-2\/\",\"caption\":\"Eugeniusz Minciel, Oh Providence, 1995, akryl, p\u0142\u00f3tno, 162 x 270 \",\"type\":\"image\",\"url\":\"https:\/\/galeriamiejska.pl\/wp-content\/uploads\/2021\/01\/181_eugeniusz-minciel-oh-providence-1995-akryl-plotno-162-x-270-1.jpg\",\"fullUrl\":\"https:\/\/galeriamiejska.pl\/wp-content\/uploads\/2021\/01\/181_eugeniusz-minciel-oh-providence-1995-akryl-plotno-162-x-270-1.jpg\"},{\"alt\":\"\",\"id\":\"3001\",\"link\":\"https:\/\/galeriamiejska.pl\/en\/eugeniusz-minciel\/181_eugeniusz-minciel-oh-miles-1988-akryl-plotno-150-x-145-2\/\",\"caption\":\"Eugeniusz Minciel, Oh Miles, 1988, akryl, p\u0142\u00f3tno, 150 x 145 \",\"type\":\"image\",\"url\":\"https:\/\/galeriamiejska.pl\/wp-content\/uploads\/2021\/01\/181_eugeniusz-minciel-oh-miles-1988-akryl-plotno-150-x-145-1.jpg\",\"fullUrl\":\"https:\/\/galeriamiejska.pl\/wp-content\/uploads\/2021\/01\/181_eugeniusz-minciel-oh-miles-1988-akryl-plotno-150-x-145-1.jpg\"},{\"alt\":\"\",\"id\":\"3000\",\"link\":\"https:\/\/galeriamiejska.pl\/en\/eugeniusz-minciel\/181_eugeniusz-minciel-kometa-2006-akryl-plotno-204-x-341-2\/\",\"caption\":\"Eugeniusz Minciel, Kometa, 2006, akryl, p\u0142\u00f3tno, 204 x 341 \",\"type\":\"image\",\"url\":\"https:\/\/galeriamiejska.pl\/wp-content\/uploads\/2021\/01\/181_eugeniusz-minciel-kometa-2006-akryl-plotno-204-x-341-1.jpg\",\"fullUrl\":\"https:\/\/galeriamiejska.pl\/wp-content\/uploads\/2021\/01\/181_eugeniusz-minciel-kometa-2006-akryl-plotno-204-x-341-1.jpg\"},{\"alt\":\"\",\"id\":\"2999\",\"link\":\"https:\/\/galeriamiejska.pl\/en\/eugeniusz-minciel\/181_eugeniusz-minciel-inter-dying-1988-akryl-plotno-200-x-400-2\/\",\"caption\":\"Eugeniusz Minciel, Inter-dying, 1988, akryl, p\u0142\u00f3tno, 200 x 400 \",\"type\":\"image\",\"url\":\"https:\/\/galeriamiejska.pl\/wp-content\/uploads\/2021\/01\/181_eugeniusz-minciel-inter-dying-1988-akryl-plotno-200-x-400-1.jpg\",\"fullUrl\":\"https:\/\/galeriamiejska.pl\/wp-content\/uploads\/2021\/01\/181_eugeniusz-minciel-inter-dying-1988-akryl-plotno-200-x-400-1.jpg\"},{\"alt\":\"\",\"id\":\"2998\",\"link\":\"https:\/\/galeriamiejska.pl\/en\/eugeniusz-minciel\/181_eugeniusz-minciel-bez-tytulu-2010-akryl-plotno-201-x-270\/\",\"caption\":\"Eugeniusz Minciel, Bez tytu\u0142u, 2010, akryl, p\u0142\u00f3tno, 201 x 270 \",\"type\":\"image\",\"url\":\"https:\/\/galeriamiejska.pl\/wp-content\/uploads\/2021\/01\/181_eugeniusz-minciel-bez-tytulu-2010-akryl-plotno-201-x-270.jpg\",\"fullUrl\":\"https:\/\/galeriamiejska.pl\/wp-content\/uploads\/2021\/01\/181_eugeniusz-minciel-bez-tytulu-2010-akryl-plotno-201-x-270.jpg\"},{\"alt\":\"\",\"id\":\"2997\",\"link\":\"https:\/\/galeriamiejska.pl\/en\/eugeniusz-minciel\/181_eugeniusz-minciel-bez-tytulu-2009-akryl-plotno-210-x-210\/\",\"caption\":\"Eugeniusz Minciel, Bez tytu\u0142u, 2009, akryl, p\u0142\u00f3tno, 210 x 210 \",\"type\":\"image\",\"url\":\"https:\/\/galeriamiejska.pl\/wp-content\/uploads\/2021\/01\/181_eugeniusz-minciel-bez-tytulu-2009-akryl-plotno-210-x-210.jpg\",\"fullUrl\":\"https:\/\/galeriamiejska.pl\/wp-content\/uploads\/2021\/01\/181_eugeniusz-minciel-bez-tytulu-2009-akryl-plotno-210-x-210.jpg\"},{\"alt\":\"\",\"id\":\"2996\",\"link\":\"https:\/\/galeriamiejska.pl\/en\/eugeniusz-minciel\/181_eugeniusz-minciel-bez-tytulu-2008-akryl-plotno-200-x-220\/\",\"caption\":\"Eugeniusz Minciel, Bez tytu\u0142u, 2008, akryl, p\u0142\u00f3tno, 200 x 220 \",\"type\":\"image\",\"url\":\"https:\/\/galeriamiejska.pl\/wp-content\/uploads\/2021\/01\/181_eugeniusz-minciel-bez-tytulu-2008-akryl-plotno-200-x-220.jpg\",\"fullUrl\":\"https:\/\/galeriamiejska.pl\/wp-content\/uploads\/2021\/01\/181_eugeniusz-minciel-bez-tytulu-2008-akryl-plotno-200-x-220.jpg\"},{\"alt\":\"\",\"id\":\"2995\",\"link\":\"https:\/\/galeriamiejska.pl\/en\/eugeniusz-minciel\/181_eugeniusz-minciel-bez-tytulu-2007-akryl-plotno-220-x-206-2\/\",\"caption\":\"Eugeniusz Minciel, Bez tytu\u0142u, 2007, akryl, p\u0142\u00f3tno, 220 x 206 \",\"type\":\"image\",\"url\":\"https:\/\/galeriamiejska.pl\/wp-content\/uploads\/2021\/01\/181_eugeniusz-minciel-bez-tytulu-2007-akryl-plotno-220-x-206-1.jpg\",\"fullUrl\":\"https:\/\/galeriamiejska.pl\/wp-content\/uploads\/2021\/01\/181_eugeniusz-minciel-bez-tytulu-2007-akryl-plotno-220-x-206-1.jpg\"},{\"alt\":\"\",\"id\":\"2994\",\"link\":\"https:\/\/galeriamiejska.pl\/en\/eugeniusz-minciel\/181_eugeniusz-minciel-bez-tytulu2006-akryl-plotno-251-x-183-2\/\",\"caption\":\"Eugeniusz Minciel, Bez tytu\u0142u,2006, akryl, p\u0142\u00f3tno, 251 x 183 \",\"type\":\"image\",\"url\":\"https:\/\/galeriamiejska.pl\/wp-content\/uploads\/2021\/01\/181_eugeniusz-minciel-bez-tytulu2006-akryl-plotno-251-x-183-1.jpg\",\"fullUrl\":\"https:\/\/galeriamiejska.pl\/wp-content\/uploads\/2021\/01\/181_eugeniusz-minciel-bez-tytulu2006-akryl-plotno-251-x-183-1.jpg\"},{\"alt\":\"\",\"id\":\"2993\",\"link\":\"https:\/\/galeriamiejska.pl\/en\/eugeniusz-minciel\/181_eugeniusz-minciel-bez-tytulu-2004-technika-wlasna-plotno-210-x-210-2\/\",\"caption\":\"Eugeniusz Minciel, Bez tytu\u0142u, 2004, technika w\u0142asna, p\u0142\u00f3tno, 210 x 210 \",\"type\":\"image\",\"url\":\"https:\/\/galeriamiejska.pl\/wp-content\/uploads\/2021\/01\/181_eugeniusz-minciel-bez-tytulu-2004-technika-wlasna-plotno-210-x-210-1.jpg\",\"fullUrl\":\"https:\/\/galeriamiejska.pl\/wp-content\/uploads\/2021\/01\/181_eugeniusz-minciel-bez-tytulu-2004-technika-wlasna-plotno-210-x-210-1.jpg\"},{\"alt\":\"\",\"id\":\"2992\",\"link\":\"https:\/\/galeriamiejska.pl\/en\/eugeniusz-minciel\/181_eugeniusz-minciel-5-dni-jonskich-1989-akryl-plotno-280-x-370-2\/\",\"caption\":\"Eugeniusz Minciel, 5 dni Jo\u0144skich, 1989, akryl, p\u0142\u00f3tno, 280 x 370 \",\"type\":\"image\",\"url\":\"https:\/\/galeriamiejska.pl\/wp-content\/uploads\/2021\/01\/181_eugeniusz-minciel-5-dni-jonskich-1989-akryl-plotno-280-x-370-1.jpg\",\"fullUrl\":\"https:\/\/galeriamiejska.pl\/wp-content\/uploads\/2021\/01\/181_eugeniusz-minciel-5-dni-jonskich-1989-akryl-plotno-280-x-370-1.jpg\"},{\"alt\":\"\",\"id\":\"2991\",\"link\":\"https:\/\/galeriamiejska.pl\/en\/eugeniusz-minciel\/181_eugeniusz-minciel-transfer-2008-akryl-plotno-210-x-187\/\",\"caption\":\"Eugeniusz Minciel, Transfer, 2008, akryl, p\u0142\u00f3tno, 210 x 187 \",\"type\":\"image\",\"url\":\"https:\/\/galeriamiejska.pl\/wp-content\/uploads\/2021\/01\/181_eugeniusz-minciel-transfer-2008-akryl-plotno-210-x-187.jpg\",\"fullUrl\":\"https:\/\/galeriamiejska.pl\/wp-content\/uploads\/2021\/01\/181_eugeniusz-minciel-transfer-2008-akryl-plotno-210-x-187.jpg\"},{\"alt\":\"\",\"id\":\"2990\",\"link\":\"https:\/\/galeriamiejska.pl\/en\/eugeniusz-minciel\/181_eugeniusz-minciel-the-surge-1983-akryl-plotno-190-x-140-2\/\",\"caption\":\"Eugeniusz Minciel, The surge, 1983, akryl, p\u0142\u00f3tno, 190 x 140 \",\"type\":\"image\",\"url\":\"https:\/\/galeriamiejska.pl\/wp-content\/uploads\/2021\/01\/181_eugeniusz-minciel-the-surge-1983-akryl-plotno-190-x-140-1.jpg\",\"fullUrl\":\"https:\/\/galeriamiejska.pl\/wp-content\/uploads\/2021\/01\/181_eugeniusz-minciel-the-surge-1983-akryl-plotno-190-x-140-1.jpg\"},{\"alt\":\"\",\"id\":\"2989\",\"link\":\"https:\/\/galeriamiejska.pl\/en\/eugeniusz-minciel\/181_eugeniusz-minciel-the-cup-and-hangover-1988-akryl-plotno200-x-145-2\/\",\"caption\":\"Eugeniusz Minciel, The Cup and Hangover, 1988, akryl, p\u0142\u00f3tno,200 x 145 \",\"type\":\"image\",\"url\":\"https:\/\/galeriamiejska.pl\/wp-content\/uploads\/2021\/01\/181_eugeniusz-minciel-the-cup-and-hangover-1988-akryl-plotno200-x-145-1.jpg\",\"fullUrl\":\"https:\/\/galeriamiejska.pl\/wp-content\/uploads\/2021\/01\/181_eugeniusz-minciel-the-cup-and-hangover-1988-akryl-plotno200-x-145-1.jpg\"},{\"alt\":\"\",\"id\":\"2988\",\"link\":\"https:\/\/galeriamiejska.pl\/en\/eugeniusz-minciel\/181_eugeniusz-minciel-the-burning-chair-1985-akryl-plotno-180-x-130-2\/\",\"caption\":\"Eugeniusz Minciel, The burning chair, 1985, akryl, p\u0142\u00f3tno, 180 x 130 \",\"type\":\"image\",\"url\":\"https:\/\/galeriamiejska.pl\/wp-content\/uploads\/2021\/01\/181_eugeniusz-minciel-the-burning-chair-1985-akryl-plotno-180-x-130-1.jpg\",\"fullUrl\":\"https:\/\/galeriamiejska.pl\/wp-content\/uploads\/2021\/01\/181_eugeniusz-minciel-the-burning-chair-1985-akryl-plotno-180-x-130-1.jpg\"},{\"alt\":\"\",\"id\":\"2987\",\"link\":\"https:\/\/galeriamiejska.pl\/en\/eugeniusz-minciel\/181_eugeniusz-minciel-self-immolation-1987-akryl-plotno-200-x-140-2\/\",\"caption\":\"Eugeniusz Minciel, Self-immolation, 1987, akryl, p\u0142\u00f3tno, 200 x 140 \",\"type\":\"image\",\"url\":\"https:\/\/galeriamiejska.pl\/wp-content\/uploads\/2021\/01\/181_eugeniusz-minciel-self-immolation-1987-akryl-plotno-200-x-140-1.jpg\",\"fullUrl\":\"https:\/\/galeriamiejska.pl\/wp-content\/uploads\/2021\/01\/181_eugeniusz-minciel-self-immolation-1987-akryl-plotno-200-x-140-1.jpg\"}],\"contentMode\":\"fixed\",\"autoplay\":false,\"adaptiveHeight\":true} -->\n<!-- wp:eedee\/block-gutenslide {\"gsBlockId\":\"durz2qy5o\",\"background\":{\"backgroundType\":\"image\",\"backgroundColor\":\"#eeeeee\",\"backgroundOverlayImage\":\"\",\"backgroundOverlayVideo\":\"\",\"backgroundOverlayOpacity\":50,\"backgroundGradient\":{},\"backgroundImage\":{\"alt\":\"\",\"id\":\"3004\",\"link\":\"https:\/\/galeriamiejska.pl\/en\/eugeniusz-minciel\/181_eugeniusz-minciel-read-people-of-minciel-destroyed-painting-1987-akryl-plotno-220-x-240-2\/\",\"caption\":\"Eugeniusz Minciel, Read People of Minciel destroyed painting, 1987, akryl, p\u0142\u00f3tno, 220 x 240 \",\"type\":\"image\",\"url\":\"https:\/\/galeriamiejska.pl\/wp-content\/uploads\/2021\/01\/181_eugeniusz-minciel-read-people-of-minciel-destroyed-painting-1987-akryl-plotno-220-x-240-1.jpg\",\"fullUrl\":\"https:\/\/galeriamiejska.pl\/wp-content\/uploads\/2021\/01\/181_eugeniusz-minciel-read-people-of-minciel-destroyed-painting-1987-akryl-plotno-220-x-240-1.jpg\"},\"backgroundPosition\":\"center center\",\"backgroundRepeat\":\"no-repeat\",\"backgroundImageSize\":\"cover\",\"backgroundVideoSize\":\"cover\",\"customBackgroundColor\":\"\",\"hasParallax\":false,\"backgroundFocalPoint\":{\"x\":0.5,\"y\":0.5},\"backgroundVideoFocalPoint\":{\"x\":0.5,\"y\":0.5},\"backgroundVideo\":{},\"backgroundVideoMuted\":true,\"backgroundVideoLoop\":true,\"backgroundVideoAutoplay\":true,\"openPopover\":true,\"mediaId\":\"3004\"}} -->\n<!-- wp:paragraph {\"align\":\"center\",\"placeholder\":\"Add slide content here\u2026\",\"className\":\"gutenslider-content-initial\",\"fontSize\":\"larger\"} -->\n<p class=\"has-text-align-center gutenslider-content-initial has-larger-font-size\"><\/p>\n<!-- \/wp:paragraph -->\n<!-- \/wp:eedee\/block-gutenslide -->\n\n<!-- wp:eedee\/block-gutenslide {\"gsBlockId\":\"dnzfmvspv\",\"background\":{\"backgroundType\":\"image\",\"backgroundColor\":\"#eeeeee\",\"backgroundOverlayImage\":\"\",\"backgroundOverlayVideo\":\"\",\"backgroundOverlayOpacity\":50,\"backgroundGradient\":{},\"backgroundImage\":{\"alt\":\"\",\"id\":\"3003\",\"link\":\"https:\/\/galeriamiejska.pl\/en\/eugeniusz-minciel\/181_eugeniusz-minciel-piec-palcow-tonie-2010-akryl-plotno-200-x-272\/\",\"caption\":\"Eugeniusz Minciel, Pi\u0119\u0107 palc\u00f3w tonie, 2010, akryl, p\u0142\u00f3tno, 200 x 272 \",\"type\":\"image\",\"url\":\"https:\/\/galeriamiejska.pl\/wp-content\/uploads\/2021\/01\/181_eugeniusz-minciel-piec-palcow-tonie-2010-akryl-plotno-200-x-272.jpg\",\"fullUrl\":\"https:\/\/galeriamiejska.pl\/wp-content\/uploads\/2021\/01\/181_eugeniusz-minciel-piec-palcow-tonie-2010-akryl-plotno-200-x-272.jpg\"},\"backgroundPosition\":\"center center\",\"backgroundRepeat\":\"no-repeat\",\"backgroundImageSize\":\"cover\",\"backgroundVideoSize\":\"cover\",\"customBackgroundColor\":\"\",\"hasParallax\":false,\"backgroundFocalPoint\":{\"x\":0.5,\"y\":0.5},\"backgroundVideoFocalPoint\":{\"x\":0.5,\"y\":0.5},\"backgroundVideo\":{},\"backgroundVideoMuted\":true,\"backgroundVideoLoop\":true,\"backgroundVideoAutoplay\":true,\"openPopover\":true,\"mediaId\":\"3003\"}} -->\n<!-- wp:paragraph {\"align\":\"center\",\"placeholder\":\"Add slide content here\u2026\",\"className\":\"gutenslider-content-initial\",\"fontSize\":\"larger\"} -->\n<p class=\"has-text-align-center gutenslider-content-initial has-larger-font-size\"><\/p>\n<!-- \/wp:paragraph -->\n<!-- \/wp:eedee\/block-gutenslide -->\n\n<!-- wp:eedee\/block-gutenslide {\"gsBlockId\":\"zy1y6wqhv\",\"background\":{\"backgroundType\":\"image\",\"backgroundColor\":\"#eeeeee\",\"backgroundOverlayImage\":\"\",\"backgroundOverlayVideo\":\"\",\"backgroundOverlayOpacity\":50,\"backgroundGradient\":{},\"backgroundImage\":{\"alt\":\"\",\"id\":\"3002\",\"link\":\"https:\/\/galeriamiejska.pl\/en\/eugeniusz-minciel\/181_eugeniusz-minciel-oh-providence-1995-akryl-plotno-162-x-270-2\/\",\"caption\":\"Eugeniusz Minciel, Oh Providence, 1995, akryl, p\u0142\u00f3tno, 162 x 270 \",\"type\":\"image\",\"url\":\"https:\/\/galeriamiejska.pl\/wp-content\/uploads\/2021\/01\/181_eugeniusz-minciel-oh-providence-1995-akryl-plotno-162-x-270-1.jpg\",\"fullUrl\":\"https:\/\/galeriamiejska.pl\/wp-content\/uploads\/2021\/01\/181_eugeniusz-minciel-oh-providence-1995-akryl-plotno-162-x-270-1.jpg\"},\"backgroundPosition\":\"center center\",\"backgroundRepeat\":\"no-repeat\",\"backgroundImageSize\":\"cover\",\"backgroundVideoSize\":\"cover\",\"customBackgroundColor\":\"\",\"hasParallax\":false,\"backgroundFocalPoint\":{\"x\":0.5,\"y\":0.5},\"backgroundVideoFocalPoint\":{\"x\":0.5,\"y\":0.5},\"backgroundVideo\":{},\"backgroundVideoMuted\":true,\"backgroundVideoLoop\":true,\"backgroundVideoAutoplay\":true,\"openPopover\":true,\"mediaId\":\"3002\"}} -->\n<!-- wp:paragraph {\"align\":\"center\",\"placeholder\":\"Add slide content here\u2026\",\"className\":\"gutenslider-content-initial\",\"fontSize\":\"larger\"} -->\n<p class=\"has-text-align-center gutenslider-content-initial has-larger-font-size\"><\/p>\n<!-- \/wp:paragraph -->\n<!-- \/wp:eedee\/block-gutenslide -->\n\n<!-- wp:eedee\/block-gutenslide {\"gsBlockId\":\"6bifx77yd\",\"background\":{\"backgroundType\":\"image\",\"backgroundColor\":\"#eeeeee\",\"backgroundOverlayImage\":\"\",\"backgroundOverlayVideo\":\"\",\"backgroundOverlayOpacity\":50,\"backgroundGradient\":{},\"backgroundImage\":{\"alt\":\"\",\"id\":\"3001\",\"link\":\"https:\/\/galeriamiejska.pl\/en\/eugeniusz-minciel\/181_eugeniusz-minciel-oh-miles-1988-akryl-plotno-150-x-145-2\/\",\"caption\":\"Eugeniusz Minciel, Oh Miles, 1988, akryl, p\u0142\u00f3tno, 150 x 145 \",\"type\":\"image\",\"url\":\"https:\/\/galeriamiejska.pl\/wp-content\/uploads\/2021\/01\/181_eugeniusz-minciel-oh-miles-1988-akryl-plotno-150-x-145-1.jpg\",\"fullUrl\":\"https:\/\/galeriamiejska.pl\/wp-content\/uploads\/2021\/01\/181_eugeniusz-minciel-oh-miles-1988-akryl-plotno-150-x-145-1.jpg\"},\"backgroundPosition\":\"center center\",\"backgroundRepeat\":\"no-repeat\",\"backgroundImageSize\":\"cover\",\"backgroundVideoSize\":\"cover\",\"customBackgroundColor\":\"\",\"hasParallax\":false,\"backgroundFocalPoint\":{\"x\":0.5,\"y\":0.5},\"backgroundVideoFocalPoint\":{\"x\":0.5,\"y\":0.5},\"backgroundVideo\":{},\"backgroundVideoMuted\":true,\"backgroundVideoLoop\":true,\"backgroundVideoAutoplay\":true,\"openPopover\":true,\"mediaId\":\"3001\"}} -->\n<!-- wp:paragraph {\"align\":\"center\",\"placeholder\":\"Add slide content here\u2026\",\"className\":\"gutenslider-content-initial\",\"fontSize\":\"larger\"} -->\n<p class=\"has-text-align-center gutenslider-content-initial has-larger-font-size\"><\/p>\n<!-- \/wp:paragraph -->\n<!-- \/wp:eedee\/block-gutenslide -->\n\n<!-- wp:eedee\/block-gutenslide {\"gsBlockId\":\"wfn8p1s0t\",\"background\":{\"backgroundType\":\"image\",\"backgroundColor\":\"#eeeeee\",\"backgroundOverlayImage\":\"\",\"backgroundOverlayVideo\":\"\",\"backgroundOverlayOpacity\":50,\"backgroundGradient\":{},\"backgroundImage\":{\"alt\":\"\",\"id\":\"3000\",\"link\":\"https:\/\/galeriamiejska.pl\/en\/eugeniusz-minciel\/181_eugeniusz-minciel-kometa-2006-akryl-plotno-204-x-341-2\/\",\"caption\":\"Eugeniusz Minciel, Kometa, 2006, akryl, p\u0142\u00f3tno, 204 x 341 \",\"type\":\"image\",\"url\":\"https:\/\/galeriamiejska.pl\/wp-content\/uploads\/2021\/01\/181_eugeniusz-minciel-kometa-2006-akryl-plotno-204-x-341-1.jpg\",\"fullUrl\":\"https:\/\/galeriamiejska.pl\/wp-content\/uploads\/2021\/01\/181_eugeniusz-minciel-kometa-2006-akryl-plotno-204-x-341-1.jpg\"},\"backgroundPosition\":\"center center\",\"backgroundRepeat\":\"no-repeat\",\"backgroundImageSize\":\"cover\",\"backgroundVideoSize\":\"cover\",\"customBackgroundColor\":\"\",\"hasParallax\":false,\"backgroundFocalPoint\":{\"x\":0.5,\"y\":0.5},\"backgroundVideoFocalPoint\":{\"x\":0.5,\"y\":0.5},\"backgroundVideo\":{},\"backgroundVideoMuted\":true,\"backgroundVideoLoop\":true,\"backgroundVideoAutoplay\":true,\"openPopover\":true,\"mediaId\":\"3000\"}} -->\n<!-- wp:paragraph {\"align\":\"center\",\"placeholder\":\"Add slide content here\u2026\",\"className\":\"gutenslider-content-initial\",\"fontSize\":\"larger\"} -->\n<p class=\"has-text-align-center gutenslider-content-initial has-larger-font-size\"><\/p>\n<!-- \/wp:paragraph -->\n<!-- \/wp:eedee\/block-gutenslide -->\n\n<!-- wp:eedee\/block-gutenslide {\"gsBlockId\":\"mfe16q8dc\",\"background\":{\"backgroundType\":\"image\",\"backgroundColor\":\"#eeeeee\",\"backgroundOverlayImage\":\"\",\"backgroundOverlayVideo\":\"\",\"backgroundOverlayOpacity\":50,\"backgroundGradient\":{},\"backgroundImage\":{\"alt\":\"\",\"id\":\"2999\",\"link\":\"https:\/\/galeriamiejska.pl\/en\/eugeniusz-minciel\/181_eugeniusz-minciel-inter-dying-1988-akryl-plotno-200-x-400-2\/\",\"caption\":\"Eugeniusz Minciel, Inter-dying, 1988, akryl, p\u0142\u00f3tno, 200 x 400 \",\"type\":\"image\",\"url\":\"https:\/\/galeriamiejska.pl\/wp-content\/uploads\/2021\/01\/181_eugeniusz-minciel-inter-dying-1988-akryl-plotno-200-x-400-1.jpg\",\"fullUrl\":\"https:\/\/galeriamiejska.pl\/wp-content\/uploads\/2021\/01\/181_eugeniusz-minciel-inter-dying-1988-akryl-plotno-200-x-400-1.jpg\"},\"backgroundPosition\":\"center center\",\"backgroundRepeat\":\"no-repeat\",\"backgroundImageSize\":\"cover\",\"backgroundVideoSize\":\"cover\",\"customBackgroundColor\":\"\",\"hasParallax\":false,\"backgroundFocalPoint\":{\"x\":0.5,\"y\":0.5},\"backgroundVideoFocalPoint\":{\"x\":0.5,\"y\":0.5},\"backgroundVideo\":{},\"backgroundVideoMuted\":true,\"backgroundVideoLoop\":true,\"backgroundVideoAutoplay\":true,\"openPopover\":true,\"mediaId\":\"2999\"}} -->\n<!-- wp:paragraph {\"align\":\"center\",\"placeholder\":\"Add slide content here\u2026\",\"className\":\"gutenslider-content-initial\",\"fontSize\":\"larger\"} -->\n<p class=\"has-text-align-center gutenslider-content-initial has-larger-font-size\"><\/p>\n<!-- \/wp:paragraph -->\n<!-- \/wp:eedee\/block-gutenslide -->\n\n<!-- wp:eedee\/block-gutenslide {\"gsBlockId\":\"e3r4ikt8e\",\"background\":{\"backgroundType\":\"image\",\"backgroundColor\":\"#eeeeee\",\"backgroundOverlayImage\":\"\",\"backgroundOverlayVideo\":\"\",\"backgroundOverlayOpacity\":50,\"backgroundGradient\":{},\"backgroundImage\":{\"alt\":\"\",\"id\":\"2998\",\"link\":\"https:\/\/galeriamiejska.pl\/en\/eugeniusz-minciel\/181_eugeniusz-minciel-bez-tytulu-2010-akryl-plotno-201-x-270\/\",\"caption\":\"Eugeniusz Minciel, Bez tytu\u0142u, 2010, akryl, p\u0142\u00f3tno, 201 x 270 \",\"type\":\"image\",\"url\":\"https:\/\/galeriamiejska.pl\/wp-content\/uploads\/2021\/01\/181_eugeniusz-minciel-bez-tytulu-2010-akryl-plotno-201-x-270.jpg\",\"fullUrl\":\"https:\/\/galeriamiejska.pl\/wp-content\/uploads\/2021\/01\/181_eugeniusz-minciel-bez-tytulu-2010-akryl-plotno-201-x-270.jpg\"},\"backgroundPosition\":\"center center\",\"backgroundRepeat\":\"no-repeat\",\"backgroundImageSize\":\"cover\",\"backgroundVideoSize\":\"cover\",\"customBackgroundColor\":\"\",\"hasParallax\":false,\"backgroundFocalPoint\":{\"x\":0.5,\"y\":0.5},\"backgroundVideoFocalPoint\":{\"x\":0.5,\"y\":0.5},\"backgroundVideo\":{},\"backgroundVideoMuted\":true,\"backgroundVideoLoop\":true,\"backgroundVideoAutoplay\":true,\"openPopover\":true,\"mediaId\":\"2998\"}} -->\n<!-- wp:paragraph {\"align\":\"center\",\"placeholder\":\"Add slide content here\u2026\",\"className\":\"gutenslider-content-initial\",\"fontSize\":\"larger\"} -->\n<p class=\"has-text-align-center gutenslider-content-initial has-larger-font-size\"><\/p>\n<!-- \/wp:paragraph -->\n<!-- \/wp:eedee\/block-gutenslide -->\n\n<!-- wp:eedee\/block-gutenslide {\"gsBlockId\":\"rsfe7vqty\",\"background\":{\"backgroundType\":\"image\",\"backgroundColor\":\"#eeeeee\",\"backgroundOverlayImage\":\"\",\"backgroundOverlayVideo\":\"\",\"backgroundOverlayOpacity\":50,\"backgroundGradient\":{},\"backgroundImage\":{\"alt\":\"\",\"id\":\"2997\",\"link\":\"https:\/\/galeriamiejska.pl\/en\/eugeniusz-minciel\/181_eugeniusz-minciel-bez-tytulu-2009-akryl-plotno-210-x-210\/\",\"caption\":\"Eugeniusz Minciel, Bez tytu\u0142u, 2009, akryl, p\u0142\u00f3tno, 210 x 210 \",\"type\":\"image\",\"url\":\"https:\/\/galeriamiejska.pl\/wp-content\/uploads\/2021\/01\/181_eugeniusz-minciel-bez-tytulu-2009-akryl-plotno-210-x-210.jpg\",\"fullUrl\":\"https:\/\/galeriamiejska.pl\/wp-content\/uploads\/2021\/01\/181_eugeniusz-minciel-bez-tytulu-2009-akryl-plotno-210-x-210.jpg\"},\"backgroundPosition\":\"center center\",\"backgroundRepeat\":\"no-repeat\",\"backgroundImageSize\":\"cover\",\"backgroundVideoSize\":\"cover\",\"customBackgroundColor\":\"\",\"hasParallax\":false,\"backgroundFocalPoint\":{\"x\":0.5,\"y\":0.5},\"backgroundVideoFocalPoint\":{\"x\":0.5,\"y\":0.5},\"backgroundVideo\":{},\"backgroundVideoMuted\":true,\"backgroundVideoLoop\":true,\"backgroundVideoAutoplay\":true,\"openPopover\":true,\"mediaId\":\"2997\"}} -->\n<!-- wp:paragraph {\"align\":\"center\",\"placeholder\":\"Add slide content here\u2026\",\"className\":\"gutenslider-content-initial\",\"fontSize\":\"larger\"} -->\n<p class=\"has-text-align-center gutenslider-content-initial has-larger-font-size\"><\/p>\n<!-- \/wp:paragraph -->\n<!-- \/wp:eedee\/block-gutenslide -->\n\n<!-- wp:eedee\/block-gutenslide {\"gsBlockId\":\"8becxxl4q\",\"background\":{\"backgroundType\":\"image\",\"backgroundColor\":\"#eeeeee\",\"backgroundOverlayImage\":\"\",\"backgroundOverlayVideo\":\"\",\"backgroundOverlayOpacity\":50,\"backgroundGradient\":{},\"backgroundImage\":{\"alt\":\"\",\"id\":\"2996\",\"link\":\"https:\/\/galeriamiejska.pl\/en\/eugeniusz-minciel\/181_eugeniusz-minciel-bez-tytulu-2008-akryl-plotno-200-x-220\/\",\"caption\":\"Eugeniusz Minciel, Bez tytu\u0142u, 2008, akryl, p\u0142\u00f3tno, 200 x 220 \",\"type\":\"image\",\"url\":\"https:\/\/galeriamiejska.pl\/wp-content\/uploads\/2021\/01\/181_eugeniusz-minciel-bez-tytulu-2008-akryl-plotno-200-x-220.jpg\",\"fullUrl\":\"https:\/\/galeriamiejska.pl\/wp-content\/uploads\/2021\/01\/181_eugeniusz-minciel-bez-tytulu-2008-akryl-plotno-200-x-220.jpg\"},\"backgroundPosition\":\"center center\",\"backgroundRepeat\":\"no-repeat\",\"backgroundImageSize\":\"cover\",\"backgroundVideoSize\":\"cover\",\"customBackgroundColor\":\"\",\"hasParallax\":false,\"backgroundFocalPoint\":{\"x\":0.5,\"y\":0.5},\"backgroundVideoFocalPoint\":{\"x\":0.5,\"y\":0.5},\"backgroundVideo\":{},\"backgroundVideoMuted\":true,\"backgroundVideoLoop\":true,\"backgroundVideoAutoplay\":true,\"openPopover\":true,\"mediaId\":\"2996\"}} -->\n<!-- wp:paragraph {\"align\":\"center\",\"placeholder\":\"Add slide content here\u2026\",\"className\":\"gutenslider-content-initial\",\"fontSize\":\"larger\"} -->\n<p class=\"has-text-align-center gutenslider-content-initial has-larger-font-size\"><\/p>\n<!-- \/wp:paragraph -->\n<!-- \/wp:eedee\/block-gutenslide -->\n\n<!-- wp:eedee\/block-gutenslide {\"gsBlockId\":\"1eqlayynt\",\"background\":{\"backgroundType\":\"image\",\"backgroundColor\":\"#eeeeee\",\"backgroundOverlayImage\":\"\",\"backgroundOverlayVideo\":\"\",\"backgroundOverlayOpacity\":50,\"backgroundGradient\":{},\"backgroundImage\":{\"alt\":\"\",\"id\":\"2995\",\"link\":\"https:\/\/galeriamiejska.pl\/en\/eugeniusz-minciel\/181_eugeniusz-minciel-bez-tytulu-2007-akryl-plotno-220-x-206-2\/\",\"caption\":\"Eugeniusz Minciel, Bez tytu\u0142u, 2007, akryl, p\u0142\u00f3tno, 220 x 206 \",\"type\":\"image\",\"url\":\"https:\/\/galeriamiejska.pl\/wp-content\/uploads\/2021\/01\/181_eugeniusz-minciel-bez-tytulu-2007-akryl-plotno-220-x-206-1.jpg\",\"fullUrl\":\"https:\/\/galeriamiejska.pl\/wp-content\/uploads\/2021\/01\/181_eugeniusz-minciel-bez-tytulu-2007-akryl-plotno-220-x-206-1.jpg\"},\"backgroundPosition\":\"center center\",\"backgroundRepeat\":\"no-repeat\",\"backgroundImageSize\":\"cover\",\"backgroundVideoSize\":\"cover\",\"customBackgroundColor\":\"\",\"hasParallax\":false,\"backgroundFocalPoint\":{\"x\":0.5,\"y\":0.5},\"backgroundVideoFocalPoint\":{\"x\":0.5,\"y\":0.5},\"backgroundVideo\":{},\"backgroundVideoMuted\":true,\"backgroundVideoLoop\":true,\"backgroundVideoAutoplay\":true,\"openPopover\":true,\"mediaId\":\"2995\"}} -->\n<!-- wp:paragraph {\"align\":\"center\",\"placeholder\":\"Add slide content here\u2026\",\"className\":\"gutenslider-content-initial\",\"fontSize\":\"larger\"} -->\n<p class=\"has-text-align-center gutenslider-content-initial has-larger-font-size\"><\/p>\n<!-- \/wp:paragraph -->\n<!-- \/wp:eedee\/block-gutenslide -->\n\n<!-- wp:eedee\/block-gutenslide {\"gsBlockId\":\"cj25xerwx\",\"background\":{\"backgroundType\":\"image\",\"backgroundColor\":\"#eeeeee\",\"backgroundOverlayImage\":\"\",\"backgroundOverlayVideo\":\"\",\"backgroundOverlayOpacity\":50,\"backgroundGradient\":{},\"backgroundImage\":{\"alt\":\"\",\"id\":\"2994\",\"link\":\"https:\/\/galeriamiejska.pl\/en\/eugeniusz-minciel\/181_eugeniusz-minciel-bez-tytulu2006-akryl-plotno-251-x-183-2\/\",\"caption\":\"Eugeniusz Minciel, Bez tytu\u0142u,2006, akryl, p\u0142\u00f3tno, 251 x 183 \",\"type\":\"image\",\"url\":\"https:\/\/galeriamiejska.pl\/wp-content\/uploads\/2021\/01\/181_eugeniusz-minciel-bez-tytulu2006-akryl-plotno-251-x-183-1.jpg\",\"fullUrl\":\"https:\/\/galeriamiejska.pl\/wp-content\/uploads\/2021\/01\/181_eugeniusz-minciel-bez-tytulu2006-akryl-plotno-251-x-183-1.jpg\"},\"backgroundPosition\":\"center center\",\"backgroundRepeat\":\"no-repeat\",\"backgroundImageSize\":\"cover\",\"backgroundVideoSize\":\"cover\",\"customBackgroundColor\":\"\",\"hasParallax\":false,\"backgroundFocalPoint\":{\"x\":0.5,\"y\":0.5},\"backgroundVideoFocalPoint\":{\"x\":0.5,\"y\":0.5},\"backgroundVideo\":{},\"backgroundVideoMuted\":true,\"backgroundVideoLoop\":true,\"backgroundVideoAutoplay\":true,\"openPopover\":true,\"mediaId\":\"2994\"}} -->\n<!-- wp:paragraph {\"align\":\"center\",\"placeholder\":\"Add slide content here\u2026\",\"className\":\"gutenslider-content-initial\",\"fontSize\":\"larger\"} -->\n<p class=\"has-text-align-center gutenslider-content-initial has-larger-font-size\"><\/p>\n<!-- \/wp:paragraph -->\n<!-- \/wp:eedee\/block-gutenslide -->\n\n<!-- wp:eedee\/block-gutenslide {\"gsBlockId\":\"1hvrr6w31\",\"background\":{\"backgroundType\":\"image\",\"backgroundColor\":\"#eeeeee\",\"backgroundOverlayImage\":\"\",\"backgroundOverlayVideo\":\"\",\"backgroundOverlayOpacity\":50,\"backgroundGradient\":{},\"backgroundImage\":{\"alt\":\"\",\"id\":\"2993\",\"link\":\"https:\/\/galeriamiejska.pl\/en\/eugeniusz-minciel\/181_eugeniusz-minciel-bez-tytulu-2004-technika-wlasna-plotno-210-x-210-2\/\",\"caption\":\"Eugeniusz Minciel, Bez tytu\u0142u, 2004, technika w\u0142asna, p\u0142\u00f3tno, 210 x 210 \",\"type\":\"image\",\"url\":\"https:\/\/galeriamiejska.pl\/wp-content\/uploads\/2021\/01\/181_eugeniusz-minciel-bez-tytulu-2004-technika-wlasna-plotno-210-x-210-1.jpg\",\"fullUrl\":\"https:\/\/galeriamiejska.pl\/wp-content\/uploads\/2021\/01\/181_eugeniusz-minciel-bez-tytulu-2004-technika-wlasna-plotno-210-x-210-1.jpg\"},\"backgroundPosition\":\"center center\",\"backgroundRepeat\":\"no-repeat\",\"backgroundImageSize\":\"cover\",\"backgroundVideoSize\":\"cover\",\"customBackgroundColor\":\"\",\"hasParallax\":false,\"backgroundFocalPoint\":{\"x\":0.5,\"y\":0.5},\"backgroundVideoFocalPoint\":{\"x\":0.5,\"y\":0.5},\"backgroundVideo\":{},\"backgroundVideoMuted\":true,\"backgroundVideoLoop\":true,\"backgroundVideoAutoplay\":true,\"openPopover\":true,\"mediaId\":\"2993\"}} -->\n<!-- wp:paragraph {\"align\":\"center\",\"placeholder\":\"Add slide content here\u2026\",\"className\":\"gutenslider-content-initial\",\"fontSize\":\"larger\"} -->\n<p class=\"has-text-align-center gutenslider-content-initial has-larger-font-size\"><\/p>\n<!-- \/wp:paragraph -->\n<!-- \/wp:eedee\/block-gutenslide -->\n\n<!-- wp:eedee\/block-gutenslide {\"gsBlockId\":\"greq1k0gx\",\"background\":{\"backgroundType\":\"image\",\"backgroundColor\":\"#eeeeee\",\"backgroundOverlayImage\":\"\",\"backgroundOverlayVideo\":\"\",\"backgroundOverlayOpacity\":50,\"backgroundGradient\":{},\"backgroundImage\":{\"alt\":\"\",\"id\":\"2992\",\"link\":\"https:\/\/galeriamiejska.pl\/en\/eugeniusz-minciel\/181_eugeniusz-minciel-5-dni-jonskich-1989-akryl-plotno-280-x-370-2\/\",\"caption\":\"Eugeniusz Minciel, 5 dni Jo\u0144skich, 1989, akryl, p\u0142\u00f3tno, 280 x 370 \",\"type\":\"image\",\"url\":\"https:\/\/galeriamiejska.pl\/wp-content\/uploads\/2021\/01\/181_eugeniusz-minciel-5-dni-jonskich-1989-akryl-plotno-280-x-370-1.jpg\",\"fullUrl\":\"https:\/\/galeriamiejska.pl\/wp-content\/uploads\/2021\/01\/181_eugeniusz-minciel-5-dni-jonskich-1989-akryl-plotno-280-x-370-1.jpg\"},\"backgroundPosition\":\"center center\",\"backgroundRepeat\":\"no-repeat\",\"backgroundImageSize\":\"cover\",\"backgroundVideoSize\":\"cover\",\"customBackgroundColor\":\"\",\"hasParallax\":false,\"backgroundFocalPoint\":{\"x\":0.5,\"y\":0.5},\"backgroundVideoFocalPoint\":{\"x\":0.5,\"y\":0.5},\"backgroundVideo\":{},\"backgroundVideoMuted\":true,\"backgroundVideoLoop\":true,\"backgroundVideoAutoplay\":true,\"openPopover\":true,\"mediaId\":\"2992\"}} -->\n<!-- wp:paragraph {\"align\":\"center\",\"placeholder\":\"Add slide content here\u2026\",\"className\":\"gutenslider-content-initial\",\"fontSize\":\"larger\"} -->\n<p class=\"has-text-align-center gutenslider-content-initial has-larger-font-size\"><\/p>\n<!-- \/wp:paragraph -->\n<!-- \/wp:eedee\/block-gutenslide -->\n\n<!-- wp:eedee\/block-gutenslide {\"gsBlockId\":\"e2nmvcicg\",\"background\":{\"backgroundType\":\"image\",\"backgroundColor\":\"#eeeeee\",\"backgroundOverlayImage\":\"\",\"backgroundOverlayVideo\":\"\",\"backgroundOverlayOpacity\":50,\"backgroundGradient\":{},\"backgroundImage\":{\"alt\":\"\",\"id\":\"2991\",\"link\":\"https:\/\/galeriamiejska.pl\/en\/eugeniusz-minciel\/181_eugeniusz-minciel-transfer-2008-akryl-plotno-210-x-187\/\",\"caption\":\"Eugeniusz Minciel, Transfer, 2008, akryl, p\u0142\u00f3tno, 210 x 187 \",\"type\":\"image\",\"url\":\"https:\/\/galeriamiejska.pl\/wp-content\/uploads\/2021\/01\/181_eugeniusz-minciel-transfer-2008-akryl-plotno-210-x-187.jpg\",\"fullUrl\":\"https:\/\/galeriamiejska.pl\/wp-content\/uploads\/2021\/01\/181_eugeniusz-minciel-transfer-2008-akryl-plotno-210-x-187.jpg\"},\"backgroundPosition\":\"center center\",\"backgroundRepeat\":\"no-repeat\",\"backgroundImageSize\":\"cover\",\"backgroundVideoSize\":\"cover\",\"customBackgroundColor\":\"\",\"hasParallax\":false,\"backgroundFocalPoint\":{\"x\":0.5,\"y\":0.5},\"backgroundVideoFocalPoint\":{\"x\":0.5,\"y\":0.5},\"backgroundVideo\":{},\"backgroundVideoMuted\":true,\"backgroundVideoLoop\":true,\"backgroundVideoAutoplay\":true,\"openPopover\":true,\"mediaId\":\"2991\"}} -->\n<!-- wp:paragraph {\"align\":\"center\",\"placeholder\":\"Add slide content here\u2026\",\"className\":\"gutenslider-content-initial\",\"fontSize\":\"larger\"} -->\n<p class=\"has-text-align-center gutenslider-content-initial has-larger-font-size\"><\/p>\n<!-- \/wp:paragraph -->\n<!-- \/wp:eedee\/block-gutenslide -->\n\n<!-- wp:eedee\/block-gutenslide {\"gsBlockId\":\"rvk6z9jl4\",\"background\":{\"backgroundType\":\"image\",\"backgroundColor\":\"#eeeeee\",\"backgroundOverlayImage\":\"\",\"backgroundOverlayVideo\":\"\",\"backgroundOverlayOpacity\":50,\"backgroundGradient\":{},\"backgroundImage\":{\"alt\":\"\",\"id\":\"2990\",\"link\":\"https:\/\/galeriamiejska.pl\/en\/eugeniusz-minciel\/181_eugeniusz-minciel-the-surge-1983-akryl-plotno-190-x-140-2\/\",\"caption\":\"Eugeniusz Minciel, The surge, 1983, akryl, p\u0142\u00f3tno, 190 x 140 \",\"type\":\"image\",\"url\":\"https:\/\/galeriamiejska.pl\/wp-content\/uploads\/2021\/01\/181_eugeniusz-minciel-the-surge-1983-akryl-plotno-190-x-140-1.jpg\",\"fullUrl\":\"https:\/\/galeriamiejska.pl\/wp-content\/uploads\/2021\/01\/181_eugeniusz-minciel-the-surge-1983-akryl-plotno-190-x-140-1.jpg\"},\"backgroundPosition\":\"center center\",\"backgroundRepeat\":\"no-repeat\",\"backgroundImageSize\":\"cover\",\"backgroundVideoSize\":\"cover\",\"customBackgroundColor\":\"\",\"hasParallax\":false,\"backgroundFocalPoint\":{\"x\":0.5,\"y\":0.5},\"backgroundVideoFocalPoint\":{\"x\":0.5,\"y\":0.5},\"backgroundVideo\":{},\"backgroundVideoMuted\":true,\"backgroundVideoLoop\":true,\"backgroundVideoAutoplay\":true,\"openPopover\":true,\"mediaId\":\"2990\"}} -->\n<!-- wp:paragraph {\"align\":\"center\",\"placeholder\":\"Add slide content here\u2026\",\"className\":\"gutenslider-content-initial\",\"fontSize\":\"larger\"} -->\n<p class=\"has-text-align-center gutenslider-content-initial has-larger-font-size\"><\/p>\n<!-- \/wp:paragraph -->\n<!-- \/wp:eedee\/block-gutenslide -->\n\n<!-- wp:eedee\/block-gutenslide {\"gsBlockId\":\"9exlb0kup\",\"background\":{\"backgroundType\":\"image\",\"backgroundColor\":\"#eeeeee\",\"backgroundOverlayImage\":\"\",\"backgroundOverlayVideo\":\"\",\"backgroundOverlayOpacity\":50,\"backgroundGradient\":{},\"backgroundImage\":{\"alt\":\"\",\"id\":\"2989\",\"link\":\"https:\/\/galeriamiejska.pl\/en\/eugeniusz-minciel\/181_eugeniusz-minciel-the-cup-and-hangover-1988-akryl-plotno200-x-145-2\/\",\"caption\":\"Eugeniusz Minciel, The Cup and Hangover, 1988, akryl, p\u0142\u00f3tno,200 x 145 \",\"type\":\"image\",\"url\":\"https:\/\/galeriamiejska.pl\/wp-content\/uploads\/2021\/01\/181_eugeniusz-minciel-the-cup-and-hangover-1988-akryl-plotno200-x-145-1.jpg\",\"fullUrl\":\"https:\/\/galeriamiejska.pl\/wp-content\/uploads\/2021\/01\/181_eugeniusz-minciel-the-cup-and-hangover-1988-akryl-plotno200-x-145-1.jpg\"},\"backgroundPosition\":\"center center\",\"backgroundRepeat\":\"no-repeat\",\"backgroundImageSize\":\"cover\",\"backgroundVideoSize\":\"cover\",\"customBackgroundColor\":\"\",\"hasParallax\":false,\"backgroundFocalPoint\":{\"x\":0.5,\"y\":0.5},\"backgroundVideoFocalPoint\":{\"x\":0.5,\"y\":0.5},\"backgroundVideo\":{},\"backgroundVideoMuted\":true,\"backgroundVideoLoop\":true,\"backgroundVideoAutoplay\":true,\"openPopover\":true,\"mediaId\":\"2989\"}} -->\n<!-- wp:paragraph {\"align\":\"center\",\"placeholder\":\"Add slide content here\u2026\",\"className\":\"gutenslider-content-initial\",\"fontSize\":\"larger\"} -->\n<p class=\"has-text-align-center gutenslider-content-initial has-larger-font-size\"><\/p>\n<!-- \/wp:paragraph -->\n<!-- \/wp:eedee\/block-gutenslide -->\n\n<!-- wp:eedee\/block-gutenslide {\"gsBlockId\":\"9mia0pbmt\",\"background\":{\"backgroundType\":\"image\",\"backgroundColor\":\"#eeeeee\",\"backgroundOverlayImage\":\"\",\"backgroundOverlayVideo\":\"\",\"backgroundOverlayOpacity\":50,\"backgroundGradient\":{},\"backgroundImage\":{\"alt\":\"\",\"id\":\"2988\",\"link\":\"https:\/\/galeriamiejska.pl\/en\/eugeniusz-minciel\/181_eugeniusz-minciel-the-burning-chair-1985-akryl-plotno-180-x-130-2\/\",\"caption\":\"Eugeniusz Minciel, The burning chair, 1985, akryl, p\u0142\u00f3tno, 180 x 130 \",\"type\":\"image\",\"url\":\"https:\/\/galeriamiejska.pl\/wp-content\/uploads\/2021\/01\/181_eugeniusz-minciel-the-burning-chair-1985-akryl-plotno-180-x-130-1.jpg\",\"fullUrl\":\"https:\/\/galeriamiejska.pl\/wp-content\/uploads\/2021\/01\/181_eugeniusz-minciel-the-burning-chair-1985-akryl-plotno-180-x-130-1.jpg\"},\"backgroundPosition\":\"center center\",\"backgroundRepeat\":\"no-repeat\",\"backgroundImageSize\":\"cover\",\"backgroundVideoSize\":\"cover\",\"customBackgroundColor\":\"\",\"hasParallax\":false,\"backgroundFocalPoint\":{\"x\":0.5,\"y\":0.5},\"backgroundVideoFocalPoint\":{\"x\":0.5,\"y\":0.5},\"backgroundVideo\":{},\"backgroundVideoMuted\":true,\"backgroundVideoLoop\":true,\"backgroundVideoAutoplay\":true,\"openPopover\":true,\"mediaId\":\"2988\"}} -->\n<!-- wp:paragraph {\"align\":\"center\",\"placeholder\":\"Add slide content here\u2026\",\"className\":\"gutenslider-content-initial\",\"fontSize\":\"larger\"} -->\n<p class=\"has-text-align-center gutenslider-content-initial has-larger-font-size\"><\/p>\n<!-- \/wp:paragraph -->\n<!-- \/wp:eedee\/block-gutenslide -->\n\n<!-- wp:eedee\/block-gutenslide {\"gsBlockId\":\"4wdk41h29\",\"background\":{\"backgroundType\":\"image\",\"backgroundColor\":\"#eeeeee\",\"backgroundOverlayImage\":\"\",\"backgroundOverlayVideo\":\"\",\"backgroundOverlayOpacity\":50,\"backgroundGradient\":{},\"backgroundImage\":{\"alt\":\"\",\"id\":\"2987\",\"link\":\"https:\/\/galeriamiejska.pl\/en\/eugeniusz-minciel\/181_eugeniusz-minciel-self-immolation-1987-akryl-plotno-200-x-140-2\/\",\"caption\":\"Eugeniusz Minciel, Self-immolation, 1987, akryl, p\u0142\u00f3tno, 200 x 140 \",\"type\":\"image\",\"url\":\"https:\/\/galeriamiejska.pl\/wp-content\/uploads\/2021\/01\/181_eugeniusz-minciel-self-immolation-1987-akryl-plotno-200-x-140-1.jpg\",\"fullUrl\":\"https:\/\/galeriamiejska.pl\/wp-content\/uploads\/2021\/01\/181_eugeniusz-minciel-self-immolation-1987-akryl-plotno-200-x-140-1.jpg\"},\"backgroundPosition\":\"center center\",\"backgroundRepeat\":\"no-repeat\",\"backgroundImageSize\":\"cover\",\"backgroundVideoSize\":\"cover\",\"customBackgroundColor\":\"\",\"hasParallax\":false,\"backgroundFocalPoint\":{\"x\":0.5,\"y\":0.5},\"backgroundVideoFocalPoint\":{\"x\":0.5,\"y\":0.5},\"backgroundVideo\":{},\"backgroundVideoMuted\":true,\"backgroundVideoLoop\":true,\"backgroundVideoAutoplay\":true,\"openPopover\":true,\"mediaId\":\"2987\"}} -->\n<!-- wp:paragraph {\"align\":\"center\",\"placeholder\":\"Add slide content here\u2026\",\"className\":\"gutenslider-content-initial\",\"fontSize\":\"larger\"} -->\n<p class=\"has-text-align-center gutenslider-content-initial has-larger-font-size\"><\/p>\n<!-- \/wp:paragraph -->\n<!-- \/wp:eedee\/block-gutenslide -->\n<!-- \/wp:eedee\/block-gutenslider -->\n\n<!-- wp:paragraph -->\n<p><strong>Born in 1958. Between 1980 and 1985, he studied at the department of Painting, Graphic arts and Sculpture at the State College of Fine Arts (presently the Academy of Fine Arts) in Wroc\u0142aw. He received a&nbsp;diploma with distinction at Professor Wanda Go\u0142kowska\u2019s painting studio where he was the last assistant, from 1984 to 1989. His works can be found in the collections of the National Museum in Warsaw, the National Museum in Wroc\u0142aw as well as in private collections in Poland and abroad. He lives and works in Ksi\u0119\u017cyce near Wroc\u0142aw.<\/strong><br><strong>Selected Solo Exhibitions:<\/strong><br><br><strong>2014<\/strong><br>Drzwi do malarstwa \u2014 Obraz w&nbsp;Obrazie, National Museum, Wroc\u0142aw<br><strong><br>2012<\/strong><br>BWA Gallery, Gorz\u00f3w Wielkopolski<br><br><strong>2009\/10<\/strong><br>Promocyjna Gallery, Warsaw, Exit Foundation\u2019s Polish Award<br><br><strong>2003<\/strong><br>Dominique Lang Gallery, Dudelage, Luxembourg<br>Gallery Doxa, \u010cesk\u00fd Krumlov, Czech Republic<br><br><strong>2000<\/strong><br>Promocyjna Gallery, Warsaw<br><br><strong>1999<\/strong><br>Kameralna Gallery, S\u0142upsk<br><br><strong>1996<\/strong><br>El Gallery, Elbl\u0105g<br><br><strong>1991<\/strong><br>Obrazy \u0141upane, BWA Gallery, Wroc\u0142aw<br><strong><br>1990<\/strong><br>Promocyjna Gallery, Warsaw<br><br><strong>Selected Group Exhibitions:<br><\/strong><br><strong>2012<\/strong><br>Horyzonty, Museum of Photography, G\u00f6rlitz, Germany<br>Sympozjum Rzeczpospolitej 2012, Centre of Polish Sculpture in Oro\u0144sko, Oro\u0144sko<br>Przestrze\u0144 pomi\u0119dzy nami, Presentation at the Academy of Fine Arts, Wiesbaden, Germany<br><br><strong>2011<\/strong><br>\u201cco jest tu\/czego tu nie ma\u201d, Oblasti Galeria Liberec, Czech Republic<br>7 gest\u00f3w malarskich, Entropia Gallery, Wroc\u0142aw<br><strong><br>2010<\/strong><br>Pokolenie 80, National Museum, Cracow<br>Apogeum Nowa Ekspresja 1987, Centre of Contemporary Art \"Znaki Czasu\", Toru\u0144<br><strong><br>2008<\/strong><br>Republika Bananowa, Ekspresja lat 80-tych, Castle Ksi\u0105\u017c, National Museum, Szczecin<br><br><strong>2006<\/strong><br>Nowa Ekspresja 20 lat, BWA Gallery, Olsztyn<br><br><strong>2005<\/strong><br>Polen commt, 12 maler aus Polen, as part of the Polish Year in Germany and German Year in Poland 2005\u20136, Berlin, Kiel, Aachem, Krefeld, Cologne, Bonn, Leipzig, Germany<\/p>\n<!-- \/wp:paragraph -->\n\n<!-- wp:gallery {\"ids\":[3004,3003,3002,3001,3000,2999,2998,2997,2996,2995,2994,2993,2992,2991,2990,2989,2988,2987],\"columns\":4,\"linkTo\":\"file\"} -->\n<figure class=\"wp-block-gallery columns-4 is-cropped\"><ul class=\"blocks-gallery-grid\"><li class=\"blocks-gallery-item\"><figure><a href=\"https:\/\/galeriamiejska.pl\/wp-content\/uploads\/2021\/01\/181_eugeniusz-minciel-read-people-of-minciel-destroyed-painting-1987-akryl-plotno-220-x-240-1.jpg\"><img src=\"https:\/\/galeriamiejska.pl\/wp-content\/uploads\/2021\/01\/181_eugeniusz-minciel-read-people-of-minciel-destroyed-painting-1987-akryl-plotno-220-x-240-1.jpg\" alt=\"\" data-id=\"3004\" data-full-url=\"https:\/\/galeriamiejska.pl\/wp-content\/uploads\/2021\/01\/181_eugeniusz-minciel-read-people-of-minciel-destroyed-painting-1987-akryl-plotno-220-x-240-1.jpg\" data-link=\"https:\/\/galeriamiejska.pl\/en\/eugeniusz-minciel\/181_eugeniusz-minciel-read-people-of-minciel-destroyed-painting-1987-akryl-plotno-220-x-240-2\/\" class=\"wp-image-3004\"\/><\/a><figcaption class=\"blocks-gallery-item__caption\">Eugeniusz Minciel, Read People of Minciel destroyed painting, 1987, akryl, p\u0142\u00f3tno, 220 x 240 <\/figcaption><\/figure><\/li><li class=\"blocks-gallery-item\"><figure><a href=\"https:\/\/galeriamiejska.pl\/wp-content\/uploads\/2021\/01\/181_eugeniusz-minciel-piec-palcow-tonie-2010-akryl-plotno-200-x-272.jpg\"><img src=\"https:\/\/galeriamiejska.pl\/wp-content\/uploads\/2021\/01\/181_eugeniusz-minciel-piec-palcow-tonie-2010-akryl-plotno-200-x-272.jpg\" alt=\"\" data-id=\"3003\" data-full-url=\"https:\/\/galeriamiejska.pl\/wp-content\/uploads\/2021\/01\/181_eugeniusz-minciel-piec-palcow-tonie-2010-akryl-plotno-200-x-272.jpg\" data-link=\"https:\/\/galeriamiejska.pl\/en\/eugeniusz-minciel\/181_eugeniusz-minciel-piec-palcow-tonie-2010-akryl-plotno-200-x-272\/\" class=\"wp-image-3003\"\/><\/a><figcaption class=\"blocks-gallery-item__caption\">Eugeniusz Minciel, Pi\u0119\u0107 palc\u00f3w tonie, 2010, akryl, p\u0142\u00f3tno, 200 x 272 <\/figcaption><\/figure><\/li><li class=\"blocks-gallery-item\"><figure><a href=\"https:\/\/galeriamiejska.pl\/wp-content\/uploads\/2021\/01\/181_eugeniusz-minciel-oh-providence-1995-akryl-plotno-162-x-270-1.jpg\"><img src=\"https:\/\/galeriamiejska.pl\/wp-content\/uploads\/2021\/01\/181_eugeniusz-minciel-oh-providence-1995-akryl-plotno-162-x-270-1.jpg\" alt=\"\" data-id=\"3002\" data-full-url=\"https:\/\/galeriamiejska.pl\/wp-content\/uploads\/2021\/01\/181_eugeniusz-minciel-oh-providence-1995-akryl-plotno-162-x-270-1.jpg\" data-link=\"https:\/\/galeriamiejska.pl\/en\/eugeniusz-minciel\/181_eugeniusz-minciel-oh-providence-1995-akryl-plotno-162-x-270-2\/\" class=\"wp-image-3002\"\/><\/a><figcaption class=\"blocks-gallery-item__caption\">Eugeniusz Minciel, Oh Providence, 1995, akryl, p\u0142\u00f3tno, 162 x 270 <\/figcaption><\/figure><\/li><li class=\"blocks-gallery-item\"><figure><a href=\"https:\/\/galeriamiejska.pl\/wp-content\/uploads\/2021\/01\/181_eugeniusz-minciel-oh-miles-1988-akryl-plotno-150-x-145-1.jpg\"><img src=\"https:\/\/galeriamiejska.pl\/wp-content\/uploads\/2021\/01\/181_eugeniusz-minciel-oh-miles-1988-akryl-plotno-150-x-145-1.jpg\" alt=\"\" data-id=\"3001\" data-full-url=\"https:\/\/galeriamiejska.pl\/wp-content\/uploads\/2021\/01\/181_eugeniusz-minciel-oh-miles-1988-akryl-plotno-150-x-145-1.jpg\" data-link=\"https:\/\/galeriamiejska.pl\/en\/eugeniusz-minciel\/181_eugeniusz-minciel-oh-miles-1988-akryl-plotno-150-x-145-2\/\" class=\"wp-image-3001\"\/><\/a><figcaption class=\"blocks-gallery-item__caption\">Eugeniusz Minciel, Oh Miles, 1988, akryl, p\u0142\u00f3tno, 150 x 145 <\/figcaption><\/figure><\/li><li class=\"blocks-gallery-item\"><figure><a href=\"https:\/\/galeriamiejska.pl\/wp-content\/uploads\/2021\/01\/181_eugeniusz-minciel-kometa-2006-akryl-plotno-204-x-341-1.jpg\"><img src=\"https:\/\/galeriamiejska.pl\/wp-content\/uploads\/2021\/01\/181_eugeniusz-minciel-kometa-2006-akryl-plotno-204-x-341-1.jpg\" alt=\"\" data-id=\"3000\" data-full-url=\"https:\/\/galeriamiejska.pl\/wp-content\/uploads\/2021\/01\/181_eugeniusz-minciel-kometa-2006-akryl-plotno-204-x-341-1.jpg\" data-link=\"https:\/\/galeriamiejska.pl\/en\/eugeniusz-minciel\/181_eugeniusz-minciel-kometa-2006-akryl-plotno-204-x-341-2\/\" class=\"wp-image-3000\"\/><\/a><figcaption class=\"blocks-gallery-item__caption\">Eugeniusz Minciel, Kometa, 2006, akryl, p\u0142\u00f3tno, 204 x 341 <\/figcaption><\/figure><\/li><li class=\"blocks-gallery-item\"><figure><a href=\"https:\/\/galeriamiejska.pl\/wp-content\/uploads\/2021\/01\/181_eugeniusz-minciel-inter-dying-1988-akryl-plotno-200-x-400-1.jpg\"><img src=\"https:\/\/galeriamiejska.pl\/wp-content\/uploads\/2021\/01\/181_eugeniusz-minciel-inter-dying-1988-akryl-plotno-200-x-400-1.jpg\" alt=\"\" data-id=\"2999\" data-full-url=\"https:\/\/galeriamiejska.pl\/wp-content\/uploads\/2021\/01\/181_eugeniusz-minciel-inter-dying-1988-akryl-plotno-200-x-400-1.jpg\" data-link=\"https:\/\/galeriamiejska.pl\/en\/eugeniusz-minciel\/181_eugeniusz-minciel-inter-dying-1988-akryl-plotno-200-x-400-2\/\" class=\"wp-image-2999\"\/><\/a><figcaption class=\"blocks-gallery-item__caption\">Eugeniusz Minciel, Inter-dying, 1988, akryl, p\u0142\u00f3tno, 200 x 400 <\/figcaption><\/figure><\/li><li class=\"blocks-gallery-item\"><figure><a href=\"https:\/\/galeriamiejska.pl\/wp-content\/uploads\/2021\/01\/181_eugeniusz-minciel-bez-tytulu-2010-akryl-plotno-201-x-270.jpg\"><img src=\"https:\/\/galeriamiejska.pl\/wp-content\/uploads\/2021\/01\/181_eugeniusz-minciel-bez-tytulu-2010-akryl-plotno-201-x-270.jpg\" alt=\"\" data-id=\"2998\" data-full-url=\"https:\/\/galeriamiejska.pl\/wp-content\/uploads\/2021\/01\/181_eugeniusz-minciel-bez-tytulu-2010-akryl-plotno-201-x-270.jpg\" data-link=\"https:\/\/galeriamiejska.pl\/en\/eugeniusz-minciel\/181_eugeniusz-minciel-bez-tytulu-2010-akryl-plotno-201-x-270\/\" class=\"wp-image-2998\"\/><\/a><figcaption class=\"blocks-gallery-item__caption\">Eugeniusz Minciel, Bez tytu\u0142u, 2010, akryl, p\u0142\u00f3tno, 201 x 270 <\/figcaption><\/figure><\/li><li class=\"blocks-gallery-item\"><figure><a href=\"https:\/\/galeriamiejska.pl\/wp-content\/uploads\/2021\/01\/181_eugeniusz-minciel-bez-tytulu-2009-akryl-plotno-210-x-210.jpg\"><img src=\"https:\/\/galeriamiejska.pl\/wp-content\/uploads\/2021\/01\/181_eugeniusz-minciel-bez-tytulu-2009-akryl-plotno-210-x-210.jpg\" alt=\"\" data-id=\"2997\" data-full-url=\"https:\/\/galeriamiejska.pl\/wp-content\/uploads\/2021\/01\/181_eugeniusz-minciel-bez-tytulu-2009-akryl-plotno-210-x-210.jpg\" data-link=\"https:\/\/galeriamiejska.pl\/en\/eugeniusz-minciel\/181_eugeniusz-minciel-bez-tytulu-2009-akryl-plotno-210-x-210\/\" class=\"wp-image-2997\"\/><\/a><figcaption class=\"blocks-gallery-item__caption\">Eugeniusz Minciel, Bez tytu\u0142u, 2009, akryl, p\u0142\u00f3tno, 210 x 210 <\/figcaption><\/figure><\/li><li class=\"blocks-gallery-item\"><figure><a href=\"https:\/\/galeriamiejska.pl\/wp-content\/uploads\/2021\/01\/181_eugeniusz-minciel-bez-tytulu-2008-akryl-plotno-200-x-220.jpg\"><img src=\"https:\/\/galeriamiejska.pl\/wp-content\/uploads\/2021\/01\/181_eugeniusz-minciel-bez-tytulu-2008-akryl-plotno-200-x-220.jpg\" alt=\"\" data-id=\"2996\" data-full-url=\"https:\/\/galeriamiejska.pl\/wp-content\/uploads\/2021\/01\/181_eugeniusz-minciel-bez-tytulu-2008-akryl-plotno-200-x-220.jpg\" data-link=\"https:\/\/galeriamiejska.pl\/en\/eugeniusz-minciel\/181_eugeniusz-minciel-bez-tytulu-2008-akryl-plotno-200-x-220\/\" class=\"wp-image-2996\"\/><\/a><figcaption class=\"blocks-gallery-item__caption\">Eugeniusz Minciel, Bez tytu\u0142u, 2008, akryl, p\u0142\u00f3tno, 200 x 220 <\/figcaption><\/figure><\/li><li class=\"blocks-gallery-item\"><figure><a href=\"https:\/\/galeriamiejska.pl\/wp-content\/uploads\/2021\/01\/181_eugeniusz-minciel-bez-tytulu-2007-akryl-plotno-220-x-206-1.jpg\"><img src=\"https:\/\/galeriamiejska.pl\/wp-content\/uploads\/2021\/01\/181_eugeniusz-minciel-bez-tytulu-2007-akryl-plotno-220-x-206-1.jpg\" alt=\"\" data-id=\"2995\" data-full-url=\"https:\/\/galeriamiejska.pl\/wp-content\/uploads\/2021\/01\/181_eugeniusz-minciel-bez-tytulu-2007-akryl-plotno-220-x-206-1.jpg\" data-link=\"https:\/\/galeriamiejska.pl\/en\/eugeniusz-minciel\/181_eugeniusz-minciel-bez-tytulu-2007-akryl-plotno-220-x-206-2\/\" class=\"wp-image-2995\"\/><\/a><figcaption class=\"blocks-gallery-item__caption\">Eugeniusz Minciel, Bez tytu\u0142u, 2007, akryl, p\u0142\u00f3tno, 220 x 206 <\/figcaption><\/figure><\/li><li class=\"blocks-gallery-item\"><figure><a href=\"https:\/\/galeriamiejska.pl\/wp-content\/uploads\/2021\/01\/181_eugeniusz-minciel-bez-tytulu2006-akryl-plotno-251-x-183-1.jpg\"><img src=\"https:\/\/galeriamiejska.pl\/wp-content\/uploads\/2021\/01\/181_eugeniusz-minciel-bez-tytulu2006-akryl-plotno-251-x-183-1.jpg\" alt=\"\" data-id=\"2994\" data-full-url=\"https:\/\/galeriamiejska.pl\/wp-content\/uploads\/2021\/01\/181_eugeniusz-minciel-bez-tytulu2006-akryl-plotno-251-x-183-1.jpg\" data-link=\"https:\/\/galeriamiejska.pl\/en\/eugeniusz-minciel\/181_eugeniusz-minciel-bez-tytulu2006-akryl-plotno-251-x-183-2\/\" class=\"wp-image-2994\"\/><\/a><figcaption class=\"blocks-gallery-item__caption\">Eugeniusz Minciel, Bez tytu\u0142u,2006, akryl, p\u0142\u00f3tno, 251 x 183 <\/figcaption><\/figure><\/li><li class=\"blocks-gallery-item\"><figure><a href=\"https:\/\/galeriamiejska.pl\/wp-content\/uploads\/2021\/01\/181_eugeniusz-minciel-bez-tytulu-2004-technika-wlasna-plotno-210-x-210-1.jpg\"><img src=\"https:\/\/galeriamiejska.pl\/wp-content\/uploads\/2021\/01\/181_eugeniusz-minciel-bez-tytulu-2004-technika-wlasna-plotno-210-x-210-1.jpg\" alt=\"\" data-id=\"2993\" data-full-url=\"https:\/\/galeriamiejska.pl\/wp-content\/uploads\/2021\/01\/181_eugeniusz-minciel-bez-tytulu-2004-technika-wlasna-plotno-210-x-210-1.jpg\" data-link=\"https:\/\/galeriamiejska.pl\/en\/eugeniusz-minciel\/181_eugeniusz-minciel-bez-tytulu-2004-technika-wlasna-plotno-210-x-210-2\/\" class=\"wp-image-2993\"\/><\/a><figcaption class=\"blocks-gallery-item__caption\">Eugeniusz Minciel, Bez tytu\u0142u, 2004, technika w\u0142asna, p\u0142\u00f3tno, 210 x 210 <\/figcaption><\/figure><\/li><li class=\"blocks-gallery-item\"><figure><a href=\"https:\/\/galeriamiejska.pl\/wp-content\/uploads\/2021\/01\/181_eugeniusz-minciel-5-dni-jonskich-1989-akryl-plotno-280-x-370-1.jpg\"><img src=\"https:\/\/galeriamiejska.pl\/wp-content\/uploads\/2021\/01\/181_eugeniusz-minciel-5-dni-jonskich-1989-akryl-plotno-280-x-370-1.jpg\" alt=\"\" data-id=\"2992\" data-full-url=\"https:\/\/galeriamiejska.pl\/wp-content\/uploads\/2021\/01\/181_eugeniusz-minciel-5-dni-jonskich-1989-akryl-plotno-280-x-370-1.jpg\" data-link=\"https:\/\/galeriamiejska.pl\/en\/eugeniusz-minciel\/181_eugeniusz-minciel-5-dni-jonskich-1989-akryl-plotno-280-x-370-2\/\" class=\"wp-image-2992\"\/><\/a><figcaption class=\"blocks-gallery-item__caption\">Eugeniusz Minciel, 5 dni Jo\u0144skich, 1989, akryl, p\u0142\u00f3tno, 280 x 370 <\/figcaption><\/figure><\/li><li class=\"blocks-gallery-item\"><figure><a href=\"https:\/\/galeriamiejska.pl\/wp-content\/uploads\/2021\/01\/181_eugeniusz-minciel-transfer-2008-akryl-plotno-210-x-187.jpg\"><img src=\"https:\/\/galeriamiejska.pl\/wp-content\/uploads\/2021\/01\/181_eugeniusz-minciel-transfer-2008-akryl-plotno-210-x-187.jpg\" alt=\"\" data-id=\"2991\" data-full-url=\"https:\/\/galeriamiejska.pl\/wp-content\/uploads\/2021\/01\/181_eugeniusz-minciel-transfer-2008-akryl-plotno-210-x-187.jpg\" data-link=\"https:\/\/galeriamiejska.pl\/en\/eugeniusz-minciel\/181_eugeniusz-minciel-transfer-2008-akryl-plotno-210-x-187\/\" class=\"wp-image-2991\"\/><\/a><figcaption class=\"blocks-gallery-item__caption\">Eugeniusz Minciel, Transfer, 2008, akryl, p\u0142\u00f3tno, 210 x 187 <\/figcaption><\/figure><\/li><li class=\"blocks-gallery-item\"><figure><a href=\"https:\/\/galeriamiejska.pl\/wp-content\/uploads\/2021\/01\/181_eugeniusz-minciel-the-surge-1983-akryl-plotno-190-x-140-1.jpg\"><img src=\"https:\/\/galeriamiejska.pl\/wp-content\/uploads\/2021\/01\/181_eugeniusz-minciel-the-surge-1983-akryl-plotno-190-x-140-1.jpg\" alt=\"\" data-id=\"2990\" data-full-url=\"https:\/\/galeriamiejska.pl\/wp-content\/uploads\/2021\/01\/181_eugeniusz-minciel-the-surge-1983-akryl-plotno-190-x-140-1.jpg\" data-link=\"https:\/\/galeriamiejska.pl\/en\/eugeniusz-minciel\/181_eugeniusz-minciel-the-surge-1983-akryl-plotno-190-x-140-2\/\" class=\"wp-image-2990\"\/><\/a><figcaption class=\"blocks-gallery-item__caption\">Eugeniusz Minciel, The surge, 1983, akryl, p\u0142\u00f3tno, 190 x 140 <\/figcaption><\/figure><\/li><li class=\"blocks-gallery-item\"><figure><a href=\"https:\/\/galeriamiejska.pl\/wp-content\/uploads\/2021\/01\/181_eugeniusz-minciel-the-cup-and-hangover-1988-akryl-plotno200-x-145-1.jpg\"><img src=\"https:\/\/galeriamiejska.pl\/wp-content\/uploads\/2021\/01\/181_eugeniusz-minciel-the-cup-and-hangover-1988-akryl-plotno200-x-145-1.jpg\" alt=\"\" data-id=\"2989\" data-full-url=\"https:\/\/galeriamiejska.pl\/wp-content\/uploads\/2021\/01\/181_eugeniusz-minciel-the-cup-and-hangover-1988-akryl-plotno200-x-145-1.jpg\" data-link=\"https:\/\/galeriamiejska.pl\/en\/eugeniusz-minciel\/181_eugeniusz-minciel-the-cup-and-hangover-1988-akryl-plotno200-x-145-2\/\" class=\"wp-image-2989\"\/><\/a><figcaption class=\"blocks-gallery-item__caption\">Eugeniusz Minciel, The Cup and Hangover, 1988, akryl, p\u0142\u00f3tno,200 x 145 <\/figcaption><\/figure><\/li><li class=\"blocks-gallery-item\"><figure><a href=\"https:\/\/galeriamiejska.pl\/wp-content\/uploads\/2021\/01\/181_eugeniusz-minciel-the-burning-chair-1985-akryl-plotno-180-x-130-1.jpg\"><img src=\"https:\/\/galeriamiejska.pl\/wp-content\/uploads\/2021\/01\/181_eugeniusz-minciel-the-burning-chair-1985-akryl-plotno-180-x-130-1.jpg\" alt=\"\" data-id=\"2988\" data-full-url=\"https:\/\/galeriamiejska.pl\/wp-content\/uploads\/2021\/01\/181_eugeniusz-minciel-the-burning-chair-1985-akryl-plotno-180-x-130-1.jpg\" data-link=\"https:\/\/galeriamiejska.pl\/en\/eugeniusz-minciel\/181_eugeniusz-minciel-the-burning-chair-1985-akryl-plotno-180-x-130-2\/\" class=\"wp-image-2988\"\/><\/a><figcaption class=\"blocks-gallery-item__caption\">Eugeniusz Minciel, The burning chair, 1985, akryl, p\u0142\u00f3tno, 180 x 130 <\/figcaption><\/figure><\/li><li class=\"blocks-gallery-item\"><figure><a href=\"https:\/\/galeriamiejska.pl\/wp-content\/uploads\/2021\/01\/181_eugeniusz-minciel-self-immolation-1987-akryl-plotno-200-x-140-1.jpg\"><img src=\"https:\/\/galeriamiejska.pl\/wp-content\/uploads\/2021\/01\/181_eugeniusz-minciel-self-immolation-1987-akryl-plotno-200-x-140-1.jpg\" alt=\"\" data-id=\"2987\" data-full-url=\"https:\/\/galeriamiejska.pl\/wp-content\/uploads\/2021\/01\/181_eugeniusz-minciel-self-immolation-1987-akryl-plotno-200-x-140-1.jpg\" data-link=\"https:\/\/galeriamiejska.pl\/en\/eugeniusz-minciel\/181_eugeniusz-minciel-self-immolation-1987-akryl-plotno-200-x-140-2\/\" class=\"wp-image-2987\"\/><\/a><figcaption class=\"blocks-gallery-item__caption\">Eugeniusz Minciel, Self-immolation, 1987, akryl, p\u0142\u00f3tno, 200 x 140 <\/figcaption><\/figure><\/li><\/ul><\/figure>\n<!-- \/wp:gallery -->","_en_post_name":"","_en_post_excerpt":"Painter, drawer and graphic designer.\n","_en_post_title":"","edit_language":"en","footnotes":""},"categories":[12,13],"tags":[],"class_list":["post-233","post","type-post","status-publish","format-standard","has-post-thumbnail","hentry","category-artysci","category-reprezentowani"],"yoast_head":"<!-- This site is optimized with the Yoast SEO plugin v16.8 - https:\/\/yoast.com\/wordpress\/plugins\/seo\/ -->\n<title>Eugeniusz Minciel - Galeria Miejska we Wroc\u0142awiu<\/title>\n<meta name=\"robots\" content=\"index, follow, max-snippet:-1, max-image-preview:large, max-video-preview:-1\" \/>\n<link rel=\"canonical\" href=\"https:\/\/galeriamiejska.pl\/en\/eugeniusz-minciel\/\" \/>\n<meta property=\"og:locale\" content=\"en_US\" \/>\n<meta property=\"og:type\" content=\"article\" \/>\n<meta property=\"og:title\" content=\"Eugeniusz Minciel - Galeria Miejska we Wroc\u0142awiu\" \/>\n<meta property=\"og:description\" content=\"Zajmuje si\u0119 malarstwem, rysunkiem i grafik\u0105.\" \/>\n<meta property=\"og:url\" content=\"https:\/\/galeriamiejska.pl\/en\/eugeniusz-minciel\/\" \/>\n<meta property=\"og:site_name\" content=\"Galeria Miejska we Wroc\u0142awiu\" \/>\n<meta property=\"article:published_time\" content=\"2021-01-19T08:49:41+00:00\" \/>\n<meta property=\"article:modified_time\" content=\"2021-08-03T13:31:16+00:00\" \/>\n<meta property=\"og:image\" content=\"https:\/\/galeriamiejska.pl\/wp-content\/uploads\/2021\/01\/181_noname.jpg\" \/>\n\t<meta property=\"og:image:width\" content=\"640\" \/>\n\t<meta property=\"og:image:height\" content=\"340\" \/>\n<meta name=\"twitter:card\" content=\"summary_large_image\" \/>\n<meta name=\"twitter:label1\" content=\"Written by\" \/>\n\t<meta name=\"twitter:data1\" content=\"admin\" \/>\n\t<meta name=\"twitter:label2\" content=\"Est. reading time\" \/>\n\t<meta name=\"twitter:data2\" content=\"6 minutes\" \/>\n<script type=\"application\/ld+json\" class=\"yoast-schema-graph\">{\"@context\":\"https:\/\/schema.org\",\"@graph\":[{\"@type\":\"WebSite\",\"@id\":\"https:\/\/galeriamiejska.pl\/en\/#website\",\"url\":\"https:\/\/galeriamiejska.pl\/en\/\",\"name\":\"Galeria Miejska we Wroc\\u0142awiu\",\"description\":\"\",\"potentialAction\":[{\"@type\":\"SearchAction\",\"target\":{\"@type\":\"EntryPoint\",\"urlTemplate\":\"https:\/\/galeriamiejska.pl\/en\/?s={search_term_string}\"},\"query-input\":\"required name=search_term_string\"}],\"inLanguage\":\"\"},{\"@type\":\"ImageObject\",\"@id\":\"https:\/\/galeriamiejska.pl\/en\/eugeniusz-minciel\/#primaryimage\",\"inLanguage\":\"\",\"url\":\"https:\/\/galeriamiejska.pl\/wp-content\/uploads\/2021\/01\/181_noname.jpg\",\"contentUrl\":\"https:\/\/galeriamiejska.pl\/wp-content\/uploads\/2021\/01\/181_noname.jpg\",\"width\":640,\"height\":340},{\"@type\":\"WebPage\",\"@id\":\"https:\/\/galeriamiejska.pl\/en\/eugeniusz-minciel\/#webpage\",\"url\":\"https:\/\/galeriamiejska.pl\/en\/eugeniusz-minciel\/\",\"name\":\"Eugeniusz Minciel - Galeria Miejska we Wroc\\u0142awiu\",\"isPartOf\":{\"@id\":\"https:\/\/galeriamiejska.pl\/en\/#website\"},\"primaryImageOfPage\":{\"@id\":\"https:\/\/galeriamiejska.pl\/en\/eugeniusz-minciel\/#primaryimage\"},\"datePublished\":\"2021-01-19T08:49:41+00:00\",\"dateModified\":\"2021-08-03T13:31:16+00:00\",\"author\":{\"@id\":\"https:\/\/galeriamiejska.pl\/en\/#\/schema\/person\/cd4f04b0a13c9114f95e23b489b6f9cb\"},\"breadcrumb\":{\"@id\":\"https:\/\/galeriamiejska.pl\/en\/eugeniusz-minciel\/#breadcrumb\"},\"inLanguage\":\"\",\"potentialAction\":[{\"@type\":\"ReadAction\",\"target\":[\"https:\/\/galeriamiejska.pl\/en\/eugeniusz-minciel\/\"]}]},{\"@type\":\"BreadcrumbList\",\"@id\":\"https:\/\/galeriamiejska.pl\/en\/eugeniusz-minciel\/#breadcrumb\",\"itemListElement\":[{\"@type\":\"ListItem\",\"position\":1,\"name\":\"Strona g\\u0142\\u00f3wna\",\"item\":\"https:\/\/galeriamiejska.pl\/en\/\"},{\"@type\":\"ListItem\",\"position\":2,\"name\":\"Eugeniusz Minciel\"}]},{\"@type\":\"Person\",\"@id\":\"https:\/\/galeriamiejska.pl\/en\/#\/schema\/person\/cd4f04b0a13c9114f95e23b489b6f9cb\",\"name\":\"admin\",\"image\":{\"@type\":\"ImageObject\",\"@id\":\"https:\/\/galeriamiejska.pl\/en\/#personlogo\",\"inLanguage\":\"\",\"url\":\"https:\/\/secure.gravatar.com\/avatar\/3ded5a36984f92b80e2d99cc96780fe89cd37f7fd652108d182620efbb1566fd?s=96&d=mm&r=g\",\"contentUrl\":\"https:\/\/secure.gravatar.com\/avatar\/3ded5a36984f92b80e2d99cc96780fe89cd37f7fd652108d182620efbb1566fd?s=96&d=mm&r=g\",\"caption\":\"admin\"},\"sameAs\":[\"http:\/\/galeriamiejska.pl\"],\"url\":\"https:\/\/galeriamiejska.pl\/en\/author\/admin\/\"}]}<\/script>\n<!-- \/ Yoast SEO plugin. -->","yoast_head_json":{"title":"Eugeniusz Minciel - Galeria Miejska we Wroc\u0142awiu","robots":{"index":"index","follow":"follow","max-snippet":"max-snippet:-1","max-image-preview":"max-image-preview:large","max-video-preview":"max-video-preview:-1"},"canonical":"https:\/\/galeriamiejska.pl\/en\/eugeniusz-minciel\/","og_locale":"en_US","og_type":"article","og_title":"Eugeniusz Minciel - Galeria Miejska we Wroc\u0142awiu","og_description":"Zajmuje si\u0119 malarstwem, rysunkiem i grafik\u0105.","og_url":"https:\/\/galeriamiejska.pl\/en\/eugeniusz-minciel\/","og_site_name":"Galeria Miejska we Wroc\u0142awiu","article_published_time":"2021-01-19T08:49:41+00:00","article_modified_time":"2021-08-03T13:31:16+00:00","og_image":[{"width":640,"height":340,"url":"https:\/\/galeriamiejska.pl\/wp-content\/uploads\/2021\/01\/181_noname.jpg","path":"\/autoinstalator\/wordpress\/wp-content\/uploads\/2021\/01\/181_noname.jpg","size":"full","id":234,"alt":"","pixels":217600,"type":"image\/jpeg"}],"twitter_card":"summary_large_image","twitter_misc":{"Written by":"admin","Est. reading time":"6 minutes"},"schema":{"@context":"https:\/\/schema.org","@graph":[{"@type":"WebSite","@id":"https:\/\/galeriamiejska.pl\/en\/#website","url":"https:\/\/galeriamiejska.pl\/en\/","name":"Galeria Miejska we Wroc\u0142awiu","description":"","potentialAction":[{"@type":"SearchAction","target":{"@type":"EntryPoint","urlTemplate":"https:\/\/galeriamiejska.pl\/en\/?s={search_term_string}"},"query-input":"required name=search_term_string"}],"inLanguage":""},{"@type":"ImageObject","@id":"https:\/\/galeriamiejska.pl\/en\/eugeniusz-minciel\/#primaryimage","inLanguage":"","url":"https:\/\/galeriamiejska.pl\/wp-content\/uploads\/2021\/01\/181_noname.jpg","contentUrl":"https:\/\/galeriamiejska.pl\/wp-content\/uploads\/2021\/01\/181_noname.jpg","width":640,"height":340},{"@type":"WebPage","@id":"https:\/\/galeriamiejska.pl\/en\/eugeniusz-minciel\/#webpage","url":"https:\/\/galeriamiejska.pl\/en\/eugeniusz-minciel\/","name":"Eugeniusz Minciel - Galeria Miejska we Wroc\u0142awiu","isPartOf":{"@id":"https:\/\/galeriamiejska.pl\/en\/#website"},"primaryImageOfPage":{"@id":"https:\/\/galeriamiejska.pl\/en\/eugeniusz-minciel\/#primaryimage"},"datePublished":"2021-01-19T08:49:41+00:00","dateModified":"2021-08-03T13:31:16+00:00","author":{"@id":"https:\/\/galeriamiejska.pl\/en\/#\/schema\/person\/cd4f04b0a13c9114f95e23b489b6f9cb"},"breadcrumb":{"@id":"https:\/\/galeriamiejska.pl\/en\/eugeniusz-minciel\/#breadcrumb"},"inLanguage":"","potentialAction":[{"@type":"ReadAction","target":["https:\/\/galeriamiejska.pl\/en\/eugeniusz-minciel\/"]}]},{"@type":"BreadcrumbList","@id":"https:\/\/galeriamiejska.pl\/en\/eugeniusz-minciel\/#breadcrumb","itemListElement":[{"@type":"ListItem","position":1,"name":"Strona g\u0142\u00f3wna","item":"https:\/\/galeriamiejska.pl\/en\/"},{"@type":"ListItem","position":2,"name":"Eugeniusz Minciel"}]},{"@type":"Person","@id":"https:\/\/galeriamiejska.pl\/en\/#\/schema\/person\/cd4f04b0a13c9114f95e23b489b6f9cb","name":"admin","image":{"@type":"ImageObject","@id":"https:\/\/galeriamiejska.pl\/en\/#personlogo","inLanguage":"","url":"https:\/\/secure.gravatar.com\/avatar\/3ded5a36984f92b80e2d99cc96780fe89cd37f7fd652108d182620efbb1566fd?s=96&d=mm&r=g","contentUrl":"https:\/\/secure.gravatar.com\/avatar\/3ded5a36984f92b80e2d99cc96780fe89cd37f7fd652108d182620efbb1566fd?s=96&d=mm&r=g","caption":"admin"},"sameAs":["http:\/\/galeriamiejska.pl"],"url":"https:\/\/galeriamiejska.pl\/en\/author\/admin\/"}]}},"_links":{"self":[{"href":"https:\/\/galeriamiejska.pl\/en\/wp-json\/wp\/v2\/posts\/233","targetHints":{"allow":["GET"]}}],"collection":[{"href":"https:\/\/galeriamiejska.pl\/en\/wp-json\/wp\/v2\/posts"}],"about":[{"href":"https:\/\/galeriamiejska.pl\/en\/wp-json\/wp\/v2\/types\/post"}],"author":[{"embeddable":true,"href":"https:\/\/galeriamiejska.pl\/en\/wp-json\/wp\/v2\/users\/1"}],"replies":[{"embeddable":true,"href":"https:\/\/galeriamiejska.pl\/en\/wp-json\/wp\/v2\/comments?post=233"}],"version-history":[{"count":5,"href":"https:\/\/galeriamiejska.pl\/en\/wp-json\/wp\/v2\/posts\/233\/revisions"}],"predecessor-version":[{"id":3088,"href":"https:\/\/galeriamiejska.pl\/en\/wp-json\/wp\/v2\/posts\/233\/revisions\/3088"}],"wp:featuredmedia":[{"embeddable":true,"href":"https:\/\/galeriamiejska.pl\/en\/wp-json\/wp\/v2\/media\/234"}],"wp:attachment":[{"href":"https:\/\/galeriamiejska.pl\/en\/wp-json\/wp\/v2\/media?parent=233"}],"wp:term":[{"taxonomy":"category","embeddable":true,"href":"https:\/\/galeriamiejska.pl\/en\/wp-json\/wp\/v2\/categories?post=233"},{"taxonomy":"post_tag","embeddable":true,"href":"https:\/\/galeriamiejska.pl\/en\/wp-json\/wp\/v2\/tags?post=233"}],"curies":[{"name":"wp","href":"https:\/\/api.w.org\/{rel}","templated":true}]}}