{"id":1918,"date":"2021-01-29T17:21:32","date_gmt":"2021-01-29T17:21:32","guid":{"rendered":"http:\/\/galeriamiejska.pl\/?p=1918"},"modified":"2021-10-29T16:02:29","modified_gmt":"2021-10-29T16:02:29","slug":"","status":"publish","type":"post","link":"https:\/\/galeriamiejska.pl\/en\/czulem-skurcze-twojego-przelyku-the-krasnals-whielki-krasnal-4\/","title":{"rendered":"","raw":""},"content":{"rendered":"\n<p><strong><strong>\u201eI felt crumps of your gullet. The Krasnals. Whielki Krasnal\u201d is a\u00a0title of the new exhibition made by Urban Gallery in Wroc\u0142aw from 5th of February to 12th of March 2016. It will be presentation of selected works by anonymous group of rebels, whom since 2008 contest phenomenon of contemporary art and polish daily life.<\/strong><\/strong><br><br><br><\/p>\n\n\n\n<figure class=\"wp-block-embed is-type-video is-provider-youtube wp-block-embed-youtube wp-embed-aspect-16-9 wp-has-aspect-ratio\"><div class=\"wp-block-embed__wrapper\">\n<iframe loading=\"lazy\" title=\"&quot;Czu\u0142em skurcze twojego prze\u0142yku\/ The Krasnals. Whielki Krasnal&quot; w GM\/\" width=\"500\" height=\"281\" src=\"https:\/\/www.youtube.com\/embed\/TPPFT1yvJvk?feature=oembed\" frameborder=\"0\" allow=\"accelerometer; autoplay; clipboard-write; encrypted-media; gyroscope; picture-in-picture; web-share\" referrerpolicy=\"strict-origin-when-cross-origin\" allowfullscreen><\/iframe>\n<\/div><\/figure>\n\n\n\n<p><br><br><br>The Krasnals\u201d group was born 1st of April 2008. Since the beginning its members are anonymous \u2013 their number is unknown. Everywhere they show up \u2013 masked \u2013 they create shock, umbrage and controversy. Some appreciate their rigidity, considering The Krasnals art like refreshing, drying influence. The others hate them. Those anonymous artists think that art world is full of hypocrisy, unhealthy rush to fame and profits, and it\u2019s also marked by bad relation between artists, curators, critics and collectors \u2013 to artists disadvantage They are objecting the ignoring of art from culture, its inaccessibility from viewers. They show their objection using simple measures, usually pictorials, often using primitive games, partisan plays and vulgarisms. Their second field of interest covers diagnosing problems of everyday and political life. Here also, everyone get owned and beaten. The Krasnals try to not leave a\u00a0spot to overthinking \u2013 \u201cheroes of our times\u201d may be identified easily. Less equivalent is reading the meaning of many paintings. Here the viewer has a\u00a0lot of freedom.<br><br><br><br><\/p>\n\n\n\n<figure class=\"wp-block-image size-full is-resized\"><img loading=\"lazy\" decoding=\"async\" src=\"http:\/\/galeriamiejska.pl\/wp-content\/uploads\/2021\/01\/377_the-krasnals-whielki-krasnal-co-z-ta-polska-2015-akryl-na-plotnie-50-x-70-cm.jpg\" alt=\"\" class=\"wp-image-1920\" width=\"661\" height=\"466\" srcset=\"https:\/\/galeriamiejska.pl\/wp-content\/uploads\/2021\/01\/377_the-krasnals-whielki-krasnal-co-z-ta-polska-2015-akryl-na-plotnie-50-x-70-cm.jpg 661w, https:\/\/galeriamiejska.pl\/wp-content\/uploads\/2021\/01\/377_the-krasnals-whielki-krasnal-co-z-ta-polska-2015-akryl-na-plotnie-50-x-70-cm-300x211.jpg 300w\" sizes=\"auto, (max-width: 661px) 100vw, 661px\" \/><figcaption><em><strong>The Krasnals. Whielki Krasnal &#8211; Co z t\u0105 Polsk\u0105&#8230;, 2015, akryl na p\u0142\u00f3tnie, 50 X 70 cm<\/strong><\/em><\/figcaption><\/figure>\n\n\n\n<p>\u201cThey desperately fight that what makes the heaves. This whole group of shams, gabbing from others mind, emptiness of pompous figures, the moralizing scoundrels, greatness of imposters, social care by scrooges, protection of environment by poachers, controlling fluxes by pirates. What is important for them \u2013 next to the feelings \u2013 are senses and instinct. And especially integrality of attitude, harmony between life and art, beliefs and attitude\u201d \u2013 wrote Jaromir Jedli\u0144ski about The Krasnals attitude.<br><\/p>\n\n\n\n<figure class=\"wp-block-image size-full is-resized\"><img loading=\"lazy\" decoding=\"async\" src=\"http:\/\/galeriamiejska.pl\/wp-content\/uploads\/2021\/01\/377_the-krasnals-whielki-krasnal-tajne-rozmowy-przywodcow-polski-na-szczycie-o-polityce-swiatowej-o-ratowaniu-swiata-o-znaczen-1.jpg\" alt=\"\" class=\"wp-image-1922\" width=\"660\" height=\"467\" srcset=\"https:\/\/galeriamiejska.pl\/wp-content\/uploads\/2021\/01\/377_the-krasnals-whielki-krasnal-tajne-rozmowy-przywodcow-polski-na-szczycie-o-polityce-swiatowej-o-ratowaniu-swiata-o-znaczen-1.jpg 660w, https:\/\/galeriamiejska.pl\/wp-content\/uploads\/2021\/01\/377_the-krasnals-whielki-krasnal-tajne-rozmowy-przywodcow-polski-na-szczycie-o-polityce-swiatowej-o-ratowaniu-swiata-o-znaczen-1-300x212.jpg 300w\" sizes=\"auto, (max-width: 660px) 100vw, 660px\" \/><figcaption><em><strong>The Krasnals. Whielki Krasnal &#8211; Tajne rozmowy przyw\u00f3dc\u00f3w Polski na szczycie o polityce \u015bwiatowej, o ratowaniu \u015bwiata, o znaczeniu Polski i w og\u00f3le o gender Donald Tusk i Ewa Kopacz &#8211; z cyklu Whielcy Polacy, 2015, a<\/strong><\/em><\/figcaption><\/figure>\n\n\n\n<p>Both presented tendencies in The Krasnals. Whielki Krasnal works will find their echo during an exhibition in Urban Gallery in Wroc\u0142aw. Exhibition will have general nature \u2013 next to known works will be showed those unseen by critics and enthusiasts. It\u2019s necessary to take with Yourself a&nbsp;little bit of perspective, humor and proclivity to reflection.<br><br>Video from the opening:<br>http:\/\/www.youtube.com\/embed\/TI7mAMF_SqI<br><br><br>Photos from the opening:<br><a href=\"https:\/\/www.facebook.com\/media\/set\/?set=a.954194807990266.1073741872.470805202995898&amp;type=3\">https:\/\/www.facebook.com\/media\/set\/?set=a.954194807990266.1073741872.470805202995898&amp;type=3<\/a><\/p>\n\n\n\n<p><br><a href=\"https:\/\/www.facebook.com\/media\/set\/?set=a.954194807990266.1073741872.470805202995898&amp;type=3\">https:\/\/www.facebook.com\/media\/set\/?set=a.954194807990266.1073741872.470805202995898&amp;type=3<\/a><br><br><strong>Photos from the opening:<\/strong><br>http:\/\/www.youtube.com\/embed\/TI7mAMF_SqI<br><\/p>\n","protected":false,"raw":"<!-- wp:paragraph -->\n<p><strong><strong>\u201eI felt crumps of your gullet. The Krasnals. Whielki Krasnal\u201d is a\u00a0title of the new exhibition made by Urban Gallery in Wroc\u0142aw from 5th of February to 12th of March 2016. It will be presentation of selected works by anonymous group of rebels, whom since 2008 contest phenomenon of contemporary art and polish daily life.<\/strong><\/strong><br><br><br><\/p>\n<!-- \/wp:paragraph -->\n\n<!-- wp:embed {\"url\":\"https:\/\/www.youtube.com\/watch?v=TPPFT1yvJvk\\u0026feature=youtu.be\",\"type\":\"video\",\"providerNameSlug\":\"youtube\",\"responsive\":true,\"className\":\"wp-embed-aspect-16-9 wp-has-aspect-ratio\"} -->\n<figure class=\"wp-block-embed is-type-video is-provider-youtube wp-block-embed-youtube wp-embed-aspect-16-9 wp-has-aspect-ratio\"><div class=\"wp-block-embed__wrapper\">\nhttps:\/\/www.youtube.com\/watch?v=TPPFT1yvJvk&amp;feature=youtu.be\n<\/div><\/figure>\n<!-- \/wp:embed -->\n\n<!-- wp:paragraph -->\n<p><br><br><br>The Krasnals\u201d group was born 1st of April 2008. Since the beginning its members are anonymous \u2013 their number is unknown. Everywhere they show up \u2013 masked \u2013 they create shock, umbrage and controversy. Some appreciate their rigidity, considering The Krasnals art like refreshing, drying influence. The others hate them. Those anonymous artists think that art world is full of hypocrisy, unhealthy rush to fame and profits, and it\u2019s also marked by bad relation between artists, curators, critics and collectors \u2013 to artists disadvantage They are objecting the ignoring of art from culture, its inaccessibility from viewers. They show their objection using simple measures, usually pictorials, often using primitive games, partisan plays and vulgarisms. Their second field of interest covers diagnosing problems of everyday and political life. Here also, everyone get owned and beaten. The Krasnals try to not leave a\u00a0spot to overthinking \u2013 \u201cheroes of our times\u201d may be identified easily. Less equivalent is reading the meaning of many paintings. Here the viewer has a\u00a0lot of freedom.<br><br><br><br><\/p>\n<!-- \/wp:paragraph -->\n\n<!-- wp:image {\"id\":1920,\"width\":661,\"height\":466,\"sizeSlug\":\"full\",\"linkDestination\":\"none\"} -->\n<figure class=\"wp-block-image size-full is-resized\"><img src=\"http:\/\/galeriamiejska.pl\/wp-content\/uploads\/2021\/01\/377_the-krasnals-whielki-krasnal-co-z-ta-polska-2015-akryl-na-plotnie-50-x-70-cm.jpg\" alt=\"\" class=\"wp-image-1920\" width=\"661\" height=\"466\"\/><figcaption><em><strong>The Krasnals. Whielki Krasnal - Co z t\u0105 Polsk\u0105..., 2015, akryl na p\u0142\u00f3tnie, 50 X 70 cm<\/strong><\/em><\/figcaption><\/figure>\n<!-- \/wp:image -->\n\n<!-- wp:paragraph -->\n<p>\u201cThey desperately fight that what makes the heaves. This whole group of shams, gabbing from others mind, emptiness of pompous figures, the moralizing scoundrels, greatness of imposters, social care by scrooges, protection of environment by poachers, controlling fluxes by pirates. What is important for them \u2013 next to the feelings \u2013 are senses and instinct. And especially integrality of attitude, harmony between life and art, beliefs and attitude\u201d \u2013 wrote Jaromir Jedli\u0144ski about The Krasnals attitude.<br><\/p>\n<!-- \/wp:paragraph -->\n\n<!-- wp:image {\"id\":1922,\"width\":660,\"height\":467,\"sizeSlug\":\"full\",\"linkDestination\":\"none\"} -->\n<figure class=\"wp-block-image size-full is-resized\"><img src=\"http:\/\/galeriamiejska.pl\/wp-content\/uploads\/2021\/01\/377_the-krasnals-whielki-krasnal-tajne-rozmowy-przywodcow-polski-na-szczycie-o-polityce-swiatowej-o-ratowaniu-swiata-o-znaczen-1.jpg\" alt=\"\" class=\"wp-image-1922\" width=\"660\" height=\"467\"\/><figcaption><em><strong>The Krasnals. Whielki Krasnal - Tajne rozmowy przyw\u00f3dc\u00f3w Polski na szczycie o polityce \u015bwiatowej, o ratowaniu \u015bwiata, o znaczeniu Polski i w og\u00f3le o gender Donald Tusk i Ewa Kopacz - z cyklu Whielcy Polacy, 2015, a<\/strong><\/em><\/figcaption><\/figure>\n<!-- \/wp:image -->\n\n<!-- wp:paragraph -->\n<p>Both presented tendencies in The Krasnals. Whielki Krasnal works will find their echo during an exhibition in Urban Gallery in Wroc\u0142aw. Exhibition will have general nature \u2013 next to known works will be showed those unseen by critics and enthusiasts. It\u2019s necessary to take with Yourself a&nbsp;little bit of perspective, humor and proclivity to reflection.<br><br>Video from the opening:<br>http:\/\/www.youtube.com\/embed\/TI7mAMF_SqI<br><br><br>Photos from the opening:<br><a href=\"https:\/\/www.facebook.com\/media\/set\/?set=a.954194807990266.1073741872.470805202995898&amp;type=3\">https:\/\/www.facebook.com\/media\/set\/?set=a.954194807990266.1073741872.470805202995898&amp;type=3<\/a><\/p>\n<!-- \/wp:paragraph -->\n\n<!-- wp:paragraph -->\n<p><br><a href=\"https:\/\/www.facebook.com\/media\/set\/?set=a.954194807990266.1073741872.470805202995898&amp;type=3\">https:\/\/www.facebook.com\/media\/set\/?set=a.954194807990266.1073741872.470805202995898&amp;type=3<\/a><br><br><strong>Photos from the opening:<\/strong><br>http:\/\/www.youtube.com\/embed\/TI7mAMF_SqI<br><\/p>\n<!-- \/wp:paragraph -->"},"excerpt":{"rendered":"","protected":false,"raw":""},"author":1,"featured_media":1919,"comment_status":"open","ping_status":"open","sticky":false,"template":"","format":"standard","meta":{"_pl_post_content":"<!-- wp:paragraph -->\n<p><strong>\u201eCzu\u0142em skurcze twojego prze\u0142yku.The Krasnals. Whielki Krasnal\u201d to tytu\u0142 nowej wystawy organizowanej przez Galeri\u0119 Miejsk\u0105 we Wroc\u0142awiu w&nbsp;dniach od 5 lutego do 12 marca 2016.<br>B\u0119dzie to prezentacja wybranych prac anonimowej grupy buntownik\u00f3w, kt\u00f3rzy od 2008 roku kontestuj\u0105 zjawiska zachodz\u0105ce w&nbsp;sztuce wsp\u00f3\u0142czesnej i&nbsp;polskim \u017cyciu codziennym.<\/strong><br><br><br><\/p>\n<!-- \/wp:paragraph -->\n\n<!-- wp:embed {\"url\":\"https:\/\/www.youtube.com\/watch?v=TPPFT1yvJvk\\u0026feature=youtu.be\",\"type\":\"video\",\"providerNameSlug\":\"youtube\",\"responsive\":true,\"className\":\"wp-embed-aspect-4-3 wp-has-aspect-ratio\"} -->\n<figure class=\"wp-block-embed is-type-video is-provider-youtube wp-block-embed-youtube wp-embed-aspect-4-3 wp-has-aspect-ratio\"><div class=\"wp-block-embed__wrapper\">\nhttps:\/\/www.youtube.com\/watch?v=TPPFT1yvJvk&amp;feature=youtu.be\n<\/div><\/figure>\n<!-- \/wp:embed -->\n\n<!-- wp:paragraph -->\n<p><br><br><br>Grupa The Krasnals zawi\u0105za\u0142a si\u0119 1 kwietnia 2008 r. Jej cz\u0142onkowie od samego pocz\u0105tku i&nbsp;konsekwentnie pozostaj\u0105 w&nbsp;ukryciu \u2013nieznana jest te\u017c ich dok\u0142adna liczba. Wsz\u0119dzie gdzie si\u0119 pojawiaj\u0105\u2013zamaskowani \u2013 siej\u0105 ferment, zgorszenie i&nbsp;kontrowersje. Jedni ceni\u0105 ich bezwzgl\u0119dno\u015b\u0107, traktuj\u0105c sztuk\u0119 Krasnals\u00f3w jako o\u017cywczy i&nbsp;odtruwaj\u0105cy bodziec. Drudzy najzwyczajniej ich nie cierpi\u0105. Ci anonimowi arty\u015bci s\u0105 zdania, \u017ce \u015bwiat sztuki jest pe\u0142en hipokryzji, niezdrowego p\u0119du ku s\u0142awie i&nbsp;zyskom, a&nbsp;tak\u017ce cechuje go zachwianie relacji mi\u0119dzy artystami, kuratorami, krytykami oraz kolekcjonerami\u2013na niekorzy\u015b\u0107 artyst\u00f3w. Sprzeciwiaj\u0105 si\u0119 wyabstrahowaniu sztuki z&nbsp;szeroko poj\u0119tej kultury, jej hermetyczno\u015bci i&nbsp;oddaleniu od widz\u00f3w. Sw\u00f3j sprzeciw wyra\u017caj\u0105 za pomoc\u0105 prostych \u015brodk\u00f3w, zwykle malarskich, nie stroni\u0105c od, cz\u0119sto prymitywnych, gier ,partyzanckich zabaw i&nbsp;wulgaryzm\u00f3w. Drugie pole ich zainteresowa\u0144 obejmuje diagnozowanie problem\u00f3w \u017cycia codziennego i&nbsp;politycznego. Tutaj te\u017c obrywa niemal ka\u017cdy. Krasnalsi staraj\u0105 si\u0119 nie pozostawia\u0107 pola do domys\u0142\u00f3w \u2013przedstawionych \u201ebohater\u00f3w naszych czas\u00f3w\u201d mo\u017cna zidentyfikowa\u0107 bez trudu. Mniej jednoznaczne okazuje si\u0119 natomiast odczytanie przes\u0142ania wielu obraz\u00f3w. Tutaj widzowi pozostawiono wiele swobody.<br><br><\/p>\n<!-- \/wp:paragraph -->\n\n<!-- wp:image {\"id\":1920,\"width\":661,\"height\":466,\"sizeSlug\":\"full\",\"linkDestination\":\"none\"} -->\n<figure class=\"wp-block-image size-full is-resized\"><img src=\"http:\/\/galeriamiejska.pl\/wp-content\/uploads\/2021\/01\/377_the-krasnals-whielki-krasnal-co-z-ta-polska-2015-akryl-na-plotnie-50-x-70-cm.jpg\" alt=\"\" class=\"wp-image-1920\" width=\"661\" height=\"466\"\/><figcaption><em><strong>The Krasnals. Whielki Krasnal - Co z t\u0105 Polsk\u0105..., 2015, akryl na p\u0142\u00f3tnie, 50 X 70 cm<\/strong><\/em><\/figcaption><\/figure>\n<!-- \/wp:image -->\n\n<!-- wp:paragraph -->\n<p>\u201eDesperacko zwalczaj\u0105 wci\u0105\u017c to, co wywo\u0142uje torsje. Ca\u0142\u0105 t\u0119 gr\u0119 pozor\u00f3w, gadanin\u0119 p\u0142yn\u0105c\u0105 z nie swoich my\u015bli, pustk\u0119 nad\u0119tych figur, moralizatorstwo hultaj\u00f3w, poprawno\u015b\u0107 szalbierzy, trosk\u0119 spo\u0142eczn\u0105 wydrwigroszy, ochron\u0119 \u015brodowiska przez k\u0142usownik\u00f3w, kontrolowanie przep\u0142yw\u00f3w przez pirat\u00f3w. Wa\u017cne s\u0105 dla nich \u2013 obok uczu\u0107 \u2013 zmys\u0142y oraz instynkt. A szczeg\u00f3lnie integralno\u015b\u0107 w\u0142asnej postawy, zgodno\u015b\u0107 mi\u0119dzy \u017cyciem a sztuk\u0105, przekonaniami i postaw\u0105\u201d \u2013 napisa\u0142 w odniesieniu do artystycznej postawy Krasnals\u00f3w Jaromir Jedli\u0144ski.<\/p>\n<!-- \/wp:paragraph -->\n\n<!-- wp:image {\"id\":1922,\"width\":660,\"height\":467,\"sizeSlug\":\"full\",\"linkDestination\":\"none\"} -->\n<figure class=\"wp-block-image size-full is-resized\"><img src=\"http:\/\/galeriamiejska.pl\/wp-content\/uploads\/2021\/01\/377_the-krasnals-whielki-krasnal-tajne-rozmowy-przywodcow-polski-na-szczycie-o-polityce-swiatowej-o-ratowaniu-swiata-o-znaczen-1.jpg\" alt=\"\" class=\"wp-image-1922\" width=\"660\" height=\"467\"\/><figcaption><em><strong>The Krasnals. Whielki Krasnal - Tajne rozmowy przyw\u00f3dc\u00f3w Polski na szczycie o polityce \u015bwiatowej, o ratowaniu \u015bwiata, o znaczeniu Polski i w og\u00f3le o gender Donald Tusk i Ewa Kopacz - z cyklu Whielcy Polacy, 2015, a<\/strong><\/em><\/figcaption><\/figure>\n<!-- \/wp:image -->\n\n<!-- wp:paragraph -->\n<p>Obie om\u00f3wione tendencje dostrzegane w\u00a0tw\u00f3rczo\u015bci The Krasnals. Whielki Krasnal znajd\u0105 odd\u017awi\u0119k na wystawie w\u00a0Galerii Miejskiej we Wroc\u0142awiu. B\u0119dzie ona mia\u0142a charakter przegl\u0105dowy \u2013 obok prac znanych pojawi\u0105 si\u0119 te\u017c te, kt\u00f3re mog\u0142y umkn\u0105\u0107 zar\u00f3wno ich krytykom, jak i\u00a0admiratorom.Na potrzeby jej zwiedzania warto zabra\u0107 ze sob\u0105 dystans, troch\u0119 humoru i\u00a0sk\u0142onno\u015b\u0107 do refleksji. Powinny si\u0119 przyda\u0107.<br><br>Kuratorem wystawy jest Miros\u0142aw Jasi\u0144ski.<br><br><strong>Zobacz zdj\u0119cia z\u00a0wernisa\u017cu:<\/strong><br><a href=\"https:\/\/www.facebook.com\/media\/set\/?set=a.954194807990266.1073741872.470805202995898&amp;type=3\">https:\/\/www.facebook.com\/media\/set\/?set=a.954194807990266.1073741872.470805202995898&amp;type=3<\/a><br><br><strong>Zobacz film z\u00a0wernisa\u017cu:<\/strong><\/p>\n<!-- \/wp:paragraph -->\n\n<!-- wp:embed {\"url\":\"https:\/\/www.youtube.com\/embed\/TI7mAMF_SqI\",\"type\":\"rich\",\"providerNameSlug\":\"obsluga-osadzania\",\"responsive\":true,\"className\":\"wp-embed-aspect-16-9 wp-has-aspect-ratio\"} -->\n<figure class=\"wp-block-embed is-type-rich is-provider-obsluga-osadzania wp-block-embed-obsluga-osadzania wp-embed-aspect-16-9 wp-has-aspect-ratio\"><div class=\"wp-block-embed__wrapper\">\nhttps:\/\/www.youtube.com\/embed\/TI7mAMF_SqI\n<\/div><\/figure>\n<!-- \/wp:embed -->\n\n<!-- wp:gallery {\"ids\":[3967,3968,3969,3970,3971,3973,3974,3975,3976,3972,3977],\"columns\":3,\"linkTo\":\"file\",\"sizeSlug\":\"thumbnail\"} -->\n<figure class=\"wp-block-gallery columns-3 is-cropped\"><ul class=\"blocks-gallery-grid\"><li class=\"blocks-gallery-item\"><figure><a href=\"https:\/\/galeriamiejska.pl\/wp-content\/uploads\/2021\/10\/377_czulem-skurcze-twojego-przelyku-the-krasnals-whielki-krasnal-1.jpg\"><img src=\"https:\/\/galeriamiejska.pl\/wp-content\/uploads\/2021\/10\/377_czulem-skurcze-twojego-przelyku-the-krasnals-whielki-krasnal-1-150x150.jpg\" alt=\"\" data-id=\"3967\" data-full-url=\"https:\/\/galeriamiejska.pl\/wp-content\/uploads\/2021\/10\/377_czulem-skurcze-twojego-przelyku-the-krasnals-whielki-krasnal-1.jpg\" data-link=\"https:\/\/galeriamiejska.pl\/czulem-skurcze-twojego-przelyku-the-krasnals-whielki-krasnal-4\/377_czulem-skurcze-twojego-przelyku-the-krasnals-whielki-krasnal-1\/\" class=\"wp-image-3967\"\/><\/a><figcaption class=\"blocks-gallery-item__caption\">Czu\u0142em skurcze twojego prze\u0142yku\/ The Krasnals. Whielki Krasnal<\/figcaption><\/figure><\/li><li class=\"blocks-gallery-item\"><figure><a href=\"https:\/\/galeriamiejska.pl\/wp-content\/uploads\/2021\/10\/377_the-krasnals-autoportret-whielkiego-krasnala-niepelnosprawny-swiety-mikolaj-pedzacy-z-pelnym-worem-prezentow-pod-chujinke-artur-zmijewski-2009-olej-wegiel-na-plotnie-270-x-120-cm.jpg\"><img src=\"https:\/\/galeriamiejska.pl\/wp-content\/uploads\/2021\/10\/377_the-krasnals-autoportret-whielkiego-krasnala-niepelnosprawny-swiety-mikolaj-pedzacy-z-pelnym-worem-prezentow-pod-chujinke-artur-zmijewski-2009-olej-wegiel-na-plotnie-270-x-120-cm-150x150.jpg\" alt=\"\" data-id=\"3968\" data-full-url=\"https:\/\/galeriamiejska.pl\/wp-content\/uploads\/2021\/10\/377_the-krasnals-autoportret-whielkiego-krasnala-niepelnosprawny-swiety-mikolaj-pedzacy-z-pelnym-worem-prezentow-pod-chujinke-artur-zmijewski-2009-olej-wegiel-na-plotnie-270-x-120-cm.jpg\" data-link=\"https:\/\/galeriamiejska.pl\/czulem-skurcze-twojego-przelyku-the-krasnals-whielki-krasnal-4\/377_the-krasnals-autoportret-whielkiego-krasnala-niepelnosprawny-swiety-mikolaj-pedzacy-z-pelnym-worem-prezentow-pod-chujinke-artur-zmijewski-2009-olej-wegiel-na-plotnie-270-x-120-cm\/\" class=\"wp-image-3968\"\/><\/a><figcaption class=\"blocks-gallery-item__caption\">The Krasnals - Autoportret Whielkiego Krasnala Niepe\u0142nosprawny \u015awi\u0119ty Miko\u0142aj \u2018p\u0119dz\u0105cy\u2019 z pe\u0142nym worem prezent\u00f3w pod chujink\u0119 \u2013 Artur \u017bmijewski, 2009, olej, w\u0119giel na p\u0142\u00f3tnie, 270 x 120 cm<\/figcaption><\/figure><\/li><li class=\"blocks-gallery-item\"><figure><a href=\"https:\/\/galeriamiejska.pl\/wp-content\/uploads\/2021\/10\/377_the-krasnals-barack-obama-w-las-vegas-afera-hazardowa-2009-olej-akryl-technika-mieszana-na-plotnie-270-x-120-cm.jpg\"><img src=\"https:\/\/galeriamiejska.pl\/wp-content\/uploads\/2021\/10\/377_the-krasnals-barack-obama-w-las-vegas-afera-hazardowa-2009-olej-akryl-technika-mieszana-na-plotnie-270-x-120-cm-150x150.jpg\" alt=\"\" data-id=\"3969\" data-full-url=\"https:\/\/galeriamiejska.pl\/wp-content\/uploads\/2021\/10\/377_the-krasnals-barack-obama-w-las-vegas-afera-hazardowa-2009-olej-akryl-technika-mieszana-na-plotnie-270-x-120-cm.jpg\" data-link=\"https:\/\/galeriamiejska.pl\/czulem-skurcze-twojego-przelyku-the-krasnals-whielki-krasnal-4\/377_the-krasnals-barack-obama-w-las-vegas-afera-hazardowa-2009-olej-akryl-technika-mieszana-na-plotnie-270-x-120-cm\/\" class=\"wp-image-3969\"\/><\/a><figcaption class=\"blocks-gallery-item__caption\">The Krasnals - Barack Obama w Las Vegas (afera hazardowa), 2009, olej, akryl, technika mieszana na p\u0142\u00f3tnie, 270 x 120 cm<\/figcaption><\/figure><\/li><li class=\"blocks-gallery-item\"><figure><a href=\"https:\/\/galeriamiejska.pl\/wp-content\/uploads\/2021\/10\/377_the-krasnals-whielki-krasnal-co-z-ta-polska-2015-akryl-na-plotnie-50-x-70-cm.jpg\"><img src=\"https:\/\/galeriamiejska.pl\/wp-content\/uploads\/2021\/10\/377_the-krasnals-whielki-krasnal-co-z-ta-polska-2015-akryl-na-plotnie-50-x-70-cm-150x150.jpg\" alt=\"\" data-id=\"3970\" data-full-url=\"https:\/\/galeriamiejska.pl\/wp-content\/uploads\/2021\/10\/377_the-krasnals-whielki-krasnal-co-z-ta-polska-2015-akryl-na-plotnie-50-x-70-cm.jpg\" data-link=\"https:\/\/galeriamiejska.pl\/czulem-skurcze-twojego-przelyku-the-krasnals-whielki-krasnal-4\/377_the-krasnals-whielki-krasnal-co-z-ta-polska-2015-akryl-na-plotnie-50-x-70-cm-2\/\" class=\"wp-image-3970\"\/><\/a><figcaption class=\"blocks-gallery-item__caption\">The Krasnals. Whielki Krasnal - Co z t\u0105 Polsk\u0105\u2026, 2015, akryl na p\u0142\u00f3tnie, 50 X 70 cm<\/figcaption><\/figure><\/li><li class=\"blocks-gallery-item\"><figure><a href=\"https:\/\/galeriamiejska.pl\/wp-content\/uploads\/2021\/10\/377_the-krasnals-whielki-krasnal-czulem-skurcze-twojego-przelyku-2016-olej-na-plotnie-180-x-300-cm.jpg\"><img src=\"https:\/\/galeriamiejska.pl\/wp-content\/uploads\/2021\/10\/377_the-krasnals-whielki-krasnal-czulem-skurcze-twojego-przelyku-2016-olej-na-plotnie-180-x-300-cm-150x150.jpg\" alt=\"\" data-id=\"3971\" data-full-url=\"https:\/\/galeriamiejska.pl\/wp-content\/uploads\/2021\/10\/377_the-krasnals-whielki-krasnal-czulem-skurcze-twojego-przelyku-2016-olej-na-plotnie-180-x-300-cm.jpg\" data-link=\"https:\/\/galeriamiejska.pl\/czulem-skurcze-twojego-przelyku-the-krasnals-whielki-krasnal-4\/377_the-krasnals-whielki-krasnal-czulem-skurcze-twojego-przelyku-2016-olej-na-plotnie-180-x-300-cm\/\" class=\"wp-image-3971\"\/><\/a><figcaption class=\"blocks-gallery-item__caption\">The Krasnals. Whielki Krasnal - Czu\u0142em skurcze twojego prze\u0142yku, 2016, olej na p\u0142\u00f3tnie, 180 x 300 cm<\/figcaption><\/figure><\/li><li class=\"blocks-gallery-item\"><figure><a href=\"https:\/\/galeriamiejska.pl\/wp-content\/uploads\/2021\/10\/377_the-krasnals-whielki-krasnal-obiekt-naszej-kontemplacji-bronislaw-komorowski-z-cyklu-whielcy-polacy-2010-olej-na-plotnie-40-x-60-cm.jpg\"><img src=\"https:\/\/galeriamiejska.pl\/wp-content\/uploads\/2021\/10\/377_the-krasnals-whielki-krasnal-obiekt-naszej-kontemplacji-bronislaw-komorowski-z-cyklu-whielcy-polacy-2010-olej-na-plotnie-40-x-60-cm-150x150.jpg\" alt=\"\" data-id=\"3973\" data-full-url=\"https:\/\/galeriamiejska.pl\/wp-content\/uploads\/2021\/10\/377_the-krasnals-whielki-krasnal-obiekt-naszej-kontemplacji-bronislaw-komorowski-z-cyklu-whielcy-polacy-2010-olej-na-plotnie-40-x-60-cm.jpg\" data-link=\"https:\/\/galeriamiejska.pl\/czulem-skurcze-twojego-przelyku-the-krasnals-whielki-krasnal-4\/377_the-krasnals-whielki-krasnal-obiekt-naszej-kontemplacji-bronislaw-komorowski-z-cyklu-whielcy-polacy-2010-olej-na-plotnie-40-x-60-cm\/\" class=\"wp-image-3973\"\/><\/a><figcaption class=\"blocks-gallery-item__caption\">The Krasnals. Whielki Krasnal - Obiekt naszej kontemplacji Bronis\u0142aw Komorowski, z cyklu Whielcy Polacy, 2010, olej na p\u0142\u00f3tnie, 40 x 60 cm<\/figcaption><\/figure><\/li><li class=\"blocks-gallery-item\"><figure><a href=\"https:\/\/galeriamiejska.pl\/wp-content\/uploads\/2021\/10\/377_the-krasnals-whielki-krasnal-olimpia-piekno-zakryte-tribute-to-edouard-manet-and-christo-z-cyklu-piekno-w-sztuce-2012-olej-na-plotnie-110-x-130-cm.jpg\"><img src=\"https:\/\/galeriamiejska.pl\/wp-content\/uploads\/2021\/10\/377_the-krasnals-whielki-krasnal-olimpia-piekno-zakryte-tribute-to-edouard-manet-and-christo-z-cyklu-piekno-w-sztuce-2012-olej-na-plotnie-110-x-130-cm-150x150.jpg\" alt=\"\" data-id=\"3974\" data-full-url=\"https:\/\/galeriamiejska.pl\/wp-content\/uploads\/2021\/10\/377_the-krasnals-whielki-krasnal-olimpia-piekno-zakryte-tribute-to-edouard-manet-and-christo-z-cyklu-piekno-w-sztuce-2012-olej-na-plotnie-110-x-130-cm.jpg\" data-link=\"https:\/\/galeriamiejska.pl\/czulem-skurcze-twojego-przelyku-the-krasnals-whielki-krasnal-4\/377_the-krasnals-whielki-krasnal-olimpia-piekno-zakryte-tribute-to-edouard-manet-and-christo-z-cyklu-piekno-w-sztuce-2012-olej-na-plotnie-110-x-130-cm\/\" class=\"wp-image-3974\"\/><\/a><figcaption class=\"blocks-gallery-item__caption\">The Krasnals. Whielki Krasnal - Olimpia Pi\u0119kno zakryte Tribute to Edouard Manet and Christo z cyklu Pi\u0119kno w Sztuce, 2012, olej na p\u0142\u00f3tnie, 110 x 130 cm<\/figcaption><\/figure><\/li><li class=\"blocks-gallery-item\"><figure><a href=\"https:\/\/galeriamiejska.pl\/wp-content\/uploads\/2021\/10\/377_the-krasnals-whielki-krasnal-przepraszam-czy-ja-wygladam-na-prezydenta-anna-grodzka-z-cyklu-casting-na-prezydenta-2015-akryl-na-plotnie-40-x-40-cm.jpg\"><img src=\"https:\/\/galeriamiejska.pl\/wp-content\/uploads\/2021\/10\/377_the-krasnals-whielki-krasnal-przepraszam-czy-ja-wygladam-na-prezydenta-anna-grodzka-z-cyklu-casting-na-prezydenta-2015-akryl-na-plotnie-40-x-40-cm-150x150.jpg\" alt=\"\" data-id=\"3975\" data-full-url=\"https:\/\/galeriamiejska.pl\/wp-content\/uploads\/2021\/10\/377_the-krasnals-whielki-krasnal-przepraszam-czy-ja-wygladam-na-prezydenta-anna-grodzka-z-cyklu-casting-na-prezydenta-2015-akryl-na-plotnie-40-x-40-cm.jpg\" data-link=\"https:\/\/galeriamiejska.pl\/czulem-skurcze-twojego-przelyku-the-krasnals-whielki-krasnal-4\/377_the-krasnals-whielki-krasnal-przepraszam-czy-ja-wygladam-na-prezydenta-anna-grodzka-z-cyklu-casting-na-prezydenta-2015-akryl-na-plotnie-40-x-40-cm\/\" class=\"wp-image-3975\"\/><\/a><figcaption class=\"blocks-gallery-item__caption\">The Krasnals. Whielki Krasnal - Przepraszam\u2026 czy ja wygl\u0105dam na prezydenta Anna Grodzka z cyklu Casting na Prezydenta, 2015, akryl na p\u0142\u00f3tnie, 40 x 40 cm<\/figcaption><\/figure><\/li><li class=\"blocks-gallery-item\"><figure><a href=\"https:\/\/galeriamiejska.pl\/wp-content\/uploads\/2021\/10\/377_the-krasnals-whielki-krasnal-przepraszam-czy-to-prawda-ze-w-polsce-nawet-ogorek-moze-zostac-prezydentem-magdalena-ogorek-z-cyklu-casting-na-prezydenta-2015-akryl-na-plotnie-40-x-40-cm.jpg\"><img src=\"https:\/\/galeriamiejska.pl\/wp-content\/uploads\/2021\/10\/377_the-krasnals-whielki-krasnal-przepraszam-czy-to-prawda-ze-w-polsce-nawet-ogorek-moze-zostac-prezydentem-magdalena-ogorek-z-cyklu-casting-na-prezydenta-2015-akryl-na-plotnie-40-x-40-cm-150x150.jpg\" alt=\"\" data-id=\"3976\" data-full-url=\"https:\/\/galeriamiejska.pl\/wp-content\/uploads\/2021\/10\/377_the-krasnals-whielki-krasnal-przepraszam-czy-to-prawda-ze-w-polsce-nawet-ogorek-moze-zostac-prezydentem-magdalena-ogorek-z-cyklu-casting-na-prezydenta-2015-akryl-na-plotnie-40-x-40-cm.jpg\" data-link=\"https:\/\/galeriamiejska.pl\/czulem-skurcze-twojego-przelyku-the-krasnals-whielki-krasnal-4\/olympus-digital-camera-2\/\" class=\"wp-image-3976\"\/><\/a><figcaption class=\"blocks-gallery-item__caption\">The Krasnals. Whielki Krasnal - Przepraszam\u2026 czy to prawda, \u017ce w Polsce nawet og\u00f3rek mo\u017ce zosta\u0107 prezydentem Magdalena Og\u00f3rek z cyklu Casting na Prezydenta, 2015, akryl na p\u0142\u00f3tnie, 40 x 40 cm<\/figcaption><\/figure><\/li><li class=\"blocks-gallery-item\"><figure><a href=\"https:\/\/galeriamiejska.pl\/wp-content\/uploads\/2021\/10\/377_the-krasnals-whielki-krasnal-gdzie-jest-orfeusz-jean-cocteau-edith-piaf-jerzy-grotowski-z-cyklu-goodfellas-2015-olej-na-plotnie-40-x-100-cm.jpg\"><img src=\"https:\/\/galeriamiejska.pl\/wp-content\/uploads\/2021\/10\/377_the-krasnals-whielki-krasnal-gdzie-jest-orfeusz-jean-cocteau-edith-piaf-jerzy-grotowski-z-cyklu-goodfellas-2015-olej-na-plotnie-40-x-100-cm-150x150.jpg\" alt=\"\" data-id=\"3972\" data-full-url=\"https:\/\/galeriamiejska.pl\/wp-content\/uploads\/2021\/10\/377_the-krasnals-whielki-krasnal-gdzie-jest-orfeusz-jean-cocteau-edith-piaf-jerzy-grotowski-z-cyklu-goodfellas-2015-olej-na-plotnie-40-x-100-cm.jpg\" data-link=\"https:\/\/galeriamiejska.pl\/czulem-skurcze-twojego-przelyku-the-krasnals-whielki-krasnal-4\/377_the-krasnals-whielki-krasnal-gdzie-jest-orfeusz-jean-cocteau-edith-piaf-jerzy-grotowski-z-cyklu-goodfellas-2015-olej-na-plotnie-40-x-100-cm\/\" class=\"wp-image-3972\"\/><\/a><figcaption class=\"blocks-gallery-item__caption\">The Krasnals, Whielki Krasnal - Gdzie jest Orfeusz Jean Cocteau, Edith Piaf, Jerzy Grotowski z cyklu GoodFellas, 2015, olej na p\u0142\u00f3tnie, 40 x 100 cm<\/figcaption><\/figure><\/li><li class=\"blocks-gallery-item\"><figure><a href=\"https:\/\/galeriamiejska.pl\/wp-content\/uploads\/2021\/10\/37A7461.jpg\"><img src=\"https:\/\/galeriamiejska.pl\/wp-content\/uploads\/2021\/10\/37A7461-150x150.jpg\" alt=\"\" data-id=\"3977\" data-full-url=\"https:\/\/galeriamiejska.pl\/wp-content\/uploads\/2021\/10\/37A7461.jpg\" data-link=\"https:\/\/galeriamiejska.pl\/czulem-skurcze-twojego-przelyku-the-krasnals-whielki-krasnal-4\/37a7461\/\" class=\"wp-image-3977\"\/><\/a><figcaption class=\"blocks-gallery-item__caption\">The Krasnals. Whielki Krasnal - Tajne rozmowy przyw\u00f3dc\u00f3w Polski na szczycie o polityce \u015bwiatowej, o ratowaniu \u015bwiata, o znaczeniu Polski i w og\u00f3le o gender Donald Tusk i Ewa Kopacz - z cyklu Whielcy Polacy, 2015, a<\/figcaption><\/figure><\/li><\/ul><\/figure>\n<!-- \/wp:gallery -->\n\n<!-- wp:paragraph -->\n<p><\/p>\n<!-- \/wp:paragraph -->","_pl_post_name":"czulem-skurcze-twojego-przelyku-the-krasnals-whielki-krasnal-4","_pl_post_excerpt":"Prezentacja wybranych prac anonimowych buntownik\u00f3w.","_pl_post_title":"Czu\u0142em skurcze twojego prze\u0142yku\/ The Krasnals. Whielki Krasnal","_en_post_content":"<!-- wp:paragraph -->\n<p><strong><strong>\u201eI felt crumps of your gullet. The Krasnals. Whielki Krasnal\u201d is a\u00a0title of the new exhibition made by Urban Gallery in Wroc\u0142aw from 5th of February to 12th of March 2016. It will be presentation of selected works by anonymous group of rebels, whom since 2008 contest phenomenon of contemporary art and polish daily life.<\/strong><\/strong><br><br><br><\/p>\n<!-- \/wp:paragraph -->\n\n<!-- wp:embed {\"url\":\"https:\/\/www.youtube.com\/watch?v=TPPFT1yvJvk\\u0026feature=youtu.be\",\"type\":\"video\",\"providerNameSlug\":\"youtube\",\"responsive\":true,\"className\":\"wp-embed-aspect-16-9 wp-has-aspect-ratio\"} -->\n<figure class=\"wp-block-embed is-type-video is-provider-youtube wp-block-embed-youtube wp-embed-aspect-16-9 wp-has-aspect-ratio\"><div class=\"wp-block-embed__wrapper\">\nhttps:\/\/www.youtube.com\/watch?v=TPPFT1yvJvk&amp;feature=youtu.be\n<\/div><\/figure>\n<!-- \/wp:embed -->\n\n<!-- wp:paragraph -->\n<p><br><br><br>The Krasnals\u201d group was born 1st of April 2008. Since the beginning its members are anonymous \u2013 their number is unknown. Everywhere they show up \u2013 masked \u2013 they create shock, umbrage and controversy. Some appreciate their rigidity, considering The Krasnals art like refreshing, drying influence. The others hate them. Those anonymous artists think that art world is full of hypocrisy, unhealthy rush to fame and profits, and it\u2019s also marked by bad relation between artists, curators, critics and collectors \u2013 to artists disadvantage They are objecting the ignoring of art from culture, its inaccessibility from viewers. They show their objection using simple measures, usually pictorials, often using primitive games, partisan plays and vulgarisms. Their second field of interest covers diagnosing problems of everyday and political life. Here also, everyone get owned and beaten. The Krasnals try to not leave a\u00a0spot to overthinking \u2013 \u201cheroes of our times\u201d may be identified easily. Less equivalent is reading the meaning of many paintings. Here the viewer has a\u00a0lot of freedom.<br><br><br><br><\/p>\n<!-- \/wp:paragraph -->\n\n<!-- wp:image {\"id\":1920,\"width\":661,\"height\":466,\"sizeSlug\":\"full\",\"linkDestination\":\"none\"} -->\n<figure class=\"wp-block-image size-full is-resized\"><img src=\"http:\/\/galeriamiejska.pl\/wp-content\/uploads\/2021\/01\/377_the-krasnals-whielki-krasnal-co-z-ta-polska-2015-akryl-na-plotnie-50-x-70-cm.jpg\" alt=\"\" class=\"wp-image-1920\" width=\"661\" height=\"466\"\/><figcaption><em><strong>The Krasnals. Whielki Krasnal - Co z t\u0105 Polsk\u0105..., 2015, akryl na p\u0142\u00f3tnie, 50 X 70 cm<\/strong><\/em><\/figcaption><\/figure>\n<!-- \/wp:image -->\n\n<!-- wp:paragraph -->\n<p>\u201cThey desperately fight that what makes the heaves. This whole group of shams, gabbing from others mind, emptiness of pompous figures, the moralizing scoundrels, greatness of imposters, social care by scrooges, protection of environment by poachers, controlling fluxes by pirates. What is important for them \u2013 next to the feelings \u2013 are senses and instinct. And especially integrality of attitude, harmony between life and art, beliefs and attitude\u201d \u2013 wrote Jaromir Jedli\u0144ski about The Krasnals attitude.<br><\/p>\n<!-- \/wp:paragraph -->\n\n<!-- wp:image {\"id\":1922,\"width\":660,\"height\":467,\"sizeSlug\":\"full\",\"linkDestination\":\"none\"} -->\n<figure class=\"wp-block-image size-full is-resized\"><img src=\"http:\/\/galeriamiejska.pl\/wp-content\/uploads\/2021\/01\/377_the-krasnals-whielki-krasnal-tajne-rozmowy-przywodcow-polski-na-szczycie-o-polityce-swiatowej-o-ratowaniu-swiata-o-znaczen-1.jpg\" alt=\"\" class=\"wp-image-1922\" width=\"660\" height=\"467\"\/><figcaption><em><strong>The Krasnals. Whielki Krasnal - Tajne rozmowy przyw\u00f3dc\u00f3w Polski na szczycie o polityce \u015bwiatowej, o ratowaniu \u015bwiata, o znaczeniu Polski i w og\u00f3le o gender Donald Tusk i Ewa Kopacz - z cyklu Whielcy Polacy, 2015, a<\/strong><\/em><\/figcaption><\/figure>\n<!-- \/wp:image -->\n\n<!-- wp:paragraph -->\n<p>Both presented tendencies in The Krasnals. Whielki Krasnal works will find their echo during an exhibition in Urban Gallery in Wroc\u0142aw. Exhibition will have general nature \u2013 next to known works will be showed those unseen by critics and enthusiasts. It\u2019s necessary to take with Yourself a&nbsp;little bit of perspective, humor and proclivity to reflection.<br><br>Video from the opening:<br>http:\/\/www.youtube.com\/embed\/TI7mAMF_SqI<br><br><br>Photos from the opening:<br><a href=\"https:\/\/www.facebook.com\/media\/set\/?set=a.954194807990266.1073741872.470805202995898&amp;type=3\">https:\/\/www.facebook.com\/media\/set\/?set=a.954194807990266.1073741872.470805202995898&amp;type=3<\/a><\/p>\n<!-- \/wp:paragraph -->\n\n<!-- wp:paragraph -->\n<p><br><a href=\"https:\/\/www.facebook.com\/media\/set\/?set=a.954194807990266.1073741872.470805202995898&amp;type=3\">https:\/\/www.facebook.com\/media\/set\/?set=a.954194807990266.1073741872.470805202995898&amp;type=3<\/a><br><br><strong>Photos from the opening:<\/strong><br>http:\/\/www.youtube.com\/embed\/TI7mAMF_SqI<br><\/p>\n<!-- \/wp:paragraph -->","_en_post_name":"","_en_post_excerpt":"","_en_post_title":"","edit_language":"en","footnotes":""},"categories":[6,4],"tags":[],"class_list":["post-1918","post","type-post","status-publish","format-standard","has-post-thumbnail","hentry","category-archiwalne","category-wystawy"],"yoast_head":"<!-- This site is optimized with the Yoast SEO plugin v16.8 - https:\/\/yoast.com\/wordpress\/plugins\/seo\/ -->\n<title>Czu\u0142em skurcze twojego prze\u0142yku\/ The Krasnals. Whielki Krasnal - Galeria Miejska we Wroc\u0142awiu<\/title>\n<meta name=\"robots\" content=\"index, follow, max-snippet:-1, max-image-preview:large, max-video-preview:-1\" \/>\n<link rel=\"canonical\" href=\"https:\/\/galeriamiejska.pl\/en\/czulem-skurcze-twojego-przelyku-the-krasnals-whielki-krasnal-4\/\" \/>\n<meta property=\"og:locale\" content=\"en_US\" \/>\n<meta property=\"og:type\" content=\"article\" \/>\n<meta property=\"og:title\" content=\"Czu\u0142em skurcze twojego prze\u0142yku\/ The Krasnals. Whielki Krasnal - Galeria Miejska we Wroc\u0142awiu\" \/>\n<meta property=\"og:description\" content=\"Prezentacja wybranych prac anonimowych buntownik\u00f3w.\" \/>\n<meta property=\"og:url\" content=\"https:\/\/galeriamiejska.pl\/en\/czulem-skurcze-twojego-przelyku-the-krasnals-whielki-krasnal-4\/\" \/>\n<meta property=\"og:site_name\" content=\"Galeria Miejska we Wroc\u0142awiu\" \/>\n<meta property=\"article:published_time\" content=\"2021-01-29T17:21:32+00:00\" \/>\n<meta property=\"article:modified_time\" content=\"2021-10-29T16:02:29+00:00\" \/>\n<meta property=\"og:image\" content=\"https:\/\/galeriamiejska.pl\/wp-content\/uploads\/2021\/01\/377_czulem-skurcze-twojego-przelyku-the-krasnals-whielki-krasnal.jpg\" \/>\n\t<meta property=\"og:image:width\" content=\"640\" \/>\n\t<meta property=\"og:image:height\" content=\"340\" \/>\n<meta name=\"twitter:card\" content=\"summary_large_image\" \/>\n<meta name=\"twitter:label1\" content=\"Written by\" \/>\n\t<meta name=\"twitter:data1\" content=\"admin\" \/>\n\t<meta name=\"twitter:label2\" content=\"Est. reading time\" \/>\n\t<meta name=\"twitter:data2\" content=\"6 minutes\" \/>\n<script type=\"application\/ld+json\" class=\"yoast-schema-graph\">{\"@context\":\"https:\/\/schema.org\",\"@graph\":[{\"@type\":\"WebSite\",\"@id\":\"https:\/\/galeriamiejska.pl\/en\/#website\",\"url\":\"https:\/\/galeriamiejska.pl\/en\/\",\"name\":\"Galeria Miejska we Wroc\\u0142awiu\",\"description\":\"\",\"potentialAction\":[{\"@type\":\"SearchAction\",\"target\":{\"@type\":\"EntryPoint\",\"urlTemplate\":\"https:\/\/galeriamiejska.pl\/en\/?s={search_term_string}\"},\"query-input\":\"required name=search_term_string\"}],\"inLanguage\":\"\"},{\"@type\":\"ImageObject\",\"@id\":\"https:\/\/galeriamiejska.pl\/en\/czulem-skurcze-twojego-przelyku-the-krasnals-whielki-krasnal-4\/#primaryimage\",\"inLanguage\":\"\",\"url\":\"https:\/\/galeriamiejska.pl\/wp-content\/uploads\/2021\/01\/377_czulem-skurcze-twojego-przelyku-the-krasnals-whielki-krasnal.jpg\",\"contentUrl\":\"https:\/\/galeriamiejska.pl\/wp-content\/uploads\/2021\/01\/377_czulem-skurcze-twojego-przelyku-the-krasnals-whielki-krasnal.jpg\",\"width\":640,\"height\":340},{\"@type\":\"WebPage\",\"@id\":\"https:\/\/galeriamiejska.pl\/en\/czulem-skurcze-twojego-przelyku-the-krasnals-whielki-krasnal-4\/#webpage\",\"url\":\"https:\/\/galeriamiejska.pl\/en\/czulem-skurcze-twojego-przelyku-the-krasnals-whielki-krasnal-4\/\",\"name\":\"Czu\\u0142em skurcze twojego prze\\u0142yku\/ The Krasnals. Whielki Krasnal - Galeria Miejska we Wroc\\u0142awiu\",\"isPartOf\":{\"@id\":\"https:\/\/galeriamiejska.pl\/en\/#website\"},\"primaryImageOfPage\":{\"@id\":\"https:\/\/galeriamiejska.pl\/en\/czulem-skurcze-twojego-przelyku-the-krasnals-whielki-krasnal-4\/#primaryimage\"},\"datePublished\":\"2021-01-29T17:21:32+00:00\",\"dateModified\":\"2021-10-29T16:02:29+00:00\",\"author\":{\"@id\":\"https:\/\/galeriamiejska.pl\/en\/#\/schema\/person\/cd4f04b0a13c9114f95e23b489b6f9cb\"},\"breadcrumb\":{\"@id\":\"https:\/\/galeriamiejska.pl\/en\/czulem-skurcze-twojego-przelyku-the-krasnals-whielki-krasnal-4\/#breadcrumb\"},\"inLanguage\":\"\",\"potentialAction\":[{\"@type\":\"ReadAction\",\"target\":[\"https:\/\/galeriamiejska.pl\/en\/czulem-skurcze-twojego-przelyku-the-krasnals-whielki-krasnal-4\/\"]}]},{\"@type\":\"BreadcrumbList\",\"@id\":\"https:\/\/galeriamiejska.pl\/en\/czulem-skurcze-twojego-przelyku-the-krasnals-whielki-krasnal-4\/#breadcrumb\",\"itemListElement\":[{\"@type\":\"ListItem\",\"position\":1,\"name\":\"Strona g\\u0142\\u00f3wna\",\"item\":\"https:\/\/galeriamiejska.pl\/en\/\"},{\"@type\":\"ListItem\",\"position\":2,\"name\":\"Czu\\u0142em skurcze twojego prze\\u0142yku\/ The Krasnals. Whielki Krasnal\"}]},{\"@type\":\"Person\",\"@id\":\"https:\/\/galeriamiejska.pl\/en\/#\/schema\/person\/cd4f04b0a13c9114f95e23b489b6f9cb\",\"name\":\"admin\",\"image\":{\"@type\":\"ImageObject\",\"@id\":\"https:\/\/galeriamiejska.pl\/en\/#personlogo\",\"inLanguage\":\"\",\"url\":\"https:\/\/secure.gravatar.com\/avatar\/3ded5a36984f92b80e2d99cc96780fe89cd37f7fd652108d182620efbb1566fd?s=96&d=mm&r=g\",\"contentUrl\":\"https:\/\/secure.gravatar.com\/avatar\/3ded5a36984f92b80e2d99cc96780fe89cd37f7fd652108d182620efbb1566fd?s=96&d=mm&r=g\",\"caption\":\"admin\"},\"sameAs\":[\"http:\/\/galeriamiejska.pl\"],\"url\":\"https:\/\/galeriamiejska.pl\/en\/author\/admin\/\"}]}<\/script>\n<!-- \/ Yoast SEO plugin. -->","yoast_head_json":{"title":"Czu\u0142em skurcze twojego prze\u0142yku\/ The Krasnals. Whielki Krasnal - Galeria Miejska we Wroc\u0142awiu","robots":{"index":"index","follow":"follow","max-snippet":"max-snippet:-1","max-image-preview":"max-image-preview:large","max-video-preview":"max-video-preview:-1"},"canonical":"https:\/\/galeriamiejska.pl\/en\/czulem-skurcze-twojego-przelyku-the-krasnals-whielki-krasnal-4\/","og_locale":"en_US","og_type":"article","og_title":"Czu\u0142em skurcze twojego prze\u0142yku\/ The Krasnals. Whielki Krasnal - Galeria Miejska we Wroc\u0142awiu","og_description":"Prezentacja wybranych prac anonimowych buntownik\u00f3w.","og_url":"https:\/\/galeriamiejska.pl\/en\/czulem-skurcze-twojego-przelyku-the-krasnals-whielki-krasnal-4\/","og_site_name":"Galeria Miejska we Wroc\u0142awiu","article_published_time":"2021-01-29T17:21:32+00:00","article_modified_time":"2021-10-29T16:02:29+00:00","og_image":[{"width":640,"height":340,"url":"https:\/\/galeriamiejska.pl\/wp-content\/uploads\/2021\/01\/377_czulem-skurcze-twojego-przelyku-the-krasnals-whielki-krasnal.jpg","path":"\/autoinstalator\/wordpress\/wp-content\/uploads\/2021\/01\/377_czulem-skurcze-twojego-przelyku-the-krasnals-whielki-krasnal.jpg","size":"full","id":1919,"alt":"","pixels":217600,"type":"image\/jpeg"}],"twitter_card":"summary_large_image","twitter_misc":{"Written by":"admin","Est. reading time":"6 minutes"},"schema":{"@context":"https:\/\/schema.org","@graph":[{"@type":"WebSite","@id":"https:\/\/galeriamiejska.pl\/en\/#website","url":"https:\/\/galeriamiejska.pl\/en\/","name":"Galeria Miejska we Wroc\u0142awiu","description":"","potentialAction":[{"@type":"SearchAction","target":{"@type":"EntryPoint","urlTemplate":"https:\/\/galeriamiejska.pl\/en\/?s={search_term_string}"},"query-input":"required name=search_term_string"}],"inLanguage":""},{"@type":"ImageObject","@id":"https:\/\/galeriamiejska.pl\/en\/czulem-skurcze-twojego-przelyku-the-krasnals-whielki-krasnal-4\/#primaryimage","inLanguage":"","url":"https:\/\/galeriamiejska.pl\/wp-content\/uploads\/2021\/01\/377_czulem-skurcze-twojego-przelyku-the-krasnals-whielki-krasnal.jpg","contentUrl":"https:\/\/galeriamiejska.pl\/wp-content\/uploads\/2021\/01\/377_czulem-skurcze-twojego-przelyku-the-krasnals-whielki-krasnal.jpg","width":640,"height":340},{"@type":"WebPage","@id":"https:\/\/galeriamiejska.pl\/en\/czulem-skurcze-twojego-przelyku-the-krasnals-whielki-krasnal-4\/#webpage","url":"https:\/\/galeriamiejska.pl\/en\/czulem-skurcze-twojego-przelyku-the-krasnals-whielki-krasnal-4\/","name":"Czu\u0142em skurcze twojego prze\u0142yku\/ The Krasnals. Whielki Krasnal - Galeria Miejska we Wroc\u0142awiu","isPartOf":{"@id":"https:\/\/galeriamiejska.pl\/en\/#website"},"primaryImageOfPage":{"@id":"https:\/\/galeriamiejska.pl\/en\/czulem-skurcze-twojego-przelyku-the-krasnals-whielki-krasnal-4\/#primaryimage"},"datePublished":"2021-01-29T17:21:32+00:00","dateModified":"2021-10-29T16:02:29+00:00","author":{"@id":"https:\/\/galeriamiejska.pl\/en\/#\/schema\/person\/cd4f04b0a13c9114f95e23b489b6f9cb"},"breadcrumb":{"@id":"https:\/\/galeriamiejska.pl\/en\/czulem-skurcze-twojego-przelyku-the-krasnals-whielki-krasnal-4\/#breadcrumb"},"inLanguage":"","potentialAction":[{"@type":"ReadAction","target":["https:\/\/galeriamiejska.pl\/en\/czulem-skurcze-twojego-przelyku-the-krasnals-whielki-krasnal-4\/"]}]},{"@type":"BreadcrumbList","@id":"https:\/\/galeriamiejska.pl\/en\/czulem-skurcze-twojego-przelyku-the-krasnals-whielki-krasnal-4\/#breadcrumb","itemListElement":[{"@type":"ListItem","position":1,"name":"Strona g\u0142\u00f3wna","item":"https:\/\/galeriamiejska.pl\/en\/"},{"@type":"ListItem","position":2,"name":"Czu\u0142em skurcze twojego prze\u0142yku\/ The Krasnals. Whielki Krasnal"}]},{"@type":"Person","@id":"https:\/\/galeriamiejska.pl\/en\/#\/schema\/person\/cd4f04b0a13c9114f95e23b489b6f9cb","name":"admin","image":{"@type":"ImageObject","@id":"https:\/\/galeriamiejska.pl\/en\/#personlogo","inLanguage":"","url":"https:\/\/secure.gravatar.com\/avatar\/3ded5a36984f92b80e2d99cc96780fe89cd37f7fd652108d182620efbb1566fd?s=96&d=mm&r=g","contentUrl":"https:\/\/secure.gravatar.com\/avatar\/3ded5a36984f92b80e2d99cc96780fe89cd37f7fd652108d182620efbb1566fd?s=96&d=mm&r=g","caption":"admin"},"sameAs":["http:\/\/galeriamiejska.pl"],"url":"https:\/\/galeriamiejska.pl\/en\/author\/admin\/"}]}},"_links":{"self":[{"href":"https:\/\/galeriamiejska.pl\/en\/wp-json\/wp\/v2\/posts\/1918","targetHints":{"allow":["GET"]}}],"collection":[{"href":"https:\/\/galeriamiejska.pl\/en\/wp-json\/wp\/v2\/posts"}],"about":[{"href":"https:\/\/galeriamiejska.pl\/en\/wp-json\/wp\/v2\/types\/post"}],"author":[{"embeddable":true,"href":"https:\/\/galeriamiejska.pl\/en\/wp-json\/wp\/v2\/users\/1"}],"replies":[{"embeddable":true,"href":"https:\/\/galeriamiejska.pl\/en\/wp-json\/wp\/v2\/comments?post=1918"}],"version-history":[{"count":5,"href":"https:\/\/galeriamiejska.pl\/en\/wp-json\/wp\/v2\/posts\/1918\/revisions"}],"predecessor-version":[{"id":3979,"href":"https:\/\/galeriamiejska.pl\/en\/wp-json\/wp\/v2\/posts\/1918\/revisions\/3979"}],"wp:featuredmedia":[{"embeddable":true,"href":"https:\/\/galeriamiejska.pl\/en\/wp-json\/wp\/v2\/media\/1919"}],"wp:attachment":[{"href":"https:\/\/galeriamiejska.pl\/en\/wp-json\/wp\/v2\/media?parent=1918"}],"wp:term":[{"taxonomy":"category","embeddable":true,"href":"https:\/\/galeriamiejska.pl\/en\/wp-json\/wp\/v2\/categories?post=1918"},{"taxonomy":"post_tag","embeddable":true,"href":"https:\/\/galeriamiejska.pl\/en\/wp-json\/wp\/v2\/tags?post=1918"}],"curies":[{"name":"wp","href":"https:\/\/api.w.org\/{rel}","templated":true}]}}