{"id":1883,"date":"2021-01-29T15:34:41","date_gmt":"2021-01-29T15:34:41","guid":{"rendered":"http:\/\/galeriamiejska.pl\/?p=1883"},"modified":"2021-01-29T15:34:41","modified_gmt":"2021-01-29T15:34:41","slug":"","status":"publish","type":"post","link":"https:\/\/galeriamiejska.pl\/en\/60-kultura-oprowadzanie-dla-seniorow\/","title":{"rendered":"","raw":""},"content":{"rendered":"","protected":false,"raw":""},"excerpt":{"rendered":"","protected":false,"raw":""},"author":1,"featured_media":1884,"comment_status":"open","ping_status":"open","sticky":false,"template":"","format":"standard","meta":{"_pl_post_content":"<!-- wp:paragraph -->\n<p>W ramach akcji \u201e60 + Kultura\u201d w&nbsp;dniu 27 wrze\u015bnia (pi\u0105tek) o&nbsp;godzinie 16:00 odb\u0119dzie si\u0119 bezp\u0142atne oprowadzanie po wystawie \"Ho\u0142d dla dawnych mistrz\u00f3w\".<br><br>Wystawa prezentuje dzie\u0142a spod znaku realizmu magicznego inspirowane tw\u00f3rczo\u015bci\u0105 dawnych mistrz\u00f3w (m. in. Leonarda da Vinci, Sandro Botticelliego, Gustava Klimta, Rembrandta czy Giuseppe Arcimbolda).<br><br>Oprowadza\u0107 b\u0119dzie kuratorka Galerii Miejskiej - Katarzyna Zahorska.<br><strong><br>Prosimy o&nbsp;zapisy telefoniczne (pod numerem 71 344 67 20) lub mailowo (biuro@galeriamiejska.pl) do 26.09.2019.<\/strong><br><br>Szczeg\u00f3\u0142owe informacje na temat ekspozycji: <a href=\"http:\/\/http:\/\/galeriamiejska.pl\/wystawy\/00771_hold-dla-dawnych-mistrzow\">http:\/\/galeriamiejska.pl\/wystawy\/00771_hold-dla-dawnych-mistrzow<\/a><\/p>\n<!-- \/wp:paragraph -->","_pl_post_name":"60-kultura-oprowadzanie-dla-seniorow","_pl_post_excerpt":"w dniu 27 wrze\u015bnia (pi\u0105tek) godzina 16:00 - wystawa \"Ho\u0142d dla dawnych mistrz\u00f3w\"","_pl_post_title":"60+ KULTURA oprowadzanie dla senior\u00f3w","_en_post_content":"","_en_post_name":"","_en_post_excerpt":"","_en_post_title":"","edit_language":"en","footnotes":""},"categories":[10,8],"tags":[],"class_list":["post-1883","post","type-post","status-publish","format-standard","has-post-thumbnail","hentry","category-archiwalne-wydarzenia","category-wydarzenia"],"yoast_head":"<!-- This site is optimized with the Yoast SEO plugin v16.8 - https:\/\/yoast.com\/wordpress\/plugins\/seo\/ -->\n<title>60+ KULTURA oprowadzanie dla senior\u00f3w - Galeria Miejska we Wroc\u0142awiu<\/title>\n<meta name=\"robots\" content=\"index, follow, max-snippet:-1, max-image-preview:large, max-video-preview:-1\" \/>\n<link rel=\"canonical\" href=\"https:\/\/galeriamiejska.pl\/en\/60-kultura-oprowadzanie-dla-seniorow\/\" \/>\n<meta property=\"og:locale\" content=\"en_US\" \/>\n<meta property=\"og:type\" content=\"article\" \/>\n<meta property=\"og:title\" content=\"60+ KULTURA oprowadzanie dla senior\u00f3w - Galeria Miejska we Wroc\u0142awiu\" \/>\n<meta property=\"og:description\" content=\"w dniu 27 wrze\u015bnia (pi\u0105tek) godzina 16:00 - wystawa &quot;Ho\u0142d dla dawnych mistrz\u00f3w&quot;\" \/>\n<meta property=\"og:url\" content=\"https:\/\/galeriamiejska.pl\/en\/60-kultura-oprowadzanie-dla-seniorow\/\" \/>\n<meta property=\"og:site_name\" content=\"Galeria Miejska we Wroc\u0142awiu\" \/>\n<meta property=\"article:published_time\" content=\"2021-01-29T15:34:41+00:00\" \/>\n<meta property=\"og:image\" content=\"https:\/\/galeriamiejska.pl\/wp-content\/uploads\/2021\/01\/773_noname.jpg\" \/>\n\t<meta property=\"og:image:width\" content=\"640\" \/>\n\t<meta property=\"og:image:height\" content=\"340\" \/>\n<meta name=\"twitter:card\" content=\"summary_large_image\" \/>\n<meta name=\"twitter:label1\" content=\"Written by\" \/>\n\t<meta name=\"twitter:data1\" content=\"admin\" \/>\n<script type=\"application\/ld+json\" class=\"yoast-schema-graph\">{\"@context\":\"https:\/\/schema.org\",\"@graph\":[{\"@type\":\"WebSite\",\"@id\":\"https:\/\/galeriamiejska.pl\/en\/#website\",\"url\":\"https:\/\/galeriamiejska.pl\/en\/\",\"name\":\"Galeria Miejska we Wroc\\u0142awiu\",\"description\":\"\",\"potentialAction\":[{\"@type\":\"SearchAction\",\"target\":{\"@type\":\"EntryPoint\",\"urlTemplate\":\"https:\/\/galeriamiejska.pl\/en\/?s={search_term_string}\"},\"query-input\":\"required name=search_term_string\"}],\"inLanguage\":\"\"},{\"@type\":\"ImageObject\",\"@id\":\"https:\/\/galeriamiejska.pl\/en\/60-kultura-oprowadzanie-dla-seniorow\/#primaryimage\",\"inLanguage\":\"\",\"url\":\"https:\/\/galeriamiejska.pl\/wp-content\/uploads\/2021\/01\/773_noname.jpg\",\"contentUrl\":\"https:\/\/galeriamiejska.pl\/wp-content\/uploads\/2021\/01\/773_noname.jpg\",\"width\":640,\"height\":340},{\"@type\":\"WebPage\",\"@id\":\"https:\/\/galeriamiejska.pl\/en\/60-kultura-oprowadzanie-dla-seniorow\/#webpage\",\"url\":\"https:\/\/galeriamiejska.pl\/en\/60-kultura-oprowadzanie-dla-seniorow\/\",\"name\":\"60+ KULTURA oprowadzanie dla senior\\u00f3w - Galeria Miejska we Wroc\\u0142awiu\",\"isPartOf\":{\"@id\":\"https:\/\/galeriamiejska.pl\/en\/#website\"},\"primaryImageOfPage\":{\"@id\":\"https:\/\/galeriamiejska.pl\/en\/60-kultura-oprowadzanie-dla-seniorow\/#primaryimage\"},\"datePublished\":\"2021-01-29T15:34:41+00:00\",\"dateModified\":\"2021-01-29T15:34:41+00:00\",\"author\":{\"@id\":\"https:\/\/galeriamiejska.pl\/en\/#\/schema\/person\/cd4f04b0a13c9114f95e23b489b6f9cb\"},\"breadcrumb\":{\"@id\":\"https:\/\/galeriamiejska.pl\/en\/60-kultura-oprowadzanie-dla-seniorow\/#breadcrumb\"},\"inLanguage\":\"\",\"potentialAction\":[{\"@type\":\"ReadAction\",\"target\":[\"https:\/\/galeriamiejska.pl\/en\/60-kultura-oprowadzanie-dla-seniorow\/\"]}]},{\"@type\":\"BreadcrumbList\",\"@id\":\"https:\/\/galeriamiejska.pl\/en\/60-kultura-oprowadzanie-dla-seniorow\/#breadcrumb\",\"itemListElement\":[{\"@type\":\"ListItem\",\"position\":1,\"name\":\"Strona g\\u0142\\u00f3wna\",\"item\":\"https:\/\/galeriamiejska.pl\/en\/\"},{\"@type\":\"ListItem\",\"position\":2,\"name\":\"60+ KULTURA oprowadzanie dla senior\\u00f3w\"}]},{\"@type\":\"Person\",\"@id\":\"https:\/\/galeriamiejska.pl\/en\/#\/schema\/person\/cd4f04b0a13c9114f95e23b489b6f9cb\",\"name\":\"admin\",\"image\":{\"@type\":\"ImageObject\",\"@id\":\"https:\/\/galeriamiejska.pl\/en\/#personlogo\",\"inLanguage\":\"\",\"url\":\"https:\/\/secure.gravatar.com\/avatar\/3ded5a36984f92b80e2d99cc96780fe89cd37f7fd652108d182620efbb1566fd?s=96&d=mm&r=g\",\"contentUrl\":\"https:\/\/secure.gravatar.com\/avatar\/3ded5a36984f92b80e2d99cc96780fe89cd37f7fd652108d182620efbb1566fd?s=96&d=mm&r=g\",\"caption\":\"admin\"},\"sameAs\":[\"http:\/\/galeriamiejska.pl\"],\"url\":\"https:\/\/galeriamiejska.pl\/en\/author\/admin\/\"}]}<\/script>\n<!-- \/ Yoast SEO plugin. -->","yoast_head_json":{"title":"60+ KULTURA oprowadzanie dla senior\u00f3w - Galeria Miejska we Wroc\u0142awiu","robots":{"index":"index","follow":"follow","max-snippet":"max-snippet:-1","max-image-preview":"max-image-preview:large","max-video-preview":"max-video-preview:-1"},"canonical":"https:\/\/galeriamiejska.pl\/en\/60-kultura-oprowadzanie-dla-seniorow\/","og_locale":"en_US","og_type":"article","og_title":"60+ KULTURA oprowadzanie dla senior\u00f3w - Galeria Miejska we Wroc\u0142awiu","og_description":"w dniu 27 wrze\u015bnia (pi\u0105tek) godzina 16:00 - wystawa \"Ho\u0142d dla dawnych mistrz\u00f3w\"","og_url":"https:\/\/galeriamiejska.pl\/en\/60-kultura-oprowadzanie-dla-seniorow\/","og_site_name":"Galeria Miejska we Wroc\u0142awiu","article_published_time":"2021-01-29T15:34:41+00:00","og_image":[{"width":640,"height":340,"url":"https:\/\/galeriamiejska.pl\/wp-content\/uploads\/2021\/01\/773_noname.jpg","path":"\/autoinstalator\/wordpress\/wp-content\/uploads\/2021\/01\/773_noname.jpg","size":"full","id":1884,"alt":"","pixels":217600,"type":"image\/jpeg"}],"twitter_card":"summary_large_image","twitter_misc":{"Written by":"admin"},"schema":{"@context":"https:\/\/schema.org","@graph":[{"@type":"WebSite","@id":"https:\/\/galeriamiejska.pl\/en\/#website","url":"https:\/\/galeriamiejska.pl\/en\/","name":"Galeria Miejska we Wroc\u0142awiu","description":"","potentialAction":[{"@type":"SearchAction","target":{"@type":"EntryPoint","urlTemplate":"https:\/\/galeriamiejska.pl\/en\/?s={search_term_string}"},"query-input":"required name=search_term_string"}],"inLanguage":""},{"@type":"ImageObject","@id":"https:\/\/galeriamiejska.pl\/en\/60-kultura-oprowadzanie-dla-seniorow\/#primaryimage","inLanguage":"","url":"https:\/\/galeriamiejska.pl\/wp-content\/uploads\/2021\/01\/773_noname.jpg","contentUrl":"https:\/\/galeriamiejska.pl\/wp-content\/uploads\/2021\/01\/773_noname.jpg","width":640,"height":340},{"@type":"WebPage","@id":"https:\/\/galeriamiejska.pl\/en\/60-kultura-oprowadzanie-dla-seniorow\/#webpage","url":"https:\/\/galeriamiejska.pl\/en\/60-kultura-oprowadzanie-dla-seniorow\/","name":"60+ KULTURA oprowadzanie dla senior\u00f3w - Galeria Miejska we Wroc\u0142awiu","isPartOf":{"@id":"https:\/\/galeriamiejska.pl\/en\/#website"},"primaryImageOfPage":{"@id":"https:\/\/galeriamiejska.pl\/en\/60-kultura-oprowadzanie-dla-seniorow\/#primaryimage"},"datePublished":"2021-01-29T15:34:41+00:00","dateModified":"2021-01-29T15:34:41+00:00","author":{"@id":"https:\/\/galeriamiejska.pl\/en\/#\/schema\/person\/cd4f04b0a13c9114f95e23b489b6f9cb"},"breadcrumb":{"@id":"https:\/\/galeriamiejska.pl\/en\/60-kultura-oprowadzanie-dla-seniorow\/#breadcrumb"},"inLanguage":"","potentialAction":[{"@type":"ReadAction","target":["https:\/\/galeriamiejska.pl\/en\/60-kultura-oprowadzanie-dla-seniorow\/"]}]},{"@type":"BreadcrumbList","@id":"https:\/\/galeriamiejska.pl\/en\/60-kultura-oprowadzanie-dla-seniorow\/#breadcrumb","itemListElement":[{"@type":"ListItem","position":1,"name":"Strona g\u0142\u00f3wna","item":"https:\/\/galeriamiejska.pl\/en\/"},{"@type":"ListItem","position":2,"name":"60+ KULTURA oprowadzanie dla senior\u00f3w"}]},{"@type":"Person","@id":"https:\/\/galeriamiejska.pl\/en\/#\/schema\/person\/cd4f04b0a13c9114f95e23b489b6f9cb","name":"admin","image":{"@type":"ImageObject","@id":"https:\/\/galeriamiejska.pl\/en\/#personlogo","inLanguage":"","url":"https:\/\/secure.gravatar.com\/avatar\/3ded5a36984f92b80e2d99cc96780fe89cd37f7fd652108d182620efbb1566fd?s=96&d=mm&r=g","contentUrl":"https:\/\/secure.gravatar.com\/avatar\/3ded5a36984f92b80e2d99cc96780fe89cd37f7fd652108d182620efbb1566fd?s=96&d=mm&r=g","caption":"admin"},"sameAs":["http:\/\/galeriamiejska.pl"],"url":"https:\/\/galeriamiejska.pl\/en\/author\/admin\/"}]}},"_links":{"self":[{"href":"https:\/\/galeriamiejska.pl\/en\/wp-json\/wp\/v2\/posts\/1883","targetHints":{"allow":["GET"]}}],"collection":[{"href":"https:\/\/galeriamiejska.pl\/en\/wp-json\/wp\/v2\/posts"}],"about":[{"href":"https:\/\/galeriamiejska.pl\/en\/wp-json\/wp\/v2\/types\/post"}],"author":[{"embeddable":true,"href":"https:\/\/galeriamiejska.pl\/en\/wp-json\/wp\/v2\/users\/1"}],"replies":[{"embeddable":true,"href":"https:\/\/galeriamiejska.pl\/en\/wp-json\/wp\/v2\/comments?post=1883"}],"version-history":[{"count":3,"href":"https:\/\/galeriamiejska.pl\/en\/wp-json\/wp\/v2\/posts\/1883\/revisions"}],"predecessor-version":[{"id":1887,"href":"https:\/\/galeriamiejska.pl\/en\/wp-json\/wp\/v2\/posts\/1883\/revisions\/1887"}],"wp:featuredmedia":[{"embeddable":true,"href":"https:\/\/galeriamiejska.pl\/en\/wp-json\/wp\/v2\/media\/1884"}],"wp:attachment":[{"href":"https:\/\/galeriamiejska.pl\/en\/wp-json\/wp\/v2\/media?parent=1883"}],"wp:term":[{"taxonomy":"category","embeddable":true,"href":"https:\/\/galeriamiejska.pl\/en\/wp-json\/wp\/v2\/categories?post=1883"},{"taxonomy":"post_tag","embeddable":true,"href":"https:\/\/galeriamiejska.pl\/en\/wp-json\/wp\/v2\/tags?post=1883"}],"curies":[{"name":"wp","href":"https:\/\/api.w.org\/{rel}","templated":true}]}}