{"id":1876,"date":"2021-01-29T15:22:32","date_gmt":"2021-01-29T15:22:32","guid":{"rendered":"http:\/\/galeriamiejska.pl\/?p=1876"},"modified":"2021-12-07T09:39:59","modified_gmt":"2021-12-07T09:39:59","slug":"","status":"publish","type":"post","link":"https:\/\/galeriamiejska.pl\/en\/callimpsest\/","title":{"rendered":"","raw":""},"content":{"rendered":"","protected":false,"raw":""},"excerpt":{"rendered":"","protected":false,"raw":""},"author":1,"featured_media":1877,"comment_status":"open","ping_status":"open","sticky":false,"template":"","format":"standard","meta":{"_pl_post_content":"<!-- wp:paragraph -->\n<p><strong>Marcelina Gro\u0144 ( ur.1990 ) wroc\u0142awska malarka, mimo m\u0142odego wieku (dyplom uko\u0144czenia wroc\u0142awskiej Akademii Sztuk Pi\u0119knych w&nbsp;2014 roku) ma ju\u017c za sob\u0105 imponuj\u0105cy dorobek 13 wystaw indywidualnych, 88 wystaw zbiorowych w&nbsp;kraju i&nbsp;za granic\u0105, a&nbsp;tak\u017ce liczne stypendia i&nbsp;nagrody.<\/strong><br><br><\/p>\n<!-- \/wp:paragraph -->\n\n<!-- wp:image {\"id\":1878,\"width\":661,\"height\":336,\"sizeSlug\":\"full\",\"linkDestination\":\"none\"} -->\n<figure class=\"wp-block-image size-full is-resized\"><img src=\"https:\/\/galeriamiejska.pl\/wp-content\/uploads\/2021\/01\/755_soil-under-the-sole-2017-akryl-na-plotnie180x360cm-dyptyk.jpg\" alt=\"\" class=\"wp-image-1878\" width=\"661\" height=\"336\"\/><figcaption><em><strong>Soil under the sole, 2017, akryl na p\u0142\u00f3tnie,180x360cm, dyptyk<\/strong><\/em><\/figcaption><\/figure>\n<!-- \/wp:image -->\n\n<!-- wp:paragraph -->\n<p>Wystawa \u201eCallimpsest\u201d prezentowana w&nbsp;galerii Instytutu Polskiego w&nbsp;Bratys\u0142awie jest o&nbsp;tyle szczeg\u00f3lna, \u017ce stanowi cz\u0119\u015b\u0107 doktoratu na wroc\u0142awskiej ASP, a&nbsp;tym samym pr\u00f3cz wystawianych dzie\u0142 towarzyszy jej dysertacja \u201eNieczytelno\u015b\u0107, intertekstualno\u015b\u0107 w&nbsp;sztuce\u201d, kt\u00f3ra ods\u0142ania filozoficzn\u0105 i&nbsp;artystyczn\u0105 refleksj\u0119 stanowi\u0105c\u0105 analityczne t\u0142o pokazanych dzie\u0142. Co wi\u0119cej od czasu dyplomu wida\u0107, jak pog\u0142\u0119bia i&nbsp;rozszerza si\u0119 artystyczna samo\u015bwiadomo\u015b\u0107, zar\u00f3wno w&nbsp;tworzeniu formy, jak i&nbsp;zakresu filozoficznych zainteresowa\u0144 autorki.<br><br>Na indywidualnej ekspozycji Marceliny Gro\u0144 \u201eCallimpsest\u201d, kt\u00f3ra potrwa od 7 do 28 maja prezentowane b\u0119dzie malarstwo po\u0142\u0105czone z&nbsp;(charakterystycznymi dla Artystki) elementami graffiti.<br><\/p>\n<!-- \/wp:paragraph -->\n\n<!-- wp:image {\"id\":1879,\"width\":660,\"height\":627,\"sizeSlug\":\"full\",\"linkDestination\":\"none\"} -->\n<figure class=\"wp-block-image size-full is-resized\"><img src=\"https:\/\/galeriamiejska.pl\/wp-content\/uploads\/2021\/01\/755_wyspa-akryl-na-plotnie-2014-190x200cm.jpg\" alt=\"\" class=\"wp-image-1879\" width=\"660\" height=\"627\"\/><figcaption><em><strong>Wyspa, akryl na p\u0142\u00f3tnie, 2014, 190x200cm<\/strong><\/em><\/figcaption><\/figure>\n<!-- \/wp:image -->\n\n<!-- wp:paragraph -->\n<p>Komplementarno\u015b\u0107 pisma wobec przedstawie\u0144 malarskich Autorka komentuje: \u201eznaki zapisane na moich obrazach nie pr\u00f3buj\u0105 wprowadzi\u0107 obcego porz\u0105dku, ale przybli\u017cy\u0107 odbiorcy przedstawione na obrazach postaci. Spos\u00f3b w&nbsp;jaki buduj\u0119 je na p\u0142\u00f3tnie s\u0142u\u017cy pog\u0142\u0119bieniu intymnego profilu postaci, pozwala lepiej zbada\u0107 ich charakter, zbli\u017cy\u0107 si\u0119 do cia\u0142a jako przeka\u017anika my\u015bli i&nbsp;emocji\u201d.<br><br>Kuratorem ekspozycji jest Miros\u0142aw Jasi\u0144ski.<br><\/p>\n<!-- \/wp:paragraph -->","_pl_post_name":"callimpsest","_pl_post_excerpt":"wystawa Marceliny Gro\u0144 w Instytucie Polskim w Bratys\u0142awie","_pl_post_title":"Callimpsest","_en_post_content":"","_en_post_name":"","_en_post_excerpt":"","_en_post_title":"","edit_language":"en","footnotes":""},"categories":[10,8],"tags":[],"class_list":["post-1876","post","type-post","status-publish","format-standard","has-post-thumbnail","hentry","category-archiwalne-wydarzenia","category-wydarzenia"],"yoast_head":"<!-- This site is optimized with the Yoast SEO plugin v16.8 - https:\/\/yoast.com\/wordpress\/plugins\/seo\/ -->\n<title>Callimpsest - Galeria Miejska we Wroc\u0142awiu<\/title>\n<meta name=\"robots\" content=\"index, follow, max-snippet:-1, max-image-preview:large, max-video-preview:-1\" \/>\n<link rel=\"canonical\" href=\"https:\/\/galeriamiejska.pl\/en\/callimpsest\/\" \/>\n<meta property=\"og:locale\" content=\"en_US\" \/>\n<meta property=\"og:type\" content=\"article\" \/>\n<meta property=\"og:title\" content=\"Callimpsest - Galeria Miejska we Wroc\u0142awiu\" \/>\n<meta property=\"og:description\" content=\"wystawa Marceliny Gro\u0144 w Instytucie Polskim w Bratys\u0142awie\" \/>\n<meta property=\"og:url\" content=\"https:\/\/galeriamiejska.pl\/en\/callimpsest\/\" \/>\n<meta property=\"og:site_name\" content=\"Galeria Miejska we Wroc\u0142awiu\" \/>\n<meta property=\"article:published_time\" content=\"2021-01-29T15:22:32+00:00\" \/>\n<meta property=\"article:modified_time\" content=\"2021-12-07T09:39:59+00:00\" \/>\n<meta property=\"og:image\" content=\"https:\/\/galeriamiejska.pl\/wp-content\/uploads\/2021\/01\/755_wystawa-marceliny-gron.jpg\" \/>\n\t<meta property=\"og:image:width\" content=\"640\" \/>\n\t<meta property=\"og:image:height\" content=\"340\" \/>\n<meta name=\"twitter:card\" content=\"summary_large_image\" \/>\n<meta name=\"twitter:label1\" content=\"Written by\" \/>\n\t<meta name=\"twitter:data1\" content=\"admin\" \/>\n\t<meta name=\"twitter:label2\" content=\"Est. reading time\" \/>\n\t<meta name=\"twitter:data2\" content=\"2 minutes\" \/>\n<script type=\"application\/ld+json\" class=\"yoast-schema-graph\">{\"@context\":\"https:\/\/schema.org\",\"@graph\":[{\"@type\":\"WebSite\",\"@id\":\"https:\/\/galeriamiejska.pl\/en\/#website\",\"url\":\"https:\/\/galeriamiejska.pl\/en\/\",\"name\":\"Galeria Miejska we Wroc\\u0142awiu\",\"description\":\"\",\"potentialAction\":[{\"@type\":\"SearchAction\",\"target\":{\"@type\":\"EntryPoint\",\"urlTemplate\":\"https:\/\/galeriamiejska.pl\/en\/?s={search_term_string}\"},\"query-input\":\"required name=search_term_string\"}],\"inLanguage\":\"\"},{\"@type\":\"ImageObject\",\"@id\":\"https:\/\/galeriamiejska.pl\/en\/callimpsest\/#primaryimage\",\"inLanguage\":\"\",\"url\":\"https:\/\/galeriamiejska.pl\/wp-content\/uploads\/2021\/01\/755_wystawa-marceliny-gron.jpg\",\"contentUrl\":\"https:\/\/galeriamiejska.pl\/wp-content\/uploads\/2021\/01\/755_wystawa-marceliny-gron.jpg\",\"width\":640,\"height\":340},{\"@type\":\"WebPage\",\"@id\":\"https:\/\/galeriamiejska.pl\/en\/callimpsest\/#webpage\",\"url\":\"https:\/\/galeriamiejska.pl\/en\/callimpsest\/\",\"name\":\"Callimpsest - Galeria Miejska we Wroc\\u0142awiu\",\"isPartOf\":{\"@id\":\"https:\/\/galeriamiejska.pl\/en\/#website\"},\"primaryImageOfPage\":{\"@id\":\"https:\/\/galeriamiejska.pl\/en\/callimpsest\/#primaryimage\"},\"datePublished\":\"2021-01-29T15:22:32+00:00\",\"dateModified\":\"2021-12-07T09:39:59+00:00\",\"author\":{\"@id\":\"https:\/\/galeriamiejska.pl\/en\/#\/schema\/person\/cd4f04b0a13c9114f95e23b489b6f9cb\"},\"breadcrumb\":{\"@id\":\"https:\/\/galeriamiejska.pl\/en\/callimpsest\/#breadcrumb\"},\"inLanguage\":\"\",\"potentialAction\":[{\"@type\":\"ReadAction\",\"target\":[\"https:\/\/galeriamiejska.pl\/en\/callimpsest\/\"]}]},{\"@type\":\"BreadcrumbList\",\"@id\":\"https:\/\/galeriamiejska.pl\/en\/callimpsest\/#breadcrumb\",\"itemListElement\":[{\"@type\":\"ListItem\",\"position\":1,\"name\":\"Strona g\\u0142\\u00f3wna\",\"item\":\"https:\/\/galeriamiejska.pl\/en\/\"},{\"@type\":\"ListItem\",\"position\":2,\"name\":\"Callimpsest\"}]},{\"@type\":\"Person\",\"@id\":\"https:\/\/galeriamiejska.pl\/en\/#\/schema\/person\/cd4f04b0a13c9114f95e23b489b6f9cb\",\"name\":\"admin\",\"image\":{\"@type\":\"ImageObject\",\"@id\":\"https:\/\/galeriamiejska.pl\/en\/#personlogo\",\"inLanguage\":\"\",\"url\":\"https:\/\/secure.gravatar.com\/avatar\/3ded5a36984f92b80e2d99cc96780fe89cd37f7fd652108d182620efbb1566fd?s=96&d=mm&r=g\",\"contentUrl\":\"https:\/\/secure.gravatar.com\/avatar\/3ded5a36984f92b80e2d99cc96780fe89cd37f7fd652108d182620efbb1566fd?s=96&d=mm&r=g\",\"caption\":\"admin\"},\"sameAs\":[\"http:\/\/galeriamiejska.pl\"],\"url\":\"https:\/\/galeriamiejska.pl\/en\/author\/admin\/\"}]}<\/script>\n<!-- \/ Yoast SEO plugin. -->","yoast_head_json":{"title":"Callimpsest - Galeria Miejska we Wroc\u0142awiu","robots":{"index":"index","follow":"follow","max-snippet":"max-snippet:-1","max-image-preview":"max-image-preview:large","max-video-preview":"max-video-preview:-1"},"canonical":"https:\/\/galeriamiejska.pl\/en\/callimpsest\/","og_locale":"en_US","og_type":"article","og_title":"Callimpsest - Galeria Miejska we Wroc\u0142awiu","og_description":"wystawa Marceliny Gro\u0144 w Instytucie Polskim w Bratys\u0142awie","og_url":"https:\/\/galeriamiejska.pl\/en\/callimpsest\/","og_site_name":"Galeria Miejska we Wroc\u0142awiu","article_published_time":"2021-01-29T15:22:32+00:00","article_modified_time":"2021-12-07T09:39:59+00:00","og_image":[{"width":640,"height":340,"url":"https:\/\/galeriamiejska.pl\/wp-content\/uploads\/2021\/01\/755_wystawa-marceliny-gron.jpg","path":"\/autoinstalator\/wordpress\/wp-content\/uploads\/2021\/01\/755_wystawa-marceliny-gron.jpg","size":"full","id":1877,"alt":"","pixels":217600,"type":"image\/jpeg"}],"twitter_card":"summary_large_image","twitter_misc":{"Written by":"admin","Est. reading time":"2 minutes"},"schema":{"@context":"https:\/\/schema.org","@graph":[{"@type":"WebSite","@id":"https:\/\/galeriamiejska.pl\/en\/#website","url":"https:\/\/galeriamiejska.pl\/en\/","name":"Galeria Miejska we Wroc\u0142awiu","description":"","potentialAction":[{"@type":"SearchAction","target":{"@type":"EntryPoint","urlTemplate":"https:\/\/galeriamiejska.pl\/en\/?s={search_term_string}"},"query-input":"required name=search_term_string"}],"inLanguage":""},{"@type":"ImageObject","@id":"https:\/\/galeriamiejska.pl\/en\/callimpsest\/#primaryimage","inLanguage":"","url":"https:\/\/galeriamiejska.pl\/wp-content\/uploads\/2021\/01\/755_wystawa-marceliny-gron.jpg","contentUrl":"https:\/\/galeriamiejska.pl\/wp-content\/uploads\/2021\/01\/755_wystawa-marceliny-gron.jpg","width":640,"height":340},{"@type":"WebPage","@id":"https:\/\/galeriamiejska.pl\/en\/callimpsest\/#webpage","url":"https:\/\/galeriamiejska.pl\/en\/callimpsest\/","name":"Callimpsest - Galeria Miejska we Wroc\u0142awiu","isPartOf":{"@id":"https:\/\/galeriamiejska.pl\/en\/#website"},"primaryImageOfPage":{"@id":"https:\/\/galeriamiejska.pl\/en\/callimpsest\/#primaryimage"},"datePublished":"2021-01-29T15:22:32+00:00","dateModified":"2021-12-07T09:39:59+00:00","author":{"@id":"https:\/\/galeriamiejska.pl\/en\/#\/schema\/person\/cd4f04b0a13c9114f95e23b489b6f9cb"},"breadcrumb":{"@id":"https:\/\/galeriamiejska.pl\/en\/callimpsest\/#breadcrumb"},"inLanguage":"","potentialAction":[{"@type":"ReadAction","target":["https:\/\/galeriamiejska.pl\/en\/callimpsest\/"]}]},{"@type":"BreadcrumbList","@id":"https:\/\/galeriamiejska.pl\/en\/callimpsest\/#breadcrumb","itemListElement":[{"@type":"ListItem","position":1,"name":"Strona g\u0142\u00f3wna","item":"https:\/\/galeriamiejska.pl\/en\/"},{"@type":"ListItem","position":2,"name":"Callimpsest"}]},{"@type":"Person","@id":"https:\/\/galeriamiejska.pl\/en\/#\/schema\/person\/cd4f04b0a13c9114f95e23b489b6f9cb","name":"admin","image":{"@type":"ImageObject","@id":"https:\/\/galeriamiejska.pl\/en\/#personlogo","inLanguage":"","url":"https:\/\/secure.gravatar.com\/avatar\/3ded5a36984f92b80e2d99cc96780fe89cd37f7fd652108d182620efbb1566fd?s=96&d=mm&r=g","contentUrl":"https:\/\/secure.gravatar.com\/avatar\/3ded5a36984f92b80e2d99cc96780fe89cd37f7fd652108d182620efbb1566fd?s=96&d=mm&r=g","caption":"admin"},"sameAs":["http:\/\/galeriamiejska.pl"],"url":"https:\/\/galeriamiejska.pl\/en\/author\/admin\/"}]}},"_links":{"self":[{"href":"https:\/\/galeriamiejska.pl\/en\/wp-json\/wp\/v2\/posts\/1876","targetHints":{"allow":["GET"]}}],"collection":[{"href":"https:\/\/galeriamiejska.pl\/en\/wp-json\/wp\/v2\/posts"}],"about":[{"href":"https:\/\/galeriamiejska.pl\/en\/wp-json\/wp\/v2\/types\/post"}],"author":[{"embeddable":true,"href":"https:\/\/galeriamiejska.pl\/en\/wp-json\/wp\/v2\/users\/1"}],"replies":[{"embeddable":true,"href":"https:\/\/galeriamiejska.pl\/en\/wp-json\/wp\/v2\/comments?post=1876"}],"version-history":[{"count":3,"href":"https:\/\/galeriamiejska.pl\/en\/wp-json\/wp\/v2\/posts\/1876\/revisions"}],"predecessor-version":[{"id":4639,"href":"https:\/\/galeriamiejska.pl\/en\/wp-json\/wp\/v2\/posts\/1876\/revisions\/4639"}],"wp:featuredmedia":[{"embeddable":true,"href":"https:\/\/galeriamiejska.pl\/en\/wp-json\/wp\/v2\/media\/1877"}],"wp:attachment":[{"href":"https:\/\/galeriamiejska.pl\/en\/wp-json\/wp\/v2\/media?parent=1876"}],"wp:term":[{"taxonomy":"category","embeddable":true,"href":"https:\/\/galeriamiejska.pl\/en\/wp-json\/wp\/v2\/categories?post=1876"},{"taxonomy":"post_tag","embeddable":true,"href":"https:\/\/galeriamiejska.pl\/en\/wp-json\/wp\/v2\/tags?post=1876"}],"curies":[{"name":"wp","href":"https:\/\/api.w.org\/{rel}","templated":true}]}}