{"id":1862,"date":"2021-01-29T15:18:46","date_gmt":"2021-01-29T15:18:46","guid":{"rendered":"http:\/\/galeriamiejska.pl\/?p=1862"},"modified":"2021-12-07T09:44:12","modified_gmt":"2021-12-07T09:44:12","slug":"","status":"publish","type":"post","link":"https:\/\/galeriamiejska.pl\/en\/premiera-katalogu\/","title":{"rendered":"","raw":""},"content":{"rendered":"","protected":false,"raw":""},"excerpt":{"rendered":"","protected":false,"raw":""},"author":1,"featured_media":1863,"comment_status":"open","ping_status":"open","sticky":false,"template":"","format":"standard","meta":{"_pl_post_content":"<!-- wp:paragraph -->\n<p><strong>19 lipca 2018, o&nbsp;godzinie 18:00 odb\u0119dzie si\u0119 premiera katalogu wystawy TOKSYCZNY LIZAK.<\/strong><br><br>Podczas wydarzenia zostanie zaprezentowany prawie stu stronicowy katalog projektu Marty Kubiak. Wydawnictwo b\u0119dzie zawiera\u0107 teksty krytyczne Miros\u0142awa Jasi\u0144skiego - kuratora wystawy oraz historyka sztuki Katarzyny Zahorskiej.<br><br>Uzupe\u0142nieniem katalogu jest fotodokumentacja ekspozycji prezentowanej w&nbsp;Galerii Miejskiej i&nbsp;fotografie detali dzie\u0142 ET BER Warlikowskiej.<br><br>Premierze katalogu towarzyszy\u0107 b\u0119dzie akcja artystyczna Ma\u0142gorzaty ET BER Warlikowskiej.<br><br>Serdecznie zapraszamy.<br><strong>19 lipca, czwartek, godzina 18:00<\/strong><br>Wst\u0119p bezp\u0142atny.<\/p>\n<!-- \/wp:paragraph -->\n\n<!-- wp:image {\"id\":4640,\"width\":848,\"height\":1200,\"sizeSlug\":\"full\",\"linkDestination\":\"none\"} -->\n<figure class=\"wp-block-image size-full is-resized\"><img src=\"https:\/\/galeriamiejska.pl\/wp-content\/uploads\/2021\/12\/693_katalog-wystawy-toksyczny-lizak.jpg\" alt=\"\" class=\"wp-image-4640\" width=\"848\" height=\"1200\"\/><figcaption><em><strong>katalog wystawy TOKSYCZNY LIZAK<\/strong><\/em><\/figcaption><\/figure>\n<!-- \/wp:image -->\n\n<!-- wp:paragraph -->\n<p><\/p>\n<!-- \/wp:paragraph -->\n\n<!-- wp:gallery {\"ids\":[4640,4642],\"linkTo\":\"file\"} -->\n<figure class=\"wp-block-gallery columns-2 is-cropped\"><ul class=\"blocks-gallery-grid\"><li class=\"blocks-gallery-item\"><figure><a href=\"https:\/\/galeriamiejska.pl\/wp-content\/uploads\/2021\/12\/693_katalog-wystawy-toksyczny-lizak.jpg\"><img src=\"https:\/\/galeriamiejska.pl\/wp-content\/uploads\/2021\/12\/693_katalog-wystawy-toksyczny-lizak-724x1024.jpg\" alt=\"\" data-id=\"4640\" data-full-url=\"https:\/\/galeriamiejska.pl\/wp-content\/uploads\/2021\/12\/693_katalog-wystawy-toksyczny-lizak.jpg\" data-link=\"https:\/\/galeriamiejska.pl\/premiera-katalogu\/693_katalog-wystawy-toksyczny-lizak-2\/\" class=\"wp-image-4640\"\/><\/a><figcaption class=\"blocks-gallery-item__caption\"><em><strong>katalog wystawy TOKSYCZNY LIZAK<\/strong><\/em> prz\u00f3d<\/figcaption><\/figure><\/li><li class=\"blocks-gallery-item\"><figure><a href=\"https:\/\/galeriamiejska.pl\/wp-content\/uploads\/2021\/01\/693_1_katalog-wystawy-toksyczny-lizak.jpg\"><img src=\"https:\/\/galeriamiejska.pl\/wp-content\/uploads\/2021\/01\/693_1_katalog-wystawy-toksyczny-lizak.jpg\" alt=\"\" data-id=\"4642\" data-full-url=\"https:\/\/galeriamiejska.pl\/wp-content\/uploads\/2021\/01\/693_1_katalog-wystawy-toksyczny-lizak.jpg\" data-link=\"https:\/\/galeriamiejska.pl\/premiera-katalogu\/693_1_katalog-wystawy-toksyczny-lizak\/\" class=\"wp-image-4642\"\/><\/a><figcaption class=\"blocks-gallery-item__caption\">katalog wystawy TOKSYCZNY LIZAK ty\u0142 <\/figcaption><\/figure><\/li><\/ul><\/figure>\n<!-- \/wp:gallery -->","_pl_post_name":"premiera-katalogu","_pl_post_excerpt":"wystawy TOKSYCZNY LIZAK Ma\u0142gorzaty ET BER Warlikowskiej","_pl_post_title":"Premiera katalogu","_en_post_content":"","_en_post_name":"","_en_post_excerpt":"","_en_post_title":"","edit_language":"en","footnotes":""},"categories":[10,8],"tags":[],"class_list":["post-1862","post","type-post","status-publish","format-standard","has-post-thumbnail","hentry","category-archiwalne-wydarzenia","category-wydarzenia"],"yoast_head":"<!-- This site is optimized with the Yoast SEO plugin v16.8 - https:\/\/yoast.com\/wordpress\/plugins\/seo\/ -->\n<title>Premiera katalogu - Galeria Miejska we Wroc\u0142awiu<\/title>\n<meta name=\"robots\" content=\"index, follow, max-snippet:-1, max-image-preview:large, max-video-preview:-1\" \/>\n<link rel=\"canonical\" href=\"https:\/\/galeriamiejska.pl\/en\/premiera-katalogu\/\" \/>\n<meta property=\"og:locale\" content=\"en_US\" \/>\n<meta property=\"og:type\" content=\"article\" \/>\n<meta property=\"og:title\" content=\"Premiera katalogu - Galeria Miejska we Wroc\u0142awiu\" \/>\n<meta property=\"og:description\" content=\"wystawy TOKSYCZNY LIZAK Ma\u0142gorzaty ET BER Warlikowskiej\" \/>\n<meta property=\"og:url\" content=\"https:\/\/galeriamiejska.pl\/en\/premiera-katalogu\/\" \/>\n<meta property=\"og:site_name\" content=\"Galeria Miejska we Wroc\u0142awiu\" \/>\n<meta property=\"article:published_time\" content=\"2021-01-29T15:18:46+00:00\" \/>\n<meta property=\"article:modified_time\" content=\"2021-12-07T09:44:12+00:00\" \/>\n<meta property=\"og:image\" content=\"https:\/\/galeriamiejska.pl\/wp-content\/uploads\/2021\/01\/693_toksyczny-lizak.jpg\" \/>\n\t<meta property=\"og:image:width\" content=\"640\" \/>\n\t<meta property=\"og:image:height\" content=\"340\" \/>\n<meta name=\"twitter:card\" content=\"summary_large_image\" \/>\n<meta name=\"twitter:label1\" content=\"Written by\" \/>\n\t<meta name=\"twitter:data1\" content=\"admin\" \/>\n\t<meta name=\"twitter:label2\" content=\"Est. reading time\" \/>\n\t<meta name=\"twitter:data2\" content=\"1 minute\" \/>\n<script type=\"application\/ld+json\" class=\"yoast-schema-graph\">{\"@context\":\"https:\/\/schema.org\",\"@graph\":[{\"@type\":\"WebSite\",\"@id\":\"https:\/\/galeriamiejska.pl\/en\/#website\",\"url\":\"https:\/\/galeriamiejska.pl\/en\/\",\"name\":\"Galeria Miejska we Wroc\\u0142awiu\",\"description\":\"\",\"potentialAction\":[{\"@type\":\"SearchAction\",\"target\":{\"@type\":\"EntryPoint\",\"urlTemplate\":\"https:\/\/galeriamiejska.pl\/en\/?s={search_term_string}\"},\"query-input\":\"required name=search_term_string\"}],\"inLanguage\":\"\"},{\"@type\":\"ImageObject\",\"@id\":\"https:\/\/galeriamiejska.pl\/en\/premiera-katalogu\/#primaryimage\",\"inLanguage\":\"\",\"url\":\"https:\/\/galeriamiejska.pl\/wp-content\/uploads\/2021\/01\/693_toksyczny-lizak.jpg\",\"contentUrl\":\"https:\/\/galeriamiejska.pl\/wp-content\/uploads\/2021\/01\/693_toksyczny-lizak.jpg\",\"width\":640,\"height\":340},{\"@type\":\"WebPage\",\"@id\":\"https:\/\/galeriamiejska.pl\/en\/premiera-katalogu\/#webpage\",\"url\":\"https:\/\/galeriamiejska.pl\/en\/premiera-katalogu\/\",\"name\":\"Premiera katalogu - Galeria Miejska we Wroc\\u0142awiu\",\"isPartOf\":{\"@id\":\"https:\/\/galeriamiejska.pl\/en\/#website\"},\"primaryImageOfPage\":{\"@id\":\"https:\/\/galeriamiejska.pl\/en\/premiera-katalogu\/#primaryimage\"},\"datePublished\":\"2021-01-29T15:18:46+00:00\",\"dateModified\":\"2021-12-07T09:44:12+00:00\",\"author\":{\"@id\":\"https:\/\/galeriamiejska.pl\/en\/#\/schema\/person\/cd4f04b0a13c9114f95e23b489b6f9cb\"},\"breadcrumb\":{\"@id\":\"https:\/\/galeriamiejska.pl\/en\/premiera-katalogu\/#breadcrumb\"},\"inLanguage\":\"\",\"potentialAction\":[{\"@type\":\"ReadAction\",\"target\":[\"https:\/\/galeriamiejska.pl\/en\/premiera-katalogu\/\"]}]},{\"@type\":\"BreadcrumbList\",\"@id\":\"https:\/\/galeriamiejska.pl\/en\/premiera-katalogu\/#breadcrumb\",\"itemListElement\":[{\"@type\":\"ListItem\",\"position\":1,\"name\":\"Strona g\\u0142\\u00f3wna\",\"item\":\"https:\/\/galeriamiejska.pl\/en\/\"},{\"@type\":\"ListItem\",\"position\":2,\"name\":\"Premiera katalogu\"}]},{\"@type\":\"Person\",\"@id\":\"https:\/\/galeriamiejska.pl\/en\/#\/schema\/person\/cd4f04b0a13c9114f95e23b489b6f9cb\",\"name\":\"admin\",\"image\":{\"@type\":\"ImageObject\",\"@id\":\"https:\/\/galeriamiejska.pl\/en\/#personlogo\",\"inLanguage\":\"\",\"url\":\"https:\/\/secure.gravatar.com\/avatar\/3ded5a36984f92b80e2d99cc96780fe89cd37f7fd652108d182620efbb1566fd?s=96&d=mm&r=g\",\"contentUrl\":\"https:\/\/secure.gravatar.com\/avatar\/3ded5a36984f92b80e2d99cc96780fe89cd37f7fd652108d182620efbb1566fd?s=96&d=mm&r=g\",\"caption\":\"admin\"},\"sameAs\":[\"http:\/\/galeriamiejska.pl\"],\"url\":\"https:\/\/galeriamiejska.pl\/en\/author\/admin\/\"}]}<\/script>\n<!-- \/ Yoast SEO plugin. -->","yoast_head_json":{"title":"Premiera katalogu - Galeria Miejska we Wroc\u0142awiu","robots":{"index":"index","follow":"follow","max-snippet":"max-snippet:-1","max-image-preview":"max-image-preview:large","max-video-preview":"max-video-preview:-1"},"canonical":"https:\/\/galeriamiejska.pl\/en\/premiera-katalogu\/","og_locale":"en_US","og_type":"article","og_title":"Premiera katalogu - Galeria Miejska we Wroc\u0142awiu","og_description":"wystawy TOKSYCZNY LIZAK Ma\u0142gorzaty ET BER Warlikowskiej","og_url":"https:\/\/galeriamiejska.pl\/en\/premiera-katalogu\/","og_site_name":"Galeria Miejska we Wroc\u0142awiu","article_published_time":"2021-01-29T15:18:46+00:00","article_modified_time":"2021-12-07T09:44:12+00:00","og_image":[{"width":640,"height":340,"url":"https:\/\/galeriamiejska.pl\/wp-content\/uploads\/2021\/01\/693_toksyczny-lizak.jpg","path":"\/autoinstalator\/wordpress\/wp-content\/uploads\/2021\/01\/693_toksyczny-lizak.jpg","size":"full","id":1863,"alt":"","pixels":217600,"type":"image\/jpeg"}],"twitter_card":"summary_large_image","twitter_misc":{"Written by":"admin","Est. reading time":"1 minute"},"schema":{"@context":"https:\/\/schema.org","@graph":[{"@type":"WebSite","@id":"https:\/\/galeriamiejska.pl\/en\/#website","url":"https:\/\/galeriamiejska.pl\/en\/","name":"Galeria Miejska we Wroc\u0142awiu","description":"","potentialAction":[{"@type":"SearchAction","target":{"@type":"EntryPoint","urlTemplate":"https:\/\/galeriamiejska.pl\/en\/?s={search_term_string}"},"query-input":"required name=search_term_string"}],"inLanguage":""},{"@type":"ImageObject","@id":"https:\/\/galeriamiejska.pl\/en\/premiera-katalogu\/#primaryimage","inLanguage":"","url":"https:\/\/galeriamiejska.pl\/wp-content\/uploads\/2021\/01\/693_toksyczny-lizak.jpg","contentUrl":"https:\/\/galeriamiejska.pl\/wp-content\/uploads\/2021\/01\/693_toksyczny-lizak.jpg","width":640,"height":340},{"@type":"WebPage","@id":"https:\/\/galeriamiejska.pl\/en\/premiera-katalogu\/#webpage","url":"https:\/\/galeriamiejska.pl\/en\/premiera-katalogu\/","name":"Premiera katalogu - Galeria Miejska we Wroc\u0142awiu","isPartOf":{"@id":"https:\/\/galeriamiejska.pl\/en\/#website"},"primaryImageOfPage":{"@id":"https:\/\/galeriamiejska.pl\/en\/premiera-katalogu\/#primaryimage"},"datePublished":"2021-01-29T15:18:46+00:00","dateModified":"2021-12-07T09:44:12+00:00","author":{"@id":"https:\/\/galeriamiejska.pl\/en\/#\/schema\/person\/cd4f04b0a13c9114f95e23b489b6f9cb"},"breadcrumb":{"@id":"https:\/\/galeriamiejska.pl\/en\/premiera-katalogu\/#breadcrumb"},"inLanguage":"","potentialAction":[{"@type":"ReadAction","target":["https:\/\/galeriamiejska.pl\/en\/premiera-katalogu\/"]}]},{"@type":"BreadcrumbList","@id":"https:\/\/galeriamiejska.pl\/en\/premiera-katalogu\/#breadcrumb","itemListElement":[{"@type":"ListItem","position":1,"name":"Strona g\u0142\u00f3wna","item":"https:\/\/galeriamiejska.pl\/en\/"},{"@type":"ListItem","position":2,"name":"Premiera katalogu"}]},{"@type":"Person","@id":"https:\/\/galeriamiejska.pl\/en\/#\/schema\/person\/cd4f04b0a13c9114f95e23b489b6f9cb","name":"admin","image":{"@type":"ImageObject","@id":"https:\/\/galeriamiejska.pl\/en\/#personlogo","inLanguage":"","url":"https:\/\/secure.gravatar.com\/avatar\/3ded5a36984f92b80e2d99cc96780fe89cd37f7fd652108d182620efbb1566fd?s=96&d=mm&r=g","contentUrl":"https:\/\/secure.gravatar.com\/avatar\/3ded5a36984f92b80e2d99cc96780fe89cd37f7fd652108d182620efbb1566fd?s=96&d=mm&r=g","caption":"admin"},"sameAs":["http:\/\/galeriamiejska.pl"],"url":"https:\/\/galeriamiejska.pl\/en\/author\/admin\/"}]}},"_links":{"self":[{"href":"https:\/\/galeriamiejska.pl\/en\/wp-json\/wp\/v2\/posts\/1862","targetHints":{"allow":["GET"]}}],"collection":[{"href":"https:\/\/galeriamiejska.pl\/en\/wp-json\/wp\/v2\/posts"}],"about":[{"href":"https:\/\/galeriamiejska.pl\/en\/wp-json\/wp\/v2\/types\/post"}],"author":[{"embeddable":true,"href":"https:\/\/galeriamiejska.pl\/en\/wp-json\/wp\/v2\/users\/1"}],"replies":[{"embeddable":true,"href":"https:\/\/galeriamiejska.pl\/en\/wp-json\/wp\/v2\/comments?post=1862"}],"version-history":[{"count":5,"href":"https:\/\/galeriamiejska.pl\/en\/wp-json\/wp\/v2\/posts\/1862\/revisions"}],"predecessor-version":[{"id":4646,"href":"https:\/\/galeriamiejska.pl\/en\/wp-json\/wp\/v2\/posts\/1862\/revisions\/4646"}],"wp:featuredmedia":[{"embeddable":true,"href":"https:\/\/galeriamiejska.pl\/en\/wp-json\/wp\/v2\/media\/1863"}],"wp:attachment":[{"href":"https:\/\/galeriamiejska.pl\/en\/wp-json\/wp\/v2\/media?parent=1862"}],"wp:term":[{"taxonomy":"category","embeddable":true,"href":"https:\/\/galeriamiejska.pl\/en\/wp-json\/wp\/v2\/categories?post=1862"},{"taxonomy":"post_tag","embeddable":true,"href":"https:\/\/galeriamiejska.pl\/en\/wp-json\/wp\/v2\/tags?post=1862"}],"curies":[{"name":"wp","href":"https:\/\/api.w.org\/{rel}","templated":true}]}}