{"id":1857,"date":"2021-01-29T15:00:04","date_gmt":"2021-01-29T15:00:04","guid":{"rendered":"http:\/\/galeriamiejska.pl\/?p=1857"},"modified":"2021-01-29T15:00:05","modified_gmt":"2021-01-29T15:00:05","slug":"","status":"publish","type":"post","link":"https:\/\/galeriamiejska.pl\/en\/machiny\/","title":{"rendered":"","raw":""},"content":{"rendered":"","protected":false,"raw":""},"excerpt":{"rendered":"","protected":false,"raw":""},"author":1,"featured_media":1858,"comment_status":"open","ping_status":"open","sticky":false,"template":"","format":"standard","meta":{"_pl_post_content":"<!-- wp:paragraph -->\n<p><strong>Na pierwszym pi\u0119trze Galerii Miejskiej we Wroc\u0142awiu zaaran\u017cowany zostanie pokaz realizowanego od 2013 do 2014 roku tryptyku Albertyny Kacalak pt. \u201eMachiny\u201d.<\/strong><br><br>Malowane zamaszystymi, dynamicznymi ruchami, wielkoformatowe abstrakcje powsta\u0142e z&nbsp;po\u0142\u0105czenia olejnej farby, \u017cywicy i&nbsp;okr\u0105g\u0142ych, lustrzanych obr\u0119czy tworz\u0105 formy przywodz\u0105ce na my\u015bl enigmatyczne, obce przestrzenie lub, jak okre\u015bla je artystka, planety.<br><br>Opisuj\u0105c tryptyk, Kacalak stwierdza r\u00f3wnie\u017c: \u201eKa\u017cda z&nbsp;planet jest inna, tak jak ka\u017cdy cz\u0142owiek to osobny byt. Ka\u017cda z&nbsp;\u201eMachin\u201d wnosi inne \u015brodki wyrazu, od jasnych, stonowanych barw do ciemnych, tajemniczych b\u0142\u0119kit\u00f3w i&nbsp;zieleni\u201d. Cho\u0107 realizacje te sprawiaj\u0105 wra\u017cenie odleg\u0142ych, wykorzystanie luster, w&nbsp;kt\u00f3rych mo\u017cemy si\u0119 przejrze\u0107, niesamowicie przybli\u017ca nas jako widz\u00f3w do tych dalekich, niedost\u0119pnych obszar\u00f3w.<\/p>\n<!-- \/wp:paragraph -->","_pl_post_name":"machiny","_pl_post_excerpt":"prezentacja tryptyku Albertyny Kacalak\n","_pl_post_title":"Machiny","_en_post_content":"","_en_post_name":"","_en_post_excerpt":"","_en_post_title":"","edit_language":"en","footnotes":""},"categories":[10,8],"tags":[],"class_list":["post-1857","post","type-post","status-publish","format-standard","has-post-thumbnail","hentry","category-archiwalne-wydarzenia","category-wydarzenia"],"yoast_head":"<!-- This site is optimized with the Yoast SEO plugin v16.8 - https:\/\/yoast.com\/wordpress\/plugins\/seo\/ -->\n<title>Machiny - Galeria Miejska we Wroc\u0142awiu<\/title>\n<meta name=\"robots\" content=\"index, follow, max-snippet:-1, max-image-preview:large, max-video-preview:-1\" \/>\n<link rel=\"canonical\" href=\"https:\/\/galeriamiejska.pl\/en\/machiny\/\" \/>\n<meta property=\"og:locale\" content=\"en_US\" \/>\n<meta property=\"og:type\" content=\"article\" \/>\n<meta property=\"og:title\" content=\"Machiny - Galeria Miejska we Wroc\u0142awiu\" \/>\n<meta property=\"og:description\" content=\"prezentacja tryptyku Albertyny Kacalak\" \/>\n<meta property=\"og:url\" content=\"https:\/\/galeriamiejska.pl\/en\/machiny\/\" \/>\n<meta property=\"og:site_name\" content=\"Galeria Miejska we Wroc\u0142awiu\" \/>\n<meta property=\"article:published_time\" content=\"2021-01-29T15:00:04+00:00\" \/>\n<meta property=\"article:modified_time\" content=\"2021-01-29T15:00:05+00:00\" \/>\n<meta property=\"og:image\" content=\"https:\/\/galeriamiejska.pl\/wp-content\/uploads\/2021\/01\/675_albertyna-kacalak-machiny.jpg\" \/>\n\t<meta property=\"og:image:width\" content=\"640\" \/>\n\t<meta property=\"og:image:height\" content=\"340\" \/>\n<meta name=\"twitter:card\" content=\"summary_large_image\" \/>\n<meta name=\"twitter:label1\" content=\"Written by\" \/>\n\t<meta name=\"twitter:data1\" content=\"admin\" \/>\n\t<meta name=\"twitter:label2\" content=\"Est. reading time\" \/>\n\t<meta name=\"twitter:data2\" content=\"1 minute\" \/>\n<script type=\"application\/ld+json\" class=\"yoast-schema-graph\">{\"@context\":\"https:\/\/schema.org\",\"@graph\":[{\"@type\":\"WebSite\",\"@id\":\"https:\/\/galeriamiejska.pl\/en\/#website\",\"url\":\"https:\/\/galeriamiejska.pl\/en\/\",\"name\":\"Galeria Miejska we Wroc\\u0142awiu\",\"description\":\"\",\"potentialAction\":[{\"@type\":\"SearchAction\",\"target\":{\"@type\":\"EntryPoint\",\"urlTemplate\":\"https:\/\/galeriamiejska.pl\/en\/?s={search_term_string}\"},\"query-input\":\"required name=search_term_string\"}],\"inLanguage\":\"\"},{\"@type\":\"ImageObject\",\"@id\":\"https:\/\/galeriamiejska.pl\/en\/machiny\/#primaryimage\",\"inLanguage\":\"\",\"url\":\"https:\/\/galeriamiejska.pl\/wp-content\/uploads\/2021\/01\/675_albertyna-kacalak-machiny.jpg\",\"contentUrl\":\"https:\/\/galeriamiejska.pl\/wp-content\/uploads\/2021\/01\/675_albertyna-kacalak-machiny.jpg\",\"width\":640,\"height\":340},{\"@type\":\"WebPage\",\"@id\":\"https:\/\/galeriamiejska.pl\/en\/machiny\/#webpage\",\"url\":\"https:\/\/galeriamiejska.pl\/en\/machiny\/\",\"name\":\"Machiny - Galeria Miejska we Wroc\\u0142awiu\",\"isPartOf\":{\"@id\":\"https:\/\/galeriamiejska.pl\/en\/#website\"},\"primaryImageOfPage\":{\"@id\":\"https:\/\/galeriamiejska.pl\/en\/machiny\/#primaryimage\"},\"datePublished\":\"2021-01-29T15:00:04+00:00\",\"dateModified\":\"2021-01-29T15:00:05+00:00\",\"author\":{\"@id\":\"https:\/\/galeriamiejska.pl\/en\/#\/schema\/person\/cd4f04b0a13c9114f95e23b489b6f9cb\"},\"breadcrumb\":{\"@id\":\"https:\/\/galeriamiejska.pl\/en\/machiny\/#breadcrumb\"},\"inLanguage\":\"\",\"potentialAction\":[{\"@type\":\"ReadAction\",\"target\":[\"https:\/\/galeriamiejska.pl\/en\/machiny\/\"]}]},{\"@type\":\"BreadcrumbList\",\"@id\":\"https:\/\/galeriamiejska.pl\/en\/machiny\/#breadcrumb\",\"itemListElement\":[{\"@type\":\"ListItem\",\"position\":1,\"name\":\"Strona g\\u0142\\u00f3wna\",\"item\":\"https:\/\/galeriamiejska.pl\/en\/\"},{\"@type\":\"ListItem\",\"position\":2,\"name\":\"Machiny\"}]},{\"@type\":\"Person\",\"@id\":\"https:\/\/galeriamiejska.pl\/en\/#\/schema\/person\/cd4f04b0a13c9114f95e23b489b6f9cb\",\"name\":\"admin\",\"image\":{\"@type\":\"ImageObject\",\"@id\":\"https:\/\/galeriamiejska.pl\/en\/#personlogo\",\"inLanguage\":\"\",\"url\":\"https:\/\/secure.gravatar.com\/avatar\/3ded5a36984f92b80e2d99cc96780fe89cd37f7fd652108d182620efbb1566fd?s=96&d=mm&r=g\",\"contentUrl\":\"https:\/\/secure.gravatar.com\/avatar\/3ded5a36984f92b80e2d99cc96780fe89cd37f7fd652108d182620efbb1566fd?s=96&d=mm&r=g\",\"caption\":\"admin\"},\"sameAs\":[\"http:\/\/galeriamiejska.pl\"],\"url\":\"https:\/\/galeriamiejska.pl\/en\/author\/admin\/\"}]}<\/script>\n<!-- \/ Yoast SEO plugin. -->","yoast_head_json":{"title":"Machiny - Galeria Miejska we Wroc\u0142awiu","robots":{"index":"index","follow":"follow","max-snippet":"max-snippet:-1","max-image-preview":"max-image-preview:large","max-video-preview":"max-video-preview:-1"},"canonical":"https:\/\/galeriamiejska.pl\/en\/machiny\/","og_locale":"en_US","og_type":"article","og_title":"Machiny - Galeria Miejska we Wroc\u0142awiu","og_description":"prezentacja tryptyku Albertyny Kacalak","og_url":"https:\/\/galeriamiejska.pl\/en\/machiny\/","og_site_name":"Galeria Miejska we Wroc\u0142awiu","article_published_time":"2021-01-29T15:00:04+00:00","article_modified_time":"2021-01-29T15:00:05+00:00","og_image":[{"width":640,"height":340,"url":"https:\/\/galeriamiejska.pl\/wp-content\/uploads\/2021\/01\/675_albertyna-kacalak-machiny.jpg","path":"\/autoinstalator\/wordpress\/wp-content\/uploads\/2021\/01\/675_albertyna-kacalak-machiny.jpg","size":"full","id":1858,"alt":"","pixels":217600,"type":"image\/jpeg"}],"twitter_card":"summary_large_image","twitter_misc":{"Written by":"admin","Est. reading time":"1 minute"},"schema":{"@context":"https:\/\/schema.org","@graph":[{"@type":"WebSite","@id":"https:\/\/galeriamiejska.pl\/en\/#website","url":"https:\/\/galeriamiejska.pl\/en\/","name":"Galeria Miejska we Wroc\u0142awiu","description":"","potentialAction":[{"@type":"SearchAction","target":{"@type":"EntryPoint","urlTemplate":"https:\/\/galeriamiejska.pl\/en\/?s={search_term_string}"},"query-input":"required name=search_term_string"}],"inLanguage":""},{"@type":"ImageObject","@id":"https:\/\/galeriamiejska.pl\/en\/machiny\/#primaryimage","inLanguage":"","url":"https:\/\/galeriamiejska.pl\/wp-content\/uploads\/2021\/01\/675_albertyna-kacalak-machiny.jpg","contentUrl":"https:\/\/galeriamiejska.pl\/wp-content\/uploads\/2021\/01\/675_albertyna-kacalak-machiny.jpg","width":640,"height":340},{"@type":"WebPage","@id":"https:\/\/galeriamiejska.pl\/en\/machiny\/#webpage","url":"https:\/\/galeriamiejska.pl\/en\/machiny\/","name":"Machiny - Galeria Miejska we Wroc\u0142awiu","isPartOf":{"@id":"https:\/\/galeriamiejska.pl\/en\/#website"},"primaryImageOfPage":{"@id":"https:\/\/galeriamiejska.pl\/en\/machiny\/#primaryimage"},"datePublished":"2021-01-29T15:00:04+00:00","dateModified":"2021-01-29T15:00:05+00:00","author":{"@id":"https:\/\/galeriamiejska.pl\/en\/#\/schema\/person\/cd4f04b0a13c9114f95e23b489b6f9cb"},"breadcrumb":{"@id":"https:\/\/galeriamiejska.pl\/en\/machiny\/#breadcrumb"},"inLanguage":"","potentialAction":[{"@type":"ReadAction","target":["https:\/\/galeriamiejska.pl\/en\/machiny\/"]}]},{"@type":"BreadcrumbList","@id":"https:\/\/galeriamiejska.pl\/en\/machiny\/#breadcrumb","itemListElement":[{"@type":"ListItem","position":1,"name":"Strona g\u0142\u00f3wna","item":"https:\/\/galeriamiejska.pl\/en\/"},{"@type":"ListItem","position":2,"name":"Machiny"}]},{"@type":"Person","@id":"https:\/\/galeriamiejska.pl\/en\/#\/schema\/person\/cd4f04b0a13c9114f95e23b489b6f9cb","name":"admin","image":{"@type":"ImageObject","@id":"https:\/\/galeriamiejska.pl\/en\/#personlogo","inLanguage":"","url":"https:\/\/secure.gravatar.com\/avatar\/3ded5a36984f92b80e2d99cc96780fe89cd37f7fd652108d182620efbb1566fd?s=96&d=mm&r=g","contentUrl":"https:\/\/secure.gravatar.com\/avatar\/3ded5a36984f92b80e2d99cc96780fe89cd37f7fd652108d182620efbb1566fd?s=96&d=mm&r=g","caption":"admin"},"sameAs":["http:\/\/galeriamiejska.pl"],"url":"https:\/\/galeriamiejska.pl\/en\/author\/admin\/"}]}},"_links":{"self":[{"href":"https:\/\/galeriamiejska.pl\/en\/wp-json\/wp\/v2\/posts\/1857","targetHints":{"allow":["GET"]}}],"collection":[{"href":"https:\/\/galeriamiejska.pl\/en\/wp-json\/wp\/v2\/posts"}],"about":[{"href":"https:\/\/galeriamiejska.pl\/en\/wp-json\/wp\/v2\/types\/post"}],"author":[{"embeddable":true,"href":"https:\/\/galeriamiejska.pl\/en\/wp-json\/wp\/v2\/users\/1"}],"replies":[{"embeddable":true,"href":"https:\/\/galeriamiejska.pl\/en\/wp-json\/wp\/v2\/comments?post=1857"}],"version-history":[{"count":3,"href":"https:\/\/galeriamiejska.pl\/en\/wp-json\/wp\/v2\/posts\/1857\/revisions"}],"predecessor-version":[{"id":1861,"href":"https:\/\/galeriamiejska.pl\/en\/wp-json\/wp\/v2\/posts\/1857\/revisions\/1861"}],"wp:featuredmedia":[{"embeddable":true,"href":"https:\/\/galeriamiejska.pl\/en\/wp-json\/wp\/v2\/media\/1858"}],"wp:attachment":[{"href":"https:\/\/galeriamiejska.pl\/en\/wp-json\/wp\/v2\/media?parent=1857"}],"wp:term":[{"taxonomy":"category","embeddable":true,"href":"https:\/\/galeriamiejska.pl\/en\/wp-json\/wp\/v2\/categories?post=1857"},{"taxonomy":"post_tag","embeddable":true,"href":"https:\/\/galeriamiejska.pl\/en\/wp-json\/wp\/v2\/tags?post=1857"}],"curies":[{"name":"wp","href":"https:\/\/api.w.org\/{rel}","templated":true}]}}