{"id":1853,"date":"2021-01-29T14:59:13","date_gmt":"2021-01-29T14:59:13","guid":{"rendered":"http:\/\/galeriamiejska.pl\/?p=1853"},"modified":"2021-01-29T14:59:15","modified_gmt":"2021-01-29T14:59:15","slug":"","status":"publish","type":"post","link":"https:\/\/galeriamiejska.pl\/en\/dualizm-ducha-i-materii\/","title":{"rendered":"","raw":""},"content":{"rendered":"","protected":false,"raw":""},"excerpt":{"rendered":"","protected":false,"raw":""},"author":1,"featured_media":1854,"comment_status":"open","ping_status":"open","sticky":false,"template":"","format":"standard","meta":{"_pl_post_content":"<!-- wp:paragraph -->\n<p><strong>Od 18 czerwca piwnice Galerii Miejskiej wype\u0142ni\u0105 obrazy i&nbsp;ilustracje Anny Kiszki, prezentowane w&nbsp;ramach jej dyplomowej wystawy. Studentka V roku malarstwa na Akademii Sztuk Pi\u0119knych im. Eugeniusza Gepperta obecnie realizuje dyplom w&nbsp;Pracowni Malarstwa prof. Mariana Waldemara Kuczmy i&nbsp;as. Bartosza Radziszewskiego, w&nbsp;Pracowni Malarstwa Architektonicznego i&nbsp;Sztuki w&nbsp;Przestrzeni Publicznej prof. Wojciecha kaniowskiego i&nbsp;as. Joanny Pa\u0142ys, a&nbsp;tak\u017ce aneks z&nbsp;ilustracji Tomasza Brody<\/strong>.<br><br>Poniewa\u017c Anna Kiszka w&nbsp;swojej tw\u00f3rczo\u015bci opiera si\u0119 na koncepcji dualizmu ducha i&nbsp;materii, taki te\u017c tytu\u0142 nosi jej dyplomowa wystawa. Obszar p\u0142\u00f3tna stanowi dla m\u0142odej malarki doskona\u0142\u0105 przestrze\u0144 do badania element\u00f3w sobie przeciwstawnych: geometrii i&nbsp;organiczno\u015bci kszta\u0142t\u00f3w, \u015bwiat\u0142a i&nbsp;ciemno\u015bci, dynamiki i&nbsp;statyki. Zderzaj\u0105c je w&nbsp;obr\u0119bie jednego p\u0142\u00f3tna, artystka zespala te antagonizuj\u0105ce pierwiastki w&nbsp;nierozerwaln\u0105 ca\u0142o\u015b\u0107, pozwalaj\u0105c na wytworzenie si\u0119 nowej, harmonijnej jako\u015bci. W&nbsp;swojej malarskiej dzia\u0142alno\u015bci Kiszka nigdy nie stara si\u0119 jednak sugerowa\u0107 odbiorcy interpretacji, pozwalaj\u0105c mu na intuicyjne poruszanie si\u0119 w&nbsp;obszarze obrazu.<br><br>Obok malarstwa Kiszka zaprezentuje r\u00f3wnie\u017c sw\u00f3j ilustracyjny projekt b\u0119d\u0105cy adaptacj\u0105 ksi\u0105\u017cki \u201eNiewidzialne miasta\u201d autorstwa Italo Calvino. Do wybranych, fantastycznych miast opisanych w&nbsp;utworze artystka stworzy\u0142a opart\u0105 na znaczkach pocztowych, biletach czy te\u017c banknotach zawieraj\u0105cych elementy charakterystyczne dla danej miejscowo\u015bci, identyfikacj\u0119 wizualn\u0105. W&nbsp;ten spos\u00f3b pr\u00f3buje ona przekona\u0107 widza, \u017ce ba\u015bniowe, egzotyczne krainy, o&nbsp;kt\u00f3rych na \u0142amach ksi\u0105\u017cki Marko Polo opowiada\u0142 cesarzowi Chin, istniej\u0105 naprawd\u0119.<br><\/p>\n<!-- \/wp:paragraph -->","_pl_post_name":"dualizm-ducha-i-materii","_pl_post_excerpt":"wystawa dyplomowa Anny Kiszki","_pl_post_title":"Dualizm ducha i  materii","_en_post_content":"","_en_post_name":"","_en_post_excerpt":"","_en_post_title":"","edit_language":"en","footnotes":""},"categories":[10,8],"tags":[],"class_list":["post-1853","post","type-post","status-publish","format-standard","has-post-thumbnail","hentry","category-archiwalne-wydarzenia","category-wydarzenia"],"yoast_head":"<!-- This site is optimized with the Yoast SEO plugin v16.8 - https:\/\/yoast.com\/wordpress\/plugins\/seo\/ -->\n<title>Dualizm ducha i materii - Galeria Miejska we Wroc\u0142awiu<\/title>\n<meta name=\"robots\" content=\"index, follow, max-snippet:-1, max-image-preview:large, max-video-preview:-1\" \/>\n<link rel=\"canonical\" href=\"https:\/\/galeriamiejska.pl\/en\/dualizm-ducha-i-materii\/\" \/>\n<meta property=\"og:locale\" content=\"en_US\" \/>\n<meta property=\"og:type\" content=\"article\" \/>\n<meta property=\"og:title\" content=\"Dualizm ducha i materii - Galeria Miejska we Wroc\u0142awiu\" \/>\n<meta property=\"og:description\" content=\"wystawa dyplomowa Anny Kiszki\" \/>\n<meta property=\"og:url\" content=\"https:\/\/galeriamiejska.pl\/en\/dualizm-ducha-i-materii\/\" \/>\n<meta property=\"og:site_name\" content=\"Galeria Miejska we Wroc\u0142awiu\" \/>\n<meta property=\"article:published_time\" content=\"2021-01-29T14:59:13+00:00\" \/>\n<meta property=\"article:modified_time\" content=\"2021-01-29T14:59:15+00:00\" \/>\n<meta property=\"og:image\" content=\"https:\/\/galeriamiejska.pl\/wp-content\/uploads\/2021\/01\/673_wystawa-dyplomowa-anny-kiszki.jpg\" \/>\n\t<meta property=\"og:image:width\" content=\"640\" \/>\n\t<meta property=\"og:image:height\" content=\"340\" \/>\n<meta name=\"twitter:card\" content=\"summary_large_image\" \/>\n<meta name=\"twitter:label1\" content=\"Written by\" \/>\n\t<meta name=\"twitter:data1\" content=\"admin\" \/>\n\t<meta name=\"twitter:label2\" content=\"Est. reading time\" \/>\n\t<meta name=\"twitter:data2\" content=\"1 minute\" \/>\n<script type=\"application\/ld+json\" class=\"yoast-schema-graph\">{\"@context\":\"https:\/\/schema.org\",\"@graph\":[{\"@type\":\"WebSite\",\"@id\":\"https:\/\/galeriamiejska.pl\/en\/#website\",\"url\":\"https:\/\/galeriamiejska.pl\/en\/\",\"name\":\"Galeria Miejska we Wroc\\u0142awiu\",\"description\":\"\",\"potentialAction\":[{\"@type\":\"SearchAction\",\"target\":{\"@type\":\"EntryPoint\",\"urlTemplate\":\"https:\/\/galeriamiejska.pl\/en\/?s={search_term_string}\"},\"query-input\":\"required name=search_term_string\"}],\"inLanguage\":\"\"},{\"@type\":\"ImageObject\",\"@id\":\"https:\/\/galeriamiejska.pl\/en\/dualizm-ducha-i-materii\/#primaryimage\",\"inLanguage\":\"\",\"url\":\"https:\/\/galeriamiejska.pl\/wp-content\/uploads\/2021\/01\/673_wystawa-dyplomowa-anny-kiszki.jpg\",\"contentUrl\":\"https:\/\/galeriamiejska.pl\/wp-content\/uploads\/2021\/01\/673_wystawa-dyplomowa-anny-kiszki.jpg\",\"width\":640,\"height\":340},{\"@type\":\"WebPage\",\"@id\":\"https:\/\/galeriamiejska.pl\/en\/dualizm-ducha-i-materii\/#webpage\",\"url\":\"https:\/\/galeriamiejska.pl\/en\/dualizm-ducha-i-materii\/\",\"name\":\"Dualizm ducha i materii - Galeria Miejska we Wroc\\u0142awiu\",\"isPartOf\":{\"@id\":\"https:\/\/galeriamiejska.pl\/en\/#website\"},\"primaryImageOfPage\":{\"@id\":\"https:\/\/galeriamiejska.pl\/en\/dualizm-ducha-i-materii\/#primaryimage\"},\"datePublished\":\"2021-01-29T14:59:13+00:00\",\"dateModified\":\"2021-01-29T14:59:15+00:00\",\"author\":{\"@id\":\"https:\/\/galeriamiejska.pl\/en\/#\/schema\/person\/cd4f04b0a13c9114f95e23b489b6f9cb\"},\"breadcrumb\":{\"@id\":\"https:\/\/galeriamiejska.pl\/en\/dualizm-ducha-i-materii\/#breadcrumb\"},\"inLanguage\":\"\",\"potentialAction\":[{\"@type\":\"ReadAction\",\"target\":[\"https:\/\/galeriamiejska.pl\/en\/dualizm-ducha-i-materii\/\"]}]},{\"@type\":\"BreadcrumbList\",\"@id\":\"https:\/\/galeriamiejska.pl\/en\/dualizm-ducha-i-materii\/#breadcrumb\",\"itemListElement\":[{\"@type\":\"ListItem\",\"position\":1,\"name\":\"Strona g\\u0142\\u00f3wna\",\"item\":\"https:\/\/galeriamiejska.pl\/en\/\"},{\"@type\":\"ListItem\",\"position\":2,\"name\":\"Dualizm ducha i materii\"}]},{\"@type\":\"Person\",\"@id\":\"https:\/\/galeriamiejska.pl\/en\/#\/schema\/person\/cd4f04b0a13c9114f95e23b489b6f9cb\",\"name\":\"admin\",\"image\":{\"@type\":\"ImageObject\",\"@id\":\"https:\/\/galeriamiejska.pl\/en\/#personlogo\",\"inLanguage\":\"\",\"url\":\"https:\/\/secure.gravatar.com\/avatar\/3ded5a36984f92b80e2d99cc96780fe89cd37f7fd652108d182620efbb1566fd?s=96&d=mm&r=g\",\"contentUrl\":\"https:\/\/secure.gravatar.com\/avatar\/3ded5a36984f92b80e2d99cc96780fe89cd37f7fd652108d182620efbb1566fd?s=96&d=mm&r=g\",\"caption\":\"admin\"},\"sameAs\":[\"http:\/\/galeriamiejska.pl\"],\"url\":\"https:\/\/galeriamiejska.pl\/en\/author\/admin\/\"}]}<\/script>\n<!-- \/ Yoast SEO plugin. -->","yoast_head_json":{"title":"Dualizm ducha i materii - Galeria Miejska we Wroc\u0142awiu","robots":{"index":"index","follow":"follow","max-snippet":"max-snippet:-1","max-image-preview":"max-image-preview:large","max-video-preview":"max-video-preview:-1"},"canonical":"https:\/\/galeriamiejska.pl\/en\/dualizm-ducha-i-materii\/","og_locale":"en_US","og_type":"article","og_title":"Dualizm ducha i materii - Galeria Miejska we Wroc\u0142awiu","og_description":"wystawa dyplomowa Anny Kiszki","og_url":"https:\/\/galeriamiejska.pl\/en\/dualizm-ducha-i-materii\/","og_site_name":"Galeria Miejska we Wroc\u0142awiu","article_published_time":"2021-01-29T14:59:13+00:00","article_modified_time":"2021-01-29T14:59:15+00:00","og_image":[{"width":640,"height":340,"url":"https:\/\/galeriamiejska.pl\/wp-content\/uploads\/2021\/01\/673_wystawa-dyplomowa-anny-kiszki.jpg","path":"\/autoinstalator\/wordpress\/wp-content\/uploads\/2021\/01\/673_wystawa-dyplomowa-anny-kiszki.jpg","size":"full","id":1854,"alt":"","pixels":217600,"type":"image\/jpeg"}],"twitter_card":"summary_large_image","twitter_misc":{"Written by":"admin","Est. reading time":"1 minute"},"schema":{"@context":"https:\/\/schema.org","@graph":[{"@type":"WebSite","@id":"https:\/\/galeriamiejska.pl\/en\/#website","url":"https:\/\/galeriamiejska.pl\/en\/","name":"Galeria Miejska we Wroc\u0142awiu","description":"","potentialAction":[{"@type":"SearchAction","target":{"@type":"EntryPoint","urlTemplate":"https:\/\/galeriamiejska.pl\/en\/?s={search_term_string}"},"query-input":"required name=search_term_string"}],"inLanguage":""},{"@type":"ImageObject","@id":"https:\/\/galeriamiejska.pl\/en\/dualizm-ducha-i-materii\/#primaryimage","inLanguage":"","url":"https:\/\/galeriamiejska.pl\/wp-content\/uploads\/2021\/01\/673_wystawa-dyplomowa-anny-kiszki.jpg","contentUrl":"https:\/\/galeriamiejska.pl\/wp-content\/uploads\/2021\/01\/673_wystawa-dyplomowa-anny-kiszki.jpg","width":640,"height":340},{"@type":"WebPage","@id":"https:\/\/galeriamiejska.pl\/en\/dualizm-ducha-i-materii\/#webpage","url":"https:\/\/galeriamiejska.pl\/en\/dualizm-ducha-i-materii\/","name":"Dualizm ducha i materii - Galeria Miejska we Wroc\u0142awiu","isPartOf":{"@id":"https:\/\/galeriamiejska.pl\/en\/#website"},"primaryImageOfPage":{"@id":"https:\/\/galeriamiejska.pl\/en\/dualizm-ducha-i-materii\/#primaryimage"},"datePublished":"2021-01-29T14:59:13+00:00","dateModified":"2021-01-29T14:59:15+00:00","author":{"@id":"https:\/\/galeriamiejska.pl\/en\/#\/schema\/person\/cd4f04b0a13c9114f95e23b489b6f9cb"},"breadcrumb":{"@id":"https:\/\/galeriamiejska.pl\/en\/dualizm-ducha-i-materii\/#breadcrumb"},"inLanguage":"","potentialAction":[{"@type":"ReadAction","target":["https:\/\/galeriamiejska.pl\/en\/dualizm-ducha-i-materii\/"]}]},{"@type":"BreadcrumbList","@id":"https:\/\/galeriamiejska.pl\/en\/dualizm-ducha-i-materii\/#breadcrumb","itemListElement":[{"@type":"ListItem","position":1,"name":"Strona g\u0142\u00f3wna","item":"https:\/\/galeriamiejska.pl\/en\/"},{"@type":"ListItem","position":2,"name":"Dualizm ducha i materii"}]},{"@type":"Person","@id":"https:\/\/galeriamiejska.pl\/en\/#\/schema\/person\/cd4f04b0a13c9114f95e23b489b6f9cb","name":"admin","image":{"@type":"ImageObject","@id":"https:\/\/galeriamiejska.pl\/en\/#personlogo","inLanguage":"","url":"https:\/\/secure.gravatar.com\/avatar\/3ded5a36984f92b80e2d99cc96780fe89cd37f7fd652108d182620efbb1566fd?s=96&d=mm&r=g","contentUrl":"https:\/\/secure.gravatar.com\/avatar\/3ded5a36984f92b80e2d99cc96780fe89cd37f7fd652108d182620efbb1566fd?s=96&d=mm&r=g","caption":"admin"},"sameAs":["http:\/\/galeriamiejska.pl"],"url":"https:\/\/galeriamiejska.pl\/en\/author\/admin\/"}]}},"_links":{"self":[{"href":"https:\/\/galeriamiejska.pl\/en\/wp-json\/wp\/v2\/posts\/1853","targetHints":{"allow":["GET"]}}],"collection":[{"href":"https:\/\/galeriamiejska.pl\/en\/wp-json\/wp\/v2\/posts"}],"about":[{"href":"https:\/\/galeriamiejska.pl\/en\/wp-json\/wp\/v2\/types\/post"}],"author":[{"embeddable":true,"href":"https:\/\/galeriamiejska.pl\/en\/wp-json\/wp\/v2\/users\/1"}],"replies":[{"embeddable":true,"href":"https:\/\/galeriamiejska.pl\/en\/wp-json\/wp\/v2\/comments?post=1853"}],"version-history":[{"count":2,"href":"https:\/\/galeriamiejska.pl\/en\/wp-json\/wp\/v2\/posts\/1853\/revisions"}],"predecessor-version":[{"id":1856,"href":"https:\/\/galeriamiejska.pl\/en\/wp-json\/wp\/v2\/posts\/1853\/revisions\/1856"}],"wp:featuredmedia":[{"embeddable":true,"href":"https:\/\/galeriamiejska.pl\/en\/wp-json\/wp\/v2\/media\/1854"}],"wp:attachment":[{"href":"https:\/\/galeriamiejska.pl\/en\/wp-json\/wp\/v2\/media?parent=1853"}],"wp:term":[{"taxonomy":"category","embeddable":true,"href":"https:\/\/galeriamiejska.pl\/en\/wp-json\/wp\/v2\/categories?post=1853"},{"taxonomy":"post_tag","embeddable":true,"href":"https:\/\/galeriamiejska.pl\/en\/wp-json\/wp\/v2\/tags?post=1853"}],"curies":[{"name":"wp","href":"https:\/\/api.w.org\/{rel}","templated":true}]}}