{"id":1840,"date":"2021-01-29T14:55:20","date_gmt":"2021-01-29T14:55:20","guid":{"rendered":"http:\/\/galeriamiejska.pl\/?p=1840"},"modified":"2021-01-29T14:55:21","modified_gmt":"2021-01-29T14:55:21","slug":"","status":"publish","type":"post","link":"https:\/\/galeriamiejska.pl\/en\/oprowadzanie-kuratorskie-po-wystawie-art-work\/","title":{"rendered":"","raw":""},"content":{"rendered":"","protected":false,"raw":""},"excerpt":{"rendered":"","protected":false,"raw":""},"author":1,"featured_media":1841,"comment_status":"open","ping_status":"open","sticky":false,"template":"","format":"standard","meta":{"_pl_post_content":"<!-- wp:paragraph -->\n<p><strong>Galeria Dworcowa \u2013 Dworzec G\u0142\u00f3wny we Wroc\u0142awiu<br>25 pa\u017adziernika 2017<br>godzina 18:00<\/strong><br><br>Wsp\u00f3\u0142kuratorka wystawy \"Art WORK\/ PL-UA Arty\u015bci o&nbsp;pracy\" Ma\u0142gorzata Micu\u0142a zaprasza 25 pa\u017adziernika (\u015broda) o&nbsp;godzinie 18:00 na oprowadzanie po wystawie prezentowanej w&nbsp;Galerii Dworcowej.<br><br>Podczas spotkania kuratorka opowie o&nbsp;koncepcji wystawy oraz wybranych pracach polskich i&nbsp;ukrai\u0144skich artyst\u00f3w bior\u0105cych udzia\u0142 w&nbsp;projekcie.<br><br>Oprowadzanie rozpocznie si\u0119 pod info punktem Galerii Dworcowej (2 pi\u0119tro).<br><br><br>Udzia\u0142 w&nbsp;wydarzeniu jest bezp\u0142atny.<br><br>Zapraszamy!<br><\/p>\n<!-- \/wp:paragraph -->","_pl_post_name":"oprowadzanie-kuratorskie-po-wystawie-art-work","_pl_post_excerpt":"zapraszamy na oprowadzanie kuratorskie po wystawie \"Art WORK\/ PL-UA Arty\u015bci o pracy\"","_pl_post_title":"Oprowadzanie kuratorskie po wystawie \"Art WORK\"","_en_post_content":"","_en_post_name":"","_en_post_excerpt":"","_en_post_title":"","edit_language":"en","footnotes":""},"categories":[10,8],"tags":[],"class_list":["post-1840","post","type-post","status-publish","format-standard","has-post-thumbnail","hentry","category-archiwalne-wydarzenia","category-wydarzenia"],"yoast_head":"<!-- This site is optimized with the Yoast SEO plugin v16.8 - https:\/\/yoast.com\/wordpress\/plugins\/seo\/ -->\n<title>Oprowadzanie kuratorskie po wystawie &quot;Art WORK&quot; - Galeria Miejska we Wroc\u0142awiu<\/title>\n<meta name=\"robots\" content=\"index, follow, max-snippet:-1, max-image-preview:large, max-video-preview:-1\" \/>\n<link rel=\"canonical\" href=\"https:\/\/galeriamiejska.pl\/en\/oprowadzanie-kuratorskie-po-wystawie-art-work\/\" \/>\n<meta property=\"og:locale\" content=\"en_US\" \/>\n<meta property=\"og:type\" content=\"article\" \/>\n<meta property=\"og:title\" content=\"Oprowadzanie kuratorskie po wystawie &quot;Art WORK&quot; - Galeria Miejska we Wroc\u0142awiu\" \/>\n<meta property=\"og:description\" content=\"zapraszamy na oprowadzanie kuratorskie po wystawie &quot;Art WORK\/ PL-UA Arty\u015bci o pracy&quot;\" \/>\n<meta property=\"og:url\" content=\"https:\/\/galeriamiejska.pl\/en\/oprowadzanie-kuratorskie-po-wystawie-art-work\/\" \/>\n<meta property=\"og:site_name\" content=\"Galeria Miejska we Wroc\u0142awiu\" \/>\n<meta property=\"article:published_time\" content=\"2021-01-29T14:55:20+00:00\" \/>\n<meta property=\"article:modified_time\" content=\"2021-01-29T14:55:21+00:00\" \/>\n<meta property=\"og:image\" content=\"https:\/\/galeriamiejska.pl\/wp-content\/uploads\/2021\/01\/599_oprowadzanie-kuratorskie-po-wystawie-art-work.jpg\" \/>\n\t<meta property=\"og:image:width\" content=\"640\" \/>\n\t<meta property=\"og:image:height\" content=\"340\" \/>\n<meta name=\"twitter:card\" content=\"summary_large_image\" \/>\n<meta name=\"twitter:label1\" content=\"Written by\" \/>\n\t<meta name=\"twitter:data1\" content=\"admin\" \/>\n<script type=\"application\/ld+json\" class=\"yoast-schema-graph\">{\"@context\":\"https:\/\/schema.org\",\"@graph\":[{\"@type\":\"WebSite\",\"@id\":\"https:\/\/galeriamiejska.pl\/en\/#website\",\"url\":\"https:\/\/galeriamiejska.pl\/en\/\",\"name\":\"Galeria Miejska we Wroc\\u0142awiu\",\"description\":\"\",\"potentialAction\":[{\"@type\":\"SearchAction\",\"target\":{\"@type\":\"EntryPoint\",\"urlTemplate\":\"https:\/\/galeriamiejska.pl\/en\/?s={search_term_string}\"},\"query-input\":\"required name=search_term_string\"}],\"inLanguage\":\"\"},{\"@type\":\"ImageObject\",\"@id\":\"https:\/\/galeriamiejska.pl\/en\/oprowadzanie-kuratorskie-po-wystawie-art-work\/#primaryimage\",\"inLanguage\":\"\",\"url\":\"https:\/\/galeriamiejska.pl\/wp-content\/uploads\/2021\/01\/599_oprowadzanie-kuratorskie-po-wystawie-art-work.jpg\",\"contentUrl\":\"https:\/\/galeriamiejska.pl\/wp-content\/uploads\/2021\/01\/599_oprowadzanie-kuratorskie-po-wystawie-art-work.jpg\",\"width\":640,\"height\":340},{\"@type\":\"WebPage\",\"@id\":\"https:\/\/galeriamiejska.pl\/en\/oprowadzanie-kuratorskie-po-wystawie-art-work\/#webpage\",\"url\":\"https:\/\/galeriamiejska.pl\/en\/oprowadzanie-kuratorskie-po-wystawie-art-work\/\",\"name\":\"Oprowadzanie kuratorskie po wystawie \\\"Art WORK\\\" - Galeria Miejska we Wroc\\u0142awiu\",\"isPartOf\":{\"@id\":\"https:\/\/galeriamiejska.pl\/en\/#website\"},\"primaryImageOfPage\":{\"@id\":\"https:\/\/galeriamiejska.pl\/en\/oprowadzanie-kuratorskie-po-wystawie-art-work\/#primaryimage\"},\"datePublished\":\"2021-01-29T14:55:20+00:00\",\"dateModified\":\"2021-01-29T14:55:21+00:00\",\"author\":{\"@id\":\"https:\/\/galeriamiejska.pl\/en\/#\/schema\/person\/cd4f04b0a13c9114f95e23b489b6f9cb\"},\"breadcrumb\":{\"@id\":\"https:\/\/galeriamiejska.pl\/en\/oprowadzanie-kuratorskie-po-wystawie-art-work\/#breadcrumb\"},\"inLanguage\":\"\",\"potentialAction\":[{\"@type\":\"ReadAction\",\"target\":[\"https:\/\/galeriamiejska.pl\/en\/oprowadzanie-kuratorskie-po-wystawie-art-work\/\"]}]},{\"@type\":\"BreadcrumbList\",\"@id\":\"https:\/\/galeriamiejska.pl\/en\/oprowadzanie-kuratorskie-po-wystawie-art-work\/#breadcrumb\",\"itemListElement\":[{\"@type\":\"ListItem\",\"position\":1,\"name\":\"Strona g\\u0142\\u00f3wna\",\"item\":\"https:\/\/galeriamiejska.pl\/en\/\"},{\"@type\":\"ListItem\",\"position\":2,\"name\":\"Oprowadzanie kuratorskie po wystawie &#8220;Art WORK&#8221;\"}]},{\"@type\":\"Person\",\"@id\":\"https:\/\/galeriamiejska.pl\/en\/#\/schema\/person\/cd4f04b0a13c9114f95e23b489b6f9cb\",\"name\":\"admin\",\"image\":{\"@type\":\"ImageObject\",\"@id\":\"https:\/\/galeriamiejska.pl\/en\/#personlogo\",\"inLanguage\":\"\",\"url\":\"https:\/\/secure.gravatar.com\/avatar\/3ded5a36984f92b80e2d99cc96780fe89cd37f7fd652108d182620efbb1566fd?s=96&d=mm&r=g\",\"contentUrl\":\"https:\/\/secure.gravatar.com\/avatar\/3ded5a36984f92b80e2d99cc96780fe89cd37f7fd652108d182620efbb1566fd?s=96&d=mm&r=g\",\"caption\":\"admin\"},\"sameAs\":[\"http:\/\/galeriamiejska.pl\"],\"url\":\"https:\/\/galeriamiejska.pl\/en\/author\/admin\/\"}]}<\/script>\n<!-- \/ Yoast SEO plugin. -->","yoast_head_json":{"title":"Oprowadzanie kuratorskie po wystawie \"Art WORK\" - Galeria Miejska we Wroc\u0142awiu","robots":{"index":"index","follow":"follow","max-snippet":"max-snippet:-1","max-image-preview":"max-image-preview:large","max-video-preview":"max-video-preview:-1"},"canonical":"https:\/\/galeriamiejska.pl\/en\/oprowadzanie-kuratorskie-po-wystawie-art-work\/","og_locale":"en_US","og_type":"article","og_title":"Oprowadzanie kuratorskie po wystawie \"Art WORK\" - Galeria Miejska we Wroc\u0142awiu","og_description":"zapraszamy na oprowadzanie kuratorskie po wystawie \"Art WORK\/ PL-UA Arty\u015bci o pracy\"","og_url":"https:\/\/galeriamiejska.pl\/en\/oprowadzanie-kuratorskie-po-wystawie-art-work\/","og_site_name":"Galeria Miejska we Wroc\u0142awiu","article_published_time":"2021-01-29T14:55:20+00:00","article_modified_time":"2021-01-29T14:55:21+00:00","og_image":[{"width":640,"height":340,"url":"https:\/\/galeriamiejska.pl\/wp-content\/uploads\/2021\/01\/599_oprowadzanie-kuratorskie-po-wystawie-art-work.jpg","path":"\/autoinstalator\/wordpress\/wp-content\/uploads\/2021\/01\/599_oprowadzanie-kuratorskie-po-wystawie-art-work.jpg","size":"full","id":1841,"alt":"","pixels":217600,"type":"image\/jpeg"}],"twitter_card":"summary_large_image","twitter_misc":{"Written by":"admin"},"schema":{"@context":"https:\/\/schema.org","@graph":[{"@type":"WebSite","@id":"https:\/\/galeriamiejska.pl\/en\/#website","url":"https:\/\/galeriamiejska.pl\/en\/","name":"Galeria Miejska we Wroc\u0142awiu","description":"","potentialAction":[{"@type":"SearchAction","target":{"@type":"EntryPoint","urlTemplate":"https:\/\/galeriamiejska.pl\/en\/?s={search_term_string}"},"query-input":"required name=search_term_string"}],"inLanguage":""},{"@type":"ImageObject","@id":"https:\/\/galeriamiejska.pl\/en\/oprowadzanie-kuratorskie-po-wystawie-art-work\/#primaryimage","inLanguage":"","url":"https:\/\/galeriamiejska.pl\/wp-content\/uploads\/2021\/01\/599_oprowadzanie-kuratorskie-po-wystawie-art-work.jpg","contentUrl":"https:\/\/galeriamiejska.pl\/wp-content\/uploads\/2021\/01\/599_oprowadzanie-kuratorskie-po-wystawie-art-work.jpg","width":640,"height":340},{"@type":"WebPage","@id":"https:\/\/galeriamiejska.pl\/en\/oprowadzanie-kuratorskie-po-wystawie-art-work\/#webpage","url":"https:\/\/galeriamiejska.pl\/en\/oprowadzanie-kuratorskie-po-wystawie-art-work\/","name":"Oprowadzanie kuratorskie po wystawie \"Art WORK\" - Galeria Miejska we Wroc\u0142awiu","isPartOf":{"@id":"https:\/\/galeriamiejska.pl\/en\/#website"},"primaryImageOfPage":{"@id":"https:\/\/galeriamiejska.pl\/en\/oprowadzanie-kuratorskie-po-wystawie-art-work\/#primaryimage"},"datePublished":"2021-01-29T14:55:20+00:00","dateModified":"2021-01-29T14:55:21+00:00","author":{"@id":"https:\/\/galeriamiejska.pl\/en\/#\/schema\/person\/cd4f04b0a13c9114f95e23b489b6f9cb"},"breadcrumb":{"@id":"https:\/\/galeriamiejska.pl\/en\/oprowadzanie-kuratorskie-po-wystawie-art-work\/#breadcrumb"},"inLanguage":"","potentialAction":[{"@type":"ReadAction","target":["https:\/\/galeriamiejska.pl\/en\/oprowadzanie-kuratorskie-po-wystawie-art-work\/"]}]},{"@type":"BreadcrumbList","@id":"https:\/\/galeriamiejska.pl\/en\/oprowadzanie-kuratorskie-po-wystawie-art-work\/#breadcrumb","itemListElement":[{"@type":"ListItem","position":1,"name":"Strona g\u0142\u00f3wna","item":"https:\/\/galeriamiejska.pl\/en\/"},{"@type":"ListItem","position":2,"name":"Oprowadzanie kuratorskie po wystawie &#8220;Art WORK&#8221;"}]},{"@type":"Person","@id":"https:\/\/galeriamiejska.pl\/en\/#\/schema\/person\/cd4f04b0a13c9114f95e23b489b6f9cb","name":"admin","image":{"@type":"ImageObject","@id":"https:\/\/galeriamiejska.pl\/en\/#personlogo","inLanguage":"","url":"https:\/\/secure.gravatar.com\/avatar\/3ded5a36984f92b80e2d99cc96780fe89cd37f7fd652108d182620efbb1566fd?s=96&d=mm&r=g","contentUrl":"https:\/\/secure.gravatar.com\/avatar\/3ded5a36984f92b80e2d99cc96780fe89cd37f7fd652108d182620efbb1566fd?s=96&d=mm&r=g","caption":"admin"},"sameAs":["http:\/\/galeriamiejska.pl"],"url":"https:\/\/galeriamiejska.pl\/en\/author\/admin\/"}]}},"_links":{"self":[{"href":"https:\/\/galeriamiejska.pl\/en\/wp-json\/wp\/v2\/posts\/1840","targetHints":{"allow":["GET"]}}],"collection":[{"href":"https:\/\/galeriamiejska.pl\/en\/wp-json\/wp\/v2\/posts"}],"about":[{"href":"https:\/\/galeriamiejska.pl\/en\/wp-json\/wp\/v2\/types\/post"}],"author":[{"embeddable":true,"href":"https:\/\/galeriamiejska.pl\/en\/wp-json\/wp\/v2\/users\/1"}],"replies":[{"embeddable":true,"href":"https:\/\/galeriamiejska.pl\/en\/wp-json\/wp\/v2\/comments?post=1840"}],"version-history":[{"count":2,"href":"https:\/\/galeriamiejska.pl\/en\/wp-json\/wp\/v2\/posts\/1840\/revisions"}],"predecessor-version":[{"id":1843,"href":"https:\/\/galeriamiejska.pl\/en\/wp-json\/wp\/v2\/posts\/1840\/revisions\/1843"}],"wp:featuredmedia":[{"embeddable":true,"href":"https:\/\/galeriamiejska.pl\/en\/wp-json\/wp\/v2\/media\/1841"}],"wp:attachment":[{"href":"https:\/\/galeriamiejska.pl\/en\/wp-json\/wp\/v2\/media?parent=1840"}],"wp:term":[{"taxonomy":"category","embeddable":true,"href":"https:\/\/galeriamiejska.pl\/en\/wp-json\/wp\/v2\/categories?post=1840"},{"taxonomy":"post_tag","embeddable":true,"href":"https:\/\/galeriamiejska.pl\/en\/wp-json\/wp\/v2\/tags?post=1840"}],"curies":[{"name":"wp","href":"https:\/\/api.w.org\/{rel}","templated":true}]}}