{"id":1834,"date":"2021-01-29T14:54:23","date_gmt":"2021-01-29T14:54:23","guid":{"rendered":"http:\/\/galeriamiejska.pl\/?p=1834"},"modified":"2021-01-29T14:54:33","modified_gmt":"2021-01-29T14:54:33","slug":"","status":"publish","type":"post","link":"https:\/\/galeriamiejska.pl\/en\/warsztaty-plastyczne-towarzyszace-wystawie-art-work\/","title":{"rendered":"","raw":""},"content":{"rendered":"","protected":false,"raw":""},"excerpt":{"rendered":"","protected":false,"raw":""},"author":1,"featured_media":1835,"comment_status":"open","ping_status":"open","sticky":false,"template":"","format":"standard","meta":{"_pl_post_content":"<!-- wp:paragraph -->\n<p>Fundacja OK. ART i&nbsp;Galeria Miejska we Wroc\u0142awiu zapraszaj\u0105 na dwucz\u0119\u015bciowe warsztaty ceramiczne po\u015bwi\u0119cone wystawie \u201eArt WORK\/PL-UA Arty\u015bci o&nbsp;pracy\u201d. Podczas pierwszego etapu zaj\u0119\u0107 uczestnicy stworz\u0105 formy z&nbsp;gliny, kt\u00f3re nast\u0119pnie zostan\u0105 wypalone w&nbsp;piecu do ceramiki. Drugi etap warsztat\u00f3w b\u0119dzie polega\u0142 na szkliwieniu wypalonych form.<br><br>Warsztaty b\u0119d\u0105 prowadzone przez artyst\u00f3w wsp\u00f3\u0142pracuj\u0105cych z&nbsp;Fundacj\u0105 OK.ART (poziom podstawowy). W&nbsp;zaj\u0119ciach mog\u0105 uczestniczy\u0107 dzieci z&nbsp;opiekunem, m\u0142odzie\u017c, doro\u015bli i&nbsp;seniorzy.<br><br>Prosimy o&nbsp;mailowe zapisy na warsztaty (pod adresem biuro@galeriamiejska.pl).<br><br>Udzia\u0142 w&nbsp;warsztatach jest bezp\u0142atny.<br><br><strong>Warsztaty ceramiczne Fundacji OK.ART<br>I cze\u015b\u0107 \u2013 7 pa\u017adziernika, godzina 13:00<br>Galeria Dworcowa (Dworzec G\u0142\u00f3wny, 2 pi\u0119tro)<br>II cz\u0119\u015b\u0107 \u2013 21 pa\u017adziernika, godzina 13:00<br>O\u015brodek Kulturalnej Animacji Podw\u00f3rkowej (ul. Roosevelta 5A)<br>wst\u0119p BEZP\u0141ATNY<\/strong><br><br>Poznaj Fundacj\u0119 OK.ART: <a href=\"https:\/\/www.facebook.com\/FundacjaOkArt\/\">https:\/\/www.facebook.com\/FundacjaOkArt\/<\/a><br><br><br><br><\/p>\n<!-- \/wp:paragraph -->","_pl_post_name":"warsztaty-plastyczne-towarzyszace-wystawie-art-work","_pl_post_excerpt":"Zaj\u0119cia plastyczne dla dzieci, m\u0142odzie\u017cy i doros\u0142ych prowadzone przez Fundacj\u0119 OK.ART","_pl_post_title":"Warsztaty plastyczne towarzysz\u0105ce wystawie \"Art WORK\"","_en_post_content":"","_en_post_name":"","_en_post_excerpt":"","_en_post_title":"","edit_language":"en","footnotes":""},"categories":[10,8],"tags":[],"class_list":["post-1834","post","type-post","status-publish","format-standard","has-post-thumbnail","hentry","category-archiwalne-wydarzenia","category-wydarzenia"],"yoast_head":"<!-- This site is optimized with the Yoast SEO plugin v16.8 - https:\/\/yoast.com\/wordpress\/plugins\/seo\/ -->\n<title>Warsztaty plastyczne towarzysz\u0105ce wystawie &quot;Art WORK&quot; - Galeria Miejska we Wroc\u0142awiu<\/title>\n<meta name=\"robots\" content=\"index, follow, max-snippet:-1, max-image-preview:large, max-video-preview:-1\" \/>\n<link rel=\"canonical\" href=\"https:\/\/galeriamiejska.pl\/en\/warsztaty-plastyczne-towarzyszace-wystawie-art-work\/\" \/>\n<meta property=\"og:locale\" content=\"en_US\" \/>\n<meta property=\"og:type\" content=\"article\" \/>\n<meta property=\"og:title\" content=\"Warsztaty plastyczne towarzysz\u0105ce wystawie &quot;Art WORK&quot; - Galeria Miejska we Wroc\u0142awiu\" \/>\n<meta property=\"og:description\" content=\"Zaj\u0119cia plastyczne dla dzieci, m\u0142odzie\u017cy i doros\u0142ych prowadzone przez Fundacj\u0119 OK.ART\" \/>\n<meta property=\"og:url\" content=\"https:\/\/galeriamiejska.pl\/en\/warsztaty-plastyczne-towarzyszace-wystawie-art-work\/\" \/>\n<meta property=\"og:site_name\" content=\"Galeria Miejska we Wroc\u0142awiu\" \/>\n<meta property=\"article:published_time\" content=\"2021-01-29T14:54:23+00:00\" \/>\n<meta property=\"article:modified_time\" content=\"2021-01-29T14:54:33+00:00\" \/>\n<meta property=\"og:image\" content=\"https:\/\/galeriamiejska.pl\/wp-content\/uploads\/2021\/01\/597_warsztaty-plastyczne-towarzyszace-wystawie-art-work.jpg\" \/>\n\t<meta property=\"og:image:width\" content=\"640\" \/>\n\t<meta property=\"og:image:height\" content=\"340\" \/>\n<meta name=\"twitter:card\" content=\"summary_large_image\" \/>\n<meta name=\"twitter:label1\" content=\"Written by\" \/>\n\t<meta name=\"twitter:data1\" content=\"admin\" \/>\n\t<meta name=\"twitter:label2\" content=\"Est. reading time\" \/>\n\t<meta name=\"twitter:data2\" content=\"1 minute\" \/>\n<script type=\"application\/ld+json\" class=\"yoast-schema-graph\">{\"@context\":\"https:\/\/schema.org\",\"@graph\":[{\"@type\":\"WebSite\",\"@id\":\"https:\/\/galeriamiejska.pl\/en\/#website\",\"url\":\"https:\/\/galeriamiejska.pl\/en\/\",\"name\":\"Galeria Miejska we Wroc\\u0142awiu\",\"description\":\"\",\"potentialAction\":[{\"@type\":\"SearchAction\",\"target\":{\"@type\":\"EntryPoint\",\"urlTemplate\":\"https:\/\/galeriamiejska.pl\/en\/?s={search_term_string}\"},\"query-input\":\"required name=search_term_string\"}],\"inLanguage\":\"\"},{\"@type\":\"ImageObject\",\"@id\":\"https:\/\/galeriamiejska.pl\/en\/warsztaty-plastyczne-towarzyszace-wystawie-art-work\/#primaryimage\",\"inLanguage\":\"\",\"url\":\"https:\/\/galeriamiejska.pl\/wp-content\/uploads\/2021\/01\/597_warsztaty-plastyczne-towarzyszace-wystawie-art-work.jpg\",\"contentUrl\":\"https:\/\/galeriamiejska.pl\/wp-content\/uploads\/2021\/01\/597_warsztaty-plastyczne-towarzyszace-wystawie-art-work.jpg\",\"width\":640,\"height\":340},{\"@type\":\"WebPage\",\"@id\":\"https:\/\/galeriamiejska.pl\/en\/warsztaty-plastyczne-towarzyszace-wystawie-art-work\/#webpage\",\"url\":\"https:\/\/galeriamiejska.pl\/en\/warsztaty-plastyczne-towarzyszace-wystawie-art-work\/\",\"name\":\"Warsztaty plastyczne towarzysz\\u0105ce wystawie \\\"Art WORK\\\" - Galeria Miejska we Wroc\\u0142awiu\",\"isPartOf\":{\"@id\":\"https:\/\/galeriamiejska.pl\/en\/#website\"},\"primaryImageOfPage\":{\"@id\":\"https:\/\/galeriamiejska.pl\/en\/warsztaty-plastyczne-towarzyszace-wystawie-art-work\/#primaryimage\"},\"datePublished\":\"2021-01-29T14:54:23+00:00\",\"dateModified\":\"2021-01-29T14:54:33+00:00\",\"author\":{\"@id\":\"https:\/\/galeriamiejska.pl\/en\/#\/schema\/person\/cd4f04b0a13c9114f95e23b489b6f9cb\"},\"breadcrumb\":{\"@id\":\"https:\/\/galeriamiejska.pl\/en\/warsztaty-plastyczne-towarzyszace-wystawie-art-work\/#breadcrumb\"},\"inLanguage\":\"\",\"potentialAction\":[{\"@type\":\"ReadAction\",\"target\":[\"https:\/\/galeriamiejska.pl\/en\/warsztaty-plastyczne-towarzyszace-wystawie-art-work\/\"]}]},{\"@type\":\"BreadcrumbList\",\"@id\":\"https:\/\/galeriamiejska.pl\/en\/warsztaty-plastyczne-towarzyszace-wystawie-art-work\/#breadcrumb\",\"itemListElement\":[{\"@type\":\"ListItem\",\"position\":1,\"name\":\"Strona g\\u0142\\u00f3wna\",\"item\":\"https:\/\/galeriamiejska.pl\/en\/\"},{\"@type\":\"ListItem\",\"position\":2,\"name\":\"Warsztaty plastyczne towarzysz\\u0105ce wystawie &#8220;Art WORK&#8221;\"}]},{\"@type\":\"Person\",\"@id\":\"https:\/\/galeriamiejska.pl\/en\/#\/schema\/person\/cd4f04b0a13c9114f95e23b489b6f9cb\",\"name\":\"admin\",\"image\":{\"@type\":\"ImageObject\",\"@id\":\"https:\/\/galeriamiejska.pl\/en\/#personlogo\",\"inLanguage\":\"\",\"url\":\"https:\/\/secure.gravatar.com\/avatar\/3ded5a36984f92b80e2d99cc96780fe89cd37f7fd652108d182620efbb1566fd?s=96&d=mm&r=g\",\"contentUrl\":\"https:\/\/secure.gravatar.com\/avatar\/3ded5a36984f92b80e2d99cc96780fe89cd37f7fd652108d182620efbb1566fd?s=96&d=mm&r=g\",\"caption\":\"admin\"},\"sameAs\":[\"http:\/\/galeriamiejska.pl\"],\"url\":\"https:\/\/galeriamiejska.pl\/en\/author\/admin\/\"}]}<\/script>\n<!-- \/ Yoast SEO plugin. -->","yoast_head_json":{"title":"Warsztaty plastyczne towarzysz\u0105ce wystawie \"Art WORK\" - Galeria Miejska we Wroc\u0142awiu","robots":{"index":"index","follow":"follow","max-snippet":"max-snippet:-1","max-image-preview":"max-image-preview:large","max-video-preview":"max-video-preview:-1"},"canonical":"https:\/\/galeriamiejska.pl\/en\/warsztaty-plastyczne-towarzyszace-wystawie-art-work\/","og_locale":"en_US","og_type":"article","og_title":"Warsztaty plastyczne towarzysz\u0105ce wystawie \"Art WORK\" - Galeria Miejska we Wroc\u0142awiu","og_description":"Zaj\u0119cia plastyczne dla dzieci, m\u0142odzie\u017cy i doros\u0142ych prowadzone przez Fundacj\u0119 OK.ART","og_url":"https:\/\/galeriamiejska.pl\/en\/warsztaty-plastyczne-towarzyszace-wystawie-art-work\/","og_site_name":"Galeria Miejska we Wroc\u0142awiu","article_published_time":"2021-01-29T14:54:23+00:00","article_modified_time":"2021-01-29T14:54:33+00:00","og_image":[{"width":640,"height":340,"url":"https:\/\/galeriamiejska.pl\/wp-content\/uploads\/2021\/01\/597_warsztaty-plastyczne-towarzyszace-wystawie-art-work.jpg","path":"\/autoinstalator\/wordpress\/wp-content\/uploads\/2021\/01\/597_warsztaty-plastyczne-towarzyszace-wystawie-art-work.jpg","size":"full","id":1835,"alt":"","pixels":217600,"type":"image\/jpeg"}],"twitter_card":"summary_large_image","twitter_misc":{"Written by":"admin","Est. reading time":"1 minute"},"schema":{"@context":"https:\/\/schema.org","@graph":[{"@type":"WebSite","@id":"https:\/\/galeriamiejska.pl\/en\/#website","url":"https:\/\/galeriamiejska.pl\/en\/","name":"Galeria Miejska we Wroc\u0142awiu","description":"","potentialAction":[{"@type":"SearchAction","target":{"@type":"EntryPoint","urlTemplate":"https:\/\/galeriamiejska.pl\/en\/?s={search_term_string}"},"query-input":"required name=search_term_string"}],"inLanguage":""},{"@type":"ImageObject","@id":"https:\/\/galeriamiejska.pl\/en\/warsztaty-plastyczne-towarzyszace-wystawie-art-work\/#primaryimage","inLanguage":"","url":"https:\/\/galeriamiejska.pl\/wp-content\/uploads\/2021\/01\/597_warsztaty-plastyczne-towarzyszace-wystawie-art-work.jpg","contentUrl":"https:\/\/galeriamiejska.pl\/wp-content\/uploads\/2021\/01\/597_warsztaty-plastyczne-towarzyszace-wystawie-art-work.jpg","width":640,"height":340},{"@type":"WebPage","@id":"https:\/\/galeriamiejska.pl\/en\/warsztaty-plastyczne-towarzyszace-wystawie-art-work\/#webpage","url":"https:\/\/galeriamiejska.pl\/en\/warsztaty-plastyczne-towarzyszace-wystawie-art-work\/","name":"Warsztaty plastyczne towarzysz\u0105ce wystawie \"Art WORK\" - Galeria Miejska we Wroc\u0142awiu","isPartOf":{"@id":"https:\/\/galeriamiejska.pl\/en\/#website"},"primaryImageOfPage":{"@id":"https:\/\/galeriamiejska.pl\/en\/warsztaty-plastyczne-towarzyszace-wystawie-art-work\/#primaryimage"},"datePublished":"2021-01-29T14:54:23+00:00","dateModified":"2021-01-29T14:54:33+00:00","author":{"@id":"https:\/\/galeriamiejska.pl\/en\/#\/schema\/person\/cd4f04b0a13c9114f95e23b489b6f9cb"},"breadcrumb":{"@id":"https:\/\/galeriamiejska.pl\/en\/warsztaty-plastyczne-towarzyszace-wystawie-art-work\/#breadcrumb"},"inLanguage":"","potentialAction":[{"@type":"ReadAction","target":["https:\/\/galeriamiejska.pl\/en\/warsztaty-plastyczne-towarzyszace-wystawie-art-work\/"]}]},{"@type":"BreadcrumbList","@id":"https:\/\/galeriamiejska.pl\/en\/warsztaty-plastyczne-towarzyszace-wystawie-art-work\/#breadcrumb","itemListElement":[{"@type":"ListItem","position":1,"name":"Strona g\u0142\u00f3wna","item":"https:\/\/galeriamiejska.pl\/en\/"},{"@type":"ListItem","position":2,"name":"Warsztaty plastyczne towarzysz\u0105ce wystawie &#8220;Art WORK&#8221;"}]},{"@type":"Person","@id":"https:\/\/galeriamiejska.pl\/en\/#\/schema\/person\/cd4f04b0a13c9114f95e23b489b6f9cb","name":"admin","image":{"@type":"ImageObject","@id":"https:\/\/galeriamiejska.pl\/en\/#personlogo","inLanguage":"","url":"https:\/\/secure.gravatar.com\/avatar\/3ded5a36984f92b80e2d99cc96780fe89cd37f7fd652108d182620efbb1566fd?s=96&d=mm&r=g","contentUrl":"https:\/\/secure.gravatar.com\/avatar\/3ded5a36984f92b80e2d99cc96780fe89cd37f7fd652108d182620efbb1566fd?s=96&d=mm&r=g","caption":"admin"},"sameAs":["http:\/\/galeriamiejska.pl"],"url":"https:\/\/galeriamiejska.pl\/en\/author\/admin\/"}]}},"_links":{"self":[{"href":"https:\/\/galeriamiejska.pl\/en\/wp-json\/wp\/v2\/posts\/1834","targetHints":{"allow":["GET"]}}],"collection":[{"href":"https:\/\/galeriamiejska.pl\/en\/wp-json\/wp\/v2\/posts"}],"about":[{"href":"https:\/\/galeriamiejska.pl\/en\/wp-json\/wp\/v2\/types\/post"}],"author":[{"embeddable":true,"href":"https:\/\/galeriamiejska.pl\/en\/wp-json\/wp\/v2\/users\/1"}],"replies":[{"embeddable":true,"href":"https:\/\/galeriamiejska.pl\/en\/wp-json\/wp\/v2\/comments?post=1834"}],"version-history":[{"count":4,"href":"https:\/\/galeriamiejska.pl\/en\/wp-json\/wp\/v2\/posts\/1834\/revisions"}],"predecessor-version":[{"id":1839,"href":"https:\/\/galeriamiejska.pl\/en\/wp-json\/wp\/v2\/posts\/1834\/revisions\/1839"}],"wp:featuredmedia":[{"embeddable":true,"href":"https:\/\/galeriamiejska.pl\/en\/wp-json\/wp\/v2\/media\/1835"}],"wp:attachment":[{"href":"https:\/\/galeriamiejska.pl\/en\/wp-json\/wp\/v2\/media?parent=1834"}],"wp:term":[{"taxonomy":"category","embeddable":true,"href":"https:\/\/galeriamiejska.pl\/en\/wp-json\/wp\/v2\/categories?post=1834"},{"taxonomy":"post_tag","embeddable":true,"href":"https:\/\/galeriamiejska.pl\/en\/wp-json\/wp\/v2\/tags?post=1834"}],"curies":[{"name":"wp","href":"https:\/\/api.w.org\/{rel}","templated":true}]}}