{"id":1809,"date":"2021-01-29T14:49:55","date_gmt":"2021-01-29T14:49:55","guid":{"rendered":"http:\/\/galeriamiejska.pl\/?p=1809"},"modified":"2021-12-07T09:54:18","modified_gmt":"2021-12-07T09:54:18","slug":"","status":"publish","type":"post","link":"https:\/\/galeriamiejska.pl\/en\/noc-muzeow-we-wroclawiu-2017\/","title":{"rendered":"","raw":""},"content":{"rendered":"","protected":false,"raw":""},"excerpt":{"rendered":"","protected":false,"raw":""},"author":1,"featured_media":1810,"comment_status":"open","ping_status":"open","sticky":false,"template":"","format":"standard","meta":{"_pl_post_content":"<!-- wp:paragraph -->\n<p><strong>Galeria Miejska we Wroc\u0142awiu zaprasza do udzia\u0142u w&nbsp;NOCY MUZE\u00d3W we Wroc\u0142awiu 2017!<\/strong><br><br>Podczas tegorocznej edycji wydarzenia, w&nbsp;murach GM\/ b\u0119dzie mo\u017cna obejrze\u0107 wystaw\u0119 Wratislavia pro Bratislava \/ Bratislava pro Wratislavia.<br><br>Ekspozycja prezentuje tw\u00f3rczo\u015b\u0107 s\u0142owackich artyst\u00f3w (student\u00f3w, pedagog\u00f3w i&nbsp;absolwent\u00f3w) bratys\u0142awskiej Akademii Sztuk Pi\u0119knych.<br><br><br>Wi\u0119cej informacji na temat wystawy:<br><a href=\"http:\/\/galeriamiejska.pl\/wystawy\/00557_wratislavia-pro-bratislava--bratislava-pro-wratislavia\">http:\/\/galeriamiejska.pl\/wystawy\/00557_wratislavia-pro-bratislava--bratislava-pro-wratislavia<br><\/a><br><br>Podczas NOCY MUZE\u00d3W 2017 w&nbsp;Galerii Miejskiej we Wroc\u0142awiu, b\u0119dzie mo\u017cna zakupi\u0107 galeryjne wydawnictwa i&nbsp;gad\u017cety w&nbsp;specjalnych cenach.<br><br>Zapraszamy od godziny 16:00 do 22:00!<\/p>\n<!-- \/wp:paragraph -->\n\n<!-- wp:gallery {\"ids\":[1814,1815,1816,1817],\"columns\":4,\"linkTo\":\"file\",\"sizeSlug\":\"full\"} -->\n<figure class=\"wp-block-gallery columns-4 is-cropped\"><ul class=\"blocks-gallery-grid\"><li class=\"blocks-gallery-item\"><figure><a href=\"http:\/\/galeriamiejska.pl\/wp-content\/uploads\/2021\/01\/561_2_wystawa-wratislavia-pro-bratislava-bratislava-pro-wratislavia.jpg\"><img src=\"https:\/\/galeriamiejska.pl\/wp-content\/uploads\/2021\/01\/561_2_wystawa-wratislavia-pro-bratislava-bratislava-pro-wratislavia.jpg\" alt=\"\" data-id=\"1814\" data-full-url=\"http:\/\/galeriamiejska.pl\/wp-content\/uploads\/2021\/01\/561_2_wystawa-wratislavia-pro-bratislava-bratislava-pro-wratislavia.jpg\" data-link=\"http:\/\/galeriamiejska.pl\/noc-muzeow-we-wroclawiu-2017\/561_2_wystawa-wratislavia-pro-bratislava-bratislava-pro-wratislavia\/\" class=\"wp-image-1814\"\/><\/a><\/figure><\/li><li class=\"blocks-gallery-item\"><figure><a href=\"http:\/\/galeriamiejska.pl\/wp-content\/uploads\/2021\/01\/561_1_wystawa-wratislavia-pro-bratislava-bratislava-pro-wratislavia.jpg\"><img src=\"https:\/\/galeriamiejska.pl\/wp-content\/uploads\/2021\/01\/561_1_wystawa-wratislavia-pro-bratislava-bratislava-pro-wratislavia.jpg\" alt=\"\" data-id=\"1815\" data-full-url=\"http:\/\/galeriamiejska.pl\/wp-content\/uploads\/2021\/01\/561_1_wystawa-wratislavia-pro-bratislava-bratislava-pro-wratislavia.jpg\" data-link=\"http:\/\/galeriamiejska.pl\/noc-muzeow-we-wroclawiu-2017\/561_1_wystawa-wratislavia-pro-bratislava-bratislava-pro-wratislavia\/\" class=\"wp-image-1815\"\/><\/a><\/figure><\/li><li class=\"blocks-gallery-item\"><figure><a href=\"http:\/\/galeriamiejska.pl\/wp-content\/uploads\/2021\/01\/561_wystawa-wratislavia-pro-bratislava-bratislava-pro-wratislavia.jpg\"><img src=\"https:\/\/galeriamiejska.pl\/wp-content\/uploads\/2021\/01\/561_wystawa-wratislavia-pro-bratislava-bratislava-pro-wratislavia.jpg\" alt=\"\" data-id=\"1816\" data-full-url=\"http:\/\/galeriamiejska.pl\/wp-content\/uploads\/2021\/01\/561_wystawa-wratislavia-pro-bratislava-bratislava-pro-wratislavia.jpg\" data-link=\"http:\/\/galeriamiejska.pl\/noc-muzeow-we-wroclawiu-2017\/561_wystawa-wratislavia-pro-bratislava-bratislava-pro-wratislavia\/\" class=\"wp-image-1816\"\/><\/a><\/figure><\/li><li class=\"blocks-gallery-item\"><figure><a href=\"http:\/\/galeriamiejska.pl\/wp-content\/uploads\/2021\/01\/561_3_wystawa-wratislavia-pro-bratislava-bratislava-pro-wratislavia.jpg\"><img src=\"https:\/\/galeriamiejska.pl\/wp-content\/uploads\/2021\/01\/561_3_wystawa-wratislavia-pro-bratislava-bratislava-pro-wratislavia.jpg\" alt=\"\" data-id=\"1817\" data-full-url=\"http:\/\/galeriamiejska.pl\/wp-content\/uploads\/2021\/01\/561_3_wystawa-wratislavia-pro-bratislava-bratislava-pro-wratislavia.jpg\" data-link=\"http:\/\/galeriamiejska.pl\/noc-muzeow-we-wroclawiu-2017\/561_3_wystawa-wratislavia-pro-bratislava-bratislava-pro-wratislavia\/\" class=\"wp-image-1817\"\/><\/a><\/figure><\/li><\/ul><\/figure>\n<!-- \/wp:gallery -->\n\n<!-- wp:paragraph -->\n<p><br><br><br><\/p>\n<!-- \/wp:paragraph -->","_pl_post_name":"noc-muzeow-we-wroclawiu-2017","_pl_post_excerpt":"Zapraszamy od godziny 16:00 do 22:00","_pl_post_title":"Noc Muze\u00f3w we Wroc\u0142awiu 2017","_en_post_content":"","_en_post_name":"","_en_post_excerpt":"","_en_post_title":"","edit_language":"en","footnotes":""},"categories":[10,8],"tags":[],"class_list":["post-1809","post","type-post","status-publish","format-standard","has-post-thumbnail","hentry","category-archiwalne-wydarzenia","category-wydarzenia"],"yoast_head":"<!-- This site is optimized with the Yoast SEO plugin v16.8 - https:\/\/yoast.com\/wordpress\/plugins\/seo\/ -->\n<title>Noc Muze\u00f3w we Wroc\u0142awiu 2017 - Galeria Miejska we Wroc\u0142awiu<\/title>\n<meta name=\"robots\" content=\"index, follow, max-snippet:-1, max-image-preview:large, max-video-preview:-1\" \/>\n<link rel=\"canonical\" href=\"https:\/\/galeriamiejska.pl\/en\/noc-muzeow-we-wroclawiu-2017\/\" \/>\n<meta property=\"og:locale\" content=\"en_US\" \/>\n<meta property=\"og:type\" content=\"article\" \/>\n<meta property=\"og:title\" content=\"Noc Muze\u00f3w we Wroc\u0142awiu 2017 - Galeria Miejska we Wroc\u0142awiu\" \/>\n<meta property=\"og:description\" content=\"Zapraszamy od godziny 16:00 do 22:00\" \/>\n<meta property=\"og:url\" content=\"https:\/\/galeriamiejska.pl\/en\/noc-muzeow-we-wroclawiu-2017\/\" \/>\n<meta property=\"og:site_name\" content=\"Galeria Miejska we Wroc\u0142awiu\" \/>\n<meta property=\"article:published_time\" content=\"2021-01-29T14:49:55+00:00\" \/>\n<meta property=\"article:modified_time\" content=\"2021-12-07T09:54:18+00:00\" \/>\n<meta property=\"og:image\" content=\"https:\/\/galeriamiejska.pl\/wp-content\/uploads\/2021\/01\/561_noc-muzeow-2017-w-galerii-miejskiej-we-wroclawiu.jpg\" \/>\n\t<meta property=\"og:image:width\" content=\"640\" \/>\n\t<meta property=\"og:image:height\" content=\"340\" \/>\n<meta name=\"twitter:card\" content=\"summary_large_image\" \/>\n<meta name=\"twitter:label1\" content=\"Written by\" \/>\n\t<meta name=\"twitter:data1\" content=\"admin\" \/>\n\t<meta name=\"twitter:label2\" content=\"Est. reading time\" \/>\n\t<meta name=\"twitter:data2\" content=\"2 minutes\" \/>\n<script type=\"application\/ld+json\" class=\"yoast-schema-graph\">{\"@context\":\"https:\/\/schema.org\",\"@graph\":[{\"@type\":\"WebSite\",\"@id\":\"https:\/\/galeriamiejska.pl\/en\/#website\",\"url\":\"https:\/\/galeriamiejska.pl\/en\/\",\"name\":\"Galeria Miejska we Wroc\\u0142awiu\",\"description\":\"\",\"potentialAction\":[{\"@type\":\"SearchAction\",\"target\":{\"@type\":\"EntryPoint\",\"urlTemplate\":\"https:\/\/galeriamiejska.pl\/en\/?s={search_term_string}\"},\"query-input\":\"required name=search_term_string\"}],\"inLanguage\":\"\"},{\"@type\":\"ImageObject\",\"@id\":\"https:\/\/galeriamiejska.pl\/en\/noc-muzeow-we-wroclawiu-2017\/#primaryimage\",\"inLanguage\":\"\",\"url\":\"https:\/\/galeriamiejska.pl\/wp-content\/uploads\/2021\/01\/561_noc-muzeow-2017-w-galerii-miejskiej-we-wroclawiu.jpg\",\"contentUrl\":\"https:\/\/galeriamiejska.pl\/wp-content\/uploads\/2021\/01\/561_noc-muzeow-2017-w-galerii-miejskiej-we-wroclawiu.jpg\",\"width\":640,\"height\":340},{\"@type\":\"WebPage\",\"@id\":\"https:\/\/galeriamiejska.pl\/en\/noc-muzeow-we-wroclawiu-2017\/#webpage\",\"url\":\"https:\/\/galeriamiejska.pl\/en\/noc-muzeow-we-wroclawiu-2017\/\",\"name\":\"Noc Muze\\u00f3w we Wroc\\u0142awiu 2017 - Galeria Miejska we Wroc\\u0142awiu\",\"isPartOf\":{\"@id\":\"https:\/\/galeriamiejska.pl\/en\/#website\"},\"primaryImageOfPage\":{\"@id\":\"https:\/\/galeriamiejska.pl\/en\/noc-muzeow-we-wroclawiu-2017\/#primaryimage\"},\"datePublished\":\"2021-01-29T14:49:55+00:00\",\"dateModified\":\"2021-12-07T09:54:18+00:00\",\"author\":{\"@id\":\"https:\/\/galeriamiejska.pl\/en\/#\/schema\/person\/cd4f04b0a13c9114f95e23b489b6f9cb\"},\"breadcrumb\":{\"@id\":\"https:\/\/galeriamiejska.pl\/en\/noc-muzeow-we-wroclawiu-2017\/#breadcrumb\"},\"inLanguage\":\"\",\"potentialAction\":[{\"@type\":\"ReadAction\",\"target\":[\"https:\/\/galeriamiejska.pl\/en\/noc-muzeow-we-wroclawiu-2017\/\"]}]},{\"@type\":\"BreadcrumbList\",\"@id\":\"https:\/\/galeriamiejska.pl\/en\/noc-muzeow-we-wroclawiu-2017\/#breadcrumb\",\"itemListElement\":[{\"@type\":\"ListItem\",\"position\":1,\"name\":\"Strona g\\u0142\\u00f3wna\",\"item\":\"https:\/\/galeriamiejska.pl\/en\/\"},{\"@type\":\"ListItem\",\"position\":2,\"name\":\"Noc Muze\\u00f3w we Wroc\\u0142awiu 2017\"}]},{\"@type\":\"Person\",\"@id\":\"https:\/\/galeriamiejska.pl\/en\/#\/schema\/person\/cd4f04b0a13c9114f95e23b489b6f9cb\",\"name\":\"admin\",\"image\":{\"@type\":\"ImageObject\",\"@id\":\"https:\/\/galeriamiejska.pl\/en\/#personlogo\",\"inLanguage\":\"\",\"url\":\"https:\/\/secure.gravatar.com\/avatar\/3ded5a36984f92b80e2d99cc96780fe89cd37f7fd652108d182620efbb1566fd?s=96&d=mm&r=g\",\"contentUrl\":\"https:\/\/secure.gravatar.com\/avatar\/3ded5a36984f92b80e2d99cc96780fe89cd37f7fd652108d182620efbb1566fd?s=96&d=mm&r=g\",\"caption\":\"admin\"},\"sameAs\":[\"http:\/\/galeriamiejska.pl\"],\"url\":\"https:\/\/galeriamiejska.pl\/en\/author\/admin\/\"}]}<\/script>\n<!-- \/ Yoast SEO plugin. -->","yoast_head_json":{"title":"Noc Muze\u00f3w we Wroc\u0142awiu 2017 - Galeria Miejska we Wroc\u0142awiu","robots":{"index":"index","follow":"follow","max-snippet":"max-snippet:-1","max-image-preview":"max-image-preview:large","max-video-preview":"max-video-preview:-1"},"canonical":"https:\/\/galeriamiejska.pl\/en\/noc-muzeow-we-wroclawiu-2017\/","og_locale":"en_US","og_type":"article","og_title":"Noc Muze\u00f3w we Wroc\u0142awiu 2017 - Galeria Miejska we Wroc\u0142awiu","og_description":"Zapraszamy od godziny 16:00 do 22:00","og_url":"https:\/\/galeriamiejska.pl\/en\/noc-muzeow-we-wroclawiu-2017\/","og_site_name":"Galeria Miejska we Wroc\u0142awiu","article_published_time":"2021-01-29T14:49:55+00:00","article_modified_time":"2021-12-07T09:54:18+00:00","og_image":[{"width":640,"height":340,"url":"https:\/\/galeriamiejska.pl\/wp-content\/uploads\/2021\/01\/561_noc-muzeow-2017-w-galerii-miejskiej-we-wroclawiu.jpg","path":"\/autoinstalator\/wordpress\/wp-content\/uploads\/2021\/01\/561_noc-muzeow-2017-w-galerii-miejskiej-we-wroclawiu.jpg","size":"full","id":1810,"alt":"","pixels":217600,"type":"image\/jpeg"}],"twitter_card":"summary_large_image","twitter_misc":{"Written by":"admin","Est. reading time":"2 minutes"},"schema":{"@context":"https:\/\/schema.org","@graph":[{"@type":"WebSite","@id":"https:\/\/galeriamiejska.pl\/en\/#website","url":"https:\/\/galeriamiejska.pl\/en\/","name":"Galeria Miejska we Wroc\u0142awiu","description":"","potentialAction":[{"@type":"SearchAction","target":{"@type":"EntryPoint","urlTemplate":"https:\/\/galeriamiejska.pl\/en\/?s={search_term_string}"},"query-input":"required name=search_term_string"}],"inLanguage":""},{"@type":"ImageObject","@id":"https:\/\/galeriamiejska.pl\/en\/noc-muzeow-we-wroclawiu-2017\/#primaryimage","inLanguage":"","url":"https:\/\/galeriamiejska.pl\/wp-content\/uploads\/2021\/01\/561_noc-muzeow-2017-w-galerii-miejskiej-we-wroclawiu.jpg","contentUrl":"https:\/\/galeriamiejska.pl\/wp-content\/uploads\/2021\/01\/561_noc-muzeow-2017-w-galerii-miejskiej-we-wroclawiu.jpg","width":640,"height":340},{"@type":"WebPage","@id":"https:\/\/galeriamiejska.pl\/en\/noc-muzeow-we-wroclawiu-2017\/#webpage","url":"https:\/\/galeriamiejska.pl\/en\/noc-muzeow-we-wroclawiu-2017\/","name":"Noc Muze\u00f3w we Wroc\u0142awiu 2017 - Galeria Miejska we Wroc\u0142awiu","isPartOf":{"@id":"https:\/\/galeriamiejska.pl\/en\/#website"},"primaryImageOfPage":{"@id":"https:\/\/galeriamiejska.pl\/en\/noc-muzeow-we-wroclawiu-2017\/#primaryimage"},"datePublished":"2021-01-29T14:49:55+00:00","dateModified":"2021-12-07T09:54:18+00:00","author":{"@id":"https:\/\/galeriamiejska.pl\/en\/#\/schema\/person\/cd4f04b0a13c9114f95e23b489b6f9cb"},"breadcrumb":{"@id":"https:\/\/galeriamiejska.pl\/en\/noc-muzeow-we-wroclawiu-2017\/#breadcrumb"},"inLanguage":"","potentialAction":[{"@type":"ReadAction","target":["https:\/\/galeriamiejska.pl\/en\/noc-muzeow-we-wroclawiu-2017\/"]}]},{"@type":"BreadcrumbList","@id":"https:\/\/galeriamiejska.pl\/en\/noc-muzeow-we-wroclawiu-2017\/#breadcrumb","itemListElement":[{"@type":"ListItem","position":1,"name":"Strona g\u0142\u00f3wna","item":"https:\/\/galeriamiejska.pl\/en\/"},{"@type":"ListItem","position":2,"name":"Noc Muze\u00f3w we Wroc\u0142awiu 2017"}]},{"@type":"Person","@id":"https:\/\/galeriamiejska.pl\/en\/#\/schema\/person\/cd4f04b0a13c9114f95e23b489b6f9cb","name":"admin","image":{"@type":"ImageObject","@id":"https:\/\/galeriamiejska.pl\/en\/#personlogo","inLanguage":"","url":"https:\/\/secure.gravatar.com\/avatar\/3ded5a36984f92b80e2d99cc96780fe89cd37f7fd652108d182620efbb1566fd?s=96&d=mm&r=g","contentUrl":"https:\/\/secure.gravatar.com\/avatar\/3ded5a36984f92b80e2d99cc96780fe89cd37f7fd652108d182620efbb1566fd?s=96&d=mm&r=g","caption":"admin"},"sameAs":["http:\/\/galeriamiejska.pl"],"url":"https:\/\/galeriamiejska.pl\/en\/author\/admin\/"}]}},"_links":{"self":[{"href":"https:\/\/galeriamiejska.pl\/en\/wp-json\/wp\/v2\/posts\/1809","targetHints":{"allow":["GET"]}}],"collection":[{"href":"https:\/\/galeriamiejska.pl\/en\/wp-json\/wp\/v2\/posts"}],"about":[{"href":"https:\/\/galeriamiejska.pl\/en\/wp-json\/wp\/v2\/types\/post"}],"author":[{"embeddable":true,"href":"https:\/\/galeriamiejska.pl\/en\/wp-json\/wp\/v2\/users\/1"}],"replies":[{"embeddable":true,"href":"https:\/\/galeriamiejska.pl\/en\/wp-json\/wp\/v2\/comments?post=1809"}],"version-history":[{"count":7,"href":"https:\/\/galeriamiejska.pl\/en\/wp-json\/wp\/v2\/posts\/1809\/revisions"}],"predecessor-version":[{"id":4657,"href":"https:\/\/galeriamiejska.pl\/en\/wp-json\/wp\/v2\/posts\/1809\/revisions\/4657"}],"wp:featuredmedia":[{"embeddable":true,"href":"https:\/\/galeriamiejska.pl\/en\/wp-json\/wp\/v2\/media\/1810"}],"wp:attachment":[{"href":"https:\/\/galeriamiejska.pl\/en\/wp-json\/wp\/v2\/media?parent=1809"}],"wp:term":[{"taxonomy":"category","embeddable":true,"href":"https:\/\/galeriamiejska.pl\/en\/wp-json\/wp\/v2\/categories?post=1809"},{"taxonomy":"post_tag","embeddable":true,"href":"https:\/\/galeriamiejska.pl\/en\/wp-json\/wp\/v2\/tags?post=1809"}],"curies":[{"name":"wp","href":"https:\/\/api.w.org\/{rel}","templated":true}]}}