{"id":1804,"date":"2021-01-29T14:48:44","date_gmt":"2021-01-29T14:48:44","guid":{"rendered":"http:\/\/galeriamiejska.pl\/?p=1804"},"modified":"2021-01-29T14:49:08","modified_gmt":"2021-01-29T14:49:08","slug":"","status":"publish","type":"post","link":"https:\/\/galeriamiejska.pl\/en\/idziecie-na-wilki\/","title":{"rendered":"","raw":""},"content":{"rendered":"","protected":false,"raw":""},"excerpt":{"rendered":"","protected":false,"raw":""},"author":1,"featured_media":1805,"comment_status":"open","ping_status":"open","sticky":false,"template":"","format":"standard","meta":{"_pl_post_content":"<!-- wp:paragraph -->\n<p><strong>Wystawa \u201eIdziecie na wilki?\u201d to druga (po ekspozycji \u201eIdziecie na Mincieli?\u201d z&nbsp;2016 r.) ods\u0142ona efekt\u00f3w wsp\u00f3lnej pracy student\u00f3w i&nbsp;nauczycieli w&nbsp;Otwartej Pracowni Malarstwa Uli Wilk i&nbsp;Eugeniusza Minciela, dzia\u0142aj\u0105cej przy wroc\u0142awskiej Akademii Sztuk Pi\u0119knych. Ekspozycja stanowi wi\u0119c rodzaj podsumowania i&nbsp;zwie\u0144czenia nieformalnych spotka\u0144, kt\u00f3rych celem jest przede wszystkim ponadpokoleniowa rozmowa, rozwijanie umiej\u0119tno\u015bci artystycznych, poszukiwanie inspiracji oraz pr\u00f3ba rozwi\u0105zywania tw\u00f3rczych problem\u00f3w - tak student\u00f3w jak i&nbsp;dojrza\u0142ych artyst\u00f3w, kt\u00f3rzy w&nbsp;ramach spotka\u0144 pe\u0142ni\u0105 raczej rol\u0119 opiekun\u00f3w ni\u017c mistrz\u00f3w.<\/strong><br><br>Dla uczestnicz\u0105cych w&nbsp;tych nieobowi\u0105zkowych zaj\u0119ciach student\u00f3w jest to r\u00f3wnie\u017c \u015bwietna okazja do poznania do\u015bwiadczonych i&nbsp;docenionych artyst\u00f3w, tak\u017ce tych reprezentuj\u0105cych starsze pokolenie. W&nbsp;tym roku byli to m.in. Jan Chwa\u0142czyk, Anna Kutera, Ryszard Paj\u0105czek czy Kasia Kmita, kt\u00f3rych wybrane prace r\u00f3wnie\u017c w\u0142\u0105czone zosta\u0142y w&nbsp;podsumowuj\u0105c\u0105 prezentacj\u0119.<br><br>Wa\u017cnym aspektem wystawy \u201eIdziecie na wilki?\u201d jest zniesienie klasycznego podzia\u0142u na mistrza i&nbsp;ucznia, co uwidacznia si\u0119 zar\u00f3wno na poziomie czysto artystycznym, jak i&nbsp;ekspozycyjnym. Prezentacji daleko do shierarchizowanego tworu kszta\u0142towanego przez posta\u0107 kuratora, kt\u00f3rego celowo nie wyznaczono. Wolno\u015b\u0107, tw\u00f3rcza swoboda i&nbsp;spontaniczno\u015b\u0107 \u2013 piel\u0119gnowane podczas spotka\u0144 w&nbsp;pracowni zosta\u0142y przeniesione w&nbsp;mury galerii, dzi\u0119ki czemu tw\u00f3rczy dialog odbywa si\u0119 w&nbsp;przestrzeni ca\u0142kowicie demokratycznej. Dlatego te\u017c, obok prac poruszaj\u0105cych szeroko rozumiane w\u0105tki kulturowe, spo\u0142eczne czy historyczne mog\u0142y znale\u017a\u0107 si\u0119 realizacje skupiaj\u0105ce si\u0119 na zagadnieniach czysto estetycznych.<br><br>Formu\u0142a otwartej pracowni opracowana przez Ul\u0119 Wilk i&nbsp;Eugeniusza Minciela, kt\u00f3rej charakter zwizualizowany zosta\u0142 na wystawie, zak\u0142ada odej\u015bcie od schematycznej relacji \u0142\u0105cz\u0105cej pocz\u0105tkuj\u0105cego artyst\u0119 z&nbsp;nauczycielem, ze wszystkimi cechami okre\u015blaj\u0105cymi ten zwi\u0105zek. Pedagodzy nie roszcz\u0105 sobie prawa do oceniania, wyr\u00f3\u017cniania czy narzucania pomys\u0142u na tw\u00f3rczo\u015b\u0107, ich pomoc polega na pokazaniu mo\u017cliwo\u015bci i&nbsp;\u2013 co najwa\u017cniejsze \u2013 ws\u0142uchiwaniu si\u0119 w&nbsp;to, co maja do przekazania m\u0142odzi arty\u015bci.<br><br>Wystawa, cho\u0107 prezentuje szereg prac wykonanych przez indywidualnych tw\u00f3rc\u00f3w przemyca te\u017c atmosfer\u0119 wsp\u00f3lnotowo\u015bci i&nbsp;kolektywnej pracy \u2013 warto\u015bci, kt\u00f3re stanowi\u0105 o&nbsp;wyj\u0105tkowo\u015bci pracowni prowadzonej przez Wilki.<br>Na wystawie przejdziemy przez tw\u00f3rczo\u015b\u0107 20 artyst\u00f3w i&nbsp;ponad 20 realizacji wykonanych w&nbsp;r\u00f3\u017cnych technikach plastycznych: od klasycznej farby olejnej przez papierowe wycinanki do ma\u0142oformatowych aluminiowych odlew\u00f3w czy rze\u017ab wykonanych w&nbsp;drewnie.<br><br>Ze swoimi pracami wyst\u0105pili: Anna Kutera, Kasia Kmita, Krystyna Szczepaniak, Jan Chwa\u0142czyk, Ryszard Paj\u0105czek, Krzysztof Latarowski, Tomasz Wiktor, Hania Kujda, Liosha Vashkevich, Weronika Go\u0142a\u015b, Aneta Lewandowska, Iza Opie\u0142ka, Agata Lankamer, Alicja Pruchniewicz, J\u0119drzej Sierpi\u0144ski, Magdalena Kanawka, Ola Opali\u0144ska, Monika Stefanowska, Urszula Wilk oraz Eugeniusz Minciel.<br><br><br>Zapraszamy na wernisa\u017c 6 kwietnia o&nbsp;godzinie 18:00.<br><br>Do\u0142\u0105cz do wydarzenia na Facebooku:<br><a href=\"http:\/\/https:\/\/www.facebook.com\/events\/259490617795093\/\">https:\/\/www.facebook.com\/events\/259490617795093\/<\/a><br><br>Zobacz zdj\u0119cia z&nbsp;wernisa\u017cu:<br><a href=\"https:\/\/www.facebook.com\/pg\/galeria.miejska\/photos\/?tab=album&amp;album_id=1302588676484209\">https:\/\/www.facebook.com\/pg\/galeria.miejska\/photos\/?tab=album&amp;album_id=1302588676484209<\/a><br><\/p>\n<!-- \/wp:paragraph -->","_pl_post_name":"idziecie-na-wilki","_pl_post_excerpt":"Wystawa podsumowuj\u0105ca spotkania w Autorskiej Pracowni Urszuli Wilk i Eugeniusza Minciela.","_pl_post_title":"Idziecie na wilki?","_en_post_content":"","_en_post_name":"","_en_post_excerpt":"","_en_post_title":"","edit_language":"en","footnotes":""},"categories":[10,8],"tags":[],"class_list":["post-1804","post","type-post","status-publish","format-standard","has-post-thumbnail","hentry","category-archiwalne-wydarzenia","category-wydarzenia"],"yoast_head":"<!-- This site is optimized with the Yoast SEO plugin v16.8 - https:\/\/yoast.com\/wordpress\/plugins\/seo\/ -->\n<title>Idziecie na wilki? - Galeria Miejska we Wroc\u0142awiu<\/title>\n<meta name=\"robots\" content=\"index, follow, max-snippet:-1, max-image-preview:large, max-video-preview:-1\" \/>\n<link rel=\"canonical\" href=\"https:\/\/galeriamiejska.pl\/en\/idziecie-na-wilki\/\" \/>\n<meta property=\"og:locale\" content=\"en_US\" \/>\n<meta property=\"og:type\" content=\"article\" \/>\n<meta property=\"og:title\" content=\"Idziecie na wilki? - Galeria Miejska we Wroc\u0142awiu\" \/>\n<meta property=\"og:description\" content=\"Wystawa podsumowuj\u0105ca spotkania w Autorskiej Pracowni Urszuli Wilk i Eugeniusza Minciela.\" \/>\n<meta property=\"og:url\" content=\"https:\/\/galeriamiejska.pl\/en\/idziecie-na-wilki\/\" \/>\n<meta property=\"og:site_name\" content=\"Galeria Miejska we Wroc\u0142awiu\" \/>\n<meta property=\"article:published_time\" content=\"2021-01-29T14:48:44+00:00\" \/>\n<meta property=\"article:modified_time\" content=\"2021-01-29T14:49:08+00:00\" \/>\n<meta property=\"og:image\" content=\"https:\/\/galeriamiejska.pl\/wp-content\/uploads\/2021\/01\/555_wystawa-idziecie-na-wilkih.jpg\" \/>\n\t<meta property=\"og:image:width\" content=\"640\" \/>\n\t<meta property=\"og:image:height\" content=\"340\" \/>\n<meta name=\"twitter:card\" content=\"summary_large_image\" \/>\n<meta name=\"twitter:label1\" content=\"Written by\" \/>\n\t<meta name=\"twitter:data1\" content=\"admin\" \/>\n\t<meta name=\"twitter:label2\" content=\"Est. reading time\" \/>\n\t<meta name=\"twitter:data2\" content=\"3 minutes\" \/>\n<script type=\"application\/ld+json\" class=\"yoast-schema-graph\">{\"@context\":\"https:\/\/schema.org\",\"@graph\":[{\"@type\":\"WebSite\",\"@id\":\"https:\/\/galeriamiejska.pl\/en\/#website\",\"url\":\"https:\/\/galeriamiejska.pl\/en\/\",\"name\":\"Galeria Miejska we Wroc\\u0142awiu\",\"description\":\"\",\"potentialAction\":[{\"@type\":\"SearchAction\",\"target\":{\"@type\":\"EntryPoint\",\"urlTemplate\":\"https:\/\/galeriamiejska.pl\/en\/?s={search_term_string}\"},\"query-input\":\"required name=search_term_string\"}],\"inLanguage\":\"\"},{\"@type\":\"ImageObject\",\"@id\":\"https:\/\/galeriamiejska.pl\/en\/idziecie-na-wilki\/#primaryimage\",\"inLanguage\":\"\",\"url\":\"https:\/\/galeriamiejska.pl\/wp-content\/uploads\/2021\/01\/555_wystawa-idziecie-na-wilkih.jpg\",\"contentUrl\":\"https:\/\/galeriamiejska.pl\/wp-content\/uploads\/2021\/01\/555_wystawa-idziecie-na-wilkih.jpg\",\"width\":640,\"height\":340},{\"@type\":\"WebPage\",\"@id\":\"https:\/\/galeriamiejska.pl\/en\/idziecie-na-wilki\/#webpage\",\"url\":\"https:\/\/galeriamiejska.pl\/en\/idziecie-na-wilki\/\",\"name\":\"Idziecie na wilki? - Galeria Miejska we Wroc\\u0142awiu\",\"isPartOf\":{\"@id\":\"https:\/\/galeriamiejska.pl\/en\/#website\"},\"primaryImageOfPage\":{\"@id\":\"https:\/\/galeriamiejska.pl\/en\/idziecie-na-wilki\/#primaryimage\"},\"datePublished\":\"2021-01-29T14:48:44+00:00\",\"dateModified\":\"2021-01-29T14:49:08+00:00\",\"author\":{\"@id\":\"https:\/\/galeriamiejska.pl\/en\/#\/schema\/person\/cd4f04b0a13c9114f95e23b489b6f9cb\"},\"breadcrumb\":{\"@id\":\"https:\/\/galeriamiejska.pl\/en\/idziecie-na-wilki\/#breadcrumb\"},\"inLanguage\":\"\",\"potentialAction\":[{\"@type\":\"ReadAction\",\"target\":[\"https:\/\/galeriamiejska.pl\/en\/idziecie-na-wilki\/\"]}]},{\"@type\":\"BreadcrumbList\",\"@id\":\"https:\/\/galeriamiejska.pl\/en\/idziecie-na-wilki\/#breadcrumb\",\"itemListElement\":[{\"@type\":\"ListItem\",\"position\":1,\"name\":\"Strona g\\u0142\\u00f3wna\",\"item\":\"https:\/\/galeriamiejska.pl\/en\/\"},{\"@type\":\"ListItem\",\"position\":2,\"name\":\"Idziecie na wilki?\"}]},{\"@type\":\"Person\",\"@id\":\"https:\/\/galeriamiejska.pl\/en\/#\/schema\/person\/cd4f04b0a13c9114f95e23b489b6f9cb\",\"name\":\"admin\",\"image\":{\"@type\":\"ImageObject\",\"@id\":\"https:\/\/galeriamiejska.pl\/en\/#personlogo\",\"inLanguage\":\"\",\"url\":\"https:\/\/secure.gravatar.com\/avatar\/3ded5a36984f92b80e2d99cc96780fe89cd37f7fd652108d182620efbb1566fd?s=96&d=mm&r=g\",\"contentUrl\":\"https:\/\/secure.gravatar.com\/avatar\/3ded5a36984f92b80e2d99cc96780fe89cd37f7fd652108d182620efbb1566fd?s=96&d=mm&r=g\",\"caption\":\"admin\"},\"sameAs\":[\"http:\/\/galeriamiejska.pl\"],\"url\":\"https:\/\/galeriamiejska.pl\/en\/author\/admin\/\"}]}<\/script>\n<!-- \/ Yoast SEO plugin. -->","yoast_head_json":{"title":"Idziecie na wilki? - Galeria Miejska we Wroc\u0142awiu","robots":{"index":"index","follow":"follow","max-snippet":"max-snippet:-1","max-image-preview":"max-image-preview:large","max-video-preview":"max-video-preview:-1"},"canonical":"https:\/\/galeriamiejska.pl\/en\/idziecie-na-wilki\/","og_locale":"en_US","og_type":"article","og_title":"Idziecie na wilki? - Galeria Miejska we Wroc\u0142awiu","og_description":"Wystawa podsumowuj\u0105ca spotkania w Autorskiej Pracowni Urszuli Wilk i Eugeniusza Minciela.","og_url":"https:\/\/galeriamiejska.pl\/en\/idziecie-na-wilki\/","og_site_name":"Galeria Miejska we Wroc\u0142awiu","article_published_time":"2021-01-29T14:48:44+00:00","article_modified_time":"2021-01-29T14:49:08+00:00","og_image":[{"width":640,"height":340,"url":"https:\/\/galeriamiejska.pl\/wp-content\/uploads\/2021\/01\/555_wystawa-idziecie-na-wilkih.jpg","path":"\/autoinstalator\/wordpress\/wp-content\/uploads\/2021\/01\/555_wystawa-idziecie-na-wilkih.jpg","size":"full","id":1805,"alt":"","pixels":217600,"type":"image\/jpeg"}],"twitter_card":"summary_large_image","twitter_misc":{"Written by":"admin","Est. reading time":"3 minutes"},"schema":{"@context":"https:\/\/schema.org","@graph":[{"@type":"WebSite","@id":"https:\/\/galeriamiejska.pl\/en\/#website","url":"https:\/\/galeriamiejska.pl\/en\/","name":"Galeria Miejska we Wroc\u0142awiu","description":"","potentialAction":[{"@type":"SearchAction","target":{"@type":"EntryPoint","urlTemplate":"https:\/\/galeriamiejska.pl\/en\/?s={search_term_string}"},"query-input":"required name=search_term_string"}],"inLanguage":""},{"@type":"ImageObject","@id":"https:\/\/galeriamiejska.pl\/en\/idziecie-na-wilki\/#primaryimage","inLanguage":"","url":"https:\/\/galeriamiejska.pl\/wp-content\/uploads\/2021\/01\/555_wystawa-idziecie-na-wilkih.jpg","contentUrl":"https:\/\/galeriamiejska.pl\/wp-content\/uploads\/2021\/01\/555_wystawa-idziecie-na-wilkih.jpg","width":640,"height":340},{"@type":"WebPage","@id":"https:\/\/galeriamiejska.pl\/en\/idziecie-na-wilki\/#webpage","url":"https:\/\/galeriamiejska.pl\/en\/idziecie-na-wilki\/","name":"Idziecie na wilki? - Galeria Miejska we Wroc\u0142awiu","isPartOf":{"@id":"https:\/\/galeriamiejska.pl\/en\/#website"},"primaryImageOfPage":{"@id":"https:\/\/galeriamiejska.pl\/en\/idziecie-na-wilki\/#primaryimage"},"datePublished":"2021-01-29T14:48:44+00:00","dateModified":"2021-01-29T14:49:08+00:00","author":{"@id":"https:\/\/galeriamiejska.pl\/en\/#\/schema\/person\/cd4f04b0a13c9114f95e23b489b6f9cb"},"breadcrumb":{"@id":"https:\/\/galeriamiejska.pl\/en\/idziecie-na-wilki\/#breadcrumb"},"inLanguage":"","potentialAction":[{"@type":"ReadAction","target":["https:\/\/galeriamiejska.pl\/en\/idziecie-na-wilki\/"]}]},{"@type":"BreadcrumbList","@id":"https:\/\/galeriamiejska.pl\/en\/idziecie-na-wilki\/#breadcrumb","itemListElement":[{"@type":"ListItem","position":1,"name":"Strona g\u0142\u00f3wna","item":"https:\/\/galeriamiejska.pl\/en\/"},{"@type":"ListItem","position":2,"name":"Idziecie na wilki?"}]},{"@type":"Person","@id":"https:\/\/galeriamiejska.pl\/en\/#\/schema\/person\/cd4f04b0a13c9114f95e23b489b6f9cb","name":"admin","image":{"@type":"ImageObject","@id":"https:\/\/galeriamiejska.pl\/en\/#personlogo","inLanguage":"","url":"https:\/\/secure.gravatar.com\/avatar\/3ded5a36984f92b80e2d99cc96780fe89cd37f7fd652108d182620efbb1566fd?s=96&d=mm&r=g","contentUrl":"https:\/\/secure.gravatar.com\/avatar\/3ded5a36984f92b80e2d99cc96780fe89cd37f7fd652108d182620efbb1566fd?s=96&d=mm&r=g","caption":"admin"},"sameAs":["http:\/\/galeriamiejska.pl"],"url":"https:\/\/galeriamiejska.pl\/en\/author\/admin\/"}]}},"_links":{"self":[{"href":"https:\/\/galeriamiejska.pl\/en\/wp-json\/wp\/v2\/posts\/1804","targetHints":{"allow":["GET"]}}],"collection":[{"href":"https:\/\/galeriamiejska.pl\/en\/wp-json\/wp\/v2\/posts"}],"about":[{"href":"https:\/\/galeriamiejska.pl\/en\/wp-json\/wp\/v2\/types\/post"}],"author":[{"embeddable":true,"href":"https:\/\/galeriamiejska.pl\/en\/wp-json\/wp\/v2\/users\/1"}],"replies":[{"embeddable":true,"href":"https:\/\/galeriamiejska.pl\/en\/wp-json\/wp\/v2\/comments?post=1804"}],"version-history":[{"count":2,"href":"https:\/\/galeriamiejska.pl\/en\/wp-json\/wp\/v2\/posts\/1804\/revisions"}],"predecessor-version":[{"id":1807,"href":"https:\/\/galeriamiejska.pl\/en\/wp-json\/wp\/v2\/posts\/1804\/revisions\/1807"}],"wp:featuredmedia":[{"embeddable":true,"href":"https:\/\/galeriamiejska.pl\/en\/wp-json\/wp\/v2\/media\/1805"}],"wp:attachment":[{"href":"https:\/\/galeriamiejska.pl\/en\/wp-json\/wp\/v2\/media?parent=1804"}],"wp:term":[{"taxonomy":"category","embeddable":true,"href":"https:\/\/galeriamiejska.pl\/en\/wp-json\/wp\/v2\/categories?post=1804"},{"taxonomy":"post_tag","embeddable":true,"href":"https:\/\/galeriamiejska.pl\/en\/wp-json\/wp\/v2\/tags?post=1804"}],"curies":[{"name":"wp","href":"https:\/\/api.w.org\/{rel}","templated":true}]}}