{"id":1783,"date":"2021-01-29T14:43:40","date_gmt":"2021-01-29T14:43:40","guid":{"rendered":"http:\/\/galeriamiejska.pl\/?p=1783"},"modified":"2021-01-29T14:43:42","modified_gmt":"2021-01-29T14:43:42","slug":"","status":"publish","type":"post","link":"https:\/\/galeriamiejska.pl\/en\/urodzinowo-swiateczny-prezent-od-galerii-miejskiej-we-wroclawiu\/","title":{"rendered":"","raw":""},"content":{"rendered":"","protected":false,"raw":""},"excerpt":{"rendered":"","protected":false,"raw":""},"author":1,"featured_media":1784,"comment_status":"open","ping_status":"open","sticky":false,"template":"","format":"standard","meta":{"_pl_post_content":"<!-- wp:paragraph -->\n<p>Z okazji obchod\u00f3w 25-lecia istnienia Galerii Miejskiej we Wroc\u0142awiu i&nbsp;zbli\u017caj\u0105cych si\u0119 \u015bwi\u0105t zapraszamy do zakup\u00f3w naszych wydawnictw w&nbsp;specjalnych cenach.<br><br><br><strong>Wydawnictwa w&nbsp;cenie 10 z\u0142<\/strong><br>Ksi\u0105\u017cka \"Sztuka a&nbsp;kicz\"<br>Ksi\u0105\u017cka \"Sztuka a&nbsp;falsyfikat\"<br>\"M\u0142oda Grafika\"<br>The Krasnals \"Czu\u0142em skurcze twojego prze\u0142yku\"<br>\"Koresponda\u017c\"<br>Roman Opa\u0142ka \"Roman Opa\u0142ka\/ Pierwsze 3 dekady tw\u00f3rczo\u015bci\"<br>Mariusz Miko\u0142ajek \"ALL THAT JEANS\"<br>Agata Gertchen \"Nieokie\u0142znane\"<br>\"Uk\u0142ad Planetarny\"<br>Mi\u0142osz Flis \"Derivates\"<br>JCE Biennale M\u0142odej Sztuki Europejskiej \"Opportunity knock only once\"<br>\"1990\"<br>\"Pieciu Muszkieter\u00f3w\"<br>Albertyna Kacalak \"Lubi\u0105\u017c\"<br>\"Cia\u0142a a&nbsp;rzeczy\"<br>\"4 wymiar kreski\"<br>Marta Kubiak \"Odkroi\u0142am sobie g\u0142ow\u0119\"Pavel Brazda \"Pavel Brazda - malarstwo i&nbsp;grafika\"<br>Mi\u0119dzy Biegunami. Polskie kolonie artystyczne na Biennale Sztuki i&nbsp;Filmu Worpswede<br><br><br><strong>Wydawnictwa w&nbsp;cenie 20 z\u0142<\/strong><br>Picasso Dali Goya. Tauromachia walka byk\u00f3w (oprawa mi\u0119kka)<br><br><br><strong>Wydawnictwa w&nbsp;cenie 30 z\u0142<\/strong><br>Krzysztof Skarbek \"Obcy Chc\u0105 By\u0107 Dobrzy\"<br>Lech Twardowski \"Kraw\u0119d\u017a\"<br>Picasso Dali Goya. Tauromachia walka byk\u00f3w (oprawa twarda)<br>Andrzej i&nbsp;Jerzy G\u0142uszkowie \"SYNCHRONIE\"<br><br><br><strong>Wydawnictwa w&nbsp;cenie 50 z\u0142<\/strong><br>\"25\/25\".<br><br><br><strong>Oferta obowi\u0105zuje od 15 grudnia 2016 do 2 stycznia 2017.<br><br>Zapraszamy!<\/strong><br><br><\/p>\n<!-- \/wp:paragraph -->","_pl_post_name":"urodzinowo-swiateczny-prezent-od-galerii-miejskiej-we-wroclawiu","_pl_post_excerpt":"Katalogi Galerii Miejskiej we Wroc\u0142awiu w cenie od 10 z\u0142.","_pl_post_title":"Urodzinowo - \u015bwi\u0105teczny prezent od Galerii Miejskiej we Wroc\u0142awiu!","_en_post_content":"","_en_post_name":"","_en_post_excerpt":"","_en_post_title":"","edit_language":"en","footnotes":""},"categories":[10,8],"tags":[],"class_list":["post-1783","post","type-post","status-publish","format-standard","has-post-thumbnail","hentry","category-archiwalne-wydarzenia","category-wydarzenia"],"yoast_head":"<!-- This site is optimized with the Yoast SEO plugin v16.8 - https:\/\/yoast.com\/wordpress\/plugins\/seo\/ -->\n<title>Urodzinowo - \u015bwi\u0105teczny prezent od Galerii Miejskiej we Wroc\u0142awiu! - Galeria Miejska we Wroc\u0142awiu<\/title>\n<meta name=\"robots\" content=\"index, follow, max-snippet:-1, max-image-preview:large, max-video-preview:-1\" \/>\n<link rel=\"canonical\" href=\"https:\/\/galeriamiejska.pl\/en\/urodzinowo-swiateczny-prezent-od-galerii-miejskiej-we-wroclawiu\/\" \/>\n<meta property=\"og:locale\" content=\"en_US\" \/>\n<meta property=\"og:type\" content=\"article\" \/>\n<meta property=\"og:title\" content=\"Urodzinowo - \u015bwi\u0105teczny prezent od Galerii Miejskiej we Wroc\u0142awiu! - Galeria Miejska we Wroc\u0142awiu\" \/>\n<meta property=\"og:description\" content=\"Katalogi Galerii Miejskiej we Wroc\u0142awiu w cenie od 10 z\u0142.\" \/>\n<meta property=\"og:url\" content=\"https:\/\/galeriamiejska.pl\/en\/urodzinowo-swiateczny-prezent-od-galerii-miejskiej-we-wroclawiu\/\" \/>\n<meta property=\"og:site_name\" content=\"Galeria Miejska we Wroc\u0142awiu\" \/>\n<meta property=\"article:published_time\" content=\"2021-01-29T14:43:40+00:00\" \/>\n<meta property=\"article:modified_time\" content=\"2021-01-29T14:43:42+00:00\" \/>\n<meta property=\"og:image\" content=\"https:\/\/galeriamiejska.pl\/wp-content\/uploads\/2021\/01\/531_noname.jpg\" \/>\n\t<meta property=\"og:image:width\" content=\"640\" \/>\n\t<meta property=\"og:image:height\" content=\"340\" \/>\n<meta name=\"twitter:card\" content=\"summary_large_image\" \/>\n<meta name=\"twitter:label1\" content=\"Written by\" \/>\n\t<meta name=\"twitter:data1\" content=\"admin\" \/>\n\t<meta name=\"twitter:label2\" content=\"Est. reading time\" \/>\n\t<meta name=\"twitter:data2\" content=\"1 minute\" \/>\n<script type=\"application\/ld+json\" class=\"yoast-schema-graph\">{\"@context\":\"https:\/\/schema.org\",\"@graph\":[{\"@type\":\"WebSite\",\"@id\":\"https:\/\/galeriamiejska.pl\/en\/#website\",\"url\":\"https:\/\/galeriamiejska.pl\/en\/\",\"name\":\"Galeria Miejska we Wroc\\u0142awiu\",\"description\":\"\",\"potentialAction\":[{\"@type\":\"SearchAction\",\"target\":{\"@type\":\"EntryPoint\",\"urlTemplate\":\"https:\/\/galeriamiejska.pl\/en\/?s={search_term_string}\"},\"query-input\":\"required name=search_term_string\"}],\"inLanguage\":\"\"},{\"@type\":\"ImageObject\",\"@id\":\"https:\/\/galeriamiejska.pl\/en\/urodzinowo-swiateczny-prezent-od-galerii-miejskiej-we-wroclawiu\/#primaryimage\",\"inLanguage\":\"\",\"url\":\"https:\/\/galeriamiejska.pl\/wp-content\/uploads\/2021\/01\/531_noname.jpg\",\"contentUrl\":\"https:\/\/galeriamiejska.pl\/wp-content\/uploads\/2021\/01\/531_noname.jpg\",\"width\":640,\"height\":340},{\"@type\":\"WebPage\",\"@id\":\"https:\/\/galeriamiejska.pl\/en\/urodzinowo-swiateczny-prezent-od-galerii-miejskiej-we-wroclawiu\/#webpage\",\"url\":\"https:\/\/galeriamiejska.pl\/en\/urodzinowo-swiateczny-prezent-od-galerii-miejskiej-we-wroclawiu\/\",\"name\":\"Urodzinowo - \\u015bwi\\u0105teczny prezent od Galerii Miejskiej we Wroc\\u0142awiu! - Galeria Miejska we Wroc\\u0142awiu\",\"isPartOf\":{\"@id\":\"https:\/\/galeriamiejska.pl\/en\/#website\"},\"primaryImageOfPage\":{\"@id\":\"https:\/\/galeriamiejska.pl\/en\/urodzinowo-swiateczny-prezent-od-galerii-miejskiej-we-wroclawiu\/#primaryimage\"},\"datePublished\":\"2021-01-29T14:43:40+00:00\",\"dateModified\":\"2021-01-29T14:43:42+00:00\",\"author\":{\"@id\":\"https:\/\/galeriamiejska.pl\/en\/#\/schema\/person\/cd4f04b0a13c9114f95e23b489b6f9cb\"},\"breadcrumb\":{\"@id\":\"https:\/\/galeriamiejska.pl\/en\/urodzinowo-swiateczny-prezent-od-galerii-miejskiej-we-wroclawiu\/#breadcrumb\"},\"inLanguage\":\"\",\"potentialAction\":[{\"@type\":\"ReadAction\",\"target\":[\"https:\/\/galeriamiejska.pl\/en\/urodzinowo-swiateczny-prezent-od-galerii-miejskiej-we-wroclawiu\/\"]}]},{\"@type\":\"BreadcrumbList\",\"@id\":\"https:\/\/galeriamiejska.pl\/en\/urodzinowo-swiateczny-prezent-od-galerii-miejskiej-we-wroclawiu\/#breadcrumb\",\"itemListElement\":[{\"@type\":\"ListItem\",\"position\":1,\"name\":\"Strona g\\u0142\\u00f3wna\",\"item\":\"https:\/\/galeriamiejska.pl\/en\/\"},{\"@type\":\"ListItem\",\"position\":2,\"name\":\"Urodzinowo &#8211; \\u015bwi\\u0105teczny prezent od Galerii Miejskiej we Wroc\\u0142awiu!\"}]},{\"@type\":\"Person\",\"@id\":\"https:\/\/galeriamiejska.pl\/en\/#\/schema\/person\/cd4f04b0a13c9114f95e23b489b6f9cb\",\"name\":\"admin\",\"image\":{\"@type\":\"ImageObject\",\"@id\":\"https:\/\/galeriamiejska.pl\/en\/#personlogo\",\"inLanguage\":\"\",\"url\":\"https:\/\/secure.gravatar.com\/avatar\/3ded5a36984f92b80e2d99cc96780fe89cd37f7fd652108d182620efbb1566fd?s=96&d=mm&r=g\",\"contentUrl\":\"https:\/\/secure.gravatar.com\/avatar\/3ded5a36984f92b80e2d99cc96780fe89cd37f7fd652108d182620efbb1566fd?s=96&d=mm&r=g\",\"caption\":\"admin\"},\"sameAs\":[\"http:\/\/galeriamiejska.pl\"],\"url\":\"https:\/\/galeriamiejska.pl\/en\/author\/admin\/\"}]}<\/script>\n<!-- \/ Yoast SEO plugin. -->","yoast_head_json":{"title":"Urodzinowo - \u015bwi\u0105teczny prezent od Galerii Miejskiej we Wroc\u0142awiu! - Galeria Miejska we Wroc\u0142awiu","robots":{"index":"index","follow":"follow","max-snippet":"max-snippet:-1","max-image-preview":"max-image-preview:large","max-video-preview":"max-video-preview:-1"},"canonical":"https:\/\/galeriamiejska.pl\/en\/urodzinowo-swiateczny-prezent-od-galerii-miejskiej-we-wroclawiu\/","og_locale":"en_US","og_type":"article","og_title":"Urodzinowo - \u015bwi\u0105teczny prezent od Galerii Miejskiej we Wroc\u0142awiu! - Galeria Miejska we Wroc\u0142awiu","og_description":"Katalogi Galerii Miejskiej we Wroc\u0142awiu w cenie od 10 z\u0142.","og_url":"https:\/\/galeriamiejska.pl\/en\/urodzinowo-swiateczny-prezent-od-galerii-miejskiej-we-wroclawiu\/","og_site_name":"Galeria Miejska we Wroc\u0142awiu","article_published_time":"2021-01-29T14:43:40+00:00","article_modified_time":"2021-01-29T14:43:42+00:00","og_image":[{"width":640,"height":340,"url":"https:\/\/galeriamiejska.pl\/wp-content\/uploads\/2021\/01\/531_noname.jpg","path":"\/autoinstalator\/wordpress\/wp-content\/uploads\/2021\/01\/531_noname.jpg","size":"full","id":1784,"alt":"","pixels":217600,"type":"image\/jpeg"}],"twitter_card":"summary_large_image","twitter_misc":{"Written by":"admin","Est. reading time":"1 minute"},"schema":{"@context":"https:\/\/schema.org","@graph":[{"@type":"WebSite","@id":"https:\/\/galeriamiejska.pl\/en\/#website","url":"https:\/\/galeriamiejska.pl\/en\/","name":"Galeria Miejska we Wroc\u0142awiu","description":"","potentialAction":[{"@type":"SearchAction","target":{"@type":"EntryPoint","urlTemplate":"https:\/\/galeriamiejska.pl\/en\/?s={search_term_string}"},"query-input":"required name=search_term_string"}],"inLanguage":""},{"@type":"ImageObject","@id":"https:\/\/galeriamiejska.pl\/en\/urodzinowo-swiateczny-prezent-od-galerii-miejskiej-we-wroclawiu\/#primaryimage","inLanguage":"","url":"https:\/\/galeriamiejska.pl\/wp-content\/uploads\/2021\/01\/531_noname.jpg","contentUrl":"https:\/\/galeriamiejska.pl\/wp-content\/uploads\/2021\/01\/531_noname.jpg","width":640,"height":340},{"@type":"WebPage","@id":"https:\/\/galeriamiejska.pl\/en\/urodzinowo-swiateczny-prezent-od-galerii-miejskiej-we-wroclawiu\/#webpage","url":"https:\/\/galeriamiejska.pl\/en\/urodzinowo-swiateczny-prezent-od-galerii-miejskiej-we-wroclawiu\/","name":"Urodzinowo - \u015bwi\u0105teczny prezent od Galerii Miejskiej we Wroc\u0142awiu! - Galeria Miejska we Wroc\u0142awiu","isPartOf":{"@id":"https:\/\/galeriamiejska.pl\/en\/#website"},"primaryImageOfPage":{"@id":"https:\/\/galeriamiejska.pl\/en\/urodzinowo-swiateczny-prezent-od-galerii-miejskiej-we-wroclawiu\/#primaryimage"},"datePublished":"2021-01-29T14:43:40+00:00","dateModified":"2021-01-29T14:43:42+00:00","author":{"@id":"https:\/\/galeriamiejska.pl\/en\/#\/schema\/person\/cd4f04b0a13c9114f95e23b489b6f9cb"},"breadcrumb":{"@id":"https:\/\/galeriamiejska.pl\/en\/urodzinowo-swiateczny-prezent-od-galerii-miejskiej-we-wroclawiu\/#breadcrumb"},"inLanguage":"","potentialAction":[{"@type":"ReadAction","target":["https:\/\/galeriamiejska.pl\/en\/urodzinowo-swiateczny-prezent-od-galerii-miejskiej-we-wroclawiu\/"]}]},{"@type":"BreadcrumbList","@id":"https:\/\/galeriamiejska.pl\/en\/urodzinowo-swiateczny-prezent-od-galerii-miejskiej-we-wroclawiu\/#breadcrumb","itemListElement":[{"@type":"ListItem","position":1,"name":"Strona g\u0142\u00f3wna","item":"https:\/\/galeriamiejska.pl\/en\/"},{"@type":"ListItem","position":2,"name":"Urodzinowo &#8211; \u015bwi\u0105teczny prezent od Galerii Miejskiej we Wroc\u0142awiu!"}]},{"@type":"Person","@id":"https:\/\/galeriamiejska.pl\/en\/#\/schema\/person\/cd4f04b0a13c9114f95e23b489b6f9cb","name":"admin","image":{"@type":"ImageObject","@id":"https:\/\/galeriamiejska.pl\/en\/#personlogo","inLanguage":"","url":"https:\/\/secure.gravatar.com\/avatar\/3ded5a36984f92b80e2d99cc96780fe89cd37f7fd652108d182620efbb1566fd?s=96&d=mm&r=g","contentUrl":"https:\/\/secure.gravatar.com\/avatar\/3ded5a36984f92b80e2d99cc96780fe89cd37f7fd652108d182620efbb1566fd?s=96&d=mm&r=g","caption":"admin"},"sameAs":["http:\/\/galeriamiejska.pl"],"url":"https:\/\/galeriamiejska.pl\/en\/author\/admin\/"}]}},"_links":{"self":[{"href":"https:\/\/galeriamiejska.pl\/en\/wp-json\/wp\/v2\/posts\/1783","targetHints":{"allow":["GET"]}}],"collection":[{"href":"https:\/\/galeriamiejska.pl\/en\/wp-json\/wp\/v2\/posts"}],"about":[{"href":"https:\/\/galeriamiejska.pl\/en\/wp-json\/wp\/v2\/types\/post"}],"author":[{"embeddable":true,"href":"https:\/\/galeriamiejska.pl\/en\/wp-json\/wp\/v2\/users\/1"}],"replies":[{"embeddable":true,"href":"https:\/\/galeriamiejska.pl\/en\/wp-json\/wp\/v2\/comments?post=1783"}],"version-history":[{"count":3,"href":"https:\/\/galeriamiejska.pl\/en\/wp-json\/wp\/v2\/posts\/1783\/revisions"}],"predecessor-version":[{"id":1790,"href":"https:\/\/galeriamiejska.pl\/en\/wp-json\/wp\/v2\/posts\/1783\/revisions\/1790"}],"wp:featuredmedia":[{"embeddable":true,"href":"https:\/\/galeriamiejska.pl\/en\/wp-json\/wp\/v2\/media\/1784"}],"wp:attachment":[{"href":"https:\/\/galeriamiejska.pl\/en\/wp-json\/wp\/v2\/media?parent=1783"}],"wp:term":[{"taxonomy":"category","embeddable":true,"href":"https:\/\/galeriamiejska.pl\/en\/wp-json\/wp\/v2\/categories?post=1783"},{"taxonomy":"post_tag","embeddable":true,"href":"https:\/\/galeriamiejska.pl\/en\/wp-json\/wp\/v2\/tags?post=1783"}],"curies":[{"name":"wp","href":"https:\/\/api.w.org\/{rel}","templated":true}]}}