{"id":1766,"date":"2021-01-29T14:36:19","date_gmt":"2021-01-29T14:36:19","guid":{"rendered":"http:\/\/galeriamiejska.pl\/?p=1766"},"modified":"2021-01-29T14:36:48","modified_gmt":"2021-01-29T14:36:48","slug":"","status":"publish","type":"post","link":"https:\/\/galeriamiejska.pl\/en\/idziecie-na-mincieli\/","title":{"rendered":"","raw":""},"content":{"rendered":"","protected":false,"raw":""},"excerpt":{"rendered":"","protected":false,"raw":""},"author":1,"featured_media":1767,"comment_status":"open","ping_status":"open","sticky":false,"template":"","format":"standard","meta":{"_pl_post_content":"<!-- wp:paragraph -->\n<p>Podsumowaniem i&nbsp;zwie\u0144czeniem spotka\u0144 w&nbsp;Otwartej pracowni malarstwa Uli Wilki Eugeniusza Minciela jest wystawa prac artyst\u00f3w i&nbsp;student\u00f3w w&nbsp;GaleriiMiejskiej we Wroc\u0142awiu. Wydarzenie odb\u0119dzie si\u0119 w&nbsp;dniach od 14 do 17 czerwca2016 roku.<br><br>W ramach spotka\u0144 w&nbsp;otwartej pracowni malarstwa Uli Wilk i&nbsp;EugeniuszaMinciela zaprezentowana zostanie tw\u00f3rczo\u015b\u0107 artyst\u00f3w:<br>Wac\u0142aw Szpakowski (prezentacja \u0141ukasz Kujawski),<br>Anna Szpakowska-Kujawska,<br>Lech Twardowski,<br>Jacek Dziubi\u0144ski,<br>Waldemar Graczyk,<br>Marcin Harlender,<br>Miros\u0142aw Koch,<br>Mariusz Miko\u0142ajek.<br>W spotkaniach uczestniczyli studenci:<br>Alicja Pruchniewicz,<br>Tomasz Wiktor,<br>Krzysztof Latarowski,<br>Agata Lankamer,<br>Magdalena Kanawka,<br>Iza Opie\u0142ka,<br>Irmina Rusicka,<br>Monika Stefanowska,<br>J\u0119drzej Sierpi\u0144ski,<br>Emilia Dudziec,<br>Martyna Kosiarz.<br><br><br>Wernisa\u017c 14 czerwca (wtorek) o&nbsp;godzinie 17:00<br><br><strong>Do\u0142\u0105cz dowydarzenia na fb:<\/strong><br><a href=\"https:\/\/www.facebook.com\/events\/269019293450037\/\">https:\/\/www.facebook.com\/events\/269019293450037\/<\/a><br><\/p>\n<!-- \/wp:paragraph -->","_pl_post_name":"idziecie-na-mincieli","_pl_post_excerpt":"Podsumowanie i zwie\u0144czenie spotka\u0144 w Otwartej Pracowni Malarstwa Uli Wilk i Eugeniusza Minciela.","_pl_post_title":"Idziecie na mincieli?","_en_post_content":"","_en_post_name":"","_en_post_excerpt":"","_en_post_title":"","edit_language":"en","footnotes":""},"categories":[10,8],"tags":[],"class_list":["post-1766","post","type-post","status-publish","format-standard","has-post-thumbnail","hentry","category-archiwalne-wydarzenia","category-wydarzenia"],"yoast_head":"<!-- This site is optimized with the Yoast SEO plugin v16.8 - https:\/\/yoast.com\/wordpress\/plugins\/seo\/ -->\n<title>Idziecie na mincieli? - Galeria Miejska we Wroc\u0142awiu<\/title>\n<meta name=\"robots\" content=\"index, follow, max-snippet:-1, max-image-preview:large, max-video-preview:-1\" \/>\n<link rel=\"canonical\" href=\"https:\/\/galeriamiejska.pl\/en\/idziecie-na-mincieli\/\" \/>\n<meta property=\"og:locale\" content=\"en_US\" \/>\n<meta property=\"og:type\" content=\"article\" \/>\n<meta property=\"og:title\" content=\"Idziecie na mincieli? - Galeria Miejska we Wroc\u0142awiu\" \/>\n<meta property=\"og:description\" content=\"Podsumowanie i zwie\u0144czenie spotka\u0144 w Otwartej Pracowni Malarstwa Uli Wilk i Eugeniusza Minciela.\" \/>\n<meta property=\"og:url\" content=\"https:\/\/galeriamiejska.pl\/en\/idziecie-na-mincieli\/\" \/>\n<meta property=\"og:site_name\" content=\"Galeria Miejska we Wroc\u0142awiu\" \/>\n<meta property=\"article:published_time\" content=\"2021-01-29T14:36:19+00:00\" \/>\n<meta property=\"article:modified_time\" content=\"2021-01-29T14:36:48+00:00\" \/>\n<meta property=\"og:image\" content=\"https:\/\/galeriamiejska.pl\/wp-content\/uploads\/2021\/01\/383_plakat-wystawy-idziecie-na-mincielih.jpg\" \/>\n\t<meta property=\"og:image:width\" content=\"640\" \/>\n\t<meta property=\"og:image:height\" content=\"340\" \/>\n<meta name=\"twitter:card\" content=\"summary_large_image\" \/>\n<meta name=\"twitter:label1\" content=\"Written by\" \/>\n\t<meta name=\"twitter:data1\" content=\"admin\" \/>\n\t<meta name=\"twitter:label2\" content=\"Est. reading time\" \/>\n\t<meta name=\"twitter:data2\" content=\"1 minute\" \/>\n<script type=\"application\/ld+json\" class=\"yoast-schema-graph\">{\"@context\":\"https:\/\/schema.org\",\"@graph\":[{\"@type\":\"WebSite\",\"@id\":\"https:\/\/galeriamiejska.pl\/en\/#website\",\"url\":\"https:\/\/galeriamiejska.pl\/en\/\",\"name\":\"Galeria Miejska we Wroc\\u0142awiu\",\"description\":\"\",\"potentialAction\":[{\"@type\":\"SearchAction\",\"target\":{\"@type\":\"EntryPoint\",\"urlTemplate\":\"https:\/\/galeriamiejska.pl\/en\/?s={search_term_string}\"},\"query-input\":\"required name=search_term_string\"}],\"inLanguage\":\"\"},{\"@type\":\"ImageObject\",\"@id\":\"https:\/\/galeriamiejska.pl\/en\/idziecie-na-mincieli\/#primaryimage\",\"inLanguage\":\"\",\"url\":\"https:\/\/galeriamiejska.pl\/wp-content\/uploads\/2021\/01\/383_plakat-wystawy-idziecie-na-mincielih.jpg\",\"contentUrl\":\"https:\/\/galeriamiejska.pl\/wp-content\/uploads\/2021\/01\/383_plakat-wystawy-idziecie-na-mincielih.jpg\",\"width\":640,\"height\":340},{\"@type\":\"WebPage\",\"@id\":\"https:\/\/galeriamiejska.pl\/en\/idziecie-na-mincieli\/#webpage\",\"url\":\"https:\/\/galeriamiejska.pl\/en\/idziecie-na-mincieli\/\",\"name\":\"Idziecie na mincieli? - Galeria Miejska we Wroc\\u0142awiu\",\"isPartOf\":{\"@id\":\"https:\/\/galeriamiejska.pl\/en\/#website\"},\"primaryImageOfPage\":{\"@id\":\"https:\/\/galeriamiejska.pl\/en\/idziecie-na-mincieli\/#primaryimage\"},\"datePublished\":\"2021-01-29T14:36:19+00:00\",\"dateModified\":\"2021-01-29T14:36:48+00:00\",\"author\":{\"@id\":\"https:\/\/galeriamiejska.pl\/en\/#\/schema\/person\/cd4f04b0a13c9114f95e23b489b6f9cb\"},\"breadcrumb\":{\"@id\":\"https:\/\/galeriamiejska.pl\/en\/idziecie-na-mincieli\/#breadcrumb\"},\"inLanguage\":\"\",\"potentialAction\":[{\"@type\":\"ReadAction\",\"target\":[\"https:\/\/galeriamiejska.pl\/en\/idziecie-na-mincieli\/\"]}]},{\"@type\":\"BreadcrumbList\",\"@id\":\"https:\/\/galeriamiejska.pl\/en\/idziecie-na-mincieli\/#breadcrumb\",\"itemListElement\":[{\"@type\":\"ListItem\",\"position\":1,\"name\":\"Strona g\\u0142\\u00f3wna\",\"item\":\"https:\/\/galeriamiejska.pl\/en\/\"},{\"@type\":\"ListItem\",\"position\":2,\"name\":\"Idziecie na mincieli?\"}]},{\"@type\":\"Person\",\"@id\":\"https:\/\/galeriamiejska.pl\/en\/#\/schema\/person\/cd4f04b0a13c9114f95e23b489b6f9cb\",\"name\":\"admin\",\"image\":{\"@type\":\"ImageObject\",\"@id\":\"https:\/\/galeriamiejska.pl\/en\/#personlogo\",\"inLanguage\":\"\",\"url\":\"https:\/\/secure.gravatar.com\/avatar\/3ded5a36984f92b80e2d99cc96780fe89cd37f7fd652108d182620efbb1566fd?s=96&d=mm&r=g\",\"contentUrl\":\"https:\/\/secure.gravatar.com\/avatar\/3ded5a36984f92b80e2d99cc96780fe89cd37f7fd652108d182620efbb1566fd?s=96&d=mm&r=g\",\"caption\":\"admin\"},\"sameAs\":[\"http:\/\/galeriamiejska.pl\"],\"url\":\"https:\/\/galeriamiejska.pl\/en\/author\/admin\/\"}]}<\/script>\n<!-- \/ Yoast SEO plugin. -->","yoast_head_json":{"title":"Idziecie na mincieli? - Galeria Miejska we Wroc\u0142awiu","robots":{"index":"index","follow":"follow","max-snippet":"max-snippet:-1","max-image-preview":"max-image-preview:large","max-video-preview":"max-video-preview:-1"},"canonical":"https:\/\/galeriamiejska.pl\/en\/idziecie-na-mincieli\/","og_locale":"en_US","og_type":"article","og_title":"Idziecie na mincieli? - Galeria Miejska we Wroc\u0142awiu","og_description":"Podsumowanie i zwie\u0144czenie spotka\u0144 w Otwartej Pracowni Malarstwa Uli Wilk i Eugeniusza Minciela.","og_url":"https:\/\/galeriamiejska.pl\/en\/idziecie-na-mincieli\/","og_site_name":"Galeria Miejska we Wroc\u0142awiu","article_published_time":"2021-01-29T14:36:19+00:00","article_modified_time":"2021-01-29T14:36:48+00:00","og_image":[{"width":640,"height":340,"url":"https:\/\/galeriamiejska.pl\/wp-content\/uploads\/2021\/01\/383_plakat-wystawy-idziecie-na-mincielih.jpg","path":"\/autoinstalator\/wordpress\/wp-content\/uploads\/2021\/01\/383_plakat-wystawy-idziecie-na-mincielih.jpg","size":"full","id":1767,"alt":"","pixels":217600,"type":"image\/jpeg"}],"twitter_card":"summary_large_image","twitter_misc":{"Written by":"admin","Est. reading time":"1 minute"},"schema":{"@context":"https:\/\/schema.org","@graph":[{"@type":"WebSite","@id":"https:\/\/galeriamiejska.pl\/en\/#website","url":"https:\/\/galeriamiejska.pl\/en\/","name":"Galeria Miejska we Wroc\u0142awiu","description":"","potentialAction":[{"@type":"SearchAction","target":{"@type":"EntryPoint","urlTemplate":"https:\/\/galeriamiejska.pl\/en\/?s={search_term_string}"},"query-input":"required name=search_term_string"}],"inLanguage":""},{"@type":"ImageObject","@id":"https:\/\/galeriamiejska.pl\/en\/idziecie-na-mincieli\/#primaryimage","inLanguage":"","url":"https:\/\/galeriamiejska.pl\/wp-content\/uploads\/2021\/01\/383_plakat-wystawy-idziecie-na-mincielih.jpg","contentUrl":"https:\/\/galeriamiejska.pl\/wp-content\/uploads\/2021\/01\/383_plakat-wystawy-idziecie-na-mincielih.jpg","width":640,"height":340},{"@type":"WebPage","@id":"https:\/\/galeriamiejska.pl\/en\/idziecie-na-mincieli\/#webpage","url":"https:\/\/galeriamiejska.pl\/en\/idziecie-na-mincieli\/","name":"Idziecie na mincieli? - Galeria Miejska we Wroc\u0142awiu","isPartOf":{"@id":"https:\/\/galeriamiejska.pl\/en\/#website"},"primaryImageOfPage":{"@id":"https:\/\/galeriamiejska.pl\/en\/idziecie-na-mincieli\/#primaryimage"},"datePublished":"2021-01-29T14:36:19+00:00","dateModified":"2021-01-29T14:36:48+00:00","author":{"@id":"https:\/\/galeriamiejska.pl\/en\/#\/schema\/person\/cd4f04b0a13c9114f95e23b489b6f9cb"},"breadcrumb":{"@id":"https:\/\/galeriamiejska.pl\/en\/idziecie-na-mincieli\/#breadcrumb"},"inLanguage":"","potentialAction":[{"@type":"ReadAction","target":["https:\/\/galeriamiejska.pl\/en\/idziecie-na-mincieli\/"]}]},{"@type":"BreadcrumbList","@id":"https:\/\/galeriamiejska.pl\/en\/idziecie-na-mincieli\/#breadcrumb","itemListElement":[{"@type":"ListItem","position":1,"name":"Strona g\u0142\u00f3wna","item":"https:\/\/galeriamiejska.pl\/en\/"},{"@type":"ListItem","position":2,"name":"Idziecie na mincieli?"}]},{"@type":"Person","@id":"https:\/\/galeriamiejska.pl\/en\/#\/schema\/person\/cd4f04b0a13c9114f95e23b489b6f9cb","name":"admin","image":{"@type":"ImageObject","@id":"https:\/\/galeriamiejska.pl\/en\/#personlogo","inLanguage":"","url":"https:\/\/secure.gravatar.com\/avatar\/3ded5a36984f92b80e2d99cc96780fe89cd37f7fd652108d182620efbb1566fd?s=96&d=mm&r=g","contentUrl":"https:\/\/secure.gravatar.com\/avatar\/3ded5a36984f92b80e2d99cc96780fe89cd37f7fd652108d182620efbb1566fd?s=96&d=mm&r=g","caption":"admin"},"sameAs":["http:\/\/galeriamiejska.pl"],"url":"https:\/\/galeriamiejska.pl\/en\/author\/admin\/"}]}},"_links":{"self":[{"href":"https:\/\/galeriamiejska.pl\/en\/wp-json\/wp\/v2\/posts\/1766","targetHints":{"allow":["GET"]}}],"collection":[{"href":"https:\/\/galeriamiejska.pl\/en\/wp-json\/wp\/v2\/posts"}],"about":[{"href":"https:\/\/galeriamiejska.pl\/en\/wp-json\/wp\/v2\/types\/post"}],"author":[{"embeddable":true,"href":"https:\/\/galeriamiejska.pl\/en\/wp-json\/wp\/v2\/users\/1"}],"replies":[{"embeddable":true,"href":"https:\/\/galeriamiejska.pl\/en\/wp-json\/wp\/v2\/comments?post=1766"}],"version-history":[{"count":4,"href":"https:\/\/galeriamiejska.pl\/en\/wp-json\/wp\/v2\/posts\/1766\/revisions"}],"predecessor-version":[{"id":1772,"href":"https:\/\/galeriamiejska.pl\/en\/wp-json\/wp\/v2\/posts\/1766\/revisions\/1772"}],"wp:featuredmedia":[{"embeddable":true,"href":"https:\/\/galeriamiejska.pl\/en\/wp-json\/wp\/v2\/media\/1767"}],"wp:attachment":[{"href":"https:\/\/galeriamiejska.pl\/en\/wp-json\/wp\/v2\/media?parent=1766"}],"wp:term":[{"taxonomy":"category","embeddable":true,"href":"https:\/\/galeriamiejska.pl\/en\/wp-json\/wp\/v2\/categories?post=1766"},{"taxonomy":"post_tag","embeddable":true,"href":"https:\/\/galeriamiejska.pl\/en\/wp-json\/wp\/v2\/tags?post=1766"}],"curies":[{"name":"wp","href":"https:\/\/api.w.org\/{rel}","templated":true}]}}