{"id":1761,"date":"2021-01-29T14:35:24","date_gmt":"2021-01-29T14:35:24","guid":{"rendered":"http:\/\/galeriamiejska.pl\/?p=1761"},"modified":"2021-01-29T14:35:25","modified_gmt":"2021-01-29T14:35:25","slug":"","status":"publish","type":"post","link":"https:\/\/galeriamiejska.pl\/en\/locked-in-space-enslaved-in-time-2\/","title":{"rendered":"","raw":""},"content":{"rendered":"","protected":false,"raw":""},"excerpt":{"rendered":"","protected":false,"raw":""},"author":1,"featured_media":1762,"comment_status":"open","ping_status":"open","sticky":false,"template":"","format":"standard","meta":{"_pl_post_content":"<!-- wp:paragraph -->\n<p>Locked inspace\/ Enslaved in time w&nbsp; wolnym t\u0142umaczeniu oznacza Zamkni\u0119ci w&nbsp;przestrzeni\/Zniewoleni w&nbsp;czasie, nawi\u0105zuj\u0105c tym samym do prac artyst\u00f3w oraz formy ich prezentacji. Paradoksalnie tytu\u0142 wystawy odnosi si\u0119 tak\u017ce do techniki w&nbsp;jakiej arty\u015bci prezentuj\u0105 swoje prace, szeroko rozumiane nowe media oraz stale zwi\u0119kszaj\u0105ce si\u0119 mo\u017cliwo\u015bci najnowszej technikizaczynaj\u0105 przekracza\u0107 granice muzealnych sal ekspozycyjnych. Wi\u0119kszo\u015b\u0107 prac prezentowanych na wystawie wykorzystuje sztuk\u0119 szeroko rozumianych \u2018nowych medi\u00f3w\u2019: instalacje multimedialne oraz wideo-art.<br><br>Pierwsza edycja wystawy zosta\u0142a zaprezentowana w&nbsp;Instytucie Polskim w&nbsp;Sofii (Bu\u0142garia). Kolejna - Czeska ods\u0142ona ekspozycji zosta\u0142a rozbudowana, wi\u0119c do udzia\u0142u w&nbsp;niej zaproszono nie tylko Agnieszk\u0119 Ew\u0119 Braun, Mi\u0142osza Flisa i&nbsp; Barnab\u0119 Miku\u0142owskiego, ale te\u017c Luiz\u0119 Zimerman.<br><br>Agnieszka Ewa Braun na wystawie prezentuje instalacj\u0119 \"Kszta\u0142ty czasu\". Jest to pierwsza w&nbsp;Polsce instalacja multimedialna wykorzystuj\u0105ca najnowsz\u0105 technologi\u0119 druku przestrzennego 3D w&nbsp;skali rzeczywistej oraz technologi\u0119 Slow Motion.<br><br>Na wystawie mo\u017cna r\u00f3wnie\u017c zobaczy\u0107 instalacje \"Kapsu\u0142y\" autorstwa Mi\u0142osza Flisa. Artysta prezentuje a\u017c 12 r\u00f3\u017cnych obiekt\u00f3w, a&nbsp;wraz z&nbsp;nimi 12 r\u00f3\u017cnych sytuacji i&nbsp;zdarze\u0144, kt\u00f3re zosta\u0142y uwiecznione w&nbsp;pod\u015bwietlanych tubach.<br><br>Praca Barnaby Miku\u0142owskiego to interaktywna projekcja pod nazw\u0105 \"SpyBot\" prezentowana na urz\u0105dzeniu LEIA Display System. Praca przedstawia nieznany nam dot\u0105d rodzaj cyfrowego organizmu obdarzonego inteligencj\u0105.<br>Luiza Zimerman na wystawie prezentuje cykl 6 instalacji rze\u017abiarskich. Artystka przy pomocy wyobra\u017ani oraz nowych technologii tworzy nowe formy \u017cycia. Jej tw\u00f3rczo\u015b\u0107 eksponuje rozmaito\u015b\u0107 organizm\u00f3w, kt\u00f3re kreuje za pomoc\u0105 artystycznej imaginacji. Artystka chce wychodzi\u0107 w&nbsp;swoich poszukiwaniach w&nbsp;coraz bardziej z\u0142o\u017cone i&nbsp;skomplikowane techniki kola\u017cu wykorzystuj\u0105c g\u0142\u00f3wnie \u015bwiat\u0142o.<br><br>Wystawa odbywa si\u0119 w&nbsp;ramach obchod\u00f3w festiwalu PALM OFF FEST. Wernisa\u017c\"Locked in space\/ Enslaved in time\" odb\u0119dzie si\u0119 23 maja o&nbsp;godzinie 17:30 w&nbsp;Teatrze pod Palmovkou w&nbsp;Pradze.<br>Wystawa potrwa do 6 czerwca.<br><br><\/p>\n<!-- \/wp:paragraph -->","_pl_post_name":"locked-in-space-enslaved-in-time-2","_pl_post_excerpt":"Czeska ods\u0142ona wystawy z udzia\u0142em czw\u00f3rki m\u0142odych artyst\u00f3w specjalizuj\u0105cych si\u0119 w nowych mediach.","_pl_post_title":"Locked in space\/ Enslaved in time","_en_post_content":"","_en_post_name":"","_en_post_excerpt":"","_en_post_title":"","edit_language":"en","footnotes":""},"categories":[10,8],"tags":[],"class_list":["post-1761","post","type-post","status-publish","format-standard","has-post-thumbnail","hentry","category-archiwalne-wydarzenia","category-wydarzenia"],"yoast_head":"<!-- This site is optimized with the Yoast SEO plugin v16.8 - https:\/\/yoast.com\/wordpress\/plugins\/seo\/ -->\n<title>Locked in space\/ Enslaved in time - Galeria Miejska we Wroc\u0142awiu<\/title>\n<meta name=\"robots\" content=\"index, follow, max-snippet:-1, max-image-preview:large, max-video-preview:-1\" \/>\n<link rel=\"canonical\" href=\"https:\/\/galeriamiejska.pl\/en\/locked-in-space-enslaved-in-time-2\/\" \/>\n<meta property=\"og:locale\" content=\"en_US\" \/>\n<meta property=\"og:type\" content=\"article\" \/>\n<meta property=\"og:title\" content=\"Locked in space\/ Enslaved in time - Galeria Miejska we Wroc\u0142awiu\" \/>\n<meta property=\"og:description\" content=\"Czeska ods\u0142ona wystawy z udzia\u0142em czw\u00f3rki m\u0142odych artyst\u00f3w specjalizuj\u0105cych si\u0119 w nowych mediach.\" \/>\n<meta property=\"og:url\" content=\"https:\/\/galeriamiejska.pl\/en\/locked-in-space-enslaved-in-time-2\/\" \/>\n<meta property=\"og:site_name\" content=\"Galeria Miejska we Wroc\u0142awiu\" \/>\n<meta property=\"article:published_time\" content=\"2021-01-29T14:35:24+00:00\" \/>\n<meta property=\"article:modified_time\" content=\"2021-01-29T14:35:25+00:00\" \/>\n<meta property=\"og:image\" content=\"https:\/\/galeriamiejska.pl\/wp-content\/uploads\/2021\/01\/379_plakat-wystawy-locked-in-spaceenslaved-in-time.jpg\" \/>\n\t<meta property=\"og:image:width\" content=\"640\" \/>\n\t<meta property=\"og:image:height\" content=\"340\" \/>\n<meta name=\"twitter:card\" content=\"summary_large_image\" \/>\n<meta name=\"twitter:label1\" content=\"Written by\" \/>\n\t<meta name=\"twitter:data1\" content=\"admin\" \/>\n\t<meta name=\"twitter:label2\" content=\"Est. reading time\" \/>\n\t<meta name=\"twitter:data2\" content=\"2 minutes\" \/>\n<script type=\"application\/ld+json\" class=\"yoast-schema-graph\">{\"@context\":\"https:\/\/schema.org\",\"@graph\":[{\"@type\":\"WebSite\",\"@id\":\"https:\/\/galeriamiejska.pl\/en\/#website\",\"url\":\"https:\/\/galeriamiejska.pl\/en\/\",\"name\":\"Galeria Miejska we Wroc\\u0142awiu\",\"description\":\"\",\"potentialAction\":[{\"@type\":\"SearchAction\",\"target\":{\"@type\":\"EntryPoint\",\"urlTemplate\":\"https:\/\/galeriamiejska.pl\/en\/?s={search_term_string}\"},\"query-input\":\"required name=search_term_string\"}],\"inLanguage\":\"\"},{\"@type\":\"ImageObject\",\"@id\":\"https:\/\/galeriamiejska.pl\/en\/locked-in-space-enslaved-in-time-2\/#primaryimage\",\"inLanguage\":\"\",\"url\":\"https:\/\/galeriamiejska.pl\/wp-content\/uploads\/2021\/01\/379_plakat-wystawy-locked-in-spaceenslaved-in-time.jpg\",\"contentUrl\":\"https:\/\/galeriamiejska.pl\/wp-content\/uploads\/2021\/01\/379_plakat-wystawy-locked-in-spaceenslaved-in-time.jpg\",\"width\":640,\"height\":340},{\"@type\":\"WebPage\",\"@id\":\"https:\/\/galeriamiejska.pl\/en\/locked-in-space-enslaved-in-time-2\/#webpage\",\"url\":\"https:\/\/galeriamiejska.pl\/en\/locked-in-space-enslaved-in-time-2\/\",\"name\":\"Locked in space\/ Enslaved in time - Galeria Miejska we Wroc\\u0142awiu\",\"isPartOf\":{\"@id\":\"https:\/\/galeriamiejska.pl\/en\/#website\"},\"primaryImageOfPage\":{\"@id\":\"https:\/\/galeriamiejska.pl\/en\/locked-in-space-enslaved-in-time-2\/#primaryimage\"},\"datePublished\":\"2021-01-29T14:35:24+00:00\",\"dateModified\":\"2021-01-29T14:35:25+00:00\",\"author\":{\"@id\":\"https:\/\/galeriamiejska.pl\/en\/#\/schema\/person\/cd4f04b0a13c9114f95e23b489b6f9cb\"},\"breadcrumb\":{\"@id\":\"https:\/\/galeriamiejska.pl\/en\/locked-in-space-enslaved-in-time-2\/#breadcrumb\"},\"inLanguage\":\"\",\"potentialAction\":[{\"@type\":\"ReadAction\",\"target\":[\"https:\/\/galeriamiejska.pl\/en\/locked-in-space-enslaved-in-time-2\/\"]}]},{\"@type\":\"BreadcrumbList\",\"@id\":\"https:\/\/galeriamiejska.pl\/en\/locked-in-space-enslaved-in-time-2\/#breadcrumb\",\"itemListElement\":[{\"@type\":\"ListItem\",\"position\":1,\"name\":\"Strona g\\u0142\\u00f3wna\",\"item\":\"https:\/\/galeriamiejska.pl\/en\/\"},{\"@type\":\"ListItem\",\"position\":2,\"name\":\"Locked in space\/ Enslaved in time\"}]},{\"@type\":\"Person\",\"@id\":\"https:\/\/galeriamiejska.pl\/en\/#\/schema\/person\/cd4f04b0a13c9114f95e23b489b6f9cb\",\"name\":\"admin\",\"image\":{\"@type\":\"ImageObject\",\"@id\":\"https:\/\/galeriamiejska.pl\/en\/#personlogo\",\"inLanguage\":\"\",\"url\":\"https:\/\/secure.gravatar.com\/avatar\/3ded5a36984f92b80e2d99cc96780fe89cd37f7fd652108d182620efbb1566fd?s=96&d=mm&r=g\",\"contentUrl\":\"https:\/\/secure.gravatar.com\/avatar\/3ded5a36984f92b80e2d99cc96780fe89cd37f7fd652108d182620efbb1566fd?s=96&d=mm&r=g\",\"caption\":\"admin\"},\"sameAs\":[\"http:\/\/galeriamiejska.pl\"],\"url\":\"https:\/\/galeriamiejska.pl\/en\/author\/admin\/\"}]}<\/script>\n<!-- \/ Yoast SEO plugin. -->","yoast_head_json":{"title":"Locked in space\/ Enslaved in time - Galeria Miejska we Wroc\u0142awiu","robots":{"index":"index","follow":"follow","max-snippet":"max-snippet:-1","max-image-preview":"max-image-preview:large","max-video-preview":"max-video-preview:-1"},"canonical":"https:\/\/galeriamiejska.pl\/en\/locked-in-space-enslaved-in-time-2\/","og_locale":"en_US","og_type":"article","og_title":"Locked in space\/ Enslaved in time - Galeria Miejska we Wroc\u0142awiu","og_description":"Czeska ods\u0142ona wystawy z udzia\u0142em czw\u00f3rki m\u0142odych artyst\u00f3w specjalizuj\u0105cych si\u0119 w nowych mediach.","og_url":"https:\/\/galeriamiejska.pl\/en\/locked-in-space-enslaved-in-time-2\/","og_site_name":"Galeria Miejska we Wroc\u0142awiu","article_published_time":"2021-01-29T14:35:24+00:00","article_modified_time":"2021-01-29T14:35:25+00:00","og_image":[{"width":640,"height":340,"url":"https:\/\/galeriamiejska.pl\/wp-content\/uploads\/2021\/01\/379_plakat-wystawy-locked-in-spaceenslaved-in-time.jpg","path":"\/autoinstalator\/wordpress\/wp-content\/uploads\/2021\/01\/379_plakat-wystawy-locked-in-spaceenslaved-in-time.jpg","size":"full","id":1762,"alt":"","pixels":217600,"type":"image\/jpeg"}],"twitter_card":"summary_large_image","twitter_misc":{"Written by":"admin","Est. reading time":"2 minutes"},"schema":{"@context":"https:\/\/schema.org","@graph":[{"@type":"WebSite","@id":"https:\/\/galeriamiejska.pl\/en\/#website","url":"https:\/\/galeriamiejska.pl\/en\/","name":"Galeria Miejska we Wroc\u0142awiu","description":"","potentialAction":[{"@type":"SearchAction","target":{"@type":"EntryPoint","urlTemplate":"https:\/\/galeriamiejska.pl\/en\/?s={search_term_string}"},"query-input":"required name=search_term_string"}],"inLanguage":""},{"@type":"ImageObject","@id":"https:\/\/galeriamiejska.pl\/en\/locked-in-space-enslaved-in-time-2\/#primaryimage","inLanguage":"","url":"https:\/\/galeriamiejska.pl\/wp-content\/uploads\/2021\/01\/379_plakat-wystawy-locked-in-spaceenslaved-in-time.jpg","contentUrl":"https:\/\/galeriamiejska.pl\/wp-content\/uploads\/2021\/01\/379_plakat-wystawy-locked-in-spaceenslaved-in-time.jpg","width":640,"height":340},{"@type":"WebPage","@id":"https:\/\/galeriamiejska.pl\/en\/locked-in-space-enslaved-in-time-2\/#webpage","url":"https:\/\/galeriamiejska.pl\/en\/locked-in-space-enslaved-in-time-2\/","name":"Locked in space\/ Enslaved in time - Galeria Miejska we Wroc\u0142awiu","isPartOf":{"@id":"https:\/\/galeriamiejska.pl\/en\/#website"},"primaryImageOfPage":{"@id":"https:\/\/galeriamiejska.pl\/en\/locked-in-space-enslaved-in-time-2\/#primaryimage"},"datePublished":"2021-01-29T14:35:24+00:00","dateModified":"2021-01-29T14:35:25+00:00","author":{"@id":"https:\/\/galeriamiejska.pl\/en\/#\/schema\/person\/cd4f04b0a13c9114f95e23b489b6f9cb"},"breadcrumb":{"@id":"https:\/\/galeriamiejska.pl\/en\/locked-in-space-enslaved-in-time-2\/#breadcrumb"},"inLanguage":"","potentialAction":[{"@type":"ReadAction","target":["https:\/\/galeriamiejska.pl\/en\/locked-in-space-enslaved-in-time-2\/"]}]},{"@type":"BreadcrumbList","@id":"https:\/\/galeriamiejska.pl\/en\/locked-in-space-enslaved-in-time-2\/#breadcrumb","itemListElement":[{"@type":"ListItem","position":1,"name":"Strona g\u0142\u00f3wna","item":"https:\/\/galeriamiejska.pl\/en\/"},{"@type":"ListItem","position":2,"name":"Locked in space\/ Enslaved in time"}]},{"@type":"Person","@id":"https:\/\/galeriamiejska.pl\/en\/#\/schema\/person\/cd4f04b0a13c9114f95e23b489b6f9cb","name":"admin","image":{"@type":"ImageObject","@id":"https:\/\/galeriamiejska.pl\/en\/#personlogo","inLanguage":"","url":"https:\/\/secure.gravatar.com\/avatar\/3ded5a36984f92b80e2d99cc96780fe89cd37f7fd652108d182620efbb1566fd?s=96&d=mm&r=g","contentUrl":"https:\/\/secure.gravatar.com\/avatar\/3ded5a36984f92b80e2d99cc96780fe89cd37f7fd652108d182620efbb1566fd?s=96&d=mm&r=g","caption":"admin"},"sameAs":["http:\/\/galeriamiejska.pl"],"url":"https:\/\/galeriamiejska.pl\/en\/author\/admin\/"}]}},"_links":{"self":[{"href":"https:\/\/galeriamiejska.pl\/en\/wp-json\/wp\/v2\/posts\/1761","targetHints":{"allow":["GET"]}}],"collection":[{"href":"https:\/\/galeriamiejska.pl\/en\/wp-json\/wp\/v2\/posts"}],"about":[{"href":"https:\/\/galeriamiejska.pl\/en\/wp-json\/wp\/v2\/types\/post"}],"author":[{"embeddable":true,"href":"https:\/\/galeriamiejska.pl\/en\/wp-json\/wp\/v2\/users\/1"}],"replies":[{"embeddable":true,"href":"https:\/\/galeriamiejska.pl\/en\/wp-json\/wp\/v2\/comments?post=1761"}],"version-history":[{"count":3,"href":"https:\/\/galeriamiejska.pl\/en\/wp-json\/wp\/v2\/posts\/1761\/revisions"}],"predecessor-version":[{"id":1765,"href":"https:\/\/galeriamiejska.pl\/en\/wp-json\/wp\/v2\/posts\/1761\/revisions\/1765"}],"wp:featuredmedia":[{"embeddable":true,"href":"https:\/\/galeriamiejska.pl\/en\/wp-json\/wp\/v2\/media\/1762"}],"wp:attachment":[{"href":"https:\/\/galeriamiejska.pl\/en\/wp-json\/wp\/v2\/media?parent=1761"}],"wp:term":[{"taxonomy":"category","embeddable":true,"href":"https:\/\/galeriamiejska.pl\/en\/wp-json\/wp\/v2\/categories?post=1761"},{"taxonomy":"post_tag","embeddable":true,"href":"https:\/\/galeriamiejska.pl\/en\/wp-json\/wp\/v2\/tags?post=1761"}],"curies":[{"name":"wp","href":"https:\/\/api.w.org\/{rel}","templated":true}]}}