{"id":1756,"date":"2021-01-29T14:34:18","date_gmt":"2021-01-29T14:34:18","guid":{"rendered":"http:\/\/galeriamiejska.pl\/?p=1756"},"modified":"2021-01-29T14:34:20","modified_gmt":"2021-01-29T14:34:20","slug":"","status":"publish","type":"post","link":"https:\/\/galeriamiejska.pl\/en\/wspolczesny-przeglad-fotograficznych-technik-alternatywnych-i-archaicznych\/","title":{"rendered":"","raw":""},"content":{"rendered":"","protected":false,"raw":""},"excerpt":{"rendered":"","protected":false,"raw":""},"author":1,"featured_media":1757,"comment_status":"open","ping_status":"open","sticky":false,"template":"","format":"standard","meta":{"_pl_post_content":"<!-- wp:paragraph -->\n<p>Wystawa,zatytu\u0142owana <strong>\u201eWsp\u00f3\u0142czesny przegl\u0105d fotograficznych technik alternatywnych i&nbsp;archaicznych\u201d<\/strong> prezentowana jest po niewielkich zmianach ju\u017c po raz czwarty, po Warszawie (w siedzibie Sinfonia Varsovia oraz w&nbsp;Starej Galerii ZPAF) i&nbsp;Katowicach (Galeria Miasto Ogrod\u00f3w), daj\u0105c nam okazj\u0119 do obejrzenia serii unikatowych prac polskich i&nbsp;zagranicznych fotograf\u00f3w, wykonanych wg XIX-wiecznych receptur fotograficznych.<br>W\u015br\u00f3d prac, zaprezentowanych na wystawie, znajduj\u0105 si\u0119 zar\u00f3wno obrazy fotograficzne,b\u0119d\u0105ce swego rodzaju kontynuacj\u0105 dawnego nurtu, zapocz\u0105tkowanego po 1890 roku w&nbsp;sztuce fotograficznej, zwanego piktorializmem, jak te\u017c prace ukazuj\u0105ce nowatorskie podej\u015bcie ich autor\u00f3w do fotografii artystycznej.<br>Ekspozycja,opr\u00f3cz walor\u00f3w artystycznych, niew\u0105tpliwie posiada walor edukacyjno-historyczny, nawi\u0105zuj\u0105c wprost do spu\u015bcizny polskich i&nbsp;zagranicznych fotografik\u00f3w XIX i&nbsp;pocz\u0105tk\u00f3w XX wieku. Walor poznawczy pojawia si\u0119 tu w&nbsp;zakresie odkrywania na nowo oraz kontynuowania i&nbsp;zachowania dawnych,tradycyjnych metod fotograficznych. Metody te polegaj\u0105 na w\u0142asnor\u0119cznym tworzeniu przez autora unikatowych, niepowtarzalnych dzie\u0142 na granicy grafiki warsztatowej i&nbsp;fotografii.<br>Zaprezentowane prace wykonane s\u0105 w&nbsp;technikach alternatywnych w&nbsp;stosunku do powszechnych dzisiaj wydruk\u00f3w z&nbsp;drukarek atramentowych i&nbsp;ploter\u00f3w, a&nbsp;s\u0105 to mi\u0119dzy innymi takie techniki dawne,jak mokry kolodion (tzw. ambrotypia), guma dwuchromianowa, palladium, ortone,cyjanotypia, br\u0105z Vandyke, kalitypia, \u015bwiat\u0142odruk, fotograwiura, diaguma, atak\u017ce technika olejowa, bromolejowa, przet\u0142ok olejowy oraz technika litowa.<br>Otwarcie wystawy z&nbsp;udzia\u0142em jej kurator\u00f3w \u2013 <strong>\u0141ukasza Gietki<\/strong> i&nbsp;<strong>Grega Ostrowskiego<\/strong>, odb\u0119dzie si\u0119<br>w czwartek <strong>12 maja o&nbsp;godz. 18.00. <\/strong>Poprzedzone ono zostanie wyk\u0142adem <strong>(godz. 17.00)<\/strong> wyg\u0142oszonym przez znakomitego znawc\u0119 technik fotografii \u2013 <strong>mgr in\u017c. Andrzeja Pytli\u0144skiego<\/strong>. Wst\u0119p dla wszystkich zainteresowanych jest wolny. Wystawa czynna b\u0119dzie do <strong>4 czerwca 2016.<\/strong><br><br><strong>Uczestnicy wystawy:<\/strong><br>Massimo Attardi (W\u0142ochy), Martina Biccheri (W\u0142ochy), Misha Burlatsky (Rosja), Jakub Byrczek, Tomasz Dembny, Krzysztof D\u0105browski, Henrik Fauro (Niemcy), Marek Gardulski, \u0141ukasz Gietka, Milos Kral (S\u0142owacja), Roman Krawczenko (Ukraina), Piotr Kwasi\u017cur, Ewa Kutylak, Lech Lipiec, Janusz Marynowski,Roman Michalik, Aleksander Mitka, Tomasz Mo\u015bcicki, Greg Ostrowski, Robert Paw\u0142owski, Maciej Plewi\u0144ski, Konrad Pollesch, Krzysztof Pruszkowski, Andrzej Pytli\u0144ski, Janusz Sochacki, Marcin St\u0119pie\u0144, Ireneusz Szczurowski, Marcin Szwaczko, Wies\u0142aw Szymaniak, Ricky Tomar (Indie), Carina Wachsmann (Niemcy),Zbigniew Wielgosz, Andrzej Wiktor, Janusz Witkowski, Maciej Wojtak, Renata Zarzyka.<br><\/p>\n<!-- \/wp:paragraph -->","_pl_post_name":"wspolczesny-przeglad-fotograficznych-technik-alternatywnych-i-archaicznych","_pl_post_excerpt":"Wystawa unikatowych prac polskich i zagranicznych fotograf\u00f3w, wykonanych wg XIX-wiecznych receptur fotograficznych.\nWsp\u00f3\u0142czesny przegl\u0105d fotograficznych technik alternatywnych i  archaicznych","_pl_post_title":"Wsp\u00f3\u0142czesny przegl\u0105d fotograficznych technik alternatywnych i  archaicznych","_en_post_content":"","_en_post_name":"","_en_post_excerpt":"","_en_post_title":"","edit_language":"en","footnotes":""},"categories":[10,8],"tags":[],"class_list":["post-1756","post","type-post","status-publish","format-standard","has-post-thumbnail","hentry","category-archiwalne-wydarzenia","category-wydarzenia"],"yoast_head":"<!-- This site is optimized with the Yoast SEO plugin v16.8 - https:\/\/yoast.com\/wordpress\/plugins\/seo\/ -->\n<title>Wsp\u00f3\u0142czesny przegl\u0105d fotograficznych technik alternatywnych i archaicznych - Galeria Miejska we Wroc\u0142awiu<\/title>\n<meta name=\"robots\" content=\"index, follow, max-snippet:-1, max-image-preview:large, max-video-preview:-1\" \/>\n<link rel=\"canonical\" href=\"https:\/\/galeriamiejska.pl\/en\/wspolczesny-przeglad-fotograficznych-technik-alternatywnych-i-archaicznych\/\" \/>\n<meta property=\"og:locale\" content=\"en_US\" \/>\n<meta property=\"og:type\" content=\"article\" \/>\n<meta property=\"og:title\" content=\"Wsp\u00f3\u0142czesny przegl\u0105d fotograficznych technik alternatywnych i archaicznych - Galeria Miejska we Wroc\u0142awiu\" \/>\n<meta property=\"og:description\" content=\"Wystawa unikatowych prac polskich i zagranicznych fotograf\u00f3w, wykonanych wg XIX-wiecznych receptur fotograficznych. Wsp\u00f3\u0142czesny przegl\u0105d fotograficznych technik alternatywnych i archaicznych\" \/>\n<meta property=\"og:url\" content=\"https:\/\/galeriamiejska.pl\/en\/wspolczesny-przeglad-fotograficznych-technik-alternatywnych-i-archaicznych\/\" \/>\n<meta property=\"og:site_name\" content=\"Galeria Miejska we Wroc\u0142awiu\" \/>\n<meta property=\"article:published_time\" content=\"2021-01-29T14:34:18+00:00\" \/>\n<meta property=\"article:modified_time\" content=\"2021-01-29T14:34:20+00:00\" \/>\n<meta property=\"og:image\" content=\"https:\/\/galeriamiejska.pl\/wp-content\/uploads\/2021\/01\/369_1_noname.jpg\" \/>\n\t<meta property=\"og:image:width\" content=\"640\" \/>\n\t<meta property=\"og:image:height\" content=\"340\" \/>\n<meta name=\"twitter:card\" content=\"summary_large_image\" \/>\n<meta name=\"twitter:label1\" content=\"Written by\" \/>\n\t<meta name=\"twitter:data1\" content=\"admin\" \/>\n\t<meta name=\"twitter:label2\" content=\"Est. reading time\" \/>\n\t<meta name=\"twitter:data2\" content=\"2 minutes\" \/>\n<script type=\"application\/ld+json\" class=\"yoast-schema-graph\">{\"@context\":\"https:\/\/schema.org\",\"@graph\":[{\"@type\":\"WebSite\",\"@id\":\"https:\/\/galeriamiejska.pl\/en\/#website\",\"url\":\"https:\/\/galeriamiejska.pl\/en\/\",\"name\":\"Galeria Miejska we Wroc\\u0142awiu\",\"description\":\"\",\"potentialAction\":[{\"@type\":\"SearchAction\",\"target\":{\"@type\":\"EntryPoint\",\"urlTemplate\":\"https:\/\/galeriamiejska.pl\/en\/?s={search_term_string}\"},\"query-input\":\"required name=search_term_string\"}],\"inLanguage\":\"\"},{\"@type\":\"ImageObject\",\"@id\":\"https:\/\/galeriamiejska.pl\/en\/wspolczesny-przeglad-fotograficznych-technik-alternatywnych-i-archaicznych\/#primaryimage\",\"inLanguage\":\"\",\"url\":\"https:\/\/galeriamiejska.pl\/wp-content\/uploads\/2021\/01\/369_1_noname.jpg\",\"contentUrl\":\"https:\/\/galeriamiejska.pl\/wp-content\/uploads\/2021\/01\/369_1_noname.jpg\",\"width\":640,\"height\":340},{\"@type\":\"WebPage\",\"@id\":\"https:\/\/galeriamiejska.pl\/en\/wspolczesny-przeglad-fotograficznych-technik-alternatywnych-i-archaicznych\/#webpage\",\"url\":\"https:\/\/galeriamiejska.pl\/en\/wspolczesny-przeglad-fotograficznych-technik-alternatywnych-i-archaicznych\/\",\"name\":\"Wsp\\u00f3\\u0142czesny przegl\\u0105d fotograficznych technik alternatywnych i archaicznych - Galeria Miejska we Wroc\\u0142awiu\",\"isPartOf\":{\"@id\":\"https:\/\/galeriamiejska.pl\/en\/#website\"},\"primaryImageOfPage\":{\"@id\":\"https:\/\/galeriamiejska.pl\/en\/wspolczesny-przeglad-fotograficznych-technik-alternatywnych-i-archaicznych\/#primaryimage\"},\"datePublished\":\"2021-01-29T14:34:18+00:00\",\"dateModified\":\"2021-01-29T14:34:20+00:00\",\"author\":{\"@id\":\"https:\/\/galeriamiejska.pl\/en\/#\/schema\/person\/cd4f04b0a13c9114f95e23b489b6f9cb\"},\"breadcrumb\":{\"@id\":\"https:\/\/galeriamiejska.pl\/en\/wspolczesny-przeglad-fotograficznych-technik-alternatywnych-i-archaicznych\/#breadcrumb\"},\"inLanguage\":\"\",\"potentialAction\":[{\"@type\":\"ReadAction\",\"target\":[\"https:\/\/galeriamiejska.pl\/en\/wspolczesny-przeglad-fotograficznych-technik-alternatywnych-i-archaicznych\/\"]}]},{\"@type\":\"BreadcrumbList\",\"@id\":\"https:\/\/galeriamiejska.pl\/en\/wspolczesny-przeglad-fotograficznych-technik-alternatywnych-i-archaicznych\/#breadcrumb\",\"itemListElement\":[{\"@type\":\"ListItem\",\"position\":1,\"name\":\"Strona g\\u0142\\u00f3wna\",\"item\":\"https:\/\/galeriamiejska.pl\/en\/\"},{\"@type\":\"ListItem\",\"position\":2,\"name\":\"Wsp\\u00f3\\u0142czesny przegl\\u0105d fotograficznych technik alternatywnych i archaicznych\"}]},{\"@type\":\"Person\",\"@id\":\"https:\/\/galeriamiejska.pl\/en\/#\/schema\/person\/cd4f04b0a13c9114f95e23b489b6f9cb\",\"name\":\"admin\",\"image\":{\"@type\":\"ImageObject\",\"@id\":\"https:\/\/galeriamiejska.pl\/en\/#personlogo\",\"inLanguage\":\"\",\"url\":\"https:\/\/secure.gravatar.com\/avatar\/3ded5a36984f92b80e2d99cc96780fe89cd37f7fd652108d182620efbb1566fd?s=96&d=mm&r=g\",\"contentUrl\":\"https:\/\/secure.gravatar.com\/avatar\/3ded5a36984f92b80e2d99cc96780fe89cd37f7fd652108d182620efbb1566fd?s=96&d=mm&r=g\",\"caption\":\"admin\"},\"sameAs\":[\"http:\/\/galeriamiejska.pl\"],\"url\":\"https:\/\/galeriamiejska.pl\/en\/author\/admin\/\"}]}<\/script>\n<!-- \/ Yoast SEO plugin. -->","yoast_head_json":{"title":"Wsp\u00f3\u0142czesny przegl\u0105d fotograficznych technik alternatywnych i archaicznych - Galeria Miejska we Wroc\u0142awiu","robots":{"index":"index","follow":"follow","max-snippet":"max-snippet:-1","max-image-preview":"max-image-preview:large","max-video-preview":"max-video-preview:-1"},"canonical":"https:\/\/galeriamiejska.pl\/en\/wspolczesny-przeglad-fotograficznych-technik-alternatywnych-i-archaicznych\/","og_locale":"en_US","og_type":"article","og_title":"Wsp\u00f3\u0142czesny przegl\u0105d fotograficznych technik alternatywnych i archaicznych - Galeria Miejska we Wroc\u0142awiu","og_description":"Wystawa unikatowych prac polskich i zagranicznych fotograf\u00f3w, wykonanych wg XIX-wiecznych receptur fotograficznych. Wsp\u00f3\u0142czesny przegl\u0105d fotograficznych technik alternatywnych i archaicznych","og_url":"https:\/\/galeriamiejska.pl\/en\/wspolczesny-przeglad-fotograficznych-technik-alternatywnych-i-archaicznych\/","og_site_name":"Galeria Miejska we Wroc\u0142awiu","article_published_time":"2021-01-29T14:34:18+00:00","article_modified_time":"2021-01-29T14:34:20+00:00","og_image":[{"width":640,"height":340,"url":"https:\/\/galeriamiejska.pl\/wp-content\/uploads\/2021\/01\/369_1_noname.jpg","path":"\/autoinstalator\/wordpress\/wp-content\/uploads\/2021\/01\/369_1_noname.jpg","size":"full","id":1757,"alt":"","pixels":217600,"type":"image\/jpeg"}],"twitter_card":"summary_large_image","twitter_misc":{"Written by":"admin","Est. reading time":"2 minutes"},"schema":{"@context":"https:\/\/schema.org","@graph":[{"@type":"WebSite","@id":"https:\/\/galeriamiejska.pl\/en\/#website","url":"https:\/\/galeriamiejska.pl\/en\/","name":"Galeria Miejska we Wroc\u0142awiu","description":"","potentialAction":[{"@type":"SearchAction","target":{"@type":"EntryPoint","urlTemplate":"https:\/\/galeriamiejska.pl\/en\/?s={search_term_string}"},"query-input":"required name=search_term_string"}],"inLanguage":""},{"@type":"ImageObject","@id":"https:\/\/galeriamiejska.pl\/en\/wspolczesny-przeglad-fotograficznych-technik-alternatywnych-i-archaicznych\/#primaryimage","inLanguage":"","url":"https:\/\/galeriamiejska.pl\/wp-content\/uploads\/2021\/01\/369_1_noname.jpg","contentUrl":"https:\/\/galeriamiejska.pl\/wp-content\/uploads\/2021\/01\/369_1_noname.jpg","width":640,"height":340},{"@type":"WebPage","@id":"https:\/\/galeriamiejska.pl\/en\/wspolczesny-przeglad-fotograficznych-technik-alternatywnych-i-archaicznych\/#webpage","url":"https:\/\/galeriamiejska.pl\/en\/wspolczesny-przeglad-fotograficznych-technik-alternatywnych-i-archaicznych\/","name":"Wsp\u00f3\u0142czesny przegl\u0105d fotograficznych technik alternatywnych i archaicznych - Galeria Miejska we Wroc\u0142awiu","isPartOf":{"@id":"https:\/\/galeriamiejska.pl\/en\/#website"},"primaryImageOfPage":{"@id":"https:\/\/galeriamiejska.pl\/en\/wspolczesny-przeglad-fotograficznych-technik-alternatywnych-i-archaicznych\/#primaryimage"},"datePublished":"2021-01-29T14:34:18+00:00","dateModified":"2021-01-29T14:34:20+00:00","author":{"@id":"https:\/\/galeriamiejska.pl\/en\/#\/schema\/person\/cd4f04b0a13c9114f95e23b489b6f9cb"},"breadcrumb":{"@id":"https:\/\/galeriamiejska.pl\/en\/wspolczesny-przeglad-fotograficznych-technik-alternatywnych-i-archaicznych\/#breadcrumb"},"inLanguage":"","potentialAction":[{"@type":"ReadAction","target":["https:\/\/galeriamiejska.pl\/en\/wspolczesny-przeglad-fotograficznych-technik-alternatywnych-i-archaicznych\/"]}]},{"@type":"BreadcrumbList","@id":"https:\/\/galeriamiejska.pl\/en\/wspolczesny-przeglad-fotograficznych-technik-alternatywnych-i-archaicznych\/#breadcrumb","itemListElement":[{"@type":"ListItem","position":1,"name":"Strona g\u0142\u00f3wna","item":"https:\/\/galeriamiejska.pl\/en\/"},{"@type":"ListItem","position":2,"name":"Wsp\u00f3\u0142czesny przegl\u0105d fotograficznych technik alternatywnych i archaicznych"}]},{"@type":"Person","@id":"https:\/\/galeriamiejska.pl\/en\/#\/schema\/person\/cd4f04b0a13c9114f95e23b489b6f9cb","name":"admin","image":{"@type":"ImageObject","@id":"https:\/\/galeriamiejska.pl\/en\/#personlogo","inLanguage":"","url":"https:\/\/secure.gravatar.com\/avatar\/3ded5a36984f92b80e2d99cc96780fe89cd37f7fd652108d182620efbb1566fd?s=96&d=mm&r=g","contentUrl":"https:\/\/secure.gravatar.com\/avatar\/3ded5a36984f92b80e2d99cc96780fe89cd37f7fd652108d182620efbb1566fd?s=96&d=mm&r=g","caption":"admin"},"sameAs":["http:\/\/galeriamiejska.pl"],"url":"https:\/\/galeriamiejska.pl\/en\/author\/admin\/"}]}},"_links":{"self":[{"href":"https:\/\/galeriamiejska.pl\/en\/wp-json\/wp\/v2\/posts\/1756","targetHints":{"allow":["GET"]}}],"collection":[{"href":"https:\/\/galeriamiejska.pl\/en\/wp-json\/wp\/v2\/posts"}],"about":[{"href":"https:\/\/galeriamiejska.pl\/en\/wp-json\/wp\/v2\/types\/post"}],"author":[{"embeddable":true,"href":"https:\/\/galeriamiejska.pl\/en\/wp-json\/wp\/v2\/users\/1"}],"replies":[{"embeddable":true,"href":"https:\/\/galeriamiejska.pl\/en\/wp-json\/wp\/v2\/comments?post=1756"}],"version-history":[{"count":3,"href":"https:\/\/galeriamiejska.pl\/en\/wp-json\/wp\/v2\/posts\/1756\/revisions"}],"predecessor-version":[{"id":1760,"href":"https:\/\/galeriamiejska.pl\/en\/wp-json\/wp\/v2\/posts\/1756\/revisions\/1760"}],"wp:featuredmedia":[{"embeddable":true,"href":"https:\/\/galeriamiejska.pl\/en\/wp-json\/wp\/v2\/media\/1757"}],"wp:attachment":[{"href":"https:\/\/galeriamiejska.pl\/en\/wp-json\/wp\/v2\/media?parent=1756"}],"wp:term":[{"taxonomy":"category","embeddable":true,"href":"https:\/\/galeriamiejska.pl\/en\/wp-json\/wp\/v2\/categories?post=1756"},{"taxonomy":"post_tag","embeddable":true,"href":"https:\/\/galeriamiejska.pl\/en\/wp-json\/wp\/v2\/tags?post=1756"}],"curies":[{"name":"wp","href":"https:\/\/api.w.org\/{rel}","templated":true}]}}