{"id":1711,"date":"2021-01-29T14:22:39","date_gmt":"2021-01-29T14:22:39","guid":{"rendered":"http:\/\/galeriamiejska.pl\/?p=1711"},"modified":"2021-12-07T10:02:32","modified_gmt":"2021-12-07T10:02:32","slug":"","status":"publish","type":"post","link":"https:\/\/galeriamiejska.pl\/en\/wyniki-rekrutacji-na-biennale-jeune-creation-europeenne\/","title":{"rendered":"","raw":""},"content":{"rendered":"","protected":false,"raw":""},"excerpt":{"rendered":"","protected":false,"raw":""},"author":1,"featured_media":1713,"comment_status":"open","ping_status":"open","sticky":false,"template":"","format":"standard","meta":{"_pl_post_content":"<!-- wp:paragraph -->\n<p><strong>Mi<\/strong><strong>\u0142osz Flis, Micha<\/strong><strong>\u0142 Frydrych, Marcelina Gro<\/strong><strong>\u0144, Kornel Janczy, Berenika Kowalska, Izabela <\/strong><strong>\u0141\u0119ska,Tomasz Poznysz i&nbsp;Magdalena Sawicka zostali zaproszeni do udzia<\/strong><strong>\u0142u w&nbsp;biennale, kt<\/strong><strong>\u00f3re odb<\/strong><strong>\u0119dzie si<\/strong><strong>\u0119 we Francji, Holandii, Danii,Polsce, na <\/strong><strong>\u0141otwie,we W<\/strong><strong>\u0142oszech, w&nbsp;Hiszpanii i&nbsp;Portugalii.<\/strong> Biennale Jeune Cr\u00e9ation Europ\u00e9enne przedstawia najnowsze tendencje aktualnej sztuki europejskiej w&nbsp;obr\u0119bie r\u00f3\u017cnych medi\u00f3w: malarstwa,rysunku, fotografii, obiekt\u00f3w,instalacji czy wideo. Kluczem doboru artyst\u00f3w do polskiej ekspozycji by\u0142a oryginalno\u015b\u0107 prac, \u015bwie\u017co\u015b\u0107 spojrzenia, intensywno\u015b\u0107 przekazu a&nbsp;tak\u017ce ch\u0119\u0107 ukazania nurt\u00f3w i&nbsp;koncepcji istotnych dla polskiej sztuki aktualnej. Wystawa skupi si\u0119 na przekroju postaw charakteryzuj\u0105cych pokolenie artyst\u00f3w do 35. roku \u017cycia,dotycz\u0105cych zar\u00f3wno zagadnie\u0144 formalnych jak i&nbsp;konceptualnych.<br><br>Biennale zostanie otwarte 14 pa\u017adziernika w&nbsp;centrum sztuki Beffroi w&nbsp;podparyskim Montrouge. Przez kolejne dwa lata wystawa pojedzie do o\u015bmiu kraj\u00f3w, w&nbsp;tym do Polski, gdzie b\u0119dzie go\u015bci\u0107 we Wroc\u0142awiu w&nbsp;czerwcu i&nbsp;lipcu 2016 roku w&nbsp;ramach wydarze\u0144 Europejskiej Stolicy Kultury.Poza Wroc\u0142awiem i&nbsp;Montrouge ekspozycja pojawi si\u0119 w&nbsp;Danii (Hjoerring), na \u0141otwie (Cesis), we W\u0142oszech (Como), Hiszpanii (Figueres) i&nbsp;Portugalii (Amarante).<br><br>Jeune Cr\u00e9ation Europ\u00e9enne jest unikatowym projektem artystycznym na skal\u0119 europejsk\u0105. Za\u0142o\u017ceniem i&nbsp;g\u0142\u00f3wn\u0105 ide\u0105 biennale jest cyrkulacja artystyczna - formu\u0142a wystawy podr\u00f3\u017cnej,przemieszczaj\u0105cej si\u0119 mi\u0119dzy krajami uczestnicz\u0105cymi w&nbsp;wydarzeniu, kt\u00f3ra pozwala na promocj\u0119 artyst\u00f3w zar\u00f3wno w&nbsp;\u015brodowiskach artystycznych jak w\u015br\u00f3d bardzo szerokiej publiczno\u015bci odwiedzaj\u0105cej biennale w&nbsp;ka\u017cdym z&nbsp;kraj\u00f3w. JCE to projekt organizowany od 2000 roku przez przylegaj\u0105ce bezpo\u015brednio do Pary\u017ca miasto Montrouge i&nbsp;prezentowany dalej w&nbsp;Europie dzi\u0119ki wsp\u00f3\u0142pracy z&nbsp;miastami uczestnicz\u0105cymi w&nbsp;przedsi\u0119wzi\u0119ciu.<br><br><br><br><strong>Kontakt i&nbsp;dodatkowe informacje:<\/strong>Ewa Su\u0142ek<br>Kurator JCE<br>Galeria Miejska we Wroc\u0142awiu<br><a href=\"mailto:ewa.sulek@galeriamiejska.pl\">ewa.sulek@galeriamiejska.pl<\/a><br><br><br><br><br><\/p>\n<!-- \/wp:paragraph -->","_pl_post_name":"wyniki-rekrutacji-na-biennale-jeune-creation-europeenne","_pl_post_excerpt":"O\u015bmiu artyst\u00f3w b\u0119dzie reprezentowa\u0107 Polsk\u0119 podczas mi\u0119dzynarodowego biennale Jeune Cr\u00e9ation Europ\u00e9enne.","_pl_post_title":"Wyniki rekrutacji na Biennale Jeune Creation Europeenne","_en_post_content":"","_en_post_name":"","_en_post_excerpt":"","_en_post_title":"","edit_language":"en","footnotes":""},"categories":[10,8],"tags":[],"class_list":["post-1711","post","type-post","status-publish","format-standard","has-post-thumbnail","hentry","category-archiwalne-wydarzenia","category-wydarzenia"],"yoast_head":"<!-- This site is optimized with the Yoast SEO plugin v16.8 - https:\/\/yoast.com\/wordpress\/plugins\/seo\/ -->\n<title>Wyniki rekrutacji na Biennale Jeune Creation Europeenne - Galeria Miejska we Wroc\u0142awiu<\/title>\n<meta name=\"robots\" content=\"index, follow, max-snippet:-1, max-image-preview:large, max-video-preview:-1\" \/>\n<link rel=\"canonical\" href=\"https:\/\/galeriamiejska.pl\/en\/wyniki-rekrutacji-na-biennale-jeune-creation-europeenne\/\" \/>\n<meta property=\"og:locale\" content=\"en_US\" \/>\n<meta property=\"og:type\" content=\"article\" \/>\n<meta property=\"og:title\" content=\"Wyniki rekrutacji na Biennale Jeune Creation Europeenne - Galeria Miejska we Wroc\u0142awiu\" \/>\n<meta property=\"og:description\" content=\"O\u015bmiu artyst\u00f3w b\u0119dzie reprezentowa\u0107 Polsk\u0119 podczas mi\u0119dzynarodowego biennale Jeune Cr\u00e9ation Europ\u00e9enne.\" \/>\n<meta property=\"og:url\" content=\"https:\/\/galeriamiejska.pl\/en\/wyniki-rekrutacji-na-biennale-jeune-creation-europeenne\/\" \/>\n<meta property=\"og:site_name\" content=\"Galeria Miejska we Wroc\u0142awiu\" \/>\n<meta property=\"article:published_time\" content=\"2021-01-29T14:22:39+00:00\" \/>\n<meta property=\"article:modified_time\" content=\"2021-12-07T10:02:32+00:00\" \/>\n<meta property=\"og:image\" content=\"https:\/\/galeriamiejska.pl\/wp-content\/uploads\/2021\/01\/305_noname.jpg\" \/>\n\t<meta property=\"og:image:width\" content=\"640\" \/>\n\t<meta property=\"og:image:height\" content=\"340\" \/>\n<meta name=\"twitter:card\" content=\"summary_large_image\" \/>\n<meta name=\"twitter:label1\" content=\"Written by\" \/>\n\t<meta name=\"twitter:data1\" content=\"admin\" \/>\n\t<meta name=\"twitter:label2\" content=\"Est. reading time\" \/>\n\t<meta name=\"twitter:data2\" content=\"1 minute\" \/>\n<script type=\"application\/ld+json\" class=\"yoast-schema-graph\">{\"@context\":\"https:\/\/schema.org\",\"@graph\":[{\"@type\":\"WebSite\",\"@id\":\"https:\/\/galeriamiejska.pl\/en\/#website\",\"url\":\"https:\/\/galeriamiejska.pl\/en\/\",\"name\":\"Galeria Miejska we Wroc\\u0142awiu\",\"description\":\"\",\"potentialAction\":[{\"@type\":\"SearchAction\",\"target\":{\"@type\":\"EntryPoint\",\"urlTemplate\":\"https:\/\/galeriamiejska.pl\/en\/?s={search_term_string}\"},\"query-input\":\"required name=search_term_string\"}],\"inLanguage\":\"\"},{\"@type\":\"ImageObject\",\"@id\":\"https:\/\/galeriamiejska.pl\/en\/wyniki-rekrutacji-na-biennale-jeune-creation-europeenne\/#primaryimage\",\"inLanguage\":\"\",\"url\":\"https:\/\/galeriamiejska.pl\/wp-content\/uploads\/2021\/01\/305_noname.jpg\",\"contentUrl\":\"https:\/\/galeriamiejska.pl\/wp-content\/uploads\/2021\/01\/305_noname.jpg\",\"width\":640,\"height\":340},{\"@type\":\"WebPage\",\"@id\":\"https:\/\/galeriamiejska.pl\/en\/wyniki-rekrutacji-na-biennale-jeune-creation-europeenne\/#webpage\",\"url\":\"https:\/\/galeriamiejska.pl\/en\/wyniki-rekrutacji-na-biennale-jeune-creation-europeenne\/\",\"name\":\"Wyniki rekrutacji na Biennale Jeune Creation Europeenne - Galeria Miejska we Wroc\\u0142awiu\",\"isPartOf\":{\"@id\":\"https:\/\/galeriamiejska.pl\/en\/#website\"},\"primaryImageOfPage\":{\"@id\":\"https:\/\/galeriamiejska.pl\/en\/wyniki-rekrutacji-na-biennale-jeune-creation-europeenne\/#primaryimage\"},\"datePublished\":\"2021-01-29T14:22:39+00:00\",\"dateModified\":\"2021-12-07T10:02:32+00:00\",\"author\":{\"@id\":\"https:\/\/galeriamiejska.pl\/en\/#\/schema\/person\/cd4f04b0a13c9114f95e23b489b6f9cb\"},\"breadcrumb\":{\"@id\":\"https:\/\/galeriamiejska.pl\/en\/wyniki-rekrutacji-na-biennale-jeune-creation-europeenne\/#breadcrumb\"},\"inLanguage\":\"\",\"potentialAction\":[{\"@type\":\"ReadAction\",\"target\":[\"https:\/\/galeriamiejska.pl\/en\/wyniki-rekrutacji-na-biennale-jeune-creation-europeenne\/\"]}]},{\"@type\":\"BreadcrumbList\",\"@id\":\"https:\/\/galeriamiejska.pl\/en\/wyniki-rekrutacji-na-biennale-jeune-creation-europeenne\/#breadcrumb\",\"itemListElement\":[{\"@type\":\"ListItem\",\"position\":1,\"name\":\"Strona g\\u0142\\u00f3wna\",\"item\":\"https:\/\/galeriamiejska.pl\/en\/\"},{\"@type\":\"ListItem\",\"position\":2,\"name\":\"Wyniki rekrutacji na Biennale Jeune Creation Europeenne\"}]},{\"@type\":\"Person\",\"@id\":\"https:\/\/galeriamiejska.pl\/en\/#\/schema\/person\/cd4f04b0a13c9114f95e23b489b6f9cb\",\"name\":\"admin\",\"image\":{\"@type\":\"ImageObject\",\"@id\":\"https:\/\/galeriamiejska.pl\/en\/#personlogo\",\"inLanguage\":\"\",\"url\":\"https:\/\/secure.gravatar.com\/avatar\/3ded5a36984f92b80e2d99cc96780fe89cd37f7fd652108d182620efbb1566fd?s=96&d=mm&r=g\",\"contentUrl\":\"https:\/\/secure.gravatar.com\/avatar\/3ded5a36984f92b80e2d99cc96780fe89cd37f7fd652108d182620efbb1566fd?s=96&d=mm&r=g\",\"caption\":\"admin\"},\"sameAs\":[\"http:\/\/galeriamiejska.pl\"],\"url\":\"https:\/\/galeriamiejska.pl\/en\/author\/admin\/\"}]}<\/script>\n<!-- \/ Yoast SEO plugin. -->","yoast_head_json":{"title":"Wyniki rekrutacji na Biennale Jeune Creation Europeenne - Galeria Miejska we Wroc\u0142awiu","robots":{"index":"index","follow":"follow","max-snippet":"max-snippet:-1","max-image-preview":"max-image-preview:large","max-video-preview":"max-video-preview:-1"},"canonical":"https:\/\/galeriamiejska.pl\/en\/wyniki-rekrutacji-na-biennale-jeune-creation-europeenne\/","og_locale":"en_US","og_type":"article","og_title":"Wyniki rekrutacji na Biennale Jeune Creation Europeenne - Galeria Miejska we Wroc\u0142awiu","og_description":"O\u015bmiu artyst\u00f3w b\u0119dzie reprezentowa\u0107 Polsk\u0119 podczas mi\u0119dzynarodowego biennale Jeune Cr\u00e9ation Europ\u00e9enne.","og_url":"https:\/\/galeriamiejska.pl\/en\/wyniki-rekrutacji-na-biennale-jeune-creation-europeenne\/","og_site_name":"Galeria Miejska we Wroc\u0142awiu","article_published_time":"2021-01-29T14:22:39+00:00","article_modified_time":"2021-12-07T10:02:32+00:00","og_image":[{"width":640,"height":340,"url":"https:\/\/galeriamiejska.pl\/wp-content\/uploads\/2021\/01\/305_noname.jpg","path":"\/autoinstalator\/wordpress\/wp-content\/uploads\/2021\/01\/305_noname.jpg","size":"full","id":1713,"alt":"","pixels":217600,"type":"image\/jpeg"}],"twitter_card":"summary_large_image","twitter_misc":{"Written by":"admin","Est. reading time":"1 minute"},"schema":{"@context":"https:\/\/schema.org","@graph":[{"@type":"WebSite","@id":"https:\/\/galeriamiejska.pl\/en\/#website","url":"https:\/\/galeriamiejska.pl\/en\/","name":"Galeria Miejska we Wroc\u0142awiu","description":"","potentialAction":[{"@type":"SearchAction","target":{"@type":"EntryPoint","urlTemplate":"https:\/\/galeriamiejska.pl\/en\/?s={search_term_string}"},"query-input":"required name=search_term_string"}],"inLanguage":""},{"@type":"ImageObject","@id":"https:\/\/galeriamiejska.pl\/en\/wyniki-rekrutacji-na-biennale-jeune-creation-europeenne\/#primaryimage","inLanguage":"","url":"https:\/\/galeriamiejska.pl\/wp-content\/uploads\/2021\/01\/305_noname.jpg","contentUrl":"https:\/\/galeriamiejska.pl\/wp-content\/uploads\/2021\/01\/305_noname.jpg","width":640,"height":340},{"@type":"WebPage","@id":"https:\/\/galeriamiejska.pl\/en\/wyniki-rekrutacji-na-biennale-jeune-creation-europeenne\/#webpage","url":"https:\/\/galeriamiejska.pl\/en\/wyniki-rekrutacji-na-biennale-jeune-creation-europeenne\/","name":"Wyniki rekrutacji na Biennale Jeune Creation Europeenne - Galeria Miejska we Wroc\u0142awiu","isPartOf":{"@id":"https:\/\/galeriamiejska.pl\/en\/#website"},"primaryImageOfPage":{"@id":"https:\/\/galeriamiejska.pl\/en\/wyniki-rekrutacji-na-biennale-jeune-creation-europeenne\/#primaryimage"},"datePublished":"2021-01-29T14:22:39+00:00","dateModified":"2021-12-07T10:02:32+00:00","author":{"@id":"https:\/\/galeriamiejska.pl\/en\/#\/schema\/person\/cd4f04b0a13c9114f95e23b489b6f9cb"},"breadcrumb":{"@id":"https:\/\/galeriamiejska.pl\/en\/wyniki-rekrutacji-na-biennale-jeune-creation-europeenne\/#breadcrumb"},"inLanguage":"","potentialAction":[{"@type":"ReadAction","target":["https:\/\/galeriamiejska.pl\/en\/wyniki-rekrutacji-na-biennale-jeune-creation-europeenne\/"]}]},{"@type":"BreadcrumbList","@id":"https:\/\/galeriamiejska.pl\/en\/wyniki-rekrutacji-na-biennale-jeune-creation-europeenne\/#breadcrumb","itemListElement":[{"@type":"ListItem","position":1,"name":"Strona g\u0142\u00f3wna","item":"https:\/\/galeriamiejska.pl\/en\/"},{"@type":"ListItem","position":2,"name":"Wyniki rekrutacji na Biennale Jeune Creation Europeenne"}]},{"@type":"Person","@id":"https:\/\/galeriamiejska.pl\/en\/#\/schema\/person\/cd4f04b0a13c9114f95e23b489b6f9cb","name":"admin","image":{"@type":"ImageObject","@id":"https:\/\/galeriamiejska.pl\/en\/#personlogo","inLanguage":"","url":"https:\/\/secure.gravatar.com\/avatar\/3ded5a36984f92b80e2d99cc96780fe89cd37f7fd652108d182620efbb1566fd?s=96&d=mm&r=g","contentUrl":"https:\/\/secure.gravatar.com\/avatar\/3ded5a36984f92b80e2d99cc96780fe89cd37f7fd652108d182620efbb1566fd?s=96&d=mm&r=g","caption":"admin"},"sameAs":["http:\/\/galeriamiejska.pl"],"url":"https:\/\/galeriamiejska.pl\/en\/author\/admin\/"}]}},"_links":{"self":[{"href":"https:\/\/galeriamiejska.pl\/en\/wp-json\/wp\/v2\/posts\/1711","targetHints":{"allow":["GET"]}}],"collection":[{"href":"https:\/\/galeriamiejska.pl\/en\/wp-json\/wp\/v2\/posts"}],"about":[{"href":"https:\/\/galeriamiejska.pl\/en\/wp-json\/wp\/v2\/types\/post"}],"author":[{"embeddable":true,"href":"https:\/\/galeriamiejska.pl\/en\/wp-json\/wp\/v2\/users\/1"}],"replies":[{"embeddable":true,"href":"https:\/\/galeriamiejska.pl\/en\/wp-json\/wp\/v2\/comments?post=1711"}],"version-history":[{"count":2,"href":"https:\/\/galeriamiejska.pl\/en\/wp-json\/wp\/v2\/posts\/1711\/revisions"}],"predecessor-version":[{"id":4680,"href":"https:\/\/galeriamiejska.pl\/en\/wp-json\/wp\/v2\/posts\/1711\/revisions\/4680"}],"wp:featuredmedia":[{"embeddable":true,"href":"https:\/\/galeriamiejska.pl\/en\/wp-json\/wp\/v2\/media\/1713"}],"wp:attachment":[{"href":"https:\/\/galeriamiejska.pl\/en\/wp-json\/wp\/v2\/media?parent=1711"}],"wp:term":[{"taxonomy":"category","embeddable":true,"href":"https:\/\/galeriamiejska.pl\/en\/wp-json\/wp\/v2\/categories?post=1711"},{"taxonomy":"post_tag","embeddable":true,"href":"https:\/\/galeriamiejska.pl\/en\/wp-json\/wp\/v2\/tags?post=1711"}],"curies":[{"name":"wp","href":"https:\/\/api.w.org\/{rel}","templated":true}]}}